{"id":6630,"date":"2024-09-27T15:24:10","date_gmt":"2024-09-27T18:24:10","guid":{"rendered":"https:\/\/universofamilia.com\/?p=6630"},"modified":"2024-09-27T15:24:10","modified_gmt":"2024-09-27T18:24:10","slug":"te-para-combatir-insomnio-ansiedad","status":"publish","type":"post","link":"https:\/\/universofamilia.com\/pl\/te-para-combatir-insomnio-ansiedad\/","title":{"rendered":"Herbata na bezsenno\u015b\u0107 i l\u0119k"},"content":{"rendered":"<p>Bezsenno\u015b\u0107 i l\u0119k to problemy, kt\u00f3re dotykaj\u0105 milion\u00f3w ludzi na ca\u0142ym \u015bwiecie.<\/p>\n\n\n\n<p>Si\u0119gni\u0119cie po naturalne rozwi\u0105zania, takie jak herbaty, mo\u017ce okaza\u0107 si\u0119 \u015bwietnym sposobem na popraw\u0119 jako\u015bci snu i skuteczn\u0105 redukcj\u0119 stresu bez skutk\u00f3w ubocznych.<\/p>\n\n\n\n<p>W tym artykule przyjrzymy si\u0119 zaletom herbat w walce z bezsenno\u015bci\u0105 i l\u0119kiem, a tak\u017ce zapoznamy si\u0119 z ich zastosowaniem <em>Spok\u00f3j<\/em>, przydatne narz\u0119dzie do relaksu.<\/p>\n\n\n\n<p>Podzielimy si\u0119 r\u00f3wnie\u017c przepisami na \u0142atwe do przygotowania herbaty, kt\u00f3re pomog\u0105 Ci lepiej wypocz\u0105\u0107. \ud83c\udf75\ud83d\udca4<\/p>\n\n\n\n<p><\/p>\n\n\n\n<hr class=\"wp-block-separator has-text-color has-luminous-vivid-orange-color has-alpha-channel-opacity has-luminous-vivid-orange-background-color has-background\"\/>\n\n\n\n<h2 class=\"wp-block-heading\">Przeczytaj tak\u017ce:<\/h2>\n\n\n\n<div class=\"wp-block-columns is-layout-flex wp-container-core-columns-layout-1 wp-block-columns-is-layout-flex\">\n<div class=\"wp-block-column is-layout-flow wp-block-column-is-layout-flow\">\n<div class=\"wp-block-buttons is-layout-flex wp-block-buttons-is-layout-flex\">\n<div class=\"wp-block-button has-custom-width wp-block-button__width-100 is-style-outline\" style=\"text-decoration:none\"><a class=\"wp-block-button__link has-white-color has-vivid-cyan-blue-background-color has-text-color has-background has-link-color has-text-align-left wp-element-button\" href=\"https:\/\/universofamilia.com\/pl\/5893\/acelera-tu-celular-despierta-tu-productividad\/\" style=\"border-radius:10px\"><font style=\"vertical-align: inherit;\"><font style=\"vertical-align: inherit;\">\ud83d\udccc Przyspiesz sw\u00f3j telefon kom\u00f3rkowy<\/font><\/font> &gt;<\/a><\/div>\n\n\n\n<div class=\"wp-block-button has-custom-width wp-block-button__width-100 is-style-outline\" style=\"text-decoration:none\"><a class=\"wp-block-button__link has-white-color has-vivid-cyan-blue-background-color has-text-color has-background has-link-color has-text-align-left wp-element-button\" href=\"https:\/\/universofamilia.com\/pl\/5869\/descubre-quien-te-esta-observando-en-las-redes-sociales\/\" style=\"border-radius:10px\">\ud83d\udccc Kto odwiedzi\u0142 Tw\u00f3j profil<\/a><\/div>\n\n\n\n<div class=\"wp-block-button has-custom-width wp-block-button__width-100 is-style-outline\" style=\"text-decoration:none\"><a class=\"wp-block-button__link has-white-color has-vivid-cyan-blue-background-color has-text-color has-background has-link-color has-text-align-left wp-element-button\" href=\"https:\/\/universofamilia.com\/pl\/6414\/aplicaciones-para-limpiar-el-celular-y-aumentar-espacio\/\" style=\"border-radius:10px\">\ud83d\udcbe Aplikacje zwi\u0119kszaj\u0105ce przestrze\u0144<\/a><\/div>\n\n\n\n<div class=\"wp-block-button has-custom-width wp-block-button__width-100 is-style-outline\" style=\"text-decoration:none\"><a class=\"wp-block-button__link has-white-color has-vivid-cyan-blue-background-color has-text-color has-background has-link-color has-text-align-left wp-element-button\" href=\"https:\/\/universofamilia.com\/pl\/6568\/aprende-mecanica-automotriz-aplicacion\/\" style=\"border-radius:10px\">\ud83d\udccc Naucz si\u0119 mechaniki samochodowej za pomoc\u0105 aplikacji<\/a><\/div>\n<\/div>\n<\/div>\n<\/div>\n\n\n\n<hr class=\"wp-block-separator has-text-color has-luminous-vivid-orange-color has-alpha-channel-opacity has-luminous-vivid-orange-background-color has-background\"\/>\n\n\n\n<p><\/p>\n\n\n\n<h2 class=\"wp-block-heading\">Korzy\u015bci z picia herbat w przypadku bezsenno\u015bci i l\u0119ku<\/h2>\n\n\n\n<p>Herbaty zio\u0142owe znane s\u0105 ze swoich w\u0142a\u015bciwo\u015bci uspokajaj\u0105cych i relaksuj\u0105cych.<\/p>\n\n\n\n<p>Stanowi\u0105 niedrog\u0105 i bezpieczn\u0105 opcj\u0119 dla os\u00f3b, kt\u00f3re chc\u0105 uwolni\u0107 si\u0119 od codziennego stresu i poprawi\u0107 jako\u015b\u0107 swojego snu.<\/p>\n\n\n\n<p>Ro\u015bliny u\u017cyte w tych herbatach zawieraj\u0105 naturalne zwi\u0105zki, kt\u00f3re pomagaj\u0105 uspokoi\u0107 uk\u0142ad nerwowy, rozlu\u017ani\u0107 mi\u0119\u015bnie i zmniejszy\u0107 napi\u0119cie psychiczne.<\/p>\n\n\n<div class=\"wp-block-image\">\n<figure class=\"aligncenter size-full\"><img loading=\"lazy\" decoding=\"async\" width=\"550\" height=\"350\" src=\"http:\/\/universofamilia.com\/wp-content\/uploads\/sites\/148\/2024\/09\/P-550x350-3-12.jpg\" alt=\"\" class=\"wp-image-6632\" srcset=\"https:\/\/universofamilia.com\/wp-content\/uploads\/sites\/148\/2024\/09\/P-550x350-3-12.jpg 550w, https:\/\/universofamilia.com\/wp-content\/uploads\/sites\/148\/2024\/09\/P-550x350-3-12-300x191.jpg 300w\" sizes=\"(max-width: 550px) 100vw, 550px\" \/><figcaption class=\"wp-element-caption\">Herbata na bezsenno\u015b\u0107 i l\u0119k<\/figcaption><\/figure><\/div>\n\n\n<h4 class=\"wp-block-heading\">G\u0142\u00f3wne zalety herbat:<\/h4>\n\n\n\n<ul class=\"wp-block-list\">\n<li><strong>Relaks psychiczny<\/strong>Zio\u0142a sprzyjaj\u0105 uspokojeniu, redukuj\u0105c pobudzenie psychiczne.<\/li>\n\n\n\n<li><strong>Lepszy sen<\/strong>:Regularne picie herbat o dzia\u0142aniu relaksuj\u0105cym mo\u017ce poprawi\u0107 jako\u015b\u0107 snu na d\u0142u\u017csz\u0105 met\u0119.<\/li>\n\n\n\n<li><strong>Redukcja l\u0119ku<\/strong>Niekt\u00f3re herbaty zawieraj\u0105 okre\u015blone zwi\u0105zki, kt\u00f3re pomagaj\u0105 \u0142agodzi\u0107 objawy l\u0119ku.<\/li>\n\n\n\n<li><strong>Naturalna alternatywa<\/strong>:S\u0105 opcj\u0105 bez skutk\u00f3w ubocznych w por\u00f3wnaniu do lek\u00f3w wydawanych na recept\u0119.<\/li>\n<\/ul>\n\n\n\n<h2 class=\"wp-block-heading\">Przepis na herbat\u0119 z koz\u0142ka lekarskiego<\/h2>\n\n\n\n<p>Waleriana jest ro\u015blin\u0105 znan\u0105 ze swoich naturalnych w\u0142a\u015bciwo\u015bci uspokajaj\u0105cych.<\/p>\n\n\n\n<p>Herbata z tego naparu doskonale nadaje si\u0119 dla os\u00f3b cierpi\u0105cych na bezsenno\u015b\u0107, gdy\u017c pomaga zasn\u0105\u0107 i \u0142agodzi l\u0119k.<\/p>\n\n\n\n<p><strong>Sk\u0142adniki<\/strong>:<\/p>\n\n\n\n<ul class=\"wp-block-list\">\n<li>1 \u0142y\u017ceczka suszonego korzenia koz\u0142ka lekarskiego<\/li>\n\n\n\n<li>250 ml gor\u0105cej wody<\/li>\n<\/ul>\n\n\n\n<p><strong>Przygotowanie<\/strong>:<\/p>\n\n\n\n<ol class=\"wp-block-list\">\n<li>Zagotuj wod\u0119 i dodaj korze\u0144 koz\u0142ka lekarskiego.<\/li>\n\n\n\n<li>Pozostawi\u0107 na 10 minut.<\/li>\n\n\n\n<li>Odcedzi\u0107 i wypi\u0107 oko\u0142o 30 minut przed snem.<\/li>\n<\/ol>\n\n\n\n<p>Nale\u017cy pi\u0107 t\u0119 herbat\u0119 z umiarem, gdy\u017c d\u0142ugotrwa\u0142e jej picie mo\u017ce powodowa\u0107 senno\u015b\u0107 w ci\u0105gu dnia.<\/p>\n\n\n\n<p>Wiele os\u00f3b zauwa\u017ca popraw\u0119 jako\u015bci snu ju\u017c po tygodniu regularnego stosowania.<\/p>\n\n\n\n<p><\/p>\n\n\n\n<hr class=\"wp-block-separator has-text-color has-vivid-purple-color has-alpha-channel-opacity has-vivid-purple-background-color has-background\"\/>\n\n\n\n<h2 class=\"wp-block-heading\">Ekskluzywna, bezp\u0142atna tre\u015b\u0107 w Twojej poczcie e-mail!<\/h2>\n\n\n\n<ul class=\"wp-block-list\">\n<li style=\"font-style:normal;font-weight:500\" class=\"has-medium-font-size\">Otrzymuj wszystkie wiadomo\u015bci;<\/li>\n\n\n\n<li style=\"font-style:normal;font-weight:500\" class=\"has-medium-font-size\">Niesamowita tre\u015b\u0107 na wyci\u0105gni\u0119cie r\u0119ki;<\/li>\n\n\n\n<li style=\"font-style:normal;font-weight:500\" class=\"has-medium-font-size\">Subskrybuj teraz.<\/li>\n<\/ul>\n\n\n\n<div class=\"wp-block-media-text is-stacked-on-mobile is-vertically-aligned-center has-vivid-red-color has-text-color has-link-color wp-elements-f65c0b9eaa40a3cda7f58392480b43a2\" style=\"grid-template-columns:40% auto\"><figure class=\"wp-block-media-text__media\"><img loading=\"lazy\" decoding=\"async\" width=\"256\" height=\"256\" src=\"http:\/\/universofamilia.com\/wp-content\/uploads\/sites\/148\/2024\/09\/RECEBA-E-MAIL-1.png\" alt=\"Zarejestruj adres e-mail\" class=\"wp-image-6592 size-full\" srcset=\"https:\/\/universofamilia.com\/wp-content\/uploads\/sites\/148\/2024\/09\/RECEBA-E-MAIL-1.png 256w, https:\/\/universofamilia.com\/wp-content\/uploads\/sites\/148\/2024\/09\/RECEBA-E-MAIL-1-150x150.png 150w\" sizes=\"(max-width: 256px) 100vw, 256px\" \/><\/figure><div class=\"wp-block-media-text__content\">\n\n\n\n<p><\/p>\n<\/div><\/div>\n\n\n\n<hr class=\"wp-block-separator has-text-color has-vivid-purple-color has-alpha-channel-opacity has-vivid-purple-background-color has-background is-style-wide\"\/>\n\n\n\n<p><\/p>\n\n\n\n<h2 class=\"wp-block-heading\">Przepis na herbat\u0119 lawendow\u0105<\/h2>\n\n\n\n<p>Lawenda to kolejna ro\u015blina znana ze swoich w\u0142a\u015bciwo\u015bci relaksuj\u0105cych. Jej herbata jest \u0142agodna, aromatyczna i pomaga uspokoi\u0107 umys\u0142, dzi\u0119ki czemu idealnie nadaje si\u0119 do \u0142agodzenia l\u0119ku. \ud83c\udf38<\/p>\n\n\n\n<p><strong>Sk\u0142adniki<\/strong>:<\/p>\n\n\n\n<ul class=\"wp-block-list\">\n<li>1 \u0142y\u017ceczka suszonych kwiat\u00f3w lawendy<\/li>\n\n\n\n<li>250 ml gor\u0105cej wody<\/li>\n<\/ul>\n\n\n\n<p><strong>Przygotowanie<\/strong>:<\/p>\n\n\n\n<ol class=\"wp-block-list\">\n<li>Zagotuj wod\u0119 i dodaj kwiaty lawendy.<\/li>\n\n\n\n<li>Pozostawi\u0107 na 5\u20137 minut.<\/li>\n\n\n\n<li>Odcedzi\u0107 i wypi\u0107 natychmiast po przygotowaniu.<\/li>\n<\/ol>\n\n\n\n<p>T\u0119 herbat\u0119 mo\u017cna pi\u0107 kilka razy dziennie, aby utrzyma\u0107 l\u0119k pod kontrol\u0105 i osi\u0105gn\u0105\u0107 d\u0142ugotrwa\u0142e uczucie spokoju.<\/p>\n\n\n\n<h2 class=\"wp-block-heading\">Przepis na herbat\u0119 rumiankow\u0105<\/h2>\n\n\n\n<p>Herbata rumiankowa jest prawdopodobnie najbardziej znana ze swoich w\u0142a\u015bciwo\u015bci koj\u0105cych. Jest delikatna, \u0142atwa w przygotowaniu i odpowiednia dla os\u00f3b w ka\u017cdym wieku. \ud83c\udf3c<\/p>\n\n\n\n<p><strong>Sk\u0142adniki<\/strong>:<\/p>\n\n\n\n<ul class=\"wp-block-list\">\n<li>1 \u0142y\u017cka suszonych kwiat\u00f3w rumianku<\/li>\n\n\n\n<li>250 ml gor\u0105cej wody<\/li>\n<\/ul>\n\n\n\n<p><strong>Przygotowanie<\/strong>:<\/p>\n\n\n\n<ol class=\"wp-block-list\">\n<li>Dodaj kwiaty rumianku do gor\u0105cej wody.<\/li>\n\n\n\n<li>Pozostawi\u0107 na 5\u201310 minut.<\/li>\n\n\n\n<li>Odced\u017a i wypij przed snem.<\/li>\n<\/ol>\n\n\n\n<p>Ta herbata ma natychmiastowe dzia\u0142anie relaksuj\u0105ce i doskonale nadaje si\u0119 dla os\u00f3b, kt\u00f3re szukaj\u0105 szybkiego sposobu na odpr\u0119\u017cenie si\u0119 przed snem.<\/p>\n\n\n\n<h2 class=\"wp-block-heading\">Zalecane zastosowanie: <em>Spok\u00f3j<\/em><\/h2>\n\n\n\n<p>Opr\u00f3cz herbat, w walce z bezsenno\u015bci\u0105 i l\u0119kiem doskona\u0142ym sposobem mo\u017ce okaza\u0107 si\u0119 korzystanie z aplikacji skupiaj\u0105cych si\u0119 na relaksie i poprawie samopoczucia.<\/p>\n\n\n\n<p>Jedn\u0105 z najpopularniejszych aplikacji jest <em>Spok\u00f3j<\/em>, kt\u00f3ra oferuje medytacje z przewodnikiem, relaksuj\u0105ce d\u017awi\u0119ki i \u0107wiczenia oddechowe, kt\u00f3re pomagaj\u0105 uspokoi\u0107 umys\u0142 i poprawi\u0107 jako\u015b\u0107 snu. \ud83d\ude0c\ud83d\udcf1<\/p>\n\n\n\n<h4 class=\"wp-block-heading\">Korzy\u015bci z aplikacji <em>Spok\u00f3j<\/em>:<\/h4>\n\n\n\n<ul class=\"wp-block-list\">\n<li><strong>Medytacje z przewodnikiem<\/strong>: <em>Spok\u00f3j<\/em> oferuje r\u00f3\u017cnorodne medytacje zaprojektowane tak, aby odpowiada\u0107 r\u00f3\u017cnym potrzebom, np. redukcja stresu lub poprawa snu.<\/li>\n\n\n\n<li><strong>Relaksuj\u0105ce d\u017awi\u0119ki<\/strong>:Mo\u017cesz cieszy\u0107 si\u0119 zestawem naturalnych d\u017awi\u0119k\u00f3w i spokojnych melodii, kt\u00f3re umil\u0105 Ci relaks.<\/li>\n\n\n\n<li><strong>\u0106wiczenia oddechowe<\/strong>:Techniki oddechowe wspomagaj\u0105ce uspokojenie cia\u0142a i umys\u0142u w chwilach l\u0119ku.<\/li>\n<\/ul>\n\n\n<div class=\"wp-block-image\">\n<figure class=\"aligncenter size-full\"><img loading=\"lazy\" decoding=\"async\" width=\"550\" height=\"350\" src=\"http:\/\/universofamilia.com\/wp-content\/uploads\/sites\/148\/2024\/09\/P-550x350-4-4.jpg\" alt=\"\" class=\"wp-image-6631\" srcset=\"https:\/\/universofamilia.com\/wp-content\/uploads\/sites\/148\/2024\/09\/P-550x350-4-4.jpg 550w, https:\/\/universofamilia.com\/wp-content\/uploads\/sites\/148\/2024\/09\/P-550x350-4-4-300x191.jpg 300w\" sizes=\"(max-width: 550px) 100vw, 550px\" \/><figcaption class=\"wp-element-caption\">Herbata na bezsenno\u015b\u0107 i l\u0119k<\/figcaption><\/figure><\/div>\n\n\n<h3 class=\"wp-block-heading\">Opinie u\u017cytkownik\u00f3w<\/h3>\n\n\n\n<p>Oto niekt\u00f3re opinie os\u00f3b korzystaj\u0105cych z aplikacji <em>Spok\u00f3j<\/em>:<\/p>\n\n\n\n<ul class=\"wp-block-list\">\n<li><strong>Ana M. (Apple Store)<\/strong>: &quot;On <em>Spok\u00f3j<\/em> Zmieni\u0142o to m\u00f3j spos\u00f3b relaksu. Teraz mog\u0119 zasypia\u0107 znacznie szybciej i budzi\u0107 si\u0119 bardziej wypocz\u0119ta.\u201d \ud83c\udf1f\ud83c\udf1f\ud83c\udf1f\ud83c\udf1f\ud83c\udf1f<\/li>\n\n\n\n<li><strong>Carlos R. (Google Play)<\/strong>\u201eRelaksuj\u0105ce d\u017awi\u0119ki i prosty interfejs sprawiaj\u0105, \u017ce aplikacja jest bardzo \u0142atwa w obs\u0142udze. M\u00f3j poziom l\u0119ku znacznie si\u0119 zmniejszy\u0142, odk\u0105d zacz\u0105\u0142em z niej korzysta\u0107\u201d. \ud83c\udf1f\ud83c\udf1f\ud83c\udf1f\ud83c\udf1f<\/li>\n\n\n\n<li><strong>Maria T. (Apple Store)<\/strong>: \u201ePolecam <em>Spok\u00f3j<\/em> Do wszystkich moich przyjaci\u00f3\u0142. Redukcja stresu to nieod\u0142\u0105czny element mojej codziennej rutyny. \ud83c\udf1f\ud83c\udf1f\ud83c\udf1f\ud83c\udf1f\ud83c\udf1f<\/li>\n<\/ul>\n\n\n\n<h3 class=\"wp-block-heading\">Jak zainstalowa\u0107 aplikacj\u0119<\/h3>\n\n\n\n<p><strong>Linki do pobrania<\/strong>:<\/p>\n\n\n\n<div class=\"wp-block-columns is-layout-flex wp-container-core-columns-layout-2 wp-block-columns-is-layout-flex\">\n<div class=\"wp-block-column is-layout-flow wp-block-column-is-layout-flow\">\n<div class=\"wp-block-buttons is-layout-flex wp-block-buttons-is-layout-flex\">\n<div class=\"wp-block-button has-custom-width wp-block-button__width-100\" style=\"text-decoration:none\"><a class=\"wp-block-button__link has-white-color has-text-color has-background has-link-color has-text-align-left wp-element-button\" href=\"https:\/\/play.google.com\/store\/apps\/details?id=com.calm.android&amp;hl=pt_BR\" style=\"border-radius:10px;background-color:#aea4e0\" target=\"_blank\" rel=\"noreferrer noopener\"><strong><font style=\"vertical-align: inherit;\"><font style=\"vertical-align: inherit;\">\ud83d\udce5 <\/font><\/font>Przejd\u017a do Google Play: Calm<\/strong> <strong>dla Androida<\/strong><\/a><\/div>\n\n\n\n<div class=\"wp-block-button has-custom-width wp-block-button__width-100\" style=\"text-decoration:none\"><a class=\"wp-block-button__link has-white-color has-text-color has-background has-link-color has-text-align-left wp-element-button\" href=\"https:\/\/apps.apple.com\/br\/app\/calm-medita%C3%A7%C3%A3o-e-sono\/id571800810\" style=\"border-radius:10px;background-color:#d0d0d0\" target=\"_blank\" rel=\"noreferrer noopener\"><mark style=\"background-color:rgba(0, 0, 0, 0)\" class=\"has-inline-color has-black-color\"><strong>\ud83d\udce5 Dost\u0119p do Apple Store: Spok\u00f3j<\/strong><\/mark> <mark style=\"background-color:rgba(0, 0, 0, 0)\" class=\"has-inline-color has-black-color\"><strong>dla iOS<\/strong><\/mark><\/a><\/div>\n<\/div>\n<\/div>\n<\/div>\n\n\n\n<h2 class=\"wp-block-heading\">Wniosek<\/h2>\n\n\n\n<p>Herbaty pomagaj\u0105ce w walce z bezsenno\u015bci\u0105 i l\u0119kiem s\u0105 naturalnym i skutecznym rozwi\u0105zaniem poprawiaj\u0105cym jako\u015b\u0107 \u017cycia.<\/p>\n\n\n\n<p>W po\u0142\u0105czeniu z narz\u0119dziami cyfrowymi, takimi jak aplikacja <em>Spok\u00f3j<\/em>, mo\u017ce znacz\u0105co wp\u0142yn\u0105\u0107 na Twoje codzienne samopoczucie.<\/p>\n\n\n\n<p>Nie wahaj si\u0119 wypr\u00f3bowa\u0107 tych przepis\u00f3w na herbat\u0119 i skorzystaj z nich <em>Spok\u00f3j<\/em> dla wi\u0119kszego relaksu i spokoju. \ud83c\udf75\ud83d\udca4<\/p>\n\n\n\n<p>Je\u015bli ten artyku\u0142 okaza\u0142 si\u0119 pomocny, podziel si\u0119 nim ze znajomymi i rodzin\u0105!<\/p>\n\n\n\n<p>Zach\u0119camy r\u00f3wnie\u017c do zapoznania si\u0119 z tre\u015bciami naszego bloga, aby odkry\u0107 wi\u0119cej sposob\u00f3w na popraw\u0119 zdrowia i samopoczucia.<\/p>\n\n\n\n<h3 class=\"wp-block-heading\">FAQ: Korzy\u015bci z picia herbaty<\/h3>\n\n\n\n<p><strong>Jaka herbata jest najlepsza na walk\u0119 z l\u0119kiem?<\/strong> Herbata rumiankowa i lawendowa to doskona\u0142e sposoby na z\u0142agodzenie l\u0119ku. Obie maj\u0105 w\u0142a\u015bciwo\u015bci uspokajaj\u0105ce, kt\u00f3re pomagaj\u0105 zrelaksowa\u0107 umys\u0142 i cia\u0142o.<\/p>\n\n\n\n<p><strong>Czy picie herbaty przed snem pomaga poprawi\u0107 sen?<\/strong> Tak, niekt\u00f3re herbaty, np. waleriana czy rumianek, maj\u0105 \u0142agodne dzia\u0142anie uspokajaj\u0105ce, u\u0142atwiaj\u0105ce zasypianie i poprawiaj\u0105ce jako\u015b\u0107 odpoczynku.<\/p>\n\n\n\n<p><strong>Czy picie herbaty z koz\u0142ka lekarskiego ka\u017cdego dnia jest bezpieczne?<\/strong> Herbata z koz\u0142ka lekarskiego jest bezpieczna, je\u015bli spo\u017cywana z umiarem. Zaleca si\u0119 jednak, aby nie spo\u017cywa\u0107 jej w nadmiarze, poniewa\u017c mo\u017ce powodowa\u0107 senno\u015b\u0107 w ci\u0105gu dnia.<\/p>\n\n\n\n<p><\/p>\n\n\n\n<hr class=\"wp-block-separator has-text-color has-vivid-purple-color has-alpha-channel-opacity has-vivid-purple-background-color has-background\"\/>\n\n\n\n<h2 class=\"wp-block-heading\">Ekskluzywna, bezp\u0142atna tre\u015b\u0107 w Twojej poczcie e-mail!<\/h2>\n\n\n\n<ul class=\"wp-block-list\">\n<li style=\"font-style:normal;font-weight:500\" class=\"has-medium-font-size\">Otrzymuj wszystkie wiadomo\u015bci;<\/li>\n\n\n\n<li style=\"font-style:normal;font-weight:500\" class=\"has-medium-font-size\">Niesamowita tre\u015b\u0107 na wyci\u0105gni\u0119cie r\u0119ki;<\/li>\n\n\n\n<li style=\"font-style:normal;font-weight:500\" class=\"has-medium-font-size\">Subskrybuj teraz.<\/li>\n<\/ul>\n\n\n\n<div class=\"wp-block-media-text is-stacked-on-mobile is-vertically-aligned-center has-vivid-red-color has-text-color has-link-color wp-elements-f65c0b9eaa40a3cda7f58392480b43a2\" style=\"grid-template-columns:40% auto\"><figure class=\"wp-block-media-text__media\"><img loading=\"lazy\" decoding=\"async\" width=\"256\" height=\"256\" src=\"http:\/\/universofamilia.com\/wp-content\/uploads\/sites\/148\/2024\/09\/RECEBA-E-MAIL-1.png\" alt=\"Zarejestruj adres e-mail\" class=\"wp-image-6592 size-full\" srcset=\"https:\/\/universofamilia.com\/wp-content\/uploads\/sites\/148\/2024\/09\/RECEBA-E-MAIL-1.png 256w, https:\/\/universofamilia.com\/wp-content\/uploads\/sites\/148\/2024\/09\/RECEBA-E-MAIL-1-150x150.png 150w\" sizes=\"(max-width: 256px) 100vw, 256px\" \/><\/figure><div class=\"wp-block-media-text__content\">\n\n\n\n<p><\/p>\n<\/div><\/div>\n\n\n\n<hr class=\"wp-block-separator has-text-color has-vivid-purple-color has-alpha-channel-opacity has-vivid-purple-background-color has-background is-style-wide\"\/>\n\n\n\n<p><\/p>","protected":false},"excerpt":{"rendered":"<p>Bezsenno\u015b\u0107 i l\u0119k to problemy, kt\u00f3re dotykaj\u0105 miliony ludzi na ca\u0142ym \u015bwiecie. Poszukiwanie naturalnych rozwi\u0105za\u0144, takich jak herbaty, mo\u017ce by\u0107 doskona\u0142ym sposobem na popraw\u0119 jako\u015bci snu i skuteczn\u0105 redukcj\u0119 stresu bez skutk\u00f3w ubocznych. W tym artykule przyjrzymy si\u0119 korzy\u015bciom p\u0142yn\u0105cym z [\u2026]<\/p>","protected":false},"author":0,"featured_media":6632,"comment_status":"closed","ping_status":"open","sticky":false,"template":"","format":"standard","meta":{"footnotes":""},"categories":[2],"tags":[581,1507],"yoast_head":"<!-- This site is optimized with the Yoast SEO plugin v23.3 - https:\/\/yoast.com\/wordpress\/plugins\/seo\/ -->\n<title>T\u00e9 para Combatir el Insomnio y la Ansiedad - Universo Fam\u00edlia<\/title>\n<meta name=\"description\" content=\"T\u00e9 para Combatir el Insomnio y la Ansiedad. El insomnio y la ansiedad son problemas que afectan a millones de personas en todo el mundo.\" \/>\n<meta name=\"robots\" content=\"index, follow, max-snippet:-1, max-image-preview:large, max-video-preview:-1\" \/>\n<link rel=\"canonical\" href=\"https:\/\/universofamilia.com\/pl\/te-para-combatir-insomnio-ansiedad\/\" \/>\n<meta property=\"og:locale\" content=\"pl_PL\" \/>\n<meta property=\"og:type\" content=\"article\" \/>\n<meta property=\"og:title\" content=\"T\u00e9 para Combatir el Insomnio y la Ansiedad - Universo Fam\u00edlia\" \/>\n<meta property=\"og:description\" content=\"T\u00e9 para Combatir el Insomnio y la Ansiedad. El insomnio y la ansiedad son problemas que afectan a millones de personas en todo el mundo.\" \/>\n<meta property=\"og:url\" content=\"https:\/\/universofamilia.com\/pl\/te-para-combatir-insomnio-ansiedad\/\" \/>\n<meta property=\"og:site_name\" content=\"Universo Fam\u00edlia\" \/>\n<meta property=\"article:published_time\" content=\"2024-09-27T18:24:10+00:00\" \/>\n<meta property=\"og:image\" content=\"https:\/\/universofamilia.com\/wp-content\/uploads\/sites\/148\/2024\/09\/P-550x350-3-12.jpg\" \/>\n\t<meta property=\"og:image:width\" content=\"550\" \/>\n\t<meta property=\"og:image:height\" content=\"350\" \/>\n\t<meta property=\"og:image:type\" content=\"image\/jpeg\" \/>\n<meta name=\"twitter:card\" content=\"summary_large_image\" \/>\n<meta name=\"twitter:label1\" content=\"Est. reading time\" \/>\n\t<meta name=\"twitter:data1\" content=\"7 minut\" \/>\n<script type=\"application\/ld+json\" class=\"yoast-schema-graph\">{\"@context\":\"https:\/\/schema.org\",\"@graph\":[{\"@type\":\"WebPage\",\"@id\":\"https:\/\/universofamilia.com\/bn\/te-para-combatir-insomnio-ansiedad\/\",\"url\":\"https:\/\/universofamilia.com\/bn\/te-para-combatir-insomnio-ansiedad\/\",\"name\":\"T\u00e9 para Combatir el Insomnio y la Ansiedad - Universo Fam\u00edlia\",\"isPartOf\":{\"@id\":\"http:\/\/universofamilia.com\/zh_hk\/#website\"},\"primaryImageOfPage\":{\"@id\":\"https:\/\/universofamilia.com\/bn\/te-para-combatir-insomnio-ansiedad\/#primaryimage\"},\"image\":{\"@id\":\"https:\/\/universofamilia.com\/bn\/te-para-combatir-insomnio-ansiedad\/#primaryimage\"},\"thumbnailUrl\":\"https:\/\/universofamilia.com\/wp-content\/uploads\/sites\/148\/2024\/09\/P-550x350-3-12.jpg\",\"datePublished\":\"2024-09-27T18:24:10+00:00\",\"dateModified\":\"2024-09-27T18:24:10+00:00\",\"author\":{\"@id\":\"\"},\"description\":\"T\u00e9 para Combatir el Insomnio y la Ansiedad. El insomnio y la ansiedad son problemas que afectan a millones de personas en todo el mundo.\",\"breadcrumb\":{\"@id\":\"https:\/\/universofamilia.com\/bn\/te-para-combatir-insomnio-ansiedad\/#breadcrumb\"},\"inLanguage\":\"pl-PL\",\"potentialAction\":[{\"@type\":\"ReadAction\",\"target\":[\"https:\/\/universofamilia.com\/bn\/te-para-combatir-insomnio-ansiedad\/\"]}]},{\"@type\":\"ImageObject\",\"inLanguage\":\"pl-PL\",\"@id\":\"https:\/\/universofamilia.com\/bn\/te-para-combatir-insomnio-ansiedad\/#primaryimage\",\"url\":\"https:\/\/universofamilia.com\/wp-content\/uploads\/sites\/148\/2024\/09\/P-550x350-3-12.jpg\",\"contentUrl\":\"https:\/\/universofamilia.com\/wp-content\/uploads\/sites\/148\/2024\/09\/P-550x350-3-12.jpg\",\"width\":550,\"height\":350,\"caption\":\"T\u00e9 para Combatir el Insomnio y la Ansiedad\"},{\"@type\":\"BreadcrumbList\",\"@id\":\"https:\/\/universofamilia.com\/bn\/te-para-combatir-insomnio-ansiedad\/#breadcrumb\",\"itemListElement\":[{\"@type\":\"ListItem\",\"position\":1,\"name\":\"Home\",\"item\":\"http:\/\/universofamilia.com\/zh_hk\/\"},{\"@type\":\"ListItem\",\"position\":2,\"name\":\"T\u00e9 para Combatir el Insomnio y la Ansiedad\"}]},{\"@type\":\"WebSite\",\"@id\":\"http:\/\/universofamilia.com\/zh_hk\/#website\",\"url\":\"http:\/\/universofamilia.com\/zh_hk\/\",\"name\":\"Universo Fam\u00edlia\",\"description\":\"\",\"potentialAction\":[{\"@type\":\"SearchAction\",\"target\":{\"@type\":\"EntryPoint\",\"urlTemplate\":\"http:\/\/universofamilia.com\/zh_hk\/?s={search_term_string}\"},\"query-input\":\"required name=search_term_string\"}],\"inLanguage\":\"pl-PL\"}]}<\/script>\n<!-- \/ Yoast SEO plugin. -->","yoast_head_json":{"title":"T\u00e9 para Combatir el Insomnio y la Ansiedad - Universo Fam\u00edlia","description":"T\u00e9 para Combatir el Insomnio y la Ansiedad. El insomnio y la ansiedad son problemas que afectan a millones de personas en todo el mundo.","robots":{"index":"index","follow":"follow","max-snippet":"max-snippet:-1","max-image-preview":"max-image-preview:large","max-video-preview":"max-video-preview:-1"},"canonical":"https:\/\/universofamilia.com\/pl\/te-para-combatir-insomnio-ansiedad\/","og_locale":"pl_PL","og_type":"article","og_title":"T\u00e9 para Combatir el Insomnio y la Ansiedad - Universo Fam\u00edlia","og_description":"T\u00e9 para Combatir el Insomnio y la Ansiedad. El insomnio y la ansiedad son problemas que afectan a millones de personas en todo el mundo.","og_url":"https:\/\/universofamilia.com\/pl\/te-para-combatir-insomnio-ansiedad\/","og_site_name":"Universo Fam\u00edlia","article_published_time":"2024-09-27T18:24:10+00:00","og_image":[{"width":550,"height":350,"url":"https:\/\/universofamilia.com\/wp-content\/uploads\/sites\/148\/2024\/09\/P-550x350-3-12.jpg","type":"image\/jpeg"}],"twitter_card":"summary_large_image","twitter_misc":{"Est. reading time":"7 minut"},"schema":{"@context":"https:\/\/schema.org","@graph":[{"@type":"WebPage","@id":"https:\/\/universofamilia.com\/bn\/te-para-combatir-insomnio-ansiedad\/","url":"https:\/\/universofamilia.com\/bn\/te-para-combatir-insomnio-ansiedad\/","name":"T\u00e9 para Combatir el Insomnio y la Ansiedad - Universo Fam\u00edlia","isPartOf":{"@id":"http:\/\/universofamilia.com\/zh_hk\/#website"},"primaryImageOfPage":{"@id":"https:\/\/universofamilia.com\/bn\/te-para-combatir-insomnio-ansiedad\/#primaryimage"},"image":{"@id":"https:\/\/universofamilia.com\/bn\/te-para-combatir-insomnio-ansiedad\/#primaryimage"},"thumbnailUrl":"https:\/\/universofamilia.com\/wp-content\/uploads\/sites\/148\/2024\/09\/P-550x350-3-12.jpg","datePublished":"2024-09-27T18:24:10+00:00","dateModified":"2024-09-27T18:24:10+00:00","author":{"@id":""},"description":"T\u00e9 para Combatir el Insomnio y la Ansiedad. El insomnio y la ansiedad son problemas que afectan a millones de personas en todo el mundo.","breadcrumb":{"@id":"https:\/\/universofamilia.com\/bn\/te-para-combatir-insomnio-ansiedad\/#breadcrumb"},"inLanguage":"pl-PL","potentialAction":[{"@type":"ReadAction","target":["https:\/\/universofamilia.com\/bn\/te-para-combatir-insomnio-ansiedad\/"]}]},{"@type":"ImageObject","inLanguage":"pl-PL","@id":"https:\/\/universofamilia.com\/bn\/te-para-combatir-insomnio-ansiedad\/#primaryimage","url":"https:\/\/universofamilia.com\/wp-content\/uploads\/sites\/148\/2024\/09\/P-550x350-3-12.jpg","contentUrl":"https:\/\/universofamilia.com\/wp-content\/uploads\/sites\/148\/2024\/09\/P-550x350-3-12.jpg","width":550,"height":350,"caption":"T\u00e9 para Combatir el Insomnio y la Ansiedad"},{"@type":"BreadcrumbList","@id":"https:\/\/universofamilia.com\/bn\/te-para-combatir-insomnio-ansiedad\/#breadcrumb","itemListElement":[{"@type":"ListItem","position":1,"name":"Home","item":"http:\/\/universofamilia.com\/zh_hk\/"},{"@type":"ListItem","position":2,"name":"T\u00e9 para Combatir el Insomnio y la Ansiedad"}]},{"@type":"WebSite","@id":"http:\/\/universofamilia.com\/zh_hk\/#website","url":"http:\/\/universofamilia.com\/zh_hk\/","name":"Universo Fam\u00edlia","description":"","potentialAction":[{"@type":"SearchAction","target":{"@type":"EntryPoint","urlTemplate":"http:\/\/universofamilia.com\/zh_hk\/?s={search_term_string}"},"query-input":"required name=search_term_string"}],"inLanguage":"pl-PL"}]}},"_links":{"self":[{"href":"https:\/\/universofamilia.com\/pl\/wp-json\/wp\/v2\/posts\/6630"}],"collection":[{"href":"https:\/\/universofamilia.com\/pl\/wp-json\/wp\/v2\/posts"}],"about":[{"href":"https:\/\/universofamilia.com\/pl\/wp-json\/wp\/v2\/types\/post"}],"replies":[{"embeddable":true,"href":"https:\/\/universofamilia.com\/pl\/wp-json\/wp\/v2\/comments?post=6630"}],"version-history":[{"count":0,"href":"https:\/\/universofamilia.com\/pl\/wp-json\/wp\/v2\/posts\/6630\/revisions"}],"wp:featuredmedia":[{"embeddable":true,"href":"https:\/\/universofamilia.com\/pl\/wp-json\/wp\/v2\/media\/6632"}],"wp:attachment":[{"href":"https:\/\/universofamilia.com\/pl\/wp-json\/wp\/v2\/media?parent=6630"}],"wp:term":[{"taxonomy":"category","embeddable":true,"href":"https:\/\/universofamilia.com\/pl\/wp-json\/wp\/v2\/categories?post=6630"},{"taxonomy":"post_tag","embeddable":true,"href":"https:\/\/universofamilia.com\/pl\/wp-json\/wp\/v2\/tags?post=6630"}],"curies":[{"name":"wp","href":"https:\/\/api.w.org\/{rel}","templated":true}]}}