{"id":9758,"date":"2025-10-01T01:42:22","date_gmt":"2025-10-01T04:42:22","guid":{"rendered":"https:\/\/universofamilia.com\/?p=9758"},"modified":"2025-10-11T17:08:04","modified_gmt":"2025-10-11T20:08:04","slug":"inteligencia-artificial-y-politica","status":"publish","type":"post","link":"https:\/\/universofamilia.com\/pl\/inteligencia-artificial-y-politica\/","title":{"rendered":"Sztuczna inteligencja i polityka"},"content":{"rendered":"<p class=\"has-text-align-center\"><strong>Sztuczna inteligencja i polityka:<\/strong> To temat, kt\u00f3ry nie jest ju\u017c zarezerwowany wy\u0142\u0105cznie dla konferencji naukowych czy debat technicznych; dzi\u015b przenika on prawo, decyzje publiczne, a nawet globaln\u0105 geopolityk\u0119.<\/p>\n\n\n<div class=\"wp-block-image\">\n<figure class=\"aligncenter size-full\"><img loading=\"lazy\" decoding=\"async\" width=\"550\" height=\"350\" src=\"https:\/\/universofamilia.com\/wp-content\/uploads\/sites\/148\/2025\/10\/DESTAQUE-UNIVERSO-550-x-350.jpg\" alt=\"\" class=\"wp-image-9759\" srcset=\"https:\/\/universofamilia.com\/wp-content\/uploads\/sites\/148\/2025\/10\/DESTAQUE-UNIVERSO-550-x-350.jpg 550w, https:\/\/universofamilia.com\/wp-content\/uploads\/sites\/148\/2025\/10\/DESTAQUE-UNIVERSO-550-x-350-300x191.jpg 300w, https:\/\/universofamilia.com\/wp-content\/uploads\/sites\/148\/2025\/10\/DESTAQUE-UNIVERSO-550-x-350-18x12.jpg 18w\" sizes=\"(max-width: 550px) 100vw, 550px\" \/><figcaption class=\"wp-element-caption\">Canva<\/figcaption><\/figure><\/div>\n\n\n<p>W roku 2025 rz\u0105dy stan\u0105 przed wyzwaniem znalezienia r\u00f3wnowagi mi\u0119dzy innowacyjno\u015bci\u0105 a ochron\u0105 praw obywateli, a ka\u017cdy region przyjmie inn\u0105 strategi\u0119.<\/p>\n\n\n\n<p>W tym artykule znajdziesz pe\u0142ny przegl\u0105d:<\/p>\n\n\n\n<ul>\n<li>Jak najbardziej wp\u0142ywowe kraje reguluj\u0105 kwesti\u0119 sztucznej inteligencji.<\/li>\n\n\n\n<li>G\u0142\u00f3wne r\u00f3\u017cnice mi\u0119dzy Europ\u0105, Stanami Zjednoczonymi, Chinami i Ameryk\u0105 \u0141aci\u0144sk\u0105.<\/li>\n\n\n\n<li>Jakie ryzyka i szanse s\u0105 przedmiotem dyskusji w kontek\u015bcie technologii.<\/li>\n\n\n\n<li>Przyk\u0142ady zastosowania przepis\u00f3w w praktyce.<\/li>\n\n\n\n<li>Najcz\u0119\u015bciej zadawane pytania maj\u0105ce na celu wyja\u015bnienie powszechnych w\u0105tpliwo\u015bci.<\/li>\n<\/ul>\n\n\n\n<h2 class=\"wp-block-heading\">Pilna potrzeba jasnych zasad w erze cyfrowej<\/h2>\n\n\n\n<p>Sztuczna inteligencja nie jest ju\u017c eksperymentem laboratoryjnym. Jest obecna w diagnozach medycznych, s\u0105dach, na rynkach finansowych, a nawet w kampaniach politycznych.<\/p>\n\n\n\n<p>Szybko\u015b\u0107, z jak\u0105 rozwija si\u0119 technologia, stawia dylemat: jak zapobiega\u0107 nadu\u017cyciom, nie spowalniaj\u0105c jednocze\u015bnie post\u0119pu?<\/p>\n\n\n\n<p>Reakcj\u0105 rz\u0105du by\u0142o wprowadzenie ram regulacyjnych. W 2025 r. <strong>Rozporz\u0105dzenie Unii Europejskiej w sprawie sztucznej inteligencji<\/strong> Uwa\u017ca si\u0119, \u017ce jest to najbardziej ambitne rozporz\u0105dzenie na \u015bwiecie. <\/p>\n\n\n\n<p>Klasyfikuje systemy sztucznej inteligencji wed\u0142ug poziom\u00f3w ryzyka, od zastosowa\u0144 o niskim wp\u0142ywie po takie, kt\u00f3re wp\u0142ywaj\u0105 na prawa podstawowe, takie jak masowy nadz\u00f3r.<\/p>\n\n\n\n<p>Wed\u0142ug Komisji Europejskiej celem jest \u201ezagwarantowanie bezpiecze\u0144stwa, przejrzysto\u015bci i poszanowania warto\u015bci demokratycznych\u201d.<\/p>\n\n\n\n<h2 class=\"wp-block-heading\">Stany Zjednoczone: Innowacje i rozdrobniona kontrola<\/h2>\n\n\n\n<p>Podej\u015bcie ameryka\u0144skie jest mniej scentralizowane. Zamiast prawa krajowego, agencje i stany przyjmuj\u0105 szczeg\u00f3\u0142owe wytyczne.<\/p>\n\n\n\n<p>Bia\u0142y Dom opublikowa\u0142 w 2022 r. <strong>Projekt Karty Praw Sztucznej Inteligencji<\/strong>, etyczne ramy, kt\u00f3rymi kieruj\u0105 si\u0119 deweloperzy i firmy. Cho\u0107 nie s\u0105 one wi\u0105\u017c\u0105ce, zapocz\u0105tkowa\u0142y debat\u0119 na temat praw cyfrowych, dyskryminacji algorytmicznej i prywatno\u015bci.<\/p>\n\n\n\n<p>Konkretny przyk\u0142ad: Kalifornia wprowadza regulacje dotycz\u0105ce wykorzystania sztucznej inteligencji w procesie rekrutacji, wymagaj\u0105c od firm wykazania, \u017ce ich algorytmy nie powoduj\u0105 uprzedze\u0144 rasowych ani p\u0142ciowych.<\/p>\n\n\n\n<p>Tego typu \u015brodki odzwierciedlaj\u0105 ameryka\u0144skie tendencje: ochrona konsument\u00f3w bez ograniczania konkurencyjno\u015bci ekosystemu technologicznego.<\/p>\n\n\n\n<h2 class=\"wp-block-heading\">Chiny: kontrola pa\u0144stwa i ambicje technologiczne<\/h2>\n\n\n\n<p>Chiny z kolei integruj\u0105 sztuczn\u0105 inteligencj\u0119 ze swoj\u0105 strategi\u0105 pa\u0144stwow\u0105. Od 2021 roku reguluj\u0105 algorytmy rekomendacji na platformach cyfrowych, a w 2023 roku wdro\u017cy\u0142y surowe zasady dla generatywnych system\u00f3w AI.<\/p>\n\n\n\n<p>W roku 2025 rz\u0105d wprowadza przepisy ograniczaj\u0105ce rozpowszechnianie informacji uznanych za szkodliwe dla \u201ebezpiecze\u0144stwa narodowego\u201d.<\/p>\n\n\n\n<p>Zamiast ogranicza\u0107 innowacyjno\u015b\u0107, Pekin d\u0105\u017cy do wykorzystania sztucznej inteligencji jako narz\u0119dzia w\u0142adzy gospodarczej i spo\u0142ecznej. Dlatego jego przepisy \u0142\u0105cz\u0105 promocj\u0119 lokalnych startup\u00f3w ze \u015bcis\u0142\u0105 kontrol\u0105 tre\u015bci cyfrowych i danych osobowych.<\/p>\n\n\n\n<h2 class=\"wp-block-heading\">Ameryka \u0141aci\u0144ska: pierwsze kroki i nadchodz\u0105ce wyzwania<\/h2>\n\n\n\n<p>Region jest wci\u0105\u017c na wczesnym etapie rozwoju. Brazylia prowadzi rozmowy na temat <strong>Ramy prawne dla sztucznej inteligencji<\/strong>, cz\u0119\u015bciowo inspirowany modelem europejskim.<\/p>\n\n\n\n<p>Meksyk ze swojej strony powo\u0142a\u0142 grupy ekspert\u00f3w, kt\u00f3re maj\u0105 ocenia\u0107 ryzyko etyczne i prawne, cho\u0107 nie uchwali\u0142 jeszcze kompleksowego prawa w tym zakresie.<\/p>\n\n\n\n<p>Wyzwa\u0144 jest wiele: niedob\u00f3r zasob\u00f3w, brak infrastruktury i konieczno\u015b\u0107 ochrony nara\u017conych grup ludno\u015bci.<\/p>\n\n\n\n<p>Mimo to ro\u015bnie zainteresowanie dostosowaniem polityk publicznych do standard\u00f3w mi\u0119dzynarodowych, aby nie pozostawa\u0107 w tyle pod wzgl\u0119dem innowacyjno\u015bci.<\/p>\n\n\n\n<h2 class=\"wp-block-heading\">Tabela por\u00f3wnawcza: przepisy dotycz\u0105ce sztucznej inteligencji na \u015bwiecie<\/h2>\n\n\n\n<figure class=\"wp-block-table\"><table><thead><tr><th>Region \/ Kraj<\/th><th>Podej\u015bcie regulacyjne<\/th><th>Rok kluczowy<\/th><th>G\u0142\u00f3wne cechy<\/th><\/tr><\/thead><tbody><tr><td>Unia Europejska<\/td><td>Regulacja wi\u0105\u017c\u0105ca<\/td><td>2024-2025<\/td><td>Klasyfikacja ryzyka, przejrzysto\u015b\u0107, surowe sankcje<\/td><\/tr><tr><td>USA<\/td><td>Wytyczne i przepisy stanowe<\/td><td>2022-2025<\/td><td>Rozdrobnione, oparte na prawach, brak jednolitego prawa<\/td><\/tr><tr><td>Chiny<\/td><td>Surowe regulacje pa\u0144stwowe<\/td><td>2021-2025<\/td><td>Kontrola tre\u015bci, danych i algorytm\u00f3w<\/td><\/tr><tr><td>Ameryka \u0141aci\u0144ska<\/td><td>Pocz\u0105tkowe inicjatywy<\/td><td>2023-2025<\/td><td>Zainspirowane UE, wci\u0105\u017c w trakcie dyskusji<\/td><\/tr><\/tbody><\/table><figcaption class=\"wp-element-caption\">Sztuczna inteligencja i polityka: jak rz\u0105dy reguluj\u0105 sztuczn\u0105 inteligencj\u0119 na \u015bwiecie<\/figcaption><\/figure>\n\n\n\n<h2 class=\"wp-block-heading\">Fakt, kt\u00f3ry wyznacza kierunek dyskusji<\/h2>\n\n\n\n<p>Wed\u0142ug raportu <strong>\u201eIndeks AI 2024\u201d ze Stanford University<\/strong>, wi\u0119cej ni\u017c <strong>70% kraj\u00f3w cz\u0142onkowskich ONZ<\/strong> rozpocz\u0119\u0142y ju\u017c procesy legislacyjne lub opracowa\u0142y wytyczne regulacyjne dotycz\u0105ce sztucznej inteligencji przed 2025 r.<\/p>\n\n\n\n<p>Dane te pokazuj\u0105, \u017ce nie chodzi ju\u017c o przysz\u0142o\u015b\u0107, ale o piln\u0105 potrzeb\u0119 dzia\u0142ania rz\u0105d\u00f3w na wszystkich szczeblach.<\/p>\n\n\n<div class=\"wp-block-image\">\n<figure class=\"aligncenter size-full\"><img loading=\"lazy\" decoding=\"async\" width=\"550\" height=\"350\" src=\"https:\/\/universofamilia.com\/wp-content\/uploads\/sites\/148\/2025\/10\/DESTAQUE-SITE-MUNDOSAPPS-16-1.jpg\" alt=\"\" class=\"wp-image-9761\" srcset=\"https:\/\/universofamilia.com\/wp-content\/uploads\/sites\/148\/2025\/10\/DESTAQUE-SITE-MUNDOSAPPS-16-1.jpg 550w, https:\/\/universofamilia.com\/wp-content\/uploads\/sites\/148\/2025\/10\/DESTAQUE-SITE-MUNDOSAPPS-16-1-300x191.jpg 300w, https:\/\/universofamilia.com\/wp-content\/uploads\/sites\/148\/2025\/10\/DESTAQUE-SITE-MUNDOSAPPS-16-1-18x12.jpg 18w\" sizes=\"(max-width: 550px) 100vw, 550px\" \/><figcaption class=\"wp-element-caption\">Canva<\/figcaption><\/figure><\/div>\n\n\n<p>Czytaj wi\u0119cej:&nbsp;<a href=\"https:\/\/universofamilia.com\/pl\/los-paises-mas-avanzados-en-regulacion-de-ia-en-2025\/\">Najbardziej zaawansowane kraje w zakresie regulacji dotycz\u0105cych sztucznej inteligencji w 2025 r.<\/a><\/p>\n\n\n\n<h2 class=\"wp-block-heading\">Ryzyka i szanse na horyzoncie<\/h2>\n\n\n\n<p>Regulowanie sztucznej inteligencji nie oznacza jedynie jej ograniczania; stwarza r\u00f3wnie\u017c nowe mo\u017cliwo\u015bci. Dzi\u0119ki jasnym zasadom firmy mog\u0105 z wi\u0119ksz\u0105 pewno\u015bci\u0105 wprowadza\u0107 innowacje. Obywatele czuj\u0105 si\u0119 r\u00f3wnie\u017c lepiej chronieni przed nadu\u017cyciami.<\/p>\n\n\n\n<p>Niedawnym przyk\u0142adem jest sektor finansowy: europejskie banki zacz\u0119\u0142y wykorzystywa\u0107 sztuczn\u0105 inteligencj\u0119 do oceny zdolno\u015bci kredytowej pod nadzorem organ\u00f3w regulacyjnych.<\/p>\n\n\n\n<p>\u015arodek ten zmniejszy\u0142 liczb\u0119 roszcze\u0144 dotycz\u0105cych dyskryminacji i poprawi\u0142 zaufanie konsument\u00f3w.<\/p>\n\n\n\n<p>Ale ryzyko nie znika. W\u015br\u00f3d nich s\u0105:<\/p>\n\n\n\n<ul>\n<li>Algorytmiczne b\u0142\u0119dy utrwalaj\u0105ce nier\u00f3wno\u015bci.<\/li>\n\n\n\n<li>Nadu\u017cycie danych osobowych.<\/li>\n\n\n\n<li>Manipulowanie opini\u0105 publiczn\u0105 za pomoc\u0105 dezinformacji.<\/li>\n<\/ul>\n\n\n\n<h2 class=\"wp-block-heading\">Analogia, kt\u00f3ra pomo\u017ce zrozumie\u0107 wyzwanie<\/h2>\n\n\n\n<p>Obecna sytuacja przypomina pocz\u0105tki energetyki j\u0105drowej. Technologia ta ma ogromny potencja\u0142, ale bez odpowiednich regulacji mo\u017ce stanowi\u0107 globalne zagro\u017cenie. <\/p>\n\n\n\n<p>W\u00f3wczas traktaty mi\u0119dzynarodowe i regulacje krajowe zapobiega\u0142y powa\u017cnym katastrofom. Dzi\u015b sztuczna inteligencja stoi przed podobnym dylematem: jak wykorzysta\u0107 jej transformacyjn\u0105 moc, nie naruszaj\u0105c praw podstawowych.<\/p>\n\n\n\n<h2 class=\"wp-block-heading\">W kierunku globalnego zarz\u0105dzania sztuczn\u0105 inteligencj\u0105<\/h2>\n\n\n\n<p>Na forach wielostronnych, takich jak <strong>ONZ<\/strong> i <strong>OECD<\/strong>Stworzenie wsp\u00f3lnych standard\u00f3w jest ju\u017c przedmiotem dyskusji. Jednak interesy geopolityczne utrudniaj\u0105 osi\u0105gni\u0119cie konsensusu.<\/p>\n\n\n\n<p>Podczas gdy Europa stawia na pierwszym miejscu prawa cz\u0142owieka, Chiny broni\u0105 suwerenno\u015bci technologicznej, a Stany Zjednoczone staraj\u0105 si\u0119 chroni\u0107 swoje korporacyjne przyw\u00f3dztwo.<\/p>\n\n\n\n<p>Globalne zarz\u0105dzanie sztuczn\u0105 inteligencj\u0105 b\u0119dzie jednym z g\u0142\u00f3wnych temat\u00f3w kolejnej dekady. Chodzi nie tylko o lokalne przepisy, ale tak\u017ce o unikanie fragmentacji, kt\u00f3ra utrudnia handel cyfrowy i wsp\u00f3\u0142prac\u0119 naukow\u0105.<\/p>\n\n\n\n<h2 class=\"wp-block-heading\">Wniosek<\/h2>\n\n\n\n<p>Po\u0142\u0105czenie mi\u0119dzy <strong><a href=\"https:\/\/universofamilia.com\/pl\/los-paises-mas-avanzados-en-regulacion-de-ia-en-2025\/\">Sztuczna inteligencja<\/a> Polityka elektroniczna: jak rz\u0105dy reguluj\u0105 sztuczn\u0105 inteligencj\u0119 na \u015bwiecie<\/strong> odzwierciedla g\u0142\u0119bok\u0105 zmian\u0119 w podej\u015bciu pa\u0144stw do innowacji technologicznych.<\/p>\n\n\n\n<p>Do roku 2025 nie b\u0119dzie mo\u017cna ju\u017c ignorowa\u0107 wp\u0142ywu tych narz\u0119dzi na spo\u0142ecze\u0144stwo, gospodark\u0119 i etyk\u0119.<\/p>\n\n\n\n<p>Kluczem b\u0119dzie znalezienie rozwi\u0105zania po\u015bredniego: regulacji, kt\u00f3re chroni\u0105, ale nie ograniczaj\u0105, jasnych zasad promuj\u0105cych zaufanie oraz globalnej debaty, w kt\u00f3rej udzia\u0142 wezm\u0105 zar\u00f3wno rz\u0105dy, jak i spo\u0142ecze\u0144stwo obywatelskie.<\/p>\n\n\n\n<p>Poniewa\u017c jedno jest pewne: sztuczna inteligencja b\u0119dzie nadal zmienia\u0107 codzienne \u017cycie w tempie, kt\u00f3re wymaga szybkich i odpowiedzialnych reakcji.<\/p>\n\n\n\n<p>Czytaj wi\u0119cej:&nbsp;<a href=\"https:\/\/universofamilia.com\/pl\/lll-me-siento-sola-y-quiero-platicar-contigo-por-estos-apps-de-citas\/\">Jestem samotny i chc\u0119 porozmawia\u0107 z tob\u0105 za po\u015brednictwem tych aplikacji randkowych<\/a><\/p>\n\n\n\n<h2 class=\"wp-block-heading\">Cz\u0119sto zadawane pytania (FAQ)<\/h2>\n\n\n\n<p><strong>1. Dlaczego wa\u017cne jest regulowanie sztucznej inteligencji?<\/strong><br>Poniewa\u017c bez jasnych zasad sztuczna inteligencja mo\u017ce prowadzi\u0107 do dyskryminacji, naruszania prywatno\u015bci i manipulacji informacjami.<\/p>\n\n\n\n<p><strong>2. Jaka jest r\u00f3\u017cnica pomi\u0119dzy przepisami europejskimi i ameryka\u0144skimi?<\/strong><br>W Europie obowi\u0105zuj\u0105 wi\u0105\u017c\u0105ce regulacje zawieraj\u0105ce sankcje, natomiast w USA dominuj\u0105 wytyczne niemaj\u0105ce charakteru obligatoryjnego oraz przepisy lokalne.<\/p>\n\n\n\n<p><strong>3. Czy Chiny ograniczaj\u0105 wykorzystanie sztucznej inteligencji generatywnej?<\/strong><br>Tak. Chi\u0144ski rz\u0105d \u015bci\u015ble reguluje tre\u015bci tworzone przez sztuczn\u0105 inteligencj\u0119 i \u0142\u0105czy je z bezpiecze\u0144stwem narodowym.<\/p>\n\n\n\n<p><strong>4. Kt\u00f3re kraje Ameryki \u0141aci\u0144skiej poczyni\u0142y najwi\u0119ksze post\u0119py?<\/strong><br>Brazylia i Meksyk przoduj\u0105 w opracowywaniu projekt\u00f3w ustaw i tworzeniu wyspecjalizowanych grup roboczych.<\/p>\n\n\n\n<p><strong>5. Jak regulacje wp\u0142ywaj\u0105 na sektor prywatny?<\/strong><br>Przedsi\u0119biorstwa musz\u0105 sta\u0107 si\u0119 bardziej przejrzyste, ale jednocze\u015bnie zdoby\u0107 zaufanie konsument\u00f3w i dost\u0119p do rynk\u00f3w globalnych.<\/p>\n\n\n\n<p><strong>6. Czy istniej\u0105 jakie\u015b globalne inicjatywy regulacyjne?<\/strong><br>Tak, chocia\u017c nie ma jeszcze wi\u0105\u017c\u0105cego porozumienia, ONZ i OECD pracuj\u0105 nad mi\u0119dzynarodowymi standardami.<\/p>\n\n\n\n<p><strong>7. Czy regulacje mog\u0105 hamowa\u0107 innowacyjno\u015b\u0107?<\/strong><br>Zale\u017cy to od podej\u015bcia. Zr\u00f3wnowa\u017cona regulacja sprzyja odpowiedzialnej innowacji, podczas gdy nadmierna kontrola <\/p>\n\n\n\n<p><\/p>","protected":false},"excerpt":{"rendered":"<p>Inteligencia artificial y pol\u00edtica: es un tema que dej\u00f3 de ser exclusivo de conferencias acad\u00e9micas o debates t\u00e9cnicos; hoy atraviesa leyes, decisiones p\u00fablicas y hasta la geopol\u00edtica global. En 2025, los gobiernos enfrentan el reto de equilibrar la innovaci\u00f3n con la protecci\u00f3n de derechos ciudadanos, y cada regi\u00f3n adopta estrategias distintas. En este art\u00edculo encontrar\u00e1s [&hellip;]<\/p>","protected":false},"author":219,"featured_media":9753,"comment_status":"closed","ping_status":"open","sticky":false,"template":"","format":"standard","meta":{"footnotes":""},"categories":[4],"tags":[],"yoast_head":"<!-- This site is optimized with the Yoast SEO plugin v23.3 - https:\/\/yoast.com\/wordpress\/plugins\/seo\/ -->\n<title>Inteligencia artificial y pol\u00edtica - Universo Fam\u00edlia<\/title>\n<meta name=\"description\" content=\"Inteligencia artificial y pol\u00edtica: c\u00f3mo los gobiernos regulan la IA en todo el mundo es un tema que dej\u00f3 de ser exclusivo de conferencias...\" \/>\n<meta name=\"robots\" content=\"index, follow, max-snippet:-1, max-image-preview:large, max-video-preview:-1\" \/>\n<link rel=\"canonical\" href=\"https:\/\/universofamilia.com\/pl\/inteligencia-artificial-y-politica\/\" \/>\n<meta property=\"og:locale\" content=\"pl_PL\" \/>\n<meta property=\"og:type\" content=\"article\" \/>\n<meta property=\"og:title\" content=\"Inteligencia artificial y pol\u00edtica - Universo Fam\u00edlia\" \/>\n<meta property=\"og:description\" content=\"Inteligencia artificial y pol\u00edtica: c\u00f3mo los gobiernos regulan la IA en todo el mundo es un tema que dej\u00f3 de ser exclusivo de conferencias...\" \/>\n<meta property=\"og:url\" content=\"https:\/\/universofamilia.com\/pl\/inteligencia-artificial-y-politica\/\" \/>\n<meta property=\"og:site_name\" content=\"Universo Fam\u00edlia\" \/>\n<meta property=\"article:published_time\" content=\"2025-10-01T04:42:22+00:00\" \/>\n<meta property=\"article:modified_time\" content=\"2025-10-11T20:08:04+00:00\" \/>\n<meta property=\"og:image\" content=\"https:\/\/universofamilia.com\/wp-content\/uploads\/sites\/148\/2025\/09\/DESTAQUE-UNIVERSO-550-x-350-3.jpg\" \/>\n\t<meta property=\"og:image:width\" content=\"550\" \/>\n\t<meta property=\"og:image:height\" content=\"350\" \/>\n\t<meta property=\"og:image:type\" content=\"image\/jpeg\" \/>\n<meta name=\"author\" content=\"Matheus Sangaletti\" \/>\n<meta name=\"twitter:card\" content=\"summary_large_image\" \/>\n<meta name=\"twitter:label1\" content=\"Written by\" \/>\n\t<meta name=\"twitter:data1\" content=\"Matheus Sangaletti\" \/>\n\t<meta name=\"twitter:label2\" content=\"Est. reading time\" \/>\n\t<meta name=\"twitter:data2\" content=\"8 minut\" \/>\n<script type=\"application\/ld+json\" class=\"yoast-schema-graph\">{\"@context\":\"https:\/\/schema.org\",\"@graph\":[{\"@type\":\"WebPage\",\"@id\":\"https:\/\/universofamilia.com\/nl\/inteligencia-artificial-y-politica\/\",\"url\":\"https:\/\/universofamilia.com\/nl\/inteligencia-artificial-y-politica\/\",\"name\":\"Inteligencia artificial y pol\u00edtica - Universo Fam\u00edlia\",\"isPartOf\":{\"@id\":\"https:\/\/universofamilia.com\/el\/#website\"},\"primaryImageOfPage\":{\"@id\":\"https:\/\/universofamilia.com\/nl\/inteligencia-artificial-y-politica\/#primaryimage\"},\"image\":{\"@id\":\"https:\/\/universofamilia.com\/nl\/inteligencia-artificial-y-politica\/#primaryimage\"},\"thumbnailUrl\":\"https:\/\/universofamilia.com\/wp-content\/uploads\/sites\/148\/2025\/09\/DESTAQUE-UNIVERSO-550-x-350-3.jpg\",\"datePublished\":\"2025-10-01T04:42:22+00:00\",\"dateModified\":\"2025-10-11T20:08:04+00:00\",\"author\":{\"@id\":\"https:\/\/universofamilia.com\/el\/#\/schema\/person\/92fcd07e9b1f4323bf74f3170fc0f78a\"},\"description\":\"Inteligencia artificial y pol\u00edtica: c\u00f3mo los gobiernos regulan la IA en todo el mundo es un tema que dej\u00f3 de ser exclusivo de conferencias...\",\"breadcrumb\":{\"@id\":\"https:\/\/universofamilia.com\/nl\/inteligencia-artificial-y-politica\/#breadcrumb\"},\"inLanguage\":\"pl-PL\",\"potentialAction\":[{\"@type\":\"ReadAction\",\"target\":[\"https:\/\/universofamilia.com\/nl\/inteligencia-artificial-y-politica\/\"]}]},{\"@type\":\"ImageObject\",\"inLanguage\":\"pl-PL\",\"@id\":\"https:\/\/universofamilia.com\/nl\/inteligencia-artificial-y-politica\/#primaryimage\",\"url\":\"https:\/\/universofamilia.com\/wp-content\/uploads\/sites\/148\/2025\/09\/DESTAQUE-UNIVERSO-550-x-350-3.jpg\",\"contentUrl\":\"https:\/\/universofamilia.com\/wp-content\/uploads\/sites\/148\/2025\/09\/DESTAQUE-UNIVERSO-550-x-350-3.jpg\",\"width\":550,\"height\":350},{\"@type\":\"BreadcrumbList\",\"@id\":\"https:\/\/universofamilia.com\/nl\/inteligencia-artificial-y-politica\/#breadcrumb\",\"itemListElement\":[{\"@type\":\"ListItem\",\"position\":1,\"name\":\"Home\",\"item\":\"https:\/\/universofamilia.com\/el\/\"},{\"@type\":\"ListItem\",\"position\":2,\"name\":\"Inteligencia artificial y pol\u00edtica\"}]},{\"@type\":\"WebSite\",\"@id\":\"https:\/\/universofamilia.com\/el\/#website\",\"url\":\"https:\/\/universofamilia.com\/el\/\",\"name\":\"Universo Fam\u00edlia\",\"description\":\"\",\"potentialAction\":[{\"@type\":\"SearchAction\",\"target\":{\"@type\":\"EntryPoint\",\"urlTemplate\":\"https:\/\/universofamilia.com\/el\/?s={search_term_string}\"},\"query-input\":\"required name=search_term_string\"}],\"inLanguage\":\"pl-PL\"},{\"@type\":\"Person\",\"@id\":\"https:\/\/universofamilia.com\/el\/#\/schema\/person\/92fcd07e9b1f4323bf74f3170fc0f78a\",\"name\":\"Matheus Sangaletti\",\"image\":{\"@type\":\"ImageObject\",\"inLanguage\":\"pl-PL\",\"@id\":\"https:\/\/universofamilia.com\/el\/#\/schema\/person\/image\/\",\"url\":\"https:\/\/secure.gravatar.com\/avatar\/280ea957a14a48e6a1ad2133d2cc27c9?s=96&d=mm&r=g\",\"contentUrl\":\"https:\/\/secure.gravatar.com\/avatar\/280ea957a14a48e6a1ad2133d2cc27c9?s=96&d=mm&r=g\",\"caption\":\"Matheus Sangaletti\"},\"url\":\"https:\/\/universofamilia.com\/pl\/author\/matheuss\/\"}]}<\/script>\n<!-- \/ Yoast SEO plugin. -->","yoast_head_json":{"title":"Inteligencia artificial y pol\u00edtica - Universo Fam\u00edlia","description":"Inteligencia artificial y pol\u00edtica: c\u00f3mo los gobiernos regulan la IA en todo el mundo es un tema que dej\u00f3 de ser exclusivo de conferencias...","robots":{"index":"index","follow":"follow","max-snippet":"max-snippet:-1","max-image-preview":"max-image-preview:large","max-video-preview":"max-video-preview:-1"},"canonical":"https:\/\/universofamilia.com\/pl\/inteligencia-artificial-y-politica\/","og_locale":"pl_PL","og_type":"article","og_title":"Inteligencia artificial y pol\u00edtica - Universo Fam\u00edlia","og_description":"Inteligencia artificial y pol\u00edtica: c\u00f3mo los gobiernos regulan la IA en todo el mundo es un tema que dej\u00f3 de ser exclusivo de conferencias...","og_url":"https:\/\/universofamilia.com\/pl\/inteligencia-artificial-y-politica\/","og_site_name":"Universo Fam\u00edlia","article_published_time":"2025-10-01T04:42:22+00:00","article_modified_time":"2025-10-11T20:08:04+00:00","og_image":[{"width":550,"height":350,"url":"https:\/\/universofamilia.com\/wp-content\/uploads\/sites\/148\/2025\/09\/DESTAQUE-UNIVERSO-550-x-350-3.jpg","type":"image\/jpeg"}],"author":"Matheus Sangaletti","twitter_card":"summary_large_image","twitter_misc":{"Written by":"Matheus Sangaletti","Est. reading time":"8 minut"},"schema":{"@context":"https:\/\/schema.org","@graph":[{"@type":"WebPage","@id":"https:\/\/universofamilia.com\/nl\/inteligencia-artificial-y-politica\/","url":"https:\/\/universofamilia.com\/nl\/inteligencia-artificial-y-politica\/","name":"Inteligencia artificial y pol\u00edtica - Universo Fam\u00edlia","isPartOf":{"@id":"https:\/\/universofamilia.com\/el\/#website"},"primaryImageOfPage":{"@id":"https:\/\/universofamilia.com\/nl\/inteligencia-artificial-y-politica\/#primaryimage"},"image":{"@id":"https:\/\/universofamilia.com\/nl\/inteligencia-artificial-y-politica\/#primaryimage"},"thumbnailUrl":"https:\/\/universofamilia.com\/wp-content\/uploads\/sites\/148\/2025\/09\/DESTAQUE-UNIVERSO-550-x-350-3.jpg","datePublished":"2025-10-01T04:42:22+00:00","dateModified":"2025-10-11T20:08:04+00:00","author":{"@id":"https:\/\/universofamilia.com\/el\/#\/schema\/person\/92fcd07e9b1f4323bf74f3170fc0f78a"},"description":"Inteligencia artificial y pol\u00edtica: c\u00f3mo los gobiernos regulan la IA en todo el mundo es un tema que dej\u00f3 de ser exclusivo de conferencias...","breadcrumb":{"@id":"https:\/\/universofamilia.com\/nl\/inteligencia-artificial-y-politica\/#breadcrumb"},"inLanguage":"pl-PL","potentialAction":[{"@type":"ReadAction","target":["https:\/\/universofamilia.com\/nl\/inteligencia-artificial-y-politica\/"]}]},{"@type":"ImageObject","inLanguage":"pl-PL","@id":"https:\/\/universofamilia.com\/nl\/inteligencia-artificial-y-politica\/#primaryimage","url":"https:\/\/universofamilia.com\/wp-content\/uploads\/sites\/148\/2025\/09\/DESTAQUE-UNIVERSO-550-x-350-3.jpg","contentUrl":"https:\/\/universofamilia.com\/wp-content\/uploads\/sites\/148\/2025\/09\/DESTAQUE-UNIVERSO-550-x-350-3.jpg","width":550,"height":350},{"@type":"BreadcrumbList","@id":"https:\/\/universofamilia.com\/nl\/inteligencia-artificial-y-politica\/#breadcrumb","itemListElement":[{"@type":"ListItem","position":1,"name":"Home","item":"https:\/\/universofamilia.com\/el\/"},{"@type":"ListItem","position":2,"name":"Inteligencia artificial y pol\u00edtica"}]},{"@type":"WebSite","@id":"https:\/\/universofamilia.com\/el\/#website","url":"https:\/\/universofamilia.com\/el\/","name":"Universo Fam\u00edlia","description":"","potentialAction":[{"@type":"SearchAction","target":{"@type":"EntryPoint","urlTemplate":"https:\/\/universofamilia.com\/el\/?s={search_term_string}"},"query-input":"required name=search_term_string"}],"inLanguage":"pl-PL"},{"@type":"Person","@id":"https:\/\/universofamilia.com\/el\/#\/schema\/person\/92fcd07e9b1f4323bf74f3170fc0f78a","name":"Matheus Sangaletti","image":{"@type":"ImageObject","inLanguage":"pl-PL","@id":"https:\/\/universofamilia.com\/el\/#\/schema\/person\/image\/","url":"https:\/\/secure.gravatar.com\/avatar\/280ea957a14a48e6a1ad2133d2cc27c9?s=96&d=mm&r=g","contentUrl":"https:\/\/secure.gravatar.com\/avatar\/280ea957a14a48e6a1ad2133d2cc27c9?s=96&d=mm&r=g","caption":"Matheus Sangaletti"},"url":"https:\/\/universofamilia.com\/pl\/author\/matheuss\/"}]}},"_links":{"self":[{"href":"https:\/\/universofamilia.com\/pl\/wp-json\/wp\/v2\/posts\/9758"}],"collection":[{"href":"https:\/\/universofamilia.com\/pl\/wp-json\/wp\/v2\/posts"}],"about":[{"href":"https:\/\/universofamilia.com\/pl\/wp-json\/wp\/v2\/types\/post"}],"author":[{"embeddable":true,"href":"https:\/\/universofamilia.com\/pl\/wp-json\/wp\/v2\/users\/219"}],"replies":[{"embeddable":true,"href":"https:\/\/universofamilia.com\/pl\/wp-json\/wp\/v2\/comments?post=9758"}],"version-history":[{"count":6,"href":"https:\/\/universofamilia.com\/pl\/wp-json\/wp\/v2\/posts\/9758\/revisions"}],"predecessor-version":[{"id":9947,"href":"https:\/\/universofamilia.com\/pl\/wp-json\/wp\/v2\/posts\/9758\/revisions\/9947"}],"wp:featuredmedia":[{"embeddable":true,"href":"https:\/\/universofamilia.com\/pl\/wp-json\/wp\/v2\/media\/9753"}],"wp:attachment":[{"href":"https:\/\/universofamilia.com\/pl\/wp-json\/wp\/v2\/media?parent=9758"}],"wp:term":[{"taxonomy":"category","embeddable":true,"href":"https:\/\/universofamilia.com\/pl\/wp-json\/wp\/v2\/categories?post=9758"},{"taxonomy":"post_tag","embeddable":true,"href":"https:\/\/universofamilia.com\/pl\/wp-json\/wp\/v2\/tags?post=9758"}],"curies":[{"name":"wp","href":"https:\/\/api.w.org\/{rel}","templated":true}]}}