{"id":10073,"date":"2025-10-13T12:50:28","date_gmt":"2025-10-13T15:50:28","guid":{"rendered":"https:\/\/universofamilia.com\/?p=10073"},"modified":"2025-10-16T15:40:53","modified_gmt":"2025-10-16T18:40:53","slug":"ambiental","status":"publish","type":"post","link":"https:\/\/universofamilia.com\/pt\/ambiental\/","title":{"rendered":"10 a\u00e7\u00f5es sustent\u00e1veis para reduzir a crise ambiental"},"content":{"rendered":"<p class=\"has-text-align-center\">O <strong>10 a\u00e7\u00f5es sustent\u00e1veis para reduzir os efeitos da crise ambiental<\/strong> tornaram-se uma prioridade urgente para a humanidade.<\/p>\n\n\n\n<figure class=\"wp-block-gallery aligncenter has-nested-images columns-default is-cropped wp-block-gallery-1 is-layout-flex wp-block-gallery-is-layout-flex\">\n<figure class=\"wp-block-image size-full\"><img loading=\"lazy\" decoding=\"async\" width=\"450\" height=\"250\" data-id=\"10075\" src=\"https:\/\/universofamilia.com\/wp-content\/uploads\/sites\/148\/2025\/10\/Destaque-Novo-Universo-2-1.jpg\" alt=\"\" class=\"wp-image-10075\" srcset=\"https:\/\/universofamilia.com\/wp-content\/uploads\/sites\/148\/2025\/10\/Destaque-Novo-Universo-2-1.jpg 450w, https:\/\/universofamilia.com\/wp-content\/uploads\/sites\/148\/2025\/10\/Destaque-Novo-Universo-2-1-300x167.jpg 300w, https:\/\/universofamilia.com\/wp-content\/uploads\/sites\/148\/2025\/10\/Destaque-Novo-Universo-2-1-18x10.jpg 18w\" sizes=\"(max-width: 450px) 100vw, 450px\" \/><figcaption class=\"wp-element-caption\">CANVA<\/figcaption><\/figure>\n<\/figure>\n\n\n\n<p>A degrada\u00e7\u00e3o ambiental, a perda de biodiversidade e as mudan\u00e7as clim\u00e1ticas n\u00e3o s\u00e3o mais problemas do futuro; seus efeitos impactam a vida di\u00e1ria de milh\u00f5es de pessoas no M\u00e9xico e no mundo todo.<\/p>\n\n\n\n<p>De secas prolongadas a ondas de calor extremas, os sinais da crise ambiental est\u00e3o se tornando vis\u00edveis em nossas cidades e campos.<\/p>\n\n\n\n<p>Adotar h\u00e1bitos sustent\u00e1veis n\u00e3o s\u00f3 protege o planeta, mas tamb\u00e9m melhora a qualidade de vida, fortalece as economias locais e reduz os riscos \u00e0 sa\u00fade.<\/p>\n\n\n\n<p>Este artigo oferece uma abordagem pr\u00e1tica e bem fundamentada, mostrando como decis\u00f5es individuais e coletivas podem fazer a diferen\u00e7a.<\/p>\n\n\n\n<p><strong>Resumo:<\/strong><\/p>\n\n\n\n<ol>\n<li>A urg\u00eancia da sustentabilidade em 2025<\/li>\n\n\n\n<li>As 10 principais a\u00e7\u00f5es sustent\u00e1veis e como aplic\u00e1-las<\/li>\n\n\n\n<li>Exemplos atuais e reais de implementa\u00e7\u00e3o<\/li>\n\n\n\n<li>Benef\u00edcios econ\u00f4micos, sociais e ambientais da sustentabilidade<\/li>\n\n\n\n<li>Como integrar essas a\u00e7\u00f5es na vida di\u00e1ria de forma eficaz<\/li>\n\n\n\n<li>Conclus\u00e3o e perguntas frequentes<\/li>\n<\/ol>\n\n\n\n<h3 class=\"wp-block-heading\"><strong>A urg\u00eancia da sustentabilidade em 2025<\/strong><\/h3>\n\n\n\n<p>A taxa de degrada\u00e7\u00e3o ambiental atingiu n\u00edveis alarmantes. De acordo com a <em>Relat\u00f3rio sobre o Estado Global do Meio Ambiente 2024<\/em> da ONU, <strong>Mais de 75% dos ecossistemas terrestres est\u00e3o significativamente alterados<\/strong>, e os oceanos est\u00e3o enfrentando n\u00edveis hist\u00f3ricos de polui\u00e7\u00e3o por pl\u00e1stico e CO\u2082.<\/p>\n\n\n\n<p>Al\u00e9m disso, prev\u00ea-se que as temperaturas globais aumentem em m\u00e9dia 1,5\u00b0C at\u00e9 o final de 2030 sem a\u00e7\u00e3o imediata.<\/p>\n\n\n\n<p>Para entender melhor, imagine o planeta como um organismo vivo: cada a\u00e7\u00e3o humana pode ser um rem\u00e9dio ou um veneno.<\/p>\n\n\n\n<p>Emiss\u00f5es excessivas, desmatamento e consumo desenfreado enfraquecem seus sistemas vitais, afetando a sa\u00fade, a seguran\u00e7a alimentar e a estabilidade econ\u00f4mica.<\/p>\n\n\n\n<p>Sustentabilidade n\u00e3o \u00e9 apenas um ideal; \u00e9 uma estrat\u00e9gia de sobreviv\u00eancia.<\/p>\n\n\n\n<p>No M\u00e9xico, os impactos s\u00e3o palp\u00e1veis:<\/p>\n\n\n\n<ul>\n<li>A Cidade do M\u00e9xico e Monterrey est\u00e3o enfrentando ondas de calor com temperaturas superiores a 40\u00b0C, afetando milh\u00f5es de moradores.<\/li>\n\n\n\n<li>Em Oaxaca e Chiapas, a agricultura enfrenta perdas de at\u00e9 20% nas colheitas devido a secas prolongadas e mudan\u00e7as nos padr\u00f5es de chuva.<\/li>\n\n\n\n<li>A polui\u00e7\u00e3o do ar em cidades industriais causa doen\u00e7as respirat\u00f3rias que afetam principalmente crian\u00e7as e idosos.<\/li>\n<\/ul>\n\n\n\n<p>Diante dessa realidade, a <strong>10 a\u00e7\u00f5es sustent\u00e1veis para reduzir os efeitos da crise ambiental<\/strong> Elas n\u00e3o s\u00e3o opcionais; s\u00e3o necess\u00e1rias para proteger vidas e ecossistemas.<\/p>\n\n\n\n<h3 class=\"wp-block-heading\"><strong>10 a\u00e7\u00f5es sustent\u00e1veis para reduzir os efeitos da crise ambiental<\/strong><\/h3>\n\n\n\n<p>Abaixo est\u00e3o estrat\u00e9gias concretas, com informa\u00e7\u00f5es atualizadas, exemplos da vida real e recomenda\u00e7\u00f5es pr\u00e1ticas para integr\u00e1-las \u00e0 vida cotidiana.<\/p>\n\n\n\n<h4 class=\"wp-block-heading\"><strong>Reduzir o consumo de energia<\/strong><\/h4>\n\n\n\n<p>O consumo excessivo de energia contribui significativamente para as emiss\u00f5es de CO\u2082.<\/p>\n\n\n\n<p>Pequenas a\u00e7\u00f5es, como substituir l\u00e2mpadas incandescentes por LEDs, desligar aparelhos da tomada quando n\u00e3o estiverem em uso e optar por aparelhos com efici\u00eancia energ\u00e9tica podem reduzir significativamente a pegada de carbono de uma casa.<\/p>\n\n\n\n<p>Na Cidade do M\u00e9xico, os programas de efici\u00eancia energ\u00e9tica permitiram que mais de <strong>500.000 domic\u00edlios<\/strong> reduzir seu consumo de eletricidade em uma m\u00e9dia de 15 % anualmente, gerando economia econ\u00f4mica e reduzindo a polui\u00e7\u00e3o.<\/p>\n\n\n\n<h4 class=\"wp-block-heading\"><strong>Mobilidade sustent\u00e1vel<\/strong><\/h4>\n\n\n\n<p>Optar por transporte p\u00fablico, bicicletas ou ve\u00edculos el\u00e9tricos n\u00e3o s\u00f3 reduz as emiss\u00f5es poluentes como tamb\u00e9m melhora a qualidade de vida urbana.<\/p>\n\n\n\n<p>Cidades como Guadalajara e Monterrey implementaram ciclovias e sistemas de transporte el\u00e9trico que beneficiam mais de 1,5 milh\u00e3o de pessoas diariamente.<\/p>\n\n\n\n<p>Al\u00e9m disso, a mobilidade sustent\u00e1vel reduz o tr\u00e2nsito, diminui acidentes e promove h\u00e1bitos saud\u00e1veis.<\/p>\n\n\n\n<p>Voc\u00ea consegue imaginar um dia na vida em que caminhar ou andar de bicicleta se torna a norma e n\u00e3o a exce\u00e7\u00e3o?<\/p>\n\n\n\n<h4 class=\"wp-block-heading\"><strong>Alimenta\u00e7\u00e3o consciente<\/strong><\/h4>\n\n\n\n<p>A produ\u00e7\u00e3o de alimentos, especialmente carne e latic\u00ednios, \u00e9 respons\u00e1vel por aproximadamente 25 % das emiss\u00f5es globais de gases de efeito estufa.<\/p>\n\n\n\n<p>Reduzir o consumo de carne, optar por produtos locais e sazonais e priorizar o cultivo de vegetais ajuda a reduzir a press\u00e3o sobre os ecossistemas e fortalece as economias comunit\u00e1rias.<\/p>\n\n\n\n<p>Em Michoac\u00e1n, os agricultores locais adotaram culturas diversificadas e t\u00e9cnicas org\u00e2nicas, aumentando a produ\u00e7\u00e3o de vegetais em 30% e reduzindo o uso de pesticidas qu\u00edmicos.<\/p>\n\n\n\n<h4 class=\"wp-block-heading\"><strong>Gest\u00e3o respons\u00e1vel da \u00e1gua<\/strong><\/h4>\n\n\n\n<p>A \u00e1gua \u00e9 um recurso limitado e sua gest\u00e3o eficiente \u00e9 fundamental. Instalar dispositivos de economia de \u00e1gua, coletar \u00e1gua da chuva e consertar vazamentos s\u00e3o medidas b\u00e1sicas, mas eficazes.<\/p>\n\n\n\n<p>Em Oaxaca, as comunidades rurais conseguiram recuperar os aqu\u00edferos locais por meio de sistemas de coleta de \u00e1gua da chuva e educa\u00e7\u00e3o comunit\u00e1ria, melhorando a disponibilidade de \u00e1gua pot\u00e1vel e garantindo a continuidade agr\u00edcola.<\/p>\n\n\n\n<h4 class=\"wp-block-heading\"><strong>Redu\u00e7\u00e3o de res\u00edduos e reciclagem<\/strong><\/h4>\n\n\n\n<p>Separar o lixo, compostar res\u00edduos org\u00e2nicos e reutilizar materiais evita que toneladas de res\u00edduos acabem em aterros sanit\u00e1rios e oceanos.<\/p>\n\n\n\n<p>De acordo com o <em>Secretaria de Meio Ambiente e Recursos Naturais (SEMARNAT)<\/em>, o M\u00e9xico gera mais de <strong>45 milh\u00f5es de toneladas de res\u00edduos s\u00f3lidos por ano<\/strong>, dos quais apenas 12% s\u00e3o reciclados. Implementar pol\u00edticas de separa\u00e7\u00e3o e compostagem pode reverter essa tend\u00eancia.<\/p>\n\n\n\n<h4 class=\"wp-block-heading\"><strong>Energias renov\u00e1veis<\/strong><\/h4>\n\n\n\n<p>A transi\u00e7\u00e3o energ\u00e9tica \u00e9 fundamental para reduzir a depend\u00eancia de combust\u00edveis f\u00f3sseis.<\/p>\n\n\n\n<p>A instala\u00e7\u00e3o de pain\u00e9is solares, pequenas turbinas e\u00f3licas e sistemas de aquecimento eficientes contribui significativamente para a redu\u00e7\u00e3o de emiss\u00f5es.<\/p>\n\n\n\n<p>Em 2024, o M\u00e9xico inaugurou em Sonora um dos maiores parques solares da Am\u00e9rica Latina, capaz de abastecer mais de um milh\u00e3o de resid\u00eancias e evitar a emiss\u00e3o de mais de <strong>400.000 toneladas de CO\u2082<\/strong> anual.<\/p>\n\n\n\n<h4 class=\"wp-block-heading\"><strong>Reflorestamento e cuidado de \u00e1reas verdes<\/strong><\/h4>\n\n\n\n<p>Florestas e \u00e1reas verdes regulam o clima, capturam CO\u2082 e protegem a biodiversidade.<\/p>\n\n\n\n<p>Plantar \u00e1rvores e conservar as florestas existentes \u00e9 uma a\u00e7\u00e3o direta contra a degrada\u00e7\u00e3o ambiental.<\/p>\n\n\n\n<p>Um projeto em Chiapas plantou mais de 1 milh\u00e3o de \u00e1rvores em \u00e1reas desmatadas desde 2022, restaurando habitats de esp\u00e9cies nativas e melhorando a qualidade do ar em comunidades pr\u00f3ximas.<\/p>\n\n\n\n<h4 class=\"wp-block-heading\"><strong>Consumo respons\u00e1vel<\/strong><\/h4>\n\n\n\n<p>Escolher produtos duradouros, evitar embalagens em excesso e priorizar marcas sustent\u00e1veis envia uma mensagem ao mercado: sustentabilidade \u00e9 rent\u00e1vel e procurada pelos consumidores.<\/p>\n\n\n\n<p>Comprar conscientemente tamb\u00e9m reduz o desperd\u00edcio e promove a economia circular.<\/p>\n\n\n\n<h4 class=\"wp-block-heading\"><strong>Educa\u00e7\u00e3o ambiental<\/strong><\/h4>\n\n\n\n<p>Disseminar conhecimento sobre impacto ambiental, das escolas \u00e0s comunidades, aumenta a conscientiza\u00e7\u00e3o e motiva a a\u00e7\u00e3o coletiva.<\/p>\n\n\n\n<p>Workshops, campanhas educativas e m\u00eddias sociais s\u00e3o ferramentas essenciais para multiplicar o impacto das a\u00e7\u00f5es individuais.<\/p>\n\n\n\n<h4 class=\"wp-block-heading\"><strong>Participa\u00e7\u00e3o cidad\u00e3 e pol\u00edtica<\/strong><\/h4>\n\n\n\n<p>Votar em pol\u00edticas verdes, apoiar iniciativas locais e responsabilizar empresas e governos garante que as decis\u00f5es estrat\u00e9gicas priorizem a sustentabilidade.<\/p>\n\n\n\n<p>A press\u00e3o social pode acelerar a ado\u00e7\u00e3o de energia limpa, leis de reciclagem e programas de prote\u00e7\u00e3o ambiental.<\/p>\n\n\n\n<h3 class=\"wp-block-heading\"><strong>Exemplos atuais e reais de implementa\u00e7\u00e3o<\/strong><\/h3>\n\n\n\n<p><strong>Exemplo 1:<\/strong> Em Quer\u00e9taro, uma cooperativa agr\u00edcola implementou t\u00e9cnicas de agricultura regenerativa em 2024.<\/p>\n\n\n\n<p>Isso aumentou a produtividade de milho e feij\u00e3o em 20%, melhorou a biodiversidade local e reduziu a eros\u00e3o do solo, demonstrando que a sustentabilidade pode ser lucrativa e eficaz.<\/p>\n\n\n\n<p><strong>Exemplo 2:<\/strong> Em Guadalajara, a introdu\u00e7\u00e3o do transporte el\u00e9trico e das ciclovias aumentou a mobilidade sustent\u00e1vel em 35% em menos de tr\u00eas anos, reduzindo a polui\u00e7\u00e3o urbana e melhorando a sa\u00fade dos cidad\u00e3os.<\/p>\n\n\n\n<p>Estes exemplos confirmam que a <strong>10 a\u00e7\u00f5es sustent\u00e1veis para reduzir os efeitos da crise ambiental<\/strong> N\u00e3o s\u00e3o utopias; s\u00e3o estrat\u00e9gias vi\u00e1veis com resultados verific\u00e1veis.<\/p>\n\n\n\n<h3 class=\"wp-block-heading\"><strong>Benef\u00edcios econ\u00f4micos, sociais e ambientais da sustentabilidade<\/strong><\/h3>\n\n\n\n<p>A ado\u00e7\u00e3o de pr\u00e1ticas sustent\u00e1veis gera m\u00faltiplos benef\u00edcios:<\/p>\n\n\n\n<ul>\n<li><strong>Econ\u00f4mico:<\/strong> economia de energia e \u00e1gua, cria\u00e7\u00e3o de empregos verdes e fortalecimento das economias locais.<\/li>\n\n\n\n<li><strong>Social:<\/strong> comunidades mais resilientes, menor exposi\u00e7\u00e3o a doen\u00e7as ambientais e maior coes\u00e3o social.<\/li>\n\n\n\n<li><strong>Ambiental:<\/strong> redu\u00e7\u00e3o de emiss\u00f5es, conserva\u00e7\u00e3o da biodiversidade e mitiga\u00e7\u00e3o das mudan\u00e7as clim\u00e1ticas.<\/li>\n<\/ul>\n\n\n\n<figure class=\"wp-block-table\"><table><thead><tr><th>A\u00e7\u00e3o sustent\u00e1vel<\/th><th>Principal benef\u00edcio<\/th><th>Exemplo no M\u00e9xico<\/th><\/tr><\/thead><tbody><tr><td>Redu\u00e7\u00e3o de energia<\/td><td>Menor pegada de carbono<\/td><td>L\u00e2mpadas LED em resid\u00eancias urbanas<\/td><\/tr><tr><td>Mobilidade sustent\u00e1vel<\/td><td>Ar mais limpo<\/td><td>Ciclovias e transporte el\u00e9trico<\/td><\/tr><tr><td>Alimenta\u00e7\u00e3o consciente<\/td><td>Menos emiss\u00f5es agr\u00edcolas<\/td><td>Agricultura local e consumo de leguminosas<\/td><\/tr><tr><td>Gest\u00e3o da \u00e1gua<\/td><td>Disponibilidade de \u00e1gua<\/td><td>Capta\u00e7\u00e3o de \u00e1gua da chuva em Oaxaca<\/td><\/tr><tr><td>Reflorestamento<\/td><td>Conserva\u00e7\u00e3o da biodiversidade<\/td><td>Plantio de \u00e1rvores em Chiapas<\/td><\/tr><\/tbody><\/table><figcaption class=\"wp-element-caption\">10 a\u00e7\u00f5es sustent\u00e1veis para reduzir os efeitos da crise ambiental<\/figcaption><\/figure>\n\n\n\n<figure class=\"wp-block-gallery aligncenter has-nested-images columns-default is-cropped wp-block-gallery-2 is-layout-flex wp-block-gallery-is-layout-flex\">\n<figure class=\"wp-block-image size-full\"><img loading=\"lazy\" decoding=\"async\" width=\"450\" height=\"250\" data-id=\"10076\" src=\"https:\/\/universofamilia.com\/wp-content\/uploads\/sites\/148\/2025\/10\/Destaque-Novo-Universo-4.jpg\" alt=\"\" class=\"wp-image-10076\" srcset=\"https:\/\/universofamilia.com\/wp-content\/uploads\/sites\/148\/2025\/10\/Destaque-Novo-Universo-4.jpg 450w, https:\/\/universofamilia.com\/wp-content\/uploads\/sites\/148\/2025\/10\/Destaque-Novo-Universo-4-300x167.jpg 300w, https:\/\/universofamilia.com\/wp-content\/uploads\/sites\/148\/2025\/10\/Destaque-Novo-Universo-4-18x10.jpg 18w\" sizes=\"(max-width: 450px) 100vw, 450px\" \/><figcaption class=\"wp-element-caption\">CANVA<\/figcaption><\/figure>\n<\/figure>\n\n\n\n<p>Leia mais:&nbsp;<a href=\"https:\/\/universofamilia.com\/pt\/crisis-climatica-global\/\">Crise clim\u00e1tica global: os impactos que j\u00e1 afetam milh\u00f5es<\/a><\/p>\n\n\n\n<h3 class=\"wp-block-heading\"><strong>Como integrar essas a\u00e7\u00f5es na vida di\u00e1ria<\/strong><\/h3>\n\n\n\n<p>Integrar essas a\u00e7\u00f5es exige comprometimento e consist\u00eancia. Voc\u00ea pode:<\/p>\n\n\n\n<ul>\n<li>Reveja os h\u00e1bitos de consumo de energia e reduza o desperd\u00edcio.<\/li>\n\n\n\n<li>Opte por transporte sustent\u00e1vel e caminhe sempre que poss\u00edvel.<\/li>\n\n\n\n<li>Compre produtos locais e sazonais, reduzindo emiss\u00f5es e apoiando os produtores.<\/li>\n\n\n\n<li>Participe de programas comunit\u00e1rios de reciclagem e reflorestamento.<\/li>\n\n\n\n<li>Eduque familiares e amigos, multiplicando o impacto de suas a\u00e7\u00f5es.<\/li>\n<\/ul>\n\n\n\n<p>Pergunte a si mesmo: <strong>O que aconteceria se milh\u00f5es de pessoas adotassem essas medidas simultaneamente?<\/strong> A resposta mostra o poder da a\u00e7\u00e3o coletiva sobre as mudan\u00e7as clim\u00e1ticas.<\/p>\n\n\n\n<h3 class=\"wp-block-heading\"><strong>Conclus\u00e3o<\/strong><\/h3>\n\n\n\n<p>Implementar o <strong>10 a\u00e7\u00f5es sustent\u00e1veis para reduzir os efeitos da crise ambiental<\/strong> N\u00e3o \u00e9 apenas um dever ambiental, mas um investimento em nosso futuro.<\/p>\n\n\n\n<p>Evid\u00eancias cient\u00edficas, exemplos locais e a urg\u00eancia das mudan\u00e7as clim\u00e1ticas demonstram que cada a\u00e7\u00e3o individual conta.<\/p>\n\n\n\n<p><a href=\"https:\/\/universofamilia.com\/pt\/inteligencia-artificial-y-politica\/\">Adotar<\/a> Pr\u00e1ticas sustent\u00e1veis fortalecem a resili\u00eancia da comunidade, protegem os ecossistemas e garantem um futuro mais saud\u00e1vel.<\/p>\n\n\n\n<p>O desafio \u00e9 global, mas a solu\u00e7\u00e3o tamb\u00e9m pode ser: conhecimento, colabora\u00e7\u00e3o e a\u00e7\u00e3o consciente s\u00e3o as ferramentas para construir um mundo sustent\u00e1vel, justo e resiliente.<\/p>\n\n\n\n<p>Leia mais:&nbsp;<a href=\"https:\/\/universofamilia.com\/pt\/los-paises-mas-avanzados-en-regulacion-de-ia-en-2025\/\">Os pa\u00edses mais avan\u00e7ados na regulamenta\u00e7\u00e3o da IA em 2025<\/a><\/p>\n\n\n\n<h3 class=\"wp-block-heading\"><strong>Perguntas frequentes<\/strong><\/h3>\n\n\n\n<p><strong>1. Por que \u00e9 importante agir agora?<\/strong><br>A degrada\u00e7\u00e3o ambiental e as mudan\u00e7as clim\u00e1ticas avan\u00e7am rapidamente, afetando a sa\u00fade, a economia e a seguran\u00e7a alimentar. Cada a\u00e7\u00e3o imediata tem um impacto positivo cumulativo.<\/p>\n\n\n\n<p><strong>2. Qual a\u00e7\u00e3o tem o maior impacto?<\/strong><br>Depende do contexto, mas mobilidade sustent\u00e1vel, energia renov\u00e1vel e gest\u00e3o de res\u00edduos geralmente geram benef\u00edcios r\u00e1pidos e mensur\u00e1veis.<\/p>\n\n\n\n<p><strong>3. Como envolver a comunidade?<\/strong><br>Organize workshops, participe de projetos locais e compartilhe informa\u00e7\u00f5es sobre sustentabilidade nas m\u00eddias sociais e nas escolas.<\/p>\n\n\n\n<p><strong>4. \u00c9 caro ser sustent\u00e1vel?<\/strong><br>Algumas a\u00e7\u00f5es exigem um investimento inicial, mas geram economias e benef\u00edcios ambientais e sociais a m\u00e9dio e longo prazo.<\/p>\n\n\n\n<p><strong>5. O que fazer se o governo n\u00e3o promover pol\u00edticas verdes?<\/strong><br>A\u00e7\u00f5es individuais e coletivas continuam eficazes. <\/p>\n\n\n\n<p>Apoiar iniciativas comunit\u00e1rias e empresas respons\u00e1veis pode compensar a falta de pol\u00edticas p\u00fablicas imediatas.<\/p>","protected":false},"excerpt":{"rendered":"<p>As 10 a\u00e7\u00f5es sustent\u00e1veis para reduzir os efeitos da crise ambiental tornaram-se uma prioridade urgente para a humanidade. A degrada\u00e7\u00e3o ambiental, a perda de biodiversidade e as mudan\u00e7as clim\u00e1ticas n\u00e3o s\u00e3o mais problemas do futuro; seus efeitos impactam a vida cotidiana de milh\u00f5es de pessoas no M\u00e9xico e em todo o mundo. Das secas [\u2026]<\/p>","protected":false},"author":219,"featured_media":10074,"comment_status":"closed","ping_status":"open","sticky":false,"template":"","format":"standard","meta":{"footnotes":""},"categories":[4],"tags":[],"yoast_head":"<!-- This site is optimized with the Yoast SEO plugin v23.3 - https:\/\/yoast.com\/wordpress\/plugins\/seo\/ -->\n<title>10 acciones sustentables para reducir la crisis ambiental - Universo Fam\u00edlia<\/title>\n<meta name=\"description\" content=\"Las 10 acciones sustentables para reducir los efectos de la crisis ambiental se han convertido en una prioridad urgente para la humanidad.\" \/>\n<meta name=\"robots\" content=\"index, follow, max-snippet:-1, max-image-preview:large, max-video-preview:-1\" \/>\n<link rel=\"canonical\" href=\"https:\/\/universofamilia.com\/pt\/ambiental\/\" \/>\n<meta property=\"og:locale\" content=\"pt_BR\" \/>\n<meta property=\"og:type\" content=\"article\" \/>\n<meta property=\"og:title\" content=\"10 acciones sustentables para reducir la crisis ambiental - Universo Fam\u00edlia\" \/>\n<meta property=\"og:description\" content=\"Las 10 acciones sustentables para reducir los efectos de la crisis ambiental se han convertido en una prioridad urgente para la humanidad.\" \/>\n<meta property=\"og:url\" content=\"https:\/\/universofamilia.com\/pt\/ambiental\/\" \/>\n<meta property=\"og:site_name\" content=\"Universo Fam\u00edlia\" \/>\n<meta property=\"article:published_time\" content=\"2025-10-13T15:50:28+00:00\" \/>\n<meta property=\"article:modified_time\" content=\"2025-10-16T18:40:53+00:00\" \/>\n<meta property=\"og:image\" content=\"https:\/\/universofamilia.com\/wp-content\/uploads\/sites\/148\/2025\/10\/Destaque-Novo-Universo-2.jpg\" \/>\n\t<meta property=\"og:image:width\" content=\"450\" \/>\n\t<meta property=\"og:image:height\" content=\"250\" \/>\n\t<meta property=\"og:image:type\" content=\"image\/jpeg\" \/>\n<meta name=\"author\" content=\"Matheus Sangaletti\" \/>\n<meta name=\"twitter:card\" content=\"summary_large_image\" \/>\n<meta name=\"twitter:label1\" content=\"Written by\" \/>\n\t<meta name=\"twitter:data1\" content=\"Matheus Sangaletti\" \/>\n\t<meta name=\"twitter:label2\" content=\"Est. reading time\" \/>\n\t<meta name=\"twitter:data2\" content=\"10 minutos\" \/>\n<script type=\"application\/ld+json\" class=\"yoast-schema-graph\">{\"@context\":\"https:\/\/schema.org\",\"@graph\":[{\"@type\":\"WebPage\",\"@id\":\"https:\/\/universofamilia.com\/ko\/ambiental\/\",\"url\":\"https:\/\/universofamilia.com\/ko\/ambiental\/\",\"name\":\"10 acciones sustentables para reducir la crisis ambiental - Universo Fam\u00edlia\",\"isPartOf\":{\"@id\":\"https:\/\/universofamilia.com\/el\/#website\"},\"primaryImageOfPage\":{\"@id\":\"https:\/\/universofamilia.com\/ko\/ambiental\/#primaryimage\"},\"image\":{\"@id\":\"https:\/\/universofamilia.com\/ko\/ambiental\/#primaryimage\"},\"thumbnailUrl\":\"https:\/\/universofamilia.com\/wp-content\/uploads\/sites\/148\/2025\/10\/Destaque-Novo-Universo-2.jpg\",\"datePublished\":\"2025-10-13T15:50:28+00:00\",\"dateModified\":\"2025-10-16T18:40:53+00:00\",\"author\":{\"@id\":\"https:\/\/universofamilia.com\/el\/#\/schema\/person\/92fcd07e9b1f4323bf74f3170fc0f78a\"},\"description\":\"Las 10 acciones sustentables para reducir los efectos de la crisis ambiental se han convertido en una prioridad urgente para la humanidad.\",\"breadcrumb\":{\"@id\":\"https:\/\/universofamilia.com\/ko\/ambiental\/#breadcrumb\"},\"inLanguage\":\"pt-BR\",\"potentialAction\":[{\"@type\":\"ReadAction\",\"target\":[\"https:\/\/universofamilia.com\/ko\/ambiental\/\"]}]},{\"@type\":\"ImageObject\",\"inLanguage\":\"pt-BR\",\"@id\":\"https:\/\/universofamilia.com\/ko\/ambiental\/#primaryimage\",\"url\":\"https:\/\/universofamilia.com\/wp-content\/uploads\/sites\/148\/2025\/10\/Destaque-Novo-Universo-2.jpg\",\"contentUrl\":\"https:\/\/universofamilia.com\/wp-content\/uploads\/sites\/148\/2025\/10\/Destaque-Novo-Universo-2.jpg\",\"width\":450,\"height\":250},{\"@type\":\"BreadcrumbList\",\"@id\":\"https:\/\/universofamilia.com\/ko\/ambiental\/#breadcrumb\",\"itemListElement\":[{\"@type\":\"ListItem\",\"position\":1,\"name\":\"Home\",\"item\":\"https:\/\/universofamilia.com\/el\/\"},{\"@type\":\"ListItem\",\"position\":2,\"name\":\"10 acciones sustentables para reducir la crisis ambiental\"}]},{\"@type\":\"WebSite\",\"@id\":\"https:\/\/universofamilia.com\/el\/#website\",\"url\":\"https:\/\/universofamilia.com\/el\/\",\"name\":\"Universo Fam\u00edlia\",\"description\":\"\",\"potentialAction\":[{\"@type\":\"SearchAction\",\"target\":{\"@type\":\"EntryPoint\",\"urlTemplate\":\"https:\/\/universofamilia.com\/el\/?s={search_term_string}\"},\"query-input\":\"required name=search_term_string\"}],\"inLanguage\":\"pt-BR\"},{\"@type\":\"Person\",\"@id\":\"https:\/\/universofamilia.com\/el\/#\/schema\/person\/92fcd07e9b1f4323bf74f3170fc0f78a\",\"name\":\"Matheus Sangaletti\",\"image\":{\"@type\":\"ImageObject\",\"inLanguage\":\"pt-BR\",\"@id\":\"https:\/\/universofamilia.com\/el\/#\/schema\/person\/image\/\",\"url\":\"https:\/\/secure.gravatar.com\/avatar\/280ea957a14a48e6a1ad2133d2cc27c9?s=96&d=mm&r=g\",\"contentUrl\":\"https:\/\/secure.gravatar.com\/avatar\/280ea957a14a48e6a1ad2133d2cc27c9?s=96&d=mm&r=g\",\"caption\":\"Matheus Sangaletti\"},\"url\":\"https:\/\/universofamilia.com\/pt\/author\/matheuss\/\"}]}<\/script>\n<!-- \/ Yoast SEO plugin. -->","yoast_head_json":{"title":"10 acciones sustentables para reducir la crisis ambiental - Universo Fam\u00edlia","description":"Las 10 acciones sustentables para reducir los efectos de la crisis ambiental se han convertido en una prioridad urgente para la humanidad.","robots":{"index":"index","follow":"follow","max-snippet":"max-snippet:-1","max-image-preview":"max-image-preview:large","max-video-preview":"max-video-preview:-1"},"canonical":"https:\/\/universofamilia.com\/pt\/ambiental\/","og_locale":"pt_BR","og_type":"article","og_title":"10 acciones sustentables para reducir la crisis ambiental - Universo Fam\u00edlia","og_description":"Las 10 acciones sustentables para reducir los efectos de la crisis ambiental se han convertido en una prioridad urgente para la humanidad.","og_url":"https:\/\/universofamilia.com\/pt\/ambiental\/","og_site_name":"Universo Fam\u00edlia","article_published_time":"2025-10-13T15:50:28+00:00","article_modified_time":"2025-10-16T18:40:53+00:00","og_image":[{"width":450,"height":250,"url":"https:\/\/universofamilia.com\/wp-content\/uploads\/sites\/148\/2025\/10\/Destaque-Novo-Universo-2.jpg","type":"image\/jpeg"}],"author":"Matheus Sangaletti","twitter_card":"summary_large_image","twitter_misc":{"Written by":"Matheus Sangaletti","Est. reading time":"10 minutos"},"schema":{"@context":"https:\/\/schema.org","@graph":[{"@type":"WebPage","@id":"https:\/\/universofamilia.com\/ko\/ambiental\/","url":"https:\/\/universofamilia.com\/ko\/ambiental\/","name":"10 acciones sustentables para reducir la crisis ambiental - Universo Fam\u00edlia","isPartOf":{"@id":"https:\/\/universofamilia.com\/el\/#website"},"primaryImageOfPage":{"@id":"https:\/\/universofamilia.com\/ko\/ambiental\/#primaryimage"},"image":{"@id":"https:\/\/universofamilia.com\/ko\/ambiental\/#primaryimage"},"thumbnailUrl":"https:\/\/universofamilia.com\/wp-content\/uploads\/sites\/148\/2025\/10\/Destaque-Novo-Universo-2.jpg","datePublished":"2025-10-13T15:50:28+00:00","dateModified":"2025-10-16T18:40:53+00:00","author":{"@id":"https:\/\/universofamilia.com\/el\/#\/schema\/person\/92fcd07e9b1f4323bf74f3170fc0f78a"},"description":"Las 10 acciones sustentables para reducir los efectos de la crisis ambiental se han convertido en una prioridad urgente para la humanidad.","breadcrumb":{"@id":"https:\/\/universofamilia.com\/ko\/ambiental\/#breadcrumb"},"inLanguage":"pt-BR","potentialAction":[{"@type":"ReadAction","target":["https:\/\/universofamilia.com\/ko\/ambiental\/"]}]},{"@type":"ImageObject","inLanguage":"pt-BR","@id":"https:\/\/universofamilia.com\/ko\/ambiental\/#primaryimage","url":"https:\/\/universofamilia.com\/wp-content\/uploads\/sites\/148\/2025\/10\/Destaque-Novo-Universo-2.jpg","contentUrl":"https:\/\/universofamilia.com\/wp-content\/uploads\/sites\/148\/2025\/10\/Destaque-Novo-Universo-2.jpg","width":450,"height":250},{"@type":"BreadcrumbList","@id":"https:\/\/universofamilia.com\/ko\/ambiental\/#breadcrumb","itemListElement":[{"@type":"ListItem","position":1,"name":"Home","item":"https:\/\/universofamilia.com\/el\/"},{"@type":"ListItem","position":2,"name":"10 acciones sustentables para reducir la crisis ambiental"}]},{"@type":"WebSite","@id":"https:\/\/universofamilia.com\/el\/#website","url":"https:\/\/universofamilia.com\/el\/","name":"Universo Fam\u00edlia","description":"","potentialAction":[{"@type":"SearchAction","target":{"@type":"EntryPoint","urlTemplate":"https:\/\/universofamilia.com\/el\/?s={search_term_string}"},"query-input":"required name=search_term_string"}],"inLanguage":"pt-BR"},{"@type":"Person","@id":"https:\/\/universofamilia.com\/el\/#\/schema\/person\/92fcd07e9b1f4323bf74f3170fc0f78a","name":"Matheus Sangaletti","image":{"@type":"ImageObject","inLanguage":"pt-BR","@id":"https:\/\/universofamilia.com\/el\/#\/schema\/person\/image\/","url":"https:\/\/secure.gravatar.com\/avatar\/280ea957a14a48e6a1ad2133d2cc27c9?s=96&d=mm&r=g","contentUrl":"https:\/\/secure.gravatar.com\/avatar\/280ea957a14a48e6a1ad2133d2cc27c9?s=96&d=mm&r=g","caption":"Matheus Sangaletti"},"url":"https:\/\/universofamilia.com\/pt\/author\/matheuss\/"}]}},"_links":{"self":[{"href":"https:\/\/universofamilia.com\/pt\/wp-json\/wp\/v2\/posts\/10073"}],"collection":[{"href":"https:\/\/universofamilia.com\/pt\/wp-json\/wp\/v2\/posts"}],"about":[{"href":"https:\/\/universofamilia.com\/pt\/wp-json\/wp\/v2\/types\/post"}],"author":[{"embeddable":true,"href":"https:\/\/universofamilia.com\/pt\/wp-json\/wp\/v2\/users\/219"}],"replies":[{"embeddable":true,"href":"https:\/\/universofamilia.com\/pt\/wp-json\/wp\/v2\/comments?post=10073"}],"version-history":[{"count":2,"href":"https:\/\/universofamilia.com\/pt\/wp-json\/wp\/v2\/posts\/10073\/revisions"}],"predecessor-version":[{"id":10170,"href":"https:\/\/universofamilia.com\/pt\/wp-json\/wp\/v2\/posts\/10073\/revisions\/10170"}],"wp:featuredmedia":[{"embeddable":true,"href":"https:\/\/universofamilia.com\/pt\/wp-json\/wp\/v2\/media\/10074"}],"wp:attachment":[{"href":"https:\/\/universofamilia.com\/pt\/wp-json\/wp\/v2\/media?parent=10073"}],"wp:term":[{"taxonomy":"category","embeddable":true,"href":"https:\/\/universofamilia.com\/pt\/wp-json\/wp\/v2\/categories?post=10073"},{"taxonomy":"post_tag","embeddable":true,"href":"https:\/\/universofamilia.com\/pt\/wp-json\/wp\/v2\/tags?post=10073"}],"curies":[{"name":"wp","href":"https:\/\/api.w.org\/{rel}","templated":true}]}}