{"id":10184,"date":"2025-10-17T16:36:08","date_gmt":"2025-10-17T19:36:08","guid":{"rendered":"https:\/\/universofamilia.com\/?p=10184"},"modified":"2025-10-17T16:46:53","modified_gmt":"2025-10-17T19:46:53","slug":"realidad-aumentada-y-metaverso","status":"publish","type":"post","link":"https:\/\/universofamilia.com\/pt\/realidad-aumentada-y-metaverso\/","title":{"rendered":"Carros aut\u00f4nomos, realidade aumentada e o metaverso"},"content":{"rendered":"<p class=\"has-text-align-center\">O <strong>Carros aut\u00f4nomos, realidade aumentada e o metaverso: o que esperar<\/strong> Em 2025, esses n\u00e3o s\u00e3o mais conceitos futuristas, mas sim pilares de uma transforma\u00e7\u00e3o tecnol\u00f3gica que redefine a mobilidade.<\/p>\n\n\n\n<figure class=\"wp-block-gallery aligncenter has-nested-images columns-default is-cropped wp-block-gallery-1 is-layout-flex wp-block-gallery-is-layout-flex\">\n<figure class=\"wp-block-image size-full\"><img loading=\"lazy\" decoding=\"async\" width=\"450\" height=\"250\" data-id=\"10186\" src=\"https:\/\/universofamilia.com\/wp-content\/uploads\/sites\/148\/2025\/10\/Destaque-Novo-Universo-17-1.jpg\" alt=\"\" class=\"wp-image-10186\" srcset=\"https:\/\/universofamilia.com\/wp-content\/uploads\/sites\/148\/2025\/10\/Destaque-Novo-Universo-17-1.jpg 450w, https:\/\/universofamilia.com\/wp-content\/uploads\/sites\/148\/2025\/10\/Destaque-Novo-Universo-17-1-300x167.jpg 300w, https:\/\/universofamilia.com\/wp-content\/uploads\/sites\/148\/2025\/10\/Destaque-Novo-Universo-17-1-18x10.jpg 18w\" sizes=\"(max-width: 450px) 100vw, 450px\" \/><figcaption class=\"wp-element-caption\">CANVA<\/figcaption><\/figure>\n<\/figure>\n\n\n\n<p class=\"has-text-align-center\">Este ano marca um ponto de converg\u00eancia entre tr\u00eas inova\u00e7\u00f5es que antes pareciam distantes, mas agora trabalham juntas para criar ambientes mais seguros, imersivos e personalizados.<\/p>\n\n\n\n<p>Este artigo explorar\u00e1 como esses avan\u00e7os est\u00e3o moldando o presente e o futuro imediato, suas aplica\u00e7\u00f5es no mundo real, os desafios \u00e9ticos e sociais que eles apresentam e o que voc\u00ea pode esperar nos pr\u00f3ximos anos.<\/p>\n\n\n\n<p><strong>Resumo do artigo:<\/strong><\/p>\n\n\n\n<ol>\n<li>O avan\u00e7o impar\u00e1vel dos carros aut\u00f4nomos.<\/li>\n\n\n\n<li>Realidade aumentada: da tela para o ambiente f\u00edsico.<\/li>\n\n\n\n<li>O metaverso e a expans\u00e3o das experi\u00eancias digitais.<\/li>\n\n\n\n<li>A interconex\u00e3o entre mobilidade, imers\u00e3o e virtualidade.<\/li>\n\n\n\n<li>Desafios \u00e9ticos, sustentabilidade e privacidade.<\/li>\n\n\n\n<li>Conclus\u00e3o e perguntas frequentes.<\/li>\n<\/ol>\n\n\n\n<h3 class=\"wp-block-heading\">O avan\u00e7o impar\u00e1vel dos carros aut\u00f4nomos<\/h3>\n\n\n\n<p>O <strong>Carros aut\u00f4nomos, realidade aumentada e o metaverso: o que esperar<\/strong> Elas representam tr\u00eas revolu\u00e7\u00f5es paralelas, mas o desenvolvimento de ve\u00edculos aut\u00f4nomos se tornou o eixo mais tang\u00edvel.<\/p>\n\n\n\n<p>At\u00e9 2025, empresas como Tesla, Waymo, Baidu e Cruise ter\u00e3o feito progressos significativos em dire\u00e7\u00e3o \u00e0 autonomia de N\u00edvel 4, permitindo que os carros naveguem sem interven\u00e7\u00e3o humana em ambientes urbanos controlados.<\/p>\n\n\n\n<p>De acordo com um relat\u00f3rio recente da <em>Pesquisa de Mercado Aliada<\/em>, o mercado global de ve\u00edculos aut\u00f4nomos atingir\u00e1 um valor de <strong>US$ 2,3 trilh\u00f5es at\u00e9 2030<\/strong>, impulsionado pelo crescente investimento em sensores, software de aprendizado de m\u00e1quina e redes 5G<\/p>\n\n\n\n<p> No M\u00e9xico, j\u00e1 existem programas piloto em Monterrey e Guadalajara, onde frotas de t\u00e1xis aut\u00f4nomos operam em \u00e1reas designadas, oferecendo transfer\u00eancias mais eficientes e reduzindo acidentes devido a erros humanos.<\/p>\n\n\n\n<p>No entanto, o debate vai al\u00e9m da engenharia: envolve confian\u00e7a. Voc\u00ea estaria disposto a abrir m\u00e3o do controle total do seu ve\u00edculo para um algoritmo?<\/p>\n\n\n\n<p>A transi\u00e7\u00e3o para a condu\u00e7\u00e3o aut\u00f4noma exige uma nova rela\u00e7\u00e3o entre o homem e a m\u00e1quina, na qual a transpar\u00eancia e a seguran\u00e7a s\u00e3o essenciais.<\/p>\n\n\n\n<h3 class=\"wp-block-heading\">Realidade aumentada: da tela ao ambiente f\u00edsico<\/h3>\n\n\n\n<p>A segunda grande transforma\u00e7\u00e3o dentro <strong>Carros aut\u00f4nomos, realidade aumentada e o metaverso: o que esperar<\/strong> \u00e9 a ascens\u00e3o da realidade aumentada (RA).<\/p>\n\n\n\n<p>Essa tecnologia amplifica o ambiente real sobrepondo informa\u00e7\u00f5es digitais, gerando experi\u00eancias interativas que antes s\u00f3 existiam na fic\u00e7\u00e3o cient\u00edfica.<\/p>\n\n\n\n<p>At\u00e9 2025, a RA ser\u00e1 integrada aos para-brisas dos ve\u00edculos, projetando dados como limites de velocidade, dist\u00e2ncias seguras e rotas ideais diretamente no campo de vis\u00e3o do motorista ou do passageiro.<\/p>\n\n\n\n<p>Marcas como BMW e Mercedes-Benz j\u00e1 equipam alguns modelos com head-up displays avan\u00e7ados que usam IA para prever riscos e fornecer orienta\u00e7\u00e3o proativa.<\/p>\n\n\n\n<p><\/p>\n\n\n\n<p>Fora do setor automotivo, a realidade aumentada se tornou um componente central da educa\u00e7\u00e3o e do com\u00e9rcio.<\/p>\n\n\n\n<p>Um exemplo atual: no M\u00e9xico, algumas universidades est\u00e3o aplicando RA em laborat\u00f3rios virtuais para que estudantes de engenharia possam interagir com modelos 3D de sistemas el\u00e9tricos sem a necessidade de materiais f\u00edsicos.<\/p>\n\n\n\n<p>Em ess\u00eancia, a realidade aumentada transforma a maneira como percebemos o mundo, confundindo os limites entre o digital e o tang\u00edvel.<\/p>\n\n\n\n<p>Como uma lente inteligente sobre a realidade, ela expande a capacidade humana de ver, aprender e agir.<\/p>\n\n\n\n<h3 class=\"wp-block-heading\">O metaverso e a expans\u00e3o das experi\u00eancias digitais<\/h3>\n\n\n\n<p>O metaverso amadureceu. O que antes era um experimento social ou de entretenimento agora \u00e9 uma plataforma econ\u00f4mica e educacional com m\u00faltiplas aplica\u00e7\u00f5es no mundo real.<\/p>\n\n\n\n<p>Em 2025, ele ser\u00e1 usado principalmente para treinamento, reuni\u00f5es de trabalho, assist\u00eancia m\u00e9dica remota e desenvolvimento de projetos colaborativos.<\/p>\n\n\n\n<p>No contexto de <strong>Carros aut\u00f4nomos, realidade aumentada e o metaverso: o que esperar<\/strong>Este universo virtual interconectado se torna um espa\u00e7o para trabalho, cria\u00e7\u00e3o e aprendizado remotos.<\/p>\n\n\n\n<p>Empresas como Meta, Microsoft e NVIDIA transformaram o conceito inicial em algo mais pragm\u00e1tico:<\/p>\n\n\n\n<p>Ecossistemas onde as pessoas podem colaborar em tempo real de diferentes partes do mundo, usando avatares hiper-realistas e ferramentas de simula\u00e7\u00e3o 3D.<\/p>\n\n\n\n<p>No M\u00e9xico, setores como arquitetura e medicina j\u00e1 aproveitam esses ambientes para formar seus profissionais.<\/p>\n\n\n\n<p>Por exemplo, um grupo de cirurgi\u00f5es da <em>Instituto Nacional de Ci\u00eancias M\u00e9dicas e Nutri\u00e7\u00e3o Salvador Zubir\u00e1n<\/em> usa ambientes virtuais para planejar procedimentos complexos antes de realiz\u00e1-los em salas de cirurgia reais.<\/p>\n\n\n\n<p>O metaverso tamb\u00e9m se conecta com a mobilidade: carros aut\u00f4nomos podem se tornar extens\u00f5es m\u00f3veis desses espa\u00e7os, onde os passageiros podem trabalhar, aprender ou se divertir enquanto viajam sem se preocupar com o tr\u00e2nsito.<\/p>\n\n\n\n<h3 class=\"wp-block-heading\">A interliga\u00e7\u00e3o entre mobilidade, imers\u00e3o e virtualidade<\/h3>\n\n\n\n<p>O que \u00e9 realmente fascinante sobre o <strong>Carros aut\u00f4nomos, realidade aumentada e o metaverso: o que esperar<\/strong> N\u00e3o \u00e9 cada tecnologia separadamente, mas sua integra\u00e7\u00e3o.<\/p>\n\n\n\n<p>At\u00e9 2025, a sinergia entre eles dar\u00e1 origem a ecossistemas digitais inteiramente novos.<\/p>\n\n\n\n<p>Imagine isso: voc\u00ea entra em um ve\u00edculo aut\u00f4nomo equipado com realidade aumentada.<\/p>\n\n\n\n<p>Enquanto o carro dirige, o para-brisa projeta informa\u00e7\u00f5es sobre os lugares pelos quais voc\u00ea est\u00e1 passando \u2014 hist\u00f3rico, recomenda\u00e7\u00f5es, clima e tr\u00e2nsito \u2014 enquanto voc\u00ea participa de uma reuni\u00e3o virtual no metaverso.<\/p>\n\n\n\n<p>Voc\u00ea n\u00e3o est\u00e1 desconectado da realidade, mas expandido dentro dela.<\/p>\n\n\n\n<p>Essa \u00e9 a verdadeira revolu\u00e7\u00e3o: n\u00e3o viver em mundos paralelos, mas em um \u00fanico ambiente h\u00edbrido onde o f\u00edsico e o digital coexistem.<\/p>\n\n\n\n<p>Essa integra\u00e7\u00e3o redefine o conceito de \u201cpresen\u00e7a\u201d e transforma a rotina em uma experi\u00eancia inteligente e personalizada.<\/p>\n\n\n\n<p>Um exemplo concreto \u00e9 o projeto <em>Centro de Mobilidade Inteligente<\/em> desenvolvido na Coreia do Sul, que combina transporte aut\u00f4nomo, realidade estendida e conectividade 6G para criar rotas din\u00e2micas adaptadas ao usu\u00e1rio.<\/p>\n\n\n\n<p>Este modelo servir\u00e1 de refer\u00eancia para cidades latino-americanas que buscam a transi\u00e7\u00e3o para uma mobilidade urbana mais eficiente e conectada.<\/p>\n\n\n\n<h3 class=\"wp-block-heading\">Desafios \u00e9ticos, sustentabilidade e privacidade<\/h3>\n\n\n\n<p>Toda revolu\u00e7\u00e3o tecnol\u00f3gica acarreta dilemas \u00e9ticos.<\/p>\n\n\n\n<p>No caso do <strong>Carros aut\u00f4nomos, realidade aumentada e o metaverso: o que esperar<\/strong>, quest\u00f5es sobre privacidade, sustentabilidade e uso de dados tornam-se urgentes.<\/p>\n\n\n\n<p>O processamento de informa\u00e7\u00f5es pessoais em ambientes imersivos exige regulamenta\u00e7\u00f5es robustas.<\/p>\n\n\n\n<p>Em 2025, o <em>Uni\u00e3o Europeia<\/em> e v\u00e1rios pa\u00edses latino-americanos, incluindo o M\u00e9xico, adotaram estruturas legais mais r\u00edgidas para proteger a identidade digital e limitar o rastreamento biom\u00e9trico.<\/p>\n\n\n\n<p>Outro desafio \u00e9 a sustentabilidade. Os data centers que d\u00e3o suporte ao metaverso e \u00e0 intelig\u00eancia artificial consomem grandes quantidades de energia.<\/p>\n\n\n\n<p>De acordo com o <em>Ag\u00eancia Internacional de Energia (AIE)<\/em>, as opera\u00e7\u00f5es digitais representam cerca de <strong>4% do consumo global de eletricidade<\/strong>.<\/p>\n\n\n\n<p>As empresas est\u00e3o respondendo com estrat\u00e9gias de energia renov\u00e1vel e otimiza\u00e7\u00e3o algor\u00edtmica para reduzir sua pegada de carbono.<\/p>\n\n\n\n<p>A \u00e9tica da dire\u00e7\u00e3o aut\u00f4noma tamb\u00e9m est\u00e1 em debate: como um ve\u00edculo deve reagir em caso de um acidente inevit\u00e1vel?<\/p>\n\n\n\n<p>Esses tipos de dilemas, conhecidos como \u201cdecis\u00f5es morais algor\u00edtmicas\u201d, exigem consenso social e transpar\u00eancia na programa\u00e7\u00e3o de sistemas de IA.<\/p>\n\n\n\n<p>Em termos simples, a tecnologia n\u00e3o pode avan\u00e7ar sem uma b\u00fassola moral. A inova\u00e7\u00e3o respons\u00e1vel \u00e9 a \u00fanica maneira de garantir que o progresso beneficie as pessoas, e n\u00e3o as desloque.<\/p>\n\n\n\n<h3 class=\"wp-block-heading\">Tabela: Sinergia de tecnologias emergentes em 2025<\/h3>\n\n\n\n<figure class=\"wp-block-table\"><table><thead><tr><th>Tecnologia<\/th><th>Aplica\u00e7\u00e3o principal<\/th><th>Impacto na vida di\u00e1ria<\/th><th>N\u00edvel de ado\u00e7\u00e3o global (2025)<\/th><\/tr><\/thead><tbody><tr><td>Carros Aut\u00f4nomos<\/td><td>Mobilidade segura e eficiente<\/td><td>Redu\u00e7\u00e3o de acidentes e tr\u00e2nsito<\/td><td>40%<\/td><\/tr><tr><td>Realidade Aumentada<\/td><td>Educa\u00e7\u00e3o e transporte<\/td><td>Aprendizagem imersiva e assist\u00eancia visual<\/td><td>45%<\/td><\/tr><tr><td>Metaverso<\/td><td>Colabora\u00e7\u00e3o e entretenimento<\/td><td>Teletrabalho e experi\u00eancias sociais virtuais<\/td><td>35%<\/td><\/tr><\/tbody><\/table><figcaption class=\"wp-element-caption\">Carros aut\u00f4nomos, realidade aumentada e o metaverso: o que esperar<\/figcaption><\/figure>\n\n\n\n<figure class=\"wp-block-gallery aligncenter has-nested-images columns-default is-cropped wp-block-gallery-2 is-layout-flex wp-block-gallery-is-layout-flex\">\n<figure class=\"wp-block-image size-full\"><img loading=\"lazy\" decoding=\"async\" width=\"450\" height=\"250\" data-id=\"10187\" src=\"https:\/\/universofamilia.com\/wp-content\/uploads\/sites\/148\/2025\/10\/Destaque-Novo-Universo-16.jpg\" alt=\"\" class=\"wp-image-10187\" srcset=\"https:\/\/universofamilia.com\/wp-content\/uploads\/sites\/148\/2025\/10\/Destaque-Novo-Universo-16.jpg 450w, https:\/\/universofamilia.com\/wp-content\/uploads\/sites\/148\/2025\/10\/Destaque-Novo-Universo-16-300x167.jpg 300w, https:\/\/universofamilia.com\/wp-content\/uploads\/sites\/148\/2025\/10\/Destaque-Novo-Universo-16-18x10.jpg 18w\" sizes=\"(max-width: 450px) 100vw, 450px\" \/><figcaption class=\"wp-element-caption\">CANVA<\/figcaption><\/figure>\n<\/figure>\n\n\n\n<p>Leia mais:<a href=\"https:\/\/universofamilia.com\/pt\/inteligencia-artificial-en-el-dia-a-dia\/\">&nbsp;Intelig\u00eancia Artificial na vida cotidiana<\/a><\/p>\n\n\n\n<h3 class=\"wp-block-heading\">Conclus\u00e3o: Rumo a um ecossistema tecnol\u00f3gico abrangente<\/h3>\n\n\n\n<p>O <strong>Carros aut\u00f4nomos, realidade aumentada e o metaverso: o que esperar<\/strong> Eles simbolizam o ponto em que a tecnologia deixa de ser uma ferramenta e se torna um ambiente integral.<\/p>\n\n\n\n<p>Essas inova\u00e7\u00f5es n\u00e3o apenas transformam os objetos que usamos, mas tamb\u00e9m a maneira como entendemos a intera\u00e7\u00e3o humana, o aprendizado e a mobilidade.<\/p>\n\n\n\n<p>O futuro n\u00e3o ser\u00e1 completamente digital nem completamente f\u00edsico, mas um equil\u00edbrio entre os dois mundos.<\/p>\n\n\n\n<p>O verdadeiro objetivo \u00e9 criar experi\u00eancias que priorizem bem-estar, acessibilidade e sustentabilidade.<\/p>\n\n\n\n<p>A tecnologia, quando bem direcionada, pode ser o ve\u00edculo, tanto literal quanto metaforicamente, que impulsiona a humanidade em dire\u00e7\u00e3o a uma vida mais inteligente, conectada e emp\u00e1tica.<\/p>\n\n\n\n<p>Leia mais:<a href=\"https:\/\/universofamilia.com\/pt\/inteligencia-artificial-en-el-dia-a-dia\/\">&nbsp;<\/a><a href=\"https:\/\/universofamilia.com\/pt\/tendencias-tecnologicas-de-2025-que-afectaran-tu-dia-a-dia\/\">Tend\u00eancias tecnol\u00f3gicas de 2025 que afetar\u00e3o sua vida di\u00e1ria<\/a><\/p>\n\n\n\n<h3 class=\"wp-block-heading\">Perguntas frequentes<\/h3>\n\n\n\n<p><strong>1. Quando os carros aut\u00f4nomos devem se tornar comuns no M\u00e9xico?<\/strong><br>Espera-se que os testes de dire\u00e7\u00e3o totalmente aut\u00f4noma se expandam entre 2026 e 2028, dependendo das regulamenta\u00e7\u00f5es locais e da infraestrutura 5G.<\/p>\n\n\n\n<p><strong>2. Qual ser\u00e1 o papel da realidade aumentada na educa\u00e7\u00e3o?<\/strong><br>Ser\u00e1 uma ferramenta essencial para o aprendizado pr\u00e1tico, especialmente em carreiras t\u00e9cnicas, permitindo simula\u00e7\u00f5es em tempo real e visualiza\u00e7\u00e3o de processos.<\/p>\n\n\n\n<p>No M\u00e9xico, algumas universidades est\u00e3o aplicando RA em laborat\u00f3rios virtuais para que estudantes de engenharia possam interagir com modelos 3D de sistemas el\u00e9tricos sem a necessidade de materiais f\u00edsicos.<\/p>\n\n\n\n<p><strong>3. O metaverso \u00e9 s\u00f3 para videogames?<\/strong><br>N\u00e3o. Em 2025, ele ser\u00e1 usado principalmente para treinamento, reuni\u00f5es de trabalho, assist\u00eancia m\u00e9dica remota e desenvolvimento de projetos colaborativos.<\/p>\n\n\n\n<p><strong>4. Quais s\u00e3o os principais riscos dessas tecnologias?<\/strong><br><a href=\"https:\/\/universofamilia.com\/pt\/autenticacion-sin-contrasena-el-futuro-de-la-seguridad-digital\/\">Privacidade<\/a>, depend\u00eancia digital e desigualdade <a href=\"https:\/\/universofamilia.com\/pt\/inteligencia-artificial-en-el-dia-a-dia\/\">acesso<\/a>Portanto, pol\u00edticas de educa\u00e7\u00e3o e inclus\u00e3o digital ser\u00e3o essenciais para garantir o uso \u00e9tico e equitativo.<\/p>\n\n\n\n<p><\/p>","protected":false},"excerpt":{"rendered":"<p>Carros aut\u00f4nomos, realidade aumentada e o metaverso: o que esperar em 2025 n\u00e3o s\u00e3o mais conceitos futuristas, mas sim pilares de uma transforma\u00e7\u00e3o tecnol\u00f3gica que est\u00e1 redefinindo a mobilidade. Este ano marca um ponto de converg\u00eancia entre tr\u00eas inova\u00e7\u00f5es que antes pareciam distantes, mas agora trabalham juntas para criar ambientes mais seguros, imersivos e personalizados. Este artigo explora [\u2026]<\/p>","protected":false},"author":219,"featured_media":10185,"comment_status":"closed","ping_status":"open","sticky":false,"template":"","format":"standard","meta":{"footnotes":""},"categories":[3],"tags":[],"yoast_head":"<!-- This site is optimized with the Yoast SEO plugin v23.3 - https:\/\/yoast.com\/wordpress\/plugins\/seo\/ -->\n<title>Autom\u00f3viles aut\u00f3nomos, realidad aumentada y metaverso - Universo Fam\u00edlia<\/title>\n<meta name=\"description\" content=\"Las autom\u00f3viles aut\u00f3nomos, realidad aumentada y metaverso:qu\u00e9 esperar en 2025 ya no son conceptos futuristas, sino pilares de una transform..\" \/>\n<meta name=\"robots\" content=\"index, follow, max-snippet:-1, max-image-preview:large, max-video-preview:-1\" \/>\n<link rel=\"canonical\" href=\"https:\/\/universofamilia.com\/pt\/realidad-aumentada-y-metaverso\/\" \/>\n<meta property=\"og:locale\" content=\"pt_BR\" \/>\n<meta property=\"og:type\" content=\"article\" \/>\n<meta property=\"og:title\" content=\"Autom\u00f3viles aut\u00f3nomos, realidad aumentada y metaverso - Universo Fam\u00edlia\" \/>\n<meta property=\"og:description\" content=\"Las autom\u00f3viles aut\u00f3nomos, realidad aumentada y metaverso:qu\u00e9 esperar en 2025 ya no son conceptos futuristas, sino pilares de una transform..\" \/>\n<meta property=\"og:url\" content=\"https:\/\/universofamilia.com\/pt\/realidad-aumentada-y-metaverso\/\" \/>\n<meta property=\"og:site_name\" content=\"Universo Fam\u00edlia\" \/>\n<meta property=\"article:published_time\" content=\"2025-10-17T19:36:08+00:00\" \/>\n<meta property=\"article:modified_time\" content=\"2025-10-17T19:46:53+00:00\" \/>\n<meta property=\"og:image\" content=\"https:\/\/universofamilia.com\/wp-content\/uploads\/sites\/148\/2025\/10\/Destaque-Novo-Universo-17.jpg\" \/>\n\t<meta property=\"og:image:width\" content=\"450\" \/>\n\t<meta property=\"og:image:height\" content=\"250\" \/>\n\t<meta property=\"og:image:type\" content=\"image\/jpeg\" \/>\n<meta name=\"author\" content=\"Matheus Sangaletti\" \/>\n<meta name=\"twitter:card\" content=\"summary_large_image\" \/>\n<meta name=\"twitter:label1\" content=\"Written by\" \/>\n\t<meta name=\"twitter:data1\" content=\"Matheus Sangaletti\" \/>\n\t<meta name=\"twitter:label2\" content=\"Est. reading time\" \/>\n\t<meta name=\"twitter:data2\" content=\"9 minutos\" \/>\n<script type=\"application\/ld+json\" class=\"yoast-schema-graph\">{\"@context\":\"https:\/\/schema.org\",\"@graph\":[{\"@type\":\"WebPage\",\"@id\":\"https:\/\/universofamilia.com\/cs\/realidad-aumentada-y-metaverso\/\",\"url\":\"https:\/\/universofamilia.com\/cs\/realidad-aumentada-y-metaverso\/\",\"name\":\"Autom\u00f3viles aut\u00f3nomos, realidad aumentada y metaverso - Universo Fam\u00edlia\",\"isPartOf\":{\"@id\":\"https:\/\/universofamilia.com\/el\/#website\"},\"primaryImageOfPage\":{\"@id\":\"https:\/\/universofamilia.com\/cs\/realidad-aumentada-y-metaverso\/#primaryimage\"},\"image\":{\"@id\":\"https:\/\/universofamilia.com\/cs\/realidad-aumentada-y-metaverso\/#primaryimage\"},\"thumbnailUrl\":\"https:\/\/universofamilia.com\/wp-content\/uploads\/sites\/148\/2025\/10\/Destaque-Novo-Universo-17.jpg\",\"datePublished\":\"2025-10-17T19:36:08+00:00\",\"dateModified\":\"2025-10-17T19:46:53+00:00\",\"author\":{\"@id\":\"https:\/\/universofamilia.com\/el\/#\/schema\/person\/92fcd07e9b1f4323bf74f3170fc0f78a\"},\"description\":\"Las autom\u00f3viles aut\u00f3nomos, realidad aumentada y metaverso:qu\u00e9 esperar en 2025 ya no son conceptos futuristas, sino pilares de una transform..\",\"breadcrumb\":{\"@id\":\"https:\/\/universofamilia.com\/cs\/realidad-aumentada-y-metaverso\/#breadcrumb\"},\"inLanguage\":\"pt-BR\",\"potentialAction\":[{\"@type\":\"ReadAction\",\"target\":[\"https:\/\/universofamilia.com\/cs\/realidad-aumentada-y-metaverso\/\"]}]},{\"@type\":\"ImageObject\",\"inLanguage\":\"pt-BR\",\"@id\":\"https:\/\/universofamilia.com\/cs\/realidad-aumentada-y-metaverso\/#primaryimage\",\"url\":\"https:\/\/universofamilia.com\/wp-content\/uploads\/sites\/148\/2025\/10\/Destaque-Novo-Universo-17.jpg\",\"contentUrl\":\"https:\/\/universofamilia.com\/wp-content\/uploads\/sites\/148\/2025\/10\/Destaque-Novo-Universo-17.jpg\",\"width\":450,\"height\":250},{\"@type\":\"BreadcrumbList\",\"@id\":\"https:\/\/universofamilia.com\/cs\/realidad-aumentada-y-metaverso\/#breadcrumb\",\"itemListElement\":[{\"@type\":\"ListItem\",\"position\":1,\"name\":\"Home\",\"item\":\"https:\/\/universofamilia.com\/el\/\"},{\"@type\":\"ListItem\",\"position\":2,\"name\":\"Autom\u00f3viles aut\u00f3nomos, realidad aumentada y metaverso\"}]},{\"@type\":\"WebSite\",\"@id\":\"https:\/\/universofamilia.com\/el\/#website\",\"url\":\"https:\/\/universofamilia.com\/el\/\",\"name\":\"Universo Fam\u00edlia\",\"description\":\"\",\"potentialAction\":[{\"@type\":\"SearchAction\",\"target\":{\"@type\":\"EntryPoint\",\"urlTemplate\":\"https:\/\/universofamilia.com\/el\/?s={search_term_string}\"},\"query-input\":\"required name=search_term_string\"}],\"inLanguage\":\"pt-BR\"},{\"@type\":\"Person\",\"@id\":\"https:\/\/universofamilia.com\/el\/#\/schema\/person\/92fcd07e9b1f4323bf74f3170fc0f78a\",\"name\":\"Matheus Sangaletti\",\"image\":{\"@type\":\"ImageObject\",\"inLanguage\":\"pt-BR\",\"@id\":\"https:\/\/universofamilia.com\/el\/#\/schema\/person\/image\/\",\"url\":\"https:\/\/secure.gravatar.com\/avatar\/280ea957a14a48e6a1ad2133d2cc27c9?s=96&d=mm&r=g\",\"contentUrl\":\"https:\/\/secure.gravatar.com\/avatar\/280ea957a14a48e6a1ad2133d2cc27c9?s=96&d=mm&r=g\",\"caption\":\"Matheus Sangaletti\"},\"url\":\"https:\/\/universofamilia.com\/pt\/author\/matheuss\/\"}]}<\/script>\n<!-- \/ Yoast SEO plugin. -->","yoast_head_json":{"title":"Autom\u00f3viles aut\u00f3nomos, realidad aumentada y metaverso - Universo Fam\u00edlia","description":"Las autom\u00f3viles aut\u00f3nomos, realidad aumentada y metaverso:qu\u00e9 esperar en 2025 ya no son conceptos futuristas, sino pilares de una transform..","robots":{"index":"index","follow":"follow","max-snippet":"max-snippet:-1","max-image-preview":"max-image-preview:large","max-video-preview":"max-video-preview:-1"},"canonical":"https:\/\/universofamilia.com\/pt\/realidad-aumentada-y-metaverso\/","og_locale":"pt_BR","og_type":"article","og_title":"Autom\u00f3viles aut\u00f3nomos, realidad aumentada y metaverso - Universo Fam\u00edlia","og_description":"Las autom\u00f3viles aut\u00f3nomos, realidad aumentada y metaverso:qu\u00e9 esperar en 2025 ya no son conceptos futuristas, sino pilares de una transform..","og_url":"https:\/\/universofamilia.com\/pt\/realidad-aumentada-y-metaverso\/","og_site_name":"Universo Fam\u00edlia","article_published_time":"2025-10-17T19:36:08+00:00","article_modified_time":"2025-10-17T19:46:53+00:00","og_image":[{"width":450,"height":250,"url":"https:\/\/universofamilia.com\/wp-content\/uploads\/sites\/148\/2025\/10\/Destaque-Novo-Universo-17.jpg","type":"image\/jpeg"}],"author":"Matheus Sangaletti","twitter_card":"summary_large_image","twitter_misc":{"Written by":"Matheus Sangaletti","Est. reading time":"9 minutos"},"schema":{"@context":"https:\/\/schema.org","@graph":[{"@type":"WebPage","@id":"https:\/\/universofamilia.com\/cs\/realidad-aumentada-y-metaverso\/","url":"https:\/\/universofamilia.com\/cs\/realidad-aumentada-y-metaverso\/","name":"Autom\u00f3viles aut\u00f3nomos, realidad aumentada y metaverso - Universo Fam\u00edlia","isPartOf":{"@id":"https:\/\/universofamilia.com\/el\/#website"},"primaryImageOfPage":{"@id":"https:\/\/universofamilia.com\/cs\/realidad-aumentada-y-metaverso\/#primaryimage"},"image":{"@id":"https:\/\/universofamilia.com\/cs\/realidad-aumentada-y-metaverso\/#primaryimage"},"thumbnailUrl":"https:\/\/universofamilia.com\/wp-content\/uploads\/sites\/148\/2025\/10\/Destaque-Novo-Universo-17.jpg","datePublished":"2025-10-17T19:36:08+00:00","dateModified":"2025-10-17T19:46:53+00:00","author":{"@id":"https:\/\/universofamilia.com\/el\/#\/schema\/person\/92fcd07e9b1f4323bf74f3170fc0f78a"},"description":"Las autom\u00f3viles aut\u00f3nomos, realidad aumentada y metaverso:qu\u00e9 esperar en 2025 ya no son conceptos futuristas, sino pilares de una transform..","breadcrumb":{"@id":"https:\/\/universofamilia.com\/cs\/realidad-aumentada-y-metaverso\/#breadcrumb"},"inLanguage":"pt-BR","potentialAction":[{"@type":"ReadAction","target":["https:\/\/universofamilia.com\/cs\/realidad-aumentada-y-metaverso\/"]}]},{"@type":"ImageObject","inLanguage":"pt-BR","@id":"https:\/\/universofamilia.com\/cs\/realidad-aumentada-y-metaverso\/#primaryimage","url":"https:\/\/universofamilia.com\/wp-content\/uploads\/sites\/148\/2025\/10\/Destaque-Novo-Universo-17.jpg","contentUrl":"https:\/\/universofamilia.com\/wp-content\/uploads\/sites\/148\/2025\/10\/Destaque-Novo-Universo-17.jpg","width":450,"height":250},{"@type":"BreadcrumbList","@id":"https:\/\/universofamilia.com\/cs\/realidad-aumentada-y-metaverso\/#breadcrumb","itemListElement":[{"@type":"ListItem","position":1,"name":"Home","item":"https:\/\/universofamilia.com\/el\/"},{"@type":"ListItem","position":2,"name":"Autom\u00f3viles aut\u00f3nomos, realidad aumentada y metaverso"}]},{"@type":"WebSite","@id":"https:\/\/universofamilia.com\/el\/#website","url":"https:\/\/universofamilia.com\/el\/","name":"Universo Fam\u00edlia","description":"","potentialAction":[{"@type":"SearchAction","target":{"@type":"EntryPoint","urlTemplate":"https:\/\/universofamilia.com\/el\/?s={search_term_string}"},"query-input":"required name=search_term_string"}],"inLanguage":"pt-BR"},{"@type":"Person","@id":"https:\/\/universofamilia.com\/el\/#\/schema\/person\/92fcd07e9b1f4323bf74f3170fc0f78a","name":"Matheus Sangaletti","image":{"@type":"ImageObject","inLanguage":"pt-BR","@id":"https:\/\/universofamilia.com\/el\/#\/schema\/person\/image\/","url":"https:\/\/secure.gravatar.com\/avatar\/280ea957a14a48e6a1ad2133d2cc27c9?s=96&d=mm&r=g","contentUrl":"https:\/\/secure.gravatar.com\/avatar\/280ea957a14a48e6a1ad2133d2cc27c9?s=96&d=mm&r=g","caption":"Matheus Sangaletti"},"url":"https:\/\/universofamilia.com\/pt\/author\/matheuss\/"}]}},"_links":{"self":[{"href":"https:\/\/universofamilia.com\/pt\/wp-json\/wp\/v2\/posts\/10184"}],"collection":[{"href":"https:\/\/universofamilia.com\/pt\/wp-json\/wp\/v2\/posts"}],"about":[{"href":"https:\/\/universofamilia.com\/pt\/wp-json\/wp\/v2\/types\/post"}],"author":[{"embeddable":true,"href":"https:\/\/universofamilia.com\/pt\/wp-json\/wp\/v2\/users\/219"}],"replies":[{"embeddable":true,"href":"https:\/\/universofamilia.com\/pt\/wp-json\/wp\/v2\/comments?post=10184"}],"version-history":[{"count":3,"href":"https:\/\/universofamilia.com\/pt\/wp-json\/wp\/v2\/posts\/10184\/revisions"}],"predecessor-version":[{"id":10192,"href":"https:\/\/universofamilia.com\/pt\/wp-json\/wp\/v2\/posts\/10184\/revisions\/10192"}],"wp:featuredmedia":[{"embeddable":true,"href":"https:\/\/universofamilia.com\/pt\/wp-json\/wp\/v2\/media\/10185"}],"wp:attachment":[{"href":"https:\/\/universofamilia.com\/pt\/wp-json\/wp\/v2\/media?parent=10184"}],"wp:term":[{"taxonomy":"category","embeddable":true,"href":"https:\/\/universofamilia.com\/pt\/wp-json\/wp\/v2\/categories?post=10184"},{"taxonomy":"post_tag","embeddable":true,"href":"https:\/\/universofamilia.com\/pt\/wp-json\/wp\/v2\/tags?post=10184"}],"curies":[{"name":"wp","href":"https:\/\/api.w.org\/{rel}","templated":true}]}}