{"id":10346,"date":"2025-11-17T14:50:39","date_gmt":"2025-11-17T17:50:39","guid":{"rendered":"https:\/\/universofamilia.com\/?p=10346"},"modified":"2025-11-17T14:50:41","modified_gmt":"2025-11-17T17:50:41","slug":"carreras-sostenibles-empleos-verdes-en-auge","status":"publish","type":"post","link":"https:\/\/universofamilia.com\/pt\/carreras-sostenibles-empleos-verdes-en-auge\/","title":{"rendered":"Carreiras sustent\u00e1veis: empregos verdes em expans\u00e3o"},"content":{"rendered":"<p class=\"has-text-align-center\">Carreiras sustent\u00e1veis: empregos verdes em expans\u00e3o. Num mundo onde o talento enfrenta mudan\u00e7as constantes, falar sobre \u201cCarreiras sustent\u00e1veis: empregos verdes em expans\u00e3o\u201d \u00e9 crucial.<\/p>\n\n\n\n<figure class=\"wp-block-gallery aligncenter has-nested-images columns-default is-cropped wp-block-gallery-1 is-layout-flex wp-block-gallery-is-layout-flex\">\n<figure class=\"wp-block-image size-full\"><img loading=\"lazy\" decoding=\"async\" width=\"450\" height=\"250\" data-id=\"10348\" src=\"https:\/\/universofamilia.com\/wp-content\/uploads\/sites\/148\/2025\/11\/Destaque-Novo-Universo-4.jpg\" alt=\"\" class=\"wp-image-10348\" srcset=\"https:\/\/universofamilia.com\/wp-content\/uploads\/sites\/148\/2025\/11\/Destaque-Novo-Universo-4.jpg 450w, https:\/\/universofamilia.com\/wp-content\/uploads\/sites\/148\/2025\/11\/Destaque-Novo-Universo-4-300x167.jpg 300w, https:\/\/universofamilia.com\/wp-content\/uploads\/sites\/148\/2025\/11\/Destaque-Novo-Universo-4-18x10.jpg 18w\" sizes=\"(max-width: 450px) 100vw, 450px\" \/><figcaption class=\"wp-element-caption\">Canva<\/figcaption><\/figure>\n<\/figure>\n\n\n\n<p class=\"has-text-align-center\">N\u00e3o se trata mais de uma tend\u00eancia passageira, mas de uma resposta direta \u00e0 urg\u00eancia clim\u00e1tica, tecnol\u00f3gica e econ\u00f4mica. E antes de nos aprofundarmos em cada \u00e1rea, aqui est\u00e1 um breve resumo para orientar sua leitura:<\/p>\n\n\n\n<p class=\"has-text-align-center\">Uma defini\u00e7\u00e3o clara do conceito e por que ele est\u00e1 crescendo no M\u00e9xico e no mundo todo.<\/p>\n\n\n\n<p>As \u00e1reas com maior demanda, as habilidades mais valorizadas, dois exemplos do mundo real, estat\u00edsticas verific\u00e1veis, uma analogia para visualizar seu impacto, uma tabela comparativa \u00fatil e uma se\u00e7\u00e3o de perguntas frequentes.<\/p>\n\n\n\n<h2 class=\"wp-block-heading\">Uma mudan\u00e7a de carreira que reflita o que o mundo precisa.<\/h2>\n\n\n\n<p>Fale sobre <strong><em>\u201cCarreiras sustent\u00e1veis: empregos verdes em ascens\u00e3o.\u201d<\/em><\/strong> Isso envolve observar como a transi\u00e7\u00e3o energ\u00e9tica e a ado\u00e7\u00e3o de pr\u00e1ticas respons\u00e1veis est\u00e3o transformando o mercado de trabalho mexicano.<\/p>\n\n\n\n<p>Cada vez mais empresas procuram perfis capazes de reduzir os impactos ambientais sem sacrificar a produtividade.<\/p>\n\n\n\n<p>N\u00e3o seria l\u00f3gico pensar que a nova economia exige profissionais que saibam equilibrar o progresso e a prote\u00e7\u00e3o do planeta?<\/p>\n\n\n\n<p>A procura est\u00e1 a aumentar por diversos motivos:<\/p>\n\n\n\n<p>Regulamenta\u00e7\u00f5es ambientais mais rigorosas, incentivos fiscais para energia limpa, mudan\u00e7as nos padr\u00f5es de consumo e um setor privado que come\u00e7a a mensurar sua pegada de carbono com mais seriedade.<\/p>\n\n\n\n<p>A OIT indica que a transi\u00e7\u00e3o para uma economia verde poder\u00e1 gerar at\u00e9 24 milh\u00f5es de empregos em todo o mundo at\u00e9 2030, desde que as pol\u00edticas de mitiga\u00e7\u00e3o e a ado\u00e7\u00e3o de tecnologias sejam aceleradas.<\/p>\n\n\n\n<p>Um fato que demonstra a magnitude da oportunidade.<\/p>\n\n\n\n<h2 class=\"wp-block-heading\">O que define uma carreira sustent\u00e1vel?<\/h2>\n\n\n\n<p>Embora seja frequentemente associado apenas \u00e0 energia renov\u00e1vel, o conceito abrange muito mais. Uma carreira sustent\u00e1vel integra tr\u00eas elementos essenciais:<\/p>\n\n\n\n<p><strong>Utiliza\u00e7\u00e3o eficiente dos recursos.<\/strong> Profissionais capazes de projetar, gerenciar ou aprimorar processos com menor consumo de energia e menos polui\u00e7\u00e3o.<\/p>\n\n\n\n<p><strong>Impacto social positivo.<\/strong> Projetos que geram bem-estar, empregos dignos e resili\u00eancia comunit\u00e1ria.<\/p>\n\n\n\n<p><strong>Vis\u00e3o de longo prazo.<\/strong> Decis\u00f5es focadas em benef\u00edcios duradouros, n\u00e3o apenas em resultados imediatos.<\/p>\n\n\n\n<p>Essas profiss\u00f5es s\u00e3o como um sistema radicular sob uma floresta: invis\u00edveis para muitos, mas essenciais para mant\u00ea-la viva e est\u00e1vel.<\/p>\n\n\n\n<h2 class=\"wp-block-heading\">\u00c1reas que promovem empregos verdes no M\u00e9xico<\/h2>\n\n\n\n<h3 class=\"wp-block-heading\">Energias renov\u00e1veis e transi\u00e7\u00e3o energ\u00e9tica<\/h3>\n\n\n\n<p>A expans\u00e3o dos parques solares e e\u00f3licos torna a engenharia el\u00e9trica, a gest\u00e3o de projetos de energia e a otimiza\u00e7\u00e3o de redes limpas pilares fundamentais.<\/p>\n\n\n\n<p>T\u00e9cnicos especializados, analistas de dados energ\u00e9ticos e projetistas de sistemas fotovoltaicos encontram terreno f\u00e9rtil nesse setor.<\/p>\n\n\n\n<p>A profissionaliza\u00e7\u00e3o \u00e9 fundamental, visto que a complexidade tecnol\u00f3gica avan\u00e7a rapidamente.<\/p>\n\n\n\n<h3 class=\"wp-block-heading\">Economia circular e gest\u00e3o de res\u00edduos<\/h3>\n\n\n\n<p>Empresas dos setores de manufatura, alimenta\u00e7\u00e3o, constru\u00e7\u00e3o e varejo j\u00e1 est\u00e3o integrando modelos circulares que reduzem o desperd\u00edcio e reinventam as cadeias de suprimentos.<\/p>\n\n\n\n<p>Nesse contexto, destacam-se profissionais em design sustent\u00e1vel, consultores ambientais e especialistas em valoriza\u00e7\u00e3o de res\u00edduos, capazes de transformar lixo em insumos produtivos.<\/p>\n\n\n\n<h3 class=\"wp-block-heading\">Agricultura regenerativa e sistemas alimentares<\/h3>\n\n\n\n<p>Agr\u00f4nomos, especialistas em solos e tecn\u00f3logos agr\u00edcolas est\u00e3o promovendo m\u00e9todos de cultivo que restauram ecossistemas, aumentam a efici\u00eancia h\u00eddrica e utilizam sensores inteligentes para monitoramento.<\/p>\n\n\n\n<p>Este setor est\u00e1 crescendo, especialmente em regi\u00f5es com escassez h\u00eddrica ou press\u00e3o de produ\u00e7\u00e3o.<\/p>\n\n\n\n<h3 class=\"wp-block-heading\">Mobilidade inteligente e transporte limpo<\/h3>\n\n\n\n<p>A eletrifica\u00e7\u00e3o dos transportes aumenta a procura por solu\u00e7\u00f5es em infraestruturas de carregamento, automatiza\u00e7\u00e3o de ve\u00edculos, log\u00edstica sustent\u00e1vel e planeamento urbano orientados para a mobilidade ativa.<\/p>\n\n\n\n<h3 class=\"wp-block-heading\">Constru\u00e7\u00e3o sustent\u00e1vel e efici\u00eancia energ\u00e9tica em edif\u00edcios<\/h3>\n\n\n\n<p>Arquitetos, urbanistas, especialistas em climatiza\u00e7\u00e3o e consultores para certifica\u00e7\u00f5es como LEED ou EDGE s\u00e3o essenciais para edif\u00edcios que consomem menos energia e geram espa\u00e7os mais saud\u00e1veis.<\/p>\n\n\n\n<h2 class=\"wp-block-heading\">Habilidades mais valorizadas por empresas sustent\u00e1veis<\/h2>\n\n\n\n<p><strong>Pensamento sist\u00eamico.<\/strong> Capacidade de compreender as rela\u00e7\u00f5es entre processos, impactos ambientais e custos.<\/p>\n\n\n\n<p><strong>Compet\u00eancias digitais.<\/strong> Proficiente em softwares de simula\u00e7\u00e3o, an\u00e1lise de dados e automa\u00e7\u00e3o.<\/p>\n\n\n\n<p><strong>Inova\u00e7\u00e3o orientada por um prop\u00f3sito.<\/strong> Capacidade de adapta\u00e7\u00e3o para encontrar solu\u00e7\u00f5es em ambientes em constante mudan\u00e7a.<\/p>\n\n\n\n<p><strong>Comunica\u00e7\u00e3o t\u00e9cnica.<\/strong> Explicar processos complexos para p\u00fablicos n\u00e3o especializados.<\/p>\n\n\n\n<p><strong>Gest\u00e3o \u00e9tica de recursos.<\/strong> Decis\u00f5es baseadas em evid\u00eancias e responsabilidade profissional.<\/p>\n\n\n\n<p>As empresas n\u00e3o procuram apenas conhecimento t\u00e9cnico; procuram uma mentalidade de melhoria cont\u00ednua.<\/p>\n\n\n\n<h2 class=\"wp-block-heading\">Dois exemplos que ilustram o impacto real<\/h2>\n\n\n\n<p><strong>Engenharia solar em \u00e1reas rurais.<\/strong><\/p>\n\n\n\n<p>Um profissional especializado em eletrifica\u00e7\u00e3o fotovoltaica pode coordenar projetos que conectam comunidades remotas \u00e0 energia limpa, reduzem os custos operacionais e permitem que escolas ou centros de sa\u00fade funcionem de forma mais est\u00e1vel.<\/p>\n\n\n\n<p><strong>Consultoria ambiental para ind\u00fastrias.<\/strong> As empresas exportadoras s\u00e3o obrigadas a cumprir as normas ambientais.<\/p>\n\n\n\n<p>Um consultor especializado pode medir emiss\u00f5es, propor melhorias energ\u00e9ticas e auxiliar em auditorias internacionais, abrindo portas para mercados globais.<\/p>\n\n\n\n<p>Esses casos demonstram como uma carreira na \u00e1rea ambiental combina impacto social com crescimento profissional s\u00f3lido.<\/p>\n\n\n\n<h2 class=\"wp-block-heading\">Tabela: Principais \u00e1reas verdes e seus perfis mais procurados<\/h2>\n\n\n\n<figure class=\"wp-block-table\"><table><thead><tr><th>Setor<\/th><th>Perfis em destaque<\/th><th>Tipo de oportunidade<\/th><\/tr><\/thead><tbody><tr><td>Energias renov\u00e1veis<\/td><td>Engenheiros eletricistas, t\u00e9cnicos em energia fotovoltaica, analistas de efici\u00eancia.<\/td><td>Alta demanda e especializa\u00e7\u00e3o t\u00e9cnica<\/td><\/tr><tr><td>Economia circular<\/td><td>Consultores ambientais, designers sustent\u00e1veis, gestores de res\u00edduos<\/td><td>Crescimento constante na ind\u00fastria manufatureira<\/td><\/tr><tr><td>Constru\u00e7\u00e3o sustent\u00e1vel<\/td><td>Arquitetos, auditores de energia, especialistas em LEED<\/td><td>Projetos urbanos e corporativos<\/td><\/tr><tr><td>Mobilidade limpa<\/td><td>Especialistas em infraestrutura de carregamento, analistas de mobilidade<\/td><td>Setor p\u00fablico e privado<\/td><\/tr><tr><td>Agricultura regenerativa<\/td><td>Engenheiros agr\u00edcolas, tecn\u00f3logos agr\u00edcolas<\/td><td>Inova\u00e7\u00e3o nas cadeias de abastecimento alimentar<\/td><\/tr><\/tbody><\/table><figcaption class=\"wp-element-caption\">Carreiras sustent\u00e1veis: empregos verdes em expans\u00e3o<\/figcaption><\/figure>\n\n\n\n<figure class=\"wp-block-gallery aligncenter has-nested-images columns-default is-cropped wp-block-gallery-2 is-layout-flex wp-block-gallery-is-layout-flex\">\n<figure class=\"wp-block-image size-full\"><img loading=\"lazy\" decoding=\"async\" width=\"450\" height=\"250\" data-id=\"10349\" src=\"https:\/\/universofamilia.com\/wp-content\/uploads\/sites\/148\/2025\/11\/Destaque-Novo-Universo-1-2.jpg\" alt=\"\" class=\"wp-image-10349\" srcset=\"https:\/\/universofamilia.com\/wp-content\/uploads\/sites\/148\/2025\/11\/Destaque-Novo-Universo-1-2.jpg 450w, https:\/\/universofamilia.com\/wp-content\/uploads\/sites\/148\/2025\/11\/Destaque-Novo-Universo-1-2-300x167.jpg 300w, https:\/\/universofamilia.com\/wp-content\/uploads\/sites\/148\/2025\/11\/Destaque-Novo-Universo-1-2-18x10.jpg 18w\" sizes=\"(max-width: 450px) 100vw, 450px\" \/><figcaption class=\"wp-element-caption\">Canva<\/figcaption><\/figure>\n<\/figure>\n\n\n\n<p>Leia mais:\u00a0<a href=\"https:\/\/universofamilia.com\/pt\/el-teletrabajo-en-2025-las-nuevas-tendencias-del-home-office\/\">Teletrabalho em 2025: Novas tend\u00eancias do home office<\/a><\/p>\n\n\n\n<h2 class=\"wp-block-heading\">Por que essas carreiras continuar\u00e3o crescendo em 2025?<\/h2>\n\n\n\n<p>As pol\u00edticas p\u00fablicas no M\u00e9xico est\u00e3o caminhando para a redu\u00e7\u00e3o das emiss\u00f5es e o cumprimento das metas internacionais.<\/p>\n\n\n\n<p>Al\u00e9m disso, o setor privado j\u00e1 compreende que o mau desempenho ambiental afeta a reputa\u00e7\u00e3o, os custos e o acesso ao financiamento.<\/p>\n\n\n\n<p>Os investidores exigem transpar\u00eancia clim\u00e1tica, o que impulsiona a contrata\u00e7\u00e3o de profissionais capazes de garantir medi\u00e7\u00f5es precisas e estrat\u00e9gias de transi\u00e7\u00e3o eficazes.<\/p>\n\n\n\n<p>Ao mesmo tempo, os consumidores valorizam produtos com menor impacto ambiental, o que est\u00e1 levando as empresas a reconfigurarem processos inteiros.<\/p>\n\n\n\n<p>Essa mudan\u00e7a cultural est\u00e1 impulsionando a expans\u00e3o de perfis sustent\u00e1veis em marketing, auditoria, log\u00edstica e desenvolvimento de produtos.<\/p>\n\n\n\n<h2 class=\"wp-block-heading\">Transforma\u00e7\u00f5es tecnol\u00f3gicas que est\u00e3o redefinindo o futuro do trabalho.<\/h2>\n\n\n\n<p>A digitaliza\u00e7\u00e3o se cruza com a sustentabilidade. Ferramentas de an\u00e1lise preditiva, sensores de IoT, plataformas de monitoramento e g\u00eameos digitais permitem decis\u00f5es mais precisas.<\/p>\n\n\n\n<p>Essa converg\u00eancia cria fun\u00e7\u00f5es h\u00edbridas: especialistas que combinam engenharia com an\u00e1lise de dados, ou perfis ambientais com habilidades b\u00e1sicas de programa\u00e7\u00e3o.<\/p>\n\n\n\n<p>H\u00e1 tamb\u00e9m uma crescente demanda por profissionais que entendam as regulamenta\u00e7\u00f5es ambientais, visto que cada projeto sustent\u00e1vel interage com licen\u00e7as, normas de constru\u00e7\u00e3o, pol\u00edticas energ\u00e9ticas e exig\u00eancias fiscais.<\/p>\n\n\n\n<h2 class=\"wp-block-heading\">Uma economia que se reinventa atrav\u00e9s da educa\u00e7\u00e3o.<\/h2>\n\n\n\n<p>Universidades e centros de pesquisa mexicanos j\u00e1 oferecem diplomas e certificados adaptados a esse novo cen\u00e1rio.<\/p>\n\n\n\n<p>Os programas de engenharia ambiental, energias renov\u00e1veis, biotecnologia, economia circular, gest\u00e3o de recursos naturais e planejamento urbano sustent\u00e1vel incorporam m\u00f3dulos sobre inova\u00e7\u00e3o, \u00e9tica profissional e tecnologias emergentes.<\/p>\n\n\n\n<p>O fortalecimento acad\u00eamico \u00e9 essencial porque a credibilidade do setor depende de profissionais bem treinados. A sustentabilidade exige rigor t\u00e9cnico, evid\u00eancias cient\u00edficas e responsabilidade social.<\/p>\n\n\n\n<h2 class=\"wp-block-heading\">Ser\u00e1 que agora \u00e9 o momento certo para iniciar uma carreira na \u00e1rea ambiental?<\/h2>\n\n\n\n<p>A resposta depende dos seus interesses, mas a perspectiva \u00e9 favor\u00e1vel. As oportunidades est\u00e3o crescendo, os sal\u00e1rios s\u00e3o competitivos e o impacto profissional vai al\u00e9m do ganho financeiro.<\/p>\n\n\n\n<p>Iniciar uma carreira neste setor significa contribuir diretamente para uma transi\u00e7\u00e3o que determinar\u00e1 a qualidade de vida de milh\u00f5es de pessoas.<\/p>\n\n\n\n<h2 class=\"wp-block-heading\">Conclus\u00e3o<\/h2>\n\n\n\n<p>O <strong><em>\u201cCarreiras sustent\u00e1veis: empregos verdes em ascens\u00e3o.\u201d<\/em><\/strong> Representam uma porta de entrada para um futuro econ\u00f3mico mais resiliente, inovador e justo.<\/p>\n\n\n\n<p>A combina\u00e7\u00e3o de crescimento profissional, impacto ambiental e estabilidade no emprego faz dessas profiss\u00f5es uma das apostas mais estrat\u00e9gicas para 2025.<\/p>\n\n\n\n<p>Se voc\u00ea busca uma carreira gratificante, com potencial para especializa\u00e7\u00e3o e demanda est\u00e1vel, este mundo profissional merece toda a sua aten\u00e7\u00e3o.<\/p>\n\n\n\n<p>Leia mais:\u00a0<a href=\"https:\/\/universofamilia.com\/pt\/errores-clave-al-iniciar-un-negocio-online\/\">Erros comuns ao iniciar um neg\u00f3cio online<\/a><\/p>\n\n\n\n<h2 class=\"wp-block-heading\">Perguntas frequentes<\/h2>\n\n\n\n<p><strong>Que estudos s\u00e3o recomendados para quem quer come\u00e7ar a trabalhar em \u00e1reas verdes?<\/strong><\/p>\n\n\n\n<p><br>Engenharia ambiental, energias renov\u00e1veis, agronomia, design sustent\u00e1vel, planejamento urbano e programas t\u00e9cnicos relacionados \u00e0 efici\u00eancia energ\u00e9tica ou gest\u00e3o de res\u00edduos.<\/p>\n\n\n\n<p><strong>\u00c9 necess\u00e1rio ter experi\u00eancia pr\u00e9via?<\/strong><\/p>\n\n\n\n<p><br>Nem sempre. Muitas vagas de n\u00edvel inicial focam em an\u00e1lise de dados, suporte t\u00e9cnico ou fun\u00e7\u00f5es operacionais. O treinamento cont\u00ednuo \u00e9 fundamental.<\/p>\n\n\n\n<p><strong>Ser\u00e1 que os empregos verdes s\u00f3 existem em grandes empresas?<\/strong><\/p>\n\n\n\n<p><br>N\u00e3o. As pequenas e m\u00e9dias empresas tamb\u00e9m est\u00e3o adotando modelos sustent\u00e1veis. Al\u00e9m disso, existem oportunidades em ONGs, no governo e em consultorias independentes.<\/p>\n\n\n\n<p><strong>Um profissional sem forma\u00e7\u00e3o ambiental pode mudar de setor?<\/strong><\/p>\n\n\n\n<p><br>Sim. Marketing, direito, comunica\u00e7\u00e3o, finan\u00e7as e log\u00edstica t\u00eam vertentes ecol\u00f3gicas que exigem compet\u00eancias transversais.<\/p>\n\n\n\n<p><strong>Essas carreiras garantem estabilidade futura?<\/strong><\/p>\n\n\n\n<p><br>Enquanto governos e mercados mantiverem o rumo rumo \u00e0 descarboniza\u00e7\u00e3o, as profiss\u00f5es sustent\u00e1veis continuar\u00e3o a se expandir.<\/p>\n\n\n\n<p>Representam uma oportunidade s\u00f3lida com uma perspectiva de longo prazo.<\/p>","protected":false},"excerpt":{"rendered":"<p>Carreiras Sustent\u00e1veis: Empregos Verdes em Ascens\u00e3o. Em um mundo onde o talento enfrenta mudan\u00e7as constantes, falar sobre \u201cCarreiras Sustent\u00e1veis: Empregos Verdes em Ascens\u00e3o\u201d n\u00e3o \u00e9 mais uma tend\u00eancia passageira, mas uma resposta direta \u00e0 urg\u00eancia clim\u00e1tica, tecnol\u00f3gica e econ\u00f4mica. E antes de nos aprofundarmos em cada \u00e1rea, aqui est\u00e1 um breve resumo para gui\u00e1-lo [\u2026]<\/p>","protected":false},"author":219,"featured_media":10347,"comment_status":"closed","ping_status":"open","sticky":false,"template":"","format":"standard","meta":{"footnotes":""},"categories":[5],"tags":[],"yoast_head":"<!-- This site is optimized with the Yoast SEO plugin v23.3 - https:\/\/yoast.com\/wordpress\/plugins\/seo\/ -->\n<title>Carreras sostenibles: empleos verdes en auge - Universo Fam\u00edlia<\/title>\n<meta name=\"description\" content=\"Carreras sostenibles: empleos verdes en auge. En un mundo donde el talento se enfrenta a cambios constantes, hablar de \u201cCarreras sostenibles:\" \/>\n<meta name=\"robots\" content=\"index, follow, max-snippet:-1, max-image-preview:large, max-video-preview:-1\" \/>\n<link rel=\"canonical\" href=\"http:\/\/universofamilia.com\/pt\/carreras-sostenibles-empleos-verdes-en-auge\/\" \/>\n<meta property=\"og:locale\" content=\"pt_BR\" \/>\n<meta property=\"og:type\" content=\"article\" \/>\n<meta property=\"og:title\" content=\"Carreras sostenibles: empleos verdes en auge - Universo Fam\u00edlia\" \/>\n<meta property=\"og:description\" content=\"Carreras sostenibles: empleos verdes en auge. En un mundo donde el talento se enfrenta a cambios constantes, hablar de \u201cCarreras sostenibles:\" \/>\n<meta property=\"og:url\" content=\"http:\/\/universofamilia.com\/pt\/carreras-sostenibles-empleos-verdes-en-auge\/\" \/>\n<meta property=\"og:site_name\" content=\"Universo Fam\u00edlia\" \/>\n<meta property=\"article:published_time\" content=\"2025-11-17T17:50:39+00:00\" \/>\n<meta property=\"article:modified_time\" content=\"2025-11-17T17:50:41+00:00\" \/>\n<meta property=\"og:image\" content=\"http:\/\/universofamilia.com\/wp-content\/uploads\/sites\/148\/2025\/11\/Destaque-Novo-Universo-3.jpg\" \/>\n\t<meta property=\"og:image:width\" content=\"450\" \/>\n\t<meta property=\"og:image:height\" content=\"250\" \/>\n\t<meta property=\"og:image:type\" content=\"image\/jpeg\" \/>\n<meta name=\"author\" content=\"Matheus Sangaletti\" \/>\n<meta name=\"twitter:card\" content=\"summary_large_image\" \/>\n<meta name=\"twitter:label1\" content=\"Written by\" \/>\n\t<meta name=\"twitter:data1\" content=\"Matheus Sangaletti\" \/>\n\t<meta name=\"twitter:label2\" content=\"Est. reading time\" \/>\n\t<meta name=\"twitter:data2\" content=\"8 minutos\" \/>\n<script type=\"application\/ld+json\" class=\"yoast-schema-graph\">{\"@context\":\"https:\/\/schema.org\",\"@graph\":[{\"@type\":\"WebPage\",\"@id\":\"http:\/\/universofamilia.com\/pt\/carreras-sostenibles-empleos-verdes-en-auge\/\",\"url\":\"http:\/\/universofamilia.com\/pt\/carreras-sostenibles-empleos-verdes-en-auge\/\",\"name\":\"Carreras sostenibles: empleos verdes en auge - Universo Fam\u00edlia\",\"isPartOf\":{\"@id\":\"http:\/\/universofamilia.com\/zh_hk\/#website\"},\"primaryImageOfPage\":{\"@id\":\"http:\/\/universofamilia.com\/pt\/carreras-sostenibles-empleos-verdes-en-auge\/#primaryimage\"},\"image\":{\"@id\":\"http:\/\/universofamilia.com\/pt\/carreras-sostenibles-empleos-verdes-en-auge\/#primaryimage\"},\"thumbnailUrl\":\"https:\/\/universofamilia.com\/wp-content\/uploads\/sites\/148\/2025\/11\/Destaque-Novo-Universo-3.jpg\",\"datePublished\":\"2025-11-17T17:50:39+00:00\",\"dateModified\":\"2025-11-17T17:50:41+00:00\",\"author\":{\"@id\":\"http:\/\/universofamilia.com\/zh_hk\/#\/schema\/person\/92fcd07e9b1f4323bf74f3170fc0f78a\"},\"description\":\"Carreras sostenibles: empleos verdes en auge. En un mundo donde el talento se enfrenta a cambios constantes, hablar de \u201cCarreras sostenibles:\",\"breadcrumb\":{\"@id\":\"http:\/\/universofamilia.com\/pt\/carreras-sostenibles-empleos-verdes-en-auge\/#breadcrumb\"},\"inLanguage\":\"pt-BR\",\"potentialAction\":[{\"@type\":\"ReadAction\",\"target\":[\"http:\/\/universofamilia.com\/pt\/carreras-sostenibles-empleos-verdes-en-auge\/\"]}]},{\"@type\":\"ImageObject\",\"inLanguage\":\"pt-BR\",\"@id\":\"http:\/\/universofamilia.com\/pt\/carreras-sostenibles-empleos-verdes-en-auge\/#primaryimage\",\"url\":\"https:\/\/universofamilia.com\/wp-content\/uploads\/sites\/148\/2025\/11\/Destaque-Novo-Universo-3.jpg\",\"contentUrl\":\"https:\/\/universofamilia.com\/wp-content\/uploads\/sites\/148\/2025\/11\/Destaque-Novo-Universo-3.jpg\",\"width\":450,\"height\":250},{\"@type\":\"BreadcrumbList\",\"@id\":\"http:\/\/universofamilia.com\/pt\/carreras-sostenibles-empleos-verdes-en-auge\/#breadcrumb\",\"itemListElement\":[{\"@type\":\"ListItem\",\"position\":1,\"name\":\"Home\",\"item\":\"http:\/\/universofamilia.com\/zh_hk\/\"},{\"@type\":\"ListItem\",\"position\":2,\"name\":\"Carreras sostenibles: empleos verdes en auge\"}]},{\"@type\":\"WebSite\",\"@id\":\"http:\/\/universofamilia.com\/zh_hk\/#website\",\"url\":\"http:\/\/universofamilia.com\/zh_hk\/\",\"name\":\"Universo Fam\u00edlia\",\"description\":\"\",\"potentialAction\":[{\"@type\":\"SearchAction\",\"target\":{\"@type\":\"EntryPoint\",\"urlTemplate\":\"http:\/\/universofamilia.com\/zh_hk\/?s={search_term_string}\"},\"query-input\":\"required name=search_term_string\"}],\"inLanguage\":\"pt-BR\"},{\"@type\":\"Person\",\"@id\":\"http:\/\/universofamilia.com\/zh_hk\/#\/schema\/person\/92fcd07e9b1f4323bf74f3170fc0f78a\",\"name\":\"Matheus Sangaletti\",\"image\":{\"@type\":\"ImageObject\",\"inLanguage\":\"pt-BR\",\"@id\":\"http:\/\/universofamilia.com\/zh_hk\/#\/schema\/person\/image\/\",\"url\":\"https:\/\/secure.gravatar.com\/avatar\/280ea957a14a48e6a1ad2133d2cc27c9?s=96&d=mm&r=g\",\"contentUrl\":\"https:\/\/secure.gravatar.com\/avatar\/280ea957a14a48e6a1ad2133d2cc27c9?s=96&d=mm&r=g\",\"caption\":\"Matheus Sangaletti\"},\"url\":\"https:\/\/universofamilia.com\/pt\/author\/matheuss\/\"}]}<\/script>\n<!-- \/ Yoast SEO plugin. -->","yoast_head_json":{"title":"Carreras sostenibles: empleos verdes en auge - Universo Fam\u00edlia","description":"Carreras sostenibles: empleos verdes en auge. En un mundo donde el talento se enfrenta a cambios constantes, hablar de \u201cCarreras sostenibles:","robots":{"index":"index","follow":"follow","max-snippet":"max-snippet:-1","max-image-preview":"max-image-preview:large","max-video-preview":"max-video-preview:-1"},"canonical":"http:\/\/universofamilia.com\/pt\/carreras-sostenibles-empleos-verdes-en-auge\/","og_locale":"pt_BR","og_type":"article","og_title":"Carreras sostenibles: empleos verdes en auge - Universo Fam\u00edlia","og_description":"Carreras sostenibles: empleos verdes en auge. En un mundo donde el talento se enfrenta a cambios constantes, hablar de \u201cCarreras sostenibles:","og_url":"http:\/\/universofamilia.com\/pt\/carreras-sostenibles-empleos-verdes-en-auge\/","og_site_name":"Universo Fam\u00edlia","article_published_time":"2025-11-17T17:50:39+00:00","article_modified_time":"2025-11-17T17:50:41+00:00","og_image":[{"width":450,"height":250,"url":"http:\/\/universofamilia.com\/wp-content\/uploads\/sites\/148\/2025\/11\/Destaque-Novo-Universo-3.jpg","type":"image\/jpeg"}],"author":"Matheus Sangaletti","twitter_card":"summary_large_image","twitter_misc":{"Written by":"Matheus Sangaletti","Est. reading time":"8 minutos"},"schema":{"@context":"https:\/\/schema.org","@graph":[{"@type":"WebPage","@id":"http:\/\/universofamilia.com\/pt\/carreras-sostenibles-empleos-verdes-en-auge\/","url":"http:\/\/universofamilia.com\/pt\/carreras-sostenibles-empleos-verdes-en-auge\/","name":"Carreras sostenibles: empleos verdes en auge - Universo Fam\u00edlia","isPartOf":{"@id":"http:\/\/universofamilia.com\/zh_hk\/#website"},"primaryImageOfPage":{"@id":"http:\/\/universofamilia.com\/pt\/carreras-sostenibles-empleos-verdes-en-auge\/#primaryimage"},"image":{"@id":"http:\/\/universofamilia.com\/pt\/carreras-sostenibles-empleos-verdes-en-auge\/#primaryimage"},"thumbnailUrl":"https:\/\/universofamilia.com\/wp-content\/uploads\/sites\/148\/2025\/11\/Destaque-Novo-Universo-3.jpg","datePublished":"2025-11-17T17:50:39+00:00","dateModified":"2025-11-17T17:50:41+00:00","author":{"@id":"http:\/\/universofamilia.com\/zh_hk\/#\/schema\/person\/92fcd07e9b1f4323bf74f3170fc0f78a"},"description":"Carreras sostenibles: empleos verdes en auge. En un mundo donde el talento se enfrenta a cambios constantes, hablar de \u201cCarreras sostenibles:","breadcrumb":{"@id":"http:\/\/universofamilia.com\/pt\/carreras-sostenibles-empleos-verdes-en-auge\/#breadcrumb"},"inLanguage":"pt-BR","potentialAction":[{"@type":"ReadAction","target":["http:\/\/universofamilia.com\/pt\/carreras-sostenibles-empleos-verdes-en-auge\/"]}]},{"@type":"ImageObject","inLanguage":"pt-BR","@id":"http:\/\/universofamilia.com\/pt\/carreras-sostenibles-empleos-verdes-en-auge\/#primaryimage","url":"https:\/\/universofamilia.com\/wp-content\/uploads\/sites\/148\/2025\/11\/Destaque-Novo-Universo-3.jpg","contentUrl":"https:\/\/universofamilia.com\/wp-content\/uploads\/sites\/148\/2025\/11\/Destaque-Novo-Universo-3.jpg","width":450,"height":250},{"@type":"BreadcrumbList","@id":"http:\/\/universofamilia.com\/pt\/carreras-sostenibles-empleos-verdes-en-auge\/#breadcrumb","itemListElement":[{"@type":"ListItem","position":1,"name":"Home","item":"http:\/\/universofamilia.com\/zh_hk\/"},{"@type":"ListItem","position":2,"name":"Carreras sostenibles: empleos verdes en auge"}]},{"@type":"WebSite","@id":"http:\/\/universofamilia.com\/zh_hk\/#website","url":"http:\/\/universofamilia.com\/zh_hk\/","name":"Universo Fam\u00edlia","description":"","potentialAction":[{"@type":"SearchAction","target":{"@type":"EntryPoint","urlTemplate":"http:\/\/universofamilia.com\/zh_hk\/?s={search_term_string}"},"query-input":"required name=search_term_string"}],"inLanguage":"pt-BR"},{"@type":"Person","@id":"http:\/\/universofamilia.com\/zh_hk\/#\/schema\/person\/92fcd07e9b1f4323bf74f3170fc0f78a","name":"Matheus Sangaletti","image":{"@type":"ImageObject","inLanguage":"pt-BR","@id":"http:\/\/universofamilia.com\/zh_hk\/#\/schema\/person\/image\/","url":"https:\/\/secure.gravatar.com\/avatar\/280ea957a14a48e6a1ad2133d2cc27c9?s=96&d=mm&r=g","contentUrl":"https:\/\/secure.gravatar.com\/avatar\/280ea957a14a48e6a1ad2133d2cc27c9?s=96&d=mm&r=g","caption":"Matheus Sangaletti"},"url":"https:\/\/universofamilia.com\/pt\/author\/matheuss\/"}]}},"_links":{"self":[{"href":"https:\/\/universofamilia.com\/pt\/wp-json\/wp\/v2\/posts\/10346"}],"collection":[{"href":"https:\/\/universofamilia.com\/pt\/wp-json\/wp\/v2\/posts"}],"about":[{"href":"https:\/\/universofamilia.com\/pt\/wp-json\/wp\/v2\/types\/post"}],"author":[{"embeddable":true,"href":"https:\/\/universofamilia.com\/pt\/wp-json\/wp\/v2\/users\/219"}],"replies":[{"embeddable":true,"href":"https:\/\/universofamilia.com\/pt\/wp-json\/wp\/v2\/comments?post=10346"}],"version-history":[{"count":1,"href":"https:\/\/universofamilia.com\/pt\/wp-json\/wp\/v2\/posts\/10346\/revisions"}],"predecessor-version":[{"id":10350,"href":"https:\/\/universofamilia.com\/pt\/wp-json\/wp\/v2\/posts\/10346\/revisions\/10350"}],"wp:featuredmedia":[{"embeddable":true,"href":"https:\/\/universofamilia.com\/pt\/wp-json\/wp\/v2\/media\/10347"}],"wp:attachment":[{"href":"https:\/\/universofamilia.com\/pt\/wp-json\/wp\/v2\/media?parent=10346"}],"wp:term":[{"taxonomy":"category","embeddable":true,"href":"https:\/\/universofamilia.com\/pt\/wp-json\/wp\/v2\/categories?post=10346"},{"taxonomy":"post_tag","embeddable":true,"href":"https:\/\/universofamilia.com\/pt\/wp-json\/wp\/v2\/tags?post=10346"}],"curies":[{"name":"wp","href":"https:\/\/api.w.org\/{rel}","templated":true}]}}