{"id":10390,"date":"2025-11-21T16:03:00","date_gmt":"2025-11-21T19:03:00","guid":{"rendered":"https:\/\/universofamilia.com\/?p=10390"},"modified":"2025-11-21T16:03:03","modified_gmt":"2025-11-21T19:03:03","slug":"paises-lideres-en-energia-solar-y-eolica","status":"publish","type":"post","link":"https:\/\/universofamilia.com\/pt\/paises-lideres-en-energia-solar-y-eolica\/","title":{"rendered":"Pa\u00edses l\u00edderes em energia solar e e\u00f3lica"},"content":{"rendered":"<p class=\"has-text-align-center\">Num mundo que busca acelerar a transi\u00e7\u00e3o para fontes de energia limpas e sustent\u00e1veis, <strong>pa\u00edses l\u00edderes em energia solar e e\u00f3lica<\/strong> Eles se tornam modelos inspiradores.<\/p>\n\n\n\n<figure class=\"wp-block-gallery aligncenter has-nested-images columns-default is-cropped wp-block-gallery-1 is-layout-flex wp-block-gallery-is-layout-flex\">\n<figure class=\"wp-block-image size-full\"><img loading=\"lazy\" decoding=\"async\" width=\"450\" height=\"250\" data-id=\"10392\" src=\"https:\/\/universofamilia.com\/wp-content\/uploads\/sites\/148\/2025\/11\/Destaque-Novo-Universo-2-4.jpg\" alt=\"\" class=\"wp-image-10392\" srcset=\"https:\/\/universofamilia.com\/wp-content\/uploads\/sites\/148\/2025\/11\/Destaque-Novo-Universo-2-4.jpg 450w, https:\/\/universofamilia.com\/wp-content\/uploads\/sites\/148\/2025\/11\/Destaque-Novo-Universo-2-4-300x167.jpg 300w, https:\/\/universofamilia.com\/wp-content\/uploads\/sites\/148\/2025\/11\/Destaque-Novo-Universo-2-4-18x10.jpg 18w\" sizes=\"(max-width: 450px) 100vw, 450px\" \/><figcaption class=\"wp-element-caption\">Canva<\/figcaption><\/figure>\n<\/figure>\n\n\n\n<p class=\"has-text-align-center\">Este artigo explora quais s\u00e3o essas na\u00e7\u00f5es, como elas chegaram a essa posi\u00e7\u00e3o, quais estrat\u00e9gias utilizam e por que seu progresso \u00e9 fundamental para o futuro da energia.<\/p>\n\n\n\n<p>Segue um breve resumo:<\/p>\n\n\n\n<p><strong>Resumo:<\/strong><\/p>\n\n\n\n<p>Vis\u00e3o geral global da energia solar e e\u00f3lica<\/p>\n\n\n\n<p>Pa\u00edses l\u00edderes<\/p>\n\n\n\n<p>Fatores e estrat\u00e9gias comuns de sucesso<\/p>\n\n\n\n<p>Desafios que eles enfrentam<\/p>\n\n\n\n<p>O que podemos aprender com eles?<\/p>\n\n\n\n<p>Perguntas frequentes<\/p>\n\n\n\n<h2 class=\"wp-block-heading\">Vis\u00e3o geral global: a revolu\u00e7\u00e3o das energias renov\u00e1veis<\/h2>\n\n\n\n<p>A demanda por energia limpa nunca foi t\u00e3o alta.<\/p>\n\n\n\n<p>Em 2024, o mundo adicionou <strong>550 GW<\/strong> de nova capacidade fotovoltaica solar, o que elevou a capacidade instalada global para cerca de <strong>2,2 TW<\/strong>, de acordo com a Ag\u00eancia Internacional de Energia.<\/p>\n\n\n\n<p><br>Al\u00e9m disso, a energia e\u00f3lica registrou um ano recorde em 2023, com <strong>116 GW<\/strong> De acordo com o relat\u00f3rio do Conselho Global de Energia E\u00f3lica, foram instaladas mais turbinas.<\/p>\n\n\n\n<p>Esses n\u00fameros destacam uma tend\u00eancia clara: o crescimento das energias renov\u00e1veis, especialmente a solar e a e\u00f3lica, est\u00e1 atingindo uma escala sem precedentes.<\/p>\n\n\n\n<h2 class=\"wp-block-heading\">Quem s\u00e3o os <strong>pa\u00edses l\u00edderes em energia solar e e\u00f3lica<\/strong>?<\/h2>\n\n\n\n<p>Aqui destacamos algumas das principais na\u00e7\u00f5es:<\/p>\n\n\n\n<h3 class=\"wp-block-heading\">1. <strong>China<\/strong><\/h3>\n\n\n\n<p>A China lidera claramente em ambas as fontes.<\/p>\n\n\n\n<p>Para energia solar, sua capacidade instalada atingiu <strong>887,930 MW<\/strong> at\u00e9 o final de 2024.<\/p>\n\n\n\n<p>Na energia e\u00f3lica, isso adiciona <strong>521,746 MW<\/strong> de turbinas instaladas, o que a coloca como a na\u00e7\u00e3o com a maior pot\u00eancia instalada do mundo.<\/p>\n\n\n\n<p>Al\u00e9m disso, de acordo com o Global Energy Monitor, quase o <strong>74 % de todos os projetos de energia solar e e\u00f3lica em constru\u00e7\u00e3o no mundo todo<\/strong> Eles est\u00e3o na China.<\/p>\n\n\n\n<p>A magnitude do seu compromisso \u00e9 compar\u00e1vel \u00e0 constru\u00e7\u00e3o de centenas de usinas nucleares ano ap\u00f3s ano.<\/p>\n\n\n\n<p>Essa compara\u00e7\u00e3o parece uma analogia:<\/p>\n\n\n\n<p>\u00c9 como se o gigante asi\u00e1tico estivesse criando um &quot;ex\u00e9rcito de energia&quot; composto por pain\u00e9is e turbinas, substituindo os antigos soldados movidos a combust\u00edveis f\u00f3sseis por for\u00e7as renov\u00e1veis.<\/p>\n\n\n\n<h3 class=\"wp-block-heading\">2. <strong>EUA<\/strong><\/h3>\n\n\n\n<p>Tem cerca de <strong>177.470 MW<\/strong> da capacidade solar instalada.<\/p>\n\n\n\n<p>Na energia e\u00f3lica, isso representa um valor consider\u00e1vel. <strong>153,152 MW<\/strong> De acordo com dados de 2024.<\/p>\n\n\n\n<p>Embora seu crescimento em energia e\u00f3lica tenha sido mais moderado recentemente, continua sendo uma pot\u00eancia fundamental na transi\u00e7\u00e3o.<\/p>\n\n\n\n<h3 class=\"wp-block-heading\">3. <strong>\u00cdndia<\/strong><\/h3>\n\n\n\n<p>Instalado <strong>97,384 MW<\/strong> Capacidade solar de acordo com os dados mais recentes.<\/p>\n\n\n\n<p>Na \u00e1rea da energia e\u00f3lica, tamb\u00e9m houve crescimento: de acordo com o Visual Capitalist e relat\u00f3rios do setor energ\u00e9tico, o pa\u00eds est\u00e1 entre os cinco maiores produtores em capacidade total.<\/p>\n\n\n\n<p>De fato, em 2024, a \u00cdndia ultrapassou a Alemanha como geradora combinada de energia solar e e\u00f3lica, segundo a Ember.<\/p>\n\n\n\n<h3 class=\"wp-block-heading\">4. <strong>Alemanha<\/strong><\/h3>\n\n\n\n<p>Tem <strong>89,943 MW<\/strong> de energia solar instalada at\u00e9 o final de 2024.<\/p>\n\n\n\n<p>Na energia e\u00f3lica, a Alemanha tamb\u00e9m est\u00e1 entre os l\u00edderes, com mais de <strong>70.000 MW<\/strong>. <\/p>\n\n\n\n<p>A sua lideran\u00e7a europeia deve-se a pol\u00edticas favor\u00e1veis, sistemas de apoio e um elevado compromisso social com a transi\u00e7\u00e3o energ\u00e9tica.<\/p>\n\n\n\n<h3 class=\"wp-block-heading\">5. <strong>Brasil<\/strong><\/h3>\n\n\n\n<p>No setor de energia solar, o Brasil apresentou um crescimento significativo, segundo relat\u00f3rios. <strong>53,113 MW<\/strong> instalado.<\/p>\n\n\n\n<p>Na \u00e1rea da energia e\u00f3lica, tamb\u00e9m est\u00e1 a fazer progressos significativos, especialmente na sua regi\u00e3o nordeste, onde as condi\u00e7\u00f5es de vento s\u00e3o muito favor\u00e1veis.<\/p>\n\n\n\n<h3 class=\"wp-block-heading\">Tabela comparativa da capacidade instalada (solar e e\u00f3lica, aproximadamente 2024)<\/h3>\n\n\n\n<figure class=\"wp-block-table\"><table><thead><tr><th>Pa\u00eds<\/th><th>Capacidade solar (MW)<\/th><th>Capacidade de energia e\u00f3lica (MW)<\/th><\/tr><\/thead><tbody><tr><td>China<\/td><td>887 930<\/td><td>521 746<\/td><\/tr><tr><td>EUA<\/td><td>177 470<\/td><td>153 152<\/td><\/tr><tr><td>\u00cdndia<\/td><td>97 384<\/td><td>~45 000 <em>de acordo com o crescimento hist\u00f3rico<\/em><\/td><\/tr><tr><td>Alemanha<\/td><td>89 943<\/td><td>72 823<\/td><\/tr><tr><td>Brasil<\/td><td>53 113<\/td><td>32 959<\/td><\/tr><\/tbody><\/table><figcaption class=\"wp-element-caption\">Pa\u00edses l\u00edderes em energia solar e e\u00f3lica<\/figcaption><\/figure>\n\n\n\n<figure class=\"wp-block-gallery aligncenter has-nested-images columns-default is-cropped wp-block-gallery-2 is-layout-flex wp-block-gallery-is-layout-flex\">\n<figure class=\"wp-block-image size-full\"><img loading=\"lazy\" decoding=\"async\" width=\"450\" height=\"250\" data-id=\"10393\" src=\"https:\/\/universofamilia.com\/wp-content\/uploads\/sites\/148\/2025\/11\/Destaque-Novo-Universo-3-2.jpg\" alt=\"\" class=\"wp-image-10393\" srcset=\"https:\/\/universofamilia.com\/wp-content\/uploads\/sites\/148\/2025\/11\/Destaque-Novo-Universo-3-2.jpg 450w, https:\/\/universofamilia.com\/wp-content\/uploads\/sites\/148\/2025\/11\/Destaque-Novo-Universo-3-2-300x167.jpg 300w, https:\/\/universofamilia.com\/wp-content\/uploads\/sites\/148\/2025\/11\/Destaque-Novo-Universo-3-2-18x10.jpg 18w\" sizes=\"(max-width: 450px) 100vw, 450px\" \/><figcaption class=\"wp-element-caption\">Canva<\/figcaption><\/figure>\n<\/figure>\n\n\n\n<p>Leia mais:\u00a0<a href=\"https:\/\/universofamilia.com\/pt\/descubrimientos-cientificos-que-cambiaran-el-futuro\/\">Descobertas cient\u00edficas que mudar\u00e3o o futuro<\/a><\/p>\n\n\n\n<h2 class=\"wp-block-heading\">O que os torna t\u00e3o bem-sucedidos? Fatores de sucesso<\/h2>\n\n\n\n<p>Ao analisar estes <strong>pa\u00edses l\u00edderes em energia solar e e\u00f3lica<\/strong>V\u00e1rios fatores comuns emergem para explicar o seu sucesso:<\/p>\n\n\n\n<p><strong>Investimentos ambiciosos<\/strong><\/p>\n\n\n\n<p>A China, por exemplo, n\u00e3o s\u00f3 constr\u00f3i em grande escala, como o faz muito rapidamente, ultrapassando as metas estabelecidas para 2030 j\u00e1 em 2024. <\/p>\n\n\n\n<p><strong>Pol\u00edticas de apoio e regulamenta\u00e7\u00f5es claras<\/strong><\/p>\n\n\n\n<p>A Alemanha e os Estados Unidos estabeleceram incentivos, leil\u00f5es de energia renov\u00e1vel e estruturas legais que incentivam a participa\u00e7\u00e3o privada.<\/p>\n\n\n\n<p><strong>Infraestrutura tecnol\u00f3gica<\/strong><\/p>\n\n\n\n<p>O desenvolvimento de f\u00e1bricas para pain\u00e9is solares e turbinas e\u00f3licas, aliado a redes de transmiss\u00e3o eficientes, permite uma r\u00e1pida implanta\u00e7\u00e3o de capacidade:<\/p>\n\n\n\n<p>A China inclusive produz grande parte dos equipamentos instalados em todo o mundo.<\/p>\n\n\n\n<p><strong>Compromisso social e ambiental<\/strong><\/p>\n\n\n\n<p>Em muitos casos, as sociedades e os governos entendem que a transi\u00e7\u00e3o n\u00e3o se resume apenas \u00e0 energia, mas tamb\u00e9m representa uma alavanca para a prosperidade, a independ\u00eancia energ\u00e9tica e a resili\u00eancia \u00e0s mudan\u00e7as clim\u00e1ticas.<\/p>\n\n\n\n<h2 class=\"wp-block-heading\">Desafios no horizonte<\/h2>\n\n\n\n<p>Apesar de sua lideran\u00e7a, esses pa\u00edses tamb\u00e9m enfrentam desafios complexos:<\/p>\n\n\n\n<p><strong>Integra\u00e7\u00e3o na rede el\u00e9trica<\/strong>Implantar gigawatts \u00e9 uma coisa; garantir que essa energia seja distribu\u00edda e armazenada de forma eficiente \u00e9 outra.<\/p>\n\n\n\n<p><strong>Variabilidade clim\u00e1tica<\/strong>Tanto o sol quanto o vento s\u00e3o vari\u00e1veis, o que exige solu\u00e7\u00f5es como armazenamento em larga escala ou integra\u00e7\u00e3o com outras fontes limpas.<\/p>\n\n\n\n<p><strong>aceita\u00e7\u00e3o social<\/strong>Nem sempre \u00e9 f\u00e1cil construir grandes projetos de energia renov\u00e1vel; pode haver resist\u00eancia local devido ao uso da terra, \u00e0s paisagens e ao impacto ambiental.<\/p>\n\n\n\n<p><strong>Financiamento de longo prazo<\/strong>Construir \u00e9 caro, mas manter as opera\u00e7\u00f5es, a manuten\u00e7\u00e3o e a moderniza\u00e7\u00e3o tamb\u00e9m exigem capital cont\u00ednuo.<\/p>\n\n\n\n<h2 class=\"wp-block-heading\">Que li\u00e7\u00f5es podemos aprender com outros pa\u00edses ou empresas?<\/h2>\n\n\n\n<p><strong>Vis\u00e3o de longo prazo:<\/strong> Os l\u00edderes projetam-se d\u00e9cadas no futuro; seu compromisso n\u00e3o \u00e9 tempor\u00e1rio.<\/p>\n\n\n\n<p><strong>Diversifica\u00e7\u00e3o das fontes renov\u00e1veis:<\/strong> A combina\u00e7\u00e3o de energia solar e e\u00f3lica permite uma produ\u00e7\u00e3o de energia equilibrada.<\/p>\n\n\n\n<p><strong>Investimento em pessoas e tecnologia:<\/strong> N\u00e3o se trata apenas de pain\u00e9is ou turbinas, mas de especialistas, pesquisa, infraestrutura e toda a cadeia de valor.<\/p>\n\n\n\n<p><strong>Colabora\u00e7\u00e3o internacional:<\/strong> A coopera\u00e7\u00e3o com outros pa\u00edses para compartilhar tecnologia, financiamento e conhecimento acelera o progresso conjunto.<\/p>\n\n\n\n<p>Por exemplo, um pequeno pa\u00eds com muita luz solar, mas sem capacidade tecnol\u00f3gica desenvolvida, poderia fazer parceria com um l\u00edder como a China ou a Alemanha para acelerar a sua pr\u00f3pria implementa\u00e7\u00e3o de energias renov\u00e1veis (primeiro exemplo original).<\/p>\n\n\n\n<p>Outro exemplo: uma cidade industrial poderia combinar parques solares em telhados com parques e\u00f3licos urbanos, imitando o modelo misto dos pa\u00edses mais avan\u00e7ados (segundo exemplo original).<\/p>\n\n\n\n<h2 class=\"wp-block-heading\">Analogia para compreender seu impacto<\/h2>\n\n\n\n<p>Imagine uma grande orquestra sinf\u00f4nica. Cada instrumento soa poderoso individualmente, mas quando todos tocam juntos sob a reg\u00eancia de um maestro vision\u00e1rio, a m\u00fasica ganha propor\u00e7\u00f5es alt\u00edssimas.<\/p>\n\n\n\n<p>Da mesma forma, o <strong>pa\u00edses l\u00edderes em energia solar e e\u00f3lica<\/strong> Eles est\u00e3o preparando uma sinfonia vibrante:<\/p>\n\n\n\n<p>Pain\u00e9is solares, turbinas e\u00f3licas, redes inteligentes e armazenamento de energia, tudo coordenado para produzir a harmonia limpa que nosso planeta precisa.<\/p>\n\n\n\n<h2 class=\"wp-block-heading\">Pergunta ret\u00f3rica para reflex\u00e3o<\/h2>\n\n\n\n<p>N\u00e3o \u00e9 inspirador ver como algumas na\u00e7\u00f5es est\u00e3o transformando o vento e o sol, dois elementos naturais gratuitos, em energia real para seus cidad\u00e3os e seu desenvolvimento, sem depender de combust\u00edveis f\u00f3sseis?<\/p>\n\n\n\n<h2 class=\"wp-block-heading\">Conclus\u00e3o<\/h2>\n\n\n\n<p>O <strong>pa\u00edses l\u00edderes em energia solar e e\u00f3lica<\/strong> China, Estados Unidos, \u00cdndia, Alemanha e Brasil est\u00e3o ditando o ritmo da transi\u00e7\u00e3o energ\u00e9tica global.<\/p>\n\n\n\n<p>Gra\u00e7as a investimentos maci\u00e7os, pol\u00edticas claras, tecnologia avan\u00e7ada e compromisso social, eles alcan\u00e7aram n\u00edveis de capacidade nunca antes vistos.<\/p>\n\n\n\n<p>No entanto, sua lideran\u00e7a n\u00e3o est\u00e1 isenta de desafios: integrar toda essa energia, garantir sua estabilidade e manter o ritmo exige inova\u00e7\u00e3o constante.<\/p>\n\n\n\n<p>A experi\u00eancia deles oferece li\u00e7\u00f5es valiosas: vis\u00e3o de longo prazo, diversifica\u00e7\u00e3o, investimento em talentos e infraestrutura, e coopera\u00e7\u00e3o internacional.<\/p>\n\n\n\n<p>Se mais na\u00e7\u00f5es adotassem essas estrat\u00e9gias, o mundo poderia avan\u00e7ar mais rapidamente rumo a um futuro verdadeiramente limpo e seguro.<\/p>\n\n\n\n<p>Leia mais:\u00a0<a href=\"https:\/\/universofamilia.com\/pt\/energias-renovables-en-el-mundo-avances-y-desafios-para-2030\/\">Energias renov\u00e1veis no mundo: avan\u00e7os e desafios para 2030<\/a><\/p>\n\n\n\n<h2 class=\"wp-block-heading\">Perguntas Frequentes (FAQ)<\/h2>\n\n\n\n<p><strong>Por que a China est\u00e1 t\u00e3o \u00e0 frente em capacidade de energia solar e e\u00f3lica?<\/strong><\/p>\n\n\n\n<p>A China combina um enorme volume de investimentos, pol\u00edticas favor\u00e1veis, capacidade industrial para fabricar pain\u00e9is e turbinas, e terrenos dispon\u00edveis para projetos de grande porte.<\/p>\n\n\n\n<p><strong>O crescimento das energias renov\u00e1veis significa que ir\u00e3o abandonar completamente os combust\u00edveis f\u00f3sseis?<\/strong><\/p>\n\n\n\n<p>N\u00e3o necessariamente de forma imediata. Muitos pa\u00edses est\u00e3o progredindo em paralelo: continuam a usar combust\u00edveis f\u00f3sseis enquanto expandem suas fontes de energia renov\u00e1veis. A transi\u00e7\u00e3o \u00e9 gradual.<\/p>\n\n\n\n<p><strong>Qual \u00e9 o papel de outros pa\u00edses menores?<\/strong><\/p>\n\n\n\n<p>Mesmo que n\u00e3o liderem em escala global, muitos podem adotar as melhores pr\u00e1ticas de l\u00edderes:<\/p>\n\n\n\n<p>Leil\u00f5es de energia renov\u00e1vel, parcerias com empresas de tecnologia, integra\u00e7\u00e3o em redes inteligentes e facilita\u00e7\u00e3o da participa\u00e7\u00e3o cidad\u00e3 em projetos de energia solar comunit\u00e1ria.<\/p>\n\n\n\n<p><strong>Como esses megaprojetos s\u00e3o financiados?<\/strong><\/p>\n\n\n\n<p>S\u00e3o combinados fundos p\u00fablicos, investimento privado, financiamento internacional, t\u00edtulos verdes e parcerias p\u00fablico-privadas.<\/p>\n\n\n\n<p><strong>O que uma empresa ou cidade pode fazer para se juntar a essa revolu\u00e7\u00e3o?<\/strong><\/p>\n\n\n\n<p>Voc\u00ea pode come\u00e7ar com auditorias energ\u00e9ticas, planos para instalar pain\u00e9is solares, colaborando com desenvolvedores de energia renov\u00e1vel, utilizando instrumentos financeiros verdes e promovendo pol\u00edticas locais favor\u00e1veis.<\/p>","protected":false},"excerpt":{"rendered":"<p>Em um mundo que busca acelerar a transi\u00e7\u00e3o para fontes de energia limpas e sustent\u00e1veis, os pa\u00edses l\u00edderes em energia solar e e\u00f3lica est\u00e3o se tornando modelos inspiradores. Este artigo explora quais s\u00e3o essas na\u00e7\u00f5es, como elas chegaram a essa posi\u00e7\u00e3o, quais estrat\u00e9gias empregam e por que seu progresso \u00e9 crucial para o futuro da energia. Abaixo, [\u2026]<\/p>","protected":false},"author":219,"featured_media":10391,"comment_status":"closed","ping_status":"open","sticky":false,"template":"","format":"standard","meta":{"footnotes":""},"categories":[4],"tags":[],"yoast_head":"<!-- This site is optimized with the Yoast SEO plugin v23.3 - https:\/\/yoast.com\/wordpress\/plugins\/seo\/ -->\n<title>Pa\u00edses l\u00edderes en energ\u00eda solar y e\u00f3lica - Universo Fam\u00edlia<\/title>\n<meta name=\"description\" content=\"En un mundo que busca acelerar la transici\u00f3n hacia fuentes limpias y sostenibles, los pa\u00edses l\u00edderes en energ\u00eda solar y e\u00f3lica se convierten.\" \/>\n<meta name=\"robots\" content=\"index, follow, max-snippet:-1, max-image-preview:large, max-video-preview:-1\" \/>\n<link rel=\"canonical\" href=\"http:\/\/universofamilia.com\/pt\/paises-lideres-en-energia-solar-y-eolica\/\" \/>\n<meta property=\"og:locale\" content=\"pt_BR\" \/>\n<meta property=\"og:type\" content=\"article\" \/>\n<meta property=\"og:title\" content=\"Pa\u00edses l\u00edderes en energ\u00eda solar y e\u00f3lica - Universo Fam\u00edlia\" \/>\n<meta property=\"og:description\" content=\"En un mundo que busca acelerar la transici\u00f3n hacia fuentes limpias y sostenibles, los pa\u00edses l\u00edderes en energ\u00eda solar y e\u00f3lica se convierten.\" \/>\n<meta property=\"og:url\" content=\"http:\/\/universofamilia.com\/pt\/paises-lideres-en-energia-solar-y-eolica\/\" \/>\n<meta property=\"og:site_name\" content=\"Universo Fam\u00edlia\" \/>\n<meta property=\"article:published_time\" content=\"2025-11-21T19:03:00+00:00\" \/>\n<meta property=\"article:modified_time\" content=\"2025-11-21T19:03:03+00:00\" \/>\n<meta property=\"og:image\" content=\"http:\/\/universofamilia.com\/wp-content\/uploads\/sites\/148\/2025\/11\/Destaque-Novo-Universo-2-3.jpg\" \/>\n\t<meta property=\"og:image:width\" content=\"450\" \/>\n\t<meta property=\"og:image:height\" content=\"250\" \/>\n\t<meta property=\"og:image:type\" content=\"image\/jpeg\" \/>\n<meta name=\"author\" content=\"Matheus Sangaletti\" \/>\n<meta name=\"twitter:card\" content=\"summary_large_image\" \/>\n<meta name=\"twitter:label1\" content=\"Written by\" \/>\n\t<meta name=\"twitter:data1\" content=\"Matheus Sangaletti\" \/>\n\t<meta name=\"twitter:label2\" content=\"Est. reading time\" \/>\n\t<meta name=\"twitter:data2\" content=\"8 minutos\" \/>\n<script type=\"application\/ld+json\" class=\"yoast-schema-graph\">{\"@context\":\"https:\/\/schema.org\",\"@graph\":[{\"@type\":\"WebPage\",\"@id\":\"http:\/\/universofamilia.com\/ar\/paises-lideres-en-energia-solar-y-eolica\/\",\"url\":\"http:\/\/universofamilia.com\/ar\/paises-lideres-en-energia-solar-y-eolica\/\",\"name\":\"Pa\u00edses l\u00edderes en energ\u00eda solar y e\u00f3lica - Universo Fam\u00edlia\",\"isPartOf\":{\"@id\":\"https:\/\/universofamilia.com\/el\/#website\"},\"primaryImageOfPage\":{\"@id\":\"http:\/\/universofamilia.com\/ar\/paises-lideres-en-energia-solar-y-eolica\/#primaryimage\"},\"image\":{\"@id\":\"http:\/\/universofamilia.com\/ar\/paises-lideres-en-energia-solar-y-eolica\/#primaryimage\"},\"thumbnailUrl\":\"https:\/\/universofamilia.com\/wp-content\/uploads\/sites\/148\/2025\/11\/Destaque-Novo-Universo-2-3.jpg\",\"datePublished\":\"2025-11-21T19:03:00+00:00\",\"dateModified\":\"2025-11-21T19:03:03+00:00\",\"author\":{\"@id\":\"https:\/\/universofamilia.com\/el\/#\/schema\/person\/92fcd07e9b1f4323bf74f3170fc0f78a\"},\"description\":\"En un mundo que busca acelerar la transici\u00f3n hacia fuentes limpias y sostenibles, los pa\u00edses l\u00edderes en energ\u00eda solar y e\u00f3lica se convierten.\",\"breadcrumb\":{\"@id\":\"http:\/\/universofamilia.com\/ar\/paises-lideres-en-energia-solar-y-eolica\/#breadcrumb\"},\"inLanguage\":\"pt-BR\",\"potentialAction\":[{\"@type\":\"ReadAction\",\"target\":[\"http:\/\/universofamilia.com\/ar\/paises-lideres-en-energia-solar-y-eolica\/\"]}]},{\"@type\":\"ImageObject\",\"inLanguage\":\"pt-BR\",\"@id\":\"http:\/\/universofamilia.com\/ar\/paises-lideres-en-energia-solar-y-eolica\/#primaryimage\",\"url\":\"https:\/\/universofamilia.com\/wp-content\/uploads\/sites\/148\/2025\/11\/Destaque-Novo-Universo-2-3.jpg\",\"contentUrl\":\"https:\/\/universofamilia.com\/wp-content\/uploads\/sites\/148\/2025\/11\/Destaque-Novo-Universo-2-3.jpg\",\"width\":450,\"height\":250},{\"@type\":\"BreadcrumbList\",\"@id\":\"http:\/\/universofamilia.com\/ar\/paises-lideres-en-energia-solar-y-eolica\/#breadcrumb\",\"itemListElement\":[{\"@type\":\"ListItem\",\"position\":1,\"name\":\"Home\",\"item\":\"https:\/\/universofamilia.com\/el\/\"},{\"@type\":\"ListItem\",\"position\":2,\"name\":\"Pa\u00edses l\u00edderes en energ\u00eda solar y e\u00f3lica\"}]},{\"@type\":\"WebSite\",\"@id\":\"https:\/\/universofamilia.com\/el\/#website\",\"url\":\"https:\/\/universofamilia.com\/el\/\",\"name\":\"Universo Fam\u00edlia\",\"description\":\"\",\"potentialAction\":[{\"@type\":\"SearchAction\",\"target\":{\"@type\":\"EntryPoint\",\"urlTemplate\":\"https:\/\/universofamilia.com\/el\/?s={search_term_string}\"},\"query-input\":\"required name=search_term_string\"}],\"inLanguage\":\"pt-BR\"},{\"@type\":\"Person\",\"@id\":\"https:\/\/universofamilia.com\/el\/#\/schema\/person\/92fcd07e9b1f4323bf74f3170fc0f78a\",\"name\":\"Matheus Sangaletti\",\"image\":{\"@type\":\"ImageObject\",\"inLanguage\":\"pt-BR\",\"@id\":\"https:\/\/universofamilia.com\/el\/#\/schema\/person\/image\/\",\"url\":\"https:\/\/secure.gravatar.com\/avatar\/280ea957a14a48e6a1ad2133d2cc27c9?s=96&d=mm&r=g\",\"contentUrl\":\"https:\/\/secure.gravatar.com\/avatar\/280ea957a14a48e6a1ad2133d2cc27c9?s=96&d=mm&r=g\",\"caption\":\"Matheus Sangaletti\"},\"url\":\"https:\/\/universofamilia.com\/pt\/author\/matheuss\/\"}]}<\/script>\n<!-- \/ Yoast SEO plugin. -->","yoast_head_json":{"title":"Pa\u00edses l\u00edderes en energ\u00eda solar y e\u00f3lica - Universo Fam\u00edlia","description":"En un mundo que busca acelerar la transici\u00f3n hacia fuentes limpias y sostenibles, los pa\u00edses l\u00edderes en energ\u00eda solar y e\u00f3lica se convierten.","robots":{"index":"index","follow":"follow","max-snippet":"max-snippet:-1","max-image-preview":"max-image-preview:large","max-video-preview":"max-video-preview:-1"},"canonical":"http:\/\/universofamilia.com\/pt\/paises-lideres-en-energia-solar-y-eolica\/","og_locale":"pt_BR","og_type":"article","og_title":"Pa\u00edses l\u00edderes en energ\u00eda solar y e\u00f3lica - Universo Fam\u00edlia","og_description":"En un mundo que busca acelerar la transici\u00f3n hacia fuentes limpias y sostenibles, los pa\u00edses l\u00edderes en energ\u00eda solar y e\u00f3lica se convierten.","og_url":"http:\/\/universofamilia.com\/pt\/paises-lideres-en-energia-solar-y-eolica\/","og_site_name":"Universo Fam\u00edlia","article_published_time":"2025-11-21T19:03:00+00:00","article_modified_time":"2025-11-21T19:03:03+00:00","og_image":[{"width":450,"height":250,"url":"http:\/\/universofamilia.com\/wp-content\/uploads\/sites\/148\/2025\/11\/Destaque-Novo-Universo-2-3.jpg","type":"image\/jpeg"}],"author":"Matheus Sangaletti","twitter_card":"summary_large_image","twitter_misc":{"Written by":"Matheus Sangaletti","Est. reading time":"8 minutos"},"schema":{"@context":"https:\/\/schema.org","@graph":[{"@type":"WebPage","@id":"http:\/\/universofamilia.com\/ar\/paises-lideres-en-energia-solar-y-eolica\/","url":"http:\/\/universofamilia.com\/ar\/paises-lideres-en-energia-solar-y-eolica\/","name":"Pa\u00edses l\u00edderes en energ\u00eda solar y e\u00f3lica - Universo Fam\u00edlia","isPartOf":{"@id":"https:\/\/universofamilia.com\/el\/#website"},"primaryImageOfPage":{"@id":"http:\/\/universofamilia.com\/ar\/paises-lideres-en-energia-solar-y-eolica\/#primaryimage"},"image":{"@id":"http:\/\/universofamilia.com\/ar\/paises-lideres-en-energia-solar-y-eolica\/#primaryimage"},"thumbnailUrl":"https:\/\/universofamilia.com\/wp-content\/uploads\/sites\/148\/2025\/11\/Destaque-Novo-Universo-2-3.jpg","datePublished":"2025-11-21T19:03:00+00:00","dateModified":"2025-11-21T19:03:03+00:00","author":{"@id":"https:\/\/universofamilia.com\/el\/#\/schema\/person\/92fcd07e9b1f4323bf74f3170fc0f78a"},"description":"En un mundo que busca acelerar la transici\u00f3n hacia fuentes limpias y sostenibles, los pa\u00edses l\u00edderes en energ\u00eda solar y e\u00f3lica se convierten.","breadcrumb":{"@id":"http:\/\/universofamilia.com\/ar\/paises-lideres-en-energia-solar-y-eolica\/#breadcrumb"},"inLanguage":"pt-BR","potentialAction":[{"@type":"ReadAction","target":["http:\/\/universofamilia.com\/ar\/paises-lideres-en-energia-solar-y-eolica\/"]}]},{"@type":"ImageObject","inLanguage":"pt-BR","@id":"http:\/\/universofamilia.com\/ar\/paises-lideres-en-energia-solar-y-eolica\/#primaryimage","url":"https:\/\/universofamilia.com\/wp-content\/uploads\/sites\/148\/2025\/11\/Destaque-Novo-Universo-2-3.jpg","contentUrl":"https:\/\/universofamilia.com\/wp-content\/uploads\/sites\/148\/2025\/11\/Destaque-Novo-Universo-2-3.jpg","width":450,"height":250},{"@type":"BreadcrumbList","@id":"http:\/\/universofamilia.com\/ar\/paises-lideres-en-energia-solar-y-eolica\/#breadcrumb","itemListElement":[{"@type":"ListItem","position":1,"name":"Home","item":"https:\/\/universofamilia.com\/el\/"},{"@type":"ListItem","position":2,"name":"Pa\u00edses l\u00edderes en energ\u00eda solar y e\u00f3lica"}]},{"@type":"WebSite","@id":"https:\/\/universofamilia.com\/el\/#website","url":"https:\/\/universofamilia.com\/el\/","name":"Universo Fam\u00edlia","description":"","potentialAction":[{"@type":"SearchAction","target":{"@type":"EntryPoint","urlTemplate":"https:\/\/universofamilia.com\/el\/?s={search_term_string}"},"query-input":"required name=search_term_string"}],"inLanguage":"pt-BR"},{"@type":"Person","@id":"https:\/\/universofamilia.com\/el\/#\/schema\/person\/92fcd07e9b1f4323bf74f3170fc0f78a","name":"Matheus Sangaletti","image":{"@type":"ImageObject","inLanguage":"pt-BR","@id":"https:\/\/universofamilia.com\/el\/#\/schema\/person\/image\/","url":"https:\/\/secure.gravatar.com\/avatar\/280ea957a14a48e6a1ad2133d2cc27c9?s=96&d=mm&r=g","contentUrl":"https:\/\/secure.gravatar.com\/avatar\/280ea957a14a48e6a1ad2133d2cc27c9?s=96&d=mm&r=g","caption":"Matheus Sangaletti"},"url":"https:\/\/universofamilia.com\/pt\/author\/matheuss\/"}]}},"_links":{"self":[{"href":"https:\/\/universofamilia.com\/pt\/wp-json\/wp\/v2\/posts\/10390"}],"collection":[{"href":"https:\/\/universofamilia.com\/pt\/wp-json\/wp\/v2\/posts"}],"about":[{"href":"https:\/\/universofamilia.com\/pt\/wp-json\/wp\/v2\/types\/post"}],"author":[{"embeddable":true,"href":"https:\/\/universofamilia.com\/pt\/wp-json\/wp\/v2\/users\/219"}],"replies":[{"embeddable":true,"href":"https:\/\/universofamilia.com\/pt\/wp-json\/wp\/v2\/comments?post=10390"}],"version-history":[{"count":1,"href":"https:\/\/universofamilia.com\/pt\/wp-json\/wp\/v2\/posts\/10390\/revisions"}],"predecessor-version":[{"id":10394,"href":"https:\/\/universofamilia.com\/pt\/wp-json\/wp\/v2\/posts\/10390\/revisions\/10394"}],"wp:featuredmedia":[{"embeddable":true,"href":"https:\/\/universofamilia.com\/pt\/wp-json\/wp\/v2\/media\/10391"}],"wp:attachment":[{"href":"https:\/\/universofamilia.com\/pt\/wp-json\/wp\/v2\/media?parent=10390"}],"wp:term":[{"taxonomy":"category","embeddable":true,"href":"https:\/\/universofamilia.com\/pt\/wp-json\/wp\/v2\/categories?post=10390"},{"taxonomy":"post_tag","embeddable":true,"href":"https:\/\/universofamilia.com\/pt\/wp-json\/wp\/v2\/tags?post=10390"}],"curies":[{"name":"wp","href":"https:\/\/api.w.org\/{rel}","templated":true}]}}