{"id":10479,"date":"2025-12-29T09:09:19","date_gmt":"2025-12-29T12:09:19","guid":{"rendered":"https:\/\/universofamilia.com\/?p=10479"},"modified":"2025-12-29T09:11:25","modified_gmt":"2025-12-29T12:11:25","slug":"la-salud-mental-en-la-mira","status":"publish","type":"post","link":"https:\/\/universofamilia.com\/pt\/la-salud-mental-en-la-mira\/","title":{"rendered":"Sa\u00fade mental em foco: o novo desafio global do s\u00e9culo XXI"},"content":{"rendered":"<p class=\"has-text-align-center\"><strong>Sa\u00fade mental em destaque: o novo desafio global do s\u00e9culo XXI.<\/strong> J\u00e1 n\u00e3o se trata de um slogan alarmista nem de uma quest\u00e3o exclusiva da \u00e1rea m\u00e9dica.<\/p>\n\n\n\n<figure class=\"wp-block-gallery has-nested-images columns-default is-cropped wp-block-gallery-1 is-layout-flex wp-block-gallery-is-layout-flex\">\n<figure class=\"wp-block-image size-full\"><img loading=\"lazy\" decoding=\"async\" width=\"450\" height=\"250\" data-id=\"10481\" src=\"https:\/\/universofamilia.com\/wp-content\/uploads\/sites\/148\/2025\/12\/Destaque-Novo-Universo-20-1.jpg\" alt=\"\" class=\"wp-image-10481\" srcset=\"https:\/\/universofamilia.com\/wp-content\/uploads\/sites\/148\/2025\/12\/Destaque-Novo-Universo-20-1.jpg 450w, https:\/\/universofamilia.com\/wp-content\/uploads\/sites\/148\/2025\/12\/Destaque-Novo-Universo-20-1-300x167.jpg 300w, https:\/\/universofamilia.com\/wp-content\/uploads\/sites\/148\/2025\/12\/Destaque-Novo-Universo-20-1-18x10.jpg 18w\" sizes=\"(max-width: 450px) 100vw, 450px\" \/><figcaption class=\"wp-element-caption\">Sa\u00fade mental em destaque: o novo desafio global do s\u00e9culo XXI.<\/figcaption><\/figure>\n<\/figure>\n\n\n\n<p class=\"has-text-align-center\">Tornou-se uma prioridade social, econ\u00f4mica e pol\u00edtica que transcende idades, profiss\u00f5es e culturas.<\/p>\n\n\n\n<p class=\"has-text-align-center\">Em 2025, falar sobre bem-estar emocional significa falar sobre produtividade, relacionamentos, educa\u00e7\u00e3o, tecnologia e qualidade de vida.<\/p>\n\n\n\n<p>Antes de aprofundarmos o assunto, vale a pena revisar um breve resumo: por que a sa\u00fade mental est\u00e1 no centro do debate global atual, quais fatores explicam sua deteriora\u00e7\u00e3o e como ela impacta a economia e a vida cotidiana.<\/p>\n\n\n\n<p>Uma estat\u00edstica fundamental respaldada por organiza\u00e7\u00f5es internacionais, dois exemplos do mundo real, uma analogia esclarecedora, uma tabela com os desafios atuais e uma se\u00e7\u00e3o de perguntas frequentes.<\/p>\n\n\n\n<h2 class=\"wp-block-heading\"><strong>Por que a sa\u00fade mental passou a ocupar o centro do debate global?<\/strong><\/h2>\n\n\n\n<p>Durante d\u00e9cadas, o bem-estar psicol\u00f3gico foi relegado a segundo plano. No entanto, as r\u00e1pidas mudan\u00e7as do s\u00e9culo XXI obrigaram-nos a confrontar um problema que vinha crescendo silenciosamente.<\/p>\n\n\n\n<p>Ritmos de trabalho intensos, hiperconectividade, incerteza econ\u00f4mica e profundas transforma\u00e7\u00f5es sociais criaram um terreno f\u00e9rtil complexo.<\/p>\n\n\n\n<p>Nesse contexto, <strong>Sa\u00fade mental em destaque: o novo desafio global do s\u00e9culo XXI.<\/strong> Deixou de ser uma express\u00e3o acad\u00eamica e se tornou uma realidade cotidiana.<\/p>\n\n\n\n<p>Hoje, governos, empresas e sistemas educacionais reconhecem que ignorar esse aspecto tem consequ\u00eancias tang\u00edveis e dispendiosas.<\/p>\n\n\n\n<h2 class=\"wp-block-heading\"><strong>Um problema que n\u00e3o conhece fronteiras nem idades.<\/strong><\/h2>\n\n\n\n<p>A sa\u00fade mental n\u00e3o afeta apenas determinados pa\u00edses ou grupos sociais.<\/p>\n\n\n\n<p>Este \u00e9 um fen\u00f4meno generalizado. Jovens, adultos e idosos est\u00e3o enfrentando n\u00edveis crescentes de estresse, ansiedade e exaust\u00e3o emocional.<\/p>\n\n\n\n<p>De acordo com dados de <strong>Organiza\u00e7\u00e3o Mundial da Sa\u00fade (OMS)<\/strong>aproximadamente <strong>Uma em cada oito pessoas no mundo vive com algum tipo de transtorno mental.<\/strong>Este n\u00famero reflete a magnitude do desafio e seu impacto direto nos sistemas de sa\u00fade e na economia global.<\/p>\n\n\n\n<p>Esses dados, atualizados em relat\u00f3rios recentes da ag\u00eancia, confirmam que n\u00e3o se tratam de casos isolados, mas sim de um problema estrutural.<\/p>\n\n\n\n<h2 class=\"wp-block-heading\"><strong>O impacto silencioso na economia e no trabalho<\/strong><\/h2>\n\n\n\n<p>Al\u00e9m do sofrimento individual, a sa\u00fade mental debilitada afeta a produtividade, aumenta o absente\u00edsmo e eleva os custos com assist\u00eancia m\u00e9dica.<\/p>\n\n\n\n<p>As empresas come\u00e7aram a entender que cuidar do bem-estar emocional n\u00e3o \u00e9 um benef\u00edcio extra, mas sim um investimento estrat\u00e9gico.<\/p>\n\n\n\n<p>At\u00e9 2025, muitas organiza\u00e7\u00f5es integrar\u00e3o programas de apoio psicol\u00f3gico, hor\u00e1rios de trabalho flex\u00edveis e pol\u00edticas de desconex\u00e3o digital.<\/p>\n\n\n\n<p>Eles fazem isso n\u00e3o apenas por responsabilidade social, mas porque os resultados mostram melhorias claras no desempenho e no comprometimento.<\/p>\n\n\n\n<h2 class=\"wp-block-heading\"><strong>Tecnologia: aliada e risco.<\/strong><\/h2>\n\n\n\n<p>A tecnologia desempenha um papel ambivalente. Por um lado, facilita o acesso \u00e0 informa\u00e7\u00e3o, \u00e0s terapias online e \u00e0s comunidades de apoio.<\/p>\n\n\n\n<p>Por outro lado, intensifica a compara\u00e7\u00e3o social, a superexposi\u00e7\u00e3o e a dificuldade de se desconectar.<\/p>\n\n\n\n<p>O desafio \u00e9 usar as ferramentas digitais com sabedoria.<\/p>\n\n\n\n<p>A chave n\u00e3o \u00e9 demonizar a tecnologia, mas estabelecer limites saud\u00e1veis que nos permitam aproveitar seus benef\u00edcios sem sacrificar o equil\u00edbrio emocional.<\/p>\n\n\n\n<h2 class=\"wp-block-heading\"><strong>Educa\u00e7\u00e3o emocional: uma d\u00edvida hist\u00f3rica<\/strong><\/h2>\n\n\n\n<p>Durante anos, os sistemas educacionais priorizaram o conte\u00fado acad\u00eamico, negligenciando as habilidades emocionais b\u00e1sicas. Hoje, essa omiss\u00e3o est\u00e1 cobrando seu pre\u00e7o.<\/p>\n\n\n\n<p>A alfabetiza\u00e7\u00e3o emocional est\u00e1 se tornando uma necessidade urgente.<\/p>\n\n\n\n<p>Incorporar o gerenciamento do estresse, a empatia e a autoconsci\u00eancia desde cedo n\u00e3o s\u00f3 previne dist\u00farbios futuros, como tamb\u00e9m cria cidad\u00e3os mais resilientes e conscientes.<\/p>\n\n\n\n<h3 class=\"wp-block-heading\"><strong>Exemplo 1<\/strong><\/h3>\n\n\n\n<p>Uma escola p\u00fablica na Am\u00e9rica Latina integrou oficinas semanais de educa\u00e7\u00e3o emocional.<\/p>\n\n\n\n<p>Em menos de um ano, os conflitos entre os alunos diminu\u00edram e o desempenho acad\u00eamico geral melhorou, de acordo com relat\u00f3rios internos do centro educacional.<\/p>\n\n\n\n<h2 class=\"wp-block-heading\"><strong>Estigma: o inimigo mais persistente<\/strong><\/h2>\n\n\n\n<p>Embora o discurso tenha mudado, o estigma permanece. Muitas pessoas evitam pedir ajuda por medo de julgamento social ou profissional.<\/p>\n\n\n\n<p>Esse sil\u00eancio agrava os sintomas e atrasa tratamentos eficazes.<\/p>\n\n\n\n<p>Dar visibilidade \u00e0 sa\u00fade mental como parte integrante da sa\u00fade geral \u00e9 fundamental. Normalizar a conversa sobre o assunto economiza tempo, recursos e, em alguns casos, vidas.<\/p>\n\n\n\n<h2 class=\"wp-block-heading\"><strong>A analogia que ajuda a compreender a urg\u00eancia<\/strong><\/h2>\n\n\n\n<p>Cuidar da sua sa\u00fade mental \u00e9 semelhante a <strong>manter o sistema operacional de um dispositivo<\/strong>.<\/p>\n\n\n\n<p>Voc\u00ea pode ter o melhor hardware, mas se o software falhar, todo o sistema fica lento, inst\u00e1vel e vulner\u00e1vel. Ignorar os sinais de alerta s\u00f3 piora o desempenho geral.<\/p>\n\n\n\n<h2 class=\"wp-block-heading\"><strong>Pol\u00edticas p\u00fablicas e responsabilidade coletiva<\/strong><\/h2>\n\n\n\n<p>Os governos enfrentam o desafio de conceber pol\u00edticas abrangentes, acess\u00edveis e sustent\u00e1veis.<\/p>\n\n\n\n<p>Aumentar os or\u00e7amentos por si s\u00f3 n\u00e3o basta; \u00e9 necess\u00e1ria a coordena\u00e7\u00e3o entre sa\u00fade, educa\u00e7\u00e3o, trabalho e desenvolvimento social.<\/p>\n\n\n\n<p>Ao mesmo tempo, a responsabilidade n\u00e3o recai apenas sobre as institui\u00e7\u00f5es.<\/p>\n\n\n\n<p>Comunidades, fam\u00edlias e ambientes de trabalho desempenham um papel fundamental na preven\u00e7\u00e3o e no apoio.<\/p>\n\n\n\n<h2 class=\"wp-block-heading\"><strong>Tabela: Principais desafios atuais em sa\u00fade mental<\/strong><\/h2>\n\n\n\n<figure class=\"wp-block-table\"><table><thead><tr><th>Desafio global<\/th><th>Impacto principal<\/th><\/tr><\/thead><tbody><tr><td>Estresse cr\u00f4nico no trabalho<\/td><td>Esgotamento e baixa produtividade<\/td><\/tr><tr><td>Estigma social<\/td><td>Falta de diagn\u00f3stico precoce<\/td><\/tr><tr><td>Acesso limitado aos cuidados de sa\u00fade<\/td><td>Lacunas na sa\u00fade p\u00fablica<\/td><\/tr><tr><td>Uso excessivo da tecnologia<\/td><td>Ansiedade e desconex\u00e3o emocional<\/td><\/tr><tr><td>Falta de educa\u00e7\u00e3o emocional<\/td><td>Menor resili\u00eancia social<\/td><\/tr><\/tbody><\/table><figcaption class=\"wp-element-caption\">Sa\u00fade mental em destaque: o novo desafio global do s\u00e9culo XXI.<\/figcaption><\/figure>\n\n\n\n<figure class=\"wp-block-gallery has-nested-images columns-default is-cropped wp-block-gallery-2 is-layout-flex wp-block-gallery-is-layout-flex\">\n<figure class=\"wp-block-image size-full\"><img loading=\"lazy\" decoding=\"async\" width=\"450\" height=\"250\" data-id=\"10482\" src=\"https:\/\/universofamilia.com\/wp-content\/uploads\/sites\/148\/2025\/12\/Destaque-Novo-Universo-21.jpg\" alt=\"\" class=\"wp-image-10482\" srcset=\"https:\/\/universofamilia.com\/wp-content\/uploads\/sites\/148\/2025\/12\/Destaque-Novo-Universo-21.jpg 450w, https:\/\/universofamilia.com\/wp-content\/uploads\/sites\/148\/2025\/12\/Destaque-Novo-Universo-21-300x167.jpg 300w, https:\/\/universofamilia.com\/wp-content\/uploads\/sites\/148\/2025\/12\/Destaque-Novo-Universo-21-18x10.jpg 18w\" sizes=\"(max-width: 450px) 100vw, 450px\" \/><figcaption class=\"wp-element-caption\">Sa\u00fade mental em destaque: o novo desafio global do s\u00e9culo XXI.<\/figcaption><\/figure>\n<\/figure>\n\n\n\n<p>Leia mais:\u00a0<a href=\"https:\/\/universofamilia.com\/pt\/descubrimientos-cientificos-que-cambiaran-el-futuro\/\">Descobertas cient\u00edficas que mudar\u00e3o o futuro<\/a><\/p>\n\n\n\n<h2 class=\"wp-block-heading\"><strong>A import\u00e2ncia de falar, ouvir e agir.<\/strong><\/h2>\n\n\n\n<p>Criar espa\u00e7os para um di\u00e1logo sincero faz toda a diferen\u00e7a. Ouvir sem julgar e validar as emo\u00e7\u00f5es fortalece os la\u00e7os e reduz o isolamento.<\/p>\n\n\n\n<p>Al\u00e9m disso, promove uma cultura em que pedir ajuda n\u00e3o \u00e9 visto como uma fraqueza, mas como uma responsabilidade pessoal.<\/p>\n\n\n\n<h3 class=\"wp-block-heading\"><strong>Exemplo 2<\/strong><\/h3>\n\n\n\n<p>Uma empresa de servi\u00e7os implementou sess\u00f5es volunt\u00e1rias de apoio psicol\u00f3gico.<\/p>\n\n\n\n<p>Ap\u00f3s seis meses, as equipes relataram maior coes\u00e3o e uma diminui\u00e7\u00e3o do estresse percebido, o que se refletiu nas avalia\u00e7\u00f5es internas do clima organizacional.<\/p>\n\n\n\n<h2 class=\"wp-block-heading\"><strong>Por que esse desafio define o s\u00e9culo XXI?<\/strong><\/h2>\n\n\n\n<p>Porque nunca antes a humanidade teve tanta informa\u00e7\u00e3o e, ao mesmo tempo, tantos fatores de press\u00e3o simult\u00e2neos.<\/p>\n\n\n\n<p>A globaliza\u00e7\u00e3o, a crise clim\u00e1tica, as mudan\u00e7as tecnol\u00f3gicas e as tens\u00f5es geopol\u00edticas impactam diretamente a estabilidade emocional.<\/p>\n\n\n\n<p>Faz sentido falar em progresso se o bem-estar psicol\u00f3gico das pessoas \u00e9 negligenciado?<\/p>\n\n\n\n<h2 class=\"wp-block-heading\"><strong>Olhando para o futuro com responsabilidade.<\/strong><\/h2>\n\n\n\n<p>Em 2025, <strong>Sa\u00fade mental em destaque: o novo desafio global do s\u00e9culo XXI.<\/strong> Exige a\u00e7\u00f5es concretas, n\u00e3o apenas discursos.<\/p>\n\n\n\n<p>Investir em preven\u00e7\u00e3o, educa\u00e7\u00e3o e acesso ao tratamento \u00e9 t\u00e3o importante quanto qualquer infraestrutura f\u00edsica.<\/p>\n\n\n\n<p>O futuro depender\u00e1 da capacidade coletiva de reconhecer que a sa\u00fade mental n\u00e3o \u00e9 um luxo, mas sim um pilar do desenvolvimento sustent\u00e1vel.<\/p>\n\n\n\n<h2 class=\"wp-block-heading\"><strong>Conclus\u00e3o<\/strong><\/h2>\n\n\n\n<p>A sa\u00fade mental define como trabalhamos, aprendemos, nos relacionamos com os outros e planejamos o futuro. Ignor\u00e1-la significa incorrer em custos humanos e econ\u00f4micos cada vez maiores.<\/p>\n\n\n\n<p>Em contrapartida, abordar a quest\u00e3o com seriedade, empatia e estrat\u00e9gia abre caminho para sociedades mais equilibradas e resilientes.<\/p>\n\n\n\n<p>O desafio foi lan\u00e7ado. A quest\u00e3o j\u00e1 n\u00e3o \u00e9 se devemos agir, mas como e com que urg\u00eancia.<\/p>\n\n\n\n<p>Leia mais:\u00a0<a href=\"https:\/\/universofamilia.com\/pt\/el-crecimiento-del-comercio-electronico-mundial-en-2025\/\">O crescimento do com\u00e9rcio eletr\u00f4nico global em 2025<\/a><\/p>\n\n\n\n<h2 class=\"wp-block-heading\"><strong>Perguntas frequentes<\/strong><\/h2>\n\n\n\n<p><strong>A sa\u00fade mental \u00e9 apenas uma quest\u00e3o individual?<\/strong><br>N\u00e3o. Envolve fatores sociais, econ\u00f4micos e culturais que exigem respostas coletivas.<\/p>\n\n\n\n<p><strong>Buscar ajuda psicol\u00f3gica ainda \u00e9 malvisto?<\/strong><br>O estigma diminuiu, mas ainda persiste em alguns c\u00edrculos. Falar abertamente sobre o assunto ajuda a mudar essa percep\u00e7\u00e3o.<\/p>\n\n\n\n<p><strong>A tecnologia piora a sa\u00fade mental?<\/strong><br>Depende do uso. Pode ser uma ferramenta de apoio ou um fator de risco se n\u00e3o for regulamentado.<\/p>\n\n\n\n<p><strong>As empresas deveriam se envolver nessa quest\u00e3o?<\/strong><br>Sim. O bem-estar emocional influencia diretamente o desempenho e a sustentabilidade organizacional.<\/p>\n\n\n\n<p><strong>A preven\u00e7\u00e3o realmente funciona?<\/strong><br>Diversos programas demonstram que a educa\u00e7\u00e3o emocional e a detec\u00e7\u00e3o precoce reduzem problemas a longo prazo.<\/p>\n\n\n\n<p>Abordar a sa\u00fade mental com seriedade e humanidade n\u00e3o s\u00f3 melhora a vida das pessoas, como tamb\u00e9m redefine o rumo do s\u00e9culo XXI.<\/p>","protected":false},"excerpt":{"rendered":"<p>La salud mental en la mira: el nuevo desaf\u00edo global del siglo XXI. ya no es una consigna alarmista ni un tema exclusivo del \u00e1mbito m\u00e9dico. Se convirti\u00f3 en una prioridad social, econ\u00f3mica y pol\u00edtica que atraviesa edades, profesiones y culturas. En 2025, hablar de bienestar emocional implica hablar de productividad, v\u00ednculos, educaci\u00f3n, tecnolog\u00eda y [&hellip;]<\/p>","protected":false},"author":219,"featured_media":10480,"comment_status":"closed","ping_status":"open","sticky":false,"template":"","format":"standard","meta":{"footnotes":""},"categories":[4],"tags":[],"yoast_head":"<!-- This site is optimized with the Yoast SEO plugin v23.3 - https:\/\/yoast.com\/wordpress\/plugins\/seo\/ -->\n<title>La salud mental en la mira: el nuevo desaf\u00edo global del siglo XXI - Universo Fam\u00edlia<\/title>\n<meta name=\"description\" content=\"La salud mental en la mira: el nuevo desaf\u00edo global del siglo XXI. ya no es una consigna alarmista ni un tema exclusivo del \u00e1mbito m\u00e9dico.\" \/>\n<meta name=\"robots\" content=\"index, follow, max-snippet:-1, max-image-preview:large, max-video-preview:-1\" \/>\n<link rel=\"canonical\" href=\"https:\/\/universofamilia.com\/pt\/la-salud-mental-en-la-mira\/\" \/>\n<meta property=\"og:locale\" content=\"pt_BR\" \/>\n<meta property=\"og:type\" content=\"article\" \/>\n<meta property=\"og:title\" content=\"La salud mental en la mira: el nuevo desaf\u00edo global del siglo XXI - Universo Fam\u00edlia\" \/>\n<meta property=\"og:description\" content=\"La salud mental en la mira: el nuevo desaf\u00edo global del siglo XXI. ya no es una consigna alarmista ni un tema exclusivo del \u00e1mbito m\u00e9dico.\" \/>\n<meta property=\"og:url\" content=\"https:\/\/universofamilia.com\/pt\/la-salud-mental-en-la-mira\/\" \/>\n<meta property=\"og:site_name\" content=\"Universo Fam\u00edlia\" \/>\n<meta property=\"article:published_time\" content=\"2025-12-29T12:09:19+00:00\" \/>\n<meta property=\"article:modified_time\" content=\"2025-12-29T12:11:25+00:00\" \/>\n<meta property=\"og:image\" content=\"https:\/\/universofamilia.com\/wp-content\/uploads\/sites\/148\/2025\/12\/Destaque-Novo-Universo-20.jpg\" \/>\n\t<meta property=\"og:image:width\" content=\"450\" \/>\n\t<meta property=\"og:image:height\" content=\"250\" \/>\n\t<meta property=\"og:image:type\" content=\"image\/jpeg\" \/>\n<meta name=\"author\" content=\"Matheus Sangaletti\" \/>\n<meta name=\"twitter:card\" content=\"summary_large_image\" \/>\n<meta name=\"twitter:label1\" content=\"Written by\" \/>\n\t<meta name=\"twitter:data1\" content=\"Matheus Sangaletti\" \/>\n\t<meta name=\"twitter:label2\" content=\"Est. reading time\" \/>\n\t<meta name=\"twitter:data2\" content=\"1 minuto\" \/>\n<script type=\"application\/ld+json\" class=\"yoast-schema-graph\">{\"@context\":\"https:\/\/schema.org\",\"@graph\":[{\"@type\":\"WebPage\",\"@id\":\"https:\/\/universofamilia.com\/zh_hk\/la-salud-mental-en-la-mira\/\",\"url\":\"https:\/\/universofamilia.com\/zh_hk\/la-salud-mental-en-la-mira\/\",\"name\":\"La salud mental en la mira: el nuevo desaf\u00edo global del siglo XXI - Universo Fam\u00edlia\",\"isPartOf\":{\"@id\":\"http:\/\/universofamilia.com\/zh_hk\/#website\"},\"primaryImageOfPage\":{\"@id\":\"https:\/\/universofamilia.com\/zh_hk\/la-salud-mental-en-la-mira\/#primaryimage\"},\"image\":{\"@id\":\"https:\/\/universofamilia.com\/zh_hk\/la-salud-mental-en-la-mira\/#primaryimage\"},\"thumbnailUrl\":\"https:\/\/universofamilia.com\/wp-content\/uploads\/sites\/148\/2025\/12\/Destaque-Novo-Universo-20.jpg\",\"datePublished\":\"2025-12-29T12:09:19+00:00\",\"dateModified\":\"2025-12-29T12:11:25+00:00\",\"author\":{\"@id\":\"http:\/\/universofamilia.com\/zh_hk\/#\/schema\/person\/92fcd07e9b1f4323bf74f3170fc0f78a\"},\"description\":\"La salud mental en la mira: el nuevo desaf\u00edo global del siglo XXI. ya no es una consigna alarmista ni un tema exclusivo del \u00e1mbito m\u00e9dico.\",\"breadcrumb\":{\"@id\":\"https:\/\/universofamilia.com\/zh_hk\/la-salud-mental-en-la-mira\/#breadcrumb\"},\"inLanguage\":\"pt-BR\",\"potentialAction\":[{\"@type\":\"ReadAction\",\"target\":[\"https:\/\/universofamilia.com\/zh_hk\/la-salud-mental-en-la-mira\/\"]}]},{\"@type\":\"ImageObject\",\"inLanguage\":\"pt-BR\",\"@id\":\"https:\/\/universofamilia.com\/zh_hk\/la-salud-mental-en-la-mira\/#primaryimage\",\"url\":\"https:\/\/universofamilia.com\/wp-content\/uploads\/sites\/148\/2025\/12\/Destaque-Novo-Universo-20.jpg\",\"contentUrl\":\"https:\/\/universofamilia.com\/wp-content\/uploads\/sites\/148\/2025\/12\/Destaque-Novo-Universo-20.jpg\",\"width\":450,\"height\":250,\"caption\":\"La salud mental en la mira: el nuevo desaf\u00edo global del siglo XXI.\"},{\"@type\":\"BreadcrumbList\",\"@id\":\"https:\/\/universofamilia.com\/zh_hk\/la-salud-mental-en-la-mira\/#breadcrumb\",\"itemListElement\":[{\"@type\":\"ListItem\",\"position\":1,\"name\":\"Home\",\"item\":\"http:\/\/universofamilia.com\/zh_hk\/\"},{\"@type\":\"ListItem\",\"position\":2,\"name\":\"La salud mental en la mira: el nuevo desaf\u00edo global del siglo XXI\"}]},{\"@type\":\"WebSite\",\"@id\":\"http:\/\/universofamilia.com\/zh_hk\/#website\",\"url\":\"http:\/\/universofamilia.com\/zh_hk\/\",\"name\":\"Universo Fam\u00edlia\",\"description\":\"\",\"potentialAction\":[{\"@type\":\"SearchAction\",\"target\":{\"@type\":\"EntryPoint\",\"urlTemplate\":\"http:\/\/universofamilia.com\/zh_hk\/?s={search_term_string}\"},\"query-input\":\"required name=search_term_string\"}],\"inLanguage\":\"pt-BR\"},{\"@type\":\"Person\",\"@id\":\"http:\/\/universofamilia.com\/zh_hk\/#\/schema\/person\/92fcd07e9b1f4323bf74f3170fc0f78a\",\"name\":\"Matheus Sangaletti\",\"image\":{\"@type\":\"ImageObject\",\"inLanguage\":\"pt-BR\",\"@id\":\"http:\/\/universofamilia.com\/zh_hk\/#\/schema\/person\/image\/\",\"url\":\"https:\/\/secure.gravatar.com\/avatar\/280ea957a14a48e6a1ad2133d2cc27c9?s=96&d=mm&r=g\",\"contentUrl\":\"https:\/\/secure.gravatar.com\/avatar\/280ea957a14a48e6a1ad2133d2cc27c9?s=96&d=mm&r=g\",\"caption\":\"Matheus Sangaletti\"},\"url\":\"https:\/\/universofamilia.com\/pt\/author\/matheuss\/\"}]}<\/script>\n<!-- \/ Yoast SEO plugin. -->","yoast_head_json":{"title":"La salud mental en la mira: el nuevo desaf\u00edo global del siglo XXI - Universo Fam\u00edlia","description":"La salud mental en la mira: el nuevo desaf\u00edo global del siglo XXI. ya no es una consigna alarmista ni un tema exclusivo del \u00e1mbito m\u00e9dico.","robots":{"index":"index","follow":"follow","max-snippet":"max-snippet:-1","max-image-preview":"max-image-preview:large","max-video-preview":"max-video-preview:-1"},"canonical":"https:\/\/universofamilia.com\/pt\/la-salud-mental-en-la-mira\/","og_locale":"pt_BR","og_type":"article","og_title":"La salud mental en la mira: el nuevo desaf\u00edo global del siglo XXI - Universo Fam\u00edlia","og_description":"La salud mental en la mira: el nuevo desaf\u00edo global del siglo XXI. ya no es una consigna alarmista ni un tema exclusivo del \u00e1mbito m\u00e9dico.","og_url":"https:\/\/universofamilia.com\/pt\/la-salud-mental-en-la-mira\/","og_site_name":"Universo Fam\u00edlia","article_published_time":"2025-12-29T12:09:19+00:00","article_modified_time":"2025-12-29T12:11:25+00:00","og_image":[{"width":450,"height":250,"url":"https:\/\/universofamilia.com\/wp-content\/uploads\/sites\/148\/2025\/12\/Destaque-Novo-Universo-20.jpg","type":"image\/jpeg"}],"author":"Matheus Sangaletti","twitter_card":"summary_large_image","twitter_misc":{"Written by":"Matheus Sangaletti","Est. reading time":"1 minuto"},"schema":{"@context":"https:\/\/schema.org","@graph":[{"@type":"WebPage","@id":"https:\/\/universofamilia.com\/zh_hk\/la-salud-mental-en-la-mira\/","url":"https:\/\/universofamilia.com\/zh_hk\/la-salud-mental-en-la-mira\/","name":"La salud mental en la mira: el nuevo desaf\u00edo global del siglo XXI - Universo Fam\u00edlia","isPartOf":{"@id":"http:\/\/universofamilia.com\/zh_hk\/#website"},"primaryImageOfPage":{"@id":"https:\/\/universofamilia.com\/zh_hk\/la-salud-mental-en-la-mira\/#primaryimage"},"image":{"@id":"https:\/\/universofamilia.com\/zh_hk\/la-salud-mental-en-la-mira\/#primaryimage"},"thumbnailUrl":"https:\/\/universofamilia.com\/wp-content\/uploads\/sites\/148\/2025\/12\/Destaque-Novo-Universo-20.jpg","datePublished":"2025-12-29T12:09:19+00:00","dateModified":"2025-12-29T12:11:25+00:00","author":{"@id":"http:\/\/universofamilia.com\/zh_hk\/#\/schema\/person\/92fcd07e9b1f4323bf74f3170fc0f78a"},"description":"La salud mental en la mira: el nuevo desaf\u00edo global del siglo XXI. ya no es una consigna alarmista ni un tema exclusivo del \u00e1mbito m\u00e9dico.","breadcrumb":{"@id":"https:\/\/universofamilia.com\/zh_hk\/la-salud-mental-en-la-mira\/#breadcrumb"},"inLanguage":"pt-BR","potentialAction":[{"@type":"ReadAction","target":["https:\/\/universofamilia.com\/zh_hk\/la-salud-mental-en-la-mira\/"]}]},{"@type":"ImageObject","inLanguage":"pt-BR","@id":"https:\/\/universofamilia.com\/zh_hk\/la-salud-mental-en-la-mira\/#primaryimage","url":"https:\/\/universofamilia.com\/wp-content\/uploads\/sites\/148\/2025\/12\/Destaque-Novo-Universo-20.jpg","contentUrl":"https:\/\/universofamilia.com\/wp-content\/uploads\/sites\/148\/2025\/12\/Destaque-Novo-Universo-20.jpg","width":450,"height":250,"caption":"La salud mental en la mira: el nuevo desaf\u00edo global del siglo XXI."},{"@type":"BreadcrumbList","@id":"https:\/\/universofamilia.com\/zh_hk\/la-salud-mental-en-la-mira\/#breadcrumb","itemListElement":[{"@type":"ListItem","position":1,"name":"Home","item":"http:\/\/universofamilia.com\/zh_hk\/"},{"@type":"ListItem","position":2,"name":"La salud mental en la mira: el nuevo desaf\u00edo global del siglo XXI"}]},{"@type":"WebSite","@id":"http:\/\/universofamilia.com\/zh_hk\/#website","url":"http:\/\/universofamilia.com\/zh_hk\/","name":"Universo Fam\u00edlia","description":"","potentialAction":[{"@type":"SearchAction","target":{"@type":"EntryPoint","urlTemplate":"http:\/\/universofamilia.com\/zh_hk\/?s={search_term_string}"},"query-input":"required name=search_term_string"}],"inLanguage":"pt-BR"},{"@type":"Person","@id":"http:\/\/universofamilia.com\/zh_hk\/#\/schema\/person\/92fcd07e9b1f4323bf74f3170fc0f78a","name":"Matheus Sangaletti","image":{"@type":"ImageObject","inLanguage":"pt-BR","@id":"http:\/\/universofamilia.com\/zh_hk\/#\/schema\/person\/image\/","url":"https:\/\/secure.gravatar.com\/avatar\/280ea957a14a48e6a1ad2133d2cc27c9?s=96&d=mm&r=g","contentUrl":"https:\/\/secure.gravatar.com\/avatar\/280ea957a14a48e6a1ad2133d2cc27c9?s=96&d=mm&r=g","caption":"Matheus Sangaletti"},"url":"https:\/\/universofamilia.com\/pt\/author\/matheuss\/"}]}},"_links":{"self":[{"href":"https:\/\/universofamilia.com\/pt\/wp-json\/wp\/v2\/posts\/10479"}],"collection":[{"href":"https:\/\/universofamilia.com\/pt\/wp-json\/wp\/v2\/posts"}],"about":[{"href":"https:\/\/universofamilia.com\/pt\/wp-json\/wp\/v2\/types\/post"}],"author":[{"embeddable":true,"href":"https:\/\/universofamilia.com\/pt\/wp-json\/wp\/v2\/users\/219"}],"replies":[{"embeddable":true,"href":"https:\/\/universofamilia.com\/pt\/wp-json\/wp\/v2\/comments?post=10479"}],"version-history":[{"count":2,"href":"https:\/\/universofamilia.com\/pt\/wp-json\/wp\/v2\/posts\/10479\/revisions"}],"predecessor-version":[{"id":10484,"href":"https:\/\/universofamilia.com\/pt\/wp-json\/wp\/v2\/posts\/10479\/revisions\/10484"}],"wp:featuredmedia":[{"embeddable":true,"href":"https:\/\/universofamilia.com\/pt\/wp-json\/wp\/v2\/media\/10480"}],"wp:attachment":[{"href":"https:\/\/universofamilia.com\/pt\/wp-json\/wp\/v2\/media?parent=10479"}],"wp:term":[{"taxonomy":"category","embeddable":true,"href":"https:\/\/universofamilia.com\/pt\/wp-json\/wp\/v2\/categories?post=10479"},{"taxonomy":"post_tag","embeddable":true,"href":"https:\/\/universofamilia.com\/pt\/wp-json\/wp\/v2\/tags?post=10479"}],"curies":[{"name":"wp","href":"https:\/\/api.w.org\/{rel}","templated":true}]}}