{"id":3989,"date":"2023-09-22T11:46:13","date_gmt":"2023-09-22T14:46:13","guid":{"rendered":"https:\/\/universofamilia.com\/?p=3989"},"modified":"2025-01-28T14:25:30","modified_gmt":"2025-01-28T14:25:30","slug":"preparacao-para-a-segunda-gravidez","status":"publish","type":"post","link":"https:\/\/universofamilia.com\/pt\/preparacao-para-a-segunda-gravidez\/","title":{"rendered":"Prepara\u00e7\u00e3o para a segunda gravidez"},"content":{"rendered":"<p>Prepara\u00e7\u00e3o para a segunda gravidez. Voc\u00ea est\u00e1 se perguntando se est\u00e1 pronta para o seu segundo ano? Aqui est\u00e3o alguns aspectos positivos e negativos que voc\u00ea deve levar em considera\u00e7\u00e3o ao planejar sua segunda gravidez.<\/p>\n\n\n\n<h3 class=\"wp-block-heading\">Passo a passo:<\/h3>\n\n\n\n<ul>\n<li>Decidindo se voc\u00ea est\u00e1 pronto para o segundo filme<\/li>\n\n\n\n<li>Prepara\u00e7\u00e3o para a segunda gravidez<\/li>\n\n\n\n<li>Segunda gravidez<\/li>\n\n\n\n<li>Lidando com as dificuldades da segunda gravidez<\/li>\n\n\n\n<li>Sa\u00fade durante a segunda gravidez<\/li>\n\n\n\n<li>Gest\u00e3o financeira durante a segunda gravidez<\/li>\n<\/ul>\n\n\n<div class=\"wp-block-image\">\n<figure class=\"aligncenter size-full\"><img loading=\"lazy\" decoding=\"async\" width=\"960\" height=\"540\" src=\"http:\/\/universofamilia.com\/wp-content\/uploads\/sites\/148\/2023\/09\/P-UNIV-FAMILIA-Preparacao-para-a-Segunda-Gravidez-1-1.png\" alt=\"\" class=\"wp-image-3994\" srcset=\"https:\/\/universofamilia.com\/wp-content\/uploads\/sites\/148\/2023\/09\/P-UNIV-FAMILIA-Preparacao-para-a-Segunda-Gravidez-1-1.png 960w, https:\/\/universofamilia.com\/wp-content\/uploads\/sites\/148\/2023\/09\/P-UNIV-FAMILIA-Preparacao-para-a-Segunda-Gravidez-1-1-300x169.png 300w, https:\/\/universofamilia.com\/wp-content\/uploads\/sites\/148\/2023\/09\/P-UNIV-FAMILIA-Preparacao-para-a-Segunda-Gravidez-1-1-768x432.png 768w\" sizes=\"(max-width: 960px) 100vw, 960px\" \/><\/figure><\/div>\n\n\n<p>Talvez porque eu sempre imagine mais filhos ou porque recentemente me veio \u00e0 mente a ideia de dar um sinal ao meu filho, \u00e9 hora de pensar no segundo beb\u00ea. A perspectiva de expandir a fam\u00edlia \u00e9 animadora, mas tamb\u00e9m preocupante:<\/p>\n\n\n\n<ol style=\"list-style-type:1\">\n<li>Como saber se voc\u00ea est\u00e1 realmente preparado?<\/li>\n\n\n\n<li>O primeiro arquivo ainda \u00e9 muito pequeno?<\/li>\n\n\n\n<li>Vale a pena encarar o caos e o cansa\u00e7o de dois beb\u00eas;<\/li>\n\n\n\n<li>\u00c9 melhor esperar um pouco mais?<\/li>\n<\/ol>\n\n\n\n<p>N\u00e3o h\u00e1 respostas definitivas, mas \u00e9 importante refletir sobre essas quest\u00f5es para tomar uma decis\u00e3o informada.<\/p>\n\n\n\n<h3 class=\"wp-block-heading\"><strong>Decidindo se voc\u00ea est\u00e1 pronto para o segundo filme<\/strong><\/h3>\n\n\n\n<p>\u00c0 medida que seu beb\u00ea cresce e se transforma de um beb\u00ea nos bra\u00e7os para uma crian\u00e7a que anda e cai, voc\u00ea pode estar se perguntando qual \u00e9 o momento certo para ter um segundo filho. Como essa decis\u00e3o \u00e9 \u00fanica para cada fam\u00edlia, algumas perguntas podem nos ajudar a determinar o melhor momento:<\/p>\n\n\n\n<ol style=\"list-style-type:1\">\n<li>Voc\u00ea sente falta de crian\u00e7as de comunidades pr\u00f3ximas para que possam ser acompanhantes de brincadeiras?<\/li>\n\n\n\n<li>Voc\u00ea est\u00e1 disposto a encarar mais uma vez a fase de noites e noites sem dormir, mas desisto ou j\u00e1 \u00e9 tarde?<\/li>\n\n\n\n<li>Voc\u00ea prefere espa\u00e7ar a gravidez para aproveitar a fase da inf\u00e2ncia de cada filho sem distra\u00e7\u00f5es?<\/li>\n\n\n\n<li>Voc\u00ea gosta da ideia de espa\u00e7ar as crian\u00e7as ou o suficiente para minimizar os conflitos entre elas devido a condi\u00e7\u00f5es e est\u00e1gios de desenvolvimento muito semelhantes?<\/li>\n<\/ol>\n\n\n\n<h4 class=\"wp-block-heading\"><mark class=\"has-inline-color has-ast-global-color-0-color\">Leia tamb\u00e9m:<\/mark><\/h4>\n\n\n<table style=\"border-collapse: collapse;width: 840px;height: 171px\">\n<tbody>\n<tr style=\"height: 21px\">\n<td style=\"width: 18.5759%;height: 21px\"><a href=\"https:\/\/universofamilia.com\/pt\/7-passos-de-como-criar-e-manter-um-orcamento-familiar\/\"><img loading=\"lazy\" decoding=\"async\" class=\"alignnone wp-image-3984 size-medium\" src=\"http:\/\/universofamilia.com\/wp-content\/uploads\/sites\/148\/2023\/09\/L-Universo-Familia-7-Passos-de-Como-Criar-e-Manter-um-Orcamento-Familiar-300x300.png\" alt=\"\" width=\"300\" height=\"300\" srcset=\"https:\/\/universofamilia.com\/wp-content\/uploads\/sites\/148\/2023\/09\/L-Universo-Familia-7-Passos-de-Como-Criar-e-Manter-um-Orcamento-Familiar-300x300.png 300w, https:\/\/universofamilia.com\/wp-content\/uploads\/sites\/148\/2023\/09\/L-Universo-Familia-7-Passos-de-Como-Criar-e-Manter-um-Orcamento-Familiar-150x150.png 150w, https:\/\/universofamilia.com\/wp-content\/uploads\/sites\/148\/2023\/09\/L-Universo-Familia-7-Passos-de-Como-Criar-e-Manter-um-Orcamento-Familiar.png 315w\" sizes=\"(max-width: 300px) 100vw, 300px\" \/><\/a><\/td>\n<td style=\"width: 81.4241%;height: 21px\">\n<h4><span style=\"color: #000000\"><a style=\"color: #000000\" href=\"https:\/\/universofamilia.com\/pt\/7-passos-de-como-criar-e-manter-um-orcamento-familiar\/\" target=\"_blank\" rel=\"noopener\">7 Passos para Criar e Manter uma Fam\u00edlia Or\u00e7amento<\/a><\/span><\/h4>\n<\/td>\n<\/tr>\n<tr style=\"height: 21px\">\n<td style=\"width: 18.5759%;height: 10px\">\u00a0<\/td>\n<td style=\"width: 81.4241%;height: 10px\">\u00a0<\/td>\n<\/tr>\n<tr style=\"height: 21px\">\n<td style=\"width: 18.5759%;height: 21px\">\u00a0<\/td>\n<td style=\"width: 81.4241%;height: 21px\">\u00a0<\/td>\n<\/tr>\n<\/tbody>\n<\/table>\n\n\n<p>Se voc\u00ea respondeu \u201csim\u201d \u00e0s suas primeiras perguntas, talvez seja muito cedo para pensar em uma segunda pergunta.<\/p>\n\n\n\n<p>No entanto, se as duas \u00faltimas perguntas forem respondidas \u201csim\u201d, talvez seja uma boa ideia esperar um pouco mais antes de come\u00e7ar a planejar uma segunda gravidez.<\/p>\n\n\n\n<p>Al\u00e9m dessas considera\u00e7\u00f5es, sabe-se que outros fatores tamb\u00e9m devem ser avaliados, como a situa\u00e7\u00e3o financeira da fam\u00edlia, as op\u00e7\u00f5es de cuidados com os filhos e as responsabilidades profissionais.<\/p>\n\n\n\n<p>Independentemente da escolha que voc\u00ea fizer, voc\u00ea sabe que cada op\u00e7\u00e3o de espa\u00e7o entre as crian\u00e7as traz suas pr\u00f3prias alegrias e desafios. <\/p>\n\n\n\n<p>Por exemplo, se voc\u00ea tem filhos em comunidades pr\u00f3ximas, podemos nos divertir pulando juntos a partir de agora, economizando tempo procurando atividades. No entanto, esteja preparado para lidar com poss\u00edveis rivalidades entre as crian\u00e7as.<\/p>\n\n\n\n<p>Por outro lado, se voc\u00ea optar por espa\u00e7ar mais os eventos, ter\u00e1 a vantagem de poder se concentrar mais individualmente em cada arquivo.<\/p>\n\n\n\n<p>No entanto, crian\u00e7as de comunidades muito distantes podem n\u00e3o estar muito perto de seus saltos e n\u00e3o h\u00e1 garantia de que haver\u00e1 menos conflitos.<\/p>\n\n\n\n<p>Em suma, a decis\u00e3o de ter um segundo filho deve ser tomada com base nas circunst\u00e2ncias individuais e n\u00e3o no que \u00e9 melhor para a fam\u00edlia.<\/p>\n\n\n\n<h3 class=\"wp-block-heading\"><strong>Prepara\u00e7\u00e3o para a segunda gravidez<\/strong><\/h3>\n\n\n\n<p>\u00c9 importante estar em boa forma antes da segunda gravidez, assim como se preocupar com sua sa\u00fade antes do primeiro filho. <\/p>\n\n\n\n<p>Isso n\u00e3o exige que voc\u00ea v\u00e1 \u00e0 escola todos os dias (o que pode ser dif\u00edcil com um beb\u00ea pequeno), mas significa permitir que seu corpo se recupere adequadamente da primeira gravidez.<\/p>\n\n\n\n<p>O Col\u00e9gio Americano de Obstetras e Ginecologistas (ACOG) recomenda evitar ganho de peso nos primeiros seis meses ap\u00f3s o parto e, de prefer\u00eancia, esperar pelo menos 18 meses. Este \u00e9 o per\u00edodo para o corpo se repor com vitaminas e retornar ao estado ideal para uma nova gravidez.<\/p>\n\n\n\n<p>Se voc\u00ea deseja engravidar antes desse per\u00edodo, \u00e9 essencial conversar com seu m\u00e9dico. Se voc\u00ea estiver se alimentando bem, com boa sa\u00fade e com energia suficiente para uma segunda gravidez, n\u00e3o h\u00e1 impedimento para ter seu segundo filho quando se sentir pronta.<\/p>\n\n\n<div class=\"wp-block-image\">\n<figure class=\"aligncenter size-full\"><img loading=\"lazy\" decoding=\"async\" width=\"960\" height=\"540\" src=\"http:\/\/universofamilia.com\/wp-content\/uploads\/sites\/148\/2023\/09\/P-UNIV-FAMILIA-Preparacao-para-a-Segunda-Gravidez-1.png\" alt=\"\" class=\"wp-image-3993\" srcset=\"https:\/\/universofamilia.com\/wp-content\/uploads\/sites\/148\/2023\/09\/P-UNIV-FAMILIA-Preparacao-para-a-Segunda-Gravidez-1.png 960w, https:\/\/universofamilia.com\/wp-content\/uploads\/sites\/148\/2023\/09\/P-UNIV-FAMILIA-Preparacao-para-a-Segunda-Gravidez-1-300x169.png 300w, https:\/\/universofamilia.com\/wp-content\/uploads\/sites\/148\/2023\/09\/P-UNIV-FAMILIA-Preparacao-para-a-Segunda-Gravidez-1-768x432.png 768w\" sizes=\"(max-width: 960px) 100vw, 960px\" \/><\/figure><\/div>\n\n\n<h3 class=\"wp-block-heading\"><strong>Segunda gravidez<\/strong><\/h3>\n\n\n\n<p>Cada gravidez \u00e9 \u00fanica, mesmo que seja a segunda vez que voc\u00ea esteja passando por isso. Assim como na segunda gravidez, existem diferen\u00e7as fisiol\u00f3gicas nos relacionamentos do primeiro per\u00edodo.<\/p>\n\n\n\n<p>Por\u00e9m, antes de lidar com as particularidades do crescimento do segundo beb\u00ea, \u00e9 preciso engravidar novamente.<\/p>\n\n\n\n<p>Para alguns lares, a concep\u00e7\u00e3o do segundo filho ocorre t\u00e3o facilmente quanto a do primeiro. No entanto, tamb\u00e9m podem surgir obst\u00e1culos que pegam muitas pessoas de surpresa.<\/p>\n\n\n\n<h3 class=\"wp-block-heading\"><strong>Lidando com as dificuldades da segunda gravidez<\/strong><\/h3>\n\n\n\n<p>A infertilidade secund\u00e1ria, que ocorre ap\u00f3s o crescimento do cabelo sem a presen\u00e7a de filhos, \u00e9 mais comum do que voc\u00ea imagina. <\/p>\n\n\n\n<p>Geralmente, as causas s\u00e3o semelhantes \u00e0 infertilidade prim\u00e1ria, como idade, peso e condi\u00e7\u00f5es m\u00e9dicas, incluindo endometriose, miomas uterinos ou s\u00edndrome dos ov\u00e1rios polic\u00edsticos.<\/p>\n\n\n\n<p>Para lidar com esta situa\u00e7\u00e3o, recomendamos <strong>consulte um m\u00e9dico se voc\u00ea tiver menos de 35 anos<\/strong> anos e n\u00e3o consegui engravidar ap\u00f3s um ano de tentativas. Se voc\u00ea tiver mais de 35 anos, a consulta deve ser realizada ap\u00f3s seis meses de tentativas infrut\u00edferas.<\/p>\n\n\n\n<p>Al\u00e9m disso, problemas uterinos resultantes de gesta\u00e7\u00f5es ou partos anteriores podem contribuir para a infertilidade secund\u00e1ria. <\/p>\n\n\n\n<p>Portanto, \u00e9 importante <strong>discuta isso com seu m\u00e9dico<\/strong> antes de tentar ganhar peso novamente. Eles podem avaliar suas chances de concep\u00e7\u00e3o natural, aconselhar sobre poss\u00edveis fatores de risco e fornecer assist\u00eancia em fertilidade, se necess\u00e1rio.<\/p>\n\n\n\n<h3 class=\"wp-block-heading\"><strong>Sa\u00fade durante a segunda gravidez<\/strong><\/h3>\n\n\n\n<p>Uma segunda gravidez pode afetar sua sa\u00fade de v\u00e1rias maneiras, criando desafios e vantagens:<\/p>\n\n\n\n<ul>\n<li>A experi\u00eancia de cuidar do seu primeiro beb\u00ea manter\u00e1 voc\u00ea fisicamente ativa durante a segunda gravidez, eliminando a necessidade de agendar exerc\u00edcios separados.<\/li>\n\n\n\n<li>A agita\u00e7\u00e3o da vida com uma crian\u00e7a mais r\u00e1pida significa que voc\u00ea provavelmente ter\u00e1 menos tempo para se preocupar com os sintomas da gravidez.<\/li>\n\n\n\n<li>Ela j\u00e1 est\u00e1 acostumada com a vida da m\u00e3e, ent\u00e3o n\u00e3o sentir\u00e1 o choque da mudan\u00e7a de vida que ocorreu com o primeiro filho.<\/li>\n<\/ul>\n\n\n\n<h3 class=\"wp-block-heading\"><strong>Gest\u00e3o financeira durante a segunda gravidez<\/strong><\/h3>\n\n\n\n<p>Ao pensar em um segundo arquivo, \u00e9 importante considerar as implica\u00e7\u00f5es financeiras.<\/p>\n\n\n\n<p>Or\u00e7amento e Finan\u00e7as:<\/p>\n\n\n\n<ul>\n<li>Se voc\u00ea trabalha fora de casa, acho que n\u00e3o haver\u00e1 impacto financeiro de uma segunda licen\u00e7a-maternidade n\u00e3o remunerada ou de uma redu\u00e7\u00e3o no tempo dedicado ao segundo beb\u00ea.<\/li>\n\n\n\n<li>Se voc\u00ea \u00e9 dono da casa, gostaria de voltar a trabalhar ap\u00f3s uma segunda gravidez.<\/li>\n\n\n\n<li>Verifique se sua casa envolve mais membros da fam\u00edlia ou se ser\u00e1 necess\u00e1rio mudar para uma casa maior e mais cara.<\/li>\n\n\n\n<li>Pense se voc\u00ea pode reutilizar os acess\u00f3rios para beb\u00ea que j\u00e1 tem, como ber\u00e7o, corrente e carrinho, ou se precisar\u00e1 comprar um segundo conjunto.<\/li>\n\n\n\n<li>H\u00e1 um segundo arquivo ap\u00f3s pesos adicionais, independentemente do tempo selecionado.<\/li>\n<\/ul>\n\n\n\n<p>\u00c9 recomend\u00e1vel preparar um documento familiar preliminar com seu parceiro para validar o que podemos apoiar financeiramente a curto e longo prazo.<\/p>\n\n\n\n<p>Saiba que n\u00e3o existe um momento perfeito e a decis\u00e3o deve ser tomada com base nas necessidades e desejos da sua fam\u00edlia de tr\u00eas ou quatro membros.<\/p>\n\n\n\n<blockquote class=\"wp-block-quote\">\n<h5 class=\"wp-block-heading\"><em>Observa\u00e7\u00f5es: Os materiais e informa\u00e7\u00f5es da p\u00e1gina Universo Fam\u00edlia n\u00e3o se destinam ao diagn\u00f3stico m\u00e9dico e nem devem ser utilizados como tal. <strong>Voc\u00ea deve sempre consultar um m\u00e9dico ou profissional de sa\u00fade qualificado sobre suas reais necessidades.<\/strong>.<\/em><\/h5>\n<\/blockquote>\n\n\n<table style=\"border-collapse: collapse;width: 100%;height: 96px\">\n<tbody>\n<tr style=\"height: 96px\">\n<td style=\"width: 10.1223%;height: 96px\"><a href=\"https:\/\/www.luzbaby.com.br\/\" target=\"_blank\" rel=\"noopener\"><img loading=\"lazy\" decoding=\"async\" class=\"alignnone wp-image-3747\" src=\"http:\/\/universofamilia.com\/wp-content\/uploads\/sites\/148\/2023\/09\/Design-sem-nome-3-300x300.png\" alt=\"\" width=\"106\" height=\"106\" srcset=\"https:\/\/universofamilia.com\/wp-content\/uploads\/sites\/148\/2023\/09\/Design-sem-nome-3-300x300.png 300w, https:\/\/universofamilia.com\/wp-content\/uploads\/sites\/148\/2023\/09\/Design-sem-nome-3-150x150.png 150w, https:\/\/universofamilia.com\/wp-content\/uploads\/sites\/148\/2023\/09\/Design-sem-nome-3.png 315w\" sizes=\"(max-width: 106px) 100vw, 106px\" \/><\/a><\/td>\n<td style=\"width: 89.5168%;height: 96px\">\n<h4><span style=\"color: #000000\"><strong><a style=\"color: #000000\" href=\"https:\/\/www.luzbaby.com.br\/\" target=\"_blank\" rel=\"noreferrer noopener\">Conhe\u00e7a a Luz Baby, uma das melhores lojas de produtos infantis.<\/a><\/strong><\/span><\/h4>\n<\/td>\n<\/tr>\n<\/tbody>\n<\/table>","protected":false},"excerpt":{"rendered":"<p>Prepara\u00e7\u00e3o para a segunda gravidez. Voc\u00ea est\u00e1 pensando se est\u00e1 pronta para o seu segundo filme? Aqui est\u00e3o alguns aspectos positivos e negativos que voc\u00ea deve levar em considera\u00e7\u00e3o ao planejar sua segunda gravidez. Passo a passo: Parece que porque sempre imagino mais filhos ou porque recentemente tive a ideia de dar um sinal para o meu [\u2026]<\/p>","protected":false},"author":139,"featured_media":3995,"comment_status":"closed","ping_status":"open","sticky":false,"template":"","format":"standard","meta":{"footnotes":""},"categories":[5],"tags":[],"yoast_head":"<!-- This site is optimized with the Yoast SEO plugin v23.3 - https:\/\/yoast.com\/wordpress\/plugins\/seo\/ -->\n<title>Prepara\u00e7\u00e3o para a Segunda Gravidez - Universo Fam\u00edlia<\/title>\n<meta name=\"description\" content=\"Prepara\u00e7\u00e3o para a segunda gravidez. Est\u00e1 pensando se est\u00e1 preparada (o) para ter o segundo filho? Aqui est\u00e3o alguns aspectos positivos e negativos que voc\u00ea\" \/>\n<meta name=\"robots\" content=\"index, follow, max-snippet:-1, max-image-preview:large, max-video-preview:-1\" \/>\n<link rel=\"canonical\" href=\"https:\/\/universofamilia.com\/pt\/\u09a6\u09cd\u09ac\u09bf\u09a4\u09c0\u09af\u09bc-\u0997\u09b0\u09cd\u09ad\u09be\u09ac\u09b8\u09cd\u09a5\u09be\u09b0-\u09aa\u09cd\u09b0\/\" \/>\n<meta property=\"og:locale\" content=\"pt_BR\" \/>\n<meta property=\"og:type\" content=\"article\" \/>\n<meta property=\"og:title\" content=\"Prepara\u00e7\u00e3o para a Segunda Gravidez - Universo Fam\u00edlia\" \/>\n<meta property=\"og:description\" content=\"Prepara\u00e7\u00e3o para a segunda gravidez. Est\u00e1 pensando se est\u00e1 preparada (o) para ter o segundo filho? Aqui est\u00e3o alguns aspectos positivos e negativos que voc\u00ea\" \/>\n<meta property=\"og:url\" content=\"https:\/\/universofamilia.com\/pt\/\u09a6\u09cd\u09ac\u09bf\u09a4\u09c0\u09af\u09bc-\u0997\u09b0\u09cd\u09ad\u09be\u09ac\u09b8\u09cd\u09a5\u09be\u09b0-\u09aa\u09cd\u09b0\/\" \/>\n<meta property=\"og:site_name\" content=\"Universo Fam\u00edlia\" \/>\n<meta property=\"article:published_time\" content=\"2023-09-22T14:46:13+00:00\" \/>\n<meta property=\"article:modified_time\" content=\"2025-01-28T14:25:30+00:00\" \/>\n<meta property=\"og:image\" content=\"https:\/\/universofamilia.com\/wp-content\/uploads\/sites\/148\/2023\/09\/D-UNIVERSO-FAMILIA-Preparacao-para-a-Segunda-Gravidez.png\" \/>\n\t<meta property=\"og:image:width\" content=\"448\" \/>\n\t<meta property=\"og:image:height\" content=\"350\" \/>\n\t<meta property=\"og:image:type\" content=\"image\/png\" \/>\n<meta name=\"author\" content=\"Pedro Henrique\" \/>\n<meta name=\"twitter:card\" content=\"summary_large_image\" \/>\n<meta name=\"twitter:label1\" content=\"Written by\" \/>\n\t<meta name=\"twitter:data1\" content=\"Pedro Henrique\" \/>\n\t<meta name=\"twitter:label2\" content=\"Est. reading time\" \/>\n\t<meta name=\"twitter:data2\" content=\"8 minutos\" \/>\n<script type=\"application\/ld+json\" class=\"yoast-schema-graph\">{\"@context\":\"https:\/\/schema.org\",\"@graph\":[{\"@type\":\"WebPage\",\"@id\":\"https:\/\/universofamilia.com\/bn\/\u09a6\u09cd\u09ac\u09bf\u09a4\u09c0\u09af\u09bc-\u0997\u09b0\u09cd\u09ad\u09be\u09ac\u09b8\u09cd\u09a5\u09be\u09b0-\u09aa\u09cd\u09b0\/\",\"url\":\"https:\/\/universofamilia.com\/bn\/\u09a6\u09cd\u09ac\u09bf\u09a4\u09c0\u09af\u09bc-\u0997\u09b0\u09cd\u09ad\u09be\u09ac\u09b8\u09cd\u09a5\u09be\u09b0-\u09aa\u09cd\u09b0\/\",\"name\":\"Prepara\u00e7\u00e3o para a Segunda Gravidez - Universo Fam\u00edlia\",\"isPartOf\":{\"@id\":\"https:\/\/universofamilia.com\/el\/#website\"},\"primaryImageOfPage\":{\"@id\":\"https:\/\/universofamilia.com\/bn\/\u09a6\u09cd\u09ac\u09bf\u09a4\u09c0\u09af\u09bc-\u0997\u09b0\u09cd\u09ad\u09be\u09ac\u09b8\u09cd\u09a5\u09be\u09b0-\u09aa\u09cd\u09b0\/#primaryimage\"},\"image\":{\"@id\":\"https:\/\/universofamilia.com\/bn\/\u09a6\u09cd\u09ac\u09bf\u09a4\u09c0\u09af\u09bc-\u0997\u09b0\u09cd\u09ad\u09be\u09ac\u09b8\u09cd\u09a5\u09be\u09b0-\u09aa\u09cd\u09b0\/#primaryimage\"},\"thumbnailUrl\":\"https:\/\/universofamilia.com\/wp-content\/uploads\/sites\/148\/2023\/09\/D-UNIVERSO-FAMILIA-Preparacao-para-a-Segunda-Gravidez.png\",\"datePublished\":\"2023-09-22T14:46:13+00:00\",\"dateModified\":\"2025-01-28T14:25:30+00:00\",\"author\":{\"@id\":\"https:\/\/universofamilia.com\/el\/#\/schema\/person\/f07ce98187dd84d31154262e79b3b7ca\"},\"description\":\"Prepara\u00e7\u00e3o para a segunda gravidez. Est\u00e1 pensando se est\u00e1 preparada (o) para ter o segundo filho? Aqui est\u00e3o alguns aspectos positivos e negativos que voc\u00ea\",\"breadcrumb\":{\"@id\":\"https:\/\/universofamilia.com\/bn\/\u09a6\u09cd\u09ac\u09bf\u09a4\u09c0\u09af\u09bc-\u0997\u09b0\u09cd\u09ad\u09be\u09ac\u09b8\u09cd\u09a5\u09be\u09b0-\u09aa\u09cd\u09b0\/#breadcrumb\"},\"inLanguage\":\"pt-BR\",\"potentialAction\":[{\"@type\":\"ReadAction\",\"target\":[\"https:\/\/universofamilia.com\/bn\/\u09a6\u09cd\u09ac\u09bf\u09a4\u09c0\u09af\u09bc-\u0997\u09b0\u09cd\u09ad\u09be\u09ac\u09b8\u09cd\u09a5\u09be\u09b0-\u09aa\u09cd\u09b0\/\"]}]},{\"@type\":\"ImageObject\",\"inLanguage\":\"pt-BR\",\"@id\":\"https:\/\/universofamilia.com\/bn\/\u09a6\u09cd\u09ac\u09bf\u09a4\u09c0\u09af\u09bc-\u0997\u09b0\u09cd\u09ad\u09be\u09ac\u09b8\u09cd\u09a5\u09be\u09b0-\u09aa\u09cd\u09b0\/#primaryimage\",\"url\":\"https:\/\/universofamilia.com\/wp-content\/uploads\/sites\/148\/2023\/09\/D-UNIVERSO-FAMILIA-Preparacao-para-a-Segunda-Gravidez.png\",\"contentUrl\":\"https:\/\/universofamilia.com\/wp-content\/uploads\/sites\/148\/2023\/09\/D-UNIVERSO-FAMILIA-Preparacao-para-a-Segunda-Gravidez.png\",\"width\":448,\"height\":350},{\"@type\":\"BreadcrumbList\",\"@id\":\"https:\/\/universofamilia.com\/bn\/\u09a6\u09cd\u09ac\u09bf\u09a4\u09c0\u09af\u09bc-\u0997\u09b0\u09cd\u09ad\u09be\u09ac\u09b8\u09cd\u09a5\u09be\u09b0-\u09aa\u09cd\u09b0\/#breadcrumb\",\"itemListElement\":[{\"@type\":\"ListItem\",\"position\":1,\"name\":\"Home\",\"item\":\"https:\/\/universofamilia.com\/el\/\"},{\"@type\":\"ListItem\",\"position\":2,\"name\":\"Prepara\u00e7\u00e3o para a Segunda Gravidez\"}]},{\"@type\":\"WebSite\",\"@id\":\"https:\/\/universofamilia.com\/el\/#website\",\"url\":\"https:\/\/universofamilia.com\/el\/\",\"name\":\"Universo Fam\u00edlia\",\"description\":\"\",\"potentialAction\":[{\"@type\":\"SearchAction\",\"target\":{\"@type\":\"EntryPoint\",\"urlTemplate\":\"https:\/\/universofamilia.com\/el\/?s={search_term_string}\"},\"query-input\":\"required name=search_term_string\"}],\"inLanguage\":\"pt-BR\"},{\"@type\":\"Person\",\"@id\":\"https:\/\/universofamilia.com\/el\/#\/schema\/person\/f07ce98187dd84d31154262e79b3b7ca\",\"name\":\"Pedro Henrique\",\"image\":{\"@type\":\"ImageObject\",\"inLanguage\":\"pt-BR\",\"@id\":\"https:\/\/universofamilia.com\/el\/#\/schema\/person\/image\/\",\"url\":\"https:\/\/secure.gravatar.com\/avatar\/9edfeb808cb4e1599f64d6e45b130154?s=96&d=mm&r=g\",\"contentUrl\":\"https:\/\/secure.gravatar.com\/avatar\/9edfeb808cb4e1599f64d6e45b130154?s=96&d=mm&r=g\",\"caption\":\"Pedro Henrique\"},\"url\":\"https:\/\/universofamilia.com\/pt\/author\/editor01\/\"}]}<\/script>\n<!-- \/ Yoast SEO plugin. -->","yoast_head_json":{"title":"Prepara\u00e7\u00e3o para a Segunda Gravidez - Universo Fam\u00edlia","description":"Prepara\u00e7\u00e3o para a segunda gravidez. Est\u00e1 pensando se est\u00e1 preparada (o) para ter o segundo filho? Aqui est\u00e3o alguns aspectos positivos e negativos que voc\u00ea","robots":{"index":"index","follow":"follow","max-snippet":"max-snippet:-1","max-image-preview":"max-image-preview:large","max-video-preview":"max-video-preview:-1"},"canonical":"https:\/\/universofamilia.com\/pt\/\u09a6\u09cd\u09ac\u09bf\u09a4\u09c0\u09af\u09bc-\u0997\u09b0\u09cd\u09ad\u09be\u09ac\u09b8\u09cd\u09a5\u09be\u09b0-\u09aa\u09cd\u09b0\/","og_locale":"pt_BR","og_type":"article","og_title":"Prepara\u00e7\u00e3o para a Segunda Gravidez - Universo Fam\u00edlia","og_description":"Prepara\u00e7\u00e3o para a segunda gravidez. Est\u00e1 pensando se est\u00e1 preparada (o) para ter o segundo filho? Aqui est\u00e3o alguns aspectos positivos e negativos que voc\u00ea","og_url":"https:\/\/universofamilia.com\/pt\/\u09a6\u09cd\u09ac\u09bf\u09a4\u09c0\u09af\u09bc-\u0997\u09b0\u09cd\u09ad\u09be\u09ac\u09b8\u09cd\u09a5\u09be\u09b0-\u09aa\u09cd\u09b0\/","og_site_name":"Universo Fam\u00edlia","article_published_time":"2023-09-22T14:46:13+00:00","article_modified_time":"2025-01-28T14:25:30+00:00","og_image":[{"width":448,"height":350,"url":"https:\/\/universofamilia.com\/wp-content\/uploads\/sites\/148\/2023\/09\/D-UNIVERSO-FAMILIA-Preparacao-para-a-Segunda-Gravidez.png","type":"image\/png"}],"author":"Pedro Henrique","twitter_card":"summary_large_image","twitter_misc":{"Written by":"Pedro Henrique","Est. reading time":"8 minutos"},"schema":{"@context":"https:\/\/schema.org","@graph":[{"@type":"WebPage","@id":"https:\/\/universofamilia.com\/bn\/\u09a6\u09cd\u09ac\u09bf\u09a4\u09c0\u09af\u09bc-\u0997\u09b0\u09cd\u09ad\u09be\u09ac\u09b8\u09cd\u09a5\u09be\u09b0-\u09aa\u09cd\u09b0\/","url":"https:\/\/universofamilia.com\/bn\/\u09a6\u09cd\u09ac\u09bf\u09a4\u09c0\u09af\u09bc-\u0997\u09b0\u09cd\u09ad\u09be\u09ac\u09b8\u09cd\u09a5\u09be\u09b0-\u09aa\u09cd\u09b0\/","name":"Prepara\u00e7\u00e3o para a Segunda Gravidez - Universo Fam\u00edlia","isPartOf":{"@id":"https:\/\/universofamilia.com\/el\/#website"},"primaryImageOfPage":{"@id":"https:\/\/universofamilia.com\/bn\/\u09a6\u09cd\u09ac\u09bf\u09a4\u09c0\u09af\u09bc-\u0997\u09b0\u09cd\u09ad\u09be\u09ac\u09b8\u09cd\u09a5\u09be\u09b0-\u09aa\u09cd\u09b0\/#primaryimage"},"image":{"@id":"https:\/\/universofamilia.com\/bn\/\u09a6\u09cd\u09ac\u09bf\u09a4\u09c0\u09af\u09bc-\u0997\u09b0\u09cd\u09ad\u09be\u09ac\u09b8\u09cd\u09a5\u09be\u09b0-\u09aa\u09cd\u09b0\/#primaryimage"},"thumbnailUrl":"https:\/\/universofamilia.com\/wp-content\/uploads\/sites\/148\/2023\/09\/D-UNIVERSO-FAMILIA-Preparacao-para-a-Segunda-Gravidez.png","datePublished":"2023-09-22T14:46:13+00:00","dateModified":"2025-01-28T14:25:30+00:00","author":{"@id":"https:\/\/universofamilia.com\/el\/#\/schema\/person\/f07ce98187dd84d31154262e79b3b7ca"},"description":"Prepara\u00e7\u00e3o para a segunda gravidez. Est\u00e1 pensando se est\u00e1 preparada (o) para ter o segundo filho? Aqui est\u00e3o alguns aspectos positivos e negativos que voc\u00ea","breadcrumb":{"@id":"https:\/\/universofamilia.com\/bn\/\u09a6\u09cd\u09ac\u09bf\u09a4\u09c0\u09af\u09bc-\u0997\u09b0\u09cd\u09ad\u09be\u09ac\u09b8\u09cd\u09a5\u09be\u09b0-\u09aa\u09cd\u09b0\/#breadcrumb"},"inLanguage":"pt-BR","potentialAction":[{"@type":"ReadAction","target":["https:\/\/universofamilia.com\/bn\/\u09a6\u09cd\u09ac\u09bf\u09a4\u09c0\u09af\u09bc-\u0997\u09b0\u09cd\u09ad\u09be\u09ac\u09b8\u09cd\u09a5\u09be\u09b0-\u09aa\u09cd\u09b0\/"]}]},{"@type":"ImageObject","inLanguage":"pt-BR","@id":"https:\/\/universofamilia.com\/bn\/\u09a6\u09cd\u09ac\u09bf\u09a4\u09c0\u09af\u09bc-\u0997\u09b0\u09cd\u09ad\u09be\u09ac\u09b8\u09cd\u09a5\u09be\u09b0-\u09aa\u09cd\u09b0\/#primaryimage","url":"https:\/\/universofamilia.com\/wp-content\/uploads\/sites\/148\/2023\/09\/D-UNIVERSO-FAMILIA-Preparacao-para-a-Segunda-Gravidez.png","contentUrl":"https:\/\/universofamilia.com\/wp-content\/uploads\/sites\/148\/2023\/09\/D-UNIVERSO-FAMILIA-Preparacao-para-a-Segunda-Gravidez.png","width":448,"height":350},{"@type":"BreadcrumbList","@id":"https:\/\/universofamilia.com\/bn\/\u09a6\u09cd\u09ac\u09bf\u09a4\u09c0\u09af\u09bc-\u0997\u09b0\u09cd\u09ad\u09be\u09ac\u09b8\u09cd\u09a5\u09be\u09b0-\u09aa\u09cd\u09b0\/#breadcrumb","itemListElement":[{"@type":"ListItem","position":1,"name":"Home","item":"https:\/\/universofamilia.com\/el\/"},{"@type":"ListItem","position":2,"name":"Prepara\u00e7\u00e3o para a Segunda Gravidez"}]},{"@type":"WebSite","@id":"https:\/\/universofamilia.com\/el\/#website","url":"https:\/\/universofamilia.com\/el\/","name":"Universo Fam\u00edlia","description":"","potentialAction":[{"@type":"SearchAction","target":{"@type":"EntryPoint","urlTemplate":"https:\/\/universofamilia.com\/el\/?s={search_term_string}"},"query-input":"required name=search_term_string"}],"inLanguage":"pt-BR"},{"@type":"Person","@id":"https:\/\/universofamilia.com\/el\/#\/schema\/person\/f07ce98187dd84d31154262e79b3b7ca","name":"Pedro Henrique","image":{"@type":"ImageObject","inLanguage":"pt-BR","@id":"https:\/\/universofamilia.com\/el\/#\/schema\/person\/image\/","url":"https:\/\/secure.gravatar.com\/avatar\/9edfeb808cb4e1599f64d6e45b130154?s=96&d=mm&r=g","contentUrl":"https:\/\/secure.gravatar.com\/avatar\/9edfeb808cb4e1599f64d6e45b130154?s=96&d=mm&r=g","caption":"Pedro Henrique"},"url":"https:\/\/universofamilia.com\/pt\/author\/editor01\/"}]}},"_links":{"self":[{"href":"https:\/\/universofamilia.com\/pt\/wp-json\/wp\/v2\/posts\/3989"}],"collection":[{"href":"https:\/\/universofamilia.com\/pt\/wp-json\/wp\/v2\/posts"}],"about":[{"href":"https:\/\/universofamilia.com\/pt\/wp-json\/wp\/v2\/types\/post"}],"author":[{"embeddable":true,"href":"https:\/\/universofamilia.com\/pt\/wp-json\/wp\/v2\/users\/139"}],"replies":[{"embeddable":true,"href":"https:\/\/universofamilia.com\/pt\/wp-json\/wp\/v2\/comments?post=3989"}],"version-history":[{"count":1,"href":"https:\/\/universofamilia.com\/pt\/wp-json\/wp\/v2\/posts\/3989\/revisions"}],"predecessor-version":[{"id":8401,"href":"https:\/\/universofamilia.com\/pt\/wp-json\/wp\/v2\/posts\/3989\/revisions\/8401"}],"wp:featuredmedia":[{"embeddable":true,"href":"https:\/\/universofamilia.com\/pt\/wp-json\/wp\/v2\/media\/3995"}],"wp:attachment":[{"href":"https:\/\/universofamilia.com\/pt\/wp-json\/wp\/v2\/media?parent=3989"}],"wp:term":[{"taxonomy":"category","embeddable":true,"href":"https:\/\/universofamilia.com\/pt\/wp-json\/wp\/v2\/categories?post=3989"},{"taxonomy":"post_tag","embeddable":true,"href":"https:\/\/universofamilia.com\/pt\/wp-json\/wp\/v2\/tags?post=3989"}],"curies":[{"name":"wp","href":"https:\/\/api.w.org\/{rel}","templated":true}]}}