{"id":6630,"date":"2024-09-27T15:24:10","date_gmt":"2024-09-27T18:24:10","guid":{"rendered":"https:\/\/universofamilia.com\/?p=6630"},"modified":"2024-09-27T15:24:10","modified_gmt":"2024-09-27T18:24:10","slug":"te-para-combatir-insomnio-ansiedad","status":"publish","type":"post","link":"https:\/\/universofamilia.com\/pt\/te-para-combatir-insomnio-ansiedad\/","title":{"rendered":"Ch\u00e1 para combater ins\u00f4nia e ansiedade"},"content":{"rendered":"<p>Ins\u00f4nia e ansiedade s\u00e3o problemas que afetam milh\u00f5es de pessoas ao redor do mundo.<\/p>\n\n\n\n<p>Buscar solu\u00e7\u00f5es naturais, como ch\u00e1s, pode ser uma \u00f3tima maneira de melhorar a qualidade do sono e reduzir o estresse de forma eficaz e sem efeitos colaterais.<\/p>\n\n\n\n<p>Neste artigo, exploraremos os benef\u00edcios dos ch\u00e1s para combater a ins\u00f4nia e a ansiedade, al\u00e9m de apresentar a aplica\u00e7\u00e3o <em>Calma<\/em>, uma ferramenta \u00fatil para relaxar.<\/p>\n\n\n\n<p>Tamb\u00e9m compartilharemos receitas de ch\u00e1 f\u00e1ceis de preparar que ajudar\u00e3o voc\u00ea a descansar melhor. \ud83c\udf75\ud83d\udca4<\/p>\n\n\n\n<p><\/p>\n\n\n\n<hr class=\"wp-block-separator has-text-color has-luminous-vivid-orange-color has-alpha-channel-opacity has-luminous-vivid-orange-background-color has-background\"\/>\n\n\n\n<h2 class=\"wp-block-heading\">Leia tamb\u00e9m:<\/h2>\n\n\n\n<div class=\"wp-block-columns is-layout-flex wp-container-core-columns-layout-1 wp-block-columns-is-layout-flex\">\n<div class=\"wp-block-column is-layout-flow wp-block-column-is-layout-flow\">\n<div class=\"wp-block-buttons is-layout-flex wp-block-buttons-is-layout-flex\">\n<div class=\"wp-block-button has-custom-width wp-block-button__width-100 is-style-outline\" style=\"text-decoration:none\"><a class=\"wp-block-button__link has-white-color has-vivid-cyan-blue-background-color has-text-color has-background has-link-color has-text-align-left wp-element-button\" href=\"https:\/\/universofamilia.com\/pt\/5893\/acelera-tu-celular-despierta-tu-productividad\/\" style=\"border-radius:10px\"><font style=\"vertical-align: inherit;\"><font style=\"vertical-align: inherit;\">\ud83d\udccc Acelere seu celular<\/font><\/font> &gt;<\/a><\/div>\n\n\n\n<div class=\"wp-block-button has-custom-width wp-block-button__width-100 is-style-outline\" style=\"text-decoration:none\"><a class=\"wp-block-button__link has-white-color has-vivid-cyan-blue-background-color has-text-color has-background has-link-color has-text-align-left wp-element-button\" href=\"https:\/\/universofamilia.com\/pt\/5869\/descubre-quien-te-esta-observando-en-las-redes-sociales\/\" style=\"border-radius:10px\">\ud83d\udccc Quem visitou seu perfil<\/a><\/div>\n\n\n\n<div class=\"wp-block-button has-custom-width wp-block-button__width-100 is-style-outline\" style=\"text-decoration:none\"><a class=\"wp-block-button__link has-white-color has-vivid-cyan-blue-background-color has-text-color has-background has-link-color has-text-align-left wp-element-button\" href=\"https:\/\/universofamilia.com\/pt\/6414\/aplicaciones-para-limpiar-el-celular-y-aumentar-espacio\/\" style=\"border-radius:10px\">\ud83d\udcbe Aplicativos para aumentar o espa\u00e7o<\/a><\/div>\n\n\n\n<div class=\"wp-block-button has-custom-width wp-block-button__width-100 is-style-outline\" style=\"text-decoration:none\"><a class=\"wp-block-button__link has-white-color has-vivid-cyan-blue-background-color has-text-color has-background has-link-color has-text-align-left wp-element-button\" href=\"https:\/\/universofamilia.com\/pt\/6568\/aprende-mecanica-automotriz-aplicacion\/\" style=\"border-radius:10px\">\ud83d\udccc Aprenda Mec\u00e2nica Automotiva com um Aplicativo<\/a><\/div>\n<\/div>\n<\/div>\n<\/div>\n\n\n\n<hr class=\"wp-block-separator has-text-color has-luminous-vivid-orange-color has-alpha-channel-opacity has-luminous-vivid-orange-background-color has-background\"\/>\n\n\n\n<p><\/p>\n\n\n\n<h2 class=\"wp-block-heading\">Benef\u00edcios dos ch\u00e1s para ins\u00f4nia e ansiedade<\/h2>\n\n\n\n<p>Os ch\u00e1s de ervas s\u00e3o conhecidos por suas propriedades calmantes e relaxantes.<\/p>\n\n\n\n<p>Eles s\u00e3o uma op\u00e7\u00e3o acess\u00edvel e segura para quem busca aliviar o estresse di\u00e1rio e melhorar suas noites de sono.<\/p>\n\n\n\n<p>As plantas usadas nesses ch\u00e1s cont\u00eam compostos naturais que ajudam a acalmar o sistema nervoso, relaxar os m\u00fasculos e reduzir a tens\u00e3o mental.<\/p>\n\n\n<div class=\"wp-block-image\">\n<figure class=\"aligncenter size-full\"><img loading=\"lazy\" decoding=\"async\" width=\"550\" height=\"350\" src=\"http:\/\/universofamilia.com\/wp-content\/uploads\/sites\/148\/2024\/09\/P-550x350-3-12.jpg\" alt=\"\" class=\"wp-image-6632\" srcset=\"https:\/\/universofamilia.com\/wp-content\/uploads\/sites\/148\/2024\/09\/P-550x350-3-12.jpg 550w, https:\/\/universofamilia.com\/wp-content\/uploads\/sites\/148\/2024\/09\/P-550x350-3-12-300x191.jpg 300w\" sizes=\"(max-width: 550px) 100vw, 550px\" \/><figcaption class=\"wp-element-caption\">Ch\u00e1 para combater ins\u00f4nia e ansiedade<\/figcaption><\/figure><\/div>\n\n\n<h4 class=\"wp-block-heading\">Principais benef\u00edcios dos ch\u00e1s:<\/h4>\n\n\n\n<ul class=\"wp-block-list\">\n<li><strong>Relaxamento mental<\/strong>:As ervas promovem uma sensa\u00e7\u00e3o de calma, reduzindo a agita\u00e7\u00e3o mental.<\/li>\n\n\n\n<li><strong>Sono melhorado<\/strong>: Beber ch\u00e1s relaxantes regularmente pode melhorar a qualidade do sono a longo prazo.<\/li>\n\n\n\n<li><strong>Redu\u00e7\u00e3o da ansiedade<\/strong>Alguns ch\u00e1s cont\u00eam compostos espec\u00edficos que ajudam a aliviar os sintomas de ansiedade.<\/li>\n\n\n\n<li><strong>Alternativa natural<\/strong>:Eles s\u00e3o uma op\u00e7\u00e3o sem efeitos colaterais em compara\u00e7\u00e3o aos medicamentos prescritos.<\/li>\n<\/ul>\n\n\n\n<h2 class=\"wp-block-heading\">Receita de Ch\u00e1 de Valeriana<\/h2>\n\n\n\n<p>A valeriana \u00e9 uma planta famosa por suas propriedades sedativas naturais.<\/p>\n\n\n\n<p>Seu ch\u00e1 \u00e9 perfeito para quem sofre de ins\u00f4nia, pois ajuda a induzir o sono e a reduzir a ansiedade.<\/p>\n\n\n\n<p><strong>Ingredientes<\/strong>:<\/p>\n\n\n\n<ul class=\"wp-block-list\">\n<li>1 colher de ch\u00e1 de raiz de valeriana seca<\/li>\n\n\n\n<li>250 ml de \u00e1gua quente<\/li>\n<\/ul>\n\n\n\n<p><strong>Prepara\u00e7\u00e3o<\/strong>:<\/p>\n\n\n\n<ol class=\"wp-block-list\">\n<li>Ferva a \u00e1gua e adicione a raiz de valeriana.<\/li>\n\n\n\n<li>Deixe descansar por 10 minutos.<\/li>\n\n\n\n<li>Coe e beba aproximadamente 30 minutos antes de dormir.<\/li>\n<\/ol>\n\n\n\n<p>Este ch\u00e1 deve ser consumido com modera\u00e7\u00e3o, pois o uso prolongado pode causar sonol\u00eancia diurna.<\/p>\n\n\n\n<p>Muitas pessoas relatam uma melhora na qualidade do sono ap\u00f3s uma semana de uso regular.<\/p>\n\n\n\n<p><\/p>\n\n\n\n<hr class=\"wp-block-separator has-text-color has-vivid-purple-color has-alpha-channel-opacity has-vivid-purple-background-color has-background\"\/>\n\n\n\n<h2 class=\"wp-block-heading\">Conte\u00fado exclusivo e gratuito no seu e-mail!<\/h2>\n\n\n\n<ul class=\"wp-block-list\">\n<li style=\"font-style:normal;font-weight:500\" class=\"has-medium-font-size\">Receba todas as novidades;<\/li>\n\n\n\n<li style=\"font-style:normal;font-weight:500\" class=\"has-medium-font-size\">Conte\u00fado incr\u00edvel na palma da sua m\u00e3o;<\/li>\n\n\n\n<li style=\"font-style:normal;font-weight:500\" class=\"has-medium-font-size\">Assine agora.<\/li>\n<\/ul>\n\n\n\n<div class=\"wp-block-media-text is-stacked-on-mobile is-vertically-aligned-center has-vivid-red-color has-text-color has-link-color wp-elements-f65c0b9eaa40a3cda7f58392480b43a2\" style=\"grid-template-columns:40% auto\"><figure class=\"wp-block-media-text__media\"><img loading=\"lazy\" decoding=\"async\" width=\"256\" height=\"256\" src=\"http:\/\/universofamilia.com\/wp-content\/uploads\/sites\/148\/2024\/09\/RECEBA-E-MAIL-1.png\" alt=\"Registrar e-mail\" class=\"wp-image-6592 size-full\" srcset=\"https:\/\/universofamilia.com\/wp-content\/uploads\/sites\/148\/2024\/09\/RECEBA-E-MAIL-1.png 256w, https:\/\/universofamilia.com\/wp-content\/uploads\/sites\/148\/2024\/09\/RECEBA-E-MAIL-1-150x150.png 150w\" sizes=\"(max-width: 256px) 100vw, 256px\" \/><\/figure><div class=\"wp-block-media-text__content\">\n\n\n\n<p><\/p>\n<\/div><\/div>\n\n\n\n<hr class=\"wp-block-separator has-text-color has-vivid-purple-color has-alpha-channel-opacity has-vivid-purple-background-color has-background is-style-wide\"\/>\n\n\n\n<p><\/p>\n\n\n\n<h2 class=\"wp-block-heading\">Receita de Ch\u00e1 de Lavanda<\/h2>\n\n\n\n<p>A lavanda \u00e9 outra planta conhecida por seus efeitos relaxantes. Seu ch\u00e1 \u00e9 suave, arom\u00e1tico e ajuda a acalmar a mente, sendo ideal para reduzir a ansiedade. \ud83c\udf38<\/p>\n\n\n\n<p><strong>Ingredientes<\/strong>:<\/p>\n\n\n\n<ul class=\"wp-block-list\">\n<li>1 colher de ch\u00e1 de flores de lavanda secas<\/li>\n\n\n\n<li>250 ml de \u00e1gua quente<\/li>\n<\/ul>\n\n\n\n<p><strong>Prepara\u00e7\u00e3o<\/strong>:<\/p>\n\n\n\n<ol class=\"wp-block-list\">\n<li>Ferva a \u00e1gua e adicione as flores de lavanda.<\/li>\n\n\n\n<li>Deixe descansar por 5 a 7 minutos.<\/li>\n\n\n\n<li>Coe e beba imediatamente ap\u00f3s o preparo.<\/li>\n<\/ol>\n\n\n\n<p>Este ch\u00e1 pode ser tomado v\u00e1rias vezes ao dia para manter a ansiedade sob controle e alcan\u00e7ar uma sensa\u00e7\u00e3o duradoura de tranquilidade.<\/p>\n\n\n\n<h2 class=\"wp-block-heading\">Receita de ch\u00e1 de camomila<\/h2>\n\n\n\n<p>O ch\u00e1 de camomila \u00e9 talvez mais conhecido por suas propriedades calmantes. \u00c9 suave, f\u00e1cil de preparar e adequado para todas as idades. \ud83c\udf3c<\/p>\n\n\n\n<p><strong>Ingredientes<\/strong>:<\/p>\n\n\n\n<ul class=\"wp-block-list\">\n<li>1 colher de sopa de flores de camomila secas<\/li>\n\n\n\n<li>250 ml de \u00e1gua quente<\/li>\n<\/ul>\n\n\n\n<p><strong>Prepara\u00e7\u00e3o<\/strong>:<\/p>\n\n\n\n<ol class=\"wp-block-list\">\n<li>Adicione as flores de camomila \u00e0 \u00e1gua quente.<\/li>\n\n\n\n<li>Deixe descansar por 5 a 10 minutos.<\/li>\n\n\n\n<li>Coe e aproveite antes de dormir.<\/li>\n<\/ol>\n\n\n\n<p>Este ch\u00e1 tem um efeito relaxante imediato e \u00e9 perfeito para quem procura uma solu\u00e7\u00e3o r\u00e1pida para relaxar antes de dormir.<\/p>\n\n\n\n<h2 class=\"wp-block-heading\">Aplica\u00e7\u00e3o recomendada: <em>Calma<\/em><\/h2>\n\n\n\n<p>Al\u00e9m dos ch\u00e1s, usar aplicativos focados em relaxamento e bem-estar pode ser uma \u00f3tima maneira de combater a ins\u00f4nia e a ansiedade.<\/p>\n\n\n\n<p>Uma das aplica\u00e7\u00f5es mais populares \u00e9 <em>Calma<\/em>, que oferece medita\u00e7\u00f5es guiadas, sons relaxantes e exerc\u00edcios respirat\u00f3rios que ajudam a acalmar a mente e melhorar a qualidade do sono. \ud83d\ude0c\ud83d\udcf1<\/p>\n\n\n\n<h4 class=\"wp-block-heading\">Benef\u00edcios da aplica\u00e7\u00e3o <em>Calma<\/em>:<\/h4>\n\n\n\n<ul class=\"wp-block-list\">\n<li><strong>Medita\u00e7\u00f5es guiadas<\/strong>: <em>Calma<\/em> oferece uma variedade de medita\u00e7\u00f5es projetadas para diferentes necessidades, como reduzir o estresse ou melhorar o sono.<\/li>\n\n\n\n<li><strong>Sons relaxantes<\/strong>: Voc\u00ea pode desfrutar de uma sele\u00e7\u00e3o de sons naturais e melodias calmas para acompanhar seu relaxamento.<\/li>\n\n\n\n<li><strong>Exerc\u00edcios de respira\u00e7\u00e3o<\/strong>: T\u00e9cnicas de respira\u00e7\u00e3o guiadas que ajudam a acalmar o corpo e a mente em momentos de ansiedade.<\/li>\n<\/ul>\n\n\n<div class=\"wp-block-image\">\n<figure class=\"aligncenter size-full\"><img loading=\"lazy\" decoding=\"async\" width=\"550\" height=\"350\" src=\"http:\/\/universofamilia.com\/wp-content\/uploads\/sites\/148\/2024\/09\/P-550x350-4-4.jpg\" alt=\"\" class=\"wp-image-6631\" srcset=\"https:\/\/universofamilia.com\/wp-content\/uploads\/sites\/148\/2024\/09\/P-550x350-4-4.jpg 550w, https:\/\/universofamilia.com\/wp-content\/uploads\/sites\/148\/2024\/09\/P-550x350-4-4-300x191.jpg 300w\" sizes=\"(max-width: 550px) 100vw, 550px\" \/><figcaption class=\"wp-element-caption\">Ch\u00e1 para combater ins\u00f4nia e ansiedade<\/figcaption><\/figure><\/div>\n\n\n<h3 class=\"wp-block-heading\">Feedback do usu\u00e1rio<\/h3>\n\n\n\n<p>Estas s\u00e3o algumas das opini\u00f5es de pessoas que j\u00e1 utilizaram o aplicativo <em>Calma<\/em>:<\/p>\n\n\n\n<ul class=\"wp-block-list\">\n<li><strong>Ana M. (Apple Store)<\/strong>: &quot;Ele <em>Calma<\/em> Mudou a forma como relaxo. Agora consigo dormir muito mais r\u00e1pido e acordar mais descansado.\u201d \ud83c\udf1f\ud83c\udf1f\ud83c\udf1f\ud83c\udf1f\ud83c\udf1f<\/li>\n\n\n\n<li><strong>Carlos R. (Google Play)<\/strong>: \u201cOs sons relaxantes e a interface simples tornam o aplicativo muito f\u00e1cil de usar. Minha ansiedade melhorou desde que comecei a us\u00e1-lo.\u201d \ud83c\udf1f\ud83c\udf1f\ud83c\udf1f\ud83c\udf1f<\/li>\n\n\n\n<li><strong>Maria T. (Apple Store)<\/strong>: &quot;Eu recomendo <em>Calma<\/em> Para todos os meus amigos. \u00c9 uma parte essencial da minha rotina di\u00e1ria para reduzir o estresse.\u201d \ud83c\udf1f\ud83c\udf1f\ud83c\udf1f\ud83c\udf1f\ud83c\udf1f<\/li>\n<\/ul>\n\n\n\n<h3 class=\"wp-block-heading\">Como instalar o aplicativo<\/h3>\n\n\n\n<p><strong>Links para download<\/strong>:<\/p>\n\n\n\n<div class=\"wp-block-columns is-layout-flex wp-container-core-columns-layout-2 wp-block-columns-is-layout-flex\">\n<div class=\"wp-block-column is-layout-flow wp-block-column-is-layout-flow\">\n<div class=\"wp-block-buttons is-layout-flex wp-block-buttons-is-layout-flex\">\n<div class=\"wp-block-button has-custom-width wp-block-button__width-100\" style=\"text-decoration:none\"><a class=\"wp-block-button__link has-white-color has-text-color has-background has-link-color has-text-align-left wp-element-button\" href=\"https:\/\/play.google.com\/store\/apps\/details?id=com.calm.android&amp;hl=pt_BR\" style=\"border-radius:10px;background-color:#aea4e0\" target=\"_blank\" rel=\"noreferrer noopener\"><strong><font style=\"vertical-align: inherit;\"><font style=\"vertical-align: inherit;\">\ud83d\udce5 <\/font><\/font>Acesse o Google Play: Calma<\/strong> <strong>para Android<\/strong><\/a><\/div>\n\n\n\n<div class=\"wp-block-button has-custom-width wp-block-button__width-100\" style=\"text-decoration:none\"><a class=\"wp-block-button__link has-white-color has-text-color has-background has-link-color has-text-align-left wp-element-button\" href=\"https:\/\/apps.apple.com\/br\/app\/calm-medita%C3%A7%C3%A3o-e-sono\/id571800810\" style=\"border-radius:10px;background-color:#d0d0d0\" target=\"_blank\" rel=\"noreferrer noopener\"><mark style=\"background-color:rgba(0, 0, 0, 0)\" class=\"has-inline-color has-black-color\"><strong>\ud83d\udce5 Acesse a Apple Store: Calma<\/strong><\/mark> <mark style=\"background-color:rgba(0, 0, 0, 0)\" class=\"has-inline-color has-black-color\"><strong>para iOS<\/strong><\/mark><\/a><\/div>\n<\/div>\n<\/div>\n<\/div>\n\n\n\n<h2 class=\"wp-block-heading\">Conclus\u00e3o<\/h2>\n\n\n\n<p>Ch\u00e1s para combater a ins\u00f4nia e a ansiedade s\u00e3o uma solu\u00e7\u00e3o natural e eficaz para melhorar a qualidade de vida.<\/p>\n\n\n\n<p>Combinado com ferramentas digitais como o aplicativo <em>Calma<\/em>, pode fazer uma grande diferen\u00e7a no seu bem-estar di\u00e1rio.<\/p>\n\n\n\n<p>N\u00e3o hesite em experimentar estas receitas de ch\u00e1 e usar as <em>Calma<\/em> para maior relaxamento e tranquilidade. \ud83c\udf75\ud83d\udca4<\/p>\n\n\n\n<p>Se voc\u00ea achou este artigo \u00fatil, compartilhe com seus amigos e familiares!<\/p>\n\n\n\n<p>Tamb\u00e9m convidamos voc\u00ea a explorar outros conte\u00fados do nosso blog para descobrir mais maneiras de melhorar sua sa\u00fade e bem-estar.<\/p>\n\n\n\n<h3 class=\"wp-block-heading\">Perguntas frequentes: Benef\u00edcios de beber ch\u00e1<\/h3>\n\n\n\n<p><strong>Qual \u00e9 o melhor ch\u00e1 para combater a ansiedade?<\/strong> Ch\u00e1 de camomila e ch\u00e1 de lavanda s\u00e3o excelentes op\u00e7\u00f5es para aliviar a ansiedade. Ambos t\u00eam propriedades calmantes que ajudam a relaxar a mente e o corpo.<\/p>\n\n\n\n<p><strong>Beber ch\u00e1 antes de dormir ajuda a melhorar o sono?<\/strong> Sim, alguns ch\u00e1s, como o de valeriana e o de camomila, t\u00eam efeitos sedativos leves que facilitam o sono e melhoram a qualidade do descanso.<\/p>\n\n\n\n<p><strong>\u00c9 seguro beber ch\u00e1 de valeriana todos os dias?<\/strong> O ch\u00e1 de valeriana \u00e9 seguro quando consumido com modera\u00e7\u00e3o. No entanto, recomenda-se n\u00e3o consumir em excesso, pois pode causar sonol\u00eancia diurna se consumido em excesso.<\/p>\n\n\n\n<p><\/p>\n\n\n\n<hr class=\"wp-block-separator has-text-color has-vivid-purple-color has-alpha-channel-opacity has-vivid-purple-background-color has-background\"\/>\n\n\n\n<h2 class=\"wp-block-heading\">Conte\u00fado exclusivo e gratuito no seu e-mail!<\/h2>\n\n\n\n<ul class=\"wp-block-list\">\n<li style=\"font-style:normal;font-weight:500\" class=\"has-medium-font-size\">Receba todas as novidades;<\/li>\n\n\n\n<li style=\"font-style:normal;font-weight:500\" class=\"has-medium-font-size\">Conte\u00fado incr\u00edvel na palma da sua m\u00e3o;<\/li>\n\n\n\n<li style=\"font-style:normal;font-weight:500\" class=\"has-medium-font-size\">Assine agora.<\/li>\n<\/ul>\n\n\n\n<div class=\"wp-block-media-text is-stacked-on-mobile is-vertically-aligned-center has-vivid-red-color has-text-color has-link-color wp-elements-f65c0b9eaa40a3cda7f58392480b43a2\" style=\"grid-template-columns:40% auto\"><figure class=\"wp-block-media-text__media\"><img loading=\"lazy\" decoding=\"async\" width=\"256\" height=\"256\" src=\"http:\/\/universofamilia.com\/wp-content\/uploads\/sites\/148\/2024\/09\/RECEBA-E-MAIL-1.png\" alt=\"Registrar e-mail\" class=\"wp-image-6592 size-full\" srcset=\"https:\/\/universofamilia.com\/wp-content\/uploads\/sites\/148\/2024\/09\/RECEBA-E-MAIL-1.png 256w, https:\/\/universofamilia.com\/wp-content\/uploads\/sites\/148\/2024\/09\/RECEBA-E-MAIL-1-150x150.png 150w\" sizes=\"(max-width: 256px) 100vw, 256px\" \/><\/figure><div class=\"wp-block-media-text__content\">\n\n\n\n<p><\/p>\n<\/div><\/div>\n\n\n\n<hr class=\"wp-block-separator has-text-color has-vivid-purple-color has-alpha-channel-opacity has-vivid-purple-background-color has-background is-style-wide\"\/>\n\n\n\n<p><\/p>","protected":false},"excerpt":{"rendered":"<p>El insomnio y la ansiedad son problemas que afectan a millones de personas en todo el mundo. Buscar soluciones naturales, como los t\u00e9s, puede ser una excelente manera de mejorar la calidad del sue\u00f1o y reducir el estr\u00e9s de manera efectiva y sin efectos secundarios. En este art\u00edculo, vamos a explorar los beneficios de los [&hellip;]<\/p>","protected":false},"author":0,"featured_media":6632,"comment_status":"closed","ping_status":"open","sticky":false,"template":"","format":"standard","meta":{"footnotes":""},"categories":[2],"tags":[581,1507],"yoast_head":"<!-- This site is optimized with the Yoast SEO plugin v23.3 - https:\/\/yoast.com\/wordpress\/plugins\/seo\/ -->\n<title>T\u00e9 para Combatir el Insomnio y la Ansiedad - Universo Fam\u00edlia<\/title>\n<meta name=\"description\" content=\"T\u00e9 para Combatir el Insomnio y la Ansiedad. El insomnio y la ansiedad son problemas que afectan a millones de personas en todo el mundo.\" \/>\n<meta name=\"robots\" content=\"index, follow, max-snippet:-1, max-image-preview:large, max-video-preview:-1\" \/>\n<link rel=\"canonical\" href=\"https:\/\/universofamilia.com\/pt\/te-para-combatir-insomnio-ansiedad\/\" \/>\n<meta property=\"og:locale\" content=\"pt_BR\" \/>\n<meta property=\"og:type\" content=\"article\" \/>\n<meta property=\"og:title\" content=\"T\u00e9 para Combatir el Insomnio y la Ansiedad - Universo Fam\u00edlia\" \/>\n<meta property=\"og:description\" content=\"T\u00e9 para Combatir el Insomnio y la Ansiedad. El insomnio y la ansiedad son problemas que afectan a millones de personas en todo el mundo.\" \/>\n<meta property=\"og:url\" content=\"https:\/\/universofamilia.com\/pt\/te-para-combatir-insomnio-ansiedad\/\" \/>\n<meta property=\"og:site_name\" content=\"Universo Fam\u00edlia\" \/>\n<meta property=\"article:published_time\" content=\"2024-09-27T18:24:10+00:00\" \/>\n<meta property=\"og:image\" content=\"https:\/\/universofamilia.com\/wp-content\/uploads\/sites\/148\/2024\/09\/P-550x350-3-12.jpg\" \/>\n\t<meta property=\"og:image:width\" content=\"550\" \/>\n\t<meta property=\"og:image:height\" content=\"350\" \/>\n\t<meta property=\"og:image:type\" content=\"image\/jpeg\" \/>\n<meta name=\"twitter:card\" content=\"summary_large_image\" \/>\n<meta name=\"twitter:label1\" content=\"Est. reading time\" \/>\n\t<meta name=\"twitter:data1\" content=\"7 minutos\" \/>\n<script type=\"application\/ld+json\" class=\"yoast-schema-graph\">{\"@context\":\"https:\/\/schema.org\",\"@graph\":[{\"@type\":\"WebPage\",\"@id\":\"https:\/\/universofamilia.com\/bn\/te-para-combatir-insomnio-ansiedad\/\",\"url\":\"https:\/\/universofamilia.com\/bn\/te-para-combatir-insomnio-ansiedad\/\",\"name\":\"T\u00e9 para Combatir el Insomnio y la Ansiedad - Universo Fam\u00edlia\",\"isPartOf\":{\"@id\":\"http:\/\/universofamilia.com\/zh_hk\/#website\"},\"primaryImageOfPage\":{\"@id\":\"https:\/\/universofamilia.com\/bn\/te-para-combatir-insomnio-ansiedad\/#primaryimage\"},\"image\":{\"@id\":\"https:\/\/universofamilia.com\/bn\/te-para-combatir-insomnio-ansiedad\/#primaryimage\"},\"thumbnailUrl\":\"https:\/\/universofamilia.com\/wp-content\/uploads\/sites\/148\/2024\/09\/P-550x350-3-12.jpg\",\"datePublished\":\"2024-09-27T18:24:10+00:00\",\"dateModified\":\"2024-09-27T18:24:10+00:00\",\"author\":{\"@id\":\"\"},\"description\":\"T\u00e9 para Combatir el Insomnio y la Ansiedad. El insomnio y la ansiedad son problemas que afectan a millones de personas en todo el mundo.\",\"breadcrumb\":{\"@id\":\"https:\/\/universofamilia.com\/bn\/te-para-combatir-insomnio-ansiedad\/#breadcrumb\"},\"inLanguage\":\"pt-BR\",\"potentialAction\":[{\"@type\":\"ReadAction\",\"target\":[\"https:\/\/universofamilia.com\/bn\/te-para-combatir-insomnio-ansiedad\/\"]}]},{\"@type\":\"ImageObject\",\"inLanguage\":\"pt-BR\",\"@id\":\"https:\/\/universofamilia.com\/bn\/te-para-combatir-insomnio-ansiedad\/#primaryimage\",\"url\":\"https:\/\/universofamilia.com\/wp-content\/uploads\/sites\/148\/2024\/09\/P-550x350-3-12.jpg\",\"contentUrl\":\"https:\/\/universofamilia.com\/wp-content\/uploads\/sites\/148\/2024\/09\/P-550x350-3-12.jpg\",\"width\":550,\"height\":350,\"caption\":\"T\u00e9 para Combatir el Insomnio y la Ansiedad\"},{\"@type\":\"BreadcrumbList\",\"@id\":\"https:\/\/universofamilia.com\/bn\/te-para-combatir-insomnio-ansiedad\/#breadcrumb\",\"itemListElement\":[{\"@type\":\"ListItem\",\"position\":1,\"name\":\"Home\",\"item\":\"http:\/\/universofamilia.com\/zh_hk\/\"},{\"@type\":\"ListItem\",\"position\":2,\"name\":\"T\u00e9 para Combatir el Insomnio y la Ansiedad\"}]},{\"@type\":\"WebSite\",\"@id\":\"http:\/\/universofamilia.com\/zh_hk\/#website\",\"url\":\"http:\/\/universofamilia.com\/zh_hk\/\",\"name\":\"Universo Fam\u00edlia\",\"description\":\"\",\"potentialAction\":[{\"@type\":\"SearchAction\",\"target\":{\"@type\":\"EntryPoint\",\"urlTemplate\":\"http:\/\/universofamilia.com\/zh_hk\/?s={search_term_string}\"},\"query-input\":\"required name=search_term_string\"}],\"inLanguage\":\"pt-BR\"}]}<\/script>\n<!-- \/ Yoast SEO plugin. -->","yoast_head_json":{"title":"T\u00e9 para Combatir el Insomnio y la Ansiedad - Universo Fam\u00edlia","description":"T\u00e9 para Combatir el Insomnio y la Ansiedad. El insomnio y la ansiedad son problemas que afectan a millones de personas en todo el mundo.","robots":{"index":"index","follow":"follow","max-snippet":"max-snippet:-1","max-image-preview":"max-image-preview:large","max-video-preview":"max-video-preview:-1"},"canonical":"https:\/\/universofamilia.com\/pt\/te-para-combatir-insomnio-ansiedad\/","og_locale":"pt_BR","og_type":"article","og_title":"T\u00e9 para Combatir el Insomnio y la Ansiedad - Universo Fam\u00edlia","og_description":"T\u00e9 para Combatir el Insomnio y la Ansiedad. El insomnio y la ansiedad son problemas que afectan a millones de personas en todo el mundo.","og_url":"https:\/\/universofamilia.com\/pt\/te-para-combatir-insomnio-ansiedad\/","og_site_name":"Universo Fam\u00edlia","article_published_time":"2024-09-27T18:24:10+00:00","og_image":[{"width":550,"height":350,"url":"https:\/\/universofamilia.com\/wp-content\/uploads\/sites\/148\/2024\/09\/P-550x350-3-12.jpg","type":"image\/jpeg"}],"twitter_card":"summary_large_image","twitter_misc":{"Est. reading time":"7 minutos"},"schema":{"@context":"https:\/\/schema.org","@graph":[{"@type":"WebPage","@id":"https:\/\/universofamilia.com\/bn\/te-para-combatir-insomnio-ansiedad\/","url":"https:\/\/universofamilia.com\/bn\/te-para-combatir-insomnio-ansiedad\/","name":"T\u00e9 para Combatir el Insomnio y la Ansiedad - Universo Fam\u00edlia","isPartOf":{"@id":"http:\/\/universofamilia.com\/zh_hk\/#website"},"primaryImageOfPage":{"@id":"https:\/\/universofamilia.com\/bn\/te-para-combatir-insomnio-ansiedad\/#primaryimage"},"image":{"@id":"https:\/\/universofamilia.com\/bn\/te-para-combatir-insomnio-ansiedad\/#primaryimage"},"thumbnailUrl":"https:\/\/universofamilia.com\/wp-content\/uploads\/sites\/148\/2024\/09\/P-550x350-3-12.jpg","datePublished":"2024-09-27T18:24:10+00:00","dateModified":"2024-09-27T18:24:10+00:00","author":{"@id":""},"description":"T\u00e9 para Combatir el Insomnio y la Ansiedad. El insomnio y la ansiedad son problemas que afectan a millones de personas en todo el mundo.","breadcrumb":{"@id":"https:\/\/universofamilia.com\/bn\/te-para-combatir-insomnio-ansiedad\/#breadcrumb"},"inLanguage":"pt-BR","potentialAction":[{"@type":"ReadAction","target":["https:\/\/universofamilia.com\/bn\/te-para-combatir-insomnio-ansiedad\/"]}]},{"@type":"ImageObject","inLanguage":"pt-BR","@id":"https:\/\/universofamilia.com\/bn\/te-para-combatir-insomnio-ansiedad\/#primaryimage","url":"https:\/\/universofamilia.com\/wp-content\/uploads\/sites\/148\/2024\/09\/P-550x350-3-12.jpg","contentUrl":"https:\/\/universofamilia.com\/wp-content\/uploads\/sites\/148\/2024\/09\/P-550x350-3-12.jpg","width":550,"height":350,"caption":"T\u00e9 para Combatir el Insomnio y la Ansiedad"},{"@type":"BreadcrumbList","@id":"https:\/\/universofamilia.com\/bn\/te-para-combatir-insomnio-ansiedad\/#breadcrumb","itemListElement":[{"@type":"ListItem","position":1,"name":"Home","item":"http:\/\/universofamilia.com\/zh_hk\/"},{"@type":"ListItem","position":2,"name":"T\u00e9 para Combatir el Insomnio y la Ansiedad"}]},{"@type":"WebSite","@id":"http:\/\/universofamilia.com\/zh_hk\/#website","url":"http:\/\/universofamilia.com\/zh_hk\/","name":"Universo Fam\u00edlia","description":"","potentialAction":[{"@type":"SearchAction","target":{"@type":"EntryPoint","urlTemplate":"http:\/\/universofamilia.com\/zh_hk\/?s={search_term_string}"},"query-input":"required name=search_term_string"}],"inLanguage":"pt-BR"}]}},"_links":{"self":[{"href":"https:\/\/universofamilia.com\/pt\/wp-json\/wp\/v2\/posts\/6630"}],"collection":[{"href":"https:\/\/universofamilia.com\/pt\/wp-json\/wp\/v2\/posts"}],"about":[{"href":"https:\/\/universofamilia.com\/pt\/wp-json\/wp\/v2\/types\/post"}],"replies":[{"embeddable":true,"href":"https:\/\/universofamilia.com\/pt\/wp-json\/wp\/v2\/comments?post=6630"}],"version-history":[{"count":0,"href":"https:\/\/universofamilia.com\/pt\/wp-json\/wp\/v2\/posts\/6630\/revisions"}],"wp:featuredmedia":[{"embeddable":true,"href":"https:\/\/universofamilia.com\/pt\/wp-json\/wp\/v2\/media\/6632"}],"wp:attachment":[{"href":"https:\/\/universofamilia.com\/pt\/wp-json\/wp\/v2\/media?parent=6630"}],"wp:term":[{"taxonomy":"category","embeddable":true,"href":"https:\/\/universofamilia.com\/pt\/wp-json\/wp\/v2\/categories?post=6630"},{"taxonomy":"post_tag","embeddable":true,"href":"https:\/\/universofamilia.com\/pt\/wp-json\/wp\/v2\/tags?post=6630"}],"curies":[{"name":"wp","href":"https:\/\/api.w.org\/{rel}","templated":true}]}}