{"id":9758,"date":"2025-10-01T01:42:22","date_gmt":"2025-10-01T04:42:22","guid":{"rendered":"https:\/\/universofamilia.com\/?p=9758"},"modified":"2025-10-11T17:08:04","modified_gmt":"2025-10-11T20:08:04","slug":"inteligencia-artificial-y-politica","status":"publish","type":"post","link":"https:\/\/universofamilia.com\/pt\/inteligencia-artificial-y-politica\/","title":{"rendered":"Intelig\u00eancia artificial e pol\u00edtica"},"content":{"rendered":"<p class=\"has-text-align-center\"><strong>Intelig\u00eancia artificial e pol\u00edtica:<\/strong> \u00c9 um tema que n\u00e3o \u00e9 mais exclusivo de confer\u00eancias acad\u00eamicas ou debates t\u00e9cnicos; hoje permeia leis, decis\u00f5es p\u00fablicas e at\u00e9 mesmo a geopol\u00edtica global.<\/p>\n\n\n<div class=\"wp-block-image\">\n<figure class=\"aligncenter size-full\"><img loading=\"lazy\" decoding=\"async\" width=\"550\" height=\"350\" src=\"https:\/\/universofamilia.com\/wp-content\/uploads\/sites\/148\/2025\/10\/DESTAQUE-UNIVERSO-550-x-350.jpg\" alt=\"\" class=\"wp-image-9759\" srcset=\"https:\/\/universofamilia.com\/wp-content\/uploads\/sites\/148\/2025\/10\/DESTAQUE-UNIVERSO-550-x-350.jpg 550w, https:\/\/universofamilia.com\/wp-content\/uploads\/sites\/148\/2025\/10\/DESTAQUE-UNIVERSO-550-x-350-300x191.jpg 300w, https:\/\/universofamilia.com\/wp-content\/uploads\/sites\/148\/2025\/10\/DESTAQUE-UNIVERSO-550-x-350-18x12.jpg 18w\" sizes=\"(max-width: 550px) 100vw, 550px\" \/><figcaption class=\"wp-element-caption\">Canva<\/figcaption><\/figure><\/div>\n\n\n<p>Em 2025, os governos enfrentam o desafio de equilibrar a inova\u00e7\u00e3o com a prote\u00e7\u00e3o dos direitos dos cidad\u00e3os, e cada regi\u00e3o adota estrat\u00e9gias diferentes.<\/p>\n\n\n\n<p>Neste artigo voc\u00ea encontrar\u00e1 uma vis\u00e3o geral completa:<\/p>\n\n\n\n<ul>\n<li>Como os pa\u00edses mais influentes est\u00e3o regulamentando a IA.<\/li>\n\n\n\n<li>As principais diferen\u00e7as entre Europa, Estados Unidos, China e Am\u00e9rica Latina.<\/li>\n\n\n\n<li>Quais riscos e oportunidades s\u00e3o discutidos em torno da tecnologia.<\/li>\n\n\n\n<li>Exemplos de aplica\u00e7\u00e3o de regulamenta\u00e7\u00f5es na pr\u00e1tica.<\/li>\n\n\n\n<li>Perguntas frequentes para esclarecer d\u00favidas comuns.<\/li>\n<\/ul>\n\n\n\n<h2 class=\"wp-block-heading\">A urg\u00eancia de regras claras na era digital<\/h2>\n\n\n\n<p>A intelig\u00eancia artificial n\u00e3o \u00e9 mais um experimento de laborat\u00f3rio. Ela est\u00e1 presente em diagn\u00f3sticos m\u00e9dicos, tribunais, mercados financeiros e at\u00e9 mesmo em campanhas pol\u00edticas.<\/p>\n\n\n\n<p>A velocidade com que a tecnologia evolui levanta um dilema: como prevenir o abuso sem retardar o progresso?<\/p>\n\n\n\n<p>A resposta do governo tem sido avan\u00e7ar com marcos regulat\u00f3rios. Em 2025, <strong>Regulamenta\u00e7\u00e3o da Uni\u00e3o Europeia sobre IA<\/strong> \u00c9 considerada a regulamenta\u00e7\u00e3o mais ambiciosa do mundo. <\/p>\n\n\n\n<p>Ela classifica os sistemas de IA em n\u00edveis de risco, desde aplica\u00e7\u00f5es de baixo impacto at\u00e9 aquelas que afetam direitos fundamentais, como vigil\u00e2ncia em massa.<\/p>\n\n\n\n<p>Segundo a Comiss\u00e3o Europeia, o objetivo \u00e9 &quot;garantir a seguran\u00e7a, a transpar\u00eancia e o respeito pelos valores democr\u00e1ticos&quot;.<\/p>\n\n\n\n<h2 class=\"wp-block-heading\">Estados Unidos: Inova\u00e7\u00e3o e controle fragmentado<\/h2>\n\n\n\n<p>A abordagem dos EUA \u00e9 menos centralizada. Em vez de uma lei nacional, ag\u00eancias e estados adotam diretrizes espec\u00edficas.<\/p>\n\n\n\n<p>A Casa Branca publicou em 2022 o <strong>Projeto para uma Declara\u00e7\u00e3o de Direitos da IA<\/strong>, uma estrutura \u00e9tica que orienta desenvolvedores e empresas. Embora n\u00e3o seja vinculativa, abriu o debate sobre direitos digitais, discrimina\u00e7\u00e3o algor\u00edtmica e privacidade.<\/p>\n\n\n\n<p>Exemplo concreto: a Calif\u00f3rnia est\u00e1 promovendo regulamenta\u00e7\u00f5es sobre o uso de IA na contrata\u00e7\u00e3o, exigindo que as empresas demonstrem que seus algoritmos n\u00e3o geram preconceito racial ou de g\u00eanero.<\/p>\n\n\n\n<p>Esse tipo de medida reflete a tend\u00eancia americana: proteger os consumidores sem sufocar a competitividade do seu ecossistema tecnol\u00f3gico.<\/p>\n\n\n\n<h2 class=\"wp-block-heading\">China: Controle Estatal e Ambi\u00e7\u00e3o Tecnol\u00f3gica<\/h2>\n\n\n\n<p>Em contraste, a China est\u00e1 integrando a intelig\u00eancia artificial em sua estrat\u00e9gia de Estado. Desde 2021, regulamenta algoritmos de recomenda\u00e7\u00e3o em plataformas digitais e, em 2023, implementou regras r\u00edgidas para sistemas de IA generativa.<\/p>\n\n\n\n<p>Em 2025, o governo avan\u00e7a com regulamenta\u00e7\u00f5es que limitam a dissemina\u00e7\u00e3o de informa\u00e7\u00f5es consideradas prejudiciais \u00e0 \u201cseguran\u00e7a nacional\u201d.<\/p>\n\n\n\n<p>Em vez de restringir a inova\u00e7\u00e3o, Pequim busca usar a IA como ferramenta de poder econ\u00f4mico e social. Por isso, sua legisla\u00e7\u00e3o combina a promo\u00e7\u00e3o de startups locais com o controle rigoroso de conte\u00fado digital e dados pessoais.<\/p>\n\n\n\n<h2 class=\"wp-block-heading\">Am\u00e9rica Latina: passos iniciais e desafios pendentes<\/h2>\n\n\n\n<p>A regi\u00e3o ainda est\u00e1 em seus est\u00e1gios iniciais. O Brasil est\u00e1 discutindo uma <strong>Quadro Legal para a Intelig\u00eancia Artificial<\/strong>, parcialmente inspirado no modelo europeu.<\/p>\n\n\n\n<p>O M\u00e9xico, por sua vez, criou grupos de especialistas para avaliar riscos \u00e9ticos e legais, embora ainda n\u00e3o tenha aprovado uma lei abrangente.<\/p>\n\n\n\n<p>Os desafios s\u00e3o m\u00faltiplos: escassez de recursos, falta de infraestrutura e a necessidade de proteger popula\u00e7\u00f5es vulner\u00e1veis.<\/p>\n\n\n\n<p>Ainda assim, h\u00e1 um interesse crescente em alinhar as pol\u00edticas p\u00fablicas aos padr\u00f5es internacionais para n\u00e3o ficar para tr\u00e1s na inova\u00e7\u00e3o.<\/p>\n\n\n\n<h2 class=\"wp-block-heading\">Tabela comparativa: regulamenta\u00e7\u00f5es de IA ao redor do mundo<\/h2>\n\n\n\n<figure class=\"wp-block-table\"><table><thead><tr><th>Regi\u00e3o \/ Pa\u00eds<\/th><th>Abordagem regulat\u00f3ria<\/th><th>Ano chave<\/th><th>Principais caracter\u00edsticas<\/th><\/tr><\/thead><tbody><tr><td>Uni\u00e3o Europeia<\/td><td>Regulamento Vinculativo<\/td><td>2024-2025<\/td><td>Classifica\u00e7\u00e3o de risco, transpar\u00eancia, san\u00e7\u00f5es severas<\/td><\/tr><tr><td>EUA<\/td><td>Diretrizes e regulamentos estaduais<\/td><td>2022-2025<\/td><td>Fragmentado, baseado em direitos, sem lei \u00fanica<\/td><\/tr><tr><td>China<\/td><td>Regulamenta\u00e7\u00e3o estatal rigorosa<\/td><td>2021-2025<\/td><td>Controle de conte\u00fado, dados e algoritmos<\/td><\/tr><tr><td>Am\u00e9rica latina<\/td><td>Iniciativas iniciais<\/td><td>2023-2025<\/td><td>Inspirado pela UE, ainda em discuss\u00e3o<\/td><\/tr><\/tbody><\/table><figcaption class=\"wp-element-caption\">Intelig\u00eancia Artificial e pol\u00edtica: como os governos est\u00e3o regulando a IA no mundo<\/figcaption><\/figure>\n\n\n\n<h2 class=\"wp-block-heading\">Um fato que marca a discuss\u00e3o<\/h2>\n\n\n\n<p>De acordo com o relat\u00f3rio <strong>\u201c\u00cdndice de IA 2024\u201d da Universidade de Stanford<\/strong>, mais do que <strong>70% dos pa\u00edses membros da ONU<\/strong> j\u00e1 havia iniciado processos legislativos ou diretrizes regulat\u00f3rias sobre IA antes de 2025.<\/p>\n\n\n\n<p>Esses dados revelam que a conversa n\u00e3o \u00e9 mais sobre o futuro: \u00e9 uma necessidade imediata para governos em todos os n\u00edveis.<\/p>\n\n\n<div class=\"wp-block-image\">\n<figure class=\"aligncenter size-full\"><img loading=\"lazy\" decoding=\"async\" width=\"550\" height=\"350\" src=\"https:\/\/universofamilia.com\/wp-content\/uploads\/sites\/148\/2025\/10\/DESTAQUE-SITE-MUNDOSAPPS-16-1.jpg\" alt=\"\" class=\"wp-image-9761\" srcset=\"https:\/\/universofamilia.com\/wp-content\/uploads\/sites\/148\/2025\/10\/DESTAQUE-SITE-MUNDOSAPPS-16-1.jpg 550w, https:\/\/universofamilia.com\/wp-content\/uploads\/sites\/148\/2025\/10\/DESTAQUE-SITE-MUNDOSAPPS-16-1-300x191.jpg 300w, https:\/\/universofamilia.com\/wp-content\/uploads\/sites\/148\/2025\/10\/DESTAQUE-SITE-MUNDOSAPPS-16-1-18x12.jpg 18w\" sizes=\"(max-width: 550px) 100vw, 550px\" \/><figcaption class=\"wp-element-caption\">Canva<\/figcaption><\/figure><\/div>\n\n\n<p>Leia mais:&nbsp;<a href=\"https:\/\/universofamilia.com\/pt\/los-paises-mas-avanzados-en-regulacion-de-ia-en-2025\/\">Os pa\u00edses mais avan\u00e7ados na regulamenta\u00e7\u00e3o da IA em 2025<\/a><\/p>\n\n\n\n<h2 class=\"wp-block-heading\">Riscos e oportunidades no horizonte<\/h2>\n\n\n\n<p>Regular a IA n\u00e3o significa apenas limit\u00e1-la; tamb\u00e9m cria oportunidades. Com regras claras, as empresas podem inovar com mais confian\u00e7a. Os cidad\u00e3os tamb\u00e9m se sentem mais protegidos contra abusos.<\/p>\n\n\n\n<p>Um exemplo recente est\u00e1 no setor financeiro: bancos europeus come\u00e7aram a usar IA em avalia\u00e7\u00f5es de cr\u00e9dito sob supervis\u00e3o regulat\u00f3ria.<\/p>\n\n\n\n<p>Essa medida reduziu as alega\u00e7\u00f5es de discrimina\u00e7\u00e3o e melhorou a confian\u00e7a do consumidor.<\/p>\n\n\n\n<p>Mas os riscos n\u00e3o desaparecem. Entre eles est\u00e3o:<\/p>\n\n\n\n<ul>\n<li>Vieses algor\u00edtmicos que perpetuam desigualdades.<\/li>\n\n\n\n<li>Uso indevido de dados pessoais.<\/li>\n\n\n\n<li>Manipula\u00e7\u00e3o da opini\u00e3o p\u00fablica por meio de desinforma\u00e7\u00e3o.<\/li>\n<\/ul>\n\n\n\n<h2 class=\"wp-block-heading\">Uma analogia para entender o desafio<\/h2>\n\n\n\n<p>A situa\u00e7\u00e3o atual \u00e9 semelhante \u00e0 dos prim\u00f3rdios da energia nuclear. Uma tecnologia com enorme potencial, mas sem regulamenta\u00e7\u00e3o adequada, pode representar um risco global. <\/p>\n\n\n\n<p>Naquela \u00e9poca, tratados internacionais e regulamenta\u00e7\u00f5es nacionais impediam grandes cat\u00e1strofes. Hoje, a IA enfrenta um dilema semelhante: aproveitar seu poder transformador sem comprometer direitos fundamentais.<\/p>\n\n\n\n<h2 class=\"wp-block-heading\">Rumo \u00e0 governan\u00e7a global da IA<\/h2>\n\n\n\n<p>Em f\u00f3runs multilaterais como o <strong>UN<\/strong> e o <strong>OCDE<\/strong>A cria\u00e7\u00e3o de padr\u00f5es comuns j\u00e1 est\u00e1 sendo discutida. No entanto, interesses geopol\u00edticos dificultam a obten\u00e7\u00e3o de um consenso.<\/p>\n\n\n\n<p>Enquanto a Europa prioriza os direitos humanos, a China defende a soberania tecnol\u00f3gica e os Estados Unidos buscam proteger sua lideran\u00e7a corporativa.<\/p>\n\n\n\n<p>A governan\u00e7a global da IA ser\u00e1 um dos temas centrais da pr\u00f3xima d\u00e9cada. N\u00e3o se trata apenas de regras locais, mas tamb\u00e9m de evitar a fragmenta\u00e7\u00e3o que impede o com\u00e9rcio digital e a coopera\u00e7\u00e3o cient\u00edfica.<\/p>\n\n\n\n<h2 class=\"wp-block-heading\">Conclus\u00e3o<\/h2>\n\n\n\n<p>A liga\u00e7\u00e3o entre <strong><a href=\"https:\/\/universofamilia.com\/pt\/los-paises-mas-avanzados-en-regulacion-de-ia-en-2025\/\">Intelig\u00eancia artificial<\/a> e pol\u00edtica: como os governos est\u00e3o regulando a IA no mundo<\/strong> reflete uma mudan\u00e7a profunda na forma como os Estados abordam a inova\u00e7\u00e3o tecnol\u00f3gica.<\/p>\n\n\n\n<p>At\u00e9 2025, o impacto social, econ\u00f4mico e \u00e9tico dessas ferramentas n\u00e3o poder\u00e1 mais ser ignorado.<\/p>\n\n\n\n<p>A chave ser\u00e1 encontrar um meio-termo: regulamenta\u00e7\u00e3o que proteja sem sufocar, regras claras que promovam a confian\u00e7a e um debate global que inclua tanto os governos quanto a sociedade civil.<\/p>\n\n\n\n<p>Porque se uma coisa \u00e9 certa, \u00e9 que a IA continuar\u00e1 a transformar a vida cotidiana em um ritmo que exige respostas r\u00e1pidas e respons\u00e1veis.<\/p>\n\n\n\n<p>Leia mais:&nbsp;<a href=\"https:\/\/universofamilia.com\/pt\/lll-me-siento-sola-y-quiero-platicar-contigo-por-estos-apps-de-citas\/\">Estou solit\u00e1rio e quero conversar com voc\u00ea por meio desses aplicativos de namoro<\/a><\/p>\n\n\n\n<h2 class=\"wp-block-heading\">Perguntas Frequentes (FAQ)<\/h2>\n\n\n\n<p><strong>1. Por que \u00e9 importante regular a intelig\u00eancia artificial?<\/strong><br>Porque sem regras claras, a IA pode levar \u00e0 discrimina\u00e7\u00e3o, viola\u00e7\u00f5es de privacidade ou manipula\u00e7\u00e3o de informa\u00e7\u00f5es.<\/p>\n\n\n\n<p><strong>2. Qual \u00e9 a diferen\u00e7a entre as regulamenta\u00e7\u00f5es europeias e americanas?<\/strong><br>A Europa tem regulamenta\u00e7\u00f5es vinculativas com san\u00e7\u00f5es, enquanto os EUA s\u00e3o dominados por diretrizes n\u00e3o obrigat\u00f3rias e regulamenta\u00e7\u00f5es locais.<\/p>\n\n\n\n<p><strong>3. A China limita o uso de IA generativa?<\/strong><br>Sim. O governo chin\u00eas regula rigorosamente o conte\u00fado criado por IA e o vincula \u00e0 seguran\u00e7a nacional.<\/p>\n\n\n\n<p><strong>4. Quais pa\u00edses latino-americanos fizeram mais progresso?<\/strong><br>Brasil e M\u00e9xico lideram o caminho com projetos de lei e grupos de trabalho especializados.<\/p>\n\n\n\n<p><strong>5. Como a regulamenta\u00e7\u00e3o afeta o setor privado?<\/strong><br>As empresas devem se tornar mais transparentes, mas ao mesmo tempo conquistar a confian\u00e7a do consumidor e o acesso aos mercados globais.<\/p>\n\n\n\n<p><strong>6. Existem iniciativas regulat\u00f3rias globais?<\/strong><br>Sim, embora ainda n\u00e3o haja um acordo vinculativo, a ONU e a OCDE est\u00e3o trabalhando em padr\u00f5es internacionais.<\/p>\n\n\n\n<p><strong>7. A regulamenta\u00e7\u00e3o pode atrapalhar a inova\u00e7\u00e3o?<\/strong><br>Depende da abordagem. A regulamenta\u00e7\u00e3o equilibrada incentiva a inova\u00e7\u00e3o respons\u00e1vel, enquanto o controlo excessivo <\/p>\n\n\n\n<p><\/p>","protected":false},"excerpt":{"rendered":"<p>Inteligencia artificial y pol\u00edtica: es un tema que dej\u00f3 de ser exclusivo de conferencias acad\u00e9micas o debates t\u00e9cnicos; hoy atraviesa leyes, decisiones p\u00fablicas y hasta la geopol\u00edtica global. En 2025, los gobiernos enfrentan el reto de equilibrar la innovaci\u00f3n con la protecci\u00f3n de derechos ciudadanos, y cada regi\u00f3n adopta estrategias distintas. En este art\u00edculo encontrar\u00e1s [&hellip;]<\/p>","protected":false},"author":219,"featured_media":9753,"comment_status":"closed","ping_status":"open","sticky":false,"template":"","format":"standard","meta":{"footnotes":""},"categories":[4],"tags":[],"yoast_head":"<!-- This site is optimized with the Yoast SEO plugin v23.3 - https:\/\/yoast.com\/wordpress\/plugins\/seo\/ -->\n<title>Inteligencia artificial y pol\u00edtica - Universo Fam\u00edlia<\/title>\n<meta name=\"description\" content=\"Inteligencia artificial y pol\u00edtica: c\u00f3mo los gobiernos regulan la IA en todo el mundo es un tema que dej\u00f3 de ser exclusivo de conferencias...\" \/>\n<meta name=\"robots\" content=\"index, follow, max-snippet:-1, max-image-preview:large, max-video-preview:-1\" \/>\n<link rel=\"canonical\" href=\"https:\/\/universofamilia.com\/pt\/inteligencia-artificial-y-politica\/\" \/>\n<meta property=\"og:locale\" content=\"pt_BR\" \/>\n<meta property=\"og:type\" content=\"article\" \/>\n<meta property=\"og:title\" content=\"Inteligencia artificial y pol\u00edtica - Universo Fam\u00edlia\" \/>\n<meta property=\"og:description\" content=\"Inteligencia artificial y pol\u00edtica: c\u00f3mo los gobiernos regulan la IA en todo el mundo es un tema que dej\u00f3 de ser exclusivo de conferencias...\" \/>\n<meta property=\"og:url\" content=\"https:\/\/universofamilia.com\/pt\/inteligencia-artificial-y-politica\/\" \/>\n<meta property=\"og:site_name\" content=\"Universo Fam\u00edlia\" \/>\n<meta property=\"article:published_time\" content=\"2025-10-01T04:42:22+00:00\" \/>\n<meta property=\"article:modified_time\" content=\"2025-10-11T20:08:04+00:00\" \/>\n<meta property=\"og:image\" content=\"https:\/\/universofamilia.com\/wp-content\/uploads\/sites\/148\/2025\/09\/DESTAQUE-UNIVERSO-550-x-350-3.jpg\" \/>\n\t<meta property=\"og:image:width\" content=\"550\" \/>\n\t<meta property=\"og:image:height\" content=\"350\" \/>\n\t<meta property=\"og:image:type\" content=\"image\/jpeg\" \/>\n<meta name=\"author\" content=\"Matheus Sangaletti\" \/>\n<meta name=\"twitter:card\" content=\"summary_large_image\" \/>\n<meta name=\"twitter:label1\" content=\"Written by\" \/>\n\t<meta name=\"twitter:data1\" content=\"Matheus Sangaletti\" \/>\n\t<meta name=\"twitter:label2\" content=\"Est. reading time\" \/>\n\t<meta name=\"twitter:data2\" content=\"8 minutos\" \/>\n<script type=\"application\/ld+json\" class=\"yoast-schema-graph\">{\"@context\":\"https:\/\/schema.org\",\"@graph\":[{\"@type\":\"WebPage\",\"@id\":\"https:\/\/universofamilia.com\/nl\/inteligencia-artificial-y-politica\/\",\"url\":\"https:\/\/universofamilia.com\/nl\/inteligencia-artificial-y-politica\/\",\"name\":\"Inteligencia artificial y pol\u00edtica - Universo Fam\u00edlia\",\"isPartOf\":{\"@id\":\"https:\/\/universofamilia.com\/el\/#website\"},\"primaryImageOfPage\":{\"@id\":\"https:\/\/universofamilia.com\/nl\/inteligencia-artificial-y-politica\/#primaryimage\"},\"image\":{\"@id\":\"https:\/\/universofamilia.com\/nl\/inteligencia-artificial-y-politica\/#primaryimage\"},\"thumbnailUrl\":\"https:\/\/universofamilia.com\/wp-content\/uploads\/sites\/148\/2025\/09\/DESTAQUE-UNIVERSO-550-x-350-3.jpg\",\"datePublished\":\"2025-10-01T04:42:22+00:00\",\"dateModified\":\"2025-10-11T20:08:04+00:00\",\"author\":{\"@id\":\"https:\/\/universofamilia.com\/el\/#\/schema\/person\/92fcd07e9b1f4323bf74f3170fc0f78a\"},\"description\":\"Inteligencia artificial y pol\u00edtica: c\u00f3mo los gobiernos regulan la IA en todo el mundo es un tema que dej\u00f3 de ser exclusivo de conferencias...\",\"breadcrumb\":{\"@id\":\"https:\/\/universofamilia.com\/nl\/inteligencia-artificial-y-politica\/#breadcrumb\"},\"inLanguage\":\"pt-BR\",\"potentialAction\":[{\"@type\":\"ReadAction\",\"target\":[\"https:\/\/universofamilia.com\/nl\/inteligencia-artificial-y-politica\/\"]}]},{\"@type\":\"ImageObject\",\"inLanguage\":\"pt-BR\",\"@id\":\"https:\/\/universofamilia.com\/nl\/inteligencia-artificial-y-politica\/#primaryimage\",\"url\":\"https:\/\/universofamilia.com\/wp-content\/uploads\/sites\/148\/2025\/09\/DESTAQUE-UNIVERSO-550-x-350-3.jpg\",\"contentUrl\":\"https:\/\/universofamilia.com\/wp-content\/uploads\/sites\/148\/2025\/09\/DESTAQUE-UNIVERSO-550-x-350-3.jpg\",\"width\":550,\"height\":350},{\"@type\":\"BreadcrumbList\",\"@id\":\"https:\/\/universofamilia.com\/nl\/inteligencia-artificial-y-politica\/#breadcrumb\",\"itemListElement\":[{\"@type\":\"ListItem\",\"position\":1,\"name\":\"Home\",\"item\":\"https:\/\/universofamilia.com\/el\/\"},{\"@type\":\"ListItem\",\"position\":2,\"name\":\"Inteligencia artificial y pol\u00edtica\"}]},{\"@type\":\"WebSite\",\"@id\":\"https:\/\/universofamilia.com\/el\/#website\",\"url\":\"https:\/\/universofamilia.com\/el\/\",\"name\":\"Universo Fam\u00edlia\",\"description\":\"\",\"potentialAction\":[{\"@type\":\"SearchAction\",\"target\":{\"@type\":\"EntryPoint\",\"urlTemplate\":\"https:\/\/universofamilia.com\/el\/?s={search_term_string}\"},\"query-input\":\"required name=search_term_string\"}],\"inLanguage\":\"pt-BR\"},{\"@type\":\"Person\",\"@id\":\"https:\/\/universofamilia.com\/el\/#\/schema\/person\/92fcd07e9b1f4323bf74f3170fc0f78a\",\"name\":\"Matheus Sangaletti\",\"image\":{\"@type\":\"ImageObject\",\"inLanguage\":\"pt-BR\",\"@id\":\"https:\/\/universofamilia.com\/el\/#\/schema\/person\/image\/\",\"url\":\"https:\/\/secure.gravatar.com\/avatar\/280ea957a14a48e6a1ad2133d2cc27c9?s=96&d=mm&r=g\",\"contentUrl\":\"https:\/\/secure.gravatar.com\/avatar\/280ea957a14a48e6a1ad2133d2cc27c9?s=96&d=mm&r=g\",\"caption\":\"Matheus Sangaletti\"},\"url\":\"https:\/\/universofamilia.com\/pt\/author\/matheuss\/\"}]}<\/script>\n<!-- \/ Yoast SEO plugin. -->","yoast_head_json":{"title":"Inteligencia artificial y pol\u00edtica - Universo Fam\u00edlia","description":"Inteligencia artificial y pol\u00edtica: c\u00f3mo los gobiernos regulan la IA en todo el mundo es un tema que dej\u00f3 de ser exclusivo de conferencias...","robots":{"index":"index","follow":"follow","max-snippet":"max-snippet:-1","max-image-preview":"max-image-preview:large","max-video-preview":"max-video-preview:-1"},"canonical":"https:\/\/universofamilia.com\/pt\/inteligencia-artificial-y-politica\/","og_locale":"pt_BR","og_type":"article","og_title":"Inteligencia artificial y pol\u00edtica - Universo Fam\u00edlia","og_description":"Inteligencia artificial y pol\u00edtica: c\u00f3mo los gobiernos regulan la IA en todo el mundo es un tema que dej\u00f3 de ser exclusivo de conferencias...","og_url":"https:\/\/universofamilia.com\/pt\/inteligencia-artificial-y-politica\/","og_site_name":"Universo Fam\u00edlia","article_published_time":"2025-10-01T04:42:22+00:00","article_modified_time":"2025-10-11T20:08:04+00:00","og_image":[{"width":550,"height":350,"url":"https:\/\/universofamilia.com\/wp-content\/uploads\/sites\/148\/2025\/09\/DESTAQUE-UNIVERSO-550-x-350-3.jpg","type":"image\/jpeg"}],"author":"Matheus Sangaletti","twitter_card":"summary_large_image","twitter_misc":{"Written by":"Matheus Sangaletti","Est. reading time":"8 minutos"},"schema":{"@context":"https:\/\/schema.org","@graph":[{"@type":"WebPage","@id":"https:\/\/universofamilia.com\/nl\/inteligencia-artificial-y-politica\/","url":"https:\/\/universofamilia.com\/nl\/inteligencia-artificial-y-politica\/","name":"Inteligencia artificial y pol\u00edtica - Universo Fam\u00edlia","isPartOf":{"@id":"https:\/\/universofamilia.com\/el\/#website"},"primaryImageOfPage":{"@id":"https:\/\/universofamilia.com\/nl\/inteligencia-artificial-y-politica\/#primaryimage"},"image":{"@id":"https:\/\/universofamilia.com\/nl\/inteligencia-artificial-y-politica\/#primaryimage"},"thumbnailUrl":"https:\/\/universofamilia.com\/wp-content\/uploads\/sites\/148\/2025\/09\/DESTAQUE-UNIVERSO-550-x-350-3.jpg","datePublished":"2025-10-01T04:42:22+00:00","dateModified":"2025-10-11T20:08:04+00:00","author":{"@id":"https:\/\/universofamilia.com\/el\/#\/schema\/person\/92fcd07e9b1f4323bf74f3170fc0f78a"},"description":"Inteligencia artificial y pol\u00edtica: c\u00f3mo los gobiernos regulan la IA en todo el mundo es un tema que dej\u00f3 de ser exclusivo de conferencias...","breadcrumb":{"@id":"https:\/\/universofamilia.com\/nl\/inteligencia-artificial-y-politica\/#breadcrumb"},"inLanguage":"pt-BR","potentialAction":[{"@type":"ReadAction","target":["https:\/\/universofamilia.com\/nl\/inteligencia-artificial-y-politica\/"]}]},{"@type":"ImageObject","inLanguage":"pt-BR","@id":"https:\/\/universofamilia.com\/nl\/inteligencia-artificial-y-politica\/#primaryimage","url":"https:\/\/universofamilia.com\/wp-content\/uploads\/sites\/148\/2025\/09\/DESTAQUE-UNIVERSO-550-x-350-3.jpg","contentUrl":"https:\/\/universofamilia.com\/wp-content\/uploads\/sites\/148\/2025\/09\/DESTAQUE-UNIVERSO-550-x-350-3.jpg","width":550,"height":350},{"@type":"BreadcrumbList","@id":"https:\/\/universofamilia.com\/nl\/inteligencia-artificial-y-politica\/#breadcrumb","itemListElement":[{"@type":"ListItem","position":1,"name":"Home","item":"https:\/\/universofamilia.com\/el\/"},{"@type":"ListItem","position":2,"name":"Inteligencia artificial y pol\u00edtica"}]},{"@type":"WebSite","@id":"https:\/\/universofamilia.com\/el\/#website","url":"https:\/\/universofamilia.com\/el\/","name":"Universo Fam\u00edlia","description":"","potentialAction":[{"@type":"SearchAction","target":{"@type":"EntryPoint","urlTemplate":"https:\/\/universofamilia.com\/el\/?s={search_term_string}"},"query-input":"required name=search_term_string"}],"inLanguage":"pt-BR"},{"@type":"Person","@id":"https:\/\/universofamilia.com\/el\/#\/schema\/person\/92fcd07e9b1f4323bf74f3170fc0f78a","name":"Matheus Sangaletti","image":{"@type":"ImageObject","inLanguage":"pt-BR","@id":"https:\/\/universofamilia.com\/el\/#\/schema\/person\/image\/","url":"https:\/\/secure.gravatar.com\/avatar\/280ea957a14a48e6a1ad2133d2cc27c9?s=96&d=mm&r=g","contentUrl":"https:\/\/secure.gravatar.com\/avatar\/280ea957a14a48e6a1ad2133d2cc27c9?s=96&d=mm&r=g","caption":"Matheus Sangaletti"},"url":"https:\/\/universofamilia.com\/pt\/author\/matheuss\/"}]}},"_links":{"self":[{"href":"https:\/\/universofamilia.com\/pt\/wp-json\/wp\/v2\/posts\/9758"}],"collection":[{"href":"https:\/\/universofamilia.com\/pt\/wp-json\/wp\/v2\/posts"}],"about":[{"href":"https:\/\/universofamilia.com\/pt\/wp-json\/wp\/v2\/types\/post"}],"author":[{"embeddable":true,"href":"https:\/\/universofamilia.com\/pt\/wp-json\/wp\/v2\/users\/219"}],"replies":[{"embeddable":true,"href":"https:\/\/universofamilia.com\/pt\/wp-json\/wp\/v2\/comments?post=9758"}],"version-history":[{"count":6,"href":"https:\/\/universofamilia.com\/pt\/wp-json\/wp\/v2\/posts\/9758\/revisions"}],"predecessor-version":[{"id":9947,"href":"https:\/\/universofamilia.com\/pt\/wp-json\/wp\/v2\/posts\/9758\/revisions\/9947"}],"wp:featuredmedia":[{"embeddable":true,"href":"https:\/\/universofamilia.com\/pt\/wp-json\/wp\/v2\/media\/9753"}],"wp:attachment":[{"href":"https:\/\/universofamilia.com\/pt\/wp-json\/wp\/v2\/media?parent=9758"}],"wp:term":[{"taxonomy":"category","embeddable":true,"href":"https:\/\/universofamilia.com\/pt\/wp-json\/wp\/v2\/categories?post=9758"},{"taxonomy":"post_tag","embeddable":true,"href":"https:\/\/universofamilia.com\/pt\/wp-json\/wp\/v2\/tags?post=9758"}],"curies":[{"name":"wp","href":"https:\/\/api.w.org\/{rel}","templated":true}]}}