{"id":10218,"date":"2025-10-27T13:27:29","date_gmt":"2025-10-27T16:27:29","guid":{"rendered":"https:\/\/universofamilia.com\/?p=10218"},"modified":"2025-10-27T13:27:40","modified_gmt":"2025-10-27T16:27:40","slug":"proteccion-familiar-en-tiempos-de-incertidumbre-economica","status":"publish","type":"post","link":"https:\/\/universofamilia.com\/pt_pt\/proteccion-familiar-en-tiempos-de-incertidumbre-economica\/","title":{"rendered":"Prote\u00e7\u00e3o familiar em tempos de incerteza econ\u00f4mica"},"content":{"rendered":"<p class=\"has-text-align-center\">Em 2025, a quest\u00e3o <strong>\u201cProte\u00e7\u00e3o familiar em tempos de incerteza econ\u00f4mica\u201d<\/strong> Isso se torna mais relevante do que nunca.<\/p>\n\n\n\n<figure class=\"wp-block-gallery aligncenter has-nested-images columns-default is-cropped wp-block-gallery-1 is-layout-flex wp-block-gallery-is-layout-flex\">\n<figure class=\"wp-block-image size-full\"><img loading=\"lazy\" decoding=\"async\" width=\"450\" height=\"250\" data-id=\"10220\" src=\"https:\/\/universofamilia.com\/wp-content\/uploads\/sites\/148\/2025\/10\/Destaque-Novo-Universo-25-1.jpg\" alt=\"\" class=\"wp-image-10220\" srcset=\"https:\/\/universofamilia.com\/wp-content\/uploads\/sites\/148\/2025\/10\/Destaque-Novo-Universo-25-1.jpg 450w, https:\/\/universofamilia.com\/wp-content\/uploads\/sites\/148\/2025\/10\/Destaque-Novo-Universo-25-1-300x167.jpg 300w, https:\/\/universofamilia.com\/wp-content\/uploads\/sites\/148\/2025\/10\/Destaque-Novo-Universo-25-1-18x10.jpg 18w\" sizes=\"(max-width: 450px) 100vw, 450px\" \/><figcaption class=\"wp-element-caption\">CANVA<\/figcaption><\/figure>\n<\/figure>\n\n\n\n<p class=\"has-text-align-center\">A infla\u00e7\u00e3o global, a volatilidade dos mercados de trabalho e a instabilidade pol\u00edtica em diversas regi\u00f5es criaram um ambiente em que o planejamento financeiro familiar deixou de ser opcional e se tornou uma necessidade crucial.<\/p>\n\n\n\n<p class=\"has-text-align-center\">Segundo o Banco Mundial, a infla\u00e7\u00e3o na Am\u00e9rica Latina dever\u00e1 atingir uma m\u00e9dia de 5,8% este ano, impactando diretamente o poder de compra das fam\u00edlias.<\/p>\n\n\n\n<p>Este artigo oferece uma an\u00e1lise aprofundada e estrat\u00e9gias pr\u00e1ticas para que fam\u00edlias mexicanas e latino-americanas protejam suas finan\u00e7as, tomem decis\u00f5es inteligentes e fortale\u00e7am sua resili\u00eancia econ\u00f4mica diante da incerteza.<\/p>\n\n\n\n<p>Vamos explorar como organizar o or\u00e7amento familiar, promover a educa\u00e7\u00e3o financeira, diversificar a renda, aproveitar os benef\u00edcios dos seguros e muito mais.<\/p>\n\n\n\n<h2 class=\"wp-block-heading\">Resumo<\/h2>\n\n\n\n<p>Para orient\u00e1-lo(a) na leitura, este artigo se concentra em oito \u00e1reas principais:<\/p>\n\n\n\n<ol>\n<li>Cria\u00e7\u00e3o de um fundo de emerg\u00eancia s\u00f3lido.<\/li>\n\n\n\n<li>Elabora\u00e7\u00e3o de um or\u00e7amento familiar detalhado.<\/li>\n\n\n\n<li>Educa\u00e7\u00e3o financeira como ferramenta para resili\u00eancia.<\/li>\n\n\n\n<li>Diversifica\u00e7\u00e3o das fontes de renda.<\/li>\n\n\n\n<li>Obter um seguro adequado.<\/li>\n\n\n\n<li>Uma mentalidade econ\u00f4mica e h\u00e1bitos respons\u00e1veis.<\/li>\n\n\n\n<li>Assessoria financeira profissional.<\/li>\n\n\n\n<li>Flexibilidade e capacidade de adapta\u00e7\u00e3o \u00e0s mudan\u00e7as econ\u00f4micas.<\/li>\n<\/ol>\n\n\n\n<p>Ao longo do texto, incluiremos exemplos pr\u00e1ticos, analogias e dicas que lhe permitir\u00e3o compreender melhor como as fam\u00edlias podem agir para proteger o seu bem-estar econ\u00f3mico.<\/p>\n\n\n\n<h2 class=\"wp-block-heading\">Crie um fundo de emerg\u00eancia para a prote\u00e7\u00e3o da fam\u00edlia em tempos de incerteza econ\u00f4mica.<\/h2>\n\n\n\n<p>O primeiro passo para se proteger contra a incerteza econ\u00f4mica \u00e9 criar uma reserva de emerg\u00eancia.<\/p>\n\n\n\n<p><\/p>\n\n\n\n<p>Este fundo deve cobrir entre tr\u00eas e seis meses de despesas essenciais, incluindo alimenta\u00e7\u00e3o, moradia, servi\u00e7os b\u00e1sicos e transporte.<\/p>\n\n\n\n<p>Ter essa reserva financeira permite que as fam\u00edlias lidem com imprevistos sem recorrer a d\u00edvidas caras.<\/p>\n\n\n\n<p><strong>Exemplo real:<\/strong> Uma fam\u00edlia de classe m\u00e9dia na Cidade do M\u00e9xico destinou 10% de seu sal\u00e1rio mensal a um fundo de emerg\u00eancia por dois anos.<\/p>\n\n\n\n<p>Quando a infla\u00e7\u00e3o em 2025 afetou os pre\u00e7os de alimentos e servi\u00e7os, eles conseguiram manter seu padr\u00e3o de vida sem comprometer suas obriga\u00e7\u00f5es financeiras.<\/p>\n\n\n\n<p>Poupar dinheiro n\u00e3o exige grandes somas; o importante \u00e9 a consist\u00eancia e a disciplina.<\/p>\n\n\n\n<p>Automatizar transfer\u00eancias para uma conta poupan\u00e7a separada pode ser um m\u00e9todo eficiente para manter a consist\u00eancia.<\/p>\n\n\n\n<h2 class=\"wp-block-heading\">Prepare um or\u00e7amento familiar<\/h2>\n\n\n\n<p>Um or\u00e7amento familiar \u00e9 o roteiro que permite gerenciar com efic\u00e1cia as receitas e despesas da casa.<\/p>\n\n\n\n<p>Para fazer isso corretamente, voc\u00ea deve primeiro listar todas as fontes de renda e depois identificar todas as despesas fixas e vari\u00e1veis.<\/p>\n\n\n\n<p><strong>Exemplo:<\/strong> Maria, m\u00e3e de tr\u00eas filhos em Monterrey, usa uma planilha mensal onde categoriza suas despesas em alimenta\u00e7\u00e3o, transporte, educa\u00e7\u00e3o, entretenimento e poupan\u00e7a.<\/p>\n\n\n\n<p>Isso permite detectar desperd\u00edcios financeiros e realocar recursos para o que realmente importa, como poupar e investir na educa\u00e7\u00e3o dos filhos.<\/p>\n\n\n\n<p>Ter clareza sobre o or\u00e7amento ajuda a tomar decis\u00f5es informadas e evita cair na armadilha dos gastos impulsivos.<\/p>\n\n\n\n<p>Al\u00e9m disso, envolver todos os membros da fam\u00edlia promove a educa\u00e7\u00e3o financeira e a responsabilidade compartilhada.<\/p>\n\n\n\n<h2 class=\"wp-block-heading\">Promova a educa\u00e7\u00e3o financeira em casa.<\/h2>\n\n\n\n<p>A educa\u00e7\u00e3o financeira \u00e9 essencial para que os membros da fam\u00edlia compreendam como funcionam conceitos como poupan\u00e7a, investimento, infla\u00e7\u00e3o e d\u00edvidas.<\/p>\n\n\n\n<p>A educa\u00e7\u00e3o desde a inf\u00e2ncia ajuda crian\u00e7as e adolescentes a desenvolver h\u00e1bitos respons\u00e1veis que ter\u00e3o um impacto positivo em seu futuro econ\u00f4mico.<\/p>\n\n\n\n<p><strong>Dados relevantes:<\/strong> Segundo a CEPAL, as fam\u00edlias com educa\u00e7\u00e3o financeira t\u00eam 25% mais probabilidades de manter poupan\u00e7as consistentes e tomar decis\u00f5es de investimento informadas (<a>cepal.org<\/a>).<\/p>\n\n\n\n<p>Atividades simples, como envolver as crian\u00e7as no planejamento financeiro, ensin\u00e1-las a comparar pre\u00e7os ou atribuir-lhes uma mesada para administrar suas despesas pessoais, podem ser muito eficazes.<\/p>\n\n\n\n<h2 class=\"wp-block-heading\">Diversificar as fontes de renda<\/h2>\n\n\n\n<p>Depender de uma \u00fanica fonte de renda representa um risco significativo em tempos de incerteza.<\/p>\n\n\n\n<p>Explorar novas fontes de renda, como trabalho freelance, empreendedorismo ou pequenos investimentos, pode proporcionar estabilidade e reduzir a vulnerabilidade \u00e0 perda de emprego.<\/p>\n\n\n\n<p><strong>Exemplo:<\/strong> Luis, um engenheiro de Guadalajara, come\u00e7ou a oferecer aulas de programa\u00e7\u00e3o online como complemento ao seu trabalho principal.<\/p>\n\n\n\n<p>Durante a volatilidade do mercado de trabalho em 2025, sua renda adicional permitiu que ele mantivesse suas despesas essenciais e continuasse a economizar.<\/p>\n\n\n\n<p>A diversifica\u00e7\u00e3o n\u00e3o s\u00f3 protege a fam\u00edlia de crises, como tamb\u00e9m abre oportunidades para desenvolver compet\u00eancias e explorar novas fontes de crescimento econ\u00f3mico.<\/p>\n\n\n\n<h2 class=\"wp-block-heading\">Ter um seguro adequado<\/h2>\n\n\n\n<p>O seguro \u00e9 uma ferramenta essencial para proteger sua fam\u00edlia contra imprevistos. A cobertura recomendada inclui seguro sa\u00fade, de vida, residencial e automotivo.<\/p>\n\n\n\n<p>Em caso de emerg\u00eancias, esses seguros evitam que a fam\u00edlia tenha que liquidar suas economias ou contrair d\u00edvidas.<\/p>\n\n\n\n<p><strong>Estat\u00edsticas relevantes:<\/strong> Um estudo da Associa\u00e7\u00e3o Mexicana de Institui\u00e7\u00f5es de Seguros (AMIS) indica que apenas 40% das fam\u00edlias mexicanas possuem seguro sa\u00fade adequado, o que as torna vulner\u00e1veis a despesas imprevistas.<a>amis.com.mx<\/a>).<\/p>\n\n\n\n<p>Escolher o seguro certo envolve analisar as necessidades espec\u00edficas de cada fam\u00edlia e avaliar a rela\u00e7\u00e3o custo-benef\u00edcio de cada ap\u00f3lice.<\/p>\n\n\n\n<h2 class=\"wp-block-heading\">Mantenha uma mentalidade econ\u00f4mica.<\/h2>\n\n\n\n<p>Adotar uma mentalidade de poupan\u00e7a constante \u00e9 crucial, mesmo que sejam pequenas quantias.<\/p>\n\n\n\n<p>Automatizar dep\u00f3sitos em contas poupan\u00e7a, definir metas claras e revisar regularmente as despesas permite que voc\u00ea mantenha um controle real sobre suas finan\u00e7as.<\/p>\n\n\n\n<p>Uma analogia \u00fatil: as poupan\u00e7as familiares s\u00e3o como um jardim. Se plantarmos consistentemente e cuidarmos delas regularmente, crescer\u00e3o e dar\u00e3o frutos na altura certa.<\/p>\n\n\n\n<p>Negligenci\u00e1-la, por outro lado, pode deixar a fam\u00edlia sem recursos em momentos cr\u00edticos.<\/p>\n\n\n\n<figure class=\"wp-block-gallery aligncenter has-nested-images columns-default is-cropped wp-block-gallery-2 is-layout-flex wp-block-gallery-is-layout-flex\">\n<figure class=\"wp-block-image size-full\"><img loading=\"lazy\" decoding=\"async\" width=\"450\" height=\"250\" data-id=\"10221\" src=\"https:\/\/universofamilia.com\/wp-content\/uploads\/sites\/148\/2025\/10\/Destaque-Novo-Universo-26.jpg\" alt=\"\" class=\"wp-image-10221\" srcset=\"https:\/\/universofamilia.com\/wp-content\/uploads\/sites\/148\/2025\/10\/Destaque-Novo-Universo-26.jpg 450w, https:\/\/universofamilia.com\/wp-content\/uploads\/sites\/148\/2025\/10\/Destaque-Novo-Universo-26-300x167.jpg 300w, https:\/\/universofamilia.com\/wp-content\/uploads\/sites\/148\/2025\/10\/Destaque-Novo-Universo-26-18x10.jpg 18w\" sizes=\"(max-width: 450px) 100vw, 450px\" \/><figcaption class=\"wp-element-caption\">CANVA<\/figcaption><\/figure>\n<\/figure>\n\n\n\n<p>Leia mais:&nbsp;<a href=\"https:\/\/universofamilia.com\/pt_pt\/economia-mundial-en-2025-recesion-o-recuperacion\/\">Economia mundial em 2025: recess\u00e3o ou recupera\u00e7\u00e3o?<\/a><\/p>\n\n\n\n<h2 class=\"wp-block-heading\">Procure aconselhamento financeiro profissional.<\/h2>\n\n\n\n<p>Contar com aconselhamento profissional permite otimizar a gest\u00e3o de recursos, planejar investimentos e tomar decis\u00f5es estrat\u00e9gicas bem fundamentadas.<\/p>\n\n\n\n<p>Os consultores financeiros podem ajudar a criar planos de poupan\u00e7a, investimentos seguros e estrat\u00e9gias fiscais que maximizem o bem-estar familiar.<\/p>\n\n\n\n<p>N\u00e3o se trata apenas de grandes fortunas; qualquer fam\u00edlia pode se beneficiar de um planejador financeiro que elabore estrat\u00e9gias personalizadas de acordo com o or\u00e7amento e as necessidades espec\u00edficas da fam\u00edlia.<\/p>\n\n\n\n<h2 class=\"wp-block-heading\">Seja flex\u00edvel e adapte-se \u00e0s mudan\u00e7as.<\/h2>\n\n\n\n<p>A resili\u00eancia econ\u00f4mica depende da capacidade de adapta\u00e7\u00e3o a novas circunst\u00e2ncias.<\/p>\n\n\n\n<p>Ajustar o or\u00e7amento, explorar oportunidades de renda e modificar os h\u00e1bitos de consumo s\u00e3o a\u00e7\u00f5es que permitem \u00e0 fam\u00edlia enfrentar a incerteza com maior confian\u00e7a.<\/p>\n\n\n\n<p>At\u00e9 2025, a economia global estar\u00e1 passando por mudan\u00e7as r\u00e1pidas e constantes. A flexibilidade permite antecipar problemas e aproveitar oportunidades que outros podem perder.<\/p>\n\n\n\n<h2 class=\"wp-block-heading\">Estrat\u00e9gias adicionais para proteger as fam\u00edlias<\/h2>\n\n\n\n<ol>\n<li><strong>Compras inteligentes:<\/strong> Compare pre\u00e7os, aproveite descontos e priorize as necessidades reais.<\/li>\n\n\n\n<li><strong>Planejamento educacional:<\/strong> Avaliar alternativas educacionais que otimizem a rela\u00e7\u00e3o custo-benef\u00edcio sem comprometer a qualidade.<\/li>\n\n\n\n<li><strong>Uso respons\u00e1vel do cr\u00e9dito:<\/strong> Evite d\u00edvidas desnecess\u00e1rias e priorize o pagamento de d\u00edvidas com juros altos.<\/li>\n\n\n\n<li><strong>Investimento em compet\u00eancias:<\/strong> Capacite-se para novos empregos ou empreendimentos que gerem renda adicional.<\/li>\n<\/ol>\n\n\n\n<h2 class=\"wp-block-heading\">Conclus\u00e3o<\/h2>\n\n\n\n<p>Proteger a fam\u00edlia em tempos de incerteza econ\u00f4mica exige uma abordagem abrangente.<\/p>\n\n\n\n<p>Criar uma reserva de emerg\u00eancia, fazer um or\u00e7amento, ter educa\u00e7\u00e3o financeira, diversificar a renda, ter um seguro adequado, poupar regularmente, buscar aconselhamento profissional e adaptar-se \u00e0s mudan\u00e7as s\u00e3o estrat\u00e9gias essenciais.<\/p>\n\n\n\n<p>A quest\u00e3o <strong>\u201cProte\u00e7\u00e3o familiar em tempos de incerteza econ\u00f4mica\u201d<\/strong> N\u00e3o se trata apenas de ret\u00f3rica; \u00e9 um guia para a a\u00e7\u00e3o.<\/p>\n\n\n\n<p>As fam\u00edlias que implementam essas estrat\u00e9gias t\u00eam maior probabilidade de manter a estabilidade, enfrentar crises com confian\u00e7a e construir um futuro financeiro s\u00f3lido.<\/p>\n\n\n\n<p>Leia mais:&nbsp;<a href=\"https:\/\/universofamilia.com\/pt_pt\/crisis-climatica-global\/\">Crise clim\u00e1tica global: os impactos que j\u00e1 afetam milh\u00f5es<\/a><\/p>\n\n\n\n<h3 class=\"wp-block-heading\">Perguntas frequentes<\/h3>\n\n\n\n<p><strong>1. Quanto devo poupar para um fundo de emerg\u00eancia?<\/strong><br>Entre tr\u00eas e seis meses de despesas essenciais.<\/p>\n\n\n\n<p><strong>2. Como posso envolver meus filhos na educa\u00e7\u00e3o financeira?<\/strong><br>D\u00ea-lhes uma mesada, ensine-os a comparar pre\u00e7os e a poupar para objetivos pessoais.<\/p>\n\n\n\n<p><strong>3. Quais ap\u00f3lices de seguro s\u00e3o essenciais?<\/strong><br>Sa\u00fade, vida, moradia e carro de acordo com as necessidades espec\u00edficas da fam\u00edlia.<\/p>\n\n\n\n<p><strong>4. Como diversificar a renda sem negligenciar seu emprego principal?<\/strong><br>Explore trabalhos freelance, pequenas empresas ou investimentos de baixo risco que n\u00e3o exijam todo o seu tempo.<\/p>\n\n\n\n<p><strong>5. Quando voc\u00ea deve procurar aconselhamento profissional?<\/strong><br>Sempre que voc\u00ea quiser otimizar recursos, planejar investimentos ou proteger o patrim\u00f4nio familiar.<\/p>","protected":false},"excerpt":{"rendered":"<p>En 2025, la pregunta \u201cProtecci\u00f3n familiar en tiempos de incertidumbre econ\u00f3mica\u201d se vuelve m\u00e1s relevante que nunca. La inflaci\u00f3n global, la volatilidad de los mercados laborales y la inestabilidad pol\u00edtica en diversas regiones han generado un entorno en el que la planificaci\u00f3n financiera familiar ya no es opcional, sino una necesidad cr\u00edtica. Seg\u00fan el Banco [&hellip;]<\/p>","protected":false},"author":219,"featured_media":10219,"comment_status":"closed","ping_status":"open","sticky":false,"template":"","format":"standard","meta":{"footnotes":""},"categories":[4],"tags":[],"yoast_head":"<!-- This site is optimized with the Yoast SEO plugin v23.3 - https:\/\/yoast.com\/wordpress\/plugins\/seo\/ -->\n<title>Protecci\u00f3n familiar en tiempos de incertidumbre econ\u00f3mica - Universo Fam\u00edlia<\/title>\n<meta name=\"description\" content=\"En 2025, la pregunta \u201cProtecci\u00f3n familiar en tiempos de incertidumbre econ\u00f3mica\u201d se vuelve m\u00e1s relevante que nunca.\" \/>\n<meta name=\"robots\" content=\"index, follow, max-snippet:-1, max-image-preview:large, max-video-preview:-1\" \/>\n<link rel=\"canonical\" href=\"https:\/\/universofamilia.com\/pt_pt\/proteccion-familiar-en-tiempos-de-incertidumbre-economica\/\" \/>\n<meta property=\"og:locale\" content=\"pt_PT\" \/>\n<meta property=\"og:type\" content=\"article\" \/>\n<meta property=\"og:title\" content=\"Protecci\u00f3n familiar en tiempos de incertidumbre econ\u00f3mica - Universo Fam\u00edlia\" \/>\n<meta property=\"og:description\" content=\"En 2025, la pregunta \u201cProtecci\u00f3n familiar en tiempos de incertidumbre econ\u00f3mica\u201d se vuelve m\u00e1s relevante que nunca.\" \/>\n<meta property=\"og:url\" content=\"https:\/\/universofamilia.com\/pt_pt\/proteccion-familiar-en-tiempos-de-incertidumbre-economica\/\" \/>\n<meta property=\"og:site_name\" content=\"Universo Fam\u00edlia\" \/>\n<meta property=\"article:published_time\" content=\"2025-10-27T16:27:29+00:00\" \/>\n<meta property=\"article:modified_time\" content=\"2025-10-27T16:27:40+00:00\" \/>\n<meta property=\"og:image\" content=\"https:\/\/universofamilia.com\/wp-content\/uploads\/sites\/148\/2025\/10\/Destaque-Novo-Universo-25.jpg\" \/>\n\t<meta property=\"og:image:width\" content=\"450\" \/>\n\t<meta property=\"og:image:height\" content=\"250\" \/>\n\t<meta property=\"og:image:type\" content=\"image\/jpeg\" \/>\n<meta name=\"author\" content=\"Matheus Sangaletti\" \/>\n<meta name=\"twitter:card\" content=\"summary_large_image\" \/>\n<meta name=\"twitter:label1\" content=\"Written by\" \/>\n\t<meta name=\"twitter:data1\" content=\"Matheus Sangaletti\" \/>\n\t<meta name=\"twitter:label2\" content=\"Est. reading time\" \/>\n\t<meta name=\"twitter:data2\" content=\"8 minutos\" \/>\n<script type=\"application\/ld+json\" class=\"yoast-schema-graph\">{\"@context\":\"https:\/\/schema.org\",\"@graph\":[{\"@type\":\"WebPage\",\"@id\":\"https:\/\/universofamilia.com\/el\/proteccion-familiar-en-tiempos-de-incertidumbre-economica\/\",\"url\":\"https:\/\/universofamilia.com\/el\/proteccion-familiar-en-tiempos-de-incertidumbre-economica\/\",\"name\":\"Protecci\u00f3n familiar en tiempos de incertidumbre econ\u00f3mica - Universo Fam\u00edlia\",\"isPartOf\":{\"@id\":\"https:\/\/universofamilia.com\/el\/#website\"},\"primaryImageOfPage\":{\"@id\":\"https:\/\/universofamilia.com\/el\/proteccion-familiar-en-tiempos-de-incertidumbre-economica\/#primaryimage\"},\"image\":{\"@id\":\"https:\/\/universofamilia.com\/el\/proteccion-familiar-en-tiempos-de-incertidumbre-economica\/#primaryimage\"},\"thumbnailUrl\":\"https:\/\/universofamilia.com\/wp-content\/uploads\/sites\/148\/2025\/10\/Destaque-Novo-Universo-25.jpg\",\"datePublished\":\"2025-10-27T16:27:29+00:00\",\"dateModified\":\"2025-10-27T16:27:40+00:00\",\"author\":{\"@id\":\"https:\/\/universofamilia.com\/el\/#\/schema\/person\/92fcd07e9b1f4323bf74f3170fc0f78a\"},\"description\":\"En 2025, la pregunta \u201cProtecci\u00f3n familiar en tiempos de incertidumbre econ\u00f3mica\u201d se vuelve m\u00e1s relevante que nunca.\",\"breadcrumb\":{\"@id\":\"https:\/\/universofamilia.com\/el\/proteccion-familiar-en-tiempos-de-incertidumbre-economica\/#breadcrumb\"},\"inLanguage\":\"pt-PT\",\"potentialAction\":[{\"@type\":\"ReadAction\",\"target\":[\"https:\/\/universofamilia.com\/el\/proteccion-familiar-en-tiempos-de-incertidumbre-economica\/\"]}]},{\"@type\":\"ImageObject\",\"inLanguage\":\"pt-PT\",\"@id\":\"https:\/\/universofamilia.com\/el\/proteccion-familiar-en-tiempos-de-incertidumbre-economica\/#primaryimage\",\"url\":\"https:\/\/universofamilia.com\/wp-content\/uploads\/sites\/148\/2025\/10\/Destaque-Novo-Universo-25.jpg\",\"contentUrl\":\"https:\/\/universofamilia.com\/wp-content\/uploads\/sites\/148\/2025\/10\/Destaque-Novo-Universo-25.jpg\",\"width\":450,\"height\":250},{\"@type\":\"BreadcrumbList\",\"@id\":\"https:\/\/universofamilia.com\/el\/proteccion-familiar-en-tiempos-de-incertidumbre-economica\/#breadcrumb\",\"itemListElement\":[{\"@type\":\"ListItem\",\"position\":1,\"name\":\"Home\",\"item\":\"https:\/\/universofamilia.com\/el\/\"},{\"@type\":\"ListItem\",\"position\":2,\"name\":\"Protecci\u00f3n familiar en tiempos de incertidumbre econ\u00f3mica\"}]},{\"@type\":\"WebSite\",\"@id\":\"https:\/\/universofamilia.com\/el\/#website\",\"url\":\"https:\/\/universofamilia.com\/el\/\",\"name\":\"Universo Fam\u00edlia\",\"description\":\"\",\"potentialAction\":[{\"@type\":\"SearchAction\",\"target\":{\"@type\":\"EntryPoint\",\"urlTemplate\":\"https:\/\/universofamilia.com\/el\/?s={search_term_string}\"},\"query-input\":\"required name=search_term_string\"}],\"inLanguage\":\"pt-PT\"},{\"@type\":\"Person\",\"@id\":\"https:\/\/universofamilia.com\/el\/#\/schema\/person\/92fcd07e9b1f4323bf74f3170fc0f78a\",\"name\":\"Matheus Sangaletti\",\"image\":{\"@type\":\"ImageObject\",\"inLanguage\":\"pt-PT\",\"@id\":\"https:\/\/universofamilia.com\/el\/#\/schema\/person\/image\/\",\"url\":\"https:\/\/secure.gravatar.com\/avatar\/280ea957a14a48e6a1ad2133d2cc27c9?s=96&d=mm&r=g\",\"contentUrl\":\"https:\/\/secure.gravatar.com\/avatar\/280ea957a14a48e6a1ad2133d2cc27c9?s=96&d=mm&r=g\",\"caption\":\"Matheus Sangaletti\"},\"url\":\"https:\/\/universofamilia.com\/pt_pt\/author\/matheuss\/\"}]}<\/script>\n<!-- \/ Yoast SEO plugin. -->","yoast_head_json":{"title":"Protecci\u00f3n familiar en tiempos de incertidumbre econ\u00f3mica - Universo Fam\u00edlia","description":"En 2025, la pregunta \u201cProtecci\u00f3n familiar en tiempos de incertidumbre econ\u00f3mica\u201d se vuelve m\u00e1s relevante que nunca.","robots":{"index":"index","follow":"follow","max-snippet":"max-snippet:-1","max-image-preview":"max-image-preview:large","max-video-preview":"max-video-preview:-1"},"canonical":"https:\/\/universofamilia.com\/pt_pt\/proteccion-familiar-en-tiempos-de-incertidumbre-economica\/","og_locale":"pt_PT","og_type":"article","og_title":"Protecci\u00f3n familiar en tiempos de incertidumbre econ\u00f3mica - Universo Fam\u00edlia","og_description":"En 2025, la pregunta \u201cProtecci\u00f3n familiar en tiempos de incertidumbre econ\u00f3mica\u201d se vuelve m\u00e1s relevante que nunca.","og_url":"https:\/\/universofamilia.com\/pt_pt\/proteccion-familiar-en-tiempos-de-incertidumbre-economica\/","og_site_name":"Universo Fam\u00edlia","article_published_time":"2025-10-27T16:27:29+00:00","article_modified_time":"2025-10-27T16:27:40+00:00","og_image":[{"width":450,"height":250,"url":"https:\/\/universofamilia.com\/wp-content\/uploads\/sites\/148\/2025\/10\/Destaque-Novo-Universo-25.jpg","type":"image\/jpeg"}],"author":"Matheus Sangaletti","twitter_card":"summary_large_image","twitter_misc":{"Written by":"Matheus Sangaletti","Est. reading time":"8 minutos"},"schema":{"@context":"https:\/\/schema.org","@graph":[{"@type":"WebPage","@id":"https:\/\/universofamilia.com\/el\/proteccion-familiar-en-tiempos-de-incertidumbre-economica\/","url":"https:\/\/universofamilia.com\/el\/proteccion-familiar-en-tiempos-de-incertidumbre-economica\/","name":"Protecci\u00f3n familiar en tiempos de incertidumbre econ\u00f3mica - Universo Fam\u00edlia","isPartOf":{"@id":"https:\/\/universofamilia.com\/el\/#website"},"primaryImageOfPage":{"@id":"https:\/\/universofamilia.com\/el\/proteccion-familiar-en-tiempos-de-incertidumbre-economica\/#primaryimage"},"image":{"@id":"https:\/\/universofamilia.com\/el\/proteccion-familiar-en-tiempos-de-incertidumbre-economica\/#primaryimage"},"thumbnailUrl":"https:\/\/universofamilia.com\/wp-content\/uploads\/sites\/148\/2025\/10\/Destaque-Novo-Universo-25.jpg","datePublished":"2025-10-27T16:27:29+00:00","dateModified":"2025-10-27T16:27:40+00:00","author":{"@id":"https:\/\/universofamilia.com\/el\/#\/schema\/person\/92fcd07e9b1f4323bf74f3170fc0f78a"},"description":"En 2025, la pregunta \u201cProtecci\u00f3n familiar en tiempos de incertidumbre econ\u00f3mica\u201d se vuelve m\u00e1s relevante que nunca.","breadcrumb":{"@id":"https:\/\/universofamilia.com\/el\/proteccion-familiar-en-tiempos-de-incertidumbre-economica\/#breadcrumb"},"inLanguage":"pt-PT","potentialAction":[{"@type":"ReadAction","target":["https:\/\/universofamilia.com\/el\/proteccion-familiar-en-tiempos-de-incertidumbre-economica\/"]}]},{"@type":"ImageObject","inLanguage":"pt-PT","@id":"https:\/\/universofamilia.com\/el\/proteccion-familiar-en-tiempos-de-incertidumbre-economica\/#primaryimage","url":"https:\/\/universofamilia.com\/wp-content\/uploads\/sites\/148\/2025\/10\/Destaque-Novo-Universo-25.jpg","contentUrl":"https:\/\/universofamilia.com\/wp-content\/uploads\/sites\/148\/2025\/10\/Destaque-Novo-Universo-25.jpg","width":450,"height":250},{"@type":"BreadcrumbList","@id":"https:\/\/universofamilia.com\/el\/proteccion-familiar-en-tiempos-de-incertidumbre-economica\/#breadcrumb","itemListElement":[{"@type":"ListItem","position":1,"name":"Home","item":"https:\/\/universofamilia.com\/el\/"},{"@type":"ListItem","position":2,"name":"Protecci\u00f3n familiar en tiempos de incertidumbre econ\u00f3mica"}]},{"@type":"WebSite","@id":"https:\/\/universofamilia.com\/el\/#website","url":"https:\/\/universofamilia.com\/el\/","name":"Universo Fam\u00edlia","description":"","potentialAction":[{"@type":"SearchAction","target":{"@type":"EntryPoint","urlTemplate":"https:\/\/universofamilia.com\/el\/?s={search_term_string}"},"query-input":"required name=search_term_string"}],"inLanguage":"pt-PT"},{"@type":"Person","@id":"https:\/\/universofamilia.com\/el\/#\/schema\/person\/92fcd07e9b1f4323bf74f3170fc0f78a","name":"Matheus Sangaletti","image":{"@type":"ImageObject","inLanguage":"pt-PT","@id":"https:\/\/universofamilia.com\/el\/#\/schema\/person\/image\/","url":"https:\/\/secure.gravatar.com\/avatar\/280ea957a14a48e6a1ad2133d2cc27c9?s=96&d=mm&r=g","contentUrl":"https:\/\/secure.gravatar.com\/avatar\/280ea957a14a48e6a1ad2133d2cc27c9?s=96&d=mm&r=g","caption":"Matheus Sangaletti"},"url":"https:\/\/universofamilia.com\/pt_pt\/author\/matheuss\/"}]}},"_links":{"self":[{"href":"https:\/\/universofamilia.com\/pt_pt\/wp-json\/wp\/v2\/posts\/10218"}],"collection":[{"href":"https:\/\/universofamilia.com\/pt_pt\/wp-json\/wp\/v2\/posts"}],"about":[{"href":"https:\/\/universofamilia.com\/pt_pt\/wp-json\/wp\/v2\/types\/post"}],"author":[{"embeddable":true,"href":"https:\/\/universofamilia.com\/pt_pt\/wp-json\/wp\/v2\/users\/219"}],"replies":[{"embeddable":true,"href":"https:\/\/universofamilia.com\/pt_pt\/wp-json\/wp\/v2\/comments?post=10218"}],"version-history":[{"count":3,"href":"https:\/\/universofamilia.com\/pt_pt\/wp-json\/wp\/v2\/posts\/10218\/revisions"}],"predecessor-version":[{"id":10224,"href":"https:\/\/universofamilia.com\/pt_pt\/wp-json\/wp\/v2\/posts\/10218\/revisions\/10224"}],"wp:featuredmedia":[{"embeddable":true,"href":"https:\/\/universofamilia.com\/pt_pt\/wp-json\/wp\/v2\/media\/10219"}],"wp:attachment":[{"href":"https:\/\/universofamilia.com\/pt_pt\/wp-json\/wp\/v2\/media?parent=10218"}],"wp:term":[{"taxonomy":"category","embeddable":true,"href":"https:\/\/universofamilia.com\/pt_pt\/wp-json\/wp\/v2\/categories?post=10218"},{"taxonomy":"post_tag","embeddable":true,"href":"https:\/\/universofamilia.com\/pt_pt\/wp-json\/wp\/v2\/tags?post=10218"}],"curies":[{"name":"wp","href":"https:\/\/api.w.org\/{rel}","templated":true}]}}