{"id":2207,"date":"2023-06-02T23:02:38","date_gmt":"2023-06-03T02:02:38","guid":{"rendered":"https:\/\/universofamilia.com\/?p=2207"},"modified":"2023-06-02T23:02:38","modified_gmt":"2023-06-03T02:02:38","slug":"dificuldade-de-audicao-em-criancas","status":"publish","type":"post","link":"https:\/\/universofamilia.com\/pt_pt\/dificuldade-de-audicao-em-criancas\/","title":{"rendered":"Dificuldade auditiva em crian\u00e7as: sintomas, cuidados e diagn\u00f3stico"},"content":{"rendered":"<p>Dificuldade auditiva em crian\u00e7as: sintomas, cuidados e diagn\u00f3stico. A audi\u00e7\u00e3o desempenha um papel crucial no desenvolvimento da aprendizagem infantil.<\/p>\n\n\n\n<p>Infelizmente, algumas crian\u00e7as enfrentam dificuldades auditivas, o que pode afetar negativamente sua qualidade de vida e desempenho acad\u00eamico.<\/p>\n\n\n\n<p>Neste artigo, abordaremos os sintomas de dificuldade auditiva em crian\u00e7as, os cuidados necess\u00e1rios e como fazer um diagn\u00f3stico adequado.<\/p>\n\n\n\n<h3 class=\"wp-block-heading\">Veja tamb\u00e9m:<\/h3>\n\n\n\n<p><a href=\"https:\/\/universofamilia.com\/pt_pt\/como-aliviar-as-colicas-do-bebe\/\" target=\"_blank\" rel=\"noreferrer noopener\">Como aliviar c\u00f3licas em beb\u00eas<\/a><\/p>\n\n\n\n<p><a href=\"https:\/\/universofamilia.com\/pt_pt\/por-que-os-bebes-se-assustam-tanto\/\" target=\"_blank\" rel=\"noreferrer noopener\">Por que os beb\u00eas ficam t\u00e3o assustados?<\/a><\/p>\n\n\n\n<p><a href=\"https:\/\/www.luzbaby.com.br\/\" target=\"_blank\" rel=\"noreferrer noopener\">A Luz Baby \u00e9 uma das melhores lojas de produtos infantis. Clique aqui.<\/a><\/p>\n\n\n\n<h4 class=\"wp-block-heading\">Sintomas de dificuldade auditiva em crian\u00e7as<\/h4>\n\n\n<div class=\"wp-block-image\">\n<figure class=\"aligncenter size-full\"><img loading=\"lazy\" decoding=\"async\" width=\"550\" height=\"350\" src=\"http:\/\/universofamilia.com\/wp-content\/uploads\/sites\/148\/2023\/06\/POST-DIFICULDADE-DE-OUVIR-universo-familia-2.png\" alt=\"\" class=\"wp-image-2208\" srcset=\"https:\/\/universofamilia.com\/wp-content\/uploads\/sites\/148\/2023\/06\/POST-DIFICULDADE-DE-OUVIR-universo-familia-2.png 550w, https:\/\/universofamilia.com\/wp-content\/uploads\/sites\/148\/2023\/06\/POST-DIFICULDADE-DE-OUVIR-universo-familia-2-300x191.png 300w\" sizes=\"(max-width: 550px) 100vw, 550px\" \/><\/figure><\/div>\n\n\n<p>Identificar dificuldades auditivas em crian\u00e7as pode ser um desafio, pois os sintomas podem variar dependendo da gravidade do problema. Aqui est\u00e3o alguns sinais comuns a serem observados:<\/p>\n\n\n\n<p><strong>Fala tardia<\/strong>:Crian\u00e7as com dificuldades auditivas frequentemente apresentam atrasos significativos na aquisi\u00e7\u00e3o da linguagem e n\u00e3o desenvolvimento da linguagem.<\/p>\n\n\n\n<p><strong>Dificuldade em seguir instru\u00e7\u00f5es<\/strong>:Se uma crian\u00e7a n\u00e3o responde adequadamente a comandos verbais simples ou tem dificuldade em entender e seguir instru\u00e7\u00f5es, isso pode indicar um problema de audi\u00e7\u00e3o.<\/p>\n\n\n\n<p><strong>Volume da televis\u00e3o ou do r\u00e1dio excessivamente alto<\/strong>:Se uma crian\u00e7a sempre prefere aumentar o volume da televis\u00e3o ou do r\u00e1dio para um n\u00edvel desconfortavelmente alto, pode ser um sinal de que ela tem dificuldade para ouvir.<\/p>\n\n\n\n<p><strong>Problemas de concentra\u00e7\u00e3o<\/strong>:Crian\u00e7as com dificuldades auditivas podem ter dificuldade de concentra\u00e7\u00e3o na sala de aula ou em ambientes barulhentos, devido \u00e0 sobrecarga sensorial.<\/p>\n\n\n\n<p><strong>Atrasos no fracasso e no n\u00e3o desenvolvimento da linguagem<\/strong>:Al\u00e9m do atraso na fala, as crian\u00e7as podem ter dificuldades em articular palavras corretamente ou em entender e usar a linguagem corretamente.<\/p>\n\n\n<div class=\"wp-block-image\">\n<figure class=\"aligncenter size-full\"><img loading=\"lazy\" decoding=\"async\" width=\"550\" height=\"350\" src=\"http:\/\/universofamilia.com\/wp-content\/uploads\/sites\/148\/2023\/06\/POST-DIFICULDADE-DE-OUVIR-universo-familia-1.png\" alt=\"\" class=\"wp-image-2209\" srcset=\"https:\/\/universofamilia.com\/wp-content\/uploads\/sites\/148\/2023\/06\/POST-DIFICULDADE-DE-OUVIR-universo-familia-1.png 550w, https:\/\/universofamilia.com\/wp-content\/uploads\/sites\/148\/2023\/06\/POST-DIFICULDADE-DE-OUVIR-universo-familia-1-300x191.png 300w\" sizes=\"(max-width: 550px) 100vw, 550px\" \/><\/figure><\/div>\n\n\n<h4 class=\"wp-block-heading\">Cuidados para crian\u00e7as com dificuldades auditivas<\/h4>\n\n\n\n<p>Se voc\u00ea suspeita que seu filho est\u00e1 enfrentando dificuldades auditivas, \u00e9 importante buscar atendimento adequado ou o m\u00e1ximo poss\u00edvel. Em resumo, aqui est\u00e3o algumas medidas importantes a serem tomadas:<\/p>\n\n\n\n<p><strong>Consulte um especialista<\/strong>: Agende uma consulta com um otorrinolaringologista ou fonoaudi\u00f3logo especializado em audi\u00e7\u00e3o infantil. Eles podem realizar testes e exames para validar a audi\u00e7\u00e3o das crian\u00e7as e determinar o grau de dificuldade.<\/p>\n\n\n\n<p><strong>Ambiente favor\u00e1vel<\/strong>: Crie um ambiente favor\u00e1vel em casa e na escola para crian\u00e7as com dificuldades auditivas. Reduza o ru\u00eddo de fundo, olhe para frente para falar e use a linguagem corporal para auxiliar na comunica\u00e7\u00e3o.<\/p>\n\n\n\n<p><strong>Apoio educacional<\/strong>Crian\u00e7as com dificuldades auditivas podem se beneficiar de interven\u00e7\u00f5es educacionais especializadas, como salas de apoio ou terapia da fala. Portanto, essas interven\u00e7\u00f5es podem ajudar a desenvolver habilidades de comunica\u00e7\u00e3o e minimizar o impacto de dificuldades auditivas n\u00e3o aprendidas.<\/p>\n\n\n\n<p><strong>Apoio emocional<\/strong>: Lidar com dificuldades auditivas pode ser desafiador tanto para as crian\u00e7as quanto para as fam\u00edlias. Em suma, \u00e9 essencial oferecer apoio emocional adequado. Por fim, certifique-se de que as crian\u00e7as se sintam compreendidas, encorajadas e valorizadas.<\/p>\n\n\n\n<p>Al\u00e9m disso, comunicar-se abertamente sobre dificuldades auditivas e buscar recursos de apoio, como grupos de apoio ou terapia familiar, pode ser muito \u00fatil.<\/p>\n\n\n\n<p><strong>Tecnologias assistivas<\/strong>: Em muitos casos, o uso de tecnologias assistivas, como aparelhos auditivos ou implantes cocleares, pode melhorar significativamente a audi\u00e7\u00e3o das crian\u00e7as. Consulte um profissional especializado para determinar qual op\u00e7\u00e3o \u00e9 mais adequada ao caso do seu filho.<\/p>\n\n\n\n<h4 class=\"wp-block-heading\">Diagn\u00f3stico de Dificuldade Auditiva em Crian\u00e7as<\/h4>\n\n\n<div class=\"wp-block-image\">\n<figure class=\"aligncenter size-full\"><img loading=\"lazy\" decoding=\"async\" width=\"550\" height=\"350\" src=\"http:\/\/universofamilia.com\/wp-content\/uploads\/sites\/148\/2023\/06\/POST-DIFICULDADE-DE-OUVIR-universo-familia-.png\" alt=\"\" class=\"wp-image-2210\" srcset=\"https:\/\/universofamilia.com\/wp-content\/uploads\/sites\/148\/2023\/06\/POST-DIFICULDADE-DE-OUVIR-universo-familia-.png 550w, https:\/\/universofamilia.com\/wp-content\/uploads\/sites\/148\/2023\/06\/POST-DIFICULDADE-DE-OUVIR-universo-familia--300x191.png 300w\" sizes=\"(max-width: 550px) 100vw, 550px\" \/><\/figure><\/div>\n\n\n<p>Para um diagn\u00f3stico preciso de dificuldades auditivas em crian\u00e7as, diferentes testes e exames devem ser realizados. Aqui est\u00e3o algumas das t\u00e9cnicas de diagn\u00f3stico mais comuns:<\/p>\n\n\n\n<p><strong>Testes de triagem auditiva<\/strong>Esses testes r\u00e1pidos e n\u00e3o invasivos s\u00e3o usados apenas para identificar poss\u00edveis problemas auditivos em rec\u00e9m-nascidos e crian\u00e7as pequenas. Geralmente, envolvem a apresenta\u00e7\u00e3o de sons e a observa\u00e7\u00e3o de respostas auditivas.<\/p>\n\n\n\n<p><strong>Audiometria<\/strong>: A audiometria \u00e9 um teste que mede a audi\u00e7\u00e3o e a capacidade de distinguir diferentes sons. \u00c9 realizado por um fonoaudi\u00f3logo e pode ser adaptado \u00e0 personalidade e \u00e0s habilidades da crian\u00e7a.<\/p>\n\n\n\n<p><strong>Potenciais Evocados Auditivos<\/strong>: Esses testes registram a atividade el\u00e9trica do c\u00e9rebro em resposta a est\u00edmulos sonoros. Eles ajudam a avaliar a integridade do sistema auditivo e a identificar poss\u00edveis disfun\u00e7\u00f5es.<\/p>\n\n\n\n<p><strong>Suporte de linguagem e desenvolvimento<\/strong>Al\u00e9m de dois testes auditivos, \u00e9 importante realizar uma avalia\u00e7\u00e3o abrangente do desenvolvimento da linguagem e das habilidades de comunica\u00e7\u00e3o da crian\u00e7a. Isso pode envolver avalia\u00e7\u00f5es padronizadas, observa\u00e7\u00f5es cl\u00ednicas e question\u00e1rios para o pa\u00eds.<\/p>\n\n\n\n<h4 class=\"wp-block-heading\">Conclus\u00e3o<\/h4>\n\n\n\n<p>A dificuldade auditiva em crian\u00e7as pode ter um impacto significativo no seu desenvolvimento geral e no seu desempenho acad\u00eamico. \u00c9 essencial estar atento aos sinais de dificuldade auditiva e procurar atendimento adequado ou o mais r\u00e1pido poss\u00edvel.<\/p>\n\n\n\n<p>Em suma, consultar profissionais especializados, criar um ambiente favor\u00e1vel, oferecer suporte educacional e emocional, al\u00e9m do uso de tecnologias assistivas, s\u00e3o medidas importantes para ajudar as crian\u00e7as a superar os desafios associados \u00e0s dificuldades auditivas.<\/p>\n\n\n\n<p>Pois, um diagn\u00f3stico preciso e uma interven\u00e7\u00e3o precoce podem fazer a diferen\u00e7a no desenvolvimento lingu\u00edstico e n\u00e3o ser generalizado em crian\u00e7as, permitindo que elas alcancem seu potencial m\u00e1ximo.<\/p>\n\n\n<div class=\"wp-block-image\">\n<figure class=\"aligncenter size-full\"><img loading=\"lazy\" decoding=\"async\" width=\"550\" height=\"350\" src=\"http:\/\/universofamilia.com\/wp-content\/uploads\/sites\/148\/2023\/06\/POST-DIFICULDADE-DE-OUVIR-universo-familia-3.png\" alt=\"\" class=\"wp-image-2215\" srcset=\"https:\/\/universofamilia.com\/wp-content\/uploads\/sites\/148\/2023\/06\/POST-DIFICULDADE-DE-OUVIR-universo-familia-3.png 550w, https:\/\/universofamilia.com\/wp-content\/uploads\/sites\/148\/2023\/06\/POST-DIFICULDADE-DE-OUVIR-universo-familia-3-300x191.png 300w\" sizes=\"(max-width: 550px) 100vw, 550px\" \/><\/figure><\/div>\n\n\n<blockquote class=\"wp-block-quote\">\n<h5 class=\"wp-block-heading\"><em>Observa\u00e7\u00f5es: Os materiais e informa\u00e7\u00f5es da p\u00e1gina Universo Fam\u00edlia n\u00e3o se destinam ao diagn\u00f3stico m\u00e9dico e nem devem ser utilizados como tal. <strong>Voc\u00ea deve sempre consultar um m\u00e9dico ou profissional de sa\u00fade qualificado sobre suas reais necessidades.<\/strong>.<\/em><\/h5>\n<\/blockquote>\n\n\n\n<h4 class=\"wp-block-heading\">Fontes para pesquisa<\/h4>\n\n\n\n<p>Ao criar um texto com informa\u00e7\u00f5es sobre a dificuldade de ouvir em crian\u00e7as, \u00e9 importante base\u00e1-lo em fontes confi\u00e1veis e atualizadas. Aqui est\u00e3o algumas fontes sugeridas que voc\u00ea pode usar para pesquisar mais sobre o tema:<\/p>\n\n\n\n<p>Associa\u00e7\u00e3o Americana de Fala, Linguagem e Audi\u00e7\u00e3o (ASHA) \u2013 A ASHA \u00e9 uma organiza\u00e7\u00e3o profissional que fornece recursos e informa\u00e7\u00f5es sobre fala, linguagem e audi\u00e7\u00e3o. O site (https:\/\/www.asha.org\/) cont\u00e9m artigos, guias e pesquisas relacionadas a dificuldades auditivas em crian\u00e7as.<\/p>\n\n\n\n<p>Centros de Controle e Preven\u00e7\u00e3o de Doen\u00e7as (CDC) \u2013 O CDC \u00e9 uma ag\u00eancia de sa\u00fade dos Estados Unidos que fornece informa\u00e7\u00f5es abertas sobre uma ampla gama de condi\u00e7\u00f5es de sa\u00fade. O site do CDC (https:\/\/www.cdc.gov\/) pode ser uma fonte confi\u00e1vel para obter dados estat\u00edsticos, diretrizes de triagem auditiva e informa\u00e7\u00f5es sobre os impactos das dificuldades auditivas em crian\u00e7as.<\/p>\n\n\n\n<p>Academia Americana de Pediatria (AAP) \u2013 A AAP \u00e9 uma organiza\u00e7\u00e3o dedicada \u00e0 sa\u00fade infantil e fornece orienta\u00e7\u00e3o cl\u00ednica a m\u00e9dicos e fam\u00edlias. O site da AAP (https:\/\/www.aap.org\/) cont\u00e9m informa\u00e7\u00f5es sobre avalia\u00e7\u00e3o, diagn\u00f3stico e tratamento de dificuldades auditivas em crian\u00e7as.<\/p>\n\n\n\n<p>Instituto Nacional de Surdez e Outros Dist\u00farbios da Comunica\u00e7\u00e3o (NIDCD) \u2013 O NIDCD \u00e9 um instituto de pesquisa do governo dos Estados Unidos que se concentra em quest\u00f5es relacionadas a dist\u00farbios de audi\u00e7\u00e3o, comunica\u00e7\u00e3o e linguagem. Al\u00e9m disso, o site do NIDCD (https:\/\/www.nidcd.nih.gov\/) oferece recursos e informa\u00e7\u00f5es atualizadas sobre dificuldades auditivas em crian\u00e7as.<\/p>\n\n\n\n<p>Organiza\u00e7\u00e3o Mundial da Sa\u00fade (OMS) \u2013 A OMS \u00e9 uma ag\u00eancia especializada das Na\u00e7\u00f5es Unidas que trabalha para promover a sa\u00fade global. O site da OMS (https:\/\/www.who.int\/) fornece informa\u00e7\u00f5es sobre a preval\u00eancia, o impacto e as estrat\u00e9gias de interven\u00e7\u00e3o relacionadas \u00e0s dificuldades auditivas em crian\u00e7as em n\u00edvel global.<\/p>\n\n\n\n<p>Por isso, \u00e9 sempre necess\u00e1rio verificar a credibilidade das fontes, buscando informa\u00e7\u00f5es em organiza\u00e7\u00f5es e institui\u00e7\u00f5es consolidadas na \u00e1rea de pesquisa em sa\u00fade e audi\u00e7\u00e3o.<\/p>","protected":false},"excerpt":{"rendered":"<p>Dificuldade auditiva em crian\u00e7as: sintomas, cuidados e diagn\u00f3stico. A audi\u00e7\u00e3o desempenha um papel crucial no desenvolvimento da aprendizagem infantil.<\/p>\n<p>Infelizmente, algumas crian\u00e7as enfrentam dificuldades auditivas, o que pode afetar negativamente sua qualidade de vida e desempenho acad\u00eamico.<\/p>\n<p>Neste artigo, abordaremos os sintomas de dificuldade auditiva em crian\u00e7as, os cuidados necess\u00e1rios e como fazer um diagn\u00f3stico adequado.<\/p>","protected":false},"author":0,"featured_media":2216,"comment_status":"open","ping_status":"open","sticky":false,"template":"","format":"standard","meta":{"footnotes":""},"categories":[5],"tags":[580,775,1437],"yoast_head":"<!-- This site is optimized with the Yoast SEO plugin v23.3 - https:\/\/yoast.com\/wordpress\/plugins\/seo\/ -->\n<title>Dificuldade de Audi\u00e7\u00e3o em Crian\u00e7as: Sintomas, Cuidados e Diagn\u00f3stico - Universo Fam\u00edlia<\/title>\n<meta name=\"description\" content=\"Dificuldade de Audi\u00e7\u00e3o em Crian\u00e7as,\" \/>\n<meta name=\"robots\" content=\"index, follow, max-snippet:-1, max-image-preview:large, max-video-preview:-1\" \/>\n<link rel=\"canonical\" href=\"https:\/\/universofamilia.com\/pt_pt\/dificuldade-de-audicao-em-criancas\/\" \/>\n<meta property=\"og:locale\" content=\"pt_PT\" \/>\n<meta property=\"og:type\" content=\"article\" \/>\n<meta property=\"og:title\" content=\"Dificuldade de Audi\u00e7\u00e3o em Crian\u00e7as: Sintomas, Cuidados e Diagn\u00f3stico - Universo Fam\u00edlia\" \/>\n<meta property=\"og:description\" content=\"Dificuldade de Audi\u00e7\u00e3o em Crian\u00e7as,\" \/>\n<meta property=\"og:url\" content=\"https:\/\/universofamilia.com\/pt_pt\/dificuldade-de-audicao-em-criancas\/\" \/>\n<meta property=\"og:site_name\" content=\"Universo Fam\u00edlia\" \/>\n<meta property=\"article:published_time\" content=\"2023-06-03T02:02:38+00:00\" \/>\n<meta property=\"og:image\" content=\"https:\/\/universofamilia.com\/wp-content\/uploads\/sites\/148\/2023\/06\/FOTO-DESTAQUE-DIFICULDADE-DE-OUVIR-universo-familia-448x350-1-1.png\" \/>\n\t<meta property=\"og:image:width\" content=\"448\" \/>\n\t<meta property=\"og:image:height\" content=\"350\" \/>\n\t<meta property=\"og:image:type\" content=\"image\/png\" \/>\n<meta name=\"twitter:card\" content=\"summary_large_image\" \/>\n<meta name=\"twitter:label1\" content=\"Est. reading time\" \/>\n\t<meta name=\"twitter:data1\" content=\"7 minutos\" \/>\n<script type=\"application\/ld+json\" class=\"yoast-schema-graph\">{\"@context\":\"https:\/\/schema.org\",\"@graph\":[{\"@type\":\"WebPage\",\"@id\":\"https:\/\/universofamilia.com\/bg\/dificuldade-de-audicao-em-criancas\/\",\"url\":\"https:\/\/universofamilia.com\/bg\/dificuldade-de-audicao-em-criancas\/\",\"name\":\"Dificuldade de Audi\u00e7\u00e3o em Crian\u00e7as: Sintomas, Cuidados e Diagn\u00f3stico - Universo Fam\u00edlia\",\"isPartOf\":{\"@id\":\"https:\/\/universofamilia.com\/el\/#website\"},\"primaryImageOfPage\":{\"@id\":\"https:\/\/universofamilia.com\/bg\/dificuldade-de-audicao-em-criancas\/#primaryimage\"},\"image\":{\"@id\":\"https:\/\/universofamilia.com\/bg\/dificuldade-de-audicao-em-criancas\/#primaryimage\"},\"thumbnailUrl\":\"https:\/\/universofamilia.com\/wp-content\/uploads\/sites\/148\/2023\/06\/FOTO-DESTAQUE-DIFICULDADE-DE-OUVIR-universo-familia-448x350-1-1.png\",\"datePublished\":\"2023-06-03T02:02:38+00:00\",\"dateModified\":\"2023-06-03T02:02:38+00:00\",\"author\":{\"@id\":\"\"},\"description\":\"Dificuldade de Audi\u00e7\u00e3o em Crian\u00e7as,\",\"breadcrumb\":{\"@id\":\"https:\/\/universofamilia.com\/bg\/dificuldade-de-audicao-em-criancas\/#breadcrumb\"},\"inLanguage\":\"pt-PT\",\"potentialAction\":[{\"@type\":\"ReadAction\",\"target\":[\"https:\/\/universofamilia.com\/bg\/dificuldade-de-audicao-em-criancas\/\"]}]},{\"@type\":\"ImageObject\",\"inLanguage\":\"pt-PT\",\"@id\":\"https:\/\/universofamilia.com\/bg\/dificuldade-de-audicao-em-criancas\/#primaryimage\",\"url\":\"https:\/\/universofamilia.com\/wp-content\/uploads\/sites\/148\/2023\/06\/FOTO-DESTAQUE-DIFICULDADE-DE-OUVIR-universo-familia-448x350-1-1.png\",\"contentUrl\":\"https:\/\/universofamilia.com\/wp-content\/uploads\/sites\/148\/2023\/06\/FOTO-DESTAQUE-DIFICULDADE-DE-OUVIR-universo-familia-448x350-1-1.png\",\"width\":448,\"height\":350},{\"@type\":\"BreadcrumbList\",\"@id\":\"https:\/\/universofamilia.com\/bg\/dificuldade-de-audicao-em-criancas\/#breadcrumb\",\"itemListElement\":[{\"@type\":\"ListItem\",\"position\":1,\"name\":\"Home\",\"item\":\"https:\/\/universofamilia.com\/el\/\"},{\"@type\":\"ListItem\",\"position\":2,\"name\":\"Dificuldade de Audi\u00e7\u00e3o em Crian\u00e7as: Sintomas, Cuidados e Diagn\u00f3stico\"}]},{\"@type\":\"WebSite\",\"@id\":\"https:\/\/universofamilia.com\/el\/#website\",\"url\":\"https:\/\/universofamilia.com\/el\/\",\"name\":\"Universo Fam\u00edlia\",\"description\":\"\",\"potentialAction\":[{\"@type\":\"SearchAction\",\"target\":{\"@type\":\"EntryPoint\",\"urlTemplate\":\"https:\/\/universofamilia.com\/el\/?s={search_term_string}\"},\"query-input\":\"required name=search_term_string\"}],\"inLanguage\":\"pt-PT\"}]}<\/script>\n<!-- \/ Yoast SEO plugin. -->","yoast_head_json":{"title":"Dificuldade de Audi\u00e7\u00e3o em Crian\u00e7as: Sintomas, Cuidados e Diagn\u00f3stico - Universo Fam\u00edlia","description":"Dificuldade de Audi\u00e7\u00e3o em Crian\u00e7as,","robots":{"index":"index","follow":"follow","max-snippet":"max-snippet:-1","max-image-preview":"max-image-preview:large","max-video-preview":"max-video-preview:-1"},"canonical":"https:\/\/universofamilia.com\/pt_pt\/dificuldade-de-audicao-em-criancas\/","og_locale":"pt_PT","og_type":"article","og_title":"Dificuldade de Audi\u00e7\u00e3o em Crian\u00e7as: Sintomas, Cuidados e Diagn\u00f3stico - Universo Fam\u00edlia","og_description":"Dificuldade de Audi\u00e7\u00e3o em Crian\u00e7as,","og_url":"https:\/\/universofamilia.com\/pt_pt\/dificuldade-de-audicao-em-criancas\/","og_site_name":"Universo Fam\u00edlia","article_published_time":"2023-06-03T02:02:38+00:00","og_image":[{"width":448,"height":350,"url":"https:\/\/universofamilia.com\/wp-content\/uploads\/sites\/148\/2023\/06\/FOTO-DESTAQUE-DIFICULDADE-DE-OUVIR-universo-familia-448x350-1-1.png","type":"image\/png"}],"twitter_card":"summary_large_image","twitter_misc":{"Est. reading time":"7 minutos"},"schema":{"@context":"https:\/\/schema.org","@graph":[{"@type":"WebPage","@id":"https:\/\/universofamilia.com\/bg\/dificuldade-de-audicao-em-criancas\/","url":"https:\/\/universofamilia.com\/bg\/dificuldade-de-audicao-em-criancas\/","name":"Dificuldade de Audi\u00e7\u00e3o em Crian\u00e7as: Sintomas, Cuidados e Diagn\u00f3stico - Universo Fam\u00edlia","isPartOf":{"@id":"https:\/\/universofamilia.com\/el\/#website"},"primaryImageOfPage":{"@id":"https:\/\/universofamilia.com\/bg\/dificuldade-de-audicao-em-criancas\/#primaryimage"},"image":{"@id":"https:\/\/universofamilia.com\/bg\/dificuldade-de-audicao-em-criancas\/#primaryimage"},"thumbnailUrl":"https:\/\/universofamilia.com\/wp-content\/uploads\/sites\/148\/2023\/06\/FOTO-DESTAQUE-DIFICULDADE-DE-OUVIR-universo-familia-448x350-1-1.png","datePublished":"2023-06-03T02:02:38+00:00","dateModified":"2023-06-03T02:02:38+00:00","author":{"@id":""},"description":"Dificuldade de Audi\u00e7\u00e3o em Crian\u00e7as,","breadcrumb":{"@id":"https:\/\/universofamilia.com\/bg\/dificuldade-de-audicao-em-criancas\/#breadcrumb"},"inLanguage":"pt-PT","potentialAction":[{"@type":"ReadAction","target":["https:\/\/universofamilia.com\/bg\/dificuldade-de-audicao-em-criancas\/"]}]},{"@type":"ImageObject","inLanguage":"pt-PT","@id":"https:\/\/universofamilia.com\/bg\/dificuldade-de-audicao-em-criancas\/#primaryimage","url":"https:\/\/universofamilia.com\/wp-content\/uploads\/sites\/148\/2023\/06\/FOTO-DESTAQUE-DIFICULDADE-DE-OUVIR-universo-familia-448x350-1-1.png","contentUrl":"https:\/\/universofamilia.com\/wp-content\/uploads\/sites\/148\/2023\/06\/FOTO-DESTAQUE-DIFICULDADE-DE-OUVIR-universo-familia-448x350-1-1.png","width":448,"height":350},{"@type":"BreadcrumbList","@id":"https:\/\/universofamilia.com\/bg\/dificuldade-de-audicao-em-criancas\/#breadcrumb","itemListElement":[{"@type":"ListItem","position":1,"name":"Home","item":"https:\/\/universofamilia.com\/el\/"},{"@type":"ListItem","position":2,"name":"Dificuldade de Audi\u00e7\u00e3o em Crian\u00e7as: Sintomas, Cuidados e Diagn\u00f3stico"}]},{"@type":"WebSite","@id":"https:\/\/universofamilia.com\/el\/#website","url":"https:\/\/universofamilia.com\/el\/","name":"Universo Fam\u00edlia","description":"","potentialAction":[{"@type":"SearchAction","target":{"@type":"EntryPoint","urlTemplate":"https:\/\/universofamilia.com\/el\/?s={search_term_string}"},"query-input":"required name=search_term_string"}],"inLanguage":"pt-PT"}]}},"_links":{"self":[{"href":"https:\/\/universofamilia.com\/pt_pt\/wp-json\/wp\/v2\/posts\/2207"}],"collection":[{"href":"https:\/\/universofamilia.com\/pt_pt\/wp-json\/wp\/v2\/posts"}],"about":[{"href":"https:\/\/universofamilia.com\/pt_pt\/wp-json\/wp\/v2\/types\/post"}],"replies":[{"embeddable":true,"href":"https:\/\/universofamilia.com\/pt_pt\/wp-json\/wp\/v2\/comments?post=2207"}],"version-history":[{"count":0,"href":"https:\/\/universofamilia.com\/pt_pt\/wp-json\/wp\/v2\/posts\/2207\/revisions"}],"wp:featuredmedia":[{"embeddable":true,"href":"https:\/\/universofamilia.com\/pt_pt\/wp-json\/wp\/v2\/media\/2216"}],"wp:attachment":[{"href":"https:\/\/universofamilia.com\/pt_pt\/wp-json\/wp\/v2\/media?parent=2207"}],"wp:term":[{"taxonomy":"category","embeddable":true,"href":"https:\/\/universofamilia.com\/pt_pt\/wp-json\/wp\/v2\/categories?post=2207"},{"taxonomy":"post_tag","embeddable":true,"href":"https:\/\/universofamilia.com\/pt_pt\/wp-json\/wp\/v2\/tags?post=2207"}],"curies":[{"name":"wp","href":"https:\/\/api.w.org\/{rel}","templated":true}]}}