{"id":3622,"date":"2023-08-23T08:00:00","date_gmt":"2023-08-23T11:00:00","guid":{"rendered":"https:\/\/universofamilia.com\/?p=3622"},"modified":"2025-01-22T01:29:10","modified_gmt":"2025-01-22T01:29:10","slug":"cantando-para-nossos-bebes","status":"publish","type":"post","link":"https:\/\/universofamilia.com\/pt_pt\/cantando-para-nossos-bebes\/","title":{"rendered":"Cantando para Nossos Beb\u00eas: 5 M\u00fasicas com Letras Encantadoras e Origens Cativantes"},"content":{"rendered":"<p>Cantando para nossos beb\u00eas, 5 m\u00fasicas com letras encantadoras e origens cativantes. O poder da m\u00fasica \u00e9 inestim\u00e1vel, especialmente quando se trata de acalmar e conectar nossos pequenos.<\/p>\n\n\n\n<p>Cantar para beb\u00eas n\u00e3o \u00e9 apenas uma maneira de criar la\u00e7os emocionais, mas tamb\u00e9m de estimular o desenvolvimento cognitivo e emocional.<\/p>\n\n\n\n<p>De uma forma divertida, vamos mostrar cinco m\u00fasicas populares para cantar para beb\u00eas, incluindo suas letras cativantes e as hist\u00f3rias fascinantes por tr\u00e1s de suas origens.<\/p>\n\n\n<div class=\"wp-block-image\">\n<figure class=\"aligncenter size-full\"><img loading=\"lazy\" decoding=\"async\" width=\"550\" height=\"350\" src=\"http:\/\/universofamilia.com\/wp-content\/uploads\/sites\/148\/2023\/08\/POST-Cantando-para-as-criancas-universo-familia-.png\" alt=\"\" class=\"wp-image-3623\" srcset=\"https:\/\/universofamilia.com\/wp-content\/uploads\/sites\/148\/2023\/08\/POST-Cantando-para-as-criancas-universo-familia-.png 550w, https:\/\/universofamilia.com\/wp-content\/uploads\/sites\/148\/2023\/08\/POST-Cantando-para-as-criancas-universo-familia--300x191.png 300w\" sizes=\"(max-width: 550px) 100vw, 550px\" \/><figcaption class=\"wp-element-caption\"><em>Foto: (reprodu\u00e7\u00e3o\/internet)<\/em><\/figcaption><\/figure><\/div>\n\n\n<h3 class=\"wp-block-heading\">1. \u201cBoa Noite, Amiguinho\u201d \u2013 Uma melodia carinhosa para dormir<\/h3>\n\n\n\n<h4 class=\"wp-block-heading\">Origem e Significado<\/h4>\n\n\n\n<p>A m\u00fasica &quot;Boa Noite, Amiguinho&quot; \u00e9 uma can\u00e7\u00e3o tradicional ninar que encanta. Com uma melodia suave e letras carinhosas, essa can\u00e7\u00e3o era cantada por crian\u00e7as para acalmar seus beb\u00eas antes de dormir.<\/p>\n\n\n\n<p>A simplicidade das palavras e a ternura da melodia fazem dela uma escola querida para transmitir carinho e tranquilidade aos pequenos.<\/p>\n\n\n\n<h4 class=\"wp-block-heading\">Carta:<\/h4>\n\n\n\n<div class=\"wp-block-columns is-layout-flex wp-container-core-columns-layout-1 wp-block-columns-is-layout-flex\">\n<div class=\"wp-block-column is-layout-flow wp-block-column-is-layout-flow\" style=\"flex-basis:100%\">\n<div class=\"wp-block-group is-layout-constrained wp-block-group-is-layout-constrained\"><div class=\"wp-block-group__inner-container\">\n<p>\u201cBoa noite, meu amigo.\u201d<\/p>\n\n\n\n<p>Est\u00e1 na hora de dormir agora.<\/p>\n\n\n\n<p>A lua j\u00e1 chegou<\/p>\n\n\n\n<p>E as estrelas v\u00e3o nascer<\/p>\n\n\n\n<p>Boa noite meu amigo<\/p>\n\n\n\n<p>O c\u00e9u j\u00e1 vai clarear<\/p>\n\n\n\n<p>Com lindos sonhos<\/p>\n\n\n\n<p>&quot;O que voc\u00ea vai levar?&quot;<\/p>\n<\/div><\/div>\n<\/div>\n<\/div>\n\n\n\n<h3 class=\"wp-block-heading\">2. \u201cO Barquinho\u201d \u2013 Navegando por \u00c1guas Calmas e Serenas<\/h3>\n\n\n\n<h4 class=\"wp-block-heading\">Origem e Significado<\/h4>\n\n\n\n<p>A melodia &quot;O Barquinho&quot; nos transporta para um dia tranquilo no mar da imagina\u00e7\u00e3o. Com origem em can\u00e7\u00f5es folcl\u00f3ricas, esta m\u00fasica simboliza a calma e a paz que um barco navegando em \u00e1guas calmas pode trazer.<\/p>\n\n\n\n<p>Sua melodia suave e letras suaves se tornam uma can\u00e7\u00e3o popular para acalmar beb\u00eas e inspirar sonhos serenos.<\/p>\n\n\n\n<h4 class=\"wp-block-heading\">Carta:<\/h4>\n\n\n\n<div class=\"wp-block-columns is-layout-flex wp-container-core-columns-layout-2 wp-block-columns-is-layout-flex\">\n<div class=\"wp-block-column is-layout-flow wp-block-column-is-layout-flow\" style=\"flex-basis:100%\">\n<div class=\"wp-block-group is-layout-constrained wp-block-group-is-layout-constrained\"><div class=\"wp-block-group__inner-container\">\n<p>\u201cO barquinho vai, a tardinha cai<\/p>\n\n\n\n<p>O sol j\u00e1 vai embora, o dia findou<\/p>\n\n\n\n<p>O barquinho vai, a tardinha cai<\/p>\n\n\n\n<p>\u201cO sol j\u00e1 vai embora, o dia findou\u201d<\/p>\n<\/div><\/div>\n<\/div>\n<\/div>\n\n\n\n<h3 class=\"wp-block-heading\">3. \u201cDorme, nen\u00e9m\u201d \u2013 A Convite para o Soninho Tranquilo<\/h3>\n\n\n\n<h4 class=\"wp-block-heading\">Origem e Significado<\/h4>\n\n\n\n<p>\u201cDorme, nen\u00e9m\u201d \u00e9 uma can\u00e7\u00e3o que exala calma e conforto. Com origens em tradi\u00e7\u00f5es culturais, esta melodia \u00e9 um mimo suave para o seu beb\u00ea adormecer em paz.<\/p>\n\n\n\n<p>As palavras suaves e a melodia envolvente fazem desta m\u00fasica uma escola popular em todo o mundo, transmitindo amor e carinho.<\/p>\n\n\n\n<h4 class=\"wp-block-heading\">Carta:<\/h4>\n\n\n\n<div class=\"wp-block-group is-layout-constrained wp-block-group-is-layout-constrained\"><div class=\"wp-block-group__inner-container\">\n<p>\u201cDurma, nen\u00e9m, vamos bater na cuca<\/p>\n\n\n\n<p>Papai era para ro\u00e7a, mam\u00e3e era para trabalhar<\/p>\n\n\n\n<p>Vai dormir, meu amor, que eu vou bater na cuca<\/p>\n\n\n\n<p>Papai era para ro\u00e7a, mam\u00e3e era para trabalhar<\/p>\n<\/div><\/div>\n\n\n\n<h3 class=\"wp-block-heading\">4. \u201cBorboletinha\u201d \u2013 Can\u00e7\u00e3o de Encantamento e Brincadeira<\/h3>\n\n\n\n<h4 class=\"wp-block-heading\">Origem e Significado<\/h4>\n\n\n\n<p>&quot;Borboletinha&quot; \u00e9 uma can\u00e7\u00e3o infantil que combina m\u00fasica e pulos. Com uma melodia alegre e uma letra que estimula a imagina\u00e7\u00e3o, esta m\u00fasica \u00e9 uma can\u00e7\u00e3o popular para cantar para beb\u00eas.<\/p>\n\n\n\n<p>A refer\u00eancia \u00e0 bolha que vai de flor em flor \u00e9 uma met\u00e1fora para a explora\u00e7\u00e3o e a curiosidade das crian\u00e7as em crescimento.<\/p>\n\n\n\n<h4 class=\"wp-block-heading\">Carta:<\/h4>\n\n\n\n<div class=\"wp-block-group is-layout-constrained wp-block-group-is-layout-constrained\"><div class=\"wp-block-group__inner-container\">\n<p>\u201cA Borboletinha est\u00e1 na cozinha<\/p>\n\n\n\n<p>Fazendo chocolate com uma madrinha<\/p>\n\n\n\n<p>Voc\u00ea est\u00e1 fazendo isso, voc\u00ea est\u00e1 fazendo isso, voc\u00ea est\u00e1 fazendo isso, voc\u00ea est\u00e1 fazendo isso<\/p>\n\n\n\n<p>\u201cA canela \u00e9 quente, vai queimar?\u201d<\/p>\n<\/div><\/div>\n\n\n\n<h3 class=\"wp-block-heading\">5. \u201cAcalanto\u201d \u2013 Uma Melodia Envolvente para Sonhos<\/h3>\n\n\n\n<h4 class=\"wp-block-heading\">Origem e Significado<\/h4>\n\n\n\n<p>\u201cAcalanto\u201d \u00e9 uma can\u00e7\u00e3o infantil que transcende fronteiras culturais. Com uma melodia envolvente e uma letra que transmite serenidade, esta can\u00e7\u00e3o \u00e9 uma express\u00e3o de amor e carinho de cuidadores de beb\u00eas.<\/p>\n\n\n\n<p>A palavra \u201cacalanto\u201d refere-se ao processo de aquecimento e compacta\u00e7\u00e3o, tornando esta m\u00fasica uma escolha natural para momentos de tranquilidade.<\/p>\n\n\n\n<h4 class=\"wp-block-heading\">Carta:<\/h4>\n\n\n\n<div class=\"wp-block-group is-layout-constrained wp-block-group-is-layout-constrained\"><div class=\"wp-block-group__inner-container\">\n<p>\u201cDurma, meu menino, meu acalanto<\/p>\n\n\n\n<p>Que a noite est\u00e1 chegando<\/p>\n\n\n\n<p>O sol vai se deliciar<\/p>\n\n\n\n<p>Dorme, meu menino, meu acalanto<\/p>\n\n\n\n<p>Que a noite est\u00e1 chegando<\/p>\n\n\n\n<p>O sol se deleitar\u00e1\u201d<\/p>\n<\/div><\/div>\n\n\n\n<h3 class=\"wp-block-heading\">Conclus\u00e3o: Uma Serenata de Amor para os Pequeninos<\/h3>\n\n\n\n<p>Cantar para beb\u00eas \u00e9 uma tradi\u00e7\u00e3o repleta de significado e carinho. A m\u00fasica infantil n\u00e3o s\u00f3 proporciona conforto, como tamb\u00e9m estabelece um v\u00ednculo especial entre cuidadores e beb\u00eas.<\/p>\n\n\n\n<p>Ao cantar essas m\u00fasicas com hist\u00f3rias cativantes, estamos compartilhando um presente precioso: uma m\u00fasica que nutre o cora\u00e7\u00e3o e a mente dos nossos pequenos.<\/p>\n\n\n\n<h3 class=\"wp-block-heading\">Perguntas frequentes<\/h3>\n\n\n\n<h4 class=\"wp-block-heading\">1. Por que cantar para beb\u00eas \u00e9 importante?<\/h4>\n\n\n\n<p>Cantar para beb\u00eas ajuda a criar la\u00e7os emocionais, acalmar as crian\u00e7as e estimular o desenvolvimento cognitivo.<\/p>\n\n\n\n<h4 class=\"wp-block-heading\">2. Essa m\u00fasica \u00e9 espec\u00edfica de uma cultura?<\/h4>\n\n\n\n<p>Algumas m\u00fasicas t\u00eam origens espec\u00edficas, enquanto outras s\u00e3o cantadas em v\u00e1rias culturas ao redor do mundo.<\/p>\n\n\n\n<h4 class=\"wp-block-heading\">3. Como escolher a m\u00fasica certa para cantar para meu beb\u00ea?<\/h4>\n\n\n\n<p>Opte por m\u00fasicas com melodias e letras suaves. Observar a rea\u00e7\u00e3o do beb\u00ea pode ajudar a identificar qual m\u00fasica ele prefere.<\/p>\n\n\n\n<h4 class=\"wp-block-heading\">4. A m\u00fasica para beb\u00eas tem efeitos positivos?<\/h4>\n\n\n\n<p>Sim, a m\u00fasica para beb\u00eas pode ajudar a acalm\u00e1-lo e criar uma rotina relaxante antes de dormir.<\/p>\n\n\n\n<h4 class=\"wp-block-heading\">5. Al\u00e9m dessas m\u00fasicas, existem outras op\u00e7\u00f5es populares para cantar para beb\u00eas?<\/h4>\n\n\n\n<p>Sim, h\u00e1 uma variedade de tipos de m\u00fasica em diversas culturas, cada uma com suas pr\u00f3prias hist\u00f3rias e significados.<\/p>\n\n\n\n<p>Al\u00e9m disso, precisando de acess\u00f3rios e roupas, conhe\u00e7a |&nbsp;<a href=\"https:\/\/www.luzbaby.com.br\/\" target=\"_blank\" rel=\"noreferrer noopener\">A Luz Baby \u00e9 uma das melhores lojas de produtos infantis. Clique aqui<\/a><\/p>","protected":false},"excerpt":{"rendered":"<p>Cantando para nossos beb\u00eas, 5 m\u00fasicas com letras encantadoras e origens cativantes. O poder da m\u00fasica \u00e9 inestim\u00e1vel, especialmente quando se trata de acalmar e conectar nossos pequenos. Cantar para beb\u00eas n\u00e3o \u00e9 apenas uma forma de criar la\u00e7os emocionais, mas tamb\u00e9m de estimular o desenvolvimento cognitivo e emocional. De uma forma divertida, [\u2026]<\/p>","protected":false},"author":139,"featured_media":3625,"comment_status":"closed","ping_status":"open","sticky":false,"template":"","format":"standard","meta":{"footnotes":""},"categories":[3],"tags":[],"yoast_head":"<!-- This site is optimized with the Yoast SEO plugin v23.3 - https:\/\/yoast.com\/wordpress\/plugins\/seo\/ -->\n<title>Cantando para Nossos Beb\u00eas: 5 M\u00fasicas com Letras Encantadoras e Origens Cativantes - Universo Fam\u00edlia<\/title>\n<meta name=\"description\" content=\"Cantando para nossos beb\u00eas, 5 m\u00fasicas com letras encantadoras e origens cativantes. O poder da m\u00fasica \u00e9 ineg\u00e1vel, especialmente quando se trata de acalmar\" \/>\n<meta name=\"robots\" content=\"index, follow, max-snippet:-1, max-image-preview:large, max-video-preview:-1\" \/>\n<link rel=\"canonical\" href=\"https:\/\/universofamilia.com\/pt_pt\/cantando-para-nossos-bebes\/\" \/>\n<meta property=\"og:locale\" content=\"pt_PT\" \/>\n<meta property=\"og:type\" content=\"article\" \/>\n<meta property=\"og:title\" content=\"Cantando para Nossos Beb\u00eas: 5 M\u00fasicas com Letras Encantadoras e Origens Cativantes - Universo Fam\u00edlia\" \/>\n<meta property=\"og:description\" content=\"Cantando para nossos beb\u00eas, 5 m\u00fasicas com letras encantadoras e origens cativantes. O poder da m\u00fasica \u00e9 ineg\u00e1vel, especialmente quando se trata de acalmar\" \/>\n<meta property=\"og:url\" content=\"https:\/\/universofamilia.com\/pt_pt\/cantando-para-nossos-bebes\/\" \/>\n<meta property=\"og:site_name\" content=\"Universo Fam\u00edlia\" \/>\n<meta property=\"article:published_time\" content=\"2023-08-23T11:00:00+00:00\" \/>\n<meta property=\"article:modified_time\" content=\"2025-01-22T01:29:10+00:00\" \/>\n<meta property=\"og:image\" content=\"https:\/\/universofamilia.com\/wp-content\/uploads\/sites\/148\/2023\/08\/DESTAQUE-cantando-para-as-criancas-universo-familia-.png\" \/>\n\t<meta property=\"og:image:width\" content=\"448\" \/>\n\t<meta property=\"og:image:height\" content=\"350\" \/>\n\t<meta property=\"og:image:type\" content=\"image\/png\" \/>\n<meta name=\"author\" content=\"Pedro Henrique\" \/>\n<meta name=\"twitter:card\" content=\"summary_large_image\" \/>\n<meta name=\"twitter:label1\" content=\"Written by\" \/>\n\t<meta name=\"twitter:data1\" content=\"Pedro Henrique\" \/>\n\t<meta name=\"twitter:label2\" content=\"Est. reading time\" \/>\n\t<meta name=\"twitter:data2\" content=\"5 minutos\" \/>\n<script type=\"application\/ld+json\" class=\"yoast-schema-graph\">{\"@context\":\"https:\/\/schema.org\",\"@graph\":[{\"@type\":\"WebPage\",\"@id\":\"https:\/\/universofamilia.com\/de\/cantando-para-nossos-bebes\/\",\"url\":\"https:\/\/universofamilia.com\/de\/cantando-para-nossos-bebes\/\",\"name\":\"Cantando para Nossos Beb\u00eas: 5 M\u00fasicas com Letras Encantadoras e Origens Cativantes - Universo Fam\u00edlia\",\"isPartOf\":{\"@id\":\"https:\/\/universofamilia.com\/el\/#website\"},\"primaryImageOfPage\":{\"@id\":\"https:\/\/universofamilia.com\/de\/cantando-para-nossos-bebes\/#primaryimage\"},\"image\":{\"@id\":\"https:\/\/universofamilia.com\/de\/cantando-para-nossos-bebes\/#primaryimage\"},\"thumbnailUrl\":\"https:\/\/universofamilia.com\/wp-content\/uploads\/sites\/148\/2023\/08\/DESTAQUE-cantando-para-as-criancas-universo-familia-.png\",\"datePublished\":\"2023-08-23T11:00:00+00:00\",\"dateModified\":\"2025-01-22T01:29:10+00:00\",\"author\":{\"@id\":\"https:\/\/universofamilia.com\/el\/#\/schema\/person\/f07ce98187dd84d31154262e79b3b7ca\"},\"description\":\"Cantando para nossos beb\u00eas, 5 m\u00fasicas com letras encantadoras e origens cativantes. O poder da m\u00fasica \u00e9 ineg\u00e1vel, especialmente quando se trata de acalmar\",\"breadcrumb\":{\"@id\":\"https:\/\/universofamilia.com\/de\/cantando-para-nossos-bebes\/#breadcrumb\"},\"inLanguage\":\"pt-PT\",\"potentialAction\":[{\"@type\":\"ReadAction\",\"target\":[\"https:\/\/universofamilia.com\/de\/cantando-para-nossos-bebes\/\"]}]},{\"@type\":\"ImageObject\",\"inLanguage\":\"pt-PT\",\"@id\":\"https:\/\/universofamilia.com\/de\/cantando-para-nossos-bebes\/#primaryimage\",\"url\":\"https:\/\/universofamilia.com\/wp-content\/uploads\/sites\/148\/2023\/08\/DESTAQUE-cantando-para-as-criancas-universo-familia-.png\",\"contentUrl\":\"https:\/\/universofamilia.com\/wp-content\/uploads\/sites\/148\/2023\/08\/DESTAQUE-cantando-para-as-criancas-universo-familia-.png\",\"width\":448,\"height\":350},{\"@type\":\"BreadcrumbList\",\"@id\":\"https:\/\/universofamilia.com\/de\/cantando-para-nossos-bebes\/#breadcrumb\",\"itemListElement\":[{\"@type\":\"ListItem\",\"position\":1,\"name\":\"Home\",\"item\":\"https:\/\/universofamilia.com\/el\/\"},{\"@type\":\"ListItem\",\"position\":2,\"name\":\"Cantando para Nossos Beb\u00eas: 5 M\u00fasicas com Letras Encantadoras e Origens Cativantes\"}]},{\"@type\":\"WebSite\",\"@id\":\"https:\/\/universofamilia.com\/el\/#website\",\"url\":\"https:\/\/universofamilia.com\/el\/\",\"name\":\"Universo Fam\u00edlia\",\"description\":\"\",\"potentialAction\":[{\"@type\":\"SearchAction\",\"target\":{\"@type\":\"EntryPoint\",\"urlTemplate\":\"https:\/\/universofamilia.com\/el\/?s={search_term_string}\"},\"query-input\":\"required name=search_term_string\"}],\"inLanguage\":\"pt-PT\"},{\"@type\":\"Person\",\"@id\":\"https:\/\/universofamilia.com\/el\/#\/schema\/person\/f07ce98187dd84d31154262e79b3b7ca\",\"name\":\"Pedro Henrique\",\"image\":{\"@type\":\"ImageObject\",\"inLanguage\":\"pt-PT\",\"@id\":\"https:\/\/universofamilia.com\/el\/#\/schema\/person\/image\/\",\"url\":\"https:\/\/secure.gravatar.com\/avatar\/9edfeb808cb4e1599f64d6e45b130154?s=96&d=mm&r=g\",\"contentUrl\":\"https:\/\/secure.gravatar.com\/avatar\/9edfeb808cb4e1599f64d6e45b130154?s=96&d=mm&r=g\",\"caption\":\"Pedro Henrique\"},\"url\":\"https:\/\/universofamilia.com\/pt_pt\/author\/editor01\/\"}]}<\/script>\n<!-- \/ Yoast SEO plugin. -->","yoast_head_json":{"title":"Cantando para Nossos Beb\u00eas: 5 M\u00fasicas com Letras Encantadoras e Origens Cativantes - Universo Fam\u00edlia","description":"Cantando para nossos beb\u00eas, 5 m\u00fasicas com letras encantadoras e origens cativantes. O poder da m\u00fasica \u00e9 ineg\u00e1vel, especialmente quando se trata de acalmar","robots":{"index":"index","follow":"follow","max-snippet":"max-snippet:-1","max-image-preview":"max-image-preview:large","max-video-preview":"max-video-preview:-1"},"canonical":"https:\/\/universofamilia.com\/pt_pt\/cantando-para-nossos-bebes\/","og_locale":"pt_PT","og_type":"article","og_title":"Cantando para Nossos Beb\u00eas: 5 M\u00fasicas com Letras Encantadoras e Origens Cativantes - Universo Fam\u00edlia","og_description":"Cantando para nossos beb\u00eas, 5 m\u00fasicas com letras encantadoras e origens cativantes. O poder da m\u00fasica \u00e9 ineg\u00e1vel, especialmente quando se trata de acalmar","og_url":"https:\/\/universofamilia.com\/pt_pt\/cantando-para-nossos-bebes\/","og_site_name":"Universo Fam\u00edlia","article_published_time":"2023-08-23T11:00:00+00:00","article_modified_time":"2025-01-22T01:29:10+00:00","og_image":[{"width":448,"height":350,"url":"https:\/\/universofamilia.com\/wp-content\/uploads\/sites\/148\/2023\/08\/DESTAQUE-cantando-para-as-criancas-universo-familia-.png","type":"image\/png"}],"author":"Pedro Henrique","twitter_card":"summary_large_image","twitter_misc":{"Written by":"Pedro Henrique","Est. reading time":"5 minutos"},"schema":{"@context":"https:\/\/schema.org","@graph":[{"@type":"WebPage","@id":"https:\/\/universofamilia.com\/de\/cantando-para-nossos-bebes\/","url":"https:\/\/universofamilia.com\/de\/cantando-para-nossos-bebes\/","name":"Cantando para Nossos Beb\u00eas: 5 M\u00fasicas com Letras Encantadoras e Origens Cativantes - Universo Fam\u00edlia","isPartOf":{"@id":"https:\/\/universofamilia.com\/el\/#website"},"primaryImageOfPage":{"@id":"https:\/\/universofamilia.com\/de\/cantando-para-nossos-bebes\/#primaryimage"},"image":{"@id":"https:\/\/universofamilia.com\/de\/cantando-para-nossos-bebes\/#primaryimage"},"thumbnailUrl":"https:\/\/universofamilia.com\/wp-content\/uploads\/sites\/148\/2023\/08\/DESTAQUE-cantando-para-as-criancas-universo-familia-.png","datePublished":"2023-08-23T11:00:00+00:00","dateModified":"2025-01-22T01:29:10+00:00","author":{"@id":"https:\/\/universofamilia.com\/el\/#\/schema\/person\/f07ce98187dd84d31154262e79b3b7ca"},"description":"Cantando para nossos beb\u00eas, 5 m\u00fasicas com letras encantadoras e origens cativantes. O poder da m\u00fasica \u00e9 ineg\u00e1vel, especialmente quando se trata de acalmar","breadcrumb":{"@id":"https:\/\/universofamilia.com\/de\/cantando-para-nossos-bebes\/#breadcrumb"},"inLanguage":"pt-PT","potentialAction":[{"@type":"ReadAction","target":["https:\/\/universofamilia.com\/de\/cantando-para-nossos-bebes\/"]}]},{"@type":"ImageObject","inLanguage":"pt-PT","@id":"https:\/\/universofamilia.com\/de\/cantando-para-nossos-bebes\/#primaryimage","url":"https:\/\/universofamilia.com\/wp-content\/uploads\/sites\/148\/2023\/08\/DESTAQUE-cantando-para-as-criancas-universo-familia-.png","contentUrl":"https:\/\/universofamilia.com\/wp-content\/uploads\/sites\/148\/2023\/08\/DESTAQUE-cantando-para-as-criancas-universo-familia-.png","width":448,"height":350},{"@type":"BreadcrumbList","@id":"https:\/\/universofamilia.com\/de\/cantando-para-nossos-bebes\/#breadcrumb","itemListElement":[{"@type":"ListItem","position":1,"name":"Home","item":"https:\/\/universofamilia.com\/el\/"},{"@type":"ListItem","position":2,"name":"Cantando para Nossos Beb\u00eas: 5 M\u00fasicas com Letras Encantadoras e Origens Cativantes"}]},{"@type":"WebSite","@id":"https:\/\/universofamilia.com\/el\/#website","url":"https:\/\/universofamilia.com\/el\/","name":"Universo Fam\u00edlia","description":"","potentialAction":[{"@type":"SearchAction","target":{"@type":"EntryPoint","urlTemplate":"https:\/\/universofamilia.com\/el\/?s={search_term_string}"},"query-input":"required name=search_term_string"}],"inLanguage":"pt-PT"},{"@type":"Person","@id":"https:\/\/universofamilia.com\/el\/#\/schema\/person\/f07ce98187dd84d31154262e79b3b7ca","name":"Pedro Henrique","image":{"@type":"ImageObject","inLanguage":"pt-PT","@id":"https:\/\/universofamilia.com\/el\/#\/schema\/person\/image\/","url":"https:\/\/secure.gravatar.com\/avatar\/9edfeb808cb4e1599f64d6e45b130154?s=96&d=mm&r=g","contentUrl":"https:\/\/secure.gravatar.com\/avatar\/9edfeb808cb4e1599f64d6e45b130154?s=96&d=mm&r=g","caption":"Pedro Henrique"},"url":"https:\/\/universofamilia.com\/pt_pt\/author\/editor01\/"}]}},"_links":{"self":[{"href":"https:\/\/universofamilia.com\/pt_pt\/wp-json\/wp\/v2\/posts\/3622"}],"collection":[{"href":"https:\/\/universofamilia.com\/pt_pt\/wp-json\/wp\/v2\/posts"}],"about":[{"href":"https:\/\/universofamilia.com\/pt_pt\/wp-json\/wp\/v2\/types\/post"}],"author":[{"embeddable":true,"href":"https:\/\/universofamilia.com\/pt_pt\/wp-json\/wp\/v2\/users\/139"}],"replies":[{"embeddable":true,"href":"https:\/\/universofamilia.com\/pt_pt\/wp-json\/wp\/v2\/comments?post=3622"}],"version-history":[{"count":1,"href":"https:\/\/universofamilia.com\/pt_pt\/wp-json\/wp\/v2\/posts\/3622\/revisions"}],"predecessor-version":[{"id":8285,"href":"https:\/\/universofamilia.com\/pt_pt\/wp-json\/wp\/v2\/posts\/3622\/revisions\/8285"}],"wp:featuredmedia":[{"embeddable":true,"href":"https:\/\/universofamilia.com\/pt_pt\/wp-json\/wp\/v2\/media\/3625"}],"wp:attachment":[{"href":"https:\/\/universofamilia.com\/pt_pt\/wp-json\/wp\/v2\/media?parent=3622"}],"wp:term":[{"taxonomy":"category","embeddable":true,"href":"https:\/\/universofamilia.com\/pt_pt\/wp-json\/wp\/v2\/categories?post=3622"},{"taxonomy":"post_tag","embeddable":true,"href":"https:\/\/universofamilia.com\/pt_pt\/wp-json\/wp\/v2\/tags?post=3622"}],"curies":[{"name":"wp","href":"https:\/\/api.w.org\/{rel}","templated":true}]}}