{"id":10073,"date":"2025-10-13T12:50:28","date_gmt":"2025-10-13T15:50:28","guid":{"rendered":"https:\/\/universofamilia.com\/?p=10073"},"modified":"2025-10-16T15:40:53","modified_gmt":"2025-10-16T18:40:53","slug":"ambiental","status":"publish","type":"post","link":"https:\/\/universofamilia.com\/ro\/ambiental\/","title":{"rendered":"10 ac\u021biuni sustenabile pentru reducerea crizei de mediu"},"content":{"rendered":"<p class=\"has-text-align-center\">Cel\/Cea\/Cei\/Cele <strong>10 ac\u021biuni sustenabile pentru a reduce efectele crizei de mediu<\/strong> au devenit o prioritate urgent\u0103 pentru umanitate.<\/p>\n\n\n\n<figure class=\"wp-block-gallery aligncenter has-nested-images columns-default is-cropped wp-block-gallery-1 is-layout-flex wp-block-gallery-is-layout-flex\">\n<figure class=\"wp-block-image size-full\"><img loading=\"lazy\" decoding=\"async\" width=\"450\" height=\"250\" data-id=\"10075\" src=\"https:\/\/universofamilia.com\/wp-content\/uploads\/sites\/148\/2025\/10\/Destaque-Novo-Universo-2-1.jpg\" alt=\"\" class=\"wp-image-10075\" srcset=\"https:\/\/universofamilia.com\/wp-content\/uploads\/sites\/148\/2025\/10\/Destaque-Novo-Universo-2-1.jpg 450w, https:\/\/universofamilia.com\/wp-content\/uploads\/sites\/148\/2025\/10\/Destaque-Novo-Universo-2-1-300x167.jpg 300w, https:\/\/universofamilia.com\/wp-content\/uploads\/sites\/148\/2025\/10\/Destaque-Novo-Universo-2-1-18x10.jpg 18w\" sizes=\"(max-width: 450px) 100vw, 450px\" \/><figcaption class=\"wp-element-caption\">CANVA<\/figcaption><\/figure>\n<\/figure>\n\n\n\n<p>Degradarea mediului, pierderea biodiversit\u0103\u021bii \u0219i schimb\u0103rile climatice nu mai sunt probleme ale viitorului; efectele lor au impact asupra vie\u021bii de zi cu zi a milioane de oameni din Mexic \u0219i din \u00eentreaga lume.<\/p>\n\n\n\n<p>De la secete prelungite la valuri de c\u0103ldur\u0103 extreme, semnele crizei de mediu devin vizibile \u00een ora\u0219ele \u0219i zonele noastre rurale.<\/p>\n\n\n\n<p>Adoptarea unor obiceiuri sustenabile nu numai c\u0103 protejeaz\u0103 planeta, dar \u00eembun\u0103t\u0103\u021be\u0219te \u0219i calitatea vie\u021bii, consolideaz\u0103 economiile locale \u0219i reduce riscurile pentru s\u0103n\u0103tate.<\/p>\n\n\n\n<p>Acest articol ofer\u0103 o abordare practic\u0103 \u0219i bine fundamentat\u0103, ar\u0103t\u00e2nd cum deciziile individuale \u0219i colective pot face diferen\u021ba.<\/p>\n\n\n\n<p><strong>Rezumat:<\/strong><\/p>\n\n\n\n<ol>\n<li>Urgen\u021ba sustenabilit\u0103\u021bii \u00een 2025<\/li>\n\n\n\n<li>Cele 10 ac\u021biuni cheie pentru sustenabilitate \u0219i cum s\u0103 le aplic\u0103m<\/li>\n\n\n\n<li>Exemple actuale \u0219i din via\u021ba real\u0103 de implementare<\/li>\n\n\n\n<li>Beneficii economice, sociale \u0219i de mediu ale sustenabilit\u0103\u021bii<\/li>\n\n\n\n<li>Cum s\u0103 integrezi eficient aceste ac\u021biuni \u00een via\u021ba de zi cu zi<\/li>\n\n\n\n<li>Concluzie \u0219i \u00centreb\u0103ri frecvente<\/li>\n<\/ol>\n\n\n\n<h3 class=\"wp-block-heading\"><strong>Urgen\u021ba sustenabilit\u0103\u021bii \u00een 2025<\/strong><\/h3>\n\n\n\n<p>Rata degrad\u0103rii mediului a atins niveluri alarmante. Conform <em>Raportul global privind starea mediului 2024<\/em> al ONU, <strong>Peste 75% din ecosistemele terestre sunt modificate semnificativ<\/strong>...iar oceanele se confrunt\u0103 cu niveluri istorice de poluare cu plastic \u0219i CO\u2082.<\/p>\n\n\n\n<p>\u00cen plus, se preconizeaz\u0103 c\u0103 temperaturile globale vor cre\u0219te cu o medie de 1,5\u00b0C p\u00e2n\u0103 la sf\u00e2r\u0219itul anului 2030, \u00een absen\u021ba unor m\u0103suri imediate.<\/p>\n\n\n\n<p>Pentru a \u00een\u021belege mai bine acest lucru, imagina\u021bi-v\u0103 planeta ca pe un organism viu: fiecare ac\u021biune uman\u0103 poate fi un medicament sau o otrav\u0103.<\/p>\n\n\n\n<p>Emisiile excesive, defri\u0219\u0103rile \u0219i consumul eliberat sl\u0103besc sistemele lor vitale, afect\u00e2nd s\u0103n\u0103tatea, securitatea alimentar\u0103 \u0219i stabilitatea economic\u0103.<\/p>\n\n\n\n<p>Sustenabilitatea nu este doar un ideal; este o strategie de supravie\u021buire.<\/p>\n\n\n\n<p>\u00cen Mexic, impactul este palpabil:<\/p>\n\n\n\n<ul>\n<li>Mexico City \u0219i Monterrey se confrunt\u0103 cu valuri de c\u0103ldur\u0103 cu temperaturi care dep\u0103\u0219esc 40\u00b0C, afect\u00e2nd milioane de locuitori.<\/li>\n\n\n\n<li>\u00cen Oaxaca \u0219i Chiapas, agricultura se confrunt\u0103 cu pierderi de p\u00e2n\u0103 la 20% din recolte din cauza secetelor prelungite \u0219i a schimb\u0103rilor \u00een regimul de precipita\u021bii.<\/li>\n\n\n\n<li>Poluarea aerului din ora\u0219ele industriale provoac\u0103 boli respiratorii care afecteaz\u0103 \u00een special copiii \u0219i adul\u021bii \u00een v\u00e2rst\u0103.<\/li>\n<\/ul>\n\n\n\n<p>Confruntat cu aceast\u0103 realitate, <strong>10 ac\u021biuni sustenabile pentru a reduce efectele crizei de mediu<\/strong> Nu sunt op\u021bionale; sunt necesare pentru a proteja vie\u021bile \u0219i ecosistemele.<\/p>\n\n\n\n<h3 class=\"wp-block-heading\"><strong>10 ac\u021biuni sustenabile pentru a reduce efectele crizei de mediu<\/strong><\/h3>\n\n\n\n<p>Mai jos sunt strategii concrete, cu informa\u021bii actualizate, exemple din via\u021ba real\u0103 \u0219i recomand\u0103ri practice pentru integrarea lor \u00een via\u021ba de zi cu zi.<\/p>\n\n\n\n<h4 class=\"wp-block-heading\"><strong>Reduce\u021bi consumul de energie<\/strong><\/h4>\n\n\n\n<p>Consumul excesiv de energie contribuie semnificativ la emisiile de CO\u2082.<\/p>\n\n\n\n<p>Ac\u021biuni mici, precum \u00eenlocuirea becurilor incandescente cu LED-uri, deconectarea aparatelor electrocasnice atunci c\u00e2nd nu sunt utilizate \u0219i optarea pentru aparate eficiente din punct de vedere energetic, pot reduce semnificativ amprenta de carbon a unei locuin\u021be.<\/p>\n\n\n\n<p>\u00cen Mexico City, programele de eficien\u021b\u0103 energetic\u0103 au permis peste... <strong>500.000 de gospod\u0103rii<\/strong> \u00ee\u0219i reduc consumul de energie electric\u0103 cu o medie de 15 % anual, gener\u00e2nd economii economice \u0219i reduc\u00e2nd poluarea.<\/p>\n\n\n\n<h4 class=\"wp-block-heading\"><strong>Mobilitate durabil\u0103<\/strong><\/h4>\n\n\n\n<p>Optarea pentru transportul public, biciclete sau vehicule electrice nu numai c\u0103 reduce emisiile poluante, ci \u0219i \u00eembun\u0103t\u0103\u021be\u0219te calitatea vie\u021bii urbane.<\/p>\n\n\n\n<p>Ora\u0219e precum Guadalajara \u0219i Monterrey au implementat piste pentru biciclete \u0219i sisteme de transport electric de care beneficiaz\u0103 peste 1,5 milioane de oameni zilnic.<\/p>\n\n\n\n<p>\u00cen plus, mobilitatea durabil\u0103 reduce traficul, reduce accidentele \u0219i promoveaz\u0103 obiceiuri s\u0103n\u0103toase.<\/p>\n\n\n\n<p>\u00ce\u021bi po\u021bi imagina o zi din via\u021b\u0103 \u00een care mersul pe jos sau cu bicicleta s\u0103 devin\u0103 norma, mai degrab\u0103 dec\u00e2t excep\u021bia?<\/p>\n\n\n\n<h4 class=\"wp-block-heading\"><strong>M\u00e2ncatul con\u0219tient<\/strong><\/h4>\n\n\n\n<p>Produc\u021bia de alimente, \u00een special cea de carne \u0219i lactate, este responsabil\u0103 pentru aproximativ 25.% de emisii globale de gaze cu efect de ser\u0103.<\/p>\n\n\n\n<p>Reducerea consumului de carne, optarea pentru produse locale \u0219i sezoniere \u0219i prioritizarea culturilor de legume contribuie la reducerea presiunii asupra ecosistemelor \u0219i la consolidarea economiilor comunit\u0103\u021bilor.<\/p>\n\n\n\n<p>\u00cen Michoac\u00e1n, fermierii locali au adoptat culturi diversificate \u0219i tehnici organice, cresc\u00e2nd produc\u021bia de legume cu 30% \u0219i reduc\u00e2nd utilizarea pesticidelor chimice.<\/p>\n\n\n\n<h4 class=\"wp-block-heading\"><strong>Gestionarea responsabil\u0103 a apei<\/strong><\/h4>\n\n\n\n<p>Apa este o resurs\u0103 limitat\u0103, iar gestionarea eficient\u0103 a acesteia este esen\u021bial\u0103. Instalarea de dispozitive de economisire a apei, colectarea apei de ploaie \u0219i repararea scurgerilor sunt m\u0103suri de baz\u0103, dar eficiente.<\/p>\n\n\n\n<p>\u00cen Oaxaca, comunit\u0103\u021bile rurale au reu\u0219it s\u0103 recupereze acviferele locale prin sisteme de colectare a apei de ploaie \u0219i educa\u021bie comunitar\u0103, \u00eembun\u0103t\u0103\u021bind disponibilitatea apei potabile \u0219i asigur\u00e2nd continuitatea agriculturii.<\/p>\n\n\n\n<h4 class=\"wp-block-heading\"><strong>Reducerea \u0219i reciclarea de\u0219eurilor<\/strong><\/h4>\n\n\n\n<p>Separarea gunoiului, compostarea de\u0219eurilor organice \u0219i reutilizarea materialelor previn ca tone de de\u0219euri s\u0103 ajung\u0103 la gropile de gunoi \u0219i \u00een oceane.<\/p>\n\n\n\n<p>Conform <em>Secretariatul Mediului \u0219i Resurselor Naturale (SEMARNAT)<\/em>, Mexicul genereaz\u0103 mai mult de <strong>45 de milioane de tone de de\u0219euri solide pe an<\/strong>, din care doar 12% sunt reciclate. Implementarea politicilor de separare \u0219i compostare poate inversa aceast\u0103 tendin\u021b\u0103.<\/p>\n\n\n\n<h4 class=\"wp-block-heading\"><strong>Energii regenerabile<\/strong><\/h4>\n\n\n\n<p>Tranzi\u021bia energetic\u0103 este esen\u021bial\u0103 pentru reducerea dependen\u021bei de combustibilii fosili.<\/p>\n\n\n\n<p>Instalarea de panouri solare, turbine eoliene de mici dimensiuni \u0219i sisteme eficiente de \u00eenc\u0103lzire contribuie semnificativ la reducerea emisiilor.<\/p>\n\n\n\n<p>\u00cen 2024, Mexicul a inaugurat \u00een Sonora unul dintre cele mai mari parcuri solare din America Latin\u0103, capabil s\u0103 alimenteze peste un milion de locuin\u021be \u0219i s\u0103 evite emisiile a peste... <strong>400.000 de tone de CO\u2082<\/strong> anual.<\/p>\n\n\n\n<h4 class=\"wp-block-heading\"><strong>Re\u00eemp\u0103durirea \u0219i \u00eengrijirea zonelor verzi<\/strong><\/h4>\n\n\n\n<p>P\u0103durile \u0219i zonele verzi regleaz\u0103 clima, capteaz\u0103 CO\u2082 \u0219i protejeaz\u0103 biodiversitatea.<\/p>\n\n\n\n<p>Plantarea copacilor \u0219i conservarea p\u0103durilor existente reprezint\u0103 o ac\u021biune direct\u0103 \u00eempotriva degrad\u0103rii mediului.<\/p>\n\n\n\n<p>Un proiect din Chiapas a plantat peste 1 milion de copaci \u00een zone defri\u0219ate din 2022, restabilind habitatele pentru speciile native \u0219i \u00eembun\u0103t\u0103\u021bind calitatea aerului \u00een comunit\u0103\u021bile din apropiere.<\/p>\n\n\n\n<h4 class=\"wp-block-heading\"><strong>Consum responsabil<\/strong><\/h4>\n\n\n\n<p>Alegerea produselor durabile, evitarea ambalajelor excesive \u0219i prioritizarea m\u0103rcilor sustenabile transmit un mesaj c\u0103tre pia\u021b\u0103: sustenabilitatea este profitabil\u0103 \u0219i la mare c\u0103utare \u00een r\u00e2ndul consumatorilor.<\/p>\n\n\n\n<p>Cump\u0103rarea con\u0219tient\u0103 reduce, de asemenea, risipa \u0219i promoveaz\u0103 economia circular\u0103.<\/p>\n\n\n\n<h4 class=\"wp-block-heading\"><strong>Educa\u021bie ecologic\u0103<\/strong><\/h4>\n\n\n\n<p>Diseminarea cuno\u0219tin\u021belor despre impactul asupra mediului, de la \u0219coli la comunit\u0103\u021bi, cre\u0219te gradul de con\u0219tientizare \u0219i motiveaz\u0103 ac\u021biunea colectiv\u0103.<\/p>\n\n\n\n<p>Atelierele, campaniile educa\u021bionale \u0219i re\u021belele sociale sunt instrumente esen\u021biale pentru multiplicarea impactului ac\u021biunilor individuale.<\/p>\n\n\n\n<h4 class=\"wp-block-heading\"><strong>Participarea cet\u0103\u021beneasc\u0103 \u0219i politic\u0103<\/strong><\/h4>\n\n\n\n<p>Votarea politicilor ecologice, sus\u021binerea ini\u021biativelor locale \u0219i tragerea la r\u0103spundere a \u00eentreprinderilor \u0219i guvernelor asigur\u0103 faptul c\u0103 deciziile strategice pun prioritate sustenabilit\u0103\u021bii.<\/p>\n\n\n\n<p>Presiunea social\u0103 poate accelera adoptarea legilor privind energia curat\u0103, reciclarea \u0219i programele de protec\u021bie a mediului.<\/p>\n\n\n\n<h3 class=\"wp-block-heading\"><strong>Exemple actuale \u0219i din via\u021ba real\u0103 de implementare<\/strong><\/h3>\n\n\n\n<p><strong>Exemplul 1:<\/strong> \u00cen Quer\u00e9taro, o cooperativ\u0103 agricol\u0103 a implementat tehnici de agricultur\u0103 regenerativ\u0103 \u00een 2024.<\/p>\n\n\n\n<p>Acest lucru a crescut randamentele de porumb \u0219i fasole cu 20%, a \u00eembun\u0103t\u0103\u021bit biodiversitatea local\u0103 \u0219i a redus eroziunea solului, demonstr\u00e2nd c\u0103 sustenabilitatea poate fi at\u00e2t profitabil\u0103, c\u00e2t \u0219i eficient\u0103.<\/p>\n\n\n\n<p><strong>Exemplul 2:<\/strong> \u00cen Guadalajara, introducerea transportului electric \u0219i a pistelor de biciclete a crescut mobilitatea durabil\u0103 cu 35% \u00een mai pu\u021bin de trei ani, reduc\u00e2nd poluarea urban\u0103 \u0219i \u00eembun\u0103t\u0103\u021bind s\u0103n\u0103tatea cet\u0103\u021benilor.<\/p>\n\n\n\n<p>Aceste exemple confirm\u0103 faptul c\u0103 <strong>10 ac\u021biuni sustenabile pentru a reduce efectele crizei de mediu<\/strong> Nu sunt utopii; sunt strategii viabile cu rezultate verificabile.<\/p>\n\n\n\n<h3 class=\"wp-block-heading\"><strong>Beneficii economice, sociale \u0219i de mediu ale sustenabilit\u0103\u021bii<\/strong><\/h3>\n\n\n\n<p>Adoptarea unor practici sustenabile genereaz\u0103 multiple beneficii:<\/p>\n\n\n\n<ul>\n<li><strong>Economic:<\/strong> economii de energie \u0219i ap\u0103, crearea de locuri de munc\u0103 verzi \u0219i consolidarea economiilor locale.<\/li>\n\n\n\n<li><strong>Social:<\/strong> comunit\u0103\u021bi mai rezistente, o expunere mai redus\u0103 la bolile cauzate de factorii de mediu \u0219i o coeziune social\u0103 mai mare.<\/li>\n\n\n\n<li><strong>Mediu:<\/strong> reducerea emisiilor, conservarea biodiversit\u0103\u021bii \u0219i atenuarea schimb\u0103rilor climatice.<\/li>\n<\/ul>\n\n\n\n<figure class=\"wp-block-table\"><table><thead><tr><th>Ac\u021biune durabil\u0103<\/th><th>Principalul beneficiu<\/th><th>Exemplu \u00een Mexic<\/th><\/tr><\/thead><tbody><tr><td>Reducerea energiei<\/td><td>Amprent\u0103 de carbon mai mic\u0103<\/td><td>Becuri LED \u00een casele urbane<\/td><\/tr><tr><td>Mobilitate durabil\u0103<\/td><td>Aer mai curat<\/td><td>Piste de biciclete \u0219i transport electric<\/td><\/tr><tr><td>M\u00e2ncatul con\u0219tient<\/td><td>Mai pu\u021bine emisii agricole<\/td><td>Agricultur\u0103 local\u0103 \u0219i consum de leguminoase<\/td><\/tr><tr><td>Managementul apei<\/td><td>Disponibilitatea apei<\/td><td>Colectarea apei de ploaie \u00een Oaxaca<\/td><\/tr><tr><td>Re\u00eemp\u0103durire<\/td><td>Conservarea biodiversit\u0103\u021bii<\/td><td>Plantarea de copaci \u00een Chiapas<\/td><\/tr><\/tbody><\/table><figcaption class=\"wp-element-caption\">10 ac\u021biuni sustenabile pentru a reduce efectele crizei de mediu<\/figcaption><\/figure>\n\n\n\n<figure class=\"wp-block-gallery aligncenter has-nested-images columns-default is-cropped wp-block-gallery-2 is-layout-flex wp-block-gallery-is-layout-flex\">\n<figure class=\"wp-block-image size-full\"><img loading=\"lazy\" decoding=\"async\" width=\"450\" height=\"250\" data-id=\"10076\" src=\"https:\/\/universofamilia.com\/wp-content\/uploads\/sites\/148\/2025\/10\/Destaque-Novo-Universo-4.jpg\" alt=\"\" class=\"wp-image-10076\" srcset=\"https:\/\/universofamilia.com\/wp-content\/uploads\/sites\/148\/2025\/10\/Destaque-Novo-Universo-4.jpg 450w, https:\/\/universofamilia.com\/wp-content\/uploads\/sites\/148\/2025\/10\/Destaque-Novo-Universo-4-300x167.jpg 300w, https:\/\/universofamilia.com\/wp-content\/uploads\/sites\/148\/2025\/10\/Destaque-Novo-Universo-4-18x10.jpg 18w\" sizes=\"(max-width: 450px) 100vw, 450px\" \/><figcaption class=\"wp-element-caption\">CANVA<\/figcaption><\/figure>\n<\/figure>\n\n\n\n<p>Cite\u015fte mai mult:&nbsp;<a href=\"https:\/\/universofamilia.com\/ro\/crisis-climatica-global\/\">Criza climatic\u0103 global\u0103: impactul afecteaz\u0103 deja milioane de oameni<\/a><\/p>\n\n\n\n<h3 class=\"wp-block-heading\"><strong>Cum s\u0103 integrezi aceste ac\u021biuni \u00een via\u021ba de zi cu zi<\/strong><\/h3>\n\n\n\n<p>Integrarea acestor ac\u021biuni necesit\u0103 angajament \u0219i consecven\u021b\u0103. Pute\u021bi:<\/p>\n\n\n\n<ul>\n<li>Revizui\u021bi obiceiurile de consum de energie \u0219i reduce\u021bi de\u0219eurile.<\/li>\n\n\n\n<li>Opteaz\u0103 pentru transport sustenabil \u0219i mergi pe jos ori de c\u00e2te ori este posibil.<\/li>\n\n\n\n<li>Cump\u0103ra\u021bi produse locale \u0219i sezoniere, reduc\u00e2nd emisiile \u0219i sprijinind produc\u0103torii.<\/li>\n\n\n\n<li>Participa\u021bi la programe comunitare de reciclare \u0219i re\u00eemp\u0103durire.<\/li>\n\n\n\n<li>Educ\u0103-\u021bi familia \u0219i prietenii, multiplic\u00e2nd impactul ac\u021biunilor tale.<\/li>\n<\/ul>\n\n\n\n<p>\u00centreab\u0103-te: <strong>Ce s-ar \u00eent\u00e2mpla dac\u0103 milioane de oameni ar adopta aceste m\u0103suri simultan?<\/strong> R\u0103spunsul demonstreaz\u0103 puterea ac\u021biunii colective \u00een combaterea schimb\u0103rilor climatice.<\/p>\n\n\n\n<h3 class=\"wp-block-heading\"><strong>Concluzie<\/strong><\/h3>\n\n\n\n<p>Implementa\u021bi <strong>10 ac\u021biuni sustenabile pentru a reduce efectele crizei de mediu<\/strong> Nu este doar o datorie fa\u021b\u0103 de mediu, ci o investi\u021bie \u00een viitorul nostru.<\/p>\n\n\n\n<p>Dovezile \u0219tiin\u021bifice, exemplele locale \u0219i urgen\u021ba schimb\u0103rilor climatice demonstreaz\u0103 c\u0103 fiecare ac\u021biune individual\u0103 conteaz\u0103.<\/p>\n\n\n\n<p><a href=\"https:\/\/universofamilia.com\/ro\/inteligencia-artificial-y-politica\/\">Adopta<\/a> Practicile durabile consolideaz\u0103 rezilien\u021ba comunit\u0103\u021bii, protejeaz\u0103 ecosistemele \u0219i asigur\u0103 un viitor mai s\u0103n\u0103tos.<\/p>\n\n\n\n<p>Provocarea este global\u0103, dar solu\u021bia poate fi \u0219i urm\u0103toarea: cunoa\u0219terea, colaborarea \u0219i ac\u021biunea con\u0219tient\u0103 sunt instrumentele pentru construirea unei lumi sustenabile, juste \u0219i rezistente.<\/p>\n\n\n\n<p>Cite\u015fte mai mult:&nbsp;<a href=\"https:\/\/universofamilia.com\/ro\/los-paises-mas-avanzados-en-regulacion-de-ia-en-2025\/\">Cele mai avansate \u021b\u0103ri \u00een reglementarea inteligen\u021bei artificiale \u00een 2025<\/a><\/p>\n\n\n\n<h3 class=\"wp-block-heading\"><strong>\u00centreb\u0103ri frecvente<\/strong><\/h3>\n\n\n\n<p><strong>1. De ce este important s\u0103 ac\u021bion\u0103m acum?<\/strong><br>Degradarea mediului \u0219i schimb\u0103rile climatice avanseaz\u0103 rapid, afect\u00e2nd s\u0103n\u0103tatea, economia \u0219i securitatea alimentar\u0103. Fiecare ac\u021biune imediat\u0103 are un impact pozitiv cumulativ.<\/p>\n\n\n\n<p><strong>2. Care ac\u021biune are cel mai mare impact?<\/strong><br>Depinde de context, dar mobilitatea durabil\u0103, energia regenerabil\u0103 \u0219i gestionarea de\u0219eurilor genereaz\u0103 adesea beneficii rapide \u0219i m\u0103surabile.<\/p>\n\n\n\n<p><strong>3. Cum s\u0103 implic\u0103m comunitatea?<\/strong><br>Organiza\u021bi ateliere, participa\u021bi la proiecte locale \u0219i distribui\u021bi informa\u021bii despre sustenabilitate pe re\u021belele de socializare \u0219i \u00een \u0219coli.<\/p>\n\n\n\n<p><strong>4. Este scump s\u0103 fii sustenabil?<\/strong><br>Unele ac\u021biuni necesit\u0103 o investi\u021bie ini\u021bial\u0103, dar genereaz\u0103 economii pe termen mediu \u0219i lung \u0219i beneficii de mediu \u0219i sociale.<\/p>\n\n\n\n<p><strong>5. Ce este de f\u0103cut dac\u0103 guvernul nu promoveaz\u0103 politici ecologice?<\/strong><br>Ac\u021biunea individual\u0103 \u0219i colectiv\u0103 r\u0103m\u00e2ne eficient\u0103. <\/p>\n\n\n\n<p>Sprijinirea ini\u021biativelor comunitare \u0219i a afacerilor responsabile poate compensa lipsa politicilor publice imediate.<\/p>","protected":false},"excerpt":{"rendered":"<p>Cele 10 ac\u021biuni durabile pentru reducerea efectelor crizei de mediu au devenit o prioritate urgent\u0103 pentru umanitate. Degradarea mediului, pierderea biodiversit\u0103\u021bii \u0219i schimb\u0103rile climatice nu mai sunt probleme ale viitorului; efectele lor au impact asupra vie\u021bii de zi cu zi a milioane de oameni din Mexic \u0219i din \u00eentreaga lume. De la secete [\u2026]<\/p>","protected":false},"author":219,"featured_media":10074,"comment_status":"closed","ping_status":"open","sticky":false,"template":"","format":"standard","meta":{"footnotes":""},"categories":[4],"tags":[],"yoast_head":"<!-- This site is optimized with the Yoast SEO plugin v23.3 - https:\/\/yoast.com\/wordpress\/plugins\/seo\/ -->\n<title>10 acciones sustentables para reducir la crisis ambiental - Universo Fam\u00edlia<\/title>\n<meta name=\"description\" content=\"Las 10 acciones sustentables para reducir los efectos de la crisis ambiental se han convertido en una prioridad urgente para la humanidad.\" \/>\n<meta name=\"robots\" content=\"index, follow, max-snippet:-1, max-image-preview:large, max-video-preview:-1\" \/>\n<link rel=\"canonical\" href=\"https:\/\/universofamilia.com\/ro\/ambiental\/\" \/>\n<meta property=\"og:locale\" content=\"ro_RO\" \/>\n<meta property=\"og:type\" content=\"article\" \/>\n<meta property=\"og:title\" content=\"10 acciones sustentables para reducir la crisis ambiental - Universo Fam\u00edlia\" \/>\n<meta property=\"og:description\" content=\"Las 10 acciones sustentables para reducir los efectos de la crisis ambiental se han convertido en una prioridad urgente para la humanidad.\" \/>\n<meta property=\"og:url\" content=\"https:\/\/universofamilia.com\/ro\/ambiental\/\" \/>\n<meta property=\"og:site_name\" content=\"Universo Fam\u00edlia\" \/>\n<meta property=\"article:published_time\" content=\"2025-10-13T15:50:28+00:00\" \/>\n<meta property=\"article:modified_time\" content=\"2025-10-16T18:40:53+00:00\" \/>\n<meta property=\"og:image\" content=\"https:\/\/universofamilia.com\/wp-content\/uploads\/sites\/148\/2025\/10\/Destaque-Novo-Universo-2.jpg\" \/>\n\t<meta property=\"og:image:width\" content=\"450\" \/>\n\t<meta property=\"og:image:height\" content=\"250\" \/>\n\t<meta property=\"og:image:type\" content=\"image\/jpeg\" \/>\n<meta name=\"author\" content=\"Matheus Sangaletti\" \/>\n<meta name=\"twitter:card\" content=\"summary_large_image\" \/>\n<meta name=\"twitter:label1\" content=\"Written by\" \/>\n\t<meta name=\"twitter:data1\" content=\"Matheus Sangaletti\" \/>\n\t<meta name=\"twitter:label2\" content=\"Est. reading time\" \/>\n\t<meta name=\"twitter:data2\" content=\"10 minute\" \/>\n<script type=\"application\/ld+json\" class=\"yoast-schema-graph\">{\"@context\":\"https:\/\/schema.org\",\"@graph\":[{\"@type\":\"WebPage\",\"@id\":\"https:\/\/universofamilia.com\/ko\/ambiental\/\",\"url\":\"https:\/\/universofamilia.com\/ko\/ambiental\/\",\"name\":\"10 acciones sustentables para reducir la crisis ambiental - Universo Fam\u00edlia\",\"isPartOf\":{\"@id\":\"https:\/\/universofamilia.com\/el\/#website\"},\"primaryImageOfPage\":{\"@id\":\"https:\/\/universofamilia.com\/ko\/ambiental\/#primaryimage\"},\"image\":{\"@id\":\"https:\/\/universofamilia.com\/ko\/ambiental\/#primaryimage\"},\"thumbnailUrl\":\"https:\/\/universofamilia.com\/wp-content\/uploads\/sites\/148\/2025\/10\/Destaque-Novo-Universo-2.jpg\",\"datePublished\":\"2025-10-13T15:50:28+00:00\",\"dateModified\":\"2025-10-16T18:40:53+00:00\",\"author\":{\"@id\":\"https:\/\/universofamilia.com\/el\/#\/schema\/person\/92fcd07e9b1f4323bf74f3170fc0f78a\"},\"description\":\"Las 10 acciones sustentables para reducir los efectos de la crisis ambiental se han convertido en una prioridad urgente para la humanidad.\",\"breadcrumb\":{\"@id\":\"https:\/\/universofamilia.com\/ko\/ambiental\/#breadcrumb\"},\"inLanguage\":\"ro-RO\",\"potentialAction\":[{\"@type\":\"ReadAction\",\"target\":[\"https:\/\/universofamilia.com\/ko\/ambiental\/\"]}]},{\"@type\":\"ImageObject\",\"inLanguage\":\"ro-RO\",\"@id\":\"https:\/\/universofamilia.com\/ko\/ambiental\/#primaryimage\",\"url\":\"https:\/\/universofamilia.com\/wp-content\/uploads\/sites\/148\/2025\/10\/Destaque-Novo-Universo-2.jpg\",\"contentUrl\":\"https:\/\/universofamilia.com\/wp-content\/uploads\/sites\/148\/2025\/10\/Destaque-Novo-Universo-2.jpg\",\"width\":450,\"height\":250},{\"@type\":\"BreadcrumbList\",\"@id\":\"https:\/\/universofamilia.com\/ko\/ambiental\/#breadcrumb\",\"itemListElement\":[{\"@type\":\"ListItem\",\"position\":1,\"name\":\"Home\",\"item\":\"https:\/\/universofamilia.com\/el\/\"},{\"@type\":\"ListItem\",\"position\":2,\"name\":\"10 acciones sustentables para reducir la crisis ambiental\"}]},{\"@type\":\"WebSite\",\"@id\":\"https:\/\/universofamilia.com\/el\/#website\",\"url\":\"https:\/\/universofamilia.com\/el\/\",\"name\":\"Universo Fam\u00edlia\",\"description\":\"\",\"potentialAction\":[{\"@type\":\"SearchAction\",\"target\":{\"@type\":\"EntryPoint\",\"urlTemplate\":\"https:\/\/universofamilia.com\/el\/?s={search_term_string}\"},\"query-input\":\"required name=search_term_string\"}],\"inLanguage\":\"ro-RO\"},{\"@type\":\"Person\",\"@id\":\"https:\/\/universofamilia.com\/el\/#\/schema\/person\/92fcd07e9b1f4323bf74f3170fc0f78a\",\"name\":\"Matheus Sangaletti\",\"image\":{\"@type\":\"ImageObject\",\"inLanguage\":\"ro-RO\",\"@id\":\"https:\/\/universofamilia.com\/el\/#\/schema\/person\/image\/\",\"url\":\"https:\/\/secure.gravatar.com\/avatar\/280ea957a14a48e6a1ad2133d2cc27c9?s=96&d=mm&r=g\",\"contentUrl\":\"https:\/\/secure.gravatar.com\/avatar\/280ea957a14a48e6a1ad2133d2cc27c9?s=96&d=mm&r=g\",\"caption\":\"Matheus Sangaletti\"},\"url\":\"https:\/\/universofamilia.com\/ro\/author\/matheuss\/\"}]}<\/script>\n<!-- \/ Yoast SEO plugin. -->","yoast_head_json":{"title":"10 acciones sustentables para reducir la crisis ambiental - Universo Fam\u00edlia","description":"Las 10 acciones sustentables para reducir los efectos de la crisis ambiental se han convertido en una prioridad urgente para la humanidad.","robots":{"index":"index","follow":"follow","max-snippet":"max-snippet:-1","max-image-preview":"max-image-preview:large","max-video-preview":"max-video-preview:-1"},"canonical":"https:\/\/universofamilia.com\/ro\/ambiental\/","og_locale":"ro_RO","og_type":"article","og_title":"10 acciones sustentables para reducir la crisis ambiental - Universo Fam\u00edlia","og_description":"Las 10 acciones sustentables para reducir los efectos de la crisis ambiental se han convertido en una prioridad urgente para la humanidad.","og_url":"https:\/\/universofamilia.com\/ro\/ambiental\/","og_site_name":"Universo Fam\u00edlia","article_published_time":"2025-10-13T15:50:28+00:00","article_modified_time":"2025-10-16T18:40:53+00:00","og_image":[{"width":450,"height":250,"url":"https:\/\/universofamilia.com\/wp-content\/uploads\/sites\/148\/2025\/10\/Destaque-Novo-Universo-2.jpg","type":"image\/jpeg"}],"author":"Matheus Sangaletti","twitter_card":"summary_large_image","twitter_misc":{"Written by":"Matheus Sangaletti","Est. reading time":"10 minute"},"schema":{"@context":"https:\/\/schema.org","@graph":[{"@type":"WebPage","@id":"https:\/\/universofamilia.com\/ko\/ambiental\/","url":"https:\/\/universofamilia.com\/ko\/ambiental\/","name":"10 acciones sustentables para reducir la crisis ambiental - Universo Fam\u00edlia","isPartOf":{"@id":"https:\/\/universofamilia.com\/el\/#website"},"primaryImageOfPage":{"@id":"https:\/\/universofamilia.com\/ko\/ambiental\/#primaryimage"},"image":{"@id":"https:\/\/universofamilia.com\/ko\/ambiental\/#primaryimage"},"thumbnailUrl":"https:\/\/universofamilia.com\/wp-content\/uploads\/sites\/148\/2025\/10\/Destaque-Novo-Universo-2.jpg","datePublished":"2025-10-13T15:50:28+00:00","dateModified":"2025-10-16T18:40:53+00:00","author":{"@id":"https:\/\/universofamilia.com\/el\/#\/schema\/person\/92fcd07e9b1f4323bf74f3170fc0f78a"},"description":"Las 10 acciones sustentables para reducir los efectos de la crisis ambiental se han convertido en una prioridad urgente para la humanidad.","breadcrumb":{"@id":"https:\/\/universofamilia.com\/ko\/ambiental\/#breadcrumb"},"inLanguage":"ro-RO","potentialAction":[{"@type":"ReadAction","target":["https:\/\/universofamilia.com\/ko\/ambiental\/"]}]},{"@type":"ImageObject","inLanguage":"ro-RO","@id":"https:\/\/universofamilia.com\/ko\/ambiental\/#primaryimage","url":"https:\/\/universofamilia.com\/wp-content\/uploads\/sites\/148\/2025\/10\/Destaque-Novo-Universo-2.jpg","contentUrl":"https:\/\/universofamilia.com\/wp-content\/uploads\/sites\/148\/2025\/10\/Destaque-Novo-Universo-2.jpg","width":450,"height":250},{"@type":"BreadcrumbList","@id":"https:\/\/universofamilia.com\/ko\/ambiental\/#breadcrumb","itemListElement":[{"@type":"ListItem","position":1,"name":"Home","item":"https:\/\/universofamilia.com\/el\/"},{"@type":"ListItem","position":2,"name":"10 acciones sustentables para reducir la crisis ambiental"}]},{"@type":"WebSite","@id":"https:\/\/universofamilia.com\/el\/#website","url":"https:\/\/universofamilia.com\/el\/","name":"Universo Fam\u00edlia","description":"","potentialAction":[{"@type":"SearchAction","target":{"@type":"EntryPoint","urlTemplate":"https:\/\/universofamilia.com\/el\/?s={search_term_string}"},"query-input":"required name=search_term_string"}],"inLanguage":"ro-RO"},{"@type":"Person","@id":"https:\/\/universofamilia.com\/el\/#\/schema\/person\/92fcd07e9b1f4323bf74f3170fc0f78a","name":"Matheus Sangaletti","image":{"@type":"ImageObject","inLanguage":"ro-RO","@id":"https:\/\/universofamilia.com\/el\/#\/schema\/person\/image\/","url":"https:\/\/secure.gravatar.com\/avatar\/280ea957a14a48e6a1ad2133d2cc27c9?s=96&d=mm&r=g","contentUrl":"https:\/\/secure.gravatar.com\/avatar\/280ea957a14a48e6a1ad2133d2cc27c9?s=96&d=mm&r=g","caption":"Matheus Sangaletti"},"url":"https:\/\/universofamilia.com\/ro\/author\/matheuss\/"}]}},"_links":{"self":[{"href":"https:\/\/universofamilia.com\/ro\/wp-json\/wp\/v2\/posts\/10073"}],"collection":[{"href":"https:\/\/universofamilia.com\/ro\/wp-json\/wp\/v2\/posts"}],"about":[{"href":"https:\/\/universofamilia.com\/ro\/wp-json\/wp\/v2\/types\/post"}],"author":[{"embeddable":true,"href":"https:\/\/universofamilia.com\/ro\/wp-json\/wp\/v2\/users\/219"}],"replies":[{"embeddable":true,"href":"https:\/\/universofamilia.com\/ro\/wp-json\/wp\/v2\/comments?post=10073"}],"version-history":[{"count":2,"href":"https:\/\/universofamilia.com\/ro\/wp-json\/wp\/v2\/posts\/10073\/revisions"}],"predecessor-version":[{"id":10170,"href":"https:\/\/universofamilia.com\/ro\/wp-json\/wp\/v2\/posts\/10073\/revisions\/10170"}],"wp:featuredmedia":[{"embeddable":true,"href":"https:\/\/universofamilia.com\/ro\/wp-json\/wp\/v2\/media\/10074"}],"wp:attachment":[{"href":"https:\/\/universofamilia.com\/ro\/wp-json\/wp\/v2\/media?parent=10073"}],"wp:term":[{"taxonomy":"category","embeddable":true,"href":"https:\/\/universofamilia.com\/ro\/wp-json\/wp\/v2\/categories?post=10073"},{"taxonomy":"post_tag","embeddable":true,"href":"https:\/\/universofamilia.com\/ro\/wp-json\/wp\/v2\/tags?post=10073"}],"curies":[{"name":"wp","href":"https:\/\/api.w.org\/{rel}","templated":true}]}}