{"id":10179,"date":"2025-10-17T15:33:59","date_gmt":"2025-10-17T18:33:59","guid":{"rendered":"https:\/\/universofamilia.com\/?p=10179"},"modified":"2025-10-17T15:34:01","modified_gmt":"2025-10-17T18:34:01","slug":"tendencias-tecnologicas-de-2025-que-afectaran-tu-dia-a-dia","status":"publish","type":"post","link":"https:\/\/universofamilia.com\/ro\/tendencias-tecnologicas-de-2025-que-afectaran-tu-dia-a-dia\/","title":{"rendered":"Tendin\u021be tehnologice ale anului 2025 care \u00ee\u021bi vor afecta via\u021ba de zi cu zi"},"content":{"rendered":"<p class=\"has-text-align-center\">Cel\/Cea\/Cei\/Cele <strong>Tendin\u021be tehnologice ale anului 2025 care \u00ee\u021bi vor afecta via\u021ba de zi cu zi<\/strong> Acestea marcheaz\u0103 deja o nou\u0103 er\u0103 \u00een modul \u00een care tr\u0103im, muncim \u0219i interac\u021bion\u0103m cu lumea digital\u0103.<\/p>\n\n\n\n<figure class=\"wp-block-gallery aligncenter has-nested-images columns-default is-cropped wp-block-gallery-1 is-layout-flex wp-block-gallery-is-layout-flex\">\n<figure class=\"wp-block-image size-full\"><img loading=\"lazy\" decoding=\"async\" width=\"450\" height=\"250\" data-id=\"10181\" src=\"https:\/\/universofamilia.com\/wp-content\/uploads\/sites\/148\/2025\/10\/Destaque-Novo-Universo-13-1.jpg\" alt=\"\" class=\"wp-image-10181\" srcset=\"https:\/\/universofamilia.com\/wp-content\/uploads\/sites\/148\/2025\/10\/Destaque-Novo-Universo-13-1.jpg 450w, https:\/\/universofamilia.com\/wp-content\/uploads\/sites\/148\/2025\/10\/Destaque-Novo-Universo-13-1-300x167.jpg 300w, https:\/\/universofamilia.com\/wp-content\/uploads\/sites\/148\/2025\/10\/Destaque-Novo-Universo-13-1-18x10.jpg 18w\" sizes=\"(max-width: 450px) 100vw, 450px\" \/><figcaption class=\"wp-element-caption\">CANVA<\/figcaption><\/figure>\n<\/figure>\n\n\n\n<p class=\"has-text-align-center\">Acest an reprezint\u0103 un punct de cotitur\u0103, \u00een care inteligen\u021ba artificial\u0103, automatizarea \u0219i sustenabilitatea tehnologic\u0103 se \u00eempletesc cu via\u021ba de zi cu zi.<\/p>\n\n\n\n<p>\u00cen urm\u0103toarele minute, ve\u021bi descoperi cum aceste inova\u021bii transform\u0103 economia, educa\u021bia, asisten\u021ba medical\u0103, divertismentul \u0219i modul \u00een care v\u0103 conecta\u021bi cu mediul \u00eenconjur\u0103tor.<\/p>\n\n\n\n<p><strong>Rezumatul articolului:<\/strong><\/p>\n\n\n\n<ol>\n<li>Revolu\u021bia inteligen\u021bei artificiale generative.<\/li>\n\n\n\n<li>Hiperautomatizarea ca nou\u0103 norm\u0103 a for\u021bei de munc\u0103.<\/li>\n\n\n\n<li>Tehnologie verde \u0219i sustenabilitate digital\u0103.<\/li>\n\n\n\n<li>Realitate augmentat\u0103 \u0219i experien\u021be imersive.<\/li>\n\n\n\n<li>Confiden\u021bialitatea digital\u0103 \u0219i \u00eencrederea online.<\/li>\n\n\n\n<li>Concluzie \u0219i \u00eentreb\u0103ri frecvente.<\/li>\n<\/ol>\n\n\n\n<h3 class=\"wp-block-heading\">Revolu\u021bia Inteligen\u021bei Artificiale Generative<\/h3>\n\n\n\n<p>P\u00e2n\u0103 \u00een 2025, inteligen\u021ba artificial\u0103 (IA) va \u00eenceta s\u0103 mai fie o promisiune \u0219i va deveni un instrument de zi cu zi. <\/p>\n\n\n\n<p>Platformele de inteligen\u021b\u0103 artificial\u0103 generativ\u0103 v\u0103 permit s\u0103 crea\u021bi con\u021binut, s\u0103 optimiza\u021bi sarcini \u0219i chiar s\u0103 proiecta\u021bi produse personalizate cu doar o scurt\u0103 instruc\u021biune.<\/p>\n\n\n\n<p>Conform unui raport al <em>McKinsey &amp; Company<\/em> publicat \u00een aprilie 2025, mai mult de <strong>65% din companiile globale<\/strong> folosesc deja inteligen\u021ba artificial\u0103 pentru a automatiza cel pu\u021bin un proces critic, iar num\u0103rul cre\u0219te \u00een fiecare lun\u0103.<\/p>\n\n\n\n<p>Aceast\u0103 evolu\u021bie nu transform\u0103 doar afacerile, ci \u0219i via\u021ba personal\u0103.<\/p>\n\n\n\n<p>Ast\u0103zi, oamenii folosesc asisten\u021bi virtuali mai inteligen\u021bi pentru a-\u0219i planifica mesele, a-\u0219i gestiona finan\u021bele sau a \u00eenv\u0103\u021ba noi abilit\u0103\u021bi.<\/p>\n\n\n\n<p>De exemplu, un student mexican poate folosi inteligen\u021ba artificial\u0103 pentru a-\u0219i \u00eembun\u0103t\u0103\u021bi pronun\u021bia \u00een limba englez\u0103 cu feedback instantaneu, sau un antreprenor poate concepe campanii publicitare adaptate ni\u0219ei sale f\u0103r\u0103 a se baza pe o agen\u021bie extern\u0103.<\/p>\n\n\n\n<p>Va \u00eenlocui complet IA munca uman\u0103? <\/p>\n\n\n\n<p>Probabil c\u0103 nu. Mai degrab\u0103, redefine\u0219te valoarea timpului, \u00eencuraj\u00e2nd profesioni\u0219tii s\u0103 se concentreze asupra a ceea ce necesit\u0103 cu adev\u0103rat creativitate, empatie \u0219i g\u00e2ndire strategic\u0103.<\/p>\n\n\n\n<h3 class=\"wp-block-heading\">Hiperautomatizarea ca nou\u0103 norm\u0103 a for\u021bei de munc\u0103<\/h3>\n\n\n\n<p>Un altul dintre <strong>Tendin\u021be tehnologice ale anului 2025 care \u00ee\u021bi vor afecta via\u021ba de zi cu zi<\/strong> este consolidarea hiperautomatiz\u0103rii.<\/p>\n\n\n\n<p>Acest concept, care combin\u0103 inteligen\u021ba artificial\u0103, \u00eenv\u0103\u021barea automat\u0103 \u0219i robotica, revolu\u021bioneaz\u0103 sectoare \u00eentregi.<\/p>\n\n\n\n<p>De la gestionarea stocurilor la analiza financiar\u0103, algoritmii pot acum \u00eendeplini sarcini care anterior necesitau echipe \u00eentregi de oameni.<\/p>\n\n\n\n<p>Conform <em>Forumul Economic Mondial<\/em>cel pu\u021bin p\u00e2n\u0103 la sf\u00e2r\u0219itul anului 2025 <strong>30% al opera\u021biunilor administrative<\/strong> \u00een America Latin\u0103 va fi automatizat\u0103.<\/p>\n\n\n\n<p>Aceast\u0103 tendin\u021b\u0103 nu implic\u0103 o \u00eenlocuire masiv\u0103 a locurilor de munc\u0103, ci mai degrab\u0103 o transformare profund\u0103 a rolurilor de munc\u0103.<\/p>\n\n\n\n<p>Cei mai valoro\u0219i profesioni\u0219ti vor fi cei capabili s\u0103 interpreteze datele, s\u0103 conduc\u0103 echipe hibride (umane \u0219i digitale) \u0219i s\u0103 creeze solu\u021bii etice cu ajutorul tehnologiei.<\/p>\n\n\n\n<p>Un exemplu clar poate fi observat \u00een sectorul logisticii: companii precum DHL \u0219i Mercado Libre utilizeaz\u0103 sisteme predictive pentru a anticipa v\u00e2rfurile de cerere \u0219i a reorganiza rutele de livrare \u00een timp real, reduc\u00e2nd costurile \u0219i \u00eembun\u0103t\u0103\u021bind experien\u021ba clien\u021bilor.<\/p>\n\n\n\n<h3 class=\"wp-block-heading\">Tehnologie verde \u0219i sustenabilitate digital\u0103<\/h3>\n\n\n\n<p>Con\u0219tientizarea mediului nu mai este o op\u021biune, ci o cerin\u021b\u0103. P\u00e2n\u0103 \u00een 2025, industria tehnologic\u0103 se va confrunta cu provocarea de a-\u0219i reduce amprenta ecologic\u0103.<\/p>\n\n\n\n<p>De la centrele de date alimentate cu energie solar\u0103 la smartphone-urile fabricate din materiale reciclabile, viitorul indic\u0103 spre o... <strong>tehnologie mai ecologic\u0103 \u0219i mai sustenabil\u0103<\/strong>.<\/p>\n\n\n\n<p>Conform <em>Agen\u021bia Interna\u021bional\u0103 pentru Energie (AIE)<\/em>, centrele de date consum\u0103 <strong>3% de electricitate global\u0103<\/strong>, dar noile solu\u021bii de r\u0103cire \u0219i eficien\u021b\u0103 energetic\u0103 ar putea reduce aceast\u0103 cifr\u0103 la jum\u0103tate p\u00e2n\u0103 \u00een 2030.<\/p>\n\n\n\n<p>Companii de top precum Google \u0219i Microsoft opereaz\u0103 deja cu energie regenerabil\u0103 100%, stabilind standardul pentru \u00eentreaga industrie.<\/p>\n\n\n\n<p>Iat\u0103 o analogie puternic\u0103: dac\u0103 tehnologia ar fi o p\u0103dure, 2025 ar fi anul \u00een care am \u00eenv\u0103\u021ba s\u0103 plant\u0103m mai mul\u021bi copaci dec\u00e2t t\u0103iem.<\/p>\n\n\n\n<p>Adoptarea unor practici sustenabile \u00een inova\u021bia tehnologic\u0103 nu aduce beneficii doar planetei, ci \u0219i economiilor locale, cre\u00e2nd locuri de munc\u0103 verzi \u0219i promov\u00e2nd consumul responsabil.<\/p>\n\n\n\n<h3 class=\"wp-block-heading\">Realitate augmentat\u0103 \u0219i experien\u021be imersive<\/h3>\n\n\n\n<p>Un altul dintre <strong>Tendin\u021be tehnologice ale anului 2025 care \u00ee\u021bi vor afecta via\u021ba de zi cu zi<\/strong> este extinderea realit\u0103\u021bii augmentate (AR) \u0219i a realit\u0103\u021bii virtuale (VR).<\/p>\n\n\n\n<p>Aceste tehnologii nu se mai limiteaz\u0103 la divertisment; ele influen\u021beaz\u0103 acum educa\u021bia, turismul \u0219i chiar medicina.<\/p>\n\n\n\n<p>De exemplu, spitalele din Mexico City \u0219i Monterrey folosesc medii de realitate virtual\u0103 pentru a instrui chirurgii f\u0103r\u0103 a pune \u00een pericol pacien\u021bii reali.<\/p>\n\n\n\n<p>\u00cen educa\u021bie, platforme precum <em>Laboratorul de Meta-Educa\u021bie<\/em> Acestea ofer\u0103 experien\u021be captivante \u00een care elevii pot explora sistemul solar sau pot c\u0103l\u0103tori \u00een civiliza\u021bii antice f\u0103r\u0103 a p\u0103r\u0103si sala de clas\u0103.<\/p>\n\n\n\n<p>Dezvoltarea lentilelor u\u0219oare, a bateriilor de lung\u0103 durat\u0103 \u0219i a conectivit\u0103\u021bii 5G a impulsionat adoptarea \u00een mas\u0103.<\/p>\n\n\n\n<p>\u00cen plus, conceptul de \u201emetavers func\u021bional\u201d este \u00een evolu\u021bie: nu mai este vorba despre evadarea din realitate, ci mai degrab\u0103 despre \u00eembog\u0103\u021birea acesteia cu informa\u021bii utile, experien\u021be colaborative \u0219i \u00eenv\u0103\u021bare imersiv\u0103.<\/p>\n\n\n\n<h3 class=\"wp-block-heading\">Confiden\u021bialitatea digital\u0103 \u0219i \u00eencrederea online<\/h3>\n\n\n\n<p>Pe m\u0103sur\u0103 ce tehnologiile avanseaz\u0103, cresc \u0219i preocup\u0103rile legate de confiden\u021bialitate.<\/p>\n\n\n\n<p>Cel\/Cea\/Cei\/Cele <strong>Tendin\u021be tehnologice ale anului 2025 care \u00ee\u021bi vor afecta via\u021ba de zi cu zi<\/strong> include un accent puternic pe <strong>protec\u021bia datelor cu caracter personal<\/strong>.<\/p>\n\n\n\n<p>Implementarea <em>Regulamentul privind protec\u021bia datelor din America Latin\u0103 (RLPD)<\/em>, inspirat de modelul european, a ridicat standardele de siguran\u021b\u0103.<\/p>\n\n\n\n<p>Acum, utilizatorii solicit\u0103 o mai mare transparen\u021b\u0103 cu privire la modul \u00een care sunt utilizate datele lor, iar companiile r\u0103spund cu politici mai clare \u0219i o criptare mai puternic\u0103.<\/p>\n\n\n\n<p>\u00cen plus, sistemele descentralizate de identitate digital\u0103 bazate pe blockchain c\u00e2\u0219tig\u0103 teren, permi\u021b\u00e2nd oamenilor s\u0103 controleze ce informa\u021bii partajeaz\u0103 \u0219i cu cine.<\/p>\n\n\n\n<p>Aceast\u0103 schimbare consolideaz\u0103 \u00eencrederea \u00een mediul digital, lucru esen\u021bial \u00eentr-o er\u0103 dominat\u0103 de interconectivitate.<\/p>\n\n\n\n<p>Securitatea nu mai este doar un aspect tehnic: este un pilon etic al fiec\u0103rei companii care caut\u0103 credibilitate \u0219i loialitate.<\/p>\n\n\n\n<h3 class=\"wp-block-heading\">Tabel: Impactul principalelor tendin\u021be tehnologice ale anului 2025<\/h3>\n\n\n\n<figure class=\"wp-block-table\"><table><thead><tr><th>Tendin\u021b\u0103 tehnologic\u0103<\/th><th>Impactul principal<\/th><th>Nivel de adop\u021bie global\u0103 (2025)<\/th><\/tr><\/thead><tbody><tr><td>Inteligen\u021ba Artificial\u0103 Generativ\u0103<\/td><td>Automatizare creativ\u0103 \u0219i productiv\u0103<\/td><td>65%<\/td><\/tr><tr><td>Hiperautomatizare<\/td><td>Eficien\u021b\u0103 opera\u021bional\u0103 \u0219i reducerea erorilor<\/td><td>30%<\/td><\/tr><tr><td>Tehnologie verde<\/td><td>Sustenabilitate \u0219i reducerea emisiilor<\/td><td>45%<\/td><\/tr><tr><td>Realitate augmentat\u0103 \u0219i virtual\u0103<\/td><td>Educa\u021bie \u0219i divertisment imersiv<\/td><td>40%<\/td><\/tr><tr><td>Confiden\u021bialitate digital\u0103<\/td><td>Protec\u021bia datelor \u0219i \u00eencrederea online<\/td><td>55%<\/td><\/tr><\/tbody><\/table><figcaption class=\"wp-element-caption\">Tendin\u021be tehnologice ale anului 2025 care \u00ee\u021bi vor afecta via\u021ba de zi cu zi<\/figcaption><\/figure>\n\n\n\n<figure class=\"wp-block-gallery aligncenter has-nested-images columns-default is-cropped wp-block-gallery-2 is-layout-flex wp-block-gallery-is-layout-flex\">\n<figure class=\"wp-block-image size-full\"><img loading=\"lazy\" decoding=\"async\" width=\"450\" height=\"250\" data-id=\"10182\" src=\"https:\/\/universofamilia.com\/wp-content\/uploads\/sites\/148\/2025\/10\/Destaque-Novo-Universo-15.jpg\" alt=\"\" class=\"wp-image-10182\" srcset=\"https:\/\/universofamilia.com\/wp-content\/uploads\/sites\/148\/2025\/10\/Destaque-Novo-Universo-15.jpg 450w, https:\/\/universofamilia.com\/wp-content\/uploads\/sites\/148\/2025\/10\/Destaque-Novo-Universo-15-300x167.jpg 300w, https:\/\/universofamilia.com\/wp-content\/uploads\/sites\/148\/2025\/10\/Destaque-Novo-Universo-15-18x10.jpg 18w\" sizes=\"(max-width: 450px) 100vw, 450px\" \/><figcaption class=\"wp-element-caption\">CANVA<\/figcaption><\/figure>\n<\/figure>\n\n\n\n<p>Cite\u015fte mai mult:<a href=\"https:\/\/universofamilia.com\/ro\/inteligencia-artificial-en-el-dia-a-dia\/\">\u00a0Inteligen\u021ba artificial\u0103 \u00een via\u021ba de zi cu zi<\/a><\/p>\n\n\n\n<h3 class=\"wp-block-heading\">Concluzie: Echilibrul dintre inova\u021bie \u0219i umanitate<\/h3>\n\n\n\n<p>Cel\/Cea\/Cei\/Cele <strong>Tendin\u021be tehnologice ale anului 2025 care \u00ee\u021bi vor afecta via\u021ba de zi cu zi<\/strong> Ele nu doar redefinesc viitorul: ele modeleaz\u0103 prezentul.<\/p>\n\n\n\n<p>Cheia nu este s\u0103 te opunem schimb\u0103rii, ci s\u0103 \u00eenv\u0103\u021b\u0103m s\u0103 tr\u0103im cu ea.<\/p>\n\n\n\n<p>Instrumentele digitale vor continua s\u0103 evolueze, dar adev\u0103rata lor putere const\u0103 \u00een modul \u00een care oamenii le integreaz\u0103 \u00een mod etic, responsabil \u0219i creativ.<\/p>\n\n\n\n<p>Provocarea din acest an \u0219i din anii urm\u0103tori este de a g\u0103si un echilibru \u00eentre inova\u021bie \u0219i umanitate.<\/p>\n\n\n\n<p>Tehnologia nu ar trebui s\u0103 \u00eenlocuiasc\u0103 umanitatea, ci mai degrab\u0103 s\u0103-i amplifice poten\u021bialul.<\/p>\n\n\n\n<p>Cite\u015fte mai mult:<a href=\"https:\/\/universofamilia.com\/ro\/inteligencia-artificial-en-el-dia-a-dia\/\">\u00a0<\/a><a href=\"https:\/\/universofamilia.com\/ro\/autenticacion-sin-contrasena-el-futuro-de-la-seguridad-digital\/\">Autentificare f\u0103r\u0103 parol\u0103: Viitorul securit\u0103\u021bii digitale<\/a><\/p>\n\n\n\n<h3 class=\"wp-block-heading\">\u00centreb\u0103ri frecvente<\/h3>\n\n\n\n<p><strong>1. Care sectoare vor fi cel mai afectate de tendin\u021bele tehnologice ale anului 2025?<\/strong><br>\u00cen principal educa\u021bie, s\u0103n\u0103tate, comer\u021b electronic \u0219i servicii financiare, datorit\u0103 adopt\u0103rii masive a inteligen\u021bei artificiale \u0219i a automatiz\u0103rii.<\/p>\n\n\n\n<p><strong>2. Cum se poate adapta o persoan\u0103 la aceste schimb\u0103ri?<\/strong><br>Investi\u021biile \u00een competen\u021be digitale, g\u00e2ndire critic\u0103 \u0219i \u00eenv\u0103\u021bare continu\u0103 vor fi esen\u021biale pentru a r\u0103m\u00e2ne relevan\u021bi pe o pia\u021b\u0103 din ce \u00een ce mai automatizat\u0103.<\/p>\n\n\n\n<p><strong>3. Ce riscuri implic\u0103 aceste inova\u021bii?<\/strong><br>Cele mai mari provoc\u0103ri se refer\u0103 la securitatea cibernetic\u0103, etica \u00een utilizarea inteligen\u021bei artificiale \u0219i inegalitatea digital\u0103 dintre regiuni.<\/p>\n\n\n\n<p><strong>4. Merit\u0103 s\u0103 investe\u0219ti \u00een tehnologie sustenabil\u0103?<\/strong><br>Cu siguran\u021b\u0103. Companiile cu practici ecologice nu numai c\u0103 \u00ee\u0219i reduc impactul asupra mediului, dar \u00ee\u0219i \u00eembun\u0103t\u0103\u021besc \u0219i reputa\u021bia \u0219i atrag consumatori con\u0219tien\u021bi.<\/p>\n\n\n\n<p><strong>\u00cen concluzie<\/strong>, cel\/cea\/cei\/cele <strong>Tendin\u021be tehnologice ale anului 2025 care \u00ee\u021bi vor afecta via\u021ba de zi cu zi<\/strong> Acestea reprezint\u0103 un salt evolutiv c\u0103tre un viitor mai inteligent, mai eficient \u0219i mai sustenabil.<\/p>\n\n\n\n<p>Cei care le \u00een\u021beleg amploarea \u0219i \u00eenva\u021b\u0103 s\u0103 le valorifice nu numai c\u0103 vor prospera \u00een era digital\u0103, dar vor contribui \u0219i la construirea unei lumi mai conectate \u0219i mai con\u0219tiente.<\/p>","protected":false},"excerpt":{"rendered":"<p>Las tendencias tecnol\u00f3gicas de 2025 que afectar\u00e1n tu d\u00eda a d\u00eda ya est\u00e1n marcando una nueva era en la forma en que vivimos, trabajamos y nos relacionamos con el mundo digital. Este a\u00f1o representa un punto de inflexi\u00f3n, donde la inteligencia artificial, la automatizaci\u00f3n y la sostenibilidad tecnol\u00f3gica se entrelazan con la vida cotidiana. En [&hellip;]<\/p>","protected":false},"author":219,"featured_media":10180,"comment_status":"closed","ping_status":"open","sticky":false,"template":"","format":"standard","meta":{"footnotes":""},"categories":[3],"tags":[],"yoast_head":"<!-- This site is optimized with the Yoast SEO plugin v23.3 - https:\/\/yoast.com\/wordpress\/plugins\/seo\/ -->\n<title>Tendencias tecnol\u00f3gicas de 2025 que afectar\u00e1n tu d\u00eda a d\u00eda - Universo Fam\u00edlia<\/title>\n<meta name=\"description\" content=\"Las tendencias tecnol\u00f3gicas de 2025 que afectar\u00e1n tu d\u00eda a d\u00eda ya est\u00e1n marcando una nueva era en la forma en que vivimos, trabajamos y nos..\" \/>\n<meta name=\"robots\" content=\"index, follow, max-snippet:-1, max-image-preview:large, max-video-preview:-1\" \/>\n<link rel=\"canonical\" href=\"https:\/\/universofamilia.com\/ro\/tendencias-tecnologicas-de-2025-que-afectaran-tu-dia-a-dia\/\" \/>\n<meta property=\"og:locale\" content=\"ro_RO\" \/>\n<meta property=\"og:type\" content=\"article\" \/>\n<meta property=\"og:title\" content=\"Tendencias tecnol\u00f3gicas de 2025 que afectar\u00e1n tu d\u00eda a d\u00eda - Universo Fam\u00edlia\" \/>\n<meta property=\"og:description\" content=\"Las tendencias tecnol\u00f3gicas de 2025 que afectar\u00e1n tu d\u00eda a d\u00eda ya est\u00e1n marcando una nueva era en la forma en que vivimos, trabajamos y nos..\" \/>\n<meta property=\"og:url\" content=\"https:\/\/universofamilia.com\/ro\/tendencias-tecnologicas-de-2025-que-afectaran-tu-dia-a-dia\/\" \/>\n<meta property=\"og:site_name\" content=\"Universo Fam\u00edlia\" \/>\n<meta property=\"article:published_time\" content=\"2025-10-17T18:33:59+00:00\" \/>\n<meta property=\"article:modified_time\" content=\"2025-10-17T18:34:01+00:00\" \/>\n<meta property=\"og:image\" content=\"https:\/\/universofamilia.com\/wp-content\/uploads\/sites\/148\/2025\/10\/Destaque-Novo-Universo-13.jpg\" \/>\n\t<meta property=\"og:image:width\" content=\"450\" \/>\n\t<meta property=\"og:image:height\" content=\"250\" \/>\n\t<meta property=\"og:image:type\" content=\"image\/jpeg\" \/>\n<meta name=\"author\" content=\"Matheus Sangaletti\" \/>\n<meta name=\"twitter:card\" content=\"summary_large_image\" \/>\n<meta name=\"twitter:label1\" content=\"Written by\" \/>\n\t<meta name=\"twitter:data1\" content=\"Matheus Sangaletti\" \/>\n\t<meta name=\"twitter:label2\" content=\"Est. reading time\" \/>\n\t<meta name=\"twitter:data2\" content=\"8 minute\" \/>\n<script type=\"application\/ld+json\" class=\"yoast-schema-graph\">{\"@context\":\"https:\/\/schema.org\",\"@graph\":[{\"@type\":\"WebPage\",\"@id\":\"https:\/\/universofamilia.com\/cs\/tendencias-tecnologicas-de-2025-que-afectaran-tu-dia-a-dia\/\",\"url\":\"https:\/\/universofamilia.com\/cs\/tendencias-tecnologicas-de-2025-que-afectaran-tu-dia-a-dia\/\",\"name\":\"Tendencias tecnol\u00f3gicas de 2025 que afectar\u00e1n tu d\u00eda a d\u00eda - Universo Fam\u00edlia\",\"isPartOf\":{\"@id\":\"https:\/\/universofamilia.com\/el\/#website\"},\"primaryImageOfPage\":{\"@id\":\"https:\/\/universofamilia.com\/cs\/tendencias-tecnologicas-de-2025-que-afectaran-tu-dia-a-dia\/#primaryimage\"},\"image\":{\"@id\":\"https:\/\/universofamilia.com\/cs\/tendencias-tecnologicas-de-2025-que-afectaran-tu-dia-a-dia\/#primaryimage\"},\"thumbnailUrl\":\"https:\/\/universofamilia.com\/wp-content\/uploads\/sites\/148\/2025\/10\/Destaque-Novo-Universo-13.jpg\",\"datePublished\":\"2025-10-17T18:33:59+00:00\",\"dateModified\":\"2025-10-17T18:34:01+00:00\",\"author\":{\"@id\":\"https:\/\/universofamilia.com\/el\/#\/schema\/person\/92fcd07e9b1f4323bf74f3170fc0f78a\"},\"description\":\"Las tendencias tecnol\u00f3gicas de 2025 que afectar\u00e1n tu d\u00eda a d\u00eda ya est\u00e1n marcando una nueva era en la forma en que vivimos, trabajamos y nos..\",\"breadcrumb\":{\"@id\":\"https:\/\/universofamilia.com\/cs\/tendencias-tecnologicas-de-2025-que-afectaran-tu-dia-a-dia\/#breadcrumb\"},\"inLanguage\":\"ro-RO\",\"potentialAction\":[{\"@type\":\"ReadAction\",\"target\":[\"https:\/\/universofamilia.com\/cs\/tendencias-tecnologicas-de-2025-que-afectaran-tu-dia-a-dia\/\"]}]},{\"@type\":\"ImageObject\",\"inLanguage\":\"ro-RO\",\"@id\":\"https:\/\/universofamilia.com\/cs\/tendencias-tecnologicas-de-2025-que-afectaran-tu-dia-a-dia\/#primaryimage\",\"url\":\"https:\/\/universofamilia.com\/wp-content\/uploads\/sites\/148\/2025\/10\/Destaque-Novo-Universo-13.jpg\",\"contentUrl\":\"https:\/\/universofamilia.com\/wp-content\/uploads\/sites\/148\/2025\/10\/Destaque-Novo-Universo-13.jpg\",\"width\":450,\"height\":250},{\"@type\":\"BreadcrumbList\",\"@id\":\"https:\/\/universofamilia.com\/cs\/tendencias-tecnologicas-de-2025-que-afectaran-tu-dia-a-dia\/#breadcrumb\",\"itemListElement\":[{\"@type\":\"ListItem\",\"position\":1,\"name\":\"Home\",\"item\":\"https:\/\/universofamilia.com\/el\/\"},{\"@type\":\"ListItem\",\"position\":2,\"name\":\"Tendencias tecnol\u00f3gicas de 2025 que afectar\u00e1n tu d\u00eda a d\u00eda\"}]},{\"@type\":\"WebSite\",\"@id\":\"https:\/\/universofamilia.com\/el\/#website\",\"url\":\"https:\/\/universofamilia.com\/el\/\",\"name\":\"Universo Fam\u00edlia\",\"description\":\"\",\"potentialAction\":[{\"@type\":\"SearchAction\",\"target\":{\"@type\":\"EntryPoint\",\"urlTemplate\":\"https:\/\/universofamilia.com\/el\/?s={search_term_string}\"},\"query-input\":\"required name=search_term_string\"}],\"inLanguage\":\"ro-RO\"},{\"@type\":\"Person\",\"@id\":\"https:\/\/universofamilia.com\/el\/#\/schema\/person\/92fcd07e9b1f4323bf74f3170fc0f78a\",\"name\":\"Matheus Sangaletti\",\"image\":{\"@type\":\"ImageObject\",\"inLanguage\":\"ro-RO\",\"@id\":\"https:\/\/universofamilia.com\/el\/#\/schema\/person\/image\/\",\"url\":\"https:\/\/secure.gravatar.com\/avatar\/280ea957a14a48e6a1ad2133d2cc27c9?s=96&d=mm&r=g\",\"contentUrl\":\"https:\/\/secure.gravatar.com\/avatar\/280ea957a14a48e6a1ad2133d2cc27c9?s=96&d=mm&r=g\",\"caption\":\"Matheus Sangaletti\"},\"url\":\"https:\/\/universofamilia.com\/ro\/author\/matheuss\/\"}]}<\/script>\n<!-- \/ Yoast SEO plugin. -->","yoast_head_json":{"title":"Tendencias tecnol\u00f3gicas de 2025 que afectar\u00e1n tu d\u00eda a d\u00eda - Universo Fam\u00edlia","description":"Las tendencias tecnol\u00f3gicas de 2025 que afectar\u00e1n tu d\u00eda a d\u00eda ya est\u00e1n marcando una nueva era en la forma en que vivimos, trabajamos y nos..","robots":{"index":"index","follow":"follow","max-snippet":"max-snippet:-1","max-image-preview":"max-image-preview:large","max-video-preview":"max-video-preview:-1"},"canonical":"https:\/\/universofamilia.com\/ro\/tendencias-tecnologicas-de-2025-que-afectaran-tu-dia-a-dia\/","og_locale":"ro_RO","og_type":"article","og_title":"Tendencias tecnol\u00f3gicas de 2025 que afectar\u00e1n tu d\u00eda a d\u00eda - Universo Fam\u00edlia","og_description":"Las tendencias tecnol\u00f3gicas de 2025 que afectar\u00e1n tu d\u00eda a d\u00eda ya est\u00e1n marcando una nueva era en la forma en que vivimos, trabajamos y nos..","og_url":"https:\/\/universofamilia.com\/ro\/tendencias-tecnologicas-de-2025-que-afectaran-tu-dia-a-dia\/","og_site_name":"Universo Fam\u00edlia","article_published_time":"2025-10-17T18:33:59+00:00","article_modified_time":"2025-10-17T18:34:01+00:00","og_image":[{"width":450,"height":250,"url":"https:\/\/universofamilia.com\/wp-content\/uploads\/sites\/148\/2025\/10\/Destaque-Novo-Universo-13.jpg","type":"image\/jpeg"}],"author":"Matheus Sangaletti","twitter_card":"summary_large_image","twitter_misc":{"Written by":"Matheus Sangaletti","Est. reading time":"8 minute"},"schema":{"@context":"https:\/\/schema.org","@graph":[{"@type":"WebPage","@id":"https:\/\/universofamilia.com\/cs\/tendencias-tecnologicas-de-2025-que-afectaran-tu-dia-a-dia\/","url":"https:\/\/universofamilia.com\/cs\/tendencias-tecnologicas-de-2025-que-afectaran-tu-dia-a-dia\/","name":"Tendencias tecnol\u00f3gicas de 2025 que afectar\u00e1n tu d\u00eda a d\u00eda - Universo Fam\u00edlia","isPartOf":{"@id":"https:\/\/universofamilia.com\/el\/#website"},"primaryImageOfPage":{"@id":"https:\/\/universofamilia.com\/cs\/tendencias-tecnologicas-de-2025-que-afectaran-tu-dia-a-dia\/#primaryimage"},"image":{"@id":"https:\/\/universofamilia.com\/cs\/tendencias-tecnologicas-de-2025-que-afectaran-tu-dia-a-dia\/#primaryimage"},"thumbnailUrl":"https:\/\/universofamilia.com\/wp-content\/uploads\/sites\/148\/2025\/10\/Destaque-Novo-Universo-13.jpg","datePublished":"2025-10-17T18:33:59+00:00","dateModified":"2025-10-17T18:34:01+00:00","author":{"@id":"https:\/\/universofamilia.com\/el\/#\/schema\/person\/92fcd07e9b1f4323bf74f3170fc0f78a"},"description":"Las tendencias tecnol\u00f3gicas de 2025 que afectar\u00e1n tu d\u00eda a d\u00eda ya est\u00e1n marcando una nueva era en la forma en que vivimos, trabajamos y nos..","breadcrumb":{"@id":"https:\/\/universofamilia.com\/cs\/tendencias-tecnologicas-de-2025-que-afectaran-tu-dia-a-dia\/#breadcrumb"},"inLanguage":"ro-RO","potentialAction":[{"@type":"ReadAction","target":["https:\/\/universofamilia.com\/cs\/tendencias-tecnologicas-de-2025-que-afectaran-tu-dia-a-dia\/"]}]},{"@type":"ImageObject","inLanguage":"ro-RO","@id":"https:\/\/universofamilia.com\/cs\/tendencias-tecnologicas-de-2025-que-afectaran-tu-dia-a-dia\/#primaryimage","url":"https:\/\/universofamilia.com\/wp-content\/uploads\/sites\/148\/2025\/10\/Destaque-Novo-Universo-13.jpg","contentUrl":"https:\/\/universofamilia.com\/wp-content\/uploads\/sites\/148\/2025\/10\/Destaque-Novo-Universo-13.jpg","width":450,"height":250},{"@type":"BreadcrumbList","@id":"https:\/\/universofamilia.com\/cs\/tendencias-tecnologicas-de-2025-que-afectaran-tu-dia-a-dia\/#breadcrumb","itemListElement":[{"@type":"ListItem","position":1,"name":"Home","item":"https:\/\/universofamilia.com\/el\/"},{"@type":"ListItem","position":2,"name":"Tendencias tecnol\u00f3gicas de 2025 que afectar\u00e1n tu d\u00eda a d\u00eda"}]},{"@type":"WebSite","@id":"https:\/\/universofamilia.com\/el\/#website","url":"https:\/\/universofamilia.com\/el\/","name":"Universo Fam\u00edlia","description":"","potentialAction":[{"@type":"SearchAction","target":{"@type":"EntryPoint","urlTemplate":"https:\/\/universofamilia.com\/el\/?s={search_term_string}"},"query-input":"required name=search_term_string"}],"inLanguage":"ro-RO"},{"@type":"Person","@id":"https:\/\/universofamilia.com\/el\/#\/schema\/person\/92fcd07e9b1f4323bf74f3170fc0f78a","name":"Matheus Sangaletti","image":{"@type":"ImageObject","inLanguage":"ro-RO","@id":"https:\/\/universofamilia.com\/el\/#\/schema\/person\/image\/","url":"https:\/\/secure.gravatar.com\/avatar\/280ea957a14a48e6a1ad2133d2cc27c9?s=96&d=mm&r=g","contentUrl":"https:\/\/secure.gravatar.com\/avatar\/280ea957a14a48e6a1ad2133d2cc27c9?s=96&d=mm&r=g","caption":"Matheus Sangaletti"},"url":"https:\/\/universofamilia.com\/ro\/author\/matheuss\/"}]}},"_links":{"self":[{"href":"https:\/\/universofamilia.com\/ro\/wp-json\/wp\/v2\/posts\/10179"}],"collection":[{"href":"https:\/\/universofamilia.com\/ro\/wp-json\/wp\/v2\/posts"}],"about":[{"href":"https:\/\/universofamilia.com\/ro\/wp-json\/wp\/v2\/types\/post"}],"author":[{"embeddable":true,"href":"https:\/\/universofamilia.com\/ro\/wp-json\/wp\/v2\/users\/219"}],"replies":[{"embeddable":true,"href":"https:\/\/universofamilia.com\/ro\/wp-json\/wp\/v2\/comments?post=10179"}],"version-history":[{"count":1,"href":"https:\/\/universofamilia.com\/ro\/wp-json\/wp\/v2\/posts\/10179\/revisions"}],"predecessor-version":[{"id":10183,"href":"https:\/\/universofamilia.com\/ro\/wp-json\/wp\/v2\/posts\/10179\/revisions\/10183"}],"wp:featuredmedia":[{"embeddable":true,"href":"https:\/\/universofamilia.com\/ro\/wp-json\/wp\/v2\/media\/10180"}],"wp:attachment":[{"href":"https:\/\/universofamilia.com\/ro\/wp-json\/wp\/v2\/media?parent=10179"}],"wp:term":[{"taxonomy":"category","embeddable":true,"href":"https:\/\/universofamilia.com\/ro\/wp-json\/wp\/v2\/categories?post=10179"},{"taxonomy":"post_tag","embeddable":true,"href":"https:\/\/universofamilia.com\/ro\/wp-json\/wp\/v2\/tags?post=10179"}],"curies":[{"name":"wp","href":"https:\/\/api.w.org\/{rel}","templated":true}]}}