{"id":10184,"date":"2025-10-17T16:36:08","date_gmt":"2025-10-17T19:36:08","guid":{"rendered":"https:\/\/universofamilia.com\/?p=10184"},"modified":"2025-10-17T16:46:53","modified_gmt":"2025-10-17T19:46:53","slug":"realidad-aumentada-y-metaverso","status":"publish","type":"post","link":"https:\/\/universofamilia.com\/ro\/realidad-aumentada-y-metaverso\/","title":{"rendered":"Ma\u0219ini autonome, realitate augmentat\u0103 \u0219i metaversul"},"content":{"rendered":"<p class=\"has-text-align-center\">Cel\/Cea\/Cei\/Cele <strong>Ma\u0219ini autonome, realitate augmentat\u0103 \u0219i metaversul: la ce s\u0103 ne a\u0219tept\u0103m<\/strong> \u00cen 2025, acestea nu mai sunt concepte futuriste, ci mai degrab\u0103 pilonii unei transform\u0103ri tehnologice care redefine\u0219te mobilitatea.<\/p>\n\n\n\n<figure class=\"wp-block-gallery aligncenter has-nested-images columns-default is-cropped wp-block-gallery-1 is-layout-flex wp-block-gallery-is-layout-flex\">\n<figure class=\"wp-block-image size-full\"><img loading=\"lazy\" decoding=\"async\" width=\"450\" height=\"250\" data-id=\"10186\" src=\"https:\/\/universofamilia.com\/wp-content\/uploads\/sites\/148\/2025\/10\/Destaque-Novo-Universo-17-1.jpg\" alt=\"\" class=\"wp-image-10186\" srcset=\"https:\/\/universofamilia.com\/wp-content\/uploads\/sites\/148\/2025\/10\/Destaque-Novo-Universo-17-1.jpg 450w, https:\/\/universofamilia.com\/wp-content\/uploads\/sites\/148\/2025\/10\/Destaque-Novo-Universo-17-1-300x167.jpg 300w, https:\/\/universofamilia.com\/wp-content\/uploads\/sites\/148\/2025\/10\/Destaque-Novo-Universo-17-1-18x10.jpg 18w\" sizes=\"(max-width: 450px) 100vw, 450px\" \/><figcaption class=\"wp-element-caption\">CANVA<\/figcaption><\/figure>\n<\/figure>\n\n\n\n<p class=\"has-text-align-center\">Anul acesta marcheaz\u0103 un punct de convergen\u021b\u0103 \u00eentre trei inova\u021bii care c\u00e2ndva p\u0103reau \u00eendep\u0103rtate, dar care acum lucreaz\u0103 \u00eempreun\u0103 pentru a crea medii mai sigure, mai captivante \u0219i mai personalizate.<\/p>\n\n\n\n<p>Acest articol va explora modul \u00een care aceste progrese modeleaz\u0103 prezentul \u0219i viitorul imediat, aplica\u021biile lor \u00een lumea real\u0103, provoc\u0103rile etice \u0219i sociale pe care le prezint\u0103 \u0219i la ce v\u0103 pute\u021bi a\u0219tepta \u00een anii urm\u0103tori.<\/p>\n\n\n\n<p><strong>Rezumatul articolului:<\/strong><\/p>\n\n\n\n<ol>\n<li>Avansul de neoprit al ma\u0219inilor autonome.<\/li>\n\n\n\n<li>Realitate augmentat\u0103: de la ecran la mediul fizic.<\/li>\n\n\n\n<li>Metaversul \u0219i extinderea experien\u021belor digitale.<\/li>\n\n\n\n<li>Interconectarea dintre mobilitate, imersiune \u0219i virtualitate.<\/li>\n\n\n\n<li>Provoc\u0103ri etice, sustenabilitate \u0219i confiden\u021bialitate.<\/li>\n\n\n\n<li>Concluzie \u0219i \u00eentreb\u0103ri frecvente.<\/li>\n<\/ol>\n\n\n\n<h3 class=\"wp-block-heading\">Avansul de neoprit al ma\u0219inilor autonome<\/h3>\n\n\n\n<p>Cel\/Cea\/Cei\/Cele <strong>Ma\u0219ini autonome, realitate augmentat\u0103 \u0219i metaversul: la ce s\u0103 ne a\u0219tept\u0103m<\/strong> Acestea reprezint\u0103 trei revolu\u021bii paralele, dar dezvoltarea vehiculelor f\u0103r\u0103 \u0219ofer a devenit axa cea mai tangibil\u0103.<\/p>\n\n\n\n<p>P\u00e2n\u0103 \u00een 2025, companii precum Tesla, Waymo, Baidu \u0219i Cruise au f\u0103cut progrese semnificative c\u0103tre nivelul 4 de autonomie, permi\u021b\u00e2nd ma\u0219inilor s\u0103 se deplaseze f\u0103r\u0103 interven\u021bie uman\u0103 \u00een medii urbane controlate.<\/p>\n\n\n\n<p>Conform unui raport recent al <em>Cercetare de pia\u021b\u0103 aliat\u0103<\/em>, pia\u021ba global\u0103 a vehiculelor autonome va atinge o valoare de <strong>2,3 trilioane de dolari p\u00e2n\u0103 \u00een 2030<\/strong>, impulsionat\u0103 de investi\u021biile tot mai mari \u00een senzori, software de \u00eenv\u0103\u021bare automat\u0103 \u0219i re\u021bele 5G<\/p>\n\n\n\n<p> \u00cen Mexic, exist\u0103 deja programe pilot \u00een Monterrey \u0219i Guadalajara, unde flote de taxiuri autonome opereaz\u0103 \u00een zone desemnate, oferind transferuri mai eficiente \u0219i reduc\u00e2nd accidentele cauzate de erori umane.<\/p>\n\n\n\n<p>Totu\u0219i, dezbaterea dep\u0103\u0219e\u0219te limitele ingineriei: implic\u0103 \u00eencredere. E\u0219ti dispus s\u0103 cedezi controlul complet asupra vehiculului t\u0103u unui algoritm?<\/p>\n\n\n\n<p>Tranzi\u021bia c\u0103tre condusul autonom necesit\u0103 o nou\u0103 rela\u021bie \u00eentre om \u0219i ma\u0219in\u0103, \u00een care transparen\u021ba \u0219i siguran\u021ba sunt esen\u021biale.<\/p>\n\n\n\n<h3 class=\"wp-block-heading\">Realitate augmentat\u0103: de la ecran la mediul fizic<\/h3>\n\n\n\n<p>A doua transformare major\u0103 \u00een cadrul <strong>Ma\u0219ini autonome, realitate augmentat\u0103 \u0219i metaversul: la ce s\u0103 ne a\u0219tept\u0103m<\/strong> este ascensiunea realit\u0103\u021bii augmentate (AR).<\/p>\n\n\n\n<p>Aceast\u0103 tehnologie amplific\u0103 mediul real prin suprapunerea informa\u021biilor digitale, gener\u00e2nd experien\u021be interactive care anterior existau doar \u00een science fiction.<\/p>\n\n\n\n<p>P\u00e2n\u0103 \u00een 2025, realitatea augmentat\u0103 (RA) va fi integrat\u0103 \u00een parbrizele vehiculelor, proiect\u00e2nd date precum limitele de vitez\u0103, distan\u021bele de siguran\u021b\u0103 \u0219i rutele optime direct \u00een c\u00e2mpul vizual al \u0219oferului sau al pasagerului.<\/p>\n\n\n\n<p>M\u0103rci precum BMW \u0219i Mercedes-Benz echipeaz\u0103 deja unele modele cu afi\u0219aje head-up avansate care utilizeaz\u0103 inteligen\u021ba artificial\u0103 pentru a prezice riscurile \u0219i a oferi \u00eendrum\u0103ri proactive.<\/p>\n\n\n\n<p><\/p>\n\n\n\n<p>\u00cen afara sectorului auto, realitatea augmentat\u0103 a devenit o component\u0103 central\u0103 a educa\u021biei \u0219i comer\u021bului.<\/p>\n\n\n\n<p>Un exemplu actual: \u00een Mexic, unele universit\u0103\u021bi aplic\u0103 realitate augmentat\u0103 (RA) \u00een laboratoare virtuale, astfel \u00eenc\u00e2t studen\u021bii la inginerie s\u0103 poat\u0103 interac\u021biona cu modele 3D ale sistemelor electrice f\u0103r\u0103 a fi nevoie de materiale fizice.<\/p>\n\n\n\n<p>\u00cen esen\u021b\u0103, realitatea augmentat\u0103 transform\u0103 modul \u00een care percepem lumea, estomp\u00e2nd grani\u021bele dintre digital \u0219i tangibil.<\/p>\n\n\n\n<p>Asemenea unei lentile inteligente asupra realit\u0103\u021bii, ea extinde capacitatea uman\u0103 de a vedea, de a \u00eenv\u0103\u021ba \u0219i de a ac\u021biona.<\/p>\n\n\n\n<h3 class=\"wp-block-heading\">Metaversul \u0219i extinderea experien\u021belor digitale<\/h3>\n\n\n\n<p>Metaversul a ajuns la maturitate. Ceea ce a fost odat\u0103 un experiment social sau de divertisment este acum o platform\u0103 economic\u0103 \u0219i educa\u021bional\u0103 cu multiple aplica\u021bii \u00een lumea real\u0103.<\/p>\n\n\n\n<p>\u00cen 2025, va fi utilizat \u00een principal pentru instruire, \u00eent\u00e2lniri de lucru, asisten\u021b\u0103 medical\u0103 la distan\u021b\u0103 \u0219i dezvoltare de proiecte colaborative.<\/p>\n\n\n\n<p>\u00cen contextul <strong>Ma\u0219ini autonome, realitate augmentat\u0103 \u0219i metaversul: la ce s\u0103 ne a\u0219tept\u0103m<\/strong>Acest univers virtual interconectat devine un spa\u021biu pentru munc\u0103, crea\u021bie \u0219i \u00eenv\u0103\u021bare la distan\u021b\u0103.<\/p>\n\n\n\n<p>Companii precum Meta, Microsoft \u0219i NVIDIA au transformat conceptul ini\u021bial \u00een ceva mai pragmatic:<\/p>\n\n\n\n<p>Ecosisteme \u00een care oamenii pot colabora \u00een timp real din diferite p\u0103r\u021bi ale lumii, folosind avatare hiperrealiste \u0219i instrumente de simulare 3D.<\/p>\n\n\n\n<p>\u00cen Mexic, sectoare precum arhitectura \u0219i medicina profit\u0103 deja de aceste medii pentru a-\u0219i forma profesioni\u0219tii.<\/p>\n\n\n\n<p>De exemplu, un grup de chirurgi de la <em>Institutul Na\u021bional de \u0218tiin\u021be Medicale \u0219i Nutri\u021bie Salvador Zubir\u00e1n<\/em> utilizeaz\u0103 medii virtuale pentru a planifica proceduri complexe \u00eenainte de a le efectua \u00een s\u0103li de opera\u021bie reale.<\/p>\n\n\n\n<p>Metaversul se conecteaz\u0103 \u0219i cu mobilitatea: ma\u0219inile autonome ar putea deveni extensii mobile ale acestor spa\u021bii, unde pasagerii pot lucra, \u00eenv\u0103\u021ba sau se pot distra \u00een timp ce c\u0103l\u0103toresc, f\u0103r\u0103 a-\u0219i face griji pentru trafic.<\/p>\n\n\n\n<h3 class=\"wp-block-heading\">Interconectarea dintre mobilitate, imersiune \u0219i virtualitate<\/h3>\n\n\n\n<p>Lucrul cu adev\u0103rat fascinant despre <strong>Ma\u0219ini autonome, realitate augmentat\u0103 \u0219i metaversul: la ce s\u0103 ne a\u0219tept\u0103m<\/strong> Nu este vorba de fiecare tehnologie \u00een parte, ci de integrarea lor.<\/p>\n\n\n\n<p>P\u00e2n\u0103 \u00een 2025, sinergia dintre ele va da na\u0219tere unor ecosisteme digitale complet noi.<\/p>\n\n\n\n<p>Imagineaz\u0103-\u021bi asta: te urci \u00eentr-un vehicul autonom echipat cu realitate augmentat\u0103.<\/p>\n\n\n\n<p>Pe m\u0103sur\u0103 ce ma\u0219ina se deplaseaz\u0103, parbrizul proiecteaz\u0103 informa\u021bii despre locurile prin care treci \u2014 istoric, recomand\u0103ri, vreme \u0219i trafic \u2014 \u00een timp ce participi la o \u00eent\u00e2lnire virtual\u0103 \u00een metavers.<\/p>\n\n\n\n<p>Nu e\u0219ti deconectat de realitate, ci extins \u00een cadrul ei.<\/p>\n\n\n\n<p>Aceasta este adev\u0103rata revolu\u021bie: s\u0103 nu tr\u0103im \u00een lumi paralele, ci \u00eentr-un singur mediu hibrid \u00een care fizicul \u0219i digitalul coexist\u0103.<\/p>\n\n\n\n<p>O astfel de integrare redefine\u0219te conceptul de \u201eprezen\u021b\u0103\u201d \u0219i transform\u0103 rutina \u00eentr-o experien\u021b\u0103 inteligent\u0103 \u0219i personalizat\u0103.<\/p>\n\n\n\n<p>Un exemplu concret este proiectul <em>Centru de Mobilitate Inteligent\u0103<\/em> dezvoltat \u00een Coreea de Sud, care combin\u0103 transportul autonom, realitatea extins\u0103 \u0219i conectivitatea 6G pentru a crea rute dinamice adaptate utilizatorului.<\/p>\n\n\n\n<p>Acest model va servi drept referin\u021b\u0103 pentru ora\u0219ele din America Latin\u0103 care doresc s\u0103 treac\u0103 la o mobilitate urban\u0103 mai eficient\u0103 \u0219i mai conectat\u0103.<\/p>\n\n\n\n<h3 class=\"wp-block-heading\">Provoc\u0103ri etice, sustenabilitate \u0219i confiden\u021bialitate<\/h3>\n\n\n\n<p>Fiecare revolu\u021bie tehnologic\u0103 implic\u0103 dileme etice.<\/p>\n\n\n\n<p>\u00cen cazul <strong>Ma\u0219ini autonome, realitate augmentat\u0103 \u0219i metaversul: la ce s\u0103 ne a\u0219tept\u0103m<\/strong>, \u00eentreb\u0103rile legate de confiden\u021bialitate, sustenabilitate \u0219i utilizarea datelor devin urgente.<\/p>\n\n\n\n<p>Prelucrarea informa\u021biilor cu caracter personal \u00een medii imersive necesit\u0103 reglement\u0103ri robuste.<\/p>\n\n\n\n<p>\u00cen 2025, <em>Uniunea European\u0103<\/em> \u0219i mai multe \u021b\u0103ri din America Latin\u0103, inclusiv Mexic, au adoptat cadre juridice mai stricte pentru a proteja identitatea digital\u0103 \u0219i a limita urm\u0103rirea biometric\u0103.<\/p>\n\n\n\n<p>O alt\u0103 provocare este sustenabilitatea. Centrele de date care sus\u021bin metaversul \u0219i inteligen\u021ba artificial\u0103 consum\u0103 cantit\u0103\u021bi mari de energie.<\/p>\n\n\n\n<p>Conform <em>Agen\u021bia Interna\u021bional\u0103 pentru Energie (AIE)<\/em>, opera\u021biunile digitale reprezint\u0103 aproximativ <strong>4% din consumul global de energie electric\u0103<\/strong>.<\/p>\n\n\n\n<p>Companiile r\u0103spund cu strategii de energie regenerabil\u0103 \u0219i optimizare algoritmic\u0103 pentru a-\u0219i reduce amprenta de carbon.<\/p>\n\n\n\n<p>Etica condusului autonom este, de asemenea, \u00een dezbatere: cum ar trebui s\u0103 reac\u021bioneze un vehicul \u00een cazul unui accident inevitabil?<\/p>\n\n\n\n<p>Aceste tipuri de dileme, cunoscute sub numele de \u201edecizii morale algoritmice\u201d, necesit\u0103 consens social \u0219i transparen\u021b\u0103 \u00een programarea sistemelor de inteligen\u021b\u0103 artificial\u0103.<\/p>\n\n\n\n<p>Simplu spus, tehnologia nu poate avansa f\u0103r\u0103 o busol\u0103 moral\u0103. Inova\u021bia responsabil\u0103 este singura modalitate de a ne asigura c\u0103 progresul aduce beneficii oamenilor, nu \u00eei \u00eenlocuie\u0219te.<\/p>\n\n\n\n<h3 class=\"wp-block-heading\">Tabel: Sinergia tehnologiilor emergente \u00een 2025<\/h3>\n\n\n\n<figure class=\"wp-block-table\"><table><thead><tr><th>Tehnologie<\/th><th>Aplica\u021bie principal\u0103<\/th><th>Impactul asupra vie\u021bii de zi cu zi<\/th><th>Nivel de adop\u021bie global\u0103 (2025)<\/th><\/tr><\/thead><tbody><tr><td>Ma\u0219ini autonome<\/td><td>Mobilitate sigur\u0103 \u0219i eficient\u0103<\/td><td>Reducerea accidentelor \u0219i a traficului<\/td><td>40%<\/td><\/tr><tr><td>Realitate augmentat\u0103<\/td><td>Educa\u021bie \u0219i transport<\/td><td>\u00cenv\u0103\u021bare imersiv\u0103 \u0219i asisten\u021b\u0103 vizual\u0103<\/td><td>45%<\/td><\/tr><tr><td>Metavers<\/td><td>Colaborare \u0219i divertisment<\/td><td>Telemunca \u0219i experien\u021bele sociale virtuale<\/td><td>35%<\/td><\/tr><\/tbody><\/table><figcaption class=\"wp-element-caption\">Ma\u0219ini autonome, realitate augmentat\u0103 \u0219i metaversul: la ce s\u0103 ne a\u0219tept\u0103m<\/figcaption><\/figure>\n\n\n\n<figure class=\"wp-block-gallery aligncenter has-nested-images columns-default is-cropped wp-block-gallery-2 is-layout-flex wp-block-gallery-is-layout-flex\">\n<figure class=\"wp-block-image size-full\"><img loading=\"lazy\" decoding=\"async\" width=\"450\" height=\"250\" data-id=\"10187\" src=\"https:\/\/universofamilia.com\/wp-content\/uploads\/sites\/148\/2025\/10\/Destaque-Novo-Universo-16.jpg\" alt=\"\" class=\"wp-image-10187\" srcset=\"https:\/\/universofamilia.com\/wp-content\/uploads\/sites\/148\/2025\/10\/Destaque-Novo-Universo-16.jpg 450w, https:\/\/universofamilia.com\/wp-content\/uploads\/sites\/148\/2025\/10\/Destaque-Novo-Universo-16-300x167.jpg 300w, https:\/\/universofamilia.com\/wp-content\/uploads\/sites\/148\/2025\/10\/Destaque-Novo-Universo-16-18x10.jpg 18w\" sizes=\"(max-width: 450px) 100vw, 450px\" \/><figcaption class=\"wp-element-caption\">CANVA<\/figcaption><\/figure>\n<\/figure>\n\n\n\n<p>Cite\u015fte mai mult:<a href=\"https:\/\/universofamilia.com\/ro\/inteligencia-artificial-en-el-dia-a-dia\/\">&nbsp;Inteligen\u021ba artificial\u0103 \u00een via\u021ba de zi cu zi<\/a><\/p>\n\n\n\n<h3 class=\"wp-block-heading\">Concluzie: C\u0103tre un ecosistem tehnologic cuprinz\u0103tor<\/h3>\n\n\n\n<p>Cel\/Cea\/Cei\/Cele <strong>Ma\u0219ini autonome, realitate augmentat\u0103 \u0219i metaversul: la ce s\u0103 ne a\u0219tept\u0103m<\/strong> Ele simbolizeaz\u0103 punctul \u00een care tehnologia \u00eenceteaz\u0103 s\u0103 mai fie un instrument \u0219i devine un mediu integrant.<\/p>\n\n\n\n<p>Aceste inova\u021bii nu transform\u0103 doar obiectele pe care le folosim, ci \u0219i modul \u00een care \u00een\u021belegem interac\u021biunea uman\u0103, \u00eenv\u0103\u021barea \u0219i mobilitatea.<\/p>\n\n\n\n<p>Viitorul nu va fi complet digital \u0219i nici complet fizic, ci un echilibru \u00eentre cele dou\u0103 lumi.<\/p>\n\n\n\n<p>Adev\u0103ratul scop este de a crea experien\u021be care s\u0103 pun\u0103 prioritate bun\u0103st\u0103rii, accesibilit\u0103\u021bii \u0219i sustenabilit\u0103\u021bii.<\/p>\n\n\n\n<p>Tehnologia, atunci c\u00e2nd este dirijat\u0103 corespunz\u0103tor, poate fi vehiculul, at\u00e2t la propriu, c\u00e2t \u0219i metaforic, care propulseaz\u0103 umanitatea c\u0103tre o via\u021b\u0103 mai inteligent\u0103, conectat\u0103 \u0219i empatic\u0103.<\/p>\n\n\n\n<p>Cite\u015fte mai mult:<a href=\"https:\/\/universofamilia.com\/ro\/inteligencia-artificial-en-el-dia-a-dia\/\">&nbsp;<\/a><a href=\"https:\/\/universofamilia.com\/ro\/tendencias-tecnologicas-de-2025-que-afectaran-tu-dia-a-dia\/\">Tendin\u021be tehnologice ale anului 2025 care \u00ee\u021bi vor afecta via\u021ba de zi cu zi<\/a><\/p>\n\n\n\n<h3 class=\"wp-block-heading\">\u00centreb\u0103ri frecvente<\/h3>\n\n\n\n<p><strong>1. C\u00e2nd se a\u0219teapt\u0103 ca ma\u0219inile autonome s\u0103 devin\u0103 comune \u00een Mexic?<\/strong><br>Se preconizeaz\u0103 c\u0103 testele de conducere complet autonom\u0103 se vor extinde \u00eentre 2026 \u0219i 2028, \u00een func\u021bie de reglement\u0103rile locale \u0219i de infrastructura 5G.<\/p>\n\n\n\n<p><strong>2. Ce rol va juca realitatea augmentat\u0103 \u00een educa\u021bie?<\/strong><br>Va fi un instrument cheie pentru \u00eenv\u0103\u021barea practic\u0103, \u00een special \u00een carierele tehnice, permi\u021b\u00e2nd simul\u0103ri \u00een timp real \u0219i vizualizarea proceselor.<\/p>\n\n\n\n<p>\u00cen Mexic, unele universit\u0103\u021bi aplic\u0103 realitate augmentat\u0103 (RA) \u00een laboratoare virtuale, astfel \u00eenc\u00e2t studen\u021bii la inginerie s\u0103 poat\u0103 interac\u021biona cu modele 3D ale sistemelor electrice f\u0103r\u0103 a fi nevoie de materiale fizice.<\/p>\n\n\n\n<p><strong>3. Metaversul este doar pentru jocuri video?<\/strong><br>Nu. \u00cen 2025, va fi utilizat \u00een principal pentru instruire, \u00eent\u00e2lniri de lucru, asisten\u021b\u0103 medical\u0103 la distan\u021b\u0103 \u0219i dezvoltare de proiecte colaborative.<\/p>\n\n\n\n<p><strong>4. Care sunt principalele riscuri ale acestor tehnologii?<\/strong><br><a href=\"https:\/\/universofamilia.com\/ro\/autenticacion-sin-contrasena-el-futuro-de-la-seguridad-digital\/\">Confiden\u021bialitate<\/a>, dependen\u021ba digital\u0103 \u0219i inegalitatea <a href=\"https:\/\/universofamilia.com\/ro\/inteligencia-artificial-en-el-dia-a-dia\/\">acces<\/a>Prin urmare, politicile de educa\u021bie \u0219i incluziune digital\u0103 vor fi esen\u021biale pentru a asigura o utilizare etic\u0103 \u0219i echitabil\u0103.<\/p>\n\n\n\n<p><\/p>","protected":false},"excerpt":{"rendered":"<p>Ma\u0219ini autonome, realitate augmentat\u0103 \u0219i metaversul: ce s\u0103 ne a\u0219tept\u0103m \u00een 2025 nu mai sunt concepte futuriste, ci mai degrab\u0103 pilonii unei transform\u0103ri tehnologice care redefine\u0219te mobilitatea. Acest an marcheaz\u0103 un punct de convergen\u021b\u0103 \u00eentre trei inova\u021bii care odinioar\u0103 p\u0103reau \u00eendep\u0103rtate, dar care acum lucreaz\u0103 \u00eempreun\u0103 pentru a crea medii mai sigure, mai imersive \u0219i mai personalizate. Acest articol exploreaz\u0103 [\u2026]<\/p>","protected":false},"author":219,"featured_media":10185,"comment_status":"closed","ping_status":"open","sticky":false,"template":"","format":"standard","meta":{"footnotes":""},"categories":[3],"tags":[],"yoast_head":"<!-- This site is optimized with the Yoast SEO plugin v23.3 - https:\/\/yoast.com\/wordpress\/plugins\/seo\/ -->\n<title>Autom\u00f3viles aut\u00f3nomos, realidad aumentada y metaverso - Universo Fam\u00edlia<\/title>\n<meta name=\"description\" content=\"Las autom\u00f3viles aut\u00f3nomos, realidad aumentada y metaverso:qu\u00e9 esperar en 2025 ya no son conceptos futuristas, sino pilares de una transform..\" \/>\n<meta name=\"robots\" content=\"index, follow, max-snippet:-1, max-image-preview:large, max-video-preview:-1\" \/>\n<link rel=\"canonical\" href=\"https:\/\/universofamilia.com\/ro\/realidad-aumentada-y-metaverso\/\" \/>\n<meta property=\"og:locale\" content=\"ro_RO\" \/>\n<meta property=\"og:type\" content=\"article\" \/>\n<meta property=\"og:title\" content=\"Autom\u00f3viles aut\u00f3nomos, realidad aumentada y metaverso - Universo Fam\u00edlia\" \/>\n<meta property=\"og:description\" content=\"Las autom\u00f3viles aut\u00f3nomos, realidad aumentada y metaverso:qu\u00e9 esperar en 2025 ya no son conceptos futuristas, sino pilares de una transform..\" \/>\n<meta property=\"og:url\" content=\"https:\/\/universofamilia.com\/ro\/realidad-aumentada-y-metaverso\/\" \/>\n<meta property=\"og:site_name\" content=\"Universo Fam\u00edlia\" \/>\n<meta property=\"article:published_time\" content=\"2025-10-17T19:36:08+00:00\" \/>\n<meta property=\"article:modified_time\" content=\"2025-10-17T19:46:53+00:00\" \/>\n<meta property=\"og:image\" content=\"https:\/\/universofamilia.com\/wp-content\/uploads\/sites\/148\/2025\/10\/Destaque-Novo-Universo-17.jpg\" \/>\n\t<meta property=\"og:image:width\" content=\"450\" \/>\n\t<meta property=\"og:image:height\" content=\"250\" \/>\n\t<meta property=\"og:image:type\" content=\"image\/jpeg\" \/>\n<meta name=\"author\" content=\"Matheus Sangaletti\" \/>\n<meta name=\"twitter:card\" content=\"summary_large_image\" \/>\n<meta name=\"twitter:label1\" content=\"Written by\" \/>\n\t<meta name=\"twitter:data1\" content=\"Matheus Sangaletti\" \/>\n\t<meta name=\"twitter:label2\" content=\"Est. reading time\" \/>\n\t<meta name=\"twitter:data2\" content=\"9 minute\" \/>\n<script type=\"application\/ld+json\" class=\"yoast-schema-graph\">{\"@context\":\"https:\/\/schema.org\",\"@graph\":[{\"@type\":\"WebPage\",\"@id\":\"https:\/\/universofamilia.com\/cs\/realidad-aumentada-y-metaverso\/\",\"url\":\"https:\/\/universofamilia.com\/cs\/realidad-aumentada-y-metaverso\/\",\"name\":\"Autom\u00f3viles aut\u00f3nomos, realidad aumentada y metaverso - Universo Fam\u00edlia\",\"isPartOf\":{\"@id\":\"https:\/\/universofamilia.com\/el\/#website\"},\"primaryImageOfPage\":{\"@id\":\"https:\/\/universofamilia.com\/cs\/realidad-aumentada-y-metaverso\/#primaryimage\"},\"image\":{\"@id\":\"https:\/\/universofamilia.com\/cs\/realidad-aumentada-y-metaverso\/#primaryimage\"},\"thumbnailUrl\":\"https:\/\/universofamilia.com\/wp-content\/uploads\/sites\/148\/2025\/10\/Destaque-Novo-Universo-17.jpg\",\"datePublished\":\"2025-10-17T19:36:08+00:00\",\"dateModified\":\"2025-10-17T19:46:53+00:00\",\"author\":{\"@id\":\"https:\/\/universofamilia.com\/el\/#\/schema\/person\/92fcd07e9b1f4323bf74f3170fc0f78a\"},\"description\":\"Las autom\u00f3viles aut\u00f3nomos, realidad aumentada y metaverso:qu\u00e9 esperar en 2025 ya no son conceptos futuristas, sino pilares de una transform..\",\"breadcrumb\":{\"@id\":\"https:\/\/universofamilia.com\/cs\/realidad-aumentada-y-metaverso\/#breadcrumb\"},\"inLanguage\":\"ro-RO\",\"potentialAction\":[{\"@type\":\"ReadAction\",\"target\":[\"https:\/\/universofamilia.com\/cs\/realidad-aumentada-y-metaverso\/\"]}]},{\"@type\":\"ImageObject\",\"inLanguage\":\"ro-RO\",\"@id\":\"https:\/\/universofamilia.com\/cs\/realidad-aumentada-y-metaverso\/#primaryimage\",\"url\":\"https:\/\/universofamilia.com\/wp-content\/uploads\/sites\/148\/2025\/10\/Destaque-Novo-Universo-17.jpg\",\"contentUrl\":\"https:\/\/universofamilia.com\/wp-content\/uploads\/sites\/148\/2025\/10\/Destaque-Novo-Universo-17.jpg\",\"width\":450,\"height\":250},{\"@type\":\"BreadcrumbList\",\"@id\":\"https:\/\/universofamilia.com\/cs\/realidad-aumentada-y-metaverso\/#breadcrumb\",\"itemListElement\":[{\"@type\":\"ListItem\",\"position\":1,\"name\":\"Home\",\"item\":\"https:\/\/universofamilia.com\/el\/\"},{\"@type\":\"ListItem\",\"position\":2,\"name\":\"Autom\u00f3viles aut\u00f3nomos, realidad aumentada y metaverso\"}]},{\"@type\":\"WebSite\",\"@id\":\"https:\/\/universofamilia.com\/el\/#website\",\"url\":\"https:\/\/universofamilia.com\/el\/\",\"name\":\"Universo Fam\u00edlia\",\"description\":\"\",\"potentialAction\":[{\"@type\":\"SearchAction\",\"target\":{\"@type\":\"EntryPoint\",\"urlTemplate\":\"https:\/\/universofamilia.com\/el\/?s={search_term_string}\"},\"query-input\":\"required name=search_term_string\"}],\"inLanguage\":\"ro-RO\"},{\"@type\":\"Person\",\"@id\":\"https:\/\/universofamilia.com\/el\/#\/schema\/person\/92fcd07e9b1f4323bf74f3170fc0f78a\",\"name\":\"Matheus Sangaletti\",\"image\":{\"@type\":\"ImageObject\",\"inLanguage\":\"ro-RO\",\"@id\":\"https:\/\/universofamilia.com\/el\/#\/schema\/person\/image\/\",\"url\":\"https:\/\/secure.gravatar.com\/avatar\/280ea957a14a48e6a1ad2133d2cc27c9?s=96&d=mm&r=g\",\"contentUrl\":\"https:\/\/secure.gravatar.com\/avatar\/280ea957a14a48e6a1ad2133d2cc27c9?s=96&d=mm&r=g\",\"caption\":\"Matheus Sangaletti\"},\"url\":\"https:\/\/universofamilia.com\/ro\/author\/matheuss\/\"}]}<\/script>\n<!-- \/ Yoast SEO plugin. -->","yoast_head_json":{"title":"Autom\u00f3viles aut\u00f3nomos, realidad aumentada y metaverso - Universo Fam\u00edlia","description":"Las autom\u00f3viles aut\u00f3nomos, realidad aumentada y metaverso:qu\u00e9 esperar en 2025 ya no son conceptos futuristas, sino pilares de una transform..","robots":{"index":"index","follow":"follow","max-snippet":"max-snippet:-1","max-image-preview":"max-image-preview:large","max-video-preview":"max-video-preview:-1"},"canonical":"https:\/\/universofamilia.com\/ro\/realidad-aumentada-y-metaverso\/","og_locale":"ro_RO","og_type":"article","og_title":"Autom\u00f3viles aut\u00f3nomos, realidad aumentada y metaverso - Universo Fam\u00edlia","og_description":"Las autom\u00f3viles aut\u00f3nomos, realidad aumentada y metaverso:qu\u00e9 esperar en 2025 ya no son conceptos futuristas, sino pilares de una transform..","og_url":"https:\/\/universofamilia.com\/ro\/realidad-aumentada-y-metaverso\/","og_site_name":"Universo Fam\u00edlia","article_published_time":"2025-10-17T19:36:08+00:00","article_modified_time":"2025-10-17T19:46:53+00:00","og_image":[{"width":450,"height":250,"url":"https:\/\/universofamilia.com\/wp-content\/uploads\/sites\/148\/2025\/10\/Destaque-Novo-Universo-17.jpg","type":"image\/jpeg"}],"author":"Matheus Sangaletti","twitter_card":"summary_large_image","twitter_misc":{"Written by":"Matheus Sangaletti","Est. reading time":"9 minute"},"schema":{"@context":"https:\/\/schema.org","@graph":[{"@type":"WebPage","@id":"https:\/\/universofamilia.com\/cs\/realidad-aumentada-y-metaverso\/","url":"https:\/\/universofamilia.com\/cs\/realidad-aumentada-y-metaverso\/","name":"Autom\u00f3viles aut\u00f3nomos, realidad aumentada y metaverso - Universo Fam\u00edlia","isPartOf":{"@id":"https:\/\/universofamilia.com\/el\/#website"},"primaryImageOfPage":{"@id":"https:\/\/universofamilia.com\/cs\/realidad-aumentada-y-metaverso\/#primaryimage"},"image":{"@id":"https:\/\/universofamilia.com\/cs\/realidad-aumentada-y-metaverso\/#primaryimage"},"thumbnailUrl":"https:\/\/universofamilia.com\/wp-content\/uploads\/sites\/148\/2025\/10\/Destaque-Novo-Universo-17.jpg","datePublished":"2025-10-17T19:36:08+00:00","dateModified":"2025-10-17T19:46:53+00:00","author":{"@id":"https:\/\/universofamilia.com\/el\/#\/schema\/person\/92fcd07e9b1f4323bf74f3170fc0f78a"},"description":"Las autom\u00f3viles aut\u00f3nomos, realidad aumentada y metaverso:qu\u00e9 esperar en 2025 ya no son conceptos futuristas, sino pilares de una transform..","breadcrumb":{"@id":"https:\/\/universofamilia.com\/cs\/realidad-aumentada-y-metaverso\/#breadcrumb"},"inLanguage":"ro-RO","potentialAction":[{"@type":"ReadAction","target":["https:\/\/universofamilia.com\/cs\/realidad-aumentada-y-metaverso\/"]}]},{"@type":"ImageObject","inLanguage":"ro-RO","@id":"https:\/\/universofamilia.com\/cs\/realidad-aumentada-y-metaverso\/#primaryimage","url":"https:\/\/universofamilia.com\/wp-content\/uploads\/sites\/148\/2025\/10\/Destaque-Novo-Universo-17.jpg","contentUrl":"https:\/\/universofamilia.com\/wp-content\/uploads\/sites\/148\/2025\/10\/Destaque-Novo-Universo-17.jpg","width":450,"height":250},{"@type":"BreadcrumbList","@id":"https:\/\/universofamilia.com\/cs\/realidad-aumentada-y-metaverso\/#breadcrumb","itemListElement":[{"@type":"ListItem","position":1,"name":"Home","item":"https:\/\/universofamilia.com\/el\/"},{"@type":"ListItem","position":2,"name":"Autom\u00f3viles aut\u00f3nomos, realidad aumentada y metaverso"}]},{"@type":"WebSite","@id":"https:\/\/universofamilia.com\/el\/#website","url":"https:\/\/universofamilia.com\/el\/","name":"Universo Fam\u00edlia","description":"","potentialAction":[{"@type":"SearchAction","target":{"@type":"EntryPoint","urlTemplate":"https:\/\/universofamilia.com\/el\/?s={search_term_string}"},"query-input":"required name=search_term_string"}],"inLanguage":"ro-RO"},{"@type":"Person","@id":"https:\/\/universofamilia.com\/el\/#\/schema\/person\/92fcd07e9b1f4323bf74f3170fc0f78a","name":"Matheus Sangaletti","image":{"@type":"ImageObject","inLanguage":"ro-RO","@id":"https:\/\/universofamilia.com\/el\/#\/schema\/person\/image\/","url":"https:\/\/secure.gravatar.com\/avatar\/280ea957a14a48e6a1ad2133d2cc27c9?s=96&d=mm&r=g","contentUrl":"https:\/\/secure.gravatar.com\/avatar\/280ea957a14a48e6a1ad2133d2cc27c9?s=96&d=mm&r=g","caption":"Matheus Sangaletti"},"url":"https:\/\/universofamilia.com\/ro\/author\/matheuss\/"}]}},"_links":{"self":[{"href":"https:\/\/universofamilia.com\/ro\/wp-json\/wp\/v2\/posts\/10184"}],"collection":[{"href":"https:\/\/universofamilia.com\/ro\/wp-json\/wp\/v2\/posts"}],"about":[{"href":"https:\/\/universofamilia.com\/ro\/wp-json\/wp\/v2\/types\/post"}],"author":[{"embeddable":true,"href":"https:\/\/universofamilia.com\/ro\/wp-json\/wp\/v2\/users\/219"}],"replies":[{"embeddable":true,"href":"https:\/\/universofamilia.com\/ro\/wp-json\/wp\/v2\/comments?post=10184"}],"version-history":[{"count":3,"href":"https:\/\/universofamilia.com\/ro\/wp-json\/wp\/v2\/posts\/10184\/revisions"}],"predecessor-version":[{"id":10192,"href":"https:\/\/universofamilia.com\/ro\/wp-json\/wp\/v2\/posts\/10184\/revisions\/10192"}],"wp:featuredmedia":[{"embeddable":true,"href":"https:\/\/universofamilia.com\/ro\/wp-json\/wp\/v2\/media\/10185"}],"wp:attachment":[{"href":"https:\/\/universofamilia.com\/ro\/wp-json\/wp\/v2\/media?parent=10184"}],"wp:term":[{"taxonomy":"category","embeddable":true,"href":"https:\/\/universofamilia.com\/ro\/wp-json\/wp\/v2\/categories?post=10184"},{"taxonomy":"post_tag","embeddable":true,"href":"https:\/\/universofamilia.com\/ro\/wp-json\/wp\/v2\/tags?post=10184"}],"curies":[{"name":"wp","href":"https:\/\/api.w.org\/{rel}","templated":true}]}}