{"id":10199,"date":"2025-10-23T14:55:44","date_gmt":"2025-10-23T17:55:44","guid":{"rendered":"https:\/\/universofamilia.com\/?p=10199"},"modified":"2025-10-23T14:55:46","modified_gmt":"2025-10-23T17:55:46","slug":"soft-skills-mas-valoradas-en-2025","status":"publish","type":"post","link":"https:\/\/universofamilia.com\/ro\/soft-skills-mas-valoradas-en-2025\/","title":{"rendered":"Cele mai apreciate abilit\u0103\u021bi non-tehnice \u00een 2025"},"content":{"rendered":"<p class=\"has-text-align-center\">\u00centr-o lume a muncii \u00een care tehnologia redefine\u0219te modul \u00een care lucr\u0103m, \u00een\u021belegerea <strong>Cum s\u0103 \u00eembun\u0103t\u0103\u021be\u0219ti cele mai valoroase abilit\u0103\u021bi non-tehnice \u00een 2025<\/strong> devine esen\u021bial pentru cei care \u00ee\u0219i doresc nu doar s\u0103 supravie\u021buiasc\u0103, ci \u0219i s\u0103 exceleze.<\/p>\n\n\n\n<figure class=\"wp-block-gallery aligncenter has-nested-images columns-default is-cropped wp-block-gallery-1 is-layout-flex wp-block-gallery-is-layout-flex\">\n<figure class=\"wp-block-image size-full\"><img loading=\"lazy\" decoding=\"async\" width=\"450\" height=\"250\" data-id=\"10201\" src=\"https:\/\/universofamilia.com\/wp-content\/uploads\/sites\/148\/2025\/10\/Destaque-Novo-Universo-20-1.jpg\" alt=\"\" class=\"wp-image-10201\" srcset=\"https:\/\/universofamilia.com\/wp-content\/uploads\/sites\/148\/2025\/10\/Destaque-Novo-Universo-20-1.jpg 450w, https:\/\/universofamilia.com\/wp-content\/uploads\/sites\/148\/2025\/10\/Destaque-Novo-Universo-20-1-300x167.jpg 300w, https:\/\/universofamilia.com\/wp-content\/uploads\/sites\/148\/2025\/10\/Destaque-Novo-Universo-20-1-18x10.jpg 18w\" sizes=\"(max-width: 450px) 100vw, 450px\" \/><figcaption class=\"wp-element-caption\">CANVA<\/figcaption><\/figure>\n<\/figure>\n\n\n\n<p class=\"has-text-align-center\">Automatizarea, inteligen\u021ba artificial\u0103, globalizarea \u0219i modelele hibride au schimbat dinamica organiza\u021biilor.<\/p>\n\n\n\n<p>Ast\u0103zi, de\u021binerea unei diplome universitare sau a competen\u021belor tehnice nu mai garanteaz\u0103 relevan\u021ba; factorul de diferen\u021biere const\u0103 \u00een competen\u021bele umane: comunicare, adaptabilitate, g\u00e2ndire critic\u0103 \u0219i inteligen\u021b\u0103 emo\u021bional\u0103, printre altele.<\/p>\n\n\n\n<p><\/p>\n\n\n\n<p>Acest articol ofer\u0103 o analiz\u0103 aprofundat\u0103 a abilit\u0103\u021bilor non-tehnice (soft skills) care vor face diferen\u021ba \u00een acest an.<\/p>\n\n\n\n<p>Mai \u00eent\u00e2i, vom explora relevan\u021ba lor pe pia\u021ba muncii actual\u0103; apoi, vom detalia competen\u021bele cheie, cum s\u0103 le dezvolt\u0103m \u0219i s\u0103 le aplic\u0103m; apoi, vom prezenta exemple din via\u021ba real\u0103 ale unor profesioni\u0219ti care le-au integrat cu succes; \u0219i, \u00een final, vom aborda \u00eentreb\u0103ri frecvente \u0219i tendin\u021be viitoare.<\/p>\n\n\n\n<p>Toate acestea se bazeaz\u0103 pe date actualizate \u0219i referin\u021be din surse de \u00eencredere.<\/p>\n\n\n\n<h2 class=\"wp-block-heading\">Relevan\u021ba abilit\u0103\u021bilor non-tehnice \u00een era tehnologic\u0103<\/h2>\n\n\n\n<p>\u00cen timp ce abilit\u0103\u021bile tehnice (hard skills) - cuno\u0219tin\u021bele tehnice precum programarea, analiza datelor sau ingineria - sunt esen\u021biale, abilit\u0103\u021bile non-tehnice (soft skills) sunt cele care permit aplicarea eficient\u0103 a acestor cuno\u0219tin\u021be.<\/p>\n\n\n\n<p>Capacitatea de a conduce, de a comunica, de a rezolva probleme \u0219i de a colabora strategic este ceea ce diferen\u021biaz\u0103 profesioni\u0219tii \u00een medii dinamice.<\/p>\n\n\n\n<p>Conform <strong>Raportul privind viitorul locurilor de munc\u0103 2025<\/strong> Conform Forumului Economic Mondial, se preconizeaz\u0103 c\u0103 39.330 de competen\u021be actuale se vor schimba sau vor deveni \u00eenvechite \u00eentre 2025 \u0219i 2030.<\/p>\n\n\n\n<p>Aceasta \u00eenseamn\u0103 c\u0103 profesioni\u0219tii trebuie s\u0103 combine abilit\u0103\u021bile tehnice cu competen\u021bele umane pentru a r\u0103m\u00e2ne relevan\u021bi. <\/p>\n\n\n\n<p><strong>Analogie:<\/strong> Imagineaz\u0103-te c\u0103 faci parte dintr-o echip\u0103 de salvare la munte \u00eenalt.<\/p>\n\n\n\n<p>Instrumentele moderne (tehnologie, software, hardware) sunt esen\u021biale, dar f\u0103r\u0103 leadership, comunicare \u0219i adaptabilitate, nici m\u0103car cel mai bun echipament nu garanteaz\u0103 succesul.<\/p>\n\n\n\n<p>Acela\u0219i lucru se \u00eent\u00e2mpl\u0103 \u0219i la locul de munc\u0103: abilit\u0103\u021bile non-tehnice sunt for\u021ba motrice din spatele valorific\u0103rii instrumentelor disponibile.<\/p>\n\n\n\n<h2 class=\"wp-block-heading\">Cele mai apreciate 10 abilit\u0103\u021bi non-tehnice \u00een 2025<\/h2>\n\n\n\n<p>Mai jos, extindem lista la zece competen\u021be umane critice, cu exemple practice de aplicare a acestora:<\/p>\n\n\n\n<h3 class=\"wp-block-heading\">1. Comunicare eficient\u0103<\/h3>\n\n\n\n<p>Nu este vorba doar de a vorbi sau a scrie corect, ci de a transmite ideile clar \u0219i de a asculta activ.<\/p>\n\n\n\n<p>\u00cen 2025, comunicarea eficient\u0103 este vital\u0103 pentru conducerea echipelor hibride \u0219i colaborarea cu colegii la nivel global.<\/p>\n\n\n\n<p>Companii precum Deloitte raporteaz\u0103 c\u0103 361% dintre angajatori consider\u0103 comunicarea ca fiind cea mai important\u0103 abilitate non-tehnic\u0103 pentru performan\u021ba la locul de munc\u0103.<\/p>\n\n\n\n<p><strong>Exemplu:<\/strong><\/p>\n\n\n\n<p>Ana, manager de marketing digital, \u00ee\u0219i ajut\u0103 echipa global\u0103 s\u0103 \u00een\u021beleag\u0103 obiectivele campaniei prin briefing-uri clare, feedback continuu \u0219i \u00eent\u00e2lniri virtuale structurate.<\/p>\n\n\n\n<p>Comunicarea ta evit\u0103 confuzia \u0219i cre\u0219te productivitatea cu 25%.<\/p>\n\n\n\n<h3 class=\"wp-block-heading\">2. Adaptabilitate \u0219i rezilien\u021b\u0103<\/h3>\n\n\n\n<p>Viteza schimb\u0103rilor tehnologice necesit\u0103 profesioni\u0219ti flexibili, capabili s\u0103 gestioneze incertitudinea f\u0103r\u0103 a sacrifica performan\u021ba.<\/p>\n\n\n\n<p>Adaptabilitatea \u0219i rezilien\u021ba ne permit s\u0103 asum\u0103m roluri noi, s\u0103 integr\u0103m instrumente digitale \u0219i s\u0103 dep\u0103\u0219im obstacolele.<\/p>\n\n\n\n<p><strong>Exemplu:<\/strong><\/p>\n\n\n\n<p>Carlos, inginer de produc\u021bie, a \u00eenv\u0103\u021bat s\u0103 utilizeze platforme de automatizare \u0219i a condus un proiect de tranzi\u021bie c\u0103tre Industria 4.0, reduc\u00e2nd timpii de produc\u021bie cu 15% \u0219i demonstr\u00e2nd cum rezilien\u021ba se traduce \u00een rezultate tangibile.<\/p>\n\n\n\n<h3 class=\"wp-block-heading\">3. G\u00e2ndire critic\u0103 \u0219i rezolvarea problemelor<\/h3>\n\n\n\n<p>G\u00e2ndirea critic\u0103 este capacitatea de a analiza situa\u021bii, de a pune la \u00eendoial\u0103 presupunerile \u0219i de a lua decizii informate.<\/p>\n\n\n\n<p>Organiza\u021biile apreciaz\u0103 capacitatea de a rezolva probleme complexe \u00een mod creativ \u0219i eficient.<\/p>\n\n\n\n<p><strong>Date relevante:<\/strong> Un studiu Hays indic\u0103 faptul c\u0103 g\u00e2ndirea critic\u0103 va fi a treia cea mai c\u0103utat\u0103 abilitate non-tehnic\u0103 p\u00e2n\u0103 \u00een 2025, imediat dup\u0103 comunicare \u0219i adaptabilitate.<\/p>\n\n\n\n<h3 class=\"wp-block-heading\">4. Inteligen\u021ba emo\u021bional\u0103<\/h3>\n\n\n\n<p>Inteligen\u021ba emo\u021bional\u0103 ne permite s\u0103 recunoa\u0219tem \u0219i s\u0103 gestion\u0103m propriile emo\u021bii \u0219i pe ale celorlal\u021bi, ceea ce este esen\u021bial pentru a conduce cu empatie \u0219i a lua decizii etice.<\/p>\n\n\n\n<p>Echipele cu lideri inteligen\u021bi emo\u021bional arat\u0103 cu p\u00e2n\u0103 la 30 de ori mai mult\u0103 implicare \u00een munc\u0103.<\/p>\n\n\n\n<h3 class=\"wp-block-heading\">5. Munca \u00een echip\u0103 \u0219i colaborarea<\/h3>\n\n\n\n<p>Colaborarea eficient\u0103 este esen\u021bial\u0103 \u00een proiectele multidisciplinare \u0219i la distan\u021b\u0103.<\/p>\n\n\n\n<p>Capacitatea de a \u00eemp\u0103rt\u0103\u0219i cuno\u0219tin\u021be, de a asculta idei \u0219i de a oferi solu\u021bii contribuie la succesul colectiv.<\/p>\n\n\n\n<h3 class=\"wp-block-heading\">6. Creativitate \u0219i inova\u021bie<\/h3>\n\n\n\n<p>Dincolo de respectarea protocoalelor, companiile caut\u0103 oameni capabili s\u0103 genereze idei originale \u0219i solu\u021bii disruptive.<\/p>\n\n\n\n<p>\u00centr-o lume \u00een care inteligen\u021ba artificial\u0103 automatizeaz\u0103 sarcinile repetitive, creativitatea uman\u0103 devine o resurs\u0103 strategic\u0103.<\/p>\n\n\n\n<h3 class=\"wp-block-heading\">7. Managementul timpului \u0219i productivitatea<\/h3>\n\n\n\n<p>Munca hibrid\u0103 necesit\u0103 eficien\u021b\u0103.<\/p>\n\n\n\n<p>Prioritizarea sarcinilor, organizarea proiectelor \u0219i atingerea autonom\u0103 a obiectivelor reprezint\u0103 o abilitate esen\u021bial\u0103 care are un impact direct asupra profitabilit\u0103\u021bii unei companii.<\/p>\n\n\n\n<h3 class=\"wp-block-heading\">8. Capacitatea de \u00eenv\u0103\u021bare continu\u0103<\/h3>\n\n\n\n<p>Educa\u021bia continu\u0103 este esen\u021bial\u0103 pentru adaptarea la noile instrumente, metodologii \u0219i tendin\u021be.<\/p>\n\n\n\n<p>\u00cenv\u0103\u021barea constant\u0103 asigur\u0103 relevan\u021ba profesional\u0103 \u0219i capacitatea de a prelua roluri emergente.<\/p>\n\n\n\n<h3 class=\"wp-block-heading\">9. Conducere incluziv\u0103<\/h3>\n\n\n\n<p>Conducerea unor echipe diverse necesit\u0103 empatie, viziune \u0219i abilit\u0103\u021bi motiva\u021bionale. Un lider incluziv promoveaz\u0103 un mediu de colaborare, inova\u021bie \u0219i implicare.<\/p>\n\n\n\n<h3 class=\"wp-block-heading\">10. Negocierea \u0219i rezolvarea conflictelor<\/h3>\n\n\n\n<p>A \u0219ti cum s\u0103 ajungi la acorduri, s\u0103 mediezi diferen\u021bele \u0219i s\u0103 construie\u0219ti consens este esen\u021bial \u00een medii complexe \u0219i competitive. <\/p>\n\n\n\n<p>Aceste abilit\u0103\u021bi contribuie la men\u021binerea unor rela\u021bii de munc\u0103 s\u0103n\u0103toase \u0219i productive.<\/p>\n\n\n\n<h2 class=\"wp-block-heading\">Tabelul competen\u021belor non-tehnice \u0219i cererea estimat\u0103 \u00een 2025<\/h2>\n\n\n\n<figure class=\"wp-block-table\"><table><thead><tr><th>Abilit\u0103\u021bi non-tehnice<\/th><th>Cerere estimat\u0103 (%)<\/th><th>Impactul asupra productivit\u0103\u021bii<\/th><\/tr><\/thead><tbody><tr><td>Comunicare eficient\u0103<\/td><td>36%<\/td><td>Ridicat<\/td><\/tr><tr><td>Adaptabilitate \u0219i rezilien\u021b\u0103<\/td><td>34%<\/td><td>Foarte ridicat<\/td><\/tr><tr><td>G\u00e2ndire critic\u0103<\/td><td>32%<\/td><td>Ridicat<\/td><\/tr><tr><td>Inteligen\u021ba emo\u021bional\u0103<\/td><td>30%<\/td><td>Ridicat<\/td><\/tr><tr><td>Munca \u00een echip\u0103<\/td><td>28%<\/td><td>Mediu-\u00cenalt<\/td><\/tr><tr><td>Creativitate<\/td><td>25%<\/td><td>Ridicat<\/td><\/tr><tr><td>Gestionarea timpului<\/td><td>22%<\/td><td>Medie<\/td><\/tr><tr><td>\u00cenv\u0103\u021bare continu\u0103<\/td><td>20%<\/td><td>Medie<\/td><\/tr><tr><td>Conducere incluziv\u0103<\/td><td>18%<\/td><td>Medie<\/td><\/tr><tr><td>Negociere<\/td><td>15%<\/td><td>Medie<\/td><\/tr><\/tbody><\/table><figcaption class=\"wp-element-caption\">Sursa: Hays, Forumul Economic Mondial, 2025.<\/figcaption><\/figure>\n\n\n\n<figure class=\"wp-block-gallery aligncenter has-nested-images columns-default is-cropped wp-block-gallery-2 is-layout-flex wp-block-gallery-is-layout-flex\">\n<figure class=\"wp-block-image size-full\"><img loading=\"lazy\" decoding=\"async\" width=\"450\" height=\"250\" data-id=\"10202\" src=\"https:\/\/universofamilia.com\/wp-content\/uploads\/sites\/148\/2025\/10\/Destaque-Novo-Universo-21.jpg\" alt=\"\" class=\"wp-image-10202\" srcset=\"https:\/\/universofamilia.com\/wp-content\/uploads\/sites\/148\/2025\/10\/Destaque-Novo-Universo-21.jpg 450w, https:\/\/universofamilia.com\/wp-content\/uploads\/sites\/148\/2025\/10\/Destaque-Novo-Universo-21-300x167.jpg 300w, https:\/\/universofamilia.com\/wp-content\/uploads\/sites\/148\/2025\/10\/Destaque-Novo-Universo-21-18x10.jpg 18w\" sizes=\"(max-width: 450px) 100vw, 450px\" \/><figcaption class=\"wp-element-caption\">CANVA<\/figcaption><\/figure>\n<\/figure>\n\n\n\n<p>Cite\u015fte mai mult:\u00a0<a href=\"https:\/\/universofamilia.com\/ro\/el-teletrabajo-en-2025-las-nuevas-tendencias-del-home-office\/\">Telemunca \u00een 2025: Noi tendin\u021be pentru birourile de acas\u0103<\/a><\/p>\n\n\n\n<h2 class=\"wp-block-heading\">Cum s\u0103 dezvol\u021bi aceste abilit\u0103\u021bi non-tehnice<\/h2>\n\n\n\n<ol>\n<li><strong>Comunicare eficient\u0103:<\/strong> ateliere de vorbit \u00een public, prezent\u0103ri regulate, feedback 360\u00ba.<\/li>\n\n\n\n<li><strong>Adaptabilitate:<\/strong> cursuri de noi tehnologii, proiecte pilot, mentorat.<\/li>\n\n\n\n<li><strong>G\u00e2ndire critic\u0103:<\/strong> analiza cazurilor, dezbateri \u0219i exerci\u021bii de rezolvare a problemelor.<\/li>\n\n\n\n<li><strong>Inteligen\u021ba emo\u021bional\u0103:<\/strong> mindfulness, coaching \u0219i autoevalu\u0103ri periodice.<\/li>\n\n\n\n<li><strong>Munc\u0103 \u00een echip\u0103:<\/strong> participarea la proiecte de colaborare \u0219i voluntariat corporativ.<\/li>\n\n\n\n<li><strong>Creativitate:<\/strong> spa\u021bii pentru inovare, brainstorming \u0219i prototipare rapid\u0103.<\/li>\n\n\n\n<li><strong>Gestionarea timpului:<\/strong> instrumente digitale de productivitate, planificare s\u0103pt\u0103m\u00e2nal\u0103.<\/li>\n\n\n\n<li><strong>\u00cenv\u0103\u021bare continu\u0103:<\/strong> cursuri online, webinarii, citirea tendin\u021belor.<\/li>\n\n\n\n<li><strong>Conducere incluziv\u0103:<\/strong> instruire \u00een domeniul diversit\u0103\u021bii, mentorat \u0219i feedback din partea echipei.<\/li>\n\n\n\n<li><strong>Negociere:<\/strong> jocuri de rol, studii de caz \u0219i simul\u0103ri de conflicte.<\/li>\n<\/ol>\n\n\n\n<h2 class=\"wp-block-heading\">Sectoarele \u00een care abilit\u0103\u021bile non-tehnice au cel mai mare impact \u00een Mexic<\/h2>\n\n\n\n<ul>\n<li><strong>Tehnologie:<\/strong> colaborare, adaptabilitate \u0219i \u00eenv\u0103\u021bare continu\u0103.<\/li>\n\n\n\n<li><strong>Servicii financiare:<\/strong> comunicare, negociere \u0219i g\u00e2ndire critic\u0103.<\/li>\n\n\n\n<li><strong>Comer\u021b cu am\u0103nuntul:<\/strong> serviciul clien\u021bi, rezilien\u021b\u0103 \u0219i managementul timpului.<\/li>\n\n\n\n<li><strong>Fabricare:<\/strong> lucrul \u00een echip\u0103, rezolvarea problemelor \u0219i leadership incluziv.<\/li>\n\n\n\n<li><strong>Consultan\u021b\u0103 \u0219i educa\u021bie:<\/strong> creativitate, inteligen\u021b\u0103 emo\u021bional\u0103 \u0219i leadership.<\/li>\n<\/ul>\n\n\n\n<h2 class=\"wp-block-heading\">Exemple de aplica\u021bii profesionale<\/h2>\n\n\n\n<p><strong>Exemplul 1:<\/strong> Laura, specialist\u0103 \u00een resurse umane, implementeaz\u0103 People Analytics folosind inteligen\u021ba emo\u021bional\u0103 pentru a interpreta datele despre performan\u021b\u0103 \u0219i mediul de lucru.<\/p>\n\n\n\n<p>Abordarea lor \u00eembun\u0103t\u0103\u021be\u0219te reten\u021bia talentelor cu 18%.<\/p>\n\n\n\n<p><strong>Exemplul 2:<\/strong> Juan, designer UX, combin\u0103 creativitatea \u0219i g\u00e2ndirea critic\u0103 pentru a \u00eembun\u0103t\u0103\u021bi experien\u021ba utilizatorului unei aplica\u021bii financiare, cresc\u00e2nd implicarea \u0219i reduc\u00e2nd erorile de navigare.<\/p>\n\n\n\n<h2 class=\"wp-block-heading\">Strategie pentru integrarea abilit\u0103\u021bilor non-tehnice \u00een cariera ta<\/h2>\n\n\n\n<ol>\n<li><strong>Autoevaluare:<\/strong> identific\u0103 punctele forte \u0219i domeniile de \u00eembun\u0103t\u0103\u021bire.<\/li>\n\n\n\n<li><strong>Plan de dezvoltare:<\/strong> selecta\u021bi cele mai relevante competen\u021be \u00een func\u021bie de sectorul dumneavoastr\u0103.<\/li>\n\n\n\n<li><strong>Practic\u0103 constant\u0103:<\/strong> aplic\u0103 ceea ce ai \u00eenv\u0103\u021bat \u00een proiecte reale.<\/li>\n\n\n\n<li><strong>Vizibilitate:<\/strong> comunic\u0103-\u021bi abilit\u0103\u021bile \u00een cadrul re\u021belelor profesionale \u0219i al interviurilor.<\/li>\n\n\n\n<li><strong>Evaluare periodic\u0103:<\/strong> m\u0103soar\u0103 progresul \u0219i ajusteaz\u0103 obiectivele \u00een func\u021bie de schimb\u0103rile pie\u021bei.<\/li>\n<\/ol>\n\n\n\n<h2 class=\"wp-block-heading\">Tendin\u021be care vor influen\u021ba abilit\u0103\u021bile non-tehnice \u00een 2025<\/h2>\n\n\n\n<ul>\n<li>Inteligen\u021ba artificial\u0103 \u0219i automatizarea vor necesita mai mult\u0103 colaborare om-ma\u0219in\u0103.<\/li>\n\n\n\n<li>Echipele hibride sporesc importan\u021ba unei comunic\u0103ri clare \u0219i a gestion\u0103rii timpului.<\/li>\n\n\n\n<li>Diversitatea genera\u021bional\u0103 \u0219i cultural\u0103 necesit\u0103 leadership incluziv \u0219i empatie.<\/li>\n<\/ul>\n\n\n\n<p>Aceste tendin\u021be subliniaz\u0103 faptul c\u0103 abilit\u0103\u021bile umane vor r\u0103m\u00e2ne un factor determinant, chiar \u0219i \u00eentr-un mediu puternic tehnologic.<\/p>\n\n\n\n<h2 class=\"wp-block-heading\">Concluzie<\/h2>\n\n\n\n<p>Cel\/Cea\/Cei\/Cele <strong>Cele mai apreciate abilit\u0103\u021bi non-tehnice \u00een 2025<\/strong> Nu sunt un lux sau un extra; sunt esen\u021biale pentru a ie\u0219i \u00een eviden\u021b\u0103 pe o pia\u021b\u0103 a muncii \u00een schimbare. Dezvoltarea lor v\u0103 permite s\u0103:<\/p>\n\n\n\n<ul>\n<li>Adapta\u021bi-v\u0103 la noile roluri \u0219i tehnologii.<\/li>\n\n\n\n<li>Colaboreaz\u0103 eficient cu echipe diverse.<\/li>\n\n\n\n<li>Lua\u021bi decizii informate \u0219i creative.<\/li>\n\n\n\n<li>Conduce\u021bi cu empatie \u0219i viziune strategic\u0103.<\/li>\n<\/ul>\n\n\n\n<p>A investi \u00een aceste abilit\u0103\u021bi \u00eenseamn\u0103 a investi \u00een viitorul t\u0103u profesional, asigur\u00e2ndu-te c\u0103 cariera ta nu doar supravie\u021buie\u0219te, ci prosper\u0103.<\/p>\n\n\n\n<p>Cite\u015fte mai mult:<a href=\"https:\/\/universofamilia.com\/ro\/tres-pilares-esenciales-para-una-carrera-robusta\/\">\u00a0Trei piloni esen\u021biali pentru o carier\u0103 solid\u0103<\/a><\/p>\n\n\n\n<h2 class=\"wp-block-heading\">\u00centreb\u0103ri frecvente<\/h2>\n\n\n\n<p><strong>De ce sunt abilit\u0103\u021bile non-tehnice (soft skills) at\u00e2t de importante \u00een compara\u021bie cu abilit\u0103\u021bile tehnico-tehnice (hard skills)?<\/strong><br>Pentru c\u0103 v\u0103 permit s\u0103 aplica\u021bi eficient cuno\u0219tin\u021bele tehnice, s\u0103 v\u0103 adapta\u021bi la schimb\u0103ri \u0219i s\u0103 colabora\u021bi \u00een medii complexe.<\/p>\n\n\n\n<p><strong>Pot fi aceste abilit\u0103\u021bi dezvoltate \u00een mod autodidact?<\/strong><br>Da, prin practic\u0103 constant\u0103, feedback, cursuri online \u0219i experien\u021be de munc\u0103 din via\u021ba real\u0103.<\/p>\n\n\n\n<p><strong>Care este cea mai apreciat\u0103 abilitate non-tehnic\u0103 \u00een prezent \u00een Mexic?<\/strong><br>Conform lui Hays \u0219i Forumului Economic Mondial, comunicarea eficient\u0103 \u0219i adaptabilitatea conduc cererea.<\/p>\n\n\n\n<p><strong>Cum \u00eemi m\u0103sor progresul \u00een domeniul abilit\u0103\u021bilor non-tehnice?<\/strong><br>Prin autoevalu\u0103ri periodice, feedback de la colegi \u0219i rezultate tangibile ale proiectului.<\/p>\n\n\n\n<p><strong>Care sectoare necesit\u0103 cea mai mare creativitate \u0219i inova\u021bie?<\/strong><br>Tehnologia, consultan\u021ba, designul, marketingul digital \u0219i educa\u021bia sunt sectoarele cu cea mai mare cerere de creativitate aplicat\u0103.<\/p>","protected":false},"excerpt":{"rendered":"<p>\u00centr-o lume a muncii \u00een care tehnologia redefine\u0219te modul \u00een care lucr\u0103m, \u00een\u021belegerea modului de a valorifica cele mai valoroase abilit\u0103\u021bi non-tehnice \u00een 2025 devine esen\u021bial\u0103 pentru cei care vor nu doar s\u0103 supravie\u021buiasc\u0103, ci \u0219i s\u0103 exceleze. Automatizarea, inteligen\u021ba artificial\u0103, globalizarea \u0219i modelele hibride au schimbat dinamica organiza\u021biilor. Ast\u0103zi, de\u021binerea unei diplome [\u2026]<\/p>","protected":false},"author":219,"featured_media":10200,"comment_status":"closed","ping_status":"open","sticky":false,"template":"","format":"standard","meta":{"footnotes":""},"categories":[5],"tags":[],"yoast_head":"<!-- This site is optimized with the Yoast SEO plugin v23.3 - https:\/\/yoast.com\/wordpress\/plugins\/seo\/ -->\n<title>Soft skills m\u00e1s valoradas en 2025 - Universo Fam\u00edlia<\/title>\n<meta name=\"description\" content=\"En un mundo laboral donde la tecnolog\u00eda redefine la manera de trabajar, entender c\u00f3mo potenciar las soft skills m\u00e1s valoradas en 2025 se...\" \/>\n<meta name=\"robots\" content=\"index, follow, max-snippet:-1, max-image-preview:large, max-video-preview:-1\" \/>\n<link rel=\"canonical\" href=\"https:\/\/universofamilia.com\/ro\/soft-skills-mas-valoradas-en-2025\/\" \/>\n<meta property=\"og:locale\" content=\"ro_RO\" \/>\n<meta property=\"og:type\" content=\"article\" \/>\n<meta property=\"og:title\" content=\"Soft skills m\u00e1s valoradas en 2025 - Universo Fam\u00edlia\" \/>\n<meta property=\"og:description\" content=\"En un mundo laboral donde la tecnolog\u00eda redefine la manera de trabajar, entender c\u00f3mo potenciar las soft skills m\u00e1s valoradas en 2025 se...\" \/>\n<meta property=\"og:url\" content=\"https:\/\/universofamilia.com\/ro\/soft-skills-mas-valoradas-en-2025\/\" \/>\n<meta property=\"og:site_name\" content=\"Universo Fam\u00edlia\" \/>\n<meta property=\"article:published_time\" content=\"2025-10-23T17:55:44+00:00\" \/>\n<meta property=\"article:modified_time\" content=\"2025-10-23T17:55:46+00:00\" \/>\n<meta property=\"og:image\" content=\"https:\/\/universofamilia.com\/wp-content\/uploads\/sites\/148\/2025\/10\/Destaque-Novo-Universo-20.jpg\" \/>\n\t<meta property=\"og:image:width\" content=\"450\" \/>\n\t<meta property=\"og:image:height\" content=\"250\" \/>\n\t<meta property=\"og:image:type\" content=\"image\/jpeg\" \/>\n<meta name=\"author\" content=\"Matheus Sangaletti\" \/>\n<meta name=\"twitter:card\" content=\"summary_large_image\" \/>\n<meta name=\"twitter:label1\" content=\"Written by\" \/>\n\t<meta name=\"twitter:data1\" content=\"Matheus Sangaletti\" \/>\n\t<meta name=\"twitter:label2\" content=\"Est. reading time\" \/>\n\t<meta name=\"twitter:data2\" content=\"9 minute\" \/>\n<script type=\"application\/ld+json\" class=\"yoast-schema-graph\">{\"@context\":\"https:\/\/schema.org\",\"@graph\":[{\"@type\":\"WebPage\",\"@id\":\"https:\/\/universofamilia.com\/sr\/soft-skills-mas-valoradas-en-2025\/\",\"url\":\"https:\/\/universofamilia.com\/sr\/soft-skills-mas-valoradas-en-2025\/\",\"name\":\"Soft skills m\u00e1s valoradas en 2025 - Universo Fam\u00edlia\",\"isPartOf\":{\"@id\":\"https:\/\/universofamilia.com\/el\/#website\"},\"primaryImageOfPage\":{\"@id\":\"https:\/\/universofamilia.com\/sr\/soft-skills-mas-valoradas-en-2025\/#primaryimage\"},\"image\":{\"@id\":\"https:\/\/universofamilia.com\/sr\/soft-skills-mas-valoradas-en-2025\/#primaryimage\"},\"thumbnailUrl\":\"https:\/\/universofamilia.com\/wp-content\/uploads\/sites\/148\/2025\/10\/Destaque-Novo-Universo-20.jpg\",\"datePublished\":\"2025-10-23T17:55:44+00:00\",\"dateModified\":\"2025-10-23T17:55:46+00:00\",\"author\":{\"@id\":\"https:\/\/universofamilia.com\/el\/#\/schema\/person\/92fcd07e9b1f4323bf74f3170fc0f78a\"},\"description\":\"En un mundo laboral donde la tecnolog\u00eda redefine la manera de trabajar, entender c\u00f3mo potenciar las soft skills m\u00e1s valoradas en 2025 se...\",\"breadcrumb\":{\"@id\":\"https:\/\/universofamilia.com\/sr\/soft-skills-mas-valoradas-en-2025\/#breadcrumb\"},\"inLanguage\":\"ro-RO\",\"potentialAction\":[{\"@type\":\"ReadAction\",\"target\":[\"https:\/\/universofamilia.com\/sr\/soft-skills-mas-valoradas-en-2025\/\"]}]},{\"@type\":\"ImageObject\",\"inLanguage\":\"ro-RO\",\"@id\":\"https:\/\/universofamilia.com\/sr\/soft-skills-mas-valoradas-en-2025\/#primaryimage\",\"url\":\"https:\/\/universofamilia.com\/wp-content\/uploads\/sites\/148\/2025\/10\/Destaque-Novo-Universo-20.jpg\",\"contentUrl\":\"https:\/\/universofamilia.com\/wp-content\/uploads\/sites\/148\/2025\/10\/Destaque-Novo-Universo-20.jpg\",\"width\":450,\"height\":250},{\"@type\":\"BreadcrumbList\",\"@id\":\"https:\/\/universofamilia.com\/sr\/soft-skills-mas-valoradas-en-2025\/#breadcrumb\",\"itemListElement\":[{\"@type\":\"ListItem\",\"position\":1,\"name\":\"Home\",\"item\":\"https:\/\/universofamilia.com\/el\/\"},{\"@type\":\"ListItem\",\"position\":2,\"name\":\"Soft skills m\u00e1s valoradas en 2025\"}]},{\"@type\":\"WebSite\",\"@id\":\"https:\/\/universofamilia.com\/el\/#website\",\"url\":\"https:\/\/universofamilia.com\/el\/\",\"name\":\"Universo Fam\u00edlia\",\"description\":\"\",\"potentialAction\":[{\"@type\":\"SearchAction\",\"target\":{\"@type\":\"EntryPoint\",\"urlTemplate\":\"https:\/\/universofamilia.com\/el\/?s={search_term_string}\"},\"query-input\":\"required name=search_term_string\"}],\"inLanguage\":\"ro-RO\"},{\"@type\":\"Person\",\"@id\":\"https:\/\/universofamilia.com\/el\/#\/schema\/person\/92fcd07e9b1f4323bf74f3170fc0f78a\",\"name\":\"Matheus Sangaletti\",\"image\":{\"@type\":\"ImageObject\",\"inLanguage\":\"ro-RO\",\"@id\":\"https:\/\/universofamilia.com\/el\/#\/schema\/person\/image\/\",\"url\":\"https:\/\/secure.gravatar.com\/avatar\/280ea957a14a48e6a1ad2133d2cc27c9?s=96&d=mm&r=g\",\"contentUrl\":\"https:\/\/secure.gravatar.com\/avatar\/280ea957a14a48e6a1ad2133d2cc27c9?s=96&d=mm&r=g\",\"caption\":\"Matheus Sangaletti\"},\"url\":\"https:\/\/universofamilia.com\/ro\/author\/matheuss\/\"}]}<\/script>\n<!-- \/ Yoast SEO plugin. -->","yoast_head_json":{"title":"Soft skills m\u00e1s valoradas en 2025 - Universo Fam\u00edlia","description":"En un mundo laboral donde la tecnolog\u00eda redefine la manera de trabajar, entender c\u00f3mo potenciar las soft skills m\u00e1s valoradas en 2025 se...","robots":{"index":"index","follow":"follow","max-snippet":"max-snippet:-1","max-image-preview":"max-image-preview:large","max-video-preview":"max-video-preview:-1"},"canonical":"https:\/\/universofamilia.com\/ro\/soft-skills-mas-valoradas-en-2025\/","og_locale":"ro_RO","og_type":"article","og_title":"Soft skills m\u00e1s valoradas en 2025 - Universo Fam\u00edlia","og_description":"En un mundo laboral donde la tecnolog\u00eda redefine la manera de trabajar, entender c\u00f3mo potenciar las soft skills m\u00e1s valoradas en 2025 se...","og_url":"https:\/\/universofamilia.com\/ro\/soft-skills-mas-valoradas-en-2025\/","og_site_name":"Universo Fam\u00edlia","article_published_time":"2025-10-23T17:55:44+00:00","article_modified_time":"2025-10-23T17:55:46+00:00","og_image":[{"width":450,"height":250,"url":"https:\/\/universofamilia.com\/wp-content\/uploads\/sites\/148\/2025\/10\/Destaque-Novo-Universo-20.jpg","type":"image\/jpeg"}],"author":"Matheus Sangaletti","twitter_card":"summary_large_image","twitter_misc":{"Written by":"Matheus Sangaletti","Est. reading time":"9 minute"},"schema":{"@context":"https:\/\/schema.org","@graph":[{"@type":"WebPage","@id":"https:\/\/universofamilia.com\/sr\/soft-skills-mas-valoradas-en-2025\/","url":"https:\/\/universofamilia.com\/sr\/soft-skills-mas-valoradas-en-2025\/","name":"Soft skills m\u00e1s valoradas en 2025 - Universo Fam\u00edlia","isPartOf":{"@id":"https:\/\/universofamilia.com\/el\/#website"},"primaryImageOfPage":{"@id":"https:\/\/universofamilia.com\/sr\/soft-skills-mas-valoradas-en-2025\/#primaryimage"},"image":{"@id":"https:\/\/universofamilia.com\/sr\/soft-skills-mas-valoradas-en-2025\/#primaryimage"},"thumbnailUrl":"https:\/\/universofamilia.com\/wp-content\/uploads\/sites\/148\/2025\/10\/Destaque-Novo-Universo-20.jpg","datePublished":"2025-10-23T17:55:44+00:00","dateModified":"2025-10-23T17:55:46+00:00","author":{"@id":"https:\/\/universofamilia.com\/el\/#\/schema\/person\/92fcd07e9b1f4323bf74f3170fc0f78a"},"description":"En un mundo laboral donde la tecnolog\u00eda redefine la manera de trabajar, entender c\u00f3mo potenciar las soft skills m\u00e1s valoradas en 2025 se...","breadcrumb":{"@id":"https:\/\/universofamilia.com\/sr\/soft-skills-mas-valoradas-en-2025\/#breadcrumb"},"inLanguage":"ro-RO","potentialAction":[{"@type":"ReadAction","target":["https:\/\/universofamilia.com\/sr\/soft-skills-mas-valoradas-en-2025\/"]}]},{"@type":"ImageObject","inLanguage":"ro-RO","@id":"https:\/\/universofamilia.com\/sr\/soft-skills-mas-valoradas-en-2025\/#primaryimage","url":"https:\/\/universofamilia.com\/wp-content\/uploads\/sites\/148\/2025\/10\/Destaque-Novo-Universo-20.jpg","contentUrl":"https:\/\/universofamilia.com\/wp-content\/uploads\/sites\/148\/2025\/10\/Destaque-Novo-Universo-20.jpg","width":450,"height":250},{"@type":"BreadcrumbList","@id":"https:\/\/universofamilia.com\/sr\/soft-skills-mas-valoradas-en-2025\/#breadcrumb","itemListElement":[{"@type":"ListItem","position":1,"name":"Home","item":"https:\/\/universofamilia.com\/el\/"},{"@type":"ListItem","position":2,"name":"Soft skills m\u00e1s valoradas en 2025"}]},{"@type":"WebSite","@id":"https:\/\/universofamilia.com\/el\/#website","url":"https:\/\/universofamilia.com\/el\/","name":"Universo Fam\u00edlia","description":"","potentialAction":[{"@type":"SearchAction","target":{"@type":"EntryPoint","urlTemplate":"https:\/\/universofamilia.com\/el\/?s={search_term_string}"},"query-input":"required name=search_term_string"}],"inLanguage":"ro-RO"},{"@type":"Person","@id":"https:\/\/universofamilia.com\/el\/#\/schema\/person\/92fcd07e9b1f4323bf74f3170fc0f78a","name":"Matheus Sangaletti","image":{"@type":"ImageObject","inLanguage":"ro-RO","@id":"https:\/\/universofamilia.com\/el\/#\/schema\/person\/image\/","url":"https:\/\/secure.gravatar.com\/avatar\/280ea957a14a48e6a1ad2133d2cc27c9?s=96&d=mm&r=g","contentUrl":"https:\/\/secure.gravatar.com\/avatar\/280ea957a14a48e6a1ad2133d2cc27c9?s=96&d=mm&r=g","caption":"Matheus Sangaletti"},"url":"https:\/\/universofamilia.com\/ro\/author\/matheuss\/"}]}},"_links":{"self":[{"href":"https:\/\/universofamilia.com\/ro\/wp-json\/wp\/v2\/posts\/10199"}],"collection":[{"href":"https:\/\/universofamilia.com\/ro\/wp-json\/wp\/v2\/posts"}],"about":[{"href":"https:\/\/universofamilia.com\/ro\/wp-json\/wp\/v2\/types\/post"}],"author":[{"embeddable":true,"href":"https:\/\/universofamilia.com\/ro\/wp-json\/wp\/v2\/users\/219"}],"replies":[{"embeddable":true,"href":"https:\/\/universofamilia.com\/ro\/wp-json\/wp\/v2\/comments?post=10199"}],"version-history":[{"count":1,"href":"https:\/\/universofamilia.com\/ro\/wp-json\/wp\/v2\/posts\/10199\/revisions"}],"predecessor-version":[{"id":10203,"href":"https:\/\/universofamilia.com\/ro\/wp-json\/wp\/v2\/posts\/10199\/revisions\/10203"}],"wp:featuredmedia":[{"embeddable":true,"href":"https:\/\/universofamilia.com\/ro\/wp-json\/wp\/v2\/media\/10200"}],"wp:attachment":[{"href":"https:\/\/universofamilia.com\/ro\/wp-json\/wp\/v2\/media?parent=10199"}],"wp:term":[{"taxonomy":"category","embeddable":true,"href":"https:\/\/universofamilia.com\/ro\/wp-json\/wp\/v2\/categories?post=10199"},{"taxonomy":"post_tag","embeddable":true,"href":"https:\/\/universofamilia.com\/ro\/wp-json\/wp\/v2\/tags?post=10199"}],"curies":[{"name":"wp","href":"https:\/\/api.w.org\/{rel}","templated":true}]}}