{"id":10230,"date":"2025-10-28T17:07:40","date_gmt":"2025-10-28T20:07:40","guid":{"rendered":"https:\/\/universofamilia.com\/?p=10230"},"modified":"2025-10-28T17:07:43","modified_gmt":"2025-10-28T20:07:43","slug":"guia-practica-para-un-hogar-inteligente-y-conectado","status":"publish","type":"post","link":"https:\/\/universofamilia.com\/ro\/guia-practica-para-un-hogar-inteligente-y-conectado\/","title":{"rendered":"Ghid practic pentru o cas\u0103 inteligent\u0103 \u0219i conectat\u0103"},"content":{"rendered":"<p class=\"has-text-align-center\">\u00cen era digital\u0103, unde tehnologia redefine\u0219te modul \u00een care tr\u0103im, <strong>Ghid practic pentru o cas\u0103 inteligent\u0103 \u0219i conectat\u0103<\/strong> A devenit un subiect esen\u021bial pentru cei care caut\u0103 confort, eficien\u021b\u0103 \u0219i sustenabilitate.<\/p>\n\n\n\n<figure class=\"wp-block-gallery aligncenter has-nested-images columns-default is-cropped wp-block-gallery-1 is-layout-flex wp-block-gallery-is-layout-flex\">\n<figure class=\"wp-block-image size-full\"><img loading=\"lazy\" decoding=\"async\" width=\"450\" height=\"250\" data-id=\"10232\" src=\"https:\/\/universofamilia.com\/wp-content\/uploads\/sites\/148\/2025\/10\/Destaque-Novo-Universo-29-1.jpg\" alt=\"\" class=\"wp-image-10232\" srcset=\"https:\/\/universofamilia.com\/wp-content\/uploads\/sites\/148\/2025\/10\/Destaque-Novo-Universo-29-1.jpg 450w, https:\/\/universofamilia.com\/wp-content\/uploads\/sites\/148\/2025\/10\/Destaque-Novo-Universo-29-1-300x167.jpg 300w, https:\/\/universofamilia.com\/wp-content\/uploads\/sites\/148\/2025\/10\/Destaque-Novo-Universo-29-1-18x10.jpg 18w\" sizes=\"(max-width: 450px) 100vw, 450px\" \/><figcaption class=\"wp-element-caption\">CANVA<\/figcaption><\/figure>\n<\/figure>\n\n\n\n<p class=\"has-text-align-center\">Acest tip de locuin\u021b\u0103 nu este un lux rezervat doar c\u00e2torva; este o evolu\u021bie accesibil\u0103 \u0219i strategic\u0103 care \u00eembun\u0103t\u0103\u021be\u0219te calitatea vie\u021bii de zi cu zi, optimizeaz\u0103 resursele \u0219i ofer\u0103 securitate avansat\u0103.<\/p>\n\n\n\n<h3 class=\"wp-block-heading\">Rezumat<\/h3>\n\n\n\n<p>\u00cen acest articol ve\u021bi descoperi cum func\u021bioneaz\u0103 sistemele inteligente pentru case, ce beneficii ofer\u0103, ce dispozitive sunt cele mai recomandate \u00een 2025, cum s\u0103 integra\u021bi tehnologia \u00een siguran\u021b\u0103 \u0219i ce tendin\u021be vor modela viitorul caselor conectate.<\/p>\n\n\n\n<p>\u00cen plus, la final sunt incluse statistici relevante, un tabel comparativ, exemple practice \u0219i o sec\u021biune de \u00eentreb\u0103ri frecvente.<\/p>\n\n\n\n<h2 class=\"wp-block-heading\">Evolu\u021bia c\u0103tre o cas\u0103 inteligent\u0103<\/h2>\n\n\n\n<p>\u00cen urm\u0103 cu un deceniu, aprinderea luminilor cu vocea sau reglarea temperaturii de pe telefonul mobil p\u0103rea science fiction.<\/p>\n\n\n\n<p>Ast\u0103zi, este o realitate cotidian\u0103.<\/p>\n\n\n\n<p>O <strong>cas\u0103 inteligent\u0103<\/strong> Folose\u0219te dispozitive interconectate, de la senzori la asisten\u021bi virtuali, care comunic\u0103 \u00eentre ele prin internet, automatiz\u00e2nd sarcinile \u0219i cre\u00e2nd experien\u021be personalizate.<\/p>\n\n\n\n<p>Conform <strong>Statista (2025)<\/strong>Peste 471% dintre gospod\u0103riile din America Latin\u0103 au deja cel pu\u021bin un dispozitiv inteligent, o cifr\u0103 care cre\u0219te \u00een fiecare an, determinat\u0103 de accesibilitate \u0219i de interesul pentru economisirea energiei.<\/p>\n\n\n\n<p>Mexicul, \u00een special, este lider \u00een adoptarea tehnologiei \u00een regiune datorit\u0103 cre\u0219terii num\u0103rului de re\u021bele 5G \u0219i integr\u0103rii sistemelor compatibile cu mai multe m\u0103rci.<\/p>\n\n\n\n<p>Aceast\u0103 revolu\u021bie tehnologic\u0103 nu transform\u0103 doar locuin\u021bele, ci \u0219i rela\u021bia oamenilor cu mediul lor:<\/p>\n\n\n\n<p>Casa \u00eenceteaz\u0103 s\u0103 mai fie un spa\u021biu pasiv \u0219i devine <strong>ecosistem interactiv<\/strong> care se adapteaz\u0103 ritmului fiec\u0103rei persoane.<\/p>\n\n\n\n<h2 class=\"wp-block-heading\">De ce s\u0103-\u021bi transformi casa \u00eentr-o cas\u0103 inteligent\u0103?<\/h2>\n\n\n\n<p>Apelul <strong><strong>Ghid practic pentru o cas\u0103 inteligent\u0103 \u0219i conectat\u0103<\/strong><\/strong> Const\u0103 \u00een echilibrul dintre func\u021bionalitate, confort \u0219i sustenabilitate.<\/p>\n\n\n\n<p>Automatizarea locuin\u021bei ofer\u0103 avantaje concrete:<\/p>\n\n\n\n<ol>\n<li><strong>Eficien\u021b\u0103 energetic\u0103:<\/strong> Sistemele inteligente ajusteaz\u0103 consumul de lumin\u0103, ap\u0103 \u0219i aer condi\u021bionat \u00een func\u021bie de utilizarea real\u0103, reduc\u00e2nd cheltuielile cu p\u00e2n\u0103 la 25%, conform datelor de la Banca Interamerican\u0103 de Dezvoltare (BID).<\/li>\n\n\n\n<li><strong>Securitate avansat\u0103:<\/strong> Camerele video bazate pe inteligen\u021b\u0103 artificial\u0103, senzorii de mi\u0219care \u0219i \u00eencuietorile digitale ofer\u0103 control de la distan\u021b\u0103 \u0219i alerte \u00een timp real.<\/li>\n\n\n\n<li><strong>Confort personalizat:<\/strong> Dispozitivele \u201e\u00eenva\u021b\u0103\u201d din obiceiurile utilizatorului, cre\u00e2nd medii ideale \u00een func\u021bie de or\u0103, vreme sau dispozi\u021bie.<\/li>\n\n\n\n<li><strong>Control centralizat:<\/strong> Totul poate fi controlat dintr-o aplica\u021bie sau prin comenzi vocale, chiar \u0219i atunci c\u00e2nd e\u0219ti departe de cas\u0103.<\/li>\n<\/ol>\n\n\n\n<p>Cheia este s\u0103 \u00een\u021belegem c\u0103 tehnologia nu este menit\u0103 s\u0103 complice via\u021ba, ci <strong>f\u0103-o mai simpl\u0103, mai intuitiv\u0103 \u0219i mai sustenabil\u0103<\/strong>.<\/p>\n\n\n\n<h2 class=\"wp-block-heading\">Cum s\u0103 \u00eencepi s\u0103-\u021bi transformi casa<\/h2>\n\n\n\n<p>Adoptarea unei case inteligente nu necesit\u0103 o investi\u021bie ini\u021bial\u0103 mare.<\/p>\n\n\n\n<p>Strategia ideal\u0103 este s\u0103 avansezi pas cu pas, acord\u00e2nd prioritate domeniilor care au cel mai mare impact asupra bun\u0103st\u0103rii tale zilnice.<\/p>\n\n\n\n<h3 class=\"wp-block-heading\">1. \u00cencepe\u021bi cu iluminatul<\/h3>\n\n\n\n<p>Spoturile inteligente sunt cel mai popular punct de plecare.<\/p>\n\n\n\n<p>\u00ce\u021bi permit s\u0103 controlezi intensitatea, programele \u0219i culorile de pe telefon.<\/p>\n\n\n\n<p>Un exemplu concret: po\u021bi programa luminile s\u0103 se aprind\u0103 u\u0219or \u00een zori, \u00eembun\u0103t\u0103\u021bindu-\u021bi odihna \u0219i reduc\u00e2nd consumul inutil de energie.<\/p>\n\n\n\n<h3 class=\"wp-block-heading\">2. Controleaz\u0103 clima cu precizie<\/h3>\n\n\n\n<p>Termostatele inteligente, precum Nest sau Ecobee, analizeaz\u0103 comportamentul t\u0103u \u0219i ajusteaz\u0103 automat temperatura.<\/p>\n\n\n\n<p>Dac\u0103 detecteaz\u0103 c\u0103 nu este nimeni acas\u0103, reduc consumul de energie.<\/p>\n\n\n\n<p>\u00cen plus, unele modele integreaz\u0103 informa\u021bii climatice pentru a anticipa schimb\u0103rile \u0219i a men\u021bine un mediu stabil.<\/p>\n\n\n\n<h3 class=\"wp-block-heading\">3. Cre\u0219terea securit\u0103\u021bii<\/h3>\n\n\n\n<p>\u00cencuietorile digitale cu recunoa\u0219tere facial\u0103 sau a amprentelor ofer\u0103 un nivel mai ridicat de protec\u021bie dec\u00e2t cheile tradi\u021bionale.<\/p>\n\n\n\n<p>\u00centre timp, camerele bazate pe inteligen\u021b\u0103 artificial\u0103 diferen\u021biaz\u0103 \u00eentre persoane, animale de companie sau mi\u0219c\u0103ri suspecte, evit\u00e2nd alarmele false.<\/p>\n\n\n\n<h3 class=\"wp-block-heading\">4. Conecta\u021bi aparatele electrocasnice<\/h3>\n\n\n\n<p>Majoritatea m\u0103rcilor includ deja func\u021bii inteligente:<\/p>\n\n\n\n<p>Frigidere care sugereaz\u0103 re\u021bete pe baza inventarului, ma\u0219ini de sp\u0103lat care ajusteaz\u0103 ciclurile \u00een func\u021bie de \u00eenc\u0103rc\u0103tur\u0103 sau aspiratoare robotizate care recunosc spa\u021biile.<\/p>\n\n\n\n<h3 class=\"wp-block-heading\">5. Centraliza\u021bi controlul<\/h3>\n\n\n\n<p>Adev\u0103rata putere a unei case inteligente const\u0103 \u00een <strong>integrare<\/strong>.<\/p>\n\n\n\n<p>Platforme precum Google Home, Alexa sau Apple HomeKit v\u0103 permit s\u0103 unifica\u021bi toate dispozitivele \u00eentr-un singur ecosistem, oferind control total dintr-o aplica\u021bie sau cu comenzi vocale.<\/p>\n\n\n\n<h2 class=\"wp-block-heading\">Tabel comparativ: principalele sisteme de control<\/h2>\n\n\n\n<figure class=\"wp-block-table\"><table><thead><tr><th>Platform\u0103<\/th><th>Compatibilitate<\/th><th>Interfa\u021b\u0103 utilizator<\/th><th>Asistent vocal<\/th><th>Nivel de securitate<\/th><\/tr><\/thead><tbody><tr><td>Pagina principal\u0103 Google<\/td><td>Multibrand (Nest, Philips, LG etc.)<\/td><td>Foarte intuitiv<\/td><td>Asistent Google<\/td><td>Ridicat<\/td><\/tr><tr><td>Amazon Alexa<\/td><td>Gam\u0103 larg\u0103 de dispozitive<\/td><td>Accesibil \u0219i stabil<\/td><td>Alexa<\/td><td>Ridicat<\/td><\/tr><tr><td>Apple HomeKit<\/td><td>Ecosistemul Apple<\/td><td>Minimalist<\/td><td>Siri<\/td><td>Foarte ridicat<\/td><\/tr><\/tbody><\/table><figcaption class=\"wp-element-caption\">Ghid practic pentru o cas\u0103 inteligent\u0103 \u0219i conectat\u0103<br><br><\/figcaption><\/figure>\n\n\n\n<figure class=\"wp-block-gallery aligncenter has-nested-images columns-default is-cropped wp-block-gallery-2 is-layout-flex wp-block-gallery-is-layout-flex\">\n<figure class=\"wp-block-image size-full\"><img loading=\"lazy\" decoding=\"async\" width=\"450\" height=\"250\" data-id=\"10233\" src=\"https:\/\/universofamilia.com\/wp-content\/uploads\/sites\/148\/2025\/10\/Destaque-Novo-Universo-30.jpg\" alt=\"\" class=\"wp-image-10233\" srcset=\"https:\/\/universofamilia.com\/wp-content\/uploads\/sites\/148\/2025\/10\/Destaque-Novo-Universo-30.jpg 450w, https:\/\/universofamilia.com\/wp-content\/uploads\/sites\/148\/2025\/10\/Destaque-Novo-Universo-30-300x167.jpg 300w, https:\/\/universofamilia.com\/wp-content\/uploads\/sites\/148\/2025\/10\/Destaque-Novo-Universo-30-18x10.jpg 18w\" sizes=\"(max-width: 450px) 100vw, 450px\" \/><figcaption class=\"wp-element-caption\">CANVA<\/figcaption><\/figure>\n<\/figure>\n\n\n\n<p>Cite\u015fte mai mult:<a href=\"https:\/\/universofamilia.com\/ro\/inteligencia-artificial-en-el-dia-a-dia\/\">\u00a0Inteligen\u021ba artificial\u0103 \u00een via\u021ba de zi cu zi<\/a><\/p>\n\n\n\n<h2 class=\"wp-block-heading\">Exemplul 1: o rutin\u0103 automatizat\u0103 \u00een via\u021ba real\u0103<\/h2>\n\n\n\n<p>Imagineaz\u0103-\u021bi c\u0103, la trezire, draperiile se deschid \u00eencet, aparatul de cafea se porne\u0219te singur \u0219i playlistul t\u0103u de diminea\u021b\u0103 \u00eencepe s\u0103 se aud\u0103.<\/p>\n\n\n\n<p>\u00centre timp, termostatul se ajusteaz\u0103 la temperatura ideal\u0103, iar oglinda din baie \u00ee\u021bi arat\u0103 vremea de pe parcursul zilei.<\/p>\n\n\n\n<p>Nu este vorba despre lux, ci despre eficien\u021b\u0103 aplicat\u0103 bun\u0103st\u0103rii.<\/p>\n\n\n\n<p>Acea experien\u021b\u0103 cotidian\u0103, gestionat\u0103 de senzori \u0219i rutine programate, reprezint\u0103 esen\u021ba <strong>Ghid practic pentru o cas\u0103 inteligent\u0103 \u0219i conectat\u0103<\/strong>:<\/p>\n\n\n\n<p>Simplific\u0103-\u021bi via\u021ba \u00een timp ce ai grij\u0103 de mediul \u00eenconjur\u0103tor.<\/p>\n\n\n\n<h2 class=\"wp-block-heading\">Leg\u0103tura dintre tehnologie \u0219i sustenabilitate<\/h2>\n\n\n\n<p>Casele inteligente sunt, de asemenea, alia\u021bii planetei.<\/p>\n\n\n\n<p>Datorit\u0103 automatiz\u0103rii, consumul de energie \u0219i ap\u0103 este redus semnificativ.<\/p>\n\n\n\n<p>\u00cen Mexic, <strong>Comisia Na\u021bional\u0103 pentru Utilizarea Eficient\u0103 a Energiei (CONUEE)<\/strong> Promoveaz\u0103 utilizarea tehnologiilor pentru locuin\u021be inteligente ca parte a politicilor na\u021bionale de economisire a energiei.<\/p>\n\n\n\n<p>Conceptul de sustenabilitate tehnologic\u0103 nu mai este op\u021bional, ci o responsabilitate comun\u0103. O cas\u0103 care \u201eg\u00e2nde\u0219te\u201d nu are grij\u0103 doar de finan\u021bele sale, ci \u0219i de <strong>protejeaz\u0103 resursele naturale<\/strong>.<\/p>\n\n\n\n<h2 class=\"wp-block-heading\">Exemplul 2: o cas\u0103 pentru persoane \u00een v\u00e2rst\u0103<\/h2>\n\n\n\n<p>Un exemplu inspirant este cel al unui cuplu de pensionari care integreaz\u0103 senzori de mi\u0219care, detectoare de fum \u0219i mementouri medicale automate.<\/p>\n\n\n\n<p>Inteligen\u021ba artificial\u0103 \u00eei avertizeaz\u0103 atunci c\u00e2nd uit\u0103 s\u0103 ia medicamente sau dac\u0103 exist\u0103 o anomalie \u00een consumul de energie electric\u0103.<\/p>\n\n\n\n<p>Acest tip de solu\u021bie demonstreaz\u0103 cum tehnologia poate avea un scop uman: s\u0103 \u00eenso\u021beasc\u0103, s\u0103 \u00eengrijeasc\u0103 \u0219i s\u0103 ofere independen\u021b\u0103.<\/p>\n\n\n\n<h2 class=\"wp-block-heading\">Analogia casei ca organism viu<\/h2>\n\n\n\n<p>G\u00e2nde\u0219te-te la casa ta ca la un organism care respir\u0103, simte \u0219i reac\u021bioneaz\u0103.<\/p>\n\n\n\n<p>Fiecare dispozitiv conectat func\u021bioneaz\u0103 ca un \u201eorgan\u201d care detecteaz\u0103, analizeaz\u0103 \u0219i r\u0103spunde la stimuli.<\/p>\n\n\n\n<p>IA ar fi sistemul nervos central care coordoneaz\u0103 totul \u00een armonie.<\/p>\n\n\n\n<p>\u00cen acest fel, casa inteligent\u0103 nu numai c\u0103 automatizeaz\u0103 sarcinile:<\/p>\n\n\n\n<p><strong>Crea\u021bi o sinergie \u00eentre tehnologie \u0219i emo\u021bie<\/strong>unde fiecare ac\u021biune are un scop \u0219i fiecare interac\u021biune contribuie la bun\u0103stare.<\/p>\n\n\n\n<h2 class=\"wp-block-heading\">Tendin\u021be \u00een domeniul caselor conectate \u00een 2025<\/h2>\n\n\n\n<p>Progresul continu\u0103. Acestea sunt principalele tendin\u021be care definesc peisajul actual:<\/p>\n\n\n\n<ul>\n<li><strong>IA contextual\u0103:<\/strong> Sistemele \u00eenva\u021b\u0103 nu doar obiceiuri, ci \u0219i emo\u021bii \u0219i st\u0103ri de spirit pentru a adapta iluminatul, muzica sau clima.<\/li>\n\n\n\n<li><strong>Energie regenerabil\u0103 intern\u0103:<\/strong> Integrarea panourilor solare cu sisteme inteligente care gestioneaz\u0103 utilizarea \u0219i stocarea acestora.<\/li>\n\n\n\n<li><strong>Interoperabilitate complet\u0103:<\/strong> Trendul Matter va permite dispozitivelor de la diferite m\u0103rci s\u0103 comunice f\u0103r\u0103 limit\u0103ri.<\/li>\n\n\n\n<li><strong>Asisten\u021bi vizionari:<\/strong> Camere care interpreteaz\u0103 gesturi \u0219i mi\u0219c\u0103ri pentru a executa comenzi f\u0103r\u0103 voce.<\/li>\n<\/ul>\n\n\n\n<p>Aceste inova\u021bii impulsioneaz\u0103 tranzi\u021bia c\u0103tre locuin\u021be cu adev\u0103rat conectate, con\u0219tiente \u0219i personalizate.<\/p>\n\n\n\n<h2 class=\"wp-block-heading\">Provoc\u0103ri \u0219i precau\u021bii<\/h2>\n\n\n\n<p>De\u0219i beneficiile sunt numeroase, riscurile nu ar trebui ignorate.<\/p>\n\n\n\n<p>Confiden\u021bialitatea \u0219i securitatea cibernetic\u0103 sunt aspecte critice \u00een <strong><strong>Ghid practic pentru o cas\u0103 inteligent\u0103 \u0219i conectat\u0103<\/strong><\/strong>.<\/p>\n\n\n\n<p>Exper\u021bii recomand\u0103:<\/p>\n\n\n\n<ul>\n<li>Folose\u0219te parole puternice \u0219i actualizeaz\u0103-le periodic.<\/li>\n\n\n\n<li>Men\u021bine\u021bi firmware-ul dispozitivului actualizat.<\/li>\n\n\n\n<li>Verifica\u021bi permisiunile de acces din fiecare aplica\u021bie conectat\u0103.<\/li>\n<\/ul>\n\n\n\n<p>Scopul este de a te bucura de confort f\u0103r\u0103 a compromite securitatea digital\u0103.<\/p>\n\n\n\n<h2 class=\"wp-block-heading\">Concluzie<\/h2>\n\n\n\n<p>Transformarea casei tale \u00eentr-o cas\u0103 conectat\u0103 este o decizie care dep\u0103\u0219e\u0219te limita tehnologiei. \u00censeamn\u0103 adoptarea unui stil de via\u021b\u0103 mai eficient, mai sigur \u0219i mai sustenabil.<\/p>\n\n\n\n<p>El <strong><strong>Ghid practic pentru o cas\u0103 inteligent\u0103 \u0219i conectat\u0103<\/strong><\/strong> \u00ce\u021bi ofer\u0103 instrumentele necesare pentru a crea un spa\u021biu \u00een care tehnologia func\u021bioneaz\u0103 \u00een favoarea ta \u0219i nu invers.<\/p>\n\n\n\n<p>\u00cen cele din urm\u0103, nu este vorba despre a avea mai multe dispozitive, ci despre <strong>tr\u0103ie\u0219te mai bine<\/strong>, cu un echilibru \u00eentre inova\u021bie \u0219i umanitate.<\/p>\n\n\n\n<p>E\u0219ti gata s\u0103 la\u0219i \u0219i casa ta s\u0103 \u00eenve\u021be s\u0103 aib\u0103 grij\u0103 de tine?<\/p>\n\n\n\n<p>Cite\u015fte mai mult:<a href=\"https:\/\/universofamilia.com\/ro\/inteligencia-artificial-en-el-dia-a-dia\/\">\u00a0<\/a><a href=\"https:\/\/universofamilia.com\/ro\/5-apps-de-ia-para-organizar-tu-rutina-en-casa\/\">5 aplica\u021bii AI pentru a-\u021bi organiza rutina de acas\u0103<\/a><\/p>\n\n\n\n<h2 class=\"wp-block-heading\">\u00centreb\u0103ri frecvente<\/h2>\n\n\n\n<p><strong>1. C\u00e2t cost\u0103 transformarea unei case \u00eentr-o cas\u0103 inteligent\u0103?<\/strong><br>Depinde de nivelul de automatizare.<\/p>\n\n\n\n<p>\u00cen medie, o investi\u021bie ini\u021bial\u0103 de baz\u0103 variaz\u0103 \u00eentre 300 \u0219i 600 de dolari, suficient\u0103 pentru a integra iluminatul, securitatea \u0219i controlul climatic.<\/p>\n\n\n\n<p><strong>2. Este necesar\u0103 o conexiune constant\u0103 la internet?<\/strong><br>Da, majoritatea dispozitivelor necesit\u0103 o conexiune Wi-Fi stabil\u0103 pentru a func\u021biona corect \u0219i a primi actualiz\u0103ri.<\/p>\n\n\n\n<p><strong>3. Este posibil s\u0103 se utilizeze m\u0103rci diferite \u00een acela\u0219i sistem?<\/strong><br>Datorit\u0103 standardului Matter, lansat \u00een 2023, majoritatea dispozitivelor de la diferite m\u0103rci pot func\u021biona acum \u00eempreun\u0103.<\/p>\n\n\n\n<p><strong>4. Consum\u0103 sistemele inteligente mult\u0103 energie?<\/strong><br>Nu. Scopul s\u0103u este tocmai de a reduce consumul, ajust\u00e2nd automat cererea \u00een func\u021bie de utilizarea real\u0103.<\/p>\n\n\n\n<p><strong>5. Ce tendin\u021b\u0103 va domina viitorul caselor inteligente?<\/strong><br>Personalizare emo\u021bional\u0103: locuin\u021be care recunosc st\u0103rile de spirit \u0219i \u00ee\u0219i adapteaz\u0103 mediul pentru a \u00eembun\u0103t\u0103\u021bi bun\u0103starea \u0219i s\u0103n\u0103tatea mintal\u0103.<\/p>","protected":false},"excerpt":{"rendered":"<p>En la era digital, donde la tecnolog\u00eda redefine la forma de vivir, Gu\u00eda pr\u00e1ctica para un hogar inteligente y conectado se ha convertido en un tema esencial para quienes buscan comodidad, eficiencia y sostenibilidad. Este tipo de vivienda no es un lujo reservado para unos pocos; es una evoluci\u00f3n accesible y estrat\u00e9gica que mejora la [&hellip;]<\/p>","protected":false},"author":219,"featured_media":10231,"comment_status":"closed","ping_status":"open","sticky":false,"template":"","format":"standard","meta":{"footnotes":""},"categories":[3],"tags":[],"yoast_head":"<!-- This site is optimized with the Yoast SEO plugin v23.3 - https:\/\/yoast.com\/wordpress\/plugins\/seo\/ -->\n<title>Gu\u00eda pr\u00e1ctica para un hogar inteligente y conectado - Universo Fam\u00edlia<\/title>\n<meta name=\"description\" content=\"En la era digital, donde la tecnolog\u00eda redefine la forma de vivir, Gu\u00eda pr\u00e1ctica para un hogar inteligente y conectado se ha convertido en...\" \/>\n<meta name=\"robots\" content=\"index, follow, max-snippet:-1, max-image-preview:large, max-video-preview:-1\" \/>\n<link rel=\"canonical\" href=\"https:\/\/universofamilia.com\/ro\/guia-practica-para-un-hogar-inteligente-y-conectado\/\" \/>\n<meta property=\"og:locale\" content=\"ro_RO\" \/>\n<meta property=\"og:type\" content=\"article\" \/>\n<meta property=\"og:title\" content=\"Gu\u00eda pr\u00e1ctica para un hogar inteligente y conectado - Universo Fam\u00edlia\" \/>\n<meta property=\"og:description\" content=\"En la era digital, donde la tecnolog\u00eda redefine la forma de vivir, Gu\u00eda pr\u00e1ctica para un hogar inteligente y conectado se ha convertido en...\" \/>\n<meta property=\"og:url\" content=\"https:\/\/universofamilia.com\/ro\/guia-practica-para-un-hogar-inteligente-y-conectado\/\" \/>\n<meta property=\"og:site_name\" content=\"Universo Fam\u00edlia\" \/>\n<meta property=\"article:published_time\" content=\"2025-10-28T20:07:40+00:00\" \/>\n<meta property=\"article:modified_time\" content=\"2025-10-28T20:07:43+00:00\" \/>\n<meta property=\"og:image\" content=\"https:\/\/universofamilia.com\/wp-content\/uploads\/sites\/148\/2025\/10\/Destaque-Novo-Universo-29.jpg\" \/>\n\t<meta property=\"og:image:width\" content=\"450\" \/>\n\t<meta property=\"og:image:height\" content=\"250\" \/>\n\t<meta property=\"og:image:type\" content=\"image\/jpeg\" \/>\n<meta name=\"author\" content=\"Matheus Sangaletti\" \/>\n<meta name=\"twitter:card\" content=\"summary_large_image\" \/>\n<meta name=\"twitter:label1\" content=\"Written by\" \/>\n\t<meta name=\"twitter:data1\" content=\"Matheus Sangaletti\" \/>\n\t<meta name=\"twitter:label2\" content=\"Est. reading time\" \/>\n\t<meta name=\"twitter:data2\" content=\"9 minute\" \/>\n<script type=\"application\/ld+json\" class=\"yoast-schema-graph\">{\"@context\":\"https:\/\/schema.org\",\"@graph\":[{\"@type\":\"WebPage\",\"@id\":\"https:\/\/universofamilia.com\/sr\/guia-practica-para-un-hogar-inteligente-y-conectado\/\",\"url\":\"https:\/\/universofamilia.com\/sr\/guia-practica-para-un-hogar-inteligente-y-conectado\/\",\"name\":\"Gu\u00eda pr\u00e1ctica para un hogar inteligente y conectado - Universo Fam\u00edlia\",\"isPartOf\":{\"@id\":\"https:\/\/universofamilia.com\/el\/#website\"},\"primaryImageOfPage\":{\"@id\":\"https:\/\/universofamilia.com\/sr\/guia-practica-para-un-hogar-inteligente-y-conectado\/#primaryimage\"},\"image\":{\"@id\":\"https:\/\/universofamilia.com\/sr\/guia-practica-para-un-hogar-inteligente-y-conectado\/#primaryimage\"},\"thumbnailUrl\":\"https:\/\/universofamilia.com\/wp-content\/uploads\/sites\/148\/2025\/10\/Destaque-Novo-Universo-29.jpg\",\"datePublished\":\"2025-10-28T20:07:40+00:00\",\"dateModified\":\"2025-10-28T20:07:43+00:00\",\"author\":{\"@id\":\"https:\/\/universofamilia.com\/el\/#\/schema\/person\/92fcd07e9b1f4323bf74f3170fc0f78a\"},\"description\":\"En la era digital, donde la tecnolog\u00eda redefine la forma de vivir, Gu\u00eda pr\u00e1ctica para un hogar inteligente y conectado se ha convertido en...\",\"breadcrumb\":{\"@id\":\"https:\/\/universofamilia.com\/sr\/guia-practica-para-un-hogar-inteligente-y-conectado\/#breadcrumb\"},\"inLanguage\":\"ro-RO\",\"potentialAction\":[{\"@type\":\"ReadAction\",\"target\":[\"https:\/\/universofamilia.com\/sr\/guia-practica-para-un-hogar-inteligente-y-conectado\/\"]}]},{\"@type\":\"ImageObject\",\"inLanguage\":\"ro-RO\",\"@id\":\"https:\/\/universofamilia.com\/sr\/guia-practica-para-un-hogar-inteligente-y-conectado\/#primaryimage\",\"url\":\"https:\/\/universofamilia.com\/wp-content\/uploads\/sites\/148\/2025\/10\/Destaque-Novo-Universo-29.jpg\",\"contentUrl\":\"https:\/\/universofamilia.com\/wp-content\/uploads\/sites\/148\/2025\/10\/Destaque-Novo-Universo-29.jpg\",\"width\":450,\"height\":250},{\"@type\":\"BreadcrumbList\",\"@id\":\"https:\/\/universofamilia.com\/sr\/guia-practica-para-un-hogar-inteligente-y-conectado\/#breadcrumb\",\"itemListElement\":[{\"@type\":\"ListItem\",\"position\":1,\"name\":\"Home\",\"item\":\"https:\/\/universofamilia.com\/el\/\"},{\"@type\":\"ListItem\",\"position\":2,\"name\":\"Gu\u00eda pr\u00e1ctica para un hogar inteligente y conectado\"}]},{\"@type\":\"WebSite\",\"@id\":\"https:\/\/universofamilia.com\/el\/#website\",\"url\":\"https:\/\/universofamilia.com\/el\/\",\"name\":\"Universo Fam\u00edlia\",\"description\":\"\",\"potentialAction\":[{\"@type\":\"SearchAction\",\"target\":{\"@type\":\"EntryPoint\",\"urlTemplate\":\"https:\/\/universofamilia.com\/el\/?s={search_term_string}\"},\"query-input\":\"required name=search_term_string\"}],\"inLanguage\":\"ro-RO\"},{\"@type\":\"Person\",\"@id\":\"https:\/\/universofamilia.com\/el\/#\/schema\/person\/92fcd07e9b1f4323bf74f3170fc0f78a\",\"name\":\"Matheus Sangaletti\",\"image\":{\"@type\":\"ImageObject\",\"inLanguage\":\"ro-RO\",\"@id\":\"https:\/\/universofamilia.com\/el\/#\/schema\/person\/image\/\",\"url\":\"https:\/\/secure.gravatar.com\/avatar\/280ea957a14a48e6a1ad2133d2cc27c9?s=96&d=mm&r=g\",\"contentUrl\":\"https:\/\/secure.gravatar.com\/avatar\/280ea957a14a48e6a1ad2133d2cc27c9?s=96&d=mm&r=g\",\"caption\":\"Matheus Sangaletti\"},\"url\":\"https:\/\/universofamilia.com\/ro\/author\/matheuss\/\"}]}<\/script>\n<!-- \/ Yoast SEO plugin. -->","yoast_head_json":{"title":"Gu\u00eda pr\u00e1ctica para un hogar inteligente y conectado - Universo Fam\u00edlia","description":"En la era digital, donde la tecnolog\u00eda redefine la forma de vivir, Gu\u00eda pr\u00e1ctica para un hogar inteligente y conectado se ha convertido en...","robots":{"index":"index","follow":"follow","max-snippet":"max-snippet:-1","max-image-preview":"max-image-preview:large","max-video-preview":"max-video-preview:-1"},"canonical":"https:\/\/universofamilia.com\/ro\/guia-practica-para-un-hogar-inteligente-y-conectado\/","og_locale":"ro_RO","og_type":"article","og_title":"Gu\u00eda pr\u00e1ctica para un hogar inteligente y conectado - Universo Fam\u00edlia","og_description":"En la era digital, donde la tecnolog\u00eda redefine la forma de vivir, Gu\u00eda pr\u00e1ctica para un hogar inteligente y conectado se ha convertido en...","og_url":"https:\/\/universofamilia.com\/ro\/guia-practica-para-un-hogar-inteligente-y-conectado\/","og_site_name":"Universo Fam\u00edlia","article_published_time":"2025-10-28T20:07:40+00:00","article_modified_time":"2025-10-28T20:07:43+00:00","og_image":[{"width":450,"height":250,"url":"https:\/\/universofamilia.com\/wp-content\/uploads\/sites\/148\/2025\/10\/Destaque-Novo-Universo-29.jpg","type":"image\/jpeg"}],"author":"Matheus Sangaletti","twitter_card":"summary_large_image","twitter_misc":{"Written by":"Matheus Sangaletti","Est. reading time":"9 minute"},"schema":{"@context":"https:\/\/schema.org","@graph":[{"@type":"WebPage","@id":"https:\/\/universofamilia.com\/sr\/guia-practica-para-un-hogar-inteligente-y-conectado\/","url":"https:\/\/universofamilia.com\/sr\/guia-practica-para-un-hogar-inteligente-y-conectado\/","name":"Gu\u00eda pr\u00e1ctica para un hogar inteligente y conectado - Universo Fam\u00edlia","isPartOf":{"@id":"https:\/\/universofamilia.com\/el\/#website"},"primaryImageOfPage":{"@id":"https:\/\/universofamilia.com\/sr\/guia-practica-para-un-hogar-inteligente-y-conectado\/#primaryimage"},"image":{"@id":"https:\/\/universofamilia.com\/sr\/guia-practica-para-un-hogar-inteligente-y-conectado\/#primaryimage"},"thumbnailUrl":"https:\/\/universofamilia.com\/wp-content\/uploads\/sites\/148\/2025\/10\/Destaque-Novo-Universo-29.jpg","datePublished":"2025-10-28T20:07:40+00:00","dateModified":"2025-10-28T20:07:43+00:00","author":{"@id":"https:\/\/universofamilia.com\/el\/#\/schema\/person\/92fcd07e9b1f4323bf74f3170fc0f78a"},"description":"En la era digital, donde la tecnolog\u00eda redefine la forma de vivir, Gu\u00eda pr\u00e1ctica para un hogar inteligente y conectado se ha convertido en...","breadcrumb":{"@id":"https:\/\/universofamilia.com\/sr\/guia-practica-para-un-hogar-inteligente-y-conectado\/#breadcrumb"},"inLanguage":"ro-RO","potentialAction":[{"@type":"ReadAction","target":["https:\/\/universofamilia.com\/sr\/guia-practica-para-un-hogar-inteligente-y-conectado\/"]}]},{"@type":"ImageObject","inLanguage":"ro-RO","@id":"https:\/\/universofamilia.com\/sr\/guia-practica-para-un-hogar-inteligente-y-conectado\/#primaryimage","url":"https:\/\/universofamilia.com\/wp-content\/uploads\/sites\/148\/2025\/10\/Destaque-Novo-Universo-29.jpg","contentUrl":"https:\/\/universofamilia.com\/wp-content\/uploads\/sites\/148\/2025\/10\/Destaque-Novo-Universo-29.jpg","width":450,"height":250},{"@type":"BreadcrumbList","@id":"https:\/\/universofamilia.com\/sr\/guia-practica-para-un-hogar-inteligente-y-conectado\/#breadcrumb","itemListElement":[{"@type":"ListItem","position":1,"name":"Home","item":"https:\/\/universofamilia.com\/el\/"},{"@type":"ListItem","position":2,"name":"Gu\u00eda pr\u00e1ctica para un hogar inteligente y conectado"}]},{"@type":"WebSite","@id":"https:\/\/universofamilia.com\/el\/#website","url":"https:\/\/universofamilia.com\/el\/","name":"Universo Fam\u00edlia","description":"","potentialAction":[{"@type":"SearchAction","target":{"@type":"EntryPoint","urlTemplate":"https:\/\/universofamilia.com\/el\/?s={search_term_string}"},"query-input":"required name=search_term_string"}],"inLanguage":"ro-RO"},{"@type":"Person","@id":"https:\/\/universofamilia.com\/el\/#\/schema\/person\/92fcd07e9b1f4323bf74f3170fc0f78a","name":"Matheus Sangaletti","image":{"@type":"ImageObject","inLanguage":"ro-RO","@id":"https:\/\/universofamilia.com\/el\/#\/schema\/person\/image\/","url":"https:\/\/secure.gravatar.com\/avatar\/280ea957a14a48e6a1ad2133d2cc27c9?s=96&d=mm&r=g","contentUrl":"https:\/\/secure.gravatar.com\/avatar\/280ea957a14a48e6a1ad2133d2cc27c9?s=96&d=mm&r=g","caption":"Matheus Sangaletti"},"url":"https:\/\/universofamilia.com\/ro\/author\/matheuss\/"}]}},"_links":{"self":[{"href":"https:\/\/universofamilia.com\/ro\/wp-json\/wp\/v2\/posts\/10230"}],"collection":[{"href":"https:\/\/universofamilia.com\/ro\/wp-json\/wp\/v2\/posts"}],"about":[{"href":"https:\/\/universofamilia.com\/ro\/wp-json\/wp\/v2\/types\/post"}],"author":[{"embeddable":true,"href":"https:\/\/universofamilia.com\/ro\/wp-json\/wp\/v2\/users\/219"}],"replies":[{"embeddable":true,"href":"https:\/\/universofamilia.com\/ro\/wp-json\/wp\/v2\/comments?post=10230"}],"version-history":[{"count":1,"href":"https:\/\/universofamilia.com\/ro\/wp-json\/wp\/v2\/posts\/10230\/revisions"}],"predecessor-version":[{"id":10234,"href":"https:\/\/universofamilia.com\/ro\/wp-json\/wp\/v2\/posts\/10230\/revisions\/10234"}],"wp:featuredmedia":[{"embeddable":true,"href":"https:\/\/universofamilia.com\/ro\/wp-json\/wp\/v2\/media\/10231"}],"wp:attachment":[{"href":"https:\/\/universofamilia.com\/ro\/wp-json\/wp\/v2\/media?parent=10230"}],"wp:term":[{"taxonomy":"category","embeddable":true,"href":"https:\/\/universofamilia.com\/ro\/wp-json\/wp\/v2\/categories?post=10230"},{"taxonomy":"post_tag","embeddable":true,"href":"https:\/\/universofamilia.com\/ro\/wp-json\/wp\/v2\/tags?post=10230"}],"curies":[{"name":"wp","href":"https:\/\/api.w.org\/{rel}","templated":true}]}}