{"id":10328,"date":"2025-11-13T10:26:37","date_gmt":"2025-11-13T13:26:37","guid":{"rendered":"https:\/\/universofamilia.com\/?p=10328"},"modified":"2025-11-13T10:26:40","modified_gmt":"2025-11-13T13:26:40","slug":"privacidad-en-linea","status":"publish","type":"post","link":"https:\/\/universofamilia.com\/ro\/privacidad-en-linea\/","title":{"rendered":"Cum s\u0103 v\u0103 proteja\u021bi datele personale \u00een era digital\u0103"},"content":{"rendered":"<p class=\"has-text-align-center\">\u00centr-o lume \u00een care aproape totul se \u00eent\u00e2mpl\u0103 prin intermediul unui ecran, <strong>Confiden\u021bialitatea online: cum s\u0103 v\u0103 proteja\u021bi datele personale \u00een era digital\u0103<\/strong> a devenit o preocupare central\u0103.<\/p>\n\n\n\n<figure class=\"wp-block-gallery aligncenter has-nested-images columns-default is-cropped wp-block-gallery-1 is-layout-flex wp-block-gallery-is-layout-flex\">\n<figure class=\"wp-block-image size-full\"><img loading=\"lazy\" decoding=\"async\" width=\"450\" height=\"250\" data-id=\"10330\" src=\"https:\/\/universofamilia.com\/wp-content\/uploads\/sites\/148\/2025\/11\/Destaque-Novo-Universo-2.jpg\" alt=\"\" class=\"wp-image-10330\" srcset=\"https:\/\/universofamilia.com\/wp-content\/uploads\/sites\/148\/2025\/11\/Destaque-Novo-Universo-2.jpg 450w, https:\/\/universofamilia.com\/wp-content\/uploads\/sites\/148\/2025\/11\/Destaque-Novo-Universo-2-300x167.jpg 300w, https:\/\/universofamilia.com\/wp-content\/uploads\/sites\/148\/2025\/11\/Destaque-Novo-Universo-2-18x10.jpg 18w\" sizes=\"(max-width: 450px) 100vw, 450px\" \/><figcaption class=\"wp-element-caption\">CANVA<\/figcaption><\/figure>\n<\/figure>\n\n\n\n<p class=\"has-text-align-center\">\u00cen acest articol ve\u021bi afla despre principalele riscuri la care sunt expuse informa\u021biile dvs., cele mai bune instrumente pentru a le proteja, statistici reale, dou\u0103 exemple clare \u0219i sfaturi practice cu r\u0103spunsuri la cele mai frecvente \u00eentreb\u0103ri ale dvs.<\/p>\n\n\n\n<p class=\"has-text-align-center\"><br>Te-ai \u00eentrebat vreodat\u0103 c\u00e2te informa\u021bii personale oferi f\u0103r\u0103 s\u0103 \u0219tii?<\/p>\n\n\n\n<h2 class=\"wp-block-heading\"><strong>Noua vulnerabilitate digital\u0103: de ce confiden\u021bialitatea nu mai este op\u021bional\u0103<\/strong><\/h2>\n\n\n\n<p>\u00cen urm\u0103 cu un deceniu, majoritatea utilizatorilor considerau confiden\u021bialitatea ca pe o problem\u0103 secundar\u0103; ast\u0103zi, \u00een 2025, este un drept \u0219i o nevoie urgent\u0103.<\/p>\n\n\n\n<p>Fiecare clic, c\u0103utare sau achizi\u021bie las\u0103 o amprent\u0103 digital\u0103 care poate fi urm\u0103rit\u0103, stocat\u0103 \u0219i v\u00e2ndut\u0103.<\/p>\n\n\n\n<p>Marile platforme tehnologice construiesc profiluri detaliate ale obiceiurilor a milioane de oameni pentru a personaliza reclamele sau a \u00eembun\u0103t\u0103\u021bi algoritmii, dar aceast\u0103 practic\u0103 deschide \u0219i u\u0219a c\u0103tre abuzuri \u0219i scurgeri de informa\u021bii.<\/p>\n\n\n\n<p>Un caz emblematic a fost cel al unui lan\u021b interna\u021bional de magazine care, \u00een 2024, a suferit o bre\u0219\u0103 masiv\u0103 de securitate \u00een baza sa de date.<\/p>\n\n\n\n<p>Atacatorii au ob\u021binut acces la mai mult de <strong>50 de milioane de \u00eenregistr\u0103ri ale clien\u021bilor<\/strong>inclusiv adrese \u0219i preferin\u021be de cump\u0103rare.<\/p>\n\n\n\n<p>Compania a avut nevoie de s\u0103pt\u0103m\u00e2ni pentru a notifica utilizatorii, iar mii dintre ace\u0219tia au c\u0103zut victime ale fraudei.<\/p>\n\n\n\n<p>Acest exemplu demonstreaz\u0103 c\u0103 nimeni nu este complet \u00een siguran\u021b\u0103: confiden\u021bialitatea digital\u0103 nu mai este op\u021bional\u0103, ci este o chestiune de supravie\u021buire tehnologic\u0103.<\/p>\n\n\n\n<h2 class=\"wp-block-heading\"><strong>Cele mai frecvente riscuri pentru datele dumneavoastr\u0103 personale<\/strong><\/h2>\n\n\n\n<p>Majoritatea amenin\u021b\u0103rilor la adresa vie\u021bii private nu provin de la hackeri sofistica\u021bi, ci din mici omisiuni de zi cu zi. Printre cele mai frecvente riscuri se num\u0103r\u0103:<\/p>\n\n\n\n<p><strong>Phishing<\/strong>e-mailuri sau mesaje false care se dau drept servicii oficiale.<\/p>\n\n\n\n<p><strong>Aplica\u021bii invazive<\/strong>: programe gratuite care solicit\u0103 permisiuni excesive.<\/p>\n\n\n\n<p><strong>Urm\u0103rirea cookie-urilor<\/strong>Fiecare site pe care \u00eel vizita\u021bi colecteaz\u0103 date de navigare.<\/p>\n\n\n\n<p><strong>Wi-Fi public<\/strong>: re\u021bele deschise unde este u\u0219or s\u0103 interceptezi informa\u021bii.<\/p>\n\n\n\n<p><strong>Parole slabe sau repetate<\/strong>: cel mai comun punct de intrare pentru atacuri.<\/p>\n\n\n\n<p>Conform <strong>Raport Norton privind siguran\u021ba cibernetic\u0103 2024<\/strong>, el <strong>77% de la utilizatori mexicani<\/strong> A\u021bi fost implicat \u00een vreo tentativ\u0103 de fraud\u0103 sau \u00eenc\u0103lcare a confiden\u021bialit\u0103\u021bii online?<\/p>\n\n\n\n<p>Cifra reflect\u0103 o realitate alarmant\u0103: protejarea informa\u021biilor personale nu mai este o op\u021biune preventiv\u0103, ci o rutin\u0103 necesar\u0103.<\/p>\n\n\n\n<figure class=\"wp-block-table\"><table><thead><tr><th><strong>Tipul de amenin\u021bare<\/strong><\/th><th><strong>Procentul de inciden\u021b\u0103 \u00een Mexic (2024)<\/strong><\/th><\/tr><\/thead><tbody><tr><td>Phishing \u0219i e-mailuri false<\/td><td>42%<\/td><\/tr><tr><td>Furtul de parole<\/td><td>27%<\/td><\/tr><tr><td>Scurgeri de date<\/td><td>19%<\/td><\/tr><tr><td>Programe malware \u00een aplica\u021biile mobile<\/td><td>8%<\/td><\/tr><tr><td>Urm\u0103rirea \u0219i v\u00e2nzarea datelor<\/td><td>4%<\/td><\/tr><\/tbody><\/table><figcaption class=\"wp-element-caption\">Confiden\u021bialitatea online: cum s\u0103 v\u0103 proteja\u021bi datele personale \u00een era digital\u0103<\/figcaption><\/figure>\n\n\n\n<p>Aceste date arat\u0103 c\u0103 amenin\u021b\u0103rile nu sunt doar diverse, ci \u0219i din ce \u00een ce mai sofisticate \u0219i mai bine direc\u021bionate.<\/p>\n\n\n\n<p>Oamenii \u00ee\u0219i protejeaz\u0103 adesea casele cu \u00eencuietori, dar \u00ee\u0219i las\u0103 \u201eu\u0219a digital\u0103\u201d deschis\u0103 f\u0103r\u0103 s\u0103 stea prea mult pe g\u00e2nduri.<\/p>\n\n\n\n<figure class=\"wp-block-gallery aligncenter has-nested-images columns-default is-cropped wp-block-gallery-2 is-layout-flex wp-block-gallery-is-layout-flex\">\n<figure class=\"wp-block-image size-full\"><img loading=\"lazy\" decoding=\"async\" width=\"450\" height=\"250\" data-id=\"10331\" src=\"https:\/\/universofamilia.com\/wp-content\/uploads\/sites\/148\/2025\/11\/Destaque-Novo-Universo-1-1.jpg\" alt=\"\" class=\"wp-image-10331\" srcset=\"https:\/\/universofamilia.com\/wp-content\/uploads\/sites\/148\/2025\/11\/Destaque-Novo-Universo-1-1.jpg 450w, https:\/\/universofamilia.com\/wp-content\/uploads\/sites\/148\/2025\/11\/Destaque-Novo-Universo-1-1-300x167.jpg 300w, https:\/\/universofamilia.com\/wp-content\/uploads\/sites\/148\/2025\/11\/Destaque-Novo-Universo-1-1-18x10.jpg 18w\" sizes=\"(max-width: 450px) 100vw, 450px\" \/><figcaption class=\"wp-element-caption\">CANVA<\/figcaption><\/figure>\n<\/figure>\n\n\n\n<p>Cite\u015fte mai mult:<a href=\"https:\/\/universofamilia.com\/ro\/inteligencia-artificial-en-el-dia-a-dia\/\">\u00a0Inteligen\u021ba artificial\u0103 \u00een via\u021ba de zi cu zi<\/a><\/p>\n\n\n\n<h2 class=\"wp-block-heading\"><strong>Cum s\u0103 v\u0103 proteja\u021bi confiden\u021bialitatea online pas cu pas<\/strong><\/h2>\n\n\n\n<p>Vestea bun\u0103 este c\u0103 exist\u0103 strategii eficiente pentru a v\u0103 consolida confiden\u021bialitatea.<\/p>\n\n\n\n<p>Nu este vorba despre a tr\u0103i \u00een fric\u0103, ci despre a naviga cu con\u0219tientizare. Iat\u0103 c\u00e2\u021biva pa\u0219i concre\u021bi pe care \u00eei po\u021bi face ast\u0103zi:<\/p>\n\n\n\n<p><strong>Folose\u0219te parole unice \u0219i sigure<\/strong>Managerii de parole, cum ar fi 1Password sau Bitwarden, te ajut\u0103 s\u0103 men\u021bii controlul f\u0103r\u0103 efort.<\/p>\n\n\n\n<p><strong>Activeaz\u0103 verificarea \u00een doi pa\u0219i (2FA)<\/strong>Acest strat suplimentar poate opri un atacator chiar dac\u0103 ob\u021bine cheia ta.<\/p>\n\n\n\n<p><strong>Folose\u0219te un VPN fiabil<\/strong> C\u00e2nd v\u0103 conecta\u021bi la re\u021bele publice, cripta\u021bi conexiunea \u0219i \u00eempiedica\u021bi urm\u0103rirea.<\/p>\n\n\n\n<p><strong>Verifica\u021bi permisiunile aplica\u021biei dvs.<\/strong>Mul\u021bi solicit\u0103 acces la contacte sau loca\u021bie f\u0103r\u0103 a fi cu adev\u0103rat nevoi\u021bi.<\/p>\n\n\n\n<p><strong>Actualiza\u021bi-v\u0103 dispozitivele<\/strong>Actualiz\u0103rile remediaz\u0103 vulnerabilit\u0103\u021bi critice.<\/p>\n\n\n\n<p><strong>Cripta\u021bi fi\u0219ierele sensibile<\/strong> \u0219i evita\u021bi stocarea lor pe servicii f\u0103r\u0103 autentificare puternic\u0103.<\/p>\n\n\n\n<p>Un exemplu inspirator este cel al unei mici companii de design din Guadalajara care, dup\u0103 ce a suferit o tentativ\u0103 de hacking, a implementat politici de igien\u0103 cibernetic\u0103:<\/p>\n\n\n\n<p>Parole puternice, copii de rezerv\u0103 criptate \u0219i sesiuni limitate. \u00cen \u0219ase luni, incidentele au fost reduse la zero.<\/p>\n\n\n\n<p>Protejarea intimit\u0103\u021bii este foarte asem\u0103n\u0103toare cu grija pentru securitatea fizic\u0103 a casei tale: po\u021bi avea o u\u0219\u0103 de o\u021bel, dar dac\u0103 la\u0219i ferestrele deschise, riscul r\u0103m\u00e2ne.<\/p>\n\n\n\n<p>Cel\/Cea\/Cei\/Cele <strong>Confiden\u021bialitatea online: cum s\u0103 v\u0103 proteja\u021bi datele personale \u00een era digital\u0103<\/strong> Necesit\u0103 aten\u021bie constant\u0103 \u0219i obiceiuri inteligente.<\/p>\n\n\n\n<h2 class=\"wp-block-heading\"><strong>Responsabilitate comun\u0103: utilizatori, companii \u0219i guverne<\/strong><\/h2>\n\n\n\n<p>Protec\u021bia datelor nu este exclusiv responsabilitatea utilizatorilor. Companiile care gestioneaz\u0103 informa\u021bii personale trebuie s\u0103 respecte standarde stricte de securitate \u0219i transparen\u021b\u0103.<\/p>\n\n\n\n<p>\u00cen Mexic, <strong>Legea federal\u0103 privind protec\u021bia datelor cu caracter personal de\u021binute de p\u0103r\u021bi private (LFPDPPP)<\/strong> Aceasta impune raportarea modului \u00een care datele sunt colectate \u0219i utilizate \u0219i garantarea protec\u021biei acestora.<\/p>\n\n\n\n<p>\u00cen plus, autorit\u0103\u021bile mexicane au intensificat auditurile \u0219i sanc\u021biunile pentru scurgerile de informa\u021bii, urm\u00e2nd exemplul Regulamentului general privind protec\u021bia datelor (RGPD) din Europa.<\/p>\n\n\n\n<p>Totu\u0219i, legile sunt eficiente doar dac\u0103 firmele \u0219i cet\u0103\u021benii ac\u021bioneaz\u0103 \u00een mod responsabil.<\/p>\n\n\n\n<p>Ca utilizatori, putem solicita o mai mare claritate cu privire la politicile de confiden\u021bialitate, putem citi termenii \u00eenainte de a accepta \u0219i putem sprijini ini\u021biativele care promoveaz\u0103 educa\u021bia digital\u0103.<\/p>\n\n\n\n<p>Confiden\u021bialitatea nu poate fi ap\u0103rat\u0103 \u00een t\u0103cere: necesit\u0103 o con\u0219tientizare colectiv\u0103 \u0219i o cultur\u0103 a protec\u021biei.<\/p>\n\n\n\n<h2 class=\"wp-block-heading\"><strong>Viitorul confiden\u021bialit\u0103\u021bii: inteligen\u021ba artificial\u0103 \u0219i noi provoc\u0103ri<\/strong><\/h2>\n\n\n\n<p>Apari\u021bia inteligen\u021bei artificiale generative \u0219i a algoritmilor predictivi a transformat dezbaterea privind confiden\u021bialitatea.<\/p>\n\n\n\n<p>Ast\u0103zi, sistemele pot reconstrui identitatea unei persoane din foarte pu\u021bine date, chiar \u0219i f\u0103r\u0103 consim\u021b\u0103m\u00e2ntul acesteia explicit.<\/p>\n\n\n\n<p>Cel\/Cea\/Cei\/Cele <strong>falsuri profunde<\/strong>Urmele biometrice \u0219i istoricul vocal ridic\u0103 dileme etice f\u0103r\u0103 precedent.<\/p>\n\n\n\n<p>Pe de alt\u0103 parte, guvernele \u0219i companiile caut\u0103 s\u0103 g\u0103seasc\u0103 un echilibru \u00eentre inova\u021bie \u0219i securitate.<\/p>\n\n\n\n<p>\u00cen 2025, mai multe \u021b\u0103ri din America Latin\u0103, inclusiv Mexic, discut\u0103 reglement\u0103ri privind utilizarea responsabil\u0103 a inteligen\u021bei artificiale \u0219i limite privind prelucrarea datelor sensibile.<\/p>\n\n\n\n<p>Confiden\u021bialitatea viitorului va depinde la fel de mult de tehnologie, precum \u0219i de educa\u021bia digital\u0103: s\u0103 \u0219tii ce partajezi, cu cine \u0219i \u00een ce scop.<\/p>\n\n\n\n<p>Un utilizator informat devine propriul s\u0103u firewall. \u00cen\u021belegerea modului \u00een care func\u021bioneaz\u0103 re\u021beaua, a algoritmilor acesteia \u0219i a politicilor de utilizare este la fel de important\u0103 ca \u0219i de\u021binerea unui software antivirus sau a unei re\u021bele VPN.<\/p>\n\n\n\n<p>Cel\/Cea\/Cei\/Cele <strong>Confiden\u021bialitatea online: cum s\u0103 v\u0103 proteja\u021bi datele personale \u00een era digital\u0103<\/strong> Nu se rezolv\u0103 cu o aplica\u021bie, ci cu o atitudine con\u0219tient\u0103.<\/p>\n\n\n\n<h2 class=\"wp-block-heading\"><strong>Concluzie<\/strong><\/h2>\n\n\n\n<p>Intimitatea nu mai este un lux, ci o form\u0103 modern\u0103 de libertate.<\/p>\n\n\n\n<p>\u00centr-un mediu \u00een care datele reprezint\u0103 cea mai valoroas\u0103 moned\u0103, protejarea lor \u00eenseamn\u0103 s\u0103 ai grij\u0103 de identitatea ta, de reputa\u021bia ta \u0219i de lini\u0219tea ta sufleteasc\u0103.<\/p>\n\n\n\n<p><br>Adoptarea unor bune practici digitale, solicitarea de transparen\u021b\u0103 din partea platformelor \u0219i men\u021binerea informa\u021biei sunt pilonii unei vie\u021bi conectate, dar \u00een acela\u0219i timp sigure.<\/p>\n\n\n\n<p>A-\u021bi proteja intimitatea \u00eenseamn\u0103, \u00een esen\u021b\u0103, a te proteja pe tine \u00eensu\u021bi.<\/p>\n\n\n\n<p>Cite\u015fte mai mult: <a href=\"https:\/\/universofamilia.com\/ro\/guia-practica-para-un-hogar-inteligente-y-conectado\/\">Ghid practic pentru o cas\u0103 inteligent\u0103 \u0219i conectat\u0103<\/a><\/p>\n\n\n\n<h2 class=\"wp-block-heading\"><strong>\u00centreb\u0103ri frecvente despre confiden\u021bialitatea online<\/strong><\/h2>\n\n\n\n<p><strong>1. Chiar este necesar s\u0103 folosesc un VPN dac\u0103 navighez doar pe re\u021belele de socializare?<\/strong><\/p>\n\n\n\n<p><br>Da. Un VPN \u00ee\u021bi protejeaz\u0103 adresa IP \u0219i \u00eempiedic\u0103 ter\u021bii s\u0103 \u00ee\u021bi urm\u0103reasc\u0103 activitatea, chiar dac\u0103 folose\u0219ti doar platforme populare.<\/p>\n\n\n\n<p><strong>2. C\u00e2t de sigure sunt parolele salvate de browser?<\/strong><\/p>\n\n\n\n<p><br>Sunt practice, dar nu cele mai sigure. Browserele pot fi vulnerabile; managerii de parole specializa\u021bi ofer\u0103 o criptare \u0219i un control mai buni.<\/p>\n\n\n\n<p><strong>3. Ce fac dac\u0103 cred c\u0103 datele mele au fost scurse?<\/strong><\/p>\n\n\n\n<p><br>Schimb\u0103-\u021bi imediat parolele, activeaz\u0103 2FA \u0219i verific\u0103 dac\u0103 e-mailurile tale apar \u00een bazele de date compromise cu mesajul \u201eAm fost p\u0103c\u0103lit\u201d?<\/p>\n\n\n\n<p>Apoi, alerteaz\u0103-\u021bi contactele pentru a preveni frauda.<\/p>\n\n\n\n<h3 class=\"wp-block-heading\"><strong>Reflec\u021bie final\u0103<\/strong><\/h3>\n\n\n\n<p>Intimitatea ta digital\u0103 este ca umbra ta: este mereu cu tine, chiar dac\u0103 uneori ui\u021bi c\u0103 este acolo.<\/p>\n\n\n\n<p><br>Depinde de tine s\u0103 \u00eel protejezi, vizibil doar pentru cei care chiar trebuie s\u0103 \u00eel vad\u0103.<\/p>","protected":false},"excerpt":{"rendered":"<p>\u00centr-o lume \u00een care aproape totul se \u00eent\u00e2mpl\u0103 prin intermediul unui ecran, confiden\u021bialitatea online - cum s\u0103 v\u0103 proteja\u021bi datele personale \u00een era digital\u0103 - a devenit o preocupare central\u0103. \u00cen acest articol, ve\u021bi afla despre principalele riscuri la adresa informa\u021biilor dvs., cele mai bune instrumente pentru a le proteja, statistici reale, dou\u0103 exemple clare \u0219i sfaturi [\u2026]<\/p>","protected":false},"author":219,"featured_media":10329,"comment_status":"closed","ping_status":"open","sticky":false,"template":"","format":"standard","meta":{"footnotes":""},"categories":[3],"tags":[],"yoast_head":"<!-- This site is optimized with the Yoast SEO plugin v23.3 - https:\/\/yoast.com\/wordpress\/plugins\/seo\/ -->\n<title>C\u00f3mo proteger tus datos personales en la era digital - Universo Fam\u00edlia<\/title>\n<meta name=\"description\" content=\"En un mundo donde casi todo ocurre a trav\u00e9s de una pantalla, la privacidad en l\u00ednea: c\u00f3mo proteger tus datos personales en la era digital...\" \/>\n<meta name=\"robots\" content=\"index, follow, max-snippet:-1, max-image-preview:large, max-video-preview:-1\" \/>\n<link rel=\"canonical\" href=\"http:\/\/universofamilia.com\/ro\/privacidad-en-linea\/\" \/>\n<meta property=\"og:locale\" content=\"ro_RO\" \/>\n<meta property=\"og:type\" content=\"article\" \/>\n<meta property=\"og:title\" content=\"C\u00f3mo proteger tus datos personales en la era digital - Universo Fam\u00edlia\" \/>\n<meta property=\"og:description\" content=\"En un mundo donde casi todo ocurre a trav\u00e9s de una pantalla, la privacidad en l\u00ednea: c\u00f3mo proteger tus datos personales en la era digital...\" \/>\n<meta property=\"og:url\" content=\"http:\/\/universofamilia.com\/ro\/privacidad-en-linea\/\" \/>\n<meta property=\"og:site_name\" content=\"Universo Fam\u00edlia\" \/>\n<meta property=\"article:published_time\" content=\"2025-11-13T13:26:37+00:00\" \/>\n<meta property=\"article:modified_time\" content=\"2025-11-13T13:26:40+00:00\" \/>\n<meta property=\"og:image\" content=\"http:\/\/universofamilia.com\/wp-content\/uploads\/sites\/148\/2025\/11\/Destaque-Novo-Universo-1.jpg\" \/>\n\t<meta property=\"og:image:width\" content=\"450\" \/>\n\t<meta property=\"og:image:height\" content=\"250\" \/>\n\t<meta property=\"og:image:type\" content=\"image\/jpeg\" \/>\n<meta name=\"author\" content=\"Matheus Sangaletti\" \/>\n<meta name=\"twitter:card\" content=\"summary_large_image\" \/>\n<meta name=\"twitter:label1\" content=\"Written by\" \/>\n\t<meta name=\"twitter:data1\" content=\"Matheus Sangaletti\" \/>\n\t<meta name=\"twitter:label2\" content=\"Est. reading time\" \/>\n\t<meta name=\"twitter:data2\" content=\"8 minute\" \/>\n<script type=\"application\/ld+json\" class=\"yoast-schema-graph\">{\"@context\":\"https:\/\/schema.org\",\"@graph\":[{\"@type\":\"WebPage\",\"@id\":\"http:\/\/universofamilia.com\/ar\/privacidad-en-linea\/\",\"url\":\"http:\/\/universofamilia.com\/ar\/privacidad-en-linea\/\",\"name\":\"C\u00f3mo proteger tus datos personales en la era digital - Universo Fam\u00edlia\",\"isPartOf\":{\"@id\":\"https:\/\/universofamilia.com\/el\/#website\"},\"primaryImageOfPage\":{\"@id\":\"http:\/\/universofamilia.com\/ar\/privacidad-en-linea\/#primaryimage\"},\"image\":{\"@id\":\"http:\/\/universofamilia.com\/ar\/privacidad-en-linea\/#primaryimage\"},\"thumbnailUrl\":\"https:\/\/universofamilia.com\/wp-content\/uploads\/sites\/148\/2025\/11\/Destaque-Novo-Universo-1.jpg\",\"datePublished\":\"2025-11-13T13:26:37+00:00\",\"dateModified\":\"2025-11-13T13:26:40+00:00\",\"author\":{\"@id\":\"https:\/\/universofamilia.com\/el\/#\/schema\/person\/92fcd07e9b1f4323bf74f3170fc0f78a\"},\"description\":\"En un mundo donde casi todo ocurre a trav\u00e9s de una pantalla, la privacidad en l\u00ednea: c\u00f3mo proteger tus datos personales en la era digital...\",\"breadcrumb\":{\"@id\":\"http:\/\/universofamilia.com\/ar\/privacidad-en-linea\/#breadcrumb\"},\"inLanguage\":\"ro-RO\",\"potentialAction\":[{\"@type\":\"ReadAction\",\"target\":[\"http:\/\/universofamilia.com\/ar\/privacidad-en-linea\/\"]}]},{\"@type\":\"ImageObject\",\"inLanguage\":\"ro-RO\",\"@id\":\"http:\/\/universofamilia.com\/ar\/privacidad-en-linea\/#primaryimage\",\"url\":\"https:\/\/universofamilia.com\/wp-content\/uploads\/sites\/148\/2025\/11\/Destaque-Novo-Universo-1.jpg\",\"contentUrl\":\"https:\/\/universofamilia.com\/wp-content\/uploads\/sites\/148\/2025\/11\/Destaque-Novo-Universo-1.jpg\",\"width\":450,\"height\":250},{\"@type\":\"BreadcrumbList\",\"@id\":\"http:\/\/universofamilia.com\/ar\/privacidad-en-linea\/#breadcrumb\",\"itemListElement\":[{\"@type\":\"ListItem\",\"position\":1,\"name\":\"Home\",\"item\":\"https:\/\/universofamilia.com\/el\/\"},{\"@type\":\"ListItem\",\"position\":2,\"name\":\"C\u00f3mo proteger tus datos personales en la era digital\"}]},{\"@type\":\"WebSite\",\"@id\":\"https:\/\/universofamilia.com\/el\/#website\",\"url\":\"https:\/\/universofamilia.com\/el\/\",\"name\":\"Universo Fam\u00edlia\",\"description\":\"\",\"potentialAction\":[{\"@type\":\"SearchAction\",\"target\":{\"@type\":\"EntryPoint\",\"urlTemplate\":\"https:\/\/universofamilia.com\/el\/?s={search_term_string}\"},\"query-input\":\"required name=search_term_string\"}],\"inLanguage\":\"ro-RO\"},{\"@type\":\"Person\",\"@id\":\"https:\/\/universofamilia.com\/el\/#\/schema\/person\/92fcd07e9b1f4323bf74f3170fc0f78a\",\"name\":\"Matheus Sangaletti\",\"image\":{\"@type\":\"ImageObject\",\"inLanguage\":\"ro-RO\",\"@id\":\"https:\/\/universofamilia.com\/el\/#\/schema\/person\/image\/\",\"url\":\"https:\/\/secure.gravatar.com\/avatar\/280ea957a14a48e6a1ad2133d2cc27c9?s=96&d=mm&r=g\",\"contentUrl\":\"https:\/\/secure.gravatar.com\/avatar\/280ea957a14a48e6a1ad2133d2cc27c9?s=96&d=mm&r=g\",\"caption\":\"Matheus Sangaletti\"},\"url\":\"https:\/\/universofamilia.com\/ro\/author\/matheuss\/\"}]}<\/script>\n<!-- \/ Yoast SEO plugin. -->","yoast_head_json":{"title":"C\u00f3mo proteger tus datos personales en la era digital - Universo Fam\u00edlia","description":"En un mundo donde casi todo ocurre a trav\u00e9s de una pantalla, la privacidad en l\u00ednea: c\u00f3mo proteger tus datos personales en la era digital...","robots":{"index":"index","follow":"follow","max-snippet":"max-snippet:-1","max-image-preview":"max-image-preview:large","max-video-preview":"max-video-preview:-1"},"canonical":"http:\/\/universofamilia.com\/ro\/privacidad-en-linea\/","og_locale":"ro_RO","og_type":"article","og_title":"C\u00f3mo proteger tus datos personales en la era digital - Universo Fam\u00edlia","og_description":"En un mundo donde casi todo ocurre a trav\u00e9s de una pantalla, la privacidad en l\u00ednea: c\u00f3mo proteger tus datos personales en la era digital...","og_url":"http:\/\/universofamilia.com\/ro\/privacidad-en-linea\/","og_site_name":"Universo Fam\u00edlia","article_published_time":"2025-11-13T13:26:37+00:00","article_modified_time":"2025-11-13T13:26:40+00:00","og_image":[{"width":450,"height":250,"url":"http:\/\/universofamilia.com\/wp-content\/uploads\/sites\/148\/2025\/11\/Destaque-Novo-Universo-1.jpg","type":"image\/jpeg"}],"author":"Matheus Sangaletti","twitter_card":"summary_large_image","twitter_misc":{"Written by":"Matheus Sangaletti","Est. reading time":"8 minute"},"schema":{"@context":"https:\/\/schema.org","@graph":[{"@type":"WebPage","@id":"http:\/\/universofamilia.com\/ar\/privacidad-en-linea\/","url":"http:\/\/universofamilia.com\/ar\/privacidad-en-linea\/","name":"C\u00f3mo proteger tus datos personales en la era digital - Universo Fam\u00edlia","isPartOf":{"@id":"https:\/\/universofamilia.com\/el\/#website"},"primaryImageOfPage":{"@id":"http:\/\/universofamilia.com\/ar\/privacidad-en-linea\/#primaryimage"},"image":{"@id":"http:\/\/universofamilia.com\/ar\/privacidad-en-linea\/#primaryimage"},"thumbnailUrl":"https:\/\/universofamilia.com\/wp-content\/uploads\/sites\/148\/2025\/11\/Destaque-Novo-Universo-1.jpg","datePublished":"2025-11-13T13:26:37+00:00","dateModified":"2025-11-13T13:26:40+00:00","author":{"@id":"https:\/\/universofamilia.com\/el\/#\/schema\/person\/92fcd07e9b1f4323bf74f3170fc0f78a"},"description":"En un mundo donde casi todo ocurre a trav\u00e9s de una pantalla, la privacidad en l\u00ednea: c\u00f3mo proteger tus datos personales en la era digital...","breadcrumb":{"@id":"http:\/\/universofamilia.com\/ar\/privacidad-en-linea\/#breadcrumb"},"inLanguage":"ro-RO","potentialAction":[{"@type":"ReadAction","target":["http:\/\/universofamilia.com\/ar\/privacidad-en-linea\/"]}]},{"@type":"ImageObject","inLanguage":"ro-RO","@id":"http:\/\/universofamilia.com\/ar\/privacidad-en-linea\/#primaryimage","url":"https:\/\/universofamilia.com\/wp-content\/uploads\/sites\/148\/2025\/11\/Destaque-Novo-Universo-1.jpg","contentUrl":"https:\/\/universofamilia.com\/wp-content\/uploads\/sites\/148\/2025\/11\/Destaque-Novo-Universo-1.jpg","width":450,"height":250},{"@type":"BreadcrumbList","@id":"http:\/\/universofamilia.com\/ar\/privacidad-en-linea\/#breadcrumb","itemListElement":[{"@type":"ListItem","position":1,"name":"Home","item":"https:\/\/universofamilia.com\/el\/"},{"@type":"ListItem","position":2,"name":"C\u00f3mo proteger tus datos personales en la era digital"}]},{"@type":"WebSite","@id":"https:\/\/universofamilia.com\/el\/#website","url":"https:\/\/universofamilia.com\/el\/","name":"Universo Fam\u00edlia","description":"","potentialAction":[{"@type":"SearchAction","target":{"@type":"EntryPoint","urlTemplate":"https:\/\/universofamilia.com\/el\/?s={search_term_string}"},"query-input":"required name=search_term_string"}],"inLanguage":"ro-RO"},{"@type":"Person","@id":"https:\/\/universofamilia.com\/el\/#\/schema\/person\/92fcd07e9b1f4323bf74f3170fc0f78a","name":"Matheus Sangaletti","image":{"@type":"ImageObject","inLanguage":"ro-RO","@id":"https:\/\/universofamilia.com\/el\/#\/schema\/person\/image\/","url":"https:\/\/secure.gravatar.com\/avatar\/280ea957a14a48e6a1ad2133d2cc27c9?s=96&d=mm&r=g","contentUrl":"https:\/\/secure.gravatar.com\/avatar\/280ea957a14a48e6a1ad2133d2cc27c9?s=96&d=mm&r=g","caption":"Matheus Sangaletti"},"url":"https:\/\/universofamilia.com\/ro\/author\/matheuss\/"}]}},"_links":{"self":[{"href":"https:\/\/universofamilia.com\/ro\/wp-json\/wp\/v2\/posts\/10328"}],"collection":[{"href":"https:\/\/universofamilia.com\/ro\/wp-json\/wp\/v2\/posts"}],"about":[{"href":"https:\/\/universofamilia.com\/ro\/wp-json\/wp\/v2\/types\/post"}],"author":[{"embeddable":true,"href":"https:\/\/universofamilia.com\/ro\/wp-json\/wp\/v2\/users\/219"}],"replies":[{"embeddable":true,"href":"https:\/\/universofamilia.com\/ro\/wp-json\/wp\/v2\/comments?post=10328"}],"version-history":[{"count":1,"href":"https:\/\/universofamilia.com\/ro\/wp-json\/wp\/v2\/posts\/10328\/revisions"}],"predecessor-version":[{"id":10332,"href":"https:\/\/universofamilia.com\/ro\/wp-json\/wp\/v2\/posts\/10328\/revisions\/10332"}],"wp:featuredmedia":[{"embeddable":true,"href":"https:\/\/universofamilia.com\/ro\/wp-json\/wp\/v2\/media\/10329"}],"wp:attachment":[{"href":"https:\/\/universofamilia.com\/ro\/wp-json\/wp\/v2\/media?parent=10328"}],"wp:term":[{"taxonomy":"category","embeddable":true,"href":"https:\/\/universofamilia.com\/ro\/wp-json\/wp\/v2\/categories?post=10328"},{"taxonomy":"post_tag","embeddable":true,"href":"https:\/\/universofamilia.com\/ro\/wp-json\/wp\/v2\/tags?post=10328"}],"curies":[{"name":"wp","href":"https:\/\/api.w.org\/{rel}","templated":true}]}}