{"id":10346,"date":"2025-11-17T14:50:39","date_gmt":"2025-11-17T17:50:39","guid":{"rendered":"https:\/\/universofamilia.com\/?p=10346"},"modified":"2025-11-17T14:50:41","modified_gmt":"2025-11-17T17:50:41","slug":"carreras-sostenibles-empleos-verdes-en-auge","status":"publish","type":"post","link":"https:\/\/universofamilia.com\/ro\/carreras-sostenibles-empleos-verdes-en-auge\/","title":{"rendered":"Cariere sustenabile: locuri de munc\u0103 verzi \u00een plin\u0103 expansiune"},"content":{"rendered":"<p class=\"has-text-align-center\">Cariere sustenabile: locuri de munc\u0103 verzi \u00een plin\u0103 expansiune. \u00centr-o lume \u00een care talentele se confrunt\u0103 cu schimb\u0103ri constante, este esen\u021bial s\u0103 discut\u0103m despre \u201eCariere sustenabile: locuri de munc\u0103 verzi \u00een plin\u0103 expansiune\u201d.<\/p>\n\n\n\n<figure class=\"wp-block-gallery aligncenter has-nested-images columns-default is-cropped wp-block-gallery-1 is-layout-flex wp-block-gallery-is-layout-flex\">\n<figure class=\"wp-block-image size-full\"><img loading=\"lazy\" decoding=\"async\" width=\"450\" height=\"250\" data-id=\"10348\" src=\"https:\/\/universofamilia.com\/wp-content\/uploads\/sites\/148\/2025\/11\/Destaque-Novo-Universo-4.jpg\" alt=\"\" class=\"wp-image-10348\" srcset=\"https:\/\/universofamilia.com\/wp-content\/uploads\/sites\/148\/2025\/11\/Destaque-Novo-Universo-4.jpg 450w, https:\/\/universofamilia.com\/wp-content\/uploads\/sites\/148\/2025\/11\/Destaque-Novo-Universo-4-300x167.jpg 300w, https:\/\/universofamilia.com\/wp-content\/uploads\/sites\/148\/2025\/11\/Destaque-Novo-Universo-4-18x10.jpg 18w\" sizes=\"(max-width: 450px) 100vw, 450px\" \/><figcaption class=\"wp-element-caption\">Canva<\/figcaption><\/figure>\n<\/figure>\n\n\n\n<p class=\"has-text-align-center\">Nu mai este o tendin\u021b\u0103 trec\u0103toare, ci un r\u0103spuns direct la urgen\u021ba climatic\u0103, tehnologic\u0103 \u0219i economic\u0103. \u0218i \u00eenainte de a aprofunda fiecare domeniu, iat\u0103 un scurt rezumat pentru a v\u0103 ghida lectura:<\/p>\n\n\n\n<p class=\"has-text-align-center\">O defini\u021bie clar\u0103 a conceptului, de ce este \u00een cre\u0219tere \u00een Mexic \u0219i \u00een \u00eentreaga lume.<\/p>\n\n\n\n<p>Domeniile cu cea mai mare cerere, cele mai apreciate competen\u021be, dou\u0103 exemple din lumea real\u0103, statistici verificabile, o analogie pentru a vizualiza impactul, un tabel comparativ util \u0219i o sec\u021biune de \u00eentreb\u0103ri frecvente.<\/p>\n\n\n\n<h2 class=\"wp-block-heading\">O schimbare de carier\u0103 care reflect\u0103 nevoile lumii<\/h2>\n\n\n\n<p>Vorbe\u0219te despre <strong><em>\u201eCariere sustenabile: locuri de munc\u0103 verzi \u00een cre\u0219tere.\u201d<\/em><\/strong> Aceasta implic\u0103 observarea modului \u00een care tranzi\u021bia energetic\u0103 \u0219i adoptarea unor practici responsabile transform\u0103 pia\u021ba muncii din Mexic.<\/p>\n\n\n\n<p>Tot mai multe companii caut\u0103 profile capabile s\u0103 reduc\u0103 impactul asupra mediului f\u0103r\u0103 a sacrifica productivitatea.<\/p>\n\n\n\n<p>Nu este logic s\u0103 credem c\u0103 noua economie necesit\u0103 profesioni\u0219ti care \u0219tiu s\u0103 echilibreze progresul \u0219i protejarea planetei?<\/p>\n\n\n\n<p>Cererea este \u00een cre\u0219tere din mai multe motive:<\/p>\n\n\n\n<p>Reglement\u0103ri de mediu mai stricte, stimulente fiscale pentru energia curat\u0103, schimb\u0103ri \u00een consum \u0219i un sector privat care \u00eencepe s\u0103 \u00ee\u0219i m\u0103soare amprenta de carbon mai serios.<\/p>\n\n\n\n<p>OIM indic\u0103 faptul c\u0103 tranzi\u021bia c\u0103tre o economie verde ar putea genera p\u00e2n\u0103 la 24 de milioane de locuri de munc\u0103 la nivel mondial p\u00e2n\u0103 \u00een 2030, cu condi\u021bia acceler\u0103rii politicilor de atenuare \u0219i a adopt\u0103rii tehnologiilor.<\/p>\n\n\n\n<p>Un fapt care arat\u0103 amploarea oportunit\u0103\u021bii.<\/p>\n\n\n\n<h2 class=\"wp-block-heading\">Ce define\u0219te o carier\u0103 sustenabil\u0103<\/h2>\n\n\n\n<p>De\u0219i este adesea asociat exclusiv cu energia regenerabil\u0103, conceptul cuprinde mult mai mult. O carier\u0103 sustenabil\u0103 integreaz\u0103 trei elemente esen\u021biale:<\/p>\n\n\n\n<p><strong>Utilizarea eficient\u0103 a resurselor.<\/strong> Profesioni\u0219ti capabili s\u0103 proiecteze, s\u0103 gestioneze sau s\u0103 \u00eembun\u0103t\u0103\u021beasc\u0103 procese cu un consum redus de energie \u0219i o poluare mai redus\u0103.<\/p>\n\n\n\n<p><strong>Impact social pozitiv.<\/strong> Proiecte care genereaz\u0103 bun\u0103stare, locuri de munc\u0103 decente \u0219i rezilien\u021b\u0103 comunitar\u0103.<\/p>\n\n\n\n<p><strong>Viziune pe termen lung.<\/strong> Decizii axate pe beneficii de durat\u0103, nu doar pe rezultate imediate.<\/p>\n\n\n\n<p>Aceste profesii sunt ca un sistem de r\u0103d\u0103cini sub o p\u0103dure: invizibil pentru mul\u021bi, dar esen\u021bial pentru a-l men\u021bine viu \u0219i stabil.<\/p>\n\n\n\n<h2 class=\"wp-block-heading\">Zone care promoveaz\u0103 locurile de munc\u0103 verzi \u00een Mexic<\/h2>\n\n\n\n<h3 class=\"wp-block-heading\">Energii regenerabile \u0219i tranzi\u021bie energetic\u0103<\/h3>\n\n\n\n<p>Extinderea parcurilor solare \u0219i eoliene face ca ingineria electric\u0103, managementul proiectelor energetice \u0219i optimizarea re\u021belelor curate s\u0103 fie pilonii fundamentali.<\/p>\n\n\n\n<p>Tehnicienii specializa\u021bi, anali\u0219tii de date energetice \u0219i proiectan\u021bii de sisteme fotovoltaice g\u0103sesc un teren fertil.<\/p>\n\n\n\n<p>Profesionalizarea este esen\u021bial\u0103, deoarece complexitatea tehnologic\u0103 avanseaz\u0103 rapid.<\/p>\n\n\n\n<h3 class=\"wp-block-heading\">Economia circular\u0103 \u0219i gestionarea de\u0219eurilor<\/h3>\n\n\n\n<p>Companiile din industria prelucr\u0103toare, alimentar\u0103, de construc\u021bii \u0219i de comer\u021b cu am\u0103nuntul integreaz\u0103 deja modele circulare care reduc de\u0219eurile \u0219i reinventeaz\u0103 lan\u021burile de aprovizionare.<\/p>\n\n\n\n<p>Aici se remarc\u0103 profesioni\u0219tii \u00een design sustenabil, consultan\u021bii de mediu \u0219i speciali\u0219tii \u00een valorificarea de\u0219eurilor, capabili s\u0103 transforme de\u0219eurile \u00een inputuri productive.<\/p>\n\n\n\n<h3 class=\"wp-block-heading\">Agricultur\u0103 regenerativ\u0103 \u0219i sisteme alimentare<\/h3>\n\n\n\n<p>Agronomii, exper\u021bii \u00een sol \u0219i tehnologiii agricole promoveaz\u0103 metode agricole care restaureaz\u0103 ecosistemele, cresc eficien\u021ba utiliz\u0103rii apei \u0219i utilizeaz\u0103 senzori inteligen\u021bi pentru monitorizare.<\/p>\n\n\n\n<p>Acest sector este \u00een cre\u0219tere \u00een special \u00een regiunile cu stres hidric sau presiune asupra produc\u021biei.<\/p>\n\n\n\n<h3 class=\"wp-block-heading\">Mobilitate inteligent\u0103 \u0219i transport curat<\/h3>\n\n\n\n<p>Electrificarea transporturilor cre\u0219te cererea de profile \u00een infrastructura de \u00eenc\u0103rcare, automatizarea vehiculelor, logistica durabil\u0103 \u0219i designul urban orientat c\u0103tre mobilitatea activ\u0103.<\/p>\n\n\n\n<h3 class=\"wp-block-heading\">Construc\u021bii durabile \u0219i eficien\u021b\u0103 energetic\u0103 \u00een cl\u0103diri<\/h3>\n\n\n\n<p>Arhitec\u021bii, urbani\u0219tii, speciali\u0219tii \u00een controlul climatic \u0219i consultan\u021bii pentru certific\u0103ri precum LEED sau EDGE sunt esen\u021biali pentru cl\u0103diri care consum\u0103 mai pu\u021bin\u0103 energie \u0219i genereaz\u0103 spa\u021bii mai s\u0103n\u0103toase.<\/p>\n\n\n\n<h2 class=\"wp-block-heading\">Competen\u021bele cele mai apreciate de companiile ecologice<\/h2>\n\n\n\n<p><strong>G\u00e2ndirea sistemic\u0103.<\/strong> Capacitatea de a \u00een\u021belege rela\u021biile dintre procese, impactul asupra mediului \u0219i costuri.<\/p>\n\n\n\n<p><strong>Competen\u021be digitale.<\/strong> Competent\u0103 \u00een software de simulare, analiza datelor \u0219i automatizare.<\/p>\n\n\n\n<p><strong>Inova\u021bie orientat\u0103 spre un scop precis.<\/strong> Adaptabilitate pentru a g\u0103si solu\u021bii \u00een medii \u00een schimbare.<\/p>\n\n\n\n<p><strong>Comunicare tehnic\u0103.<\/strong> Explicarea proceselor complexe unui public nespecializat.<\/p>\n\n\n\n<p><strong>Managementul etic al resurselor.<\/strong> Decizii bazate pe dovezi \u0219i responsabilitate profesional\u0103.<\/p>\n\n\n\n<p>Companiile nu caut\u0103 doar cuno\u0219tin\u021be tehnice; ci caut\u0103 o mentalitate de \u00eembun\u0103t\u0103\u021bire continu\u0103.<\/p>\n\n\n\n<h2 class=\"wp-block-heading\">Dou\u0103 exemple care ilustreaz\u0103 impactul real<\/h2>\n\n\n\n<p><strong>Inginerie solar\u0103 \u00een zonele rurale.<\/strong><\/p>\n\n\n\n<p>Un profesionist specializat \u00een electrificare fotovoltaic\u0103 poate coordona proiecte care conecteaz\u0103 comunit\u0103\u021bile izolate la energie curat\u0103, reduc costurile de operare \u0219i permit \u0219colilor sau centrelor de s\u0103n\u0103tate s\u0103 func\u021bioneze mai stabil.<\/p>\n\n\n\n<p><strong>Consultan\u021b\u0103 de mediu pentru industrii.<\/strong> Companiile exportatoare sunt obligate s\u0103 respecte standardele de mediu.<\/p>\n\n\n\n<p>Un consultant specializat poate m\u0103sura emisiile, poate propune \u00eembun\u0103t\u0103\u021biri energetice \u0219i poate ajuta la audituri interna\u021bionale, deschiz\u00e2nd u\u0219i c\u0103tre pie\u021bele globale.<\/p>\n\n\n\n<p>Aceste cazuri demonstreaz\u0103 cum o carier\u0103 ecologic\u0103 combin\u0103 impactul social cu o cre\u0219tere profesional\u0103 solid\u0103.<\/p>\n\n\n\n<h2 class=\"wp-block-heading\">Tabel: Principalele zone verzi \u0219i profilurile lor cele mai c\u0103utate<\/h2>\n\n\n\n<figure class=\"wp-block-table\"><table><thead><tr><th>Sector<\/th><th>Profiluri recomandate<\/th><th>Tipul de oportunitate<\/th><\/tr><\/thead><tbody><tr><td>Energii regenerabile<\/td><td>Ingineri electricieni, tehnicieni fotovoltaici, anali\u0219ti de eficien\u021b\u0103<\/td><td>Cerere mare \u0219i specializare tehnic\u0103<\/td><\/tr><tr><td>Economie circular\u0103<\/td><td>Consultan\u021bi de mediu, designeri sustenabil, manageri de de\u0219euri<\/td><td>Cre\u0219tere constant\u0103 \u00een industria prelucr\u0103toare<\/td><\/tr><tr><td>Construc\u021bii durabile<\/td><td>Arhitec\u021bi, auditori energetici, speciali\u0219ti LEED<\/td><td>Proiecte urbane \u0219i corporative<\/td><\/tr><tr><td>Mobilitate curat\u0103<\/td><td>Speciali\u0219ti \u00een infrastructura de \u00eenc\u0103rcare, anali\u0219ti de mobilitate<\/td><td>Sectorul public \u0219i privat<\/td><\/tr><tr><td>Agricultur\u0103 regenerativ\u0103<\/td><td>Ingineri agricoli, tehnicieni agricoli<\/td><td>Inova\u021bia \u00een lan\u021burile de aprovizionare cu alimente<\/td><\/tr><\/tbody><\/table><figcaption class=\"wp-element-caption\">Cariere sustenabile: locuri de munc\u0103 verzi \u00een plin\u0103 expansiune<\/figcaption><\/figure>\n\n\n\n<figure class=\"wp-block-gallery aligncenter has-nested-images columns-default is-cropped wp-block-gallery-2 is-layout-flex wp-block-gallery-is-layout-flex\">\n<figure class=\"wp-block-image size-full\"><img loading=\"lazy\" decoding=\"async\" width=\"450\" height=\"250\" data-id=\"10349\" src=\"https:\/\/universofamilia.com\/wp-content\/uploads\/sites\/148\/2025\/11\/Destaque-Novo-Universo-1-2.jpg\" alt=\"\" class=\"wp-image-10349\" srcset=\"https:\/\/universofamilia.com\/wp-content\/uploads\/sites\/148\/2025\/11\/Destaque-Novo-Universo-1-2.jpg 450w, https:\/\/universofamilia.com\/wp-content\/uploads\/sites\/148\/2025\/11\/Destaque-Novo-Universo-1-2-300x167.jpg 300w, https:\/\/universofamilia.com\/wp-content\/uploads\/sites\/148\/2025\/11\/Destaque-Novo-Universo-1-2-18x10.jpg 18w\" sizes=\"(max-width: 450px) 100vw, 450px\" \/><figcaption class=\"wp-element-caption\">Canva<\/figcaption><\/figure>\n<\/figure>\n\n\n\n<p>Cite\u015fte mai mult:\u00a0<a href=\"https:\/\/universofamilia.com\/ro\/el-teletrabajo-en-2025-las-nuevas-tendencias-del-home-office\/\">Telemunca \u00een 2025: Noi tendin\u021be pentru birourile de acas\u0103<\/a><\/p>\n\n\n\n<h2 class=\"wp-block-heading\">De ce vor continua aceste cariere s\u0103 creasc\u0103 \u00een 2025?<\/h2>\n\n\n\n<p>Politicile publice din Mexic se \u00eendreapt\u0103 spre reducerea emisiilor \u0219i \u00eendeplinirea obiectivelor interna\u021bionale.<\/p>\n\n\n\n<p>\u00cen plus, sectorul privat \u00een\u021belege deja c\u0103 performan\u021ba de mediu slab\u0103 afecteaz\u0103 reputa\u021bia, costurile \u0219i accesul la finan\u021bare.<\/p>\n\n\n\n<p>Investitorii solicit\u0103 transparen\u021b\u0103 climatic\u0103, ceea ce determin\u0103 angajarea de profesioni\u0219ti capabili s\u0103 asigure m\u0103sur\u0103tori precise \u0219i strategii de tranzi\u021bie.<\/p>\n\n\n\n<p>\u00cen acela\u0219i timp, consumatorii apreciaz\u0103 produsele cu o amprent\u0103 ecologic\u0103 mai mic\u0103, ceea ce determin\u0103 companiile s\u0103 reconfigureze procese \u00eentregi.<\/p>\n\n\n\n<p>Aceast\u0103 schimbare cultural\u0103 determin\u0103 extinderea profilurilor ecologice \u00een marketing, audit, logistic\u0103 \u0219i dezvoltarea de produse.<\/p>\n\n\n\n<h2 class=\"wp-block-heading\">Transform\u0103rile tehnologice care redefinesc viitorul muncii<\/h2>\n\n\n\n<p>Digitalizarea se intersecteaz\u0103 cu sustenabilitatea. Instrumentele de analiz\u0103 predictiv\u0103, senzorii IoT, platformele de monitorizare \u0219i gemenii digitali permit luarea unor decizii mai precise.<\/p>\n\n\n\n<p>Aceast\u0103 convergen\u021b\u0103 creeaz\u0103 roluri hibride: speciali\u0219ti care combin\u0103 ingineria cu analiza datelor sau profiluri de mediu cu abilit\u0103\u021bi de baz\u0103 de programare.<\/p>\n\n\n\n<p>Exist\u0103, de asemenea, o cerere tot mai mare de profesioni\u0219ti care \u00een\u021beleg reglement\u0103rile de mediu, deoarece fiecare proiect sustenabil interac\u021bioneaz\u0103 cu autoriza\u021bii, standarde de construc\u021bie, politici energetice \u0219i cerin\u021be fiscale.<\/p>\n\n\n\n<h2 class=\"wp-block-heading\">O economie care se reinventeaz\u0103 prin educa\u021bie<\/h2>\n\n\n\n<p>Universit\u0103\u021bile \u0219i centrele de cercetare mexicane ofer\u0103 deja diplome \u0219i programe de studii adaptate acestui nou scenariu.<\/p>\n\n\n\n<p>Programele de inginerie de mediu, energie regenerabil\u0103, biotehnologie, economie circular\u0103, managementul resurselor naturale \u0219i planificare urban\u0103 durabil\u0103 includ module despre inova\u021bie, etic\u0103 profesional\u0103 \u0219i tehnologii emergente.<\/p>\n\n\n\n<p>Consolidarea academic\u0103 este esen\u021bial\u0103 deoarece credibilitatea sectorului depinde de profesioni\u0219ti bine preg\u0103ti\u021bi. Sustenabilitatea necesit\u0103 rigoare tehnic\u0103, dovezi \u0219tiin\u021bifice \u0219i responsabilitate social\u0103.<\/p>\n\n\n\n<h2 class=\"wp-block-heading\">Este acum momentul potrivit s\u0103 intri \u00eentr-o carier\u0103 ecologic\u0103?<\/h2>\n\n\n\n<p>R\u0103spunsul depinde de interesele tale, dar perspectivele sunt favorabile. Oportunit\u0103\u021bile sunt \u00een cre\u0219tere, salariile sunt competitive, iar impactul profesional dep\u0103\u0219e\u0219te c\u00e2\u0219tigul financiar.<\/p>\n\n\n\n<p>A \u00eencepe o carier\u0103 \u00een acest sector \u00eenseamn\u0103 a contribui direct la o tranzi\u021bie care va determina calitatea vie\u021bii a milioane de oameni.<\/p>\n\n\n\n<h2 class=\"wp-block-heading\">Concluzie<\/h2>\n\n\n\n<p>Cel\/Cea\/Cei\/Cele <strong><em>\u201eCariere sustenabile: locuri de munc\u0103 verzi \u00een cre\u0219tere.\u201d<\/em><\/strong> Acestea reprezint\u0103 o poart\u0103 de acces c\u0103tre un viitor economic mai rezistent, inovator \u0219i echitabil.<\/p>\n\n\n\n<p>Combina\u021bia dintre cre\u0219terea profesional\u0103, impactul asupra mediului \u0219i stabilitatea locului de munc\u0103 face din aceste profesii una dintre cele mai strategice pariuri pentru 2025.<\/p>\n\n\n\n<p>Dac\u0103 e\u0219ti \u00een c\u0103utarea unei cariere semnificative, cu poten\u021bial de specializare \u0219i cerere stabil\u0103, aceast\u0103 lume profesional\u0103 merit\u0103 \u00eentreaga ta aten\u021bie.<\/p>\n\n\n\n<p>Cite\u015fte mai mult:\u00a0<a href=\"https:\/\/universofamilia.com\/ro\/errores-clave-al-iniciar-un-negocio-online\/\">Gre\u0219eli cheie atunci c\u00e2nd porne\u0219ti o afacere online<\/a><\/p>\n\n\n\n<h2 class=\"wp-block-heading\">\u00centreb\u0103ri frecvente<\/h2>\n\n\n\n<p><strong>Ce studii sunt recomandate pentru a \u00eencepe s\u0103 lucrezi \u00een domeniul locurilor de munc\u0103 ecologice?<\/strong><\/p>\n\n\n\n<p><br>Inginerie de mediu, energii regenerabile, agronomie, design durabil, planificare urban\u0103 \u0219i programe tehnice legate de eficien\u021ba energetic\u0103 sau gestionarea de\u0219eurilor.<\/p>\n\n\n\n<p><strong>Este necesar\u0103 experien\u021b\u0103 anterioar\u0103?<\/strong><\/p>\n\n\n\n<p><br>Nu \u00eentotdeauna. Multe pozi\u021bii de nivel de intrare se concentreaz\u0103 pe analiza datelor, asisten\u021b\u0103 tehnic\u0103 sau roluri opera\u021bionale. Instruirea continu\u0103 este esen\u021bial\u0103.<\/p>\n\n\n\n<p><strong>Locurile de munc\u0103 verzi exist\u0103 doar \u00een companiile mari?<\/strong><\/p>\n\n\n\n<p><br>Nu. \u00centreprinderile mici \u0219i mijlocii adopt\u0103, de asemenea, modele sustenabile. \u00cen plus, exist\u0103 oportunit\u0103\u021bi \u00een ONG-uri, guvern \u0219i firme de consultan\u021b\u0103 independente.<\/p>\n\n\n\n<p><strong>Poate un profesionist f\u0103r\u0103 preg\u0103tire \u00een domeniul mediului s\u0103 schimbe sectorul?<\/strong><\/p>\n\n\n\n<p><br>Da. Marketingul, dreptul, comunicarea, finan\u021bele \u0219i logistica au toate versiuni ecologice care necesit\u0103 competen\u021be transferabile.<\/p>\n\n\n\n<p><strong>Aceste cariere garanteaz\u0103 stabilitatea viitoare?<\/strong><\/p>\n\n\n\n<p><br>At\u00e2ta timp c\u00e2t guvernele \u0219i pie\u021bele men\u021bin cursul c\u0103tre decarbonizare, profesiile sustenabile vor continua s\u0103 se extind\u0103.<\/p>\n\n\n\n<p>Acestea reprezint\u0103 o oportunitate solid\u0103 cu o perspectiv\u0103 pe termen lung.<\/p>","protected":false},"excerpt":{"rendered":"<p>Carreras sostenibles: empleos verdes en auge. En un mundo donde el talento se enfrenta a cambios constantes, hablar de \u201cCarreras sostenibles: empleos verdes en auge.\u201d Ya no es una tendencia pasajera, sino una respuesta directa a la urgencia clim\u00e1tica, tecnol\u00f3gica y econ\u00f3mica.Y antes de entrar en cada \u00e1rea, aqu\u00ed tienes un sumario r\u00e1pido que orienta [&hellip;]<\/p>","protected":false},"author":219,"featured_media":10347,"comment_status":"closed","ping_status":"open","sticky":false,"template":"","format":"standard","meta":{"footnotes":""},"categories":[5],"tags":[],"yoast_head":"<!-- This site is optimized with the Yoast SEO plugin v23.3 - https:\/\/yoast.com\/wordpress\/plugins\/seo\/ -->\n<title>Carreras sostenibles: empleos verdes en auge - Universo Fam\u00edlia<\/title>\n<meta name=\"description\" content=\"Carreras sostenibles: empleos verdes en auge. En un mundo donde el talento se enfrenta a cambios constantes, hablar de \u201cCarreras sostenibles:\" \/>\n<meta name=\"robots\" content=\"index, follow, max-snippet:-1, max-image-preview:large, max-video-preview:-1\" \/>\n<link rel=\"canonical\" href=\"http:\/\/universofamilia.com\/ro\/carreras-sostenibles-empleos-verdes-en-auge\/\" \/>\n<meta property=\"og:locale\" content=\"ro_RO\" \/>\n<meta property=\"og:type\" content=\"article\" \/>\n<meta property=\"og:title\" content=\"Carreras sostenibles: empleos verdes en auge - Universo Fam\u00edlia\" \/>\n<meta property=\"og:description\" content=\"Carreras sostenibles: empleos verdes en auge. En un mundo donde el talento se enfrenta a cambios constantes, hablar de \u201cCarreras sostenibles:\" \/>\n<meta property=\"og:url\" content=\"http:\/\/universofamilia.com\/ro\/carreras-sostenibles-empleos-verdes-en-auge\/\" \/>\n<meta property=\"og:site_name\" content=\"Universo Fam\u00edlia\" \/>\n<meta property=\"article:published_time\" content=\"2025-11-17T17:50:39+00:00\" \/>\n<meta property=\"article:modified_time\" content=\"2025-11-17T17:50:41+00:00\" \/>\n<meta property=\"og:image\" content=\"http:\/\/universofamilia.com\/wp-content\/uploads\/sites\/148\/2025\/11\/Destaque-Novo-Universo-3.jpg\" \/>\n\t<meta property=\"og:image:width\" content=\"450\" \/>\n\t<meta property=\"og:image:height\" content=\"250\" \/>\n\t<meta property=\"og:image:type\" content=\"image\/jpeg\" \/>\n<meta name=\"author\" content=\"Matheus Sangaletti\" \/>\n<meta name=\"twitter:card\" content=\"summary_large_image\" \/>\n<meta name=\"twitter:label1\" content=\"Written by\" \/>\n\t<meta name=\"twitter:data1\" content=\"Matheus Sangaletti\" \/>\n\t<meta name=\"twitter:label2\" content=\"Est. reading time\" \/>\n\t<meta name=\"twitter:data2\" content=\"8 minute\" \/>\n<script type=\"application\/ld+json\" class=\"yoast-schema-graph\">{\"@context\":\"https:\/\/schema.org\",\"@graph\":[{\"@type\":\"WebPage\",\"@id\":\"http:\/\/universofamilia.com\/pt\/carreras-sostenibles-empleos-verdes-en-auge\/\",\"url\":\"http:\/\/universofamilia.com\/pt\/carreras-sostenibles-empleos-verdes-en-auge\/\",\"name\":\"Carreras sostenibles: empleos verdes en auge - Universo Fam\u00edlia\",\"isPartOf\":{\"@id\":\"http:\/\/universofamilia.com\/zh_hk\/#website\"},\"primaryImageOfPage\":{\"@id\":\"http:\/\/universofamilia.com\/pt\/carreras-sostenibles-empleos-verdes-en-auge\/#primaryimage\"},\"image\":{\"@id\":\"http:\/\/universofamilia.com\/pt\/carreras-sostenibles-empleos-verdes-en-auge\/#primaryimage\"},\"thumbnailUrl\":\"https:\/\/universofamilia.com\/wp-content\/uploads\/sites\/148\/2025\/11\/Destaque-Novo-Universo-3.jpg\",\"datePublished\":\"2025-11-17T17:50:39+00:00\",\"dateModified\":\"2025-11-17T17:50:41+00:00\",\"author\":{\"@id\":\"http:\/\/universofamilia.com\/zh_hk\/#\/schema\/person\/92fcd07e9b1f4323bf74f3170fc0f78a\"},\"description\":\"Carreras sostenibles: empleos verdes en auge. En un mundo donde el talento se enfrenta a cambios constantes, hablar de \u201cCarreras sostenibles:\",\"breadcrumb\":{\"@id\":\"http:\/\/universofamilia.com\/pt\/carreras-sostenibles-empleos-verdes-en-auge\/#breadcrumb\"},\"inLanguage\":\"ro-RO\",\"potentialAction\":[{\"@type\":\"ReadAction\",\"target\":[\"http:\/\/universofamilia.com\/pt\/carreras-sostenibles-empleos-verdes-en-auge\/\"]}]},{\"@type\":\"ImageObject\",\"inLanguage\":\"ro-RO\",\"@id\":\"http:\/\/universofamilia.com\/pt\/carreras-sostenibles-empleos-verdes-en-auge\/#primaryimage\",\"url\":\"https:\/\/universofamilia.com\/wp-content\/uploads\/sites\/148\/2025\/11\/Destaque-Novo-Universo-3.jpg\",\"contentUrl\":\"https:\/\/universofamilia.com\/wp-content\/uploads\/sites\/148\/2025\/11\/Destaque-Novo-Universo-3.jpg\",\"width\":450,\"height\":250},{\"@type\":\"BreadcrumbList\",\"@id\":\"http:\/\/universofamilia.com\/pt\/carreras-sostenibles-empleos-verdes-en-auge\/#breadcrumb\",\"itemListElement\":[{\"@type\":\"ListItem\",\"position\":1,\"name\":\"Home\",\"item\":\"http:\/\/universofamilia.com\/zh_hk\/\"},{\"@type\":\"ListItem\",\"position\":2,\"name\":\"Carreras sostenibles: empleos verdes en auge\"}]},{\"@type\":\"WebSite\",\"@id\":\"http:\/\/universofamilia.com\/zh_hk\/#website\",\"url\":\"http:\/\/universofamilia.com\/zh_hk\/\",\"name\":\"Universo Fam\u00edlia\",\"description\":\"\",\"potentialAction\":[{\"@type\":\"SearchAction\",\"target\":{\"@type\":\"EntryPoint\",\"urlTemplate\":\"http:\/\/universofamilia.com\/zh_hk\/?s={search_term_string}\"},\"query-input\":\"required name=search_term_string\"}],\"inLanguage\":\"ro-RO\"},{\"@type\":\"Person\",\"@id\":\"http:\/\/universofamilia.com\/zh_hk\/#\/schema\/person\/92fcd07e9b1f4323bf74f3170fc0f78a\",\"name\":\"Matheus Sangaletti\",\"image\":{\"@type\":\"ImageObject\",\"inLanguage\":\"ro-RO\",\"@id\":\"http:\/\/universofamilia.com\/zh_hk\/#\/schema\/person\/image\/\",\"url\":\"https:\/\/secure.gravatar.com\/avatar\/280ea957a14a48e6a1ad2133d2cc27c9?s=96&d=mm&r=g\",\"contentUrl\":\"https:\/\/secure.gravatar.com\/avatar\/280ea957a14a48e6a1ad2133d2cc27c9?s=96&d=mm&r=g\",\"caption\":\"Matheus Sangaletti\"},\"url\":\"https:\/\/universofamilia.com\/ro\/author\/matheuss\/\"}]}<\/script>\n<!-- \/ Yoast SEO plugin. -->","yoast_head_json":{"title":"Carreras sostenibles: empleos verdes en auge - Universo Fam\u00edlia","description":"Carreras sostenibles: empleos verdes en auge. En un mundo donde el talento se enfrenta a cambios constantes, hablar de \u201cCarreras sostenibles:","robots":{"index":"index","follow":"follow","max-snippet":"max-snippet:-1","max-image-preview":"max-image-preview:large","max-video-preview":"max-video-preview:-1"},"canonical":"http:\/\/universofamilia.com\/ro\/carreras-sostenibles-empleos-verdes-en-auge\/","og_locale":"ro_RO","og_type":"article","og_title":"Carreras sostenibles: empleos verdes en auge - Universo Fam\u00edlia","og_description":"Carreras sostenibles: empleos verdes en auge. En un mundo donde el talento se enfrenta a cambios constantes, hablar de \u201cCarreras sostenibles:","og_url":"http:\/\/universofamilia.com\/ro\/carreras-sostenibles-empleos-verdes-en-auge\/","og_site_name":"Universo Fam\u00edlia","article_published_time":"2025-11-17T17:50:39+00:00","article_modified_time":"2025-11-17T17:50:41+00:00","og_image":[{"width":450,"height":250,"url":"http:\/\/universofamilia.com\/wp-content\/uploads\/sites\/148\/2025\/11\/Destaque-Novo-Universo-3.jpg","type":"image\/jpeg"}],"author":"Matheus Sangaletti","twitter_card":"summary_large_image","twitter_misc":{"Written by":"Matheus Sangaletti","Est. reading time":"8 minute"},"schema":{"@context":"https:\/\/schema.org","@graph":[{"@type":"WebPage","@id":"http:\/\/universofamilia.com\/pt\/carreras-sostenibles-empleos-verdes-en-auge\/","url":"http:\/\/universofamilia.com\/pt\/carreras-sostenibles-empleos-verdes-en-auge\/","name":"Carreras sostenibles: empleos verdes en auge - Universo Fam\u00edlia","isPartOf":{"@id":"http:\/\/universofamilia.com\/zh_hk\/#website"},"primaryImageOfPage":{"@id":"http:\/\/universofamilia.com\/pt\/carreras-sostenibles-empleos-verdes-en-auge\/#primaryimage"},"image":{"@id":"http:\/\/universofamilia.com\/pt\/carreras-sostenibles-empleos-verdes-en-auge\/#primaryimage"},"thumbnailUrl":"https:\/\/universofamilia.com\/wp-content\/uploads\/sites\/148\/2025\/11\/Destaque-Novo-Universo-3.jpg","datePublished":"2025-11-17T17:50:39+00:00","dateModified":"2025-11-17T17:50:41+00:00","author":{"@id":"http:\/\/universofamilia.com\/zh_hk\/#\/schema\/person\/92fcd07e9b1f4323bf74f3170fc0f78a"},"description":"Carreras sostenibles: empleos verdes en auge. En un mundo donde el talento se enfrenta a cambios constantes, hablar de \u201cCarreras sostenibles:","breadcrumb":{"@id":"http:\/\/universofamilia.com\/pt\/carreras-sostenibles-empleos-verdes-en-auge\/#breadcrumb"},"inLanguage":"ro-RO","potentialAction":[{"@type":"ReadAction","target":["http:\/\/universofamilia.com\/pt\/carreras-sostenibles-empleos-verdes-en-auge\/"]}]},{"@type":"ImageObject","inLanguage":"ro-RO","@id":"http:\/\/universofamilia.com\/pt\/carreras-sostenibles-empleos-verdes-en-auge\/#primaryimage","url":"https:\/\/universofamilia.com\/wp-content\/uploads\/sites\/148\/2025\/11\/Destaque-Novo-Universo-3.jpg","contentUrl":"https:\/\/universofamilia.com\/wp-content\/uploads\/sites\/148\/2025\/11\/Destaque-Novo-Universo-3.jpg","width":450,"height":250},{"@type":"BreadcrumbList","@id":"http:\/\/universofamilia.com\/pt\/carreras-sostenibles-empleos-verdes-en-auge\/#breadcrumb","itemListElement":[{"@type":"ListItem","position":1,"name":"Home","item":"http:\/\/universofamilia.com\/zh_hk\/"},{"@type":"ListItem","position":2,"name":"Carreras sostenibles: empleos verdes en auge"}]},{"@type":"WebSite","@id":"http:\/\/universofamilia.com\/zh_hk\/#website","url":"http:\/\/universofamilia.com\/zh_hk\/","name":"Universo Fam\u00edlia","description":"","potentialAction":[{"@type":"SearchAction","target":{"@type":"EntryPoint","urlTemplate":"http:\/\/universofamilia.com\/zh_hk\/?s={search_term_string}"},"query-input":"required name=search_term_string"}],"inLanguage":"ro-RO"},{"@type":"Person","@id":"http:\/\/universofamilia.com\/zh_hk\/#\/schema\/person\/92fcd07e9b1f4323bf74f3170fc0f78a","name":"Matheus Sangaletti","image":{"@type":"ImageObject","inLanguage":"ro-RO","@id":"http:\/\/universofamilia.com\/zh_hk\/#\/schema\/person\/image\/","url":"https:\/\/secure.gravatar.com\/avatar\/280ea957a14a48e6a1ad2133d2cc27c9?s=96&d=mm&r=g","contentUrl":"https:\/\/secure.gravatar.com\/avatar\/280ea957a14a48e6a1ad2133d2cc27c9?s=96&d=mm&r=g","caption":"Matheus Sangaletti"},"url":"https:\/\/universofamilia.com\/ro\/author\/matheuss\/"}]}},"_links":{"self":[{"href":"https:\/\/universofamilia.com\/ro\/wp-json\/wp\/v2\/posts\/10346"}],"collection":[{"href":"https:\/\/universofamilia.com\/ro\/wp-json\/wp\/v2\/posts"}],"about":[{"href":"https:\/\/universofamilia.com\/ro\/wp-json\/wp\/v2\/types\/post"}],"author":[{"embeddable":true,"href":"https:\/\/universofamilia.com\/ro\/wp-json\/wp\/v2\/users\/219"}],"replies":[{"embeddable":true,"href":"https:\/\/universofamilia.com\/ro\/wp-json\/wp\/v2\/comments?post=10346"}],"version-history":[{"count":1,"href":"https:\/\/universofamilia.com\/ro\/wp-json\/wp\/v2\/posts\/10346\/revisions"}],"predecessor-version":[{"id":10350,"href":"https:\/\/universofamilia.com\/ro\/wp-json\/wp\/v2\/posts\/10346\/revisions\/10350"}],"wp:featuredmedia":[{"embeddable":true,"href":"https:\/\/universofamilia.com\/ro\/wp-json\/wp\/v2\/media\/10347"}],"wp:attachment":[{"href":"https:\/\/universofamilia.com\/ro\/wp-json\/wp\/v2\/media?parent=10346"}],"wp:term":[{"taxonomy":"category","embeddable":true,"href":"https:\/\/universofamilia.com\/ro\/wp-json\/wp\/v2\/categories?post=10346"},{"taxonomy":"post_tag","embeddable":true,"href":"https:\/\/universofamilia.com\/ro\/wp-json\/wp\/v2\/tags?post=10346"}],"curies":[{"name":"wp","href":"https:\/\/api.w.org\/{rel}","templated":true}]}}