{"id":1977,"date":"2023-05-27T16:15:00","date_gmt":"2023-05-27T16:15:00","guid":{"rendered":"https:\/\/universofamilia.com\/?p=1977"},"modified":"2023-05-27T16:15:00","modified_gmt":"2023-05-27T16:15:00","slug":"o-que-e-ser-mae-adotiva","status":"publish","type":"post","link":"https:\/\/universofamilia.com\/ro\/o-que-e-ser-mae-adotiva\/","title":{"rendered":"Ce \u00eenseamn\u0103 s\u0103 fii mam\u0103 adoptiv\u0103?"},"content":{"rendered":"<h4 class=\"wp-block-heading\">O iubire f\u0103r\u0103 limite<\/h4>\n\n\n\n<p>A fi mai mult este o experien\u021b\u0103 sublim\u0103 care transcende leg\u0103turile de s\u00e2nge. Pentru o persoan\u0103 mai iubitoare, aceast\u0103 experien\u021b\u0103 este \u0219i mai special\u0103.<\/p>\n\n\n\n<p>\u00cen acest text, explor\u0103m semnifica\u021bia faptului de a fi mai iubitor, abord\u00e2nd provoc\u0103rile, bucuriile \u0219i iubirea necondi\u021bionat\u0103 care p\u0103trund \u00een aceast\u0103 c\u0103l\u0103torie unic\u0103.<\/p>\n\n\n\n<h3 class=\"wp-block-heading\">Vezi \u0219i:<\/h3>\n\n\n\n<p><a href=\"https:\/\/universofamilia.com\/ro\/o-que-e-ser-mae\/\" target=\"_blank\" rel=\"noreferrer noopener\">Ce \u00eenseamn\u0103 s\u0103 fii mam\u0103? O iubire necondi\u021bionat\u0103 care transform\u0103 vie\u021bi<\/a><\/p>\n\n\n\n<p><a href=\"https:\/\/universofamilia.com\/ro\/a-importancia-do-controle-de-gastos-familiar\/\" target=\"_blank\" rel=\"noreferrer noopener\">Importan\u021ba controlului cheltuielilor familiale<\/a><\/p>\n\n\n\n<p><a href=\"https:\/\/www.luzbaby.com.br\/\" target=\"_blank\" rel=\"noreferrer noopener\">A Luz Baby este unul dintre cele mai bune magazine de produse pentru sugari. Click aici.<\/a><\/p>\n\n\n\n<h4 class=\"wp-block-heading\">Alegerea inimii<\/h4>\n\n\n\n<p>C\u00e2nd o femeie decide s\u0103 fie mai iubitoare, se confrunt\u0103 cu o \u0219coal\u0103 a curajului \u0219i a iubirii. \u00ce\u0219i deschide inima pentru a primi un copil care nu s-a n\u0103scut din p\u00e2ntecele ei, dar pe care \u00eel a\u0219teapt\u0103 cu aceea\u0219i intensitate \u0219i dorin\u021b\u0103.<\/p>\n\n\n\n<p>Maternitatea adoptiv\u0103 este o oportunitate de a crea leg\u0103turi profunde \u0219i durabile cu un copil care merge pe alte c\u0103i.<\/p>\n\n\n\n<figure class=\"wp-block-image size-full\"><img loading=\"lazy\" decoding=\"async\" width=\"448\" height=\"350\" src=\"http:\/\/universofamilia.com\/wp-content\/uploads\/sites\/148\/2023\/05\/FOTO-DESTAQUE-mae-adotiva-universo-familia-448x350-.png\" alt=\"\" class=\"wp-image-1979\" srcset=\"https:\/\/universofamilia.com\/wp-content\/uploads\/sites\/148\/2023\/05\/FOTO-DESTAQUE-mae-adotiva-universo-familia-448x350-.png 448w, https:\/\/universofamilia.com\/wp-content\/uploads\/sites\/148\/2023\/05\/FOTO-DESTAQUE-mae-adotiva-universo-familia-448x350--300x234.png 300w\" sizes=\"(max-width: 448px) 100vw, 448px\" \/><\/figure>\n\n\n\n<h4 class=\"wp-block-heading\">Puterea iubirii necondi\u021bionate<\/h4>\n\n\n\n<p>Dragostea unei mame iubitoare este cu adev\u0103rat necondi\u021bionat\u0103. Sprijin\u0103 un copil cu propria sa istorie, cu r\u0103ni \u0219i provoc\u0103ri care necesit\u0103 \u00eengrijire \u0219i \u00een\u021belegere.<\/p>\n\n\n\n<p>Prin urmare, a fi mai iubitor \u00eenseamn\u0103 a fi dispus s\u0103 \u00eenfrun\u021bi aceste adversit\u0103\u021bi cu iubire, r\u0103bdare \u0219i d\u0103ruire, construind o leg\u0103tur\u0103 care s\u0103 dep\u0103\u0219easc\u0103 orice obstacol.<\/p>\n\n\n\n<h4 class=\"wp-block-heading\">Ziua de a\u0219teptare<\/h4>\n\n\n\n<p>Ziua unei mame iubitoare \u00eencepe adesea cu a\u0219teptarea. Ea se \u00eent\u00e2lne\u0219te cu p\u0103rin\u021bii, trece prin interviuri \u0219i examene \u0219i a\u0219teapt\u0103 cu ner\u0103bdare momentul \u00een care \u00ee\u0219i va putea \u021bine copilul \u00een bra\u021bele noastre.<\/p>\n\n\n\n<p>Aceast\u0103 a\u0219teptare poate fi chinuitoare, dar este \u0219i o oportunitate de a te preg\u0103ti emo\u021bional \u0219i fizic pentru a primi copiii cu toat\u0103 dragostea \u0219i grija necesare.<\/p>\n\n\n\n<figure class=\"wp-block-image size-full\"><img loading=\"lazy\" decoding=\"async\" width=\"550\" height=\"350\" src=\"http:\/\/universofamilia.com\/wp-content\/uploads\/sites\/148\/2023\/05\/POST-FOTO-APPS-DE-mae-adotiva-universo-familia-.png\" alt=\"\" class=\"wp-image-1980\" srcset=\"https:\/\/universofamilia.com\/wp-content\/uploads\/sites\/148\/2023\/05\/POST-FOTO-APPS-DE-mae-adotiva-universo-familia-.png 550w, https:\/\/universofamilia.com\/wp-content\/uploads\/sites\/148\/2023\/05\/POST-FOTO-APPS-DE-mae-adotiva-universo-familia--300x191.png 300w\" sizes=\"(max-width: 550px) 100vw, 550px\" \/><\/figure>\n\n\n\n<h4 class=\"wp-block-heading\">Transformare \u0219i \u00eenv\u0103\u021bare<\/h4>\n\n\n\n<p>Maternitatea adoptiv\u0103 este o zi a transform\u0103rii personale. Iubirea mea \u00eenva\u021b\u0103 s\u0103 exploreze lumea \u00eentr-un mod nou, s\u0103 pre\u021buiasc\u0103 micile momente \u0219i s\u0103 g\u0103seasc\u0103 frumuse\u021be \u00een adversit\u0103\u021bi.<\/p>\n\n\n\n<p>Ea devine o surs\u0103 de putere \u0219i inspira\u021bie pentru copiii ei, c\u0103l\u0103uzind c\u0103r\u0103rile vie\u021bii cu cunoa\u0219tere \u0219i iubire.<\/p>\n\n\n\n<h4 class=\"wp-block-heading\">Dep\u0103\u0219irea provoc\u0103rilor<\/h4>\n\n\n\n<p>A fi mai iubitor implic\u0103 \u0219i dep\u0103\u0219irea unor provoc\u0103ri unice. Un copil supradotat poate s\u0103 fi trecut prin experien\u021be traumatice care nu s-au mai \u00eent\u00e2mplat \u00een trecut sau care necesit\u0103 o abordare sensibil\u0103 \u0219i atent\u0103.<\/p>\n\n\n\n<p>Prin urmare, mama mea caut\u0103 s\u0103 \u00een\u021beleag\u0103 nevoile emo\u021bionale ale copilului ei, oferindu-i sprijin, siguran\u021b\u0103 \u0219i o atmosfer\u0103 de iubire \u0219i \u00eencredere. Se \u00eenro\u0219e\u0219te \u00een mijlocul furtunilor, oferind stabilitate \u0219i un ad\u0103post sigur pentru copii.<\/p>\n\n\n\n<h4 class=\"wp-block-heading\">Bucuriile maternit\u0103\u021bii adoptive<\/h4>\n\n\n\n<p>Bucuriile maternit\u0103\u021bii \u0219i ale adop\u021biei sunt nenum\u0103rate. Din momentul \u00een care copilul este primit \u00een bra\u021bele noastre, fiecare cucerire, fiecare z\u00e2mbet \u0219i fiecare \u00eembr\u0103\u021bi\u0219are deschis\u0103, persoana iubit\u0103 tr\u0103ie\u0219te momente de pur\u0103 fericire \u0219i recuno\u0219tin\u021b\u0103.<\/p>\n\n\n\n<p>Totu\u0219i, ea s\u0103rb\u0103tore\u0219te micile victorii \u0219i este m\u00e2ndr\u0103 de cre\u0219terea \u0219i dezvoltarea copiilor ei, \u0219tiind c\u0103 ace\u0219tia fac o diferen\u021b\u0103 \u00een via\u021ba ei.<\/p>\n\n\n\n<figure class=\"wp-block-image size-full\"><img loading=\"lazy\" decoding=\"async\" width=\"550\" height=\"350\" src=\"http:\/\/universofamilia.com\/wp-content\/uploads\/sites\/148\/2023\/05\/POST-FOTO-APPS-DE-mae-adotiva-universo-familia-1.png\" alt=\"\" class=\"wp-image-1981\" srcset=\"https:\/\/universofamilia.com\/wp-content\/uploads\/sites\/148\/2023\/05\/POST-FOTO-APPS-DE-mae-adotiva-universo-familia-1.png 550w, https:\/\/universofamilia.com\/wp-content\/uploads\/sites\/148\/2023\/05\/POST-FOTO-APPS-DE-mae-adotiva-universo-familia-1-300x191.png 300w\" sizes=\"(max-width: 550px) 100vw, 550px\" \/><\/figure>\n\n\n\n<h4 class=\"wp-block-heading\">Familia Inimii<\/h4>\n\n\n\n<p>\u00cen maternitatea adoptiv\u0103, o familie nu se construia doar prin s\u00e2nge, ci \u0219i prin dragoste \u0219i leg\u0103turi emo\u021bionale. Iubirea mea \u0219i copilul meu construiesc o rela\u021bie de \u00eemplinire \u0219i iubire care transcende leg\u0103turile biologice.<\/p>\n\n\n\n<p>Ei devin o familie profund\u0103, uni\u021bi de dragoste \u0219i de dorin\u021ba comun\u0103 de a \u00eemp\u0103rt\u0103\u0219i via\u021ba.<\/p>\n\n\n\n<h4 class=\"wp-block-heading\">Concluzie<\/h4>\n\n\n\n<p>A fi mai iubitor este o c\u0103l\u0103torie a iubirii, curajului \u0219i d\u0103ruirii. Deschide-\u021bi inima pentru a primi un copil \u0219i ofer\u0103-i o via\u021b\u0103 sigur\u0103 \u0219i iubitoare. Pe scurt, \u00eenseamn\u0103 dep\u0103\u0219irea provoc\u0103rilor, transformarea vie\u021bilor \u0219i construirea unei familii bazate pe iubire necondi\u021bionat\u0103.<\/p>\n\n\n\n<p>Maternitatea adoptiv\u0103 este o experien\u021b\u0103 interesant\u0103 \u0219i \u00eembog\u0103\u021bitoare, capabil\u0103 s\u0103 genereze leg\u0103turi profunde \u0219i durabile. Nu sunt doar datorit\u0103 leg\u0103turilor de s\u00e2nge, ci datorit\u0103 iubirii adev\u0103rate.<\/p>\n\n\n\n<p>Fie c\u0103 este vorba mai degrab\u0103 de o adop\u021bie biologic\u0103, fie de o adop\u021bie, ceea ce conteaz\u0103 cu adev\u0103rat este dragostea \u0219i grija care i se ofer\u0103 unui copil.<\/p>\n\n\n\n<p>Maternitatea adoptiv\u0103 este un exemplu puternic, care arat\u0103 c\u0103 dragostea nu con\u021bine bariere \u0219i c\u0103 o mam\u0103 iubitoare este capabil\u0103 s\u0103 ofere o lume plin\u0103 de dragoste, \u00een\u021belegere \u0219i oportunit\u0103\u021bi pentru cre\u0219terea \u0219i dezvoltarea copilului ei.<\/p>\n\n\n\n<p>Fie ca to\u021bi cei mai iubitori s\u0103 fie reface\u021bi \u0219i pre\u021bui\u021bi prin curajul, d\u0103ruirea \u0219i iubirea lor necondi\u021bionat\u0103. Po\u021bi fi mai iubitor \u0219i un dar, un privilegiu \u0219i o c\u0103l\u0103torie care transform\u0103 vie\u021bi.<\/p>\n\n\n\n<p>\u00cen cele din urm\u0103, aceste femei extraordinare sunt celebrate pentru dorin\u021ba lor de a-\u0219i deschide inimile \u0219i de a face o diferen\u021b\u0103 \u00een vie\u021bile copiilor lor, l\u0103s\u00e2nd o mo\u0219tenire de iubire \u0219i grij\u0103 care va d\u0103inui pentru totdeauna.<\/p>","protected":false},"excerpt":{"rendered":"<p>A fi mai mult este o experien\u021b\u0103 sublim\u0103 care transcende leg\u0103turile de s\u00e2nge. Pentru o persoan\u0103 mai iubitoare, aceast\u0103 experien\u021b\u0103 este \u0219i mai special\u0103.<\/p>\n<p>\u00cen acest text, explor\u0103m semnifica\u021bia faptului de a fi mai iubitor, abord\u00e2nd provoc\u0103rile, bucuriile \u0219i iubirea necondi\u021bionat\u0103 care p\u0103trund \u00een aceast\u0103 c\u0103l\u0103torie unic\u0103.<\/p>","protected":false},"author":0,"featured_media":1982,"comment_status":"closed","ping_status":"open","sticky":false,"template":"","format":"standard","meta":{"footnotes":""},"categories":[5],"tags":[74,1058,1484],"yoast_head":"<!-- This site is optimized with the Yoast SEO plugin v23.3 - https:\/\/yoast.com\/wordpress\/plugins\/seo\/ -->\n<title>O Que \u00c9 Ser M\u00e3e Adotiva - Universo Fam\u00edlia<\/title>\n<meta name=\"description\" content=\"Ser m\u00e3e \u00e9 uma experi\u00eancia sublime que transcende os la\u00e7os de sangue. Para uma m\u00e3e adotiva, essa experi\u00eancia \u00e9 ainda mais especial.\" \/>\n<meta name=\"robots\" content=\"index, follow, max-snippet:-1, max-image-preview:large, max-video-preview:-1\" \/>\n<link rel=\"canonical\" href=\"http:\/\/universofamilia.com\/ro\/o-que-e-ser-mae-adotiva\/\" \/>\n<meta property=\"og:locale\" content=\"ro_RO\" \/>\n<meta property=\"og:type\" content=\"article\" \/>\n<meta property=\"og:title\" content=\"O Que \u00c9 Ser M\u00e3e Adotiva - Universo Fam\u00edlia\" \/>\n<meta property=\"og:description\" content=\"Ser m\u00e3e \u00e9 uma experi\u00eancia sublime que transcende os la\u00e7os de sangue. Para uma m\u00e3e adotiva, essa experi\u00eancia \u00e9 ainda mais especial.\" \/>\n<meta property=\"og:url\" content=\"http:\/\/universofamilia.com\/ro\/o-que-e-ser-mae-adotiva\/\" \/>\n<meta property=\"og:site_name\" content=\"Universo Fam\u00edlia\" \/>\n<meta property=\"article:published_time\" content=\"2023-05-27T16:15:00+00:00\" \/>\n<meta property=\"og:image\" content=\"http:\/\/universofamilia.com\/wp-content\/uploads\/sites\/148\/2023\/05\/FOTO-DESTAQUE-mae-adotiva-universo-familia-448x350-1-1.png\" \/>\n\t<meta property=\"og:image:width\" content=\"448\" \/>\n\t<meta property=\"og:image:height\" content=\"350\" \/>\n\t<meta property=\"og:image:type\" content=\"image\/png\" \/>\n<meta name=\"twitter:card\" content=\"summary_large_image\" \/>\n<meta name=\"twitter:label1\" content=\"Est. reading time\" \/>\n\t<meta name=\"twitter:data1\" content=\"5 minute\" \/>\n<script type=\"application\/ld+json\" class=\"yoast-schema-graph\">{\"@context\":\"https:\/\/schema.org\",\"@graph\":[{\"@type\":\"WebPage\",\"@id\":\"http:\/\/universofamilia.com\/el\/o-que-e-ser-mae-adotiva\/\",\"url\":\"http:\/\/universofamilia.com\/el\/o-que-e-ser-mae-adotiva\/\",\"name\":\"O Que \u00c9 Ser M\u00e3e Adotiva - Universo Fam\u00edlia\",\"isPartOf\":{\"@id\":\"https:\/\/universofamilia.com\/el\/#website\"},\"primaryImageOfPage\":{\"@id\":\"http:\/\/universofamilia.com\/el\/o-que-e-ser-mae-adotiva\/#primaryimage\"},\"image\":{\"@id\":\"http:\/\/universofamilia.com\/el\/o-que-e-ser-mae-adotiva\/#primaryimage\"},\"thumbnailUrl\":\"https:\/\/universofamilia.com\/wp-content\/uploads\/sites\/148\/2023\/05\/FOTO-DESTAQUE-mae-adotiva-universo-familia-448x350-1-1.png\",\"datePublished\":\"2023-05-27T16:15:00+00:00\",\"dateModified\":\"2023-05-27T16:15:00+00:00\",\"author\":{\"@id\":\"\"},\"description\":\"Ser m\u00e3e \u00e9 uma experi\u00eancia sublime que transcende os la\u00e7os de sangue. Para uma m\u00e3e adotiva, essa experi\u00eancia \u00e9 ainda mais especial.\",\"breadcrumb\":{\"@id\":\"http:\/\/universofamilia.com\/el\/o-que-e-ser-mae-adotiva\/#breadcrumb\"},\"inLanguage\":\"ro-RO\",\"potentialAction\":[{\"@type\":\"ReadAction\",\"target\":[\"http:\/\/universofamilia.com\/el\/o-que-e-ser-mae-adotiva\/\"]}]},{\"@type\":\"ImageObject\",\"inLanguage\":\"ro-RO\",\"@id\":\"http:\/\/universofamilia.com\/el\/o-que-e-ser-mae-adotiva\/#primaryimage\",\"url\":\"https:\/\/universofamilia.com\/wp-content\/uploads\/sites\/148\/2023\/05\/FOTO-DESTAQUE-mae-adotiva-universo-familia-448x350-1-1.png\",\"contentUrl\":\"https:\/\/universofamilia.com\/wp-content\/uploads\/sites\/148\/2023\/05\/FOTO-DESTAQUE-mae-adotiva-universo-familia-448x350-1-1.png\",\"width\":448,\"height\":350},{\"@type\":\"BreadcrumbList\",\"@id\":\"http:\/\/universofamilia.com\/el\/o-que-e-ser-mae-adotiva\/#breadcrumb\",\"itemListElement\":[{\"@type\":\"ListItem\",\"position\":1,\"name\":\"Home\",\"item\":\"https:\/\/universofamilia.com\/el\/\"},{\"@type\":\"ListItem\",\"position\":2,\"name\":\"O Que \u00c9 Ser M\u00e3e Adotiva\"}]},{\"@type\":\"WebSite\",\"@id\":\"https:\/\/universofamilia.com\/el\/#website\",\"url\":\"https:\/\/universofamilia.com\/el\/\",\"name\":\"Universo Fam\u00edlia\",\"description\":\"\",\"potentialAction\":[{\"@type\":\"SearchAction\",\"target\":{\"@type\":\"EntryPoint\",\"urlTemplate\":\"https:\/\/universofamilia.com\/el\/?s={search_term_string}\"},\"query-input\":\"required name=search_term_string\"}],\"inLanguage\":\"ro-RO\"}]}<\/script>\n<!-- \/ Yoast SEO plugin. -->","yoast_head_json":{"title":"O Que \u00c9 Ser M\u00e3e Adotiva - Universo Fam\u00edlia","description":"Ser m\u00e3e \u00e9 uma experi\u00eancia sublime que transcende os la\u00e7os de sangue. Para uma m\u00e3e adotiva, essa experi\u00eancia \u00e9 ainda mais especial.","robots":{"index":"index","follow":"follow","max-snippet":"max-snippet:-1","max-image-preview":"max-image-preview:large","max-video-preview":"max-video-preview:-1"},"canonical":"http:\/\/universofamilia.com\/ro\/o-que-e-ser-mae-adotiva\/","og_locale":"ro_RO","og_type":"article","og_title":"O Que \u00c9 Ser M\u00e3e Adotiva - Universo Fam\u00edlia","og_description":"Ser m\u00e3e \u00e9 uma experi\u00eancia sublime que transcende os la\u00e7os de sangue. Para uma m\u00e3e adotiva, essa experi\u00eancia \u00e9 ainda mais especial.","og_url":"http:\/\/universofamilia.com\/ro\/o-que-e-ser-mae-adotiva\/","og_site_name":"Universo Fam\u00edlia","article_published_time":"2023-05-27T16:15:00+00:00","og_image":[{"width":448,"height":350,"url":"http:\/\/universofamilia.com\/wp-content\/uploads\/sites\/148\/2023\/05\/FOTO-DESTAQUE-mae-adotiva-universo-familia-448x350-1-1.png","type":"image\/png"}],"twitter_card":"summary_large_image","twitter_misc":{"Est. reading time":"5 minute"},"schema":{"@context":"https:\/\/schema.org","@graph":[{"@type":"WebPage","@id":"http:\/\/universofamilia.com\/el\/o-que-e-ser-mae-adotiva\/","url":"http:\/\/universofamilia.com\/el\/o-que-e-ser-mae-adotiva\/","name":"O Que \u00c9 Ser M\u00e3e Adotiva - Universo Fam\u00edlia","isPartOf":{"@id":"https:\/\/universofamilia.com\/el\/#website"},"primaryImageOfPage":{"@id":"http:\/\/universofamilia.com\/el\/o-que-e-ser-mae-adotiva\/#primaryimage"},"image":{"@id":"http:\/\/universofamilia.com\/el\/o-que-e-ser-mae-adotiva\/#primaryimage"},"thumbnailUrl":"https:\/\/universofamilia.com\/wp-content\/uploads\/sites\/148\/2023\/05\/FOTO-DESTAQUE-mae-adotiva-universo-familia-448x350-1-1.png","datePublished":"2023-05-27T16:15:00+00:00","dateModified":"2023-05-27T16:15:00+00:00","author":{"@id":""},"description":"Ser m\u00e3e \u00e9 uma experi\u00eancia sublime que transcende os la\u00e7os de sangue. Para uma m\u00e3e adotiva, essa experi\u00eancia \u00e9 ainda mais especial.","breadcrumb":{"@id":"http:\/\/universofamilia.com\/el\/o-que-e-ser-mae-adotiva\/#breadcrumb"},"inLanguage":"ro-RO","potentialAction":[{"@type":"ReadAction","target":["http:\/\/universofamilia.com\/el\/o-que-e-ser-mae-adotiva\/"]}]},{"@type":"ImageObject","inLanguage":"ro-RO","@id":"http:\/\/universofamilia.com\/el\/o-que-e-ser-mae-adotiva\/#primaryimage","url":"https:\/\/universofamilia.com\/wp-content\/uploads\/sites\/148\/2023\/05\/FOTO-DESTAQUE-mae-adotiva-universo-familia-448x350-1-1.png","contentUrl":"https:\/\/universofamilia.com\/wp-content\/uploads\/sites\/148\/2023\/05\/FOTO-DESTAQUE-mae-adotiva-universo-familia-448x350-1-1.png","width":448,"height":350},{"@type":"BreadcrumbList","@id":"http:\/\/universofamilia.com\/el\/o-que-e-ser-mae-adotiva\/#breadcrumb","itemListElement":[{"@type":"ListItem","position":1,"name":"Home","item":"https:\/\/universofamilia.com\/el\/"},{"@type":"ListItem","position":2,"name":"O Que \u00c9 Ser M\u00e3e Adotiva"}]},{"@type":"WebSite","@id":"https:\/\/universofamilia.com\/el\/#website","url":"https:\/\/universofamilia.com\/el\/","name":"Universo Fam\u00edlia","description":"","potentialAction":[{"@type":"SearchAction","target":{"@type":"EntryPoint","urlTemplate":"https:\/\/universofamilia.com\/el\/?s={search_term_string}"},"query-input":"required name=search_term_string"}],"inLanguage":"ro-RO"}]}},"_links":{"self":[{"href":"https:\/\/universofamilia.com\/ro\/wp-json\/wp\/v2\/posts\/1977"}],"collection":[{"href":"https:\/\/universofamilia.com\/ro\/wp-json\/wp\/v2\/posts"}],"about":[{"href":"https:\/\/universofamilia.com\/ro\/wp-json\/wp\/v2\/types\/post"}],"replies":[{"embeddable":true,"href":"https:\/\/universofamilia.com\/ro\/wp-json\/wp\/v2\/comments?post=1977"}],"version-history":[{"count":0,"href":"https:\/\/universofamilia.com\/ro\/wp-json\/wp\/v2\/posts\/1977\/revisions"}],"wp:featuredmedia":[{"embeddable":true,"href":"https:\/\/universofamilia.com\/ro\/wp-json\/wp\/v2\/media\/1982"}],"wp:attachment":[{"href":"https:\/\/universofamilia.com\/ro\/wp-json\/wp\/v2\/media?parent=1977"}],"wp:term":[{"taxonomy":"category","embeddable":true,"href":"https:\/\/universofamilia.com\/ro\/wp-json\/wp\/v2\/categories?post=1977"},{"taxonomy":"post_tag","embeddable":true,"href":"https:\/\/universofamilia.com\/ro\/wp-json\/wp\/v2\/tags?post=1977"}],"curies":[{"name":"wp","href":"https:\/\/api.w.org\/{rel}","templated":true}]}}