{"id":2242,"date":"2023-06-05T19:19:36","date_gmt":"2023-06-05T22:19:36","guid":{"rendered":"https:\/\/universofamilia.com\/?p=2242"},"modified":"2023-06-05T19:19:36","modified_gmt":"2023-06-05T22:19:36","slug":"quais-os-ciclos-do-sono-do-bebe","status":"publish","type":"post","link":"https:\/\/universofamilia.com\/ro\/quais-os-ciclos-do-sono-do-bebe\/","title":{"rendered":"Cicluri de sunete Quais the Baby"},"content":{"rendered":"<h3 class=\"wp-block-heading\">C\u00e2nd folose\u0219ti cicluri de somn pentru bebelu\u0219i, \u00een\u021belege-l \u0219i ajut\u0103-l pe micu\u021bul t\u0103u s\u0103 doarm\u0103 mai bine.<\/h3>\n\n\n\n<p>Ciclurile de somn ale bebelu\u0219ilor sunt esen\u021biale pentru dezvoltarea ta s\u0103n\u0103toas\u0103 \u0219i, de asemenea, pentru a asigura momente de odihn\u0103 \u00een \u021bara ta.<\/p>\n\n\n\n<p>\u00cen\u021belegerea modului \u00een care func\u021bioneaz\u0103 aceste cicluri \u0219i adoptarea tehnicilor adecvate pentru a ajuta bebelu\u0219ul s\u0103 doarm\u0103 mai bine poate fi o provocare, dar cu r\u0103bdare \u0219i cuno\u0219tin\u021be, este posibil s\u0103 stabile\u0219ti o rutin\u0103 de somn s\u0103n\u0103toas\u0103 pentru \u00eentreaga familie.<\/p>\n\n\n\n<p>\u00cen acest articol, vom explora diferitele etape ale procesului de sunete pentru bebelu\u0219i \u0219i vom oferi sfaturi valoroase pentru a facilita acest proces.<\/p>\n\n\n\n<h3 class=\"wp-block-heading\">Cite\u0219te \u0219i:<\/h3>\n\n\n\n<p><a href=\"https:\/\/universofamilia.com\/ro\/meu-bebe-dorme-mal\/\" target=\"_blank\" rel=\"noreferrer noopener\">Bebelu\u0219ul meu doarme prost, vezi 5 gre\u0219eli frecvente pe care ar trebui s\u0103 le evi\u021bi.<\/a><\/p>\n\n\n\n<p><a href=\"https:\/\/universofamilia.com\/ro\/o-que-influencia-o-sono-do-bebe\/\" target=\"_blank\" rel=\"noreferrer noopener\">O Que Influence no Sono do B\u00ea | Ber\u00e7o, Pat comun sau Montessorian\u0103?<\/a><\/p>\n\n\n\n<p><a href=\"https:\/\/universofamilia.com\/ro\/dicas-de-seguranca-para-o-sono-do-bebe-escolha-do-local-posicao-colchao-e-muito-mais\/\" target=\"_blank\" rel=\"noreferrer noopener\">Instruc\u021biuni de siguran\u021b\u0103 pentru fiul bebelu\u0219ului: loc sigur, pozi\u021bie, saltea \u0219i multe altele<\/a><\/p>\n\n\n\n<h3 class=\"wp-block-heading\">Ciclul de somn al bebelu\u0219ului<\/h3>\n\n\n\n<p>Ciclul de somn al bebelu\u0219ului este compus din dou\u0103 faze principale: somnul REM (mi\u0219carea rapid\u0103 a ochilor) \u0219i somnul non-REM.<\/p>\n\n\n<div class=\"wp-block-image\">\n<figure class=\"aligncenter size-full\"><img loading=\"lazy\" decoding=\"async\" width=\"800\" height=\"560\" src=\"http:\/\/universofamilia.com\/wp-content\/uploads\/sites\/148\/2023\/06\/POST-BEBE-SEGURANCA-DO-BEBE-O-UNIVERSO-FAMILIA-2.png\" alt=\"\" class=\"wp-image-2244\" srcset=\"https:\/\/universofamilia.com\/wp-content\/uploads\/sites\/148\/2023\/06\/POST-BEBE-SEGURANCA-DO-BEBE-O-UNIVERSO-FAMILIA-2.png 800w, https:\/\/universofamilia.com\/wp-content\/uploads\/sites\/148\/2023\/06\/POST-BEBE-SEGURANCA-DO-BEBE-O-UNIVERSO-FAMILIA-2-300x210.png 300w, https:\/\/universofamilia.com\/wp-content\/uploads\/sites\/148\/2023\/06\/POST-BEBE-SEGURANCA-DO-BEBE-O-UNIVERSO-FAMILIA-2-768x538.png 768w\" sizes=\"(max-width: 800px) 100vw, 800px\" \/><\/figure><\/div>\n\n\n<p>\u00cen timpul somnului REM, activitatea cerebral\u0103 este mai intens\u0103, \u00een timp ce \u00een somnul non-REM ai un somn mai profund \u0219i mai calm.<\/p>\n\n\n\n<h3 class=\"wp-block-heading\">Somn REM<\/h3>\n\n\n\n<p>REM este esen\u021bial pentru dezvoltarea creierului bebelu\u0219ului. \u00cen aceast\u0103 faz\u0103, are loc o activitate cerebral\u0103 intens\u0103, similar\u0103 cu cea a doi adul\u021bi.<\/p>\n\n\n\n<p>Acesta este statul la care vis\u0103m. \u00cen timpul somnului REM, ochii bebelu\u0219ului se mi\u0219c\u0103 rapid dintr-o parte \u00een alta.<\/p>\n\n\n\n<h3 class=\"wp-block-heading\">Nu sunt \u00een stare REM<\/h3>\n\n\n\n<p>Somnul non-REM este caracterizat de o activitate cerebral\u0103 mai lent\u0103 \u0219i unde cerebrale mai largi.<\/p>\n\n\n\n<p>Exist\u0103 trei etape diferite ale somnului non-REM, de la mai u\u0219or la mai profund. Nu este o stare mai profund\u0103 sau poate fi mai dificil de \u021binut minte.<\/p>\n\n\n\n<h3 class=\"wp-block-heading\">Durata ciclurilor sonore<\/h3>\n\n\n\n<p>Ciclurile de somn ale bebelu\u0219ului sunt mai scurte dec\u00e2t cele ale doi adul\u021bi. \u00cen timp ce un adult poate parcurge un ciclu complet de somn \u00een aproximativ 90 de minute, bebelu\u0219ii pot parcurge cicluri de 50 p\u00e2n\u0103 la 60 de minute.<\/p>\n\n\n\n<p>Aceast\u0103 diferen\u021b\u0103 explic\u0103 de ce bebelu\u0219ii sunt de acord mai des \u00een timpul nop\u021bii.<\/p>\n\n\n\n<h3 class=\"wp-block-heading\">Concluzie<\/h3>\n\n\n\n<p>\u00cen\u021belegerea ciclurilor sonore ale bebelu\u0219ului \u0219i adoptarea tehnicilor adecvate pot face o mare diferen\u021b\u0103 \u00een calitatea sunetului at\u00e2t pentru bebelu\u0219, c\u00e2t \u0219i pentru \u021bar\u0103.<\/p>\n\n\n\n<p>Stabili\u021bi o rutin\u0103 constant\u0103, crea\u021bi un mediu propice sonoriz\u0103rii, evita\u021bi stimularea excesiv\u0103 \u00eenainte de culcare, fi\u021bi aten\u021bi la semnalele sonore, oferi\u021bi o nutri\u021bie adecvat\u0103 \u0219i asigura\u021bi confort \u0219i siguran\u021b\u0103 prin strategii care pot ajuta la \u00eembun\u0103t\u0103\u021birea sonorit\u0103\u021bii bebelu\u0219ului.<\/p>\n\n\n\n<p>Av\u00e2nd \u00een vedere c\u0103 fiecare bebelu\u0219 este unic, ar putea fi necesar\u0103 ajustarea tehnicilor \u00een func\u021bie de nevoile individuale. Ai r\u0103bdare \u0219i nu te descuraja dac\u0103 sunetul bebelu\u0219ului t\u0103u nu se stabilizeaz\u0103 imediat.<\/p>\n\n\n\n<p>Pe m\u0103sur\u0103 ce timpul trece, este posibil s\u0103 se stabileasc\u0103 o rutin\u0103 s\u0103n\u0103toas\u0103 \u0219i corect\u0103 pentru \u00eentreaga familie.<\/p>\n\n\n\n<p>Am nevoie de accesorii \u0219i \u00eembr\u0103c\u0103minte, conhe\u00e7a | <a href=\"https:\/\/www.luzbaby.com.br\/\" target=\"_blank\" rel=\"noreferrer noopener\">A Luz Baby este unul dintre cele mai bune magazine de produse pentru sugari. Click aici.<\/a><\/p>\n\n\n\n<h3 class=\"wp-block-heading\">Surs\u0103 pentru cercetare<\/h3>\n\n\n\n<p>C\u00e2nd scrii un articol, este \u00eentotdeauna important s\u0103 citezi surse de \u00eencredere pentru a compila con\u021binutul. Iat\u0103 c\u00e2teva resurse pe care le pute\u021bi folosi pentru a afla mai multe despre ciclurile de somn ale bebelu\u0219ului dumneavoastr\u0103:<\/p>\n\n\n\n<p>Academia American\u0103 de Pediatrie (AAP): Site-ul AAP ofer\u0103 informa\u021bii complete despre s\u0103n\u0103tatea copiilor, inclusiv articole \u0219i ghiduri bazate pe dovezi. Pute\u021bi accesa site-ul la adresa: https:\/\/www.aap.org\/<\/p>\n\n\n\n<p>Funda\u00e7\u00e3o Nacional do Sono (Funda\u021bia Na\u021bional\u0103 pentru Somn): Funda\u021bia Na\u021bional\u0103 pentru Somn este o organiza\u021bie non-profit dedicat\u0103 promov\u0103rii s\u0103n\u0103t\u0103\u021bii somnului. Acest site con\u021bine informa\u021bii utile despre sunetele copiilor. Accesa\u021bi: https:\/\/www.sleepfoundation.org\/<\/p>\n\n\n\n<p>Clinica Mayo: Clinica Mayo este o institu\u021bie medical\u0103 renumit\u0103 care ofer\u0103 informa\u021bii de \u00eencredere despre o gam\u0103 larg\u0103 de subiecte de s\u0103n\u0103tate. Pute\u021bi g\u0103si informa\u021bii despre ciclurile sonore pentru bebelu\u0219i la adresa: https:\/\/www.mayoclinic.org\/<\/p>\n\n\n\n<p>Centrele pentru Controlul \u0219i Prevenirea Bolilor (CDC): CDC este o agen\u021bie federal\u0103 din Statele Unite care ofer\u0103 informa\u021bii de \u00eencredere despre s\u0103n\u0103tate \u0219i bun\u0103stare. Acest site con\u021bine resurse utile despre sunetele copiilor. Accesa\u021bi: https:\/\/www.cdc.gov\/<\/p>\n\n\n\n<p>C\u0103r\u021bi specializate: Exist\u0103 numeroase c\u0103r\u021bi scrise de speciali\u0219ti \u00een sonorizare pentru bebelu\u0219i care ofer\u0103 informa\u021bii detaliate despre ciclurile de sonorizare pentru bebelu\u0219i. C\u00e2teva exemple populare includ \u201eRezolv\u0103 problemele de somn ale copilului t\u0103u\u201d de Richard Ferber \u0219i \u201eObiceiuri s\u0103n\u0103toase de somn, copil fericit\u201d de Marc Weissbluth.<\/p>\n\n\n\n<p>C\u00e2nd utiliza\u021bi aceste surse, asigura\u021bi-v\u0103 c\u0103 cita\u021bi corect informa\u021biile \u0219i respecta\u021bi drepturile autorului. O c\u0103utare \u00een mai multe surse \u00een care ave\u021bi \u00eencredere \u0219i o analiz\u0103 critic\u0103 a informa\u021biilor sunt fundamentale pentru a garanta acurate\u021bea \u0219i credibilitatea articolului dumneavoastr\u0103.<\/p>","protected":false},"excerpt":{"rendered":"<p>C\u00e2nd folose\u0219ti cicluri de somn pentru bebelu\u0219i, \u00een\u021belege-l \u0219i ajut\u0103-l pe micu\u021bul t\u0103u s\u0103 doarm\u0103 mai bine.<\/p>\n<p>Ciclurile de somn ale bebelu\u0219ilor sunt esen\u021biale pentru dezvoltarea ta s\u0103n\u0103toas\u0103 \u0219i, de asemenea, pentru a asigura momente de odihn\u0103 \u00een \u021bara ta.<\/p>\n<p>\u00cen\u021belegerea modului \u00een care func\u021bioneaz\u0103 aceste cicluri \u0219i adoptarea tehnicilor adecvate pentru a ajuta bebelu\u0219ul s\u0103 doarm\u0103 mai bine poate fi o provocare, dar cu r\u0103bdare \u0219i cuno\u0219tin\u021be, este posibil s\u0103 stabile\u0219ti o rutin\u0103 de somn s\u0103n\u0103toas\u0103 pentru \u00eentreaga familie.<\/p>\n<p>\u00cen acest articol, vom explora diferitele etape ale procesului de sunete pentru bebelu\u0219i \u0219i vom oferi sfaturi valoroase pentru a facilita acest proces.<\/p>","protected":false},"author":0,"featured_media":2245,"comment_status":"closed","ping_status":"open","sticky":false,"template":"","format":"standard","meta":{"footnotes":""},"categories":[5],"tags":[560,1437,1448],"yoast_head":"<!-- This site is optimized with the Yoast SEO plugin v23.3 - https:\/\/yoast.com\/wordpress\/plugins\/seo\/ -->\n<title>Quais os Ciclos do Sono do Beb\u00ea - Universo Fam\u00edlia<\/title>\n<meta name=\"description\" content=\"Quais os Ciclos do Sono do Beb\u00ea, entenda e Ajude seu Pequeno a Dormir Melhor.\" \/>\n<meta name=\"robots\" content=\"index, follow, max-snippet:-1, max-image-preview:large, max-video-preview:-1\" \/>\n<link rel=\"canonical\" href=\"https:\/\/universofamilia.com\/ro\/quais-os-ciclos-do-sono-do-bebe\/\" \/>\n<meta property=\"og:locale\" content=\"ro_RO\" \/>\n<meta property=\"og:type\" content=\"article\" \/>\n<meta property=\"og:title\" content=\"Quais os Ciclos do Sono do Beb\u00ea - Universo Fam\u00edlia\" \/>\n<meta property=\"og:description\" content=\"Quais os Ciclos do Sono do Beb\u00ea, entenda e Ajude seu Pequeno a Dormir Melhor.\" \/>\n<meta property=\"og:url\" content=\"https:\/\/universofamilia.com\/ro\/quais-os-ciclos-do-sono-do-bebe\/\" \/>\n<meta property=\"og:site_name\" content=\"Universo Fam\u00edlia\" \/>\n<meta property=\"article:published_time\" content=\"2023-06-05T22:19:36+00:00\" \/>\n<meta property=\"og:image\" content=\"https:\/\/universofamilia.com\/wp-content\/uploads\/sites\/148\/2023\/06\/FOTO-DESTAQUE-ciclos-de-sono-do-bebe-universo-familia-448x350-.png\" \/>\n\t<meta property=\"og:image:width\" content=\"448\" \/>\n\t<meta property=\"og:image:height\" content=\"350\" \/>\n\t<meta property=\"og:image:type\" content=\"image\/png\" \/>\n<meta name=\"twitter:card\" content=\"summary_large_image\" \/>\n<meta name=\"twitter:label1\" content=\"Est. reading time\" \/>\n\t<meta name=\"twitter:data1\" content=\"5 minute\" \/>\n<script type=\"application\/ld+json\" class=\"yoast-schema-graph\">{\"@context\":\"https:\/\/schema.org\",\"@graph\":[{\"@type\":\"WebPage\",\"@id\":\"https:\/\/universofamilia.com\/zh_hk\/quais-os-ciclos-do-sono-do-bebe\/\",\"url\":\"https:\/\/universofamilia.com\/zh_hk\/quais-os-ciclos-do-sono-do-bebe\/\",\"name\":\"Quais os Ciclos do Sono do Beb\u00ea - Universo Fam\u00edlia\",\"isPartOf\":{\"@id\":\"https:\/\/universofamilia.com\/el\/#website\"},\"primaryImageOfPage\":{\"@id\":\"https:\/\/universofamilia.com\/zh_hk\/quais-os-ciclos-do-sono-do-bebe\/#primaryimage\"},\"image\":{\"@id\":\"https:\/\/universofamilia.com\/zh_hk\/quais-os-ciclos-do-sono-do-bebe\/#primaryimage\"},\"thumbnailUrl\":\"https:\/\/universofamilia.com\/wp-content\/uploads\/sites\/148\/2023\/06\/FOTO-DESTAQUE-ciclos-de-sono-do-bebe-universo-familia-448x350-.png\",\"datePublished\":\"2023-06-05T22:19:36+00:00\",\"dateModified\":\"2023-06-05T22:19:36+00:00\",\"author\":{\"@id\":\"\"},\"description\":\"Quais os Ciclos do Sono do Beb\u00ea, entenda e Ajude seu Pequeno a Dormir Melhor.\",\"breadcrumb\":{\"@id\":\"https:\/\/universofamilia.com\/zh_hk\/quais-os-ciclos-do-sono-do-bebe\/#breadcrumb\"},\"inLanguage\":\"ro-RO\",\"potentialAction\":[{\"@type\":\"ReadAction\",\"target\":[\"https:\/\/universofamilia.com\/zh_hk\/quais-os-ciclos-do-sono-do-bebe\/\"]}]},{\"@type\":\"ImageObject\",\"inLanguage\":\"ro-RO\",\"@id\":\"https:\/\/universofamilia.com\/zh_hk\/quais-os-ciclos-do-sono-do-bebe\/#primaryimage\",\"url\":\"https:\/\/universofamilia.com\/wp-content\/uploads\/sites\/148\/2023\/06\/FOTO-DESTAQUE-ciclos-de-sono-do-bebe-universo-familia-448x350-.png\",\"contentUrl\":\"https:\/\/universofamilia.com\/wp-content\/uploads\/sites\/148\/2023\/06\/FOTO-DESTAQUE-ciclos-de-sono-do-bebe-universo-familia-448x350-.png\",\"width\":448,\"height\":350},{\"@type\":\"BreadcrumbList\",\"@id\":\"https:\/\/universofamilia.com\/zh_hk\/quais-os-ciclos-do-sono-do-bebe\/#breadcrumb\",\"itemListElement\":[{\"@type\":\"ListItem\",\"position\":1,\"name\":\"Home\",\"item\":\"https:\/\/universofamilia.com\/el\/\"},{\"@type\":\"ListItem\",\"position\":2,\"name\":\"Quais os Ciclos do Sono do Beb\u00ea\"}]},{\"@type\":\"WebSite\",\"@id\":\"https:\/\/universofamilia.com\/el\/#website\",\"url\":\"https:\/\/universofamilia.com\/el\/\",\"name\":\"Universo Fam\u00edlia\",\"description\":\"\",\"potentialAction\":[{\"@type\":\"SearchAction\",\"target\":{\"@type\":\"EntryPoint\",\"urlTemplate\":\"https:\/\/universofamilia.com\/el\/?s={search_term_string}\"},\"query-input\":\"required name=search_term_string\"}],\"inLanguage\":\"ro-RO\"}]}<\/script>\n<!-- \/ Yoast SEO plugin. -->","yoast_head_json":{"title":"Quais os Ciclos do Sono do Beb\u00ea - Universo Fam\u00edlia","description":"Quais os Ciclos do Sono do Beb\u00ea, entenda e Ajude seu Pequeno a Dormir Melhor.","robots":{"index":"index","follow":"follow","max-snippet":"max-snippet:-1","max-image-preview":"max-image-preview:large","max-video-preview":"max-video-preview:-1"},"canonical":"https:\/\/universofamilia.com\/ro\/quais-os-ciclos-do-sono-do-bebe\/","og_locale":"ro_RO","og_type":"article","og_title":"Quais os Ciclos do Sono do Beb\u00ea - Universo Fam\u00edlia","og_description":"Quais os Ciclos do Sono do Beb\u00ea, entenda e Ajude seu Pequeno a Dormir Melhor.","og_url":"https:\/\/universofamilia.com\/ro\/quais-os-ciclos-do-sono-do-bebe\/","og_site_name":"Universo Fam\u00edlia","article_published_time":"2023-06-05T22:19:36+00:00","og_image":[{"width":448,"height":350,"url":"https:\/\/universofamilia.com\/wp-content\/uploads\/sites\/148\/2023\/06\/FOTO-DESTAQUE-ciclos-de-sono-do-bebe-universo-familia-448x350-.png","type":"image\/png"}],"twitter_card":"summary_large_image","twitter_misc":{"Est. reading time":"5 minute"},"schema":{"@context":"https:\/\/schema.org","@graph":[{"@type":"WebPage","@id":"https:\/\/universofamilia.com\/zh_hk\/quais-os-ciclos-do-sono-do-bebe\/","url":"https:\/\/universofamilia.com\/zh_hk\/quais-os-ciclos-do-sono-do-bebe\/","name":"Quais os Ciclos do Sono do Beb\u00ea - Universo Fam\u00edlia","isPartOf":{"@id":"https:\/\/universofamilia.com\/el\/#website"},"primaryImageOfPage":{"@id":"https:\/\/universofamilia.com\/zh_hk\/quais-os-ciclos-do-sono-do-bebe\/#primaryimage"},"image":{"@id":"https:\/\/universofamilia.com\/zh_hk\/quais-os-ciclos-do-sono-do-bebe\/#primaryimage"},"thumbnailUrl":"https:\/\/universofamilia.com\/wp-content\/uploads\/sites\/148\/2023\/06\/FOTO-DESTAQUE-ciclos-de-sono-do-bebe-universo-familia-448x350-.png","datePublished":"2023-06-05T22:19:36+00:00","dateModified":"2023-06-05T22:19:36+00:00","author":{"@id":""},"description":"Quais os Ciclos do Sono do Beb\u00ea, entenda e Ajude seu Pequeno a Dormir Melhor.","breadcrumb":{"@id":"https:\/\/universofamilia.com\/zh_hk\/quais-os-ciclos-do-sono-do-bebe\/#breadcrumb"},"inLanguage":"ro-RO","potentialAction":[{"@type":"ReadAction","target":["https:\/\/universofamilia.com\/zh_hk\/quais-os-ciclos-do-sono-do-bebe\/"]}]},{"@type":"ImageObject","inLanguage":"ro-RO","@id":"https:\/\/universofamilia.com\/zh_hk\/quais-os-ciclos-do-sono-do-bebe\/#primaryimage","url":"https:\/\/universofamilia.com\/wp-content\/uploads\/sites\/148\/2023\/06\/FOTO-DESTAQUE-ciclos-de-sono-do-bebe-universo-familia-448x350-.png","contentUrl":"https:\/\/universofamilia.com\/wp-content\/uploads\/sites\/148\/2023\/06\/FOTO-DESTAQUE-ciclos-de-sono-do-bebe-universo-familia-448x350-.png","width":448,"height":350},{"@type":"BreadcrumbList","@id":"https:\/\/universofamilia.com\/zh_hk\/quais-os-ciclos-do-sono-do-bebe\/#breadcrumb","itemListElement":[{"@type":"ListItem","position":1,"name":"Home","item":"https:\/\/universofamilia.com\/el\/"},{"@type":"ListItem","position":2,"name":"Quais os Ciclos do Sono do Beb\u00ea"}]},{"@type":"WebSite","@id":"https:\/\/universofamilia.com\/el\/#website","url":"https:\/\/universofamilia.com\/el\/","name":"Universo Fam\u00edlia","description":"","potentialAction":[{"@type":"SearchAction","target":{"@type":"EntryPoint","urlTemplate":"https:\/\/universofamilia.com\/el\/?s={search_term_string}"},"query-input":"required name=search_term_string"}],"inLanguage":"ro-RO"}]}},"_links":{"self":[{"href":"https:\/\/universofamilia.com\/ro\/wp-json\/wp\/v2\/posts\/2242"}],"collection":[{"href":"https:\/\/universofamilia.com\/ro\/wp-json\/wp\/v2\/posts"}],"about":[{"href":"https:\/\/universofamilia.com\/ro\/wp-json\/wp\/v2\/types\/post"}],"replies":[{"embeddable":true,"href":"https:\/\/universofamilia.com\/ro\/wp-json\/wp\/v2\/comments?post=2242"}],"version-history":[{"count":0,"href":"https:\/\/universofamilia.com\/ro\/wp-json\/wp\/v2\/posts\/2242\/revisions"}],"wp:featuredmedia":[{"embeddable":true,"href":"https:\/\/universofamilia.com\/ro\/wp-json\/wp\/v2\/media\/2245"}],"wp:attachment":[{"href":"https:\/\/universofamilia.com\/ro\/wp-json\/wp\/v2\/media?parent=2242"}],"wp:term":[{"taxonomy":"category","embeddable":true,"href":"https:\/\/universofamilia.com\/ro\/wp-json\/wp\/v2\/categories?post=2242"},{"taxonomy":"post_tag","embeddable":true,"href":"https:\/\/universofamilia.com\/ro\/wp-json\/wp\/v2\/tags?post=2242"}],"curies":[{"name":"wp","href":"https:\/\/api.w.org\/{rel}","templated":true}]}}