{"id":2359,"date":"2023-06-10T21:30:12","date_gmt":"2023-06-11T00:30:12","guid":{"rendered":"https:\/\/universofamilia.com\/?p=2359"},"modified":"2025-01-28T15:03:22","modified_gmt":"2025-01-28T15:03:22","slug":"10-dicas-funcionais-para-monta-um-quarto-de-bebe-funcional","status":"publish","type":"post","link":"https:\/\/universofamilia.com\/ro\/10-dicas-funcionais-para-monta-um-quarto-de-bebe-funcional\/","title":{"rendered":"10 sfaturi practice pentru amenajarea unei camere pentru bebelu\u0219i"},"content":{"rendered":"<p>Bem-vinda (o) ao moment magic de a amenaja camera bebelu\u0219ului t\u0103u! Vezi 10 Dicas func\u021bionale pentru asamblare sau camera bebelu\u0219ului.<\/p>\n\n\n\n<p>\u00cen acest ghid, vom \u00eemp\u0103rt\u0103\u0219i c\u00e2teva dintre elementele esen\u021biale pentru a crea un mediu func\u021bional \u0219i fermec\u0103tor pentru mica ta comoar\u0103.<\/p>\n\n\n\n<p>De la alegerea temei p\u00e2n\u0103 la detaliile personalizate, urmeaz\u0103 instruc\u021biunile noastre pentru a face acest spa\u021biu unic \u0219i primitor.<\/p>\n\n\n\n<p>La final, va exista un bonus care te va ajuta foarte mult.<\/p>\n\n\n<div class=\"wp-block-image\">\n<figure class=\"aligncenter size-full\"><img loading=\"lazy\" decoding=\"async\" width=\"800\" height=\"560\" src=\"http:\/\/universofamilia.com\/wp-content\/uploads\/sites\/148\/2023\/06\/POST-10-Dicas-Funcionais-para-Montar-um-Quarto-de-Bebe-Funcional-UNIVERSO-FAMILIA-5.png\" alt=\"\" class=\"wp-image-2365\" srcset=\"https:\/\/universofamilia.com\/wp-content\/uploads\/sites\/148\/2023\/06\/POST-10-Dicas-Funcionais-para-Montar-um-Quarto-de-Bebe-Funcional-UNIVERSO-FAMILIA-5.png 800w, https:\/\/universofamilia.com\/wp-content\/uploads\/sites\/148\/2023\/06\/POST-10-Dicas-Funcionais-para-Montar-um-Quarto-de-Bebe-Funcional-UNIVERSO-FAMILIA-5-300x210.png 300w, https:\/\/universofamilia.com\/wp-content\/uploads\/sites\/148\/2023\/06\/POST-10-Dicas-Funcionais-para-Montar-um-Quarto-de-Bebe-Funcional-UNIVERSO-FAMILIA-5-768x538.png 768w\" sizes=\"(max-width: 800px) 100vw, 800px\" \/><figcaption class=\"wp-element-caption\"><em>Fotografie: (reproducere\/internet)<\/em><\/figcaption><\/figure><\/div>\n\n\n<h3 class=\"wp-block-heading\">Cite\u0219te \u0219i:<\/h3>\n\n\n\n<p><a href=\"https:\/\/universofamilia.com\/ro\/o-que-influencia-o-sono-do-bebe\/\" target=\"_blank\" rel=\"noreferrer noopener\">O Que Influence no Sono do B\u00ea | Ber\u00e7o, Pat comun sau Montessorian\u0103?<\/a><\/p>\n\n\n\n<p><a href=\"https:\/\/universofamilia.com\/ro\/dicas-de-seguranca-para-o-sono-do-bebe-escolha-do-local-posicao-colchao-e-muito-mais\/\" target=\"_blank\" rel=\"noreferrer noopener\">Instruc\u021biuni de siguran\u021b\u0103 pentru fiul bebelu\u0219ului: loc sigur, pozi\u021bie, saltea \u0219i multe altele<\/a><\/p>\n\n\n\n<h3 class=\"wp-block-heading\">Alegerea temei \u0219i a stilului<\/h3>\n\n\n\n<p>C\u00e2nd \u00eencepi s\u0103-\u021bi planifici camera, este important s\u0103 alegi o tem\u0103 \u0219i un stil care s\u0103 transmit\u0103 armonie \u0219i pace.<\/p>\n\n\n\n<p>Prin urmare, ia \u00een considerare personalitatea familiei tale \u0219i opteaz\u0103 pentru o decora\u021biune fermec\u0103toare \u0219i captivant\u0103 pentru prin\u021besa ta.<\/p>\n\n\n\n<h3 class=\"wp-block-heading\">Nuclee \u0219i decora\u021biuni<\/h3>\n\n\n\n<p>Aceste nuclee joac\u0103 un rol crucial \u00een crearea unui mediu calm. Alege culori deschise, cum ar fi roz pastel, liliac sau albastru deschis, pentru a zugr\u0103vi pere\u021bii.<\/p>\n\n\n\n<p>Combin\u0103 cu elemente decorative tematice, cum ar fi insecte pelucia, nori \u0219i stele.<\/p>\n\n\n\n<h3 class=\"wp-block-heading\">Mobilier esen\u021bial<\/h3>\n\n\n<div class=\"wp-block-image\">\n<figure class=\"aligncenter size-full\"><img loading=\"lazy\" decoding=\"async\" width=\"800\" height=\"560\" src=\"http:\/\/universofamilia.com\/wp-content\/uploads\/sites\/148\/2023\/06\/POST-10-Dicas-Funcionais-para-Montar-um-Quarto-de-Bebe-Funcional-UNIVERSO-FAMILIA-1.png\" alt=\"\" class=\"wp-image-2361\" srcset=\"https:\/\/universofamilia.com\/wp-content\/uploads\/sites\/148\/2023\/06\/POST-10-Dicas-Funcionais-para-Montar-um-Quarto-de-Bebe-Funcional-UNIVERSO-FAMILIA-1.png 800w, https:\/\/universofamilia.com\/wp-content\/uploads\/sites\/148\/2023\/06\/POST-10-Dicas-Funcionais-para-Montar-um-Quarto-de-Bebe-Funcional-UNIVERSO-FAMILIA-1-300x210.png 300w, https:\/\/universofamilia.com\/wp-content\/uploads\/sites\/148\/2023\/06\/POST-10-Dicas-Funcionais-para-Montar-um-Quarto-de-Bebe-Funcional-UNIVERSO-FAMILIA-1-768x538.png 768w\" sizes=\"(max-width: 800px) 100vw, 800px\" \/><figcaption class=\"wp-element-caption\"><em>Fotografie: (reproducere\/internet)<\/em><\/figcaption><\/figure><\/div>\n\n\n<p>Mi\u0219c\u0103rile tale sunt esen\u021biale pentru o camer\u0103 func\u021bional\u0103. Investe\u0219te \u00eentr-un spa\u021biu de depozitare confortabil \u0219i sigur, un comod spa\u021bios pentru haine \u0219i fuste \u0219i un suport de haine cu separatoare inteligente pentru a organiza lucrurile bebelu\u0219ului t\u0103u.<\/p>\n\n\n\n<h3 class=\"wp-block-heading\">Iluminat \u0219i ventila\u021bie<\/h3>\n\n\n\n<p>Iluminatul adecvat ofer\u0103 o atmosfer\u0103 confortabil\u0103 \u0219i relaxant\u0103. Opteaz\u0103 pentru lumini cu lumin\u0103 bl\u00e2nd\u0103, reglabil\u0103, ideale pentru momentele de al\u0103ptare nocturn\u0103.<\/p>\n\n\n\n<p>De asemenea, asigur\u0103-te c\u0103 ai perdele sau jaluzele care blocheaz\u0103 lumina \u0219i garanteaz\u0103 intimitatea bebelu\u0219ului t\u0103u.<\/p>\n\n\n\n<h3 class=\"wp-block-heading\">Organizare \u0219i depozitare<\/h3>\n\n\n\n<p>Men\u021binerea ordinii \u00een camer\u0103 este esen\u021bial\u0103 pentru a facilita via\u021ba de zi cu zi cu bebelu\u0219ul t\u0103u. Folose\u0219te rafturi \u0219i ni\u0219e pentru a expune obiecte decorative \u0219i juc\u0103rii. Cutiile \u0219i co\u0219urile organizatoare sunt perfecte pentru depozitarea hainelor, vestimenta\u021biei \u0219i accesoriilor, \u021bin\u00e2nd totul la \u00eendem\u00e2na mea.<\/p>\n\n\n<div class=\"wp-block-image\">\n<figure class=\"aligncenter size-full\"><img loading=\"lazy\" decoding=\"async\" width=\"800\" height=\"560\" src=\"http:\/\/universofamilia.com\/wp-content\/uploads\/sites\/148\/2023\/06\/POST-10-Dicas-Funcionais-para-Montar-um-Quarto-de-Bebe-Funcional-UNIVERSO-FAMILIA-2.png\" alt=\"\" class=\"wp-image-2362\" srcset=\"https:\/\/universofamilia.com\/wp-content\/uploads\/sites\/148\/2023\/06\/POST-10-Dicas-Funcionais-para-Montar-um-Quarto-de-Bebe-Funcional-UNIVERSO-FAMILIA-2.png 800w, https:\/\/universofamilia.com\/wp-content\/uploads\/sites\/148\/2023\/06\/POST-10-Dicas-Funcionais-para-Montar-um-Quarto-de-Bebe-Funcional-UNIVERSO-FAMILIA-2-300x210.png 300w, https:\/\/universofamilia.com\/wp-content\/uploads\/sites\/148\/2023\/06\/POST-10-Dicas-Funcionais-para-Montar-um-Quarto-de-Bebe-Funcional-UNIVERSO-FAMILIA-2-768x538.png 768w\" sizes=\"(max-width: 800px) 100vw, 800px\" \/><figcaption class=\"wp-element-caption\"><em>Fotografie: (reproducere\/internet)<\/em><\/figcaption><\/figure><\/div>\n\n\n<h3 class=\"wp-block-heading\">Siguran\u021b\u0103 \u0219i practicitate<\/h3>\n\n\n\n<p>Siguran\u021ba bebelu\u0219ului ar trebui s\u0103 fie \u00eentotdeauna o prioritate atunci c\u00e2nd amenaja\u021bi camera.<\/p>\n\n\n\n<p>Asigura\u021bi-v\u0103 c\u0103 instala\u021bi dispozitive de protec\u021bie pentru prize, \u00eencuietori de siguran\u021b\u0103 pe sertare \u0219i dulapuri \u0219i scoate\u021bi mobilierul cu margini rotunjite pentru a evita accidentele.<\/p>\n\n\n\n<p>De asemenea, nu l\u0103sa\u021bi la \u00eendem\u00e2na bebelu\u0219ului substan\u021bele chimice \u0219i obiectele ascu\u021bite, asigur\u00e2nd un mediu sigur \u0219i practic.<\/p>\n\n\n\n<h3 class=\"wp-block-heading\">Detalii personalizate<\/h3>\n\n\n\n<p>Adaug\u0103 detalii speciale camerei bebelu\u0219ului t\u0103u cu detalii personalizate<\/p>\n\n\n\n<p>Pois, picturi decorative cu imagini delicate, fotografii de familie \u0219i pl\u0103cu\u021be cu numele anjinho-ului t\u0103u confer\u0103 un farmec unic mediului \u00eenconjur\u0103tor. Astfel, pernele \u0219i covoarele moi ofer\u0103 confort \u0219i lini\u0219te.<\/p>\n\n\n\n<h3 class=\"wp-block-heading\">Cantina pentru al\u0103ptare<\/h3>\n\n\n<div class=\"wp-block-image\">\n<figure class=\"aligncenter size-full\"><img loading=\"lazy\" decoding=\"async\" width=\"800\" height=\"560\" src=\"http:\/\/universofamilia.com\/wp-content\/uploads\/sites\/148\/2023\/06\/POST-10-Dicas-Funcionais-para-Montar-um-Quarto-de-Bebe-Funcional-UNIVERSO-FAMILIA-3.png\" alt=\"\" class=\"wp-image-2363\" srcset=\"https:\/\/universofamilia.com\/wp-content\/uploads\/sites\/148\/2023\/06\/POST-10-Dicas-Funcionais-para-Montar-um-Quarto-de-Bebe-Funcional-UNIVERSO-FAMILIA-3.png 800w, https:\/\/universofamilia.com\/wp-content\/uploads\/sites\/148\/2023\/06\/POST-10-Dicas-Funcionais-para-Montar-um-Quarto-de-Bebe-Funcional-UNIVERSO-FAMILIA-3-300x210.png 300w, https:\/\/universofamilia.com\/wp-content\/uploads\/sites\/148\/2023\/06\/POST-10-Dicas-Funcionais-para-Montar-um-Quarto-de-Bebe-Funcional-UNIVERSO-FAMILIA-3-768x538.png 768w\" sizes=\"(max-width: 800px) 100vw, 800px\" \/><figcaption class=\"wp-element-caption\"><em>Fotografie: (reproducere\/internet)<\/em><\/figcaption><\/figure><\/div>\n\n\n<p>Preg\u0103tirea biberonului este esen\u021bial\u0103 pentru a consolida leg\u0103tura cu bebelu\u0219ul. Investe\u0219te \u00eentr-un scaun confortabil \u0219i ergonomic, unde te po\u021bi relaxa \u00een timpul sexului oral.<\/p>\n\n\n\n<p>O pern\u0103 de al\u0103ptare ofer\u0103 un sprijin adecvat bebelu\u0219ului, f\u0103c\u00e2nd acest moment mai lini\u0219tit. Pe scurt, nu se pune problema ad\u0103ug\u0103rii unei prateleire sau a unui suport pentru accesorii, cum ar fi sticle \u0219i unguente.<\/p>\n\n\n\n<h3 class=\"wp-block-heading\">Concluzie<\/h3>\n\n\n\n<p>Amenajarea camerei bebelu\u0219ului este un moment emo\u021bionant \u0219i spulber\u0103 a\u0219tept\u0103rile. Urm\u00e2nd ace\u0219ti 10 pa\u0219i eficien\u021bi, vei crea un spa\u021biu confortabil, sigur \u0219i func\u021bional pentru mica ta comoar\u0103.<\/p>\n\n\n\n<p>A\u0219adar, se \u0219tie c\u0103 fiecare detaliu este important, de la soft cores la mi\u0219c\u0103rile practice \u0219i personalizate.<\/p>\n\n\n\n<p>Profit\u0103 de acest moment unic \u0219i preg\u0103te\u0219te-te s\u0103-\u021bi \u00eent\u00e2mpini bebelu\u0219ul \u00eentr-un mediu cald, plin de iubire \u0219i grij\u0103.<\/p>\n\n\n\n<h3 class=\"wp-block-heading\">Bonus \u2013 Cele mai frecvente \u00eentreb\u0103ri adresate \u00een r\u00e2ndul \u021b\u0103rilor<\/h3>\n\n\n\n<p><strong>1. Cum pot amenaja o camer\u0103 pentru bebelu\u0219 \u00eentr-un spa\u021biu mic?<\/strong><\/p>\n\n\n\n<p>Pentru a optimiza spa\u021biul \u00eentr-o camer\u0103 mic\u0103, alege\u021bi mobilier multifunc\u021bional, cum ar fi rafturi cu sertare \u00eencorporate \u0219i comode care func\u021bioneaz\u0103 \u0219i ca unitate de depozitare. \u00cen cele din urm\u0103, folose\u0219te rafturi \u0219i ni\u0219e \u00een pere\u021bi pentru a economisi spa\u021biu.<\/p>\n\n\n\n<p><strong>2. C\u00e2t de important este s\u0103 alegem vehicule durabile \u0219i sigure?<\/strong><\/p>\n\n\n\n<p>Mi\u0219c\u0103rile durabile \u0219i sigure garanteaz\u0103 siguran\u021ba bebelu\u0219ilor \u0219i longevitatea a dou\u0103 mi\u0219c\u0103ri. \u00centre timp, asigur\u0103-te c\u0103 alegi produse cu certific\u0103ri de siguran\u021b\u0103 \u0219i materiale de calitate, care rezist\u0103 utiliz\u0103rii zilnice.<\/p>\n\n\n\n<p><strong>3. Ce miezuri sunt cele mai potrivite pentru camera bebelu\u0219ului?<\/strong><\/p>\n\n\n\n<p>Culorile delicate, precum roz pastel, liliac, albastru deschis \u0219i tonurile neutre, creeaz\u0103 o atmosfer\u0103 calm\u0103 \u0219i relaxant\u0103. Evita\u021bi miezurile care vibreaz\u0103, deoarece acestea pot stimula prea mult bebelu\u0219ul.<\/p>\n\n\n\n<p><strong>4. La ce ar trebui s\u0103 iau \u00een considerare atunci c\u00e2nd \u00eenfiin\u021bez o cantin\u0103 pentru \u00eengrijiri medicale?<\/strong><\/p>\n\n\n\n<p>Un scaun de al\u0103ptare confortabil necesit\u0103 un scaun ergonomic, o pern\u0103 de al\u0103ptare pentru un suport adecvat \u0219i un scaun sau suport pentru accesoriile esen\u021biale.<\/p>\n\n\n\n<p>Prin urmare, asigur\u0103-te c\u0103 ai o iluminare bun\u0103 \u0219i un loc lini\u0219tit pentru a crea o atmosfer\u0103 relaxant\u0103.<\/p>\n\n\n<div class=\"wp-block-image\">\n<figure class=\"aligncenter size-full\"><img loading=\"lazy\" decoding=\"async\" width=\"800\" height=\"560\" src=\"http:\/\/universofamilia.com\/wp-content\/uploads\/sites\/148\/2023\/06\/POST-10-Dicas-Funcionais-para-Montar-um-Quarto-de-Bebe-Funcional-UNIVERSO-FAMILIA-4.png\" alt=\"\" class=\"wp-image-2364\" srcset=\"https:\/\/universofamilia.com\/wp-content\/uploads\/sites\/148\/2023\/06\/POST-10-Dicas-Funcionais-para-Montar-um-Quarto-de-Bebe-Funcional-UNIVERSO-FAMILIA-4.png 800w, https:\/\/universofamilia.com\/wp-content\/uploads\/sites\/148\/2023\/06\/POST-10-Dicas-Funcionais-para-Montar-um-Quarto-de-Bebe-Funcional-UNIVERSO-FAMILIA-4-300x210.png 300w, https:\/\/universofamilia.com\/wp-content\/uploads\/sites\/148\/2023\/06\/POST-10-Dicas-Funcionais-para-Montar-um-Quarto-de-Bebe-Funcional-UNIVERSO-FAMILIA-4-768x538.png 768w\" sizes=\"(max-width: 800px) 100vw, 800px\" \/><figcaption class=\"wp-element-caption\"><em>Fotografie: (reproducere\/internet)<\/em><\/figcaption><\/figure><\/div>\n\n\n<p><strong>5. Cum pot ad\u0103uga detalii personalizate \u00een camera bebelu\u0219ului?<\/strong><\/p>\n\n\n\n<p>Folose\u0219te rame decorative cu imagini delicate, cum ar fi ilustra\u021bii sau fotografii care au o semnifica\u021bie pentru familie.<\/p>\n\n\n\n<p>De asemenea, po\u021bi personaliza camera cu pl\u0103cu\u021be precum numele bebelu\u0219ului, stickere decorative de perete sau chiar mobilier personalizat. Astfel, aceste mici detalii adaug\u0103 o not\u0103 unic\u0103 \u0219i special\u0103 mediului \u00eenconjur\u0103tor.<\/p>\n\n\n\n<p>Pe scurt, acum c\u0103 ai to\u021bi pa\u0219ii necesari pentru a amenaja o camer\u0103 func\u021bional\u0103 pentru bebelu\u0219, este timpul s\u0103 pui mai mult la treab\u0103 \u0219i s\u0103 creezi un spa\u021biu fermec\u0103tor pentru mica ta comoar\u0103.<\/p>\n\n\n\n<p>Prin urmare, este important s\u0103 se ia \u00een considerare siguran\u021ba, caracterul practic \u0219i gusturile personale ale familiei atunci c\u00e2nd se iau decizii de decorare \u0219i mutare. <\/p>\n\n\n\n<p>Prin urmare, profit\u0103 de acest moment special \u0219i preg\u0103te\u0219te-te s\u0103-\u021bi \u00eent\u00e2mpini bebelu\u0219ul \u00eentr-un mediu confortabil \u0219i iubitor.<\/p>\n\n\n\n<p>Am nevoie de accesorii \u0219i \u00eembr\u0103c\u0103minte, conhe\u00e7a |&nbsp;<a href=\"https:\/\/www.luzbaby.com.br\/\" target=\"_blank\" rel=\"noreferrer noopener\">A Luz Baby este unul dintre cele mai bune magazine de produse pentru sugari. Click aici<\/a><\/p>","protected":false},"excerpt":{"rendered":"<p>Bem-vinda (o) ao moment magic de a amenaja camera bebelu\u0219ului t\u0103u!<\/p>\n<p>\u00cen acest ghid, vom \u00eemp\u0103rt\u0103\u0219i 10 sfaturi esen\u021biale pentru a crea un mediu func\u021bional \u0219i fermec\u0103tor pentru mica ta comoar\u0103.<\/p>\n<p>De la alegerea temei p\u00e2n\u0103 la detaliile personalizate, urmeaz\u0103 instruc\u021biunile noastre pentru a face acest spa\u021biu unic \u0219i primitor.<\/p>\n<p>La final, va exista un bonus care te va ajuta foarte mult.<\/p>","protected":false},"author":139,"featured_media":2366,"comment_status":"closed","ping_status":"open","sticky":false,"template":"","format":"standard","meta":{"footnotes":""},"categories":[3],"tags":[28,719,773],"yoast_head":"<!-- This site is optimized with the Yoast SEO plugin v23.3 - https:\/\/yoast.com\/wordpress\/plugins\/seo\/ -->\n<title>10 Dicas Funcionais para Montar o Quarto de Beb\u00ea - Universo Fam\u00edlia<\/title>\n<meta name=\"description\" content=\"10 Dicas Funcionais para Montar um Quarto de Beb\u00ea Funcional. Bem-vinda (o) ao momento m\u00e1gico de montar o quarto do seu beb\u00ea\" \/>\n<meta name=\"robots\" content=\"index, follow, max-snippet:-1, max-image-preview:large, max-video-preview:-1\" \/>\n<link rel=\"canonical\" href=\"http:\/\/universofamilia.com\/ro\/10-dicas-funcionais-para-monta-um-quarto-de-bebe-funcional\/\" \/>\n<meta property=\"og:locale\" content=\"ro_RO\" \/>\n<meta property=\"og:type\" content=\"article\" \/>\n<meta property=\"og:title\" content=\"10 Dicas Funcionais para Montar o Quarto de Beb\u00ea - Universo Fam\u00edlia\" \/>\n<meta property=\"og:description\" content=\"10 Dicas Funcionais para Montar um Quarto de Beb\u00ea Funcional. Bem-vinda (o) ao momento m\u00e1gico de montar o quarto do seu beb\u00ea\" \/>\n<meta property=\"og:url\" content=\"http:\/\/universofamilia.com\/ro\/10-dicas-funcionais-para-monta-um-quarto-de-bebe-funcional\/\" \/>\n<meta property=\"og:site_name\" content=\"Universo Fam\u00edlia\" \/>\n<meta property=\"article:published_time\" content=\"2023-06-11T00:30:12+00:00\" \/>\n<meta property=\"article:modified_time\" content=\"2025-01-28T15:03:22+00:00\" \/>\n<meta property=\"og:image\" content=\"http:\/\/universofamilia.com\/wp-content\/uploads\/sites\/148\/2023\/06\/FOTO-DESTAQUE-10-Dicas-Funcionais-para-Montar-um-Quarto-de-Bebe-Funcional-a-universo-familia-448x350-.png\" \/>\n\t<meta property=\"og:image:width\" content=\"448\" \/>\n\t<meta property=\"og:image:height\" content=\"350\" \/>\n\t<meta property=\"og:image:type\" content=\"image\/png\" \/>\n<meta name=\"author\" content=\"Pedro Henrique\" \/>\n<meta name=\"twitter:card\" content=\"summary_large_image\" \/>\n<meta name=\"twitter:label1\" content=\"Written by\" \/>\n\t<meta name=\"twitter:data1\" content=\"Pedro Henrique\" \/>\n\t<meta name=\"twitter:label2\" content=\"Est. reading time\" \/>\n\t<meta name=\"twitter:data2\" content=\"7 minute\" \/>\n<script type=\"application\/ld+json\" class=\"yoast-schema-graph\">{\"@context\":\"https:\/\/schema.org\",\"@graph\":[{\"@type\":\"WebPage\",\"@id\":\"http:\/\/universofamilia.com\/hr\/10-dicas-funcionais-para-monta-um-quarto-de-bebe-funcional\/\",\"url\":\"http:\/\/universofamilia.com\/hr\/10-dicas-funcionais-para-monta-um-quarto-de-bebe-funcional\/\",\"name\":\"10 Dicas Funcionais para Montar o Quarto de Beb\u00ea - Universo Fam\u00edlia\",\"isPartOf\":{\"@id\":\"https:\/\/universofamilia.com\/el\/#website\"},\"primaryImageOfPage\":{\"@id\":\"http:\/\/universofamilia.com\/hr\/10-dicas-funcionais-para-monta-um-quarto-de-bebe-funcional\/#primaryimage\"},\"image\":{\"@id\":\"http:\/\/universofamilia.com\/hr\/10-dicas-funcionais-para-monta-um-quarto-de-bebe-funcional\/#primaryimage\"},\"thumbnailUrl\":\"https:\/\/universofamilia.com\/wp-content\/uploads\/sites\/148\/2023\/06\/FOTO-DESTAQUE-10-Dicas-Funcionais-para-Montar-um-Quarto-de-Bebe-Funcional-a-universo-familia-448x350-.png\",\"datePublished\":\"2023-06-11T00:30:12+00:00\",\"dateModified\":\"2025-01-28T15:03:22+00:00\",\"author\":{\"@id\":\"https:\/\/universofamilia.com\/el\/#\/schema\/person\/f07ce98187dd84d31154262e79b3b7ca\"},\"description\":\"10 Dicas Funcionais para Montar um Quarto de Beb\u00ea Funcional. Bem-vinda (o) ao momento m\u00e1gico de montar o quarto do seu beb\u00ea\",\"breadcrumb\":{\"@id\":\"http:\/\/universofamilia.com\/hr\/10-dicas-funcionais-para-monta-um-quarto-de-bebe-funcional\/#breadcrumb\"},\"inLanguage\":\"ro-RO\",\"potentialAction\":[{\"@type\":\"ReadAction\",\"target\":[\"http:\/\/universofamilia.com\/hr\/10-dicas-funcionais-para-monta-um-quarto-de-bebe-funcional\/\"]}]},{\"@type\":\"ImageObject\",\"inLanguage\":\"ro-RO\",\"@id\":\"http:\/\/universofamilia.com\/hr\/10-dicas-funcionais-para-monta-um-quarto-de-bebe-funcional\/#primaryimage\",\"url\":\"https:\/\/universofamilia.com\/wp-content\/uploads\/sites\/148\/2023\/06\/FOTO-DESTAQUE-10-Dicas-Funcionais-para-Montar-um-Quarto-de-Bebe-Funcional-a-universo-familia-448x350-.png\",\"contentUrl\":\"https:\/\/universofamilia.com\/wp-content\/uploads\/sites\/148\/2023\/06\/FOTO-DESTAQUE-10-Dicas-Funcionais-para-Montar-um-Quarto-de-Bebe-Funcional-a-universo-familia-448x350-.png\",\"width\":448,\"height\":350},{\"@type\":\"BreadcrumbList\",\"@id\":\"http:\/\/universofamilia.com\/hr\/10-dicas-funcionais-para-monta-um-quarto-de-bebe-funcional\/#breadcrumb\",\"itemListElement\":[{\"@type\":\"ListItem\",\"position\":1,\"name\":\"Home\",\"item\":\"https:\/\/universofamilia.com\/el\/\"},{\"@type\":\"ListItem\",\"position\":2,\"name\":\"10 Dicas Funcionais para Montar o Quarto de Beb\u00ea\"}]},{\"@type\":\"WebSite\",\"@id\":\"https:\/\/universofamilia.com\/el\/#website\",\"url\":\"https:\/\/universofamilia.com\/el\/\",\"name\":\"Universo Fam\u00edlia\",\"description\":\"\",\"potentialAction\":[{\"@type\":\"SearchAction\",\"target\":{\"@type\":\"EntryPoint\",\"urlTemplate\":\"https:\/\/universofamilia.com\/el\/?s={search_term_string}\"},\"query-input\":\"required name=search_term_string\"}],\"inLanguage\":\"ro-RO\"},{\"@type\":\"Person\",\"@id\":\"https:\/\/universofamilia.com\/el\/#\/schema\/person\/f07ce98187dd84d31154262e79b3b7ca\",\"name\":\"Pedro Henrique\",\"image\":{\"@type\":\"ImageObject\",\"inLanguage\":\"ro-RO\",\"@id\":\"https:\/\/universofamilia.com\/el\/#\/schema\/person\/image\/\",\"url\":\"https:\/\/secure.gravatar.com\/avatar\/9edfeb808cb4e1599f64d6e45b130154?s=96&d=mm&r=g\",\"contentUrl\":\"https:\/\/secure.gravatar.com\/avatar\/9edfeb808cb4e1599f64d6e45b130154?s=96&d=mm&r=g\",\"caption\":\"Pedro Henrique\"},\"url\":\"https:\/\/universofamilia.com\/ro\/author\/editor01\/\"}]}<\/script>\n<!-- \/ Yoast SEO plugin. -->","yoast_head_json":{"title":"10 Dicas Funcionais para Montar o Quarto de Beb\u00ea - Universo Fam\u00edlia","description":"10 Dicas Funcionais para Montar um Quarto de Beb\u00ea Funcional. Bem-vinda (o) ao momento m\u00e1gico de montar o quarto do seu beb\u00ea","robots":{"index":"index","follow":"follow","max-snippet":"max-snippet:-1","max-image-preview":"max-image-preview:large","max-video-preview":"max-video-preview:-1"},"canonical":"http:\/\/universofamilia.com\/ro\/10-dicas-funcionais-para-monta-um-quarto-de-bebe-funcional\/","og_locale":"ro_RO","og_type":"article","og_title":"10 Dicas Funcionais para Montar o Quarto de Beb\u00ea - Universo Fam\u00edlia","og_description":"10 Dicas Funcionais para Montar um Quarto de Beb\u00ea Funcional. Bem-vinda (o) ao momento m\u00e1gico de montar o quarto do seu beb\u00ea","og_url":"http:\/\/universofamilia.com\/ro\/10-dicas-funcionais-para-monta-um-quarto-de-bebe-funcional\/","og_site_name":"Universo Fam\u00edlia","article_published_time":"2023-06-11T00:30:12+00:00","article_modified_time":"2025-01-28T15:03:22+00:00","og_image":[{"width":448,"height":350,"url":"http:\/\/universofamilia.com\/wp-content\/uploads\/sites\/148\/2023\/06\/FOTO-DESTAQUE-10-Dicas-Funcionais-para-Montar-um-Quarto-de-Bebe-Funcional-a-universo-familia-448x350-.png","type":"image\/png"}],"author":"Pedro Henrique","twitter_card":"summary_large_image","twitter_misc":{"Written by":"Pedro Henrique","Est. reading time":"7 minute"},"schema":{"@context":"https:\/\/schema.org","@graph":[{"@type":"WebPage","@id":"http:\/\/universofamilia.com\/hr\/10-dicas-funcionais-para-monta-um-quarto-de-bebe-funcional\/","url":"http:\/\/universofamilia.com\/hr\/10-dicas-funcionais-para-monta-um-quarto-de-bebe-funcional\/","name":"10 Dicas Funcionais para Montar o Quarto de Beb\u00ea - Universo Fam\u00edlia","isPartOf":{"@id":"https:\/\/universofamilia.com\/el\/#website"},"primaryImageOfPage":{"@id":"http:\/\/universofamilia.com\/hr\/10-dicas-funcionais-para-monta-um-quarto-de-bebe-funcional\/#primaryimage"},"image":{"@id":"http:\/\/universofamilia.com\/hr\/10-dicas-funcionais-para-monta-um-quarto-de-bebe-funcional\/#primaryimage"},"thumbnailUrl":"https:\/\/universofamilia.com\/wp-content\/uploads\/sites\/148\/2023\/06\/FOTO-DESTAQUE-10-Dicas-Funcionais-para-Montar-um-Quarto-de-Bebe-Funcional-a-universo-familia-448x350-.png","datePublished":"2023-06-11T00:30:12+00:00","dateModified":"2025-01-28T15:03:22+00:00","author":{"@id":"https:\/\/universofamilia.com\/el\/#\/schema\/person\/f07ce98187dd84d31154262e79b3b7ca"},"description":"10 Dicas Funcionais para Montar um Quarto de Beb\u00ea Funcional. Bem-vinda (o) ao momento m\u00e1gico de montar o quarto do seu beb\u00ea","breadcrumb":{"@id":"http:\/\/universofamilia.com\/hr\/10-dicas-funcionais-para-monta-um-quarto-de-bebe-funcional\/#breadcrumb"},"inLanguage":"ro-RO","potentialAction":[{"@type":"ReadAction","target":["http:\/\/universofamilia.com\/hr\/10-dicas-funcionais-para-monta-um-quarto-de-bebe-funcional\/"]}]},{"@type":"ImageObject","inLanguage":"ro-RO","@id":"http:\/\/universofamilia.com\/hr\/10-dicas-funcionais-para-monta-um-quarto-de-bebe-funcional\/#primaryimage","url":"https:\/\/universofamilia.com\/wp-content\/uploads\/sites\/148\/2023\/06\/FOTO-DESTAQUE-10-Dicas-Funcionais-para-Montar-um-Quarto-de-Bebe-Funcional-a-universo-familia-448x350-.png","contentUrl":"https:\/\/universofamilia.com\/wp-content\/uploads\/sites\/148\/2023\/06\/FOTO-DESTAQUE-10-Dicas-Funcionais-para-Montar-um-Quarto-de-Bebe-Funcional-a-universo-familia-448x350-.png","width":448,"height":350},{"@type":"BreadcrumbList","@id":"http:\/\/universofamilia.com\/hr\/10-dicas-funcionais-para-monta-um-quarto-de-bebe-funcional\/#breadcrumb","itemListElement":[{"@type":"ListItem","position":1,"name":"Home","item":"https:\/\/universofamilia.com\/el\/"},{"@type":"ListItem","position":2,"name":"10 Dicas Funcionais para Montar o Quarto de Beb\u00ea"}]},{"@type":"WebSite","@id":"https:\/\/universofamilia.com\/el\/#website","url":"https:\/\/universofamilia.com\/el\/","name":"Universo Fam\u00edlia","description":"","potentialAction":[{"@type":"SearchAction","target":{"@type":"EntryPoint","urlTemplate":"https:\/\/universofamilia.com\/el\/?s={search_term_string}"},"query-input":"required name=search_term_string"}],"inLanguage":"ro-RO"},{"@type":"Person","@id":"https:\/\/universofamilia.com\/el\/#\/schema\/person\/f07ce98187dd84d31154262e79b3b7ca","name":"Pedro Henrique","image":{"@type":"ImageObject","inLanguage":"ro-RO","@id":"https:\/\/universofamilia.com\/el\/#\/schema\/person\/image\/","url":"https:\/\/secure.gravatar.com\/avatar\/9edfeb808cb4e1599f64d6e45b130154?s=96&d=mm&r=g","contentUrl":"https:\/\/secure.gravatar.com\/avatar\/9edfeb808cb4e1599f64d6e45b130154?s=96&d=mm&r=g","caption":"Pedro Henrique"},"url":"https:\/\/universofamilia.com\/ro\/author\/editor01\/"}]}},"_links":{"self":[{"href":"https:\/\/universofamilia.com\/ro\/wp-json\/wp\/v2\/posts\/2359"}],"collection":[{"href":"https:\/\/universofamilia.com\/ro\/wp-json\/wp\/v2\/posts"}],"about":[{"href":"https:\/\/universofamilia.com\/ro\/wp-json\/wp\/v2\/types\/post"}],"author":[{"embeddable":true,"href":"https:\/\/universofamilia.com\/ro\/wp-json\/wp\/v2\/users\/139"}],"replies":[{"embeddable":true,"href":"https:\/\/universofamilia.com\/ro\/wp-json\/wp\/v2\/comments?post=2359"}],"version-history":[{"count":1,"href":"https:\/\/universofamilia.com\/ro\/wp-json\/wp\/v2\/posts\/2359\/revisions"}],"predecessor-version":[{"id":8427,"href":"https:\/\/universofamilia.com\/ro\/wp-json\/wp\/v2\/posts\/2359\/revisions\/8427"}],"wp:featuredmedia":[{"embeddable":true,"href":"https:\/\/universofamilia.com\/ro\/wp-json\/wp\/v2\/media\/2366"}],"wp:attachment":[{"href":"https:\/\/universofamilia.com\/ro\/wp-json\/wp\/v2\/media?parent=2359"}],"wp:term":[{"taxonomy":"category","embeddable":true,"href":"https:\/\/universofamilia.com\/ro\/wp-json\/wp\/v2\/categories?post=2359"},{"taxonomy":"post_tag","embeddable":true,"href":"https:\/\/universofamilia.com\/ro\/wp-json\/wp\/v2\/tags?post=2359"}],"curies":[{"name":"wp","href":"https:\/\/api.w.org\/{rel}","templated":true}]}}