{"id":3622,"date":"2023-08-23T08:00:00","date_gmt":"2023-08-23T11:00:00","guid":{"rendered":"https:\/\/universofamilia.com\/?p=3622"},"modified":"2025-01-22T01:29:10","modified_gmt":"2025-01-22T01:29:10","slug":"cantando-para-nossos-bebes","status":"publish","type":"post","link":"https:\/\/universofamilia.com\/ro\/cantando-para-nossos-bebes\/","title":{"rendered":"C\u00e2nt\u00e2nd pentru bebelu\u0219ii no\u0219tri: 5 melodii cu versuri fermec\u0103toare \u0219i origini captivante"},"content":{"rendered":"<p>C\u00e2nt\u00e2nd pentru bebelu\u0219ii no\u0219tri, 5 c\u00e2ntece cu versuri fermec\u0103toare \u0219i origini captivante. Puterea muzicii este nepre\u021buit\u0103, mai ales c\u00e2nd vine vorba de calmare \u0219i conectare cu cei mici.<\/p>\n\n\n\n<p>A c\u00e2nta pentru bebelu\u0219i nu este doar o modalitate de a crea leg\u0103turi emo\u021bionale, ci \u0219i de a stimula dezvoltarea cognitiv\u0103 \u0219i emo\u021bional\u0103.<\/p>\n\n\n\n<p>\u00centr-un mod distractiv, v\u0103 vom ar\u0103ta cinci c\u00e2ntece populare de c\u00e2ntat bebelu\u0219ilor, inclusiv versurile lor captivante \u0219i pove\u0219tile fascinante din spatele originii lor.<\/p>\n\n\n<div class=\"wp-block-image\">\n<figure class=\"aligncenter size-full\"><img loading=\"lazy\" decoding=\"async\" width=\"550\" height=\"350\" src=\"http:\/\/universofamilia.com\/wp-content\/uploads\/sites\/148\/2023\/08\/POST-Cantando-para-as-criancas-universo-familia-.png\" alt=\"\" class=\"wp-image-3623\" srcset=\"https:\/\/universofamilia.com\/wp-content\/uploads\/sites\/148\/2023\/08\/POST-Cantando-para-as-criancas-universo-familia-.png 550w, https:\/\/universofamilia.com\/wp-content\/uploads\/sites\/148\/2023\/08\/POST-Cantando-para-as-criancas-universo-familia--300x191.png 300w\" sizes=\"(max-width: 550px) 100vw, 550px\" \/><figcaption class=\"wp-element-caption\"><em>Fotografie: (reproducere\/internet)<\/em><\/figcaption><\/figure><\/div>\n\n\n<h3 class=\"wp-block-heading\">1. \u201eBoa Noite, Amiguinho\u201d \u2013 O melodie afectuoas\u0103 pentru a dormi<\/h3>\n\n\n\n<h4 class=\"wp-block-heading\">Origine \u0219i semnifica\u021bie<\/h4>\n\n\n\n<p>Muzica \u201eBoa Noite, Amiguinho\u201d este un c\u00e2ntec tradi\u021bional ninar care este fermecat. Cu o melodie bl\u00e2nd\u0103 \u0219i versuri iubitoare, acest c\u00e2ntec era c\u00e2ntat de copii pentru a-\u0219i calma bebelu\u0219ii \u00eenainte de a adormi.<\/p>\n\n\n\n<p>Simplitatea cuvintelor \u0219i tandre\u021bea melodiei o fac o \u0219coal\u0103 \u00eendr\u0103git\u0103 pentru a transmite afec\u021biune \u0219i lini\u0219te celor mici.<\/p>\n\n\n\n<h4 class=\"wp-block-heading\">Scrisoare:<\/h4>\n\n\n\n<div class=\"wp-block-columns is-layout-flex wp-container-core-columns-layout-1 wp-block-columns-is-layout-flex\">\n<div class=\"wp-block-column is-layout-flow wp-block-column-is-layout-flow\" style=\"flex-basis:100%\">\n<div class=\"wp-block-group is-layout-constrained wp-block-group-is-layout-constrained\"><div class=\"wp-block-group__inner-container\">\n<p>\u201eNoapte bun\u0103, prietene.\u201d<\/p>\n\n\n\n<p>E timpul s\u0103 dormim acum.<\/p>\n\n\n\n<p>Luna a sosit deja<\/p>\n\n\n\n<p>\u0218i stelele vor r\u0103s\u0103ri<\/p>\n\n\n\n<p>Noapte bun\u0103, prietene<\/p>\n\n\n\n<p>Cerul se va lumina deja<\/p>\n\n\n\n<p>Cu vise frumoase<\/p>\n\n\n\n<p>\u201eCe ai de g\u00e2nd s\u0103 \u00eempachetezi?\u201d<\/p>\n<\/div><\/div>\n<\/div>\n<\/div>\n\n\n\n<h3 class=\"wp-block-heading\">2. \u201eO Barquinho\u201d \u2013 Navig\u00e2nd prin ape calme \u0219i senine<\/h3>\n\n\n\n<h4 class=\"wp-block-heading\">Origine \u0219i semnifica\u021bie<\/h4>\n\n\n\n<p>Melodia \u201eO Barquinho\u201d ne poart\u0103 \u00eentr-o zi lini\u0219tit\u0103 prin marea imagina\u021biei. Cu origini \u00een c\u00e2ntecele populare, aceast\u0103 muzic\u0103 simbolizeaz\u0103 calmul \u0219i pacea pe care le poate transmite o barc\u0103 care navigheaz\u0103 pe ape calme.<\/p>\n\n\n\n<p>Melodia \u0219i versurile sale bl\u00e2nde devin un c\u00e2ntec popular care calmeaz\u0103 bebelu\u0219ii \u0219i inspir\u0103 vise senine.<\/p>\n\n\n\n<h4 class=\"wp-block-heading\">Scrisoare:<\/h4>\n\n\n\n<div class=\"wp-block-columns is-layout-flex wp-container-core-columns-layout-2 wp-block-columns-is-layout-flex\">\n<div class=\"wp-block-column is-layout-flow wp-block-column-is-layout-flow\" style=\"flex-basis:100%\">\n<div class=\"wp-block-group is-layout-constrained wp-block-group-is-layout-constrained\"><div class=\"wp-block-group__inner-container\">\n<p>\u201eO barquinho vai, a tardinha cai<\/p>\n\n\n\n<p>O sol j\u00e1 vai embora, o dia findou<\/p>\n\n\n\n<p>O barquinho vai, a tardinha cai<\/p>\n\n\n\n<p>\u201eO sol j\u00e1 vai embora, o dia findou\u201d<\/p>\n<\/div><\/div>\n<\/div>\n<\/div>\n\n\n\n<h3 class=\"wp-block-heading\">3. \u201eDorme, nen\u00e9m\u201d \u2013 A Convite para o Soninho Tranquilo<\/h3>\n\n\n\n<h4 class=\"wp-block-heading\">Origine \u0219i semnifica\u021bie<\/h4>\n\n\n\n<p>\u201eDorme, nen\u00e9m\u201d este o melodie care eman\u0103 calm \u0219i confort. Cu origini \u00een tradi\u021biile culturale, aceast\u0103 melodie este o delicates\u0103 pentru ca bebelu\u0219ul t\u0103u s\u0103 adoarm\u0103 lini\u0219tit.<\/p>\n\n\n\n<p>Cuvintele bl\u00e2nde \u0219i melodia \u00eenv\u0103luitoare fac din aceast\u0103 muzic\u0103 o \u0219coal\u0103 popular\u0103 \u00een \u00eentreaga lume, transmi\u021b\u00e2nd dragoste \u0219i afec\u021biune.<\/p>\n\n\n\n<h4 class=\"wp-block-heading\">Scrisoare:<\/h4>\n\n\n\n<div class=\"wp-block-group is-layout-constrained wp-block-group-is-layout-constrained\"><div class=\"wp-block-group__inner-container\">\n<p>\u201eDormi, nen\u00e9m, o s\u0103 lovim cuca\u201d<\/p>\n\n\n\n<p>Papai era pentru ro\u00e7a, mama era pentru munc\u0103<\/p>\n\n\n\n<p>Du-te la culcare, iubito, o s\u0103 lovesc Cuca<\/p>\n\n\n\n<p>Papai era pentru ro\u00e7a, mama era pentru munc\u0103<\/p>\n<\/div><\/div>\n\n\n\n<h3 class=\"wp-block-heading\">4. \u201eBorboletinha\u201d \u2013 Un c\u00e2ntec de desc\u00e2ntec \u0219i Brincadeira<\/h3>\n\n\n\n<h4 class=\"wp-block-heading\">Origine \u0219i semnifica\u021bie<\/h4>\n\n\n\n<p>\u201eBorboletinha\u201d este un c\u00e2ntec pentru copii care combin\u0103 muzica \u0219i s\u0103riturile. Cu o melodie vesel\u0103 \u0219i versuri care stimuleaz\u0103 imagina\u021bia, aceast\u0103 muzic\u0103 este un c\u00e2ntec popular de c\u00e2ntat pentru bebelu\u0219i.<\/p>\n\n\n\n<p>Referirea la bula care merge din floare \u00een floare este o metafor\u0103 pentru explorarea \u0219i curiozitatea copiilor \u00een cre\u0219tere.<\/p>\n\n\n\n<h4 class=\"wp-block-heading\">Scrisoare:<\/h4>\n\n\n\n<div class=\"wp-block-group is-layout-constrained wp-block-group-is-layout-constrained\"><div class=\"wp-block-group__inner-container\">\n<p>\u201eBorboletinha este \u00een buc\u0103t\u0103rie\u201d<\/p>\n\n\n\n<p>F\u0103c\u00e2nd ciocolat\u0103 cu o na\u0219\u0103<\/p>\n\n\n\n<p>O faci, o faci, o faci, o faci<\/p>\n\n\n\n<p>\u201eA canela \u00e9 quente, se va arde?\u201d<\/p>\n<\/div><\/div>\n\n\n\n<h3 class=\"wp-block-heading\">5. \u201eAcalanto\u201d \u2013 O melodie \u00eenconjur\u0103toare pentru vise<\/h3>\n\n\n\n<h4 class=\"wp-block-heading\">Origine \u0219i semnifica\u021bie<\/h4>\n\n\n\n<p>\u201eAcalanto\u201d este un c\u00e2ntec pentru copii care transcende grani\u021bele culturale. Cu o melodie \u00eenv\u0103luitoare \u0219i versuri care transmit senin\u0103tate, acest c\u00e2ntec este o expresie a iubirii \u0219i afec\u021biunii din partea celor care au grij\u0103 de bebelu\u0219i.<\/p>\n\n\n\n<p>Cuv\u00e2ntul \u201eacalanto\u201d se refer\u0103 la procesul de \u00eenc\u0103lzire \u0219i ambalare, ceea ce face ca aceast\u0103 muzic\u0103 s\u0103 fie o alegere natural\u0103 pentru momentele de lini\u0219te.<\/p>\n\n\n\n<h4 class=\"wp-block-heading\">Scrisoare:<\/h4>\n\n\n\n<div class=\"wp-block-group is-layout-constrained wp-block-group-is-layout-constrained\"><div class=\"wp-block-group__inner-container\">\n<p>\u201eDormi, meu menino, meu acalanto<\/p>\n\n\n\n<p>C\u0103 vine noaptea<\/p>\n\n\n\n<p>Soarele se va \u00eenc\u00e2nta singur<\/p>\n\n\n\n<p>Dormi, b\u0103iatul meu, alacantul meu<\/p>\n\n\n\n<p>C\u0103 vine noaptea<\/p>\n\n\n\n<p>\u201eSoarele se va \u00eenc\u00e2nta singur\u201d<\/p>\n<\/div><\/div>\n\n\n\n<h3 class=\"wp-block-heading\">Concluzie: O serenad\u0103 a iubirii pentru cei mici<\/h3>\n\n\n\n<p>A c\u00e2nta pentru bebelu\u0219i este o tradi\u021bie plin\u0103 de semnifica\u021bie \u0219i afec\u021biune. Muzica pentru cre\u0219\u0103 nu numai c\u0103 ofer\u0103 confort, ci stabile\u0219te \u0219i o leg\u0103tur\u0103 special\u0103 \u00eentre \u00eengrijitori \u0219i bebelu\u0219i.<\/p>\n\n\n\n<p>C\u00e2nt\u00e2nd aceste c\u00e2ntece cu pove\u0219ti captivante, \u00eemp\u0103rt\u0103\u0219im un cadou pre\u021bios \u2013 muzic\u0103 care hr\u0103ne\u0219te inimile \u0219i min\u021bile micu\u021bilor no\u0219tri.<\/p>\n\n\n\n<h3 class=\"wp-block-heading\">\u00centreb\u0103ri frecvente<\/h3>\n\n\n\n<h4 class=\"wp-block-heading\">1. De ce este important s\u0103 c\u00e2n\u021bi pentru bebelu\u0219i?<\/h4>\n\n\n\n<p>C\u00e2ntatul pentru bebelu\u0219i ajut\u0103 la crearea de leg\u0103turi emo\u021bionale, lini\u0219tea copiilor \u0219i stimularea dezvolt\u0103rii cognitive.<\/p>\n\n\n\n<h4 class=\"wp-block-heading\">2. Este aceast\u0103 muzic\u0103 specific\u0103 unei culturi?<\/h4>\n\n\n\n<p>Unele muzici au origini specifice, \u00een timp ce altele sunt c\u00e2ntate \u00een diverse culturi din \u00eentreaga lume.<\/p>\n\n\n\n<h4 class=\"wp-block-heading\">3. Cum s\u0103 aleg muzica potrivit\u0103 pentru bebelu\u0219ul meu?<\/h4>\n\n\n\n<p>Opteaz\u0103 pentru muzic\u0103 cu melodii bl\u00e2nde \u0219i versuri bl\u00e2nde. Observarea reac\u021biei bebelu\u0219ului poate ajuta la identificarea muzicii pe care o prefer\u0103.<\/p>\n\n\n\n<h4 class=\"wp-block-heading\">4. Are muzica pentru bebelu\u0219i efecte pozitive?<\/h4>\n\n\n\n<p>Sim, muzica pentru bebelu\u0219i poate ajuta la calmarea bebelu\u0219ului \u0219i la crearea unei rutine relaxante \u00eenainte de culcare.<\/p>\n\n\n\n<h4 class=\"wp-block-heading\">5. Pe l\u00e2ng\u0103 aceste melodii, exist\u0103 \u0219i alte op\u021biuni populare de c\u00e2ntat bebelu\u0219ilor?<\/h4>\n\n\n\n<p>Sim, exist\u0103 o varietate de muzic\u0103 muzical\u0103 \u00een diverse culturi, fiecare cu propriile pove\u0219ti \u0219i semnifica\u021bii.<\/p>\n\n\n\n<p>Al\u00e9m disso, nevoie de accesorii \u0219i \u00eembr\u0103c\u0103minte, conhe\u00e7a |&nbsp;<a href=\"https:\/\/www.luzbaby.com.br\/\" target=\"_blank\" rel=\"noreferrer noopener\">A Luz Baby este unul dintre cele mai bune magazine de produse pentru sugari. Click aici<\/a><\/p>","protected":false},"excerpt":{"rendered":"<p>Cantando para nossos beb\u00eas, 5 m\u00fasicas com letras encantadoras e origens cativantes. O poder da m\u00fasica \u00e9 ineg\u00e1vel, especialmente quando se trata de acalmar e conectar com os nossos pequenos. Cantar para os beb\u00eas n\u00e3o \u00e9 apenas uma maneira de criar la\u00e7os emocionais, mas tamb\u00e9m de estimular o desenvolvimento cognitivo e emocional. De forma divertida, [&hellip;]<\/p>","protected":false},"author":139,"featured_media":3625,"comment_status":"closed","ping_status":"open","sticky":false,"template":"","format":"standard","meta":{"footnotes":""},"categories":[3],"tags":[],"yoast_head":"<!-- This site is optimized with the Yoast SEO plugin v23.3 - https:\/\/yoast.com\/wordpress\/plugins\/seo\/ -->\n<title>Cantando para Nossos Beb\u00eas: 5 M\u00fasicas com Letras Encantadoras e Origens Cativantes - Universo Fam\u00edlia<\/title>\n<meta name=\"description\" content=\"Cantando para nossos beb\u00eas, 5 m\u00fasicas com letras encantadoras e origens cativantes. O poder da m\u00fasica \u00e9 ineg\u00e1vel, especialmente quando se trata de acalmar\" \/>\n<meta name=\"robots\" content=\"index, follow, max-snippet:-1, max-image-preview:large, max-video-preview:-1\" \/>\n<link rel=\"canonical\" href=\"https:\/\/universofamilia.com\/ro\/cantando-para-nossos-bebes\/\" \/>\n<meta property=\"og:locale\" content=\"ro_RO\" \/>\n<meta property=\"og:type\" content=\"article\" \/>\n<meta property=\"og:title\" content=\"Cantando para Nossos Beb\u00eas: 5 M\u00fasicas com Letras Encantadoras e Origens Cativantes - Universo Fam\u00edlia\" \/>\n<meta property=\"og:description\" content=\"Cantando para nossos beb\u00eas, 5 m\u00fasicas com letras encantadoras e origens cativantes. O poder da m\u00fasica \u00e9 ineg\u00e1vel, especialmente quando se trata de acalmar\" \/>\n<meta property=\"og:url\" content=\"https:\/\/universofamilia.com\/ro\/cantando-para-nossos-bebes\/\" \/>\n<meta property=\"og:site_name\" content=\"Universo Fam\u00edlia\" \/>\n<meta property=\"article:published_time\" content=\"2023-08-23T11:00:00+00:00\" \/>\n<meta property=\"article:modified_time\" content=\"2025-01-22T01:29:10+00:00\" \/>\n<meta property=\"og:image\" content=\"https:\/\/universofamilia.com\/wp-content\/uploads\/sites\/148\/2023\/08\/DESTAQUE-cantando-para-as-criancas-universo-familia-.png\" \/>\n\t<meta property=\"og:image:width\" content=\"448\" \/>\n\t<meta property=\"og:image:height\" content=\"350\" \/>\n\t<meta property=\"og:image:type\" content=\"image\/png\" \/>\n<meta name=\"author\" content=\"Pedro Henrique\" \/>\n<meta name=\"twitter:card\" content=\"summary_large_image\" \/>\n<meta name=\"twitter:label1\" content=\"Written by\" \/>\n\t<meta name=\"twitter:data1\" content=\"Pedro Henrique\" \/>\n\t<meta name=\"twitter:label2\" content=\"Est. reading time\" \/>\n\t<meta name=\"twitter:data2\" content=\"5 minute\" \/>\n<script type=\"application\/ld+json\" class=\"yoast-schema-graph\">{\"@context\":\"https:\/\/schema.org\",\"@graph\":[{\"@type\":\"WebPage\",\"@id\":\"https:\/\/universofamilia.com\/sr\/cantando-para-nossos-bebes\/\",\"url\":\"https:\/\/universofamilia.com\/sr\/cantando-para-nossos-bebes\/\",\"name\":\"Cantando para Nossos Beb\u00eas: 5 M\u00fasicas com Letras Encantadoras e Origens Cativantes - Universo Fam\u00edlia\",\"isPartOf\":{\"@id\":\"http:\/\/universofamilia.com\/zh_hk\/#website\"},\"primaryImageOfPage\":{\"@id\":\"https:\/\/universofamilia.com\/sr\/cantando-para-nossos-bebes\/#primaryimage\"},\"image\":{\"@id\":\"https:\/\/universofamilia.com\/sr\/cantando-para-nossos-bebes\/#primaryimage\"},\"thumbnailUrl\":\"https:\/\/universofamilia.com\/wp-content\/uploads\/sites\/148\/2023\/08\/DESTAQUE-cantando-para-as-criancas-universo-familia-.png\",\"datePublished\":\"2023-08-23T11:00:00+00:00\",\"dateModified\":\"2025-01-22T01:29:10+00:00\",\"author\":{\"@id\":\"http:\/\/universofamilia.com\/zh_hk\/#\/schema\/person\/f07ce98187dd84d31154262e79b3b7ca\"},\"description\":\"Cantando para nossos beb\u00eas, 5 m\u00fasicas com letras encantadoras e origens cativantes. O poder da m\u00fasica \u00e9 ineg\u00e1vel, especialmente quando se trata de acalmar\",\"breadcrumb\":{\"@id\":\"https:\/\/universofamilia.com\/sr\/cantando-para-nossos-bebes\/#breadcrumb\"},\"inLanguage\":\"ro-RO\",\"potentialAction\":[{\"@type\":\"ReadAction\",\"target\":[\"https:\/\/universofamilia.com\/sr\/cantando-para-nossos-bebes\/\"]}]},{\"@type\":\"ImageObject\",\"inLanguage\":\"ro-RO\",\"@id\":\"https:\/\/universofamilia.com\/sr\/cantando-para-nossos-bebes\/#primaryimage\",\"url\":\"https:\/\/universofamilia.com\/wp-content\/uploads\/sites\/148\/2023\/08\/DESTAQUE-cantando-para-as-criancas-universo-familia-.png\",\"contentUrl\":\"https:\/\/universofamilia.com\/wp-content\/uploads\/sites\/148\/2023\/08\/DESTAQUE-cantando-para-as-criancas-universo-familia-.png\",\"width\":448,\"height\":350},{\"@type\":\"BreadcrumbList\",\"@id\":\"https:\/\/universofamilia.com\/sr\/cantando-para-nossos-bebes\/#breadcrumb\",\"itemListElement\":[{\"@type\":\"ListItem\",\"position\":1,\"name\":\"Home\",\"item\":\"http:\/\/universofamilia.com\/zh_hk\/\"},{\"@type\":\"ListItem\",\"position\":2,\"name\":\"Cantando para Nossos Beb\u00eas: 5 M\u00fasicas com Letras Encantadoras e Origens Cativantes\"}]},{\"@type\":\"WebSite\",\"@id\":\"http:\/\/universofamilia.com\/zh_hk\/#website\",\"url\":\"http:\/\/universofamilia.com\/zh_hk\/\",\"name\":\"Universo Fam\u00edlia\",\"description\":\"\",\"potentialAction\":[{\"@type\":\"SearchAction\",\"target\":{\"@type\":\"EntryPoint\",\"urlTemplate\":\"http:\/\/universofamilia.com\/zh_hk\/?s={search_term_string}\"},\"query-input\":\"required name=search_term_string\"}],\"inLanguage\":\"ro-RO\"},{\"@type\":\"Person\",\"@id\":\"http:\/\/universofamilia.com\/zh_hk\/#\/schema\/person\/f07ce98187dd84d31154262e79b3b7ca\",\"name\":\"Pedro Henrique\",\"image\":{\"@type\":\"ImageObject\",\"inLanguage\":\"ro-RO\",\"@id\":\"http:\/\/universofamilia.com\/zh_hk\/#\/schema\/person\/image\/\",\"url\":\"https:\/\/secure.gravatar.com\/avatar\/9edfeb808cb4e1599f64d6e45b130154?s=96&d=mm&r=g\",\"contentUrl\":\"https:\/\/secure.gravatar.com\/avatar\/9edfeb808cb4e1599f64d6e45b130154?s=96&d=mm&r=g\",\"caption\":\"Pedro Henrique\"},\"url\":\"https:\/\/universofamilia.com\/ro\/author\/editor01\/\"}]}<\/script>\n<!-- \/ Yoast SEO plugin. -->","yoast_head_json":{"title":"Cantando para Nossos Beb\u00eas: 5 M\u00fasicas com Letras Encantadoras e Origens Cativantes - Universo Fam\u00edlia","description":"Cantando para nossos beb\u00eas, 5 m\u00fasicas com letras encantadoras e origens cativantes. O poder da m\u00fasica \u00e9 ineg\u00e1vel, especialmente quando se trata de acalmar","robots":{"index":"index","follow":"follow","max-snippet":"max-snippet:-1","max-image-preview":"max-image-preview:large","max-video-preview":"max-video-preview:-1"},"canonical":"https:\/\/universofamilia.com\/ro\/cantando-para-nossos-bebes\/","og_locale":"ro_RO","og_type":"article","og_title":"Cantando para Nossos Beb\u00eas: 5 M\u00fasicas com Letras Encantadoras e Origens Cativantes - Universo Fam\u00edlia","og_description":"Cantando para nossos beb\u00eas, 5 m\u00fasicas com letras encantadoras e origens cativantes. O poder da m\u00fasica \u00e9 ineg\u00e1vel, especialmente quando se trata de acalmar","og_url":"https:\/\/universofamilia.com\/ro\/cantando-para-nossos-bebes\/","og_site_name":"Universo Fam\u00edlia","article_published_time":"2023-08-23T11:00:00+00:00","article_modified_time":"2025-01-22T01:29:10+00:00","og_image":[{"width":448,"height":350,"url":"https:\/\/universofamilia.com\/wp-content\/uploads\/sites\/148\/2023\/08\/DESTAQUE-cantando-para-as-criancas-universo-familia-.png","type":"image\/png"}],"author":"Pedro Henrique","twitter_card":"summary_large_image","twitter_misc":{"Written by":"Pedro Henrique","Est. reading time":"5 minute"},"schema":{"@context":"https:\/\/schema.org","@graph":[{"@type":"WebPage","@id":"https:\/\/universofamilia.com\/sr\/cantando-para-nossos-bebes\/","url":"https:\/\/universofamilia.com\/sr\/cantando-para-nossos-bebes\/","name":"Cantando para Nossos Beb\u00eas: 5 M\u00fasicas com Letras Encantadoras e Origens Cativantes - Universo Fam\u00edlia","isPartOf":{"@id":"http:\/\/universofamilia.com\/zh_hk\/#website"},"primaryImageOfPage":{"@id":"https:\/\/universofamilia.com\/sr\/cantando-para-nossos-bebes\/#primaryimage"},"image":{"@id":"https:\/\/universofamilia.com\/sr\/cantando-para-nossos-bebes\/#primaryimage"},"thumbnailUrl":"https:\/\/universofamilia.com\/wp-content\/uploads\/sites\/148\/2023\/08\/DESTAQUE-cantando-para-as-criancas-universo-familia-.png","datePublished":"2023-08-23T11:00:00+00:00","dateModified":"2025-01-22T01:29:10+00:00","author":{"@id":"http:\/\/universofamilia.com\/zh_hk\/#\/schema\/person\/f07ce98187dd84d31154262e79b3b7ca"},"description":"Cantando para nossos beb\u00eas, 5 m\u00fasicas com letras encantadoras e origens cativantes. O poder da m\u00fasica \u00e9 ineg\u00e1vel, especialmente quando se trata de acalmar","breadcrumb":{"@id":"https:\/\/universofamilia.com\/sr\/cantando-para-nossos-bebes\/#breadcrumb"},"inLanguage":"ro-RO","potentialAction":[{"@type":"ReadAction","target":["https:\/\/universofamilia.com\/sr\/cantando-para-nossos-bebes\/"]}]},{"@type":"ImageObject","inLanguage":"ro-RO","@id":"https:\/\/universofamilia.com\/sr\/cantando-para-nossos-bebes\/#primaryimage","url":"https:\/\/universofamilia.com\/wp-content\/uploads\/sites\/148\/2023\/08\/DESTAQUE-cantando-para-as-criancas-universo-familia-.png","contentUrl":"https:\/\/universofamilia.com\/wp-content\/uploads\/sites\/148\/2023\/08\/DESTAQUE-cantando-para-as-criancas-universo-familia-.png","width":448,"height":350},{"@type":"BreadcrumbList","@id":"https:\/\/universofamilia.com\/sr\/cantando-para-nossos-bebes\/#breadcrumb","itemListElement":[{"@type":"ListItem","position":1,"name":"Home","item":"http:\/\/universofamilia.com\/zh_hk\/"},{"@type":"ListItem","position":2,"name":"Cantando para Nossos Beb\u00eas: 5 M\u00fasicas com Letras Encantadoras e Origens Cativantes"}]},{"@type":"WebSite","@id":"http:\/\/universofamilia.com\/zh_hk\/#website","url":"http:\/\/universofamilia.com\/zh_hk\/","name":"Universo Fam\u00edlia","description":"","potentialAction":[{"@type":"SearchAction","target":{"@type":"EntryPoint","urlTemplate":"http:\/\/universofamilia.com\/zh_hk\/?s={search_term_string}"},"query-input":"required name=search_term_string"}],"inLanguage":"ro-RO"},{"@type":"Person","@id":"http:\/\/universofamilia.com\/zh_hk\/#\/schema\/person\/f07ce98187dd84d31154262e79b3b7ca","name":"Pedro Henrique","image":{"@type":"ImageObject","inLanguage":"ro-RO","@id":"http:\/\/universofamilia.com\/zh_hk\/#\/schema\/person\/image\/","url":"https:\/\/secure.gravatar.com\/avatar\/9edfeb808cb4e1599f64d6e45b130154?s=96&d=mm&r=g","contentUrl":"https:\/\/secure.gravatar.com\/avatar\/9edfeb808cb4e1599f64d6e45b130154?s=96&d=mm&r=g","caption":"Pedro Henrique"},"url":"https:\/\/universofamilia.com\/ro\/author\/editor01\/"}]}},"_links":{"self":[{"href":"https:\/\/universofamilia.com\/ro\/wp-json\/wp\/v2\/posts\/3622"}],"collection":[{"href":"https:\/\/universofamilia.com\/ro\/wp-json\/wp\/v2\/posts"}],"about":[{"href":"https:\/\/universofamilia.com\/ro\/wp-json\/wp\/v2\/types\/post"}],"author":[{"embeddable":true,"href":"https:\/\/universofamilia.com\/ro\/wp-json\/wp\/v2\/users\/139"}],"replies":[{"embeddable":true,"href":"https:\/\/universofamilia.com\/ro\/wp-json\/wp\/v2\/comments?post=3622"}],"version-history":[{"count":1,"href":"https:\/\/universofamilia.com\/ro\/wp-json\/wp\/v2\/posts\/3622\/revisions"}],"predecessor-version":[{"id":8285,"href":"https:\/\/universofamilia.com\/ro\/wp-json\/wp\/v2\/posts\/3622\/revisions\/8285"}],"wp:featuredmedia":[{"embeddable":true,"href":"https:\/\/universofamilia.com\/ro\/wp-json\/wp\/v2\/media\/3625"}],"wp:attachment":[{"href":"https:\/\/universofamilia.com\/ro\/wp-json\/wp\/v2\/media?parent=3622"}],"wp:term":[{"taxonomy":"category","embeddable":true,"href":"https:\/\/universofamilia.com\/ro\/wp-json\/wp\/v2\/categories?post=3622"},{"taxonomy":"post_tag","embeddable":true,"href":"https:\/\/universofamilia.com\/ro\/wp-json\/wp\/v2\/tags?post=3622"}],"curies":[{"name":"wp","href":"https:\/\/api.w.org\/{rel}","templated":true}]}}