{"id":3989,"date":"2023-09-22T11:46:13","date_gmt":"2023-09-22T14:46:13","guid":{"rendered":"https:\/\/universofamilia.com\/?p=3989"},"modified":"2025-01-28T14:25:30","modified_gmt":"2025-01-28T14:25:30","slug":"preparacao-para-a-segunda-gravidez","status":"publish","type":"post","link":"https:\/\/universofamilia.com\/ro\/preparacao-para-a-segunda-gravidez\/","title":{"rendered":"Preg\u0103tirea pentru a doua sarcin\u0103"},"content":{"rendered":"<p>Preg\u0103tirea pentru a doua sarcin\u0103. Te g\u00e2nde\u0219ti dac\u0103 e\u0219ti preg\u0103tit pentru al doilea an? Iat\u0103 c\u00e2teva aspecte pozitive \u0219i negative pe care ar trebui s\u0103 le iei \u00een considerare atunci c\u00e2nd \u00ee\u021bi planifici a doua sarcin\u0103.<\/p>\n\n\n\n<h3 class=\"wp-block-heading\">Pas cu pas:<\/h3>\n\n\n\n<ul>\n<li>Decide dac\u0103 e\u0219ti preg\u0103tit pentru al doilea film<\/li>\n\n\n\n<li>Preg\u0103tirea pentru a doua sarcin\u0103<\/li>\n\n\n\n<li>A doua sarcin\u0103<\/li>\n\n\n\n<li>Gestionarea dificult\u0103\u021bilor \u00een a doua sarcin\u0103<\/li>\n\n\n\n<li>S\u0103n\u0103tatea \u00een timpul celei de-a doua sarcini<\/li>\n\n\n\n<li>Managementul financiar \u00een timpul celei de-a doua sarcini<\/li>\n<\/ul>\n\n\n<div class=\"wp-block-image\">\n<figure class=\"aligncenter size-full\"><img loading=\"lazy\" decoding=\"async\" width=\"960\" height=\"540\" src=\"http:\/\/universofamilia.com\/wp-content\/uploads\/sites\/148\/2023\/09\/P-UNIV-FAMILIA-Preparacao-para-a-Segunda-Gravidez-1-1.png\" alt=\"\" class=\"wp-image-3994\" srcset=\"https:\/\/universofamilia.com\/wp-content\/uploads\/sites\/148\/2023\/09\/P-UNIV-FAMILIA-Preparacao-para-a-Segunda-Gravidez-1-1.png 960w, https:\/\/universofamilia.com\/wp-content\/uploads\/sites\/148\/2023\/09\/P-UNIV-FAMILIA-Preparacao-para-a-Segunda-Gravidez-1-1-300x169.png 300w, https:\/\/universofamilia.com\/wp-content\/uploads\/sites\/148\/2023\/09\/P-UNIV-FAMILIA-Preparacao-para-a-Segunda-Gravidez-1-1-768x432.png 768w\" sizes=\"(max-width: 960px) 100vw, 960px\" \/><\/figure><\/div>\n\n\n<p>Poate pentru c\u0103 \u00eemi imaginez mereu mai mul\u021bi copii sau pentru c\u0103 recent mi-a venit \u00een minte ideea de a-i face un semn copilului t\u0103u, e timpul s\u0103 te g\u00e2nde\u0219ti la al doilea bebelu\u0219. Perspectiva extinderii familiei este incitant\u0103, dar \u0219i \u00eengrijor\u0103toare:<\/p>\n\n\n\n<ol style=\"list-style-type:1\">\n<li>Cum \u0219tii dac\u0103 e\u0219ti cu adev\u0103rat preg\u0103tit?<\/li>\n\n\n\n<li>Primul fi\u0219ier este \u00eenc\u0103 prea mic?<\/li>\n\n\n\n<li>Merit\u0103 s\u0103 \u00eenfrun\u021bi haosul \u0219i epuizarea a doi bebelu\u0219i;<\/li>\n\n\n\n<li>E mai bine s\u0103 mai a\u0219tept\u0103m pu\u021bin?<\/li>\n<\/ol>\n\n\n\n<p>Nu exist\u0103 r\u0103spunsuri definitive, dar este important s\u0103 reflect\u0103m asupra acestor \u00eentreb\u0103ri pentru a lua o decizie \u00een cuno\u0219tin\u021b\u0103 de cauz\u0103.<\/p>\n\n\n\n<h3 class=\"wp-block-heading\"><strong>Decide dac\u0103 e\u0219ti preg\u0103tit pentru al doilea film<\/strong><\/h3>\n\n\n\n<p>Pe m\u0103sur\u0103 ce bebelu\u0219ul t\u0103u cre\u0219te \u0219i se transform\u0103 dintr-un bebelu\u0219 \u00een bra\u021be \u00eentr-un copil care merge \u0219i cade, s-ar putea s\u0103 te \u00eentrebi care este momentul potrivit pentru a avea un al doilea copil. \u00centruc\u00e2t aceast\u0103 decizie este unic\u0103 pentru fiecare familie, c\u00e2teva \u00eentreb\u0103ri ne pot ajuta s\u0103 stabilim cel mai bun moment:<\/p>\n\n\n\n<ol style=\"list-style-type:1\">\n<li>Sim\u021bi\u021bi c\u0103 exist\u0103 o lips\u0103 de copii din comunit\u0103\u021bile \u00eenvecinate pentru a putea fi \u00eenso\u021bitori ai brincadeirelor?<\/li>\n\n\n\n<li>E\u0219ti dispus s\u0103 \u00eenfrun\u021bi \u00eenc\u0103 o dat\u0103 faza nop\u021bilor \u0219i nop\u021bilor f\u0103r\u0103 somn, dar renun\u021b sau e t\u00e2rziu?<\/li>\n\n\n\n<li>Preferi s\u0103 spa\u021biezi sarcina pentru a profita de faza copil\u0103riei fiec\u0103rui copil, f\u0103r\u0103 distrageri?<\/li>\n\n\n\n<li>\u00ce\u021bi place ideea de a spa\u021bia copiii sau suficient c\u00e2t s\u0103 se minimizeze conflictele dintre copii din cauza unor condi\u021bii \u0219i etape de dezvoltare foarte similare?<\/li>\n<\/ol>\n\n\n\n<h4 class=\"wp-block-heading\"><mark class=\"has-inline-color has-ast-global-color-0-color\">Cite\u0219te \u0219i:<\/mark><\/h4>\n\n\n<table style=\"border-collapse: collapse;width: 840px;height: 171px\">\n<tbody>\n<tr style=\"height: 21px\">\n<td style=\"width: 18.5759%;height: 21px\"><a href=\"https:\/\/universofamilia.com\/ro\/7-passos-de-como-criar-e-manter-um-orcamento-familiar\/\"><img loading=\"lazy\" decoding=\"async\" class=\"alignnone wp-image-3984 size-medium\" src=\"http:\/\/universofamilia.com\/wp-content\/uploads\/sites\/148\/2023\/09\/L-Universo-Familia-7-Passos-de-Como-Criar-e-Manter-um-Orcamento-Familiar-300x300.png\" alt=\"\" width=\"300\" height=\"300\" srcset=\"https:\/\/universofamilia.com\/wp-content\/uploads\/sites\/148\/2023\/09\/L-Universo-Familia-7-Passos-de-Como-Criar-e-Manter-um-Orcamento-Familiar-300x300.png 300w, https:\/\/universofamilia.com\/wp-content\/uploads\/sites\/148\/2023\/09\/L-Universo-Familia-7-Passos-de-Como-Criar-e-Manter-um-Orcamento-Familiar-150x150.png 150w, https:\/\/universofamilia.com\/wp-content\/uploads\/sites\/148\/2023\/09\/L-Universo-Familia-7-Passos-de-Como-Criar-e-Manter-um-Orcamento-Familiar.png 315w\" sizes=\"(max-width: 300px) 100vw, 300px\" \/><\/a><\/td>\n<td style=\"width: 81.4241%;height: 21px\">\n<h4><span style=\"color: #000000\"><a style=\"color: #000000\" href=\"https:\/\/universofamilia.com\/ro\/7-passos-de-como-criar-e-manter-um-orcamento-familiar\/\" target=\"_blank\" rel=\"noopener\">7 pa\u0219i pentru cre\u0219terea \u0219i men\u021binerea unei familii<\/a><\/span><\/h4>\n<\/td>\n<\/tr>\n<tr style=\"height: 21px\">\n<td style=\"width: 18.5759%;height: 10px\">\u00a0<\/td>\n<td style=\"width: 81.4241%;height: 10px\">\u00a0<\/td>\n<\/tr>\n<tr style=\"height: 21px\">\n<td style=\"width: 18.5759%;height: 21px\">\u00a0<\/td>\n<td style=\"width: 81.4241%;height: 21px\">\u00a0<\/td>\n<\/tr>\n<\/tbody>\n<\/table>\n\n\n<p>Dac\u0103 ai r\u0103spuns cu \u201eda\u201d la primele c\u00e2teva \u00eentreb\u0103ri, poate c\u0103 este prea devreme s\u0103 te g\u00e2nde\u0219ti la o a doua \u00eentrebare.<\/p>\n\n\n\n<p>Totu\u0219i, dac\u0103 r\u0103spunsul la ultimele dou\u0103 \u00eentreb\u0103ri este \u201eda\u201d, ar putea fi o idee bun\u0103 s\u0103 a\u0219tepta\u021bi pu\u021bin mai mult \u00eenainte de a \u00eencepe s\u0103 planifica\u021bi o a doua sarcin\u0103.<\/p>\n\n\n\n<p>Pe l\u00e2ng\u0103 aceste considera\u021bii, se \u0219tie c\u0103 trebuie evalua\u021bi \u0219i al\u021bi factori, precum situa\u021bia financiar\u0103 a familiei, op\u021biunile de \u00eengrijire a copiilor \u0219i responsabilit\u0103\u021bile profesionale.<\/p>\n\n\n\n<p>Indiferent de alegerea pe care o faci, \u0219tii c\u0103 fiecare op\u021biune de spa\u021biu dintre copii aduce propriile bucurii \u0219i provoc\u0103ri. <\/p>\n\n\n\n<p>De exemplu, dac\u0103 ave\u021bi copii \u00een comunit\u0103\u021bi apropiate, ne putem bucura de s\u0103rituri \u00eempreun\u0103 de acum \u00eenainte, economisind timp \u00een c\u0103utarea de activit\u0103\u021bi. Totu\u0219i, fi\u021bi preg\u0103ti\u021bi s\u0103 face\u021bi fa\u021b\u0103 posibilelor rivalit\u0103\u021bi dintre copii.<\/p>\n\n\n\n<p>Pe de alt\u0103 parte, dac\u0103 alegi s\u0103 spa\u021biezi mai mult evenimentele, vei avea avantajul de a te putea concentra mai mult individual asupra fiec\u0103rui fi\u0219ier.<\/p>\n\n\n\n<p>Totu\u0219i, copiii din comunit\u0103\u021bi foarte \u00eendep\u0103rtate s-ar putea s\u0103 nu fie prea aproape de locurile lor de provenien\u021b\u0103 \u0219i nu exist\u0103 nicio garan\u021bie c\u0103 vor exista mai pu\u021bine conflicte.<\/p>\n\n\n\n<p>Pe scurt, decizia de a avea un al doilea copil ar trebui luat\u0103 \u00een func\u021bie de circumstan\u021bele individuale \u0219i nu de ceea ce este mai bine pentru familie.<\/p>\n\n\n\n<h3 class=\"wp-block-heading\"><strong>Preg\u0103tirea pentru a doua sarcin\u0103<\/strong><\/h3>\n\n\n\n<p>Este important s\u0103 fii \u00een form\u0103 bun\u0103 \u00eenainte de a doua sarcin\u0103, precum \u0219i s\u0103-\u021bi faci griji pentru s\u0103n\u0103tatea ta \u00eenainte de primul copil. <\/p>\n\n\n\n<p>Asta nu necesit\u0103 mersul zilnic la \u0219coal\u0103 (ceea ce poate fi dificil cu un bebelu\u0219 mic), dar \u00eenseamn\u0103 s\u0103-i permi\u021bi corpului t\u0103u s\u0103 se recupereze corespunz\u0103tor dup\u0103 prima sarcin\u0103.<\/p>\n\n\n\n<p>Colegiul American de Obstetric\u0103 \u0219i Ginecologie (ACOG) recomand\u0103 evitarea cre\u0219terii \u00een greutate \u00een primele \u0219ase luni dup\u0103 na\u0219tere \u0219i, de preferin\u021b\u0103, a\u0219teptarea a cel pu\u021bin 18 luni. Acesta este momentul \u00een care organismul se reface cu vitamine \u0219i revine la starea ideal\u0103 pentru o nou\u0103 sarcin\u0103.<\/p>\n\n\n\n<p>Dac\u0103 dori\u021bi s\u0103 r\u0103m\u00e2ne\u021bi \u00eens\u0103rcinat\u0103 \u00eenainte de aceast\u0103 perioad\u0103, este esen\u021bial s\u0103 discuta\u021bi acest lucru cu medicul dumneavoastr\u0103. Dac\u0103 te hr\u0103ne\u0219ti bine, e\u0219ti s\u0103n\u0103toas\u0103 \u0219i ai suficient\u0103 energie pentru o a doua sarcin\u0103, nu exist\u0103 niciun impediment \u00een a avea al doilea copil atunci c\u00e2nd te sim\u021bi preg\u0103tit\u0103.<\/p>\n\n\n<div class=\"wp-block-image\">\n<figure class=\"aligncenter size-full\"><img loading=\"lazy\" decoding=\"async\" width=\"960\" height=\"540\" src=\"http:\/\/universofamilia.com\/wp-content\/uploads\/sites\/148\/2023\/09\/P-UNIV-FAMILIA-Preparacao-para-a-Segunda-Gravidez-1.png\" alt=\"\" class=\"wp-image-3993\" srcset=\"https:\/\/universofamilia.com\/wp-content\/uploads\/sites\/148\/2023\/09\/P-UNIV-FAMILIA-Preparacao-para-a-Segunda-Gravidez-1.png 960w, https:\/\/universofamilia.com\/wp-content\/uploads\/sites\/148\/2023\/09\/P-UNIV-FAMILIA-Preparacao-para-a-Segunda-Gravidez-1-300x169.png 300w, https:\/\/universofamilia.com\/wp-content\/uploads\/sites\/148\/2023\/09\/P-UNIV-FAMILIA-Preparacao-para-a-Segunda-Gravidez-1-768x432.png 768w\" sizes=\"(max-width: 960px) 100vw, 960px\" \/><\/figure><\/div>\n\n\n<h3 class=\"wp-block-heading\"><strong>A doua sarcin\u0103<\/strong><\/h3>\n\n\n\n<p>Fiecare sarcin\u0103 este unic\u0103, chiar dac\u0103 este a doua oar\u0103 c\u00e2nd treci prin asta. Ca \u0219i \u00een cazul a doua sarcin\u0103, exist\u0103 diferen\u021be fiziologice \u00een rela\u021biile la primul termen.<\/p>\n\n\n\n<p>Totu\u0219i, \u00eenainte de a aborda particularit\u0103\u021bile cre\u0219terii celui de-al doilea copil, este necesar s\u0103 concepe\u021bi din nou.<\/p>\n\n\n\n<p>\u00cen unele familii, concep\u021bia celui de-al doilea copil are loc la fel de u\u0219or ca \u0219i a primului. Totu\u0219i, pot ap\u0103rea \u0219i obstacole care \u00eei lovesc prin surprindere pe mul\u021bi oameni.<\/p>\n\n\n\n<h3 class=\"wp-block-heading\"><strong>Gestionarea dificult\u0103\u021bilor \u00een a doua sarcin\u0103<\/strong><\/h3>\n\n\n\n<p>Infertilitatea secundar\u0103, care apare dup\u0103 cre\u0219terea p\u0103rului f\u0103r\u0103 a avea un copil, este mai frecvent\u0103 dec\u00e2t v-a\u021bi putea imagina. <\/p>\n\n\n\n<p>\u00cen general, cauzele sunt similare cu infertilitatea primar\u0103, cum ar fi v\u00e2rsta, greutatea \u0219i afec\u021biunile medicale, inclusiv endometrioza, fibromul uterin sau sindromul ovarelor polichistice.<\/p>\n\n\n\n<p>Pentru a face fa\u021b\u0103 acestei situa\u021bii, v\u0103 recomand\u0103m <strong>consulta\u021bi un medic dac\u0103 ave\u021bi sub 35 de ani<\/strong> ani \u0219i nu am reu\u0219it s\u0103 r\u0103m\u00e2n \u00eens\u0103rcinat\u0103 dup\u0103 un an de \u00eencerc\u0103ri. Dac\u0103 ave\u021bi peste 35 de ani, consulta\u021bia trebuie s\u0103 aib\u0103 loc dup\u0103 \u0219ase luni de \u00eencerc\u0103ri f\u0103r\u0103 rezultat.<\/p>\n\n\n\n<p>De asemenea, problemele uterine rezultate \u00een urma sarcinii sau a na\u0219terilor anterioare pot contribui la infertilitate secundar\u0103. <\/p>\n\n\n\n<p>Prin urmare, este important <strong>discuta\u021bi acest lucru cu medicul dumneavoastr\u0103<\/strong> \u00eenainte de a \u00eencerca s\u0103 te \u00eengra\u0219i din nou. Ace\u0219tia pot evalua \u0219ansele dumneavoastr\u0103 de concep\u021bie natural\u0103, v\u0103 pot oferi sfaturi cu privire la posibilii factori de risc \u0219i v\u0103 pot oferi asisten\u021b\u0103 \u00een fertilitate, dac\u0103 este necesar.<\/p>\n\n\n\n<h3 class=\"wp-block-heading\"><strong>S\u0103n\u0103tatea \u00een timpul celei de-a doua sarcini<\/strong><\/h3>\n\n\n\n<p>O a doua sarcin\u0103 \u00ee\u021bi poate afecta s\u0103n\u0103tatea \u00een diverse moduri, cre\u00e2nd at\u00e2t provoc\u0103ri, c\u00e2t \u0219i avantaje:<\/p>\n\n\n\n<ul>\n<li>Experien\u021ba \u00eengrijirii primului t\u0103u copil te va men\u021bine activ\u0103 fizic \u00een timpul celei de-a doua sarcini, elimin\u00e2nd nevoia de a programa exerci\u021bii separate.<\/li>\n\n\n\n<li>Agita\u021bia vie\u021bii cu un copil mai rapid \u00eenseamn\u0103 c\u0103 probabil vei avea mai pu\u021bin timp s\u0103-\u021bi faci griji cu privire la simptomele sarcinii.<\/li>\n\n\n\n<li>Este deja obi\u0219nuit\u0103 cu via\u021ba mamei sale, a\u0219a c\u0103 nu va sim\u021bi \u0219ocul schimb\u0103rii de via\u021b\u0103 care a avut loc odat\u0103 cu primul ei copil.<\/li>\n<\/ul>\n\n\n\n<h3 class=\"wp-block-heading\"><strong>Managementul financiar \u00een timpul celei de-a doua sarcini<\/strong><\/h3>\n\n\n\n<p>C\u00e2nd v\u0103 g\u00e2ndi\u021bi la un al doilea dosar, este important s\u0103 lua\u021bi \u00een considerare implica\u021biile financiare.<\/p>\n\n\n\n<p>Buget \u0219i Finan\u021be:<\/p>\n\n\n\n<ul>\n<li>Dac\u0103 lucrezi \u00een afara casei, cred c\u0103 nu va exista niciun impact financiar al unui al doilea concediu de maternitate nepl\u0103tit sau al unei reduceri a timpului dedicat celui de-al doilea copil.<\/li>\n\n\n\n<li>Dac\u0103 e\u0219ti proprietara casei, ai dori s\u0103 te \u00eentorci la munc\u0103 dup\u0103 o a doua sarcin\u0103.<\/li>\n\n\n\n<li>Verific\u0103 dac\u0103 locuin\u021ba ta implic\u0103 mai mult un membru al familiei sau dac\u0103 va fi necesar\u0103 mutarea \u00eentr-o cas\u0103 mai mare \u0219i mai scump\u0103.<\/li>\n\n\n\n<li>G\u00e2nde\u0219te-te dac\u0103 po\u021bi reutiliza accesoriile pentru bebelu\u0219i pe care le ai deja, cum ar fi un ber\u00e7o, un lan\u021b \u0219i un c\u0103rucior, sau dac\u0103 va trebui s\u0103 cumperi un al doilea set.<\/li>\n\n\n\n<li>Exist\u0103 un al doilea fi\u0219ier dup\u0103 ponderile suplimentare, indiferent de timpul selectat.<\/li>\n<\/ul>\n\n\n\n<p>Se recomand\u0103 preg\u0103tirea unui document familial preliminar \u00eempreun\u0103 cu partenerul\/partenera pentru a valida ce putem sus\u021bine financiar pe termen scurt \u0219i lung.<\/p>\n\n\n\n<p>S\u0103 \u0219tii c\u0103 nu exist\u0103 un moment perfect, iar decizia trebuie luat\u0103 \u00een func\u021bie de nevoile \u0219i dorin\u021bele familiei tale format\u0103 din trei sau patru membri.<\/p>\n\n\n\n<blockquote class=\"wp-block-quote\">\n<h5 class=\"wp-block-heading\"><em>Note: Materialele \u0219i informa\u021biile de pe pagina Universo Fam\u00edlia nu sunt destinate diagnostic\u0103rii medicale \u0219i nici nu ar trebui utilizate ca atare. <strong>Ar trebui s\u0103 consulta\u021bi \u00eentotdeauna un medic sau un profesionist calificat din domeniul s\u0103n\u0103t\u0103\u021bii cu privire la nevoile dumneavoastr\u0103 reale.<\/strong>.<\/em><\/h5>\n<\/blockquote>\n\n\n<table style=\"border-collapse: collapse;width: 100%;height: 96px\">\n<tbody>\n<tr style=\"height: 96px\">\n<td style=\"width: 10.1223%;height: 96px\"><a href=\"https:\/\/www.luzbaby.com.br\/\" target=\"_blank\" rel=\"noopener\"><img loading=\"lazy\" decoding=\"async\" class=\"alignnone wp-image-3747\" src=\"http:\/\/universofamilia.com\/wp-content\/uploads\/sites\/148\/2023\/09\/Design-sem-nome-3-300x300.png\" alt=\"\" width=\"106\" height=\"106\" srcset=\"https:\/\/universofamilia.com\/wp-content\/uploads\/sites\/148\/2023\/09\/Design-sem-nome-3-300x300.png 300w, https:\/\/universofamilia.com\/wp-content\/uploads\/sites\/148\/2023\/09\/Design-sem-nome-3-150x150.png 150w, https:\/\/universofamilia.com\/wp-content\/uploads\/sites\/148\/2023\/09\/Design-sem-nome-3.png 315w\" sizes=\"(max-width: 106px) 100vw, 106px\" \/><\/a><\/td>\n<td style=\"width: 89.5168%;height: 96px\">\n<h4><span style=\"color: #000000\"><strong><a style=\"color: #000000\" href=\"https:\/\/www.luzbaby.com.br\/\" target=\"_blank\" rel=\"noreferrer noopener\">Conhe\u00e7a Luz Baby, unul dintre cele mai bune magazine de produse pentru copii.<\/a><\/strong><\/span><\/h4>\n<\/td>\n<\/tr>\n<\/tbody>\n<\/table>","protected":false},"excerpt":{"rendered":"<p>Prepara\u00e7\u00e3o para a segunda gravidez. Est\u00e1 pensando se est\u00e1 preparada (o) para ter o segundo filho? Aqui est\u00e3o alguns aspectos positivos e negativos que voc\u00ea deve levar em conta ao planejar sua segunda gravidez. Passo a Passo: Seja porque sempre imaginou ter mais filhos ou porque recentemente a ideia de dar um irm\u00e3o ao seu [&hellip;]<\/p>","protected":false},"author":139,"featured_media":3995,"comment_status":"closed","ping_status":"open","sticky":false,"template":"","format":"standard","meta":{"footnotes":""},"categories":[5],"tags":[],"yoast_head":"<!-- This site is optimized with the Yoast SEO plugin v23.3 - https:\/\/yoast.com\/wordpress\/plugins\/seo\/ -->\n<title>Prepara\u00e7\u00e3o para a Segunda Gravidez - Universo Fam\u00edlia<\/title>\n<meta name=\"description\" content=\"Prepara\u00e7\u00e3o para a segunda gravidez. Est\u00e1 pensando se est\u00e1 preparada (o) para ter o segundo filho? Aqui est\u00e3o alguns aspectos positivos e negativos que voc\u00ea\" \/>\n<meta name=\"robots\" content=\"index, follow, max-snippet:-1, max-image-preview:large, max-video-preview:-1\" \/>\n<link rel=\"canonical\" href=\"https:\/\/universofamilia.com\/ro\/\u09a6\u09cd\u09ac\u09bf\u09a4\u09c0\u09af\u09bc-\u0997\u09b0\u09cd\u09ad\u09be\u09ac\u09b8\u09cd\u09a5\u09be\u09b0-\u09aa\u09cd\u09b0\/\" \/>\n<meta property=\"og:locale\" content=\"ro_RO\" \/>\n<meta property=\"og:type\" content=\"article\" \/>\n<meta property=\"og:title\" content=\"Prepara\u00e7\u00e3o para a Segunda Gravidez - Universo Fam\u00edlia\" \/>\n<meta property=\"og:description\" content=\"Prepara\u00e7\u00e3o para a segunda gravidez. Est\u00e1 pensando se est\u00e1 preparada (o) para ter o segundo filho? Aqui est\u00e3o alguns aspectos positivos e negativos que voc\u00ea\" \/>\n<meta property=\"og:url\" content=\"https:\/\/universofamilia.com\/ro\/\u09a6\u09cd\u09ac\u09bf\u09a4\u09c0\u09af\u09bc-\u0997\u09b0\u09cd\u09ad\u09be\u09ac\u09b8\u09cd\u09a5\u09be\u09b0-\u09aa\u09cd\u09b0\/\" \/>\n<meta property=\"og:site_name\" content=\"Universo Fam\u00edlia\" \/>\n<meta property=\"article:published_time\" content=\"2023-09-22T14:46:13+00:00\" \/>\n<meta property=\"article:modified_time\" content=\"2025-01-28T14:25:30+00:00\" \/>\n<meta property=\"og:image\" content=\"https:\/\/universofamilia.com\/wp-content\/uploads\/sites\/148\/2023\/09\/D-UNIVERSO-FAMILIA-Preparacao-para-a-Segunda-Gravidez.png\" \/>\n\t<meta property=\"og:image:width\" content=\"448\" \/>\n\t<meta property=\"og:image:height\" content=\"350\" \/>\n\t<meta property=\"og:image:type\" content=\"image\/png\" \/>\n<meta name=\"author\" content=\"Pedro Henrique\" \/>\n<meta name=\"twitter:card\" content=\"summary_large_image\" \/>\n<meta name=\"twitter:label1\" content=\"Written by\" \/>\n\t<meta name=\"twitter:data1\" content=\"Pedro Henrique\" \/>\n\t<meta name=\"twitter:label2\" content=\"Est. reading time\" \/>\n\t<meta name=\"twitter:data2\" content=\"8 minute\" \/>\n<script type=\"application\/ld+json\" class=\"yoast-schema-graph\">{\"@context\":\"https:\/\/schema.org\",\"@graph\":[{\"@type\":\"WebPage\",\"@id\":\"https:\/\/universofamilia.com\/bn\/\u09a6\u09cd\u09ac\u09bf\u09a4\u09c0\u09af\u09bc-\u0997\u09b0\u09cd\u09ad\u09be\u09ac\u09b8\u09cd\u09a5\u09be\u09b0-\u09aa\u09cd\u09b0\/\",\"url\":\"https:\/\/universofamilia.com\/bn\/\u09a6\u09cd\u09ac\u09bf\u09a4\u09c0\u09af\u09bc-\u0997\u09b0\u09cd\u09ad\u09be\u09ac\u09b8\u09cd\u09a5\u09be\u09b0-\u09aa\u09cd\u09b0\/\",\"name\":\"Prepara\u00e7\u00e3o para a Segunda Gravidez - Universo Fam\u00edlia\",\"isPartOf\":{\"@id\":\"https:\/\/universofamilia.com\/el\/#website\"},\"primaryImageOfPage\":{\"@id\":\"https:\/\/universofamilia.com\/bn\/\u09a6\u09cd\u09ac\u09bf\u09a4\u09c0\u09af\u09bc-\u0997\u09b0\u09cd\u09ad\u09be\u09ac\u09b8\u09cd\u09a5\u09be\u09b0-\u09aa\u09cd\u09b0\/#primaryimage\"},\"image\":{\"@id\":\"https:\/\/universofamilia.com\/bn\/\u09a6\u09cd\u09ac\u09bf\u09a4\u09c0\u09af\u09bc-\u0997\u09b0\u09cd\u09ad\u09be\u09ac\u09b8\u09cd\u09a5\u09be\u09b0-\u09aa\u09cd\u09b0\/#primaryimage\"},\"thumbnailUrl\":\"https:\/\/universofamilia.com\/wp-content\/uploads\/sites\/148\/2023\/09\/D-UNIVERSO-FAMILIA-Preparacao-para-a-Segunda-Gravidez.png\",\"datePublished\":\"2023-09-22T14:46:13+00:00\",\"dateModified\":\"2025-01-28T14:25:30+00:00\",\"author\":{\"@id\":\"https:\/\/universofamilia.com\/el\/#\/schema\/person\/f07ce98187dd84d31154262e79b3b7ca\"},\"description\":\"Prepara\u00e7\u00e3o para a segunda gravidez. Est\u00e1 pensando se est\u00e1 preparada (o) para ter o segundo filho? Aqui est\u00e3o alguns aspectos positivos e negativos que voc\u00ea\",\"breadcrumb\":{\"@id\":\"https:\/\/universofamilia.com\/bn\/\u09a6\u09cd\u09ac\u09bf\u09a4\u09c0\u09af\u09bc-\u0997\u09b0\u09cd\u09ad\u09be\u09ac\u09b8\u09cd\u09a5\u09be\u09b0-\u09aa\u09cd\u09b0\/#breadcrumb\"},\"inLanguage\":\"ro-RO\",\"potentialAction\":[{\"@type\":\"ReadAction\",\"target\":[\"https:\/\/universofamilia.com\/bn\/\u09a6\u09cd\u09ac\u09bf\u09a4\u09c0\u09af\u09bc-\u0997\u09b0\u09cd\u09ad\u09be\u09ac\u09b8\u09cd\u09a5\u09be\u09b0-\u09aa\u09cd\u09b0\/\"]}]},{\"@type\":\"ImageObject\",\"inLanguage\":\"ro-RO\",\"@id\":\"https:\/\/universofamilia.com\/bn\/\u09a6\u09cd\u09ac\u09bf\u09a4\u09c0\u09af\u09bc-\u0997\u09b0\u09cd\u09ad\u09be\u09ac\u09b8\u09cd\u09a5\u09be\u09b0-\u09aa\u09cd\u09b0\/#primaryimage\",\"url\":\"https:\/\/universofamilia.com\/wp-content\/uploads\/sites\/148\/2023\/09\/D-UNIVERSO-FAMILIA-Preparacao-para-a-Segunda-Gravidez.png\",\"contentUrl\":\"https:\/\/universofamilia.com\/wp-content\/uploads\/sites\/148\/2023\/09\/D-UNIVERSO-FAMILIA-Preparacao-para-a-Segunda-Gravidez.png\",\"width\":448,\"height\":350},{\"@type\":\"BreadcrumbList\",\"@id\":\"https:\/\/universofamilia.com\/bn\/\u09a6\u09cd\u09ac\u09bf\u09a4\u09c0\u09af\u09bc-\u0997\u09b0\u09cd\u09ad\u09be\u09ac\u09b8\u09cd\u09a5\u09be\u09b0-\u09aa\u09cd\u09b0\/#breadcrumb\",\"itemListElement\":[{\"@type\":\"ListItem\",\"position\":1,\"name\":\"Home\",\"item\":\"https:\/\/universofamilia.com\/el\/\"},{\"@type\":\"ListItem\",\"position\":2,\"name\":\"Prepara\u00e7\u00e3o para a Segunda Gravidez\"}]},{\"@type\":\"WebSite\",\"@id\":\"https:\/\/universofamilia.com\/el\/#website\",\"url\":\"https:\/\/universofamilia.com\/el\/\",\"name\":\"Universo Fam\u00edlia\",\"description\":\"\",\"potentialAction\":[{\"@type\":\"SearchAction\",\"target\":{\"@type\":\"EntryPoint\",\"urlTemplate\":\"https:\/\/universofamilia.com\/el\/?s={search_term_string}\"},\"query-input\":\"required name=search_term_string\"}],\"inLanguage\":\"ro-RO\"},{\"@type\":\"Person\",\"@id\":\"https:\/\/universofamilia.com\/el\/#\/schema\/person\/f07ce98187dd84d31154262e79b3b7ca\",\"name\":\"Pedro Henrique\",\"image\":{\"@type\":\"ImageObject\",\"inLanguage\":\"ro-RO\",\"@id\":\"https:\/\/universofamilia.com\/el\/#\/schema\/person\/image\/\",\"url\":\"https:\/\/secure.gravatar.com\/avatar\/9edfeb808cb4e1599f64d6e45b130154?s=96&d=mm&r=g\",\"contentUrl\":\"https:\/\/secure.gravatar.com\/avatar\/9edfeb808cb4e1599f64d6e45b130154?s=96&d=mm&r=g\",\"caption\":\"Pedro Henrique\"},\"url\":\"https:\/\/universofamilia.com\/ro\/author\/editor01\/\"}]}<\/script>\n<!-- \/ Yoast SEO plugin. -->","yoast_head_json":{"title":"Prepara\u00e7\u00e3o para a Segunda Gravidez - Universo Fam\u00edlia","description":"Prepara\u00e7\u00e3o para a segunda gravidez. Est\u00e1 pensando se est\u00e1 preparada (o) para ter o segundo filho? Aqui est\u00e3o alguns aspectos positivos e negativos que voc\u00ea","robots":{"index":"index","follow":"follow","max-snippet":"max-snippet:-1","max-image-preview":"max-image-preview:large","max-video-preview":"max-video-preview:-1"},"canonical":"https:\/\/universofamilia.com\/ro\/\u09a6\u09cd\u09ac\u09bf\u09a4\u09c0\u09af\u09bc-\u0997\u09b0\u09cd\u09ad\u09be\u09ac\u09b8\u09cd\u09a5\u09be\u09b0-\u09aa\u09cd\u09b0\/","og_locale":"ro_RO","og_type":"article","og_title":"Prepara\u00e7\u00e3o para a Segunda Gravidez - Universo Fam\u00edlia","og_description":"Prepara\u00e7\u00e3o para a segunda gravidez. Est\u00e1 pensando se est\u00e1 preparada (o) para ter o segundo filho? Aqui est\u00e3o alguns aspectos positivos e negativos que voc\u00ea","og_url":"https:\/\/universofamilia.com\/ro\/\u09a6\u09cd\u09ac\u09bf\u09a4\u09c0\u09af\u09bc-\u0997\u09b0\u09cd\u09ad\u09be\u09ac\u09b8\u09cd\u09a5\u09be\u09b0-\u09aa\u09cd\u09b0\/","og_site_name":"Universo Fam\u00edlia","article_published_time":"2023-09-22T14:46:13+00:00","article_modified_time":"2025-01-28T14:25:30+00:00","og_image":[{"width":448,"height":350,"url":"https:\/\/universofamilia.com\/wp-content\/uploads\/sites\/148\/2023\/09\/D-UNIVERSO-FAMILIA-Preparacao-para-a-Segunda-Gravidez.png","type":"image\/png"}],"author":"Pedro Henrique","twitter_card":"summary_large_image","twitter_misc":{"Written by":"Pedro Henrique","Est. reading time":"8 minute"},"schema":{"@context":"https:\/\/schema.org","@graph":[{"@type":"WebPage","@id":"https:\/\/universofamilia.com\/bn\/\u09a6\u09cd\u09ac\u09bf\u09a4\u09c0\u09af\u09bc-\u0997\u09b0\u09cd\u09ad\u09be\u09ac\u09b8\u09cd\u09a5\u09be\u09b0-\u09aa\u09cd\u09b0\/","url":"https:\/\/universofamilia.com\/bn\/\u09a6\u09cd\u09ac\u09bf\u09a4\u09c0\u09af\u09bc-\u0997\u09b0\u09cd\u09ad\u09be\u09ac\u09b8\u09cd\u09a5\u09be\u09b0-\u09aa\u09cd\u09b0\/","name":"Prepara\u00e7\u00e3o para a Segunda Gravidez - Universo Fam\u00edlia","isPartOf":{"@id":"https:\/\/universofamilia.com\/el\/#website"},"primaryImageOfPage":{"@id":"https:\/\/universofamilia.com\/bn\/\u09a6\u09cd\u09ac\u09bf\u09a4\u09c0\u09af\u09bc-\u0997\u09b0\u09cd\u09ad\u09be\u09ac\u09b8\u09cd\u09a5\u09be\u09b0-\u09aa\u09cd\u09b0\/#primaryimage"},"image":{"@id":"https:\/\/universofamilia.com\/bn\/\u09a6\u09cd\u09ac\u09bf\u09a4\u09c0\u09af\u09bc-\u0997\u09b0\u09cd\u09ad\u09be\u09ac\u09b8\u09cd\u09a5\u09be\u09b0-\u09aa\u09cd\u09b0\/#primaryimage"},"thumbnailUrl":"https:\/\/universofamilia.com\/wp-content\/uploads\/sites\/148\/2023\/09\/D-UNIVERSO-FAMILIA-Preparacao-para-a-Segunda-Gravidez.png","datePublished":"2023-09-22T14:46:13+00:00","dateModified":"2025-01-28T14:25:30+00:00","author":{"@id":"https:\/\/universofamilia.com\/el\/#\/schema\/person\/f07ce98187dd84d31154262e79b3b7ca"},"description":"Prepara\u00e7\u00e3o para a segunda gravidez. Est\u00e1 pensando se est\u00e1 preparada (o) para ter o segundo filho? Aqui est\u00e3o alguns aspectos positivos e negativos que voc\u00ea","breadcrumb":{"@id":"https:\/\/universofamilia.com\/bn\/\u09a6\u09cd\u09ac\u09bf\u09a4\u09c0\u09af\u09bc-\u0997\u09b0\u09cd\u09ad\u09be\u09ac\u09b8\u09cd\u09a5\u09be\u09b0-\u09aa\u09cd\u09b0\/#breadcrumb"},"inLanguage":"ro-RO","potentialAction":[{"@type":"ReadAction","target":["https:\/\/universofamilia.com\/bn\/\u09a6\u09cd\u09ac\u09bf\u09a4\u09c0\u09af\u09bc-\u0997\u09b0\u09cd\u09ad\u09be\u09ac\u09b8\u09cd\u09a5\u09be\u09b0-\u09aa\u09cd\u09b0\/"]}]},{"@type":"ImageObject","inLanguage":"ro-RO","@id":"https:\/\/universofamilia.com\/bn\/\u09a6\u09cd\u09ac\u09bf\u09a4\u09c0\u09af\u09bc-\u0997\u09b0\u09cd\u09ad\u09be\u09ac\u09b8\u09cd\u09a5\u09be\u09b0-\u09aa\u09cd\u09b0\/#primaryimage","url":"https:\/\/universofamilia.com\/wp-content\/uploads\/sites\/148\/2023\/09\/D-UNIVERSO-FAMILIA-Preparacao-para-a-Segunda-Gravidez.png","contentUrl":"https:\/\/universofamilia.com\/wp-content\/uploads\/sites\/148\/2023\/09\/D-UNIVERSO-FAMILIA-Preparacao-para-a-Segunda-Gravidez.png","width":448,"height":350},{"@type":"BreadcrumbList","@id":"https:\/\/universofamilia.com\/bn\/\u09a6\u09cd\u09ac\u09bf\u09a4\u09c0\u09af\u09bc-\u0997\u09b0\u09cd\u09ad\u09be\u09ac\u09b8\u09cd\u09a5\u09be\u09b0-\u09aa\u09cd\u09b0\/#breadcrumb","itemListElement":[{"@type":"ListItem","position":1,"name":"Home","item":"https:\/\/universofamilia.com\/el\/"},{"@type":"ListItem","position":2,"name":"Prepara\u00e7\u00e3o para a Segunda Gravidez"}]},{"@type":"WebSite","@id":"https:\/\/universofamilia.com\/el\/#website","url":"https:\/\/universofamilia.com\/el\/","name":"Universo Fam\u00edlia","description":"","potentialAction":[{"@type":"SearchAction","target":{"@type":"EntryPoint","urlTemplate":"https:\/\/universofamilia.com\/el\/?s={search_term_string}"},"query-input":"required name=search_term_string"}],"inLanguage":"ro-RO"},{"@type":"Person","@id":"https:\/\/universofamilia.com\/el\/#\/schema\/person\/f07ce98187dd84d31154262e79b3b7ca","name":"Pedro Henrique","image":{"@type":"ImageObject","inLanguage":"ro-RO","@id":"https:\/\/universofamilia.com\/el\/#\/schema\/person\/image\/","url":"https:\/\/secure.gravatar.com\/avatar\/9edfeb808cb4e1599f64d6e45b130154?s=96&d=mm&r=g","contentUrl":"https:\/\/secure.gravatar.com\/avatar\/9edfeb808cb4e1599f64d6e45b130154?s=96&d=mm&r=g","caption":"Pedro Henrique"},"url":"https:\/\/universofamilia.com\/ro\/author\/editor01\/"}]}},"_links":{"self":[{"href":"https:\/\/universofamilia.com\/ro\/wp-json\/wp\/v2\/posts\/3989"}],"collection":[{"href":"https:\/\/universofamilia.com\/ro\/wp-json\/wp\/v2\/posts"}],"about":[{"href":"https:\/\/universofamilia.com\/ro\/wp-json\/wp\/v2\/types\/post"}],"author":[{"embeddable":true,"href":"https:\/\/universofamilia.com\/ro\/wp-json\/wp\/v2\/users\/139"}],"replies":[{"embeddable":true,"href":"https:\/\/universofamilia.com\/ro\/wp-json\/wp\/v2\/comments?post=3989"}],"version-history":[{"count":1,"href":"https:\/\/universofamilia.com\/ro\/wp-json\/wp\/v2\/posts\/3989\/revisions"}],"predecessor-version":[{"id":8401,"href":"https:\/\/universofamilia.com\/ro\/wp-json\/wp\/v2\/posts\/3989\/revisions\/8401"}],"wp:featuredmedia":[{"embeddable":true,"href":"https:\/\/universofamilia.com\/ro\/wp-json\/wp\/v2\/media\/3995"}],"wp:attachment":[{"href":"https:\/\/universofamilia.com\/ro\/wp-json\/wp\/v2\/media?parent=3989"}],"wp:term":[{"taxonomy":"category","embeddable":true,"href":"https:\/\/universofamilia.com\/ro\/wp-json\/wp\/v2\/categories?post=3989"},{"taxonomy":"post_tag","embeddable":true,"href":"https:\/\/universofamilia.com\/ro\/wp-json\/wp\/v2\/tags?post=3989"}],"curies":[{"name":"wp","href":"https:\/\/api.w.org\/{rel}","templated":true}]}}