{"id":4871,"date":"2024-01-14T19:23:08","date_gmt":"2024-01-14T19:23:08","guid":{"rendered":"https:\/\/universofamilia.com\/?p=4871"},"modified":"2025-10-12T19:33:41","modified_gmt":"2025-10-12T22:33:41","slug":"un-viaje-personal-por-el-arbol-genealogico","status":"publish","type":"post","link":"https:\/\/universofamilia.com\/ro\/un-viaje-personal-por-el-arbol-genealogico\/","title":{"rendered":"O c\u0103l\u0103torie personal\u0103 prin arborele genealogic"},"content":{"rendered":"<p>\u00centr-o lume \u00een continu\u0103 schimbare, unde pove\u0219tile str\u0103mo\u0219ilor no\u0219tri se pierd adesea \u00een faldurile timpului, c\u0103utarea r\u0103d\u0103cinilor noastre devine o c\u0103l\u0103torie istoric\u0103 fascinant\u0103.<\/p>\n\n\n\n<p>Descoperirea istoriei familiei noastre \u00eenseamn\u0103 mai mult dec\u00e2t simpla c\u0103utare a numelor \u0219i datelor; Este o modalitate de a ne \u00een\u021belege pe noi \u00een\u0219ine \u0219i lumea din jurul nostru.<\/p>\n\n\n\n<p>La urma urmei, \u00een fiecare familie pot exista figuri notabile care au schimbat cursul istoriei \u0219i, adesea, nici m\u0103car nu suntem con\u0219tien\u021bi de acest lucru.<\/p>\n\n\n\n<h2 class=\"wp-block-heading\">Importan\u021ba arborelui genealogic:<\/h2>\n\n\n\n<p>A \u00eenv\u0103\u021ba despre istoria familiei noastre este ca \u0219i cum ai deschide o carte pr\u0103fuit\u0103, plin\u0103 de pove\u0219ti interesante, triumfuri \u0219i provoc\u0103ri care au modelat genera\u021bii.<\/p>\n\n\n\n<p>Arborele genealogic devine instrumentul care dezleag\u0103 misterele trecutului.<\/p>\n\n\n\n<p>Dezv\u0103luind leg\u0103turi \u0219i conexiuni surprinz\u0103toare care ne pot conduce c\u0103tre personalit\u0103\u021bi care, \u00eentr-un fel sau altul, au influen\u021bat cursul istoriei.<\/p>\n\n\n\n<h2 class=\"wp-block-heading\">Vezi \u0219i<\/h2>\n\n\n\n<ul>\n<li><a href=\"https:\/\/universofamilia.com\/ro\/4419\/aplicaciones-para-editar-y-crear-reels\/\">Aplica\u021bii pentru editarea \u0219i crearea de role<\/a><\/li>\n\n\n\n<li><a href=\"https:\/\/universofamilia.com\/ro\/4338\/las-mejores-aplicaciones-para-ver-peliculas-y-series\/\">Cele mai bune aplica\u021bii pentru vizionarea de filme \u0219i seriale<\/a><\/li>\n\n\n\n<li><a href=\"https:\/\/universofamilia.com\/ro\/4829\/aprende-a-tocar-la-guitarra-de-forma-facil-y-practica\/\">\u00cenva\u021b\u0103 s\u0103 c\u00e2n\u021bi la chitar\u0103 u\u0219or \u0219i practic<\/a><\/li>\n\n\n\n<li><a href=\"https:\/\/universofamilia.com\/ro\/4369\/las-aplicaciones-de-musica-en-el-estado-de-whatsapp\/\">Aplica\u021bii muzicale \u00een statusul WhatsApp<\/a><\/li>\n<\/ul>\n\n\n\n<h2 class=\"wp-block-heading\"><strong>Arborele genealogic ca martor al timpului:<\/strong><\/h2>\n\n\n\n<p>A construi un arbore genealogic nu \u00eenseamn\u0103 doar a aduna nume, date \u0219i locuri, ci a crea un portret viu al cine suntem \u0219i de unde venim.<\/p>\n\n\n\n<p>Este un instrument care ne conecteaz\u0103 cu evenimentele \u0219i oamenii care au modelat societatea \u00een care tr\u0103im ast\u0103zi.<\/p>\n\n\n\n<p>Urm\u0103rind liniile genealogice, putem vedea cum realiz\u0103rile str\u0103mo\u0219ilor no\u0219tri rezoneaz\u0103 \u00een propria noastr\u0103 existen\u021b\u0103.<\/p>\n\n\n\n<h2 class=\"wp-block-heading\"><strong>Explorarea cu aplica\u021bii genealogice:<\/strong><\/h2>\n\n\n\n<p>\u00cen lumea digital\u0103 de ast\u0103zi, urm\u0103rirea r\u0103d\u0103cinilor cuiva a c\u0103p\u0103tat o nou\u0103 dimensiune cu ajutorul aplica\u021biilor de genealogie.<\/p>\n\n\n\n<p>Dou\u0103 dintre acestea sunt Ancestry \u0219i FamilySearch. Aceste platforme ofer\u0103 o abordare inovatoare, facilit\u00e2nd cercetarea \u0219i construirea arborelui genealogic.<\/p>\n\n\n\n<h2 class=\"wp-block-heading\"><strong>Ancestry and FamilySearch: Instrumente digitale pentru istoria personal\u0103:<\/strong><\/h2>\n\n\n\n<p>Ancestry \u0219i FamilySearch sunt ca ni\u0219te portaluri magice care ne transport\u0103 \u00eenapoi \u00een timp, permi\u021b\u00e2ndu-ne s\u0103 explor\u0103m \u00eenregistr\u0103ri istorice, fotografii vechi \u0219i documente esen\u021biale pentru construirea arborelui nostru genealogic.<\/p>\n\n\n\n<p>Prin intermediul acestor platforme, devine posibil s\u0103 ne urm\u0103rim str\u0103mo\u0219ii \u0219i s\u0103 descoperim pove\u0219ti care s-ar putea s\u0103 fi fost uitate.<\/p>\n\n\n\n<h2 class=\"wp-block-heading\"><strong>Pa\u0219i pentru instalarea aplica\u021biilor:<\/strong><\/h2>\n\n\n\n<ol>\n<li><strong>Origine:<\/strong>\n<ul>\n<li>Accesa\u021bi magazinul de aplica\u021bii pe dispozitivul dvs. Android sau iOS.<\/li>\n\n\n\n<li>Caut\u0103 \u201eAncestry\u201d \u0219i d\u0103 clic pe Instalare.<\/li>\n\n\n\n<li>Creeaz\u0103 un cont sau autentific\u0103-te pentru a \u00eencepe c\u0103l\u0103toria ta genealogic\u0103.<\/li>\n<\/ul>\n<\/li>\n\n\n\n<li><strong>C\u0103utare familial\u0103:<\/strong>\n<ul>\n<li>G\u0103se\u0219te aplica\u021bia \u00een magazinul de aplica\u021bii al dispozitivului t\u0103u.<\/li>\n\n\n\n<li>Desc\u0103rca\u021bi \u0219i instala\u021bi FamilySearch.<\/li>\n\n\n\n<li>\u00censcrie-te pentru a \u00eencepe s\u0103-\u021bi explorezi str\u0103mo\u0219ii.<\/li>\n<\/ul>\n<\/li>\n<\/ol>\n\n\n\n<h2 class=\"wp-block-heading\"><strong>Experien\u021ba utilizatorului:<\/strong><\/h2>\n\n\n\n<p>Utilizatorii acestor platforme raporteaz\u0103 adesea o experien\u021b\u0103 transformatoare.<\/p>\n\n\n\n<p>De la \u00eent\u00e2lniri nea\u0219teptate cu rude \u00eendep\u0103rtate p\u00e2n\u0103 la descoperirea unor figuri notabile \u00een arborele genealogic, aceste aplica\u021bii ofer\u0103 o fereastr\u0103 fascinant\u0103 asupra trecutului.<\/p>\n\n\n<div class=\"wp-block-image\">\n<figure class=\"aligncenter size-full\"><img loading=\"lazy\" decoding=\"async\" width=\"550\" height=\"350\" src=\"http:\/\/universofamilia.com\/wp-content\/uploads\/sites\/148\/2024\/01\/P-550x350-4.jpg\" alt=\"\" class=\"wp-image-4872\" srcset=\"https:\/\/universofamilia.com\/wp-content\/uploads\/sites\/148\/2024\/01\/P-550x350-4.jpg 550w, https:\/\/universofamilia.com\/wp-content\/uploads\/sites\/148\/2024\/01\/P-550x350-4-300x191.jpg 300w\" sizes=\"(max-width: 550px) 100vw, 550px\" \/><figcaption class=\"wp-element-caption\">O c\u0103l\u0103torie personal\u0103 prin arborele genealogic<\/figcaption><\/figure><\/div>\n\n\n<h2 class=\"wp-block-heading\"><strong>Concluzie:<\/strong><\/h2>\n\n\n\n<p>Descoperirea r\u0103d\u0103cinilor noastre este o c\u0103l\u0103torie de autocunoa\u0219tere \u0219i conectare cu trecutul.<\/p>\n\n\n\n<p>Aplica\u021biile Ancestry \u0219i FamilySearch fac cercetarea genealogic\u0103 accesibil\u0103 tuturor, transform\u00e2nd genealogia \u00eentr-o experien\u021b\u0103 captivant\u0103.<\/p>\n\n\n\n<p>Urm\u00e2nd pa\u0219ii str\u0103mo\u0219ilor no\u0219tri, deschidem u\u0219i c\u0103tre o mai bun\u0103 \u00een\u021belegere a istoriei care ne-a modelat ast\u0103zi.<\/p>\n\n\n\n<p><strong>Desc\u0103rca\u021bi Ancestry pentru <\/strong><a href=\"https:\/\/play.google.com\/store\/apps\/details?id=com.ancestry.android.apps.ancestry&amp;hl=en_US\"><strong>Android<\/strong><\/a><strong> \u015fi <a href=\"https:\/\/apps.apple.com\/gb\/app\/ancestry-family-history-dna\/id349554263\">iOS<\/a><\/strong><br><strong>Desc\u0103rca\u021bi FamilySearch pentru<\/strong><a href=\"https:\/\/play.google.com\/store\/apps\/details?id=org.familysearch.mobile&amp;hl=pt_BR&amp;gl=US\"><strong> Android<\/strong><\/a><strong> \u015fi <a href=\"https:\/\/apps.apple.com\/br\/app\/familysearch-%C3%A1rvore\/id885982973\">iOS<\/a><\/strong><\/p>","protected":false},"excerpt":{"rendered":"<p>\u00centr-o lume \u00een continu\u0103 schimbare, unde pove\u0219tile str\u0103mo\u0219ilor no\u0219tri se pierd adesea \u00een faldurile timpului, c\u0103utarea r\u0103d\u0103cinilor noastre devine o c\u0103l\u0103torie istoric\u0103 fascinant\u0103. Descoperirea istoriei familiei noastre este mai mult dec\u00e2t simpla c\u0103utare a numelor \u0219i datelor; este o modalitate de a ne \u00een\u021belege pe noi \u00een\u0219ine [\u2026]<\/p>","protected":false},"author":219,"featured_media":4872,"comment_status":"closed","ping_status":"open","sticky":false,"template":"","format":"standard","meta":{"footnotes":""},"categories":[2],"tags":[488,1534,1535],"yoast_head":"<!-- This site is optimized with the Yoast SEO plugin v23.3 - https:\/\/yoast.com\/wordpress\/plugins\/seo\/ -->\n<title>Un Viaje Personal por el \u00c1rbol Geneal\u00f3gico - Universo Fam\u00edlia<\/title>\n<meta name=\"description\" content=\"Un Viaje Personal por el \u00c1rbol Geneal\u00f3gico. En un mundo en constante cambio, donde las historias de nuestros antepasados...\" \/>\n<meta name=\"robots\" content=\"index, follow, max-snippet:-1, max-image-preview:large, max-video-preview:-1\" \/>\n<link rel=\"canonical\" href=\"http:\/\/universofamilia.com\/ro\/un-viaje-personal-por-el-arbol-genealogico\/\" \/>\n<meta property=\"og:locale\" content=\"ro_RO\" \/>\n<meta property=\"og:type\" content=\"article\" \/>\n<meta property=\"og:title\" content=\"Un Viaje Personal por el \u00c1rbol Geneal\u00f3gico - Universo Fam\u00edlia\" \/>\n<meta property=\"og:description\" content=\"Un Viaje Personal por el \u00c1rbol Geneal\u00f3gico. En un mundo en constante cambio, donde las historias de nuestros antepasados...\" \/>\n<meta property=\"og:url\" content=\"http:\/\/universofamilia.com\/ro\/un-viaje-personal-por-el-arbol-genealogico\/\" \/>\n<meta property=\"og:site_name\" content=\"Universo Fam\u00edlia\" \/>\n<meta property=\"article:published_time\" content=\"2024-01-14T19:23:08+00:00\" \/>\n<meta property=\"article:modified_time\" content=\"2025-10-12T22:33:41+00:00\" \/>\n<meta property=\"og:image\" content=\"http:\/\/universofamilia.com\/wp-content\/uploads\/sites\/148\/2024\/01\/P-550x350-4.jpg\" \/>\n\t<meta property=\"og:image:width\" content=\"550\" \/>\n\t<meta property=\"og:image:height\" content=\"350\" \/>\n\t<meta property=\"og:image:type\" content=\"image\/jpeg\" \/>\n<meta name=\"author\" content=\"Matheus Sangaletti\" \/>\n<meta name=\"twitter:card\" content=\"summary_large_image\" \/>\n<meta name=\"twitter:label1\" content=\"Written by\" \/>\n\t<meta name=\"twitter:data1\" content=\"Matheus Sangaletti\" \/>\n\t<meta name=\"twitter:label2\" content=\"Est. reading time\" \/>\n\t<meta name=\"twitter:data2\" content=\"4 minute\" \/>\n<script type=\"application\/ld+json\" class=\"yoast-schema-graph\">{\"@context\":\"https:\/\/schema.org\",\"@graph\":[{\"@type\":\"WebPage\",\"@id\":\"http:\/\/universofamilia.com\/da\/un-viaje-personal-por-el-arbol-genealogico\/\",\"url\":\"http:\/\/universofamilia.com\/da\/un-viaje-personal-por-el-arbol-genealogico\/\",\"name\":\"Un Viaje Personal por el \u00c1rbol Geneal\u00f3gico - Universo Fam\u00edlia\",\"isPartOf\":{\"@id\":\"https:\/\/universofamilia.com\/el\/#website\"},\"primaryImageOfPage\":{\"@id\":\"http:\/\/universofamilia.com\/da\/un-viaje-personal-por-el-arbol-genealogico\/#primaryimage\"},\"image\":{\"@id\":\"http:\/\/universofamilia.com\/da\/un-viaje-personal-por-el-arbol-genealogico\/#primaryimage\"},\"thumbnailUrl\":\"https:\/\/universofamilia.com\/wp-content\/uploads\/sites\/148\/2024\/01\/P-550x350-4.jpg\",\"datePublished\":\"2024-01-14T19:23:08+00:00\",\"dateModified\":\"2025-10-12T22:33:41+00:00\",\"author\":{\"@id\":\"https:\/\/universofamilia.com\/el\/#\/schema\/person\/92fcd07e9b1f4323bf74f3170fc0f78a\"},\"description\":\"Un Viaje Personal por el \u00c1rbol Geneal\u00f3gico. En un mundo en constante cambio, donde las historias de nuestros antepasados...\",\"breadcrumb\":{\"@id\":\"http:\/\/universofamilia.com\/da\/un-viaje-personal-por-el-arbol-genealogico\/#breadcrumb\"},\"inLanguage\":\"ro-RO\",\"potentialAction\":[{\"@type\":\"ReadAction\",\"target\":[\"http:\/\/universofamilia.com\/da\/un-viaje-personal-por-el-arbol-genealogico\/\"]}]},{\"@type\":\"ImageObject\",\"inLanguage\":\"ro-RO\",\"@id\":\"http:\/\/universofamilia.com\/da\/un-viaje-personal-por-el-arbol-genealogico\/#primaryimage\",\"url\":\"https:\/\/universofamilia.com\/wp-content\/uploads\/sites\/148\/2024\/01\/P-550x350-4.jpg\",\"contentUrl\":\"https:\/\/universofamilia.com\/wp-content\/uploads\/sites\/148\/2024\/01\/P-550x350-4.jpg\",\"width\":550,\"height\":350,\"caption\":\"Un Viaje Personal por el \u00c1rbol Geneal\u00f3gico\"},{\"@type\":\"BreadcrumbList\",\"@id\":\"http:\/\/universofamilia.com\/da\/un-viaje-personal-por-el-arbol-genealogico\/#breadcrumb\",\"itemListElement\":[{\"@type\":\"ListItem\",\"position\":1,\"name\":\"Home\",\"item\":\"https:\/\/universofamilia.com\/el\/\"},{\"@type\":\"ListItem\",\"position\":2,\"name\":\"Un Viaje Personal por el \u00c1rbol Geneal\u00f3gico\"}]},{\"@type\":\"WebSite\",\"@id\":\"https:\/\/universofamilia.com\/el\/#website\",\"url\":\"https:\/\/universofamilia.com\/el\/\",\"name\":\"Universo Fam\u00edlia\",\"description\":\"\",\"potentialAction\":[{\"@type\":\"SearchAction\",\"target\":{\"@type\":\"EntryPoint\",\"urlTemplate\":\"https:\/\/universofamilia.com\/el\/?s={search_term_string}\"},\"query-input\":\"required name=search_term_string\"}],\"inLanguage\":\"ro-RO\"},{\"@type\":\"Person\",\"@id\":\"https:\/\/universofamilia.com\/el\/#\/schema\/person\/92fcd07e9b1f4323bf74f3170fc0f78a\",\"name\":\"Matheus Sangaletti\",\"image\":{\"@type\":\"ImageObject\",\"inLanguage\":\"ro-RO\",\"@id\":\"https:\/\/universofamilia.com\/el\/#\/schema\/person\/image\/\",\"url\":\"https:\/\/secure.gravatar.com\/avatar\/280ea957a14a48e6a1ad2133d2cc27c9?s=96&d=mm&r=g\",\"contentUrl\":\"https:\/\/secure.gravatar.com\/avatar\/280ea957a14a48e6a1ad2133d2cc27c9?s=96&d=mm&r=g\",\"caption\":\"Matheus Sangaletti\"},\"url\":\"https:\/\/universofamilia.com\/ro\/author\/matheuss\/\"}]}<\/script>\n<!-- \/ Yoast SEO plugin. -->","yoast_head_json":{"title":"Un Viaje Personal por el \u00c1rbol Geneal\u00f3gico - Universo Fam\u00edlia","description":"Un Viaje Personal por el \u00c1rbol Geneal\u00f3gico. En un mundo en constante cambio, donde las historias de nuestros antepasados...","robots":{"index":"index","follow":"follow","max-snippet":"max-snippet:-1","max-image-preview":"max-image-preview:large","max-video-preview":"max-video-preview:-1"},"canonical":"http:\/\/universofamilia.com\/ro\/un-viaje-personal-por-el-arbol-genealogico\/","og_locale":"ro_RO","og_type":"article","og_title":"Un Viaje Personal por el \u00c1rbol Geneal\u00f3gico - Universo Fam\u00edlia","og_description":"Un Viaje Personal por el \u00c1rbol Geneal\u00f3gico. En un mundo en constante cambio, donde las historias de nuestros antepasados...","og_url":"http:\/\/universofamilia.com\/ro\/un-viaje-personal-por-el-arbol-genealogico\/","og_site_name":"Universo Fam\u00edlia","article_published_time":"2024-01-14T19:23:08+00:00","article_modified_time":"2025-10-12T22:33:41+00:00","og_image":[{"width":550,"height":350,"url":"http:\/\/universofamilia.com\/wp-content\/uploads\/sites\/148\/2024\/01\/P-550x350-4.jpg","type":"image\/jpeg"}],"author":"Matheus Sangaletti","twitter_card":"summary_large_image","twitter_misc":{"Written by":"Matheus Sangaletti","Est. reading time":"4 minute"},"schema":{"@context":"https:\/\/schema.org","@graph":[{"@type":"WebPage","@id":"http:\/\/universofamilia.com\/da\/un-viaje-personal-por-el-arbol-genealogico\/","url":"http:\/\/universofamilia.com\/da\/un-viaje-personal-por-el-arbol-genealogico\/","name":"Un Viaje Personal por el \u00c1rbol Geneal\u00f3gico - Universo Fam\u00edlia","isPartOf":{"@id":"https:\/\/universofamilia.com\/el\/#website"},"primaryImageOfPage":{"@id":"http:\/\/universofamilia.com\/da\/un-viaje-personal-por-el-arbol-genealogico\/#primaryimage"},"image":{"@id":"http:\/\/universofamilia.com\/da\/un-viaje-personal-por-el-arbol-genealogico\/#primaryimage"},"thumbnailUrl":"https:\/\/universofamilia.com\/wp-content\/uploads\/sites\/148\/2024\/01\/P-550x350-4.jpg","datePublished":"2024-01-14T19:23:08+00:00","dateModified":"2025-10-12T22:33:41+00:00","author":{"@id":"https:\/\/universofamilia.com\/el\/#\/schema\/person\/92fcd07e9b1f4323bf74f3170fc0f78a"},"description":"Un Viaje Personal por el \u00c1rbol Geneal\u00f3gico. En un mundo en constante cambio, donde las historias de nuestros antepasados...","breadcrumb":{"@id":"http:\/\/universofamilia.com\/da\/un-viaje-personal-por-el-arbol-genealogico\/#breadcrumb"},"inLanguage":"ro-RO","potentialAction":[{"@type":"ReadAction","target":["http:\/\/universofamilia.com\/da\/un-viaje-personal-por-el-arbol-genealogico\/"]}]},{"@type":"ImageObject","inLanguage":"ro-RO","@id":"http:\/\/universofamilia.com\/da\/un-viaje-personal-por-el-arbol-genealogico\/#primaryimage","url":"https:\/\/universofamilia.com\/wp-content\/uploads\/sites\/148\/2024\/01\/P-550x350-4.jpg","contentUrl":"https:\/\/universofamilia.com\/wp-content\/uploads\/sites\/148\/2024\/01\/P-550x350-4.jpg","width":550,"height":350,"caption":"Un Viaje Personal por el \u00c1rbol Geneal\u00f3gico"},{"@type":"BreadcrumbList","@id":"http:\/\/universofamilia.com\/da\/un-viaje-personal-por-el-arbol-genealogico\/#breadcrumb","itemListElement":[{"@type":"ListItem","position":1,"name":"Home","item":"https:\/\/universofamilia.com\/el\/"},{"@type":"ListItem","position":2,"name":"Un Viaje Personal por el \u00c1rbol Geneal\u00f3gico"}]},{"@type":"WebSite","@id":"https:\/\/universofamilia.com\/el\/#website","url":"https:\/\/universofamilia.com\/el\/","name":"Universo Fam\u00edlia","description":"","potentialAction":[{"@type":"SearchAction","target":{"@type":"EntryPoint","urlTemplate":"https:\/\/universofamilia.com\/el\/?s={search_term_string}"},"query-input":"required name=search_term_string"}],"inLanguage":"ro-RO"},{"@type":"Person","@id":"https:\/\/universofamilia.com\/el\/#\/schema\/person\/92fcd07e9b1f4323bf74f3170fc0f78a","name":"Matheus Sangaletti","image":{"@type":"ImageObject","inLanguage":"ro-RO","@id":"https:\/\/universofamilia.com\/el\/#\/schema\/person\/image\/","url":"https:\/\/secure.gravatar.com\/avatar\/280ea957a14a48e6a1ad2133d2cc27c9?s=96&d=mm&r=g","contentUrl":"https:\/\/secure.gravatar.com\/avatar\/280ea957a14a48e6a1ad2133d2cc27c9?s=96&d=mm&r=g","caption":"Matheus Sangaletti"},"url":"https:\/\/universofamilia.com\/ro\/author\/matheuss\/"}]}},"_links":{"self":[{"href":"https:\/\/universofamilia.com\/ro\/wp-json\/wp\/v2\/posts\/4871"}],"collection":[{"href":"https:\/\/universofamilia.com\/ro\/wp-json\/wp\/v2\/posts"}],"about":[{"href":"https:\/\/universofamilia.com\/ro\/wp-json\/wp\/v2\/types\/post"}],"author":[{"embeddable":true,"href":"https:\/\/universofamilia.com\/ro\/wp-json\/wp\/v2\/users\/219"}],"replies":[{"embeddable":true,"href":"https:\/\/universofamilia.com\/ro\/wp-json\/wp\/v2\/comments?post=4871"}],"version-history":[{"count":1,"href":"https:\/\/universofamilia.com\/ro\/wp-json\/wp\/v2\/posts\/4871\/revisions"}],"predecessor-version":[{"id":10058,"href":"https:\/\/universofamilia.com\/ro\/wp-json\/wp\/v2\/posts\/4871\/revisions\/10058"}],"wp:featuredmedia":[{"embeddable":true,"href":"https:\/\/universofamilia.com\/ro\/wp-json\/wp\/v2\/media\/4872"}],"wp:attachment":[{"href":"https:\/\/universofamilia.com\/ro\/wp-json\/wp\/v2\/media?parent=4871"}],"wp:term":[{"taxonomy":"category","embeddable":true,"href":"https:\/\/universofamilia.com\/ro\/wp-json\/wp\/v2\/categories?post=4871"},{"taxonomy":"post_tag","embeddable":true,"href":"https:\/\/universofamilia.com\/ro\/wp-json\/wp\/v2\/tags?post=4871"}],"curies":[{"name":"wp","href":"https:\/\/api.w.org\/{rel}","templated":true}]}}