{"id":5350,"date":"2024-03-06T19:27:12","date_gmt":"2024-03-06T19:27:12","guid":{"rendered":"https:\/\/universofamilia.com\/?p=5350"},"modified":"2025-12-26T16:27:22","modified_gmt":"2025-12-26T19:27:22","slug":"descubre-tu-nuevo-estilo-con-app-de-corte-de-cabello-y-color","status":"publish","type":"post","link":"https:\/\/universofamilia.com\/ro\/descubre-tu-nuevo-estilo-con-app-de-corte-de-cabello-y-color\/","title":{"rendered":"\ud83c\udf1fDescoper\u0103-\u021bi noul stil cu aplica\u021bia de tuns \u0219i vopsire!"},"content":{"rendered":"<h2 class=\"wp-block-heading\">\ud83d\ude80 <strong>Evolu\u021bia tehnologic\u0103 \u00een palma ta<\/strong>.\ud83c\udf1f<strong>Descoper\u0103-\u021bi noul stil cu aplica\u021bia de tuns \u0219i vopsire! <\/strong>\ud83c\udf1f<\/h2>\n\n\n\n<p>De la apari\u021bia primelor aplica\u021bii de frumuse\u021be, tehnologia a revolu\u021bionat modul \u00een care avem grij\u0103 de noi \u00een\u0219ine.<\/p>\n\n\n\n<p>\u0218i c\u00e2nd vine vorba de alegerea unei noi tunsori sau culori, evolu\u021bia nu putea fi mai incitant\u0103!<\/p>\n\n\n\n<p>\ud83d\udc87\u200d\u2640\ufe0f\ud83d\udc87\u200d\u2642\ufe0f Datorit\u0103 u\u0219urin\u021bei smartphone-urilor, acum este posibil s\u0103 experimentezi diferite stiluri f\u0103r\u0103 a ie\u0219i din cas\u0103.<\/p>\n\n\n\n<p>E ca \u0219i cum ai avea un salon de \u00eenfrumuse\u021bare virtual la \u00eendem\u00e2n\u0103! \u0218i partea cea mai bun\u0103? E super distractiv! \ud83d\ude0e<\/p>\n\n\n\n<h2 class=\"wp-block-heading\">\ud83c\udfa8 <strong>Explor\u00e2nd o lume a posibilit\u0103\u021bilor<\/strong><\/h2>\n\n\n\n<p>Alegerea unei noi tunsori sau culori poate fi o c\u0103l\u0103torie interesant\u0103, dar uneori poate fi dificil s\u0103 vizualizezi rezultatul final.<\/p>\n\n\n\n<p>Aici intervin aplica\u021biile de frumuse\u021be, care fac acest proces mai simplu \u0219i mai interesant ca niciodat\u0103!<\/p>\n\n\n\n<p>\ud83c\udf08 Cu doar c\u00e2teva atingeri, po\u021bi explora o vast\u0103 bibliotec\u0103 de stiluri, de la clasice atemporale p\u00e2n\u0103 la cele mai recente tendin\u021be. \u0218i asta nu e tot!<\/p>\n\n\n\n<p>De asemenea, po\u021bi ajusta detalii precum volumul, textura \u0219i str\u0103lucirea pentru a te asigura c\u0103 noul look este perfect pentru tine. \u2728<\/p>\n\n\n\n<h2 class=\"wp-block-heading\">Vezi \u0219i<\/h2>\n\n\n\n<ul class=\"has-medium-font-size\">\n<li class=\"has-medium-font-size\">\ud83d\udd0d\ud83d\udd75\ufe0f\u200d\u2640\ufe0f\ud83d\udd12 <a href=\"https:\/\/universofamilia.com\/ro\/5338\/las-aplicaciones-que-han-revolucionado-el-supermercado\/\">Aplica\u021biile care au revolu\u021bionat supermarketurile!<\/a><\/li>\n\n\n\n<li class=\"has-medium-font-size\">\ud83d\udcf8\ud83d\uddbc\ufe0f\ud83d\udcf1 <a href=\"https:\/\/universofamilia.com\/ro\/5099\/restaurar-fotos-eliminadas-en-el-telefono-movil\/\">Restaura\u021bi fotografiile \u0219terse de pe telefonul mobil<\/a><\/li>\n\n\n\n<li class=\"has-medium-font-size\">\ud83d\udc91\u26ea\ufe0f\ud83d\udcd6 <a href=\"https:\/\/universofamilia.com\/ro\/5105\/noviazgo-cristiano-para-toda-la-vida\/\">\u00cent\u00e2lniri cre\u0219tine pe via\u021b\u0103<\/a><\/li>\n<\/ul>\n\n\n\n<h2 class=\"wp-block-heading\">\ud83d\udcf1 <strong>Face\u021bi cuno\u0219tin\u021b\u0103 cu aplica\u021biile uimitoare!<\/strong><\/h2>\n\n\n\n<p>Acum, haide\u021bi s\u0103 vorbim despre trei aplica\u021bii care schimb\u0103 regulile jocului c\u00e2nd vine vorba de experimentarea cu tunsori \u0219i culori.<\/p>\n\n\n\n<p>Preg\u0103te\u0219te-te s\u0103 fii uimit de posibilit\u0103\u021bi! \ud83d\udcab<\/p>\n\n\n\n<h3 class=\"wp-block-heading\">\ud83c\udf1f <strong>Nu o s\u0103 v\u0103 vin\u0103 s\u0103 crede\u021bi rezultatele!<\/strong><\/h3>\n\n\n\n<p>Dup\u0103 ce ai petrecut ore \u00eentregi \u00eencerc\u00e2nd diferite stiluri, e timpul s\u0103 vezi ce spun utilizatorii despre aceste aplica\u021bii uimitoare.<\/p>\n\n\n<div class=\"wp-block-image\">\n<figure class=\"aligncenter size-full\"><img loading=\"lazy\" decoding=\"async\" width=\"550\" height=\"350\" src=\"http:\/\/universofamilia.com\/wp-content\/uploads\/sites\/148\/2024\/03\/P-550x350-1-2.jpg\" alt=\"\" class=\"wp-image-5351\" srcset=\"https:\/\/universofamilia.com\/wp-content\/uploads\/sites\/148\/2024\/03\/P-550x350-1-2.jpg 550w, https:\/\/universofamilia.com\/wp-content\/uploads\/sites\/148\/2024\/03\/P-550x350-1-2-300x191.jpg 300w\" sizes=\"(max-width: 550px) 100vw, 550px\" \/><figcaption class=\"wp-element-caption\">\ud83c\udf1fDescoper\u0103-\u021bi noul stil cu aplica\u021bia de tuns \u0219i vopsire!<\/figcaption><\/figure><\/div>\n\n\n<p>Iat\u0103 trei pove\u0219ti pozitive care te vor inspira s\u0103 \u00eencerci look-uri noi: \ud83d\ude0d<\/p>\n\n\n\n<ol>\n<li><strong>Machiaj YouCam<\/strong>\u201e\u00cemi place foarte mult aceast\u0103 aplica\u021bie! Este super u\u0219or de utilizat \u0219i are o varietate imens\u0103 de stiluri din care po\u021bi alege. Am putut \u00eencerca mai multe tunsori \u0219i culori \u00eenainte de a merge la salon \u0219i de a decide care mi se potrivea cel mai bine!\u201d<\/li>\n\n\n\n<li><strong>Schimb\u0103tor de coafuri<\/strong>\u201eO aplica\u021bie foarte util\u0103 pentru a-mi face o idee despre cum mi se par diferite tunsori. Mi-a pl\u0103cut op\u021biunea de a compara stilurile unul l\u00e2ng\u0103 altul \u0219i de a putea partaja fotografii cu prietenii mei.\u201d<\/li>\n\n\n\n<li><strong>Transformarea p\u0103rului<\/strong>\u201eTehnologia realit\u0103\u021bii augmentate este uimitoare! Am putut vedea cum ar ar\u0103ta tunsorile \u0219i culorile pe mine \u00eentr-un mod foarte realist. Aplica\u021bia ofer\u0103 \u0219i sfaturi despre \u00eengrijirea p\u0103rului, pe care le-am g\u0103sit foarte utile.\u201d<\/li>\n<\/ol>\n\n\n\n<h3 class=\"wp-block-heading\">\ud83d\udca1 <strong>Sfaturi importante pentru succes!<\/strong><\/h3>\n\n\n\n<p>\u00cenainte de a te cufunda \u00een aceast\u0103 experien\u021b\u0103 captivant\u0103, iat\u0103 c\u00e2teva lucruri de care trebuie s\u0103 \u021bii cont:<\/p>\n\n\n\n<p>\u2013 Rezultatele pot varia \u00een func\u021bie de calitatea fotografiei \u0219i de iluminare. \u2013 Lua\u021bi \u00een considerare forma fe\u021bei, textura p\u0103rului \u0219i stilul personal atunci c\u00e2nd alege\u021bi o nou\u0103 tunsoare sau o nou\u0103 culoare.<\/p>\n\n\n\n<h2 class=\"wp-block-heading\">\ud83d\udcf2 <strong>E timpul s\u0103 descarci \u0219i s\u0103 str\u0103luce\u0219ti!<\/strong><\/h2>\n\n\n\n<p>Acum c\u0103 e\u0219ti gata s\u0103 \u00eencepi c\u0103l\u0103toria transform\u0103rii tale, nu pierde timpul \u0219i descarc\u0103 aceste aplica\u021bii uimitoare chiar acum!<\/p>\n\n\n\n<ul>\n<li><strong>Machiaj YouCam<\/strong>: <a href=\"https:\/\/apps.apple.com\/br\/app\/youcam-makeup-editor-de-fotos\/id863844475\">Leg\u0103tur\u0103 pentru iOS<\/a> | <a href=\"https:\/\/play.google.com\/store\/apps\/details?id=com.cyberlink.youcammakeup\">Leg\u0103tur\u0103 pentru Android<\/a><\/li>\n\n\n\n<li><strong>Schimb\u0103tor de coafuri<\/strong>: <a href=\"https:\/\/apps.apple.com\/br\/app\/hairstyle-changer-makeup-art\/id1536112807\">Leg\u0103tur\u0103 pentru iOS<\/a> | <a href=\"https:\/\/play.google.com\/store\/apps\/details?id=salon.haircolor.womanhairstyle.hairstylechanger&amp;hl=pt_BR&amp;gl=US\">Leg\u0103tur\u0103 pentru Android<\/a><\/li>\n\n\n\n<li><strong>Transformarea p\u0103rului<\/strong>: <a href=\"https:\/\/apps.apple.com\/tr\/developer\/modiface\/id308030250\">Leg\u0103tur\u0103 pentru iOS<\/a> | <a href=\"https:\/\/play.google.com\/store\/apps\/details?id=hairstyle.colorChanger.haircut_salon&amp;hl=en\">Leg\u0103tur\u0103 pentru Android<\/a><\/li>\n<\/ul>\n\n\n\n<p>\ud83d\udc87\u200d\u2642\ufe0f\ud83d\udc87\u200d\u2640\ufe0f <strong>Gata pentru o schimbare radical\u0103? Descarc\u0103 acum \u0219i descoper\u0103-\u021bi noul look!<\/strong> \ud83d\udc87\u200d\u2640\ufe0f\ud83d\udc87\u200d\u2642\ufe0f<\/p>","protected":false},"excerpt":{"rendered":"<p>\ud83d\ude80 Evolu\u021bie tehnologic\u0103 \u00een palma ta. \ud83c\udf1f Descoper\u0103-\u021bi noul stil cu o aplica\u021bie de tuns \u0219i vopsire! \ud83c\udf1f De la apari\u021bia primelor aplica\u021bii de \u00eenfrumuse\u021bare, tehnologia a revolu\u021bionat modul \u00een care avem grij\u0103 de noi \u00een\u0219ine. \u0218i c\u00e2nd vine vorba de alegerea unei noi tunsori sau culori, [\u2026]<\/p>","protected":false},"author":219,"featured_media":5351,"comment_status":"closed","ping_status":"open","sticky":false,"template":"","format":"standard","meta":{"footnotes":""},"categories":[3],"tags":[387,1591],"yoast_head":"<!-- This site is optimized with the Yoast SEO plugin v23.3 - https:\/\/yoast.com\/wordpress\/plugins\/seo\/ -->\n<title>\ud83c\udf1fDescubre Tu Nuevo Estilo con App de Corte de Cabello y Color! - Universo Fam\u00edlia<\/title>\n<meta name=\"description\" content=\"\ud83c\udf1fDescubre Tu Nuevo Estilo con App de Corte de Cabello y Color! \ud83d\ude80 Evoluci\u00f3n Tecnol\u00f3gica en la Palma de tu Mano \ud83c\udf1f\" \/>\n<meta name=\"robots\" content=\"index, follow, max-snippet:-1, max-image-preview:large, max-video-preview:-1\" \/>\n<link rel=\"canonical\" href=\"https:\/\/universofamilia.com\/ro\/descubre-tu-nuevo-estilo-con-app-de-corte-de-cabello-y-color\/\" \/>\n<meta property=\"og:locale\" content=\"ro_RO\" \/>\n<meta property=\"og:type\" content=\"article\" \/>\n<meta property=\"og:title\" content=\"\ud83c\udf1fDescubre Tu Nuevo Estilo con App de Corte de Cabello y Color! - Universo Fam\u00edlia\" \/>\n<meta property=\"og:description\" content=\"\ud83c\udf1fDescubre Tu Nuevo Estilo con App de Corte de Cabello y Color! \ud83d\ude80 Evoluci\u00f3n Tecnol\u00f3gica en la Palma de tu Mano \ud83c\udf1f\" \/>\n<meta property=\"og:url\" content=\"https:\/\/universofamilia.com\/ro\/descubre-tu-nuevo-estilo-con-app-de-corte-de-cabello-y-color\/\" \/>\n<meta property=\"og:site_name\" content=\"Universo Fam\u00edlia\" \/>\n<meta property=\"article:published_time\" content=\"2024-03-06T19:27:12+00:00\" \/>\n<meta property=\"article:modified_time\" content=\"2025-12-26T19:27:22+00:00\" \/>\n<meta property=\"og:image\" content=\"https:\/\/universofamilia.com\/wp-content\/uploads\/sites\/148\/2024\/03\/P-550x350-1-2.jpg\" \/>\n\t<meta property=\"og:image:width\" content=\"550\" \/>\n\t<meta property=\"og:image:height\" content=\"350\" \/>\n\t<meta property=\"og:image:type\" content=\"image\/jpeg\" \/>\n<meta name=\"author\" content=\"Matheus Sangaletti\" \/>\n<meta name=\"twitter:card\" content=\"summary_large_image\" \/>\n<meta name=\"twitter:label1\" content=\"Written by\" \/>\n\t<meta name=\"twitter:data1\" content=\"Matheus Sangaletti\" \/>\n\t<meta name=\"twitter:label2\" content=\"Est. reading time\" \/>\n\t<meta name=\"twitter:data2\" content=\"4 minute\" \/>\n<script type=\"application\/ld+json\" class=\"yoast-schema-graph\">{\"@context\":\"https:\/\/schema.org\",\"@graph\":[{\"@type\":\"WebPage\",\"@id\":\"https:\/\/universofamilia.com\/hr\/descubre-tu-nuevo-estilo-con-app-de-corte-de-cabello-y-color\/\",\"url\":\"https:\/\/universofamilia.com\/hr\/descubre-tu-nuevo-estilo-con-app-de-corte-de-cabello-y-color\/\",\"name\":\"\ud83c\udf1fDescubre Tu Nuevo Estilo con App de Corte de Cabello y Color! - Universo Fam\u00edlia\",\"isPartOf\":{\"@id\":\"https:\/\/universofamilia.com\/el\/#website\"},\"primaryImageOfPage\":{\"@id\":\"https:\/\/universofamilia.com\/hr\/descubre-tu-nuevo-estilo-con-app-de-corte-de-cabello-y-color\/#primaryimage\"},\"image\":{\"@id\":\"https:\/\/universofamilia.com\/hr\/descubre-tu-nuevo-estilo-con-app-de-corte-de-cabello-y-color\/#primaryimage\"},\"thumbnailUrl\":\"https:\/\/universofamilia.com\/wp-content\/uploads\/sites\/148\/2024\/03\/P-550x350-1-2.jpg\",\"datePublished\":\"2024-03-06T19:27:12+00:00\",\"dateModified\":\"2025-12-26T19:27:22+00:00\",\"author\":{\"@id\":\"https:\/\/universofamilia.com\/el\/#\/schema\/person\/92fcd07e9b1f4323bf74f3170fc0f78a\"},\"description\":\"\ud83c\udf1fDescubre Tu Nuevo Estilo con App de Corte de Cabello y Color! \ud83d\ude80 Evoluci\u00f3n Tecnol\u00f3gica en la Palma de tu Mano \ud83c\udf1f\",\"breadcrumb\":{\"@id\":\"https:\/\/universofamilia.com\/hr\/descubre-tu-nuevo-estilo-con-app-de-corte-de-cabello-y-color\/#breadcrumb\"},\"inLanguage\":\"ro-RO\",\"potentialAction\":[{\"@type\":\"ReadAction\",\"target\":[\"https:\/\/universofamilia.com\/hr\/descubre-tu-nuevo-estilo-con-app-de-corte-de-cabello-y-color\/\"]}]},{\"@type\":\"ImageObject\",\"inLanguage\":\"ro-RO\",\"@id\":\"https:\/\/universofamilia.com\/hr\/descubre-tu-nuevo-estilo-con-app-de-corte-de-cabello-y-color\/#primaryimage\",\"url\":\"https:\/\/universofamilia.com\/wp-content\/uploads\/sites\/148\/2024\/03\/P-550x350-1-2.jpg\",\"contentUrl\":\"https:\/\/universofamilia.com\/wp-content\/uploads\/sites\/148\/2024\/03\/P-550x350-1-2.jpg\",\"width\":550,\"height\":350,\"caption\":\"\ud83c\udf1fDescubre Tu Nuevo Estilo con App de Corte de Cabello y Color!\"},{\"@type\":\"BreadcrumbList\",\"@id\":\"https:\/\/universofamilia.com\/hr\/descubre-tu-nuevo-estilo-con-app-de-corte-de-cabello-y-color\/#breadcrumb\",\"itemListElement\":[{\"@type\":\"ListItem\",\"position\":1,\"name\":\"Home\",\"item\":\"https:\/\/universofamilia.com\/el\/\"},{\"@type\":\"ListItem\",\"position\":2,\"name\":\"\ud83c\udf1fDescubre Tu Nuevo Estilo con App de Corte de Cabello y Color!\"}]},{\"@type\":\"WebSite\",\"@id\":\"https:\/\/universofamilia.com\/el\/#website\",\"url\":\"https:\/\/universofamilia.com\/el\/\",\"name\":\"Universo Fam\u00edlia\",\"description\":\"\",\"potentialAction\":[{\"@type\":\"SearchAction\",\"target\":{\"@type\":\"EntryPoint\",\"urlTemplate\":\"https:\/\/universofamilia.com\/el\/?s={search_term_string}\"},\"query-input\":\"required name=search_term_string\"}],\"inLanguage\":\"ro-RO\"},{\"@type\":\"Person\",\"@id\":\"https:\/\/universofamilia.com\/el\/#\/schema\/person\/92fcd07e9b1f4323bf74f3170fc0f78a\",\"name\":\"Matheus Sangaletti\",\"image\":{\"@type\":\"ImageObject\",\"inLanguage\":\"ro-RO\",\"@id\":\"https:\/\/universofamilia.com\/el\/#\/schema\/person\/image\/\",\"url\":\"https:\/\/secure.gravatar.com\/avatar\/280ea957a14a48e6a1ad2133d2cc27c9?s=96&d=mm&r=g\",\"contentUrl\":\"https:\/\/secure.gravatar.com\/avatar\/280ea957a14a48e6a1ad2133d2cc27c9?s=96&d=mm&r=g\",\"caption\":\"Matheus Sangaletti\"},\"url\":\"https:\/\/universofamilia.com\/ro\/author\/matheuss\/\"}]}<\/script>\n<!-- \/ Yoast SEO plugin. -->","yoast_head_json":{"title":"\ud83c\udf1fDescubre Tu Nuevo Estilo con App de Corte de Cabello y Color! - Universo Fam\u00edlia","description":"\ud83c\udf1fDescubre Tu Nuevo Estilo con App de Corte de Cabello y Color! \ud83d\ude80 Evoluci\u00f3n Tecnol\u00f3gica en la Palma de tu Mano \ud83c\udf1f","robots":{"index":"index","follow":"follow","max-snippet":"max-snippet:-1","max-image-preview":"max-image-preview:large","max-video-preview":"max-video-preview:-1"},"canonical":"https:\/\/universofamilia.com\/ro\/descubre-tu-nuevo-estilo-con-app-de-corte-de-cabello-y-color\/","og_locale":"ro_RO","og_type":"article","og_title":"\ud83c\udf1fDescubre Tu Nuevo Estilo con App de Corte de Cabello y Color! - Universo Fam\u00edlia","og_description":"\ud83c\udf1fDescubre Tu Nuevo Estilo con App de Corte de Cabello y Color! \ud83d\ude80 Evoluci\u00f3n Tecnol\u00f3gica en la Palma de tu Mano \ud83c\udf1f","og_url":"https:\/\/universofamilia.com\/ro\/descubre-tu-nuevo-estilo-con-app-de-corte-de-cabello-y-color\/","og_site_name":"Universo Fam\u00edlia","article_published_time":"2024-03-06T19:27:12+00:00","article_modified_time":"2025-12-26T19:27:22+00:00","og_image":[{"width":550,"height":350,"url":"https:\/\/universofamilia.com\/wp-content\/uploads\/sites\/148\/2024\/03\/P-550x350-1-2.jpg","type":"image\/jpeg"}],"author":"Matheus Sangaletti","twitter_card":"summary_large_image","twitter_misc":{"Written by":"Matheus Sangaletti","Est. reading time":"4 minute"},"schema":{"@context":"https:\/\/schema.org","@graph":[{"@type":"WebPage","@id":"https:\/\/universofamilia.com\/hr\/descubre-tu-nuevo-estilo-con-app-de-corte-de-cabello-y-color\/","url":"https:\/\/universofamilia.com\/hr\/descubre-tu-nuevo-estilo-con-app-de-corte-de-cabello-y-color\/","name":"\ud83c\udf1fDescubre Tu Nuevo Estilo con App de Corte de Cabello y Color! - Universo Fam\u00edlia","isPartOf":{"@id":"https:\/\/universofamilia.com\/el\/#website"},"primaryImageOfPage":{"@id":"https:\/\/universofamilia.com\/hr\/descubre-tu-nuevo-estilo-con-app-de-corte-de-cabello-y-color\/#primaryimage"},"image":{"@id":"https:\/\/universofamilia.com\/hr\/descubre-tu-nuevo-estilo-con-app-de-corte-de-cabello-y-color\/#primaryimage"},"thumbnailUrl":"https:\/\/universofamilia.com\/wp-content\/uploads\/sites\/148\/2024\/03\/P-550x350-1-2.jpg","datePublished":"2024-03-06T19:27:12+00:00","dateModified":"2025-12-26T19:27:22+00:00","author":{"@id":"https:\/\/universofamilia.com\/el\/#\/schema\/person\/92fcd07e9b1f4323bf74f3170fc0f78a"},"description":"\ud83c\udf1fDescubre Tu Nuevo Estilo con App de Corte de Cabello y Color! \ud83d\ude80 Evoluci\u00f3n Tecnol\u00f3gica en la Palma de tu Mano \ud83c\udf1f","breadcrumb":{"@id":"https:\/\/universofamilia.com\/hr\/descubre-tu-nuevo-estilo-con-app-de-corte-de-cabello-y-color\/#breadcrumb"},"inLanguage":"ro-RO","potentialAction":[{"@type":"ReadAction","target":["https:\/\/universofamilia.com\/hr\/descubre-tu-nuevo-estilo-con-app-de-corte-de-cabello-y-color\/"]}]},{"@type":"ImageObject","inLanguage":"ro-RO","@id":"https:\/\/universofamilia.com\/hr\/descubre-tu-nuevo-estilo-con-app-de-corte-de-cabello-y-color\/#primaryimage","url":"https:\/\/universofamilia.com\/wp-content\/uploads\/sites\/148\/2024\/03\/P-550x350-1-2.jpg","contentUrl":"https:\/\/universofamilia.com\/wp-content\/uploads\/sites\/148\/2024\/03\/P-550x350-1-2.jpg","width":550,"height":350,"caption":"\ud83c\udf1fDescubre Tu Nuevo Estilo con App de Corte de Cabello y Color!"},{"@type":"BreadcrumbList","@id":"https:\/\/universofamilia.com\/hr\/descubre-tu-nuevo-estilo-con-app-de-corte-de-cabello-y-color\/#breadcrumb","itemListElement":[{"@type":"ListItem","position":1,"name":"Home","item":"https:\/\/universofamilia.com\/el\/"},{"@type":"ListItem","position":2,"name":"\ud83c\udf1fDescubre Tu Nuevo Estilo con App de Corte de Cabello y Color!"}]},{"@type":"WebSite","@id":"https:\/\/universofamilia.com\/el\/#website","url":"https:\/\/universofamilia.com\/el\/","name":"Universo Fam\u00edlia","description":"","potentialAction":[{"@type":"SearchAction","target":{"@type":"EntryPoint","urlTemplate":"https:\/\/universofamilia.com\/el\/?s={search_term_string}"},"query-input":"required name=search_term_string"}],"inLanguage":"ro-RO"},{"@type":"Person","@id":"https:\/\/universofamilia.com\/el\/#\/schema\/person\/92fcd07e9b1f4323bf74f3170fc0f78a","name":"Matheus Sangaletti","image":{"@type":"ImageObject","inLanguage":"ro-RO","@id":"https:\/\/universofamilia.com\/el\/#\/schema\/person\/image\/","url":"https:\/\/secure.gravatar.com\/avatar\/280ea957a14a48e6a1ad2133d2cc27c9?s=96&d=mm&r=g","contentUrl":"https:\/\/secure.gravatar.com\/avatar\/280ea957a14a48e6a1ad2133d2cc27c9?s=96&d=mm&r=g","caption":"Matheus Sangaletti"},"url":"https:\/\/universofamilia.com\/ro\/author\/matheuss\/"}]}},"_links":{"self":[{"href":"https:\/\/universofamilia.com\/ro\/wp-json\/wp\/v2\/posts\/5350"}],"collection":[{"href":"https:\/\/universofamilia.com\/ro\/wp-json\/wp\/v2\/posts"}],"about":[{"href":"https:\/\/universofamilia.com\/ro\/wp-json\/wp\/v2\/types\/post"}],"author":[{"embeddable":true,"href":"https:\/\/universofamilia.com\/ro\/wp-json\/wp\/v2\/users\/219"}],"replies":[{"embeddable":true,"href":"https:\/\/universofamilia.com\/ro\/wp-json\/wp\/v2\/comments?post=5350"}],"version-history":[{"count":1,"href":"https:\/\/universofamilia.com\/ro\/wp-json\/wp\/v2\/posts\/5350\/revisions"}],"predecessor-version":[{"id":10477,"href":"https:\/\/universofamilia.com\/ro\/wp-json\/wp\/v2\/posts\/5350\/revisions\/10477"}],"wp:featuredmedia":[{"embeddable":true,"href":"https:\/\/universofamilia.com\/ro\/wp-json\/wp\/v2\/media\/5351"}],"wp:attachment":[{"href":"https:\/\/universofamilia.com\/ro\/wp-json\/wp\/v2\/media?parent=5350"}],"wp:term":[{"taxonomy":"category","embeddable":true,"href":"https:\/\/universofamilia.com\/ro\/wp-json\/wp\/v2\/categories?post=5350"},{"taxonomy":"post_tag","embeddable":true,"href":"https:\/\/universofamilia.com\/ro\/wp-json\/wp\/v2\/tags?post=5350"}],"curies":[{"name":"wp","href":"https:\/\/api.w.org\/{rel}","templated":true}]}}