{"id":5472,"date":"2024-03-25T19:40:04","date_gmt":"2024-03-25T19:40:04","guid":{"rendered":"https:\/\/universofamilia.com\/?p=5472"},"modified":"2025-01-29T01:27:42","modified_gmt":"2025-01-29T01:27:42","slug":"descubre-la-red-social-de-una-persona-con-solo-una-foto","status":"publish","type":"post","link":"https:\/\/universofamilia.com\/ro\/descubre-la-red-social-de-una-persona-con-solo-una-foto\/","title":{"rendered":"Descoper\u0103 re\u021beaua social\u0103 a unei persoane doar cu o fotografie\ud83d\udcf8"},"content":{"rendered":"<p>Descoper\u0103 re\u021beaua social\u0103 a unei persoane cu o simpl\u0103 fotografie\ud83d\udcf8. \u00cen lumea digital\u0103 de ast\u0103zi, securitatea \u0219i confiden\u021bialitatea sunt preocup\u0103ri cheie.<\/p>\n\n\n\n<p>Odat\u0103 cu proliferarea re\u021belelor de socializare, utilizatorilor le este din ce \u00een ce mai u\u0219or s\u0103 se conecteze, dar acest lucru aduce cu sine \u0219i \u00eengrijor\u0103ri cu privire la expunerea informa\u021biilor personale.<\/p>\n\n\n\n<p>A\u0219adar, cum ne putem asigura siguran\u021ba \u00een timp ce explor\u0103m vastul peisaj al re\u021belelor sociale?<\/p>\n\n\n\n<p>Un instrument care c\u00e2\u0219tig\u0103 popularitate este Facecheck.id, un site care promite s\u0103 dezv\u0103luie re\u021beaua social\u0103 a unei persoane doar din fotografia sa.<\/p>\n\n\n\n<p>Haide\u021bi s\u0103 aprofund\u0103m acest instrument interesant \u0219i s\u0103 \u00een\u021belegem cum func\u021bioneaz\u0103.<\/p>\n\n\n\n<h2 class=\"wp-block-heading\">Vezi \u0219i<\/h2>\n\n\n\n<ul class=\"has-medium-font-size\">\n<li class=\"has-medium-font-size\">\ud83d\udd0d\ud83d\udd75\ufe0f\u200d\u2640\ufe0f\ud83d\udd12 <a href=\"https:\/\/universofamilia.com\/ro\/5338\/las-aplicaciones-que-han-revolucionado-el-supermercado\/\">Aplica\u021biile care au revolu\u021bionat supermarketurile!<\/a><\/li>\n\n\n\n<li class=\"has-medium-font-size\">\ud83d\udcf8\ud83d\uddbc\ufe0f\ud83d\udcf1 <a href=\"https:\/\/universofamilia.com\/ro\/5099\/restaurar-fotos-eliminadas-en-el-telefono-movil\/\">Restaura\u021bi fotografiile \u0219terse de pe telefonul mobil<\/a><\/li>\n\n\n\n<li class=\"has-medium-font-size\">\ud83d\udc91\u26ea\ufe0f\ud83d\udcd6 <a href=\"https:\/\/universofamilia.com\/ro\/5105\/noviazgo-cristiano-para-toda-la-vida\/\">\u00cent\u00e2lniri cre\u0219tine pe via\u021b\u0103<\/a><\/li>\n<\/ul>\n\n\n\n<h2 class=\"wp-block-heading\">Ce este Facecheck.id? \ud83d\udd75\ufe0f\u200d\u2642\ufe0f<\/h2>\n\n\n\n<p>Facecheck.id este un site care folose\u0219te o vast\u0103 baz\u0103 de date de imagini comparative pentru a g\u0103si persoane similare cu persoana pe care vrei s\u0103 o identifici.<\/p>\n\n\n\n<p>Fie c\u0103 este vorba de securitate, curiozitate sau chiar cercetare, Facecheck.id ofer\u0103 o modalitate rapid\u0103 \u0219i u\u0219oar\u0103 de a descoperi informa\u021bii despre o persoan\u0103 dintr-o singur\u0103 fotografie.<\/p>\n\n\n\n<h2 class=\"wp-block-heading\">Cum func\u021bioneaz\u0103? \ud83d\udd04<\/h2>\n\n\n\n<p>C\u00e2nd \u00eencarci o fotografie pe Facecheck.id, algoritmul site-ului caut\u0103 \u00een baza sa de date cu milioane de imagini.<\/p>\n\n\n\n<p>Caut\u0103 tr\u0103s\u0103turi faciale \u0219i alte caracteristici distinctive pentru a g\u0103si potriviri apropiate.<\/p>\n\n\n\n<p>Este important de men\u021bionat c\u0103, din cauza cantit\u0103\u021bii vaste de date \u0219i a complexit\u0103\u021bii compara\u021biilor, acurate\u021bea poate varia.<\/p>\n\n\n\n<h2 class=\"wp-block-heading\">Protec\u021bie de securitate activat\u0103: Folosi\u021bi Facecheck.id cu precau\u021bie \ud83d\udea8<\/h2>\n\n\n\n<p>De\u0219i Facecheck.id poate fi un instrument util \u00eentr-o varietate de situa\u021bii, este esen\u021bial s\u0103 \u00eel utiliza\u021bi cu precau\u021bie, \u00een special \u00een ceea ce prive\u0219te confiden\u021bialitatea \u0219i securitatea.<\/p>\n\n\n\n<p>Iat\u0103 c\u00e2\u021biva pa\u0219i pe care \u00eei pute\u021bi urma pentru a v\u0103 proteja confiden\u021bialitatea atunci c\u00e2nd utiliza\u021bi Facecheck.id:<\/p>\n\n\n\n<h3 class=\"wp-block-heading\">1. <strong>\u00cen\u021belegerea riscurilor<\/strong><\/h3>\n\n\n\n<p>\u00cenainte de a efectua orice c\u0103utare, este important s\u0103 \u00een\u021belege\u021bi riscurile asociate cu expunerea informa\u021biilor personale.<\/p>\n\n\n\n<p>G\u00e2nde\u0219te-te cu aten\u021bie de ce folose\u0219ti Facecheck.id \u0219i dac\u0103 e\u0219ti dispus s\u0103 accep\u021bi rezultatele.<\/p>\n\n\n\n<h3 class=\"wp-block-heading\">2. <strong>Limita\u021bi utilizarea fotografiilor personale<\/strong><\/h3>\n\n\n\n<p>Evita\u021bi s\u0103 \u00eenc\u0103rca\u021bi fotografii personale sau sensibile pe Facecheck.id, \u00een special cele care pot dezv\u0103lui informa\u021bii private despre dvs. sau despre alte persoane.<\/p>\n\n\n\n<p>Folose\u0219te imagini generice sau publice ori de c\u00e2te ori este posibil.<\/p>\n\n\n\n<h3 class=\"wp-block-heading\">3. <strong>Verifica\u021bi rezultatele discret<\/strong><\/h3>\n\n\n\n<p>Dac\u0103 primi\u021bi rezultate de la Facecheck.id, v\u0103 rug\u0103m s\u0103 le verifica\u021bi cu discre\u021bie \u0219i precau\u021bie.<\/p>\n\n\n\n<p>Nu partaja\u021bi informa\u021bii sensibile sau private f\u0103r\u0103 consim\u021b\u0103m\u00e2ntul corespunz\u0103tor al persoanei implicate.<\/p>\n\n\n\n<h3 class=\"wp-block-heading\">4. <strong>P\u0103stra\u021bi informa\u021biile personale private<\/strong><\/h3>\n\n\n\n<p>Indiferent de rezultatele pe care le primi\u021bi, este important s\u0103 v\u0103 p\u0103stra\u021bi informa\u021biile personale private \u0219i \u00een siguran\u021b\u0103.<\/p>\n\n\n\n<p>Fi\u021bi con\u0219tien\u021bi de modul \u00een care activit\u0103\u021bile dvs. online v\u0103 pot afecta securitatea \u0219i lua\u021bi m\u0103suri pentru a v\u0103 proteja confiden\u021bialitatea.<\/p>\n\n\n<div class=\"wp-block-image\">\n<figure class=\"aligncenter size-full\"><img loading=\"lazy\" decoding=\"async\" width=\"550\" height=\"350\" src=\"http:\/\/universofamilia.com\/wp-content\/uploads\/sites\/148\/2024\/03\/P-550x350-3-9.jpg\" alt=\"\" class=\"wp-image-5473\" srcset=\"https:\/\/universofamilia.com\/wp-content\/uploads\/sites\/148\/2024\/03\/P-550x350-3-9.jpg 550w, https:\/\/universofamilia.com\/wp-content\/uploads\/sites\/148\/2024\/03\/P-550x350-3-9-300x191.jpg 300w\" sizes=\"(max-width: 550px) 100vw, 550px\" \/><figcaption class=\"wp-element-caption\">Descoper\u0103 re\u021beaua social\u0103 a unei persoane doar cu o fotografie\ud83d\udcf8<\/figcaption><\/figure><\/div>\n\n\n<h2 class=\"wp-block-heading\">Concluzie: Un instrument puternic cu responsabilitate \ud83c\udf1f<\/h2>\n\n\n\n<p>Facecheck.id ofer\u0103 o modalitate convenabil\u0103 de a descoperi re\u021beaua social\u0103 a unei persoane doar din fotografia acesteia. Totu\u0219i, aceast\u0103 comoditate vine cu un risc.<\/p>\n\n\n\n<p>Este esen\u021bial s\u0103 utiliza\u021bi acest instrument cu precau\u021bie, protej\u00e2ndu-v\u0103 propria confiden\u021bialitate \u0219i confiden\u021bialitatea celorlal\u021bi.<\/p>\n\n\n\n<p>Prin \u00een\u021belegerea riscurilor \u0219i adoptarea unor practici sigure, pute\u021bi profita la maximum de Facecheck.id \u00een mod responsabil.<\/p>\n\n\n\n<p>A\u0219adar, data viitoare c\u00e2nd te g\u00e2nde\u0219ti s\u0103 utilizezi Facecheck.id, \u021bine cont de aceste m\u0103suri de siguran\u021b\u0103 \u0219i bucur\u0103-te de acest instrument \u00een mod responsabil.<\/p>\n\n\n\n<p>Afl\u0103 mai multe despre Facecheck.id <a href=\"https:\/\/www.facecheck.id\/\">Aici<\/a>, disponibil pentru iOS \u0219i Android.<\/p>\n\n\n\n<p>Cu aceste sfaturi, vei fi preg\u0103tit s\u0103 explorezi lumea re\u021belelor sociale \u00eentr-un mod mai sigur \u0219i con\u0219tient. \ud83d\udee1\ufe0f<\/p>","protected":false},"excerpt":{"rendered":"<p>Descoper\u0103 re\u021beaua social\u0103 a unei persoane cu o singur\u0103 fotografie\ud83d\udcf8. \u00cen lumea digital\u0103 de ast\u0103zi, securitatea \u0219i confiden\u021bialitatea sunt preocup\u0103ri cheie. Odat\u0103 cu proliferarea re\u021belelor sociale, utilizatorilor le este din ce \u00een ce mai u\u0219or s\u0103 se conecteze, dar acest lucru aduce cu sine \u0219i \u00eengrijor\u0103ri cu privire la expunerea informa\u021biilor personale. A\u0219adar, cum putem [\u2026]<\/p>","protected":false},"author":139,"featured_media":5473,"comment_status":"closed","ping_status":"open","sticky":false,"template":"","format":"standard","meta":{"footnotes":""},"categories":[2],"tags":[736,737],"yoast_head":"<!-- This site is optimized with the Yoast SEO plugin v23.3 - https:\/\/yoast.com\/wordpress\/plugins\/seo\/ -->\n<title>Descubre la Red Social de una Persona con Solo una Foto\ud83d\udcf8 - Universo Fam\u00edlia<\/title>\n<meta name=\"description\" content=\"Descubre la Red Social de una Persona con Solo una Foto\ud83d\udcf8. En el mundo digital de hoy, la seguridad y la privacidad son preocupaciones...\" \/>\n<meta name=\"robots\" content=\"index, follow, max-snippet:-1, max-image-preview:large, max-video-preview:-1\" \/>\n<link rel=\"canonical\" href=\"https:\/\/universofamilia.com\/ro\/descubre-la-red-social-de-una-persona-con-solo-una-foto\/\" \/>\n<meta property=\"og:locale\" content=\"ro_RO\" \/>\n<meta property=\"og:type\" content=\"article\" \/>\n<meta property=\"og:title\" content=\"Descubre la Red Social de una Persona con Solo una Foto\ud83d\udcf8 - Universo Fam\u00edlia\" \/>\n<meta property=\"og:description\" content=\"Descubre la Red Social de una Persona con Solo una Foto\ud83d\udcf8. En el mundo digital de hoy, la seguridad y la privacidad son preocupaciones...\" \/>\n<meta property=\"og:url\" content=\"https:\/\/universofamilia.com\/ro\/descubre-la-red-social-de-una-persona-con-solo-una-foto\/\" \/>\n<meta property=\"og:site_name\" content=\"Universo Fam\u00edlia\" \/>\n<meta property=\"article:published_time\" content=\"2024-03-25T19:40:04+00:00\" \/>\n<meta property=\"article:modified_time\" content=\"2025-01-29T01:27:42+00:00\" \/>\n<meta property=\"og:image\" content=\"https:\/\/universofamilia.com\/wp-content\/uploads\/sites\/148\/2024\/03\/P-550x350-3-9.jpg\" \/>\n\t<meta property=\"og:image:width\" content=\"550\" \/>\n\t<meta property=\"og:image:height\" content=\"350\" \/>\n\t<meta property=\"og:image:type\" content=\"image\/jpeg\" \/>\n<meta name=\"author\" content=\"Pedro Henrique\" \/>\n<meta name=\"twitter:card\" content=\"summary_large_image\" \/>\n<meta name=\"twitter:label1\" content=\"Written by\" \/>\n\t<meta name=\"twitter:data1\" content=\"Pedro Henrique\" \/>\n\t<meta name=\"twitter:label2\" content=\"Est. reading time\" \/>\n\t<meta name=\"twitter:data2\" content=\"4 minute\" \/>\n<script type=\"application\/ld+json\" class=\"yoast-schema-graph\">{\"@context\":\"https:\/\/schema.org\",\"@graph\":[{\"@type\":\"WebPage\",\"@id\":\"https:\/\/universofamilia.com\/hr\/descubre-la-red-social-de-una-persona-con-solo-una-foto\/\",\"url\":\"https:\/\/universofamilia.com\/hr\/descubre-la-red-social-de-una-persona-con-solo-una-foto\/\",\"name\":\"Descubre la Red Social de una Persona con Solo una Foto\ud83d\udcf8 - Universo Fam\u00edlia\",\"isPartOf\":{\"@id\":\"https:\/\/universofamilia.com\/el\/#website\"},\"primaryImageOfPage\":{\"@id\":\"https:\/\/universofamilia.com\/hr\/descubre-la-red-social-de-una-persona-con-solo-una-foto\/#primaryimage\"},\"image\":{\"@id\":\"https:\/\/universofamilia.com\/hr\/descubre-la-red-social-de-una-persona-con-solo-una-foto\/#primaryimage\"},\"thumbnailUrl\":\"https:\/\/universofamilia.com\/wp-content\/uploads\/sites\/148\/2024\/03\/P-550x350-3-9.jpg\",\"datePublished\":\"2024-03-25T19:40:04+00:00\",\"dateModified\":\"2025-01-29T01:27:42+00:00\",\"author\":{\"@id\":\"https:\/\/universofamilia.com\/el\/#\/schema\/person\/f07ce98187dd84d31154262e79b3b7ca\"},\"description\":\"Descubre la Red Social de una Persona con Solo una Foto\ud83d\udcf8. En el mundo digital de hoy, la seguridad y la privacidad son preocupaciones...\",\"breadcrumb\":{\"@id\":\"https:\/\/universofamilia.com\/hr\/descubre-la-red-social-de-una-persona-con-solo-una-foto\/#breadcrumb\"},\"inLanguage\":\"ro-RO\",\"potentialAction\":[{\"@type\":\"ReadAction\",\"target\":[\"https:\/\/universofamilia.com\/hr\/descubre-la-red-social-de-una-persona-con-solo-una-foto\/\"]}]},{\"@type\":\"ImageObject\",\"inLanguage\":\"ro-RO\",\"@id\":\"https:\/\/universofamilia.com\/hr\/descubre-la-red-social-de-una-persona-con-solo-una-foto\/#primaryimage\",\"url\":\"https:\/\/universofamilia.com\/wp-content\/uploads\/sites\/148\/2024\/03\/P-550x350-3-9.jpg\",\"contentUrl\":\"https:\/\/universofamilia.com\/wp-content\/uploads\/sites\/148\/2024\/03\/P-550x350-3-9.jpg\",\"width\":550,\"height\":350,\"caption\":\"Descubre la Red Social de una Persona con Solo una Foto\ud83d\udcf8\"},{\"@type\":\"BreadcrumbList\",\"@id\":\"https:\/\/universofamilia.com\/hr\/descubre-la-red-social-de-una-persona-con-solo-una-foto\/#breadcrumb\",\"itemListElement\":[{\"@type\":\"ListItem\",\"position\":1,\"name\":\"Home\",\"item\":\"https:\/\/universofamilia.com\/el\/\"},{\"@type\":\"ListItem\",\"position\":2,\"name\":\"Descubre la Red Social de una Persona con Solo una Foto\ud83d\udcf8\"}]},{\"@type\":\"WebSite\",\"@id\":\"https:\/\/universofamilia.com\/el\/#website\",\"url\":\"https:\/\/universofamilia.com\/el\/\",\"name\":\"Universo Fam\u00edlia\",\"description\":\"\",\"potentialAction\":[{\"@type\":\"SearchAction\",\"target\":{\"@type\":\"EntryPoint\",\"urlTemplate\":\"https:\/\/universofamilia.com\/el\/?s={search_term_string}\"},\"query-input\":\"required name=search_term_string\"}],\"inLanguage\":\"ro-RO\"},{\"@type\":\"Person\",\"@id\":\"https:\/\/universofamilia.com\/el\/#\/schema\/person\/f07ce98187dd84d31154262e79b3b7ca\",\"name\":\"Pedro Henrique\",\"image\":{\"@type\":\"ImageObject\",\"inLanguage\":\"ro-RO\",\"@id\":\"https:\/\/universofamilia.com\/el\/#\/schema\/person\/image\/\",\"url\":\"https:\/\/secure.gravatar.com\/avatar\/9edfeb808cb4e1599f64d6e45b130154?s=96&d=mm&r=g\",\"contentUrl\":\"https:\/\/secure.gravatar.com\/avatar\/9edfeb808cb4e1599f64d6e45b130154?s=96&d=mm&r=g\",\"caption\":\"Pedro Henrique\"},\"url\":\"https:\/\/universofamilia.com\/ro\/author\/editor01\/\"}]}<\/script>\n<!-- \/ Yoast SEO plugin. -->","yoast_head_json":{"title":"Descubre la Red Social de una Persona con Solo una Foto\ud83d\udcf8 - Universo Fam\u00edlia","description":"Descubre la Red Social de una Persona con Solo una Foto\ud83d\udcf8. En el mundo digital de hoy, la seguridad y la privacidad son preocupaciones...","robots":{"index":"index","follow":"follow","max-snippet":"max-snippet:-1","max-image-preview":"max-image-preview:large","max-video-preview":"max-video-preview:-1"},"canonical":"https:\/\/universofamilia.com\/ro\/descubre-la-red-social-de-una-persona-con-solo-una-foto\/","og_locale":"ro_RO","og_type":"article","og_title":"Descubre la Red Social de una Persona con Solo una Foto\ud83d\udcf8 - Universo Fam\u00edlia","og_description":"Descubre la Red Social de una Persona con Solo una Foto\ud83d\udcf8. En el mundo digital de hoy, la seguridad y la privacidad son preocupaciones...","og_url":"https:\/\/universofamilia.com\/ro\/descubre-la-red-social-de-una-persona-con-solo-una-foto\/","og_site_name":"Universo Fam\u00edlia","article_published_time":"2024-03-25T19:40:04+00:00","article_modified_time":"2025-01-29T01:27:42+00:00","og_image":[{"width":550,"height":350,"url":"https:\/\/universofamilia.com\/wp-content\/uploads\/sites\/148\/2024\/03\/P-550x350-3-9.jpg","type":"image\/jpeg"}],"author":"Pedro Henrique","twitter_card":"summary_large_image","twitter_misc":{"Written by":"Pedro Henrique","Est. reading time":"4 minute"},"schema":{"@context":"https:\/\/schema.org","@graph":[{"@type":"WebPage","@id":"https:\/\/universofamilia.com\/hr\/descubre-la-red-social-de-una-persona-con-solo-una-foto\/","url":"https:\/\/universofamilia.com\/hr\/descubre-la-red-social-de-una-persona-con-solo-una-foto\/","name":"Descubre la Red Social de una Persona con Solo una Foto\ud83d\udcf8 - Universo Fam\u00edlia","isPartOf":{"@id":"https:\/\/universofamilia.com\/el\/#website"},"primaryImageOfPage":{"@id":"https:\/\/universofamilia.com\/hr\/descubre-la-red-social-de-una-persona-con-solo-una-foto\/#primaryimage"},"image":{"@id":"https:\/\/universofamilia.com\/hr\/descubre-la-red-social-de-una-persona-con-solo-una-foto\/#primaryimage"},"thumbnailUrl":"https:\/\/universofamilia.com\/wp-content\/uploads\/sites\/148\/2024\/03\/P-550x350-3-9.jpg","datePublished":"2024-03-25T19:40:04+00:00","dateModified":"2025-01-29T01:27:42+00:00","author":{"@id":"https:\/\/universofamilia.com\/el\/#\/schema\/person\/f07ce98187dd84d31154262e79b3b7ca"},"description":"Descubre la Red Social de una Persona con Solo una Foto\ud83d\udcf8. En el mundo digital de hoy, la seguridad y la privacidad son preocupaciones...","breadcrumb":{"@id":"https:\/\/universofamilia.com\/hr\/descubre-la-red-social-de-una-persona-con-solo-una-foto\/#breadcrumb"},"inLanguage":"ro-RO","potentialAction":[{"@type":"ReadAction","target":["https:\/\/universofamilia.com\/hr\/descubre-la-red-social-de-una-persona-con-solo-una-foto\/"]}]},{"@type":"ImageObject","inLanguage":"ro-RO","@id":"https:\/\/universofamilia.com\/hr\/descubre-la-red-social-de-una-persona-con-solo-una-foto\/#primaryimage","url":"https:\/\/universofamilia.com\/wp-content\/uploads\/sites\/148\/2024\/03\/P-550x350-3-9.jpg","contentUrl":"https:\/\/universofamilia.com\/wp-content\/uploads\/sites\/148\/2024\/03\/P-550x350-3-9.jpg","width":550,"height":350,"caption":"Descubre la Red Social de una Persona con Solo una Foto\ud83d\udcf8"},{"@type":"BreadcrumbList","@id":"https:\/\/universofamilia.com\/hr\/descubre-la-red-social-de-una-persona-con-solo-una-foto\/#breadcrumb","itemListElement":[{"@type":"ListItem","position":1,"name":"Home","item":"https:\/\/universofamilia.com\/el\/"},{"@type":"ListItem","position":2,"name":"Descubre la Red Social de una Persona con Solo una Foto\ud83d\udcf8"}]},{"@type":"WebSite","@id":"https:\/\/universofamilia.com\/el\/#website","url":"https:\/\/universofamilia.com\/el\/","name":"Universo Fam\u00edlia","description":"","potentialAction":[{"@type":"SearchAction","target":{"@type":"EntryPoint","urlTemplate":"https:\/\/universofamilia.com\/el\/?s={search_term_string}"},"query-input":"required name=search_term_string"}],"inLanguage":"ro-RO"},{"@type":"Person","@id":"https:\/\/universofamilia.com\/el\/#\/schema\/person\/f07ce98187dd84d31154262e79b3b7ca","name":"Pedro Henrique","image":{"@type":"ImageObject","inLanguage":"ro-RO","@id":"https:\/\/universofamilia.com\/el\/#\/schema\/person\/image\/","url":"https:\/\/secure.gravatar.com\/avatar\/9edfeb808cb4e1599f64d6e45b130154?s=96&d=mm&r=g","contentUrl":"https:\/\/secure.gravatar.com\/avatar\/9edfeb808cb4e1599f64d6e45b130154?s=96&d=mm&r=g","caption":"Pedro Henrique"},"url":"https:\/\/universofamilia.com\/ro\/author\/editor01\/"}]}},"_links":{"self":[{"href":"https:\/\/universofamilia.com\/ro\/wp-json\/wp\/v2\/posts\/5472"}],"collection":[{"href":"https:\/\/universofamilia.com\/ro\/wp-json\/wp\/v2\/posts"}],"about":[{"href":"https:\/\/universofamilia.com\/ro\/wp-json\/wp\/v2\/types\/post"}],"author":[{"embeddable":true,"href":"https:\/\/universofamilia.com\/ro\/wp-json\/wp\/v2\/users\/139"}],"replies":[{"embeddable":true,"href":"https:\/\/universofamilia.com\/ro\/wp-json\/wp\/v2\/comments?post=5472"}],"version-history":[{"count":1,"href":"https:\/\/universofamilia.com\/ro\/wp-json\/wp\/v2\/posts\/5472\/revisions"}],"predecessor-version":[{"id":8470,"href":"https:\/\/universofamilia.com\/ro\/wp-json\/wp\/v2\/posts\/5472\/revisions\/8470"}],"wp:featuredmedia":[{"embeddable":true,"href":"https:\/\/universofamilia.com\/ro\/wp-json\/wp\/v2\/media\/5473"}],"wp:attachment":[{"href":"https:\/\/universofamilia.com\/ro\/wp-json\/wp\/v2\/media?parent=5472"}],"wp:term":[{"taxonomy":"category","embeddable":true,"href":"https:\/\/universofamilia.com\/ro\/wp-json\/wp\/v2\/categories?post=5472"},{"taxonomy":"post_tag","embeddable":true,"href":"https:\/\/universofamilia.com\/ro\/wp-json\/wp\/v2\/tags?post=5472"}],"curies":[{"name":"wp","href":"https:\/\/api.w.org\/{rel}","templated":true}]}}