{"id":6271,"date":"2024-07-16T13:04:00","date_gmt":"2024-07-16T16:04:00","guid":{"rendered":"https:\/\/universofamilia.com\/?p=6271"},"modified":"2024-07-16T13:04:00","modified_gmt":"2024-07-16T16:04:00","slug":"quien-gana-esta-disputa-waymo-o-tesla","status":"publish","type":"post","link":"https:\/\/universofamilia.com\/ro\/quien-gana-esta-disputa-waymo-o-tesla\/","title":{"rendered":"Cine c\u00e2\u0219tig\u0103 aceast\u0103 disput\u0103? Waymo sau Tesla?"},"content":{"rendered":"<p>Cursa pentru dezvoltarea vehiculelor autonome a fost una dintre cele mai interesante b\u0103t\u0103lii tehnologice din ultimii ani.<\/p>\n\n\n\n<p>Printre principalii concuren\u021bi se num\u0103r\u0103 Waymo \u0219i Tesla.<\/p>\n\n\n\n<p>Ambele companii se afl\u0103 \u00een fruntea acestei revolu\u021bii, dar cu abord\u0103ri \u0219i strategii destul de diferite.<\/p>\n\n\n\n<p>\u00cen acest articol, vom explora traiectoriile Waymo \u0219i Tesla, inova\u021biile lor tehnologice, diferen\u021bele cheie dintre ele \u0219i resursele investite.<\/p>\n\n\n\n<p>\u00cen acest fel, po\u021bi decide care dintre ace\u0219ti gigan\u021bi tehnologici conduce cursa.<\/p>\n\n\n\n<h2 class=\"wp-block-heading\">\u00cenceputul fiec\u0103rei afaceri<\/h2>\n\n\n\n<h3 class=\"wp-block-heading\">Waymo<\/h3>\n\n\n\n<p>Waymo, o filial\u0103 a Alphabet Inc. (compania-mam\u0103 a Google), a fost fondat\u0103 \u00een 2009.<\/p>\n\n\n\n<p>\u00cenc\u0103 de la \u00eenceput, misiunea Waymo a fost de a face drumurile mai sigure \u0219i mai accesibile prin intermediul tehnologiei vehiculelor autonome.<\/p>\n\n\n\n<p>Compania a \u00eenceput ca proiectul Google Self-Driving Car \u0219i, de-a lungul anilor, a dezvoltat unele dintre cele mai avansate tehnologii de conducere autonom\u0103 din lume.<\/p>\n\n\n\n<h3 class=\"wp-block-heading\">Tesla<\/h3>\n\n\n\n<p>Tesla, pe de alt\u0103 parte, a fost fondat\u0103 de Elon Musk \u00een 2003, concentr\u00e2ndu-se ini\u021bial pe vehicule electrice.<\/p>\n\n\n\n<p>Ambi\u021bia lui Musk a fost \u00eentotdeauna s\u0103 accelereze tranzi\u021bia lumii c\u0103tre energia durabil\u0103.<\/p>\n\n\n\n<p>\u00cencep\u00e2nd cu 2014, Tesla a \u00eenceput s\u0103 \u00eencorporeze tehnologia de conducere autonom\u0103 \u00een vehiculele sale, numind aceast\u0103 ini\u021biativ\u0103 \u201eAutopilot\u201d.<\/p>\n\n\n\n<p>De atunci, Tesla a fost un nume dominant at\u00e2t pe pia\u021ba vehiculelor electrice, c\u00e2t \u0219i \u00een dezvoltarea ma\u0219inilor autonome.<\/p>\n\n\n\n<p><\/p>\n\n\n\n<hr class=\"wp-block-separator has-text-color has-luminous-vivid-orange-color has-alpha-channel-opacity has-luminous-vivid-orange-background-color has-background\"\/>\n\n\n\n<h2 class=\"wp-block-heading\">Cite\u0219te \u0219i:<\/h2>\n\n\n\n<div class=\"wp-block-columns is-layout-flex wp-container-core-columns-layout-1 wp-block-columns-is-layout-flex\">\n<div class=\"wp-block-column is-layout-flow wp-block-column-is-layout-flow\">\n<div class=\"wp-block-buttons is-layout-flex wp-block-buttons-is-layout-flex\">\n<div class=\"wp-block-button has-custom-width wp-block-button__width-100 has-custom-font-size has-medium-font-size\" style=\"text-decoration:none\"><a class=\"wp-block-button__link has-white-color has-vivid-cyan-blue-background-color has-text-color has-background has-link-color has-text-align-left wp-element-button\" href=\"https:\/\/universofamilia.com\/ro\/5893\/acelera-tu-celular-despierta-tu-productividad\/\" style=\"border-radius:10px\" target=\"_blank\" rel=\"noreferrer noopener\"><font style=\"vertical-align: inherit;\"><font style=\"vertical-align: inherit;\">\ud83d\udccc Accelereaz\u0103-\u021bi telefonul mobil<\/font><\/font> &gt;<\/a><\/div>\n\n\n\n<div class=\"wp-block-button has-custom-width wp-block-button__width-100 has-custom-font-size has-medium-font-size\" style=\"text-decoration:none\"><a class=\"wp-block-button__link has-white-color has-vivid-cyan-blue-background-color has-text-color has-background has-link-color has-text-align-left wp-element-button\" href=\"https:\/\/universofamilia.com\/ro\/5869\/descubre-quien-te-esta-observando-en-las-redes-sociales\/\" style=\"border-radius:10px\" target=\"_blank\" rel=\"noreferrer noopener\"><font style=\"vertical-align: inherit;\"><font style=\"vertical-align: inherit;\"><font style=\"vertical-align: inherit;\"><font style=\"vertical-align: inherit;\">\ud83d\udccc Cine \u021bi-a vizitat profilul<\/font><\/font><\/font><\/font> &gt;<\/a><\/div>\n<\/div>\n<\/div>\n<\/div>\n\n\n\n<hr class=\"wp-block-separator has-text-color has-luminous-vivid-orange-color has-alpha-channel-opacity has-luminous-vivid-orange-background-color has-background\"\/>\n\n\n\n<p><\/p>\n\n\n\n<h2 class=\"wp-block-heading\">Inova\u021bie tehnologic\u0103<\/h2>\n\n\n\n<h3 class=\"wp-block-heading\">Waymo<\/h3>\n\n\n\n<p>Waymo folose\u0219te o combina\u021bie avansat\u0103 de senzori, inclusiv LiDAR (Light Detection and Ranging), camere video \u0219i radare pentru a naviga \u0219i a cartografia mediul din jurul vehiculului.<\/p>\n\n\n\n<p>LiDAR este deosebit de eficient \u00een crearea de h\u0103r\u021bi 3D detaliate, permi\u021b\u00e2nd vehiculelor autonome s\u0103 \u201evad\u0103\u201d \u00eemprejurimile cu o precizie milimetric\u0103.<\/p>\n\n\n\n<p>\u00cen plus, Waymo a dezvoltat un software sofisticat de inteligen\u021b\u0103 artificial\u0103 care \u00eenva\u021b\u0103 \u0219i se adapteaz\u0103 la diverse situa\u021bii de condus.<\/p>\n\n\n\n<h3 class=\"wp-block-heading\">Tesla<\/h3>\n\n\n\n<p>Tesla adopt\u0103 o abordare diferit\u0103, concentr\u00e2ndu-se \u00een principal pe camere \u0219i radare pentru capacit\u0103\u021bile sale de conducere autonom\u0103.<\/p>\n\n\n\n<p>Elon Musk a fost un critic vocal al LiDAR, argument\u00e2nd c\u0103 tehnologia este scump\u0103 \u0219i inutil\u0103.<\/p>\n\n\n\n<p>\u00cen schimb, Tesla se bazeaz\u0103 pe o re\u021bea neuronal\u0103 avansat\u0103 pentru a procesa fluxurile de date ale camerelor, permi\u021b\u00e2nd Autopilot \u0219i Full Self-Driving (FSD) s\u0103 \u00eenve\u021be \u0219i s\u0103 se \u00eembun\u0103t\u0103\u021beasc\u0103 continuu prin actualiz\u0103ri de software over-the-air.<\/p>\n\n\n\n<h2 class=\"wp-block-heading\">Principalele diferen\u021be<\/h2>\n\n\n\n<h3 class=\"wp-block-heading\">Abordarea tehnologic\u0103<\/h3>\n\n\n\n<p>Principala diferen\u021b\u0103 dintre Waymo \u0219i Tesla const\u0103 \u00een abordarea tehnologic\u0103. Waymo investe\u0219te masiv \u00een LiDAR, \u00een timp ce Tesla se bazeaz\u0103 pe camere video \u0219i radar.<\/p>\n\n\n\n<p>Aceasta reflect\u0103 o filozofie fundamental diferit\u0103 despre modul \u00een care vehiculele autonome ar trebui s\u0103 \u201evad\u0103\u201d lumea.<\/p>\n\n\n\n<h3 class=\"wp-block-heading\">Nivel de autonomie<\/h3>\n\n\n\n<p>Waymo testeaz\u0103 \u0219i opereaz\u0103 flote de taxiuri autonome \u00een ora\u0219e americane precum Phoenix, Arizona. Vehiculele lor sunt capabile s\u0103 circule f\u0103r\u0103 \u0219ofer de siguran\u021b\u0103 \u00een anumite zone. Tesla, pe de alt\u0103 parte, le cere \u00een continuare \u0219oferilor s\u0103 fie preg\u0103ti\u021bi s\u0103 preia controlul \u00een orice moment, chiar \u0219i cu \u201eCondusul autonom complet\u201d activat.<\/p>\n\n\n\n<h3 class=\"wp-block-heading\">Model de afaceri<\/h3>\n\n\n\n<p>Waymo se concentreaz\u0103 pe dezvoltarea unui serviciu de taxi autonom, \u00een timp ce Tesla vinde vehicule autonome direct c\u0103tre consumatori.<\/p>\n\n\n\n<p>Aceasta \u00eenseamn\u0103 c\u0103 experien\u021ba utilizatorului cu tehnologia autonom\u0103 Tesla este integrat\u0103 \u00een de\u021binerea unei ma\u0219ini, \u00een timp ce cea a lui Waymo se bazeaz\u0103 pe un model de servicii.<\/p>\n\n\n\n<h2 class=\"wp-block-heading\">Resurse investite<\/h2>\n\n\n\n<h3 class=\"wp-block-heading\">Waymo<\/h3>\n\n\n\n<p>Waymo a primit investi\u021bii substan\u021biale de la Alphabet Inc. \u0219i de la al\u021bi investitori. Proiectul beneficiaz\u0103 de capitalul vast disponibil al Alphabet \u0219i de accesul la tehnologie de ultim\u0103 genera\u021bie.<\/p>\n\n\n\n<p>Waymo are, de asemenea, parteneriate cu produc\u0103tori auto pentru a integra tehnologia sa \u00een diverse platforme de vehicule.<\/p>\n\n\n\n<h3 class=\"wp-block-heading\">Tesla<\/h3>\n\n\n\n<p>Tesla reinveste\u0219te o mare parte din profiturile sale \u00een cercetarea \u0219i dezvoltarea tehnologiei sale de conducere autonom\u0103.<\/p>\n\n\n\n<p>Elon Musk subliniaz\u0103 frecvent c\u0103 dezvoltarea pilotului automat \u0219i a conducerii autonome complete sunt cruciale pentru viitorul companiei.<\/p>\n\n\n\n<p>Tesla utilizeaz\u0103, de asemenea, date provenite de la milioane de kilometri parcur\u0219i de vehiculele sale pentru a-\u0219i \u00eembun\u0103t\u0103\u021bi continuu sistemele autonome.<\/p>\n\n\n<div class=\"wp-block-image\">\n<figure class=\"aligncenter size-full\"><img loading=\"lazy\" decoding=\"async\" width=\"550\" height=\"350\" src=\"http:\/\/universofamilia.com\/wp-content\/uploads\/sites\/148\/2024\/07\/P-550x350-6-1.jpg\" alt=\"\" class=\"wp-image-6272\" srcset=\"https:\/\/universofamilia.com\/wp-content\/uploads\/sites\/148\/2024\/07\/P-550x350-6-1.jpg 550w, https:\/\/universofamilia.com\/wp-content\/uploads\/sites\/148\/2024\/07\/P-550x350-6-1-300x191.jpg 300w\" sizes=\"(max-width: 550px) 100vw, 550px\" \/><figcaption class=\"wp-element-caption\">Cine c\u00e2\u0219tig\u0103 aceast\u0103 disput\u0103? Waymo sau Tesla?<\/figcaption><\/figure><\/div>\n\n\n<h2 class=\"wp-block-heading\">Cine e \u00een frunte?<\/h2>\n\n\n\n<p>R\u0103spunsul la aceast\u0103 \u00eentrebare depinde de criteriile folosite pentru m\u0103surarea succesului.<\/p>\n\n\n\n<p>\u00cen ceea ce prive\u0219te tehnologia pur\u0103 \u0219i siguran\u021ba, Waymo poate fi considerat lider, \u00een special datorit\u0103 utiliz\u0103rii avansate a LiDAR \u0219i opera\u021biunilor sale de taxi autonome \u00een ora\u0219ele din SUA.<\/p>\n\n\n\n<p>Cu toate acestea, Tesla este recunoscut\u0103 pe scar\u0103 larg\u0103 pentru abordarea sa inovatoare \u0219i capacitatea de a implementa rapid actualiz\u0103ri de software pentru a \u00eembun\u0103t\u0103\u021bi func\u021bionalitatea autonom\u0103 a vehiculelor sale.<\/p>\n\n\n\n<h3 class=\"wp-block-heading\">Linkuri pentru mai multe informa\u021bii<\/h3>\n\n\n\n<ul>\n<li><a href=\"https:\/\/waymo.com\" target=\"_blank\" rel=\"noreferrer noopener\">Waymo<\/a><\/li>\n\n\n\n<li><a href=\"https:\/\/tesla.com\" target=\"_blank\" rel=\"noreferrer noopener\">Tesla<\/a><\/li>\n<\/ul>\n\n\n\n<h2 class=\"wp-block-heading\">Concluzie<\/h2>\n\n\n\n<p>At\u00e2t Waymo, c\u00e2t \u0219i Tesla \u00eemping frontierele tehnologiei vehiculelor autonome, dar cu abord\u0103ri \u0219i strategii diferite.<\/p>\n\n\n\n<p>Waymo se concentreaz\u0103 pe siguran\u021b\u0103 \u0219i precizie prin utilizarea LiDAR \u0219i a taxiurilor autonome, \u00een timp ce Tesla se concentreaz\u0103 pe eficien\u021b\u0103 \u0219i scalabilitate prin camere \u0219i radare integrate \u00een vehiculele de consum.<\/p>\n\n\n\n<p>\u00cen cele din urm\u0103, cine c\u00e2\u0219tig\u0103 aceast\u0103 b\u0103t\u0103lie este \u00eenc\u0103 de decis, dar progresele continue ale ambelor companii promit un viitor interesant pentru mobilitatea autonom\u0103.<\/p>\n\n\n\n<p>Distribuie acest articol prietenilor t\u0103i pentru ca toat\u0103 lumea s\u0103 poat\u0103 afla mai multe despre aceast\u0103 competi\u021bie tehnologic\u0103 fascinant\u0103!<\/p>","protected":false},"excerpt":{"rendered":"<p>Cursa pentru dezvoltarea vehiculelor autonome a fost una dintre cele mai interesante b\u0103t\u0103lii tehnologice din ultimii ani. Printre principalii concuren\u021bi se num\u0103r\u0103 Waymo \u0219i Tesla. Ambele companii se afl\u0103 \u00een fruntea acestei revolu\u021bii, dar cu abord\u0103ri \u0219i strategii destul de diferite. \u00cen acest articol, vom explora traiectoriile Waymo \u0219i Tesla.<\/p>","protected":false},"author":0,"featured_media":6272,"comment_status":"closed","ping_status":"open","sticky":false,"template":"","format":"standard","meta":{"footnotes":""},"categories":[5],"tags":[22,26,27],"yoast_head":"<!-- This site is optimized with the Yoast SEO plugin v23.3 - https:\/\/yoast.com\/wordpress\/plugins\/seo\/ -->\n<title>\u00bfQui\u00e9n Gana esta Disputa? \u00bfWaymo o Tesla? - Universo Fam\u00edlia<\/title>\n<meta name=\"description\" content=\"\u00bfQui\u00e9n Gana esta Disputa? \u00bfWaymo o Tesla?. La carrera por el desarrollo de veh\u00edculos aut\u00f3nomos ha sido una de las disputas tecnol\u00f3gicas...\" \/>\n<meta name=\"robots\" content=\"index, follow, max-snippet:-1, max-image-preview:large, max-video-preview:-1\" \/>\n<link rel=\"canonical\" href=\"https:\/\/universofamilia.com\/ro\/quien-gana-esta-disputa-waymo-o-tesla\/\" \/>\n<meta property=\"og:locale\" content=\"ro_RO\" \/>\n<meta property=\"og:type\" content=\"article\" \/>\n<meta property=\"og:title\" content=\"\u00bfQui\u00e9n Gana esta Disputa? \u00bfWaymo o Tesla? - Universo Fam\u00edlia\" \/>\n<meta property=\"og:description\" content=\"\u00bfQui\u00e9n Gana esta Disputa? \u00bfWaymo o Tesla?. La carrera por el desarrollo de veh\u00edculos aut\u00f3nomos ha sido una de las disputas tecnol\u00f3gicas...\" \/>\n<meta property=\"og:url\" content=\"https:\/\/universofamilia.com\/ro\/quien-gana-esta-disputa-waymo-o-tesla\/\" \/>\n<meta property=\"og:site_name\" content=\"Universo Fam\u00edlia\" \/>\n<meta property=\"article:published_time\" content=\"2024-07-16T16:04:00+00:00\" \/>\n<meta property=\"og:image\" content=\"https:\/\/universofamilia.com\/wp-content\/uploads\/sites\/148\/2024\/07\/P-550x350-6-1.jpg\" \/>\n\t<meta property=\"og:image:width\" content=\"550\" \/>\n\t<meta property=\"og:image:height\" content=\"350\" \/>\n\t<meta property=\"og:image:type\" content=\"image\/jpeg\" \/>\n<meta name=\"twitter:card\" content=\"summary_large_image\" \/>\n<meta name=\"twitter:label1\" content=\"Est. reading time\" \/>\n\t<meta name=\"twitter:data1\" content=\"6 minute\" \/>\n<script type=\"application\/ld+json\" class=\"yoast-schema-graph\">{\"@context\":\"https:\/\/schema.org\",\"@graph\":[{\"@type\":\"WebPage\",\"@id\":\"https:\/\/universofamilia.com\/cs\/quien-gana-esta-disputa-waymo-o-tesla\/\",\"url\":\"https:\/\/universofamilia.com\/cs\/quien-gana-esta-disputa-waymo-o-tesla\/\",\"name\":\"\u00bfQui\u00e9n Gana esta Disputa? \u00bfWaymo o Tesla? - Universo Fam\u00edlia\",\"isPartOf\":{\"@id\":\"https:\/\/universofamilia.com\/el\/#website\"},\"primaryImageOfPage\":{\"@id\":\"https:\/\/universofamilia.com\/cs\/quien-gana-esta-disputa-waymo-o-tesla\/#primaryimage\"},\"image\":{\"@id\":\"https:\/\/universofamilia.com\/cs\/quien-gana-esta-disputa-waymo-o-tesla\/#primaryimage\"},\"thumbnailUrl\":\"https:\/\/universofamilia.com\/wp-content\/uploads\/sites\/148\/2024\/07\/P-550x350-6-1.jpg\",\"datePublished\":\"2024-07-16T16:04:00+00:00\",\"dateModified\":\"2024-07-16T16:04:00+00:00\",\"author\":{\"@id\":\"\"},\"description\":\"\u00bfQui\u00e9n Gana esta Disputa? \u00bfWaymo o Tesla?. La carrera por el desarrollo de veh\u00edculos aut\u00f3nomos ha sido una de las disputas tecnol\u00f3gicas...\",\"breadcrumb\":{\"@id\":\"https:\/\/universofamilia.com\/cs\/quien-gana-esta-disputa-waymo-o-tesla\/#breadcrumb\"},\"inLanguage\":\"ro-RO\",\"potentialAction\":[{\"@type\":\"ReadAction\",\"target\":[\"https:\/\/universofamilia.com\/cs\/quien-gana-esta-disputa-waymo-o-tesla\/\"]}]},{\"@type\":\"ImageObject\",\"inLanguage\":\"ro-RO\",\"@id\":\"https:\/\/universofamilia.com\/cs\/quien-gana-esta-disputa-waymo-o-tesla\/#primaryimage\",\"url\":\"https:\/\/universofamilia.com\/wp-content\/uploads\/sites\/148\/2024\/07\/P-550x350-6-1.jpg\",\"contentUrl\":\"https:\/\/universofamilia.com\/wp-content\/uploads\/sites\/148\/2024\/07\/P-550x350-6-1.jpg\",\"width\":550,\"height\":350,\"caption\":\"\u00bfQui\u00e9n Gana esta Disputa? \u00bfWaymo o Tesla?\"},{\"@type\":\"BreadcrumbList\",\"@id\":\"https:\/\/universofamilia.com\/cs\/quien-gana-esta-disputa-waymo-o-tesla\/#breadcrumb\",\"itemListElement\":[{\"@type\":\"ListItem\",\"position\":1,\"name\":\"Home\",\"item\":\"https:\/\/universofamilia.com\/el\/\"},{\"@type\":\"ListItem\",\"position\":2,\"name\":\"\u00bfQui\u00e9n Gana esta Disputa? \u00bfWaymo o Tesla?\"}]},{\"@type\":\"WebSite\",\"@id\":\"https:\/\/universofamilia.com\/el\/#website\",\"url\":\"https:\/\/universofamilia.com\/el\/\",\"name\":\"Universo Fam\u00edlia\",\"description\":\"\",\"potentialAction\":[{\"@type\":\"SearchAction\",\"target\":{\"@type\":\"EntryPoint\",\"urlTemplate\":\"https:\/\/universofamilia.com\/el\/?s={search_term_string}\"},\"query-input\":\"required name=search_term_string\"}],\"inLanguage\":\"ro-RO\"}]}<\/script>\n<!-- \/ Yoast SEO plugin. -->","yoast_head_json":{"title":"\u00bfQui\u00e9n Gana esta Disputa? \u00bfWaymo o Tesla? - Universo Fam\u00edlia","description":"\u00bfQui\u00e9n Gana esta Disputa? \u00bfWaymo o Tesla?. La carrera por el desarrollo de veh\u00edculos aut\u00f3nomos ha sido una de las disputas tecnol\u00f3gicas...","robots":{"index":"index","follow":"follow","max-snippet":"max-snippet:-1","max-image-preview":"max-image-preview:large","max-video-preview":"max-video-preview:-1"},"canonical":"https:\/\/universofamilia.com\/ro\/quien-gana-esta-disputa-waymo-o-tesla\/","og_locale":"ro_RO","og_type":"article","og_title":"\u00bfQui\u00e9n Gana esta Disputa? \u00bfWaymo o Tesla? - Universo Fam\u00edlia","og_description":"\u00bfQui\u00e9n Gana esta Disputa? \u00bfWaymo o Tesla?. La carrera por el desarrollo de veh\u00edculos aut\u00f3nomos ha sido una de las disputas tecnol\u00f3gicas...","og_url":"https:\/\/universofamilia.com\/ro\/quien-gana-esta-disputa-waymo-o-tesla\/","og_site_name":"Universo Fam\u00edlia","article_published_time":"2024-07-16T16:04:00+00:00","og_image":[{"width":550,"height":350,"url":"https:\/\/universofamilia.com\/wp-content\/uploads\/sites\/148\/2024\/07\/P-550x350-6-1.jpg","type":"image\/jpeg"}],"twitter_card":"summary_large_image","twitter_misc":{"Est. reading time":"6 minute"},"schema":{"@context":"https:\/\/schema.org","@graph":[{"@type":"WebPage","@id":"https:\/\/universofamilia.com\/cs\/quien-gana-esta-disputa-waymo-o-tesla\/","url":"https:\/\/universofamilia.com\/cs\/quien-gana-esta-disputa-waymo-o-tesla\/","name":"\u00bfQui\u00e9n Gana esta Disputa? \u00bfWaymo o Tesla? - Universo Fam\u00edlia","isPartOf":{"@id":"https:\/\/universofamilia.com\/el\/#website"},"primaryImageOfPage":{"@id":"https:\/\/universofamilia.com\/cs\/quien-gana-esta-disputa-waymo-o-tesla\/#primaryimage"},"image":{"@id":"https:\/\/universofamilia.com\/cs\/quien-gana-esta-disputa-waymo-o-tesla\/#primaryimage"},"thumbnailUrl":"https:\/\/universofamilia.com\/wp-content\/uploads\/sites\/148\/2024\/07\/P-550x350-6-1.jpg","datePublished":"2024-07-16T16:04:00+00:00","dateModified":"2024-07-16T16:04:00+00:00","author":{"@id":""},"description":"\u00bfQui\u00e9n Gana esta Disputa? \u00bfWaymo o Tesla?. La carrera por el desarrollo de veh\u00edculos aut\u00f3nomos ha sido una de las disputas tecnol\u00f3gicas...","breadcrumb":{"@id":"https:\/\/universofamilia.com\/cs\/quien-gana-esta-disputa-waymo-o-tesla\/#breadcrumb"},"inLanguage":"ro-RO","potentialAction":[{"@type":"ReadAction","target":["https:\/\/universofamilia.com\/cs\/quien-gana-esta-disputa-waymo-o-tesla\/"]}]},{"@type":"ImageObject","inLanguage":"ro-RO","@id":"https:\/\/universofamilia.com\/cs\/quien-gana-esta-disputa-waymo-o-tesla\/#primaryimage","url":"https:\/\/universofamilia.com\/wp-content\/uploads\/sites\/148\/2024\/07\/P-550x350-6-1.jpg","contentUrl":"https:\/\/universofamilia.com\/wp-content\/uploads\/sites\/148\/2024\/07\/P-550x350-6-1.jpg","width":550,"height":350,"caption":"\u00bfQui\u00e9n Gana esta Disputa? \u00bfWaymo o Tesla?"},{"@type":"BreadcrumbList","@id":"https:\/\/universofamilia.com\/cs\/quien-gana-esta-disputa-waymo-o-tesla\/#breadcrumb","itemListElement":[{"@type":"ListItem","position":1,"name":"Home","item":"https:\/\/universofamilia.com\/el\/"},{"@type":"ListItem","position":2,"name":"\u00bfQui\u00e9n Gana esta Disputa? \u00bfWaymo o Tesla?"}]},{"@type":"WebSite","@id":"https:\/\/universofamilia.com\/el\/#website","url":"https:\/\/universofamilia.com\/el\/","name":"Universo Fam\u00edlia","description":"","potentialAction":[{"@type":"SearchAction","target":{"@type":"EntryPoint","urlTemplate":"https:\/\/universofamilia.com\/el\/?s={search_term_string}"},"query-input":"required name=search_term_string"}],"inLanguage":"ro-RO"}]}},"_links":{"self":[{"href":"https:\/\/universofamilia.com\/ro\/wp-json\/wp\/v2\/posts\/6271"}],"collection":[{"href":"https:\/\/universofamilia.com\/ro\/wp-json\/wp\/v2\/posts"}],"about":[{"href":"https:\/\/universofamilia.com\/ro\/wp-json\/wp\/v2\/types\/post"}],"replies":[{"embeddable":true,"href":"https:\/\/universofamilia.com\/ro\/wp-json\/wp\/v2\/comments?post=6271"}],"version-history":[{"count":0,"href":"https:\/\/universofamilia.com\/ro\/wp-json\/wp\/v2\/posts\/6271\/revisions"}],"wp:featuredmedia":[{"embeddable":true,"href":"https:\/\/universofamilia.com\/ro\/wp-json\/wp\/v2\/media\/6272"}],"wp:attachment":[{"href":"https:\/\/universofamilia.com\/ro\/wp-json\/wp\/v2\/media?parent=6271"}],"wp:term":[{"taxonomy":"category","embeddable":true,"href":"https:\/\/universofamilia.com\/ro\/wp-json\/wp\/v2\/categories?post=6271"},{"taxonomy":"post_tag","embeddable":true,"href":"https:\/\/universofamilia.com\/ro\/wp-json\/wp\/v2\/tags?post=6271"}],"curies":[{"name":"wp","href":"https:\/\/api.w.org\/{rel}","templated":true}]}}