{"id":6630,"date":"2024-09-27T15:24:10","date_gmt":"2024-09-27T18:24:10","guid":{"rendered":"https:\/\/universofamilia.com\/?p=6630"},"modified":"2024-09-27T15:24:10","modified_gmt":"2024-09-27T18:24:10","slug":"te-para-combatir-insomnio-ansiedad","status":"publish","type":"post","link":"https:\/\/universofamilia.com\/ro\/te-para-combatir-insomnio-ansiedad\/","title":{"rendered":"Ceai pentru combaterea insomniei \u0219i anxiet\u0103\u021bii"},"content":{"rendered":"<p>Insomnia \u0219i anxietatea sunt probleme care afecteaz\u0103 milioane de oameni din \u00eentreaga lume.<\/p>\n\n\n\n<p>C\u0103utarea unor solu\u021bii naturale, cum ar fi ceaiurile, poate fi o modalitate excelent\u0103 de a \u00eembun\u0103t\u0103\u021bi calitatea somnului \u0219i de a reduce stresul eficient \u0219i f\u0103r\u0103 efecte secundare.<\/p>\n\n\n\n<p>\u00cen acest articol, vom explora beneficiile ceaiurilor pentru combaterea insomniei \u0219i a anxiet\u0103\u021bii, precum \u0219i v\u0103 vom prezenta aplica\u021bia. <em>Calm<\/em>, un instrument util pentru relaxare.<\/p>\n\n\n\n<p>De asemenea, vom \u00eemp\u0103rt\u0103\u0219i re\u021bete de ceai u\u0219or de preparat, care te vor ajuta s\u0103 te odihne\u0219ti mai bine. \ud83c\udf75\ud83d\udca4<\/p>\n\n\n\n<p><\/p>\n\n\n\n<hr class=\"wp-block-separator has-text-color has-luminous-vivid-orange-color has-alpha-channel-opacity has-luminous-vivid-orange-background-color has-background\"\/>\n\n\n\n<h2 class=\"wp-block-heading\">Cite\u0219te \u0219i:<\/h2>\n\n\n\n<div class=\"wp-block-columns is-layout-flex wp-container-core-columns-layout-1 wp-block-columns-is-layout-flex\">\n<div class=\"wp-block-column is-layout-flow wp-block-column-is-layout-flow\">\n<div class=\"wp-block-buttons is-layout-flex wp-block-buttons-is-layout-flex\">\n<div class=\"wp-block-button has-custom-width wp-block-button__width-100 is-style-outline\" style=\"text-decoration:none\"><a class=\"wp-block-button__link has-white-color has-vivid-cyan-blue-background-color has-text-color has-background has-link-color has-text-align-left wp-element-button\" href=\"https:\/\/universofamilia.com\/ro\/5893\/acelera-tu-celular-despierta-tu-productividad\/\" style=\"border-radius:10px\"><font style=\"vertical-align: inherit;\"><font style=\"vertical-align: inherit;\">\ud83d\udccc Accelereaz\u0103-\u021bi telefonul mobil<\/font><\/font> &gt;<\/a><\/div>\n\n\n\n<div class=\"wp-block-button has-custom-width wp-block-button__width-100 is-style-outline\" style=\"text-decoration:none\"><a class=\"wp-block-button__link has-white-color has-vivid-cyan-blue-background-color has-text-color has-background has-link-color has-text-align-left wp-element-button\" href=\"https:\/\/universofamilia.com\/ro\/5869\/descubre-quien-te-esta-observando-en-las-redes-sociales\/\" style=\"border-radius:10px\">\ud83d\udccc Cine \u021bi-a vizitat profilul<\/a><\/div>\n\n\n\n<div class=\"wp-block-button has-custom-width wp-block-button__width-100 is-style-outline\" style=\"text-decoration:none\"><a class=\"wp-block-button__link has-white-color has-vivid-cyan-blue-background-color has-text-color has-background has-link-color has-text-align-left wp-element-button\" href=\"https:\/\/universofamilia.com\/ro\/6414\/aplicaciones-para-limpiar-el-celular-y-aumentar-espacio\/\" style=\"border-radius:10px\">\ud83d\udcbe Aplica\u021bii pentru m\u0103rirea spa\u021biului<\/a><\/div>\n\n\n\n<div class=\"wp-block-button has-custom-width wp-block-button__width-100 is-style-outline\" style=\"text-decoration:none\"><a class=\"wp-block-button__link has-white-color has-vivid-cyan-blue-background-color has-text-color has-background has-link-color has-text-align-left wp-element-button\" href=\"https:\/\/universofamilia.com\/ro\/6568\/aprende-mecanica-automotriz-aplicacion\/\" style=\"border-radius:10px\">\ud83d\udccc \u00cenva\u021b\u0103 mecanica auto cu o aplica\u021bie<\/a><\/div>\n<\/div>\n<\/div>\n<\/div>\n\n\n\n<hr class=\"wp-block-separator has-text-color has-luminous-vivid-orange-color has-alpha-channel-opacity has-luminous-vivid-orange-background-color has-background\"\/>\n\n\n\n<p><\/p>\n\n\n\n<h2 class=\"wp-block-heading\">Beneficiile ceaiurilor pentru insomnie \u0219i anxietate<\/h2>\n\n\n\n<p>Ceaiurile din plante sunt cunoscute pentru propriet\u0103\u021bile lor calmante \u0219i relaxante.<\/p>\n\n\n\n<p>Sunt o op\u021biune accesibil\u0103 \u0219i sigur\u0103 pentru cei care doresc s\u0103 scape de stresul zilnic \u0219i s\u0103 \u00ee\u0219i \u00eembun\u0103t\u0103\u021beasc\u0103 somnul nocturn.<\/p>\n\n\n\n<p>Plantele folosite \u00een aceste ceaiuri con\u021bin compu\u0219i naturali care ajut\u0103 la calmarea sistemului nervos, relaxarea mu\u0219chilor \u0219i reducerea tensiunii mentale.<\/p>\n\n\n<div class=\"wp-block-image\">\n<figure class=\"aligncenter size-full\"><img loading=\"lazy\" decoding=\"async\" width=\"550\" height=\"350\" src=\"http:\/\/universofamilia.com\/wp-content\/uploads\/sites\/148\/2024\/09\/P-550x350-3-12.jpg\" alt=\"\" class=\"wp-image-6632\" srcset=\"https:\/\/universofamilia.com\/wp-content\/uploads\/sites\/148\/2024\/09\/P-550x350-3-12.jpg 550w, https:\/\/universofamilia.com\/wp-content\/uploads\/sites\/148\/2024\/09\/P-550x350-3-12-300x191.jpg 300w\" sizes=\"(max-width: 550px) 100vw, 550px\" \/><figcaption class=\"wp-element-caption\">Ceai pentru combaterea insomniei \u0219i anxiet\u0103\u021bii<\/figcaption><\/figure><\/div>\n\n\n<h4 class=\"wp-block-heading\">Principalele beneficii ale ceaiurilor:<\/h4>\n\n\n\n<ul class=\"wp-block-list\">\n<li><strong>Relaxare mental\u0103<\/strong>Plantele medicinale promoveaz\u0103 o senza\u021bie de calm, reduc\u00e2nd agita\u021bia mental\u0103.<\/li>\n\n\n\n<li><strong>Somn \u00eembun\u0103t\u0103\u021bit<\/strong>Consumul regulat de ceaiuri relaxante poate \u00eembun\u0103t\u0103\u021bi calitatea somnului pe termen lung.<\/li>\n\n\n\n<li><strong>Reducerea anxiet\u0103\u021bii<\/strong>Unele ceaiuri con\u021bin compu\u0219i specifici care ajut\u0103 la ameliorarea simptomelor de anxietate.<\/li>\n\n\n\n<li><strong>Alternativ\u0103 natural\u0103<\/strong>Sunt o op\u021biune f\u0103r\u0103 efecte secundare \u00een compara\u021bie cu medicamentele eliberate pe baz\u0103 de re\u021bet\u0103.<\/li>\n<\/ul>\n\n\n\n<h2 class=\"wp-block-heading\">Re\u021bet\u0103 de ceai de valerian\u0103<\/h2>\n\n\n\n<p>Valeriana este o plant\u0103 renumit\u0103 pentru propriet\u0103\u021bile sale sedative naturale.<\/p>\n\n\n\n<p>Ceaiul s\u0103u este perfect pentru cei care sufer\u0103 de insomnie, deoarece ajut\u0103 la inducerea somnului \u0219i la reducerea anxiet\u0103\u021bii. \ud83c\udf3f<\/p>\n\n\n\n<p><strong>Ingrediente<\/strong>:<\/p>\n\n\n\n<ul class=\"wp-block-list\">\n<li>1 linguri\u021b\u0103 de r\u0103d\u0103cin\u0103 de valerian\u0103 uscat\u0103<\/li>\n\n\n\n<li>250 ml de ap\u0103 fierbinte<\/li>\n<\/ul>\n\n\n\n<p><strong>Preg\u0103tire<\/strong>:<\/p>\n\n\n\n<ol class=\"wp-block-list\">\n<li>Fierbe\u021bi apa \u0219i ad\u0103uga\u021bi r\u0103d\u0103cina de valerian\u0103.<\/li>\n\n\n\n<li>Las\u0103-l s\u0103 se odihneasc\u0103 timp de 10 minute.<\/li>\n\n\n\n<li>Strecura\u021bi \u0219i be\u021bi cu aproximativ 30 de minute \u00eenainte de culcare.<\/li>\n<\/ol>\n\n\n\n<p>Acest ceai trebuie consumat cu modera\u021bie, deoarece utilizarea prelungit\u0103 poate provoca somnolen\u021b\u0103 \u00een timpul zilei.<\/p>\n\n\n\n<p>Mul\u021bi oameni raporteaz\u0103 o \u00eembun\u0103t\u0103\u021bire a calit\u0103\u021bii somnului dup\u0103 o s\u0103pt\u0103m\u00e2n\u0103 de utilizare regulat\u0103.<\/p>\n\n\n\n<p><\/p>\n\n\n\n<hr class=\"wp-block-separator has-text-color has-vivid-purple-color has-alpha-channel-opacity has-vivid-purple-background-color has-background\"\/>\n\n\n\n<h2 class=\"wp-block-heading\">Con\u021binut exclusiv \u0219i gratuit \u00een e-mailul t\u0103u!<\/h2>\n\n\n\n<ul class=\"wp-block-list\">\n<li style=\"font-style:normal;font-weight:500\" class=\"has-medium-font-size\">Prime\u0219te toate nout\u0103\u021bile;<\/li>\n\n\n\n<li style=\"font-style:normal;font-weight:500\" class=\"has-medium-font-size\">Con\u021binut incredibil \u00een palma ta;<\/li>\n\n\n\n<li style=\"font-style:normal;font-weight:500\" class=\"has-medium-font-size\">Aboneaz\u0103-te acum.<\/li>\n<\/ul>\n\n\n\n<div class=\"wp-block-media-text is-stacked-on-mobile is-vertically-aligned-center has-vivid-red-color has-text-color has-link-color wp-elements-f65c0b9eaa40a3cda7f58392480b43a2\" style=\"grid-template-columns:40% auto\"><figure class=\"wp-block-media-text__media\"><img loading=\"lazy\" decoding=\"async\" width=\"256\" height=\"256\" src=\"http:\/\/universofamilia.com\/wp-content\/uploads\/sites\/148\/2024\/09\/RECEBA-E-MAIL-1.png\" alt=\"\u00cenregistra\u021bi adresa de e-mail\" class=\"wp-image-6592 size-full\" srcset=\"https:\/\/universofamilia.com\/wp-content\/uploads\/sites\/148\/2024\/09\/RECEBA-E-MAIL-1.png 256w, https:\/\/universofamilia.com\/wp-content\/uploads\/sites\/148\/2024\/09\/RECEBA-E-MAIL-1-150x150.png 150w\" sizes=\"(max-width: 256px) 100vw, 256px\" \/><\/figure><div class=\"wp-block-media-text__content\">\n\n\n\n<p><\/p>\n<\/div><\/div>\n\n\n\n<hr class=\"wp-block-separator has-text-color has-vivid-purple-color has-alpha-channel-opacity has-vivid-purple-background-color has-background is-style-wide\"\/>\n\n\n\n<p><\/p>\n\n\n\n<h2 class=\"wp-block-heading\">Re\u021bet\u0103 de ceai de lavand\u0103<\/h2>\n\n\n\n<p>Lavanda este o alt\u0103 plant\u0103 bine cunoscut\u0103 pentru efectele sale relaxante. Ceaiul s\u0103u este fin, aromat \u0219i ajut\u0103 la calmarea min\u021bii, fiind ideal pentru reducerea anxiet\u0103\u021bii. \ud83c\udf38<\/p>\n\n\n\n<p><strong>Ingrediente<\/strong>:<\/p>\n\n\n\n<ul class=\"wp-block-list\">\n<li>1 linguri\u021b\u0103 de flori uscate de lavand\u0103<\/li>\n\n\n\n<li>250 ml de ap\u0103 fierbinte<\/li>\n<\/ul>\n\n\n\n<p><strong>Preg\u0103tire<\/strong>:<\/p>\n\n\n\n<ol class=\"wp-block-list\">\n<li>Fierbe\u021bi apa \u0219i ad\u0103uga\u021bi florile de lavand\u0103.<\/li>\n\n\n\n<li>L\u0103sa\u021bi s\u0103 stea timp de 5 p\u00e2n\u0103 la 7 minute.<\/li>\n\n\n\n<li>Strecura\u021bi \u0219i be\u021bi imediat dup\u0103 preparare.<\/li>\n<\/ol>\n\n\n\n<p>Acest ceai poate fi luat de mai multe ori pe zi pentru a \u021bine anxietatea sub control \u0219i a ob\u021bine o senza\u021bie de lini\u0219te de durat\u0103.<\/p>\n\n\n\n<h2 class=\"wp-block-heading\">Re\u021bet\u0103 de ceai de mu\u0219e\u021bel<\/h2>\n\n\n\n<p>Ceaiul de mu\u0219e\u021bel este probabil cel mai bine cunoscut pentru propriet\u0103\u021bile sale calmante. Este fin, u\u0219or de preparat \u0219i potrivit pentru toate v\u00e2rstele. \ud83c\udf3c<\/p>\n\n\n\n<p><strong>Ingrediente<\/strong>:<\/p>\n\n\n\n<ul class=\"wp-block-list\">\n<li>1 lingur\u0103 de flori uscate de mu\u0219e\u021bel<\/li>\n\n\n\n<li>250 ml de ap\u0103 fierbinte<\/li>\n<\/ul>\n\n\n\n<p><strong>Preg\u0103tire<\/strong>:<\/p>\n\n\n\n<ol class=\"wp-block-list\">\n<li>Ad\u0103uga\u021bi florile de mu\u0219e\u021bel \u00een apa fierbinte.<\/li>\n\n\n\n<li>L\u0103sa\u021bi-l s\u0103 se odihneasc\u0103 timp de 5 p\u00e2n\u0103 la 10 minute.<\/li>\n\n\n\n<li>Strecura\u021bi \u0219i savura\u021bi \u00eenainte de culcare.<\/li>\n<\/ol>\n\n\n\n<p>Acest ceai are un efect relaxant imediat \u0219i este perfect pentru cei care caut\u0103 o solu\u021bie rapid\u0103 de relaxare \u00eenainte de culcare.<\/p>\n\n\n\n<h2 class=\"wp-block-heading\">Aplica\u021bie recomandat\u0103: <em>Calm<\/em><\/h2>\n\n\n\n<p>Pe l\u00e2ng\u0103 ceaiuri, utilizarea aplica\u021biilor axate pe relaxare \u0219i bun\u0103stare poate fi o modalitate excelent\u0103 de a combate insomnia \u0219i anxietatea.<\/p>\n\n\n\n<p>Una dintre cele mai populare aplica\u021bii este <em>Calm<\/em>, care ofer\u0103 medita\u021bii ghidate, sunete relaxante \u0219i exerci\u021bii de respira\u021bie care ajut\u0103 la calmarea min\u021bii \u0219i la \u00eembun\u0103t\u0103\u021birea calit\u0103\u021bii somnului. \ud83d\ude0c\ud83d\udcf1<\/p>\n\n\n\n<h4 class=\"wp-block-heading\">Beneficiile aplica\u021biei <em>Calm<\/em>:<\/h4>\n\n\n\n<ul class=\"wp-block-list\">\n<li><strong>Medita\u021bii ghidate<\/strong>: <em>Calm<\/em> ofer\u0103 o varietate de medita\u021bii concepute pentru diferite nevoi, cum ar fi reducerea stresului sau \u00eembun\u0103t\u0103\u021birea somnului.<\/li>\n\n\n\n<li><strong>Sunete relaxante<\/strong>V\u0103 pute\u021bi bucura de o selec\u021bie de sunete naturale \u0219i melodii calme care s\u0103 v\u0103 \u00eenso\u021beasc\u0103 relaxarea.<\/li>\n\n\n\n<li><strong>Exerci\u021bii de respira\u021bie<\/strong>Tehnici de respira\u021bie ghidat\u0103 care ajut\u0103 la calmarea corpului \u0219i a min\u021bii \u00een perioadele de anxietate.<\/li>\n<\/ul>\n\n\n<div class=\"wp-block-image\">\n<figure class=\"aligncenter size-full\"><img loading=\"lazy\" decoding=\"async\" width=\"550\" height=\"350\" src=\"http:\/\/universofamilia.com\/wp-content\/uploads\/sites\/148\/2024\/09\/P-550x350-4-4.jpg\" alt=\"\" class=\"wp-image-6631\" srcset=\"https:\/\/universofamilia.com\/wp-content\/uploads\/sites\/148\/2024\/09\/P-550x350-4-4.jpg 550w, https:\/\/universofamilia.com\/wp-content\/uploads\/sites\/148\/2024\/09\/P-550x350-4-4-300x191.jpg 300w\" sizes=\"(max-width: 550px) 100vw, 550px\" \/><figcaption class=\"wp-element-caption\">Ceai pentru combaterea insomniei \u0219i anxiet\u0103\u021bii<\/figcaption><\/figure><\/div>\n\n\n<h3 class=\"wp-block-heading\">Recenzii ale utilizatorilor<\/h3>\n\n\n\n<p>Acestea sunt c\u00e2teva dintre opiniile persoanelor care au folosit aplica\u021bia <em>Calm<\/em>:<\/p>\n\n\n\n<ul class=\"wp-block-list\">\n<li><strong>Ana M. (Apple Store)<\/strong>El <em>Calm<\/em> mi-a schimbat felul \u00een care m\u0103 relaxez. \u201eAcum pot adormi mult mai repede \u0219i m\u0103 pot trezi mai odihnit.\u201d \ud83c\udf1f\ud83c\udf1f\ud83c\udf1f\ud83c\udf1f\ud83c\udf1f\ud83c\udf1f<\/li>\n\n\n\n<li><strong>Carlos R. (Google Play)<\/strong>\u201eSunetele lini\u0219titoare \u0219i interfa\u021ba simpl\u0103 fac aplica\u021bia foarte u\u0219or de utilizat. Anxietatea mea s-a \u00eembun\u0103t\u0103\u021bit de c\u00e2nd am \u00eenceput s\u0103 o folosesc.\u201d \ud83c\udf1f\ud83c\udf1f\ud83c\udf1f\ud83c\udf1f\ud83c\udf1f<\/li>\n\n\n\n<li><strong>Maria T. (Apple Store)<\/strong>: &quot;V\u0103 recomand <em>Calm<\/em> tuturor prietenilor mei. \u201eEste o parte esen\u021bial\u0103 a rutinei mele zilnice pentru a reduce stresul.\u201d \ud83c\udf1f\ud83c\udf1f\ud83c\udf1f\ud83c\udf1f\ud83c\udf1f\ud83c\udf1f<\/li>\n<\/ul>\n\n\n\n<h3 class=\"wp-block-heading\">Cum se instaleaz\u0103 aplica\u021bia<\/h3>\n\n\n\n<p><strong>Linkuri de desc\u0103rcare<\/strong>:<\/p>\n\n\n\n<div class=\"wp-block-columns is-layout-flex wp-container-core-columns-layout-2 wp-block-columns-is-layout-flex\">\n<div class=\"wp-block-column is-layout-flow wp-block-column-is-layout-flow\">\n<div class=\"wp-block-buttons is-layout-flex wp-block-buttons-is-layout-flex\">\n<div class=\"wp-block-button has-custom-width wp-block-button__width-100\" style=\"text-decoration:none\"><a class=\"wp-block-button__link has-white-color has-text-color has-background has-link-color has-text-align-left wp-element-button\" href=\"https:\/\/play.google.com\/store\/apps\/details?id=com.calm.android&amp;hl=pt_BR\" style=\"border-radius:10px;background-color:#aea4e0\" target=\"_blank\" rel=\"noreferrer noopener\"><strong><font style=\"vertical-align: inherit;\"><font style=\"vertical-align: inherit;\">\ud83d\udce5 <\/font><\/font>Accesa\u021bi Google Play: Calm<\/strong> <strong>pentru Android<\/strong><\/a><\/div>\n\n\n\n<div class=\"wp-block-button has-custom-width wp-block-button__width-100\" style=\"text-decoration:none\"><a class=\"wp-block-button__link has-white-color has-text-color has-background has-link-color has-text-align-left wp-element-button\" href=\"https:\/\/apps.apple.com\/br\/app\/calm-medita%C3%A7%C3%A3o-e-sono\/id571800810\" style=\"border-radius:10px;background-color:#d0d0d0\" target=\"_blank\" rel=\"noreferrer noopener\"><mark style=\"background-color:rgba(0, 0, 0, 0)\" class=\"has-inline-color has-black-color\"><strong>\ud83d\udce5 Acceseaz\u0103 Apple Store: Calm<\/strong><\/mark> <mark style=\"background-color:rgba(0, 0, 0, 0)\" class=\"has-inline-color has-black-color\"><strong>pentru iOS<\/strong><\/mark><\/a><\/div>\n<\/div>\n<\/div>\n<\/div>\n\n\n\n<h2 class=\"wp-block-heading\">Concluzie<\/h2>\n\n\n\n<p>Ceaiurile pentru combaterea insomniei \u0219i a anxiet\u0103\u021bii sunt o solu\u021bie natural\u0103 \u0219i eficient\u0103 pentru \u00eembun\u0103t\u0103\u021birea calit\u0103\u021bii vie\u021bii.<\/p>\n\n\n\n<p>Combinat cu instrumente digitale precum aplica\u021bia <em>Calm<\/em>, poate face o mare diferen\u021b\u0103 \u00een bun\u0103starea ta zilnic\u0103.<\/p>\n\n\n\n<p>Nu ezita\u021bi s\u0103 \u00eencerca\u021bi aceste re\u021bete de ceai \u0219i s\u0103 folosi\u021bi <em>Calm<\/em> pentru a ob\u021bine o mai mare relaxare \u0219i lini\u0219te. \ud83c\udf75\ud83d\udca4<\/p>\n\n\n\n<p>Dac\u0103 a\u021bi g\u0103sit acest articol util, v\u0103 rug\u0103m s\u0103 \u00eel distribui\u021bi prietenilor \u0219i familiei!<\/p>\n\n\n\n<p>De asemenea, v\u0103 invit\u0103m s\u0103 explora\u021bi \u0219i celelalte con\u021binuturi ale blogului nostru pentru a descoperi mai multe modalit\u0103\u021bi de a v\u0103 \u00eembun\u0103t\u0103\u021bi s\u0103n\u0103tatea \u0219i bun\u0103starea.<\/p>\n\n\n\n<h3 class=\"wp-block-heading\">\u00centreb\u0103ri frecvente: Beneficiile consumului de ceai<\/h3>\n\n\n\n<p><strong>Care este cel mai bun ceai pentru a combate anxietatea?<\/strong> Ceaiul de mu\u0219e\u021bel \u0219i ceaiul de lavand\u0103 sunt op\u021biuni excelente pentru ameliorarea anxiet\u0103\u021bii. Ambele au propriet\u0103\u021bi calmante care ajut\u0103 la relaxarea min\u021bii \u0219i a corpului.<\/p>\n\n\n\n<p><strong>Consumul de ceai \u00eenainte de culcare ajut\u0103 la \u00eembun\u0103t\u0103\u021birea somnului?<\/strong> Da, unele ceaiuri, precum cele de valerian\u0103 \u0219i mu\u0219e\u021bel, au efecte sedative u\u0219oare care faciliteaz\u0103 somnul \u0219i \u00eembun\u0103t\u0103\u021besc calitatea odihnei.<\/p>\n\n\n\n<p><strong>Este sigur s\u0103 bei ceai de valerian\u0103 \u00een fiecare zi?<\/strong> Ceaiul de valerian\u0103 este sigur atunci c\u00e2nd este consumat cu modera\u021bie. Totu\u0219i, se recomand\u0103 s\u0103 nu se consume \u00een exces, deoarece poate provoca somnolen\u021b\u0103 \u00een timpul zilei dac\u0103 este consumat excesiv.<\/p>\n\n\n\n<p><\/p>\n\n\n\n<hr class=\"wp-block-separator has-text-color has-vivid-purple-color has-alpha-channel-opacity has-vivid-purple-background-color has-background\"\/>\n\n\n\n<h2 class=\"wp-block-heading\">Con\u021binut exclusiv \u0219i gratuit \u00een e-mailul t\u0103u!<\/h2>\n\n\n\n<ul class=\"wp-block-list\">\n<li style=\"font-style:normal;font-weight:500\" class=\"has-medium-font-size\">Prime\u0219te toate nout\u0103\u021bile;<\/li>\n\n\n\n<li style=\"font-style:normal;font-weight:500\" class=\"has-medium-font-size\">Con\u021binut incredibil \u00een palma ta;<\/li>\n\n\n\n<li style=\"font-style:normal;font-weight:500\" class=\"has-medium-font-size\">Aboneaz\u0103-te acum.<\/li>\n<\/ul>\n\n\n\n<div class=\"wp-block-media-text is-stacked-on-mobile is-vertically-aligned-center has-vivid-red-color has-text-color has-link-color wp-elements-f65c0b9eaa40a3cda7f58392480b43a2\" style=\"grid-template-columns:40% auto\"><figure class=\"wp-block-media-text__media\"><img loading=\"lazy\" decoding=\"async\" width=\"256\" height=\"256\" src=\"http:\/\/universofamilia.com\/wp-content\/uploads\/sites\/148\/2024\/09\/RECEBA-E-MAIL-1.png\" alt=\"\u00cenregistra\u021bi adresa de e-mail\" class=\"wp-image-6592 size-full\" srcset=\"https:\/\/universofamilia.com\/wp-content\/uploads\/sites\/148\/2024\/09\/RECEBA-E-MAIL-1.png 256w, https:\/\/universofamilia.com\/wp-content\/uploads\/sites\/148\/2024\/09\/RECEBA-E-MAIL-1-150x150.png 150w\" sizes=\"(max-width: 256px) 100vw, 256px\" \/><\/figure><div class=\"wp-block-media-text__content\">\n\n\n\n<p><\/p>\n<\/div><\/div>\n\n\n\n<hr class=\"wp-block-separator has-text-color has-vivid-purple-color has-alpha-channel-opacity has-vivid-purple-background-color has-background is-style-wide\"\/>\n\n\n\n<p><\/p>","protected":false},"excerpt":{"rendered":"<p>Insomnia \u0219i anxietatea sunt probleme care afecteaz\u0103 milioane de oameni din \u00eentreaga lume. C\u0103utarea unor solu\u021bii naturale, cum ar fi ceaiurile, poate fi o modalitate excelent\u0103 de a \u00eembun\u0103t\u0103\u021bi calitatea somnului \u0219i de a reduce stresul \u00een mod eficient \u0219i f\u0103r\u0103 efecte secundare. \u00cen acest articol, vom explora beneficiile [\u2026]<\/p>","protected":false},"author":0,"featured_media":6632,"comment_status":"closed","ping_status":"open","sticky":false,"template":"","format":"standard","meta":{"footnotes":""},"categories":[2],"tags":[581,1507],"yoast_head":"<!-- This site is optimized with the Yoast SEO plugin v23.3 - https:\/\/yoast.com\/wordpress\/plugins\/seo\/ -->\n<title>T\u00e9 para Combatir el Insomnio y la Ansiedad - Universo Fam\u00edlia<\/title>\n<meta name=\"description\" content=\"T\u00e9 para Combatir el Insomnio y la Ansiedad. El insomnio y la ansiedad son problemas que afectan a millones de personas en todo el mundo.\" \/>\n<meta name=\"robots\" content=\"index, follow, max-snippet:-1, max-image-preview:large, max-video-preview:-1\" \/>\n<link rel=\"canonical\" href=\"https:\/\/universofamilia.com\/ro\/te-para-combatir-insomnio-ansiedad\/\" \/>\n<meta property=\"og:locale\" content=\"ro_RO\" \/>\n<meta property=\"og:type\" content=\"article\" \/>\n<meta property=\"og:title\" content=\"T\u00e9 para Combatir el Insomnio y la Ansiedad - Universo Fam\u00edlia\" \/>\n<meta property=\"og:description\" content=\"T\u00e9 para Combatir el Insomnio y la Ansiedad. El insomnio y la ansiedad son problemas que afectan a millones de personas en todo el mundo.\" \/>\n<meta property=\"og:url\" content=\"https:\/\/universofamilia.com\/ro\/te-para-combatir-insomnio-ansiedad\/\" \/>\n<meta property=\"og:site_name\" content=\"Universo Fam\u00edlia\" \/>\n<meta property=\"article:published_time\" content=\"2024-09-27T18:24:10+00:00\" \/>\n<meta property=\"og:image\" content=\"https:\/\/universofamilia.com\/wp-content\/uploads\/sites\/148\/2024\/09\/P-550x350-3-12.jpg\" \/>\n\t<meta property=\"og:image:width\" content=\"550\" \/>\n\t<meta property=\"og:image:height\" content=\"350\" \/>\n\t<meta property=\"og:image:type\" content=\"image\/jpeg\" \/>\n<meta name=\"twitter:card\" content=\"summary_large_image\" \/>\n<meta name=\"twitter:label1\" content=\"Est. reading time\" \/>\n\t<meta name=\"twitter:data1\" content=\"7 minute\" \/>\n<script type=\"application\/ld+json\" class=\"yoast-schema-graph\">{\"@context\":\"https:\/\/schema.org\",\"@graph\":[{\"@type\":\"WebPage\",\"@id\":\"https:\/\/universofamilia.com\/bn\/te-para-combatir-insomnio-ansiedad\/\",\"url\":\"https:\/\/universofamilia.com\/bn\/te-para-combatir-insomnio-ansiedad\/\",\"name\":\"T\u00e9 para Combatir el Insomnio y la Ansiedad - Universo Fam\u00edlia\",\"isPartOf\":{\"@id\":\"http:\/\/universofamilia.com\/zh_hk\/#website\"},\"primaryImageOfPage\":{\"@id\":\"https:\/\/universofamilia.com\/bn\/te-para-combatir-insomnio-ansiedad\/#primaryimage\"},\"image\":{\"@id\":\"https:\/\/universofamilia.com\/bn\/te-para-combatir-insomnio-ansiedad\/#primaryimage\"},\"thumbnailUrl\":\"https:\/\/universofamilia.com\/wp-content\/uploads\/sites\/148\/2024\/09\/P-550x350-3-12.jpg\",\"datePublished\":\"2024-09-27T18:24:10+00:00\",\"dateModified\":\"2024-09-27T18:24:10+00:00\",\"author\":{\"@id\":\"\"},\"description\":\"T\u00e9 para Combatir el Insomnio y la Ansiedad. El insomnio y la ansiedad son problemas que afectan a millones de personas en todo el mundo.\",\"breadcrumb\":{\"@id\":\"https:\/\/universofamilia.com\/bn\/te-para-combatir-insomnio-ansiedad\/#breadcrumb\"},\"inLanguage\":\"ro-RO\",\"potentialAction\":[{\"@type\":\"ReadAction\",\"target\":[\"https:\/\/universofamilia.com\/bn\/te-para-combatir-insomnio-ansiedad\/\"]}]},{\"@type\":\"ImageObject\",\"inLanguage\":\"ro-RO\",\"@id\":\"https:\/\/universofamilia.com\/bn\/te-para-combatir-insomnio-ansiedad\/#primaryimage\",\"url\":\"https:\/\/universofamilia.com\/wp-content\/uploads\/sites\/148\/2024\/09\/P-550x350-3-12.jpg\",\"contentUrl\":\"https:\/\/universofamilia.com\/wp-content\/uploads\/sites\/148\/2024\/09\/P-550x350-3-12.jpg\",\"width\":550,\"height\":350,\"caption\":\"T\u00e9 para Combatir el Insomnio y la Ansiedad\"},{\"@type\":\"BreadcrumbList\",\"@id\":\"https:\/\/universofamilia.com\/bn\/te-para-combatir-insomnio-ansiedad\/#breadcrumb\",\"itemListElement\":[{\"@type\":\"ListItem\",\"position\":1,\"name\":\"Home\",\"item\":\"http:\/\/universofamilia.com\/zh_hk\/\"},{\"@type\":\"ListItem\",\"position\":2,\"name\":\"T\u00e9 para Combatir el Insomnio y la Ansiedad\"}]},{\"@type\":\"WebSite\",\"@id\":\"http:\/\/universofamilia.com\/zh_hk\/#website\",\"url\":\"http:\/\/universofamilia.com\/zh_hk\/\",\"name\":\"Universo Fam\u00edlia\",\"description\":\"\",\"potentialAction\":[{\"@type\":\"SearchAction\",\"target\":{\"@type\":\"EntryPoint\",\"urlTemplate\":\"http:\/\/universofamilia.com\/zh_hk\/?s={search_term_string}\"},\"query-input\":\"required name=search_term_string\"}],\"inLanguage\":\"ro-RO\"}]}<\/script>\n<!-- \/ Yoast SEO plugin. -->","yoast_head_json":{"title":"T\u00e9 para Combatir el Insomnio y la Ansiedad - Universo Fam\u00edlia","description":"T\u00e9 para Combatir el Insomnio y la Ansiedad. El insomnio y la ansiedad son problemas que afectan a millones de personas en todo el mundo.","robots":{"index":"index","follow":"follow","max-snippet":"max-snippet:-1","max-image-preview":"max-image-preview:large","max-video-preview":"max-video-preview:-1"},"canonical":"https:\/\/universofamilia.com\/ro\/te-para-combatir-insomnio-ansiedad\/","og_locale":"ro_RO","og_type":"article","og_title":"T\u00e9 para Combatir el Insomnio y la Ansiedad - Universo Fam\u00edlia","og_description":"T\u00e9 para Combatir el Insomnio y la Ansiedad. El insomnio y la ansiedad son problemas que afectan a millones de personas en todo el mundo.","og_url":"https:\/\/universofamilia.com\/ro\/te-para-combatir-insomnio-ansiedad\/","og_site_name":"Universo Fam\u00edlia","article_published_time":"2024-09-27T18:24:10+00:00","og_image":[{"width":550,"height":350,"url":"https:\/\/universofamilia.com\/wp-content\/uploads\/sites\/148\/2024\/09\/P-550x350-3-12.jpg","type":"image\/jpeg"}],"twitter_card":"summary_large_image","twitter_misc":{"Est. reading time":"7 minute"},"schema":{"@context":"https:\/\/schema.org","@graph":[{"@type":"WebPage","@id":"https:\/\/universofamilia.com\/bn\/te-para-combatir-insomnio-ansiedad\/","url":"https:\/\/universofamilia.com\/bn\/te-para-combatir-insomnio-ansiedad\/","name":"T\u00e9 para Combatir el Insomnio y la Ansiedad - Universo Fam\u00edlia","isPartOf":{"@id":"http:\/\/universofamilia.com\/zh_hk\/#website"},"primaryImageOfPage":{"@id":"https:\/\/universofamilia.com\/bn\/te-para-combatir-insomnio-ansiedad\/#primaryimage"},"image":{"@id":"https:\/\/universofamilia.com\/bn\/te-para-combatir-insomnio-ansiedad\/#primaryimage"},"thumbnailUrl":"https:\/\/universofamilia.com\/wp-content\/uploads\/sites\/148\/2024\/09\/P-550x350-3-12.jpg","datePublished":"2024-09-27T18:24:10+00:00","dateModified":"2024-09-27T18:24:10+00:00","author":{"@id":""},"description":"T\u00e9 para Combatir el Insomnio y la Ansiedad. El insomnio y la ansiedad son problemas que afectan a millones de personas en todo el mundo.","breadcrumb":{"@id":"https:\/\/universofamilia.com\/bn\/te-para-combatir-insomnio-ansiedad\/#breadcrumb"},"inLanguage":"ro-RO","potentialAction":[{"@type":"ReadAction","target":["https:\/\/universofamilia.com\/bn\/te-para-combatir-insomnio-ansiedad\/"]}]},{"@type":"ImageObject","inLanguage":"ro-RO","@id":"https:\/\/universofamilia.com\/bn\/te-para-combatir-insomnio-ansiedad\/#primaryimage","url":"https:\/\/universofamilia.com\/wp-content\/uploads\/sites\/148\/2024\/09\/P-550x350-3-12.jpg","contentUrl":"https:\/\/universofamilia.com\/wp-content\/uploads\/sites\/148\/2024\/09\/P-550x350-3-12.jpg","width":550,"height":350,"caption":"T\u00e9 para Combatir el Insomnio y la Ansiedad"},{"@type":"BreadcrumbList","@id":"https:\/\/universofamilia.com\/bn\/te-para-combatir-insomnio-ansiedad\/#breadcrumb","itemListElement":[{"@type":"ListItem","position":1,"name":"Home","item":"http:\/\/universofamilia.com\/zh_hk\/"},{"@type":"ListItem","position":2,"name":"T\u00e9 para Combatir el Insomnio y la Ansiedad"}]},{"@type":"WebSite","@id":"http:\/\/universofamilia.com\/zh_hk\/#website","url":"http:\/\/universofamilia.com\/zh_hk\/","name":"Universo Fam\u00edlia","description":"","potentialAction":[{"@type":"SearchAction","target":{"@type":"EntryPoint","urlTemplate":"http:\/\/universofamilia.com\/zh_hk\/?s={search_term_string}"},"query-input":"required name=search_term_string"}],"inLanguage":"ro-RO"}]}},"_links":{"self":[{"href":"https:\/\/universofamilia.com\/ro\/wp-json\/wp\/v2\/posts\/6630"}],"collection":[{"href":"https:\/\/universofamilia.com\/ro\/wp-json\/wp\/v2\/posts"}],"about":[{"href":"https:\/\/universofamilia.com\/ro\/wp-json\/wp\/v2\/types\/post"}],"replies":[{"embeddable":true,"href":"https:\/\/universofamilia.com\/ro\/wp-json\/wp\/v2\/comments?post=6630"}],"version-history":[{"count":0,"href":"https:\/\/universofamilia.com\/ro\/wp-json\/wp\/v2\/posts\/6630\/revisions"}],"wp:featuredmedia":[{"embeddable":true,"href":"https:\/\/universofamilia.com\/ro\/wp-json\/wp\/v2\/media\/6632"}],"wp:attachment":[{"href":"https:\/\/universofamilia.com\/ro\/wp-json\/wp\/v2\/media?parent=6630"}],"wp:term":[{"taxonomy":"category","embeddable":true,"href":"https:\/\/universofamilia.com\/ro\/wp-json\/wp\/v2\/categories?post=6630"},{"taxonomy":"post_tag","embeddable":true,"href":"https:\/\/universofamilia.com\/ro\/wp-json\/wp\/v2\/tags?post=6630"}],"curies":[{"name":"wp","href":"https:\/\/api.w.org\/{rel}","templated":true}]}}