{"id":6813,"date":"2024-10-11T16:47:25","date_gmt":"2024-10-11T19:47:25","guid":{"rendered":"https:\/\/universofamilia.com\/?p=6813"},"modified":"2025-12-26T16:22:42","modified_gmt":"2025-12-26T19:22:42","slug":"aplicacion-de-cabello","status":"publish","type":"post","link":"https:\/\/universofamilia.com\/ro\/aplicacion-de-cabello\/","title":{"rendered":"Aplicare p\u0103r: Transform\u0103-\u021bi look-ul acum!"},"content":{"rendered":"<p>\u021ai-ai imaginat vreodat\u0103 c\u0103 po\u021bi \u00eencerca diferite coafuri f\u0103r\u0103 s\u0103 ie\u0219i de acas\u0103 sau s\u0103-\u021bi compromi\u021bi p\u0103rul?<\/p>\n\n\n\n<p>Fie c\u0103 este vorba de o transformare complet\u0103 sau de o schimbare subtil\u0103 de zi cu zi, aplica\u021biile de p\u0103r sunt solu\u021bia ideal\u0103 pentru cele care vor s\u0103 experimenteze noi look-uri f\u0103r\u0103 regrete.<\/p>\n\n\n\n<p>Aceste aplica\u021bii te ajut\u0103 s\u0103 g\u0103se\u0219ti coafura perfect\u0103 care \u00ee\u021bi scoate \u00een eviden\u021b\u0103 tr\u0103s\u0103turile \u0219i \u00ee\u021bi \u00eembun\u0103t\u0103\u021be\u0219te imaginea, fie pentru o ocazie special\u0103, fie pentru purtarea de zi cu zi.<\/p>\n\n\n\n<p>\u00cen acest articol, vom explora trei aplica\u021bii pentru p\u0103r care te pot ajuta s\u0103-\u021bi transformi stilul chiar acum.<\/p>\n\n\n\n<p>De asemenea, vom distribui recenzii ale utilizatorilor pentru fiecare aplica\u021bie \u0219i vom oferi linkuri pentru a le desc\u0103rca direct din Apple Store sau Google Play.<\/p>\n\n\n\n<h2 class=\"wp-block-heading\">Puterea aplica\u021biilor pentru p\u0103r<\/h2>\n\n\n\n<p>Odat\u0103 cu evolu\u021bia constant\u0103 a tehnologiei, nu este surprinz\u0103tor faptul c\u0103 p\u00e2n\u0103 \u0219i nevoile noastre de \u00eengrijire personal\u0103 sunt la \u00eendem\u00e2na noastr\u0103 - sau, mai degrab\u0103, la telefoanele noastre.<\/p>\n\n\n\n<p>Aplica\u021biile pentru p\u0103r \u00ee\u021bi permit s\u0103 experimentezi cu tunsori, culori \u0219i coafuri din confortul casei tale.<\/p>\n\n\n\n<p>Dac\u0103 pl\u0103nuie\u0219ti o transformare complet\u0103 sau pur \u0219i simplu vrei s\u0103 te joci cu stilul t\u0103u, aceste aplica\u021bii pot fi cei mai buni alia\u021bi ai t\u0103i.<\/p>\n\n\n\n<p>Descoper\u0103 cele mai bune aplica\u021bii care te pot ajuta \u00een acest proces!<\/p>\n\n\n\n<h3 class=\"wp-block-heading\">1. <strong>Monitorizare a cre\u0219terii p\u0103rului \u2013 Android \/ iOS<\/strong><\/h3>\n\n\n\n<p>Cau\u021bi modalit\u0103\u021bi de a \u00eembun\u0103t\u0103\u021bi cre\u0219terea p\u0103rului \u0219i de a-\u021bi urm\u0103ri progresul?<\/p>\n\n\n\n<p><strong>Monitorizarea cre\u0219terii p\u0103rului<\/strong> Este aplica\u021bia perfect\u0103 pentru cei care doresc s\u0103 monitorizeze cre\u0219terea p\u0103rului \u00een timp, oferind o analiz\u0103 detaliat\u0103 a obiceiurilor capilare \u0219i rezultate vizibile.<\/p>\n\n\n\n<h4 class=\"wp-block-heading\">Beneficii:<\/h4>\n\n\n\n<ul class=\"wp-block-list\">\n<li><strong>Monitorizare complet\u0103:<\/strong> \u00ce\u021bi permite s\u0103 \u00eenregistrezi lungimea p\u0103rului, starea scalpului \u0219i s\u0103n\u0103tatea general\u0103, astfel \u00eenc\u00e2t s\u0103 po\u021bi urm\u0103ri progresul \u00een timp real.<\/li>\n\n\n\n<li><strong>Sfaturi personalizate:<\/strong> Ofer\u0103 recomand\u0103ri practice de \u00eengrijire a p\u0103rului bazate pe datele dumneavoastr\u0103.<\/li>\n\n\n\n<li><strong>U\u0219or de utilizat:<\/strong> Interfa\u021ba sa intuitiv\u0103 face ca urm\u0103rirea cre\u0219terii p\u0103rului s\u0103 fie simpl\u0103 \u0219i eficient\u0103.<\/li>\n<\/ul>\n\n\n\n<h4 class=\"wp-block-heading\">Recenzii utilizatori:<\/h4>\n\n\n\n<ul class=\"wp-block-list\">\n<li><strong>Joana, 42 de ani:<\/strong> <em>\u201e\u00cemi place s\u0103 pot urm\u0103ri cre\u0219terea p\u0103rului meu. Aplica\u021bia m\u0103 motiveaz\u0103 s\u0103 continui s\u0103 am grij\u0103 de el, iar rezultatele sunt incredibile.\u201d<\/em><\/li>\n\n\n\n<li><strong>Carlos, 36 de ani:<\/strong> <em>\u201e\u00centotdeauna m-am chinuit s\u0103-mi las p\u0103rul s\u0103 creasc\u0103. Aceast\u0103 aplica\u021bie mi-a oferit \u00eendrum\u0103ri \u0219i sfaturi care au f\u0103cut cu adev\u0103rat diferen\u021ba.\u201d<\/em><\/li>\n\n\n\n<li><strong>Luciana, 50 de ani:<\/strong> <em>\u201eHair Growth Tracker m-a ajutat s\u0103 identific produsele care func\u021bionau pentru mine. Foarte util!\u201d<\/em><\/li>\n<\/ul>\n\n\n\n<h3 class=\"wp-block-heading\">2. <strong>Jurnal de p\u0103r \u2013 Android<\/strong><\/h3>\n\n\n\n<p>Dac\u0103 e\u0219ti una dintre acele persoane c\u0103rora le place s\u0103 \u021bin\u0103 un jurnal cu tot ce e necesar, <strong>Jurnal de p\u0103r<\/strong> Este aplica\u021bia ideal\u0103 pentru a \u00eenregistra toate schimb\u0103rile pe care le faci p\u0103rului t\u0103u.<\/p>\n\n\n\n<p>Pe l\u00e2ng\u0103 faptul c\u0103 este un instrument distractiv, te ajut\u0103 s\u0103 observi evolu\u021bia stilurilor tale \u0219i s\u0103 p\u0103strezi un istoric al tratamentelor \u0219i produselor pe care le folose\u0219ti.<\/p>\n\n\n\n<h4 class=\"wp-block-heading\">Beneficii:<\/h4>\n\n\n\n<ul class=\"wp-block-list\">\n<li><strong>Jurnal complet:<\/strong> \u00cenregistreaz\u0103 fiecare modificare, de la t\u0103ieturi la vopsiri \u0219i tratamente.<\/li>\n\n\n\n<li><strong>Organizare simpl\u0103:<\/strong> Vizualiza\u021bi istoricul p\u0103rului dumneavoastr\u0103 \u0219i evalua\u021bi modul \u00een care anumite produse sau tratamente v-au afectat p\u0103rul.<\/li>\n\n\n\n<li><strong>Fotografii \u00eenainte \u0219i dup\u0103:<\/strong> F\u0103 fotografii cu p\u0103rul t\u0103u \u0219i compar\u0103 starea de dinainte \u0219i de dup\u0103, observ\u00e2nd cum reac\u021bioneaz\u0103 la \u00eengrijire \u0219i tratamente.<\/li>\n<\/ul>\n\n\n\n<h4 class=\"wp-block-heading\">Recenzii utilizatori:<\/h4>\n\n\n\n<ul class=\"wp-block-list\">\n<li><strong>Marta, 39 de ani:<\/strong> <em>\u201e\u00centotdeauna uitam ce produse foloseam \u0219i ce func\u021bionau pentru mine. Acum, cu Hair Journal, pot urm\u0103ri totul \u0219i pot vedea ce func\u021bioneaz\u0103 cel mai bine pentru mine.\u201d<\/em><\/li>\n\n\n\n<li><strong>Paulo, 45 de ani:<\/strong> <em>\u201eAplica\u021bia m-a ajutat s\u0103 urm\u0103resc schimb\u0103rile din p\u0103rul meu \u0219i s\u0103 \u00een\u021beleg ce a f\u0103cut diferen\u021ba \u00een s\u0103n\u0103tatea firelor mele de p\u0103r.\u201d<\/em><\/li>\n\n\n\n<li><strong>Sandra, 53 de ani:<\/strong> <em>\u201eFotografia este uimitoare! \u00cemi place s\u0103 v\u0103d evolu\u021bia p\u0103rului meu \u00een timp. O recomand cu c\u0103ldur\u0103.\u201d<\/em><\/li>\n<\/ul>\n\n\n\n<p><\/p>\n\n\n\n<hr class=\"wp-block-separator has-text-color has-luminous-vivid-orange-color has-alpha-channel-opacity has-luminous-vivid-orange-background-color has-background\" \/>\n\n\n\n<h2 class=\"wp-block-heading\">Cite\u0219te \u0219i:<\/h2>\n\n\n\n<ul class=\"wp-block-list\">\n<li><a href=\"https:\/\/universofamilia.com\/ro\/5893\/acelera-tu-celular-despierta-tu-productividad\/\"><font style=\"vertical-align: inherit\"><font style=\"vertical-align: inherit\">\ud83d\udccc Accelereaz\u0103-\u021bi telefonul mobil<\/font><\/font> &gt;<\/a><\/li>\n\n\n\n<li><a href=\"https:\/\/universofamilia.com\/ro\/5869\/descubre-quien-te-esta-observando-en-las-redes-sociales\/\">\ud83d\udccc Cine \u021bi-a vizitat profilul<\/a><\/li>\n\n\n\n<li><a href=\"https:\/\/universofamilia.com\/ro\/6568\/aprende-mecanica-automotriz-aplicacion\/\">\ud83d\udccc \u00cenva\u021b\u0103 mecanica auto cu o aplica\u021bie<\/a><\/li>\n<\/ul>\n\n\n\n<hr class=\"wp-block-separator has-text-color has-luminous-vivid-orange-color has-alpha-channel-opacity has-luminous-vivid-orange-background-color has-background\" \/>\n\n\n\n<p><\/p>\n\n\n\n<h3 class=\"wp-block-heading\">3. <strong>Cre\u0219te-mi p\u0103rul \u2013 Android<\/strong><\/h3>\n\n\n\n<p>Dac\u0103 scopul t\u0103u este s\u0103-\u021bi faci p\u0103rul s\u0103 creasc\u0103 puternic \u0219i s\u0103n\u0103tos, <strong>Cre\u0219te-mi p\u0103rul<\/strong> poate fi solu\u021bia pe care o cau\u021bi.<\/p>\n\n\n\n<p>Aceast\u0103 aplica\u021bie ofer\u0103 sfaturi de specialitate despre cre\u0219terea p\u0103rului \u0219i v\u0103 permite s\u0103 urm\u0103ri\u021bi vizual \u0219i convenabil progresul.<\/p>\n\n\n\n<h4 class=\"wp-block-heading\">Beneficii:<\/h4>\n\n\n\n<ul class=\"wp-block-list\">\n<li><strong>Plan de cre\u0219tere personalizat:<\/strong> Aplica\u021bia creeaz\u0103 un plan de cre\u0219tere a p\u0103rului adaptat nevoilor \u0219i obiectivelor tale.<\/li>\n\n\n\n<li><strong>Sfaturi de la exper\u021bi:<\/strong> Sfaturi profesionale pentru \u00eembun\u0103t\u0103\u021birea s\u0103n\u0103t\u0103\u021bii p\u0103rului \u0219i stimularea cre\u0219terii.<\/li>\n\n\n\n<li><strong>Progres vizual:<\/strong> Urm\u0103re\u0219te-\u021bi cre\u0219terea p\u0103rului cu ajutorul graficelor \u0219i imaginilor care arat\u0103 rezultatele \u00een timp.<\/li>\n<\/ul>\n\n\n\n<h4 class=\"wp-block-heading\">Recenzii utilizatori:<\/h4>\n\n\n\n<ul class=\"wp-block-list\">\n<li><strong>Ana, 34 de ani:<\/strong> <em>\u201eP\u0103rul meu a fost \u00eentotdeauna foarte sub\u021bire \u0219i a crescut lent. Grow My Hair a f\u0103cut o diferen\u021b\u0103 real\u0103 \u0219i acum m\u0103 simt mai \u00eencrez\u0103toare!\u201d<\/em><\/li>\n\n\n\n<li><strong>Marcos, 38 de ani:<\/strong> <em>\u201eCu planul personalizat, p\u0103rul meu pare s\u0103 creasc\u0103 mai repede \u0219i mai s\u0103n\u0103tos ca niciodat\u0103. Merit\u0103 s\u0103 \u00eel descarci!\u201d<\/em><\/li>\n\n\n\n<li><strong>Elisa, 44 de ani:<\/strong> <em>\u201e\u00cemi place s\u0103 pot vedea progresul meu cu fotografiile pe care le fac \u00een aplica\u021bie. Este motivant!\u201d<\/em><\/li>\n<\/ul>\n\n\n<div class=\"wp-block-image\">\n<figure class=\"aligncenter size-full\"><img loading=\"lazy\" decoding=\"async\" width=\"550\" height=\"350\" src=\"http:\/\/universofamilia.com\/wp-content\/uploads\/sites\/148\/2024\/10\/DESTAQUE-UNIVERSO-550-x-350-4-1.jpg\" alt=\"\" class=\"wp-image-6814\" srcset=\"https:\/\/universofamilia.com\/wp-content\/uploads\/sites\/148\/2024\/10\/DESTAQUE-UNIVERSO-550-x-350-4-1.jpg 550w, https:\/\/universofamilia.com\/wp-content\/uploads\/sites\/148\/2024\/10\/DESTAQUE-UNIVERSO-550-x-350-4-1-300x191.jpg 300w\" sizes=\"(max-width: 550px) 100vw, 550px\" \/><figcaption class=\"wp-element-caption\">Aplicare p\u0103r: Transform\u0103-\u021bi look-ul acum!<\/figcaption><\/figure><\/div>\n\n\n<h2 class=\"wp-block-heading\">Concluzie: Transform\u0103-\u021bi look-ul acum!<\/h2>\n\n\n\n<p>Indiferent de obiectivele tale legate de p\u0103r - cre\u0219tere, stil sau s\u0103n\u0103tate - aplica\u021biile pe care le-am men\u021bionat sunt instrumente puternice care te ajut\u0103 s\u0103 ob\u021bii aspectul pe care \u021bi l-ai dorit dintotdeauna.<\/p>\n\n\n\n<p>Acestea ofer\u0103 mult mai mult dec\u00e2t o simpl\u0103 continuare: ofer\u0103 sfaturi \u0219i informa\u021bii valoroase care \u00ee\u021bi pot transforma obiceiurile de \u00eengrijire a p\u0103rului.<\/p>\n\n\n\n<p>Acum c\u0103 \u0219tii care sunt cele mai bune aplica\u021bii pentru p\u0103r, de ce s\u0103 nu le \u00eencerci \u0219i s\u0103 vezi rezultatele cu ochii t\u0103i?<\/p>\n\n\n\n<p>Nimic nu se compar\u0103 cu preluarea controlului asupra aspectului t\u0103u cu ajutorul tehnologiei. \u0218i cine \u0219tie? S-ar putea s\u0103 descoperi un stil pe care nu \u021bi l-ai imaginat niciodat\u0103!<\/p>\n\n\n\n<p>Descarc\u0103 aplica\u021biile \u0219i \u00eencepe transformarea chiar acum:<\/p>\n\n\n\n<ul class=\"wp-block-list\">\n<li><strong>Monitorizarea cre\u0219terii p\u0103rului<\/strong> \u2013  <a href=\"https:\/\/apps.apple.com\/br\/app\/hair-growth-clicker\/id6444699517?l=en-GB\">iOS<\/a><\/li>\n<\/ul>\n\n\n\n<hr class=\"wp-block-separator has-alpha-channel-opacity\" \/>\n\n\n\n<h2 class=\"wp-block-heading\">\u00centreb\u0103ri frecvente (FAQ)<\/h2>\n\n\n\n<p><strong>1. Sunt aplica\u021biile pentru p\u0103r sigure de utilizat?<\/strong><br>Da, majoritatea aplica\u021biilor pentru p\u0103r disponibile \u00een magazine oficiale precum Google Play \u0219i Apple Store sunt sigure. Cu toate acestea, este \u00eentotdeauna o idee bun\u0103 s\u0103 verifica\u021bi recenziile \u0219i evalu\u0103rile altor utilizatori \u00eenainte de a le desc\u0103rca.<\/p>\n\n\n\n<p><strong>2. Trebuie s\u0103 pl\u0103tesc pentru a utiliza aceste aplica\u021bii?<\/strong><br>Unele aplica\u021bii ofer\u0103 func\u021bii de baz\u0103 gratuite, dar pot avea op\u021biuni premium care deblocheaz\u0103 mai multe func\u021bii. Po\u021bi oric\u00e2nd s\u0103 \u00eencepi cu versiunea gratuit\u0103 \u0219i s\u0103 decizi ulterior dac\u0103 vrei s\u0103 treci la versiunea pl\u0103tit\u0103.<\/p>\n\n\n\n<p><strong>3. \u00cemi pot schimba coafura doar folosind aceste aplica\u021bii?<\/strong><br>Aplica\u021biile nu \u00ee\u021bi schimb\u0103 fizic p\u0103rul, dar sunt instrumente utile pentru vizualizarea poten\u021bialelor schimb\u0103ri de coafare \u0219i monitorizarea s\u0103n\u0103t\u0103\u021bii p\u0103rului t\u0103u. Te ajut\u0103 s\u0103 iei decizii mai informate \u00eenainte de a te supune unei transform\u0103ri \u00eentr-un salon sau acas\u0103.<\/p>\n\n\n\n<p><strong>4. Ce se \u00eent\u00e2mpl\u0103 dac\u0103 telefonul meu nu are suficient spa\u021biu pentru a desc\u0103rca aplica\u021biile?<\/strong><br>Dac\u0103 telefonul nu are suficient spa\u021biu, po\u021bi \u00eencerca s\u0103 \u0219tergi fi\u0219ierele sau aplica\u021biile neutilizate pentru a elibera spa\u021biu de stocare. \u00cen plus, unele aplica\u021bii de monitorizare a spa\u021biului de stocare te pot ajuta s\u0103 optimizezi spa\u021biul dispozitivului.<\/p>\n\n\n\n<p><strong>5. Aplica\u021biile func\u021bioneaz\u0103 pentru toate tipurile de p\u0103r?<\/strong><br>Da, majoritatea produselor de coafat sunt concepute pentru a se potrivi diferitelor tipuri de p\u0103r, de la drept la cre\u021b.<\/p>","protected":false},"excerpt":{"rendered":"<p>\u021ai-ai imaginat vreodat\u0103 c\u0103 po\u021bi \u00eencerca diferite coafuri f\u0103r\u0103 s\u0103 ie\u0219i de acas\u0103 sau s\u0103-\u021bi compromi\u021bi p\u0103rul? Fie c\u0103 este vorba de o transformare complet\u0103 sau de o schimbare subtil\u0103 de zi cu zi, aplica\u021biile pentru p\u0103r sunt solu\u021bia ideal\u0103 pentru cei care vor s\u0103 experimenteze noi look-uri f\u0103r\u0103 regrete. Aceste aplica\u021bii te ajut\u0103 [\u2026]<\/p>","protected":false},"author":139,"featured_media":6816,"comment_status":"closed","ping_status":"open","sticky":false,"template":"","format":"standard","meta":{"footnotes":""},"categories":[3],"tags":[177,262,437,767,1145,1526],"yoast_head":"<!-- This site is optimized with the Yoast SEO plugin v23.3 - https:\/\/yoast.com\/wordpress\/plugins\/seo\/ -->\n<title>Aplicaci\u00f3n de cabello: \u00a1transforma tu look ahora! - Universo Fam\u00edlia<\/title>\n<meta name=\"description\" content=\"Aplicaci\u00f3n de cabello: \u00a1transforma tu look ahora!\u00bfAlguna vez has imaginado poder probar diferentes estilos de cabello sin salir de casa..\" \/>\n<meta name=\"robots\" content=\"index, follow, max-snippet:-1, max-image-preview:large, max-video-preview:-1\" \/>\n<link rel=\"canonical\" href=\"https:\/\/universofamilia.com\/ro\/aplicacion-de-cabello\/\" \/>\n<meta property=\"og:locale\" content=\"ro_RO\" \/>\n<meta property=\"og:type\" content=\"article\" \/>\n<meta property=\"og:title\" content=\"Aplicaci\u00f3n de cabello: \u00a1transforma tu look ahora! - Universo Fam\u00edlia\" \/>\n<meta property=\"og:description\" content=\"Aplicaci\u00f3n de cabello: \u00a1transforma tu look ahora!\u00bfAlguna vez has imaginado poder probar diferentes estilos de cabello sin salir de casa..\" \/>\n<meta property=\"og:url\" content=\"https:\/\/universofamilia.com\/ro\/aplicacion-de-cabello\/\" \/>\n<meta property=\"og:site_name\" content=\"Universo Fam\u00edlia\" \/>\n<meta property=\"article:published_time\" content=\"2024-10-11T19:47:25+00:00\" \/>\n<meta property=\"article:modified_time\" content=\"2025-12-26T19:22:42+00:00\" \/>\n<meta property=\"og:image\" content=\"https:\/\/universofamilia.com\/wp-content\/uploads\/sites\/148\/2024\/10\/DESTAQUE-UNIVERSO-550-x-350-5-1.jpg\" \/>\n\t<meta property=\"og:image:width\" content=\"550\" \/>\n\t<meta property=\"og:image:height\" content=\"350\" \/>\n\t<meta property=\"og:image:type\" content=\"image\/jpeg\" \/>\n<meta name=\"author\" content=\"Pedro Henrique\" \/>\n<meta name=\"twitter:card\" content=\"summary_large_image\" \/>\n<meta name=\"twitter:label1\" content=\"Written by\" \/>\n\t<meta name=\"twitter:data1\" content=\"Pedro Henrique\" \/>\n\t<meta name=\"twitter:label2\" content=\"Est. reading time\" \/>\n\t<meta name=\"twitter:data2\" content=\"7 minute\" \/>\n<script type=\"application\/ld+json\" class=\"yoast-schema-graph\">{\"@context\":\"https:\/\/schema.org\",\"@graph\":[{\"@type\":\"WebPage\",\"@id\":\"https:\/\/universofamilia.com\/zh\/aplicacion-de-cabello\/\",\"url\":\"https:\/\/universofamilia.com\/zh\/aplicacion-de-cabello\/\",\"name\":\"Aplicaci\u00f3n de cabello: \u00a1transforma tu look ahora! - Universo Fam\u00edlia\",\"isPartOf\":{\"@id\":\"https:\/\/universofamilia.com\/el\/#website\"},\"primaryImageOfPage\":{\"@id\":\"https:\/\/universofamilia.com\/zh\/aplicacion-de-cabello\/#primaryimage\"},\"image\":{\"@id\":\"https:\/\/universofamilia.com\/zh\/aplicacion-de-cabello\/#primaryimage\"},\"thumbnailUrl\":\"https:\/\/universofamilia.com\/wp-content\/uploads\/sites\/148\/2024\/10\/DESTAQUE-UNIVERSO-550-x-350-5-1.jpg\",\"datePublished\":\"2024-10-11T19:47:25+00:00\",\"dateModified\":\"2025-12-26T19:22:42+00:00\",\"author\":{\"@id\":\"https:\/\/universofamilia.com\/el\/#\/schema\/person\/f07ce98187dd84d31154262e79b3b7ca\"},\"description\":\"Aplicaci\u00f3n de cabello: \u00a1transforma tu look ahora!\u00bfAlguna vez has imaginado poder probar diferentes estilos de cabello sin salir de casa..\",\"breadcrumb\":{\"@id\":\"https:\/\/universofamilia.com\/zh\/aplicacion-de-cabello\/#breadcrumb\"},\"inLanguage\":\"ro-RO\",\"potentialAction\":[{\"@type\":\"ReadAction\",\"target\":[\"https:\/\/universofamilia.com\/zh\/aplicacion-de-cabello\/\"]}]},{\"@type\":\"ImageObject\",\"inLanguage\":\"ro-RO\",\"@id\":\"https:\/\/universofamilia.com\/zh\/aplicacion-de-cabello\/#primaryimage\",\"url\":\"https:\/\/universofamilia.com\/wp-content\/uploads\/sites\/148\/2024\/10\/DESTAQUE-UNIVERSO-550-x-350-5-1.jpg\",\"contentUrl\":\"https:\/\/universofamilia.com\/wp-content\/uploads\/sites\/148\/2024\/10\/DESTAQUE-UNIVERSO-550-x-350-5-1.jpg\",\"width\":550,\"height\":350,\"caption\":\"Aplicaci\u00f3n de cabello: \u00a1transforma tu look ahora!\"},{\"@type\":\"BreadcrumbList\",\"@id\":\"https:\/\/universofamilia.com\/zh\/aplicacion-de-cabello\/#breadcrumb\",\"itemListElement\":[{\"@type\":\"ListItem\",\"position\":1,\"name\":\"Home\",\"item\":\"https:\/\/universofamilia.com\/el\/\"},{\"@type\":\"ListItem\",\"position\":2,\"name\":\"Aplicaci\u00f3n de cabello: \u00a1transforma tu look ahora!\"}]},{\"@type\":\"WebSite\",\"@id\":\"https:\/\/universofamilia.com\/el\/#website\",\"url\":\"https:\/\/universofamilia.com\/el\/\",\"name\":\"Universo Fam\u00edlia\",\"description\":\"\",\"potentialAction\":[{\"@type\":\"SearchAction\",\"target\":{\"@type\":\"EntryPoint\",\"urlTemplate\":\"https:\/\/universofamilia.com\/el\/?s={search_term_string}\"},\"query-input\":\"required name=search_term_string\"}],\"inLanguage\":\"ro-RO\"},{\"@type\":\"Person\",\"@id\":\"https:\/\/universofamilia.com\/el\/#\/schema\/person\/f07ce98187dd84d31154262e79b3b7ca\",\"name\":\"Pedro Henrique\",\"image\":{\"@type\":\"ImageObject\",\"inLanguage\":\"ro-RO\",\"@id\":\"https:\/\/universofamilia.com\/el\/#\/schema\/person\/image\/\",\"url\":\"https:\/\/secure.gravatar.com\/avatar\/9edfeb808cb4e1599f64d6e45b130154?s=96&d=mm&r=g\",\"contentUrl\":\"https:\/\/secure.gravatar.com\/avatar\/9edfeb808cb4e1599f64d6e45b130154?s=96&d=mm&r=g\",\"caption\":\"Pedro Henrique\"},\"url\":\"https:\/\/universofamilia.com\/ro\/author\/editor01\/\"}]}<\/script>\n<!-- \/ Yoast SEO plugin. -->","yoast_head_json":{"title":"Aplicaci\u00f3n de cabello: \u00a1transforma tu look ahora! - Universo Fam\u00edlia","description":"Aplicaci\u00f3n de cabello: \u00a1transforma tu look ahora!\u00bfAlguna vez has imaginado poder probar diferentes estilos de cabello sin salir de casa..","robots":{"index":"index","follow":"follow","max-snippet":"max-snippet:-1","max-image-preview":"max-image-preview:large","max-video-preview":"max-video-preview:-1"},"canonical":"https:\/\/universofamilia.com\/ro\/aplicacion-de-cabello\/","og_locale":"ro_RO","og_type":"article","og_title":"Aplicaci\u00f3n de cabello: \u00a1transforma tu look ahora! - Universo Fam\u00edlia","og_description":"Aplicaci\u00f3n de cabello: \u00a1transforma tu look ahora!\u00bfAlguna vez has imaginado poder probar diferentes estilos de cabello sin salir de casa..","og_url":"https:\/\/universofamilia.com\/ro\/aplicacion-de-cabello\/","og_site_name":"Universo Fam\u00edlia","article_published_time":"2024-10-11T19:47:25+00:00","article_modified_time":"2025-12-26T19:22:42+00:00","og_image":[{"width":550,"height":350,"url":"https:\/\/universofamilia.com\/wp-content\/uploads\/sites\/148\/2024\/10\/DESTAQUE-UNIVERSO-550-x-350-5-1.jpg","type":"image\/jpeg"}],"author":"Pedro Henrique","twitter_card":"summary_large_image","twitter_misc":{"Written by":"Pedro Henrique","Est. reading time":"7 minute"},"schema":{"@context":"https:\/\/schema.org","@graph":[{"@type":"WebPage","@id":"https:\/\/universofamilia.com\/zh\/aplicacion-de-cabello\/","url":"https:\/\/universofamilia.com\/zh\/aplicacion-de-cabello\/","name":"Aplicaci\u00f3n de cabello: \u00a1transforma tu look ahora! - Universo Fam\u00edlia","isPartOf":{"@id":"https:\/\/universofamilia.com\/el\/#website"},"primaryImageOfPage":{"@id":"https:\/\/universofamilia.com\/zh\/aplicacion-de-cabello\/#primaryimage"},"image":{"@id":"https:\/\/universofamilia.com\/zh\/aplicacion-de-cabello\/#primaryimage"},"thumbnailUrl":"https:\/\/universofamilia.com\/wp-content\/uploads\/sites\/148\/2024\/10\/DESTAQUE-UNIVERSO-550-x-350-5-1.jpg","datePublished":"2024-10-11T19:47:25+00:00","dateModified":"2025-12-26T19:22:42+00:00","author":{"@id":"https:\/\/universofamilia.com\/el\/#\/schema\/person\/f07ce98187dd84d31154262e79b3b7ca"},"description":"Aplicaci\u00f3n de cabello: \u00a1transforma tu look ahora!\u00bfAlguna vez has imaginado poder probar diferentes estilos de cabello sin salir de casa..","breadcrumb":{"@id":"https:\/\/universofamilia.com\/zh\/aplicacion-de-cabello\/#breadcrumb"},"inLanguage":"ro-RO","potentialAction":[{"@type":"ReadAction","target":["https:\/\/universofamilia.com\/zh\/aplicacion-de-cabello\/"]}]},{"@type":"ImageObject","inLanguage":"ro-RO","@id":"https:\/\/universofamilia.com\/zh\/aplicacion-de-cabello\/#primaryimage","url":"https:\/\/universofamilia.com\/wp-content\/uploads\/sites\/148\/2024\/10\/DESTAQUE-UNIVERSO-550-x-350-5-1.jpg","contentUrl":"https:\/\/universofamilia.com\/wp-content\/uploads\/sites\/148\/2024\/10\/DESTAQUE-UNIVERSO-550-x-350-5-1.jpg","width":550,"height":350,"caption":"Aplicaci\u00f3n de cabello: \u00a1transforma tu look ahora!"},{"@type":"BreadcrumbList","@id":"https:\/\/universofamilia.com\/zh\/aplicacion-de-cabello\/#breadcrumb","itemListElement":[{"@type":"ListItem","position":1,"name":"Home","item":"https:\/\/universofamilia.com\/el\/"},{"@type":"ListItem","position":2,"name":"Aplicaci\u00f3n de cabello: \u00a1transforma tu look ahora!"}]},{"@type":"WebSite","@id":"https:\/\/universofamilia.com\/el\/#website","url":"https:\/\/universofamilia.com\/el\/","name":"Universo Fam\u00edlia","description":"","potentialAction":[{"@type":"SearchAction","target":{"@type":"EntryPoint","urlTemplate":"https:\/\/universofamilia.com\/el\/?s={search_term_string}"},"query-input":"required name=search_term_string"}],"inLanguage":"ro-RO"},{"@type":"Person","@id":"https:\/\/universofamilia.com\/el\/#\/schema\/person\/f07ce98187dd84d31154262e79b3b7ca","name":"Pedro Henrique","image":{"@type":"ImageObject","inLanguage":"ro-RO","@id":"https:\/\/universofamilia.com\/el\/#\/schema\/person\/image\/","url":"https:\/\/secure.gravatar.com\/avatar\/9edfeb808cb4e1599f64d6e45b130154?s=96&d=mm&r=g","contentUrl":"https:\/\/secure.gravatar.com\/avatar\/9edfeb808cb4e1599f64d6e45b130154?s=96&d=mm&r=g","caption":"Pedro Henrique"},"url":"https:\/\/universofamilia.com\/ro\/author\/editor01\/"}]}},"_links":{"self":[{"href":"https:\/\/universofamilia.com\/ro\/wp-json\/wp\/v2\/posts\/6813"}],"collection":[{"href":"https:\/\/universofamilia.com\/ro\/wp-json\/wp\/v2\/posts"}],"about":[{"href":"https:\/\/universofamilia.com\/ro\/wp-json\/wp\/v2\/types\/post"}],"author":[{"embeddable":true,"href":"https:\/\/universofamilia.com\/ro\/wp-json\/wp\/v2\/users\/139"}],"replies":[{"embeddable":true,"href":"https:\/\/universofamilia.com\/ro\/wp-json\/wp\/v2\/comments?post=6813"}],"version-history":[{"count":2,"href":"https:\/\/universofamilia.com\/ro\/wp-json\/wp\/v2\/posts\/6813\/revisions"}],"predecessor-version":[{"id":10474,"href":"https:\/\/universofamilia.com\/ro\/wp-json\/wp\/v2\/posts\/6813\/revisions\/10474"}],"wp:featuredmedia":[{"embeddable":true,"href":"https:\/\/universofamilia.com\/ro\/wp-json\/wp\/v2\/media\/6816"}],"wp:attachment":[{"href":"https:\/\/universofamilia.com\/ro\/wp-json\/wp\/v2\/media?parent=6813"}],"wp:term":[{"taxonomy":"category","embeddable":true,"href":"https:\/\/universofamilia.com\/ro\/wp-json\/wp\/v2\/categories?post=6813"},{"taxonomy":"post_tag","embeddable":true,"href":"https:\/\/universofamilia.com\/ro\/wp-json\/wp\/v2\/tags?post=6813"}],"curies":[{"name":"wp","href":"https:\/\/api.w.org\/{rel}","templated":true}]}}