{"id":7282,"date":"2024-10-30T14:29:17","date_gmt":"2024-10-30T17:29:17","guid":{"rendered":"https:\/\/universofamilia.com\/?p=7282"},"modified":"2024-10-30T14:29:17","modified_gmt":"2024-10-30T17:29:17","slug":"descubre-quien-esta-observandote","status":"publish","type":"post","link":"https:\/\/universofamilia.com\/ro\/descubre-quien-esta-observandote\/","title":{"rendered":"Afl\u0103 cine te urm\u0103re\u0219te"},"content":{"rendered":"<p>Afl\u0103 cine \u00ee\u021bi urm\u0103re\u0219te pa\u0219ii pe re\u021belele de socializare!<\/p>\n\n\n\n<h3 class=\"wp-block-heading\">De ce este important s\u0103 \u0219tii cine \u021bi-a vizualizat profilul?<\/h3>\n\n\n\n<p>Te-ai \u00eentrebat vreodat\u0103 cine \u00ee\u021bi viziteaz\u0103 profilul de socializare? E ceva natural; \u00cen cele din urm\u0103, cu to\u021bii vrem s\u0103 \u0219tim cine este interesat de ceea ce \u00eemp\u0103rt\u0103\u0219im.<\/p>\n\n\n\n<p>De la vechi prieteni la admiratori t\u0103cu\u021bi, oricine ar putea vedea actualiz\u0103rile noastre. Dar este oare posibil s\u0103 \u0219tii cine \u00ee\u021bi viziteaz\u0103 profilul?<\/p>\n\n\n\n<p>\u00cen lumea re\u021belelor de socializare, aceast\u0103 informa\u021bie este un mister bine p\u0103zit, dar nu este imposibil s\u0103 descoperim unele indicii.<\/p>\n\n\n\n<p>Cu strategiile \u0219i instrumentele potrivite, po\u021bi s\u0103-\u021bi faci o idee despre cine \u00ee\u021bi urm\u0103re\u0219te \u00eendeaproape post\u0103rile. E\u0219ti interesat s\u0103 afli mai multe? Hai s\u0103 o explor\u0103m \u00eempreun\u0103!<\/p>\n\n\n\n<p><\/p>\n\n\n\n<hr class=\"wp-block-separator has-text-color has-luminous-vivid-orange-color has-alpha-channel-opacity has-luminous-vivid-orange-background-color has-background is-style-wide\"\/>\n\n\n\n<h3 class=\"wp-block-heading\">Cite\u0219te \u0219i:<\/h3>\n\n\n\n<ul class=\"wp-block-list has-small-font-size\">\n<li style=\"padding-top:0;padding-right:var(--wp--preset--spacing--40);padding-bottom:0;padding-left:var(--wp--preset--spacing--40);font-style:normal;font-weight:400\" class=\"has-medium-font-size\"><a href=\"https:\/\/universofamilia.com\/ro\/6855\/grabar-llamadas-recibidas\/\"><mark style=\"background-color:rgba(0, 0, 0, 0);color:#f94c45\" class=\"has-inline-color\">\u00cenregistra\u021bi apelurile primite &gt;<\/mark><\/a><\/li>\n\n\n\n<li style=\"padding-top:0;padding-right:var(--wp--preset--spacing--40);padding-bottom:0;padding-left:var(--wp--preset--spacing--40);font-style:normal;font-weight:400\" class=\"has-medium-font-size\"><a href=\"https:\/\/universofamilia.com\/ro\/6898\/leer-la-biblia-catolica-en-tu-celular\/\"><mark style=\"background-color:rgba(0, 0, 0, 0);color:#f94c45\" class=\"has-inline-color\"><font style=\"vertical-align: inherit;\"><font style=\"vertical-align: inherit;\">Cite\u0219te Biblia catolic\u0103 pe telefonul t\u0103u mobil<\/font><\/font> &gt;<\/mark><\/a><\/li>\n\n\n\n<li style=\"padding-top:0;padding-right:var(--wp--preset--spacing--40);padding-bottom:0;padding-left:var(--wp--preset--spacing--40);font-style:normal;font-weight:400\" class=\"has-medium-font-size\"><a href=\"https:\/\/universofamilia.com\/ro\/6832\/aplicacion-para-bailar-zumba\/\"><mark style=\"background-color:rgba(0, 0, 0, 0);color:#f94c45\" class=\"has-inline-color\">Aplica\u021bie de dans Zumba &gt;<\/mark><\/a><\/li>\n\n\n\n<li style=\"padding-top:0;padding-right:var(--wp--preset--spacing--40);padding-bottom:0;padding-left:var(--wp--preset--spacing--40);font-style:normal;font-weight:400\" class=\"has-medium-font-size\"><a href=\"https:\/\/universofamilia.com\/ro\/6952\/descubre-quien-visita-tu-perfil-redes-sociales\/\"><mark style=\"background-color:rgba(0, 0, 0, 0);color:#f94c45\" class=\"has-inline-color\">Afl\u0103 cine \u00ee\u021bi viziteaz\u0103 profilul de pe re\u021belele sociale &gt;<\/mark><\/a><\/li>\n<\/ul>\n\n\n\n<hr class=\"wp-block-separator has-text-color has-luminous-vivid-orange-color has-alpha-channel-opacity has-luminous-vivid-orange-background-color has-background is-style-wide\"\/>\n\n\n\n<p><\/p>\n\n\n\n<h3 class=\"wp-block-heading\">Cum s\u0103 monitorizezi vizualiz\u0103rile profilului t\u0103u: sfaturi \u0219i instrumente<\/h3>\n\n\n\n<p>C\u00e2nd vine vorba de a afla cine \u00ee\u021bi vizualizeaz\u0103 profilul, majoritatea re\u021belelor sociale nu dezv\u0103luie aceste informa\u021bii \u00een mod direct - de fapt, este aproape un subiect interzis \u00een lumea online!<\/p>\n\n\n\n<p>Totu\u0219i, exist\u0103 c\u00e2teva instrumente care te pot ajuta s\u0103 \u00een\u021belegi mai bine aceste tipare.<\/p>\n\n\n\n<h4 class=\"wp-block-heading\">Alert\u0103 de urm\u0103ritor! Afl\u0103 cine te urm\u0103re\u0219te pe re\u021belele de socializare<\/h4>\n\n\n\n<p>Dac\u0103 sim\u021bi c\u0103 cineva \u00ee\u021bi monitorizeaz\u0103 \u00eendeaproape actualiz\u0103rile, c\u00e2teva instrumente \u021bi-ar putea fi utile.<\/p>\n\n\n\n<p>Un exemplu este <strong>Tracker social<\/strong>, o aplica\u021bie care ofer\u0103 o imagine complet\u0103 a urm\u0103ritorilor t\u0103i \u0219i a nivelului lor de implicare.<\/p>\n\n\n\n<p>Nu numai c\u0103 monitorizeaz\u0103 cine este cel mai activ \u00een post\u0103rile tale, dar ajut\u0103 \u0219i la identificarea noilor urm\u0103ritori \u0219i a celor care te-au anulat.<\/p>\n\n\n\n<blockquote class=\"wp-block-quote\">\n<p><strong>Consiliul<\/strong>Acordarea aten\u021biei persoanelor care interac\u021bioneaz\u0103 cel mai mult cu post\u0103rile tale poate fi o modalitate indirect\u0103 de a vedea cine este de fapt interesat de ceea ce distribui.<\/p>\n<\/blockquote>\n\n\n\n<h3 class=\"wp-block-heading\">Adev\u0103rul din spatele aprecierilor: Cine este cu adev\u0103rat interesat?<\/h3>\n\n\n\n<p>Pe majoritatea re\u021belelor de socializare, aprecierile \u0219i comentariile sunt principalele forme de interac\u021biune.<\/p>\n\n\n\n<p>Dar reprezint\u0103 ele cu adev\u0103rat un interes real? Sau este doar o atingere rapid\u0103 pe ecran?<\/p>\n\n\n\n<p>\u00cen\u021belegerea comportamentului celor care \u00ee\u021bi urm\u0103resc profilul este esen\u021bial\u0103 pentru a distinge \u00eentre urm\u0103ritorii ocazionali \u0219i cei fideli.<\/p>\n\n\n\n<blockquote class=\"wp-block-quote\">\n<p><strong>Exemplu real<\/strong>Ana a observat c\u0103 unei colege \u00eei plac toate fotografiile, dar nu comenteaz\u0103 niciodat\u0103. Asta ar putea indica faptul c\u0103 \u00ee\u021bi urm\u0103re\u0219te post\u0103rile, dar prefer\u0103 s\u0103 interac\u021bioneze discret.<\/p>\n<\/blockquote>\n\n\n\n<h4 class=\"wp-block-heading\">Te urm\u0103re\u0219te cineva? Afl\u0103 cu Social Tracker<\/h4>\n\n\n\n<p><strong>Tracker social<\/strong> este o aplica\u021bie popular\u0103 pentru cei care vor s\u0103 mearg\u0103 dincolo de aprecieri \u0219i comentarii.<\/p>\n\n\n\n<p>Ofer\u0103 un tablou de bord intuitiv care afi\u0219eaz\u0103 activitatea detaliat\u0103 a urm\u0103ritorilor, permi\u021b\u00e2ndu-\u021bi s\u0103 \u0219tii cine \u00ee\u021bi vizualizeaz\u0103 post\u0103rile cel mai des.<\/p>\n\n\n\n<h3 class=\"wp-block-heading\">Beneficiile de a \u0219ti cine \u00ee\u021bi vizualizeaz\u0103 profilul<\/h3>\n\n\n\n<p>Curiozitatea este natural\u0103, iar re\u021belele de socializare sunt un spa\u021biu \u00een care \u00eemp\u0103rt\u0103\u0219im mari p\u0103r\u021bi din via\u021ba noastr\u0103.<\/p>\n\n\n\n<p>A \u0219ti cine \u00ee\u021bi vizualizeaz\u0103 profilul poate oferi informa\u021bii valoroase celor care doresc s\u0103 \u00ee\u0219i \u00eembun\u0103t\u0103\u021beasc\u0103 strategia de con\u021binut.<\/p>\n\n\n\n<h4 class=\"wp-block-heading\">Ce dezv\u0103luie datele vizitatorilor<\/h4>\n\n\n\n<p>A \u0219ti cine \u00ee\u021bi vizualizeaz\u0103 profilul te poate ajuta:<\/p>\n\n\n\n<ul class=\"wp-block-list\">\n<li><strong>Ajusta\u021bi-v\u0103 con\u021binutul<\/strong>Dac\u0103 observi c\u0103 un anumit public interac\u021bioneaz\u0103 mai mult cu post\u0103rile tale, po\u021bi adapta con\u021binutul pentru a continua s\u0103 atragi acele persoane.<\/li>\n\n\n\n<li><strong>Identifica\u021bi oportunit\u0103\u021bile de networking<\/strong>Uneori, este posibil ca persoane interesante s\u0103 \u00ee\u021bi urm\u0103reasc\u0103 profilul, iar cunoa\u0219terea acestui lucru poate deschide calea c\u0103tre colabor\u0103ri.<\/li>\n\n\n\n<li><strong>Proteja\u021bi-v\u0103 confiden\u021bialitatea<\/strong>\u0218tiind mai multe despre cine \u00ee\u021bi urm\u0103re\u0219te post\u0103rile, po\u021bi controla mai bine ce distribui \u0219i cu cine.<\/li>\n<\/ul>\n\n\n\n<h4 class=\"wp-block-heading\">Cum s\u0103 folose\u0219ti aceste informa\u021bii pentru a-\u021bi \u00eembun\u0103t\u0103\u021bi strategia<\/h4>\n\n\n\n<p>Utilizarea datelor privind implicarea \u00een avantajul t\u0103u este o modalitate excelent\u0103 de a cre\u0219te pe re\u021belele sociale.<\/p>\n\n\n\n<p>C\u00e2nd \u0219tii cine \u00ee\u021bi viziteaz\u0103 profilul, este mai u\u0219or s\u0103 \u00een\u021belegi ce subiecte, fotografii \u0219i videoclipuri atrag cea mai mare aten\u021bie.<\/p>\n\n\n\n<h3 class=\"wp-block-heading\">Mitul vizibilit\u0103\u021bii: De ce ascund re\u021belele sociale aceste informa\u021bii?<\/h3>\n\n\n\n<p>Majoritatea re\u021belelor sociale nu ofer\u0103 direct liste de vizitatori, iar confiden\u021bialitatea este principalul motiv.<\/p>\n\n\n\n<p>Aceast\u0103 decizie previne ca h\u0103r\u021buirea s\u0103 devin\u0103 o practic\u0103 obi\u0219nuit\u0103 \u0219i protejeaz\u0103 utilizatorii de abuzuri.<\/p>\n\n\n\n<h4 class=\"wp-block-heading\">Instrumente populare \u0219i fiabile pentru monitorizarea vizitatorilor<\/h4>\n\n\n\n<p>Pe l\u00e2ng\u0103 Social Tracker, exist\u0103 \u0219i alte op\u021biuni care promit s\u0103 ofere informa\u021bii despre vizitatori.<\/p>\n\n\n\n<p>Totu\u0219i, este important s\u0103 fii atent atunci c\u00e2nd alegi aceste instrumente.<\/p>\n\n\n\n<h3 class=\"wp-block-heading\">Considera\u021bii privind confiden\u021bialitatea: Riscurile utiliz\u0103rii instrumentelor ter\u021be<\/h3>\n\n\n\n<p>C\u00e2nd folose\u0219ti aplica\u021bii pentru a afla cine \u00ee\u021bi vizualizeaz\u0103 profilul, exist\u0103 anumite riscuri.<\/p>\n\n\n\n<p>Instrumentele ter\u021be pot avea acces la date private, iar nu toate sunt de \u00eencredere.<\/p>\n\n\n\n<p>\u00cenainte de a instala orice aplica\u021bie, cite\u0219te recenziile \u0219i vezi ce spun al\u021bi utilizatori.<\/p>\n\n\n\n<blockquote class=\"wp-block-quote\">\n<p><strong>Alerta<\/strong>Evita\u021bi aplica\u021biile necunoscute care v\u0103 cer permisiunea de a accesa informa\u021bii sensibile din profilul dvs. Unele pot fi capcane pentru furtul de date.<\/p>\n<\/blockquote>\n\n\n\n<h4 class=\"wp-block-heading\">Proteja\u021bi-v\u0103 confiden\u021bialitatea pe re\u021belele de socializare<\/h4>\n\n\n\n<p>Siguran\u021ba pe primul loc! Limiteaz\u0103 cine poate vedea informa\u021biile tale personale \u0219i ajusteaz\u0103-\u021bi periodic set\u0103rile de confiden\u021bialitate.<\/p>\n\n\n<div class=\"wp-block-image\">\n<figure class=\"aligncenter size-full\"><img loading=\"lazy\" decoding=\"async\" width=\"550\" height=\"350\" src=\"http:\/\/universofamilia.com\/wp-content\/uploads\/sites\/148\/2024\/10\/DESTAQUE-UNIVERSO-550-x-350-30.jpg\" alt=\"\" class=\"wp-image-7286\" srcset=\"https:\/\/universofamilia.com\/wp-content\/uploads\/sites\/148\/2024\/10\/DESTAQUE-UNIVERSO-550-x-350-30.jpg 550w, https:\/\/universofamilia.com\/wp-content\/uploads\/sites\/148\/2024\/10\/DESTAQUE-UNIVERSO-550-x-350-30-300x191.jpg 300w\" sizes=\"(max-width: 550px) 100vw, 550px\" \/><figcaption class=\"wp-element-caption\">Afl\u0103 cine te urm\u0103re\u0219te<\/figcaption><\/figure><\/div>\n\n\n<h3 class=\"wp-block-heading\">Recenzii Social Tracker: Ce spun utilizatorii?<\/h3>\n\n\n\n<p>Dac\u0103 te g\u00e2nde\u0219ti s\u0103 \u00eencerci <strong>Tracker social<\/strong>Iat\u0103 c\u00e2teva opinii de la al\u021bi utilizatori:<\/p>\n\n\n\n<ol class=\"wp-block-list\">\n<li><strong>Ana L. (5 stele)<\/strong>\u201eAplica\u021bie super util\u0103! M-a ajutat s\u0103 \u00een\u021beleg cine \u00eemi urm\u0103re\u0219te post\u0103rile \u0219i s\u0103 identific urm\u0103ritorii inactivi. O recomand oricui dore\u0219te s\u0103-\u0219i controleze mai bine profilul.\u201d<\/li>\n\n\n\n<li><strong>Carlos M. (4 stele)<\/strong>\u201eMi-a pl\u0103cut interfa\u021ba simpl\u0103 \u0219i informa\u021biile pe care le ofer\u0103. Mi-a\u0219 fi dorit s\u0103 fie mai multe detalii, dar este excelent\u0103 pentru a ob\u021bine o imagine de ansamblu.\u201d<\/li>\n\n\n\n<li><strong>Julia S. (5 stele)<\/strong>\u201eAm instalat aplica\u021bia ca s\u0103 v\u0103d cine \u00eemi viziteaz\u0103 profilul frecvent \u0219i mi-a pl\u0103cut foarte mult! Aplica\u021bia este u\u0219oar\u0103 \u0219i u\u0219or de utilizat.\u201d<\/li>\n<\/ol>\n\n\n\n<p>Aceste evalu\u0103ri demonstreaz\u0103 popularitatea \u0219i eficien\u021ba Social Tracker, \u00een special pentru cei care doresc s\u0103 \u00ee\u0219i \u00een\u021beleag\u0103 mai bine urm\u0103ritorii.<\/p>\n\n\n\n<h3 class=\"wp-block-heading\">Concluzie: Adev\u0103rul despre vizibilitatea profilului t\u0103u<\/h3>\n\n\n\n<p>A \u0219ti cine \u00ee\u021bi vizualizeaz\u0103 profilul de socializare este ceva ce st\u00e2rne\u0219te mult\u0103 curiozitate, dar nu este \u00eentotdeauna posibil s\u0103 faci acest lucru direct.<\/p>\n\n\n\n<p>Totu\u0219i, instrumente precum Social Tracker te pot ajuta s\u0103 \u00een\u021belegi mai bine cine \u00ee\u021bi urm\u0103re\u0219te post\u0103rile.<\/p>\n\n\n\n<p>\u00cen concluzie:<\/p>\n\n\n\n<ul class=\"wp-block-list\">\n<li>Majoritatea re\u021belelor sociale p\u0103streaz\u0103 aceste informa\u021bii private, dar po\u021bi ob\u021bine o perspectiv\u0103 mai ampl\u0103 cu ajutorul instrumentelor de analiz\u0103 a interac\u021biunilor.<\/li>\n\n\n\n<li>A \u0219ti cine \u00ee\u021bi vizualizeaz\u0103 profilul te poate ajuta s\u0103-\u021bi perfec\u021bionezi strategia \u0219i s\u0103 cre\u0219ti implicarea.<\/li>\n\n\n\n<li>Fi\u021bi aten\u021bi c\u00e2nd utiliza\u021bi aplica\u021bii \u0219i proteja\u021bi-v\u0103 \u00eentotdeauna confiden\u021bialitatea online.<\/li>\n<\/ul>\n\n\n\n<p>Vrei s\u0103 afli mai multe? Descarc\u0103 Social Tracker \u0219i afl\u0103 mai multe despre comportamentul urm\u0103ritorilor t\u0103i.<\/p>\n\n\n\n<h4 class=\"wp-block-heading\">Linkuri de desc\u0103rcare<\/h4>\n\n\n\n<ul class=\"wp-block-list\">\n<li><strong>Tracker social<\/strong>: <a href=\"https:\/\/apps.apple.com\/br\/app\/social-tracker\/id1189139278\">Magazin de aplica\u021bii<\/a> | <a href=\"https:\/\/play.google.com\/store\/apps\/details?id=com.mobiversite.lookAtMe&amp;hl=pt_BR&amp;pli=1\">Google Play<\/a><\/li>\n<\/ul>\n\n\n\n<blockquote class=\"wp-block-quote\">\n<p><strong>Consiliul Final<\/strong>De ce s\u0103 nu \u00eemp\u0103rt\u0103\u0219e\u0219ti acest articol cu prietenii curio\u0219i? A\u0219adar, toat\u0103 lumea poate profita de aceste sfaturi \u0219i poate \u00een\u021belege pu\u021bin mai multe despre dinamica re\u021belelor sociale.<\/p>\n<\/blockquote>\n\n\n\n<h3 class=\"wp-block-heading\">\u00centreb\u0103ri frecvente despre aplica\u021bia Social Tracker<\/h3>\n\n\n\n<ol class=\"wp-block-list\">\n<li><strong>Ce informa\u021bii ofer\u0103 Social Tracker despre urm\u0103ritorii mei?<\/strong><br>Social Tracker arat\u0103 activit\u0103\u021bile urm\u0103ritorilor t\u0103i, inclusiv c\u00e2t de des interac\u021bioneaz\u0103 cu post\u0103rile tale, ceea ce te ajut\u0103 s\u0103 \u00een\u021belegi cine \u00ee\u021bi urm\u0103re\u0219te cel mai \u00eendeaproape profilul.<\/li>\n\n\n\n<li><strong>\u00cemi permite Social Tracker s\u0103 v\u0103d \u00een mod specific cine \u00eemi viziteaz\u0103 profilul?<\/strong><br>Social Tracker nu afi\u0219eaz\u0103 numele celor care \u00ee\u021bi viziteaz\u0103 profilul, deoarece aceste informa\u021bii sunt restric\u021bionate de politicile de confiden\u021bialitate ale majorit\u0103\u021bii re\u021belelor sociale. Cu toate acestea, ofer\u0103 o perspectiv\u0103 detaliat\u0103 asupra comportamentului urm\u0103ritorilor t\u0103i.<\/li>\n\n\n\n<li><strong>Este sigur s\u0103 utilizez Social Tracker?<\/strong><br>Social Tracker are o politic\u0103 de confiden\u021bialitate care protejeaz\u0103 informa\u021biile utilizatorilor. Se recomand\u0103 desc\u0103rcarea acestuia din magazinele oficiale \u0219i verificarea permisiunilor pe care le solicit\u0103.<\/li>\n\n\n\n<li><strong>Func\u021bioneaz\u0103 pe toate re\u021belele de socializare?<\/strong><br>Social Tracker este compatibil cu mai multe re\u021bele sociale populare, de\u0219i poate avea limit\u0103ri \u00een func\u021bie de politicile fiec\u0103rei platforme.<\/li>\n\n\n\n<li><strong>Cum pot desc\u0103rca Social Tracker?<\/strong><br>Po\u021bi g\u0103si Social Tracker \u00een App Store \u0219i Google Play. Pur \u0219i simplu c\u0103uta\u021bi numele \u0219i desc\u0103rca\u021bi-l direct pe dispozitivul dvs.<\/li>\n\n\n\n<li><strong>Ave\u021bi alte func\u021bii pentru a \u00eembun\u0103t\u0103\u021bi con\u021binutul meu?<\/strong><br>Da, Social Tracker \u00ee\u021bi permite s\u0103 vezi tipurile de con\u021binut care primesc cea mai mare implicare, ajut\u00e2ndu-te s\u0103-\u021bi adaptezi strategia pentru a atrage mai mul\u021bi urm\u0103ritori.<\/li>\n\n\n\n<li><strong>Pot folosi Social Tracker gratuit?<\/strong><br>Social Tracker ofer\u0103 at\u00e2t versiuni gratuite, c\u00e2t \u0219i versiuni cu plat\u0103. Versiunea gratuit\u0103 ofer\u0103 func\u021bii de baz\u0103, \u00een timp ce versiunea premium include instrumente avansate pentru analizarea profilului t\u0103u.<\/li>\n<\/ol>","protected":false},"excerpt":{"rendered":"<p>Afl\u0103 cine te urm\u0103re\u0219te pe re\u021belele de socializare! De ce este important s\u0103 \u0219tii cine \u021bi-a vizualizat profilul? Te-ai \u00eentrebat vreodat\u0103 cine \u00ee\u021bi viziteaz\u0103 profilul de pe re\u021belele de socializare? Este firesc; la urma urmei, cu to\u021bii vrem s\u0103 \u0219tim cine este interesat de ceea ce \u00eemp\u0103rt\u0103\u0219im. De la vechi prieteni la admiratori t\u0103cu\u021bi, oricine poate [\u2026]<\/p>","protected":false},"author":0,"featured_media":7286,"comment_status":"closed","ping_status":"open","sticky":false,"template":"","format":"standard","meta":{"footnotes":""},"categories":[3],"tags":[630,762,919,1146,1242],"yoast_head":"<!-- This site is optimized with the Yoast SEO plugin v23.3 - https:\/\/yoast.com\/wordpress\/plugins\/seo\/ -->\n<title>Descubre Qui\u00e9n Est\u00e1 Observ\u00e1ndote - Universo Fam\u00edlia<\/title>\n<meta name=\"description\" content=\"Descubre Qui\u00e9n Est\u00e1 Observ\u00e1ndote. \u00a1Descubre qui\u00e9n sigue de cerca tus pasos en redes sociales!..\" \/>\n<meta name=\"robots\" content=\"index, follow, max-snippet:-1, max-image-preview:large, max-video-preview:-1\" \/>\n<link rel=\"canonical\" href=\"https:\/\/universofamilia.com\/ro\/cari-tahu-siapa-yang-mengawasimu\/\" \/>\n<meta property=\"og:locale\" content=\"ro_RO\" \/>\n<meta property=\"og:type\" content=\"article\" \/>\n<meta property=\"og:title\" content=\"Descubre Qui\u00e9n Est\u00e1 Observ\u00e1ndote - Universo Fam\u00edlia\" \/>\n<meta property=\"og:description\" content=\"Descubre Qui\u00e9n Est\u00e1 Observ\u00e1ndote. \u00a1Descubre qui\u00e9n sigue de cerca tus pasos en redes sociales!..\" \/>\n<meta property=\"og:url\" content=\"https:\/\/universofamilia.com\/ro\/cari-tahu-siapa-yang-mengawasimu\/\" \/>\n<meta property=\"og:site_name\" content=\"Universo Fam\u00edlia\" \/>\n<meta property=\"article:published_time\" content=\"2024-10-30T17:29:17+00:00\" \/>\n<meta property=\"og:image\" content=\"https:\/\/universofamilia.com\/wp-content\/uploads\/sites\/148\/2024\/10\/DESTAQUE-UNIVERSO-550-x-350-30.jpg\" \/>\n\t<meta property=\"og:image:width\" content=\"550\" \/>\n\t<meta property=\"og:image:height\" content=\"350\" \/>\n\t<meta property=\"og:image:type\" content=\"image\/jpeg\" \/>\n<meta name=\"twitter:card\" content=\"summary_large_image\" \/>\n<meta name=\"twitter:label1\" content=\"Est. reading time\" \/>\n\t<meta name=\"twitter:data1\" content=\"1 minut\" \/>\n<script type=\"application\/ld+json\" class=\"yoast-schema-graph\">{\"@context\":\"https:\/\/schema.org\",\"@graph\":[{\"@type\":\"WebPage\",\"@id\":\"https:\/\/universofamilia.com\/id\/cari-tahu-siapa-yang-mengawasimu\/\",\"url\":\"https:\/\/universofamilia.com\/id\/cari-tahu-siapa-yang-mengawasimu\/\",\"name\":\"Descubre Qui\u00e9n Est\u00e1 Observ\u00e1ndote - Universo Fam\u00edlia\",\"isPartOf\":{\"@id\":\"https:\/\/universofamilia.com\/el\/#website\"},\"primaryImageOfPage\":{\"@id\":\"https:\/\/universofamilia.com\/id\/cari-tahu-siapa-yang-mengawasimu\/#primaryimage\"},\"image\":{\"@id\":\"https:\/\/universofamilia.com\/id\/cari-tahu-siapa-yang-mengawasimu\/#primaryimage\"},\"thumbnailUrl\":\"https:\/\/universofamilia.com\/wp-content\/uploads\/sites\/148\/2024\/10\/DESTAQUE-UNIVERSO-550-x-350-30.jpg\",\"datePublished\":\"2024-10-30T17:29:17+00:00\",\"dateModified\":\"2024-10-30T17:29:17+00:00\",\"author\":{\"@id\":\"\"},\"description\":\"Descubre Qui\u00e9n Est\u00e1 Observ\u00e1ndote. \u00a1Descubre qui\u00e9n sigue de cerca tus pasos en redes sociales!..\",\"breadcrumb\":{\"@id\":\"https:\/\/universofamilia.com\/id\/cari-tahu-siapa-yang-mengawasimu\/#breadcrumb\"},\"inLanguage\":\"ro-RO\",\"potentialAction\":[{\"@type\":\"ReadAction\",\"target\":[\"https:\/\/universofamilia.com\/id\/cari-tahu-siapa-yang-mengawasimu\/\"]}]},{\"@type\":\"ImageObject\",\"inLanguage\":\"ro-RO\",\"@id\":\"https:\/\/universofamilia.com\/id\/cari-tahu-siapa-yang-mengawasimu\/#primaryimage\",\"url\":\"https:\/\/universofamilia.com\/wp-content\/uploads\/sites\/148\/2024\/10\/DESTAQUE-UNIVERSO-550-x-350-30.jpg\",\"contentUrl\":\"https:\/\/universofamilia.com\/wp-content\/uploads\/sites\/148\/2024\/10\/DESTAQUE-UNIVERSO-550-x-350-30.jpg\",\"width\":550,\"height\":350,\"caption\":\"Descubre Qui\u00e9n Est\u00e1 Observ\u00e1ndote\"},{\"@type\":\"BreadcrumbList\",\"@id\":\"https:\/\/universofamilia.com\/id\/cari-tahu-siapa-yang-mengawasimu\/#breadcrumb\",\"itemListElement\":[{\"@type\":\"ListItem\",\"position\":1,\"name\":\"Home\",\"item\":\"https:\/\/universofamilia.com\/el\/\"},{\"@type\":\"ListItem\",\"position\":2,\"name\":\"Descubre Qui\u00e9n Est\u00e1 Observ\u00e1ndote\"}]},{\"@type\":\"WebSite\",\"@id\":\"https:\/\/universofamilia.com\/el\/#website\",\"url\":\"https:\/\/universofamilia.com\/el\/\",\"name\":\"Universo Fam\u00edlia\",\"description\":\"\",\"potentialAction\":[{\"@type\":\"SearchAction\",\"target\":{\"@type\":\"EntryPoint\",\"urlTemplate\":\"https:\/\/universofamilia.com\/el\/?s={search_term_string}\"},\"query-input\":\"required name=search_term_string\"}],\"inLanguage\":\"ro-RO\"}]}<\/script>\n<!-- \/ Yoast SEO plugin. -->","yoast_head_json":{"title":"Descubre Qui\u00e9n Est\u00e1 Observ\u00e1ndote - Universo Fam\u00edlia","description":"Descubre Qui\u00e9n Est\u00e1 Observ\u00e1ndote. \u00a1Descubre qui\u00e9n sigue de cerca tus pasos en redes sociales!..","robots":{"index":"index","follow":"follow","max-snippet":"max-snippet:-1","max-image-preview":"max-image-preview:large","max-video-preview":"max-video-preview:-1"},"canonical":"https:\/\/universofamilia.com\/ro\/cari-tahu-siapa-yang-mengawasimu\/","og_locale":"ro_RO","og_type":"article","og_title":"Descubre Qui\u00e9n Est\u00e1 Observ\u00e1ndote - Universo Fam\u00edlia","og_description":"Descubre Qui\u00e9n Est\u00e1 Observ\u00e1ndote. \u00a1Descubre qui\u00e9n sigue de cerca tus pasos en redes sociales!..","og_url":"https:\/\/universofamilia.com\/ro\/cari-tahu-siapa-yang-mengawasimu\/","og_site_name":"Universo Fam\u00edlia","article_published_time":"2024-10-30T17:29:17+00:00","og_image":[{"width":550,"height":350,"url":"https:\/\/universofamilia.com\/wp-content\/uploads\/sites\/148\/2024\/10\/DESTAQUE-UNIVERSO-550-x-350-30.jpg","type":"image\/jpeg"}],"twitter_card":"summary_large_image","twitter_misc":{"Est. reading time":"1 minut"},"schema":{"@context":"https:\/\/schema.org","@graph":[{"@type":"WebPage","@id":"https:\/\/universofamilia.com\/id\/cari-tahu-siapa-yang-mengawasimu\/","url":"https:\/\/universofamilia.com\/id\/cari-tahu-siapa-yang-mengawasimu\/","name":"Descubre Qui\u00e9n Est\u00e1 Observ\u00e1ndote - Universo Fam\u00edlia","isPartOf":{"@id":"https:\/\/universofamilia.com\/el\/#website"},"primaryImageOfPage":{"@id":"https:\/\/universofamilia.com\/id\/cari-tahu-siapa-yang-mengawasimu\/#primaryimage"},"image":{"@id":"https:\/\/universofamilia.com\/id\/cari-tahu-siapa-yang-mengawasimu\/#primaryimage"},"thumbnailUrl":"https:\/\/universofamilia.com\/wp-content\/uploads\/sites\/148\/2024\/10\/DESTAQUE-UNIVERSO-550-x-350-30.jpg","datePublished":"2024-10-30T17:29:17+00:00","dateModified":"2024-10-30T17:29:17+00:00","author":{"@id":""},"description":"Descubre Qui\u00e9n Est\u00e1 Observ\u00e1ndote. \u00a1Descubre qui\u00e9n sigue de cerca tus pasos en redes sociales!..","breadcrumb":{"@id":"https:\/\/universofamilia.com\/id\/cari-tahu-siapa-yang-mengawasimu\/#breadcrumb"},"inLanguage":"ro-RO","potentialAction":[{"@type":"ReadAction","target":["https:\/\/universofamilia.com\/id\/cari-tahu-siapa-yang-mengawasimu\/"]}]},{"@type":"ImageObject","inLanguage":"ro-RO","@id":"https:\/\/universofamilia.com\/id\/cari-tahu-siapa-yang-mengawasimu\/#primaryimage","url":"https:\/\/universofamilia.com\/wp-content\/uploads\/sites\/148\/2024\/10\/DESTAQUE-UNIVERSO-550-x-350-30.jpg","contentUrl":"https:\/\/universofamilia.com\/wp-content\/uploads\/sites\/148\/2024\/10\/DESTAQUE-UNIVERSO-550-x-350-30.jpg","width":550,"height":350,"caption":"Descubre Qui\u00e9n Est\u00e1 Observ\u00e1ndote"},{"@type":"BreadcrumbList","@id":"https:\/\/universofamilia.com\/id\/cari-tahu-siapa-yang-mengawasimu\/#breadcrumb","itemListElement":[{"@type":"ListItem","position":1,"name":"Home","item":"https:\/\/universofamilia.com\/el\/"},{"@type":"ListItem","position":2,"name":"Descubre Qui\u00e9n Est\u00e1 Observ\u00e1ndote"}]},{"@type":"WebSite","@id":"https:\/\/universofamilia.com\/el\/#website","url":"https:\/\/universofamilia.com\/el\/","name":"Universo Fam\u00edlia","description":"","potentialAction":[{"@type":"SearchAction","target":{"@type":"EntryPoint","urlTemplate":"https:\/\/universofamilia.com\/el\/?s={search_term_string}"},"query-input":"required name=search_term_string"}],"inLanguage":"ro-RO"}]}},"_links":{"self":[{"href":"https:\/\/universofamilia.com\/ro\/wp-json\/wp\/v2\/posts\/7282"}],"collection":[{"href":"https:\/\/universofamilia.com\/ro\/wp-json\/wp\/v2\/posts"}],"about":[{"href":"https:\/\/universofamilia.com\/ro\/wp-json\/wp\/v2\/types\/post"}],"replies":[{"embeddable":true,"href":"https:\/\/universofamilia.com\/ro\/wp-json\/wp\/v2\/comments?post=7282"}],"version-history":[{"count":0,"href":"https:\/\/universofamilia.com\/ro\/wp-json\/wp\/v2\/posts\/7282\/revisions"}],"wp:featuredmedia":[{"embeddable":true,"href":"https:\/\/universofamilia.com\/ro\/wp-json\/wp\/v2\/media\/7286"}],"wp:attachment":[{"href":"https:\/\/universofamilia.com\/ro\/wp-json\/wp\/v2\/media?parent=7282"}],"wp:term":[{"taxonomy":"category","embeddable":true,"href":"https:\/\/universofamilia.com\/ro\/wp-json\/wp\/v2\/categories?post=7282"},{"taxonomy":"post_tag","embeddable":true,"href":"https:\/\/universofamilia.com\/ro\/wp-json\/wp\/v2\/tags?post=7282"}],"curies":[{"name":"wp","href":"https:\/\/api.w.org\/{rel}","templated":true}]}}