{"id":7361,"date":"2024-11-06T16:03:59","date_gmt":"2024-11-06T19:03:59","guid":{"rendered":"https:\/\/universofamilia.com\/?p=7361"},"modified":"2025-10-12T19:32:27","modified_gmt":"2025-10-12T22:32:27","slug":"descubre-quien-te-observa-en-redes-sociales","status":"publish","type":"post","link":"https:\/\/universofamilia.com\/ro\/descubre-quien-te-observa-en-redes-sociales\/","title":{"rendered":"Afl\u0103 cine te urm\u0103re\u0219te pe re\u021belele de socializare"},"content":{"rendered":"<p>Curios s\u0103 \u0219tii cine te urm\u0103re\u0219te? Afl\u0103 acum!<\/p>\n\n\n\n<p>Maria era o t\u00e2n\u0103r\u0103 care, ca mul\u021bi dintre noi, petrecea ore \u00eentregi pe re\u021belele de socializare.<\/p>\n\n\n\n<p><\/p>\n\n\n\n<p><\/p>\n\n\n\n<p>\u00centr-o zi, a g\u0103sit profilul lui Juan \u0219i a \u00eenceput s\u0103-l observe discret.<\/p>\n\n\n\n<p>\u00cel pl\u0103cea din c\u00e2nd \u00een c\u00e2nd, \u00eei mai l\u0103sa c\u00e2te un comentariu\u2026 p\u00e2n\u0103 c\u00e2nd, dintr-o dat\u0103, el a \u00eenceput s\u0103-i r\u0103spund\u0103 la fel.<\/p>\n\n\n\n<p>Ceea ce a \u00eenceput ca o curiozitate s-a transformat \u00eentr-un schimb constant de replici. Ast\u0103zi sunt c\u0103s\u0103tori\u021bi.<\/p>\n\n\n\n<p>Te-ai \u00eentrebat vreodat\u0103 cine te prive\u0219te a\u0219a f\u0103r\u0103 s\u0103 \u0219tii?<\/p>\n\n\n\n<p>\u00cen acest articol, vom explora modalit\u0103\u021bi de a afla cine \u00ee\u021bi viziteaz\u0103 profilul \u0219i tot ce trebuie s\u0103 \u0219tii despre acei vizitatori misterio\u0219i.<\/p>\n\n\n\n<h3 class=\"wp-block-heading\">De ce este important s\u0103 \u0219tii cine \u00ee\u021bi vizualizeaz\u0103 profilul?<\/h3>\n\n\n\n<p>Curiozitatea este natural\u0103 pentru toat\u0103 lumea. Cine nu a vrut s\u0103 \u0219tie cine i-a vizualizat profilul?<\/p>\n\n\n\n<p>Fie c\u0103 este vorba de afaceri, rela\u021bii sau doar de curiozitate, cunoa\u0219terea persoanelor care \u00ee\u021bi viziteaz\u0103 profilul poate oferi informa\u021bii utile.<\/p>\n\n\n\n<p><\/p>\n\n\n\n<hr class=\"wp-block-separator has-text-color has-luminous-vivid-orange-color has-alpha-channel-opacity has-luminous-vivid-orange-background-color has-background is-style-wide\" \/>\n\n\n\n<h3 class=\"wp-block-heading\">Vezi \u0219i:<\/h3>\n\n\n\n<ul class=\"wp-block-list has-small-font-size\">\n<li class=\"has-medium-font-size\" style=\"padding-top:0;padding-right:var(--wp--preset--spacing--40);padding-bottom:0;padding-left:var(--wp--preset--spacing--40);font-style:normal;font-weight:400\"><a href=\"https:\/\/universofamilia.com\/ro\/6855\/grabar-llamadas-recibidas\/\"><mark style=\"color:#f94c45\" class=\"has-inline-color\">\u00cenregistra\u021bi apelurile primite &gt;<\/mark><\/a><\/li>\n\n\n\n<li class=\"has-medium-font-size\" style=\"padding-top:0;padding-right:var(--wp--preset--spacing--40);padding-bottom:0;padding-left:var(--wp--preset--spacing--40);font-style:normal;font-weight:400\"><a href=\"https:\/\/universofamilia.com\/ro\/6898\/leer-la-biblia-catolica-en-tu-celular\/\"><mark style=\"color:#f94c45\" class=\"has-inline-color\"><font style=\"vertical-align: inherit\"><font style=\"vertical-align: inherit\">Cite\u0219te Biblia catolic\u0103 pe telefonul t\u0103u mobil<\/font><\/font> &gt;<\/mark><\/a><\/li>\n\n\n\n<li class=\"has-medium-font-size\" style=\"padding-top:0;padding-right:var(--wp--preset--spacing--40);padding-bottom:0;padding-left:var(--wp--preset--spacing--40);font-style:normal;font-weight:400\"><a href=\"https:\/\/universofamilia.com\/ro\/6832\/aplicacion-para-bailar-zumba\/\"><mark style=\"color:#f94c45\" class=\"has-inline-color\">Aplica\u021bie de dans Zumba &gt;<\/mark><\/a><\/li>\n\n\n\n<li class=\"has-medium-font-size\" style=\"padding-top:0;padding-right:var(--wp--preset--spacing--40);padding-bottom:0;padding-left:var(--wp--preset--spacing--40);font-style:normal;font-weight:400\"><a href=\"https:\/\/universofamilia.com\/ro\/6952\/descubre-quien-visita-tu-perfil-redes-sociales\/\"><mark style=\"color:#f94c45\" class=\"has-inline-color\">Afl\u0103 cine \u00ee\u021bi viziteaz\u0103 profilul de pe re\u021belele sociale &gt;<\/mark><\/a><\/li>\n<\/ul>\n\n\n\n<hr class=\"wp-block-separator has-text-color has-luminous-vivid-orange-color has-alpha-channel-opacity has-luminous-vivid-orange-background-color has-background is-style-wide\" \/>\n\n\n\n<p><\/p>\n\n\n\n<h3 class=\"wp-block-heading\">Vrei s\u0103 \u0219tii cine \u00ee\u021bi viziteaz\u0103 profilul? Descoper\u0103 misterul!<\/h3>\n\n\n\n<p>\u00centr-o lume \u00een care confiden\u021bialitatea este din ce \u00een ce mai apreciat\u0103, a \u0219ti cine \u00ee\u021bi vizualizeaz\u0103 profilul este atractiv pentru mul\u021bi.<\/p>\n\n\n\n<p>Aici vei descoperi dac\u0103 este posibil s\u0103 urm\u0103re\u0219ti cine \u00ee\u021bi vizualizeaz\u0103 re\u021belele sociale \u0219i cum \u00ee\u021bi poate afecta acest lucru prezen\u021ba digital\u0103.<\/p>\n\n\n\n<h3 class=\"wp-block-heading\">Mitul vizibilit\u0103\u021bii pe re\u021belele de socializare<\/h3>\n\n\n\n<p>Majoritatea platformelor de socializare, precum Instagram \u0219i Facebook, nu dezv\u0103luie cine \u00ee\u021bi viziteaz\u0103 profilul.<\/p>\n\n\n\n<p>Ei p\u0103streaz\u0103 aceste informa\u021bii secrete pentru a proteja confiden\u021bialitatea utilizatorilor, ceea ce ne st\u00e2rne\u0219te \u0219i mai mult curiozitatea.<\/p>\n\n\n\n<h4 class=\"wp-block-heading\">De ce ascund re\u021belele de socializare aceste informa\u021bii?<\/h4>\n\n\n\n<p>Confiden\u021bialitatea este fundamental\u0103 pentru aceste platforme, deoarece promoveaz\u0103 un mediu sigur pentru interac\u021biuni.<\/p>\n\n\n\n<p>\u00cen plus, faptul c\u0103 \u0219tim cine ne viziteaz\u0103 profilul ar putea descuraja vizitele sau ar putea schimba comportamentul utilizatorilor.<\/p>\n\n\n\n<p>Re\u021belele prefer\u0103 ca oamenii s\u0103 interac\u021bioneze f\u0103r\u0103 presiunea de a se sim\u021bi urm\u0103ri\u021bi.<\/p>\n\n\n\n<h3 class=\"wp-block-heading\">Instrumente populare \u0219i de \u00eencredere: ce func\u021bioneaz\u0103 \u0219i ce este un mit?<\/h3>\n\n\n\n<p>Unele aplica\u021bii pretind c\u0103 ofer\u0103 aceast\u0103 func\u021bie, dar ar trebui s\u0103 fii atent.<\/p>\n\n\n\n<p><strong>Tracker social<\/strong> este una dintre aplica\u021biile populare care promite s\u0103 arate cine \u021bi-a vizualizat profilul, oferind analize detaliate ale interac\u021biunilor.<\/p>\n\n\n\n<p>Totu\u0219i, este \u00eentotdeauna recomandabil s\u0103 verifica\u021bi fiabilitatea \u00eenainte de a desc\u0103rca orice aplica\u021bie.<\/p>\n\n\n\n<blockquote class=\"wp-block-quote\">\n<p>Linkuri de desc\u0103rcare: <a href=\"https:\/\/apps.apple.com\/br\/app\/social-tracker\/id1189139278\">Magazin de aplica\u021bii<\/a> | <a href=\"https:\/\/play.google.com\/store\/apps\/details?id=com.mobiversite.lookAtMe&amp;hl=pt_BR&amp;pli=1\">Google Play<\/a><\/p>\n<\/blockquote>\n\n\n\n<h3 class=\"wp-block-heading\">Analiza datelor \u0219i perspective: Ce dezv\u0103luie datele despre profilul t\u0103u?<\/h3>\n\n\n\n<p>Datele privind implicarea, cum ar fi aprecierile, comentariile \u0219i distribuirile, pot oferi informa\u021bii despre cine este interesat de con\u021binutul t\u0103u.<\/p>\n\n\n\n<p>\u00cen\u021belegerea acestor date v\u0103 permite s\u0103 vede\u021bi ce tipuri de post\u0103ri atrag aten\u021bia \u0219i cine interac\u021bioneaz\u0103 cel mai frecvent.<\/p>\n\n\n\n<h4 class=\"wp-block-heading\">Cum s\u0103 folose\u0219ti aceste informa\u021bii pentru a-\u021bi \u00eembun\u0103t\u0103\u021bi strategia de social media?<\/h4>\n\n\n\n<p>Pentru cei care utilizeaz\u0103 re\u021belele de socializare \u00een scopuri comerciale sau de influen\u021b\u0103, \u00een\u021belegerea intereselor publicului lor este esen\u021bial\u0103.<\/p>\n\n\n\n<p>Analizarea acestor date te poate ajuta s\u0103 planifici post\u0103ri care s\u0103 atrag\u0103 cu adev\u0103rat publicul t\u0103u, s\u0103-\u021bi m\u0103reasc\u0103 acoperirea \u0219i s\u0103-\u021bi consolideze prezen\u021ba online.<\/p>\n\n\n\n<h3 class=\"wp-block-heading\">Considera\u021bii privind confiden\u021bialitatea<\/h3>\n\n\n\n<p>De\u0219i este interesant s\u0103 \u0219tii cine \u00ee\u021bi viziteaz\u0103 profilul, este important s\u0103 \u021bii cont de riscuri.<\/p>\n\n\n\n<p>Multe aplica\u021bii care promit aceast\u0103 func\u021bie v\u0103 pot pune \u00een pericol confiden\u021bialitatea.<\/p>\n\n\n\n<p>Utilizarea instrumentelor neoficiale poate compromite securitatea contului dvs. \u0219i poate expune date personale.<\/p>\n\n\n\n<h3 class=\"wp-block-heading\">Concluzie: Adev\u0103rul despre vizibilitatea pe re\u021belele sociale<\/h3>\n\n\n\n<p>Este firesc s\u0103 fim curio\u0219i despre cine ne vizualizeaz\u0103 profilul, dar, \u00een majoritatea cazurilor, nu putem ob\u021bine aceste informa\u021bii \u00een mod oficial sau \u00een siguran\u021b\u0103.<\/p>\n\n\n\n<p>Utilizarea aplica\u021biilor ne\u00eencrez\u0103toare v\u0103 poate compromite securitatea.<\/p>\n\n\n\n<p>Pentru a cre\u0219te implicarea \u00eentr-un mod s\u0103n\u0103tos, concentreaz\u0103-te pe crearea de con\u021binut de calitate care s\u0103 atrag\u0103 publicul potrivit.<\/p>\n\n\n\n<p>\u00cen felul acesta, nu va trebui s\u0103 v\u0103 face\u021bi griji despre cine se uit\u0103, deoarece succesul dvs. pe re\u021belele sociale va vorbi de la sine.<\/p>\n\n\n<div class=\"wp-block-image\">\n<figure class=\"aligncenter size-full\"><img loading=\"lazy\" decoding=\"async\" width=\"550\" height=\"350\" src=\"http:\/\/universofamilia.com\/wp-content\/uploads\/sites\/148\/2024\/11\/DESTAQUE-UNIVERSO-550-x-350-5-1.jpg\" alt=\"\" class=\"wp-image-7365\" srcset=\"https:\/\/universofamilia.com\/wp-content\/uploads\/sites\/148\/2024\/11\/DESTAQUE-UNIVERSO-550-x-350-5-1.jpg 550w, https:\/\/universofamilia.com\/wp-content\/uploads\/sites\/148\/2024\/11\/DESTAQUE-UNIVERSO-550-x-350-5-1-300x191.jpg 300w\" sizes=\"(max-width: 550px) 100vw, 550px\" \/><figcaption class=\"wp-element-caption\">Afl\u0103 cine te urm\u0103re\u0219te pe re\u021belele de socializare<\/figcaption><\/figure><\/div>\n\n\n<h3 class=\"wp-block-heading\">Ce spun utilizatorii<\/h3>\n\n\n\n<p>Mai jos sunt c\u00e2teva opinii ale unor utilizatori mul\u021bumi\u021bi <strong>Tracker social<\/strong>:<\/p>\n\n\n\n<ol class=\"wp-block-list\">\n<li><strong>Ana P.<\/strong>\u201eAplica\u021bie excelent\u0103! M-a ajutat s\u0103 \u00een\u021beleg mai bine cine interac\u021bioneaz\u0103 cu con\u021binutul meu. O recomand celor care doresc mai mult control asupra re\u021belelor lor.\u201d<\/li>\n\n\n\n<li><strong>Carlos M.<\/strong>\u201eEste uimitor cum Social Tracker \u00eemi permite s\u0103 v\u0103d cine este cu adev\u0103rat interesat. \u00cen plus, este u\u0219or de utilizat!\u201d<\/li>\n\n\n\n<li><strong>Marina R.<\/strong>\u201eAm fost surprins de informa\u021biile oferite de aplica\u021bie. M\u0103 simt mai \u00eencrez\u0103tor \u0219tiind cine interac\u021bioneaz\u0103 cu profilul meu.\u201d<\/li>\n<\/ol>\n\n\n\n<h4 class=\"wp-block-heading\">Linkuri de desc\u0103rcare<\/h4>\n\n\n\n<ul class=\"wp-block-list\">\n<li><strong>Tracker social<\/strong>: <a href=\"https:\/\/apps.apple.com\/br\/app\/social-tracker\/id1189139278\">Magazin de aplica\u021bii<\/a> | <a href=\"https:\/\/play.google.com\/store\/apps\/details?id=com.mobiversite.lookAtMe&amp;hl=pt_BR&amp;pli=1\">Google Play<\/a><\/li>\n<\/ul>\n\n\n\n<h3 class=\"wp-block-heading\">\u00centreb\u0103ri frecvente: \u00centreb\u0103ri frecvente<\/h3>\n\n\n\n<ol class=\"wp-block-list\">\n<li><strong>Este sigur s\u0103 folosesc aplica\u021bii pentru a vedea cine \u00eemi viziteaz\u0103 profilul?<\/strong><br>Nu toate aplica\u021biile sunt sigure. Este important s\u0103 descarci doar aplica\u021bii cu recenzii bune \u0219i s\u0103 evi\u021bi permisiunile excesive care \u00ee\u021bi compromit confiden\u021bialitatea.<\/li>\n\n\n\n<li><strong>De ce nu arat\u0103 re\u021belele de socializare cine ne vizualizeaz\u0103 profilul?<\/strong><br>Pentru a proteja confiden\u021bialitatea utilizatorilor \u0219i a men\u021bine un mediu sigur pentru interac\u021biuni.<\/li>\n\n\n\n<li><strong>Pot \u0219ti cu adev\u0103rat cine \u00eemi viziteaz\u0103 profilul de Instagram?<\/strong><br>Oficial, Instagram nu \u00ee\u021bi permite s\u0103 vezi cine \u00ee\u021bi viziteaz\u0103 profilul. Unele aplica\u021bii ofer\u0103 aceast\u0103 func\u021bie, dar este posibil s\u0103 nu fie fiabile.<\/li>\n\n\n\n<li><strong>Ce fac dac\u0103 simt c\u0103 cineva m\u0103 urm\u0103re\u0219te pe re\u021belele de socializare?<\/strong><br>Ajusta\u021bi set\u0103rile de confiden\u021bialitate ale conturilor dvs. \u0219i evita\u021bi partajarea informa\u021biilor personale.<\/li>\n\n\n\n<li><strong>Exist\u0103 aplica\u021bii fiabile pentru vizualizarea interac\u021biunilor \u00een re\u021bea?<\/strong><br>Da, unele aplica\u021bii precum <strong>Tracker social<\/strong> Acestea ofer\u0103 analize detaliate ale interac\u021biunilor, dar nu afi\u0219eaz\u0103 vizitatori specifici.<\/li>\n\n\n\n<li><strong>Pot folosi aceste aplica\u021bii pe conturi de afaceri?<\/strong><br>Unele instrumente pot fi utile pentru conturile de afaceri, deoarece ajut\u0103 la analizarea comportamentului publicului.<\/li>\n\n\n\n<li><strong>Cum pot cre\u0219te implicarea pe re\u021belele sociale f\u0103r\u0103 s\u0103-mi fac griji pentru urm\u0103ritori?<\/strong><br>Crearea de con\u021binut captivant \u0219i autentic este cea mai bun\u0103 modalitate de a te conecta cu publicul t\u0103u f\u0103r\u0103 a-\u021bi face griji cine se uit\u0103.<\/li>\n\n\n\n<li><strong>Este legal s\u0103 folosesc aplica\u021bii pentru a vedea cine \u00eemi viziteaz\u0103 profilul?<\/strong><br>Depinde de aplica\u021bie \u0219i de practicile acesteia. Unele pot \u00eenc\u0103lca termenii \u0219i condi\u021biile platformei de socializare.<\/li>\n\n\n\n<li><strong>Cum \u00eemi protejez confiden\u021bialitatea pe re\u021belele de socializare?<\/strong><br>Ajusta\u021bi-v\u0103 set\u0103rile de confiden\u021bialitate, limita\u021bi partajarea informa\u021biilor \u0219i folosi\u021bi parole puternice.<\/li>\n\n\n\n<li><strong>De ce ar trebui s\u0103 evit aplica\u021biile neoficiale?<\/strong><br>Acestea v\u0103 pot compromite securitatea \u0219i v\u0103 pot expune datele unor ter\u021be p\u0103r\u021bi ne\u00eencrez\u0103toare.<\/li>\n<\/ol>\n\n\n\n<p>Distribuie acest articol prietenilor t\u0103i pentru a descoperi \u00eempreun\u0103 cum s\u0103 ai experien\u021be mai sigure \u0219i mai satisf\u0103c\u0103toare pe re\u021belele de socializare.<\/p>","protected":false},"excerpt":{"rendered":"<p>\u00bfCurioso por saber qui\u00e9n te vigila? \u00a1Desc\u00fabrelo ahora mismo! Mar\u00eda era una joven que, como muchos de nosotros, pasaba horas en las redes sociales. Un d\u00eda, encontr\u00f3 el perfil de Juan y comenz\u00f3 a observarlo discretamente. Le daba \u201cme gusta\u201d de vez en cuando, dejaba un comentario ocasional\u2026 hasta que, de repente, \u00e9l comenz\u00f3 a [&hellip;]<\/p>","protected":false},"author":219,"featured_media":7365,"comment_status":"closed","ping_status":"open","sticky":false,"template":"","format":"standard","meta":{"footnotes":""},"categories":[3],"tags":[449,751,1240,1317,1462],"yoast_head":"<!-- This site is optimized with the Yoast SEO plugin v23.3 - https:\/\/yoast.com\/wordpress\/plugins\/seo\/ -->\n<title>Descubre Qui\u00e9n Te Observa en Redes Sociales - Universo Fam\u00edlia<\/title>\n<meta name=\"description\" content=\"Descubre Qui\u00e9n Te Observa en Redes Sociales. \u00bfCurioso por saber qui\u00e9n te vigila? \u00a1Desc\u00fabrelo ahora mismo!...\" \/>\n<meta name=\"robots\" content=\"index, follow, max-snippet:-1, max-image-preview:large, max-video-preview:-1\" \/>\n<link rel=\"canonical\" href=\"https:\/\/universofamilia.com\/ro\/descubre-quien-te-observa-en-redes-sociales\/\" \/>\n<meta property=\"og:locale\" content=\"ro_RO\" \/>\n<meta property=\"og:type\" content=\"article\" \/>\n<meta property=\"og:title\" content=\"Descubre Qui\u00e9n Te Observa en Redes Sociales - Universo Fam\u00edlia\" \/>\n<meta property=\"og:description\" content=\"Descubre Qui\u00e9n Te Observa en Redes Sociales. \u00bfCurioso por saber qui\u00e9n te vigila? \u00a1Desc\u00fabrelo ahora mismo!...\" \/>\n<meta property=\"og:url\" content=\"https:\/\/universofamilia.com\/ro\/descubre-quien-te-observa-en-redes-sociales\/\" \/>\n<meta property=\"og:site_name\" content=\"Universo Fam\u00edlia\" \/>\n<meta property=\"article:published_time\" content=\"2024-11-06T19:03:59+00:00\" \/>\n<meta property=\"article:modified_time\" content=\"2025-10-12T22:32:27+00:00\" \/>\n<meta property=\"og:image\" content=\"https:\/\/universofamilia.com\/wp-content\/uploads\/sites\/148\/2024\/11\/DESTAQUE-UNIVERSO-550-x-350-5-1.jpg\" \/>\n\t<meta property=\"og:image:width\" content=\"550\" \/>\n\t<meta property=\"og:image:height\" content=\"350\" \/>\n\t<meta property=\"og:image:type\" content=\"image\/jpeg\" \/>\n<meta name=\"author\" content=\"Matheus Sangaletti\" \/>\n<meta name=\"twitter:card\" content=\"summary_large_image\" \/>\n<meta name=\"twitter:label1\" content=\"Written by\" \/>\n\t<meta name=\"twitter:data1\" content=\"Matheus Sangaletti\" \/>\n\t<meta name=\"twitter:label2\" content=\"Est. reading time\" \/>\n\t<meta name=\"twitter:data2\" content=\"6 minute\" \/>\n<script type=\"application\/ld+json\" class=\"yoast-schema-graph\">{\"@context\":\"https:\/\/schema.org\",\"@graph\":[{\"@type\":\"WebPage\",\"@id\":\"https:\/\/universofamilia.com\/descubre-quien-te-observa-en-redes-sociales\/\",\"url\":\"https:\/\/universofamilia.com\/descubre-quien-te-observa-en-redes-sociales\/\",\"name\":\"Descubre Qui\u00e9n Te Observa en Redes Sociales - Universo Fam\u00edlia\",\"isPartOf\":{\"@id\":\"https:\/\/universofamilia.com\/el\/#website\"},\"primaryImageOfPage\":{\"@id\":\"https:\/\/universofamilia.com\/descubre-quien-te-observa-en-redes-sociales\/#primaryimage\"},\"image\":{\"@id\":\"https:\/\/universofamilia.com\/descubre-quien-te-observa-en-redes-sociales\/#primaryimage\"},\"thumbnailUrl\":\"https:\/\/universofamilia.com\/wp-content\/uploads\/sites\/148\/2024\/11\/DESTAQUE-UNIVERSO-550-x-350-5-1.jpg\",\"datePublished\":\"2024-11-06T19:03:59+00:00\",\"dateModified\":\"2025-10-12T22:32:27+00:00\",\"author\":{\"@id\":\"https:\/\/universofamilia.com\/el\/#\/schema\/person\/92fcd07e9b1f4323bf74f3170fc0f78a\"},\"description\":\"Descubre Qui\u00e9n Te Observa en Redes Sociales. \u00bfCurioso por saber qui\u00e9n te vigila? \u00a1Desc\u00fabrelo ahora mismo!...\",\"breadcrumb\":{\"@id\":\"https:\/\/universofamilia.com\/descubre-quien-te-observa-en-redes-sociales\/#breadcrumb\"},\"inLanguage\":\"ro-RO\",\"potentialAction\":[{\"@type\":\"ReadAction\",\"target\":[\"https:\/\/universofamilia.com\/descubre-quien-te-observa-en-redes-sociales\/\"]}]},{\"@type\":\"ImageObject\",\"inLanguage\":\"ro-RO\",\"@id\":\"https:\/\/universofamilia.com\/descubre-quien-te-observa-en-redes-sociales\/#primaryimage\",\"url\":\"https:\/\/universofamilia.com\/wp-content\/uploads\/sites\/148\/2024\/11\/DESTAQUE-UNIVERSO-550-x-350-5-1.jpg\",\"contentUrl\":\"https:\/\/universofamilia.com\/wp-content\/uploads\/sites\/148\/2024\/11\/DESTAQUE-UNIVERSO-550-x-350-5-1.jpg\",\"width\":550,\"height\":350,\"caption\":\"Descubre Qui\u00e9n Te Observa en Redes Sociales\"},{\"@type\":\"BreadcrumbList\",\"@id\":\"https:\/\/universofamilia.com\/descubre-quien-te-observa-en-redes-sociales\/#breadcrumb\",\"itemListElement\":[{\"@type\":\"ListItem\",\"position\":1,\"name\":\"Home\",\"item\":\"https:\/\/universofamilia.com\/el\/\"},{\"@type\":\"ListItem\",\"position\":2,\"name\":\"Descubre Qui\u00e9n Te Observa en Redes Sociales\"}]},{\"@type\":\"WebSite\",\"@id\":\"https:\/\/universofamilia.com\/el\/#website\",\"url\":\"https:\/\/universofamilia.com\/el\/\",\"name\":\"Universo Fam\u00edlia\",\"description\":\"\",\"potentialAction\":[{\"@type\":\"SearchAction\",\"target\":{\"@type\":\"EntryPoint\",\"urlTemplate\":\"https:\/\/universofamilia.com\/el\/?s={search_term_string}\"},\"query-input\":\"required name=search_term_string\"}],\"inLanguage\":\"ro-RO\"},{\"@type\":\"Person\",\"@id\":\"https:\/\/universofamilia.com\/el\/#\/schema\/person\/92fcd07e9b1f4323bf74f3170fc0f78a\",\"name\":\"Matheus Sangaletti\",\"image\":{\"@type\":\"ImageObject\",\"inLanguage\":\"ro-RO\",\"@id\":\"https:\/\/universofamilia.com\/el\/#\/schema\/person\/image\/\",\"url\":\"https:\/\/secure.gravatar.com\/avatar\/280ea957a14a48e6a1ad2133d2cc27c9?s=96&d=mm&r=g\",\"contentUrl\":\"https:\/\/secure.gravatar.com\/avatar\/280ea957a14a48e6a1ad2133d2cc27c9?s=96&d=mm&r=g\",\"caption\":\"Matheus Sangaletti\"},\"url\":\"https:\/\/universofamilia.com\/ro\/author\/matheuss\/\"}]}<\/script>\n<!-- \/ Yoast SEO plugin. -->","yoast_head_json":{"title":"Descubre Qui\u00e9n Te Observa en Redes Sociales - Universo Fam\u00edlia","description":"Descubre Qui\u00e9n Te Observa en Redes Sociales. \u00bfCurioso por saber qui\u00e9n te vigila? \u00a1Desc\u00fabrelo ahora mismo!...","robots":{"index":"index","follow":"follow","max-snippet":"max-snippet:-1","max-image-preview":"max-image-preview:large","max-video-preview":"max-video-preview:-1"},"canonical":"https:\/\/universofamilia.com\/ro\/descubre-quien-te-observa-en-redes-sociales\/","og_locale":"ro_RO","og_type":"article","og_title":"Descubre Qui\u00e9n Te Observa en Redes Sociales - Universo Fam\u00edlia","og_description":"Descubre Qui\u00e9n Te Observa en Redes Sociales. \u00bfCurioso por saber qui\u00e9n te vigila? \u00a1Desc\u00fabrelo ahora mismo!...","og_url":"https:\/\/universofamilia.com\/ro\/descubre-quien-te-observa-en-redes-sociales\/","og_site_name":"Universo Fam\u00edlia","article_published_time":"2024-11-06T19:03:59+00:00","article_modified_time":"2025-10-12T22:32:27+00:00","og_image":[{"width":550,"height":350,"url":"https:\/\/universofamilia.com\/wp-content\/uploads\/sites\/148\/2024\/11\/DESTAQUE-UNIVERSO-550-x-350-5-1.jpg","type":"image\/jpeg"}],"author":"Matheus Sangaletti","twitter_card":"summary_large_image","twitter_misc":{"Written by":"Matheus Sangaletti","Est. reading time":"6 minute"},"schema":{"@context":"https:\/\/schema.org","@graph":[{"@type":"WebPage","@id":"https:\/\/universofamilia.com\/descubre-quien-te-observa-en-redes-sociales\/","url":"https:\/\/universofamilia.com\/descubre-quien-te-observa-en-redes-sociales\/","name":"Descubre Qui\u00e9n Te Observa en Redes Sociales - Universo Fam\u00edlia","isPartOf":{"@id":"https:\/\/universofamilia.com\/el\/#website"},"primaryImageOfPage":{"@id":"https:\/\/universofamilia.com\/descubre-quien-te-observa-en-redes-sociales\/#primaryimage"},"image":{"@id":"https:\/\/universofamilia.com\/descubre-quien-te-observa-en-redes-sociales\/#primaryimage"},"thumbnailUrl":"https:\/\/universofamilia.com\/wp-content\/uploads\/sites\/148\/2024\/11\/DESTAQUE-UNIVERSO-550-x-350-5-1.jpg","datePublished":"2024-11-06T19:03:59+00:00","dateModified":"2025-10-12T22:32:27+00:00","author":{"@id":"https:\/\/universofamilia.com\/el\/#\/schema\/person\/92fcd07e9b1f4323bf74f3170fc0f78a"},"description":"Descubre Qui\u00e9n Te Observa en Redes Sociales. \u00bfCurioso por saber qui\u00e9n te vigila? \u00a1Desc\u00fabrelo ahora mismo!...","breadcrumb":{"@id":"https:\/\/universofamilia.com\/descubre-quien-te-observa-en-redes-sociales\/#breadcrumb"},"inLanguage":"ro-RO","potentialAction":[{"@type":"ReadAction","target":["https:\/\/universofamilia.com\/descubre-quien-te-observa-en-redes-sociales\/"]}]},{"@type":"ImageObject","inLanguage":"ro-RO","@id":"https:\/\/universofamilia.com\/descubre-quien-te-observa-en-redes-sociales\/#primaryimage","url":"https:\/\/universofamilia.com\/wp-content\/uploads\/sites\/148\/2024\/11\/DESTAQUE-UNIVERSO-550-x-350-5-1.jpg","contentUrl":"https:\/\/universofamilia.com\/wp-content\/uploads\/sites\/148\/2024\/11\/DESTAQUE-UNIVERSO-550-x-350-5-1.jpg","width":550,"height":350,"caption":"Descubre Qui\u00e9n Te Observa en Redes Sociales"},{"@type":"BreadcrumbList","@id":"https:\/\/universofamilia.com\/descubre-quien-te-observa-en-redes-sociales\/#breadcrumb","itemListElement":[{"@type":"ListItem","position":1,"name":"Home","item":"https:\/\/universofamilia.com\/el\/"},{"@type":"ListItem","position":2,"name":"Descubre Qui\u00e9n Te Observa en Redes Sociales"}]},{"@type":"WebSite","@id":"https:\/\/universofamilia.com\/el\/#website","url":"https:\/\/universofamilia.com\/el\/","name":"Universo Fam\u00edlia","description":"","potentialAction":[{"@type":"SearchAction","target":{"@type":"EntryPoint","urlTemplate":"https:\/\/universofamilia.com\/el\/?s={search_term_string}"},"query-input":"required name=search_term_string"}],"inLanguage":"ro-RO"},{"@type":"Person","@id":"https:\/\/universofamilia.com\/el\/#\/schema\/person\/92fcd07e9b1f4323bf74f3170fc0f78a","name":"Matheus Sangaletti","image":{"@type":"ImageObject","inLanguage":"ro-RO","@id":"https:\/\/universofamilia.com\/el\/#\/schema\/person\/image\/","url":"https:\/\/secure.gravatar.com\/avatar\/280ea957a14a48e6a1ad2133d2cc27c9?s=96&d=mm&r=g","contentUrl":"https:\/\/secure.gravatar.com\/avatar\/280ea957a14a48e6a1ad2133d2cc27c9?s=96&d=mm&r=g","caption":"Matheus Sangaletti"},"url":"https:\/\/universofamilia.com\/ro\/author\/matheuss\/"}]}},"_links":{"self":[{"href":"https:\/\/universofamilia.com\/ro\/wp-json\/wp\/v2\/posts\/7361"}],"collection":[{"href":"https:\/\/universofamilia.com\/ro\/wp-json\/wp\/v2\/posts"}],"about":[{"href":"https:\/\/universofamilia.com\/ro\/wp-json\/wp\/v2\/types\/post"}],"author":[{"embeddable":true,"href":"https:\/\/universofamilia.com\/ro\/wp-json\/wp\/v2\/users\/219"}],"replies":[{"embeddable":true,"href":"https:\/\/universofamilia.com\/ro\/wp-json\/wp\/v2\/comments?post=7361"}],"version-history":[{"count":1,"href":"https:\/\/universofamilia.com\/ro\/wp-json\/wp\/v2\/posts\/7361\/revisions"}],"predecessor-version":[{"id":10057,"href":"https:\/\/universofamilia.com\/ro\/wp-json\/wp\/v2\/posts\/7361\/revisions\/10057"}],"wp:featuredmedia":[{"embeddable":true,"href":"https:\/\/universofamilia.com\/ro\/wp-json\/wp\/v2\/media\/7365"}],"wp:attachment":[{"href":"https:\/\/universofamilia.com\/ro\/wp-json\/wp\/v2\/media?parent=7361"}],"wp:term":[{"taxonomy":"category","embeddable":true,"href":"https:\/\/universofamilia.com\/ro\/wp-json\/wp\/v2\/categories?post=7361"},{"taxonomy":"post_tag","embeddable":true,"href":"https:\/\/universofamilia.com\/ro\/wp-json\/wp\/v2\/tags?post=7361"}],"curies":[{"name":"wp","href":"https:\/\/api.w.org\/{rel}","templated":true}]}}