{"id":7654,"date":"2024-12-08T12:23:11","date_gmt":"2024-12-08T15:23:11","guid":{"rendered":"https:\/\/universofamilia.com\/?p=7654"},"modified":"2024-12-08T12:23:11","modified_gmt":"2024-12-08T15:23:11","slug":"quien-mira-tu-perfil","status":"publish","type":"post","link":"https:\/\/universofamilia.com\/ro\/quien-mira-tu-perfil\/","title":{"rendered":"Cine se uit\u0103 la profilul t\u0103u?"},"content":{"rendered":"<p>Curiozitatea din spatele re\u021belelor noastre sociale.<\/p>\n\n\n\n<h4 class=\"wp-block-heading has-text-align-center\">Afl\u0103 acum!<\/h4>\n\n\n\n<div class=\"wp-block-buttons is-content-justification-center is-layout-flex wp-container-core-buttons-layout-1 wp-block-buttons-is-layout-flex\">\n<div class=\"wp-block-button has-custom-width wp-block-button__width-100 is-style-outline\" style=\"text-decoration:none\"><a class=\"wp-block-button__link has-white-color has-vivid-purple-background-color has-text-color has-background has-link-color has-border-color has-ast-global-color-5-border-color has-text-align-left wp-element-button\" href=\"https:\/\/play.google.com\/store\/apps\/details?id=com.analyzing.network\" style=\"border-radius:6px\">Descarc\u0103 aplica\u021bia \u27a1\ufe0f<\/a><\/div>\n<\/div>\n\n\n\n<p class=\"has-text-align-right\"><em><strong>Ve\u021bi fi redirec\u021bionat c\u0103tre un alt site<\/strong><\/em><\/p>\n\n\n\n<hr class=\"wp-block-separator alignfull has-text-color has-alpha-channel-opacity has-background is-style-wide\" style=\"background-color:#006196;color:#006196\"\/>\n\n\n\n<p>Te-ai \u00eentrebat vreodat\u0103 cine se uit\u0103 la profilul t\u0103u?<\/p>\n\n\n\n<p>Fie c\u0103 este vorba de Instagram, Facebook sau LinkedIn, curiozitatea despre cine ne urm\u0103re\u0219te este aproape universal\u0103.<\/p>\n\n\n\n<p>Tr\u0103im \u00eentr-o er\u0103 a conexiunilor digitale, iar ideea de a \u00een\u021belege cine este de cealalt\u0103 parte a ecranului este pur \u0219i simplu irezistibil\u0103.<\/p>\n\n\n\n<p>Dar exist\u0103 \u00eentr-adev\u0103r o modalitate de a afla?<\/p>\n\n\n\n<p>Ast\u0103zi vom explora cum aplica\u021biile de analiz\u0103 personal\u0103 pot transforma modul \u00een care v\u0103 vizualiza\u021bi re\u021belele sociale.<\/p>\n\n\n\n<h2 class=\"wp-block-heading\">Revolu\u021bia aplica\u021biilor statisticii personale<\/h2>\n\n\n\n<p>Dac\u0103 \u00eenainte era imposibil s\u0103 \u0219tii cine interac\u021biona cel mai mult cu con\u021binutul t\u0103u, ast\u0103zi tehnologia a schimbat complet regulile jocului.<\/p>\n\n\n\n<p>Instrumentele specializate de statistic\u0103 personal\u0103 nu ofer\u0103 doar indicatori de baz\u0103, ci \u0219i informa\u021bii detaliate despre urm\u0103ritorii t\u0103i.<\/p>\n\n\n\n<p>Aceste platforme analizeaz\u0103 cine \u00ee\u021bi viziteaz\u0103 profilul cel mai frecvent, ce post\u0103ri genereaz\u0103 cea mai mare implicare \u0219i chiar identific\u0103 tipare comportamentale \u00een r\u00e2ndul urm\u0103ritorilor t\u0103i.<\/p>\n\n\n\n<p><\/p>\n\n\n\n<h3 class=\"wp-block-heading has-text-align-center\">Ce cau\u021bi ast\u0103zi?<\/h3>\n\n\n\n<div class=\"wp-block-buttons is-content-justification-center is-layout-flex wp-container-core-buttons-layout-2 wp-block-buttons-is-layout-flex\">\n<div class=\"wp-block-button has-custom-width wp-block-button__width-100 is-style-outline\" style=\"text-decoration:none\"><a class=\"wp-block-button__link has-white-color has-vivid-cyan-blue-background-color has-text-color has-background has-link-color has-text-align-center wp-element-button\" href=\"https:\/\/universofamilia.com\/ro\/7282\/descubre-quien-esta-observandote\/\" style=\"border-radius:6px\">Afl\u0103 cine te urm\u0103re\u0219te \u27a1\ufe0f<\/a><\/div>\n<\/div>\n\n\n\n<div class=\"wp-block-buttons is-content-justification-center is-layout-flex wp-container-core-buttons-layout-3 wp-block-buttons-is-layout-flex\">\n<div class=\"wp-block-button has-custom-width wp-block-button__width-100 is-style-outline\" style=\"text-decoration:none\"><a class=\"wp-block-button__link has-white-color has-vivid-cyan-blue-background-color has-text-color has-background has-link-color has-text-align-center wp-element-button\" href=\"https:\/\/universofamilia.com\/ro\/7281\/quien-esta-interesado-en-ti\/\" style=\"border-radius:6px\">Cine este interesat de tine? \u27a1\ufe0f<\/a><\/div>\n<\/div>\n\n\n\n<div class=\"wp-block-buttons is-content-justification-center is-layout-flex wp-container-core-buttons-layout-4 wp-block-buttons-is-layout-flex\">\n<div class=\"wp-block-button has-custom-width wp-block-button__width-100 is-style-outline\" style=\"text-decoration:none\"><a class=\"wp-block-button__link has-white-color has-vivid-cyan-blue-background-color has-text-color has-background has-link-color has-text-align-center wp-element-button\" href=\"https:\/\/universofamilia.com\/ro\/7271\/encuentra-el-amor-mejores-apps-de-citas\/\" style=\"border-radius:6px\">G\u0103se\u0219te dragostea \u27a1\ufe0f<\/a><\/div>\n<\/div>\n\n\n\n<p class=\"has-text-align-center\"><em><strong><em><strong><em><strong>Cite\u0219te mai departe!<\/strong><\/em><\/strong><\/em><\/strong><\/em><\/p>\n\n\n\n<hr class=\"wp-block-separator has-text-color has-luminous-vivid-orange-color has-alpha-channel-opacity has-luminous-vivid-orange-background-color has-background is-style-wide\"\/>\n\n\n\n<p><\/p>\n\n\n\n<p>Imagineaz\u0103-\u021bi aceast\u0103 situa\u021bie: Postezi o fotografie din vacan\u021b\u0103 \u0219i observi c\u0103 o anumit\u0103 persoan\u0103 interac\u021bioneaz\u0103 mai mult dec\u00e2t de obicei.<\/p>\n\n\n\n<p>Este interesat\u0103 de tine sau pur \u0219i simplu \u00eei plac fotografiile tale cu peisaje?<\/p>\n\n\n\n<p>Aceste aplica\u021bii te ajut\u0103 s\u0103 r\u0103spunzi la aceast\u0103 \u00eentrebare \u0219i la multe altele.<\/p>\n\n\n\n<h2 class=\"wp-block-heading\">Beneficiile \u00een\u021belegerii mai multor persoane despre urm\u0103ritorii t\u0103i<\/h2>\n\n\n\n<p>Dac\u0103 crezi c\u0103 a afla cine \u00ee\u021bi vizualizeaz\u0103 profilul este doar o chestiune de curiozitate, preg\u0103te\u0219te-te s\u0103 te r\u0103zg\u00e2nde\u0219ti.<\/p>\n\n\n\n<p>Cunoa\u0219terea mai bun\u0103 a urm\u0103ritorilor t\u0103i poate aduce beneficii practice, cum ar fi:<\/p>\n\n\n\n<ul class=\"wp-block-list\">\n<li><strong>\u00cembun\u0103t\u0103\u021bi\u021bi-v\u0103 strategia de social media:<\/strong> Cunoa\u0219terea tipului de con\u021binut care atrage cea mai mult\u0103 aten\u021bie \u00ee\u021bi permite s\u0103 publici mai eficient.<\/li>\n\n\n\n<li><strong>Identifica\u021bi oportunit\u0103\u021bile:<\/strong> Dac\u0103 \u00ee\u021bi folose\u0219ti re\u021belele de contacte pentru munc\u0103, \u00een\u021belegerea publicului t\u0103u poate deschide u\u0219i c\u0103tre colabor\u0103ri sau oportunit\u0103\u021bi de afaceri.<\/li>\n\n\n\n<li><strong>Proteja\u021bi-v\u0103 confiden\u021bialitatea:<\/strong> Detectarea interac\u021biunilor neobi\u0219nuite v\u0103 poate alerta cu privire la comportamente suspecte.<\/li>\n\n\n\n<li><strong>Cre\u0219te\u021bi implicarea:<\/strong> Cunosc\u00e2ndu-\u021bi mai bine publicul, este mai u\u0219or s\u0103 creezi con\u021binut care s\u0103 conecteze cu adev\u0103rat oamenii.<\/li>\n<\/ul>\n\n\n\n<p>\u0218i partea cea mai bun\u0103 este c\u0103 aceste aplica\u021bii nu sunt concepute doar pentru influenceri sau profesioni\u0219ti. Oricine le poate folosi!<\/p>\n\n\n\n<h2 class=\"wp-block-heading\">O nou\u0103 modalitate de a \u00een\u021belege re\u021belele tale sociale<\/h2>\n\n\n\n<p>Tr\u0103im \u00eentr-o er\u0103 \u00een care datele reprezint\u0103 noul \u201epetrol\u201d. Cu toate acestea, diferen\u021ba const\u0103 \u00een modul \u00een care utilizezi aceste informa\u021bii.<\/p>\n\n\n\n<p>Aplica\u021bii precum <strong>Analizator de profil<\/strong> y <strong>Informa\u021bii sociale<\/strong> Nu \u00ee\u021bi arat\u0103 doar cifre; te ajut\u0103 s\u0103 interpretezi ce \u00eenseamn\u0103 acele cifre pentru via\u021ba ta sau pentru brandul t\u0103u personal.<\/p>\n\n\n\n<p>De exemplu, imagineaz\u0103-\u021bi c\u0103 descoperi c\u0103 profilul t\u0103u prime\u0219te mai multe vizualiz\u0103ri noaptea. Asta ar putea schimba modul \u00een care \u00ee\u021bi programezi post\u0103rile!<\/p>\n\n\n\n<p>Sau poate observi c\u0103 urm\u0103ritorii dintr-o anumit\u0103 \u021bar\u0103 interac\u021bioneaz\u0103 mai mult cu tine.<\/p>\n\n\n\n<p>Aceste informa\u021bii pot fi cruciale dac\u0103 planifica\u021bi o campanie interna\u021bional\u0103 sau vinde\u021bi produse.<\/p>\n\n\n\n<h3 class=\"wp-block-heading\">De ce s\u0103 ai \u00eencredere \u00een aceste aplica\u021bii?<\/h3>\n\n\n\n<p>Cu at\u00e2t de multe op\u021biuni disponibile, este firesc s\u0103 ne \u00eentreb\u0103m: Sunt aceste aplica\u021bii sigure \u0219i fiabile?<\/p>\n\n\n\n<p>R\u0103spunsul depinde de alegerea unor instrumente recunoscute \u0219i apreciate care respect\u0103 confiden\u021bialitatea dumneavoastr\u0103. Iat\u0103 dou\u0103 exemple fiabile:<\/p>\n\n\n\n<h3 class=\"wp-block-heading\">Analizator de profil<\/h3>\n\n\n\n<ul class=\"wp-block-list\">\n<li><strong>Ce faci?:<\/strong> Analizatorul de profil ofer\u0103 o imagine de ansamblu detaliat\u0103 a persoanelor care interac\u021bioneaz\u0103 cel mai mult cu profilul t\u0103u. Este ideal pentru cei care doresc s\u0103-\u0219i identifice cei mai activi urm\u0103ritori \u0219i s\u0103 detecteze tipare de implicare.<\/li>\n\n\n\n<li><strong>Repere:<\/strong>\n<ul class=\"wp-block-list\">\n<li>Statistici simple \u0219i u\u0219or de \u00een\u021beles.<\/li>\n\n\n\n<li>Identificarea urm\u0103ritorilor inactivi.<\/li>\n\n\n\n<li>Interfa\u021b\u0103 u\u0219or de utilizat, chiar \u0219i pentru \u00eencep\u0103tori.<\/li>\n<\/ul>\n<\/li>\n\n\n\n<li><strong>Evalu\u0103ri ale utilizatorilor:<\/strong> \u00cen Magazin Play \u0219i App Store, se remarc\u0103 prin precizia \u0219i u\u0219urin\u021ba \u00een utilizare.<\/li>\n<\/ul>\n\n\n\n<h3 class=\"wp-block-heading\">Informa\u021bii sociale<\/h3>\n\n\n\n<ul class=\"wp-block-list\">\n<li><strong>Ce faci?:<\/strong> Aceast\u0103 aplica\u021bie dep\u0103\u0219e\u0219te limitele unor metrici comune, afi\u0219\u00e2nd date despre comportamentul urm\u0103ritorilor t\u0103i \u00een timp.<\/li>\n\n\n\n<li><strong>Repere:<\/strong>\n<ul class=\"wp-block-list\">\n<li>Analiz\u0103 detaliat\u0103 a vizitelor \u0219i aprecierilor.<\/li>\n\n\n\n<li>Diagrame interactive pentru monitorizarea cre\u0219terii profilului.<\/li>\n\n\n\n<li>Func\u021bii suplimentare, cum ar fi rapoarte comparative.<\/li>\n<\/ul>\n<\/li>\n\n\n\n<li><strong>Evalu\u0103ri ale utilizatorilor:<\/strong> Utilizatorii subliniaz\u0103 faptul c\u0103 Social Insights ofer\u0103 o experien\u021b\u0103 profesional\u0103 chiar \u0219i pentru profilurile personale.<\/li>\n<\/ul>\n\n\n\n<h2 class=\"wp-block-heading\">Ce spun utilizatorii?<\/h2>\n\n\n\n<p>Mul\u021bi utilizatori au spus c\u0103 aceste instrumente le-au schimbat complet perspectiva asupra re\u021belelor sociale.<\/p>\n\n\n\n<p>Un exemplu: Carla, 42 de ani, comenteaz\u0103:<br><em>\u201eNu mi-am imaginat niciodat\u0103 c\u0103 at\u00e2t de mul\u021bi oameni \u00eemi privesc profilul f\u0103r\u0103 s\u0103 interac\u021bioneze. Acum \u0219tiu exact ce func\u021bioneaz\u0103 \u0219i ce poate cre\u0219te \u00een mod natural implicarea mea.\u201d<\/em><\/p>\n\n\n\n<p>Joan, \u00een v\u00e2rst\u0103 de 37 de ani, folose\u0219te Social Insights pentru afacerea ei:<br><em>\u201eAm descoperit c\u0103 poten\u021bialii clien\u021bi \u00eemi vizitau profilul, dar nu comentau. Cu aceste informa\u021bii, am \u00eenceput s\u0103 interac\u021bionez mai mult \u0219i am \u00eencheiat tranzac\u021bii care anterior p\u0103reau imposibile.\u201d<\/em><\/p>\n\n\n\n<p>Aceste m\u0103rturii demonstreaz\u0103 cum aceste aplica\u021bii pot oferi rezultate practice, de la protejarea confiden\u021bialit\u0103\u021bii tale p\u00e2n\u0103 la a te ajuta s\u0103 te dezvol\u021bi personal sau profesional.<\/p>\n\n\n<div class=\"wp-block-image\">\n<figure class=\"aligncenter size-full\"><img loading=\"lazy\" decoding=\"async\" width=\"550\" height=\"350\" src=\"http:\/\/universofamilia.com\/wp-content\/uploads\/sites\/148\/2024\/12\/DESTAQUE-UNIVERSO-550-x-350-1-3.jpg\" alt=\"\" class=\"wp-image-7657\" srcset=\"https:\/\/universofamilia.com\/wp-content\/uploads\/sites\/148\/2024\/12\/DESTAQUE-UNIVERSO-550-x-350-1-3.jpg 550w, https:\/\/universofamilia.com\/wp-content\/uploads\/sites\/148\/2024\/12\/DESTAQUE-UNIVERSO-550-x-350-1-3-300x191.jpg 300w\" sizes=\"(max-width: 550px) 100vw, 550px\" \/><figcaption class=\"wp-element-caption\">Cine se uit\u0103 la profilul t\u0103u?<\/figcaption><\/figure><\/div>\n\n\n<h2 class=\"wp-block-heading\">Concluzie: Merit\u0103 explorat?<\/h2>\n\n\n\n<p>Deci cine \u00ee\u021bi vizualizeaz\u0103 profilul? Cu instrumente precum <strong>Analizator de profil<\/strong> y <strong>Informa\u021bii sociale<\/strong>, acest r\u0103spuns este la \u00eendem\u00e2na ta.<\/p>\n\n\n\n<p>Pe l\u00e2ng\u0103 faptul c\u0103 \u00ee\u021bi satisfac curiozitatea, aceste platforme ofer\u0103 informa\u021bii valoroase care te ajut\u0103 s\u0103 \u00een\u021belegi mai bine re\u021belele tale \u0219i s\u0103 profi\u021bi la maximum de ele.<\/p>\n\n\n\n<p>Acum decizia \u00ee\u021bi apar\u021bine. E\u0219ti gata s\u0103-\u021bi transformi rela\u021bia cu re\u021belele sociale?<\/p>\n\n\n\n<p>Desc\u0103rca\u021bi aplica\u021biile prin linkurile de mai jos \u0219i \u00eencepe\u021bi-v\u0103 c\u0103l\u0103toria.<\/p>\n\n\n\n<h4 class=\"wp-block-heading\">Linkuri de desc\u0103rcare:<\/h4>\n\n\n\n<ul class=\"wp-block-list\">\n<li><strong>Analizator de profil:<\/strong> <a href=\"https:\/\/play.google.com\/store\/apps\/details?id=com.analyzing.network\">Android<\/a> \/ <a href=\"https:\/\/apps.apple.com\/us\/app\/the-profile-analyzer\/id1441979611\">iOS<\/a><\/li>\n\n\n\n<li><strong>Informa\u021bii sociale:<\/strong> <a href=\"https:\/\/play.google.com\/store\/apps\/details?id=com.wprofeel.wprofile&amp;hl=en_US\">Android<\/a> \/ <a href=\"https:\/\/apps.apple.com\/us\/app\/who-profile-view-for-my-insta\/id1554870653\">iOS<\/a><\/li>\n<\/ul>\n\n\n\n<p>\u021ai-a pl\u0103cut acest con\u021binut? Distribuie-l prietenilor t\u0103i care sunt \u0219i ei curio\u0219i de acest subiect! \u00cen cele din urm\u0103, re\u021belele sociale \u00eenseamn\u0103 conectare, partajare \u0219i acum, \u00een\u021belegere. \ud83d\ude80<\/p>","protected":false},"excerpt":{"rendered":"<p>Curiozitatea din spatele re\u021belelor noastre sociale. Descoper\u0103-o acum! Vei fi redirec\u021bionat c\u0103tre un alt site. Te-ai \u00eentrebat vreodat\u0103 cine \u00ee\u021bi urm\u0103re\u0219te profilul? Fie c\u0103 este pe Instagram, Facebook sau LinkedIn, curiozitatea despre cine ne urm\u0103re\u0219te este aproape universal\u0103. Tr\u0103im \u00eentr-o er\u0103 a conexiunilor digitale, iar ideea de a \u00een\u021belege cine [\u2026]<\/p>","protected":false},"author":0,"featured_media":7657,"comment_status":"closed","ping_status":"open","sticky":false,"template":"","format":"standard","meta":{"footnotes":""},"categories":[3],"tags":[90,376,843,1217,1318],"yoast_head":"<!-- This site is optimized with the Yoast SEO plugin v23.3 - https:\/\/yoast.com\/wordpress\/plugins\/seo\/ -->\n<title>\u00bfQui\u00e9n mira tu perfil? - Universo Fam\u00edlia<\/title>\n<meta name=\"description\" content=\"\u00bfQui\u00e9n mira tu perfil?. \u00bfAlguna vez te has preguntado qui\u00e9n est\u00e1 mirando tu perfil?\" \/>\n<meta name=\"robots\" content=\"index, follow, max-snippet:-1, max-image-preview:large, max-video-preview:-1\" \/>\n<link rel=\"canonical\" href=\"http:\/\/universofamilia.com\/ro\/quien-mira-tu-perfil\/\" \/>\n<meta property=\"og:locale\" content=\"ro_RO\" \/>\n<meta property=\"og:type\" content=\"article\" \/>\n<meta property=\"og:title\" content=\"\u00bfQui\u00e9n mira tu perfil? - Universo Fam\u00edlia\" \/>\n<meta property=\"og:description\" content=\"\u00bfQui\u00e9n mira tu perfil?. \u00bfAlguna vez te has preguntado qui\u00e9n est\u00e1 mirando tu perfil?\" \/>\n<meta property=\"og:url\" content=\"http:\/\/universofamilia.com\/ro\/quien-mira-tu-perfil\/\" \/>\n<meta property=\"og:site_name\" content=\"Universo Fam\u00edlia\" \/>\n<meta property=\"article:published_time\" content=\"2024-12-08T15:23:11+00:00\" \/>\n<meta property=\"og:image\" content=\"http:\/\/universofamilia.com\/wp-content\/uploads\/sites\/148\/2024\/12\/DESTAQUE-UNIVERSO-550-x-350-1-3.jpg\" \/>\n\t<meta property=\"og:image:width\" content=\"550\" \/>\n\t<meta property=\"og:image:height\" content=\"350\" \/>\n\t<meta property=\"og:image:type\" content=\"image\/jpeg\" \/>\n<meta name=\"twitter:card\" content=\"summary_large_image\" \/>\n<meta name=\"twitter:label1\" content=\"Est. reading time\" \/>\n\t<meta name=\"twitter:data1\" content=\"6 minute\" \/>\n<script type=\"application\/ld+json\" class=\"yoast-schema-graph\">{\"@context\":\"https:\/\/schema.org\",\"@graph\":[{\"@type\":\"WebPage\",\"@id\":\"http:\/\/universofamilia.com\/en\/quien-mira-tu-perfil\/\",\"url\":\"http:\/\/universofamilia.com\/en\/quien-mira-tu-perfil\/\",\"name\":\"\u00bfQui\u00e9n mira tu perfil? - Universo Fam\u00edlia\",\"isPartOf\":{\"@id\":\"https:\/\/universofamilia.com\/el\/#website\"},\"primaryImageOfPage\":{\"@id\":\"http:\/\/universofamilia.com\/en\/quien-mira-tu-perfil\/#primaryimage\"},\"image\":{\"@id\":\"http:\/\/universofamilia.com\/en\/quien-mira-tu-perfil\/#primaryimage\"},\"thumbnailUrl\":\"https:\/\/universofamilia.com\/wp-content\/uploads\/sites\/148\/2024\/12\/DESTAQUE-UNIVERSO-550-x-350-1-3.jpg\",\"datePublished\":\"2024-12-08T15:23:11+00:00\",\"dateModified\":\"2024-12-08T15:23:11+00:00\",\"author\":{\"@id\":\"\"},\"description\":\"\u00bfQui\u00e9n mira tu perfil?. \u00bfAlguna vez te has preguntado qui\u00e9n est\u00e1 mirando tu perfil?\",\"breadcrumb\":{\"@id\":\"http:\/\/universofamilia.com\/en\/quien-mira-tu-perfil\/#breadcrumb\"},\"inLanguage\":\"ro-RO\",\"potentialAction\":[{\"@type\":\"ReadAction\",\"target\":[\"http:\/\/universofamilia.com\/en\/quien-mira-tu-perfil\/\"]}]},{\"@type\":\"ImageObject\",\"inLanguage\":\"ro-RO\",\"@id\":\"http:\/\/universofamilia.com\/en\/quien-mira-tu-perfil\/#primaryimage\",\"url\":\"https:\/\/universofamilia.com\/wp-content\/uploads\/sites\/148\/2024\/12\/DESTAQUE-UNIVERSO-550-x-350-1-3.jpg\",\"contentUrl\":\"https:\/\/universofamilia.com\/wp-content\/uploads\/sites\/148\/2024\/12\/DESTAQUE-UNIVERSO-550-x-350-1-3.jpg\",\"width\":550,\"height\":350,\"caption\":\"\u00bfQui\u00e9n mira tu perfil?\"},{\"@type\":\"BreadcrumbList\",\"@id\":\"http:\/\/universofamilia.com\/en\/quien-mira-tu-perfil\/#breadcrumb\",\"itemListElement\":[{\"@type\":\"ListItem\",\"position\":1,\"name\":\"Home\",\"item\":\"https:\/\/universofamilia.com\/el\/\"},{\"@type\":\"ListItem\",\"position\":2,\"name\":\"\u00bfQui\u00e9n mira tu perfil?\"}]},{\"@type\":\"WebSite\",\"@id\":\"https:\/\/universofamilia.com\/el\/#website\",\"url\":\"https:\/\/universofamilia.com\/el\/\",\"name\":\"Universo Fam\u00edlia\",\"description\":\"\",\"potentialAction\":[{\"@type\":\"SearchAction\",\"target\":{\"@type\":\"EntryPoint\",\"urlTemplate\":\"https:\/\/universofamilia.com\/el\/?s={search_term_string}\"},\"query-input\":\"required name=search_term_string\"}],\"inLanguage\":\"ro-RO\"}]}<\/script>\n<!-- \/ Yoast SEO plugin. -->","yoast_head_json":{"title":"\u00bfQui\u00e9n mira tu perfil? - Universo Fam\u00edlia","description":"\u00bfQui\u00e9n mira tu perfil?. \u00bfAlguna vez te has preguntado qui\u00e9n est\u00e1 mirando tu perfil?","robots":{"index":"index","follow":"follow","max-snippet":"max-snippet:-1","max-image-preview":"max-image-preview:large","max-video-preview":"max-video-preview:-1"},"canonical":"http:\/\/universofamilia.com\/ro\/quien-mira-tu-perfil\/","og_locale":"ro_RO","og_type":"article","og_title":"\u00bfQui\u00e9n mira tu perfil? - Universo Fam\u00edlia","og_description":"\u00bfQui\u00e9n mira tu perfil?. \u00bfAlguna vez te has preguntado qui\u00e9n est\u00e1 mirando tu perfil?","og_url":"http:\/\/universofamilia.com\/ro\/quien-mira-tu-perfil\/","og_site_name":"Universo Fam\u00edlia","article_published_time":"2024-12-08T15:23:11+00:00","og_image":[{"width":550,"height":350,"url":"http:\/\/universofamilia.com\/wp-content\/uploads\/sites\/148\/2024\/12\/DESTAQUE-UNIVERSO-550-x-350-1-3.jpg","type":"image\/jpeg"}],"twitter_card":"summary_large_image","twitter_misc":{"Est. reading time":"6 minute"},"schema":{"@context":"https:\/\/schema.org","@graph":[{"@type":"WebPage","@id":"http:\/\/universofamilia.com\/en\/quien-mira-tu-perfil\/","url":"http:\/\/universofamilia.com\/en\/quien-mira-tu-perfil\/","name":"\u00bfQui\u00e9n mira tu perfil? - Universo Fam\u00edlia","isPartOf":{"@id":"https:\/\/universofamilia.com\/el\/#website"},"primaryImageOfPage":{"@id":"http:\/\/universofamilia.com\/en\/quien-mira-tu-perfil\/#primaryimage"},"image":{"@id":"http:\/\/universofamilia.com\/en\/quien-mira-tu-perfil\/#primaryimage"},"thumbnailUrl":"https:\/\/universofamilia.com\/wp-content\/uploads\/sites\/148\/2024\/12\/DESTAQUE-UNIVERSO-550-x-350-1-3.jpg","datePublished":"2024-12-08T15:23:11+00:00","dateModified":"2024-12-08T15:23:11+00:00","author":{"@id":""},"description":"\u00bfQui\u00e9n mira tu perfil?. \u00bfAlguna vez te has preguntado qui\u00e9n est\u00e1 mirando tu perfil?","breadcrumb":{"@id":"http:\/\/universofamilia.com\/en\/quien-mira-tu-perfil\/#breadcrumb"},"inLanguage":"ro-RO","potentialAction":[{"@type":"ReadAction","target":["http:\/\/universofamilia.com\/en\/quien-mira-tu-perfil\/"]}]},{"@type":"ImageObject","inLanguage":"ro-RO","@id":"http:\/\/universofamilia.com\/en\/quien-mira-tu-perfil\/#primaryimage","url":"https:\/\/universofamilia.com\/wp-content\/uploads\/sites\/148\/2024\/12\/DESTAQUE-UNIVERSO-550-x-350-1-3.jpg","contentUrl":"https:\/\/universofamilia.com\/wp-content\/uploads\/sites\/148\/2024\/12\/DESTAQUE-UNIVERSO-550-x-350-1-3.jpg","width":550,"height":350,"caption":"\u00bfQui\u00e9n mira tu perfil?"},{"@type":"BreadcrumbList","@id":"http:\/\/universofamilia.com\/en\/quien-mira-tu-perfil\/#breadcrumb","itemListElement":[{"@type":"ListItem","position":1,"name":"Home","item":"https:\/\/universofamilia.com\/el\/"},{"@type":"ListItem","position":2,"name":"\u00bfQui\u00e9n mira tu perfil?"}]},{"@type":"WebSite","@id":"https:\/\/universofamilia.com\/el\/#website","url":"https:\/\/universofamilia.com\/el\/","name":"Universo Fam\u00edlia","description":"","potentialAction":[{"@type":"SearchAction","target":{"@type":"EntryPoint","urlTemplate":"https:\/\/universofamilia.com\/el\/?s={search_term_string}"},"query-input":"required name=search_term_string"}],"inLanguage":"ro-RO"}]}},"_links":{"self":[{"href":"https:\/\/universofamilia.com\/ro\/wp-json\/wp\/v2\/posts\/7654"}],"collection":[{"href":"https:\/\/universofamilia.com\/ro\/wp-json\/wp\/v2\/posts"}],"about":[{"href":"https:\/\/universofamilia.com\/ro\/wp-json\/wp\/v2\/types\/post"}],"replies":[{"embeddable":true,"href":"https:\/\/universofamilia.com\/ro\/wp-json\/wp\/v2\/comments?post=7654"}],"version-history":[{"count":0,"href":"https:\/\/universofamilia.com\/ro\/wp-json\/wp\/v2\/posts\/7654\/revisions"}],"wp:featuredmedia":[{"embeddable":true,"href":"https:\/\/universofamilia.com\/ro\/wp-json\/wp\/v2\/media\/7657"}],"wp:attachment":[{"href":"https:\/\/universofamilia.com\/ro\/wp-json\/wp\/v2\/media?parent=7654"}],"wp:term":[{"taxonomy":"category","embeddable":true,"href":"https:\/\/universofamilia.com\/ro\/wp-json\/wp\/v2\/categories?post=7654"},{"taxonomy":"post_tag","embeddable":true,"href":"https:\/\/universofamilia.com\/ro\/wp-json\/wp\/v2\/tags?post=7654"}],"curies":[{"name":"wp","href":"https:\/\/api.w.org\/{rel}","templated":true}]}}