{"id":8489,"date":"2025-01-29T20:16:42","date_gmt":"2025-01-29T20:16:42","guid":{"rendered":"http:\/\/universofamilia.com\/?p=8489"},"modified":"2025-01-30T18:28:16","modified_gmt":"2025-01-30T18:28:16","slug":"descubre-como-seras-en-la-vejez","status":"publish","type":"post","link":"https:\/\/universofamilia.com\/ro\/descubre-como-seras-en-la-vejez\/","title":{"rendered":"Descoper\u0103 cum vei fi la b\u0103tr\u00e2ne\u021be"},"content":{"rendered":"<p>Te-ai \u00eentrebat vreodat\u0103 cum vei ar\u0103ta c\u00e2nd vei \u00eemb\u0103tr\u00e2ni?<\/p>\n\n\n\n<p>Cu tehnologia de ast\u0103zi, este posibil s\u0103 ne facem o idee despre cum se va schimba fa\u021ba noastr\u0103 de-a lungul anilor.<\/p>\n\n\n\n<p>Exist\u0103 aplica\u021bii care folosesc inteligen\u021ba artificial\u0103 pentru a simula \u00eemb\u0103tr\u00e2nirea, permi\u021b\u00e2ndu-\u021bi s\u0103 vezi o versiune mai \u00een v\u00e2rst\u0103 a ta. Nu-i a\u0219a c\u0103 e uimitor?<\/p>\n\n\n\n<h3 class=\"wp-block-heading\">Echipa de asisten\u021b\u0103<\/h3>\n\n\n\n<p>Explora\u021bi aplica\u021biile de mai jos sau contacta\u021bi echipa noastr\u0103 de asisten\u021b\u0103, spune\u021bi-ne ce tip de profil c\u0103uta\u021bi \u0219i v\u0103 vom ajuta s\u0103 g\u0103si\u021bi aplica\u021bia ideal\u0103 pentru dvs.<\/p>\n\n\n    <section class=\"mx-1 my-10\">\n                                                <a href=\"https:\/\/www.messenger.com\/login.php?next=https%3A%2F%2Fwww.messenger.com%2Ft%2F110263563681990%2F%3Fref%3Dw30174560--utm_campaign%253D%257B%257Badset.id%257D%257D%26messaging_source%3Dsource%253Apages%253Amessage_shortlink%26source_id%3D1441792%26recurring_notification%3D0\" class=\"text-white\" data-analytics-label=\"optionsButton\"\n                    data-action=\"analytics#trackCTA\">\n                    <div data-options-target=\"option\"\n                        class=\"custom-section rounded-xl border p-3 shadow-md w-full bg-green-700 my-3\">\n                        <div class=\"flex w-full items-center justify-between\">\n                            <div class=\"flex items-center space-x-3\">\n                                <div class=\"text-lg font-bold\">\n                                    \u00cencepe\u021bi conversa\u021bia \u279d\n                                <\/div>\n                            <\/div>\n                        <\/div>\n                    <\/div>\n                <\/a>\n                            <p class=\"text-xs text-gray-500 text-right\"\n            style=\"margin-left: 50%; margin-bottom: 50px; margin-top: 5px;\">\n            <!-- You will be redirected to another website -->\n        <\/p>\n    <\/section>\n\n\n\n\n<h2 class=\"wp-block-heading\">Cum func\u021bioneaz\u0103 aplica\u021biile \u00eemb\u0103tr\u00e2nite?<\/h2>\n\n\n\n<p>Aceste aplica\u021bii folosesc algoritmi avansa\u021bi de inteligen\u021b\u0103 artificial\u0103 pentru a modifica digital fotografiile \u0219i a simula \u00eemb\u0103tr\u00e2nirea.<\/p>\n\n\n\n<p>Ace\u0219tia analizeaz\u0103 tr\u0103s\u0103turile faciale, cum ar fi ridurile, textura pielii, modific\u0103rile pigment\u0103rii p\u0103rului \u0219i alte semne comune ale \u00eemb\u0103tr\u00e2nirii.<\/p>\n\n\n\n<p>Inteligen\u021ba artificial\u0103 compar\u0103 aceste schimb\u0103ri cu baze de date mari \u0219i creeaz\u0103 predic\u021bii incredibil de realiste.<\/p>\n\n\n\n<h2 class=\"wp-block-heading\">De ce le place oamenilor s\u0103 \u00eencerce aceste aplica\u021bii?<\/h2>\n\n\n\n<p>Curiozitatea este unul dintre principalele motive pentru care aceste aplica\u021bii sunt at\u00e2t de populare.<\/p>\n\n\n\n<p>Mul\u021bi oameni vor s\u0103 \u0219tie cum vor ar\u0103ta \u00een viitor, fie pentru distrac\u021bie, fie pentru a distribui pe re\u021belele de socializare sau chiar \u00een scopuri artistice.<\/p>\n\n\n\n<p>\u00cen plus, tehnologia ne permite s\u0103 experiment\u0103m diferite stiluri de via\u021b\u0103 \u0219i s\u0103 anticip\u0103m cum ne poate afecta \u00eemb\u0103tr\u00e2nirea aspectul.<\/p>\n\n\n\n<p><\/p>\n\n\n\n<hr class=\"wp-block-separator has-alpha-channel-opacity is-style-wide\" \/>\n\n\n\n<h5 class=\"wp-block-heading has-text-align-center\"><strong>Ce ai vrea s\u0103 faci?<\/strong><\/h5>\n\n\n    <section class=\"mx-1 my-10\">\n                                                <div data-options-target=\"option\" class=\"custom-section rounded-xl border p-3 shadow-md w-full bg-green-700 my-3\">\n                    <div class=\"flex w-full items-center justify-between\">\n                        <div class=\"flex items-center space-x-3\">\n                            <div class=\"text-lg font-bold\">\n                                \u00cenva\u021b\u0103 s\u0103 c\u00e2n\u021bi la chitar\u0103                            <\/div>\n                        <\/div>\n                        <div class=\"flex items-center space-x-8\">\n                            <a href=\"https:\/\/universofamilia.com\/ro\/aprende-a-tocar-guitarra-con-simply-guitar\/\"\n                                class=\"custom-cta rounded-2xl border bg-green-800 hover:bg-green-900 px-3 py-1 text-xs font-semibold\"\n                                data-analytics-label=\"optionsButton\" data-action=\"analytics#trackCTA\">\n                                Apas\u0103 aici \u279d\n                            <\/a>\n                        <\/div>\n                    <\/div>\n                <\/div>\n                                                            <div data-options-target=\"option\" class=\"custom-section rounded-xl border p-3 shadow-md w-full bg-green-700 my-3\">\n                    <div class=\"flex w-full items-center justify-between\">\n                        <div class=\"flex items-center space-x-3\">\n                            <div class=\"text-lg font-bold\">\n                                Aplica\u021bii GPS gratuite noi 2025                            <\/div>\n                        <\/div>\n                        <div class=\"flex items-center space-x-8\">\n                            <a href=\"https:\/\/universofamilia.com\/ro\/nuevas-aplicaciones-gps-gratis-2025\/\"\n                                class=\"custom-cta rounded-2xl border bg-green-800 hover:bg-green-900 px-3 py-1 text-xs font-semibold\"\n                                data-analytics-label=\"optionsButton\" data-action=\"analytics#trackCTA\">\n                                Apas\u0103 aici \u279d\n                            <\/a>\n                        <\/div>\n                    <\/div>\n                <\/div>\n                                                            <div data-options-target=\"option\" class=\"custom-section rounded-xl border p-3 shadow-md w-full bg-green-700 my-3\">\n                    <div class=\"flex w-full items-center justify-between\">\n                        <div class=\"flex items-center space-x-3\">\n                            <div class=\"text-lg font-bold\">\n                                Cele mai bune aplica\u021bii pentru a cunoa\u0219te o femeie                            <\/div>\n                        <\/div>\n                        <div class=\"flex items-center space-x-8\">\n                            <a href=\"https:\/\/universofamilia.com\/ro\/mejores-apps-para-conocer-a-una-mujer\/\"\n                                class=\"custom-cta rounded-2xl border bg-green-800 hover:bg-green-900 px-3 py-1 text-xs font-semibold\"\n                                data-analytics-label=\"optionsButton\" data-action=\"analytics#trackCTA\">\n                                Apas\u0103 aici \u279d\n                            <\/a>\n                        <\/div>\n                    <\/div>\n                <\/div>\n                            <p class=\"text-xs text-gray-500 text-right hidden\"\n            style=\"margin-left: 50%; margin-bottom: 50px; margin-top: 5px;\">\n            <!-- You will be redirected to another website -->\n        <\/p>\n    <\/section>\n\n\n\n\n<p class=\"has-text-align-right\"><em><strong><em><strong><em><strong><em><strong><em><strong>Cite\u0219te mai departe!<\/strong><\/em><\/strong><\/em><\/strong><\/em><\/strong><\/em><\/strong><\/em><\/p>\n\n\n\n<hr class=\"wp-block-separator has-alpha-channel-opacity is-style-wide\" \/>\n\n\n\n<p><\/p>\n\n\n\n<h2 class=\"wp-block-heading\">FaceApp: Cel mai complet editor facial<\/h2>\n\n\n\n<h3 class=\"wp-block-heading\">Caracteristici principale<\/h3>\n\n\n\n<ul>\n<li>Filtru de \u00eemb\u0103tr\u00e2nire realist<\/li>\n\n\n\n<li>Schimbarea expresiilor faciale<\/li>\n\n\n\n<li>Modificarea genului<\/li>\n\n\n\n<li>Coafura \u0219i ajustarea culorii p\u0103rului<\/li>\n\n\n\n<li>Editare complet\u0103 a selfie-urilor<\/li>\n<\/ul>\n\n\n\n<h3 class=\"wp-block-heading\">Diferen\u021biale FaceApp<\/h3>\n\n\n\n<p>FaceApp este una dintre cele mai populare aplica\u021bii de pe pia\u021b\u0103, cunoscut\u0103 pentru capacitatea sa de a crea transform\u0103ri extrem de realiste.<\/p>\n\n\n\n<p>Nu numai c\u0103 \u00ee\u021bi permite s\u0103 \u00eemb\u0103tr\u00e2ne\u0219ti o fotografie, ci \u0219i s\u0103 o \u00eentinere\u0219ti, s\u0103 schimbi tunsorile \u0219i culorile \u0219i chiar s\u0103 adaugi machiaj digital.<\/p>\n\n\n\n<h3 class=\"wp-block-heading\">Cum se folose\u0219te FaceApp<\/h3>\n\n\n\n<ol>\n<li>Desc\u0103rca\u021bi \u0219i instala\u021bi FaceApp din Google Play sau Apple Store.<\/li>\n\n\n\n<li>Deschide aplica\u021bia \u0219i acord\u0103 permisiunea de a accesa galeria foto.<\/li>\n\n\n\n<li>Alege o fotografie sau f\u0103 una nou\u0103.<\/li>\n\n\n\n<li>Selecteaz\u0103 filtrul de \u00eemb\u0103tr\u00e2nire \u0219i vezi transformarea ta.<\/li>\n\n\n\n<li>Salveaz\u0103 \u0219i distribuie pe re\u021belele sociale.<\/li>\n<\/ol>\n\n\n\n    <div class=\"d-sm-block py-3 mx-auto px-3 mb-3\"\n        style=\"border-top: 1px solid rgb(204, 204, 204); border-bottom: 1px solid rgb(204, 204, 204);\">\n        <div class=\"text-center mb-4\">\n            <h6 class=\"pt-3 text-center text-gray-900 text-2xl title-font font-medium mb-12\">APLICA\u021aIE<\/h6>\n        <\/div>\n        <div class=\"row\">\n            <div class=\"col-lg-5 col-md-5 col-sm-12 mb-4 mb-lg-0\">\n                <img decoding=\"async\" alt=\"card\" style=\"height: 190px; object-fit: cover;\"\n                    class=\"w-100 h-100 object-cover object-center rounded border\" src=\"http:\/\/universofamilia.com\/wp-content\/uploads\/sites\/148\/2025\/01\/POST-PARA-APP-ARTIGO-2-5.jpg\">\n            <\/div>\n            <div class=\"col-lg-7 col-md-7 col-sm-12 d-flex flex-column justify-content-between\">\n                <h3 class=\"text-gray-900 text-3xl title-font font-medium mb-1\">FaceApp<\/h3>\n\n                                    <div class=\"flex\">\n                                                    <span\n                                class=\"inline-block mx-2 py-1 mx-2 rounded text-xs font-medium tracking-widest text-uppercase mr-2 bg-green-50 text-green-700\">EDITOR \u00ceMB\u0102TR\u00c2NIRE FACIAL\u0102<\/span>\n                                            <\/div>\n                                <div class=\"d-block text-justify py-3\">FaceApp este una dintre cele mai populare aplica\u021bii de editare facial\u0103 din lume. Bazat pe tehnologie avansat\u0103 de inteligen\u021b\u0103 artificial\u0103, \u00ee\u021bi permite s\u0103 \u00eemb\u0103tr\u00e2ne\u0219ti, s\u0103 rejuvene\u0219ti, s\u0103 schimbi culoarea p\u0103rului \u0219i s\u0103 aplici filtre faciale realiste. Descarc\u0103 acum \u0219i transform\u0103-\u021bi imaginea cu un singur clic.<\/div>\n                <div class=\"mt-auto d-flex flex-column align-items-end\">\n                    <a class=\"d-inline-block text-center text-white border-0 py-2 px-8 text-lg focus:outline-none rounded bg-green-700 hover:bg-green-800 btn-block\"\n                        href=\"https:\/\/play.google.com\/store\/apps\/details?id=io.faceapp&#038;hl=pt_BR\"                         data-analytics-label=\"landingPageFirstButton\" data-action=\"analytics#trackCTA\">\n                        Desc\u0103rca\u021bi aplica\u021bia                    <\/a>\n                                            <div class=\"text-xs text-muted mt-3 d-block col-12 text-center\">Ve\u021bi fi redirec\u021bionat c\u0103tre un alt site<\/div>\n                                    <\/div>\n            <\/div>\n        <\/div>\n    <\/div>\n\n\n\n<h2 class=\"wp-block-heading\">Oldify: Simulare distractiv\u0103 a \u00eemb\u0103tr\u00e2nirii<\/h2>\n\n\n\n<h3 class=\"wp-block-heading\">Caracteristici principale<\/h3>\n\n\n\n<ul>\n<li>Efect de \u00eemb\u0103tr\u00e2nire dinamic\u0103<\/li>\n\n\n\n<li>Anima\u021bie a expresiilor faciale de \u00eemb\u0103tr\u00e2nire<\/li>\n\n\n\n<li>Posibilitatea de a ad\u0103uga efecte amuzante<\/li>\n\n\n\n<li>Distribuie direct pe re\u021belele sociale<\/li>\n<\/ul>\n\n\n\n<h3 class=\"wp-block-heading\">Diferen\u021biale Oldify<\/h3>\n\n\n\n<p>Spre deosebire de alte aplica\u021bii, Oldify nu aplic\u0103 doar un filtru static de \u00eemb\u0103tr\u00e2nire, ci creeaz\u0103 anima\u021bii faciale.<\/p>\n\n\n\n<p>Asta \u00eenseamn\u0103 c\u0103 atunci c\u00e2nd mu\u021bi fotografia \u00eenvechit\u0103, vei putea vedea cum \u00ee\u021bi clipesc ochii \u0219i cum se schimb\u0103 expresiile, ad\u0103ug\u00e2nd o not\u0103 suplimentar\u0103 de realism.<\/p>\n\n\n\n<h3 class=\"wp-block-heading\">Cum se folose\u0219te Oldify<\/h3>\n\n\n\n<ol>\n<li>Instala\u021bi Oldify pe Google Play sau Apple Store.<\/li>\n\n\n\n<li>Deschide aplica\u021bia \u0219i selecteaz\u0103 o fotografie.<\/li>\n\n\n\n<li>Alege efectul de \u00eemb\u0103tr\u00e2nire.<\/li>\n\n\n\n<li>Adaug\u0103 anima\u021bii \u0219i distreaz\u0103-te urm\u0103rind cum expresiile prind via\u021b\u0103.<\/li>\n\n\n\n<li>\u00cemp\u0103rt\u0103\u0219e\u0219te-\u021bi crea\u021bia cu prietenii.<\/li>\n<\/ol>\n\n\n\n    <div class=\"d-sm-block py-3 mx-auto px-3 mb-3\"\n        style=\"border-top: 1px solid rgb(204, 204, 204); border-bottom: 1px solid rgb(204, 204, 204);\">\n        <div class=\"text-center mb-4\">\n            <h6 class=\"pt-3 text-center text-gray-900 text-2xl title-font font-medium mb-12\">APLICA\u021aIE<\/h6>\n        <\/div>\n        <div class=\"row\">\n            <div class=\"col-lg-5 col-md-5 col-sm-12 mb-4 mb-lg-0\">\n                <img decoding=\"async\" alt=\"card\" style=\"height: 190px; object-fit: cover;\"\n                    class=\"w-100 h-100 object-cover object-center rounded border\" src=\"http:\/\/universofamilia.com\/wp-content\/uploads\/sites\/148\/2025\/01\/POST-PARA-APP-ARTIGO-3-3.jpg\">\n            <\/div>\n            <div class=\"col-lg-7 col-md-7 col-sm-12 d-flex flex-column justify-content-between\">\n                <h3 class=\"text-gray-900 text-3xl title-font font-medium mb-1\">\u00cenvechire<\/h3>\n\n                                    <div class=\"flex\">\n                                                    <span\n                                class=\"inline-block mx-2 py-1 mx-2 rounded text-xs font-medium tracking-widest text-uppercase mr-2 bg-green-50 text-green-700\">OTO FUN EFECT VECHI<\/span>\n                                            <\/div>\n                                <div class=\"d-block text-justify py-3\">Oldify este o aplica\u021bie distractiv\u0103 care \u00ee\u021bi permite s\u0103 vezi cum vei ar\u0103ta \u00een viitor. Cu anima\u021bii realiste, transform\u0103-\u021bi fa\u021ba \u0219i adaug\u0103 dinamic expresii de \u00eemb\u0103tr\u00e2nire. Distribuie rezultatele tale pe re\u021belele de socializare \u0219i distreaz\u0103-te v\u0103z\u00e2nd cum te vei schimba de-a lungul anilor.<\/div>\n                <div class=\"mt-auto d-flex flex-column align-items-end\">\n                    <a class=\"d-inline-block text-center text-white border-0 py-2 px-8 text-lg focus:outline-none rounded bg-green-700 hover:bg-green-800 btn-block\"\n                        href=\"https:\/\/play.google.com\/store\/apps\/details?id=com.phuocly.MakeMeOld&#038;hl=pt_BR\"                         data-analytics-label=\"landingPageFirstButton\" data-action=\"analytics#trackCTA\">\n                        Desc\u0103rca\u021bi aplica\u021bia                    <\/a>\n                                            <div class=\"text-xs text-muted mt-3 d-block col-12 text-center\">Ve\u021bi fi redirec\u021bionat c\u0103tre un alt site<\/div>\n                                    <\/div>\n            <\/div>\n        <\/div>\n    <\/div>\n\n\n\n<h2 class=\"wp-block-heading\">FaceLab: Precizia inteligen\u021bei artificiale<\/h2>\n\n\n\n<h3 class=\"wp-block-heading\">Caracteristici principale<\/h3>\n\n\n\n<ul>\n<li>\u00cemb\u0103tr\u00e2nire realist\u0103 cu ajutorul inteligen\u021bei artificiale<\/li>\n\n\n\n<li>Schimbarea de gen<\/li>\n\n\n\n<li>Filtre de \u00eentinerire<\/li>\n\n\n\n<li>Modificarea expresiilor faciale<\/li>\n<\/ul>\n\n\n\n<h3 class=\"wp-block-heading\">Diferen\u021biale FaceLab<\/h3>\n\n\n\n<p>FaceLab este una dintre cele mai avansate aplica\u021bii din punct de vedere tehnologic. Folose\u0219te inteligen\u021ba artificial\u0103 pentru a genera o predic\u021bie incredibil de detaliat\u0103 a \u00eemb\u0103tr\u00e2nirii faciale.<\/p>\n\n\n\n<p>Spre deosebire de alte aplica\u021bii care aplic\u0103 pur \u0219i simplu un filtru, FaceLab modific\u0103 fotografiile \u00een func\u021bie de factori precum structura osoas\u0103 \u0219i expresia natural\u0103 a unei persoane.<\/p>\n\n\n\n<h3 class=\"wp-block-heading\">Cum se utilizeaz\u0103 FaceLab<\/h3>\n\n\n\n<ol>\n<li>Desc\u0103rca\u021bi \u0219i instala\u021bi FaceLab.<\/li>\n\n\n\n<li>Alege o fotografie pentru a aplica filtre.<\/li>\n\n\n\n<li>Selecta\u021bi efectul dorit \u0219i urm\u0103ri\u021bi transform\u0103rile \u00een timp real.<\/li>\n\n\n\n<li>Salva\u021bi \u0219i distribui\u021bi imaginea editat\u0103.<\/li>\n<\/ol>\n\n\n\n    <div class=\"d-sm-block py-3 mx-auto px-3 mb-3\"\n        style=\"border-top: 1px solid rgb(204, 204, 204); border-bottom: 1px solid rgb(204, 204, 204);\">\n        <div class=\"text-center mb-4\">\n            <h6 class=\"pt-3 text-center text-gray-900 text-2xl title-font font-medium mb-12\">APLICA\u021aIE<\/h6>\n        <\/div>\n        <div class=\"row\">\n            <div class=\"col-lg-5 col-md-5 col-sm-12 mb-4 mb-lg-0\">\n                <img decoding=\"async\" alt=\"card\" style=\"height: 190px; object-fit: cover;\"\n                    class=\"w-100 h-100 object-cover object-center rounded border\" src=\"http:\/\/universofamilia.com\/wp-content\/uploads\/sites\/148\/2025\/01\/POST-PARA-APP-ARTIGO-4-3.jpg\">\n            <\/div>\n            <div class=\"col-lg-7 col-md-7 col-sm-12 d-flex flex-column justify-content-between\">\n                <h3 class=\"text-gray-900 text-3xl title-font font-medium mb-1\">FaceLab<\/h3>\n\n                                    <div class=\"flex\">\n                                                    <span\n                                class=\"inline-block mx-2 py-1 mx-2 rounded text-xs font-medium tracking-widest text-uppercase mr-2 bg-green-50 text-green-700\">RETUXARE FOTO CU INTELIGEN\u021a\u0102 ARTIFICIAL\u0102<\/span>\n                                            <\/div>\n                                <div class=\"d-block text-justify py-3\">FaceLab folose\u0219te inteligen\u021ba artificial\u0103 pentru a crea versiuni realiste ale fe\u021bei tale \u00eemb\u0103tr\u00e2nite. \u00cen plus, \u00ee\u021bi permite s\u0103 schimbi sexul, s\u0103 aplici filtre de rejuvenare \u0219i s\u0103 \u00eembun\u0103t\u0103\u021be\u0219ti calitatea fotografiilor cu instrumente de editare precise. Descarc\u0103 FaceLab \u0219i descoper\u0103 cum vei ar\u0103ta \u00een viitor cu ajutorul tehnologiei de ultim\u0103 genera\u021bie.<\/div>\n                <div class=\"mt-auto d-flex flex-column align-items-end\">\n                    <a class=\"d-inline-block text-center text-white border-0 py-2 px-8 text-lg focus:outline-none rounded bg-green-700 hover:bg-green-800 btn-block\"\n                        href=\"https:\/\/play.google.com\/store\/apps\/details?id=com.collage.m2&#038;hl=pt_BR\"                         data-analytics-label=\"landingPageFirstButton\" data-action=\"analytics#trackCTA\">\n                        Desc\u0103rca\u021bi aplica\u021bia                    <\/a>\n                                            <div class=\"text-xs text-muted mt-3 d-block col-12 text-center\">Ve\u021bi fi redirec\u021bionat c\u0103tre un alt site<\/div>\n                                    <\/div>\n            <\/div>\n        <\/div>\n    <\/div>\n\n\n\n<h2 class=\"wp-block-heading\">Compararea aplica\u021biilor: pe care s\u0103 o aleg?<\/h2>\n\n\n\n<p>Pentru a v\u0103 ajuta s\u0103 decide\u021bi, consulta\u021bi urm\u0103torul tabel comparativ \u00eentre cele trei aplica\u021bii:<\/p>\n\n\n\n<figure class=\"wp-block-table\"><table><thead><tr><th>Caracteristic\u0103<\/th><th>FaceApp<\/th><th>\u00cenvechire<\/th><th>FaceLab<\/th><\/tr><\/thead><tbody><tr><td>Efectul \u00eemb\u0103tr\u00e2nirii<\/td><td>Da<\/td><td>Da<\/td><td>Da<\/td><\/tr><tr><td>Anima\u021bie facial\u0103<\/td><td>Nu<\/td><td>Da<\/td><td>Nu<\/td><\/tr><tr><td>Editare complet\u0103 a selfie-urilor<\/td><td>Da<\/td><td>Nu<\/td><td>Da<\/td><\/tr><tr><td>Filtre de \u00eentinerire<\/td><td>Da<\/td><td>Nu<\/td><td>Da<\/td><\/tr><tr><td>Modificarea expresiilor<\/td><td>Da<\/td><td>Da<\/td><td>Da<\/td><\/tr><tr><td>Partajare rapid\u0103<\/td><td>Da<\/td><td>Da<\/td><td>Da<\/td><\/tr><tr><td>Utilizarea inteligen\u021bei artificiale<\/td><td>Da<\/td><td>Nu<\/td><td>Da<\/td><\/tr><\/tbody><\/table><figcaption class=\"wp-element-caption\">Descoper\u0103 cum vei fi la b\u0103tr\u00e2ne\u021be<\/figcaption><\/figure>\n\n\n\n<p>Dac\u0103 sunte\u021bi \u00een c\u0103utarea unei aplica\u021bii complete pentru a v\u0103 transforma selfie-ul \u00een diferite moduri, <strong>FaceApp<\/strong> este cea mai bun\u0103 alegere. Dac\u0103 preferi o aplica\u021bie mai distractiv\u0103, cu anima\u021bii \u0219i efecte amuzante, <strong>\u00cenvechire<\/strong> Este ideal.<\/p>\n\n\n\n<p>Pentru cei care \u00ee\u0219i doresc cea mai mare precizie \u00een detaliile de \u00eemb\u0103tr\u00e2nire, <strong>FaceLab<\/strong> Este cea mai avansat\u0103 op\u021biune.<\/p>\n\n\n<div class=\"wp-block-image\">\n<figure class=\"aligncenter size-full\"><img loading=\"lazy\" decoding=\"async\" width=\"550\" height=\"350\" src=\"http:\/\/universofamilia.com\/wp-content\/uploads\/sites\/148\/2025\/01\/DESTAQUE-UNIVERSO-550-x-350-3-3.jpg\" alt=\"\" class=\"wp-image-8490\" srcset=\"https:\/\/universofamilia.com\/wp-content\/uploads\/sites\/148\/2025\/01\/DESTAQUE-UNIVERSO-550-x-350-3-3.jpg 550w, https:\/\/universofamilia.com\/wp-content\/uploads\/sites\/148\/2025\/01\/DESTAQUE-UNIVERSO-550-x-350-3-3-300x191.jpg 300w, https:\/\/universofamilia.com\/wp-content\/uploads\/sites\/148\/2025\/01\/DESTAQUE-UNIVERSO-550-x-350-3-3-18x12.jpg 18w\" sizes=\"(max-width: 550px) 100vw, 550px\" \/><figcaption class=\"wp-element-caption\">Descoper\u0103 cum vei fi la b\u0103tr\u00e2ne\u021be<\/figcaption><\/figure><\/div>\n\n\n<h2 class=\"wp-block-heading\">Concluzie<\/h2>\n\n\n\n<p>Aplica\u021bii precum FaceApp, Oldify \u0219i FaceLab ofer\u0103 o modalitate distractiv\u0103 \u0219i interesant\u0103 de a vizualiza cum vom ar\u0103ta la b\u0103tr\u00e2ne\u021be.<\/p>\n\n\n\n<p>Fiecare are propriile particularit\u0103\u021bi, iar alegerea depinde de tipul de experien\u021b\u0103 pe care dori\u021bi s\u0103 o ave\u021bi. Indiferent de aplica\u021bia aleas\u0103, aceste instrumente demonstreaz\u0103 c\u00e2t de avansat\u0103 este tehnologia de editare facial\u0103.<\/p>\n\n\n\n<p>Descarc\u0103-\u021bi preferatul \u0219i descoper\u0103 cum vei fi \u00een viitor.<\/p>\n\n\n\n<h3 class=\"wp-block-heading\">\u00centreb\u0103ri frecvente<\/h3>\n\n\n\n<h4 class=\"wp-block-heading\">1. Care este cea mai bun\u0103 aplica\u021bie pentru a vedea cum voi ar\u0103ta la b\u0103tr\u00e2ne\u021be?<\/h4>\n\n\n\n<p>Cea mai bun\u0103 aplica\u021bie depinde de ceea ce cau\u021bi. Dac\u0103 vrei un efect realist cu mai multe op\u021biuni de editare, FaceApp este cea mai bun\u0103 alegere.<\/p>\n\n\n\n<p>Dac\u0103 preferi o not\u0103 distractiv\u0103 cu anima\u021biile, Oldify este o op\u021biune excelent\u0103. Pentru rezultate detaliate cu inteligen\u021b\u0103 artificial\u0103 avansat\u0103, FaceLab este alternativa cea mai precis\u0103.<\/p>\n\n\n\n<h4 class=\"wp-block-heading\">2. Sunt aplica\u021biile pentru \u00eemb\u0103tr\u00e2nire gratuite?<\/h4>\n\n\n\n<p>Majoritatea acestor aplica\u021bii ofer\u0103 o versiune gratuit\u0103 cu func\u021bii limitate. Totu\u0219i, accesarea filtrelor premium, editarea avansat\u0103 \u0219i eliminarea reclamelor necesit\u0103 un abonament sau achizi\u021bii \u00een aplica\u021bie.<\/p>\n\n\n\n<p>FaceApp, de exemplu, are o versiune pl\u0103tit\u0103 numit\u0103 FaceApp Pro.<\/p>\n\n\n\n<h4 class=\"wp-block-heading\">3. Aceste aplica\u021bii necesit\u0103 o conexiune la internet?<\/h4>\n\n\n\n<p>Depinde de aplica\u021bie. Unele, precum FaceApp, proceseaz\u0103 imagini \u00een cloud, a\u0219a c\u0103 necesit\u0103 o conexiune la internet.<\/p>\n\n\n\n<p>Altele, precum Oldify, pot func\u021biona offline, deoarece procesarea se face pe dispozitiv.<\/p>\n\n\n\n<h4 class=\"wp-block-heading\">4. Sunt aplica\u021biile \u00eemb\u0103tr\u00e2nite sigure?<\/h4>\n\n\n\n<p>Utilizarea acestor aplica\u021bii ridic\u0103 probleme de confiden\u021bialitate, deoarece unele necesit\u0103 acces la galeria foto \u0219i la datele faciale.<\/p>\n\n\n\n<p>Se recomand\u0103 citirea termenilor \u0219i condi\u021biilor \u00eenainte de a le utiliza. FaceApp, de exemplu, a fost subiectul unor controverse privind modul \u00een care gestioneaz\u0103 datele utilizatorilor. Pentru o securitate sporit\u0103, evita\u021bi s\u0103 \u00eenc\u0103rca\u021bi fotografii sensibile \u0219i verifica\u021bi permisiunile pe care le acorda\u021bi.<\/p>\n\n\n\n<h4 class=\"wp-block-heading\">5. Cum func\u021bioneaz\u0103 aplica\u021biile \u00eemb\u0103tr\u00e2nite?<\/h4>\n\n\n\n<p>Aceste aplica\u021bii folosesc inteligen\u021ba artificial\u0103 pentru a analiza tr\u0103s\u0103turile faciale \u0219i a simula \u00eemb\u0103tr\u00e2nirea.<\/p>\n\n\n\n<p>Ei compar\u0103 imaginea cu o baz\u0103 de date extins\u0103 pentru a prezice cum ar ar\u0103ta o persoan\u0103 de-a lungul anilor.<\/p>\n\n\n\n<p>Filtrele aplic\u0103 riduri, modific\u0103ri ale culorii p\u0103rului \u0219i alte semne de \u00eemb\u0103tr\u00e2nire pentru a ob\u021bine un efect realist.<\/p>\n\n\n\n<h4 class=\"wp-block-heading\">6. Pot fi inversate efectele \u00eemb\u0103tr\u00e2nirii din fotografii?<\/h4>\n\n\n\n<p>Da, multe dintre aceste aplica\u021bii \u00ee\u021bi permit \u0219i s\u0103-\u021bi \u00eentinere\u0219ti fa\u021ba cu filtre inverse.<\/p>\n\n\n\n<p>FaceApp \u0219i FaceLab includ op\u021biuni de rejuvenare care elimin\u0103 ridurile \u0219i \u00eembun\u0103t\u0103\u021besc aspectul pielii, permi\u021b\u00e2nd utilizatorilor s\u0103 vad\u0103 c\u00e2t de tineri ar ar\u0103ta.<\/p>\n\n\n\n<h4 class=\"wp-block-heading\">7. Pot distribui imaginile editate pe re\u021belele de socializare?<\/h4>\n\n\n\n<p>Da, toate aceste aplica\u021bii includ op\u021biunea de a partaja fotografii editate direct pe platforme precum Instagram, Facebook \u0219i WhatsApp.<\/p>\n\n\n\n<p>\u00cen plus, acestea v\u0103 permit s\u0103 salva\u021bi imagini \u00een galeria dispozitivului pentru utilizare ulterioar\u0103.<\/p>","protected":false},"excerpt":{"rendered":"<p>Te-ai \u00eentrebat vreodat\u0103 cum vei ar\u0103ta pe m\u0103sur\u0103 ce \u00eemb\u0103tr\u00e2ne\u0219ti? Cu tehnologia de ast\u0103zi, este posibil s\u0103-\u021bi faci o idee despre cum se va schimba fa\u021ba ta de-a lungul anilor. Exist\u0103 aplica\u021bii care folosesc inteligen\u021ba artificial\u0103 pentru a simula \u00eemb\u0103tr\u00e2nirea, permi\u021b\u00e2ndu-\u021bi s\u0103 vezi o versiune mai \u00een v\u00e2rst\u0103 a ta. Nu-i a\u0219a c\u0103 este uimitor? Echipa [\u2026]<\/p>","protected":false},"author":139,"featured_media":8490,"comment_status":"closed","ping_status":"open","sticky":false,"template":"","format":"standard","meta":{"footnotes":""},"categories":[2],"tags":[1775,1776,1777,1774,1748],"yoast_head":"<!-- This site is optimized with the Yoast SEO plugin v23.3 - https:\/\/yoast.com\/wordpress\/plugins\/seo\/ -->\n<title>Descubre c\u00f3mo ser\u00e1s en la vejez - Universo Fam\u00edlia<\/title>\n<meta name=\"description\" content=\"Descubre c\u00f3mo ser\u00e1s en la vejez. \u00bfAlguna vez te has preguntado c\u00f3mo ser\u00e1 tu apariencia cuando envejezcas?....\" \/>\n<meta name=\"robots\" content=\"index, follow, max-snippet:-1, max-image-preview:large, max-video-preview:-1\" \/>\n<link rel=\"canonical\" href=\"https:\/\/universofamilia.com\/ro\/descubre-como-seras-en-la-vejez\/\" \/>\n<meta property=\"og:locale\" content=\"ro_RO\" \/>\n<meta property=\"og:type\" content=\"article\" \/>\n<meta property=\"og:title\" content=\"Descubre c\u00f3mo ser\u00e1s en la vejez - Universo Fam\u00edlia\" \/>\n<meta property=\"og:description\" content=\"Descubre c\u00f3mo ser\u00e1s en la vejez. \u00bfAlguna vez te has preguntado c\u00f3mo ser\u00e1 tu apariencia cuando envejezcas?....\" \/>\n<meta property=\"og:url\" content=\"https:\/\/universofamilia.com\/ro\/descubre-como-seras-en-la-vejez\/\" \/>\n<meta property=\"og:site_name\" content=\"Universo Fam\u00edlia\" \/>\n<meta property=\"article:published_time\" content=\"2025-01-29T20:16:42+00:00\" \/>\n<meta property=\"article:modified_time\" content=\"2025-01-30T18:28:16+00:00\" \/>\n<meta property=\"og:image\" content=\"https:\/\/universofamilia.com\/wp-content\/uploads\/sites\/148\/2025\/01\/DESTAQUE-UNIVERSO-550-x-350-3-3.jpg\" \/>\n\t<meta property=\"og:image:width\" content=\"550\" \/>\n\t<meta property=\"og:image:height\" content=\"350\" \/>\n\t<meta property=\"og:image:type\" content=\"image\/jpeg\" \/>\n<meta name=\"author\" content=\"Pedro Henrique\" \/>\n<meta name=\"twitter:card\" content=\"summary_large_image\" \/>\n<meta name=\"twitter:label1\" content=\"Written by\" \/>\n\t<meta name=\"twitter:data1\" content=\"Pedro Henrique\" \/>\n\t<meta name=\"twitter:label2\" content=\"Est. reading time\" \/>\n\t<meta name=\"twitter:data2\" content=\"7 minute\" \/>\n<script type=\"application\/ld+json\" class=\"yoast-schema-graph\">{\"@context\":\"https:\/\/schema.org\",\"@graph\":[{\"@type\":\"WebPage\",\"@id\":\"https:\/\/universofamilia.com\/ro\/descubre-como-seras-en-la-vejez\/\",\"url\":\"https:\/\/universofamilia.com\/ro\/descubre-como-seras-en-la-vejez\/\",\"name\":\"Descubre c\u00f3mo ser\u00e1s en la vejez - Universo Fam\u00edlia\",\"isPartOf\":{\"@id\":\"https:\/\/universofamilia.com\/el\/#website\"},\"primaryImageOfPage\":{\"@id\":\"https:\/\/universofamilia.com\/ro\/descubre-como-seras-en-la-vejez\/#primaryimage\"},\"image\":{\"@id\":\"https:\/\/universofamilia.com\/ro\/descubre-como-seras-en-la-vejez\/#primaryimage\"},\"thumbnailUrl\":\"https:\/\/universofamilia.com\/wp-content\/uploads\/sites\/148\/2025\/01\/DESTAQUE-UNIVERSO-550-x-350-3-3.jpg\",\"datePublished\":\"2025-01-29T20:16:42+00:00\",\"dateModified\":\"2025-01-30T18:28:16+00:00\",\"author\":{\"@id\":\"https:\/\/universofamilia.com\/el\/#\/schema\/person\/f07ce98187dd84d31154262e79b3b7ca\"},\"description\":\"Descubre c\u00f3mo ser\u00e1s en la vejez. \u00bfAlguna vez te has preguntado c\u00f3mo ser\u00e1 tu apariencia cuando envejezcas?....\",\"breadcrumb\":{\"@id\":\"https:\/\/universofamilia.com\/ro\/descubre-como-seras-en-la-vejez\/#breadcrumb\"},\"inLanguage\":\"ro-RO\",\"potentialAction\":[{\"@type\":\"ReadAction\",\"target\":[\"https:\/\/universofamilia.com\/ro\/descubre-como-seras-en-la-vejez\/\"]}]},{\"@type\":\"ImageObject\",\"inLanguage\":\"ro-RO\",\"@id\":\"https:\/\/universofamilia.com\/ro\/descubre-como-seras-en-la-vejez\/#primaryimage\",\"url\":\"https:\/\/universofamilia.com\/wp-content\/uploads\/sites\/148\/2025\/01\/DESTAQUE-UNIVERSO-550-x-350-3-3.jpg\",\"contentUrl\":\"https:\/\/universofamilia.com\/wp-content\/uploads\/sites\/148\/2025\/01\/DESTAQUE-UNIVERSO-550-x-350-3-3.jpg\",\"width\":550,\"height\":350,\"caption\":\"Descubre c\u00f3mo ser\u00e1s en la vejez\"},{\"@type\":\"BreadcrumbList\",\"@id\":\"https:\/\/universofamilia.com\/ro\/descubre-como-seras-en-la-vejez\/#breadcrumb\",\"itemListElement\":[{\"@type\":\"ListItem\",\"position\":1,\"name\":\"Home\",\"item\":\"https:\/\/universofamilia.com\/el\/\"},{\"@type\":\"ListItem\",\"position\":2,\"name\":\"Descubre c\u00f3mo ser\u00e1s en la vejez\"}]},{\"@type\":\"WebSite\",\"@id\":\"https:\/\/universofamilia.com\/el\/#website\",\"url\":\"https:\/\/universofamilia.com\/el\/\",\"name\":\"Universo Fam\u00edlia\",\"description\":\"\",\"potentialAction\":[{\"@type\":\"SearchAction\",\"target\":{\"@type\":\"EntryPoint\",\"urlTemplate\":\"https:\/\/universofamilia.com\/el\/?s={search_term_string}\"},\"query-input\":\"required name=search_term_string\"}],\"inLanguage\":\"ro-RO\"},{\"@type\":\"Person\",\"@id\":\"https:\/\/universofamilia.com\/el\/#\/schema\/person\/f07ce98187dd84d31154262e79b3b7ca\",\"name\":\"Pedro Henrique\",\"image\":{\"@type\":\"ImageObject\",\"inLanguage\":\"ro-RO\",\"@id\":\"https:\/\/universofamilia.com\/el\/#\/schema\/person\/image\/\",\"url\":\"https:\/\/secure.gravatar.com\/avatar\/9edfeb808cb4e1599f64d6e45b130154?s=96&d=mm&r=g\",\"contentUrl\":\"https:\/\/secure.gravatar.com\/avatar\/9edfeb808cb4e1599f64d6e45b130154?s=96&d=mm&r=g\",\"caption\":\"Pedro Henrique\"},\"url\":\"https:\/\/universofamilia.com\/ro\/author\/editor01\/\"}]}<\/script>\n<!-- \/ Yoast SEO plugin. -->","yoast_head_json":{"title":"Descubre c\u00f3mo ser\u00e1s en la vejez - Universo Fam\u00edlia","description":"Descubre c\u00f3mo ser\u00e1s en la vejez. \u00bfAlguna vez te has preguntado c\u00f3mo ser\u00e1 tu apariencia cuando envejezcas?....","robots":{"index":"index","follow":"follow","max-snippet":"max-snippet:-1","max-image-preview":"max-image-preview:large","max-video-preview":"max-video-preview:-1"},"canonical":"https:\/\/universofamilia.com\/ro\/descubre-como-seras-en-la-vejez\/","og_locale":"ro_RO","og_type":"article","og_title":"Descubre c\u00f3mo ser\u00e1s en la vejez - Universo Fam\u00edlia","og_description":"Descubre c\u00f3mo ser\u00e1s en la vejez. \u00bfAlguna vez te has preguntado c\u00f3mo ser\u00e1 tu apariencia cuando envejezcas?....","og_url":"https:\/\/universofamilia.com\/ro\/descubre-como-seras-en-la-vejez\/","og_site_name":"Universo Fam\u00edlia","article_published_time":"2025-01-29T20:16:42+00:00","article_modified_time":"2025-01-30T18:28:16+00:00","og_image":[{"width":550,"height":350,"url":"https:\/\/universofamilia.com\/wp-content\/uploads\/sites\/148\/2025\/01\/DESTAQUE-UNIVERSO-550-x-350-3-3.jpg","type":"image\/jpeg"}],"author":"Pedro Henrique","twitter_card":"summary_large_image","twitter_misc":{"Written by":"Pedro Henrique","Est. reading time":"7 minute"},"schema":{"@context":"https:\/\/schema.org","@graph":[{"@type":"WebPage","@id":"https:\/\/universofamilia.com\/ro\/descubre-como-seras-en-la-vejez\/","url":"https:\/\/universofamilia.com\/ro\/descubre-como-seras-en-la-vejez\/","name":"Descubre c\u00f3mo ser\u00e1s en la vejez - Universo Fam\u00edlia","isPartOf":{"@id":"https:\/\/universofamilia.com\/el\/#website"},"primaryImageOfPage":{"@id":"https:\/\/universofamilia.com\/ro\/descubre-como-seras-en-la-vejez\/#primaryimage"},"image":{"@id":"https:\/\/universofamilia.com\/ro\/descubre-como-seras-en-la-vejez\/#primaryimage"},"thumbnailUrl":"https:\/\/universofamilia.com\/wp-content\/uploads\/sites\/148\/2025\/01\/DESTAQUE-UNIVERSO-550-x-350-3-3.jpg","datePublished":"2025-01-29T20:16:42+00:00","dateModified":"2025-01-30T18:28:16+00:00","author":{"@id":"https:\/\/universofamilia.com\/el\/#\/schema\/person\/f07ce98187dd84d31154262e79b3b7ca"},"description":"Descubre c\u00f3mo ser\u00e1s en la vejez. \u00bfAlguna vez te has preguntado c\u00f3mo ser\u00e1 tu apariencia cuando envejezcas?....","breadcrumb":{"@id":"https:\/\/universofamilia.com\/ro\/descubre-como-seras-en-la-vejez\/#breadcrumb"},"inLanguage":"ro-RO","potentialAction":[{"@type":"ReadAction","target":["https:\/\/universofamilia.com\/ro\/descubre-como-seras-en-la-vejez\/"]}]},{"@type":"ImageObject","inLanguage":"ro-RO","@id":"https:\/\/universofamilia.com\/ro\/descubre-como-seras-en-la-vejez\/#primaryimage","url":"https:\/\/universofamilia.com\/wp-content\/uploads\/sites\/148\/2025\/01\/DESTAQUE-UNIVERSO-550-x-350-3-3.jpg","contentUrl":"https:\/\/universofamilia.com\/wp-content\/uploads\/sites\/148\/2025\/01\/DESTAQUE-UNIVERSO-550-x-350-3-3.jpg","width":550,"height":350,"caption":"Descubre c\u00f3mo ser\u00e1s en la vejez"},{"@type":"BreadcrumbList","@id":"https:\/\/universofamilia.com\/ro\/descubre-como-seras-en-la-vejez\/#breadcrumb","itemListElement":[{"@type":"ListItem","position":1,"name":"Home","item":"https:\/\/universofamilia.com\/el\/"},{"@type":"ListItem","position":2,"name":"Descubre c\u00f3mo ser\u00e1s en la vejez"}]},{"@type":"WebSite","@id":"https:\/\/universofamilia.com\/el\/#website","url":"https:\/\/universofamilia.com\/el\/","name":"Universo Fam\u00edlia","description":"","potentialAction":[{"@type":"SearchAction","target":{"@type":"EntryPoint","urlTemplate":"https:\/\/universofamilia.com\/el\/?s={search_term_string}"},"query-input":"required name=search_term_string"}],"inLanguage":"ro-RO"},{"@type":"Person","@id":"https:\/\/universofamilia.com\/el\/#\/schema\/person\/f07ce98187dd84d31154262e79b3b7ca","name":"Pedro Henrique","image":{"@type":"ImageObject","inLanguage":"ro-RO","@id":"https:\/\/universofamilia.com\/el\/#\/schema\/person\/image\/","url":"https:\/\/secure.gravatar.com\/avatar\/9edfeb808cb4e1599f64d6e45b130154?s=96&d=mm&r=g","contentUrl":"https:\/\/secure.gravatar.com\/avatar\/9edfeb808cb4e1599f64d6e45b130154?s=96&d=mm&r=g","caption":"Pedro Henrique"},"url":"https:\/\/universofamilia.com\/ro\/author\/editor01\/"}]}},"_links":{"self":[{"href":"https:\/\/universofamilia.com\/ro\/wp-json\/wp\/v2\/posts\/8489"}],"collection":[{"href":"https:\/\/universofamilia.com\/ro\/wp-json\/wp\/v2\/posts"}],"about":[{"href":"https:\/\/universofamilia.com\/ro\/wp-json\/wp\/v2\/types\/post"}],"author":[{"embeddable":true,"href":"https:\/\/universofamilia.com\/ro\/wp-json\/wp\/v2\/users\/139"}],"replies":[{"embeddable":true,"href":"https:\/\/universofamilia.com\/ro\/wp-json\/wp\/v2\/comments?post=8489"}],"version-history":[{"count":2,"href":"https:\/\/universofamilia.com\/ro\/wp-json\/wp\/v2\/posts\/8489\/revisions"}],"predecessor-version":[{"id":8496,"href":"https:\/\/universofamilia.com\/ro\/wp-json\/wp\/v2\/posts\/8489\/revisions\/8496"}],"wp:featuredmedia":[{"embeddable":true,"href":"https:\/\/universofamilia.com\/ro\/wp-json\/wp\/v2\/media\/8490"}],"wp:attachment":[{"href":"https:\/\/universofamilia.com\/ro\/wp-json\/wp\/v2\/media?parent=8489"}],"wp:term":[{"taxonomy":"category","embeddable":true,"href":"https:\/\/universofamilia.com\/ro\/wp-json\/wp\/v2\/categories?post=8489"},{"taxonomy":"post_tag","embeddable":true,"href":"https:\/\/universofamilia.com\/ro\/wp-json\/wp\/v2\/tags?post=8489"}],"curies":[{"name":"wp","href":"https:\/\/api.w.org\/{rel}","templated":true}]}}