{"id":8905,"date":"2025-03-05T20:35:12","date_gmt":"2025-03-05T20:35:12","guid":{"rendered":"https:\/\/universofamilia.com\/?p=8905"},"modified":"2025-03-05T20:36:20","modified_gmt":"2025-03-05T20:36:20","slug":"asistencia-de-transicion","status":"publish","type":"post","link":"https:\/\/universofamilia.com\/ro\/asistencia-de-transicion\/","title":{"rendered":"Asisten\u021b\u0103 pentru tranzi\u021bie: programe de sprijin pentru veterani \u00een via\u021ba civil\u0103"},"content":{"rendered":"<p>Tranzi\u021bia de la via\u021ba militar\u0103 la cea civil\u0103 poate fi dificil\u0103 pentru mul\u021bi veterani.<\/p>\n\n\n<div class=\"wp-block-image\">\n<figure class=\"aligncenter size-full\"><img loading=\"lazy\" decoding=\"async\" width=\"550\" height=\"350\" src=\"https:\/\/universofamilia.com\/wp-content\/uploads\/sites\/148\/2025\/03\/DESTAQUE-UNIVERSO-550-x-350-1.jpg\" alt=\"\" class=\"wp-image-8906\" srcset=\"https:\/\/universofamilia.com\/wp-content\/uploads\/sites\/148\/2025\/03\/DESTAQUE-UNIVERSO-550-x-350-1.jpg 550w, https:\/\/universofamilia.com\/wp-content\/uploads\/sites\/148\/2025\/03\/DESTAQUE-UNIVERSO-550-x-350-1-300x191.jpg 300w, https:\/\/universofamilia.com\/wp-content\/uploads\/sites\/148\/2025\/03\/DESTAQUE-UNIVERSO-550-x-350-1-18x12.jpg 18w\" sizes=\"(max-width: 550px) 100vw, 550px\" \/><figcaption class=\"wp-element-caption\">Asisten\u021b\u0103 pentru tranzi\u021bie<\/figcaption><\/figure><\/div>\n\n\n<p>Din fericire, exist\u0103 mai multe programe de sprijin care ajut\u0103 \u00een acest proces, oferind de la sprijin emo\u021bional p\u00e2n\u0103 la instruire pentru reintegrarea pe pia\u021ba muncii.<\/p>\n\n\n\n<p>\u00cen acest articol, explor\u0103m principalele resurse disponibile veteranilor \u0219i cum s\u0103 le acceseze.<\/p>\n\n\n\n<h2 class=\"wp-block-heading\">Ce sunt programele de asisten\u021b\u0103 pentru tranzi\u021bie \u0219i de ce sunt importante?<\/h2>\n\n\n\n<p>Programele de asisten\u021b\u0103 pentru tranzi\u021bie au fost create pentru a ajuta veteranii s\u0103 se adapteze la via\u021ba civil\u0103 dup\u0103 ce p\u0103r\u0103sesc serviciul militar.<\/p>\n\n\n\n<p>Ace\u0219tia ofer\u0103 sprijin financiar, emo\u021bional \u0219i profesional pentru a asigura veteranilor accesul la o via\u021b\u0103 stabil\u0103 \u0219i de succes \u00een afara armatei.<\/p>\n\n\n\n<p>Importan\u021ba acestor programe este imens\u0103, deoarece mul\u021bi veterani se lupt\u0103 s\u0103 g\u0103seasc\u0103 un loc de munc\u0103, sufer\u0103 de tulburare de stres posttraumatic (PTSD) sau se confrunt\u0103 cu probleme de s\u0103n\u0103tate fizic\u0103.<\/p>\n\n\n\n<p>\u00cen plus, readaptarea social\u0103 poate fi complicat\u0103, deoarece structura \u0219i rutina vie\u021bii civile sunt foarte diferite de experien\u021bele serviciului militar.<\/p>\n\n\n\n<p>Cu sprijinul potrivit, veteranii pot dep\u0103\u0219i aceste bariere \u0219i pot construi o nou\u0103 cale c\u0103tre succes, asigur\u00e2nd nu doar stabilitatea economic\u0103, ci \u0219i calitatea vie\u021bii \u0219i bun\u0103starea emo\u021bional\u0103.<\/p>\n\n\n<div class=\"wp-block-image\">\n<figure class=\"aligncenter size-full\"><img loading=\"lazy\" decoding=\"async\" width=\"550\" height=\"350\" src=\"https:\/\/universofamilia.com\/wp-content\/uploads\/sites\/148\/2025\/03\/DESTAQUE-UNIVERSO-550-x-350-2.jpg\" alt=\"\" class=\"wp-image-8907\" srcset=\"https:\/\/universofamilia.com\/wp-content\/uploads\/sites\/148\/2025\/03\/DESTAQUE-UNIVERSO-550-x-350-2.jpg 550w, https:\/\/universofamilia.com\/wp-content\/uploads\/sites\/148\/2025\/03\/DESTAQUE-UNIVERSO-550-x-350-2-300x191.jpg 300w, https:\/\/universofamilia.com\/wp-content\/uploads\/sites\/148\/2025\/03\/DESTAQUE-UNIVERSO-550-x-350-2-18x12.jpg 18w\" sizes=\"(max-width: 550px) 100vw, 550px\" \/><figcaption class=\"wp-element-caption\">Asisten\u021b\u0103 pentru tranzi\u021bie<\/figcaption><\/figure><\/div>\n\n\n<h2 class=\"wp-block-heading\">Resurse de top pentru a ajuta veteranii s\u0103 se adapteze la via\u021ba civil\u0103<\/h2>\n\n\n\n<p>Exist\u0103 mai multe programe \u0219i organiza\u021bii dedicate oferirii de sprijin specific veteranilor, ajut\u00e2ndu-i \u00een diferite aspecte ale vie\u021bii civile.<\/p>\n\n\n\n<h3 class=\"wp-block-heading\">Conectarea cu al\u021bi veterani<\/h3>\n\n\n\n<p>Conectarea cu al\u021bi veterani este esen\u021bial\u0103 pentru o tranzi\u021bie mai lin\u0103.<\/p>\n\n\n\n<p>Organiza\u021bii precum <strong>Legiunea American\u0103<\/strong> y <strong>Veteranii R\u0103zboaielor Str\u0103ine (VFW)<\/strong> Ace\u0219tia promoveaz\u0103 re\u021bele de sprijin, evenimente sociale \u0219i oportunit\u0103\u021bi de voluntariat.<\/p>\n\n\n\n<p>Aceste re\u021bele sunt cruciale pentru ca veteranii s\u0103 \u00eemp\u0103rt\u0103\u0219easc\u0103 experien\u021be, s\u0103 g\u0103seasc\u0103 sprijin emo\u021bional \u0219i s\u0103 se simt\u0103 parte a unei comunit\u0103\u021bi care le \u00een\u021belege provoc\u0103rile.<\/p>\n\n\n\n<h3 class=\"wp-block-heading\">Merg\u00e2nd \u00eenainte<\/h3>\n\n\n\n<p><strong>Merg\u00e2nd \u00eenainte<\/strong> este un program online dezvoltat pentru a ajuta veteranii s\u0103 fac\u0103 fa\u021b\u0103 provoc\u0103rilor cotidiene folosind strategii bazate pe terapia cognitiv-comportamental\u0103.<\/p>\n\n\n\n<p>Programul pred\u0103 tehnici de gestionare a stresului, rezolvare a problemelor \u0219i luare a deciziilor, ajut\u00e2nd la adaptarea la via\u021ba civil\u0103.<\/p>\n\n\n\n<h3 class=\"wp-block-heading\">Prevenirea suicidului<\/h3>\n\n\n\n<p>S\u0103n\u0103tatea mintal\u0103 a veteranilor este o prioritate. Organiza\u021bii precum <strong>Linia de criz\u0103 pentru veterani<\/strong> Ace\u0219tia ofer\u0103 asisten\u021b\u0103 24 de ore din 24 pentru veteranii afla\u021bi \u00een criz\u0103, asigur\u00e2nd ajutor imediat.<\/p>\n\n\n\n<p>Din p\u0103cate, veteranii au o rat\u0103 a sinuciderilor mai mare dec\u00e2t popula\u021bia general\u0103, a\u0219a c\u0103 accesul la servicii de s\u0103n\u0103tate mintal\u0103 \u0219i prevenire a sinuciderilor este esen\u021bial.<\/p>\n\n\n\n<h3 class=\"wp-block-heading\">\u00cengrijirea traumatismelor cerebrale (TBI)<\/h3>\n\n\n\n<p>Mul\u021bi veterani sufer\u0103 de <strong>traumatisme cranio-cerebrale (TBI)<\/strong> din cauza expunerii la explozii \u0219i r\u0103niri \u00een timpul serviciului militar.<\/p>\n\n\n\n<p>VA (Departamentul pentru Afacerile Veteranilor) ofer\u0103 programe specializate pentru tratamentul \u0219i reabilitarea traumatismelor cranio-cerebrale, ajut\u00e2nd veteranii s\u0103 \u00ee\u0219i rec\u00e2\u0219tige func\u021biile cognitive \u0219i motorii.<\/p>\n\n\n\n<h2 class=\"wp-block-heading\">Cum pot accesa asisten\u021b\u0103 \u0219i instruire profesional\u0103 gratuit\u0103 ca veteran?<\/h2>\n\n\n\n<p>El <strong>Departamentul pentru Afacerile Veteranilor din SUA (VA)<\/strong> ofer\u0103 diverse ini\u021biative pentru a ajuta veteranii s\u0103 se reintegreze pe pia\u021ba muncii.<\/p>\n\n\n    <section class=\"mx-1 my-10\">\n                                                <a href=\"https:\/\/www.mentalhealth.va.gov\/transitioning-service\/resources.asp\" class=\"text-white\" data-analytics-label=\"optionsButton\"\n                    data-action=\"analytics#trackCTA\">\n                    <div data-options-target=\"option\"\n                        class=\"custom-section rounded-xl border p-3 shadow-md w-full bg-green-700 my-3\">\n                        <div class=\"flex w-full items-center justify-between\">\n                            <div class=\"flex items-center space-x-3\">\n                                <div class=\"text-lg font-bold\">\n                                    Departamentul pentru Afacerile Veteranilor din SUA (VA) \u279d\n                                <\/div>\n                            <\/div>\n                        <\/div>\n                    <\/div>\n                <\/a>\n                            <p class=\"text-xs text-gray-500 text-right\"\n            style=\"margin-left: 50%; margin-bottom: 50px; margin-top: 5px;\">\n            <!-- You will be redirected to another website -->\n        <\/p>\n    <\/section>\n\n\n\n\n<p class=\"has-text-align-center\"><em><strong><em><strong><em><strong><em><strong><em><strong><strong><em><strong><em><strong><em><strong><em><strong><em><strong><em><strong><em><strong><em><strong><em><strong><em><strong><strong><em><strong><em><strong><em><strong><em><strong><em><strong><em><strong><em><strong><em><strong><em><strong><em><strong><strong>Ve\u021bi fi redirec\u021bionat c\u0103tre un alt site<\/strong><\/strong><\/em><\/strong><\/em><\/strong><\/em><\/strong><\/em><\/strong><\/em><\/strong><\/em><\/strong><\/em><\/strong><\/em><\/strong><\/em><\/strong><\/em><\/strong><\/strong><\/em><\/strong><\/em><\/strong><\/em><\/strong><\/em><\/strong><\/em><\/strong><\/em><\/strong><\/em><\/strong><\/em><\/strong><\/em><\/strong><\/em><\/strong><\/strong><\/em><\/strong><\/em><\/strong><\/em><\/strong><\/em><\/strong><\/em><\/p>\n\n\n\n<hr class=\"wp-block-separator has-alpha-channel-opacity is-style-wide\" \/>\n\n\n\n<p><\/p>\n\n\n\n<h3 class=\"wp-block-heading\">Programul de Reabilitare Profesional\u0103 (VR&amp;E)<\/h3>\n\n\n\n<p>Acest program ofer\u0103 formare profesional\u0103, sprijin \u00een c\u0103utarea unui loc de munc\u0103 \u0219i asisten\u021b\u0103 veteranilor cu dizabilit\u0103\u021bi legate de armat\u0103.<\/p>\n\n\n\n<p>Este o op\u021biune excelent\u0103 pentru cei care doresc s\u0103 dezvolte noi abilit\u0103\u021bi \u0219i s\u0103 \u00ee\u0219i asigure stabilitatea financiar\u0103.<\/p>\n\n\n\n<p>\u00cen plus, VA ofer\u0103 \u0219i cursuri gratuite \u00een colaborare cu institu\u021bii de \u00eenv\u0103\u021b\u0103m\u00e2nt superior, permi\u021b\u00e2nd veteranilor s\u0103 dob\u00e2ndeasc\u0103 noi calific\u0103ri pentru carierele lor civile.<\/p>\n\n\n    <section class=\"mx-1 my-10\">\n                                                <a href=\"https:\/\/www.va.gov\/health-care\/eligibility\/\" class=\"text-white\" data-analytics-label=\"optionsButton\"\n                    data-action=\"analytics#trackCTA\">\n                    <div data-options-target=\"option\"\n                        class=\"custom-section rounded-xl border p-3 shadow-md w-full bg-green-700 my-3\">\n                        <div class=\"flex w-full items-center justify-between\">\n                            <div class=\"flex items-center space-x-3\">\n                                <div class=\"text-lg font-bold\">\n                                    Program de Reabilitare Profesional\u0103 (VR&amp;E) \u279d\n                                <\/div>\n                            <\/div>\n                        <\/div>\n                    <\/div>\n                <\/a>\n                            <p class=\"text-xs text-gray-500 text-right\"\n            style=\"margin-left: 50%; margin-bottom: 50px; margin-top: 5px;\">\n            <!-- You will be redirected to another website -->\n        <\/p>\n    <\/section>\n\n\n\n\n<p class=\"has-text-align-center\"><em><strong><em><strong><em><strong><em><strong><em><strong><strong><em><strong><em><strong><em><strong><em><strong><em><strong><em><strong><em><strong><em><strong><em><strong><em><strong><strong><em><strong><em><strong><em><strong><em><strong><em><strong><em><strong><em><strong><em><strong><em><strong><em><strong><strong>Ve\u021bi fi redirec\u021bionat c\u0103tre un alt site<\/strong><\/strong><\/em><\/strong><\/em><\/strong><\/em><\/strong><\/em><\/strong><\/em><\/strong><\/em><\/strong><\/em><\/strong><\/em><\/strong><\/em><\/strong><\/em><\/strong><\/strong><\/em><\/strong><\/em><\/strong><\/em><\/strong><\/em><\/strong><\/em><\/strong><\/em><\/strong><\/em><\/strong><\/em><\/strong><\/em><\/strong><\/em><\/strong><\/strong><\/em><\/strong><\/em><\/strong><\/em><\/strong><\/em><\/strong><\/em><\/p>\n\n\n\n<hr class=\"wp-block-separator has-alpha-channel-opacity is-style-wide\" \/>\n\n\n\n<p><\/p>\n\n\n\n<h2 class=\"wp-block-heading\">Planificare financiar\u0103 \u0219i asisten\u021b\u0103 pentru locuin\u021be pentru veteranii afla\u021bi \u00een tranzi\u021bie<\/h2>\n\n\n\n<p>Stabilitatea financiar\u0103 este unul dintre cei mai importan\u021bi piloni \u00een tranzi\u021bia c\u0103tre via\u021ba civil\u0103.<\/p>\n\n\n\n<p>Mai multe programe ofer\u0103 asisten\u021b\u0103 financiar\u0103 \u0219i pentru locuin\u021be veteranilor:<\/p>\n\n\n\n<ul>\n<li><strong>Beneficii pentru locuin\u021be VA<\/strong>VA ofer\u0103 garan\u021bii de \u00eemprumut, astfel \u00eenc\u00e2t veteranii s\u0103 poat\u0103 achizi\u021biona locuin\u021be cu condi\u021bii speciale.<\/li>\n\n\n\n<li><strong>Formare \u00een educa\u021bie financiar\u0103<\/strong>Organiza\u021bii precum USAA ofer\u0103 sprijin financiar pentru a ajuta veteranii s\u0103 \u00ee\u0219i gestioneze mai bine banii.<\/li>\n<\/ul>\n\n\n\n<h2 class=\"wp-block-heading\">Pove\u0219ti de succes: Veterani care prosper\u0103 dup\u0103 ce au folosit serviciile TAP<\/h2>\n\n\n\n<p>El <strong>Programul de asisten\u021b\u0103 pentru tranzi\u021bie (TAP)<\/strong> a ajutat mii de veterani s\u0103 ob\u021bin\u0103 succes dup\u0103 serviciul militar.<\/p>\n\n\n\n<p>Mul\u021bi au reu\u0219it s\u0103-\u0219i deschid\u0103 propriile afaceri, s\u0103 finalizeze studii universitare \u0219i s\u0103 ob\u021bin\u0103 cariere remarcabile \u00een administra\u021bia public\u0103.<\/p>\n\n\n\n<h2 class=\"wp-block-heading\">Programele de asisten\u021b\u0103 pentru tranzi\u021bie sunt esen\u021biale<\/h2>\n\n\n\n<p>Tranzi\u021bia la via\u021ba civil\u0103 poate fi dificil\u0103, dar cu resursele potrivite, veteranii \u00ee\u0219i pot construi un viitor luminos.<\/p>\n\n\n\n<p>Sprijinul potrivit face toat\u0103 diferen\u021ba, asigur\u00e2ndu-se c\u0103 cei care au servit \u021bara noastr\u0103 beneficiaz\u0103 de asisten\u021ba de care au nevoie pentru a prospera.<\/p>\n\n\n\n<p>Dac\u0103 e\u0219ti veteran sau cuno\u0219ti pe cineva care are nevoie de ajutor, afl\u0103 mai multe despre aceste programe \u0219i al\u0103tur\u0103-te acestei re\u021bele de sprijin.<\/p>\n\n\n\n<h2 class=\"wp-block-heading\">Surse<\/h2>\n\n\n\n<ul>\n<li>Departamentul pentru Afacerile Veteranilor din SUA (VA)<\/li>\n\n\n\n<li>Legiunea American\u0103<\/li>\n\n\n\n<li>Linia de criz\u0103 pentru veterani<\/li>\n\n\n\n<li>Programul de asisten\u021b\u0103 pentru tranzi\u021bie (TAP)<\/li>\n\n\n\n<li>Servicii financiare USAA<\/li>\n<\/ul>\n\n\n\n<h2 class=\"wp-block-heading\"><strong>\u00centreb\u0103ri frecvente despre asisten\u021ba pentru tranzi\u021bia veteranilor<\/strong><\/h2>\n\n\n\n<h3 class=\"wp-block-heading\">Ce este asisten\u021ba de tranzi\u021bie pentru veteranii militari?<\/h3>\n\n\n\n<p>Asisten\u021ba pentru tranzi\u021bie este un set de programe \u0219i resurse concepute pentru a ajuta <strong>veterani militari<\/strong> s\u0103 se adapteze la <strong>via\u021ba civil\u0103<\/strong> dup\u0103 serviciul s\u0103u \u00een for\u021bele armate.<\/p>\n\n\n\n<p>Aceste programe includ sprijin financiar, consiliere \u00een domeniul s\u0103n\u0103t\u0103\u021bii mintale, oportunit\u0103\u021bi de angajare \u0219i formare profesional\u0103. Scopul s\u0103u este de a asigura reintegrarea cu succes \u0219i de a minimiza provoc\u0103rile cu care se confrunt\u0103 veteranii la pensionarea din serviciul militar.<\/p>\n\n\n\n<h3 class=\"wp-block-heading\">Care sunt principalele beneficii pentru veterani \u00een tranzi\u021bia la via\u021ba civil\u0103?<\/h3>\n\n\n\n<p>Cel\/Cea\/Cei\/Cele <strong>beneficii pentru veterani<\/strong> \u00een tranzi\u021bie includ asisten\u021b\u0103 pentru <strong>c\u0103utare de locuri de munc\u0103<\/strong>, acces la \u00eenv\u0103\u021b\u0103m\u00e2ntul superior cu burse \u0219i subven\u021bii, sprijin \u00een <strong>s\u0103n\u0103tate mintal\u0103<\/strong> pentru tratamentul <strong>PTSD<\/strong> \u0219i alte tulbur\u0103ri legate de servicii, precum \u0219i accesul la programe <strong>reabilitare profesional\u0103<\/strong> \u0219i asisten\u021b\u0103 financiar\u0103 pentru achizi\u021bionarea de locuin\u021be.<\/p>\n\n\n\n<h3 class=\"wp-block-heading\">Ce programe ofer\u0103 sprijin pentru s\u0103n\u0103tate mintal\u0103 veteranilor?<\/h3>\n\n\n\n<p>Exist\u0103 mai multe ini\u021biative axate pe bun\u0103starea psihologic\u0103 a <strong>veterani militari<\/strong>. El <strong>Linia de criz\u0103 pentru veterani<\/strong> ofer\u0103 asisten\u021b\u0103 24 de ore din 24 celor care sufer\u0103 de crize emo\u021bionale sau g\u00e2nduri suicidare.<\/p>\n\n\n\n<p>Exist\u0103, de asemenea, programe precum <strong>Merg\u00e2nd \u00eenainte<\/strong>, care ofer\u0103 strategii bazate pe terapia cognitiv-comportamental\u0103 pentru gestionarea stresului \u0219i a anxiet\u0103\u021bii.<\/p>\n\n\n\n<p>\u00cen plus, Departamentul pentru Afacerile Veteranilor ofer\u0103 tratamente pentru <strong>tulburare de stres posttraumatic (PTSD)<\/strong> \u0219i <strong>traumatisme cranio-cerebrale (TBI)<\/strong>.<\/p>\n\n\n\n<h3 class=\"wp-block-heading\">Cum poate un veteran s\u0103 acceseze programe de reabilitare voca\u021bional\u0103?<\/h3>\n\n\n\n<p>El <strong>Programul de Reabilitare Profesional\u0103 (VR&amp;E)<\/strong> de la Departamentul pentru Afacerile Veteranilor este o op\u021biune excelent\u0103 pentru cei care doresc formare profesional\u0103 gratuit\u0103.<\/p>\n\n\n\n<p>Acest program ajut\u0103 <strong>veterani militari<\/strong> persoanele cu dizabilit\u0103\u021bi legate de servicii s\u0103 ob\u021bin\u0103 instruire tehnic\u0103, sprijin educa\u021bional \u0219i consiliere \u00een c\u0103utarea unui loc de munc\u0103.<\/p>\n\n\n\n<p>Cei interesa\u021bi se pot \u00eenscrie prin intermediul portalului oficial al <strong>MERGE<\/strong> sau vizita\u021bi un centru de \u00eengrijire pentru veterani.<\/p>\n\n\n\n<h3 class=\"wp-block-heading\">Ce tip de asisten\u021b\u0103 pentru locuin\u021be este disponibil\u0103 pentru veterani?<\/h3>\n\n\n\n<p>Cel\/Cea\/Cei\/Cele <strong>veterani militari<\/strong> poate accesa \u00eemprumuturi garantate de <strong>MERGE<\/strong> pentru achizi\u021bii de locuin\u021be cu dob\u00e2nzi mici \u0219i f\u0103r\u0103 avans.<\/p>\n\n\n\n<p>Exist\u0103, de asemenea, subven\u021bii pentru veteranii cu dizabilit\u0103\u021bi care necesit\u0103 modific\u0103ri la domiciliu. \u00cen plus, exist\u0103 organiza\u021bii care ofer\u0103 asisten\u021b\u0103 \u0219i sprijin pentru \u00eenchiriere <strong>veterani f\u0103r\u0103 ad\u0103post<\/strong>.<\/p>\n\n\n\n<h3 class=\"wp-block-heading\">Cum \u00ee\u0219i poate \u00eembun\u0103t\u0103\u021bi un veteran stabilitatea financiar\u0103 dup\u0103 serviciul militar?<\/h3>\n\n\n\n<p>Stabilitatea financiar\u0103 este esen\u021bial\u0103 \u00een <strong>tranzi\u021bia la via\u021ba civil\u0103<\/strong>. Exist\u0103 programe de <strong>educa\u021bie financiar\u0103<\/strong> cum ar fi cele oferite de USAA, care \u00eei \u00eenva\u021b\u0103 pe studen\u021bi <strong>veterani militari<\/strong> despre gestionarea banilor, investi\u021bii \u0219i planificarea pension\u0103rii.<\/p>\n\n\n\n<p>\u00cen plus, organiza\u021biile guvernamentale \u0219i private ofer\u0103 asisten\u021b\u0103 \u00een gestionarea beneficiilor \u0219i maximizarea resurselor financiare.<\/p>\n\n\n\n<h3 class=\"wp-block-heading\">De ce este important ca veteranii s\u0103 participe la re\u021bele de sprijin?<\/h3>\n\n\n\n<p>Conecteaz\u0103-te cu ceilal\u021bi <strong>veterani militari<\/strong> este esen\u021bial\u0103 pentru o reintegrare reu\u0219it\u0103.<\/p>\n\n\n\n<p>Organiza\u021bii precum <strong>Legiunea American\u0103<\/strong> y <strong>Veteranii R\u0103zboaielor Str\u0103ine (VFW)<\/strong> Ace\u0219tia faciliteaz\u0103 evenimente, consiliere \u0219i oportunit\u0103\u021bi de voluntariat, permi\u021b\u00e2nd veteranilor s\u0103 \u00eemp\u0103rt\u0103\u0219easc\u0103 experien\u021be, s\u0103 primeasc\u0103 sprijin emo\u021bional \u0219i s\u0103 g\u0103seasc\u0103 oportunit\u0103\u021bi de angajare.<\/p>\n\n\n\n<p>Apartenen\u021ba la o comunitate ajut\u0103 la reducerea sentimentului de izolare \u0219i \u00eencurajeaz\u0103 sentimentul de apartenen\u021b\u0103.<\/p>","protected":false},"excerpt":{"rendered":"<p>Tranzi\u021bia de la via\u021ba militar\u0103 la cea civil\u0103 poate fi dificil\u0103 pentru mul\u021bi veterani. Din fericire, exist\u0103 mai multe programe de sprijin care ajut\u0103 \u00een acest proces, oferind totul, de la sprijin emo\u021bional p\u00e2n\u0103 la instruire pentru reintegrarea \u00een munc\u0103. \u00cen acest articol, explor\u0103m principalele resurse disponibile veteranilor \u0219i cum s\u0103 le acceseze.<\/p>","protected":false},"author":139,"featured_media":8907,"comment_status":"closed","ping_status":"open","sticky":false,"template":"","format":"standard","meta":{"footnotes":""},"categories":[5],"tags":[1983,1984,1982,1981,1980],"yoast_head":"<!-- This site is optimized with the Yoast SEO plugin v23.3 - https:\/\/yoast.com\/wordpress\/plugins\/seo\/ -->\n<title>Asistencia de Transici\u00f3n: Programas de Apoyo a Veteranos en la Vida Civil - Universo Fam\u00edlia<\/title>\n<meta name=\"description\" content=\"Asistencia de Transici\u00f3n. La transici\u00f3n de la vida militar a la vida civil puede ser un desaf\u00edo para muchos veteranos.\" \/>\n<meta name=\"robots\" content=\"index, follow, max-snippet:-1, max-image-preview:large, max-video-preview:-1\" \/>\n<link rel=\"canonical\" href=\"http:\/\/universofamilia.com\/ro\/asistencia-de-transicion\/\" \/>\n<meta property=\"og:locale\" content=\"ro_RO\" \/>\n<meta property=\"og:type\" content=\"article\" \/>\n<meta property=\"og:title\" content=\"Asistencia de Transici\u00f3n: Programas de Apoyo a Veteranos en la Vida Civil - Universo Fam\u00edlia\" \/>\n<meta property=\"og:description\" content=\"Asistencia de Transici\u00f3n. La transici\u00f3n de la vida militar a la vida civil puede ser un desaf\u00edo para muchos veteranos.\" \/>\n<meta property=\"og:url\" content=\"http:\/\/universofamilia.com\/ro\/asistencia-de-transicion\/\" \/>\n<meta property=\"og:site_name\" content=\"Universo Fam\u00edlia\" \/>\n<meta property=\"article:published_time\" content=\"2025-03-05T20:35:12+00:00\" \/>\n<meta property=\"article:modified_time\" content=\"2025-03-05T20:36:20+00:00\" \/>\n<meta property=\"og:image\" content=\"http:\/\/universofamilia.com\/wp-content\/uploads\/sites\/148\/2025\/03\/DESTAQUE-UNIVERSO-550-x-350-2.jpg\" \/>\n\t<meta property=\"og:image:width\" content=\"550\" \/>\n\t<meta property=\"og:image:height\" content=\"350\" \/>\n\t<meta property=\"og:image:type\" content=\"image\/jpeg\" \/>\n<meta name=\"author\" content=\"Pedro Henrique\" \/>\n<meta name=\"twitter:card\" content=\"summary_large_image\" \/>\n<meta name=\"twitter:label1\" content=\"Written by\" \/>\n\t<meta name=\"twitter:data1\" content=\"Pedro Henrique\" \/>\n\t<meta name=\"twitter:label2\" content=\"Est. reading time\" \/>\n\t<meta name=\"twitter:data2\" content=\"8 minute\" \/>\n<script type=\"application\/ld+json\" class=\"yoast-schema-graph\">{\"@context\":\"https:\/\/schema.org\",\"@graph\":[{\"@type\":\"WebPage\",\"@id\":\"http:\/\/universofamilia.com\/sk\/asistencia-de-transicion\/\",\"url\":\"http:\/\/universofamilia.com\/sk\/asistencia-de-transicion\/\",\"name\":\"Asistencia de Transici\u00f3n: Programas de Apoyo a Veteranos en la Vida Civil - Universo Fam\u00edlia\",\"isPartOf\":{\"@id\":\"https:\/\/universofamilia.com\/el\/#website\"},\"primaryImageOfPage\":{\"@id\":\"http:\/\/universofamilia.com\/sk\/asistencia-de-transicion\/#primaryimage\"},\"image\":{\"@id\":\"http:\/\/universofamilia.com\/sk\/asistencia-de-transicion\/#primaryimage\"},\"thumbnailUrl\":\"https:\/\/universofamilia.com\/wp-content\/uploads\/sites\/148\/2025\/03\/DESTAQUE-UNIVERSO-550-x-350-2.jpg\",\"datePublished\":\"2025-03-05T20:35:12+00:00\",\"dateModified\":\"2025-03-05T20:36:20+00:00\",\"author\":{\"@id\":\"https:\/\/universofamilia.com\/el\/#\/schema\/person\/f07ce98187dd84d31154262e79b3b7ca\"},\"description\":\"Asistencia de Transici\u00f3n. La transici\u00f3n de la vida militar a la vida civil puede ser un desaf\u00edo para muchos veteranos.\",\"breadcrumb\":{\"@id\":\"http:\/\/universofamilia.com\/sk\/asistencia-de-transicion\/#breadcrumb\"},\"inLanguage\":\"ro-RO\",\"potentialAction\":[{\"@type\":\"ReadAction\",\"target\":[\"http:\/\/universofamilia.com\/sk\/asistencia-de-transicion\/\"]}]},{\"@type\":\"ImageObject\",\"inLanguage\":\"ro-RO\",\"@id\":\"http:\/\/universofamilia.com\/sk\/asistencia-de-transicion\/#primaryimage\",\"url\":\"https:\/\/universofamilia.com\/wp-content\/uploads\/sites\/148\/2025\/03\/DESTAQUE-UNIVERSO-550-x-350-2.jpg\",\"contentUrl\":\"https:\/\/universofamilia.com\/wp-content\/uploads\/sites\/148\/2025\/03\/DESTAQUE-UNIVERSO-550-x-350-2.jpg\",\"width\":550,\"height\":350,\"caption\":\"Asistencia de Transici\u00f3n\"},{\"@type\":\"BreadcrumbList\",\"@id\":\"http:\/\/universofamilia.com\/sk\/asistencia-de-transicion\/#breadcrumb\",\"itemListElement\":[{\"@type\":\"ListItem\",\"position\":1,\"name\":\"Home\",\"item\":\"https:\/\/universofamilia.com\/el\/\"},{\"@type\":\"ListItem\",\"position\":2,\"name\":\"Asistencia de Transici\u00f3n: Programas de Apoyo a Veteranos en la Vida Civil\"}]},{\"@type\":\"WebSite\",\"@id\":\"https:\/\/universofamilia.com\/el\/#website\",\"url\":\"https:\/\/universofamilia.com\/el\/\",\"name\":\"Universo Fam\u00edlia\",\"description\":\"\",\"potentialAction\":[{\"@type\":\"SearchAction\",\"target\":{\"@type\":\"EntryPoint\",\"urlTemplate\":\"https:\/\/universofamilia.com\/el\/?s={search_term_string}\"},\"query-input\":\"required name=search_term_string\"}],\"inLanguage\":\"ro-RO\"},{\"@type\":\"Person\",\"@id\":\"https:\/\/universofamilia.com\/el\/#\/schema\/person\/f07ce98187dd84d31154262e79b3b7ca\",\"name\":\"Pedro Henrique\",\"image\":{\"@type\":\"ImageObject\",\"inLanguage\":\"ro-RO\",\"@id\":\"https:\/\/universofamilia.com\/el\/#\/schema\/person\/image\/\",\"url\":\"https:\/\/secure.gravatar.com\/avatar\/9edfeb808cb4e1599f64d6e45b130154?s=96&d=mm&r=g\",\"contentUrl\":\"https:\/\/secure.gravatar.com\/avatar\/9edfeb808cb4e1599f64d6e45b130154?s=96&d=mm&r=g\",\"caption\":\"Pedro Henrique\"},\"url\":\"https:\/\/universofamilia.com\/ro\/author\/editor01\/\"}]}<\/script>\n<!-- \/ Yoast SEO plugin. -->","yoast_head_json":{"title":"Asistencia de Transici\u00f3n: Programas de Apoyo a Veteranos en la Vida Civil - Universo Fam\u00edlia","description":"Asistencia de Transici\u00f3n. La transici\u00f3n de la vida militar a la vida civil puede ser un desaf\u00edo para muchos veteranos.","robots":{"index":"index","follow":"follow","max-snippet":"max-snippet:-1","max-image-preview":"max-image-preview:large","max-video-preview":"max-video-preview:-1"},"canonical":"http:\/\/universofamilia.com\/ro\/asistencia-de-transicion\/","og_locale":"ro_RO","og_type":"article","og_title":"Asistencia de Transici\u00f3n: Programas de Apoyo a Veteranos en la Vida Civil - Universo Fam\u00edlia","og_description":"Asistencia de Transici\u00f3n. La transici\u00f3n de la vida militar a la vida civil puede ser un desaf\u00edo para muchos veteranos.","og_url":"http:\/\/universofamilia.com\/ro\/asistencia-de-transicion\/","og_site_name":"Universo Fam\u00edlia","article_published_time":"2025-03-05T20:35:12+00:00","article_modified_time":"2025-03-05T20:36:20+00:00","og_image":[{"width":550,"height":350,"url":"http:\/\/universofamilia.com\/wp-content\/uploads\/sites\/148\/2025\/03\/DESTAQUE-UNIVERSO-550-x-350-2.jpg","type":"image\/jpeg"}],"author":"Pedro Henrique","twitter_card":"summary_large_image","twitter_misc":{"Written by":"Pedro Henrique","Est. reading time":"8 minute"},"schema":{"@context":"https:\/\/schema.org","@graph":[{"@type":"WebPage","@id":"http:\/\/universofamilia.com\/sk\/asistencia-de-transicion\/","url":"http:\/\/universofamilia.com\/sk\/asistencia-de-transicion\/","name":"Asistencia de Transici\u00f3n: Programas de Apoyo a Veteranos en la Vida Civil - Universo Fam\u00edlia","isPartOf":{"@id":"https:\/\/universofamilia.com\/el\/#website"},"primaryImageOfPage":{"@id":"http:\/\/universofamilia.com\/sk\/asistencia-de-transicion\/#primaryimage"},"image":{"@id":"http:\/\/universofamilia.com\/sk\/asistencia-de-transicion\/#primaryimage"},"thumbnailUrl":"https:\/\/universofamilia.com\/wp-content\/uploads\/sites\/148\/2025\/03\/DESTAQUE-UNIVERSO-550-x-350-2.jpg","datePublished":"2025-03-05T20:35:12+00:00","dateModified":"2025-03-05T20:36:20+00:00","author":{"@id":"https:\/\/universofamilia.com\/el\/#\/schema\/person\/f07ce98187dd84d31154262e79b3b7ca"},"description":"Asistencia de Transici\u00f3n. La transici\u00f3n de la vida militar a la vida civil puede ser un desaf\u00edo para muchos veteranos.","breadcrumb":{"@id":"http:\/\/universofamilia.com\/sk\/asistencia-de-transicion\/#breadcrumb"},"inLanguage":"ro-RO","potentialAction":[{"@type":"ReadAction","target":["http:\/\/universofamilia.com\/sk\/asistencia-de-transicion\/"]}]},{"@type":"ImageObject","inLanguage":"ro-RO","@id":"http:\/\/universofamilia.com\/sk\/asistencia-de-transicion\/#primaryimage","url":"https:\/\/universofamilia.com\/wp-content\/uploads\/sites\/148\/2025\/03\/DESTAQUE-UNIVERSO-550-x-350-2.jpg","contentUrl":"https:\/\/universofamilia.com\/wp-content\/uploads\/sites\/148\/2025\/03\/DESTAQUE-UNIVERSO-550-x-350-2.jpg","width":550,"height":350,"caption":"Asistencia de Transici\u00f3n"},{"@type":"BreadcrumbList","@id":"http:\/\/universofamilia.com\/sk\/asistencia-de-transicion\/#breadcrumb","itemListElement":[{"@type":"ListItem","position":1,"name":"Home","item":"https:\/\/universofamilia.com\/el\/"},{"@type":"ListItem","position":2,"name":"Asistencia de Transici\u00f3n: Programas de Apoyo a Veteranos en la Vida Civil"}]},{"@type":"WebSite","@id":"https:\/\/universofamilia.com\/el\/#website","url":"https:\/\/universofamilia.com\/el\/","name":"Universo Fam\u00edlia","description":"","potentialAction":[{"@type":"SearchAction","target":{"@type":"EntryPoint","urlTemplate":"https:\/\/universofamilia.com\/el\/?s={search_term_string}"},"query-input":"required name=search_term_string"}],"inLanguage":"ro-RO"},{"@type":"Person","@id":"https:\/\/universofamilia.com\/el\/#\/schema\/person\/f07ce98187dd84d31154262e79b3b7ca","name":"Pedro Henrique","image":{"@type":"ImageObject","inLanguage":"ro-RO","@id":"https:\/\/universofamilia.com\/el\/#\/schema\/person\/image\/","url":"https:\/\/secure.gravatar.com\/avatar\/9edfeb808cb4e1599f64d6e45b130154?s=96&d=mm&r=g","contentUrl":"https:\/\/secure.gravatar.com\/avatar\/9edfeb808cb4e1599f64d6e45b130154?s=96&d=mm&r=g","caption":"Pedro Henrique"},"url":"https:\/\/universofamilia.com\/ro\/author\/editor01\/"}]}},"_links":{"self":[{"href":"https:\/\/universofamilia.com\/ro\/wp-json\/wp\/v2\/posts\/8905"}],"collection":[{"href":"https:\/\/universofamilia.com\/ro\/wp-json\/wp\/v2\/posts"}],"about":[{"href":"https:\/\/universofamilia.com\/ro\/wp-json\/wp\/v2\/types\/post"}],"author":[{"embeddable":true,"href":"https:\/\/universofamilia.com\/ro\/wp-json\/wp\/v2\/users\/139"}],"replies":[{"embeddable":true,"href":"https:\/\/universofamilia.com\/ro\/wp-json\/wp\/v2\/comments?post=8905"}],"version-history":[{"count":3,"href":"https:\/\/universofamilia.com\/ro\/wp-json\/wp\/v2\/posts\/8905\/revisions"}],"predecessor-version":[{"id":8910,"href":"https:\/\/universofamilia.com\/ro\/wp-json\/wp\/v2\/posts\/8905\/revisions\/8910"}],"wp:featuredmedia":[{"embeddable":true,"href":"https:\/\/universofamilia.com\/ro\/wp-json\/wp\/v2\/media\/8907"}],"wp:attachment":[{"href":"https:\/\/universofamilia.com\/ro\/wp-json\/wp\/v2\/media?parent=8905"}],"wp:term":[{"taxonomy":"category","embeddable":true,"href":"https:\/\/universofamilia.com\/ro\/wp-json\/wp\/v2\/categories?post=8905"},{"taxonomy":"post_tag","embeddable":true,"href":"https:\/\/universofamilia.com\/ro\/wp-json\/wp\/v2\/tags?post=8905"}],"curies":[{"name":"wp","href":"https:\/\/api.w.org\/{rel}","templated":true}]}}