{"id":9545,"date":"2025-06-30T17:07:08","date_gmt":"2025-06-30T17:07:08","guid":{"rendered":"https:\/\/universofamilia.com\/?p=9545"},"modified":"2025-06-30T17:07:10","modified_gmt":"2025-06-30T17:07:10","slug":"recupera-fotos-eliminadas-con-esta-aplicacion-y-vuelve-a-sonreir","status":"publish","type":"post","link":"https:\/\/universofamilia.com\/ro\/recupera-fotos-eliminadas-con-esta-aplicacion-y-vuelve-a-sonreir\/","title":{"rendered":"Recupereaz\u0103 fotografiile \u0219terse cu aceast\u0103 aplica\u021bie \u0219i z\u00e2mbe\u0219te din nou!"},"content":{"rendered":"<h4 class=\"wp-block-heading has-text-align-center\">Ai pierdut amintiri importante din gre\u0219eal\u0103?<\/h4>\n\n\n\n<p><\/p>\n\n\n\n<hr class=\"wp-block-separator has-alpha-channel-opacity is-style-wide\" \/>\n\n\n\n<p class=\"has-text-align-center\">Explora\u021bi urm\u0103toarele op\u021biuni legate de <strong>recuperare fotografii \u0219terse<\/strong>.<\/p>\n\n\n    <section class=\"mx-1 my-10\">\n                                                <a href=\"https:\/\/universofamilia.com\/ro\/recupera-cualquier-foto-perdida-con-este-aplicativo\/\" class=\"text-white\" data-analytics-label=\"optionsButton\"\n                    data-action=\"analytics#trackCTA\">\n                    <div data-options-target=\"option\"\n                        class=\"custom-section rounded-xl border p-3 shadow-md w-full bg-green-700 my-3\">\n                        <div class=\"flex w-full items-center justify-between\">\n                            <div class=\"flex items-center space-x-3\">\n                                <div class=\"text-lg font-bold\">\n                                    RECUPERA\u021aI FOTOGRAFII VECHI \u279d\n                                <\/div>\n                            <\/div>\n                        <\/div>\n                    <\/div>\n                <\/a>\n                                                            <a href=\"https:\/\/universofamilia.com\/ro\/lp-recupera-cualquier-foto-perdida\/\" class=\"text-white\" data-analytics-label=\"optionsButton\"\n                    data-action=\"analytics#trackCTA\">\n                    <div data-options-target=\"option\"\n                        class=\"custom-section rounded-xl border p-3 shadow-md w-full bg-green-700 my-3\">\n                        <div class=\"flex w-full items-center justify-between\">\n                            <div class=\"flex items-center space-x-3\">\n                                <div class=\"text-lg font-bold\">\n                                    ACCES LA GUNOIUL ASCUNS \u279d\n                                <\/div>\n                            <\/div>\n                        <\/div>\n                    <\/div>\n                <\/a>\n                                                            <a href=\"https:\/\/universofamilia.com\/ro\/lp-recuperar-fotos\/\" class=\"text-white\" data-analytics-label=\"optionsButton\"\n                    data-action=\"analytics#trackCTA\">\n                    <div data-options-target=\"option\"\n                        class=\"custom-section rounded-xl border p-3 shadow-md w-full bg-green-700 my-3\">\n                        <div class=\"flex w-full items-center justify-between\">\n                            <div class=\"flex items-center space-x-3\">\n                                <div class=\"text-lg font-bold\">\n                                    RECUPERA\u021aI-V\u0102 FOTOGRAFIILE \u279d\n                                <\/div>\n                            <\/div>\n                        <\/div>\n                    <\/div>\n                <\/a>\n                            <p class=\"text-xs text-gray-500 text-right hidden\"\n            style=\"margin-left: 50%; margin-bottom: 50px; margin-top: 5px;\">\n            <!-- You will be redirected to another website -->\n        <\/p>\n    <\/section>\n\n\n\n\n<p class=\"has-text-align-right\"><em><strong><em><strong><em><strong><em><strong><em><strong><em><strong><em><strong><em><strong><em><strong><em><strong>Va r\u0103m\u00e2ne \u00een acela\u0219i loc!<\/strong><\/em><\/strong><\/em><\/strong><\/em><\/strong><\/em><\/strong><\/em><\/strong><\/em><\/strong><\/em><\/strong><\/em><\/strong><\/em><\/strong><\/em><\/p>\n\n\n\n<hr class=\"wp-block-separator has-alpha-channel-opacity is-style-wide\" \/>\n\n\n\n<p><\/p>\n\n\n\n<h3 class=\"wp-block-heading\">Regre\u021bi c\u0103 ai \u0219ters imagini valoroase?<\/h3>\n\n\n\n<h3 class=\"wp-block-heading\">Ast\u0103zi vei \u00eenv\u0103\u021ba cum s\u0103 le recuperezi u\u0219or, pas cu pas.<\/h3>\n\n\n\n<p><strong>Recupereaz\u0103 fotografiile \u0219terse cu aceast\u0103 aplica\u021bie!<\/strong> Aceast\u0103 fraz\u0103 poate p\u0103rea magic\u0103, dar este complet real\u0103.<\/p>\n\n\n\n<p>Cine nu a sim\u021bit acea durere \u00een stomac c\u00e2nd \u00ee\u0219i d\u0103 seama c\u0103 o fotografie iubit\u0103 nu mai este acolo?<\/p>\n\n\n\n<p>Uneori se \u00eent\u00e2mpl\u0103 \u00eentr-un moment de nep\u0103sare, <a href=\"https:\/\/universofamilia.com\/ro\/recupera-cualquier-foto-perdida-con-este-aplicativo\/\">al\u021bii din cauza telefonului sau a unei aplica\u021bii r\u0103u inten\u021bionate<\/a>.<\/p>\n\n\n\n<p>Dar nu totul este pierdut. Exist\u0103 o solu\u021bie care nu necesit\u0103 cuno\u0219tin\u021be tehnice, pl\u0103\u021bi complicate sau echipamente scumpe.<\/p>\n\n\n\n<p>Tot ce ai nevoie este telefonul, c\u00e2teva minute \u0219i una dintre aplica\u021biile pe care \u021bi le vom ar\u0103ta aici.<\/p>\n\n\n\n<p>Acest articol a fost conceput pentru a te ajuta de la bun \u00eenceput. \u00ce\u021bi vom explica clar \u0219i simplu cum s\u0103 recuperezi fotografiile \u0219terse f\u0103r\u0103 nicio problem\u0103.<\/p>\n\n\n\n<p>\u00cen plus, includem 3 <strong>aplica\u021bii de \u00eencredere din Magazin Play<\/strong> care au ajutat deja milioane de oameni s\u0103-\u0219i salveze amintirile.<\/p>\n\n\n\n<p>Preg\u0103te\u0219te-te s\u0103 descoperi ceva ce \u00ee\u021bi poate schimba ziua. Hai s\u0103 parcurgem lucrurile pas cu pas, nu-i a\u0219a?<\/p>\n\n\n\n<p><\/p>\n\n\n\n<hr class=\"wp-block-separator has-alpha-channel-opacity is-style-wide\" \/>\n\n\n\n<h5 class=\"wp-block-heading has-text-align-center\"><strong><mark class=\"has-inline-color has-luminous-vivid-amber-color\">Cite\u0219te \u0219i<\/mark><\/strong><\/h5>\n\n\n    <section class=\"mx-1 my-10\">\n                                                <a href=\"https:\/\/universofamilia.com\/ro\/lp-filmes-asiaticos\/\" class=\"text-white\" data-analytics-label=\"optionsButton\"\n                    data-action=\"analytics#trackCTA\">\n                    <div data-options-target=\"option\"\n                        class=\"custom-section rounded-xl border p-3 shadow-md w-full bg-green-700 my-3\">\n                        <div class=\"flex w-full items-center justify-between\">\n                            <div class=\"flex items-center space-x-3\">\n                                <div class=\"text-lg font-bold\">\n                                    Aplica\u021bie pentru a viziona drame coreene \u279d\n                                <\/div>\n                            <\/div>\n                        <\/div>\n                    <\/div>\n                <\/a>\n                                                            <a href=\"https:\/\/universofamilia.com\/ro\/lp-recuperar-fotos\/\" class=\"text-white\" data-analytics-label=\"optionsButton\"\n                    data-action=\"analytics#trackCTA\">\n                    <div data-options-target=\"option\"\n                        class=\"custom-section rounded-xl border p-3 shadow-md w-full bg-green-700 my-3\">\n                        <div class=\"flex w-full items-center justify-between\">\n                            <div class=\"flex items-center space-x-3\">\n                                <div class=\"text-lg font-bold\">\n                                    Recupereaz\u0103 fotografiile \u0219terse cu aceast\u0103 aplica\u021bie!  \u279d\n                                <\/div>\n                            <\/div>\n                        <\/div>\n                    <\/div>\n                <\/a>\n                                                            <a href=\"https:\/\/universofamilia.com\/ro\/el-amor-a-un-clic\/\" class=\"text-white\" data-analytics-label=\"optionsButton\"\n                    data-action=\"analytics#trackCTA\">\n                    <div data-options-target=\"option\"\n                        class=\"custom-section rounded-xl border p-3 shadow-md w-full bg-green-700 my-3\">\n                        <div class=\"flex w-full items-center justify-between\">\n                            <div class=\"flex items-center space-x-3\">\n                                <div class=\"text-lg font-bold\">\n                                    Descoper\u0103 aplica\u021bia de dating ideal\u0103 pentru tine \u279d\n                                <\/div>\n                            <\/div>\n                        <\/div>\n                    <\/div>\n                <\/a>\n                            <p class=\"text-xs text-gray-500 text-right hidden\"\n            style=\"margin-left: 50%; margin-bottom: 50px; margin-top: 5px;\">\n            <!-- You will be redirected to another website -->\n        <\/p>\n    <\/section>\n\n\n\n\n<p class=\"has-text-align-right\"><em><strong><em><strong><em><strong><em><strong><em><strong>Va r\u0103m\u00e2ne \u00een acela\u0219i loc!<\/strong><\/em><\/strong><\/em><\/strong><\/em><\/strong><\/em><\/strong><\/em><\/p>\n\n\n\n<hr class=\"wp-block-separator has-alpha-channel-opacity is-style-wide\" \/>\n\n\n\n<p><\/p>\n\n\n\n<h2 class=\"wp-block-heading\">De ce ni se \u0219terg fotografiile?<\/h2>\n\n\n\n<h3 class=\"wp-block-heading\">Nu e vina ta, li se \u00eent\u00e2mpl\u0103 tuturor.<\/h3>\n\n\n\n<p>\u0218tergerea accidental\u0103 a imaginilor este mult mai frecvent\u0103 dec\u00e2t ai putea crede.<\/p>\n\n\n\n<p>Mai ales pe telefoanele cu pu\u021bin\u0103 memorie, unde avem tendin\u021ba s\u0103 \u0219tergem lucruri pentru a \u201eface loc\u201d f\u0103r\u0103 a le verifica foarte atent.<\/p>\n\n\n\n<p>Exist\u0103 \u0219i aplica\u021bii care cur\u0103\u021b\u0103 automat sau telefoane care cedeaz\u0103 c\u00e2nd te a\u0219tep\u021bi mai pu\u021bin.<\/p>\n\n\n\n<p>Acestea sunt c\u00e2teva scenarii comune:<\/p>\n\n\n\n<ul>\n<li>Ai \u0219ters o fotografie \u00een timp ce verificai \u00een grab\u0103 galeria.<\/li>\n\n\n\n<li>Telefonul mobil s-a oprit sau a repornit singur<\/li>\n\n\n\n<li>O aplica\u021bie de cur\u0103\u021bare a \u0219ters fi\u0219ierele f\u0103r\u0103 s\u0103 \u00eentrebe<\/li>\n\n\n\n<li>Ai mutat fotografiile \u00een alt folder \u0219i au disp\u0103rut<\/li>\n\n\n\n<li>Ai folosit un card SD defect<\/li>\n<\/ul>\n\n\n\n<p>Important este c\u0103 <strong>nu te sim\u021bi vinovat<\/strong>Acest lucru se \u00eent\u00e2mpl\u0103 persoanelor de toate v\u00e2rstele \u0219i nivelurile de experien\u021b\u0103. \u0218i da, se poate remedia.<\/p>\n\n\n\n<h3 class=\"wp-block-heading\">Sunt pierdu\u021bi pentru totdeauna?<\/h3>\n\n\n\n<p>Nu neap\u0103rat. C\u00e2nd \u0219tergi o fotografie, telefonul t\u0103u doar \u201emarcheaz\u0103\u201d acel spa\u021biu ca fiind liber, dar fi\u0219ierul r\u0103m\u00e2ne adesea acolo, ascuns, p\u00e2n\u0103 c\u00e2nd este suprascris.<\/p>\n\n\n\n<p>A\u0219a c\u0103, cu c\u00e2t ac\u021bionezi mai repede, cu at\u00e2t mai bine!<\/p>\n\n\n\n<h2 class=\"wp-block-heading\">Ce ar trebui s\u0103 faci mai \u00eent\u00e2i c\u00e2nd \u00ee\u021bi dai seama c\u0103 ai pierdut fotografii?<\/h2>\n\n\n\n<p>\u00cenainte de a instala orice, urma\u021bi aceste sfaturi de baz\u0103:<\/p>\n\n\n\n<ul>\n<li><strong>Nu mai face fotografii<\/strong><\/li>\n\n\n\n<li><strong>Evita\u021bi desc\u0103rcarea de fi\u0219iere sau aplica\u021bii noi<\/strong><\/li>\n\n\n\n<li><strong>Nu \u00eenchide brusc telefonul mobil<\/strong><\/li>\n\n\n\n<li><strong>Activeaz\u0103 modul avion dac\u0103 po\u021bi<\/strong><\/li>\n<\/ul>\n\n\n\n<p>Acest lucru ajut\u0103 la <strong>economise\u0219te spa\u021biu de memorie<\/strong> unde s-ar putea afla \u00eenc\u0103 imaginea \u0219tears\u0103.<\/p>\n\n\n\n<p>Acest lucru cre\u0219te \u0219ansele de recuperare f\u0103r\u0103 erori.<\/p>\n\n\n\n<h2 class=\"wp-block-heading\">Cele mai bune 3 aplica\u021bii pentru recuperarea fotografiilor \u0219terse<\/h2>\n\n\n\n<p>Am selectat aceste aplica\u021bii pe baza evalu\u0103rilor utilizatorilor, a u\u0219urin\u021bei \u00een utilizare \u0219i a eficien\u021bei.<\/p>\n\n\n\n<p>Sunt gratuite, disponibile pe <strong>Magazin Google Play<\/strong>\u0219i nu necesit\u0103 cuno\u0219tin\u021be tehnice.<\/p>\n\n\n\n<h3 class=\"wp-block-heading\">\ud83d\udcf1 <strong>1. <a href=\"https:\/\/diskdigger.br.uptodown.com\/android\">DiscDigger <\/a>recupera fotografii<\/strong><\/h3>\n\n\n\n<p>Este unul dintre cele mai fiabile instrumente pentru <strong>recupera imaginile \u0219terse<\/strong> pe Android.<\/p>\n\n\n\n<p>Interfa\u021ba sa este foarte simpl\u0103: alegi \u00eentre scanarea de baz\u0103 sau cea profund\u0103 \u0219i la\u0219i aplica\u021bia s\u0103 fac\u0103 treaba.<\/p>\n\n\n\n<p><strong>Ce \u00eel face special?<\/strong><\/p>\n\n\n\n<ul>\n<li>Func\u021bioneaz\u0103 f\u0103r\u0103 root<\/li>\n\n\n\n<li>Afi\u0219a\u021bi miniaturile \u00eenainte de preluare<\/li>\n\n\n\n<li>Pute\u021bi selecta doar fotografiile dorite<\/li>\n\n\n\n<li>Salveaz\u0103 imaginile \u00eenapoi \u00een galeria ta<\/li>\n<\/ul>\n\n\n\n<p><strong>Ideal pentru:<\/strong> Seniori, utilizatori f\u0103r\u0103 experien\u021b\u0103, telefoane mobile de baz\u0103<\/p>\n\n\n\n<p><\/p>\n\n\n\n<hr class=\"wp-block-separator has-alpha-channel-opacity is-style-wide\" \/>\n\n\n\n<h3 class=\"wp-block-heading\"><mark class=\"has-inline-color has-luminous-vivid-amber-color\"><strong>Desc\u0103rca\u021bi aplica\u021biile<\/strong><\/mark><\/h3>\n\n\n    <section class=\"mx-1 my-10\">\n                                                <a href=\"https:\/\/diskdigger.br.uptodown.com\/android\" class=\"text-white\" data-analytics-label=\"optionsButton\"\n                    data-action=\"analytics#trackCTA\">\n                    <div data-options-target=\"option\"\n                        class=\"custom-section rounded-xl border p-3 shadow-md w-full bg-green-700 my-3\">\n                        <div class=\"flex w-full items-center justify-between\">\n                            <div class=\"flex items-center space-x-3\">\n                                <div class=\"text-lg font-bold\">\n                                    DiskDigger \u279d\n                                <\/div>\n                            <\/div>\n                        <\/div>\n                    <\/div>\n                <\/a>\n                            <p class=\"text-xs text-gray-500 text-right\"\n            style=\"margin-left: 50%; margin-bottom: 50px; margin-top: 5px;\">\n            <!-- You will be redirected to another website -->\n        <\/p>\n    <\/section>\n\n\n\n\n<p class=\"has-text-align-right\"><strong><em>Vei fi redirec\u021bionat c\u0103tre un alt site<\/em><\/strong><\/p>\n\n\n\n<hr class=\"wp-block-separator has-alpha-channel-opacity is-style-wide\" \/>\n\n\n\n<p><\/p>\n\n\n\n<h3 class=\"wp-block-heading\">\ud83d\udcf1 <strong>2. Container: co\u0219 de reciclare<\/strong><\/h3>\n\n\n\n<p>Containerul de gunoi func\u021bioneaz\u0103 ca o \u201ea doua \u0219ans\u0103\u201d. Tot ce \u0219tergi ajunge mai \u00eent\u00e2i \u00een acest co\u0219 de gunoi, la fel ca pe computer.<\/p>\n\n\n\n<p>Deci \u00eel po\u021bi restaura cu u\u0219urin\u021b\u0103 dac\u0103 te r\u0103zg\u00e2nde\u0219ti.<\/p>\n\n\n\n<p><strong>Beneficii cheie:<\/strong><\/p>\n\n\n\n<ul>\n<li>Recuperare instantanee de fotografii \u0219i videoclipuri<\/li>\n\n\n\n<li>Copie de rezerv\u0103 \u00een cloud<\/li>\n\n\n\n<li>Nu este necesar\u0103 conexiune la internet<\/li>\n\n\n\n<li>Compatibil cu majoritatea modelelor Android<\/li>\n<\/ul>\n\n\n\n<p><strong>Ideal pentru:<\/strong> persoane care \u0219terg adesea telefoanele mobile ale familiei f\u0103r\u0103 s\u0103 le verifice<\/p>\n\n\n\n<p><\/p>\n\n\n\n<hr class=\"wp-block-separator has-alpha-channel-opacity is-style-wide\" \/>\n\n\n\n<h3 class=\"wp-block-heading\"><mark class=\"has-inline-color has-luminous-vivid-amber-color\"><strong>Desc\u0103rca\u021bi aplica\u021biile<\/strong><\/mark><\/h3>\n\n\n    <section class=\"mx-1 my-10\">\n                                                <a href=\"https:\/\/dumpster-recycle-bin.br.uptodown.com\/android\" class=\"text-white\" data-analytics-label=\"optionsButton\"\n                    data-action=\"analytics#trackCTA\">\n                    <div data-options-target=\"option\"\n                        class=\"custom-section rounded-xl border p-3 shadow-md w-full bg-green-700 my-3\">\n                        <div class=\"flex w-full items-center justify-between\">\n                            <div class=\"flex items-center space-x-3\">\n                                <div class=\"text-lg font-bold\">\n                                    Container \u279d\n                                <\/div>\n                            <\/div>\n                        <\/div>\n                    <\/div>\n                <\/a>\n                            <p class=\"text-xs text-gray-500 text-right\"\n            style=\"margin-left: 50%; margin-bottom: 50px; margin-top: 5px;\">\n            <!-- You will be redirected to another website -->\n        <\/p>\n    <\/section>\n\n\n\n\n<p class=\"has-text-align-right\"><strong><em>Vei fi redirec\u021bionat c\u0103tre un alt site<\/em><\/strong><\/p>\n\n\n\n<hr class=\"wp-block-separator has-alpha-channel-opacity is-style-wide\" \/>\n\n\n\n<p><\/p>\n\n\n\n<h3 class=\"wp-block-heading\">\ud83d\udcf1 <strong>3. Recuperare foto \u2013 Restaurare imagine<\/strong><\/h3>\n\n\n\n<p>Aceast\u0103 aplica\u021bie este u\u0219oar\u0103, rapid\u0103 \u0219i destul de eficient\u0103.<\/p>\n\n\n\n<p>Scaneaz\u0103 \u00een profunzime memoria telefonului \u0219i afi\u0219eaz\u0103 toate imaginile recuperabile.<\/p>\n\n\n\n<p><strong>Cel mai bun lucru la aceast\u0103 aplica\u021bie:<\/strong><\/p>\n\n\n\n<ul>\n<li>Dou\u0103 moduri de scanare (rapid\u0103 \u0219i complet\u0103)<\/li>\n\n\n\n<li>V\u0103 permite s\u0103 recupera\u021bi mai multe imagini simultan<\/li>\n\n\n\n<li>Interfa\u021b\u0103 simpl\u0103 \u0219i prietenoas\u0103<\/li>\n\n\n\n<li>Nu necesit\u0103 permise complicate<\/li>\n<\/ul>\n\n\n\n<p><strong>Ideal pentru:<\/strong> Cei care caut\u0103 vitez\u0103 \u0219i rezultate vizibile instantaneu<\/p>\n\n\n\n<p><\/p>\n\n\n\n<hr class=\"wp-block-separator has-alpha-channel-opacity is-style-wide\" \/>\n\n\n\n<h3 class=\"wp-block-heading\"><mark class=\"has-inline-color has-luminous-vivid-amber-color\"><strong>Desc\u0103rca\u021bi aplica\u021biile<\/strong><\/mark><\/h3>\n\n\n    <section class=\"mx-1 my-10\">\n                                                <a href=\"https:\/\/photo-recovery.en.uptodown.com\/android\" class=\"text-white\" data-analytics-label=\"optionsButton\"\n                    data-action=\"analytics#trackCTA\">\n                    <div data-options-target=\"option\"\n                        class=\"custom-section rounded-xl border p-3 shadow-md w-full bg-green-700 my-3\">\n                        <div class=\"flex w-full items-center justify-between\">\n                            <div class=\"flex items-center space-x-3\">\n                                <div class=\"text-lg font-bold\">\n                                    Container \u279d\n                                <\/div>\n                            <\/div>\n                        <\/div>\n                    <\/div>\n                <\/a>\n                            <p class=\"text-xs text-gray-500 text-right\"\n            style=\"margin-left: 50%; margin-bottom: 50px; margin-top: 5px;\">\n            <!-- You will be redirected to another website -->\n        <\/p>\n    <\/section>\n\n\n\n\n<p class=\"has-text-align-right\"><strong><em>Vei fi redirec\u021bionat c\u0103tre un alt site<\/em><\/strong><\/p>\n\n\n\n<hr class=\"wp-block-separator has-alpha-channel-opacity is-style-wide\" \/>\n\n\n\n<p><\/p>\n\n\n\n<h2 class=\"wp-block-heading\">Ce se \u00eent\u00e2mpl\u0103 dac\u0103 nicio aplica\u021bie nu func\u021bioneaz\u0103?<\/h2>\n\n\n\n<p>Nu v\u0103 face\u021bi griji. Uneori, dac\u0103 a trecut mult timp sau dac\u0103 telefonul a suprascris deja memoria, este posibil s\u0103 nu fie posibil\u0103 recuperarea complet\u0103. Dar pute\u021bi \u00eencerca \u00een continuare:<\/p>\n\n\n\n<ul>\n<li>Conecta\u021bi telefonul la un computer \u0219i utiliza\u021bi un software precum Recuva<\/li>\n\n\n\n<li>Verific\u0103 cloud-ul (Google Foto, OneDrive, Dropbox)<\/li>\n\n\n\n<li>\u00centreab\u0103-\u021bi familia sau prietenii dac\u0103 \u021bi-au mai distribuit acele fotografii.<\/li>\n\n\n\n<li>Consulta\u021bi un serviciu tehnic (ultim\u0103 solu\u021bie)<\/li>\n<\/ul>\n\n\n\n<p>Re\u021bine\u021bi: <strong>Cel mai important lucru este s\u0103 ac\u021bion\u0103m rapid<\/strong>.<\/p>\n\n\n<div class=\"wp-block-image\">\n<figure class=\"aligncenter size-full\"><img loading=\"lazy\" decoding=\"async\" width=\"550\" height=\"350\" src=\"https:\/\/universofamilia.com\/wp-content\/uploads\/sites\/148\/2025\/06\/DESTAQUE-UNIVERSO-550-x-350-10.jpg\" alt=\"\" class=\"wp-image-9547\" srcset=\"https:\/\/universofamilia.com\/wp-content\/uploads\/sites\/148\/2025\/06\/DESTAQUE-UNIVERSO-550-x-350-10.jpg 550w, https:\/\/universofamilia.com\/wp-content\/uploads\/sites\/148\/2025\/06\/DESTAQUE-UNIVERSO-550-x-350-10-300x191.jpg 300w, https:\/\/universofamilia.com\/wp-content\/uploads\/sites\/148\/2025\/06\/DESTAQUE-UNIVERSO-550-x-350-10-18x12.jpg 18w\" sizes=\"(max-width: 550px) 100vw, 550px\" \/><figcaption class=\"wp-element-caption\">Recupereaz\u0103 fotografiile \u0219terse cu aceast\u0103 aplica\u021bie \u0219i z\u00e2mbe\u0219te din nou!<\/figcaption><\/figure><\/div>\n\n\n<h2 class=\"wp-block-heading\">Cum s\u0103 previi s\u0103 se \u00eent\u00e2mple din nou<\/h2>\n\n\n\n<p>Dup\u0103 ce a\u021bi recuperat imaginile, lua\u021bi m\u0103suri de precau\u021bie pentru a evita ca acela\u0219i lucru s\u0103 se \u00eent\u00e2mple din nou.<\/p>\n\n\n\n<p>Iat\u0103 c\u00e2teva sfaturi practice pe care le po\u021bi aplica ast\u0103zi:<\/p>\n\n\n\n<ul>\n<li><strong>Activeaz\u0103 backupul automat \u00een Google Foto<\/strong><\/li>\n\n\n\n<li><strong>Folose\u0219te aplica\u021bii precum Dumpster pentru a avea un co\u0219 de gunoi digital<\/strong><\/li>\n\n\n\n<li><strong>Verific\u0103 \u00eenainte de a \u0219terge ceva<\/strong><\/li>\n\n\n\n<li><strong>Evit\u0103 s\u0103 cure\u021bi aplica\u021bii pe care nu le cuno\u0219ti<\/strong><\/li>\n\n\n\n<li><strong>Salveaz\u0103 fotografiile importante pe un spa\u021biu de stocare extern sau \u00een cloud<\/strong><\/li>\n<\/ul>\n\n\n\n<h2 class=\"wp-block-heading\">Pove\u0219ti adev\u0103rate care inspir\u0103<\/h2>\n\n\n\n<p>Ace\u0219tia sunt oameni obi\u0219nui\u021bi, exact ca tine, care au reu\u0219it s\u0103 redescopere momente pre\u021bioase:<\/p>\n\n\n\n<p><strong>Don Jorge, 72 de ani<\/strong>A pierdut fotografii cu so\u021bia sa decedat\u0103. A folosit DiskDigger \u0219i a recuperat 15 imagini pe care le credea pierdute pentru totdeauna.<\/p>\n\n\n\n<p><strong>Norma, 58 de ani<\/strong>Telefonul mobil i s-a stricat \u0219i a pierdut fotografiile de Cr\u0103ciun cu nepo\u021bii ei. Datorit\u0103 Dumpster, le-a restaurat cu un singur clic.<\/p>\n\n\n\n<p><strong>Tomas, 33 de ani<\/strong>A crezut c\u0103 nu va mai vedea niciodat\u0103 fotografiile de la nunt\u0103. Photo Recovery l-a surprins cu peste 300 de fotografii recuperate.<\/p>\n\n\n\n<p><strong>Concluzie:<\/strong> dac\u0103 ar putea, <strong>\u0219i tu po\u021bi<\/strong>Trebuie doar s\u0103 faci primul pas.<\/p>\n\n\n\n<h2 class=\"wp-block-heading\">De ce s\u0103 ai \u00eencredere \u00een aceste aplica\u021bii?<\/h2>\n\n\n\n<p>\u0218tim c\u0103 exist\u0103 multe aplica\u021bii false sau aplica\u021bii cu publicitate excesiv\u0103. Prin urmare, recomand\u0103m doar aplica\u021bii care:<\/p>\n\n\n\n<ul>\n<li>Au peste 10 milioane de desc\u0103rc\u0103ri<\/li>\n\n\n\n<li>Sunt bine cotate (peste 4 stele)<\/li>\n\n\n\n<li>Acestea au fost verificate de Google Play<\/li>\n\n\n\n<li>Nu necesit\u0103 root (acces avansat)<\/li>\n\n\n\n<li>Acestea ofer\u0103 o experien\u021b\u0103 prietenoas\u0103 \u0219i clar\u0103<\/li>\n<\/ul>\n\n\n\n<h2 class=\"wp-block-heading\">\u00centreb\u0103ri frecvente<\/h2>\n\n\n\n<p><strong>Sunt aceste aplica\u021bii sigure?<\/strong><br>Da, toate provin din magazinul oficial Google. Nu \u00ee\u021bi vor cere informa\u021bii personale \u0219i nu \u00ee\u021bi vor deteriora telefonul.<\/p>\n\n\n\n<p><strong>Pot recupera fotografii de acum ani?<\/strong><br>Depinde. Dac\u0103 nu au fost suprascrise, este posibil. Dar cu c\u00e2t ac\u021bionezi mai repede, cu at\u00e2t mai bine.<\/p>\n\n\n\n<p><strong>Func\u021bioneaz\u0103 pe toate telefoanele mobile?<\/strong><br>Majoritatea aplica\u021biilor ruleaz\u0103 pe Android 6.0 sau o versiune ulterioar\u0103. Dac\u0103 modelul dvs. este foarte vechi, pot exista limit\u0103ri.<\/p>\n\n\n\n<p><strong>Am nevoie de internet?<\/strong><br>Pur \u0219i simplu descarc\u0103 aplica\u021bia. Dup\u0103 aceea, unii pot lucra offline.<\/p>\n\n\n\n<h2 class=\"wp-block-heading\">Ac\u021bioneaz\u0103 ast\u0103zi<\/h2>\n\n\n\n<p><strong>Nu mai pierde timpul. Recupereaz\u0103 fotografiile \u0219terse cu aceast\u0103 aplica\u021bie \u0219i z\u00e2mbe\u0219te din nou!<\/strong> Amintirile tale sunt nepre\u021buite \u0219i sunt la doar c\u00e2teva clicuri distan\u021b\u0103.<\/p>\n\n\n\n<p>Ast\u0103zi ai \u00eenv\u0103\u021bat:<\/p>\n\n\n\n<p>-\u2705 Nu e\u0219ti singur: \u0219tergerea fotografiilor se \u00eent\u00e2mpl\u0103 tuturor<br>*\u2705 C\u0103 ceea ce s-a pierdut poate fi recuperat<br>*\u2705 C\u0103 exist\u0103 aplica\u021bii fiabile \u0219i u\u0219or de utilizat<br>-\u2705 Prevenirea este la fel de important\u0103 ca ac\u021biunea rapid\u0103<\/p>\n\n\n\n<p>Descarc\u0103 una dintre aplica\u021biile recomandate \u0219i \u00eencepe s\u0103-\u021bi recuperezi istoria, bucuria, memoria.<\/p>\n\n\n\n<p><strong>Ce a\u015ftep\u0163i?<\/strong> Face\u021bi clic, instala\u021bi, scana\u021bi \u0219i <strong>Vezi din nou ceea ce credeai c\u0103 e pierdut pentru totdeauna<\/strong>.<\/p>","protected":false},"excerpt":{"rendered":"<p>Ai pierdut accidental amintiri importante? Exploreaz\u0103 urm\u0103toarele op\u021biuni pentru recuperarea fotografiilor \u0219terse. Vor r\u0103m\u00e2ne unde sunt! Regre\u021bi c\u0103 ai \u0219ters imagini pre\u021bioase? Ast\u0103zi vei \u00eenv\u0103\u021ba cum s\u0103 le recuperezi cu u\u0219urin\u021b\u0103, pas cu pas. Recupereaz\u0103 fotografiile \u0219terse cu aceast\u0103 aplica\u021bie! Aceast\u0103 expresie poate p\u0103rea magic\u0103, dar este complet real\u0103. Cine nu a sim\u021bit [\u2026]<\/p>","protected":false},"author":139,"featured_media":9547,"comment_status":"closed","ping_status":"open","sticky":false,"template":"","format":"standard","meta":{"footnotes":""},"categories":[3],"tags":[2118,2330,872,2331,1386],"yoast_head":"<!-- This site is optimized with the Yoast SEO plugin v23.3 - https:\/\/yoast.com\/wordpress\/plugins\/seo\/ -->\n<title>\u00a1Recupera fotos eliminadas con esta aplicaci\u00f3n y vuelve a sonre\u00edr! - Universo Fam\u00edlia<\/title>\n<meta name=\"description\" content=\"\u00a1Recupera fotos eliminadas con esta aplicaci\u00f3n y vuelve a sonre\u00edr! \u00bfPerdiste recuerdos importantes por error?...\" \/>\n<meta name=\"robots\" content=\"index, follow, max-snippet:-1, max-image-preview:large, max-video-preview:-1\" \/>\n<link rel=\"canonical\" href=\"http:\/\/universofamilia.com\/ro\/recupera-fotos-eliminadas-con-esta-aplicacion-y-vuelve-a-sonreir\/\" \/>\n<meta property=\"og:locale\" content=\"ro_RO\" \/>\n<meta property=\"og:type\" content=\"article\" \/>\n<meta property=\"og:title\" content=\"\u00a1Recupera fotos eliminadas con esta aplicaci\u00f3n y vuelve a sonre\u00edr! - Universo Fam\u00edlia\" \/>\n<meta property=\"og:description\" content=\"\u00a1Recupera fotos eliminadas con esta aplicaci\u00f3n y vuelve a sonre\u00edr! \u00bfPerdiste recuerdos importantes por error?...\" \/>\n<meta property=\"og:url\" content=\"http:\/\/universofamilia.com\/ro\/recupera-fotos-eliminadas-con-esta-aplicacion-y-vuelve-a-sonreir\/\" \/>\n<meta property=\"og:site_name\" content=\"Universo Fam\u00edlia\" \/>\n<meta property=\"article:published_time\" content=\"2025-06-30T17:07:08+00:00\" \/>\n<meta property=\"article:modified_time\" content=\"2025-06-30T17:07:10+00:00\" \/>\n<meta property=\"og:image\" content=\"http:\/\/universofamilia.com\/wp-content\/uploads\/sites\/148\/2025\/06\/DESTAQUE-UNIVERSO-550-x-350-10.jpg\" \/>\n\t<meta property=\"og:image:width\" content=\"550\" \/>\n\t<meta property=\"og:image:height\" content=\"350\" \/>\n\t<meta property=\"og:image:type\" content=\"image\/jpeg\" \/>\n<meta name=\"author\" content=\"Pedro Henrique\" \/>\n<meta name=\"twitter:card\" content=\"summary_large_image\" \/>\n<meta name=\"twitter:label1\" content=\"Written by\" \/>\n\t<meta name=\"twitter:data1\" content=\"Pedro Henrique\" \/>\n\t<meta name=\"twitter:label2\" content=\"Est. reading time\" \/>\n\t<meta name=\"twitter:data2\" content=\"7 minute\" \/>\n<script type=\"application\/ld+json\" class=\"yoast-schema-graph\">{\"@context\":\"https:\/\/schema.org\",\"@graph\":[{\"@type\":\"WebPage\",\"@id\":\"http:\/\/universofamilia.com\/pl\/recupera-fotos-eliminadas-con-esta-aplicacion-y-vuelve-a-sonreir\/\",\"url\":\"http:\/\/universofamilia.com\/pl\/recupera-fotos-eliminadas-con-esta-aplicacion-y-vuelve-a-sonreir\/\",\"name\":\"\u00a1Recupera fotos eliminadas con esta aplicaci\u00f3n y vuelve a sonre\u00edr! - Universo Fam\u00edlia\",\"isPartOf\":{\"@id\":\"https:\/\/universofamilia.com\/el\/#website\"},\"primaryImageOfPage\":{\"@id\":\"http:\/\/universofamilia.com\/pl\/recupera-fotos-eliminadas-con-esta-aplicacion-y-vuelve-a-sonreir\/#primaryimage\"},\"image\":{\"@id\":\"http:\/\/universofamilia.com\/pl\/recupera-fotos-eliminadas-con-esta-aplicacion-y-vuelve-a-sonreir\/#primaryimage\"},\"thumbnailUrl\":\"https:\/\/universofamilia.com\/wp-content\/uploads\/sites\/148\/2025\/06\/DESTAQUE-UNIVERSO-550-x-350-10.jpg\",\"datePublished\":\"2025-06-30T17:07:08+00:00\",\"dateModified\":\"2025-06-30T17:07:10+00:00\",\"author\":{\"@id\":\"https:\/\/universofamilia.com\/el\/#\/schema\/person\/f07ce98187dd84d31154262e79b3b7ca\"},\"description\":\"\u00a1Recupera fotos eliminadas con esta aplicaci\u00f3n y vuelve a sonre\u00edr! \u00bfPerdiste recuerdos importantes por error?...\",\"breadcrumb\":{\"@id\":\"http:\/\/universofamilia.com\/pl\/recupera-fotos-eliminadas-con-esta-aplicacion-y-vuelve-a-sonreir\/#breadcrumb\"},\"inLanguage\":\"ro-RO\",\"potentialAction\":[{\"@type\":\"ReadAction\",\"target\":[\"http:\/\/universofamilia.com\/pl\/recupera-fotos-eliminadas-con-esta-aplicacion-y-vuelve-a-sonreir\/\"]}]},{\"@type\":\"ImageObject\",\"inLanguage\":\"ro-RO\",\"@id\":\"http:\/\/universofamilia.com\/pl\/recupera-fotos-eliminadas-con-esta-aplicacion-y-vuelve-a-sonreir\/#primaryimage\",\"url\":\"https:\/\/universofamilia.com\/wp-content\/uploads\/sites\/148\/2025\/06\/DESTAQUE-UNIVERSO-550-x-350-10.jpg\",\"contentUrl\":\"https:\/\/universofamilia.com\/wp-content\/uploads\/sites\/148\/2025\/06\/DESTAQUE-UNIVERSO-550-x-350-10.jpg\",\"width\":550,\"height\":350,\"caption\":\"\u00a1Recupera fotos eliminadas con esta aplicaci\u00f3n y vuelve a sonre\u00edr!\"},{\"@type\":\"BreadcrumbList\",\"@id\":\"http:\/\/universofamilia.com\/pl\/recupera-fotos-eliminadas-con-esta-aplicacion-y-vuelve-a-sonreir\/#breadcrumb\",\"itemListElement\":[{\"@type\":\"ListItem\",\"position\":1,\"name\":\"Home\",\"item\":\"https:\/\/universofamilia.com\/el\/\"},{\"@type\":\"ListItem\",\"position\":2,\"name\":\"\u00a1Recupera fotos eliminadas con esta aplicaci\u00f3n y vuelve a sonre\u00edr!\"}]},{\"@type\":\"WebSite\",\"@id\":\"https:\/\/universofamilia.com\/el\/#website\",\"url\":\"https:\/\/universofamilia.com\/el\/\",\"name\":\"Universo Fam\u00edlia\",\"description\":\"\",\"potentialAction\":[{\"@type\":\"SearchAction\",\"target\":{\"@type\":\"EntryPoint\",\"urlTemplate\":\"https:\/\/universofamilia.com\/el\/?s={search_term_string}\"},\"query-input\":\"required name=search_term_string\"}],\"inLanguage\":\"ro-RO\"},{\"@type\":\"Person\",\"@id\":\"https:\/\/universofamilia.com\/el\/#\/schema\/person\/f07ce98187dd84d31154262e79b3b7ca\",\"name\":\"Pedro Henrique\",\"image\":{\"@type\":\"ImageObject\",\"inLanguage\":\"ro-RO\",\"@id\":\"https:\/\/universofamilia.com\/el\/#\/schema\/person\/image\/\",\"url\":\"https:\/\/secure.gravatar.com\/avatar\/9edfeb808cb4e1599f64d6e45b130154?s=96&d=mm&r=g\",\"contentUrl\":\"https:\/\/secure.gravatar.com\/avatar\/9edfeb808cb4e1599f64d6e45b130154?s=96&d=mm&r=g\",\"caption\":\"Pedro Henrique\"},\"url\":\"https:\/\/universofamilia.com\/ro\/author\/editor01\/\"}]}<\/script>\n<!-- \/ Yoast SEO plugin. -->","yoast_head_json":{"title":"\u00a1Recupera fotos eliminadas con esta aplicaci\u00f3n y vuelve a sonre\u00edr! - Universo Fam\u00edlia","description":"\u00a1Recupera fotos eliminadas con esta aplicaci\u00f3n y vuelve a sonre\u00edr! \u00bfPerdiste recuerdos importantes por error?...","robots":{"index":"index","follow":"follow","max-snippet":"max-snippet:-1","max-image-preview":"max-image-preview:large","max-video-preview":"max-video-preview:-1"},"canonical":"http:\/\/universofamilia.com\/ro\/recupera-fotos-eliminadas-con-esta-aplicacion-y-vuelve-a-sonreir\/","og_locale":"ro_RO","og_type":"article","og_title":"\u00a1Recupera fotos eliminadas con esta aplicaci\u00f3n y vuelve a sonre\u00edr! - Universo Fam\u00edlia","og_description":"\u00a1Recupera fotos eliminadas con esta aplicaci\u00f3n y vuelve a sonre\u00edr! \u00bfPerdiste recuerdos importantes por error?...","og_url":"http:\/\/universofamilia.com\/ro\/recupera-fotos-eliminadas-con-esta-aplicacion-y-vuelve-a-sonreir\/","og_site_name":"Universo Fam\u00edlia","article_published_time":"2025-06-30T17:07:08+00:00","article_modified_time":"2025-06-30T17:07:10+00:00","og_image":[{"width":550,"height":350,"url":"http:\/\/universofamilia.com\/wp-content\/uploads\/sites\/148\/2025\/06\/DESTAQUE-UNIVERSO-550-x-350-10.jpg","type":"image\/jpeg"}],"author":"Pedro Henrique","twitter_card":"summary_large_image","twitter_misc":{"Written by":"Pedro Henrique","Est. reading time":"7 minute"},"schema":{"@context":"https:\/\/schema.org","@graph":[{"@type":"WebPage","@id":"http:\/\/universofamilia.com\/pl\/recupera-fotos-eliminadas-con-esta-aplicacion-y-vuelve-a-sonreir\/","url":"http:\/\/universofamilia.com\/pl\/recupera-fotos-eliminadas-con-esta-aplicacion-y-vuelve-a-sonreir\/","name":"\u00a1Recupera fotos eliminadas con esta aplicaci\u00f3n y vuelve a sonre\u00edr! - Universo Fam\u00edlia","isPartOf":{"@id":"https:\/\/universofamilia.com\/el\/#website"},"primaryImageOfPage":{"@id":"http:\/\/universofamilia.com\/pl\/recupera-fotos-eliminadas-con-esta-aplicacion-y-vuelve-a-sonreir\/#primaryimage"},"image":{"@id":"http:\/\/universofamilia.com\/pl\/recupera-fotos-eliminadas-con-esta-aplicacion-y-vuelve-a-sonreir\/#primaryimage"},"thumbnailUrl":"https:\/\/universofamilia.com\/wp-content\/uploads\/sites\/148\/2025\/06\/DESTAQUE-UNIVERSO-550-x-350-10.jpg","datePublished":"2025-06-30T17:07:08+00:00","dateModified":"2025-06-30T17:07:10+00:00","author":{"@id":"https:\/\/universofamilia.com\/el\/#\/schema\/person\/f07ce98187dd84d31154262e79b3b7ca"},"description":"\u00a1Recupera fotos eliminadas con esta aplicaci\u00f3n y vuelve a sonre\u00edr! \u00bfPerdiste recuerdos importantes por error?...","breadcrumb":{"@id":"http:\/\/universofamilia.com\/pl\/recupera-fotos-eliminadas-con-esta-aplicacion-y-vuelve-a-sonreir\/#breadcrumb"},"inLanguage":"ro-RO","potentialAction":[{"@type":"ReadAction","target":["http:\/\/universofamilia.com\/pl\/recupera-fotos-eliminadas-con-esta-aplicacion-y-vuelve-a-sonreir\/"]}]},{"@type":"ImageObject","inLanguage":"ro-RO","@id":"http:\/\/universofamilia.com\/pl\/recupera-fotos-eliminadas-con-esta-aplicacion-y-vuelve-a-sonreir\/#primaryimage","url":"https:\/\/universofamilia.com\/wp-content\/uploads\/sites\/148\/2025\/06\/DESTAQUE-UNIVERSO-550-x-350-10.jpg","contentUrl":"https:\/\/universofamilia.com\/wp-content\/uploads\/sites\/148\/2025\/06\/DESTAQUE-UNIVERSO-550-x-350-10.jpg","width":550,"height":350,"caption":"\u00a1Recupera fotos eliminadas con esta aplicaci\u00f3n y vuelve a sonre\u00edr!"},{"@type":"BreadcrumbList","@id":"http:\/\/universofamilia.com\/pl\/recupera-fotos-eliminadas-con-esta-aplicacion-y-vuelve-a-sonreir\/#breadcrumb","itemListElement":[{"@type":"ListItem","position":1,"name":"Home","item":"https:\/\/universofamilia.com\/el\/"},{"@type":"ListItem","position":2,"name":"\u00a1Recupera fotos eliminadas con esta aplicaci\u00f3n y vuelve a sonre\u00edr!"}]},{"@type":"WebSite","@id":"https:\/\/universofamilia.com\/el\/#website","url":"https:\/\/universofamilia.com\/el\/","name":"Universo Fam\u00edlia","description":"","potentialAction":[{"@type":"SearchAction","target":{"@type":"EntryPoint","urlTemplate":"https:\/\/universofamilia.com\/el\/?s={search_term_string}"},"query-input":"required name=search_term_string"}],"inLanguage":"ro-RO"},{"@type":"Person","@id":"https:\/\/universofamilia.com\/el\/#\/schema\/person\/f07ce98187dd84d31154262e79b3b7ca","name":"Pedro Henrique","image":{"@type":"ImageObject","inLanguage":"ro-RO","@id":"https:\/\/universofamilia.com\/el\/#\/schema\/person\/image\/","url":"https:\/\/secure.gravatar.com\/avatar\/9edfeb808cb4e1599f64d6e45b130154?s=96&d=mm&r=g","contentUrl":"https:\/\/secure.gravatar.com\/avatar\/9edfeb808cb4e1599f64d6e45b130154?s=96&d=mm&r=g","caption":"Pedro Henrique"},"url":"https:\/\/universofamilia.com\/ro\/author\/editor01\/"}]}},"_links":{"self":[{"href":"https:\/\/universofamilia.com\/ro\/wp-json\/wp\/v2\/posts\/9545"}],"collection":[{"href":"https:\/\/universofamilia.com\/ro\/wp-json\/wp\/v2\/posts"}],"about":[{"href":"https:\/\/universofamilia.com\/ro\/wp-json\/wp\/v2\/types\/post"}],"author":[{"embeddable":true,"href":"https:\/\/universofamilia.com\/ro\/wp-json\/wp\/v2\/users\/139"}],"replies":[{"embeddable":true,"href":"https:\/\/universofamilia.com\/ro\/wp-json\/wp\/v2\/comments?post=9545"}],"version-history":[{"count":1,"href":"https:\/\/universofamilia.com\/ro\/wp-json\/wp\/v2\/posts\/9545\/revisions"}],"predecessor-version":[{"id":9548,"href":"https:\/\/universofamilia.com\/ro\/wp-json\/wp\/v2\/posts\/9545\/revisions\/9548"}],"wp:featuredmedia":[{"embeddable":true,"href":"https:\/\/universofamilia.com\/ro\/wp-json\/wp\/v2\/media\/9547"}],"wp:attachment":[{"href":"https:\/\/universofamilia.com\/ro\/wp-json\/wp\/v2\/media?parent=9545"}],"wp:term":[{"taxonomy":"category","embeddable":true,"href":"https:\/\/universofamilia.com\/ro\/wp-json\/wp\/v2\/categories?post=9545"},{"taxonomy":"post_tag","embeddable":true,"href":"https:\/\/universofamilia.com\/ro\/wp-json\/wp\/v2\/tags?post=9545"}],"curies":[{"name":"wp","href":"https:\/\/api.w.org\/{rel}","templated":true}]}}