{"id":10179,"date":"2025-10-17T15:33:59","date_gmt":"2025-10-17T18:33:59","guid":{"rendered":"https:\/\/universofamilia.com\/?p=10179"},"modified":"2025-10-17T15:34:01","modified_gmt":"2025-10-17T18:34:01","slug":"tendencias-tecnologicas-de-2025-que-afectaran-tu-dia-a-dia","status":"publish","type":"post","link":"https:\/\/universofamilia.com\/sk\/tendencias-tecnologicas-de-2025-que-afectaran-tu-dia-a-dia\/","title":{"rendered":"Technologick\u00e9 trendy roku 2025, ktor\u00e9 ovplyvnia v\u00e1\u0161 ka\u017edodenn\u00fd \u017eivot"},"content":{"rendered":"<p class=\"has-text-align-center\">Str\u00e1nka <strong>Technologick\u00e9 trendy roku 2025, ktor\u00e9 ovplyvnia v\u00e1\u0161 ka\u017edodenn\u00fd \u017eivot<\/strong> U\u017e teraz predstavuj\u00fa nov\u00fa \u00e9ru v sp\u00f4sobe, ak\u00fdm \u017eijeme, pracujeme a interagujeme s digit\u00e1lnym svetom.<\/p>\n\n\n\n<figure class=\"wp-block-gallery aligncenter has-nested-images columns-default is-cropped wp-block-gallery-1 is-layout-flex wp-block-gallery-is-layout-flex\">\n<figure class=\"wp-block-image size-full\"><img loading=\"lazy\" decoding=\"async\" width=\"450\" height=\"250\" data-id=\"10181\" src=\"https:\/\/universofamilia.com\/wp-content\/uploads\/sites\/148\/2025\/10\/Destaque-Novo-Universo-13-1.jpg\" alt=\"\" class=\"wp-image-10181\" srcset=\"https:\/\/universofamilia.com\/wp-content\/uploads\/sites\/148\/2025\/10\/Destaque-Novo-Universo-13-1.jpg 450w, https:\/\/universofamilia.com\/wp-content\/uploads\/sites\/148\/2025\/10\/Destaque-Novo-Universo-13-1-300x167.jpg 300w, https:\/\/universofamilia.com\/wp-content\/uploads\/sites\/148\/2025\/10\/Destaque-Novo-Universo-13-1-18x10.jpg 18w\" sizes=\"(max-width: 450px) 100vw, 450px\" \/><figcaption class=\"wp-element-caption\">CANVA<\/figcaption><\/figure>\n<\/figure>\n\n\n\n<p class=\"has-text-align-center\">Tento rok predstavuje zlomov\u00fd bod, v ktorom sa umel\u00e1 inteligencia, automatiz\u00e1cia a technologick\u00e1 udr\u017eate\u013enos\u0165 prel\u00ednaj\u00fa s ka\u017edodenn\u00fdm \u017eivotom.<\/p>\n\n\n\n<p>V nasleduj\u00facich min\u00fatach objav\u00edte, ako tieto inov\u00e1cie transformuj\u00fa ekonomiku, vzdel\u00e1vanie, zdravotn\u00fa starostlivos\u0165, z\u00e1bavu a sp\u00f4sob, ak\u00fdm sa sp\u00e1jate so svoj\u00edm okol\u00edm.<\/p>\n\n\n\n<p><strong>Zhrnutie \u010dl\u00e1nku:<\/strong><\/p>\n\n\n\n<ol>\n<li>Revol\u00facia generat\u00edvnej umelej inteligencie.<\/li>\n\n\n\n<li>Hyperautomatiz\u00e1cia ako nov\u00e1 pracovn\u00e1 norma.<\/li>\n\n\n\n<li>Zelen\u00e9 technol\u00f3gie a digit\u00e1lna udr\u017eate\u013enos\u0165.<\/li>\n\n\n\n<li>Roz\u0161\u00edren\u00e1 realita a pohlcuj\u00face z\u00e1\u017eitky.<\/li>\n\n\n\n<li>Digit\u00e1lne s\u00fakromie a online d\u00f4vera.<\/li>\n\n\n\n<li>Z\u00e1ver a \u010dasto kladen\u00e9 ot\u00e1zky.<\/li>\n<\/ol>\n\n\n\n<h3 class=\"wp-block-heading\">Revol\u00facia generat\u00edvnej umelej inteligencie<\/h3>\n\n\n\n<p>Do roku 2025 prestala by\u0165 umel\u00e1 inteligencia (AI) len s\u013eubom a stala sa ka\u017edodenn\u00fdm n\u00e1strojom. <\/p>\n\n\n\n<p>Generat\u00edvne platformy umelej inteligencie v\u00e1m umo\u017e\u0148uj\u00fa vytv\u00e1ra\u0165 obsah, optimalizova\u0165 \u00falohy a dokonca navrhova\u0165 personalizovan\u00e9 produkty len s kr\u00e1tkymi pokynmi.<\/p>\n\n\n\n<p>Pod\u013ea spr\u00e1vy od <em>McKinsey &amp; Company<\/em> publikovan\u00e9 v apr\u00edli 2025, viac ako <strong>65% glob\u00e1lnych spolo\u010dnost\u00ed<\/strong> u\u017e pou\u017e\u00edvaj\u00fa umel\u00fa inteligenciu na automatiz\u00e1ciu aspo\u0148 jedn\u00e9ho kritick\u00e9ho procesu a toto \u010d\u00edslo ka\u017ed\u00fd mesiac rastie.<\/p>\n\n\n\n<p>Tento pokrok nielen transformuje podnikanie, ale aj osobn\u00e9 \u017eivoty.<\/p>\n\n\n\n<p>Dnes \u013eudia vyu\u017e\u00edvaj\u00fa inteligentnej\u0161\u00edch virtu\u00e1lnych asistentov na pl\u00e1novanie jed\u00e1l, spr\u00e1vu financi\u00ed alebo na u\u010denie sa nov\u00fdch zru\u010dnost\u00ed.<\/p>\n\n\n\n<p>Napr\u00edklad mexick\u00fd \u0161tudent m\u00f4\u017ee pomocou umelej inteligencie zlep\u0161i\u0165 svoju anglick\u00fa v\u00fdslovnos\u0165 s okam\u017eitou sp\u00e4tnou v\u00e4zbou alebo podnikate\u013e m\u00f4\u017ee navrhn\u00fa\u0165 reklamn\u00e9 kampane prisp\u00f4soben\u00e9 svojej oblasti bez toho, aby sa spoliehal na extern\u00fa agent\u00faru.<\/p>\n\n\n\n<p>Nahrad\u00ed umel\u00e1 inteligencia \u00faplne \u013eudsk\u00fa pr\u00e1cu? <\/p>\n\n\n\n<p>Pravdepodobne nie. Sk\u00f4r to nanovo definuje hodnotu \u010dasu a povzbudzuje profesion\u00e1lov, aby sa zamerali na to, \u010do si skuto\u010dne vy\u017eaduje kreativitu, empatiu a strategick\u00e9 myslenie.<\/p>\n\n\n\n<h3 class=\"wp-block-heading\">Hyperautomatiz\u00e1cia ako nov\u00e1 pracovn\u00e1 norma<\/h3>\n\n\n\n<p>\u010eal\u0161\u00ed z <strong>Technologick\u00e9 trendy roku 2025, ktor\u00e9 ovplyvnia v\u00e1\u0161 ka\u017edodenn\u00fd \u017eivot<\/strong> je konsolid\u00e1cia hyperautomatiz\u00e1cie.<\/p>\n\n\n\n<p>Tento koncept, ktor\u00fd kombinuje umel\u00fa inteligenciu, strojov\u00e9 u\u010denie a robotiku, sp\u00f4sobuje revol\u00faciu v cel\u00fdch sektoroch.<\/p>\n\n\n\n<p>Od riadenia z\u00e1sob a\u017e po finan\u010dn\u00fa anal\u00fdzu, algoritmy teraz dok\u00e1\u017eu vykon\u00e1va\u0165 \u00falohy, ktor\u00e9 predt\u00fdm vy\u017eadovali cel\u00e9 t\u00edmy \u013eud\u00ed.<\/p>\n\n\n\n<p>Pod\u013ea <em>Svetov\u00e9 ekonomick\u00e9 f\u00f3rum<\/em>, minim\u00e1lne do konca roka 2025 <strong>30% administrat\u00edvnych oper\u00e1ci\u00ed<\/strong> v Latinskej Amerike bude automatizovan\u00fd.<\/p>\n\n\n\n<p>Tento trend neznamen\u00e1 mas\u00edvne prep\u00fa\u0161\u0165anie, ale sk\u00f4r hlbok\u00fa transform\u00e1ciu pracovn\u00fdch rol\u00ed.<\/p>\n\n\n\n<p>Najcennej\u0161\u00edmi odborn\u00edkmi bud\u00fa t\u00ed, ktor\u00ed dok\u00e1\u017eu interpretova\u0165 d\u00e1ta, vies\u0165 hybridn\u00e9 t\u00edmy (\u013eudsk\u00e9 aj digit\u00e1lne) a vytv\u00e1ra\u0165 etick\u00e9 rie\u0161enia s pomocou technol\u00f3gi\u00ed.<\/p>\n\n\n\n<p>Jasn\u00fdm pr\u00edkladom je sektor logistiky: spolo\u010dnosti ako DHL a Mercado Libre pou\u017e\u00edvaj\u00fa predikt\u00edvne syst\u00e9my na predv\u00eddanie \u0161pi\u010dkov\u00e9ho dopytu a reorganiz\u00e1ciu doru\u010dovac\u00edch tr\u00e1s v re\u00e1lnom \u010dase, \u010d\u00edm zni\u017euj\u00fa n\u00e1klady a zlep\u0161uj\u00fa z\u00e1kazn\u00edcku sk\u00fasenos\u0165.<\/p>\n\n\n\n<h3 class=\"wp-block-heading\">Zelen\u00e9 technol\u00f3gie a digit\u00e1lna udr\u017eate\u013enos\u0165<\/h3>\n\n\n\n<p>Environment\u00e1lne povedomie u\u017e nie je mo\u017enos\u0165ou, ale po\u017eiadavkou. Do roku 2025 bude technologick\u00fd priemysel \u010deli\u0165 v\u00fdzve zn\u00ed\u017ei\u0165 svoju ekologick\u00fa stopu.<\/p>\n\n\n\n<p>Od d\u00e1tov\u00fdch centier nap\u00e1jan\u00fdch sol\u00e1rnou energiou a\u017e po smartf\u00f3ny vyroben\u00e9 z recyklovate\u013en\u00fdch materi\u00e1lov, bud\u00facnos\u0165 smeruje k... <strong>zelen\u0161ie a udr\u017eate\u013enej\u0161ie technol\u00f3gie<\/strong>.<\/p>\n\n\n\n<p>Pod\u013ea <em>Medzin\u00e1rodn\u00e1 energetick\u00e1 agent\u00fara (IEA)<\/em>, d\u00e1tov\u00e9 centr\u00e1 spotreb\u00favaj\u00fa <strong>3% glob\u00e1lnej elektriny<\/strong>, ale nov\u00e9 rie\u0161enia chladenia a energetickej \u00fa\u010dinnosti by mohli toto \u010d\u00edslo do roku 2030 zn\u00ed\u017ei\u0165 na polovicu.<\/p>\n\n\n\n<p>Popredn\u00e9 spolo\u010dnosti ako Google a Microsoft u\u017e vyu\u017e\u00edvaj\u00fa obnovite\u013en\u00fa energiu pod\u013ea \u0161tandardu 100%, \u010d\u00edm stanovuj\u00fa \u0161tandard pre cel\u00e9 odvetvie.<\/p>\n\n\n\n<p>Tu je siln\u00e1 anal\u00f3gia: keby technol\u00f3gia bola lesom, rok 2025 by bol rokom, kedy by sme sa nau\u010dili sadi\u0165 viac stromov, ako ich vyr\u00faba\u0165.<\/p>\n\n\n\n<p>Zav\u00e1dzanie udr\u017eate\u013en\u00fdch postupov v technologick\u00fdch inov\u00e1ci\u00e1ch prospieva nielen plan\u00e9te, ale aj miestnym ekonomik\u00e1m, vytv\u00e1ra zelen\u00e9 pracovn\u00e9 miesta a podporuje zodpovedn\u00fa spotrebu.<\/p>\n\n\n\n<h3 class=\"wp-block-heading\">Roz\u0161\u00edren\u00e1 realita a pohlcuj\u00face z\u00e1\u017eitky<\/h3>\n\n\n\n<p>\u010eal\u0161\u00ed z <strong>Technologick\u00e9 trendy roku 2025, ktor\u00e9 ovplyvnia v\u00e1\u0161 ka\u017edodenn\u00fd \u017eivot<\/strong> je roz\u0161\u00edrenie roz\u0161\u00edrenej reality (AR) a virtu\u00e1lnej reality (VR).<\/p>\n\n\n\n<p>Tieto technol\u00f3gie sa u\u017e neobmedzuj\u00fa len na z\u00e1bavu; teraz ovplyv\u0148uj\u00fa vzdel\u00e1vanie, cestovn\u00fd ruch a dokonca aj medic\u00ednu.<\/p>\n\n\n\n<p>Napr\u00edklad nemocnice v Mexico City a Monterrey vyu\u017e\u00edvaj\u00fa prostredia virtu\u00e1lnej reality na \u0161kolenie chirurgov bez toho, aby ohrozovali skuto\u010dn\u00fdch pacientov.<\/p>\n\n\n\n<p>Vo vzdel\u00e1van\u00ed platformy ako napr. <em>Laborat\u00f3rium metavzdel\u00e1vania<\/em> Pon\u00fakaj\u00fa pohlcuj\u00face z\u00e1\u017eitky, v r\u00e1mci ktor\u00fdch m\u00f4\u017eu \u0161tudenti presk\u00fama\u0165 slne\u010dn\u00fa s\u00fastavu alebo cestova\u0165 do starovek\u00fdch civiliz\u00e1ci\u00ed bez toho, aby opustili u\u010deb\u0148u.<\/p>\n\n\n\n<p>V\u00fdvoj \u013eahk\u00fdch \u0161o\u0161oviek, bat\u00e9ri\u00ed s dlhou v\u00fddr\u017eou a 5G pripojenia viedol k masov\u00e9mu prijatiu.<\/p>\n\n\n\n<p>Okrem toho sa vyv\u00edja koncept \u201efunk\u010dn\u00e9ho metaverza\u201c: u\u017e nejde o \u00fanik pred realitou, ale sk\u00f4r o jej obohatenie u\u017eito\u010dn\u00fdmi inform\u00e1ciami, kolaborat\u00edvnymi z\u00e1\u017eitkami a imerz\u00edvnym u\u010den\u00edm.<\/p>\n\n\n\n<h3 class=\"wp-block-heading\">Digit\u00e1lne s\u00fakromie a online d\u00f4vera<\/h3>\n\n\n\n<p>S pokrokom technol\u00f3gi\u00ed rast\u00fa aj obavy o s\u00fakromie.<\/p>\n\n\n\n<p>Str\u00e1nka <strong>Technologick\u00e9 trendy roku 2025, ktor\u00e9 ovplyvnia v\u00e1\u0161 ka\u017edodenn\u00fd \u017eivot<\/strong> zahrn\u00fa\u0165 siln\u00fd d\u00f4raz na <strong>ochrana osobn\u00fdch \u00fadajov<\/strong>.<\/p>\n\n\n\n<p>Implement\u00e1cia <em>Nariadenie o ochrane \u00fadajov v Latinskej Amerike (RLPD)<\/em>, in\u0161pirovan\u00fd eur\u00f3pskym modelom, zv\u00fd\u0161il bezpe\u010dnostn\u00e9 \u0161tandardy.<\/p>\n\n\n\n<p>Pou\u017e\u00edvatelia teraz po\u017eaduj\u00fa v\u00e4\u010d\u0161iu transparentnos\u0165 o tom, ako sa ich \u00fadaje pou\u017e\u00edvaj\u00fa, a spolo\u010dnosti na to reaguj\u00fa jasnej\u0161\u00edmi politikami a silnej\u0161\u00edm \u0161ifrovan\u00edm.<\/p>\n\n\n\n<p>Okrem toho sa \u010doraz viac roz\u0161iruj\u00fa decentralizovan\u00e9 syst\u00e9my digit\u00e1lnej identity zalo\u017een\u00e9 na blockchaine, ktor\u00e9 umo\u017e\u0148uj\u00fa \u013eu\u010fom kontrolova\u0165, ak\u00e9 inform\u00e1cie zdie\u013eaj\u00fa a s k\u00fdm.<\/p>\n\n\n\n<p>T\u00e1to zmena posil\u0148uje d\u00f4veru v digit\u00e1lne prostredie, \u010do je v \u00e9re, v ktorej dominuje prepojenos\u0165, nevyhnutn\u00e9.<\/p>\n\n\n\n<p>Bezpe\u010dnos\u0165 u\u017e nie je len technickou vrstvou: je to etick\u00fd pilier ka\u017edej spolo\u010dnosti, ktor\u00e1 sa sna\u017e\u00ed o d\u00f4veryhodnos\u0165 a lojalitu.<\/p>\n\n\n\n<h3 class=\"wp-block-heading\">Tabu\u013eka: Vplyv hlavn\u00fdch technologick\u00fdch trendov roku 2025<\/h3>\n\n\n\n<figure class=\"wp-block-table\"><table><thead><tr><th>Technologick\u00fd trend<\/th><th>Hlavn\u00fd dopad<\/th><th>Glob\u00e1lna \u00farove\u0148 prijatia (2025)<\/th><\/tr><\/thead><tbody><tr><td>Generat\u00edvna umel\u00e1 inteligencia<\/td><td>Kreat\u00edvna a produkt\u00edvna automatiz\u00e1cia<\/td><td>65%<\/td><\/tr><tr><td>Hyperautomatiz\u00e1cia<\/td><td>Prev\u00e1dzkov\u00e1 efekt\u00edvnos\u0165 a zn\u00ed\u017eenie ch\u00fdb<\/td><td>30%<\/td><\/tr><tr><td>Zelen\u00e1 technol\u00f3gia<\/td><td>Udr\u017eate\u013enos\u0165 a zni\u017eovanie emisi\u00ed<\/td><td>45%<\/td><\/tr><tr><td>Roz\u0161\u00edren\u00e1 a virtu\u00e1lna realita<\/td><td>Vzdel\u00e1vanie a pohlcuj\u00faca z\u00e1bava<\/td><td>40%<\/td><\/tr><tr><td>Digit\u00e1lne s\u00fakromie<\/td><td>Ochrana \u00fadajov a d\u00f4vera online<\/td><td>55%<\/td><\/tr><\/tbody><\/table><figcaption class=\"wp-element-caption\">Technologick\u00e9 trendy roku 2025, ktor\u00e9 ovplyvnia v\u00e1\u0161 ka\u017edodenn\u00fd \u017eivot<\/figcaption><\/figure>\n\n\n\n<figure class=\"wp-block-gallery aligncenter has-nested-images columns-default is-cropped wp-block-gallery-2 is-layout-flex wp-block-gallery-is-layout-flex\">\n<figure class=\"wp-block-image size-full\"><img loading=\"lazy\" decoding=\"async\" width=\"450\" height=\"250\" data-id=\"10182\" src=\"https:\/\/universofamilia.com\/wp-content\/uploads\/sites\/148\/2025\/10\/Destaque-Novo-Universo-15.jpg\" alt=\"\" class=\"wp-image-10182\" srcset=\"https:\/\/universofamilia.com\/wp-content\/uploads\/sites\/148\/2025\/10\/Destaque-Novo-Universo-15.jpg 450w, https:\/\/universofamilia.com\/wp-content\/uploads\/sites\/148\/2025\/10\/Destaque-Novo-Universo-15-300x167.jpg 300w, https:\/\/universofamilia.com\/wp-content\/uploads\/sites\/148\/2025\/10\/Destaque-Novo-Universo-15-18x10.jpg 18w\" sizes=\"(max-width: 450px) 100vw, 450px\" \/><figcaption class=\"wp-element-caption\">CANVA<\/figcaption><\/figure>\n<\/figure>\n\n\n\n<p>\u010c\u00edtajte viac:<a href=\"https:\/\/universofamilia.com\/sk\/inteligencia-artificial-en-el-dia-a-dia\/\">\u00a0Umel\u00e1 inteligencia v ka\u017edodennom \u017eivote<\/a><\/p>\n\n\n\n<h3 class=\"wp-block-heading\">Z\u00e1ver: Rovnov\u00e1ha medzi inov\u00e1ciou a \u013eudskos\u0165ou<\/h3>\n\n\n\n<p>Str\u00e1nka <strong>Technologick\u00e9 trendy roku 2025, ktor\u00e9 ovplyvnia v\u00e1\u0161 ka\u017edodenn\u00fd \u017eivot<\/strong> Nelen\u017ee predefinuj\u00fa bud\u00facnos\u0165: formuj\u00fa pr\u00edtomnos\u0165.<\/p>\n\n\n\n<p>K\u013e\u00fa\u010dom nie je br\u00e1ni\u0165 sa zmene, ale nau\u010di\u0165 sa s \u0148ou \u017ei\u0165.<\/p>\n\n\n\n<p>Digit\u00e1lne n\u00e1stroje sa bud\u00fa na\u010falej vyv\u00edja\u0165, ale ich skuto\u010dn\u00e1 sila spo\u010d\u00edva v tom, ako ich \u013eudia integruj\u00fa eticky, zodpovedne a kreat\u00edvne.<\/p>\n\n\n\n<p>V\u00fdzvou v tomto roku a v nasleduj\u00facich rokoch je n\u00e1js\u0165 rovnov\u00e1hu medzi inov\u00e1ciou a \u013eudskos\u0165ou.<\/p>\n\n\n\n<p>Technol\u00f3gia by nemala nahradi\u0165 \u013eudstvo, ale sk\u00f4r zosilni\u0165 jeho potenci\u00e1l.<\/p>\n\n\n\n<p>\u010c\u00edtajte viac:<a href=\"https:\/\/universofamilia.com\/sk\/inteligencia-artificial-en-el-dia-a-dia\/\">\u00a0<\/a><a href=\"https:\/\/universofamilia.com\/sk\/autenticacion-sin-contrasena-el-futuro-de-la-seguridad-digital\/\">Autentifik\u00e1cia bez hesla: Bud\u00facnos\u0165 digit\u00e1lnej bezpe\u010dnosti<\/a><\/p>\n\n\n\n<h3 class=\"wp-block-heading\">\u010casto kladen\u00e9 ot\u00e1zky<\/h3>\n\n\n\n<p><strong>1. Ktor\u00e9 sektory bud\u00fa najviac ovplyvnen\u00e9 technologick\u00fdmi trendmi roku 2025?<\/strong><br>Predov\u0161etk\u00fdm vzdel\u00e1vanie, zdravotn\u00edctvo, elektronick\u00fd obchod a finan\u010dn\u00e9 slu\u017eby, a to kv\u00f4li mas\u00edvnemu prij\u00edmaniu umelej inteligencie a automatiz\u00e1cie.<\/p>\n\n\n\n<p><strong>2. Ako sa m\u00f4\u017ee \u010dlovek prisp\u00f4sobi\u0165 t\u00fdmto zmen\u00e1m?<\/strong><br>Investovanie do digit\u00e1lnych zru\u010dnost\u00ed, kritick\u00e9ho myslenia a neust\u00e1leho vzdel\u00e1vania bude k\u013e\u00fa\u010dov\u00e9 pre udr\u017eanie si relevantnosti na \u010doraz automatizovanej\u0161om trhu.<\/p>\n\n\n\n<p><strong>3. Ak\u00e9 rizik\u00e1 tieto inov\u00e1cie prin\u00e1\u0161aj\u00fa?<\/strong><br>Najv\u00e4\u010d\u0161ie v\u00fdzvy sa t\u00fdkaj\u00fa kybernetickej bezpe\u010dnosti, etiky pri pou\u017e\u00edvan\u00ed umelej inteligencie a digit\u00e1lnej nerovnosti medzi regi\u00f3nmi.<\/p>\n\n\n\n<p><strong>4. Oplat\u00ed sa investova\u0165 do udr\u017eate\u013en\u00fdch technol\u00f3gi\u00ed?<\/strong><br>Ur\u010dite. Spolo\u010dnosti so zelen\u00fdmi postupmi nielen zni\u017euj\u00fa svoj vplyv na \u017eivotn\u00e9 prostredie, ale tie\u017e zlep\u0161uj\u00fa svoju reput\u00e1ciu a pri\u0165ahuj\u00fa uvedomel\u00fdch spotrebite\u013eov.<\/p>\n\n\n\n<p><strong>Stru\u010dne povedan\u00e9<\/strong>, ten <strong>Technologick\u00e9 trendy roku 2025, ktor\u00e9 ovplyvnia v\u00e1\u0161 ka\u017edodenn\u00fd \u017eivot<\/strong> Predstavuj\u00fa evolu\u010dn\u00fd skok smerom k inteligentnej\u0161ej, efekt\u00edvnej\u0161ej a udr\u017eate\u013enej\u0161ej bud\u00facnosti.<\/p>\n\n\n\n<p>T\u00ed, ktor\u00ed ch\u00e1pu ich rozsah a nau\u010dia sa ich vyu\u017e\u00edva\u0165, bud\u00fa v digit\u00e1lnom veku nielen prosperova\u0165, ale prispej\u00fa aj k budovaniu prepojenej\u0161ieho a uvedomelej\u0161ieho sveta.<\/p>","protected":false},"excerpt":{"rendered":"<p>Las tendencias tecnol\u00f3gicas de 2025 que afectar\u00e1n tu d\u00eda a d\u00eda ya est\u00e1n marcando una nueva era en la forma en que vivimos, trabajamos y nos relacionamos con el mundo digital. Este a\u00f1o representa un punto de inflexi\u00f3n, donde la inteligencia artificial, la automatizaci\u00f3n y la sostenibilidad tecnol\u00f3gica se entrelazan con la vida cotidiana. En [&hellip;]<\/p>","protected":false},"author":219,"featured_media":10180,"comment_status":"closed","ping_status":"open","sticky":false,"template":"","format":"standard","meta":{"footnotes":""},"categories":[3],"tags":[],"yoast_head":"<!-- This site is optimized with the Yoast SEO plugin v23.3 - https:\/\/yoast.com\/wordpress\/plugins\/seo\/ -->\n<title>Tendencias tecnol\u00f3gicas de 2025 que afectar\u00e1n tu d\u00eda a d\u00eda - Universo Fam\u00edlia<\/title>\n<meta name=\"description\" content=\"Las tendencias tecnol\u00f3gicas de 2025 que afectar\u00e1n tu d\u00eda a d\u00eda ya est\u00e1n marcando una nueva era en la forma en que vivimos, trabajamos y nos..\" \/>\n<meta name=\"robots\" content=\"index, follow, max-snippet:-1, max-image-preview:large, max-video-preview:-1\" \/>\n<link rel=\"canonical\" href=\"https:\/\/universofamilia.com\/sk\/tendencias-tecnologicas-de-2025-que-afectaran-tu-dia-a-dia\/\" \/>\n<meta property=\"og:locale\" content=\"sk_SK\" \/>\n<meta property=\"og:type\" content=\"article\" \/>\n<meta property=\"og:title\" content=\"Tendencias tecnol\u00f3gicas de 2025 que afectar\u00e1n tu d\u00eda a d\u00eda - Universo Fam\u00edlia\" \/>\n<meta property=\"og:description\" content=\"Las tendencias tecnol\u00f3gicas de 2025 que afectar\u00e1n tu d\u00eda a d\u00eda ya est\u00e1n marcando una nueva era en la forma en que vivimos, trabajamos y nos..\" \/>\n<meta property=\"og:url\" content=\"https:\/\/universofamilia.com\/sk\/tendencias-tecnologicas-de-2025-que-afectaran-tu-dia-a-dia\/\" \/>\n<meta property=\"og:site_name\" content=\"Universo Fam\u00edlia\" \/>\n<meta property=\"article:published_time\" content=\"2025-10-17T18:33:59+00:00\" \/>\n<meta property=\"article:modified_time\" content=\"2025-10-17T18:34:01+00:00\" \/>\n<meta property=\"og:image\" content=\"https:\/\/universofamilia.com\/wp-content\/uploads\/sites\/148\/2025\/10\/Destaque-Novo-Universo-13.jpg\" \/>\n\t<meta property=\"og:image:width\" content=\"450\" \/>\n\t<meta property=\"og:image:height\" content=\"250\" \/>\n\t<meta property=\"og:image:type\" content=\"image\/jpeg\" \/>\n<meta name=\"author\" content=\"Matheus Sangaletti\" \/>\n<meta name=\"twitter:card\" content=\"summary_large_image\" \/>\n<meta name=\"twitter:label1\" content=\"Written by\" \/>\n\t<meta name=\"twitter:data1\" content=\"Matheus Sangaletti\" \/>\n\t<meta name=\"twitter:label2\" content=\"Est. reading time\" \/>\n\t<meta name=\"twitter:data2\" content=\"8 min\u00fat\" \/>\n<script type=\"application\/ld+json\" class=\"yoast-schema-graph\">{\"@context\":\"https:\/\/schema.org\",\"@graph\":[{\"@type\":\"WebPage\",\"@id\":\"https:\/\/universofamilia.com\/cs\/tendencias-tecnologicas-de-2025-que-afectaran-tu-dia-a-dia\/\",\"url\":\"https:\/\/universofamilia.com\/cs\/tendencias-tecnologicas-de-2025-que-afectaran-tu-dia-a-dia\/\",\"name\":\"Tendencias tecnol\u00f3gicas de 2025 que afectar\u00e1n tu d\u00eda a d\u00eda - Universo Fam\u00edlia\",\"isPartOf\":{\"@id\":\"https:\/\/universofamilia.com\/el\/#website\"},\"primaryImageOfPage\":{\"@id\":\"https:\/\/universofamilia.com\/cs\/tendencias-tecnologicas-de-2025-que-afectaran-tu-dia-a-dia\/#primaryimage\"},\"image\":{\"@id\":\"https:\/\/universofamilia.com\/cs\/tendencias-tecnologicas-de-2025-que-afectaran-tu-dia-a-dia\/#primaryimage\"},\"thumbnailUrl\":\"https:\/\/universofamilia.com\/wp-content\/uploads\/sites\/148\/2025\/10\/Destaque-Novo-Universo-13.jpg\",\"datePublished\":\"2025-10-17T18:33:59+00:00\",\"dateModified\":\"2025-10-17T18:34:01+00:00\",\"author\":{\"@id\":\"https:\/\/universofamilia.com\/el\/#\/schema\/person\/92fcd07e9b1f4323bf74f3170fc0f78a\"},\"description\":\"Las tendencias tecnol\u00f3gicas de 2025 que afectar\u00e1n tu d\u00eda a d\u00eda ya est\u00e1n marcando una nueva era en la forma en que vivimos, trabajamos y nos..\",\"breadcrumb\":{\"@id\":\"https:\/\/universofamilia.com\/cs\/tendencias-tecnologicas-de-2025-que-afectaran-tu-dia-a-dia\/#breadcrumb\"},\"inLanguage\":\"sk-SK\",\"potentialAction\":[{\"@type\":\"ReadAction\",\"target\":[\"https:\/\/universofamilia.com\/cs\/tendencias-tecnologicas-de-2025-que-afectaran-tu-dia-a-dia\/\"]}]},{\"@type\":\"ImageObject\",\"inLanguage\":\"sk-SK\",\"@id\":\"https:\/\/universofamilia.com\/cs\/tendencias-tecnologicas-de-2025-que-afectaran-tu-dia-a-dia\/#primaryimage\",\"url\":\"https:\/\/universofamilia.com\/wp-content\/uploads\/sites\/148\/2025\/10\/Destaque-Novo-Universo-13.jpg\",\"contentUrl\":\"https:\/\/universofamilia.com\/wp-content\/uploads\/sites\/148\/2025\/10\/Destaque-Novo-Universo-13.jpg\",\"width\":450,\"height\":250},{\"@type\":\"BreadcrumbList\",\"@id\":\"https:\/\/universofamilia.com\/cs\/tendencias-tecnologicas-de-2025-que-afectaran-tu-dia-a-dia\/#breadcrumb\",\"itemListElement\":[{\"@type\":\"ListItem\",\"position\":1,\"name\":\"Home\",\"item\":\"https:\/\/universofamilia.com\/el\/\"},{\"@type\":\"ListItem\",\"position\":2,\"name\":\"Tendencias tecnol\u00f3gicas de 2025 que afectar\u00e1n tu d\u00eda a d\u00eda\"}]},{\"@type\":\"WebSite\",\"@id\":\"https:\/\/universofamilia.com\/el\/#website\",\"url\":\"https:\/\/universofamilia.com\/el\/\",\"name\":\"Universo Fam\u00edlia\",\"description\":\"\",\"potentialAction\":[{\"@type\":\"SearchAction\",\"target\":{\"@type\":\"EntryPoint\",\"urlTemplate\":\"https:\/\/universofamilia.com\/el\/?s={search_term_string}\"},\"query-input\":\"required name=search_term_string\"}],\"inLanguage\":\"sk-SK\"},{\"@type\":\"Person\",\"@id\":\"https:\/\/universofamilia.com\/el\/#\/schema\/person\/92fcd07e9b1f4323bf74f3170fc0f78a\",\"name\":\"Matheus Sangaletti\",\"image\":{\"@type\":\"ImageObject\",\"inLanguage\":\"sk-SK\",\"@id\":\"https:\/\/universofamilia.com\/el\/#\/schema\/person\/image\/\",\"url\":\"https:\/\/secure.gravatar.com\/avatar\/280ea957a14a48e6a1ad2133d2cc27c9?s=96&d=mm&r=g\",\"contentUrl\":\"https:\/\/secure.gravatar.com\/avatar\/280ea957a14a48e6a1ad2133d2cc27c9?s=96&d=mm&r=g\",\"caption\":\"Matheus Sangaletti\"},\"url\":\"https:\/\/universofamilia.com\/sk\/author\/matheuss\/\"}]}<\/script>\n<!-- \/ Yoast SEO plugin. -->","yoast_head_json":{"title":"Tendencias tecnol\u00f3gicas de 2025 que afectar\u00e1n tu d\u00eda a d\u00eda - Universo Fam\u00edlia","description":"Las tendencias tecnol\u00f3gicas de 2025 que afectar\u00e1n tu d\u00eda a d\u00eda ya est\u00e1n marcando una nueva era en la forma en que vivimos, trabajamos y nos..","robots":{"index":"index","follow":"follow","max-snippet":"max-snippet:-1","max-image-preview":"max-image-preview:large","max-video-preview":"max-video-preview:-1"},"canonical":"https:\/\/universofamilia.com\/sk\/tendencias-tecnologicas-de-2025-que-afectaran-tu-dia-a-dia\/","og_locale":"sk_SK","og_type":"article","og_title":"Tendencias tecnol\u00f3gicas de 2025 que afectar\u00e1n tu d\u00eda a d\u00eda - Universo Fam\u00edlia","og_description":"Las tendencias tecnol\u00f3gicas de 2025 que afectar\u00e1n tu d\u00eda a d\u00eda ya est\u00e1n marcando una nueva era en la forma en que vivimos, trabajamos y nos..","og_url":"https:\/\/universofamilia.com\/sk\/tendencias-tecnologicas-de-2025-que-afectaran-tu-dia-a-dia\/","og_site_name":"Universo Fam\u00edlia","article_published_time":"2025-10-17T18:33:59+00:00","article_modified_time":"2025-10-17T18:34:01+00:00","og_image":[{"width":450,"height":250,"url":"https:\/\/universofamilia.com\/wp-content\/uploads\/sites\/148\/2025\/10\/Destaque-Novo-Universo-13.jpg","type":"image\/jpeg"}],"author":"Matheus Sangaletti","twitter_card":"summary_large_image","twitter_misc":{"Written by":"Matheus Sangaletti","Est. reading time":"8 min\u00fat"},"schema":{"@context":"https:\/\/schema.org","@graph":[{"@type":"WebPage","@id":"https:\/\/universofamilia.com\/cs\/tendencias-tecnologicas-de-2025-que-afectaran-tu-dia-a-dia\/","url":"https:\/\/universofamilia.com\/cs\/tendencias-tecnologicas-de-2025-que-afectaran-tu-dia-a-dia\/","name":"Tendencias tecnol\u00f3gicas de 2025 que afectar\u00e1n tu d\u00eda a d\u00eda - Universo Fam\u00edlia","isPartOf":{"@id":"https:\/\/universofamilia.com\/el\/#website"},"primaryImageOfPage":{"@id":"https:\/\/universofamilia.com\/cs\/tendencias-tecnologicas-de-2025-que-afectaran-tu-dia-a-dia\/#primaryimage"},"image":{"@id":"https:\/\/universofamilia.com\/cs\/tendencias-tecnologicas-de-2025-que-afectaran-tu-dia-a-dia\/#primaryimage"},"thumbnailUrl":"https:\/\/universofamilia.com\/wp-content\/uploads\/sites\/148\/2025\/10\/Destaque-Novo-Universo-13.jpg","datePublished":"2025-10-17T18:33:59+00:00","dateModified":"2025-10-17T18:34:01+00:00","author":{"@id":"https:\/\/universofamilia.com\/el\/#\/schema\/person\/92fcd07e9b1f4323bf74f3170fc0f78a"},"description":"Las tendencias tecnol\u00f3gicas de 2025 que afectar\u00e1n tu d\u00eda a d\u00eda ya est\u00e1n marcando una nueva era en la forma en que vivimos, trabajamos y nos..","breadcrumb":{"@id":"https:\/\/universofamilia.com\/cs\/tendencias-tecnologicas-de-2025-que-afectaran-tu-dia-a-dia\/#breadcrumb"},"inLanguage":"sk-SK","potentialAction":[{"@type":"ReadAction","target":["https:\/\/universofamilia.com\/cs\/tendencias-tecnologicas-de-2025-que-afectaran-tu-dia-a-dia\/"]}]},{"@type":"ImageObject","inLanguage":"sk-SK","@id":"https:\/\/universofamilia.com\/cs\/tendencias-tecnologicas-de-2025-que-afectaran-tu-dia-a-dia\/#primaryimage","url":"https:\/\/universofamilia.com\/wp-content\/uploads\/sites\/148\/2025\/10\/Destaque-Novo-Universo-13.jpg","contentUrl":"https:\/\/universofamilia.com\/wp-content\/uploads\/sites\/148\/2025\/10\/Destaque-Novo-Universo-13.jpg","width":450,"height":250},{"@type":"BreadcrumbList","@id":"https:\/\/universofamilia.com\/cs\/tendencias-tecnologicas-de-2025-que-afectaran-tu-dia-a-dia\/#breadcrumb","itemListElement":[{"@type":"ListItem","position":1,"name":"Home","item":"https:\/\/universofamilia.com\/el\/"},{"@type":"ListItem","position":2,"name":"Tendencias tecnol\u00f3gicas de 2025 que afectar\u00e1n tu d\u00eda a d\u00eda"}]},{"@type":"WebSite","@id":"https:\/\/universofamilia.com\/el\/#website","url":"https:\/\/universofamilia.com\/el\/","name":"Universo Fam\u00edlia","description":"","potentialAction":[{"@type":"SearchAction","target":{"@type":"EntryPoint","urlTemplate":"https:\/\/universofamilia.com\/el\/?s={search_term_string}"},"query-input":"required name=search_term_string"}],"inLanguage":"sk-SK"},{"@type":"Person","@id":"https:\/\/universofamilia.com\/el\/#\/schema\/person\/92fcd07e9b1f4323bf74f3170fc0f78a","name":"Matheus Sangaletti","image":{"@type":"ImageObject","inLanguage":"sk-SK","@id":"https:\/\/universofamilia.com\/el\/#\/schema\/person\/image\/","url":"https:\/\/secure.gravatar.com\/avatar\/280ea957a14a48e6a1ad2133d2cc27c9?s=96&d=mm&r=g","contentUrl":"https:\/\/secure.gravatar.com\/avatar\/280ea957a14a48e6a1ad2133d2cc27c9?s=96&d=mm&r=g","caption":"Matheus Sangaletti"},"url":"https:\/\/universofamilia.com\/sk\/author\/matheuss\/"}]}},"_links":{"self":[{"href":"https:\/\/universofamilia.com\/sk\/wp-json\/wp\/v2\/posts\/10179"}],"collection":[{"href":"https:\/\/universofamilia.com\/sk\/wp-json\/wp\/v2\/posts"}],"about":[{"href":"https:\/\/universofamilia.com\/sk\/wp-json\/wp\/v2\/types\/post"}],"author":[{"embeddable":true,"href":"https:\/\/universofamilia.com\/sk\/wp-json\/wp\/v2\/users\/219"}],"replies":[{"embeddable":true,"href":"https:\/\/universofamilia.com\/sk\/wp-json\/wp\/v2\/comments?post=10179"}],"version-history":[{"count":1,"href":"https:\/\/universofamilia.com\/sk\/wp-json\/wp\/v2\/posts\/10179\/revisions"}],"predecessor-version":[{"id":10183,"href":"https:\/\/universofamilia.com\/sk\/wp-json\/wp\/v2\/posts\/10179\/revisions\/10183"}],"wp:featuredmedia":[{"embeddable":true,"href":"https:\/\/universofamilia.com\/sk\/wp-json\/wp\/v2\/media\/10180"}],"wp:attachment":[{"href":"https:\/\/universofamilia.com\/sk\/wp-json\/wp\/v2\/media?parent=10179"}],"wp:term":[{"taxonomy":"category","embeddable":true,"href":"https:\/\/universofamilia.com\/sk\/wp-json\/wp\/v2\/categories?post=10179"},{"taxonomy":"post_tag","embeddable":true,"href":"https:\/\/universofamilia.com\/sk\/wp-json\/wp\/v2\/tags?post=10179"}],"curies":[{"name":"wp","href":"https:\/\/api.w.org\/{rel}","templated":true}]}}