{"id":10184,"date":"2025-10-17T16:36:08","date_gmt":"2025-10-17T19:36:08","guid":{"rendered":"https:\/\/universofamilia.com\/?p=10184"},"modified":"2025-10-17T16:46:53","modified_gmt":"2025-10-17T19:46:53","slug":"realidad-aumentada-y-metaverso","status":"publish","type":"post","link":"https:\/\/universofamilia.com\/sk\/realidad-aumentada-y-metaverso\/","title":{"rendered":"Auton\u00f3mne aut\u00e1, roz\u0161\u00edren\u00e1 realita a metaverzum"},"content":{"rendered":"<p class=\"has-text-align-center\">Str\u00e1nka <strong>Samoriadiace aut\u00e1, roz\u0161\u00edren\u00e1 realita a metavesm\u00edr: \u010do o\u010dak\u00e1va\u0165<\/strong> V roku 2025 to u\u017e nie s\u00fa futuristick\u00e9 koncepty, ale sk\u00f4r piliere technologickej transform\u00e1cie, ktor\u00e1 nanovo definuje mobilitu.<\/p>\n\n\n\n<figure class=\"wp-block-gallery aligncenter has-nested-images columns-default is-cropped wp-block-gallery-1 is-layout-flex wp-block-gallery-is-layout-flex\">\n<figure class=\"wp-block-image size-full\"><img loading=\"lazy\" decoding=\"async\" width=\"450\" height=\"250\" data-id=\"10186\" src=\"https:\/\/universofamilia.com\/wp-content\/uploads\/sites\/148\/2025\/10\/Destaque-Novo-Universo-17-1.jpg\" alt=\"\" class=\"wp-image-10186\" srcset=\"https:\/\/universofamilia.com\/wp-content\/uploads\/sites\/148\/2025\/10\/Destaque-Novo-Universo-17-1.jpg 450w, https:\/\/universofamilia.com\/wp-content\/uploads\/sites\/148\/2025\/10\/Destaque-Novo-Universo-17-1-300x167.jpg 300w, https:\/\/universofamilia.com\/wp-content\/uploads\/sites\/148\/2025\/10\/Destaque-Novo-Universo-17-1-18x10.jpg 18w\" sizes=\"(max-width: 450px) 100vw, 450px\" \/><figcaption class=\"wp-element-caption\">CANVA<\/figcaption><\/figure>\n<\/figure>\n\n\n\n<p class=\"has-text-align-center\">Tento rok predstavuje bod zbli\u017eovania troch inov\u00e1ci\u00ed, ktor\u00e9 sa kedysi zdali vzdialen\u00e9, ale teraz spolo\u010dne vytv\u00e1raj\u00fa bezpe\u010dnej\u0161ie, pohlcuj\u00facej\u0161ie a personalizovanej\u0161ie prostredia.<\/p>\n\n\n\n<p>Tento \u010dl\u00e1nok presk\u00fama, ako tieto pokroky formuj\u00fa s\u00fa\u010dasnos\u0165 a bezprostredn\u00fa bud\u00facnos\u0165, ich re\u00e1lne aplik\u00e1cie, etick\u00e9 a soci\u00e1lne v\u00fdzvy, ktor\u00e9 predstavuj\u00fa, a \u010do m\u00f4\u017eete o\u010dak\u00e1va\u0165 v nasleduj\u00facich rokoch.<\/p>\n\n\n\n<p><strong>Zhrnutie \u010dl\u00e1nku:<\/strong><\/p>\n\n\n\n<ol>\n<li>Nezastavite\u013en\u00fd pokrok auton\u00f3mnych \u00e1ut.<\/li>\n\n\n\n<li>Roz\u0161\u00edren\u00e1 realita: od obrazovky a\u017e po fyzick\u00e9 prostredie.<\/li>\n\n\n\n<li>Metaverzum a roz\u0161irovanie digit\u00e1lnych z\u00e1\u017eitkov.<\/li>\n\n\n\n<li>Prepojenie medzi mobilitou, ponoren\u00edm sa do reality a virtualiz\u00e1ciou.<\/li>\n\n\n\n<li>Etick\u00e9 v\u00fdzvy, udr\u017eate\u013enos\u0165 a s\u00fakromie.<\/li>\n\n\n\n<li>Z\u00e1ver a \u010dasto kladen\u00e9 ot\u00e1zky.<\/li>\n<\/ol>\n\n\n\n<h3 class=\"wp-block-heading\">Nezastavite\u013en\u00fd pokrok auton\u00f3mnych \u00e1ut<\/h3>\n\n\n\n<p>Str\u00e1nka <strong>Samoriadiace aut\u00e1, roz\u0161\u00edren\u00e1 realita a metavesm\u00edr: \u010do o\u010dak\u00e1va\u0165<\/strong> Predstavuj\u00fa tri paraleln\u00e9 revol\u00facie, ale najhmatate\u013enej\u0161ou osou sa stal v\u00fdvoj vozidiel bez vodi\u010da.<\/p>\n\n\n\n<p>Do roku 2025 spolo\u010dnosti ako Tesla, Waymo, Baidu a Cruise dosiahli v\u00fdznamn\u00fd pokrok smerom k auton\u00f3mii \u00farovne 4, ktor\u00e1 umo\u017e\u0148uje aut\u00e1m navigova\u0165 bez \u013eudsk\u00e9ho z\u00e1sahu v kontrolovanom mestskom prostred\u00ed.<\/p>\n\n\n\n<p>Pod\u013ea ned\u00e1vnej spr\u00e1vy od <em>Prieskum trhu s pridru\u017een\u00fdmi spolo\u010dnos\u0165ami<\/em>, glob\u00e1lny trh s auton\u00f3mnymi vozidlami dosiahne hodnotu <strong>2,3 bili\u00f3na USD do roku 2030<\/strong>, poh\u00e1\u0148an\u00e9 rast\u00facimi invest\u00edciami do senzorov, softv\u00e9ru na strojov\u00e9 u\u010denie a siet\u00ed 5G<\/p>\n\n\n\n<p> V Mexiku u\u017e existuj\u00fa pilotn\u00e9 programy v Monterrey a Guadalajare, kde flotily auton\u00f3mnych tax\u00edkov prem\u00e1vaj\u00fa vo vyhraden\u00fdch oblastiach, \u010do pon\u00faka efekt\u00edvnej\u0161ie presuny a zni\u017euje po\u010det neh\u00f4d sp\u00f4soben\u00fdch \u013eudskou chybou.<\/p>\n\n\n\n<p>Diskusia v\u0161ak presahuje r\u00e1mec in\u017einierstva: zah\u0155\u0148a d\u00f4veru. Ste ochotn\u00ed vzda\u0165 sa \u00faplnej kontroly nad svoj\u00edm vozidlom v prospech algoritmu?<\/p>\n\n\n\n<p>Prechod na auton\u00f3mne riadenie si vy\u017eaduje nov\u00fd vz\u0165ah medzi \u010dlovekom a strojom, v ktorom s\u00fa transparentnos\u0165 a bezpe\u010dnos\u0165 nevyhnutn\u00e9.<\/p>\n\n\n\n<h3 class=\"wp-block-heading\">Roz\u0161\u00edren\u00e1 realita: z obrazovky do fyzick\u00e9ho prostredia<\/h3>\n\n\n\n<p>Druh\u00e1 ve\u013ek\u00e1 transform\u00e1cia vo vn\u00fatri <strong>Samoriadiace aut\u00e1, roz\u0161\u00edren\u00e1 realita a metavesm\u00edr: \u010do o\u010dak\u00e1va\u0165<\/strong> je vzostup roz\u0161\u00edrenej reality (AR).<\/p>\n\n\n\n<p>T\u00e1to technol\u00f3gia zosil\u0148uje skuto\u010dn\u00e9 prostredie prekr\u00fdvan\u00edm digit\u00e1lnych inform\u00e1ci\u00ed a vytv\u00e1ra interakt\u00edvne z\u00e1\u017eitky, ktor\u00e9 predt\u00fdm existovali len vo sci-fi.<\/p>\n\n\n\n<p>Do roku 2025 bude roz\u0161\u00edren\u00e1 realita integrovan\u00e1 do \u010deln\u00fdch skiel vozidiel a bude premieta\u0165 \u00fadaje, ako s\u00fa r\u00fdchlostn\u00e9 limity, bezpe\u010dn\u00e9 vzdialenosti a optim\u00e1lne trasy, priamo do zorn\u00e9ho po\u013ea vodi\u010da alebo spolujazdca.<\/p>\n\n\n\n<p>Zna\u010dky ako BMW a Mercedes-Benz u\u017e niektor\u00e9 modely vybavuj\u00fa pokro\u010dil\u00fdmi head-up displejmi, ktor\u00e9 vyu\u017e\u00edvaj\u00fa umel\u00fa inteligenciu na predv\u00eddanie riz\u00edk a poskytovanie proakt\u00edvneho nav\u00e1dzania.<\/p>\n\n\n\n<p><\/p>\n\n\n\n<p>Mimo automobilov\u00e9ho sektora sa roz\u0161\u00edren\u00e1 realita stala \u00fastrednou s\u00fa\u010das\u0165ou vzdel\u00e1vania a obchodu.<\/p>\n\n\n\n<p>Aktu\u00e1lny pr\u00edklad: v Mexiku niektor\u00e9 univerzity aplikuj\u00fa roz\u0161\u00edren\u00fa realitu (AR) vo virtu\u00e1lnych laborat\u00f3ri\u00e1ch, aby \u0161tudenti in\u017einierstva mohli interagova\u0165 s 3D modelmi elektrick\u00fdch syst\u00e9mov bez potreby fyzick\u00fdch materi\u00e1lov.<\/p>\n\n\n\n<p>V podstate roz\u0161\u00edren\u00e1 realita men\u00ed sp\u00f4sob, ak\u00fdm vn\u00edmame svet, a stiera hranice medzi digit\u00e1lnym a hmotn\u00fdm.<\/p>\n\n\n\n<p>Ako inteligentn\u00e1 \u0161o\u0161ovka vn\u00edmaj\u00faca realitu roz\u0161iruje \u013eudsk\u00fa schopnos\u0165 vidie\u0165, u\u010di\u0165 sa a kona\u0165.<\/p>\n\n\n\n<h3 class=\"wp-block-heading\">Metaverzum a roz\u0161irovanie digit\u00e1lnych z\u00e1\u017eitkov<\/h3>\n\n\n\n<p>Metaverzum dozrel. \u010co bolo kedysi soci\u00e1lnym alebo z\u00e1bavn\u00fdm experimentom, je teraz ekonomickou a vzdel\u00e1vacou platformou s viacer\u00fdmi aplik\u00e1ciami v re\u00e1lnom svete.<\/p>\n\n\n\n<p>V roku 2025 sa bude pou\u017e\u00edva\u0165 predov\u0161etk\u00fdm na \u0161kolenia, pracovn\u00e9 stretnutia, zdravotn\u00fa starostlivos\u0165 na dia\u013eku a spolo\u010dn\u00fd v\u00fdvoj projektov.<\/p>\n\n\n\n<p>V kontexte <strong>Samoriadiace aut\u00e1, roz\u0161\u00edren\u00e1 realita a metavesm\u00edr: \u010do o\u010dak\u00e1va\u0165<\/strong>Tento prepojen\u00fd virtu\u00e1lny vesm\u00edr sa st\u00e1va priestorom pre pr\u00e1cu, tvorbu a u\u010denie na dia\u013eku.<\/p>\n\n\n\n<p>Spolo\u010dnosti ako Meta, Microsoft a NVIDIA transformovali p\u00f4vodn\u00fd koncept na nie\u010do pragmatickej\u0161ie:<\/p>\n\n\n\n<p>Ekosyst\u00e9my, v ktor\u00fdch m\u00f4\u017eu \u013eudia spolupracova\u0165 v re\u00e1lnom \u010dase z r\u00f4znych \u010dast\u00ed sveta pomocou hyperrealistick\u00fdch avatarov a 3D simula\u010dn\u00fdch n\u00e1strojov.<\/p>\n\n\n\n<p>V Mexiku u\u017e sektory ako architekt\u00fara a medic\u00edna vyu\u017e\u00edvaj\u00fa tieto prostredia na vzdel\u00e1vanie svojich odborn\u00edkov.<\/p>\n\n\n\n<p>Napr\u00edklad skupina chirurgov z <em>N\u00e1rodn\u00fd in\u0161tit\u00fat lek\u00e1rskych vied a v\u00fd\u017eivy Salvador Zubir\u00e1n<\/em> vyu\u017e\u00edva virtu\u00e1lne prostredia na pl\u00e1novanie zlo\u017eit\u00fdch postupov pred ich vykonan\u00edm v skuto\u010dn\u00fdch opera\u010dn\u00fdch s\u00e1lach.<\/p>\n\n\n\n<p>Metaverzum sa tie\u017e sp\u00e1ja s mobilitou: auton\u00f3mne aut\u00e1 by sa mohli sta\u0165 mobiln\u00fdmi roz\u0161\u00edreniami t\u00fdchto priestorov, kde by cestuj\u00faci mohli pracova\u0165, u\u010di\u0165 sa alebo sa zab\u00e1va\u0165 po\u010das cestovania bez ob\u00e1v z prem\u00e1vky.<\/p>\n\n\n\n<h3 class=\"wp-block-heading\">Prepojenie medzi mobilitou, ponoren\u00edm a virtualitou<\/h3>\n\n\n\n<p>Skuto\u010dne fascinuj\u00faca vec na tom, <strong>Samoriadiace aut\u00e1, roz\u0161\u00edren\u00e1 realita a metavesm\u00edr: \u010do o\u010dak\u00e1va\u0165<\/strong> Nejde o ka\u017ed\u00fa technol\u00f3giu samostatne, ale o ich integr\u00e1ciu.<\/p>\n\n\n\n<p>Do roku 2025 synergia medzi nimi povedie k vzniku \u00faplne nov\u00fdch digit\u00e1lnych ekosyst\u00e9mov.<\/p>\n\n\n\n<p>Predstavte si to: nast\u00fapite do auton\u00f3mneho vozidla vybaven\u00e9ho roz\u0161\u00edrenou realitou.<\/p>\n\n\n\n<p>Po\u010das jazdy auta \u010deln\u00e9 sklo premieta inform\u00e1cie o miestach, ktor\u00fdmi prech\u00e1dzate \u2013 hist\u00f3riu, odpor\u00fa\u010dania, po\u010dasie a prem\u00e1vku \u2013 zatia\u013e \u010do sa z\u00fa\u010dast\u0148ujete virtu\u00e1lneho stretnutia v metavesm\u00edre.<\/p>\n\n\n\n<p>Nie si odpojen\u00fd od reality, ale rozvinut\u00fd v nej.<\/p>\n\n\n\n<p>To je t\u00e1 skuto\u010dn\u00e1 revol\u00facia: ne\u017ei\u0165 v paraleln\u00fdch svetoch, ale v jednom hybridnom prostred\u00ed, kde fyzick\u00e9 a digit\u00e1lne prostredie koexistuj\u00fa.<\/p>\n\n\n\n<p>Tak\u00e1to integr\u00e1cia nanovo definuje koncept \u201epr\u00edtomnosti\u201c a transformuje rutinu na inteligentn\u00fd a personalizovan\u00fd z\u00e1\u017eitok.<\/p>\n\n\n\n<p>Konkr\u00e9tnym pr\u00edkladom je projekt <em>Centrum inteligentnej mobility<\/em> vyvinut\u00fd v Ju\u017enej K\u00f3rei, ktor\u00fd kombinuje auton\u00f3mnu dopravu, roz\u0161\u00edren\u00fa realitu a 6G pripojenie s cie\u013eom vytvori\u0165 dynamick\u00e9 trasy prisp\u00f4soben\u00e9 pou\u017e\u00edvate\u013eovi.<\/p>\n\n\n\n<p>Tento model bude sl\u00fa\u017ei\u0165 ako referencia pre latinskoamerick\u00e9 mest\u00e1, ktor\u00e9 sa sna\u017eia prejs\u0165 na efekt\u00edvnej\u0161iu a prepojenej\u0161iu mestsk\u00fa mobilitu.<\/p>\n\n\n\n<h3 class=\"wp-block-heading\">Etick\u00e9 v\u00fdzvy, udr\u017eate\u013enos\u0165 a s\u00fakromie<\/h3>\n\n\n\n<p>Ka\u017ed\u00e1 technologick\u00e1 revol\u00facia so sebou prin\u00e1\u0161a etick\u00e9 dilemy.<\/p>\n\n\n\n<p>V pr\u00edpade <strong>Samoriadiace aut\u00e1, roz\u0161\u00edren\u00e1 realita a metavesm\u00edr: \u010do o\u010dak\u00e1va\u0165<\/strong>, ot\u00e1zky t\u00fdkaj\u00face sa s\u00fakromia, udr\u017eate\u013enosti a pou\u017e\u00edvania \u00fadajov sa st\u00e1vaj\u00fa naliehav\u00fdmi.<\/p>\n\n\n\n<p>Spracovanie osobn\u00fdch \u00fadajov v imerz\u00edvnych prostrediach si vy\u017eaduje pr\u00edsne predpisy.<\/p>\n\n\n\n<p>V roku 2025 <em>Eur\u00f3pska \u00fania<\/em> a nieko\u013eko latinskoamerick\u00fdch kraj\u00edn vr\u00e1tane Mexika prijalo pr\u00edsnej\u0161ie pr\u00e1vne r\u00e1mce na ochranu digit\u00e1lnej identity a obmedzenie biometrick\u00e9ho sledovania.<\/p>\n\n\n\n<p>\u010eal\u0161ou v\u00fdzvou je udr\u017eate\u013enos\u0165. D\u00e1tov\u00e9 centr\u00e1, ktor\u00e9 podporuj\u00fa metaverzum a umel\u00fa inteligenciu, spotreb\u00favaj\u00fa ve\u013ek\u00e9 mno\u017estvo energie.<\/p>\n\n\n\n<p>Pod\u013ea <em>Medzin\u00e1rodn\u00e1 energetick\u00e1 agent\u00fara (IEA)<\/em>, digit\u00e1lne oper\u00e1cie predstavuj\u00fa pribli\u017ene <strong>4% glob\u00e1lnej spotreby elektriny<\/strong>.<\/p>\n\n\n\n<p>Spolo\u010dnosti reaguj\u00fa strat\u00e9giami v oblasti obnovite\u013en\u00fdch zdrojov energie a algoritmickou optimaliz\u00e1ciou s cie\u013eom zn\u00ed\u017ei\u0165 svoju uhl\u00edkov\u00fa stopu.<\/p>\n\n\n\n<p>Diskutuje sa aj o etike auton\u00f3mneho riadenia: ako by malo vozidlo reagova\u0165 v pr\u00edpade nevyhnutnej nehody?<\/p>\n\n\n\n<p>Tieto typy dilem, zn\u00e1me ako \u201ealgoritmick\u00e9 mor\u00e1lne rozhodnutia\u201c, si vy\u017eaduj\u00fa spolo\u010densk\u00fd konsenzus a transparentnos\u0165 pri programovan\u00ed syst\u00e9mov umelej inteligencie.<\/p>\n\n\n\n<p>Jednoducho povedan\u00e9, technol\u00f3gia nem\u00f4\u017ee napredova\u0165 bez mor\u00e1lneho kompasu. Zodpovedn\u00e1 inov\u00e1cia je jedin\u00fd sp\u00f4sob, ako zabezpe\u010di\u0165, aby pokrok \u013eu\u010fom prin\u00e1\u0161al \u00fa\u017eitok, a nie aby ich vytl\u00e1\u010dal.<\/p>\n\n\n\n<h3 class=\"wp-block-heading\">Tabu\u013eka: Synergia nov\u00fdch technol\u00f3gi\u00ed v roku 2025<\/h3>\n\n\n\n<figure class=\"wp-block-table\"><table><thead><tr><th>Technol\u00f3gia<\/th><th>Hlavn\u00e1 aplik\u00e1cia<\/th><th>Vplyv na ka\u017edodenn\u00fd \u017eivot<\/th><th>Glob\u00e1lna \u00farove\u0148 prijatia (2025)<\/th><\/tr><\/thead><tbody><tr><td>Auton\u00f3mne aut\u00e1<\/td><td>Bezpe\u010dn\u00e1 a efekt\u00edvna mobilita<\/td><td>Zn\u00ed\u017eenie nehodovosti a dopravnej prem\u00e1vky<\/td><td>40%<\/td><\/tr><tr><td>Roz\u0161\u00edren\u00e1 realita<\/td><td>Vzdel\u00e1vanie a doprava<\/td><td>Imerz\u00edvne u\u010denie a vizu\u00e1lna asistencia<\/td><td>45%<\/td><\/tr><tr><td>Metaverzum<\/td><td>Spolupr\u00e1ca a z\u00e1bava<\/td><td>Pr\u00e1ca na dia\u013eku a virtu\u00e1lne spolo\u010densk\u00e9 z\u00e1\u017eitky<\/td><td>35%<\/td><\/tr><\/tbody><\/table><figcaption class=\"wp-element-caption\">Samoriadiace aut\u00e1, roz\u0161\u00edren\u00e1 realita a metavesm\u00edr: \u010do o\u010dak\u00e1va\u0165<\/figcaption><\/figure>\n\n\n\n<figure class=\"wp-block-gallery aligncenter has-nested-images columns-default is-cropped wp-block-gallery-2 is-layout-flex wp-block-gallery-is-layout-flex\">\n<figure class=\"wp-block-image size-full\"><img loading=\"lazy\" decoding=\"async\" width=\"450\" height=\"250\" data-id=\"10187\" src=\"https:\/\/universofamilia.com\/wp-content\/uploads\/sites\/148\/2025\/10\/Destaque-Novo-Universo-16.jpg\" alt=\"\" class=\"wp-image-10187\" srcset=\"https:\/\/universofamilia.com\/wp-content\/uploads\/sites\/148\/2025\/10\/Destaque-Novo-Universo-16.jpg 450w, https:\/\/universofamilia.com\/wp-content\/uploads\/sites\/148\/2025\/10\/Destaque-Novo-Universo-16-300x167.jpg 300w, https:\/\/universofamilia.com\/wp-content\/uploads\/sites\/148\/2025\/10\/Destaque-Novo-Universo-16-18x10.jpg 18w\" sizes=\"(max-width: 450px) 100vw, 450px\" \/><figcaption class=\"wp-element-caption\">CANVA<\/figcaption><\/figure>\n<\/figure>\n\n\n\n<p>\u010c\u00edtajte viac:<a href=\"https:\/\/universofamilia.com\/sk\/inteligencia-artificial-en-el-dia-a-dia\/\">&nbsp;Umel\u00e1 inteligencia v ka\u017edodennom \u017eivote<\/a><\/p>\n\n\n\n<h3 class=\"wp-block-heading\">Z\u00e1ver: Smerom ku komplexn\u00e9mu technologick\u00e9mu ekosyst\u00e9mu<\/h3>\n\n\n\n<p>Str\u00e1nka <strong>Samoriadiace aut\u00e1, roz\u0161\u00edren\u00e1 realita a metavesm\u00edr: \u010do o\u010dak\u00e1va\u0165<\/strong> Symbolizuj\u00fa bod, v ktorom technol\u00f3gia prest\u00e1va by\u0165 n\u00e1strojom a st\u00e1va sa neoddelite\u013enou s\u00fa\u010das\u0165ou prostredia.<\/p>\n\n\n\n<p>Tieto inov\u00e1cie nielen transformuj\u00fa predmety, ktor\u00e9 pou\u017e\u00edvame, ale aj sp\u00f4sob, ak\u00fdm ch\u00e1peme \u013eudsk\u00fa interakciu, u\u010denie a mobilitu.<\/p>\n\n\n\n<p>Bud\u00facnos\u0165 nebude \u00faplne digit\u00e1lna ani \u00faplne fyzick\u00e1, ale bude to rovnov\u00e1ha medzi t\u00fdmito dvoma svetmi.<\/p>\n\n\n\n<p>Skuto\u010dn\u00fdm cie\u013eom je vytv\u00e1ra\u0165 z\u00e1\u017eitky, ktor\u00e9 uprednost\u0148uj\u00fa pohodu, dostupnos\u0165 a udr\u017eate\u013enos\u0165.<\/p>\n\n\n\n<p>Technol\u00f3gia, ak je spr\u00e1vne nasmerovan\u00e1, m\u00f4\u017ee by\u0165 doslova aj metaforicky prostriedkom, ktor\u00fd poh\u00e1\u0148a \u013eudstvo k inteligentnej\u0161iemu, prepojenej\u0161iemu a empatickej\u0161iemu \u017eivotu.<\/p>\n\n\n\n<p>\u010c\u00edtajte viac:<a href=\"https:\/\/universofamilia.com\/sk\/inteligencia-artificial-en-el-dia-a-dia\/\">&nbsp;<\/a><a href=\"https:\/\/universofamilia.com\/sk\/tendencias-tecnologicas-de-2025-que-afectaran-tu-dia-a-dia\/\">Technologick\u00e9 trendy roku 2025, ktor\u00e9 ovplyvnia v\u00e1\u0161 ka\u017edodenn\u00fd \u017eivot<\/a><\/p>\n\n\n\n<h3 class=\"wp-block-heading\">\u010casto kladen\u00e9 ot\u00e1zky<\/h3>\n\n\n\n<p><strong>1. Kedy sa o\u010dak\u00e1va, \u017ee auton\u00f3mne aut\u00e1 sa stan\u00fa be\u017en\u00fdmi v Mexiku?<\/strong><br>O\u010dak\u00e1va sa, \u017ee plne auton\u00f3mne jazdn\u00e9 sk\u00fa\u0161ky sa v rokoch 2026 a\u017e 2028 roz\u0161\u00edria v z\u00e1vislosti od miestnych predpisov a infra\u0161trukt\u00fary 5G.<\/p>\n\n\n\n<p><strong>2. Ak\u00fa \u00falohu bude hra\u0165 roz\u0161\u00edren\u00e1 realita vo vzdel\u00e1van\u00ed?<\/strong><br>Bude to k\u013e\u00fa\u010dov\u00fd n\u00e1stroj pre praktick\u00e9 u\u010denie, najm\u00e4 v technick\u00fdch profesi\u00e1ch, preto\u017ee umo\u017en\u00ed simul\u00e1cie v re\u00e1lnom \u010dase a vizualiz\u00e1ciu procesov.<\/p>\n\n\n\n<p>V Mexiku niektor\u00e9 univerzity aplikuj\u00fa roz\u0161\u00edren\u00fa realitu (AR) vo virtu\u00e1lnych laborat\u00f3ri\u00e1ch, aby \u0161tudenti in\u017einierstva mohli interagova\u0165 s 3D modelmi elektrick\u00fdch syst\u00e9mov bez potreby fyzick\u00fdch materi\u00e1lov.<\/p>\n\n\n\n<p><strong>3. Je metaverzum len pre videohry?<\/strong><br>Nie. V roku 2025 sa pou\u017e\u00edva predov\u0161etk\u00fdm na \u0161kolenia, pracovn\u00e9 stretnutia, zdravotn\u00fa starostlivos\u0165 na dia\u013eku a spolo\u010dn\u00fd v\u00fdvoj projektov.<\/p>\n\n\n\n<p><strong>4. Ak\u00e9 s\u00fa hlavn\u00e9 rizik\u00e1 t\u00fdchto technol\u00f3gi\u00ed?<\/strong><br><a href=\"https:\/\/universofamilia.com\/sk\/autenticacion-sin-contrasena-el-futuro-de-la-seguridad-digital\/\">S\u00fakromie<\/a>, digit\u00e1lna z\u00e1vislos\u0165 a nerovnos\u0165 <a href=\"https:\/\/universofamilia.com\/sk\/inteligencia-artificial-en-el-dia-a-dia\/\">pr\u00edstup<\/a>Preto bud\u00fa politiky digit\u00e1lneho vzdel\u00e1vania a inkl\u00fazie nevyhnutn\u00e9 na zabezpe\u010denie etick\u00e9ho a spravodliv\u00e9ho pou\u017e\u00edvania.<\/p>\n\n\n\n<p><\/p>","protected":false},"excerpt":{"rendered":"<p>Auton\u00f3mne aut\u00e1, roz\u0161\u00edren\u00e1 realita a metavesm\u00edr: to, \u010do mo\u017eno o\u010dak\u00e1va\u0165 v roku 2025, u\u017e nie s\u00fa futuristick\u00e9 koncepty, ale sk\u00f4r piliere technologickej transform\u00e1cie, ktor\u00e1 nanovo definuje mobilitu. Tento rok predstavuje bod zbli\u017eovania troch inov\u00e1ci\u00ed, ktor\u00e9 sa kedysi zdali vzdialen\u00e9, ale teraz spolupracuj\u00fa na vytv\u00e1ran\u00ed bezpe\u010dnej\u0161ieho, pohlcuj\u00facej\u0161ieho a personalizovanej\u0161ieho prostredia. Tento \u010dl\u00e1nok sk\u00fama [\u2026]<\/p>","protected":false},"author":219,"featured_media":10185,"comment_status":"closed","ping_status":"open","sticky":false,"template":"","format":"standard","meta":{"footnotes":""},"categories":[3],"tags":[],"yoast_head":"<!-- This site is optimized with the Yoast SEO plugin v23.3 - https:\/\/yoast.com\/wordpress\/plugins\/seo\/ -->\n<title>Autom\u00f3viles aut\u00f3nomos, realidad aumentada y metaverso - Universo Fam\u00edlia<\/title>\n<meta name=\"description\" content=\"Las autom\u00f3viles aut\u00f3nomos, realidad aumentada y metaverso:qu\u00e9 esperar en 2025 ya no son conceptos futuristas, sino pilares de una transform..\" \/>\n<meta name=\"robots\" content=\"index, follow, max-snippet:-1, max-image-preview:large, max-video-preview:-1\" \/>\n<link rel=\"canonical\" href=\"https:\/\/universofamilia.com\/sk\/realidad-aumentada-y-metaverso\/\" \/>\n<meta property=\"og:locale\" content=\"sk_SK\" \/>\n<meta property=\"og:type\" content=\"article\" \/>\n<meta property=\"og:title\" content=\"Autom\u00f3viles aut\u00f3nomos, realidad aumentada y metaverso - Universo Fam\u00edlia\" \/>\n<meta property=\"og:description\" content=\"Las autom\u00f3viles aut\u00f3nomos, realidad aumentada y metaverso:qu\u00e9 esperar en 2025 ya no son conceptos futuristas, sino pilares de una transform..\" \/>\n<meta property=\"og:url\" content=\"https:\/\/universofamilia.com\/sk\/realidad-aumentada-y-metaverso\/\" \/>\n<meta property=\"og:site_name\" content=\"Universo Fam\u00edlia\" \/>\n<meta property=\"article:published_time\" content=\"2025-10-17T19:36:08+00:00\" \/>\n<meta property=\"article:modified_time\" content=\"2025-10-17T19:46:53+00:00\" \/>\n<meta property=\"og:image\" content=\"https:\/\/universofamilia.com\/wp-content\/uploads\/sites\/148\/2025\/10\/Destaque-Novo-Universo-17.jpg\" \/>\n\t<meta property=\"og:image:width\" content=\"450\" \/>\n\t<meta property=\"og:image:height\" content=\"250\" \/>\n\t<meta property=\"og:image:type\" content=\"image\/jpeg\" \/>\n<meta name=\"author\" content=\"Matheus Sangaletti\" \/>\n<meta name=\"twitter:card\" content=\"summary_large_image\" \/>\n<meta name=\"twitter:label1\" content=\"Written by\" \/>\n\t<meta name=\"twitter:data1\" content=\"Matheus Sangaletti\" \/>\n\t<meta name=\"twitter:label2\" content=\"Est. reading time\" \/>\n\t<meta name=\"twitter:data2\" content=\"9 min\u00fat\" \/>\n<script type=\"application\/ld+json\" class=\"yoast-schema-graph\">{\"@context\":\"https:\/\/schema.org\",\"@graph\":[{\"@type\":\"WebPage\",\"@id\":\"https:\/\/universofamilia.com\/cs\/realidad-aumentada-y-metaverso\/\",\"url\":\"https:\/\/universofamilia.com\/cs\/realidad-aumentada-y-metaverso\/\",\"name\":\"Autom\u00f3viles aut\u00f3nomos, realidad aumentada y metaverso - Universo Fam\u00edlia\",\"isPartOf\":{\"@id\":\"https:\/\/universofamilia.com\/el\/#website\"},\"primaryImageOfPage\":{\"@id\":\"https:\/\/universofamilia.com\/cs\/realidad-aumentada-y-metaverso\/#primaryimage\"},\"image\":{\"@id\":\"https:\/\/universofamilia.com\/cs\/realidad-aumentada-y-metaverso\/#primaryimage\"},\"thumbnailUrl\":\"https:\/\/universofamilia.com\/wp-content\/uploads\/sites\/148\/2025\/10\/Destaque-Novo-Universo-17.jpg\",\"datePublished\":\"2025-10-17T19:36:08+00:00\",\"dateModified\":\"2025-10-17T19:46:53+00:00\",\"author\":{\"@id\":\"https:\/\/universofamilia.com\/el\/#\/schema\/person\/92fcd07e9b1f4323bf74f3170fc0f78a\"},\"description\":\"Las autom\u00f3viles aut\u00f3nomos, realidad aumentada y metaverso:qu\u00e9 esperar en 2025 ya no son conceptos futuristas, sino pilares de una transform..\",\"breadcrumb\":{\"@id\":\"https:\/\/universofamilia.com\/cs\/realidad-aumentada-y-metaverso\/#breadcrumb\"},\"inLanguage\":\"sk-SK\",\"potentialAction\":[{\"@type\":\"ReadAction\",\"target\":[\"https:\/\/universofamilia.com\/cs\/realidad-aumentada-y-metaverso\/\"]}]},{\"@type\":\"ImageObject\",\"inLanguage\":\"sk-SK\",\"@id\":\"https:\/\/universofamilia.com\/cs\/realidad-aumentada-y-metaverso\/#primaryimage\",\"url\":\"https:\/\/universofamilia.com\/wp-content\/uploads\/sites\/148\/2025\/10\/Destaque-Novo-Universo-17.jpg\",\"contentUrl\":\"https:\/\/universofamilia.com\/wp-content\/uploads\/sites\/148\/2025\/10\/Destaque-Novo-Universo-17.jpg\",\"width\":450,\"height\":250},{\"@type\":\"BreadcrumbList\",\"@id\":\"https:\/\/universofamilia.com\/cs\/realidad-aumentada-y-metaverso\/#breadcrumb\",\"itemListElement\":[{\"@type\":\"ListItem\",\"position\":1,\"name\":\"Home\",\"item\":\"https:\/\/universofamilia.com\/el\/\"},{\"@type\":\"ListItem\",\"position\":2,\"name\":\"Autom\u00f3viles aut\u00f3nomos, realidad aumentada y metaverso\"}]},{\"@type\":\"WebSite\",\"@id\":\"https:\/\/universofamilia.com\/el\/#website\",\"url\":\"https:\/\/universofamilia.com\/el\/\",\"name\":\"Universo Fam\u00edlia\",\"description\":\"\",\"potentialAction\":[{\"@type\":\"SearchAction\",\"target\":{\"@type\":\"EntryPoint\",\"urlTemplate\":\"https:\/\/universofamilia.com\/el\/?s={search_term_string}\"},\"query-input\":\"required name=search_term_string\"}],\"inLanguage\":\"sk-SK\"},{\"@type\":\"Person\",\"@id\":\"https:\/\/universofamilia.com\/el\/#\/schema\/person\/92fcd07e9b1f4323bf74f3170fc0f78a\",\"name\":\"Matheus Sangaletti\",\"image\":{\"@type\":\"ImageObject\",\"inLanguage\":\"sk-SK\",\"@id\":\"https:\/\/universofamilia.com\/el\/#\/schema\/person\/image\/\",\"url\":\"https:\/\/secure.gravatar.com\/avatar\/280ea957a14a48e6a1ad2133d2cc27c9?s=96&d=mm&r=g\",\"contentUrl\":\"https:\/\/secure.gravatar.com\/avatar\/280ea957a14a48e6a1ad2133d2cc27c9?s=96&d=mm&r=g\",\"caption\":\"Matheus Sangaletti\"},\"url\":\"https:\/\/universofamilia.com\/sk\/author\/matheuss\/\"}]}<\/script>\n<!-- \/ Yoast SEO plugin. -->","yoast_head_json":{"title":"Autom\u00f3viles aut\u00f3nomos, realidad aumentada y metaverso - Universo Fam\u00edlia","description":"Las autom\u00f3viles aut\u00f3nomos, realidad aumentada y metaverso:qu\u00e9 esperar en 2025 ya no son conceptos futuristas, sino pilares de una transform..","robots":{"index":"index","follow":"follow","max-snippet":"max-snippet:-1","max-image-preview":"max-image-preview:large","max-video-preview":"max-video-preview:-1"},"canonical":"https:\/\/universofamilia.com\/sk\/realidad-aumentada-y-metaverso\/","og_locale":"sk_SK","og_type":"article","og_title":"Autom\u00f3viles aut\u00f3nomos, realidad aumentada y metaverso - Universo Fam\u00edlia","og_description":"Las autom\u00f3viles aut\u00f3nomos, realidad aumentada y metaverso:qu\u00e9 esperar en 2025 ya no son conceptos futuristas, sino pilares de una transform..","og_url":"https:\/\/universofamilia.com\/sk\/realidad-aumentada-y-metaverso\/","og_site_name":"Universo Fam\u00edlia","article_published_time":"2025-10-17T19:36:08+00:00","article_modified_time":"2025-10-17T19:46:53+00:00","og_image":[{"width":450,"height":250,"url":"https:\/\/universofamilia.com\/wp-content\/uploads\/sites\/148\/2025\/10\/Destaque-Novo-Universo-17.jpg","type":"image\/jpeg"}],"author":"Matheus Sangaletti","twitter_card":"summary_large_image","twitter_misc":{"Written by":"Matheus Sangaletti","Est. reading time":"9 min\u00fat"},"schema":{"@context":"https:\/\/schema.org","@graph":[{"@type":"WebPage","@id":"https:\/\/universofamilia.com\/cs\/realidad-aumentada-y-metaverso\/","url":"https:\/\/universofamilia.com\/cs\/realidad-aumentada-y-metaverso\/","name":"Autom\u00f3viles aut\u00f3nomos, realidad aumentada y metaverso - Universo Fam\u00edlia","isPartOf":{"@id":"https:\/\/universofamilia.com\/el\/#website"},"primaryImageOfPage":{"@id":"https:\/\/universofamilia.com\/cs\/realidad-aumentada-y-metaverso\/#primaryimage"},"image":{"@id":"https:\/\/universofamilia.com\/cs\/realidad-aumentada-y-metaverso\/#primaryimage"},"thumbnailUrl":"https:\/\/universofamilia.com\/wp-content\/uploads\/sites\/148\/2025\/10\/Destaque-Novo-Universo-17.jpg","datePublished":"2025-10-17T19:36:08+00:00","dateModified":"2025-10-17T19:46:53+00:00","author":{"@id":"https:\/\/universofamilia.com\/el\/#\/schema\/person\/92fcd07e9b1f4323bf74f3170fc0f78a"},"description":"Las autom\u00f3viles aut\u00f3nomos, realidad aumentada y metaverso:qu\u00e9 esperar en 2025 ya no son conceptos futuristas, sino pilares de una transform..","breadcrumb":{"@id":"https:\/\/universofamilia.com\/cs\/realidad-aumentada-y-metaverso\/#breadcrumb"},"inLanguage":"sk-SK","potentialAction":[{"@type":"ReadAction","target":["https:\/\/universofamilia.com\/cs\/realidad-aumentada-y-metaverso\/"]}]},{"@type":"ImageObject","inLanguage":"sk-SK","@id":"https:\/\/universofamilia.com\/cs\/realidad-aumentada-y-metaverso\/#primaryimage","url":"https:\/\/universofamilia.com\/wp-content\/uploads\/sites\/148\/2025\/10\/Destaque-Novo-Universo-17.jpg","contentUrl":"https:\/\/universofamilia.com\/wp-content\/uploads\/sites\/148\/2025\/10\/Destaque-Novo-Universo-17.jpg","width":450,"height":250},{"@type":"BreadcrumbList","@id":"https:\/\/universofamilia.com\/cs\/realidad-aumentada-y-metaverso\/#breadcrumb","itemListElement":[{"@type":"ListItem","position":1,"name":"Home","item":"https:\/\/universofamilia.com\/el\/"},{"@type":"ListItem","position":2,"name":"Autom\u00f3viles aut\u00f3nomos, realidad aumentada y metaverso"}]},{"@type":"WebSite","@id":"https:\/\/universofamilia.com\/el\/#website","url":"https:\/\/universofamilia.com\/el\/","name":"Universo Fam\u00edlia","description":"","potentialAction":[{"@type":"SearchAction","target":{"@type":"EntryPoint","urlTemplate":"https:\/\/universofamilia.com\/el\/?s={search_term_string}"},"query-input":"required name=search_term_string"}],"inLanguage":"sk-SK"},{"@type":"Person","@id":"https:\/\/universofamilia.com\/el\/#\/schema\/person\/92fcd07e9b1f4323bf74f3170fc0f78a","name":"Matheus Sangaletti","image":{"@type":"ImageObject","inLanguage":"sk-SK","@id":"https:\/\/universofamilia.com\/el\/#\/schema\/person\/image\/","url":"https:\/\/secure.gravatar.com\/avatar\/280ea957a14a48e6a1ad2133d2cc27c9?s=96&d=mm&r=g","contentUrl":"https:\/\/secure.gravatar.com\/avatar\/280ea957a14a48e6a1ad2133d2cc27c9?s=96&d=mm&r=g","caption":"Matheus Sangaletti"},"url":"https:\/\/universofamilia.com\/sk\/author\/matheuss\/"}]}},"_links":{"self":[{"href":"https:\/\/universofamilia.com\/sk\/wp-json\/wp\/v2\/posts\/10184"}],"collection":[{"href":"https:\/\/universofamilia.com\/sk\/wp-json\/wp\/v2\/posts"}],"about":[{"href":"https:\/\/universofamilia.com\/sk\/wp-json\/wp\/v2\/types\/post"}],"author":[{"embeddable":true,"href":"https:\/\/universofamilia.com\/sk\/wp-json\/wp\/v2\/users\/219"}],"replies":[{"embeddable":true,"href":"https:\/\/universofamilia.com\/sk\/wp-json\/wp\/v2\/comments?post=10184"}],"version-history":[{"count":3,"href":"https:\/\/universofamilia.com\/sk\/wp-json\/wp\/v2\/posts\/10184\/revisions"}],"predecessor-version":[{"id":10192,"href":"https:\/\/universofamilia.com\/sk\/wp-json\/wp\/v2\/posts\/10184\/revisions\/10192"}],"wp:featuredmedia":[{"embeddable":true,"href":"https:\/\/universofamilia.com\/sk\/wp-json\/wp\/v2\/media\/10185"}],"wp:attachment":[{"href":"https:\/\/universofamilia.com\/sk\/wp-json\/wp\/v2\/media?parent=10184"}],"wp:term":[{"taxonomy":"category","embeddable":true,"href":"https:\/\/universofamilia.com\/sk\/wp-json\/wp\/v2\/categories?post=10184"},{"taxonomy":"post_tag","embeddable":true,"href":"https:\/\/universofamilia.com\/sk\/wp-json\/wp\/v2\/tags?post=10184"}],"curies":[{"name":"wp","href":"https:\/\/api.w.org\/{rel}","templated":true}]}}