{"id":10199,"date":"2025-10-23T14:55:44","date_gmt":"2025-10-23T17:55:44","guid":{"rendered":"https:\/\/universofamilia.com\/?p=10199"},"modified":"2025-10-23T14:55:46","modified_gmt":"2025-10-23T17:55:46","slug":"soft-skills-mas-valoradas-en-2025","status":"publish","type":"post","link":"https:\/\/universofamilia.com\/sk\/soft-skills-mas-valoradas-en-2025\/","title":{"rendered":"Najcennej\u0161ie m\u00e4kk\u00e9 zru\u010dnosti v roku 2025"},"content":{"rendered":"<p class=\"has-text-align-center\">V pracovnom svete, kde technol\u00f3gie nanovo definuj\u00fa sp\u00f4sob, ak\u00fdm pracujeme, je d\u00f4le\u017eit\u00e9 porozumie\u0165... <strong>Ako zlep\u0161i\u0165 najcennej\u0161ie m\u00e4kk\u00e9 zru\u010dnosti v roku 2025<\/strong> st\u00e1va sa nevyhnutn\u00fdm pre t\u00fdch, ktor\u00ed chc\u00fa nielen pre\u017ei\u0165, ale aj vynikn\u00fa\u0165.<\/p>\n\n\n\n<figure class=\"wp-block-gallery aligncenter has-nested-images columns-default is-cropped wp-block-gallery-1 is-layout-flex wp-block-gallery-is-layout-flex\">\n<figure class=\"wp-block-image size-full\"><img loading=\"lazy\" decoding=\"async\" width=\"450\" height=\"250\" data-id=\"10201\" src=\"https:\/\/universofamilia.com\/wp-content\/uploads\/sites\/148\/2025\/10\/Destaque-Novo-Universo-20-1.jpg\" alt=\"\" class=\"wp-image-10201\" srcset=\"https:\/\/universofamilia.com\/wp-content\/uploads\/sites\/148\/2025\/10\/Destaque-Novo-Universo-20-1.jpg 450w, https:\/\/universofamilia.com\/wp-content\/uploads\/sites\/148\/2025\/10\/Destaque-Novo-Universo-20-1-300x167.jpg 300w, https:\/\/universofamilia.com\/wp-content\/uploads\/sites\/148\/2025\/10\/Destaque-Novo-Universo-20-1-18x10.jpg 18w\" sizes=\"(max-width: 450px) 100vw, 450px\" \/><figcaption class=\"wp-element-caption\">CANVA<\/figcaption><\/figure>\n<\/figure>\n\n\n\n<p class=\"has-text-align-center\">Automatiz\u00e1cia, umel\u00e1 inteligencia, globaliz\u00e1cia a hybridn\u00e9 modely zmenili dynamiku organiz\u00e1ci\u00ed.<\/p>\n\n\n\n<p>Dnes u\u017e vysoko\u0161kolsk\u00fd titul alebo technick\u00e9 zru\u010dnosti nezaru\u010duj\u00fa relevantnos\u0165; rozli\u0161ovac\u00edm faktorom s\u00fa \u013eudsk\u00e9 kompetencie: okrem in\u00e9ho komunik\u00e1cia, prisp\u00f4sobivos\u0165, kritick\u00e9 myslenie a emocion\u00e1lna inteligencia.<\/p>\n\n\n\n<p><\/p>\n\n\n\n<p>Tento \u010dl\u00e1nok pon\u00faka h\u013abkov\u00fa anal\u00fdzu m\u00e4kk\u00fdch zru\u010dnost\u00ed, ktor\u00e9 bud\u00fa tento rok znamena\u0165 zmenu.<\/p>\n\n\n\n<p>Najprv presk\u00famame ich relevantnos\u0165 na dne\u0161nom trhu pr\u00e1ce; potom podrobne rozoberieme k\u013e\u00fa\u010dov\u00e9 zru\u010dnosti, ako ich rozv\u00edja\u0165 a uplat\u0148ova\u0165; potom predstav\u00edme pr\u00edklady z re\u00e1lneho \u017eivota profesion\u00e1lov, ktor\u00ed ich \u00faspe\u0161ne integrovali; a nakoniec sa budeme venova\u0165 \u010dasto kladen\u00fdm ot\u00e1zkam a bud\u00facim trendom.<\/p>\n\n\n\n<p>Toto v\u0161etko je zalo\u017een\u00e9 na aktualizovan\u00fdch \u00fadajoch a referenci\u00e1ch zo spo\u013eahliv\u00fdch zdrojov.<\/p>\n\n\n\n<h2 class=\"wp-block-heading\">Relevantnos\u0165 m\u00e4kk\u00fdch zru\u010dnost\u00ed v technologickej \u00e9re<\/h2>\n\n\n\n<p>Zatia\u013e \u010do technick\u00e9 zru\u010dnosti \u2013 technick\u00e9 znalosti ako programovanie, anal\u00fdza \u00fadajov alebo in\u017einierstvo \u2013 s\u00fa nevyhnutn\u00e9, m\u00e4kk\u00e9 zru\u010dnosti s\u00fa tie, ktor\u00e9 umo\u017e\u0148uj\u00fa efekt\u00edvne uplat\u0148ovanie t\u00fdchto vedomost\u00ed.<\/p>\n\n\n\n<p>Schopnos\u0165 vies\u0165, komunikova\u0165, rie\u0161i\u0165 probl\u00e9my a strategicky spolupracova\u0165 je to, \u010do odli\u0161uje profesion\u00e1lov v dynamickom prostred\u00ed.<\/p>\n\n\n\n<p>Pod\u013ea <strong>Spr\u00e1va o bud\u00facnosti pracovn\u00fdch miest za rok 2025<\/strong> Pod\u013ea Svetov\u00e9ho ekonomick\u00e9ho f\u00f3ra sa o\u010dak\u00e1va, \u017ee 39 % s\u00fa\u010dasn\u00fdch zru\u010dnost\u00ed sa v rokoch 2025 a\u017e 2030 zmen\u00ed alebo zastar\u00e1.<\/p>\n\n\n\n<p>To znamen\u00e1, \u017ee profesion\u00e1li musia kombinova\u0165 technick\u00e9 zru\u010dnosti s \u013eudsk\u00fdmi kompetenciami, aby si udr\u017eali svoju relevantnos\u0165. <\/p>\n\n\n\n<p><strong>Anal\u00f3gia:<\/strong> Predstavte si, \u017ee ste \u010dlenom horsk\u00e9ho z\u00e1chrann\u00e9ho t\u00edmu.<\/p>\n\n\n\n<p>Modern\u00e9 n\u00e1stroje (technol\u00f3gia, softv\u00e9r, hardv\u00e9r) s\u00fa nevyhnutn\u00e9, ale bez vedenia, komunik\u00e1cie a prisp\u00f4sobivosti ani to najlep\u0161ie vybavenie nezaru\u010duje \u00faspech.<\/p>\n\n\n\n<p>To ist\u00e9 sa deje aj na pracovisku: m\u00e4kk\u00e9 zru\u010dnosti s\u00fa hnacou silou vyu\u017e\u00edvania dostupn\u00fdch n\u00e1strojov.<\/p>\n\n\n\n<h2 class=\"wp-block-heading\">10 najcennej\u0161\u00edch m\u00e4kk\u00fdch zru\u010dnost\u00ed v roku 2025<\/h2>\n\n\n\n<p>Ni\u017e\u0161ie roz\u0161irujeme zoznam na desa\u0165 k\u013e\u00fa\u010dov\u00fdch \u013eudsk\u00fdch kompetenci\u00ed s praktick\u00fdmi pr\u00edkladmi ich uplatnenia:<\/p>\n\n\n\n<h3 class=\"wp-block-heading\">1. Efekt\u00edvna komunik\u00e1cia<\/h3>\n\n\n\n<p>Nejde len o spr\u00e1vne hovorenie alebo p\u00edsanie, ale aj o jasn\u00e9 vyjadrovanie my\u0161lienok a akt\u00edvne po\u010d\u00favanie.<\/p>\n\n\n\n<p>V roku 2025 je efekt\u00edvna komunik\u00e1cia nevyhnutn\u00e1 pre vedenie hybridn\u00fdch t\u00edmov a spolupr\u00e1cu s kolegami z cel\u00e9ho sveta.<\/p>\n\n\n\n<p>Spolo\u010dnosti ako Deloitte uv\u00e1dzaj\u00fa, \u017ee 361 % zamestn\u00e1vate\u013eov pova\u017euje komunik\u00e1ciu za najd\u00f4le\u017eitej\u0161iu m\u00e4kk\u00fa zru\u010dnos\u0165 pre pracovn\u00fd v\u00fdkon.<\/p>\n\n\n\n<p><strong>Pr\u00edklad:<\/strong><\/p>\n\n\n\n<p>Ana, mana\u017e\u00e9rka digit\u00e1lneho marketingu, pom\u00e1ha svojmu glob\u00e1lnemu t\u00edmu pochopi\u0165 ciele kampane prostredn\u00edctvom jasn\u00fdch zadan\u00ed, priebe\u017enej sp\u00e4tnej v\u00e4zby a \u0161trukt\u00farovan\u00fdch virtu\u00e1lnych stretnut\u00ed.<\/p>\n\n\n\n<p>Va\u0161a komunik\u00e1cia zabr\u00e1ni zm\u00e4tku a zv\u00fd\u0161i produktivitu o 25%.<\/p>\n\n\n\n<h3 class=\"wp-block-heading\">2. Prisp\u00f4sobivos\u0165 a odolnos\u0165<\/h3>\n\n\n\n<p>R\u00fdchlos\u0165 technologick\u00fdch zmien si vy\u017eaduje flexibiln\u00fdch odborn\u00edkov schopn\u00fdch zvl\u00e1da\u0165 neistotu bez toho, aby obetovali v\u00fdkon.<\/p>\n\n\n\n<p>Prisp\u00f4sobivos\u0165 a odolnos\u0165 n\u00e1m umo\u017e\u0148uj\u00fa prevzia\u0165 nov\u00e9 \u00falohy, integrova\u0165 digit\u00e1lne n\u00e1stroje a prekon\u00e1va\u0165 prek\u00e1\u017eky.<\/p>\n\n\n\n<p><strong>Pr\u00edklad:<\/strong><\/p>\n\n\n\n<p>Carlos, v\u00fdrobn\u00fd in\u017einier, sa nau\u010dil pou\u017e\u00edva\u0165 automatiza\u010dn\u00e9 platformy a viedol projekt prechodu na Priemysel 4.0, pri\u010dom skr\u00e1til v\u00fdrobn\u00e9 \u010dasy o 151 ton a demon\u0161troval, ako sa odolnos\u0165 premieta do hmatate\u013en\u00fdch v\u00fdsledkov.<\/p>\n\n\n\n<h3 class=\"wp-block-heading\">3. Kritick\u00e9 myslenie a rie\u0161enie probl\u00e9mov<\/h3>\n\n\n\n<p>Kritick\u00e9 myslenie je schopnos\u0165 analyzova\u0165 situ\u00e1cie, spochyb\u0148ova\u0165 predpoklady a robi\u0165 informovan\u00e9 rozhodnutia.<\/p>\n\n\n\n<p>Organiz\u00e1cie si cenia schopnos\u0165 kreat\u00edvne a efekt\u00edvne rie\u0161i\u0165 zlo\u017eit\u00e9 probl\u00e9my.<\/p>\n\n\n\n<p><strong>Relevantn\u00e9 \u00fadaje:<\/strong> \u0160t\u00fadia spolo\u010dnosti Hays nazna\u010duje, \u017ee kritick\u00e9 myslenie bude do roku 2025 tre\u0165ou naj\u017eiadanej\u0161ou m\u00e4kkou zru\u010dnos\u0165ou, hne\u010f po komunik\u00e1cii a prisp\u00f4sobivosti.<\/p>\n\n\n\n<h3 class=\"wp-block-heading\">4. Emocion\u00e1lna inteligencia<\/h3>\n\n\n\n<p>Emocion\u00e1lna inteligencia n\u00e1m umo\u017e\u0148uje rozpozna\u0165 a zvl\u00e1da\u0165 vlastn\u00e9 em\u00f3cie aj em\u00f3cie in\u00fdch, \u010do je k\u013e\u00fa\u010dom k empatick\u00e9mu vedeniu a prij\u00edmaniu etick\u00fdch rozhodnut\u00ed.<\/p>\n\n\n\n<p>T\u00edmy s emocion\u00e1lne inteligentn\u00fdmi l\u00eddrami vykazuj\u00fa a\u017e o 30 % vy\u0161\u0161iu pracovn\u00fa anga\u017eovanos\u0165.<\/p>\n\n\n\n<h3 class=\"wp-block-heading\">5. T\u00edmov\u00e1 pr\u00e1ca a spolupr\u00e1ca<\/h3>\n\n\n\n<p>Efekt\u00edvna spolupr\u00e1ca je nevyhnutn\u00e1 v multidisciplin\u00e1rnych a vzdialen\u00fdch projektoch.<\/p>\n\n\n\n<p>Schopnos\u0165 zdie\u013ea\u0165 vedomosti, po\u010d\u00fava\u0165 n\u00e1pady a prispieva\u0165 rie\u0161eniami prispieva ku kolekt\u00edvnemu \u00faspechu.<\/p>\n\n\n\n<h3 class=\"wp-block-heading\">6. Kreativita a inov\u00e1cia<\/h3>\n\n\n\n<p>Okrem dodr\u017eiavania protokolov h\u013eadaj\u00fa spolo\u010dnosti \u013eud\u00ed schopn\u00fdch generova\u0165 origin\u00e1lne n\u00e1pady a prevratn\u00e9 rie\u0161enia.<\/p>\n\n\n\n<p>Vo svete, kde umel\u00e1 inteligencia automatizuje opakuj\u00face sa \u00falohy, sa \u013eudsk\u00e1 kreativita st\u00e1va strategick\u00fdm zdrojom.<\/p>\n\n\n\n<h3 class=\"wp-block-heading\">7. Riadenie \u010dasu a produktivita<\/h3>\n\n\n\n<p>Hybridn\u00e1 pr\u00e1ca si vy\u017eaduje efekt\u00edvnos\u0165.<\/p>\n\n\n\n<p>Stanovenie prior\u00edt \u00faloh, organizovanie projektov a auton\u00f3mne dosahovanie cie\u013eov je k\u013e\u00fa\u010dov\u00e1 zru\u010dnos\u0165, ktor\u00e1 priamo ovplyv\u0148uje ziskovos\u0165 spolo\u010dnosti.<\/p>\n\n\n\n<h3 class=\"wp-block-heading\">8. Schopnos\u0165 neust\u00e1leho vzdel\u00e1vania<\/h3>\n\n\n\n<p>Neust\u00e1le vzdel\u00e1vanie je nevyhnutn\u00e9 na prisp\u00f4sobenie sa nov\u00fdm n\u00e1strojom, metodik\u00e1m a trendom.<\/p>\n\n\n\n<p>Neust\u00e1le vzdel\u00e1vanie zabezpe\u010duje profesion\u00e1lnu relevantnos\u0165 a schopnos\u0165 prij\u00edma\u0165 nov\u00e9 \u00falohy.<\/p>\n\n\n\n<h3 class=\"wp-block-heading\">9. Inkluz\u00edvne vedenie<\/h3>\n\n\n\n<p>Vedenie r\u00f4znorod\u00fdch t\u00edmov si vy\u017eaduje empatiu, v\u00edziu a motiva\u010dn\u00e9 schopnosti. Inkluz\u00edvny l\u00edder podporuje prostredie spolupr\u00e1ce, inov\u00e1cie a anga\u017eovanosti.<\/p>\n\n\n\n<h3 class=\"wp-block-heading\">10. Vyjedn\u00e1vanie a rie\u0161enie konfliktov<\/h3>\n\n\n\n<p>Vedie\u0165, ako dosahova\u0165 dohody, sprostredkova\u0165 nezhody a budova\u0165 konsenzus, je nevyhnutn\u00e9 v zlo\u017eitom a konkuren\u010dnom prostred\u00ed. <\/p>\n\n\n\n<p>Tieto zru\u010dnosti prispievaj\u00fa k udr\u017eiavaniu zdrav\u00fdch a produkt\u00edvnych pracovn\u00fdch vz\u0165ahov.<\/p>\n\n\n\n<h2 class=\"wp-block-heading\">Tabu\u013eka m\u00e4kk\u00fdch zru\u010dnost\u00ed a predpokladan\u00fd dopyt v roku 2025<\/h2>\n\n\n\n<figure class=\"wp-block-table\"><table><thead><tr><th>M\u00e4kk\u00e9 zru\u010dnosti<\/th><th>Odhadovan\u00fd dopyt (%)<\/th><th>Vplyv na produktivitu<\/th><\/tr><\/thead><tbody><tr><td>Efekt\u00edvna komunik\u00e1cia<\/td><td>36%<\/td><td>Vysok\u00e1<\/td><\/tr><tr><td>Prisp\u00f4sobivos\u0165 a odolnos\u0165<\/td><td>34%<\/td><td>Ve\u013emi vysok\u00e1<\/td><\/tr><tr><td>Kritick\u00e9 myslenie<\/td><td>32%<\/td><td>Vysok\u00e1<\/td><\/tr><tr><td>Emocion\u00e1lna inteligencia<\/td><td>30%<\/td><td>Vysok\u00e1<\/td><\/tr><tr><td>T\u00edmov\u00e1 pr\u00e1ca<\/td><td>28%<\/td><td>Stredne vysok\u00e9<\/td><\/tr><tr><td>Kreativita<\/td><td>25%<\/td><td>Vysok\u00e1<\/td><\/tr><tr><td>Riadenie \u010dasu<\/td><td>22%<\/td><td>Priemern\u00fd<\/td><\/tr><tr><td>Neust\u00e1le vzdel\u00e1vanie<\/td><td>20%<\/td><td>Priemern\u00fd<\/td><\/tr><tr><td>Inkluz\u00edvne vedenie<\/td><td>18%<\/td><td>Priemern\u00fd<\/td><\/tr><tr><td>Vyjedn\u00e1vanie<\/td><td>15%<\/td><td>Priemern\u00fd<\/td><\/tr><\/tbody><\/table><figcaption class=\"wp-element-caption\">Zdroj: Hays, Svetov\u00e9 ekonomick\u00e9 f\u00f3rum, 2025.<\/figcaption><\/figure>\n\n\n\n<figure class=\"wp-block-gallery aligncenter has-nested-images columns-default is-cropped wp-block-gallery-2 is-layout-flex wp-block-gallery-is-layout-flex\">\n<figure class=\"wp-block-image size-full\"><img loading=\"lazy\" decoding=\"async\" width=\"450\" height=\"250\" data-id=\"10202\" src=\"https:\/\/universofamilia.com\/wp-content\/uploads\/sites\/148\/2025\/10\/Destaque-Novo-Universo-21.jpg\" alt=\"\" class=\"wp-image-10202\" srcset=\"https:\/\/universofamilia.com\/wp-content\/uploads\/sites\/148\/2025\/10\/Destaque-Novo-Universo-21.jpg 450w, https:\/\/universofamilia.com\/wp-content\/uploads\/sites\/148\/2025\/10\/Destaque-Novo-Universo-21-300x167.jpg 300w, https:\/\/universofamilia.com\/wp-content\/uploads\/sites\/148\/2025\/10\/Destaque-Novo-Universo-21-18x10.jpg 18w\" sizes=\"(max-width: 450px) 100vw, 450px\" \/><figcaption class=\"wp-element-caption\">CANVA<\/figcaption><\/figure>\n<\/figure>\n\n\n\n<p>\u010c\u00edtajte viac:\u00a0<a href=\"https:\/\/universofamilia.com\/sk\/el-teletrabajo-en-2025-las-nuevas-tendencias-del-home-office\/\">Pr\u00e1ca na dia\u013eku v roku 2025: Nov\u00e9 trendy v pr\u00e1ci z domu<\/a><\/p>\n\n\n\n<h2 class=\"wp-block-heading\">Ako rozv\u00edja\u0165 tieto m\u00e4kk\u00e9 zru\u010dnosti<\/h2>\n\n\n\n<ol>\n<li><strong>Efekt\u00edvna komunik\u00e1cia:<\/strong> workshopy verejn\u00e9ho vystupovania, pravideln\u00e9 prezent\u00e1cie, 360\u00ba sp\u00e4tn\u00e1 v\u00e4zba.<\/li>\n\n\n\n<li><strong>Prisp\u00f4sobivos\u0165:<\/strong> kurzy nov\u00fdch technol\u00f3gi\u00ed, pilotn\u00e9 projekty, mentoring.<\/li>\n\n\n\n<li><strong>Kritick\u00e9 myslenie:<\/strong> anal\u00fdza pr\u00edpadov, debaty a cvi\u010denia na rie\u0161enie probl\u00e9mov.<\/li>\n\n\n\n<li><strong>Emocion\u00e1lna inteligencia:<\/strong> v\u0161\u00edmavos\u0165, kou\u010ding a pravideln\u00e9 sebahodnotenie.<\/li>\n\n\n\n<li><strong>T\u00edmov\u00e1 pr\u00e1ca:<\/strong> \u00fa\u010das\u0165 na spolo\u010dn\u00fdch projektoch a firemn\u00e9 dobrovo\u013en\u00edctvo.<\/li>\n\n\n\n<li><strong>Kreativita:<\/strong> priestory pre inov\u00e1cie, brainstorming a r\u00fdchle prototypovanie.<\/li>\n\n\n\n<li><strong>Riadenie \u010dasu:<\/strong> n\u00e1stroje digit\u00e1lnej produktivity, t\u00fd\u017edenn\u00e9 pl\u00e1novanie.<\/li>\n\n\n\n<li><strong>Neust\u00e1le vzdel\u00e1vanie:<\/strong> online kurzy, webin\u00e1re, \u010d\u00edtanie trendov.<\/li>\n\n\n\n<li><strong>Inkluz\u00edvne vedenie:<\/strong> \u0161kolenia o diverzite, mentoring a sp\u00e4tn\u00e1 v\u00e4zba t\u00edmu.<\/li>\n\n\n\n<li><strong>Vyjedn\u00e1vanie:<\/strong> hranie rol\u00ed, pr\u00edpadov\u00e9 \u0161t\u00fadie a simul\u00e1cie konfliktov.<\/li>\n<\/ol>\n\n\n\n<h2 class=\"wp-block-heading\">Sektory, v ktor\u00fdch maj\u00fa m\u00e4kk\u00e9 zru\u010dnosti najv\u00e4\u010d\u0161\u00ed vplyv v Mexiku<\/h2>\n\n\n\n<ul>\n<li><strong>Technol\u00f3gia:<\/strong> spolupr\u00e1ca, prisp\u00f4sobivos\u0165 a neust\u00e1le vzdel\u00e1vanie.<\/li>\n\n\n\n<li><strong>Finan\u010dn\u00e9 slu\u017eby:<\/strong> komunik\u00e1cia, vyjedn\u00e1vanie a kritick\u00e9 myslenie.<\/li>\n\n\n\n<li><strong>Maloobchod a obchod:<\/strong> z\u00e1kazn\u00edcky servis, odolnos\u0165 a riadenie \u010dasu.<\/li>\n\n\n\n<li><strong>V\u00fdroba:<\/strong> t\u00edmov\u00e1 pr\u00e1ca, rie\u0161enie probl\u00e9mov a inkluz\u00edvne vedenie.<\/li>\n\n\n\n<li><strong>Konzult\u00e1cie a vzdel\u00e1vanie:<\/strong> kreativita, emocion\u00e1lna inteligencia a vodcovstvo.<\/li>\n<\/ul>\n\n\n\n<h2 class=\"wp-block-heading\">Pr\u00edklady profesion\u00e1lnych aplik\u00e1ci\u00ed<\/h2>\n\n\n\n<p><strong>Pr\u00edklad 1:<\/strong> Laura, \u0161pecialistka na \u013eudsk\u00e9 zdroje, implementuje anal\u00fdzu \u013eud\u00ed pomocou emocion\u00e1lnej inteligencie na interpret\u00e1ciu \u00fadajov o v\u00fdkonnosti a pracovnom prostred\u00ed.<\/p>\n\n\n\n<p>Ich pr\u00edstup zlep\u0161uje udr\u017eanie talentov o 18%.<\/p>\n\n\n\n<p><strong>Pr\u00edklad 2:<\/strong> Juan, UX dizajn\u00e9r, kombinuje kreativitu a kritick\u00e9 myslenie s cie\u013eom zlep\u0161i\u0165 pou\u017e\u00edvate\u013esk\u00fa sk\u00fasenos\u0165 s finan\u010dnou aplik\u00e1ciou, zv\u00fd\u0161i\u0165 anga\u017eovanos\u0165 a zn\u00ed\u017ei\u0165 po\u010det ch\u00fdb pri navig\u00e1cii.<\/p>\n\n\n\n<h2 class=\"wp-block-heading\">Strat\u00e9gia na integr\u00e1ciu m\u00e4kk\u00fdch zru\u010dnost\u00ed do va\u0161ej kari\u00e9ry<\/h2>\n\n\n\n<ol>\n<li><strong>Sebahodnotenie:<\/strong> identifikuje siln\u00e9 str\u00e1nky a oblasti na zlep\u0161enie.<\/li>\n\n\n\n<li><strong>Pl\u00e1n rozvoja:<\/strong> vyberte si najrelevantnej\u0161ie zru\u010dnosti pod\u013ea v\u00e1\u0161ho odvetvia.<\/li>\n\n\n\n<li><strong>Neust\u00e1la prax:<\/strong> aplikujte to, \u010do ste sa nau\u010dili, v re\u00e1lnych projektoch.<\/li>\n\n\n\n<li><strong>Vidite\u013enos\u0165:<\/strong> komunikujte svoje zru\u010dnosti v profesion\u00e1lnych sie\u0165ach a na pohovoroch.<\/li>\n\n\n\n<li><strong>Pravideln\u00e9 hodnotenie:<\/strong> meria pokrok a upravuje ciele pod\u013ea zmien na trhu.<\/li>\n<\/ol>\n\n\n\n<h2 class=\"wp-block-heading\">Trendy, ktor\u00e9 ovplyvnia m\u00e4kk\u00e9 zru\u010dnosti v roku 2025<\/h2>\n\n\n\n<ul>\n<li>Umel\u00e1 inteligencia a automatiz\u00e1cia si bud\u00fa vy\u017eadova\u0165 v\u00e4\u010d\u0161iu spolupr\u00e1cu medzi \u010dlovekom a strojom.<\/li>\n\n\n\n<li>Hybridn\u00e9 t\u00edmy zvy\u0161uj\u00fa d\u00f4le\u017eitos\u0165 jasnej komunik\u00e1cie a riadenia \u010dasu.<\/li>\n\n\n\n<li>Genera\u010dn\u00e1 a kult\u00farna rozmanitos\u0165 si vy\u017eaduje inkluz\u00edvne vedenie a empatiu.<\/li>\n<\/ul>\n\n\n\n<p>Tieto trendy zd\u00f4raz\u0148uj\u00fa, \u017ee \u013eudsk\u00e9 zru\u010dnosti zostan\u00fa ur\u010duj\u00facim faktorom, a to aj vo vysoko technologickom prostred\u00ed.<\/p>\n\n\n\n<h2 class=\"wp-block-heading\">Z\u00e1ver<\/h2>\n\n\n\n<p>Str\u00e1nka <strong>Najcennej\u0161ie m\u00e4kk\u00e9 zru\u010dnosti v roku 2025<\/strong> Nie s\u00fa luxusom ani doplnkom; s\u00fa nevyhnutn\u00e9 pre to, aby ste vynikli na meniacom sa trhu pr\u00e1ce. Ich rozvoj v\u00e1m umo\u017e\u0148uje:<\/p>\n\n\n\n<ul>\n<li>Prisp\u00f4sobte sa nov\u00fdm rol\u00e1m a technol\u00f3gi\u00e1m.<\/li>\n\n\n\n<li>Efekt\u00edvne spolupracova\u0165 s r\u00f4znorod\u00fdmi t\u00edmami.<\/li>\n\n\n\n<li>Robte informovan\u00e9 a kreat\u00edvne rozhodnutia.<\/li>\n\n\n\n<li>Ve\u010fte s empatiou a strategickou v\u00edziou.<\/li>\n<\/ul>\n\n\n\n<p>Investovanie do t\u00fdchto zru\u010dnost\u00ed je invest\u00edciou do va\u0161ej profesion\u00e1lnej bud\u00facnosti a zabezpe\u010den\u00edm toho, aby va\u0161a kari\u00e9ra nielen pre\u017eila, ale aj prosperovala.<\/p>\n\n\n\n<p>\u010c\u00edtajte viac:<a href=\"https:\/\/universofamilia.com\/sk\/tres-pilares-esenciales-para-una-carrera-robusta\/\">\u00a0Tri z\u00e1kladn\u00e9 piliere pre siln\u00fa kari\u00e9ru<\/a><\/p>\n\n\n\n<h2 class=\"wp-block-heading\">\u010casto kladen\u00e9 ot\u00e1zky<\/h2>\n\n\n\n<p><strong>Pre\u010do s\u00fa m\u00e4kk\u00e9 zru\u010dnosti tak\u00e9 d\u00f4le\u017eit\u00e9 v porovnan\u00ed s tvrd\u00fdmi zru\u010dnos\u0165ami?<\/strong><br>Preto\u017ee v\u00e1m umo\u017e\u0148uj\u00fa efekt\u00edvne uplat\u0148ova\u0165 technick\u00e9 znalosti, prisp\u00f4sobova\u0165 sa zmen\u00e1m a spolupracova\u0165 v zlo\u017eit\u00fdch prostrediach.<\/p>\n\n\n\n<p><strong>Daj\u00fa sa tieto zru\u010dnosti rozv\u00edja\u0165 samou\u010den\u00edm?<\/strong><br>\u00c1no, prostredn\u00edctvom neust\u00e1lej praxe, sp\u00e4tnej v\u00e4zby, online kurzov a pracovn\u00fdch sk\u00fasenost\u00ed z re\u00e1lneho \u017eivota.<\/p>\n\n\n\n<p><strong>Ak\u00e1 je v s\u00fa\u010dasnosti v Mexiku najcennej\u0161ia m\u00e4kk\u00e1 zru\u010dnos\u0165?<\/strong><br>Pod\u013ea Haysa a Svetov\u00e9ho ekonomick\u00e9ho f\u00f3ra ved\u00fa dopyt efekt\u00edvna komunik\u00e1cia a prisp\u00f4sobivos\u0165.<\/p>\n\n\n\n<p><strong>Ako zmer\u00e1m svoj pokrok v m\u00e4kk\u00fdch zru\u010dnostiach?<\/strong><br>Prostredn\u00edctvom pravideln\u00fdch sebahodnoten\u00ed, sp\u00e4tnej v\u00e4zby od kolegov a hmatate\u013en\u00fdch v\u00fdsledkov projektu.<\/p>\n\n\n\n<p><strong>Ktor\u00e9 sektory si vy\u017eaduj\u00fa najviac kreativity a inov\u00e1ci\u00ed?<\/strong><br>Technol\u00f3gia, poradenstvo, dizajn, digit\u00e1lny marketing a vzdel\u00e1vanie s\u00fa sektory s najvy\u0161\u0161\u00edm dopytom po aplikovanej kreativite.<\/p>","protected":false},"excerpt":{"rendered":"<p>Vo svete pr\u00e1ce, kde technol\u00f3gie nanovo definuj\u00fa sp\u00f4sob, ak\u00fdm pracujeme, sa pochopenie toho, ako vyu\u017ei\u0165 najcennej\u0161ie m\u00e4kk\u00e9 zru\u010dnosti v roku 2025, st\u00e1va nevyhnutn\u00fdm pre t\u00fdch, ktor\u00ed chc\u00fa nielen pre\u017ei\u0165, ale aj vynikn\u00fa\u0165. Automatiz\u00e1cia, umel\u00e1 inteligencia, globaliz\u00e1cia a hybridn\u00e9 modely zmenili dynamiku organiz\u00e1ci\u00ed. Dnes ma\u0165 titul [\u2026]<\/p>","protected":false},"author":219,"featured_media":10200,"comment_status":"closed","ping_status":"open","sticky":false,"template":"","format":"standard","meta":{"footnotes":""},"categories":[5],"tags":[],"yoast_head":"<!-- This site is optimized with the Yoast SEO plugin v23.3 - https:\/\/yoast.com\/wordpress\/plugins\/seo\/ -->\n<title>Soft skills m\u00e1s valoradas en 2025 - Universo Fam\u00edlia<\/title>\n<meta name=\"description\" content=\"En un mundo laboral donde la tecnolog\u00eda redefine la manera de trabajar, entender c\u00f3mo potenciar las soft skills m\u00e1s valoradas en 2025 se...\" \/>\n<meta name=\"robots\" content=\"index, follow, max-snippet:-1, max-image-preview:large, max-video-preview:-1\" \/>\n<link rel=\"canonical\" href=\"https:\/\/universofamilia.com\/sk\/soft-skills-mas-valoradas-en-2025\/\" \/>\n<meta property=\"og:locale\" content=\"sk_SK\" \/>\n<meta property=\"og:type\" content=\"article\" \/>\n<meta property=\"og:title\" content=\"Soft skills m\u00e1s valoradas en 2025 - Universo Fam\u00edlia\" \/>\n<meta property=\"og:description\" content=\"En un mundo laboral donde la tecnolog\u00eda redefine la manera de trabajar, entender c\u00f3mo potenciar las soft skills m\u00e1s valoradas en 2025 se...\" \/>\n<meta property=\"og:url\" content=\"https:\/\/universofamilia.com\/sk\/soft-skills-mas-valoradas-en-2025\/\" \/>\n<meta property=\"og:site_name\" content=\"Universo Fam\u00edlia\" \/>\n<meta property=\"article:published_time\" content=\"2025-10-23T17:55:44+00:00\" \/>\n<meta property=\"article:modified_time\" content=\"2025-10-23T17:55:46+00:00\" \/>\n<meta property=\"og:image\" content=\"https:\/\/universofamilia.com\/wp-content\/uploads\/sites\/148\/2025\/10\/Destaque-Novo-Universo-20.jpg\" \/>\n\t<meta property=\"og:image:width\" content=\"450\" \/>\n\t<meta property=\"og:image:height\" content=\"250\" \/>\n\t<meta property=\"og:image:type\" content=\"image\/jpeg\" \/>\n<meta name=\"author\" content=\"Matheus Sangaletti\" \/>\n<meta name=\"twitter:card\" content=\"summary_large_image\" \/>\n<meta name=\"twitter:label1\" content=\"Written by\" \/>\n\t<meta name=\"twitter:data1\" content=\"Matheus Sangaletti\" \/>\n\t<meta name=\"twitter:label2\" content=\"Est. reading time\" \/>\n\t<meta name=\"twitter:data2\" content=\"9 min\u00fat\" \/>\n<script type=\"application\/ld+json\" class=\"yoast-schema-graph\">{\"@context\":\"https:\/\/schema.org\",\"@graph\":[{\"@type\":\"WebPage\",\"@id\":\"https:\/\/universofamilia.com\/sr\/soft-skills-mas-valoradas-en-2025\/\",\"url\":\"https:\/\/universofamilia.com\/sr\/soft-skills-mas-valoradas-en-2025\/\",\"name\":\"Soft skills m\u00e1s valoradas en 2025 - Universo Fam\u00edlia\",\"isPartOf\":{\"@id\":\"https:\/\/universofamilia.com\/el\/#website\"},\"primaryImageOfPage\":{\"@id\":\"https:\/\/universofamilia.com\/sr\/soft-skills-mas-valoradas-en-2025\/#primaryimage\"},\"image\":{\"@id\":\"https:\/\/universofamilia.com\/sr\/soft-skills-mas-valoradas-en-2025\/#primaryimage\"},\"thumbnailUrl\":\"https:\/\/universofamilia.com\/wp-content\/uploads\/sites\/148\/2025\/10\/Destaque-Novo-Universo-20.jpg\",\"datePublished\":\"2025-10-23T17:55:44+00:00\",\"dateModified\":\"2025-10-23T17:55:46+00:00\",\"author\":{\"@id\":\"https:\/\/universofamilia.com\/el\/#\/schema\/person\/92fcd07e9b1f4323bf74f3170fc0f78a\"},\"description\":\"En un mundo laboral donde la tecnolog\u00eda redefine la manera de trabajar, entender c\u00f3mo potenciar las soft skills m\u00e1s valoradas en 2025 se...\",\"breadcrumb\":{\"@id\":\"https:\/\/universofamilia.com\/sr\/soft-skills-mas-valoradas-en-2025\/#breadcrumb\"},\"inLanguage\":\"sk-SK\",\"potentialAction\":[{\"@type\":\"ReadAction\",\"target\":[\"https:\/\/universofamilia.com\/sr\/soft-skills-mas-valoradas-en-2025\/\"]}]},{\"@type\":\"ImageObject\",\"inLanguage\":\"sk-SK\",\"@id\":\"https:\/\/universofamilia.com\/sr\/soft-skills-mas-valoradas-en-2025\/#primaryimage\",\"url\":\"https:\/\/universofamilia.com\/wp-content\/uploads\/sites\/148\/2025\/10\/Destaque-Novo-Universo-20.jpg\",\"contentUrl\":\"https:\/\/universofamilia.com\/wp-content\/uploads\/sites\/148\/2025\/10\/Destaque-Novo-Universo-20.jpg\",\"width\":450,\"height\":250},{\"@type\":\"BreadcrumbList\",\"@id\":\"https:\/\/universofamilia.com\/sr\/soft-skills-mas-valoradas-en-2025\/#breadcrumb\",\"itemListElement\":[{\"@type\":\"ListItem\",\"position\":1,\"name\":\"Home\",\"item\":\"https:\/\/universofamilia.com\/el\/\"},{\"@type\":\"ListItem\",\"position\":2,\"name\":\"Soft skills m\u00e1s valoradas en 2025\"}]},{\"@type\":\"WebSite\",\"@id\":\"https:\/\/universofamilia.com\/el\/#website\",\"url\":\"https:\/\/universofamilia.com\/el\/\",\"name\":\"Universo Fam\u00edlia\",\"description\":\"\",\"potentialAction\":[{\"@type\":\"SearchAction\",\"target\":{\"@type\":\"EntryPoint\",\"urlTemplate\":\"https:\/\/universofamilia.com\/el\/?s={search_term_string}\"},\"query-input\":\"required name=search_term_string\"}],\"inLanguage\":\"sk-SK\"},{\"@type\":\"Person\",\"@id\":\"https:\/\/universofamilia.com\/el\/#\/schema\/person\/92fcd07e9b1f4323bf74f3170fc0f78a\",\"name\":\"Matheus Sangaletti\",\"image\":{\"@type\":\"ImageObject\",\"inLanguage\":\"sk-SK\",\"@id\":\"https:\/\/universofamilia.com\/el\/#\/schema\/person\/image\/\",\"url\":\"https:\/\/secure.gravatar.com\/avatar\/280ea957a14a48e6a1ad2133d2cc27c9?s=96&d=mm&r=g\",\"contentUrl\":\"https:\/\/secure.gravatar.com\/avatar\/280ea957a14a48e6a1ad2133d2cc27c9?s=96&d=mm&r=g\",\"caption\":\"Matheus Sangaletti\"},\"url\":\"https:\/\/universofamilia.com\/sk\/author\/matheuss\/\"}]}<\/script>\n<!-- \/ Yoast SEO plugin. -->","yoast_head_json":{"title":"Soft skills m\u00e1s valoradas en 2025 - Universo Fam\u00edlia","description":"En un mundo laboral donde la tecnolog\u00eda redefine la manera de trabajar, entender c\u00f3mo potenciar las soft skills m\u00e1s valoradas en 2025 se...","robots":{"index":"index","follow":"follow","max-snippet":"max-snippet:-1","max-image-preview":"max-image-preview:large","max-video-preview":"max-video-preview:-1"},"canonical":"https:\/\/universofamilia.com\/sk\/soft-skills-mas-valoradas-en-2025\/","og_locale":"sk_SK","og_type":"article","og_title":"Soft skills m\u00e1s valoradas en 2025 - Universo Fam\u00edlia","og_description":"En un mundo laboral donde la tecnolog\u00eda redefine la manera de trabajar, entender c\u00f3mo potenciar las soft skills m\u00e1s valoradas en 2025 se...","og_url":"https:\/\/universofamilia.com\/sk\/soft-skills-mas-valoradas-en-2025\/","og_site_name":"Universo Fam\u00edlia","article_published_time":"2025-10-23T17:55:44+00:00","article_modified_time":"2025-10-23T17:55:46+00:00","og_image":[{"width":450,"height":250,"url":"https:\/\/universofamilia.com\/wp-content\/uploads\/sites\/148\/2025\/10\/Destaque-Novo-Universo-20.jpg","type":"image\/jpeg"}],"author":"Matheus Sangaletti","twitter_card":"summary_large_image","twitter_misc":{"Written by":"Matheus Sangaletti","Est. reading time":"9 min\u00fat"},"schema":{"@context":"https:\/\/schema.org","@graph":[{"@type":"WebPage","@id":"https:\/\/universofamilia.com\/sr\/soft-skills-mas-valoradas-en-2025\/","url":"https:\/\/universofamilia.com\/sr\/soft-skills-mas-valoradas-en-2025\/","name":"Soft skills m\u00e1s valoradas en 2025 - Universo Fam\u00edlia","isPartOf":{"@id":"https:\/\/universofamilia.com\/el\/#website"},"primaryImageOfPage":{"@id":"https:\/\/universofamilia.com\/sr\/soft-skills-mas-valoradas-en-2025\/#primaryimage"},"image":{"@id":"https:\/\/universofamilia.com\/sr\/soft-skills-mas-valoradas-en-2025\/#primaryimage"},"thumbnailUrl":"https:\/\/universofamilia.com\/wp-content\/uploads\/sites\/148\/2025\/10\/Destaque-Novo-Universo-20.jpg","datePublished":"2025-10-23T17:55:44+00:00","dateModified":"2025-10-23T17:55:46+00:00","author":{"@id":"https:\/\/universofamilia.com\/el\/#\/schema\/person\/92fcd07e9b1f4323bf74f3170fc0f78a"},"description":"En un mundo laboral donde la tecnolog\u00eda redefine la manera de trabajar, entender c\u00f3mo potenciar las soft skills m\u00e1s valoradas en 2025 se...","breadcrumb":{"@id":"https:\/\/universofamilia.com\/sr\/soft-skills-mas-valoradas-en-2025\/#breadcrumb"},"inLanguage":"sk-SK","potentialAction":[{"@type":"ReadAction","target":["https:\/\/universofamilia.com\/sr\/soft-skills-mas-valoradas-en-2025\/"]}]},{"@type":"ImageObject","inLanguage":"sk-SK","@id":"https:\/\/universofamilia.com\/sr\/soft-skills-mas-valoradas-en-2025\/#primaryimage","url":"https:\/\/universofamilia.com\/wp-content\/uploads\/sites\/148\/2025\/10\/Destaque-Novo-Universo-20.jpg","contentUrl":"https:\/\/universofamilia.com\/wp-content\/uploads\/sites\/148\/2025\/10\/Destaque-Novo-Universo-20.jpg","width":450,"height":250},{"@type":"BreadcrumbList","@id":"https:\/\/universofamilia.com\/sr\/soft-skills-mas-valoradas-en-2025\/#breadcrumb","itemListElement":[{"@type":"ListItem","position":1,"name":"Home","item":"https:\/\/universofamilia.com\/el\/"},{"@type":"ListItem","position":2,"name":"Soft skills m\u00e1s valoradas en 2025"}]},{"@type":"WebSite","@id":"https:\/\/universofamilia.com\/el\/#website","url":"https:\/\/universofamilia.com\/el\/","name":"Universo Fam\u00edlia","description":"","potentialAction":[{"@type":"SearchAction","target":{"@type":"EntryPoint","urlTemplate":"https:\/\/universofamilia.com\/el\/?s={search_term_string}"},"query-input":"required name=search_term_string"}],"inLanguage":"sk-SK"},{"@type":"Person","@id":"https:\/\/universofamilia.com\/el\/#\/schema\/person\/92fcd07e9b1f4323bf74f3170fc0f78a","name":"Matheus Sangaletti","image":{"@type":"ImageObject","inLanguage":"sk-SK","@id":"https:\/\/universofamilia.com\/el\/#\/schema\/person\/image\/","url":"https:\/\/secure.gravatar.com\/avatar\/280ea957a14a48e6a1ad2133d2cc27c9?s=96&d=mm&r=g","contentUrl":"https:\/\/secure.gravatar.com\/avatar\/280ea957a14a48e6a1ad2133d2cc27c9?s=96&d=mm&r=g","caption":"Matheus Sangaletti"},"url":"https:\/\/universofamilia.com\/sk\/author\/matheuss\/"}]}},"_links":{"self":[{"href":"https:\/\/universofamilia.com\/sk\/wp-json\/wp\/v2\/posts\/10199"}],"collection":[{"href":"https:\/\/universofamilia.com\/sk\/wp-json\/wp\/v2\/posts"}],"about":[{"href":"https:\/\/universofamilia.com\/sk\/wp-json\/wp\/v2\/types\/post"}],"author":[{"embeddable":true,"href":"https:\/\/universofamilia.com\/sk\/wp-json\/wp\/v2\/users\/219"}],"replies":[{"embeddable":true,"href":"https:\/\/universofamilia.com\/sk\/wp-json\/wp\/v2\/comments?post=10199"}],"version-history":[{"count":1,"href":"https:\/\/universofamilia.com\/sk\/wp-json\/wp\/v2\/posts\/10199\/revisions"}],"predecessor-version":[{"id":10203,"href":"https:\/\/universofamilia.com\/sk\/wp-json\/wp\/v2\/posts\/10199\/revisions\/10203"}],"wp:featuredmedia":[{"embeddable":true,"href":"https:\/\/universofamilia.com\/sk\/wp-json\/wp\/v2\/media\/10200"}],"wp:attachment":[{"href":"https:\/\/universofamilia.com\/sk\/wp-json\/wp\/v2\/media?parent=10199"}],"wp:term":[{"taxonomy":"category","embeddable":true,"href":"https:\/\/universofamilia.com\/sk\/wp-json\/wp\/v2\/categories?post=10199"},{"taxonomy":"post_tag","embeddable":true,"href":"https:\/\/universofamilia.com\/sk\/wp-json\/wp\/v2\/tags?post=10199"}],"curies":[{"name":"wp","href":"https:\/\/api.w.org\/{rel}","templated":true}]}}