{"id":10213,"date":"2025-10-27T12:35:00","date_gmt":"2025-10-27T15:35:00","guid":{"rendered":"https:\/\/universofamilia.com\/?p=10213"},"modified":"2025-10-27T12:35:18","modified_gmt":"2025-10-27T15:35:18","slug":"economia-mundial-en-2025-recesion-o-recuperacion","status":"publish","type":"post","link":"https:\/\/universofamilia.com\/sk\/economia-mundial-en-2025-recesion-o-recuperacion\/","title":{"rendered":"Svetov\u00e1 ekonomika v roku 2025: Recesia alebo o\u017eivenie?"},"content":{"rendered":"<p class=\"has-text-align-center\">Budeme analyzova\u0165 v\u00fdh\u013ead MMF na <strong>svetov\u00e1 ekonomika v roku 2025<\/strong>, faktory poukazuj\u00face na recesiu alebo o\u017eivenie a ich d\u00f4sledky pre Latinsk\u00fa Ameriku.<\/p>\n\n\n\n<figure class=\"wp-block-gallery aligncenter has-nested-images columns-default is-cropped wp-block-gallery-1 is-layout-flex wp-block-gallery-is-layout-flex\">\n<figure class=\"wp-block-image size-full\"><img loading=\"lazy\" decoding=\"async\" width=\"450\" height=\"250\" data-id=\"10215\" src=\"https:\/\/universofamilia.com\/wp-content\/uploads\/sites\/148\/2025\/10\/Destaque-Novo-Universo-23-1.jpg\" alt=\"\" class=\"wp-image-10215\" srcset=\"https:\/\/universofamilia.com\/wp-content\/uploads\/sites\/148\/2025\/10\/Destaque-Novo-Universo-23-1.jpg 450w, https:\/\/universofamilia.com\/wp-content\/uploads\/sites\/148\/2025\/10\/Destaque-Novo-Universo-23-1-300x167.jpg 300w, https:\/\/universofamilia.com\/wp-content\/uploads\/sites\/148\/2025\/10\/Destaque-Novo-Universo-23-1-18x10.jpg 18w\" sizes=\"(max-width: 450px) 100vw, 450px\" \/><figcaption class=\"wp-element-caption\">CANVA<\/figcaption><\/figure>\n<\/figure>\n\n\n\n<p class=\"has-text-align-center\">Taktie\u017e presk\u00famame, ak\u00e9 strategick\u00e9 rozhodnutia by mohli ma\u0165 vplyv na krajiny a podniky.<\/p>\n\n\n\n<p class=\"has-text-align-center\">S \u013eudsk\u00fdm a realistick\u00fdm pr\u00edstupom jasne vysvetl\u00edm, pre\u010do je ot\u00e1zka dan\u00e1 <strong>\u201eMedzin\u00e1rodn\u00fd menov\u00fd fond 2025: Recesia alebo o\u017eivenie?\u201c<\/strong> je relevantnej\u0161ie ako kedyko\u013evek predt\u00fdm.<\/p>\n\n\n\n<p><br><strong>Glob\u00e1lna ekonomika v roku 2025: Recesia alebo o\u017eivenie?<\/strong><\/p>\n\n\n\n<p>Je to tento rok stredobodom ekonomickej debaty a toto k\u013e\u00fa\u010dov\u00e9 slovo sa v skuto\u010dnosti objavuje u\u017e od prv\u00e9ho riadku, aby prirodzene posilnilo jeho pr\u00edtomnos\u0165.<\/p>\n\n\n\n<p>Toto nie je hypotetick\u00fd scen\u00e1r; ned\u00e1vne \u00fadaje MMF ukazuj\u00fa, \u017ee glob\u00e1lny rast by mal v 3. \u0161tvr\u0165roku 2013 dosiahnu\u0165 pribli\u017ene 3,2 %, \u010do je len mierne spomalenie oproti 3,3 % v 3. \u0161tvr\u0165roku 2013 v roku 2024.<\/p>\n\n\n\n<p>Jednoducho povedan\u00e9, glob\u00e1lna ekonomika nie je na pokraji kolapsu, ale nach\u00e1dza sa v n\u00e1ro\u010dnom ter\u00e9ne.<\/p>\n\n\n\n<p>Je to ako jazda po dia\u013enici s dobr\u00fdm povrchom, ale s ne\u010dakanou b\u00farkou na obzore. M\u00f4\u017eete sa dr\u017ea\u0165 smeru, ale mus\u00edte prisp\u00f4sobi\u0165 r\u00fdchlos\u0165, brzdy a pozornos\u0165.<\/p>\n\n\n\n<p>T\u00e1to anal\u00f3gia pom\u00e1ha pochopi\u0165, pre\u010do si tento moment vy\u017eaduje rozv\u00e1\u017enos\u0165 a odhodlanie.<\/p>\n\n\n\n<p>\u010ealej presk\u00famame hlavn\u00e9 vektory riz\u00edk a pr\u00edle\u017eitost\u00ed, ako sa prek\u00e1\u017eky l\u00ed\u0161ia pre rozvinut\u00e9 a rozv\u00edjaj\u00face sa krajiny a nakoniec, ak\u00e9 by mohli by\u0165 re\u00e1lne scen\u00e1re pre v\u00e1s, va\u0161u firmu alebo va\u0161u latinskoamerick\u00fa krajinu.<\/p>\n\n\n\n<h2 class=\"wp-block-heading\">Glob\u00e1lny v\u00fdh\u013ead: mierny rast, vysok\u00e9 rizik\u00e1<\/h2>\n\n\n\n<p>Najnov\u0161ie vydanie Svetov\u00e9ho ekonomick\u00e9ho v\u00fdh\u013eadu (WEO) Medzin\u00e1rodn\u00e9ho menov\u00e9ho fondu varuje, \u017ee glob\u00e1lny rast sa postupne spomal\u00ed: z 3,3 % v roku 2024 na pribli\u017ene 3,2 % v roku 2025 a 3,1 % v roku 2026.<\/p>\n\n\n\n<ul>\n<li>V rozvinut\u00fdch ekonomik\u00e1ch sa o\u010dak\u00e1va rast v roku 2025 okolo 1,5 %.<\/li>\n\n\n\n<li>Na rozv\u00edjaj\u00facich sa trhoch sa o\u010dak\u00e1va o nie\u010do viac ako 4 %, hoci s jasne rast\u00facim trendom.<\/li>\n<\/ul>\n\n\n\n<p>Toto spomalenie rastu automaticky neznamen\u00e1 recesiu; priestor na man\u00e9vrovanie je v\u0161ak ove\u013ea men\u0161\u00ed.<\/p>\n\n\n\n<p>Faktory ako obchodn\u00e9 nap\u00e4tie, probl\u00e9my s ponukou pracovnej sily a hromadiaci sa verejn\u00fd dlh ovplyv\u0148uj\u00fa odolnos\u0165.<\/p>\n\n\n\n<p>Napr\u00edklad v spr\u00e1ve sa uv\u00e1dza, \u017ee \u201erizik\u00e1 s\u00fa vych\u00fdlen\u00e9 smerom nadol\u201c.<\/p>\n\n\n\n<p>Relevantn\u00e1 \u0161tatistika: pod\u013ea WEO z okt\u00f3bra 2025 je odhadovan\u00fd glob\u00e1lny rast <strong>3.2 %<\/strong> pre tento rok.<\/p>\n\n\n\n<p>Zost\u00e1va n\u00e1m obraz bal\u00f3na, ktor\u00fd sa na\u010falej nafukuje, ale s mal\u00fdmi \u00fanikmi: zost\u00e1va vo vzduchu, ale s dodato\u010dn\u00fdm \u00fasil\u00edm a rizikom vyf\u00faknutia, ak d\u00f4jde k \u010fal\u0161\u00edm otrasom.<\/p>\n\n\n\n<p>V tomto zmysle n\u00e1zov <strong>\u201eSvetov\u00e1 ekonomika v roku 2025: Recesia alebo o\u017eivenie?\u201c<\/strong> Je to relevantn\u00e1 ot\u00e1zka, ktor\u00e1 si vy\u017eaduje d\u00f4kladn\u00fa anal\u00fdzu.<\/p>\n\n\n\n<h2 class=\"wp-block-heading\">Faktory tla\u010diace do recesie<\/h2>\n\n\n\n<h3 class=\"wp-block-heading\">a) Obchodn\u00e9 nap\u00e4tie a fragment\u00e1cia<\/h3>\n\n\n\n<p>Reorganiz\u00e1cia hodnotov\u00fdch re\u0165azcov spolu s vy\u0161\u0161\u00edmi clami a obchodn\u00fdmi bari\u00e9rami vytv\u00e1ra neistotu. <\/p>\n\n\n\n<p>WEO varuje, \u017ee nadmern\u00e9 spr\u00eds\u0148ovanie obchodnej politiky a glob\u00e1lna fragment\u00e1cia by mohli brzdi\u0165 invest\u00edcie.<\/p>\n\n\n\n<h3 class=\"wp-block-heading\">b) Probl\u00e9my na trhu pr\u00e1ce a demografick\u00e9 \u00fadaje<\/h3>\n\n\n\n<p>Starn\u00faca popul\u00e1cia, ni\u017e\u0161ia miera \u00fa\u010dasti na trhu pr\u00e1ce a nedostatok kvalifikovanej pracovnej sily medzi mlad\u00fdmi \u013eu\u010fmi s\u00fa \u0161truktur\u00e1lnymi obmedzeniami.<\/p>\n\n\n\n<p>Spr\u00e1va uv\u00e1dza, \u017ee stimul\u00e1cia rastu si vy\u017eaduje zlep\u0161enie \u00fa\u010dasti star\u0161\u00edch dospel\u00fdch a \u017eien na trhu pr\u00e1ce.<\/p>\n\n\n\n<h3 class=\"wp-block-heading\">c) Vysok\u00fd dlh a finan\u010dn\u00e1 zranite\u013enos\u0165<\/h3>\n\n\n\n<p>Kombin\u00e1cia pomal\u00e9ho rastu a vysokej \u00farovne zadl\u017eenosti nech\u00e1va mnoh\u00fdm krajin\u00e1m obmedzen\u00fd priestor na man\u00e9vrovanie v pr\u00edpade kr\u00edzy.<\/p>\n\n\n\n<p>MMF varuje, \u017ee finan\u010dn\u00e1 korekcia, scen\u00e1r, ktor\u00fd mnoh\u00ed pova\u017euj\u00fa za nepravdepodobn\u00fd, zost\u00e1va latentnou hrozbou.<\/p>\n\n\n\n<h3 class=\"wp-block-heading\">d) Neo\u010dak\u00e1van\u00e9 \u0161oky: kl\u00edma, geopolitika, technol\u00f3gie<\/h3>\n\n\n\n<p>Pr\u00edkladom by mohol by\u0165 region\u00e1lny konflikt, ktor\u00fd nar\u00fa\u0161a k\u013e\u00fa\u010dov\u00fd export, alebo n\u00e1hla energetick\u00e1 kr\u00edza.<\/p>\n\n\n\n<p>V tak\u00fdchto pr\u00edpadoch sa riziko p\u00e1du do recesie dramaticky zvy\u0161uje.<\/p>\n\n\n\n<p>Anal\u00f3giou by tu bola bicykel id\u00faci s priazniv\u00fdm vetrom: hne\u010f ako vietor zmen\u00ed smer, strat\u00ed sa rovnov\u00e1ha.<\/p>\n\n\n\n<p>Preto sa scen\u00e1r recesie nezd\u00e1 by\u0165 najpravdepodobnej\u0161\u00edm scen\u00e1rom v roku 2025, ale nemo\u017eno ho vyl\u00fa\u010di\u0165.<\/p>\n\n\n\n<p>A pr\u00e1ve kv\u00f4li tejto vysokej \u00farovni rizika je ot\u00e1zka <strong>\u201eSvetov\u00e1 ekonomika v roku 2025: Recesia alebo o\u017eivenie?\u201c<\/strong> by sa malo bra\u0165 v\u00e1\u017ene.<\/p>\n\n\n\n<h2 class=\"wp-block-heading\">Faktory ovplyv\u0148uj\u00face zotavenie<\/h2>\n\n\n\n<h3 class=\"wp-block-heading\">a) Adapt\u00e1cia a odolnos\u0165<\/h3>\n\n\n\n<p>Skuto\u010dnos\u0165, \u017ee glob\u00e1lny rast sa nezr\u00fatil (3.2 %), nazna\u010duje, \u017ee existuje kapacita pre odolnos\u0165: prispievaj\u00fa k tomu technologick\u00e9 sektory, dom\u00e1ca spotreba na rozv\u00edjaj\u00facich sa trhoch a zn\u00ed\u017eenie ur\u010dit\u00fdch obchodn\u00fdch bari\u00e9r.<\/p>\n\n\n\n<h3 class=\"wp-block-heading\">b) Potenci\u00e1l \u0161truktur\u00e1lnych zmien (umel\u00e1 inteligencia, digitaliz\u00e1cia)<\/h3>\n\n\n\n<p>Ned\u00e1vna \u0161t\u00fadia analyzuje, ako prijatie umelej inteligencie (AI) ovplyv\u0148uje glob\u00e1lny hrub\u00fd dom\u00e1ci produkt (HDP), a nazna\u010duje, \u017ee produktivita by sa mohla zv\u00fd\u0161i\u0165, ak by bola sprev\u00e1dzan\u00e1 spr\u00e1vnymi politikami.<\/p>\n\n\n\n<h3 class=\"wp-block-heading\">c) Obnova sektora po pand\u00e9mii<\/h3>\n\n\n\n<p>Sektory, ktor\u00e9 po\u010das pand\u00e9mie zaost\u00e1vali (cestovn\u00e9 ruch, vo\u013en\u00fd \u010das, osobn\u00e9 slu\u017eby), vykazuj\u00fa zn\u00e1mky o\u017eivenia, \u010do umo\u017e\u0148uje op\u00e4tovn\u00fa aktiv\u00e1ciu \u010dasti \u201espiaceho kapit\u00e1lu\u201c.<\/p>\n\n\n\n<h3 class=\"wp-block-heading\">d) Medzin\u00e1rodn\u00e1 spolupr\u00e1ca a \u0161truktur\u00e1lne reformy<\/h3>\n\n\n\n<p>Ak sa vl\u00e1dy rozhodn\u00fa pre koordinovanej\u0161ie politiky, zni\u017eovanie obchodn\u00fdch bari\u00e9r a implement\u00e1ciu reforiem produktivity, m\u00f4\u017eu prinies\u0165 v\u00fdznamn\u00e9 zmeny.<\/p>\n\n\n\n<p>V spr\u00e1ve WEO sa uv\u00e1dza, \u017ee k\u013e\u00fa\u010dov\u00e9 s\u00fa \u201ekon\u0161trukt\u00edvne kroky na podporu stabiln\u00e9ho a predv\u00eddate\u013en\u00e9ho obchodn\u00e9ho prostredia\u201c.<\/p>\n\n\n\n<p>Konkr\u00e9tny pr\u00edklad: latinskoamerick\u00e1 krajina, ktor\u00e1 systematicky investuje do digit\u00e1lnej infra\u0161trukt\u00fary a vzdel\u00e1vania v oblasti technologick\u00fdch zru\u010dnost\u00ed, by mohla z toho profitova\u0165 ove\u013ea r\u00fdchlej\u0161ie ako t\u00e1, ktor\u00e1 pokra\u010duje iba v tradi\u010dn\u00fdch politik\u00e1ch. <\/p>\n\n\n\n<p>Toto je pr\u00edklad toho, ako mo\u017eno ur\u00fdchli\u0165 o\u017eivenie, ak sa rozhodnutia prij\u00edmaj\u00fa v s\u00falade s glob\u00e1lnym kontextom.<\/p>\n\n\n\n<h2 class=\"wp-block-heading\">4. Mo\u017en\u00e9 scen\u00e1re pre rok 2025 a \u010do znamenaj\u00fa<\/h2>\n\n\n\n<h3 class=\"wp-block-heading\">Scen\u00e1r A \u2013 Mierna stagn\u00e1cia<\/h3>\n\n\n\n<p>V tomto pr\u00edpade zost\u00e1va rast bl\u00edzko glob\u00e1lneho 3 %, bez recesie, ale aj bez energick\u00e9ho o\u017eivenia.<\/p>\n\n\n\n<p>Spolo\u010dnosti mierne rast\u00fa, ale priestor pre inov\u00e1cie sa zu\u017euje.<\/p>\n\n\n\n<p>V tomto scen\u00e1ri mnoh\u00e9 rozv\u00edjaj\u00face sa ekonomiky na\u010falej id\u00fa vpred, zatia\u013e \u010do rozvinut\u00e9 ekonomiky mierne zaost\u00e1vaj\u00fa.<\/p>\n\n\n\n<h3 class=\"wp-block-heading\">Scen\u00e1r B \u2013 Mierne slim\u00e1kovit\u00e9 o\u017eivenie<\/h3>\n\n\n\n<p>Technologick\u00e1 adapt\u00e1cia, zlep\u0161enie produktivity a medzin\u00e1rodn\u00e1 spolupr\u00e1ca tu sp\u00e1jaj\u00fa mo\u017enosti rastu na \u00farovni 3,5 % alebo viac na celom svete.<\/p>\n\n\n\n<p>Pre krajiny s akt\u00edvnymi reformami to znamen\u00e1 zv\u00fd\u0161enie zahrani\u010dn\u00fdch invest\u00edci\u00ed, zv\u00fd\u0161enie exportu s pridanou hodnotou a zlep\u0161enie zamestnanosti.<\/p>\n\n\n\n<h3 class=\"wp-block-heading\">Scen\u00e1r C \u2013 Lokalizovan\u00e1 alebo generalizovan\u00e1 recesia<\/h3>\n\n\n\n<p>Hoci je to celosvetovo nepravdepodobn\u00e9, niektor\u00e9 krajiny alebo regi\u00f3ny by mohli upadn\u00fa\u0165 do recesie \u2013 napr\u00edklad ekonomiky s vysok\u00fdm dlhom, bankov\u00fdmi kr\u00edzami alebo k\u013e\u00fa\u010dov\u00e9 sektory postihnut\u00e9 vonkaj\u0161\u00edmi otrasmi.<\/p>\n\n\n\n<p>N\u00e1zov <strong>\u201eSvetov\u00e1 ekonomika v roku 2025: Recesia alebo o\u017eivenie?\u201c<\/strong> Toto je tu plne relevantn\u00e9: nejde ani tak o to, \u010di d\u00f4jde k \u00faplnej glob\u00e1lnej recesii, ale sk\u00f4r o to, ko\u013eko a ktor\u00e9 krajiny m\u00f4\u017eu by\u0165 vynechan\u00e9 z pozit\u00edvneho cyklu.<\/p>\n\n\n\n<p>Pre t\u00fdch, ktor\u00ed p\u00f4sobia v Latinskej Amerike alebo Mexiku, to znamen\u00e1, \u017ee je nevyhnutn\u00e9 nepredpoklada\u0165, \u017ee \u201ekontext je neutr\u00e1lny\u201c.<\/p>\n\n\n\n<p>Ak patr\u00edte do skupiny ekonom\u00edk s expoz\u00edciou vo\u010di surovin\u00e1m, cestovn\u00e9mu ruchu alebo citliv\u00fdm odvetviam, mali by ste pl\u00e1nova\u0165 scen\u00e1r B alebo C, nielen A.<\/p>\n\n\n\n<h2 class=\"wp-block-heading\">\u010co m\u00f4\u017eu urobi\u0165 krajiny a spolo\u010dnosti Latinskej Ameriky?<\/h2>\n\n\n\n<h3 class=\"wp-block-heading\">Pre krajiny<\/h3>\n\n\n\n<ul>\n<li>Uprednostni\u0165 politiky na zv\u00fd\u0161enie produktivity: invest\u00edcie do \u013eudsk\u00e9ho kapit\u00e1lu, digitaliz\u00e1cie a infra\u0161trukt\u00fary.<\/li>\n\n\n\n<li>Konsolidova\u0165 verejn\u00e9 financie: dostupn\u00fd dlh, dostato\u010dn\u00fd man\u00e9vrovac\u00ed priestor tv\u00e1rou v tv\u00e1r vonkaj\u0161\u00edm \u0161okom.<\/li>\n\n\n\n<li>Podporova\u0165 otvorenos\u0165 obchodu a diverzifik\u00e1ciu trhu s cie\u013eom zn\u00ed\u017ei\u0165 z\u00e1vislos\u0165 od jedn\u00e9ho regi\u00f3nu.<\/li>\n<\/ul>\n\n\n\n<h3 class=\"wp-block-heading\">Pre firmy<\/h3>\n\n\n\n<ul>\n<li>Predv\u00eddajte scen\u00e1r mierneho rastu: optimalizujte n\u00e1klady, h\u013eadajte \u0161pecializovan\u00e9 trhy, zav\u00e1dzajte technol\u00f3gie na odl\u00ed\u0161enie sa.<\/li>\n\n\n\n<li>Budujte finan\u010dn\u00fa odolnos\u0165: majte likviditu, ni\u017e\u0161iu zadl\u017eenos\u0165 a pohotovostn\u00e9 pl\u00e1ny pre pr\u00edpad poklesu.<\/li>\n\n\n\n<li>Vn\u00edmajte technologick\u00e9 naru\u0161enie nielen ako hrozbu, ale aj ako pr\u00edle\u017eitos\u0165: predstavte si dva mexick\u00e9 startupy, jeden, ktor\u00fd investoval do umelej inteligencie v logistike, a druh\u00fd, ktor\u00fd nie: prv\u00fd z nich m\u00f4\u017ee podpori\u0165 svoj rast vo svete, kde je efekt\u00edvnos\u0165 prvorad\u00e1.<\/li>\n<\/ul>\n\n\n\n<p>U\u017eito\u010dn\u00e1 anal\u00f3gia: spolo\u010dnos\u0165 je ako plachetnica pl\u00e1vaj\u00faca v mori so slab\u00fdmi pr\u00fadmi a nepravideln\u00fdm vetrom.<\/p>\n\n\n\n<p>Ak si uprav\u00edte plachty (technol\u00f3gia), udr\u017e\u00edte trup \u010dist\u00fd (produktivita) a budete ma\u0165 aktu\u00e1lne mapy (ekonomick\u00e9 \u00fadaje), budete sa m\u00f4c\u0165 pohn\u00fa\u0165 vpred aj pri slabom vetre.<\/p>\n\n\n\n<p>T\u00ed, ktor\u00ed sa dr\u017eia iba tradi\u010dnej trasy, zostan\u00fa pozadu.<\/p>\n\n\n\n<figure class=\"wp-block-gallery aligncenter has-nested-images columns-default is-cropped wp-block-gallery-2 is-layout-flex wp-block-gallery-is-layout-flex\">\n<figure class=\"wp-block-image size-full\"><img loading=\"lazy\" decoding=\"async\" width=\"450\" height=\"250\" data-id=\"10216\" src=\"https:\/\/universofamilia.com\/wp-content\/uploads\/sites\/148\/2025\/10\/Destaque-Novo-Universo-24.jpg\" alt=\"\" class=\"wp-image-10216\" srcset=\"https:\/\/universofamilia.com\/wp-content\/uploads\/sites\/148\/2025\/10\/Destaque-Novo-Universo-24.jpg 450w, https:\/\/universofamilia.com\/wp-content\/uploads\/sites\/148\/2025\/10\/Destaque-Novo-Universo-24-300x167.jpg 300w, https:\/\/universofamilia.com\/wp-content\/uploads\/sites\/148\/2025\/10\/Destaque-Novo-Universo-24-18x10.jpg 18w\" sizes=\"(max-width: 450px) 100vw, 450px\" \/><figcaption class=\"wp-element-caption\">CANVA<\/figcaption><\/figure>\n<\/figure>\n\n\n\n<p>\u010c\u00edtajte viac:\u00a0<a href=\"https:\/\/universofamilia.com\/sk\/crisis-climatica-global\/\">Glob\u00e1lna klimatick\u00e1 kr\u00edza: jej d\u00f4sledky u\u017e teraz postihuj\u00fa mili\u00f3ny \u013eud\u00ed<\/a><\/p>\n\n\n\n<h2 class=\"wp-block-heading\">Tak\u017ee \u010del\u00edme recesii alebo o\u017eiveniu?<\/h2>\n\n\n\n<p>Odpove\u010f znie: <strong>obe v r\u00f4znych d\u00e1vkach<\/strong>.<\/p>\n\n\n\n<p>Glob\u00e1lna recesia nie je v roku 2025 nevyhnutn\u00e1, rovnako ako bujn\u00e9 o\u017eivenie.<\/p>\n\n\n\n<p>Sk\u00f4r sa nach\u00e1dzame v bode zlomu, kde bude ve\u013ea z\u00e1visie\u0165 od prijat\u00fdch rozhodnut\u00ed \u2013 na makroekonomickej aj obchodnej \u00farovni.<\/p>\n\n\n\n<p>N\u00e1zov <strong>\u201eSvetov\u00e1 ekonomika v roku 2025: Recesia alebo o\u017eivenie?\u201c<\/strong> obsahuje t\u00fato dualitu.<\/p>\n\n\n\n<p>Ak vl\u00e1dy a organiz\u00e1cie bud\u00fa kona\u0165 s v\u00edziou, mohli by sme by\u0165 svedkami mierneho o\u017eivenia.<\/p>\n\n\n\n<p>Ak prevl\u00e1dne zotrva\u010dnos\u0165, fragment\u00e1cia a nekontrolovan\u00fd dlh, niektor\u00e9 oblasti by mohli upadn\u00fa\u0165 do recesie.<\/p>\n\n\n\n<p>K\u013e\u00fa\u010dom je kona\u0165 v predstihu, a nie reagova\u0165, ke\u010f je pokles u\u017e badate\u013en\u00fd.<\/p>\n\n\n\n<p>Ak spolo\u010dnos\u0165 alebo krajina \u010dak\u00e1 na \u00fader \u201eb\u00farky\u201c predt\u00fdm, ako za\u010dne kona\u0165, bude v nev\u00fdhode v porovnan\u00ed s t\u00fdmi, ktor\u00ed u\u017e upravili svoje plachty.<\/p>\n\n\n\n<h2 class=\"wp-block-heading\">Z\u00e1ver<\/h2>\n\n\n\n<p>Rok 2025 predstavuje pre glob\u00e1lnu ekonomiku ve\u013emi \u0161pecifick\u00fa v\u00fdzvu.<\/p>\n\n\n\n<p>Ke\u010f\u017ee sa predpoklad\u00e1, \u017ee glob\u00e1lny rast v prvom tre\u0165om \u0161tvr\u0165roku 2020-2021 dosiahne pribli\u017ene 3,2 %, sme \u010faleko od exploz\u00edvneho o\u017eivenia a e\u0161te ani nie sme na pokraji kolapsu.<\/p>\n\n\n\n<p>Ale mar\u017ee sa zu\u017euj\u00fa, rizik\u00e1 narastaj\u00fa a pr\u00edle\u017eitos\u0165 treba vyu\u017ei\u0165 teraz.<\/p>\n\n\n\n<p>Ot\u00e1zka <strong>\u201eSvetov\u00e1 ekonomika v roku 2025: Recesia alebo o\u017eivenie?\u201c<\/strong> Nie je to len r\u00e9torika, je to v\u00fdzva na akciu.<\/p>\n\n\n\n<p>Pre rozv\u00edjaj\u00face sa ekonomiky, pre podniky a investorov je \u010das pl\u00e1nova\u0165 teraz.<\/p>\n\n\n\n<p>Rozdiel medzi t\u00fdmi, ktor\u00ed tento cyklus dobre zvl\u00e1dnu, a t\u00fdmi, ktor\u00ed ho podce\u0148uj\u00fa, by mohol ur\u010di\u0165 \u010fal\u0161\u00edch p\u00e4\u0165 a\u017e desa\u0165 rokov v\u00fdhody alebo oneskorenia.<\/p>\n\n\n\n<p>Poz\u00fdvam v\u00e1s k anal\u00fdze: Ste na lodi, ktor\u00e1 si nastavuje plachty a \u010dist\u00ed trup, alebo na tej, ktor\u00e1 \u010dak\u00e1, k\u00fdm sa vietor s\u00e1m zdvihne?<\/p>\n\n\n\n<p>\u010c\u00edtajte viac:\u00a0<a href=\"https:\/\/universofamilia.com\/sk\/el-papel-de-la-tecnologia-en-las-elecciones-internacionales\/\">\u00daloha technol\u00f3gi\u00ed v medzin\u00e1rodn\u00fdch vo\u013eb\u00e1ch<\/a><\/p>\n\n\n\n<h2 class=\"wp-block-heading\">\u010casto kladen\u00e9 ot\u00e1zky (FAQ)<\/h2>\n\n\n\n<p><strong>Mali by sme sa pripravi\u0165 na glob\u00e1lnu recesiu v roku 2025?<\/strong><br>Recesia nie je nevyhnutn\u00e1 pre cel\u00fa plan\u00e9tu.<\/p>\n\n\n\n<p>Je v\u0161ak vhodn\u00e9 pripravi\u0165 sa aspo\u0148 na obdobie stagn\u00e1cie alebo mierneho rastu.<\/p>\n\n\n\n<p>To zah\u0155\u0148a \u00fapravu financi\u00ed, v\u00fdrobn\u00fdch strojov a o\u010dak\u00e1van\u00ed.<\/p>\n\n\n\n<p><strong>M\u00f4\u017ee Mexiko profitova\u0165 z glob\u00e1lneho o\u017eivenia?<\/strong><br>\u00c1no, Mexiko m\u00f4\u017ee profitova\u0165 z vyu\u017eitia exportn\u00fdch trhov, prijatia technol\u00f3gi\u00ed a umiestnenia sa v segmentoch s pridanou hodnotou.<\/p>\n\n\n\n<p>Je v\u0161ak tie\u017e vystaven\u00e1 riziku, ak sa nadmerne spolieha na suroviny alebo tradi\u010dn\u00e9 odvetvia.<\/p>\n\n\n\n<p><strong>Ktor\u00e9 sektory maj\u00fa v tomto kontexte najv\u00e4\u010d\u0161iu \u0161ancu na rast?<\/strong><br><\/p>\n\n\n\n<p>Sektory spojen\u00e9 s technol\u00f3giami, digitaliz\u00e1ciou, obnovite\u013en\u00fdmi zdrojmi energie, inteligentnou logistikou a exportne orientovanou v\u00fdrobou maj\u00fa v\u00e4\u010d\u0161iu \u0161ancu na \u00faspech.<\/p>\n\n\n\n<p>Naopak, sektory, ktor\u00e9 s\u00fa silne vystaven\u00e9 surovin\u00e1m bez diverzifik\u00e1cie, m\u00f4\u017eu zaost\u00e1va\u0165.<\/p>\n\n\n\n<p><strong>Ak\u00fa \u00falohu zohr\u00e1va medzin\u00e1rodn\u00e1 spolupr\u00e1ca?<\/strong><br>Je to nevyhnutn\u00e9. Zn\u00ed\u017eenie obchodn\u00fdch bari\u00e9r, zlep\u0161enie glob\u00e1lnych dod\u00e1vate\u013esk\u00fdch re\u0165azcov a koordin\u00e1cia makroekonomick\u00fdch polit\u00edk pom\u00e1haj\u00fa vytv\u00e1ra\u0165 priaznivej\u0161ie prostredie pre rast.<\/p>\n\n\n\n<p>Ak sa fragment\u00e1cia zintenz\u00edvni, zv\u00fd\u0161i sa aj brzdenie recesie.<\/p>\n\n\n\n<p><strong>Ak\u00e9 je hlavn\u00e9 odpor\u00fa\u010danie pre spolo\u010dnos\u0165 v Latinskej Amerike?<\/strong><br><\/p>\n\n\n\n<p>Zhodno\u0165te svoju expoz\u00edciu vo\u010di medzin\u00e1rodn\u00e9mu riziku, investujte do technol\u00f3gi\u00ed a produktivity, zn\u00ed\u017ete finan\u010dn\u00fa zranite\u013enos\u0165 a sna\u017ete sa diverzifikova\u0165 trhy.<\/p>\n\n\n\n<p>Nepredpokladajte, \u017ee cyklus prinesie len priazniv\u00fd vietor; pripravte sa na n\u00e1razy vetra a bezveternos\u0165.<\/p>","protected":false},"excerpt":{"rendered":"<p>Analizaremos el panorama del FMI sobre la econom\u00eda mundial en 2025, los factores que apuntan a recesi\u00f3n o recuperaci\u00f3n y sus implicaciones para Am\u00e9rica Latina. Tambi\u00e9n exploraremos qu\u00e9 decisiones estrat\u00e9gicas podr\u00edan marcar la diferencia para los pa\u00edses y las empresas. Con enfoque humano y realista, explicar\u00e9 con claridad por qu\u00e9 la interrogante \u201cInternational Monetary Fund [&hellip;]<\/p>","protected":false},"author":219,"featured_media":10214,"comment_status":"closed","ping_status":"open","sticky":false,"template":"","format":"standard","meta":{"footnotes":""},"categories":[4],"tags":[],"yoast_head":"<!-- This site is optimized with the Yoast SEO plugin v23.3 - https:\/\/yoast.com\/wordpress\/plugins\/seo\/ -->\n<title>Econom\u00eda mundial en 2025: \u00bfrecesi\u00f3n o recuperaci\u00f3n? - Universo Fam\u00edlia<\/title>\n<meta name=\"description\" content=\"Analizaremos el panorama del FMI sobre la econom\u00eda mundial en 2025, los factores que apuntan a recesi\u00f3n o recuperaci\u00f3n y sus implicaciones..\" \/>\n<meta name=\"robots\" content=\"index, follow, max-snippet:-1, max-image-preview:large, max-video-preview:-1\" \/>\n<link rel=\"canonical\" href=\"https:\/\/universofamilia.com\/sk\/economia-mundial-en-2025-recesion-o-recuperacion\/\" \/>\n<meta property=\"og:locale\" content=\"sk_SK\" \/>\n<meta property=\"og:type\" content=\"article\" \/>\n<meta property=\"og:title\" content=\"Econom\u00eda mundial en 2025: \u00bfrecesi\u00f3n o recuperaci\u00f3n? - Universo Fam\u00edlia\" \/>\n<meta property=\"og:description\" content=\"Analizaremos el panorama del FMI sobre la econom\u00eda mundial en 2025, los factores que apuntan a recesi\u00f3n o recuperaci\u00f3n y sus implicaciones..\" \/>\n<meta property=\"og:url\" content=\"https:\/\/universofamilia.com\/sk\/economia-mundial-en-2025-recesion-o-recuperacion\/\" \/>\n<meta property=\"og:site_name\" content=\"Universo Fam\u00edlia\" \/>\n<meta property=\"article:published_time\" content=\"2025-10-27T15:35:00+00:00\" \/>\n<meta property=\"article:modified_time\" content=\"2025-10-27T15:35:18+00:00\" \/>\n<meta property=\"og:image\" content=\"https:\/\/universofamilia.com\/wp-content\/uploads\/sites\/148\/2025\/10\/Destaque-Novo-Universo-23.jpg\" \/>\n\t<meta property=\"og:image:width\" content=\"450\" \/>\n\t<meta property=\"og:image:height\" content=\"250\" \/>\n\t<meta property=\"og:image:type\" content=\"image\/jpeg\" \/>\n<meta name=\"author\" content=\"Matheus Sangaletti\" \/>\n<meta name=\"twitter:card\" content=\"summary_large_image\" \/>\n<meta name=\"twitter:label1\" content=\"Written by\" \/>\n\t<meta name=\"twitter:data1\" content=\"Matheus Sangaletti\" \/>\n\t<meta name=\"twitter:label2\" content=\"Est. reading time\" \/>\n\t<meta name=\"twitter:data2\" content=\"11 min\u00fat\" \/>\n<script type=\"application\/ld+json\" class=\"yoast-schema-graph\">{\"@context\":\"https:\/\/schema.org\",\"@graph\":[{\"@type\":\"WebPage\",\"@id\":\"https:\/\/universofamilia.com\/el\/economia-mundial-en-2025-recesion-o-recuperacion\/\",\"url\":\"https:\/\/universofamilia.com\/el\/economia-mundial-en-2025-recesion-o-recuperacion\/\",\"name\":\"Econom\u00eda mundial en 2025: \u00bfrecesi\u00f3n o recuperaci\u00f3n? - Universo Fam\u00edlia\",\"isPartOf\":{\"@id\":\"https:\/\/universofamilia.com\/el\/#website\"},\"primaryImageOfPage\":{\"@id\":\"https:\/\/universofamilia.com\/el\/economia-mundial-en-2025-recesion-o-recuperacion\/#primaryimage\"},\"image\":{\"@id\":\"https:\/\/universofamilia.com\/el\/economia-mundial-en-2025-recesion-o-recuperacion\/#primaryimage\"},\"thumbnailUrl\":\"https:\/\/universofamilia.com\/wp-content\/uploads\/sites\/148\/2025\/10\/Destaque-Novo-Universo-23.jpg\",\"datePublished\":\"2025-10-27T15:35:00+00:00\",\"dateModified\":\"2025-10-27T15:35:18+00:00\",\"author\":{\"@id\":\"https:\/\/universofamilia.com\/el\/#\/schema\/person\/92fcd07e9b1f4323bf74f3170fc0f78a\"},\"description\":\"Analizaremos el panorama del FMI sobre la econom\u00eda mundial en 2025, los factores que apuntan a recesi\u00f3n o recuperaci\u00f3n y sus implicaciones..\",\"breadcrumb\":{\"@id\":\"https:\/\/universofamilia.com\/el\/economia-mundial-en-2025-recesion-o-recuperacion\/#breadcrumb\"},\"inLanguage\":\"sk-SK\",\"potentialAction\":[{\"@type\":\"ReadAction\",\"target\":[\"https:\/\/universofamilia.com\/el\/economia-mundial-en-2025-recesion-o-recuperacion\/\"]}]},{\"@type\":\"ImageObject\",\"inLanguage\":\"sk-SK\",\"@id\":\"https:\/\/universofamilia.com\/el\/economia-mundial-en-2025-recesion-o-recuperacion\/#primaryimage\",\"url\":\"https:\/\/universofamilia.com\/wp-content\/uploads\/sites\/148\/2025\/10\/Destaque-Novo-Universo-23.jpg\",\"contentUrl\":\"https:\/\/universofamilia.com\/wp-content\/uploads\/sites\/148\/2025\/10\/Destaque-Novo-Universo-23.jpg\",\"width\":450,\"height\":250},{\"@type\":\"BreadcrumbList\",\"@id\":\"https:\/\/universofamilia.com\/el\/economia-mundial-en-2025-recesion-o-recuperacion\/#breadcrumb\",\"itemListElement\":[{\"@type\":\"ListItem\",\"position\":1,\"name\":\"Home\",\"item\":\"https:\/\/universofamilia.com\/el\/\"},{\"@type\":\"ListItem\",\"position\":2,\"name\":\"Econom\u00eda mundial en 2025: \u00bfrecesi\u00f3n o recuperaci\u00f3n?\"}]},{\"@type\":\"WebSite\",\"@id\":\"https:\/\/universofamilia.com\/el\/#website\",\"url\":\"https:\/\/universofamilia.com\/el\/\",\"name\":\"Universo Fam\u00edlia\",\"description\":\"\",\"potentialAction\":[{\"@type\":\"SearchAction\",\"target\":{\"@type\":\"EntryPoint\",\"urlTemplate\":\"https:\/\/universofamilia.com\/el\/?s={search_term_string}\"},\"query-input\":\"required name=search_term_string\"}],\"inLanguage\":\"sk-SK\"},{\"@type\":\"Person\",\"@id\":\"https:\/\/universofamilia.com\/el\/#\/schema\/person\/92fcd07e9b1f4323bf74f3170fc0f78a\",\"name\":\"Matheus Sangaletti\",\"image\":{\"@type\":\"ImageObject\",\"inLanguage\":\"sk-SK\",\"@id\":\"https:\/\/universofamilia.com\/el\/#\/schema\/person\/image\/\",\"url\":\"https:\/\/secure.gravatar.com\/avatar\/280ea957a14a48e6a1ad2133d2cc27c9?s=96&d=mm&r=g\",\"contentUrl\":\"https:\/\/secure.gravatar.com\/avatar\/280ea957a14a48e6a1ad2133d2cc27c9?s=96&d=mm&r=g\",\"caption\":\"Matheus Sangaletti\"},\"url\":\"https:\/\/universofamilia.com\/sk\/author\/matheuss\/\"}]}<\/script>\n<!-- \/ Yoast SEO plugin. -->","yoast_head_json":{"title":"Econom\u00eda mundial en 2025: \u00bfrecesi\u00f3n o recuperaci\u00f3n? - Universo Fam\u00edlia","description":"Analizaremos el panorama del FMI sobre la econom\u00eda mundial en 2025, los factores que apuntan a recesi\u00f3n o recuperaci\u00f3n y sus implicaciones..","robots":{"index":"index","follow":"follow","max-snippet":"max-snippet:-1","max-image-preview":"max-image-preview:large","max-video-preview":"max-video-preview:-1"},"canonical":"https:\/\/universofamilia.com\/sk\/economia-mundial-en-2025-recesion-o-recuperacion\/","og_locale":"sk_SK","og_type":"article","og_title":"Econom\u00eda mundial en 2025: \u00bfrecesi\u00f3n o recuperaci\u00f3n? - Universo Fam\u00edlia","og_description":"Analizaremos el panorama del FMI sobre la econom\u00eda mundial en 2025, los factores que apuntan a recesi\u00f3n o recuperaci\u00f3n y sus implicaciones..","og_url":"https:\/\/universofamilia.com\/sk\/economia-mundial-en-2025-recesion-o-recuperacion\/","og_site_name":"Universo Fam\u00edlia","article_published_time":"2025-10-27T15:35:00+00:00","article_modified_time":"2025-10-27T15:35:18+00:00","og_image":[{"width":450,"height":250,"url":"https:\/\/universofamilia.com\/wp-content\/uploads\/sites\/148\/2025\/10\/Destaque-Novo-Universo-23.jpg","type":"image\/jpeg"}],"author":"Matheus Sangaletti","twitter_card":"summary_large_image","twitter_misc":{"Written by":"Matheus Sangaletti","Est. reading time":"11 min\u00fat"},"schema":{"@context":"https:\/\/schema.org","@graph":[{"@type":"WebPage","@id":"https:\/\/universofamilia.com\/el\/economia-mundial-en-2025-recesion-o-recuperacion\/","url":"https:\/\/universofamilia.com\/el\/economia-mundial-en-2025-recesion-o-recuperacion\/","name":"Econom\u00eda mundial en 2025: \u00bfrecesi\u00f3n o recuperaci\u00f3n? - Universo Fam\u00edlia","isPartOf":{"@id":"https:\/\/universofamilia.com\/el\/#website"},"primaryImageOfPage":{"@id":"https:\/\/universofamilia.com\/el\/economia-mundial-en-2025-recesion-o-recuperacion\/#primaryimage"},"image":{"@id":"https:\/\/universofamilia.com\/el\/economia-mundial-en-2025-recesion-o-recuperacion\/#primaryimage"},"thumbnailUrl":"https:\/\/universofamilia.com\/wp-content\/uploads\/sites\/148\/2025\/10\/Destaque-Novo-Universo-23.jpg","datePublished":"2025-10-27T15:35:00+00:00","dateModified":"2025-10-27T15:35:18+00:00","author":{"@id":"https:\/\/universofamilia.com\/el\/#\/schema\/person\/92fcd07e9b1f4323bf74f3170fc0f78a"},"description":"Analizaremos el panorama del FMI sobre la econom\u00eda mundial en 2025, los factores que apuntan a recesi\u00f3n o recuperaci\u00f3n y sus implicaciones..","breadcrumb":{"@id":"https:\/\/universofamilia.com\/el\/economia-mundial-en-2025-recesion-o-recuperacion\/#breadcrumb"},"inLanguage":"sk-SK","potentialAction":[{"@type":"ReadAction","target":["https:\/\/universofamilia.com\/el\/economia-mundial-en-2025-recesion-o-recuperacion\/"]}]},{"@type":"ImageObject","inLanguage":"sk-SK","@id":"https:\/\/universofamilia.com\/el\/economia-mundial-en-2025-recesion-o-recuperacion\/#primaryimage","url":"https:\/\/universofamilia.com\/wp-content\/uploads\/sites\/148\/2025\/10\/Destaque-Novo-Universo-23.jpg","contentUrl":"https:\/\/universofamilia.com\/wp-content\/uploads\/sites\/148\/2025\/10\/Destaque-Novo-Universo-23.jpg","width":450,"height":250},{"@type":"BreadcrumbList","@id":"https:\/\/universofamilia.com\/el\/economia-mundial-en-2025-recesion-o-recuperacion\/#breadcrumb","itemListElement":[{"@type":"ListItem","position":1,"name":"Home","item":"https:\/\/universofamilia.com\/el\/"},{"@type":"ListItem","position":2,"name":"Econom\u00eda mundial en 2025: \u00bfrecesi\u00f3n o recuperaci\u00f3n?"}]},{"@type":"WebSite","@id":"https:\/\/universofamilia.com\/el\/#website","url":"https:\/\/universofamilia.com\/el\/","name":"Universo Fam\u00edlia","description":"","potentialAction":[{"@type":"SearchAction","target":{"@type":"EntryPoint","urlTemplate":"https:\/\/universofamilia.com\/el\/?s={search_term_string}"},"query-input":"required name=search_term_string"}],"inLanguage":"sk-SK"},{"@type":"Person","@id":"https:\/\/universofamilia.com\/el\/#\/schema\/person\/92fcd07e9b1f4323bf74f3170fc0f78a","name":"Matheus Sangaletti","image":{"@type":"ImageObject","inLanguage":"sk-SK","@id":"https:\/\/universofamilia.com\/el\/#\/schema\/person\/image\/","url":"https:\/\/secure.gravatar.com\/avatar\/280ea957a14a48e6a1ad2133d2cc27c9?s=96&d=mm&r=g","contentUrl":"https:\/\/secure.gravatar.com\/avatar\/280ea957a14a48e6a1ad2133d2cc27c9?s=96&d=mm&r=g","caption":"Matheus Sangaletti"},"url":"https:\/\/universofamilia.com\/sk\/author\/matheuss\/"}]}},"_links":{"self":[{"href":"https:\/\/universofamilia.com\/sk\/wp-json\/wp\/v2\/posts\/10213"}],"collection":[{"href":"https:\/\/universofamilia.com\/sk\/wp-json\/wp\/v2\/posts"}],"about":[{"href":"https:\/\/universofamilia.com\/sk\/wp-json\/wp\/v2\/types\/post"}],"author":[{"embeddable":true,"href":"https:\/\/universofamilia.com\/sk\/wp-json\/wp\/v2\/users\/219"}],"replies":[{"embeddable":true,"href":"https:\/\/universofamilia.com\/sk\/wp-json\/wp\/v2\/comments?post=10213"}],"version-history":[{"count":1,"href":"https:\/\/universofamilia.com\/sk\/wp-json\/wp\/v2\/posts\/10213\/revisions"}],"predecessor-version":[{"id":10217,"href":"https:\/\/universofamilia.com\/sk\/wp-json\/wp\/v2\/posts\/10213\/revisions\/10217"}],"wp:featuredmedia":[{"embeddable":true,"href":"https:\/\/universofamilia.com\/sk\/wp-json\/wp\/v2\/media\/10214"}],"wp:attachment":[{"href":"https:\/\/universofamilia.com\/sk\/wp-json\/wp\/v2\/media?parent=10213"}],"wp:term":[{"taxonomy":"category","embeddable":true,"href":"https:\/\/universofamilia.com\/sk\/wp-json\/wp\/v2\/categories?post=10213"},{"taxonomy":"post_tag","embeddable":true,"href":"https:\/\/universofamilia.com\/sk\/wp-json\/wp\/v2\/tags?post=10213"}],"curies":[{"name":"wp","href":"https:\/\/api.w.org\/{rel}","templated":true}]}}