{"id":10218,"date":"2025-10-27T13:27:29","date_gmt":"2025-10-27T16:27:29","guid":{"rendered":"https:\/\/universofamilia.com\/?p=10218"},"modified":"2025-10-27T13:27:40","modified_gmt":"2025-10-27T16:27:40","slug":"proteccion-familiar-en-tiempos-de-incertidumbre-economica","status":"publish","type":"post","link":"https:\/\/universofamilia.com\/sk\/proteccion-familiar-en-tiempos-de-incertidumbre-economica\/","title":{"rendered":"Ochrana rodiny v \u010dasoch ekonomickej neistoty"},"content":{"rendered":"<p class=\"has-text-align-center\">V roku 2025 ot\u00e1zka <strong>\u201eOchrana rodiny v \u010dasoch ekonomickej neistoty\u201c<\/strong> st\u00e1va sa relevantnej\u0161\u00edm ako kedyko\u013evek predt\u00fdm.<\/p>\n\n\n\n<figure class=\"wp-block-gallery aligncenter has-nested-images columns-default is-cropped wp-block-gallery-1 is-layout-flex wp-block-gallery-is-layout-flex\">\n<figure class=\"wp-block-image size-full\"><img loading=\"lazy\" decoding=\"async\" width=\"450\" height=\"250\" data-id=\"10220\" src=\"https:\/\/universofamilia.com\/wp-content\/uploads\/sites\/148\/2025\/10\/Destaque-Novo-Universo-25-1.jpg\" alt=\"\" class=\"wp-image-10220\" srcset=\"https:\/\/universofamilia.com\/wp-content\/uploads\/sites\/148\/2025\/10\/Destaque-Novo-Universo-25-1.jpg 450w, https:\/\/universofamilia.com\/wp-content\/uploads\/sites\/148\/2025\/10\/Destaque-Novo-Universo-25-1-300x167.jpg 300w, https:\/\/universofamilia.com\/wp-content\/uploads\/sites\/148\/2025\/10\/Destaque-Novo-Universo-25-1-18x10.jpg 18w\" sizes=\"(max-width: 450px) 100vw, 450px\" \/><figcaption class=\"wp-element-caption\">CANVA<\/figcaption><\/figure>\n<\/figure>\n\n\n\n<p class=\"has-text-align-center\">Glob\u00e1lna infl\u00e1cia, nestabiln\u00e9 trhy pr\u00e1ce a politick\u00e1 nestabilita v r\u00f4znych regi\u00f3noch vytvorili prostredie, v ktorom finan\u010dn\u00e9 pl\u00e1novanie rodiny u\u017e nie je dobrovo\u013en\u00e9, ale kriticky d\u00f4le\u017eit\u00e9.<\/p>\n\n\n\n<p class=\"has-text-align-center\">Pod\u013ea Svetovej banky sa odhaduje, \u017ee infl\u00e1cia v Latinskej Amerike dosiahne tento rok v priemere 5,8 %, \u010do priamo ovplyv\u0148uje k\u00fapnu silu rod\u00edn.<\/p>\n\n\n\n<p>Tento \u010dl\u00e1nok pon\u00faka h\u013abkov\u00fa anal\u00fdzu a praktick\u00e9 strat\u00e9gie, ktor\u00e9 pom\u00f4\u017eu mexick\u00fdm a latinskoamerick\u00fdm rodin\u00e1m chr\u00e1ni\u0165 ich financie, robi\u0165 inteligentn\u00e9 rozhodnutia a posil\u0148ova\u0165 ich ekonomick\u00fa odolnos\u0165 tv\u00e1rou v tv\u00e1r neistote.<\/p>\n\n\n\n<p>Presk\u00famame, ako si zorganizova\u0165 rodinn\u00fd rozpo\u010det, podpori\u0165 finan\u010dn\u00e9 vzdel\u00e1vanie, diverzifikova\u0165 pr\u00edjem, vyu\u017ei\u0165 v\u00fdhody poistenia a mnoho \u010fal\u0161ieho.<\/p>\n\n\n\n<h2 class=\"wp-block-heading\">Zhrnutie<\/h2>\n\n\n\n<p>Aby sme v\u00e1m pomohli s \u010d\u00edtan\u00edm, tento \u010dl\u00e1nok sa zameriava na osem k\u013e\u00fa\u010dov\u00fdch oblast\u00ed:<\/p>\n\n\n\n<ol>\n<li>Vytvorenie sol\u00eddneho n\u00fadzov\u00e9ho fondu.<\/li>\n\n\n\n<li>Pr\u00edprava podrobn\u00e9ho rodinn\u00e9ho rozpo\u010dtu.<\/li>\n\n\n\n<li>Finan\u010dn\u00e9 vzdel\u00e1vanie ako n\u00e1stroj odolnosti.<\/li>\n\n\n\n<li>Diverzifik\u00e1cia zdrojov pr\u00edjmu.<\/li>\n\n\n\n<li>Uzatvorenie vhodn\u00e9ho poistenia.<\/li>\n\n\n\n<li>Mentalita \u00faspor a zodpovedn\u00e9 n\u00e1vyky.<\/li>\n\n\n\n<li>Profesion\u00e1lne finan\u010dn\u00e9 poradenstvo.<\/li>\n\n\n\n<li>Flexibilita a prisp\u00f4sobenie sa ekonomick\u00fdm zmen\u00e1m.<\/li>\n<\/ol>\n\n\n\n<p>V celom texte budeme uv\u00e1dza\u0165 praktick\u00e9 pr\u00edklady, anal\u00f3gie a tipy, ktor\u00e9 v\u00e1m pom\u00f4\u017eu lep\u0161ie pochopi\u0165, ako m\u00f4\u017eu rodiny podnikn\u00fa\u0165 kroky na ochranu svojho ekonomick\u00e9ho blahobytu.<\/p>\n\n\n\n<h2 class=\"wp-block-heading\">Zriadi\u0165 n\u00fadzov\u00fd fond na ochranu rodiny v \u010dasoch hospod\u00e1rskej neistoty<\/h2>\n\n\n\n<p>Prv\u00fdm krokom k ochrane pred ekonomickou neistotou je vytvorenie n\u00fadzov\u00e9ho fondu.<\/p>\n\n\n\n<p><\/p>\n\n\n\n<p>Tento fond by mal pokry\u0165 tri a\u017e \u0161es\u0165 mesiacov z\u00e1kladn\u00fdch v\u00fddavkov vr\u00e1tane stravy, b\u00fdvania, energi\u00ed a dopravy.<\/p>\n\n\n\n<p>T\u00e1to finan\u010dn\u00e1 rezerva umo\u017e\u0148uje rodin\u00e1m vyrovna\u0165 sa s neo\u010dak\u00e1van\u00fdmi udalos\u0165ami bez toho, aby sa uchy\u013eovali k n\u00e1kladn\u00fdm dlhom.<\/p>\n\n\n\n<p><strong>Skuto\u010dn\u00fd pr\u00edklad:<\/strong> Rodina so stredn\u00fdmi pr\u00edjmami v Mexico City odv\u00e1dzala dva roky 10 % svojho mesa\u010dn\u00e9ho platu do n\u00fadzov\u00e9ho fondu.<\/p>\n\n\n\n<p>Ke\u010f v roku 2025 infl\u00e1cia zasiahla ceny potrav\u00edn a slu\u017eieb, dok\u00e1zali si udr\u017ea\u0165 kvalitu \u017eivota bez toho, aby museli ohrozi\u0165 svoje finan\u010dn\u00e9 z\u00e1v\u00e4zky.<\/p>\n\n\n\n<p>Sporenie si nevy\u017eaduje ve\u013ek\u00e9 sumy pe\u0148az\u00ed, d\u00f4le\u017eit\u00e1 je d\u00f4slednos\u0165 a discipl\u00edna.<\/p>\n\n\n\n<p>Automatiz\u00e1cia prevodov na samostatn\u00fd sporiaci \u00fa\u010det m\u00f4\u017ee by\u0165 \u00fa\u010dinnou met\u00f3dou na udr\u017eanie konzistentnosti.<\/p>\n\n\n\n<h2 class=\"wp-block-heading\">Pripravte si rodinn\u00fd rozpo\u010det<\/h2>\n\n\n\n<p>Rodinn\u00fd rozpo\u010det je pl\u00e1n, ktor\u00fd v\u00e1m umo\u017e\u0148uje efekt\u00edvne riadi\u0165 pr\u00edjmy a v\u00fddavky va\u0161ej dom\u00e1cnosti.<\/p>\n\n\n\n<p>Aby ste to urobili spr\u00e1vne, mus\u00edte najprv vymenova\u0165 v\u0161etky zdroje pr\u00edjmu a potom identifikova\u0165 v\u0161etky fixn\u00e9 a variabiln\u00e9 v\u00fddavky.<\/p>\n\n\n\n<p><strong>Pr\u00edklad:<\/strong> Mar\u00eda, matka troch det\u00ed z Monterrey, pou\u017e\u00edva mesa\u010dn\u00fa tabu\u013eku, v ktorej kategorizuje svoje v\u00fddavky na jedlo, dopravu, vzdelanie, z\u00e1bavu a \u00faspory.<\/p>\n\n\n\n<p>To v\u00e1m umo\u017e\u0148uje odhali\u0165 \u00faniky hotovosti a presmerova\u0165 zdroje na to, na \u010dom skuto\u010dne z\u00e1le\u017e\u00ed, ako je napr\u00edklad sporenie a investovanie do vzdelania va\u0161ich det\u00ed.<\/p>\n\n\n\n<p>Jasn\u00fd rozpo\u010det v\u00e1m pom\u00f4\u017ee robi\u0165 informovan\u00e9 rozhodnutia a vyhn\u00fa\u0165 sa p\u00e1du do pasce impulz\u00edvneho m\u00ed\u0148ania.<\/p>\n\n\n\n<p>Okrem toho, zapojenie v\u0161etk\u00fdch \u010dlenov rodiny podporuje finan\u010dn\u00e9 vzdel\u00e1vanie a spolo\u010dn\u00fa zodpovednos\u0165.<\/p>\n\n\n\n<h2 class=\"wp-block-heading\">Podpora finan\u010dn\u00e9ho vzdel\u00e1vania doma<\/h2>\n\n\n\n<p>Finan\u010dn\u00e9 vzdel\u00e1vanie je nevyhnutn\u00e9 pre \u010dlenov rodiny, aby pochopili, ako funguj\u00fa pojmy ako \u00faspory, invest\u00edcie, infl\u00e1cia a dlh.<\/p>\n\n\n\n<p>V\u00fdchova od ran\u00e9ho veku pom\u00e1ha de\u0165om a dospievaj\u00facim rozv\u00edja\u0165 zodpovedn\u00e9 n\u00e1vyky, ktor\u00e9 pozit\u00edvne ovplyvnia ich ekonomick\u00fa bud\u00facnos\u0165.<\/p>\n\n\n\n<p><strong>Relevantn\u00e9 \u00fadaje:<\/strong> Pod\u013ea ECLAC vykazuj\u00fa dom\u00e1cnosti s finan\u010dn\u00fdm vzdelan\u00edm o 25 % vy\u0161\u0161iu pravdepodobnos\u0165 udr\u017eiavania neust\u00e1lych \u00faspor a prij\u00edmania informovan\u00fdch investi\u010dn\u00fdch rozhodnut\u00ed.<a>cepal.org<\/a>).<\/p>\n\n\n\n<p>Jednoduch\u00e9 aktivity, ako je zapojenie det\u00ed do zostavovania rozpo\u010dtu, u\u010denie sa porovn\u00e1vania cien alebo pridelenie vreckov\u00e9ho na spr\u00e1vu osobn\u00fdch v\u00fddavkov, m\u00f4\u017eu by\u0165 ve\u013emi \u00fa\u010dinn\u00e9.<\/p>\n\n\n\n<h2 class=\"wp-block-heading\">Diverzifikujte zdroje pr\u00edjmu<\/h2>\n\n\n\n<p>Spoliehanie sa na jeden pr\u00edjem predstavuje v \u010dasoch neistoty zna\u010dn\u00e9 riziko.<\/p>\n\n\n\n<p>H\u013eadanie nov\u00fdch zdrojov pr\u00edjmu, ako je pr\u00e1ca na vo\u013enej nohe, podnikanie alebo mal\u00e9 invest\u00edcie, m\u00f4\u017ee poskytn\u00fa\u0165 stabilitu a zn\u00ed\u017ei\u0165 zranite\u013enos\u0165 vo\u010di strate zamestnania.<\/p>\n\n\n\n<p><strong>Pr\u00edklad:<\/strong> Luis, in\u017einier v Guadalajare, za\u010dal popri svojom hlavnom zamestnan\u00ed pon\u00faka\u0165 online kurzy programovania.<\/p>\n\n\n\n<p>Po\u010das nestabiln\u00e9ho trhu pr\u00e1ce v roku 2025 jej dodato\u010dn\u00fd pr\u00edjem umo\u017enil udr\u017ea\u0165 si z\u00e1kladn\u00e9 v\u00fddavky a pokra\u010dova\u0165 v sporen\u00ed.<\/p>\n\n\n\n<p>Diverzifik\u00e1cia nielen chr\u00e1ni rodiny pred kr\u00edzami, ale otv\u00e1ra aj pr\u00edle\u017eitosti na rozvoj zru\u010dnost\u00ed a objavovanie nov\u00fdch zdrojov hospod\u00e1rskeho rastu.<\/p>\n\n\n\n<h2 class=\"wp-block-heading\">Majte dostato\u010dn\u00e9 poistenie<\/h2>\n\n\n\n<p>Poistenie je k\u013e\u00fa\u010dov\u00fdm n\u00e1strojom na ochranu va\u0161ej rodiny pred neo\u010dak\u00e1van\u00fdmi udalos\u0165ami. Odpor\u00fa\u010dan\u00e9 krytie zah\u0155\u0148a zdravotn\u00e9, \u017eivotn\u00e9, poistenie domu a autopoistenie.<\/p>\n\n\n\n<p>V pr\u00edpade n\u00fadze tieto poistn\u00e9 zmluvy zabra\u0148uj\u00fa rodin\u00e1m, aby museli spe\u0148a\u017ei\u0165 \u00faspory alebo sa zadl\u017ei\u0165.<\/p>\n\n\n\n<p><strong>Relevantn\u00e9 \u0161tatistiky:<\/strong> \u0160t\u00fadia Mexickej asoci\u00e1cie pois\u0165ovn\u00ed (AMIS) nazna\u010duje, \u017ee iba 40 % mexick\u00fdch rod\u00edn m\u00e1 primeran\u00e9 zdravotn\u00e9 poistenie, \u010do ich rob\u00ed zranite\u013en\u00fdmi vo\u010di nepredv\u00eddan\u00fdm v\u00fddavkom (<a>amis.com.mx<\/a>).<\/p>\n\n\n\n<p>V\u00fdber spr\u00e1vneho poistenia zah\u0155\u0148a anal\u00fdzu \u0161pecifick\u00fdch potrieb ka\u017edej rodiny a vyhodnotenie pomeru n\u00e1kladov a v\u00fdnosov ka\u017edej poistky.<\/p>\n\n\n\n<h2 class=\"wp-block-heading\">Udr\u017eujte si myslenie \u0161etriace<\/h2>\n\n\n\n<p>Osvojenie si neust\u00e1leho \u0161etrenia je k\u013e\u00fa\u010dov\u00e9, a to aj v mal\u00fdch sum\u00e1ch.<\/p>\n\n\n\n<p>Automatiz\u00e1cia vkladov na sporiace \u00fa\u010dty, stanovenie jasn\u00fdch cie\u013eov a pravideln\u00e1 kontrola v\u00fddavkov v\u00e1m umo\u017e\u0148uje udr\u017eiava\u0165 si skuto\u010dn\u00fa kontrolu nad va\u0161imi financiami.<\/p>\n\n\n\n<p>U\u017eito\u010dn\u00e1 anal\u00f3gia: rodinn\u00e9 \u00faspory s\u00fa ako z\u00e1hrada. Ak s\u00fa pravidelne zasaden\u00e9 a o\u0161etrovan\u00e9, rast\u00fa a prines\u00fa ovocie v spr\u00e1vnom \u010dase.<\/p>\n\n\n\n<p>Na druhej strane, jeho zanedb\u00e1vanie m\u00f4\u017ee rodinu v kritick\u00fdch \u010dasoch necha\u0165 bez zdrojov.<\/p>\n\n\n\n<figure class=\"wp-block-gallery aligncenter has-nested-images columns-default is-cropped wp-block-gallery-2 is-layout-flex wp-block-gallery-is-layout-flex\">\n<figure class=\"wp-block-image size-full\"><img loading=\"lazy\" decoding=\"async\" width=\"450\" height=\"250\" data-id=\"10221\" src=\"https:\/\/universofamilia.com\/wp-content\/uploads\/sites\/148\/2025\/10\/Destaque-Novo-Universo-26.jpg\" alt=\"\" class=\"wp-image-10221\" srcset=\"https:\/\/universofamilia.com\/wp-content\/uploads\/sites\/148\/2025\/10\/Destaque-Novo-Universo-26.jpg 450w, https:\/\/universofamilia.com\/wp-content\/uploads\/sites\/148\/2025\/10\/Destaque-Novo-Universo-26-300x167.jpg 300w, https:\/\/universofamilia.com\/wp-content\/uploads\/sites\/148\/2025\/10\/Destaque-Novo-Universo-26-18x10.jpg 18w\" sizes=\"(max-width: 450px) 100vw, 450px\" \/><figcaption class=\"wp-element-caption\">CANVA<\/figcaption><\/figure>\n<\/figure>\n\n\n\n<p>\u010c\u00edtajte viac:&nbsp;<a href=\"https:\/\/universofamilia.com\/sk\/economia-mundial-en-2025-recesion-o-recuperacion\/\">Svetov\u00e1 ekonomika v roku 2025: Recesia alebo o\u017eivenie?<\/a><\/p>\n\n\n\n<h2 class=\"wp-block-heading\">Vyh\u013eadajte odborn\u00e9 finan\u010dn\u00e9 poradenstvo<\/h2>\n\n\n\n<p>Profesion\u00e1lne poradenstvo v\u00e1m umo\u017e\u0148uje optimalizova\u0165 riadenie zdrojov, pl\u00e1nova\u0165 invest\u00edcie a robi\u0165 informovan\u00e9 strategick\u00e9 rozhodnutia.<\/p>\n\n\n\n<p>Finan\u010dn\u00ed poradcovia v\u00e1m m\u00f4\u017eu pom\u00f4c\u0165 vytvori\u0165 pl\u00e1ny sporenia, zabezpe\u010di\u0165 invest\u00edcie a da\u0148ov\u00e9 strat\u00e9gie, ktor\u00e9 maximalizuj\u00fa blahobyt rodiny.<\/p>\n\n\n\n<p>Nejde len o ve\u013ek\u00e9 majetky; ka\u017ed\u00e1 rodina m\u00f4\u017ee ma\u0165 \u00fa\u017eitok z finan\u010dn\u00e9ho pl\u00e1nova\u010da, ktor\u00fd prisp\u00f4sob\u00ed strat\u00e9gie \u0161pecifick\u00e9mu rozpo\u010dtu a potreb\u00e1m dom\u00e1cnosti.<\/p>\n\n\n\n<h2 class=\"wp-block-heading\">Bu\u010fte flexibiln\u00ed a prisp\u00f4sobte sa zmen\u00e1m<\/h2>\n\n\n\n<p>Ekonomick\u00e1 odolnos\u0165 z\u00e1vis\u00ed od schopnosti prisp\u00f4sobi\u0165 sa nov\u00fdm okolnostiam.<\/p>\n\n\n\n<p>\u00daprava rozpo\u010dtu, sk\u00famanie pr\u00edjmov\u00fdch pr\u00edle\u017eitost\u00ed a zmena v\u00fddavkov\u00fdch n\u00e1vykov s\u00fa kroky, ktor\u00e9 rodin\u00e1m umo\u017e\u0148uj\u00fa \u010deli\u0165 neistote s v\u00e4\u010d\u0161ou sebad\u00f4verou.<\/p>\n\n\n\n<p>V roku 2025 prech\u00e1dza glob\u00e1lna ekonomika r\u00fdchlymi a neust\u00e1lymi zmenami. Flexibilita v\u00e1m umo\u017e\u0148uje predv\u00edda\u0165 probl\u00e9my a vyu\u017ei\u0165 pr\u00edle\u017eitosti, ktor\u00e9 by in\u00ed mohli prehliadnu\u0165.<\/p>\n\n\n\n<h2 class=\"wp-block-heading\">\u010eal\u0161ie strat\u00e9gie na ochranu rod\u00edn<\/h2>\n\n\n\n<ol>\n<li><strong>Inteligentn\u00e9 nakupovanie:<\/strong> Porovn\u00e1vajte ceny, vyu\u017e\u00edvajte z\u013eavy a uprednost\u0148ujte skuto\u010dn\u00e9 potreby.<\/li>\n\n\n\n<li><strong>Pl\u00e1novanie vzdel\u00e1vania:<\/strong> Zhodno\u0165te vzdel\u00e1vacie alternat\u00edvy, ktor\u00e9 optimalizuj\u00fa pomer n\u00e1kladov a v\u00fdnosov bez kompromisov v kvalite.<\/li>\n\n\n\n<li><strong>Zodpovedn\u00e9 pou\u017e\u00edvanie \u00faveru:<\/strong> Vyhnite sa zbyto\u010dn\u00e9mu zadl\u017eeniu a uprednostnite spl\u00e1canie dlhov s vysok\u00fdm \u00farokom.<\/li>\n\n\n\n<li><strong>Invest\u00edcie do zru\u010dnost\u00ed:<\/strong> Za\u0161ko\u013ete sa na nov\u00e9 pracovn\u00e9 miesta alebo podniky, ktor\u00e9 generuj\u00fa dodato\u010dn\u00fd pr\u00edjem.<\/li>\n<\/ol>\n\n\n\n<h2 class=\"wp-block-heading\">Z\u00e1ver<\/h2>\n\n\n\n<p>Ochrana va\u0161ej rodiny v \u010dasoch ekonomickej neistoty si vy\u017eaduje komplexn\u00fd pr\u00edstup.<\/p>\n\n\n\n<p>Z\u00e1kladn\u00fdmi strat\u00e9giami s\u00fa vytvorenie n\u00fadzov\u00e9ho fondu, rozpo\u010dtovanie, finan\u010dn\u00e9 vzdel\u00e1vanie, diverzifik\u00e1cia pr\u00edjmu, primeran\u00e9 poistenie, pravideln\u00e9 sporenie, vyh\u013ead\u00e1vanie odborn\u00e9ho poradenstva a prisp\u00f4sobovanie sa zmen\u00e1m.<\/p>\n\n\n\n<p>Ot\u00e1zka <strong>\u201eOchrana rodiny v \u010dasoch ekonomickej neistoty\u201c<\/strong> Nie je to len r\u00e9torika; je to n\u00e1vod na konanie.<\/p>\n\n\n\n<p>Rodiny, ktor\u00e9 implementuj\u00fa tieto strat\u00e9gie, si s v\u00e4\u010d\u0161ou pravdepodobnos\u0165ou udr\u017eia stabilitu, s istotou \u010delia kr\u00edzam a vybuduj\u00fa si sol\u00eddnu finan\u010dn\u00fa bud\u00facnos\u0165.<\/p>\n\n\n\n<p>\u010c\u00edtajte viac:&nbsp;<a href=\"https:\/\/universofamilia.com\/sk\/crisis-climatica-global\/\">Glob\u00e1lna klimatick\u00e1 kr\u00edza: jej d\u00f4sledky u\u017e teraz postihuj\u00fa mili\u00f3ny \u013eud\u00ed<\/a><\/p>\n\n\n\n<h3 class=\"wp-block-heading\">\u010casto kladen\u00e9 ot\u00e1zky<\/h3>\n\n\n\n<p><strong>1. Ko\u013eko by som si mal odlo\u017ei\u0165 do n\u00fadzov\u00e9ho fondu?<\/strong><br>Pokr\u00fdva nevyhnutn\u00e9 v\u00fddavky od troch do \u0161iestich mesiacov.<\/p>\n\n\n\n<p><strong>2. Ako m\u00f4\u017eem zapoji\u0165 svoje deti do finan\u010dn\u00e9ho vzdel\u00e1vania?<\/strong><br>Dajte im vreckov\u00e9, nau\u010dte ich porovn\u00e1va\u0165 ceny a sporte si na osobn\u00e9 ciele.<\/p>\n\n\n\n<p><strong>3. Ak\u00e9 poistenie je nevyhnutn\u00e9?<\/strong><br>Zdravotn\u00edcke, \u017eivotn\u00e9, bytov\u00e9 a automobilov\u00e9 slu\u017eby zalo\u017een\u00e9 na \u0161pecifick\u00fdch potreb\u00e1ch rodiny.<\/p>\n\n\n\n<p><strong>4. Ako diverzifikova\u0165 pr\u00edjem bez toho, aby ste zanedbali svoje hlavn\u00e9 zamestnanie?<\/strong><br>Presk\u00famajte pr\u00e1cu na vo\u013enej nohe, mal\u00e9 startupy alebo invest\u00edcie s n\u00edzkym rizikom, ktor\u00e9 si nevy\u017eaduj\u00fa v\u0161etok v\u00e1\u0161 \u010das.<\/p>\n\n\n\n<p><strong>5. Kedy vyh\u013eada\u0165 odborn\u00fa pomoc?<\/strong><br>Kedyko\u013evek chcete optimalizova\u0165 zdroje, pl\u00e1nova\u0165 invest\u00edcie alebo chr\u00e1ni\u0165 rodinn\u00fd majetok.<\/p>","protected":false},"excerpt":{"rendered":"<p>En 2025, la pregunta \u201cProtecci\u00f3n familiar en tiempos de incertidumbre econ\u00f3mica\u201d se vuelve m\u00e1s relevante que nunca. La inflaci\u00f3n global, la volatilidad de los mercados laborales y la inestabilidad pol\u00edtica en diversas regiones han generado un entorno en el que la planificaci\u00f3n financiera familiar ya no es opcional, sino una necesidad cr\u00edtica. Seg\u00fan el Banco [&hellip;]<\/p>","protected":false},"author":219,"featured_media":10219,"comment_status":"closed","ping_status":"open","sticky":false,"template":"","format":"standard","meta":{"footnotes":""},"categories":[4],"tags":[],"yoast_head":"<!-- This site is optimized with the Yoast SEO plugin v23.3 - https:\/\/yoast.com\/wordpress\/plugins\/seo\/ -->\n<title>Protecci\u00f3n familiar en tiempos de incertidumbre econ\u00f3mica - Universo Fam\u00edlia<\/title>\n<meta name=\"description\" content=\"En 2025, la pregunta \u201cProtecci\u00f3n familiar en tiempos de incertidumbre econ\u00f3mica\u201d se vuelve m\u00e1s relevante que nunca.\" \/>\n<meta name=\"robots\" content=\"index, follow, max-snippet:-1, max-image-preview:large, max-video-preview:-1\" \/>\n<link rel=\"canonical\" href=\"https:\/\/universofamilia.com\/sk\/proteccion-familiar-en-tiempos-de-incertidumbre-economica\/\" \/>\n<meta property=\"og:locale\" content=\"sk_SK\" \/>\n<meta property=\"og:type\" content=\"article\" \/>\n<meta property=\"og:title\" content=\"Protecci\u00f3n familiar en tiempos de incertidumbre econ\u00f3mica - Universo Fam\u00edlia\" \/>\n<meta property=\"og:description\" content=\"En 2025, la pregunta \u201cProtecci\u00f3n familiar en tiempos de incertidumbre econ\u00f3mica\u201d se vuelve m\u00e1s relevante que nunca.\" \/>\n<meta property=\"og:url\" content=\"https:\/\/universofamilia.com\/sk\/proteccion-familiar-en-tiempos-de-incertidumbre-economica\/\" \/>\n<meta property=\"og:site_name\" content=\"Universo Fam\u00edlia\" \/>\n<meta property=\"article:published_time\" content=\"2025-10-27T16:27:29+00:00\" \/>\n<meta property=\"article:modified_time\" content=\"2025-10-27T16:27:40+00:00\" \/>\n<meta property=\"og:image\" content=\"https:\/\/universofamilia.com\/wp-content\/uploads\/sites\/148\/2025\/10\/Destaque-Novo-Universo-25.jpg\" \/>\n\t<meta property=\"og:image:width\" content=\"450\" \/>\n\t<meta property=\"og:image:height\" content=\"250\" \/>\n\t<meta property=\"og:image:type\" content=\"image\/jpeg\" \/>\n<meta name=\"author\" content=\"Matheus Sangaletti\" \/>\n<meta name=\"twitter:card\" content=\"summary_large_image\" \/>\n<meta name=\"twitter:label1\" content=\"Written by\" \/>\n\t<meta name=\"twitter:data1\" content=\"Matheus Sangaletti\" \/>\n\t<meta name=\"twitter:label2\" content=\"Est. reading time\" \/>\n\t<meta name=\"twitter:data2\" content=\"8 min\u00fat\" \/>\n<script type=\"application\/ld+json\" class=\"yoast-schema-graph\">{\"@context\":\"https:\/\/schema.org\",\"@graph\":[{\"@type\":\"WebPage\",\"@id\":\"https:\/\/universofamilia.com\/el\/proteccion-familiar-en-tiempos-de-incertidumbre-economica\/\",\"url\":\"https:\/\/universofamilia.com\/el\/proteccion-familiar-en-tiempos-de-incertidumbre-economica\/\",\"name\":\"Protecci\u00f3n familiar en tiempos de incertidumbre econ\u00f3mica - Universo Fam\u00edlia\",\"isPartOf\":{\"@id\":\"https:\/\/universofamilia.com\/el\/#website\"},\"primaryImageOfPage\":{\"@id\":\"https:\/\/universofamilia.com\/el\/proteccion-familiar-en-tiempos-de-incertidumbre-economica\/#primaryimage\"},\"image\":{\"@id\":\"https:\/\/universofamilia.com\/el\/proteccion-familiar-en-tiempos-de-incertidumbre-economica\/#primaryimage\"},\"thumbnailUrl\":\"https:\/\/universofamilia.com\/wp-content\/uploads\/sites\/148\/2025\/10\/Destaque-Novo-Universo-25.jpg\",\"datePublished\":\"2025-10-27T16:27:29+00:00\",\"dateModified\":\"2025-10-27T16:27:40+00:00\",\"author\":{\"@id\":\"https:\/\/universofamilia.com\/el\/#\/schema\/person\/92fcd07e9b1f4323bf74f3170fc0f78a\"},\"description\":\"En 2025, la pregunta \u201cProtecci\u00f3n familiar en tiempos de incertidumbre econ\u00f3mica\u201d se vuelve m\u00e1s relevante que nunca.\",\"breadcrumb\":{\"@id\":\"https:\/\/universofamilia.com\/el\/proteccion-familiar-en-tiempos-de-incertidumbre-economica\/#breadcrumb\"},\"inLanguage\":\"sk-SK\",\"potentialAction\":[{\"@type\":\"ReadAction\",\"target\":[\"https:\/\/universofamilia.com\/el\/proteccion-familiar-en-tiempos-de-incertidumbre-economica\/\"]}]},{\"@type\":\"ImageObject\",\"inLanguage\":\"sk-SK\",\"@id\":\"https:\/\/universofamilia.com\/el\/proteccion-familiar-en-tiempos-de-incertidumbre-economica\/#primaryimage\",\"url\":\"https:\/\/universofamilia.com\/wp-content\/uploads\/sites\/148\/2025\/10\/Destaque-Novo-Universo-25.jpg\",\"contentUrl\":\"https:\/\/universofamilia.com\/wp-content\/uploads\/sites\/148\/2025\/10\/Destaque-Novo-Universo-25.jpg\",\"width\":450,\"height\":250},{\"@type\":\"BreadcrumbList\",\"@id\":\"https:\/\/universofamilia.com\/el\/proteccion-familiar-en-tiempos-de-incertidumbre-economica\/#breadcrumb\",\"itemListElement\":[{\"@type\":\"ListItem\",\"position\":1,\"name\":\"Home\",\"item\":\"https:\/\/universofamilia.com\/el\/\"},{\"@type\":\"ListItem\",\"position\":2,\"name\":\"Protecci\u00f3n familiar en tiempos de incertidumbre econ\u00f3mica\"}]},{\"@type\":\"WebSite\",\"@id\":\"https:\/\/universofamilia.com\/el\/#website\",\"url\":\"https:\/\/universofamilia.com\/el\/\",\"name\":\"Universo Fam\u00edlia\",\"description\":\"\",\"potentialAction\":[{\"@type\":\"SearchAction\",\"target\":{\"@type\":\"EntryPoint\",\"urlTemplate\":\"https:\/\/universofamilia.com\/el\/?s={search_term_string}\"},\"query-input\":\"required name=search_term_string\"}],\"inLanguage\":\"sk-SK\"},{\"@type\":\"Person\",\"@id\":\"https:\/\/universofamilia.com\/el\/#\/schema\/person\/92fcd07e9b1f4323bf74f3170fc0f78a\",\"name\":\"Matheus Sangaletti\",\"image\":{\"@type\":\"ImageObject\",\"inLanguage\":\"sk-SK\",\"@id\":\"https:\/\/universofamilia.com\/el\/#\/schema\/person\/image\/\",\"url\":\"https:\/\/secure.gravatar.com\/avatar\/280ea957a14a48e6a1ad2133d2cc27c9?s=96&d=mm&r=g\",\"contentUrl\":\"https:\/\/secure.gravatar.com\/avatar\/280ea957a14a48e6a1ad2133d2cc27c9?s=96&d=mm&r=g\",\"caption\":\"Matheus Sangaletti\"},\"url\":\"https:\/\/universofamilia.com\/sk\/author\/matheuss\/\"}]}<\/script>\n<!-- \/ Yoast SEO plugin. -->","yoast_head_json":{"title":"Protecci\u00f3n familiar en tiempos de incertidumbre econ\u00f3mica - Universo Fam\u00edlia","description":"En 2025, la pregunta \u201cProtecci\u00f3n familiar en tiempos de incertidumbre econ\u00f3mica\u201d se vuelve m\u00e1s relevante que nunca.","robots":{"index":"index","follow":"follow","max-snippet":"max-snippet:-1","max-image-preview":"max-image-preview:large","max-video-preview":"max-video-preview:-1"},"canonical":"https:\/\/universofamilia.com\/sk\/proteccion-familiar-en-tiempos-de-incertidumbre-economica\/","og_locale":"sk_SK","og_type":"article","og_title":"Protecci\u00f3n familiar en tiempos de incertidumbre econ\u00f3mica - Universo Fam\u00edlia","og_description":"En 2025, la pregunta \u201cProtecci\u00f3n familiar en tiempos de incertidumbre econ\u00f3mica\u201d se vuelve m\u00e1s relevante que nunca.","og_url":"https:\/\/universofamilia.com\/sk\/proteccion-familiar-en-tiempos-de-incertidumbre-economica\/","og_site_name":"Universo Fam\u00edlia","article_published_time":"2025-10-27T16:27:29+00:00","article_modified_time":"2025-10-27T16:27:40+00:00","og_image":[{"width":450,"height":250,"url":"https:\/\/universofamilia.com\/wp-content\/uploads\/sites\/148\/2025\/10\/Destaque-Novo-Universo-25.jpg","type":"image\/jpeg"}],"author":"Matheus Sangaletti","twitter_card":"summary_large_image","twitter_misc":{"Written by":"Matheus Sangaletti","Est. reading time":"8 min\u00fat"},"schema":{"@context":"https:\/\/schema.org","@graph":[{"@type":"WebPage","@id":"https:\/\/universofamilia.com\/el\/proteccion-familiar-en-tiempos-de-incertidumbre-economica\/","url":"https:\/\/universofamilia.com\/el\/proteccion-familiar-en-tiempos-de-incertidumbre-economica\/","name":"Protecci\u00f3n familiar en tiempos de incertidumbre econ\u00f3mica - Universo Fam\u00edlia","isPartOf":{"@id":"https:\/\/universofamilia.com\/el\/#website"},"primaryImageOfPage":{"@id":"https:\/\/universofamilia.com\/el\/proteccion-familiar-en-tiempos-de-incertidumbre-economica\/#primaryimage"},"image":{"@id":"https:\/\/universofamilia.com\/el\/proteccion-familiar-en-tiempos-de-incertidumbre-economica\/#primaryimage"},"thumbnailUrl":"https:\/\/universofamilia.com\/wp-content\/uploads\/sites\/148\/2025\/10\/Destaque-Novo-Universo-25.jpg","datePublished":"2025-10-27T16:27:29+00:00","dateModified":"2025-10-27T16:27:40+00:00","author":{"@id":"https:\/\/universofamilia.com\/el\/#\/schema\/person\/92fcd07e9b1f4323bf74f3170fc0f78a"},"description":"En 2025, la pregunta \u201cProtecci\u00f3n familiar en tiempos de incertidumbre econ\u00f3mica\u201d se vuelve m\u00e1s relevante que nunca.","breadcrumb":{"@id":"https:\/\/universofamilia.com\/el\/proteccion-familiar-en-tiempos-de-incertidumbre-economica\/#breadcrumb"},"inLanguage":"sk-SK","potentialAction":[{"@type":"ReadAction","target":["https:\/\/universofamilia.com\/el\/proteccion-familiar-en-tiempos-de-incertidumbre-economica\/"]}]},{"@type":"ImageObject","inLanguage":"sk-SK","@id":"https:\/\/universofamilia.com\/el\/proteccion-familiar-en-tiempos-de-incertidumbre-economica\/#primaryimage","url":"https:\/\/universofamilia.com\/wp-content\/uploads\/sites\/148\/2025\/10\/Destaque-Novo-Universo-25.jpg","contentUrl":"https:\/\/universofamilia.com\/wp-content\/uploads\/sites\/148\/2025\/10\/Destaque-Novo-Universo-25.jpg","width":450,"height":250},{"@type":"BreadcrumbList","@id":"https:\/\/universofamilia.com\/el\/proteccion-familiar-en-tiempos-de-incertidumbre-economica\/#breadcrumb","itemListElement":[{"@type":"ListItem","position":1,"name":"Home","item":"https:\/\/universofamilia.com\/el\/"},{"@type":"ListItem","position":2,"name":"Protecci\u00f3n familiar en tiempos de incertidumbre econ\u00f3mica"}]},{"@type":"WebSite","@id":"https:\/\/universofamilia.com\/el\/#website","url":"https:\/\/universofamilia.com\/el\/","name":"Universo Fam\u00edlia","description":"","potentialAction":[{"@type":"SearchAction","target":{"@type":"EntryPoint","urlTemplate":"https:\/\/universofamilia.com\/el\/?s={search_term_string}"},"query-input":"required name=search_term_string"}],"inLanguage":"sk-SK"},{"@type":"Person","@id":"https:\/\/universofamilia.com\/el\/#\/schema\/person\/92fcd07e9b1f4323bf74f3170fc0f78a","name":"Matheus Sangaletti","image":{"@type":"ImageObject","inLanguage":"sk-SK","@id":"https:\/\/universofamilia.com\/el\/#\/schema\/person\/image\/","url":"https:\/\/secure.gravatar.com\/avatar\/280ea957a14a48e6a1ad2133d2cc27c9?s=96&d=mm&r=g","contentUrl":"https:\/\/secure.gravatar.com\/avatar\/280ea957a14a48e6a1ad2133d2cc27c9?s=96&d=mm&r=g","caption":"Matheus Sangaletti"},"url":"https:\/\/universofamilia.com\/sk\/author\/matheuss\/"}]}},"_links":{"self":[{"href":"https:\/\/universofamilia.com\/sk\/wp-json\/wp\/v2\/posts\/10218"}],"collection":[{"href":"https:\/\/universofamilia.com\/sk\/wp-json\/wp\/v2\/posts"}],"about":[{"href":"https:\/\/universofamilia.com\/sk\/wp-json\/wp\/v2\/types\/post"}],"author":[{"embeddable":true,"href":"https:\/\/universofamilia.com\/sk\/wp-json\/wp\/v2\/users\/219"}],"replies":[{"embeddable":true,"href":"https:\/\/universofamilia.com\/sk\/wp-json\/wp\/v2\/comments?post=10218"}],"version-history":[{"count":3,"href":"https:\/\/universofamilia.com\/sk\/wp-json\/wp\/v2\/posts\/10218\/revisions"}],"predecessor-version":[{"id":10224,"href":"https:\/\/universofamilia.com\/sk\/wp-json\/wp\/v2\/posts\/10218\/revisions\/10224"}],"wp:featuredmedia":[{"embeddable":true,"href":"https:\/\/universofamilia.com\/sk\/wp-json\/wp\/v2\/media\/10219"}],"wp:attachment":[{"href":"https:\/\/universofamilia.com\/sk\/wp-json\/wp\/v2\/media?parent=10218"}],"wp:term":[{"taxonomy":"category","embeddable":true,"href":"https:\/\/universofamilia.com\/sk\/wp-json\/wp\/v2\/categories?post=10218"},{"taxonomy":"post_tag","embeddable":true,"href":"https:\/\/universofamilia.com\/sk\/wp-json\/wp\/v2\/tags?post=10218"}],"curies":[{"name":"wp","href":"https:\/\/api.w.org\/{rel}","templated":true}]}}