{"id":10230,"date":"2025-10-28T17:07:40","date_gmt":"2025-10-28T20:07:40","guid":{"rendered":"https:\/\/universofamilia.com\/?p=10230"},"modified":"2025-10-28T17:07:43","modified_gmt":"2025-10-28T20:07:43","slug":"guia-practica-para-un-hogar-inteligente-y-conectado","status":"publish","type":"post","link":"https:\/\/universofamilia.com\/sk\/guia-practica-para-un-hogar-inteligente-y-conectado\/","title":{"rendered":"Praktick\u00fd sprievodca inteligentnou a prepojenou dom\u00e1cnos\u0165ou"},"content":{"rendered":"<p class=\"has-text-align-center\">V digit\u00e1lnom veku, kde technol\u00f3gie nanovo definuj\u00fa sp\u00f4sob, ak\u00fdm \u017eijeme, <strong>Praktick\u00fd sprievodca inteligentnou a prepojenou dom\u00e1cnos\u0165ou<\/strong> Stala sa to z\u00e1kladnou t\u00e9mou pre t\u00fdch, ktor\u00ed h\u013eadaj\u00fa pohodlie, efekt\u00edvnos\u0165 a udr\u017eate\u013enos\u0165.<\/p>\n\n\n\n<figure class=\"wp-block-gallery aligncenter has-nested-images columns-default is-cropped wp-block-gallery-1 is-layout-flex wp-block-gallery-is-layout-flex\">\n<figure class=\"wp-block-image size-full\"><img loading=\"lazy\" decoding=\"async\" width=\"450\" height=\"250\" data-id=\"10232\" src=\"https:\/\/universofamilia.com\/wp-content\/uploads\/sites\/148\/2025\/10\/Destaque-Novo-Universo-29-1.jpg\" alt=\"\" class=\"wp-image-10232\" srcset=\"https:\/\/universofamilia.com\/wp-content\/uploads\/sites\/148\/2025\/10\/Destaque-Novo-Universo-29-1.jpg 450w, https:\/\/universofamilia.com\/wp-content\/uploads\/sites\/148\/2025\/10\/Destaque-Novo-Universo-29-1-300x167.jpg 300w, https:\/\/universofamilia.com\/wp-content\/uploads\/sites\/148\/2025\/10\/Destaque-Novo-Universo-29-1-18x10.jpg 18w\" sizes=\"(max-width: 450px) 100vw, 450px\" \/><figcaption class=\"wp-element-caption\">CANVA<\/figcaption><\/figure>\n<\/figure>\n\n\n\n<p class=\"has-text-align-center\">Tento typ b\u00fdvania nie je luxusom vyhraden\u00fdm len pre niektor\u00fdch; je to dostupn\u00fd a strategick\u00fd v\u00fdvoj, ktor\u00fd zlep\u0161uje kvalitu ka\u017edodenn\u00e9ho \u017eivota, optimalizuje zdroje a pon\u00faka pokro\u010dil\u00e9 zabezpe\u010denie.<\/p>\n\n\n\n<h3 class=\"wp-block-heading\">Zhrnutie<\/h3>\n\n\n\n<p>V tomto \u010dl\u00e1nku sa dozviete, ako funguj\u00fa syst\u00e9my inteligentnej dom\u00e1cnosti, ak\u00e9 v\u00fdhody pon\u00fakaj\u00fa, ktor\u00e9 zariadenia s\u00fa v roku 2025 najviac odpor\u00fa\u010dan\u00e9, ako bezpe\u010dne integrova\u0165 technol\u00f3gie a ak\u00e9 trendy bud\u00fa formova\u0165 bud\u00facnos\u0165 prepojen\u00fdch dom\u00e1cnost\u00ed.<\/p>\n\n\n\n<p>Okrem toho s\u00fa na konci uveden\u00e9 relevantn\u00e9 \u0161tatistiky, porovn\u00e1vacia tabu\u013eka, praktick\u00e9 pr\u00edklady a sekcia s \u010dasto kladen\u00fdmi ot\u00e1zkami.<\/p>\n\n\n\n<h2 class=\"wp-block-heading\">V\u00fdvoj smerom k inteligentnej dom\u00e1cnosti<\/h2>\n\n\n\n<p>Pred desiatimi rokmi sa zap\u00ednanie svetiel hlasom alebo nastavovanie teploty z mobiln\u00e9ho telef\u00f3nu zdalo ako sci-fi.<\/p>\n\n\n\n<p>Dnes je to ka\u017edodenn\u00e1 realita.<\/p>\n\n\n\n<p>A <strong>inteligentn\u00e1 dom\u00e1cnos\u0165<\/strong> Vyu\u017e\u00edva prepojen\u00e9 zariadenia, od senzorov a\u017e po virtu\u00e1lnych asistentov, ktor\u00ed medzi sebou komunikuj\u00fa prostredn\u00edctvom internetu, automatizuj\u00fa \u00falohy a vytv\u00e1raj\u00fa personalizovan\u00e9 z\u00e1\u017eitky.<\/p>\n\n\n\n<p>Pod\u013ea <strong>\u0160tatistiky (2025)<\/strong>Viac ako 471 % dom\u00e1cnost\u00ed v Latinskej Amerike u\u017e m\u00e1 aspo\u0148 jedno inteligentn\u00e9 zariadenie, pri\u010dom toto \u010d\u00edslo ka\u017ed\u00fdm rokom rastie v\u010faka dostupnosti a z\u00e1ujmu o \u00fasporu energie.<\/p>\n\n\n\n<p>Najm\u00e4 Mexiko vedie v regi\u00f3ne v oblasti zav\u00e1dzania 5G siet\u00ed v\u010faka n\u00e1rastu siet\u00ed 5G a integr\u00e1cii syst\u00e9mov kompatibiln\u00fdch s viacer\u00fdmi zna\u010dkami.<\/p>\n\n\n\n<p>T\u00e1to technologick\u00e1 revol\u00facia nielen transformuje b\u00fdvanie, ale aj vz\u0165ah \u013eud\u00ed k ich \u017eivotn\u00e9mu prostrediu:<\/p>\n\n\n\n<p>Domov prest\u00e1va by\u0165 pas\u00edvnym priestorom a st\u00e1va sa <strong>interakt\u00edvny ekosyst\u00e9m<\/strong> ktor\u00fd sa prisp\u00f4sob\u00ed tempu ka\u017ed\u00e9ho \u010dloveka.<\/p>\n\n\n\n<h2 class=\"wp-block-heading\">Pre\u010do premeni\u0165 svoj dom na inteligentn\u00fa dom\u00e1cnos\u0165?<\/h2>\n\n\n\n<p>Pr\u00ed\u0165a\u017elivos\u0165 <strong><strong>Praktick\u00fd sprievodca inteligentnou a prepojenou dom\u00e1cnos\u0165ou<\/strong><\/strong> Spo\u010d\u00edva v rovnov\u00e1he medzi funk\u010dnos\u0165ou, pohodl\u00edm a udr\u017eate\u013enos\u0165ou.<\/p>\n\n\n\n<p>Dom\u00e1ca automatiz\u00e1cia pon\u00faka konkr\u00e9tne v\u00fdhody:<\/p>\n\n\n\n<ol>\n<li><strong>Energetick\u00e1 \u00fa\u010dinnos\u0165:<\/strong> Inteligentn\u00e9 syst\u00e9my upravuj\u00fa spotrebu svetla, vody a klimatiz\u00e1cie pod\u013ea skuto\u010dnej spotreby, \u010d\u00edm zni\u017euj\u00fa v\u00fddavky a\u017e o 251 ton, vypl\u00fdva z \u00fadajov Medziamerickej rozvojovej banky (IDB).<\/li>\n\n\n\n<li><strong>Pokro\u010dil\u00e9 zabezpe\u010denie:<\/strong> Kamery s umelou inteligenciou, senzory pohybu a digit\u00e1lne z\u00e1mky poskytuj\u00fa dia\u013ekov\u00e9 ovl\u00e1danie a upozornenia v re\u00e1lnom \u010dase.<\/li>\n\n\n\n<li><strong>Personalizovan\u00e9 pohodlie:<\/strong> Zariadenia sa \u201eu\u010dia\u201c z pou\u017e\u00edvate\u013eov\u00fdch zvykov a vytv\u00e1raj\u00fa ide\u00e1lne prostredie pod\u013ea \u010dasu, po\u010dasia alebo n\u00e1lady.<\/li>\n\n\n\n<li><strong>Centralizovan\u00e9 ovl\u00e1danie:<\/strong> V\u0161etko sa d\u00e1 ovl\u00e1da\u0165 z aplik\u00e1cie alebo hlasov\u00fdmi povelami, a to aj mimo domova.<\/li>\n<\/ol>\n\n\n\n<p>K\u013e\u00fa\u010dom je pochopi\u0165, \u017ee technol\u00f3gia nie je ur\u010den\u00e1 na to, aby komplikovala \u017eivot, ale <strong>urobi\u0165 to jednoduch\u0161\u00edm, intuit\u00edvnej\u0161\u00edm a udr\u017eate\u013enej\u0161\u00edm<\/strong>.<\/p>\n\n\n\n<h2 class=\"wp-block-heading\">Ako za\u010da\u0165 s premenou v\u00e1\u0161ho domova<\/h2>\n\n\n\n<p>Zavedenie inteligentnej dom\u00e1cnosti si nevy\u017eaduje ve\u013ek\u00fa po\u010diato\u010dn\u00fa invest\u00edciu.<\/p>\n\n\n\n<p>Ide\u00e1lnou strat\u00e9giou je postupova\u0165 krok za krokom a uprednost\u0148ova\u0165 oblasti, ktor\u00e9 maj\u00fa najv\u00e4\u010d\u0161\u00ed vplyv na va\u0161u ka\u017edodenn\u00fa pohodu.<\/p>\n\n\n\n<h3 class=\"wp-block-heading\">1. Za\u010dnite s osvetlen\u00edm<\/h3>\n\n\n\n<p>Inteligentn\u00e9 bodov\u00e9 svetl\u00e1 s\u00fa najob\u013e\u00fabenej\u0161\u00edm v\u00fdchodiskov\u00fdm bodom.<\/p>\n\n\n\n<p>Umo\u017e\u0148uj\u00fa v\u00e1m ovl\u00e1da\u0165 intenzitu, rozvrhy a farby z telef\u00f3nu.<\/p>\n\n\n\n<p>Konkr\u00e9tny pr\u00edklad: svetl\u00e1 m\u00f4\u017eete naprogramova\u0165 tak, aby sa za \u00fasvitu jemne rozsvecovali, \u010d\u00edm sa zlep\u0161\u00ed v\u00e1\u0161 odpo\u010dinok a zn\u00ed\u017ei sa zbyto\u010dn\u00e1 spotreba energie.<\/p>\n\n\n\n<h3 class=\"wp-block-heading\">2. Presne ovl\u00e1dajte kl\u00edmu<\/h3>\n\n\n\n<p>Inteligentn\u00e9 termostaty, ako napr\u00edklad Nest alebo Ecobee, analyzuj\u00fa va\u0161e spr\u00e1vanie a automaticky upravuj\u00fa teplotu.<\/p>\n\n\n\n<p>Ak zistia, \u017ee nikto nie je doma, zn\u00ed\u017eia spotrebu energie.<\/p>\n\n\n\n<p>Okrem toho niektor\u00e9 modely integruj\u00fa klimatick\u00e9 inform\u00e1cie na predv\u00eddanie zmien a udr\u017eiavanie stabiln\u00e9ho prostredia.<\/p>\n\n\n\n<h3 class=\"wp-block-heading\">3. Zv\u00fd\u0161te bezpe\u010dnos\u0165<\/h3>\n\n\n\n<p>Digit\u00e1lne z\u00e1mky s rozpozn\u00e1van\u00edm tv\u00e1re alebo odtla\u010dkov prstov pon\u00fakaj\u00fa vy\u0161\u0161iu \u00farove\u0148 ochrany ako tradi\u010dn\u00e9 k\u013e\u00fa\u010de.<\/p>\n\n\n\n<p>Kamery s umelou inteligenciou medzit\u00fdm rozli\u0161uj\u00fa medzi \u013eu\u010fmi, dom\u00e1cimi zvieratami alebo podozriv\u00fdmi pohybmi, \u010d\u00edm sa vyh\u00fdbaj\u00fa falo\u0161n\u00fdm poplachom.<\/p>\n\n\n\n<h3 class=\"wp-block-heading\">4. Pripojte svoje spotrebi\u010de<\/h3>\n\n\n\n<p>V\u00e4\u010d\u0161ina zna\u010diek u\u017e obsahuje inteligentn\u00e9 funkcie:<\/p>\n\n\n\n<p>Chladni\u010dky, ktor\u00e9 navrhuj\u00fa recepty na z\u00e1klade z\u00e1sob, pr\u00e1\u010dky, ktor\u00e9 upravuj\u00fa cykly pod\u013ea mno\u017estva bielizne, alebo robotick\u00e9 vys\u00e1va\u010de, ktor\u00e9 rozpozn\u00e1vaj\u00fa medzery.<\/p>\n\n\n\n<h3 class=\"wp-block-heading\">5. Centralizujte kontrolu<\/h3>\n\n\n\n<p>Skuto\u010dn\u00e1 sila inteligentnej dom\u00e1cnosti spo\u010d\u00edva v <strong>integr\u00e1cia<\/strong>.<\/p>\n\n\n\n<p>Platformy ako Google Home, Alexa alebo Apple HomeKit v\u00e1m umo\u017e\u0148uj\u00fa zjednoti\u0165 v\u0161etky zariadenia do jedn\u00e9ho ekosyst\u00e9mu a poskytn\u00fa\u0165 \u00fapln\u00fa kontrolu z aplik\u00e1cie alebo pomocou hlasov\u00fdch povelov.<\/p>\n\n\n\n<h2 class=\"wp-block-heading\">Porovn\u00e1vacia tabu\u013eka: hlavn\u00e9 riadiace syst\u00e9my<\/h2>\n\n\n\n<figure class=\"wp-block-table\"><table><thead><tr><th>Platforma<\/th><th>Kompatibilita<\/th><th>Pou\u017e\u00edvate\u013esk\u00e9 rozhranie<\/th><th>Hlasov\u00fd asistent<\/th><th>\u00darove\u0148 zabezpe\u010denia<\/th><\/tr><\/thead><tbody><tr><td>Domovsk\u00e1 str\u00e1nka Google<\/td><td>Viaczna\u010dkov\u00e9 (Nest, Philips, LG at\u010f.)<\/td><td>Ve\u013emi intuit\u00edvne<\/td><td>Asistent Google<\/td><td>Vysok\u00e1<\/td><\/tr><tr><td>Amazon Alexa<\/td><td>\u0160irok\u00fd sortiment zariaden\u00ed<\/td><td>Pr\u00edstupn\u00fd a stabiln\u00fd<\/td><td>Alexa<\/td><td>Vysok\u00e1<\/td><\/tr><tr><td>Apple HomeKit<\/td><td>Ekosyst\u00e9m Apple<\/td><td>Minimalistick\u00fd<\/td><td>Siri<\/td><td>Ve\u013emi vysok\u00e1<\/td><\/tr><\/tbody><\/table><figcaption class=\"wp-element-caption\">Praktick\u00fd sprievodca inteligentnou a prepojenou dom\u00e1cnos\u0165ou<br><br><\/figcaption><\/figure>\n\n\n\n<figure class=\"wp-block-gallery aligncenter has-nested-images columns-default is-cropped wp-block-gallery-2 is-layout-flex wp-block-gallery-is-layout-flex\">\n<figure class=\"wp-block-image size-full\"><img loading=\"lazy\" decoding=\"async\" width=\"450\" height=\"250\" data-id=\"10233\" src=\"https:\/\/universofamilia.com\/wp-content\/uploads\/sites\/148\/2025\/10\/Destaque-Novo-Universo-30.jpg\" alt=\"\" class=\"wp-image-10233\" srcset=\"https:\/\/universofamilia.com\/wp-content\/uploads\/sites\/148\/2025\/10\/Destaque-Novo-Universo-30.jpg 450w, https:\/\/universofamilia.com\/wp-content\/uploads\/sites\/148\/2025\/10\/Destaque-Novo-Universo-30-300x167.jpg 300w, https:\/\/universofamilia.com\/wp-content\/uploads\/sites\/148\/2025\/10\/Destaque-Novo-Universo-30-18x10.jpg 18w\" sizes=\"(max-width: 450px) 100vw, 450px\" \/><figcaption class=\"wp-element-caption\">CANVA<\/figcaption><\/figure>\n<\/figure>\n\n\n\n<p>\u010c\u00edtajte viac:<a href=\"https:\/\/universofamilia.com\/sk\/inteligencia-artificial-en-el-dia-a-dia\/\">\u00a0Umel\u00e1 inteligencia v ka\u017edodennom \u017eivote<\/a><\/p>\n\n\n\n<h2 class=\"wp-block-heading\">Pr\u00edklad 1: automatizovan\u00e1 rutina v re\u00e1lnom \u017eivote<\/h2>\n\n\n\n<p>Predstavte si, \u017ee po prebuden\u00ed sa z\u00e1vesy pomaly otvoria, k\u00e1vovar sa s\u00e1m zapne a za\u010dne hra\u0165 v\u00e1\u0161 rann\u00fd playlist.<\/p>\n\n\n\n<p>Medzit\u00fdm sa termostat nastav\u00ed na ide\u00e1lnu teplotu a zrkadlo v k\u00fape\u013eni v\u00e1m uk\u00e1\u017ee denn\u00e9 po\u010dasie.<\/p>\n\n\n\n<p>Nejde o luxus, ale o efektivitu aplikovan\u00fa na blahobyt.<\/p>\n\n\n\n<p>T\u00e1to ka\u017edodenn\u00e1 sk\u00fasenos\u0165, riaden\u00e1 senzormi a naprogramovan\u00fdmi rutinami, predstavuje podstatu <strong>Praktick\u00fd sprievodca inteligentnou a prepojenou dom\u00e1cnos\u0165ou<\/strong>:<\/p>\n\n\n\n<p>Zjednodu\u0161te si \u017eivot a z\u00e1rove\u0148 sa starajte o \u017eivotn\u00e9 prostredie.<\/p>\n\n\n\n<h2 class=\"wp-block-heading\">Prepojenie medzi technol\u00f3giou a udr\u017eate\u013enos\u0165ou<\/h2>\n\n\n\n<p>Inteligentn\u00e9 domy s\u00fa tie\u017e spojencami plan\u00e9ty.<\/p>\n\n\n\n<p>V\u010faka automatiz\u00e1cii sa v\u00fdrazne zni\u017euje spotreba energie a vody.<\/p>\n\n\n\n<p>V Mexiku, <strong>N\u00e1rodn\u00e1 komisia pre efekt\u00edvne vyu\u017e\u00edvanie energie (CONUEE)<\/strong> Podporuje vyu\u017e\u00edvanie technol\u00f3gi\u00ed inteligentn\u00fdch dom\u00e1cnost\u00ed ako s\u00fa\u010das\u0165 n\u00e1rodn\u00fdch polit\u00edk \u00faspory energie.<\/p>\n\n\n\n<p>Koncept technologickej udr\u017eate\u013enosti u\u017e nie je volite\u013en\u00fd, ale spolo\u010dn\u00e1 zodpovednos\u0165. Domov, ktor\u00fd \u201emysl\u00ed\u201c, sa star\u00e1 nielen o svoje financie, ale aj <strong>chr\u00e1ni pr\u00edrodn\u00e9 zdroje<\/strong>.<\/p>\n\n\n\n<h2 class=\"wp-block-heading\">Pr\u00edklad 2: dom pre seniorov<\/h2>\n\n\n\n<p>In\u0161pirat\u00edvnym pr\u00edkladom je man\u017eelsk\u00fd p\u00e1r na d\u00f4chodku, ktor\u00fd integruje senzory pohybu, detektory dymu a automatick\u00e9 pripomienky lek\u00e1rskych pokynov.<\/p>\n\n\n\n<p>Umel\u00e1 inteligencia ich upozorn\u00ed, ke\u010f zabudn\u00fa u\u017ei\u0165 lieky alebo ak d\u00f4jde k anom\u00e1lii v spotrebe elektriny.<\/p>\n\n\n\n<p>Tento typ rie\u0161enia demon\u0161truje, ako m\u00f4\u017ee ma\u0165 technol\u00f3gia \u013eudsk\u00fd \u00fa\u010del: sprev\u00e1dza\u0165, stara\u0165 sa o \u010dloveka a pon\u00faka\u0165 mu nez\u00e1vislos\u0165.<\/p>\n\n\n\n<h2 class=\"wp-block-heading\">Anal\u00f3gia domova ako \u017eiv\u00e9ho organizmu<\/h2>\n\n\n\n<p>Predstavte si svoj domov ako organizmus, ktor\u00fd d\u00fdcha, c\u00edti a reaguje.<\/p>\n\n\n\n<p>Ka\u017ed\u00e9 pripojen\u00e9 zariadenie funguje ako \u201eorg\u00e1n\u201c, ktor\u00fd detekuje, analyzuje a reaguje na podnety.<\/p>\n\n\n\n<p>UI by bola centr\u00e1lny nervov\u00fd syst\u00e9m, ktor\u00fd koordinuje v\u0161etko v harm\u00f3nii.<\/p>\n\n\n\n<p>T\u00fdmto sp\u00f4sobom inteligentn\u00e1 dom\u00e1cnos\u0165 nielen automatizuje \u00falohy:<\/p>\n\n\n\n<p><strong>Vytvorte synergiu medzi technol\u00f3giou a em\u00f3ciami<\/strong>kde ka\u017ed\u00e1 akcia m\u00e1 svoj \u00fa\u010del a ka\u017ed\u00e1 interakcia prispieva k blahobytu.<\/p>\n\n\n\n<h2 class=\"wp-block-heading\">Trendy v prepojenej dom\u00e1cnosti v roku 2025<\/h2>\n\n\n\n<p>Pokrok pokra\u010duje. Toto s\u00fa hlavn\u00e9 trendy, ktor\u00e9 definuj\u00fa s\u00fa\u010dasn\u00fa situ\u00e1ciu:<\/p>\n\n\n\n<ul>\n<li><strong>Kontextov\u00e1 umel\u00e1 inteligencia:<\/strong> Syst\u00e9my sa u\u010dia nielen zvyky, ale aj em\u00f3cie a n\u00e1lady, aby prisp\u00f4sobili osvetlenie, hudbu alebo kl\u00edmu.<\/li>\n\n\n\n<li><strong>Dom\u00e1ca obnovite\u013en\u00e1 energia:<\/strong> Integr\u00e1cia sol\u00e1rnych panelov s inteligentn\u00fdmi syst\u00e9mami, ktor\u00e9 riadia ich pou\u017e\u00edvanie a skladovanie.<\/li>\n\n\n\n<li><strong>Pln\u00e1 interoperabilita:<\/strong> Trend Matter umo\u017en\u00ed zariadeniam r\u00f4znych zna\u010diek komunikova\u0165 bez obmedzen\u00ed.<\/li>\n\n\n\n<li><strong>Vizion\u00e1rski asistenti:<\/strong> Kamery, ktor\u00e9 interpretuj\u00fa gest\u00e1 a pohyby na vykon\u00e1vanie nehlasov\u00fdch pr\u00edkazov.<\/li>\n<\/ul>\n\n\n\n<p>Tieto inov\u00e1cie poh\u00e1\u0148aj\u00fa prechod na skuto\u010dne prepojen\u00e9, uvedomel\u00e9 a personalizovan\u00e9 dom\u00e1cnosti.<\/p>\n\n\n\n<h2 class=\"wp-block-heading\">V\u00fdzvy a prevent\u00edvne opatrenia<\/h2>\n\n\n\n<p>Hoci s\u00fa v\u00fdhody rozsiahle, rizik\u00e1 by sa nemali ignorova\u0165.<\/p>\n\n\n\n<p>Ochrana s\u00fakromia a kybernetick\u00e1 bezpe\u010dnos\u0165 s\u00fa k\u013e\u00fa\u010dov\u00fdmi aspektmi v <strong><strong>Praktick\u00fd sprievodca inteligentnou a prepojenou dom\u00e1cnos\u0165ou<\/strong><\/strong>.<\/p>\n\n\n\n<p>Odborn\u00edci odpor\u00fa\u010daj\u00fa:<\/p>\n\n\n\n<ul>\n<li>Pou\u017e\u00edvajte siln\u00e9 hesl\u00e1 a pravidelne ich aktualizujte.<\/li>\n\n\n\n<li>Udr\u017eiavajte firmv\u00e9r zariadenia aktualizovan\u00fd.<\/li>\n\n\n\n<li>Skontrolujte pr\u00edstupov\u00e9 povolenia v ka\u017edej prepojenej aplik\u00e1cii.<\/li>\n<\/ul>\n\n\n\n<p>Cie\u013eom je u\u017e\u00edva\u0165 si pohodlie bez kompromisov v digit\u00e1lnej bezpe\u010dnosti.<\/p>\n\n\n\n<h2 class=\"wp-block-heading\">Z\u00e1ver<\/h2>\n\n\n\n<p>Premena v\u00e1\u0161ho domu na prepojen\u00fd domov je rozhodnutie, ktor\u00e9 ide nad r\u00e1mec technol\u00f3gi\u00ed. Znamen\u00e1 to prijatie efekt\u00edvnej\u0161ieho, bezpe\u010dnej\u0161ieho a udr\u017eate\u013enej\u0161ieho \u017eivotn\u00e9ho \u0161t\u00fdlu.<\/p>\n\n\n\n<p>On <strong><strong>Praktick\u00fd sprievodca inteligentnou a prepojenou dom\u00e1cnos\u0165ou<\/strong><\/strong> Pon\u00faka v\u00e1m n\u00e1stroje na vytvorenie priestoru, kde technol\u00f3gia pracuje vo v\u00e1\u0161 prospech a nie naopak.<\/p>\n\n\n\n<p>V kone\u010dnom d\u00f4sledku nejde o to, aby sme mali viac zariaden\u00ed, ale o to, <strong>\u017ei\u0165 lep\u0161ie<\/strong>, s rovnov\u00e1hou medzi inov\u00e1ciou a \u013eudskos\u0165ou.<\/p>\n\n\n\n<p>Ste pripraven\u00ed necha\u0165 svoj domov nau\u010di\u0165 sa stara\u0165 sa aj o v\u00e1s?<\/p>\n\n\n\n<p>\u010c\u00edtajte viac:<a href=\"https:\/\/universofamilia.com\/sk\/inteligencia-artificial-en-el-dia-a-dia\/\">\u00a0<\/a><a href=\"https:\/\/universofamilia.com\/sk\/5-apps-de-ia-para-organizar-tu-rutina-en-casa\/\">5 aplik\u00e1ci\u00ed s umelou inteligenciou na organiz\u00e1ciu dom\u00e1cej rutiny<\/a><\/p>\n\n\n\n<h2 class=\"wp-block-heading\">\u010casto kladen\u00e9 ot\u00e1zky<\/h2>\n\n\n\n<p><strong>1. Ko\u013eko stoj\u00ed premena domu na inteligentn\u00fd domov?<\/strong><br>Z\u00e1le\u017e\u00ed to od \u00farovne automatiz\u00e1cie.<\/p>\n\n\n\n<p>Z\u00e1kladn\u00e1 po\u010diato\u010dn\u00e1 invest\u00edcia sa v priemere pohybuje od 300 do 600 dol\u00e1rov, \u010do sta\u010d\u00ed na integr\u00e1ciu osvetlenia, zabezpe\u010denia a klimatiz\u00e1cie.<\/p>\n\n\n\n<p><strong>2. Je potrebn\u00e9 neust\u00e1le internetov\u00e9 pripojenie?<\/strong><br>\u00c1no, v\u00e4\u010d\u0161ina zariaden\u00ed vy\u017eaduje stabiln\u00e9 Wi-Fi pripojenie, aby spr\u00e1vne fungovalo a prij\u00edmalo aktualiz\u00e1cie.<\/p>\n\n\n\n<p><strong>3. Je mo\u017en\u00e9 pou\u017ei\u0165 r\u00f4zne zna\u010dky v tom istom syst\u00e9me?<\/strong><br>V\u010faka \u0161tandardu Matter, ktor\u00fd bol spusten\u00fd v roku 2023, m\u00f4\u017ee teraz v\u00e4\u010d\u0161ina zariaden\u00ed od r\u00f4znych zna\u010diek spolupracova\u0165.<\/p>\n\n\n\n<p><strong>4. Spotreb\u00favaj\u00fa inteligentn\u00e9 syst\u00e9my ve\u013ea energie?<\/strong><br>Nie. Jeho \u00fa\u010delom je pr\u00e1ve zn\u00ed\u017ei\u0165 spotrebu, automaticky upravova\u0165 dopyt pod\u013ea skuto\u010dnej spotreby.<\/p>\n\n\n\n<p><strong>5. Ak\u00fd trend bude dominova\u0165 bud\u00facnosti inteligentn\u00fdch domov?<\/strong><br>Emocion\u00e1lna personaliz\u00e1cia: domy, ktor\u00e9 rozpozn\u00e1vaj\u00fa n\u00e1lady a prisp\u00f4sobuj\u00fa svoje prostredie tak, aby zlep\u0161ili pohodu a du\u0161evn\u00e9 zdravie.<\/p>","protected":false},"excerpt":{"rendered":"<p>En la era digital, donde la tecnolog\u00eda redefine la forma de vivir, Gu\u00eda pr\u00e1ctica para un hogar inteligente y conectado se ha convertido en un tema esencial para quienes buscan comodidad, eficiencia y sostenibilidad. Este tipo de vivienda no es un lujo reservado para unos pocos; es una evoluci\u00f3n accesible y estrat\u00e9gica que mejora la [&hellip;]<\/p>","protected":false},"author":219,"featured_media":10231,"comment_status":"closed","ping_status":"open","sticky":false,"template":"","format":"standard","meta":{"footnotes":""},"categories":[3],"tags":[],"yoast_head":"<!-- This site is optimized with the Yoast SEO plugin v23.3 - https:\/\/yoast.com\/wordpress\/plugins\/seo\/ -->\n<title>Gu\u00eda pr\u00e1ctica para un hogar inteligente y conectado - Universo Fam\u00edlia<\/title>\n<meta name=\"description\" content=\"En la era digital, donde la tecnolog\u00eda redefine la forma de vivir, Gu\u00eda pr\u00e1ctica para un hogar inteligente y conectado se ha convertido en...\" \/>\n<meta name=\"robots\" content=\"index, follow, max-snippet:-1, max-image-preview:large, max-video-preview:-1\" \/>\n<link rel=\"canonical\" href=\"http:\/\/universofamilia.com\/sk\/guia-practica-para-un-hogar-inteligente-y-conectado\/\" \/>\n<meta property=\"og:locale\" content=\"sk_SK\" \/>\n<meta property=\"og:type\" content=\"article\" \/>\n<meta property=\"og:title\" content=\"Gu\u00eda pr\u00e1ctica para un hogar inteligente y conectado - Universo Fam\u00edlia\" \/>\n<meta property=\"og:description\" content=\"En la era digital, donde la tecnolog\u00eda redefine la forma de vivir, Gu\u00eda pr\u00e1ctica para un hogar inteligente y conectado se ha convertido en...\" \/>\n<meta property=\"og:url\" content=\"http:\/\/universofamilia.com\/sk\/guia-practica-para-un-hogar-inteligente-y-conectado\/\" \/>\n<meta property=\"og:site_name\" content=\"Universo Fam\u00edlia\" \/>\n<meta property=\"article:published_time\" content=\"2025-10-28T20:07:40+00:00\" \/>\n<meta property=\"article:modified_time\" content=\"2025-10-28T20:07:43+00:00\" \/>\n<meta property=\"og:image\" content=\"http:\/\/universofamilia.com\/wp-content\/uploads\/sites\/148\/2025\/10\/Destaque-Novo-Universo-29.jpg\" \/>\n\t<meta property=\"og:image:width\" content=\"450\" \/>\n\t<meta property=\"og:image:height\" content=\"250\" \/>\n\t<meta property=\"og:image:type\" content=\"image\/jpeg\" \/>\n<meta name=\"author\" content=\"Matheus Sangaletti\" \/>\n<meta name=\"twitter:card\" content=\"summary_large_image\" \/>\n<meta name=\"twitter:label1\" content=\"Written by\" \/>\n\t<meta name=\"twitter:data1\" content=\"Matheus Sangaletti\" \/>\n\t<meta name=\"twitter:label2\" content=\"Est. reading time\" \/>\n\t<meta name=\"twitter:data2\" content=\"9 min\u00fat\" \/>\n<script type=\"application\/ld+json\" class=\"yoast-schema-graph\">{\"@context\":\"https:\/\/schema.org\",\"@graph\":[{\"@type\":\"WebPage\",\"@id\":\"http:\/\/universofamilia.com\/sk\/guia-practica-para-un-hogar-inteligente-y-conectado\/\",\"url\":\"http:\/\/universofamilia.com\/sk\/guia-practica-para-un-hogar-inteligente-y-conectado\/\",\"name\":\"Gu\u00eda pr\u00e1ctica para un hogar inteligente y conectado - Universo Fam\u00edlia\",\"isPartOf\":{\"@id\":\"http:\/\/universofamilia.com\/zh_hk\/#website\"},\"primaryImageOfPage\":{\"@id\":\"http:\/\/universofamilia.com\/sk\/guia-practica-para-un-hogar-inteligente-y-conectado\/#primaryimage\"},\"image\":{\"@id\":\"http:\/\/universofamilia.com\/sk\/guia-practica-para-un-hogar-inteligente-y-conectado\/#primaryimage\"},\"thumbnailUrl\":\"https:\/\/universofamilia.com\/wp-content\/uploads\/sites\/148\/2025\/10\/Destaque-Novo-Universo-29.jpg\",\"datePublished\":\"2025-10-28T20:07:40+00:00\",\"dateModified\":\"2025-10-28T20:07:43+00:00\",\"author\":{\"@id\":\"http:\/\/universofamilia.com\/zh_hk\/#\/schema\/person\/92fcd07e9b1f4323bf74f3170fc0f78a\"},\"description\":\"En la era digital, donde la tecnolog\u00eda redefine la forma de vivir, Gu\u00eda pr\u00e1ctica para un hogar inteligente y conectado se ha convertido en...\",\"breadcrumb\":{\"@id\":\"http:\/\/universofamilia.com\/sk\/guia-practica-para-un-hogar-inteligente-y-conectado\/#breadcrumb\"},\"inLanguage\":\"sk-SK\",\"potentialAction\":[{\"@type\":\"ReadAction\",\"target\":[\"http:\/\/universofamilia.com\/sk\/guia-practica-para-un-hogar-inteligente-y-conectado\/\"]}]},{\"@type\":\"ImageObject\",\"inLanguage\":\"sk-SK\",\"@id\":\"http:\/\/universofamilia.com\/sk\/guia-practica-para-un-hogar-inteligente-y-conectado\/#primaryimage\",\"url\":\"https:\/\/universofamilia.com\/wp-content\/uploads\/sites\/148\/2025\/10\/Destaque-Novo-Universo-29.jpg\",\"contentUrl\":\"https:\/\/universofamilia.com\/wp-content\/uploads\/sites\/148\/2025\/10\/Destaque-Novo-Universo-29.jpg\",\"width\":450,\"height\":250},{\"@type\":\"BreadcrumbList\",\"@id\":\"http:\/\/universofamilia.com\/sk\/guia-practica-para-un-hogar-inteligente-y-conectado\/#breadcrumb\",\"itemListElement\":[{\"@type\":\"ListItem\",\"position\":1,\"name\":\"Home\",\"item\":\"http:\/\/universofamilia.com\/zh_hk\/\"},{\"@type\":\"ListItem\",\"position\":2,\"name\":\"Gu\u00eda pr\u00e1ctica para un hogar inteligente y conectado\"}]},{\"@type\":\"WebSite\",\"@id\":\"http:\/\/universofamilia.com\/zh_hk\/#website\",\"url\":\"http:\/\/universofamilia.com\/zh_hk\/\",\"name\":\"Universo Fam\u00edlia\",\"description\":\"\",\"potentialAction\":[{\"@type\":\"SearchAction\",\"target\":{\"@type\":\"EntryPoint\",\"urlTemplate\":\"http:\/\/universofamilia.com\/zh_hk\/?s={search_term_string}\"},\"query-input\":\"required name=search_term_string\"}],\"inLanguage\":\"sk-SK\"},{\"@type\":\"Person\",\"@id\":\"http:\/\/universofamilia.com\/zh_hk\/#\/schema\/person\/92fcd07e9b1f4323bf74f3170fc0f78a\",\"name\":\"Matheus Sangaletti\",\"image\":{\"@type\":\"ImageObject\",\"inLanguage\":\"sk-SK\",\"@id\":\"http:\/\/universofamilia.com\/zh_hk\/#\/schema\/person\/image\/\",\"url\":\"https:\/\/secure.gravatar.com\/avatar\/280ea957a14a48e6a1ad2133d2cc27c9?s=96&d=mm&r=g\",\"contentUrl\":\"https:\/\/secure.gravatar.com\/avatar\/280ea957a14a48e6a1ad2133d2cc27c9?s=96&d=mm&r=g\",\"caption\":\"Matheus Sangaletti\"},\"url\":\"https:\/\/universofamilia.com\/sk\/author\/matheuss\/\"}]}<\/script>\n<!-- \/ Yoast SEO plugin. -->","yoast_head_json":{"title":"Gu\u00eda pr\u00e1ctica para un hogar inteligente y conectado - Universo Fam\u00edlia","description":"En la era digital, donde la tecnolog\u00eda redefine la forma de vivir, Gu\u00eda pr\u00e1ctica para un hogar inteligente y conectado se ha convertido en...","robots":{"index":"index","follow":"follow","max-snippet":"max-snippet:-1","max-image-preview":"max-image-preview:large","max-video-preview":"max-video-preview:-1"},"canonical":"http:\/\/universofamilia.com\/sk\/guia-practica-para-un-hogar-inteligente-y-conectado\/","og_locale":"sk_SK","og_type":"article","og_title":"Gu\u00eda pr\u00e1ctica para un hogar inteligente y conectado - Universo Fam\u00edlia","og_description":"En la era digital, donde la tecnolog\u00eda redefine la forma de vivir, Gu\u00eda pr\u00e1ctica para un hogar inteligente y conectado se ha convertido en...","og_url":"http:\/\/universofamilia.com\/sk\/guia-practica-para-un-hogar-inteligente-y-conectado\/","og_site_name":"Universo Fam\u00edlia","article_published_time":"2025-10-28T20:07:40+00:00","article_modified_time":"2025-10-28T20:07:43+00:00","og_image":[{"width":450,"height":250,"url":"http:\/\/universofamilia.com\/wp-content\/uploads\/sites\/148\/2025\/10\/Destaque-Novo-Universo-29.jpg","type":"image\/jpeg"}],"author":"Matheus Sangaletti","twitter_card":"summary_large_image","twitter_misc":{"Written by":"Matheus Sangaletti","Est. reading time":"9 min\u00fat"},"schema":{"@context":"https:\/\/schema.org","@graph":[{"@type":"WebPage","@id":"http:\/\/universofamilia.com\/sk\/guia-practica-para-un-hogar-inteligente-y-conectado\/","url":"http:\/\/universofamilia.com\/sk\/guia-practica-para-un-hogar-inteligente-y-conectado\/","name":"Gu\u00eda pr\u00e1ctica para un hogar inteligente y conectado - Universo Fam\u00edlia","isPartOf":{"@id":"http:\/\/universofamilia.com\/zh_hk\/#website"},"primaryImageOfPage":{"@id":"http:\/\/universofamilia.com\/sk\/guia-practica-para-un-hogar-inteligente-y-conectado\/#primaryimage"},"image":{"@id":"http:\/\/universofamilia.com\/sk\/guia-practica-para-un-hogar-inteligente-y-conectado\/#primaryimage"},"thumbnailUrl":"https:\/\/universofamilia.com\/wp-content\/uploads\/sites\/148\/2025\/10\/Destaque-Novo-Universo-29.jpg","datePublished":"2025-10-28T20:07:40+00:00","dateModified":"2025-10-28T20:07:43+00:00","author":{"@id":"http:\/\/universofamilia.com\/zh_hk\/#\/schema\/person\/92fcd07e9b1f4323bf74f3170fc0f78a"},"description":"En la era digital, donde la tecnolog\u00eda redefine la forma de vivir, Gu\u00eda pr\u00e1ctica para un hogar inteligente y conectado se ha convertido en...","breadcrumb":{"@id":"http:\/\/universofamilia.com\/sk\/guia-practica-para-un-hogar-inteligente-y-conectado\/#breadcrumb"},"inLanguage":"sk-SK","potentialAction":[{"@type":"ReadAction","target":["http:\/\/universofamilia.com\/sk\/guia-practica-para-un-hogar-inteligente-y-conectado\/"]}]},{"@type":"ImageObject","inLanguage":"sk-SK","@id":"http:\/\/universofamilia.com\/sk\/guia-practica-para-un-hogar-inteligente-y-conectado\/#primaryimage","url":"https:\/\/universofamilia.com\/wp-content\/uploads\/sites\/148\/2025\/10\/Destaque-Novo-Universo-29.jpg","contentUrl":"https:\/\/universofamilia.com\/wp-content\/uploads\/sites\/148\/2025\/10\/Destaque-Novo-Universo-29.jpg","width":450,"height":250},{"@type":"BreadcrumbList","@id":"http:\/\/universofamilia.com\/sk\/guia-practica-para-un-hogar-inteligente-y-conectado\/#breadcrumb","itemListElement":[{"@type":"ListItem","position":1,"name":"Home","item":"http:\/\/universofamilia.com\/zh_hk\/"},{"@type":"ListItem","position":2,"name":"Gu\u00eda pr\u00e1ctica para un hogar inteligente y conectado"}]},{"@type":"WebSite","@id":"http:\/\/universofamilia.com\/zh_hk\/#website","url":"http:\/\/universofamilia.com\/zh_hk\/","name":"Universo Fam\u00edlia","description":"","potentialAction":[{"@type":"SearchAction","target":{"@type":"EntryPoint","urlTemplate":"http:\/\/universofamilia.com\/zh_hk\/?s={search_term_string}"},"query-input":"required name=search_term_string"}],"inLanguage":"sk-SK"},{"@type":"Person","@id":"http:\/\/universofamilia.com\/zh_hk\/#\/schema\/person\/92fcd07e9b1f4323bf74f3170fc0f78a","name":"Matheus Sangaletti","image":{"@type":"ImageObject","inLanguage":"sk-SK","@id":"http:\/\/universofamilia.com\/zh_hk\/#\/schema\/person\/image\/","url":"https:\/\/secure.gravatar.com\/avatar\/280ea957a14a48e6a1ad2133d2cc27c9?s=96&d=mm&r=g","contentUrl":"https:\/\/secure.gravatar.com\/avatar\/280ea957a14a48e6a1ad2133d2cc27c9?s=96&d=mm&r=g","caption":"Matheus Sangaletti"},"url":"https:\/\/universofamilia.com\/sk\/author\/matheuss\/"}]}},"_links":{"self":[{"href":"https:\/\/universofamilia.com\/sk\/wp-json\/wp\/v2\/posts\/10230"}],"collection":[{"href":"https:\/\/universofamilia.com\/sk\/wp-json\/wp\/v2\/posts"}],"about":[{"href":"https:\/\/universofamilia.com\/sk\/wp-json\/wp\/v2\/types\/post"}],"author":[{"embeddable":true,"href":"https:\/\/universofamilia.com\/sk\/wp-json\/wp\/v2\/users\/219"}],"replies":[{"embeddable":true,"href":"https:\/\/universofamilia.com\/sk\/wp-json\/wp\/v2\/comments?post=10230"}],"version-history":[{"count":1,"href":"https:\/\/universofamilia.com\/sk\/wp-json\/wp\/v2\/posts\/10230\/revisions"}],"predecessor-version":[{"id":10234,"href":"https:\/\/universofamilia.com\/sk\/wp-json\/wp\/v2\/posts\/10230\/revisions\/10234"}],"wp:featuredmedia":[{"embeddable":true,"href":"https:\/\/universofamilia.com\/sk\/wp-json\/wp\/v2\/media\/10231"}],"wp:attachment":[{"href":"https:\/\/universofamilia.com\/sk\/wp-json\/wp\/v2\/media?parent=10230"}],"wp:term":[{"taxonomy":"category","embeddable":true,"href":"https:\/\/universofamilia.com\/sk\/wp-json\/wp\/v2\/categories?post=10230"},{"taxonomy":"post_tag","embeddable":true,"href":"https:\/\/universofamilia.com\/sk\/wp-json\/wp\/v2\/tags?post=10230"}],"curies":[{"name":"wp","href":"https:\/\/api.w.org\/{rel}","templated":true}]}}