{"id":10346,"date":"2025-11-17T14:50:39","date_gmt":"2025-11-17T17:50:39","guid":{"rendered":"https:\/\/universofamilia.com\/?p=10346"},"modified":"2025-11-17T14:50:41","modified_gmt":"2025-11-17T17:50:41","slug":"carreras-sostenibles-empleos-verdes-en-auge","status":"publish","type":"post","link":"https:\/\/universofamilia.com\/sk\/carreras-sostenibles-empleos-verdes-en-auge\/","title":{"rendered":"Udr\u017eate\u013en\u00e9 kari\u00e9ry: rozmach zelen\u00fdch pracovn\u00fdch miest"},"content":{"rendered":"<p class=\"has-text-align-center\">Udr\u017eate\u013en\u00e9 kari\u00e9ry: prosperuj\u00face zelen\u00e9 pracovn\u00e9 miesta. Vo svete, kde talenty \u010delia neust\u00e1lym zmen\u00e1m, je k\u013e\u00fa\u010dov\u00e9 hovori\u0165 o \u201eudr\u017eate\u013en\u00fdch kari\u00e9rach: prosperuj\u00facich zelen\u00fdch pracovn\u00fdch miestach\u201c.<\/p>\n\n\n\n<figure class=\"wp-block-gallery aligncenter has-nested-images columns-default is-cropped wp-block-gallery-1 is-layout-flex wp-block-gallery-is-layout-flex\">\n<figure class=\"wp-block-image size-full\"><img loading=\"lazy\" decoding=\"async\" width=\"450\" height=\"250\" data-id=\"10348\" src=\"https:\/\/universofamilia.com\/wp-content\/uploads\/sites\/148\/2025\/11\/Destaque-Novo-Universo-4.jpg\" alt=\"\" class=\"wp-image-10348\" srcset=\"https:\/\/universofamilia.com\/wp-content\/uploads\/sites\/148\/2025\/11\/Destaque-Novo-Universo-4.jpg 450w, https:\/\/universofamilia.com\/wp-content\/uploads\/sites\/148\/2025\/11\/Destaque-Novo-Universo-4-300x167.jpg 300w, https:\/\/universofamilia.com\/wp-content\/uploads\/sites\/148\/2025\/11\/Destaque-Novo-Universo-4-18x10.jpg 18w\" sizes=\"(max-width: 450px) 100vw, 450px\" \/><figcaption class=\"wp-element-caption\">Canva<\/figcaption><\/figure>\n<\/figure>\n\n\n\n<p class=\"has-text-align-center\">U\u017e to nie je prechodn\u00fd trend, ale priama reakcia na klimatick\u00fa, technologick\u00fa a ekonomick\u00fa naliehavos\u0165. A predt\u00fdm, ako sa ponor\u00edme do jednotliv\u00fdch oblast\u00ed, tu je stru\u010dn\u00e9 zhrnutie, ktor\u00e9 v\u00e1m pom\u00f4\u017ee pri \u010d\u00edtan\u00ed:<\/p>\n\n\n\n<p class=\"has-text-align-center\">Jasn\u00e1 defin\u00edcia konceptu, pre\u010do rastie v Mexiku a po celom svete.<\/p>\n\n\n\n<p>Oblasti s najvy\u0161\u0161\u00edm dopytom, najcennej\u0161ie zru\u010dnosti, dva pr\u00edklady z re\u00e1lneho sveta, overite\u013en\u00e9 \u0161tatistiky, anal\u00f3gia na vizualiz\u00e1ciu ich vplyvu, u\u017eito\u010dn\u00e1 porovn\u00e1vacia tabu\u013eka a sekcia \u010dasto kladen\u00fdch ot\u00e1zok.<\/p>\n\n\n\n<h2 class=\"wp-block-heading\">Zmena kari\u00e9ry, ktor\u00e1 odr\u00e1\u017ea potreby sveta<\/h2>\n\n\n\n<p>Hovorte o <strong><em>\u201eUdr\u017eate\u013en\u00e9 kari\u00e9ry: zelen\u00e9 pracovn\u00e9 miesta na vzostupe.\u201c<\/em><\/strong> To zah\u0155\u0148a pozorovanie toho, ako energetick\u00e1 transform\u00e1cia a prij\u00edmanie zodpovedn\u00fdch postupov transformuj\u00fa mexick\u00fd trh pr\u00e1ce.<\/p>\n\n\n\n<p>\u010coraz viac spolo\u010dnost\u00ed h\u013ead\u00e1 profily, ktor\u00e9 dok\u00e1\u017eu zn\u00ed\u017ei\u0165 vplyv na \u017eivotn\u00e9 prostredie bez toho, aby obetovali produktivitu.<\/p>\n\n\n\n<p>Nie je logick\u00e9 si myslie\u0165, \u017ee nov\u00e1 ekonomika si vy\u017eaduje profesion\u00e1lov, ktor\u00ed vedia, ako vyv\u00e1\u017ei\u0165 pokrok a ochranu plan\u00e9ty?<\/p>\n\n\n\n<p>Dopyt rastie z nieko\u013ek\u00fdch d\u00f4vodov:<\/p>\n\n\n\n<p>Pr\u00edsnej\u0161ie environment\u00e1lne predpisy, da\u0148ov\u00e9 \u00fa\u013eavy pre \u010dist\u00fa energiu, zmeny v spotrebe a s\u00fakromn\u00fd sektor, ktor\u00fd za\u010d\u00edna v\u00e1\u017enej\u0161ie mera\u0165 svoju uhl\u00edkov\u00fa stopu.<\/p>\n\n\n\n<p>MOP uv\u00e1dza, \u017ee prechod na zelen\u00e9 hospod\u00e1rstvo by mohol do roku 2030 vytvori\u0165 a\u017e 24 mili\u00f3nov pracovn\u00fdch miest na celom svete, za predpokladu, \u017ee sa ur\u00fdchlia politiky zmier\u0148ovania zmeny kl\u00edmy a zav\u00e1dzanie technol\u00f3gi\u00ed.<\/p>\n\n\n\n<p>Fakt, ktor\u00fd ukazuje rozsah pr\u00edle\u017eitosti.<\/p>\n\n\n\n<h2 class=\"wp-block-heading\">\u010co definuje udr\u017eate\u013en\u00fa kari\u00e9ru<\/h2>\n\n\n\n<p>Hoci sa \u010dasto sp\u00e1ja v\u00fdlu\u010dne s obnovite\u013enou energiou, tento koncept zah\u0155\u0148a ove\u013ea viac. Udr\u017eate\u013en\u00e1 kari\u00e9ra integruje tri z\u00e1kladn\u00e9 prvky:<\/p>\n\n\n\n<p><strong>Efekt\u00edvne vyu\u017e\u00edvanie zdrojov.<\/strong> Odborn\u00edci schopn\u00ed navrhova\u0165, riadi\u0165 alebo zlep\u0161ova\u0165 procesy s ni\u017e\u0161ou spotrebou energie a men\u0161\u00edm zne\u010disten\u00edm.<\/p>\n\n\n\n<p><strong>Pozit\u00edvny soci\u00e1lny vplyv.<\/strong> Projekty, ktor\u00e9 vytv\u00e1raj\u00fa blahobyt, d\u00f4stojn\u00e9 pracovn\u00e9 miesta a odolnos\u0165 komunity.<\/p>\n\n\n\n<p><strong>Dlhodob\u00e1 v\u00edzia.<\/strong> Rozhodnutia sa zameriavali na trval\u00e9 v\u00fdhody, nielen na okam\u017eit\u00e9 v\u00fdsledky.<\/p>\n\n\n\n<p>Tieto profesie s\u00fa ako kore\u0148ov\u00fd syst\u00e9m pod lesom: pre mnoh\u00fdch nevidite\u013en\u00fd, no nevyhnutn\u00fd pre jeho udr\u017eanie pri \u017eivote a stabilite.<\/p>\n\n\n\n<h2 class=\"wp-block-heading\">Oblasti, ktor\u00e9 v Mexiku podporuj\u00fa zelen\u00e9 pracovn\u00e9 miesta<\/h2>\n\n\n\n<h3 class=\"wp-block-heading\">Obnovite\u013en\u00e9 zdroje energie a energetick\u00e1 transform\u00e1cia<\/h3>\n\n\n\n<p>Roz\u0161irovanie sol\u00e1rnych a vetern\u00fdch elektr\u00e1rn\u00ed rob\u00ed z elektrotechniky, riadenia energetick\u00fdch projektov a optimaliz\u00e1cie \u010dist\u00fdch siet\u00ed z\u00e1kladn\u00e9 piliere.<\/p>\n\n\n\n<p>\u0160pecializovan\u00ed technici, analytici energetick\u00fdch \u00fadajov a n\u00e1vrh\u00e1ri fotovoltaick\u00fdch syst\u00e9mov nach\u00e1dzaj\u00fa \u00farodn\u00fa p\u00f4du.<\/p>\n\n\n\n<p>Profesionaliz\u00e1cia je k\u013e\u00fa\u010dov\u00e1, preto\u017ee technologick\u00e1 zlo\u017eitos\u0165 r\u00fdchlo napreduje.<\/p>\n\n\n\n<h3 class=\"wp-block-heading\">Obehov\u00e9 hospod\u00e1rstvo a nakladanie s odpadom<\/h3>\n\n\n\n<p>V\u00fdrobn\u00e9, potravin\u00e1rske, stavebn\u00e9 a maloobchodn\u00e9 spolo\u010dnosti u\u017e integruj\u00fa obehov\u00e9 modely, ktor\u00e9 zni\u017euj\u00fa odpad a pretv\u00e1raj\u00fa dod\u00e1vate\u013esk\u00e9 re\u0165azce.<\/p>\n\n\n\n<p>Vynikaj\u00fa tu odborn\u00edci na udr\u017eate\u013en\u00fd dizajn, environment\u00e1lni konzultanti a \u0161pecialisti na zhodnocovanie odpadu, ktor\u00ed dok\u00e1\u017eu premeni\u0165 odpad na produkt\u00edvne vstupy.<\/p>\n\n\n\n<h3 class=\"wp-block-heading\">Regenerat\u00edvne po\u013enohospod\u00e1rstvo a potravinov\u00e9 syst\u00e9my<\/h3>\n\n\n\n<p>Agron\u00f3movia, p\u00f4dni experti a po\u013enohospod\u00e1rski technol\u00f3govia propaguj\u00fa po\u013enohospod\u00e1rske met\u00f3dy, ktor\u00e9 obnovuj\u00fa ekosyst\u00e9my, zvy\u0161uj\u00fa efekt\u00edvnos\u0165 vyu\u017e\u00edvania vody a vyu\u017e\u00edvaj\u00fa inteligentn\u00e9 senzory na monitorovanie.<\/p>\n\n\n\n<p>Tento sektor rastie najm\u00e4 v regi\u00f3noch s nedostatkom vody alebo tlakom na v\u00fdrobu.<\/p>\n\n\n\n<h3 class=\"wp-block-heading\">Inteligentn\u00e1 mobilita a \u010dist\u00e1 doprava<\/h3>\n\n\n\n<p>Elektrifik\u00e1cia dopravy zvy\u0161uje dopyt po profiloch v oblasti nab\u00edjacej infra\u0161trukt\u00fary, automatiz\u00e1cie vozidiel, udr\u017eate\u013enej logistiky a mestsk\u00e9ho dizajnu zameran\u00e9ho na akt\u00edvnu mobilitu.<\/p>\n\n\n\n<h3 class=\"wp-block-heading\">Udr\u017eate\u013en\u00e1 v\u00fdstavba a energetick\u00e1 \u00fa\u010dinnos\u0165 budov<\/h3>\n\n\n\n<p>Architekti, urbanisti, \u0161pecialisti na regul\u00e1ciu kl\u00edmy a konzultanti pre certifik\u00e1cie ako LEED alebo EDGE s\u00fa nevyhnutn\u00ed pre budovy, ktor\u00e9 spotreb\u00favaj\u00fa menej energie a vytv\u00e1raj\u00fa zdrav\u0161ie priestory.<\/p>\n\n\n\n<h2 class=\"wp-block-heading\">Zru\u010dnosti, ktor\u00e9 si ekologick\u00e9 spolo\u010dnosti najviac cenia<\/h2>\n\n\n\n<p><strong>Syst\u00e9mov\u00e9 myslenie.<\/strong> Schopnos\u0165 pochopi\u0165 vz\u0165ahy medzi procesmi, environment\u00e1lnymi vplyvmi a n\u00e1kladmi.<\/p>\n\n\n\n<p><strong>Digit\u00e1lne zru\u010dnosti.<\/strong> Ovl\u00e1da simula\u010dn\u00fd softv\u00e9r, anal\u00fdzu d\u00e1t a automatiz\u00e1ciu.<\/p>\n\n\n\n<p><strong>\u00da\u010delom orientovan\u00e1 inov\u00e1cia.<\/strong> Prisp\u00f4sobivos\u0165 pri h\u013eadan\u00ed rie\u0161en\u00ed v meniacom sa prostred\u00ed.<\/p>\n\n\n\n<p><strong>Technick\u00e1 komunik\u00e1cia.<\/strong> Vysvet\u013eovanie zlo\u017eit\u00fdch procesov ne\u0161pecializovan\u00e9mu publiku.<\/p>\n\n\n\n<p><strong>Etick\u00e9 riadenie zdrojov.<\/strong> Rozhodnutia zalo\u017een\u00e9 na d\u00f4kazoch a profesion\u00e1lna zodpovednos\u0165.<\/p>\n\n\n\n<p>Spolo\u010dnosti neh\u013eadaj\u00fa len technick\u00e9 znalosti, h\u013eadaj\u00fa aj myslenie zameran\u00e9 na neust\u00e1le zlep\u0161ovanie.<\/p>\n\n\n\n<h2 class=\"wp-block-heading\">Dva pr\u00edklady, ktor\u00e9 ilustruj\u00fa skuto\u010dn\u00fd dopad<\/h2>\n\n\n\n<p><strong>Sol\u00e1rne in\u017einierstvo vo vidieckych oblastiach.<\/strong><\/p>\n\n\n\n<p>Profesion\u00e1l \u0161pecializuj\u00faci sa na fotovoltaick\u00fa elektrifik\u00e1ciu m\u00f4\u017ee koordinova\u0165 projekty, ktor\u00e9 prepoja od\u013eahl\u00e9 komunity s \u010distou energiou, zn\u00ed\u017eia prev\u00e1dzkov\u00e9 n\u00e1klady a umo\u017enia \u0161kol\u00e1m alebo zdravotn\u00fdm stredisk\u00e1m stabilnej\u0161ie fungovanie.<\/p>\n\n\n\n<p><strong>Environment\u00e1lne poradenstvo pre priemyseln\u00e9 odvetvia.<\/strong> Exportn\u00e9 spolo\u010dnosti s\u00fa povinn\u00e9 dodr\u017eiava\u0165 environment\u00e1lne normy.<\/p>\n\n\n\n<p>\u0160pecializovan\u00fd konzultant dok\u00e1\u017ee mera\u0165 emisie, navrhova\u0165 energetick\u00e9 vylep\u0161enia a pom\u00e1ha\u0165 s medzin\u00e1rodn\u00fdmi auditmi, \u010d\u00edm otv\u00e1ra dvere na glob\u00e1lne trhy.<\/p>\n\n\n\n<p>Tieto pr\u00edpady demon\u0161truj\u00fa, ako zelen\u00e1 kari\u00e9rna dr\u00e1ha sp\u00e1ja spolo\u010densk\u00fd dopad so sol\u00eddnym profesion\u00e1lnym rastom.<\/p>\n\n\n\n<h2 class=\"wp-block-heading\">Tabu\u013eka: Hlavn\u00e9 zelen\u00e9 plochy a ich najvyh\u013ead\u00e1vanej\u0161ie profily<\/h2>\n\n\n\n<figure class=\"wp-block-table\"><table><thead><tr><th>Sektor<\/th><th>Odpor\u00fa\u010dan\u00e9 profily<\/th><th>Typ pr\u00edle\u017eitosti<\/th><\/tr><\/thead><tbody><tr><td>Obnovite\u013en\u00e9 zdroje energie<\/td><td>Elektrotechnici, technici fotovoltaiky, analytici \u00fa\u010dinnosti<\/td><td>Vysok\u00fd dopyt a technick\u00e1 \u0161pecializ\u00e1cia<\/td><\/tr><tr><td>Obehov\u00e9 hospod\u00e1rstvo<\/td><td>Environment\u00e1lni konzultanti, udr\u017eate\u013en\u00ed dizajn\u00e9ri, spr\u00e1vcovia odpadu<\/td><td>Stabiln\u00fd rast vo v\u00fdrobe<\/td><\/tr><tr><td>Udr\u017eate\u013en\u00e1 v\u00fdstavba<\/td><td>Architekti, energetick\u00ed aud\u00edtori, \u0161pecialisti LEED<\/td><td>Mestsk\u00e9 a firemn\u00e9 projekty<\/td><\/tr><tr><td>\u010cist\u00e1 mobilita<\/td><td>\u0160pecialisti na nab\u00edjaciu infra\u0161trukt\u00faru, analytici mobility<\/td><td>Verejn\u00fd a s\u00fakromn\u00fd sektor<\/td><\/tr><tr><td>Regenerat\u00edvne po\u013enohospod\u00e1rstvo<\/td><td>Po\u013enohospod\u00e1rski in\u017einieri, po\u013enohospod\u00e1rski technol\u00f3govia<\/td><td>Inov\u00e1cie v potravinov\u00fdch dod\u00e1vate\u013esk\u00fdch re\u0165azcoch<\/td><\/tr><\/tbody><\/table><figcaption class=\"wp-element-caption\">Udr\u017eate\u013en\u00e9 kari\u00e9ry: rozmach zelen\u00fdch pracovn\u00fdch miest<\/figcaption><\/figure>\n\n\n\n<figure class=\"wp-block-gallery aligncenter has-nested-images columns-default is-cropped wp-block-gallery-2 is-layout-flex wp-block-gallery-is-layout-flex\">\n<figure class=\"wp-block-image size-full\"><img loading=\"lazy\" decoding=\"async\" width=\"450\" height=\"250\" data-id=\"10349\" src=\"https:\/\/universofamilia.com\/wp-content\/uploads\/sites\/148\/2025\/11\/Destaque-Novo-Universo-1-2.jpg\" alt=\"\" class=\"wp-image-10349\" srcset=\"https:\/\/universofamilia.com\/wp-content\/uploads\/sites\/148\/2025\/11\/Destaque-Novo-Universo-1-2.jpg 450w, https:\/\/universofamilia.com\/wp-content\/uploads\/sites\/148\/2025\/11\/Destaque-Novo-Universo-1-2-300x167.jpg 300w, https:\/\/universofamilia.com\/wp-content\/uploads\/sites\/148\/2025\/11\/Destaque-Novo-Universo-1-2-18x10.jpg 18w\" sizes=\"(max-width: 450px) 100vw, 450px\" \/><figcaption class=\"wp-element-caption\">Canva<\/figcaption><\/figure>\n<\/figure>\n\n\n\n<p>\u010c\u00edtajte viac:\u00a0<a href=\"https:\/\/universofamilia.com\/sk\/el-teletrabajo-en-2025-las-nuevas-tendencias-del-home-office\/\">Pr\u00e1ca na dia\u013eku v roku 2025: Nov\u00e9 trendy v pr\u00e1ci z domu<\/a><\/p>\n\n\n\n<h2 class=\"wp-block-heading\">Pre\u010do bud\u00fa tieto kari\u00e9ry v roku 2025 na\u010falej r\u00e1s\u0165?<\/h2>\n\n\n\n<p>Verejn\u00e9 politiky v Mexiku smeruj\u00fa k zni\u017eovaniu emisi\u00ed a plneniu medzin\u00e1rodn\u00fdch cie\u013eov.<\/p>\n\n\n\n<p>S\u00fakromn\u00fd sektor si navy\u0161e u\u017e uvedomuje, \u017ee zl\u00e1 environment\u00e1lna v\u00fdkonnos\u0165 ovplyv\u0148uje reput\u00e1ciu, n\u00e1klady a pr\u00edstup k financovaniu.<\/p>\n\n\n\n<p>Investori po\u017eaduj\u00fa transparentnos\u0165 v oblasti kl\u00edmy, \u010do vedie k prij\u00edmaniu odborn\u00edkov schopn\u00fdch zabezpe\u010di\u0165 presn\u00e9 merania a strat\u00e9gie prechodu.<\/p>\n\n\n\n<p>Z\u00e1rove\u0148 si spotrebitelia cenia produkty s men\u0161ou ekologickou stopou, \u010do n\u00fati spolo\u010dnosti prekonfigurova\u0165 cel\u00e9 procesy.<\/p>\n\n\n\n<p>Tento kult\u00farny posun poh\u00e1\u0148a roz\u0161irovanie zelen\u00fdch profilov v marketingu, audite, logistike a v\u00fdvoji produktov.<\/p>\n\n\n\n<h2 class=\"wp-block-heading\">Technologick\u00e9 transform\u00e1cie, ktor\u00e9 nanovo definuj\u00fa bud\u00facnos\u0165 pr\u00e1ce<\/h2>\n\n\n\n<p>Digitaliz\u00e1cia sa prel\u00edna s udr\u017eate\u013enos\u0165ou. N\u00e1stroje predikt\u00edvnej analytiky, senzory internetu vec\u00ed, monitorovacie platformy a digit\u00e1lne dvoj\u010dat\u00e1 umo\u017e\u0148uj\u00fa presnej\u0161ie rozhodnutia.<\/p>\n\n\n\n<p>T\u00e1to konvergencia vytv\u00e1ra hybridn\u00e9 role: \u0161pecialistov, ktor\u00ed kombinuj\u00fa in\u017einierstvo s anal\u00fdzou \u00fadajov alebo environment\u00e1lne profily so z\u00e1kladn\u00fdmi program\u00e1torsk\u00fdmi zru\u010dnos\u0165ami.<\/p>\n\n\n\n<p>Rastie aj dopyt po odborn\u00edkoch, ktor\u00ed rozumej\u00fa environment\u00e1lnym predpisom, preto\u017ee ka\u017ed\u00fd udr\u017eate\u013en\u00fd projekt je ovplyvnen\u00fd povoleniami, stavebn\u00fdmi normami, energetickou politikou a da\u0148ov\u00fdmi po\u017eiadavkami.<\/p>\n\n\n\n<h2 class=\"wp-block-heading\">Ekonomika, ktor\u00e1 sa pretv\u00e1ra prostredn\u00edctvom vzdel\u00e1vania<\/h2>\n\n\n\n<p>Mexick\u00e9 univerzity a v\u00fdskumn\u00e9 centr\u00e1 u\u017e pon\u00fakaj\u00fa tituly a diplomy prisp\u00f4soben\u00e9 tomuto nov\u00e9mu scen\u00e1ru.<\/p>\n\n\n\n<p>Programy v oblasti environment\u00e1lneho in\u017einierstva, obnovite\u013en\u00fdch zdrojov energie, biotechnol\u00f3gi\u00ed, obehov\u00e9ho hospod\u00e1rstva, mana\u017ementu pr\u00edrodn\u00fdch zdrojov a udr\u017eate\u013en\u00e9ho mestsk\u00e9ho pl\u00e1novania zah\u0155\u0148aj\u00fa moduly zameran\u00e9 na inov\u00e1cie, profesion\u00e1lnu etiku a nov\u00e9 technol\u00f3gie.<\/p>\n\n\n\n<p>Posilnenie akademickej obce je nevyhnutn\u00e9, preto\u017ee d\u00f4veryhodnos\u0165 sektora z\u00e1vis\u00ed od dobre vy\u0161kolen\u00fdch odborn\u00edkov. Udr\u017eate\u013enos\u0165 si vy\u017eaduje technick\u00fa prec\u00edznos\u0165, vedeck\u00e9 d\u00f4kazy a spolo\u010densk\u00fa zodpovednos\u0165.<\/p>\n\n\n\n<h2 class=\"wp-block-heading\">Je teraz ten spr\u00e1vny \u010das za\u010da\u0165 zelen\u00fa kari\u00e9ru?<\/h2>\n\n\n\n<p>Odpove\u010f z\u00e1vis\u00ed od va\u0161ich z\u00e1ujmov, ale vyhliadky s\u00fa priazniv\u00e9. Pr\u00edle\u017eitosti rast\u00fa, platy s\u00fa konkurencieschopn\u00e9 a profesion\u00e1lny vplyv presahuje finan\u010dn\u00fd zisk.<\/p>\n\n\n\n<p>Za\u010da\u0165 kari\u00e9ru v tomto sektore znamen\u00e1 priamo prispie\u0165 k transform\u00e1cii, ktor\u00e1 ur\u010d\u00ed kvalitu \u017eivota mili\u00f3nov \u013eud\u00ed.<\/p>\n\n\n\n<h2 class=\"wp-block-heading\">Z\u00e1ver<\/h2>\n\n\n\n<p>Str\u00e1nka <strong><em>\u201eUdr\u017eate\u013en\u00e9 kari\u00e9ry: zelen\u00e9 pracovn\u00e9 miesta na vzostupe.\u201c<\/em><\/strong> Predstavuj\u00fa br\u00e1nu k odolnej\u0161ej, inovat\u00edvnej\u0161ej a spravodlivej\u0161ej hospod\u00e1rskej bud\u00facnosti.<\/p>\n\n\n\n<p>Kombin\u00e1cia profesion\u00e1lneho rastu, vplyvu na \u017eivotn\u00e9 prostredie a stability zamestnania rob\u00ed z t\u00fdchto profesi\u00ed jednu z najstrategickej\u0161\u00edch st\u00e1vok na rok 2025.<\/p>\n\n\n\n<p>Ak h\u013ead\u00e1te zmyslupln\u00fa kari\u00e9rnu dr\u00e1hu s potenci\u00e1lom \u0161pecializ\u00e1cie a stabiln\u00fdm dopytom, tento profesion\u00e1lny svet si zasl\u00fa\u017ei va\u0161u pln\u00fa pozornos\u0165.<\/p>\n\n\n\n<p>\u010c\u00edtajte viac:\u00a0<a href=\"https:\/\/universofamilia.com\/sk\/errores-clave-al-iniciar-un-negocio-online\/\">Hlavn\u00e9 chyby pri za\u010dat\u00ed online podnikania<\/a><\/p>\n\n\n\n<h2 class=\"wp-block-heading\">\u010casto kladen\u00e9 ot\u00e1zky<\/h2>\n\n\n\n<p><strong>Ak\u00e9 \u0161t\u00fadium sa odpor\u00fa\u010da na za\u010datie pr\u00e1ce v oblasti zelen\u00fdch pracovn\u00fdch miest?<\/strong><\/p>\n\n\n\n<p><br>Environment\u00e1lne in\u017einierstvo, obnovite\u013en\u00e9 zdroje energie, agron\u00f3mia, udr\u017eate\u013en\u00fd dizajn, urbanistick\u00e9 pl\u00e1novanie a technick\u00e9 programy s\u00favisiace s energetickou \u00fa\u010dinnos\u0165ou alebo odpadov\u00fdm hospod\u00e1rstvom.<\/p>\n\n\n\n<p><strong>Vy\u017eaduj\u00fa sa predch\u00e1dzaj\u00face sk\u00fasenosti?<\/strong><\/p>\n\n\n\n<p><br>Nie v\u017edy. Mnoh\u00e9 poz\u00edcie na vstupnej \u00farovni sa zameriavaj\u00fa na anal\u00fdzu d\u00e1t, technick\u00fa podporu alebo prev\u00e1dzkov\u00e9 \u00falohy. K\u013e\u00fa\u010dov\u00e9 je neust\u00e1le vzdel\u00e1vanie.<\/p>\n\n\n\n<p><strong>Existuj\u00fa zelen\u00e9 pracovn\u00e9 miesta iba vo ve\u013ek\u00fdch spolo\u010dnostiach?<\/strong><\/p>\n\n\n\n<p><br>Nie. Mal\u00e9 a stredn\u00e9 podniky tie\u017e prij\u00edmaj\u00fa udr\u017eate\u013en\u00e9 modely. Okrem toho existuj\u00fa pr\u00edle\u017eitosti v mimovl\u00e1dnych organiz\u00e1ci\u00e1ch, vl\u00e1de a nez\u00e1visl\u00fdch konzulta\u010dn\u00fdch spolo\u010dnostiach.<\/p>\n\n\n\n<p><strong>M\u00f4\u017ee profesion\u00e1l bez environment\u00e1lneho vzdelania zmeni\u0165 sektory?<\/strong><\/p>\n\n\n\n<p><br>\u00c1no. Marketing, pr\u00e1vo, komunik\u00e1cia, financie a logistika maj\u00fa zelen\u00e9 verzie, ktor\u00e9 si vy\u017eaduj\u00fa prenosn\u00e9 zru\u010dnosti.<\/p>\n\n\n\n<p><strong>Zaru\u010duj\u00fa tieto kari\u00e9ry bud\u00facu stabilitu?<\/strong><\/p>\n\n\n\n<p><br>Pokia\u013e vl\u00e1dy a trhy zostan\u00fa na ceste k dekarboniz\u00e1cii, udr\u017eate\u013en\u00e9 profesie sa bud\u00fa na\u010falej roz\u0161irova\u0165.<\/p>\n\n\n\n<p>Predstavuj\u00fa sol\u00eddnu pr\u00edle\u017eitos\u0165 s dlhodobou perspekt\u00edvou.<\/p>","protected":false},"excerpt":{"rendered":"<p>Carreras sostenibles: empleos verdes en auge. En un mundo donde el talento se enfrenta a cambios constantes, hablar de \u201cCarreras sostenibles: empleos verdes en auge.\u201d Ya no es una tendencia pasajera, sino una respuesta directa a la urgencia clim\u00e1tica, tecnol\u00f3gica y econ\u00f3mica.Y antes de entrar en cada \u00e1rea, aqu\u00ed tienes un sumario r\u00e1pido que orienta [&hellip;]<\/p>","protected":false},"author":219,"featured_media":10347,"comment_status":"closed","ping_status":"open","sticky":false,"template":"","format":"standard","meta":{"footnotes":""},"categories":[5],"tags":[],"yoast_head":"<!-- This site is optimized with the Yoast SEO plugin v23.3 - https:\/\/yoast.com\/wordpress\/plugins\/seo\/ -->\n<title>Carreras sostenibles: empleos verdes en auge - Universo Fam\u00edlia<\/title>\n<meta name=\"description\" content=\"Carreras sostenibles: empleos verdes en auge. En un mundo donde el talento se enfrenta a cambios constantes, hablar de \u201cCarreras sostenibles:\" \/>\n<meta name=\"robots\" content=\"index, follow, max-snippet:-1, max-image-preview:large, max-video-preview:-1\" \/>\n<link rel=\"canonical\" href=\"http:\/\/universofamilia.com\/sk\/carreras-sostenibles-empleos-verdes-en-auge\/\" \/>\n<meta property=\"og:locale\" content=\"sk_SK\" \/>\n<meta property=\"og:type\" content=\"article\" \/>\n<meta property=\"og:title\" content=\"Carreras sostenibles: empleos verdes en auge - Universo Fam\u00edlia\" \/>\n<meta property=\"og:description\" content=\"Carreras sostenibles: empleos verdes en auge. En un mundo donde el talento se enfrenta a cambios constantes, hablar de \u201cCarreras sostenibles:\" \/>\n<meta property=\"og:url\" content=\"http:\/\/universofamilia.com\/sk\/carreras-sostenibles-empleos-verdes-en-auge\/\" \/>\n<meta property=\"og:site_name\" content=\"Universo Fam\u00edlia\" \/>\n<meta property=\"article:published_time\" content=\"2025-11-17T17:50:39+00:00\" \/>\n<meta property=\"article:modified_time\" content=\"2025-11-17T17:50:41+00:00\" \/>\n<meta property=\"og:image\" content=\"http:\/\/universofamilia.com\/wp-content\/uploads\/sites\/148\/2025\/11\/Destaque-Novo-Universo-3.jpg\" \/>\n\t<meta property=\"og:image:width\" content=\"450\" \/>\n\t<meta property=\"og:image:height\" content=\"250\" \/>\n\t<meta property=\"og:image:type\" content=\"image\/jpeg\" \/>\n<meta name=\"author\" content=\"Matheus Sangaletti\" \/>\n<meta name=\"twitter:card\" content=\"summary_large_image\" \/>\n<meta name=\"twitter:label1\" content=\"Written by\" \/>\n\t<meta name=\"twitter:data1\" content=\"Matheus Sangaletti\" \/>\n\t<meta name=\"twitter:label2\" content=\"Est. reading time\" \/>\n\t<meta name=\"twitter:data2\" content=\"8 min\u00fat\" \/>\n<script type=\"application\/ld+json\" class=\"yoast-schema-graph\">{\"@context\":\"https:\/\/schema.org\",\"@graph\":[{\"@type\":\"WebPage\",\"@id\":\"http:\/\/universofamilia.com\/pt\/carreras-sostenibles-empleos-verdes-en-auge\/\",\"url\":\"http:\/\/universofamilia.com\/pt\/carreras-sostenibles-empleos-verdes-en-auge\/\",\"name\":\"Carreras sostenibles: empleos verdes en auge - Universo Fam\u00edlia\",\"isPartOf\":{\"@id\":\"http:\/\/universofamilia.com\/zh_hk\/#website\"},\"primaryImageOfPage\":{\"@id\":\"http:\/\/universofamilia.com\/pt\/carreras-sostenibles-empleos-verdes-en-auge\/#primaryimage\"},\"image\":{\"@id\":\"http:\/\/universofamilia.com\/pt\/carreras-sostenibles-empleos-verdes-en-auge\/#primaryimage\"},\"thumbnailUrl\":\"https:\/\/universofamilia.com\/wp-content\/uploads\/sites\/148\/2025\/11\/Destaque-Novo-Universo-3.jpg\",\"datePublished\":\"2025-11-17T17:50:39+00:00\",\"dateModified\":\"2025-11-17T17:50:41+00:00\",\"author\":{\"@id\":\"http:\/\/universofamilia.com\/zh_hk\/#\/schema\/person\/92fcd07e9b1f4323bf74f3170fc0f78a\"},\"description\":\"Carreras sostenibles: empleos verdes en auge. En un mundo donde el talento se enfrenta a cambios constantes, hablar de \u201cCarreras sostenibles:\",\"breadcrumb\":{\"@id\":\"http:\/\/universofamilia.com\/pt\/carreras-sostenibles-empleos-verdes-en-auge\/#breadcrumb\"},\"inLanguage\":\"sk-SK\",\"potentialAction\":[{\"@type\":\"ReadAction\",\"target\":[\"http:\/\/universofamilia.com\/pt\/carreras-sostenibles-empleos-verdes-en-auge\/\"]}]},{\"@type\":\"ImageObject\",\"inLanguage\":\"sk-SK\",\"@id\":\"http:\/\/universofamilia.com\/pt\/carreras-sostenibles-empleos-verdes-en-auge\/#primaryimage\",\"url\":\"https:\/\/universofamilia.com\/wp-content\/uploads\/sites\/148\/2025\/11\/Destaque-Novo-Universo-3.jpg\",\"contentUrl\":\"https:\/\/universofamilia.com\/wp-content\/uploads\/sites\/148\/2025\/11\/Destaque-Novo-Universo-3.jpg\",\"width\":450,\"height\":250},{\"@type\":\"BreadcrumbList\",\"@id\":\"http:\/\/universofamilia.com\/pt\/carreras-sostenibles-empleos-verdes-en-auge\/#breadcrumb\",\"itemListElement\":[{\"@type\":\"ListItem\",\"position\":1,\"name\":\"Home\",\"item\":\"http:\/\/universofamilia.com\/zh_hk\/\"},{\"@type\":\"ListItem\",\"position\":2,\"name\":\"Carreras sostenibles: empleos verdes en auge\"}]},{\"@type\":\"WebSite\",\"@id\":\"http:\/\/universofamilia.com\/zh_hk\/#website\",\"url\":\"http:\/\/universofamilia.com\/zh_hk\/\",\"name\":\"Universo Fam\u00edlia\",\"description\":\"\",\"potentialAction\":[{\"@type\":\"SearchAction\",\"target\":{\"@type\":\"EntryPoint\",\"urlTemplate\":\"http:\/\/universofamilia.com\/zh_hk\/?s={search_term_string}\"},\"query-input\":\"required name=search_term_string\"}],\"inLanguage\":\"sk-SK\"},{\"@type\":\"Person\",\"@id\":\"http:\/\/universofamilia.com\/zh_hk\/#\/schema\/person\/92fcd07e9b1f4323bf74f3170fc0f78a\",\"name\":\"Matheus Sangaletti\",\"image\":{\"@type\":\"ImageObject\",\"inLanguage\":\"sk-SK\",\"@id\":\"http:\/\/universofamilia.com\/zh_hk\/#\/schema\/person\/image\/\",\"url\":\"https:\/\/secure.gravatar.com\/avatar\/280ea957a14a48e6a1ad2133d2cc27c9?s=96&d=mm&r=g\",\"contentUrl\":\"https:\/\/secure.gravatar.com\/avatar\/280ea957a14a48e6a1ad2133d2cc27c9?s=96&d=mm&r=g\",\"caption\":\"Matheus Sangaletti\"},\"url\":\"https:\/\/universofamilia.com\/sk\/author\/matheuss\/\"}]}<\/script>\n<!-- \/ Yoast SEO plugin. -->","yoast_head_json":{"title":"Carreras sostenibles: empleos verdes en auge - Universo Fam\u00edlia","description":"Carreras sostenibles: empleos verdes en auge. En un mundo donde el talento se enfrenta a cambios constantes, hablar de \u201cCarreras sostenibles:","robots":{"index":"index","follow":"follow","max-snippet":"max-snippet:-1","max-image-preview":"max-image-preview:large","max-video-preview":"max-video-preview:-1"},"canonical":"http:\/\/universofamilia.com\/sk\/carreras-sostenibles-empleos-verdes-en-auge\/","og_locale":"sk_SK","og_type":"article","og_title":"Carreras sostenibles: empleos verdes en auge - Universo Fam\u00edlia","og_description":"Carreras sostenibles: empleos verdes en auge. En un mundo donde el talento se enfrenta a cambios constantes, hablar de \u201cCarreras sostenibles:","og_url":"http:\/\/universofamilia.com\/sk\/carreras-sostenibles-empleos-verdes-en-auge\/","og_site_name":"Universo Fam\u00edlia","article_published_time":"2025-11-17T17:50:39+00:00","article_modified_time":"2025-11-17T17:50:41+00:00","og_image":[{"width":450,"height":250,"url":"http:\/\/universofamilia.com\/wp-content\/uploads\/sites\/148\/2025\/11\/Destaque-Novo-Universo-3.jpg","type":"image\/jpeg"}],"author":"Matheus Sangaletti","twitter_card":"summary_large_image","twitter_misc":{"Written by":"Matheus Sangaletti","Est. reading time":"8 min\u00fat"},"schema":{"@context":"https:\/\/schema.org","@graph":[{"@type":"WebPage","@id":"http:\/\/universofamilia.com\/pt\/carreras-sostenibles-empleos-verdes-en-auge\/","url":"http:\/\/universofamilia.com\/pt\/carreras-sostenibles-empleos-verdes-en-auge\/","name":"Carreras sostenibles: empleos verdes en auge - Universo Fam\u00edlia","isPartOf":{"@id":"http:\/\/universofamilia.com\/zh_hk\/#website"},"primaryImageOfPage":{"@id":"http:\/\/universofamilia.com\/pt\/carreras-sostenibles-empleos-verdes-en-auge\/#primaryimage"},"image":{"@id":"http:\/\/universofamilia.com\/pt\/carreras-sostenibles-empleos-verdes-en-auge\/#primaryimage"},"thumbnailUrl":"https:\/\/universofamilia.com\/wp-content\/uploads\/sites\/148\/2025\/11\/Destaque-Novo-Universo-3.jpg","datePublished":"2025-11-17T17:50:39+00:00","dateModified":"2025-11-17T17:50:41+00:00","author":{"@id":"http:\/\/universofamilia.com\/zh_hk\/#\/schema\/person\/92fcd07e9b1f4323bf74f3170fc0f78a"},"description":"Carreras sostenibles: empleos verdes en auge. En un mundo donde el talento se enfrenta a cambios constantes, hablar de \u201cCarreras sostenibles:","breadcrumb":{"@id":"http:\/\/universofamilia.com\/pt\/carreras-sostenibles-empleos-verdes-en-auge\/#breadcrumb"},"inLanguage":"sk-SK","potentialAction":[{"@type":"ReadAction","target":["http:\/\/universofamilia.com\/pt\/carreras-sostenibles-empleos-verdes-en-auge\/"]}]},{"@type":"ImageObject","inLanguage":"sk-SK","@id":"http:\/\/universofamilia.com\/pt\/carreras-sostenibles-empleos-verdes-en-auge\/#primaryimage","url":"https:\/\/universofamilia.com\/wp-content\/uploads\/sites\/148\/2025\/11\/Destaque-Novo-Universo-3.jpg","contentUrl":"https:\/\/universofamilia.com\/wp-content\/uploads\/sites\/148\/2025\/11\/Destaque-Novo-Universo-3.jpg","width":450,"height":250},{"@type":"BreadcrumbList","@id":"http:\/\/universofamilia.com\/pt\/carreras-sostenibles-empleos-verdes-en-auge\/#breadcrumb","itemListElement":[{"@type":"ListItem","position":1,"name":"Home","item":"http:\/\/universofamilia.com\/zh_hk\/"},{"@type":"ListItem","position":2,"name":"Carreras sostenibles: empleos verdes en auge"}]},{"@type":"WebSite","@id":"http:\/\/universofamilia.com\/zh_hk\/#website","url":"http:\/\/universofamilia.com\/zh_hk\/","name":"Universo Fam\u00edlia","description":"","potentialAction":[{"@type":"SearchAction","target":{"@type":"EntryPoint","urlTemplate":"http:\/\/universofamilia.com\/zh_hk\/?s={search_term_string}"},"query-input":"required name=search_term_string"}],"inLanguage":"sk-SK"},{"@type":"Person","@id":"http:\/\/universofamilia.com\/zh_hk\/#\/schema\/person\/92fcd07e9b1f4323bf74f3170fc0f78a","name":"Matheus Sangaletti","image":{"@type":"ImageObject","inLanguage":"sk-SK","@id":"http:\/\/universofamilia.com\/zh_hk\/#\/schema\/person\/image\/","url":"https:\/\/secure.gravatar.com\/avatar\/280ea957a14a48e6a1ad2133d2cc27c9?s=96&d=mm&r=g","contentUrl":"https:\/\/secure.gravatar.com\/avatar\/280ea957a14a48e6a1ad2133d2cc27c9?s=96&d=mm&r=g","caption":"Matheus Sangaletti"},"url":"https:\/\/universofamilia.com\/sk\/author\/matheuss\/"}]}},"_links":{"self":[{"href":"https:\/\/universofamilia.com\/sk\/wp-json\/wp\/v2\/posts\/10346"}],"collection":[{"href":"https:\/\/universofamilia.com\/sk\/wp-json\/wp\/v2\/posts"}],"about":[{"href":"https:\/\/universofamilia.com\/sk\/wp-json\/wp\/v2\/types\/post"}],"author":[{"embeddable":true,"href":"https:\/\/universofamilia.com\/sk\/wp-json\/wp\/v2\/users\/219"}],"replies":[{"embeddable":true,"href":"https:\/\/universofamilia.com\/sk\/wp-json\/wp\/v2\/comments?post=10346"}],"version-history":[{"count":1,"href":"https:\/\/universofamilia.com\/sk\/wp-json\/wp\/v2\/posts\/10346\/revisions"}],"predecessor-version":[{"id":10350,"href":"https:\/\/universofamilia.com\/sk\/wp-json\/wp\/v2\/posts\/10346\/revisions\/10350"}],"wp:featuredmedia":[{"embeddable":true,"href":"https:\/\/universofamilia.com\/sk\/wp-json\/wp\/v2\/media\/10347"}],"wp:attachment":[{"href":"https:\/\/universofamilia.com\/sk\/wp-json\/wp\/v2\/media?parent=10346"}],"wp:term":[{"taxonomy":"category","embeddable":true,"href":"https:\/\/universofamilia.com\/sk\/wp-json\/wp\/v2\/categories?post=10346"},{"taxonomy":"post_tag","embeddable":true,"href":"https:\/\/universofamilia.com\/sk\/wp-json\/wp\/v2\/tags?post=10346"}],"curies":[{"name":"wp","href":"https:\/\/api.w.org\/{rel}","templated":true}]}}