{"id":10479,"date":"2025-12-29T09:09:19","date_gmt":"2025-12-29T12:09:19","guid":{"rendered":"https:\/\/universofamilia.com\/?p=10479"},"modified":"2025-12-29T09:11:25","modified_gmt":"2025-12-29T12:11:25","slug":"la-salud-mental-en-la-mira","status":"publish","type":"post","link":"https:\/\/universofamilia.com\/sk\/la-salud-mental-en-la-mira\/","title":{"rendered":"Du\u0161evn\u00e9 zdravie v centre pozornosti: nov\u00e1 glob\u00e1lna v\u00fdzva 21. storo\u010dia"},"content":{"rendered":"<p class=\"has-text-align-center\"><strong>Du\u0161evn\u00e9 zdravie v centre pozornosti: nov\u00e1 glob\u00e1lna v\u00fdzva 21. storo\u010dia.<\/strong> U\u017e to nie je alarmistick\u00e9 heslo ani probl\u00e9m, ktor\u00fd sa t\u00fdka v\u00fdlu\u010dne medic\u00ednskej oblasti.<\/p>\n\n\n\n<figure class=\"wp-block-gallery has-nested-images columns-default is-cropped wp-block-gallery-1 is-layout-flex wp-block-gallery-is-layout-flex\">\n<figure class=\"wp-block-image size-full\"><img loading=\"lazy\" decoding=\"async\" width=\"450\" height=\"250\" data-id=\"10481\" src=\"https:\/\/universofamilia.com\/wp-content\/uploads\/sites\/148\/2025\/12\/Destaque-Novo-Universo-20-1.jpg\" alt=\"\" class=\"wp-image-10481\" srcset=\"https:\/\/universofamilia.com\/wp-content\/uploads\/sites\/148\/2025\/12\/Destaque-Novo-Universo-20-1.jpg 450w, https:\/\/universofamilia.com\/wp-content\/uploads\/sites\/148\/2025\/12\/Destaque-Novo-Universo-20-1-300x167.jpg 300w, https:\/\/universofamilia.com\/wp-content\/uploads\/sites\/148\/2025\/12\/Destaque-Novo-Universo-20-1-18x10.jpg 18w\" sizes=\"(max-width: 450px) 100vw, 450px\" \/><figcaption class=\"wp-element-caption\">Du\u0161evn\u00e9 zdravie v centre pozornosti: nov\u00e1 glob\u00e1lna v\u00fdzva 21. storo\u010dia.<\/figcaption><\/figure>\n<\/figure>\n\n\n\n<p class=\"has-text-align-center\">Stala sa soci\u00e1lnou, ekonomickou a politickou prioritou, ktor\u00e1 presahuje veky, profesie a kult\u00fary.<\/p>\n\n\n\n<p class=\"has-text-align-center\">V roku 2025 hovori\u0165 o emocion\u00e1lnej pohode znamen\u00e1 hovori\u0165 o produktivite, vz\u0165ahoch, vzdelan\u00ed, technol\u00f3gi\u00e1ch a kvalite \u017eivota.<\/p>\n\n\n\n<p>Predt\u00fdm, ako sa do toho pust\u00edme hlb\u0161ie, stoj\u00ed za to si v kr\u00e1tkosti pozrie\u0165 zhrnutie: pre\u010do je du\u0161evn\u00e9 zdravie dnes stredobodom glob\u00e1lnej diskusie, ak\u00e9 faktory vysvet\u013euj\u00fa jeho zhor\u0161ovanie a ako ovplyv\u0148uje ekonomiku a ka\u017edodenn\u00fd \u017eivot.<\/p>\n\n\n\n<p>K\u013e\u00fa\u010dov\u00e1 \u0161tatistika podlo\u017een\u00e1 medzin\u00e1rodn\u00fdmi organiz\u00e1ciami, dva pr\u00edklady z re\u00e1lneho sveta, objas\u0148uj\u00faca anal\u00f3gia, tabu\u013eka so s\u00fa\u010dasn\u00fdmi v\u00fdzvami a sekcia s \u010dasto kladen\u00fdmi ot\u00e1zkami.<\/p>\n\n\n\n<h2 class=\"wp-block-heading\"><strong>Pre\u010do sa du\u0161evn\u00e9 zdravie dostalo do centra glob\u00e1lnej diskusie<\/strong><\/h2>\n\n\n\n<p>Po cel\u00e9 desa\u0165ro\u010dia bola psychick\u00e1 pohoda odsunut\u00e1 do \u00fazadia. R\u00fdchle zmeny 21. storo\u010dia n\u00e1s v\u0161ak prin\u00fatili \u010deli\u0165 probl\u00e9mu, ktor\u00fd potichu narastal.<\/p>\n\n\n\n<p>Intenz\u00edvny pracovn\u00fd rytmus, hyperkonektivita, ekonomick\u00e1 neistota a hlbok\u00e9 spolo\u010densk\u00e9 transform\u00e1cie vytvorili zlo\u017eit\u00fa \u017eivn\u00fa p\u00f4du.<\/p>\n\n\n\n<p>V tejto s\u00favislosti, <strong>Du\u0161evn\u00e9 zdravie v centre pozornosti: nov\u00e1 glob\u00e1lna v\u00fdzva 21. storo\u010dia.<\/strong> Prestala by\u0165 akademickou fr\u00e1zou a stala sa ka\u017edodennou realitou.<\/p>\n\n\n\n<p>Vl\u00e1dy, podniky a vzdel\u00e1vacie syst\u00e9my si dnes uvedomuj\u00fa, \u017ee ignorovanie tohto aspektu m\u00e1 hmatate\u013en\u00e9 a n\u00e1kladn\u00e9 n\u00e1sledky.<\/p>\n\n\n\n<h2 class=\"wp-block-heading\"><strong>Probl\u00e9m, ktor\u00fd nepozn\u00e1 hranice ani veky<\/strong><\/h2>\n\n\n\n<p>Du\u0161evn\u00e9 zdravie nepostihuje len ur\u010dit\u00e9 krajiny alebo soci\u00e1lne skupiny.<\/p>\n\n\n\n<p>Toto je roz\u0161\u00edren\u00fd jav. Mlad\u00ed \u013eudia, dospel\u00ed a star\u0161\u00ed dospel\u00ed \u010delia rast\u00facej \u00farovni stresu, \u00fazkosti a emocion\u00e1lneho vy\u010derpania.<\/p>\n\n\n\n<p>Pod\u013ea \u00fadajov z <strong>Svetov\u00e1 zdravotn\u00edcka organiz\u00e1cia (WHO)<\/strong>pribli\u017ene <strong>1 z 8 \u013eud\u00ed na celom svete \u017eije s nejakou formou du\u0161evnej poruchy<\/strong>Toto \u010d\u00edslo odr\u00e1\u017ea rozsah probl\u00e9mu a jeho priamy vplyv na syst\u00e9my zdravotnej starostlivosti a glob\u00e1lnu ekonomiku.<\/p>\n\n\n\n<p>Tieto \u00fadaje, aktualizovan\u00e9 v ned\u00e1vnych spr\u00e1vach agent\u00fary, potvrdzuj\u00fa, \u017ee nejde o ojedinel\u00e9 pr\u00edpady, ale o \u0161truktur\u00e1lny probl\u00e9m.<\/p>\n\n\n\n<h2 class=\"wp-block-heading\"><strong>Tich\u00fd dopad na ekonomiku a pr\u00e1cu<\/strong><\/h2>\n\n\n\n<p>Okrem individu\u00e1lneho utrpenia zhor\u0161en\u00e9 du\u0161evn\u00e9 zdravie ovplyv\u0148uje produktivitu, zvy\u0161uje absenciu v pr\u00e1ci a zvy\u0161uje n\u00e1klady na zdravotn\u00fa starostlivos\u0165.<\/p>\n\n\n\n<p>Firmy za\u010dali ch\u00e1pa\u0165, \u017ee starostlivos\u0165 o emocion\u00e1lnu pohodu nie je len dodato\u010dn\u00fdm benefitom, ale strategickou invest\u00edciou.<\/p>\n\n\n\n<p>Do roku 2025 mnoho organiz\u00e1ci\u00ed integruje programy psychologickej podpory, flexibiln\u00e9 pracovn\u00e9 rozvrhy a politiky digit\u00e1lneho odpojenia.<\/p>\n\n\n\n<p>Robia to nielen zo spolo\u010denskej zodpovednosti, ale aj preto, \u017ee v\u00fdsledky ukazuj\u00fa jasn\u00e9 zlep\u0161enie v\u00fdkonu a odhodlania.<\/p>\n\n\n\n<h2 class=\"wp-block-heading\"><strong>Technol\u00f3gia: spojenec aj riziko<\/strong><\/h2>\n\n\n\n<p>Technol\u00f3gia zohr\u00e1va ambivalentn\u00fa \u00falohu. Na jednej strane u\u013eah\u010duje pr\u00edstup k inform\u00e1ci\u00e1m, online terapi\u00e1m a podporn\u00fdm komunit\u00e1m.<\/p>\n\n\n\n<p>Na druhej strane to zintenz\u00edv\u0148uje soci\u00e1lne porovn\u00e1vanie, nadmern\u00e9 vystavovanie sa a \u0165a\u017ekosti s odpojen\u00edm sa.<\/p>\n\n\n\n<p>V\u00fdzvou je rozumne pou\u017e\u00edva\u0165 digit\u00e1lne n\u00e1stroje.<\/p>\n\n\n\n<p>K\u013e\u00fa\u010dom nie je d\u00e9monizova\u0165 technol\u00f3giu, ale stanovi\u0165 zdrav\u00e9 hranice, ktor\u00e9 n\u00e1m umo\u017enia vyu\u017e\u00edva\u0165 jej v\u00fdhody bez toho, aby sme obetovali emocion\u00e1lnu rovnov\u00e1hu.<\/p>\n\n\n\n<h2 class=\"wp-block-heading\"><strong>Emocion\u00e1lna v\u00fdchova: historick\u00fd dlh<\/strong><\/h2>\n\n\n\n<p>Vzdel\u00e1vacie syst\u00e9my roky uprednost\u0148ovali akademick\u00fd obsah a zanedb\u00e1vali z\u00e1kladn\u00e9 emocion\u00e1lne zru\u010dnosti. Dnes si toto opomenutie vyber\u00e1 svoju da\u0148.<\/p>\n\n\n\n<p>Emocion\u00e1lna gramotnos\u0165 sa jav\u00ed ako naliehav\u00e1 potreba.<\/p>\n\n\n\n<p>Za\u010dlenenie zvl\u00e1dania stresu, empatie a sebauvedomenia od \u00fatleho veku nielen\u017ee predch\u00e1dza bud\u00facim poruch\u00e1m, ale tie\u017e vytv\u00e1ra odolnej\u0161\u00edch a uvedomelej\u0161\u00edch ob\u010danov.<\/p>\n\n\n\n<h3 class=\"wp-block-heading\"><strong>Pr\u00edklad 1<\/strong><\/h3>\n\n\n\n<p>Verejn\u00e1 \u0161kola v Latinskej Amerike integrovala t\u00fd\u017edenn\u00e9 workshopy emocion\u00e1lnej v\u00fdchovy.<\/p>\n\n\n\n<p>Pod\u013ea intern\u00fdch spr\u00e1v vzdel\u00e1vacieho centra sa za menej ako rok zn\u00ed\u017eili konflikty medzi \u0161tudentmi a zlep\u0161ila sa celkov\u00e1 akademick\u00e1 v\u00fdkonnos\u0165.<\/p>\n\n\n\n<h2 class=\"wp-block-heading\"><strong>Stigma: najvytrvalej\u0161\u00ed nepriate\u013e<\/strong><\/h2>\n\n\n\n<p>Hoci sa diskurz zmenil, stigma pretrv\u00e1va. Mnoho \u013eud\u00ed sa vyh\u00fdba \u017eiadosti o pomoc zo strachu zo soci\u00e1lneho alebo profesion\u00e1lneho ods\u00fadenia.<\/p>\n\n\n\n<p>Toto ticho zhor\u0161uje pr\u00edznaky a od\u010fa\u013euje \u00fa\u010dinn\u00fa lie\u010dbu.<\/p>\n\n\n\n<p>Zvidite\u013enenie du\u0161evn\u00e9ho zdravia ako neoddelite\u013enej s\u00fa\u010dasti celkov\u00e9ho zdravia je k\u013e\u00fa\u010dov\u00e9. Normaliz\u00e1cia konverz\u00e1cie \u0161etr\u00ed \u010das, zdroje a v niektor\u00fdch pr\u00edpadoch aj \u017eivoty.<\/p>\n\n\n\n<h2 class=\"wp-block-heading\"><strong>Anal\u00f3gia, ktor\u00e1 pom\u00e1ha pochopi\u0165 naliehavos\u0165<\/strong><\/h2>\n\n\n\n<p>Starostlivos\u0165 o du\u0161evn\u00e9 zdravie je podobn\u00e1 <strong>udr\u017eiava\u0165 opera\u010dn\u00fd syst\u00e9m zariadenia<\/strong>.<\/p>\n\n\n\n<p>M\u00f4\u017eete ma\u0165 najlep\u0161\u00ed hardv\u00e9r, ale ak softv\u00e9r zlyh\u00e1, cel\u00fd syst\u00e9m sa stane pomal\u00fdm, nestabiln\u00fdm a zranite\u013en\u00fdm. Ignorovanie varovn\u00fdch sign\u00e1lov iba zhor\u0161uje celkov\u00fd v\u00fdkon.<\/p>\n\n\n\n<h2 class=\"wp-block-heading\"><strong>Verejn\u00e9 politiky a kolekt\u00edvna zodpovednos\u0165<\/strong><\/h2>\n\n\n\n<p>Vl\u00e1dy \u010delia v\u00fdzve navrhova\u0165 komplexn\u00e9, dostupn\u00e9 a udr\u017eate\u013en\u00e9 politiky.<\/p>\n\n\n\n<p>Nesta\u010d\u00ed len zv\u00fd\u0161i\u0165 rozpo\u010dty; je potrebn\u00e1 koordin\u00e1cia medzi zdravotn\u00edctvom, vzdel\u00e1van\u00edm, pr\u00e1cou a soci\u00e1lnym rozvojom.<\/p>\n\n\n\n<p>Z\u00e1rove\u0148 zodpovednos\u0165 nele\u017e\u00ed v\u00fdlu\u010dne na in\u0161tit\u00faci\u00e1ch.<\/p>\n\n\n\n<p>Komunity, rodiny a pracovn\u00e9 prostredie zohr\u00e1vaj\u00fa z\u00e1sadn\u00fa \u00falohu v prevencii a podpore.<\/p>\n\n\n\n<h2 class=\"wp-block-heading\"><strong>Tabu\u013eka: Hlavn\u00e9 s\u00fa\u010dasn\u00e9 v\u00fdzvy v oblasti du\u0161evn\u00e9ho zdravia<\/strong><\/h2>\n\n\n\n<figure class=\"wp-block-table\"><table><thead><tr><th>Glob\u00e1lna v\u00fdzva<\/th><th>Hlavn\u00fd vplyv<\/th><\/tr><\/thead><tbody><tr><td>Chronick\u00fd pracovn\u00fd stres<\/td><td>Vyhorenie a n\u00edzka produktivita<\/td><\/tr><tr><td>Soci\u00e1lna stigmatiz\u00e1cia<\/td><td>Nedostatok v\u010dasnej diagnostiky<\/td><\/tr><tr><td>Obmedzen\u00fd pr\u00edstup k starostlivosti<\/td><td>Medzery vo verejnom zdrav\u00ed<\/td><\/tr><tr><td>Nadmern\u00e9 pou\u017e\u00edvanie technol\u00f3gi\u00ed<\/td><td>\u00dazkos\u0165 a emocion\u00e1lne odpojenie<\/td><\/tr><tr><td>Nedostatok emocion\u00e1lnej v\u00fdchovy<\/td><td>Ni\u017e\u0161ia soci\u00e1lna odolnos\u0165<\/td><\/tr><\/tbody><\/table><figcaption class=\"wp-element-caption\">Du\u0161evn\u00e9 zdravie v centre pozornosti: nov\u00e1 glob\u00e1lna v\u00fdzva 21. storo\u010dia.<\/figcaption><\/figure>\n\n\n\n<figure class=\"wp-block-gallery has-nested-images columns-default is-cropped wp-block-gallery-2 is-layout-flex wp-block-gallery-is-layout-flex\">\n<figure class=\"wp-block-image size-full\"><img loading=\"lazy\" decoding=\"async\" width=\"450\" height=\"250\" data-id=\"10482\" src=\"https:\/\/universofamilia.com\/wp-content\/uploads\/sites\/148\/2025\/12\/Destaque-Novo-Universo-21.jpg\" alt=\"\" class=\"wp-image-10482\" srcset=\"https:\/\/universofamilia.com\/wp-content\/uploads\/sites\/148\/2025\/12\/Destaque-Novo-Universo-21.jpg 450w, https:\/\/universofamilia.com\/wp-content\/uploads\/sites\/148\/2025\/12\/Destaque-Novo-Universo-21-300x167.jpg 300w, https:\/\/universofamilia.com\/wp-content\/uploads\/sites\/148\/2025\/12\/Destaque-Novo-Universo-21-18x10.jpg 18w\" sizes=\"(max-width: 450px) 100vw, 450px\" \/><figcaption class=\"wp-element-caption\">Du\u0161evn\u00e9 zdravie v centre pozornosti: nov\u00e1 glob\u00e1lna v\u00fdzva 21. storo\u010dia.<\/figcaption><\/figure>\n<\/figure>\n\n\n\n<p>\u010c\u00edtajte viac:\u00a0<a href=\"https:\/\/universofamilia.com\/sk\/descubrimientos-cientificos-que-cambiaran-el-futuro\/\">Vedeck\u00e9 objavy, ktor\u00e9 zmenia bud\u00facnos\u0165<\/a><\/p>\n\n\n\n<h2 class=\"wp-block-heading\"><strong>D\u00f4le\u017eitos\u0165 hovorenia, po\u010d\u00favania a konania<\/strong><\/h2>\n\n\n\n<p>Vytv\u00e1ranie priestorov pre \u00faprimn\u00fd dial\u00f3g m\u00e1 skuto\u010dn\u00fd v\u00fdznam. Po\u010d\u00favanie bez posudzovania a uzn\u00e1vanie em\u00f3ci\u00ed posil\u0148uje v\u00e4zby a zni\u017euje izol\u00e1ciu.<\/p>\n\n\n\n<p>Okrem toho podporuje kult\u00faru, v ktorej sa \u017eiados\u0165 o pomoc nevn\u00edma ako slabos\u0165, ale ako osobn\u00e1 zodpovednos\u0165.<\/p>\n\n\n\n<h3 class=\"wp-block-heading\"><strong>Pr\u00edklad 2<\/strong><\/h3>\n\n\n\n<p>Servisn\u00e1 spolo\u010dnos\u0165 zaviedla dobrovo\u013en\u00e9 sedenia psychologickej podpory.<\/p>\n\n\n\n<p>Po \u0161iestich mesiacoch t\u00edmy hl\u00e1sili v\u00e4\u010d\u0161iu s\u00fadr\u017enos\u0165 a pokles vn\u00edman\u00e9ho stresu, \u010do sa odrazilo v hodnoteniach internej kl\u00edmy na pracovisku.<\/p>\n\n\n\n<h2 class=\"wp-block-heading\"><strong>Pre\u010do t\u00e1to v\u00fdzva definuje 21. storo\u010die?<\/strong><\/h2>\n\n\n\n<p>Preto\u017ee \u013eudstvo nikdy predt\u00fdm nemalo to\u013eko inform\u00e1ci\u00ed a z\u00e1rove\u0148 to\u013eko s\u00fa\u010dasn\u00fdch tlakov\u00fdch faktorov.<\/p>\n\n\n\n<p>Globaliz\u00e1cia, klimatick\u00e1 kr\u00edza, technologick\u00e9 zmeny a geopolitick\u00e9 nap\u00e4tie priamo ovplyv\u0148uj\u00fa emocion\u00e1lnu stabilitu.<\/p>\n\n\n\n<p>M\u00e1 zmysel hovori\u0165 o pokroku, ak sa zanedb\u00e1va psychick\u00e1 pohoda \u013eud\u00ed?<\/p>\n\n\n\n<h2 class=\"wp-block-heading\"><strong>Poh\u013ead do bud\u00facnosti so zodpovednos\u0165ou<\/strong><\/h2>\n\n\n\n<p>V roku 2025, <strong>Du\u0161evn\u00e9 zdravie v centre pozornosti: nov\u00e1 glob\u00e1lna v\u00fdzva 21. storo\u010dia.<\/strong> Vy\u017eaduje si to konkr\u00e9tne \u010diny, nielen re\u010di.<\/p>\n\n\n\n<p>Investovanie do prevencie, vzdel\u00e1vania a pr\u00edstupu k lie\u010dbe je rovnako d\u00f4le\u017eit\u00e9 ako ak\u00e1ko\u013evek fyzick\u00e1 infra\u0161trukt\u00fara.<\/p>\n\n\n\n<p>Bud\u00facnos\u0165 bude z\u00e1visie\u0165 od kolekt\u00edvnej schopnosti uzna\u0165, \u017ee du\u0161evn\u00e9 zdravie nie je luxus, ale pilier udr\u017eate\u013en\u00e9ho rozvoja.<\/p>\n\n\n\n<h2 class=\"wp-block-heading\"><strong>Z\u00e1ver<\/strong><\/h2>\n\n\n\n<p>Du\u0161evn\u00e9 zdravie definuje, ako pracujeme, u\u010d\u00edme sa, komunikujeme s ostatn\u00fdmi a pl\u00e1nujeme bud\u00facnos\u0165. Jeho ignorovanie znamen\u00e1 neust\u00e1le rast\u00face \u013eudsk\u00e9 a ekonomick\u00e9 n\u00e1klady.<\/p>\n\n\n\n<p>Naopak, rie\u0161enie tejto ot\u00e1zky s v\u00e1\u017enos\u0165ou, empatiou a strat\u00e9giou otv\u00e1ra dvere k vyv\u00e1\u017eenej\u0161\u00edm a odolnej\u0161\u00edm spolo\u010dnostiam.<\/p>\n\n\n\n<p>V\u00fdzva bola stanoven\u00e1. Ot\u00e1zkou u\u017e nie je, \u010di by sme mali kona\u0165, ale ako a s akou naliehavos\u0165ou.<\/p>\n\n\n\n<p>\u010c\u00edtajte viac:\u00a0<a href=\"https:\/\/universofamilia.com\/sk\/el-crecimiento-del-comercio-electronico-mundial-en-2025\/\">Rast glob\u00e1lneho elektronick\u00e9ho obchodu v roku 2025<\/a><\/p>\n\n\n\n<h2 class=\"wp-block-heading\"><strong>\u010casto kladen\u00e9 ot\u00e1zky<\/strong><\/h2>\n\n\n\n<p><strong>Je du\u0161evn\u00e9 zdravie len individu\u00e1lnou z\u00e1le\u017eitos\u0165ou?<\/strong><br>Nie. Zah\u0155\u0148a soci\u00e1lne, ekonomick\u00e9 a kult\u00farne faktory, ktor\u00e9 si vy\u017eaduj\u00fa kolekt\u00edvne reakcie.<\/p>\n\n\n\n<p><strong>Je vyh\u013ead\u00e1vanie psychologickej pomoci st\u00e1le neodpor\u00fa\u010dan\u00e9?<\/strong><br>Stigma sa s\u00edce zn\u00ed\u017eila, ale v niektor\u00fdch kruhoch st\u00e1le pretrv\u00e1va. Otvoren\u00e9 rozpr\u00e1vanie pom\u00e1ha zmeni\u0165 toto vn\u00edmanie.<\/p>\n\n\n\n<p><strong>Zhor\u0161uje technol\u00f3gia du\u0161evn\u00e9 zdravie?<\/strong><br>Z\u00e1le\u017e\u00ed od pou\u017eitia. M\u00f4\u017ee to by\u0165 podporn\u00fd n\u00e1stroj alebo rizikov\u00fd faktor, ak nie je regulovan\u00fd.<\/p>\n\n\n\n<p><strong>Mali by sa firmy zapoji\u0165 do tejto problematiky?<\/strong><br>\u00c1no. Emocion\u00e1lna pohoda priamo ovplyv\u0148uje v\u00fdkonnos\u0165 a udr\u017eate\u013enos\u0165 organiz\u00e1cie.<\/p>\n\n\n\n<p><strong>Naozaj funguje prevencia?<\/strong><br>R\u00f4zne programy ukazuj\u00fa, \u017ee emocion\u00e1lna v\u00fdchova a v\u010dasn\u00e1 diagnostika zni\u017euj\u00fa dlhodob\u00e9 probl\u00e9my.<\/p>\n\n\n\n<p>Rie\u0161enie du\u0161evn\u00e9ho zdravia s v\u00e1\u017enos\u0165ou a \u013eudskos\u0165ou nielen zlep\u0161uje \u017eivoty jednotlivcov, ale aj nanovo definuje smerovanie 21. storo\u010dia.<\/p>","protected":false},"excerpt":{"rendered":"<p>La salud mental en la mira: el nuevo desaf\u00edo global del siglo XXI. ya no es una consigna alarmista ni un tema exclusivo del \u00e1mbito m\u00e9dico. Se convirti\u00f3 en una prioridad social, econ\u00f3mica y pol\u00edtica que atraviesa edades, profesiones y culturas. En 2025, hablar de bienestar emocional implica hablar de productividad, v\u00ednculos, educaci\u00f3n, tecnolog\u00eda y [&hellip;]<\/p>","protected":false},"author":219,"featured_media":10480,"comment_status":"closed","ping_status":"open","sticky":false,"template":"","format":"standard","meta":{"footnotes":""},"categories":[4],"tags":[],"yoast_head":"<!-- This site is optimized with the Yoast SEO plugin v23.3 - https:\/\/yoast.com\/wordpress\/plugins\/seo\/ -->\n<title>La salud mental en la mira: el nuevo desaf\u00edo global del siglo XXI - Universo Fam\u00edlia<\/title>\n<meta name=\"description\" content=\"La salud mental en la mira: el nuevo desaf\u00edo global del siglo XXI. ya no es una consigna alarmista ni un tema exclusivo del \u00e1mbito m\u00e9dico.\" \/>\n<meta name=\"robots\" content=\"index, follow, max-snippet:-1, max-image-preview:large, max-video-preview:-1\" \/>\n<link rel=\"canonical\" href=\"https:\/\/universofamilia.com\/sk\/la-salud-mental-en-la-mira\/\" \/>\n<meta property=\"og:locale\" content=\"sk_SK\" \/>\n<meta property=\"og:type\" content=\"article\" \/>\n<meta property=\"og:title\" content=\"La salud mental en la mira: el nuevo desaf\u00edo global del siglo XXI - Universo Fam\u00edlia\" \/>\n<meta property=\"og:description\" content=\"La salud mental en la mira: el nuevo desaf\u00edo global del siglo XXI. ya no es una consigna alarmista ni un tema exclusivo del \u00e1mbito m\u00e9dico.\" \/>\n<meta property=\"og:url\" content=\"https:\/\/universofamilia.com\/sk\/la-salud-mental-en-la-mira\/\" \/>\n<meta property=\"og:site_name\" content=\"Universo Fam\u00edlia\" \/>\n<meta property=\"article:published_time\" content=\"2025-12-29T12:09:19+00:00\" \/>\n<meta property=\"article:modified_time\" content=\"2025-12-29T12:11:25+00:00\" \/>\n<meta property=\"og:image\" content=\"https:\/\/universofamilia.com\/wp-content\/uploads\/sites\/148\/2025\/12\/Destaque-Novo-Universo-20.jpg\" \/>\n\t<meta property=\"og:image:width\" content=\"450\" \/>\n\t<meta property=\"og:image:height\" content=\"250\" \/>\n\t<meta property=\"og:image:type\" content=\"image\/jpeg\" \/>\n<meta name=\"author\" content=\"Matheus Sangaletti\" \/>\n<meta name=\"twitter:card\" content=\"summary_large_image\" \/>\n<meta name=\"twitter:label1\" content=\"Written by\" \/>\n\t<meta name=\"twitter:data1\" content=\"Matheus Sangaletti\" \/>\n\t<meta name=\"twitter:label2\" content=\"Est. reading time\" \/>\n\t<meta name=\"twitter:data2\" content=\"1 min\u00fata\" \/>\n<script type=\"application\/ld+json\" class=\"yoast-schema-graph\">{\"@context\":\"https:\/\/schema.org\",\"@graph\":[{\"@type\":\"WebPage\",\"@id\":\"https:\/\/universofamilia.com\/zh_hk\/la-salud-mental-en-la-mira\/\",\"url\":\"https:\/\/universofamilia.com\/zh_hk\/la-salud-mental-en-la-mira\/\",\"name\":\"La salud mental en la mira: el nuevo desaf\u00edo global del siglo XXI - Universo Fam\u00edlia\",\"isPartOf\":{\"@id\":\"http:\/\/universofamilia.com\/zh_hk\/#website\"},\"primaryImageOfPage\":{\"@id\":\"https:\/\/universofamilia.com\/zh_hk\/la-salud-mental-en-la-mira\/#primaryimage\"},\"image\":{\"@id\":\"https:\/\/universofamilia.com\/zh_hk\/la-salud-mental-en-la-mira\/#primaryimage\"},\"thumbnailUrl\":\"https:\/\/universofamilia.com\/wp-content\/uploads\/sites\/148\/2025\/12\/Destaque-Novo-Universo-20.jpg\",\"datePublished\":\"2025-12-29T12:09:19+00:00\",\"dateModified\":\"2025-12-29T12:11:25+00:00\",\"author\":{\"@id\":\"http:\/\/universofamilia.com\/zh_hk\/#\/schema\/person\/92fcd07e9b1f4323bf74f3170fc0f78a\"},\"description\":\"La salud mental en la mira: el nuevo desaf\u00edo global del siglo XXI. ya no es una consigna alarmista ni un tema exclusivo del \u00e1mbito m\u00e9dico.\",\"breadcrumb\":{\"@id\":\"https:\/\/universofamilia.com\/zh_hk\/la-salud-mental-en-la-mira\/#breadcrumb\"},\"inLanguage\":\"sk-SK\",\"potentialAction\":[{\"@type\":\"ReadAction\",\"target\":[\"https:\/\/universofamilia.com\/zh_hk\/la-salud-mental-en-la-mira\/\"]}]},{\"@type\":\"ImageObject\",\"inLanguage\":\"sk-SK\",\"@id\":\"https:\/\/universofamilia.com\/zh_hk\/la-salud-mental-en-la-mira\/#primaryimage\",\"url\":\"https:\/\/universofamilia.com\/wp-content\/uploads\/sites\/148\/2025\/12\/Destaque-Novo-Universo-20.jpg\",\"contentUrl\":\"https:\/\/universofamilia.com\/wp-content\/uploads\/sites\/148\/2025\/12\/Destaque-Novo-Universo-20.jpg\",\"width\":450,\"height\":250,\"caption\":\"La salud mental en la mira: el nuevo desaf\u00edo global del siglo XXI.\"},{\"@type\":\"BreadcrumbList\",\"@id\":\"https:\/\/universofamilia.com\/zh_hk\/la-salud-mental-en-la-mira\/#breadcrumb\",\"itemListElement\":[{\"@type\":\"ListItem\",\"position\":1,\"name\":\"Home\",\"item\":\"http:\/\/universofamilia.com\/zh_hk\/\"},{\"@type\":\"ListItem\",\"position\":2,\"name\":\"La salud mental en la mira: el nuevo desaf\u00edo global del siglo XXI\"}]},{\"@type\":\"WebSite\",\"@id\":\"http:\/\/universofamilia.com\/zh_hk\/#website\",\"url\":\"http:\/\/universofamilia.com\/zh_hk\/\",\"name\":\"Universo Fam\u00edlia\",\"description\":\"\",\"potentialAction\":[{\"@type\":\"SearchAction\",\"target\":{\"@type\":\"EntryPoint\",\"urlTemplate\":\"http:\/\/universofamilia.com\/zh_hk\/?s={search_term_string}\"},\"query-input\":\"required name=search_term_string\"}],\"inLanguage\":\"sk-SK\"},{\"@type\":\"Person\",\"@id\":\"http:\/\/universofamilia.com\/zh_hk\/#\/schema\/person\/92fcd07e9b1f4323bf74f3170fc0f78a\",\"name\":\"Matheus Sangaletti\",\"image\":{\"@type\":\"ImageObject\",\"inLanguage\":\"sk-SK\",\"@id\":\"http:\/\/universofamilia.com\/zh_hk\/#\/schema\/person\/image\/\",\"url\":\"https:\/\/secure.gravatar.com\/avatar\/280ea957a14a48e6a1ad2133d2cc27c9?s=96&d=mm&r=g\",\"contentUrl\":\"https:\/\/secure.gravatar.com\/avatar\/280ea957a14a48e6a1ad2133d2cc27c9?s=96&d=mm&r=g\",\"caption\":\"Matheus Sangaletti\"},\"url\":\"https:\/\/universofamilia.com\/sk\/author\/matheuss\/\"}]}<\/script>\n<!-- \/ Yoast SEO plugin. -->","yoast_head_json":{"title":"La salud mental en la mira: el nuevo desaf\u00edo global del siglo XXI - Universo Fam\u00edlia","description":"La salud mental en la mira: el nuevo desaf\u00edo global del siglo XXI. ya no es una consigna alarmista ni un tema exclusivo del \u00e1mbito m\u00e9dico.","robots":{"index":"index","follow":"follow","max-snippet":"max-snippet:-1","max-image-preview":"max-image-preview:large","max-video-preview":"max-video-preview:-1"},"canonical":"https:\/\/universofamilia.com\/sk\/la-salud-mental-en-la-mira\/","og_locale":"sk_SK","og_type":"article","og_title":"La salud mental en la mira: el nuevo desaf\u00edo global del siglo XXI - Universo Fam\u00edlia","og_description":"La salud mental en la mira: el nuevo desaf\u00edo global del siglo XXI. ya no es una consigna alarmista ni un tema exclusivo del \u00e1mbito m\u00e9dico.","og_url":"https:\/\/universofamilia.com\/sk\/la-salud-mental-en-la-mira\/","og_site_name":"Universo Fam\u00edlia","article_published_time":"2025-12-29T12:09:19+00:00","article_modified_time":"2025-12-29T12:11:25+00:00","og_image":[{"width":450,"height":250,"url":"https:\/\/universofamilia.com\/wp-content\/uploads\/sites\/148\/2025\/12\/Destaque-Novo-Universo-20.jpg","type":"image\/jpeg"}],"author":"Matheus Sangaletti","twitter_card":"summary_large_image","twitter_misc":{"Written by":"Matheus Sangaletti","Est. reading time":"1 min\u00fata"},"schema":{"@context":"https:\/\/schema.org","@graph":[{"@type":"WebPage","@id":"https:\/\/universofamilia.com\/zh_hk\/la-salud-mental-en-la-mira\/","url":"https:\/\/universofamilia.com\/zh_hk\/la-salud-mental-en-la-mira\/","name":"La salud mental en la mira: el nuevo desaf\u00edo global del siglo XXI - Universo Fam\u00edlia","isPartOf":{"@id":"http:\/\/universofamilia.com\/zh_hk\/#website"},"primaryImageOfPage":{"@id":"https:\/\/universofamilia.com\/zh_hk\/la-salud-mental-en-la-mira\/#primaryimage"},"image":{"@id":"https:\/\/universofamilia.com\/zh_hk\/la-salud-mental-en-la-mira\/#primaryimage"},"thumbnailUrl":"https:\/\/universofamilia.com\/wp-content\/uploads\/sites\/148\/2025\/12\/Destaque-Novo-Universo-20.jpg","datePublished":"2025-12-29T12:09:19+00:00","dateModified":"2025-12-29T12:11:25+00:00","author":{"@id":"http:\/\/universofamilia.com\/zh_hk\/#\/schema\/person\/92fcd07e9b1f4323bf74f3170fc0f78a"},"description":"La salud mental en la mira: el nuevo desaf\u00edo global del siglo XXI. ya no es una consigna alarmista ni un tema exclusivo del \u00e1mbito m\u00e9dico.","breadcrumb":{"@id":"https:\/\/universofamilia.com\/zh_hk\/la-salud-mental-en-la-mira\/#breadcrumb"},"inLanguage":"sk-SK","potentialAction":[{"@type":"ReadAction","target":["https:\/\/universofamilia.com\/zh_hk\/la-salud-mental-en-la-mira\/"]}]},{"@type":"ImageObject","inLanguage":"sk-SK","@id":"https:\/\/universofamilia.com\/zh_hk\/la-salud-mental-en-la-mira\/#primaryimage","url":"https:\/\/universofamilia.com\/wp-content\/uploads\/sites\/148\/2025\/12\/Destaque-Novo-Universo-20.jpg","contentUrl":"https:\/\/universofamilia.com\/wp-content\/uploads\/sites\/148\/2025\/12\/Destaque-Novo-Universo-20.jpg","width":450,"height":250,"caption":"La salud mental en la mira: el nuevo desaf\u00edo global del siglo XXI."},{"@type":"BreadcrumbList","@id":"https:\/\/universofamilia.com\/zh_hk\/la-salud-mental-en-la-mira\/#breadcrumb","itemListElement":[{"@type":"ListItem","position":1,"name":"Home","item":"http:\/\/universofamilia.com\/zh_hk\/"},{"@type":"ListItem","position":2,"name":"La salud mental en la mira: el nuevo desaf\u00edo global del siglo XXI"}]},{"@type":"WebSite","@id":"http:\/\/universofamilia.com\/zh_hk\/#website","url":"http:\/\/universofamilia.com\/zh_hk\/","name":"Universo Fam\u00edlia","description":"","potentialAction":[{"@type":"SearchAction","target":{"@type":"EntryPoint","urlTemplate":"http:\/\/universofamilia.com\/zh_hk\/?s={search_term_string}"},"query-input":"required name=search_term_string"}],"inLanguage":"sk-SK"},{"@type":"Person","@id":"http:\/\/universofamilia.com\/zh_hk\/#\/schema\/person\/92fcd07e9b1f4323bf74f3170fc0f78a","name":"Matheus Sangaletti","image":{"@type":"ImageObject","inLanguage":"sk-SK","@id":"http:\/\/universofamilia.com\/zh_hk\/#\/schema\/person\/image\/","url":"https:\/\/secure.gravatar.com\/avatar\/280ea957a14a48e6a1ad2133d2cc27c9?s=96&d=mm&r=g","contentUrl":"https:\/\/secure.gravatar.com\/avatar\/280ea957a14a48e6a1ad2133d2cc27c9?s=96&d=mm&r=g","caption":"Matheus Sangaletti"},"url":"https:\/\/universofamilia.com\/sk\/author\/matheuss\/"}]}},"_links":{"self":[{"href":"https:\/\/universofamilia.com\/sk\/wp-json\/wp\/v2\/posts\/10479"}],"collection":[{"href":"https:\/\/universofamilia.com\/sk\/wp-json\/wp\/v2\/posts"}],"about":[{"href":"https:\/\/universofamilia.com\/sk\/wp-json\/wp\/v2\/types\/post"}],"author":[{"embeddable":true,"href":"https:\/\/universofamilia.com\/sk\/wp-json\/wp\/v2\/users\/219"}],"replies":[{"embeddable":true,"href":"https:\/\/universofamilia.com\/sk\/wp-json\/wp\/v2\/comments?post=10479"}],"version-history":[{"count":2,"href":"https:\/\/universofamilia.com\/sk\/wp-json\/wp\/v2\/posts\/10479\/revisions"}],"predecessor-version":[{"id":10484,"href":"https:\/\/universofamilia.com\/sk\/wp-json\/wp\/v2\/posts\/10479\/revisions\/10484"}],"wp:featuredmedia":[{"embeddable":true,"href":"https:\/\/universofamilia.com\/sk\/wp-json\/wp\/v2\/media\/10480"}],"wp:attachment":[{"href":"https:\/\/universofamilia.com\/sk\/wp-json\/wp\/v2\/media?parent=10479"}],"wp:term":[{"taxonomy":"category","embeddable":true,"href":"https:\/\/universofamilia.com\/sk\/wp-json\/wp\/v2\/categories?post=10479"},{"taxonomy":"post_tag","embeddable":true,"href":"https:\/\/universofamilia.com\/sk\/wp-json\/wp\/v2\/tags?post=10479"}],"curies":[{"name":"wp","href":"https:\/\/api.w.org\/{rel}","templated":true}]}}