{"id":2109,"date":"2023-05-31T16:30:11","date_gmt":"2023-05-31T19:30:11","guid":{"rendered":"https:\/\/universofamilia.com\/?p=2109"},"modified":"2023-05-31T16:30:11","modified_gmt":"2023-05-31T19:30:11","slug":"por-que-os-bebes-se-assustam-tanto","status":"publish","type":"post","link":"https:\/\/universofamilia.com\/sk\/por-que-os-bebes-se-assustam-tanto\/","title":{"rendered":"Pre\u010do sa b\u00e1b\u00e4tk\u00e1 tak boja?"},"content":{"rendered":"<p>Pre\u010do sa b\u00e1b\u00e4tk\u00e1 tak boja, pochopte tento emocion\u00e1lny a behavior\u00e1lny jav.<\/p>\n\n\n\n<p>B\u00e1b\u00e4tk\u00e1 s\u00fa zn\u00e1me svojou zvedavou a zranite\u013enou povahou. V prv\u00fdch mesiacoch \u017eivota je be\u017en\u00e9 pozorova\u0165, \u017ee deti sa \u013eahko vy\u013eakaj\u00fa zdanlivo ne\u0161kodn\u00fdmi podnetmi.<\/p>\n\n\n\n<p>T\u00e1to reakcia m\u00f4\u017ee zauja\u0165 mnoho kraj\u00edn a opatrovate\u013eov a vyvol\u00e1va ot\u00e1zku: pre\u010do sa b\u00e1b\u00e4tk\u00e1 tak boja?<\/p>\n\n\n\n<p>V tomto \u010dl\u00e1nku presk\u00famame tento emocion\u00e1lny a behavior\u00e1lny jav u b\u00e1b\u00e4tiek, pon\u00fakneme poh\u013ead na pr\u00ed\u010diny ich spr\u00e1vania a poskytneme rady, ktor\u00e9 pom\u00f4\u017eu krajin\u00e1m rie\u0161i\u0165 tieto situ\u00e1cie.<\/p>\n\n\n\n<h3 class=\"wp-block-heading\">Pozri tie\u017e:<\/h3>\n\n\n\n<p><a href=\"https:\/\/universofamilia.com\/sk\/como-aliviar-as-colicas-do-bebe\/\" target=\"_blank\" rel=\"noreferrer noopener\">Ako zmierni\u0165 koliku u b\u00e1b\u00e4tiek<\/a><\/p>\n\n\n\n<p><a href=\"https:\/\/universofamilia.com\/sk\/o-que-e-ser-mae\/\" target=\"_blank\" rel=\"noreferrer noopener\">\u010co je to by\u0165 matkou?<\/a><\/p>\n\n\n\n<p><a href=\"https:\/\/www.luzbaby.com.br\/\" target=\"_blank\" rel=\"noreferrer noopener\">Luz Baby je jeden z najlep\u0161\u00edch obchodov s detsk\u00fdmi potrebami. Kliknite sem.<\/a><\/p>\n\n\n<div class=\"wp-block-image\">\n<figure class=\"aligncenter size-full\"><img loading=\"lazy\" decoding=\"async\" width=\"550\" height=\"350\" src=\"http:\/\/universofamilia.com\/wp-content\/uploads\/sites\/148\/2023\/05\/POST-SUSTO-BEBe-universo-familia-.png\" alt=\"\" class=\"wp-image-2110\" srcset=\"https:\/\/universofamilia.com\/wp-content\/uploads\/sites\/148\/2023\/05\/POST-SUSTO-BEBe-universo-familia-.png 550w, https:\/\/universofamilia.com\/wp-content\/uploads\/sites\/148\/2023\/05\/POST-SUSTO-BEBe-universo-familia--300x191.png 300w\" sizes=\"(max-width: 550px) 100vw, 550px\" \/><\/figure><\/div>\n\n\n<h4 class=\"wp-block-heading\">Senzorick\u00fd v\u00fdvoj v prv\u00fdch mesiacoch<\/h4>\n\n\n\n<p>B\u00e1b\u00e4tk\u00e1 prech\u00e1dzaj\u00fa v prv\u00fdch mesiacoch \u017eivota r\u00fdchlym senzorick\u00fdm v\u00fdvojom. Ich zmysly sluchu, zraku a tetovania sa neust\u00e1le vyv\u00edjaj\u00fa, \u010do znamen\u00e1, \u017ee vn\u00edmaj\u00fa \u00faplne nov\u00fd svet.<\/p>\n\n\n\n<p>V d\u00f4sledku toho m\u00f4\u017eu by\u0165 aj mierne a be\u017en\u00e9 podnety vn\u00edman\u00e9 ako ohrozuj\u00face pre b\u00e1b\u00e4tko, ktor\u00e9 si e\u0161te len zvyk\u00e1 na svoje prostredie.<\/p>\n\n\n\n<h4 class=\"wp-block-heading\">Mimovo\u013en\u00e9 z\u013eaknutia<\/h4>\n\n\n\n<p>Okrem senzorick\u00e9ho v\u00fdvoja maj\u00fa b\u00e1b\u00e4tk\u00e1 aj reflex naz\u00fdvan\u00fd \u201ereflex \u00fa\u013eaku\u201c alebo \u201eMorov reflex\u201c. Tento odraz je mimovo\u013en\u00e1 reakcia na n\u00e1hly podnet, ako je hlasn\u00fd zvuk alebo n\u00e1hla zmena prostredia.<\/p>\n\n\n\n<p>Ke\u010f je die\u0165a nie\u010d\u00edm tak\u00fdm prekvapen\u00e9, m\u00f4\u017ee natiahnu\u0165 ruky, otvori\u0165 ruky a vyklen\u00fa\u0165 ruky. Tento odraz sa m\u00f4\u017ee mylne interpretova\u0165 ako strach alebo strach, ale v skuto\u010dnosti ide o automatick\u00fa reakciu nezrel\u00e9ho nervov\u00e9ho syst\u00e9mu die\u0165a\u0165a.<\/p>\n\n\n\n<h4 class=\"wp-block-heading\">Vn\u00edmanie hrozby<\/h4>\n\n\n\n<p>B\u00e1b\u00e4tk\u00e1 sa neust\u00e1le u\u010dia o svete okolo seba a uvedomovanie si je d\u00f4le\u017eitou s\u00fa\u010das\u0165ou tohto procesu.<\/p>\n\n\n\n<p>Ke\u010f\u017ee nemaj\u00fa schopnos\u0165 rozl\u00ed\u0161i\u0165, \u010do je skuto\u010dne nebezpe\u010dn\u00e9 a \u010do nie, je prirodzen\u00e9, \u017ee intenz\u00edvne reaguj\u00fa na ak\u00fdko\u013evek nezn\u00e1my alebo neo\u010dak\u00e1van\u00fd podnet.<\/p>\n\n\n\n<p>T\u00e1to reakcia je formou sebaz\u00e1chovy a mo\u017eno ju pova\u017eova\u0165 za evolu\u010dn\u00fa reakciu, ktor\u00e1 pom\u00e1ha zabezpe\u010di\u0165 pre\u017eitie.<\/p>\n\n\n\n<h4 class=\"wp-block-heading\">Vplyv prostredia<\/h4>\n\n\n\n<p>Prostredie, v ktorom die\u0165a rastie, tie\u017e zohr\u00e1va v\u00fdznamn\u00fa \u00falohu v jeho tendencii k strachu. Chaotick\u00e9 prostredie s ve\u013emi hlasn\u00fdmi zvukmi a neust\u00e1lymi podnetmi m\u00f4\u017ee sp\u00f4sobi\u0165, \u017ee die\u0165a sa dostane do stavu neust\u00e1lej bdelosti a \u013eah\u0161ie sa vy\u013eak\u00e1.<\/p>\n\n\n\n<p>Na druhej strane, pokojn\u00e9 a bezpe\u010dn\u00e9 prostredie s pravideln\u00fdmi rutinami a pocitom zn\u00e1mosti m\u00f4\u017ee pom\u00f4c\u0165 die\u0165a\u0165u c\u00edti\u0165 sa pokojnej\u0161ie a menej n\u00e1chyln\u00e9 na vystra\u0161en\u00e9 reakcie.<\/p>\n\n\n\n<h4 class=\"wp-block-heading\">Tipy na zvl\u00e1danie strachu<\/h4>\n\n\n\n<p>Aby ste sa vyrovnali s \u010dast\u00fdmi strachmi, ktor\u00e9 m\u00f4\u017eu b\u00e1b\u00e4tk\u00e1 za\u017e\u00edva\u0165, tu je nieko\u013eko u\u017eito\u010dn\u00fdch tipov:<\/p>\n\n\n\n<p><strong>Zachovajte pokoj<\/strong>Ke\u010f sa die\u0165a boj\u00ed, je d\u00f4le\u017eit\u00e9, aby ste zostali pokojn\u00ed. B\u00e1b\u00e4tk\u00e1 m\u00f4\u017eu vn\u00edma\u0165 a absorbova\u0165 \u00fazkos\u0165 dvoch opatrovate\u013eov alebo to m\u00f4\u017ee zv\u00fd\u0161i\u0165 ich vlastn\u00e9 rozru\u0161enie.<\/p>\n\n\n\n<p>Zachovan\u00edm pokoja krajina pren\u00e1\u0161a na die\u0165a pocit bezpe\u010dia a pokoja.<\/p>\n\n\n\n<p><strong>Pon\u00faka fyzick\u00e9 pohodlie<\/strong>Objatia, jemn\u00e9 pohladenia a fyzick\u00fd kontakt m\u00f4\u017eu by\u0165 pre die\u0165a po strachu upokojuj\u00face. Pom\u00e1haj\u00fa mu vytvori\u0165 pocit bezpe\u010dia a ochrany, upokoji\u0165 ho a zn\u00ed\u017ei\u0165 emocion\u00e1lne nepohodlie.<\/p>\n\n\n\n<p><strong>Vytvorte bezpe\u010dn\u00e9 prostredie<\/strong>: Uistite sa, \u017ee prostredie, v ktorom die\u0165a tr\u00e1vi v\u00e4\u010d\u0161inu \u010dasu, je bezpe\u010dn\u00e9 a bez nadmern\u00fdch podnetov. Zn\u00ed\u017ete hluk, vyh\u00fdbajte sa jasn\u00e9mu svetlu a vytvorte pokojn\u00fa a upokojuj\u00facu atmosf\u00e9ru.<\/p>\n\n\n\n<p>V\u010faka tomu sa die\u0165a c\u00edti bezpe\u010dnej\u0161ie a menej n\u00e1chyln\u00e9 na strach.<\/p>\n\n\n\n<p><strong>Postupne zav\u00e1dzajte nov\u00e9 podnety<\/strong>Ako sa va\u0161e die\u0165atko vyv\u00edja, je d\u00f4le\u017eit\u00e9 postupne ho vystavova\u0165 nov\u00fdm podnetom a situ\u00e1ci\u00e1m. Zvuky, svetl\u00e1 a text\u00fary zav\u00e1dzajte jemn\u00fdm a kontrolovan\u00fdm sp\u00f4sobom, aby si na ne die\u0165atko postupne zvyklo.<\/p>\n\n\n\n<p>To pom\u00f4\u017ee zn\u00ed\u017ei\u0165 vplyv nov\u00fdch podnetov a podpor\u00ed pokojnej\u0161iu adapt\u00e1ciu.<\/p>\n\n\n\n<p><strong>Zavies\u0165 rutiny a predv\u00eddate\u013enos\u0165<\/strong>B\u00e1b\u00e4tk\u00e1 sa c\u00edtia bezpe\u010dnej\u0161ie, ke\u010f maj\u00fa konzistentn\u00fd a predv\u00eddate\u013en\u00fd re\u017eim. To im d\u00e1va pocit kontroly a stability vo va\u0161om prostred\u00ed.<\/p>\n\n\n\n<p>Dodr\u017eiavajte pravideln\u00fd \u010das na k\u0155menie, spanie a aktivity, aby die\u0165a vedelo, \u010do m\u00f4\u017ee o\u010dak\u00e1va\u0165, a t\u00fdm sa zni\u017euje pravdepodobnos\u0165 strachu.<\/p>\n\n\n\n<h4 class=\"wp-block-heading\">Z\u00e1ver<\/h4>\n\n\n\n<p>\u010cast\u00e9 strachy, ktor\u00e9 b\u00e1b\u00e4tk\u00e1 za\u017e\u00edvaj\u00fa, s\u00fa norm\u00e1lnou s\u00fa\u010das\u0165ou ich v\u00fdvoja. K tejto reakcii prispievaj\u00fa va\u0161e zmysly vo v\u00fdvoji, mimovo\u013en\u00e9 reflexy a vn\u00edmanie l\u00e1sky.<\/p>\n\n\n\n<p>Je d\u00f4le\u017eit\u00e9 pam\u00e4ta\u0165 na to, \u017ee b\u00e1b\u00e4tk\u00e1 s\u00fa z\u00e1visl\u00e9 od dvoch kraj\u00edn a opatrovate\u013eov, aby sa c\u00edtili bezpe\u010dne a chr\u00e1nen\u00e9.<\/p>\n\n\n\n<p>Pochopen\u00edm d\u00f4vodu, pre\u010do sa b\u00e1b\u00e4tk\u00e1 boja, a aplikovan\u00edm techn\u00edk na rie\u0161enie t\u00fdchto situ\u00e1ci\u00ed m\u00f4\u017eeme pom\u00f4c\u0165 na\u0161im de\u0165om c\u00edti\u0165 sa vo svojom prostred\u00ed pokojnej\u0161ie a bezpe\u010dnej\u0161ie.<\/p>\n\n\n\n<p>Udr\u017eiavan\u00edm pokoja, poskytovan\u00edm fyzick\u00e9ho pohodlia, vytv\u00e1ran\u00edm bezpe\u010dn\u00e9ho prostredia, postupn\u00fdm zav\u00e1dzan\u00edm nov\u00fdch podnetov a stanovovan\u00edm pl\u00e1novan\u00fdch rut\u00edn je mo\u017en\u00e9 pom\u00f4c\u0165 b\u00e1b\u00e4tk\u00e1m lep\u0161ie sa vyrovna\u0165 so strachom a podpori\u0165 zdrav\u00fd a emocion\u00e1lne vyv\u00e1\u017een\u00fd v\u00fdvoj.<\/p>\n\n\n\n<p>Uvedomte si, \u017ee ka\u017ed\u00e9 die\u0165a je jedine\u010dn\u00e9 a m\u00f4\u017ee reagova\u0165 na podnety odli\u0161ne. Pozorovanie a pochopenie individu\u00e1lnych potrieb v\u00e1\u0161ho die\u0165a\u0165a je nevyhnutn\u00e9 na poskytnutie potrebnej podpory v t\u00fdchto desiv\u00fdch chv\u00ed\u013each.<\/p>\n\n\n\n<h4 class=\"wp-block-heading\">Zdroje pre v\u00fdskum<\/h4>\n\n\n\n<p>Tu je nieko\u013eko odpor\u00fa\u010dan\u00fdch fontov, ktor\u00e9 m\u00f4\u017eete pou\u017ei\u0165 pri svojom v\u00fdskume:<\/p>\n\n\n\n<p><strong>Vedeck\u00e9 \u010dl\u00e1nky<\/strong>Z\u00edskajte pr\u00edstup k akademick\u00fdm datab\u00e1zam, ako s\u00fa PubMed a Google Scholar, a vyh\u013eadajte vedeck\u00e9 \u0161t\u00fadie t\u00fdkaj\u00face sa emocion\u00e1lneho a senzorick\u00e9ho v\u00fdvoja det\u00ed.<\/p>\n\n\n\n<p><strong>\u0160pecializovan\u00e9 knihy<\/strong>H\u013eadajte knihy nap\u00edsan\u00e9 \u0161pecialistami na v\u00fdvoj die\u0165a\u0165a, psychol\u00f3giu alebo pediatriu. Medzi relevantn\u00e9 tituly patria napr\u00edklad \u201eVeda o rodi\u010dovstve\u201c od Margot Sunderland a \u201e\u00da\u017easn\u00e9 t\u00fd\u017edne\u201c od Hetty van de Rijt a Fransa Plooija.<\/p>\n\n\n\n<p><strong>Organiz\u00e1cie pre renomin\u00e1ciu<\/strong>Nav\u0161t\u00edvte str\u00e1nky znovuvytvoren\u00fdch organiz\u00e1ci\u00ed v oblasti zdravia det\u00ed, ako napr\u00edklad Americk\u00e1 akad\u00e9mia pediatrie (AAP) a Svetov\u00e1 zdravotn\u00edcka organiz\u00e1cia (WHO). Tieto in\u0161tit\u00facie vo v\u0161eobecnosti publikuj\u00fa aktualizovan\u00e9 usmernenia a inform\u00e1cie o v\u00fdvoji a starostlivosti o deti.<\/p>\n\n\n\n<p>Blogy a d\u00f4veryhodn\u00e9 str\u00e1nky: Existuje mnoho blogov a str\u00e1nok, ktor\u00e9 sa venuj\u00fa poskytovaniu d\u00f4veryhodn\u00fdch inform\u00e1ci\u00ed o v\u00fdvoji die\u0165a\u0165a. Medzi pr\u00edklady patria Verywell Family, HealthyChildren.org a BabyCenter.<\/p>\n\n\n\n<p>Certifik\u00e1t \u2013 v\u017edy si overte d\u00f4veryhodnos\u0165 zdrojov, ktor\u00e9 pou\u017e\u00edvate, a vyh\u013ead\u00e1vajte inform\u00e1cie od kvalifikovan\u00fdch odborn\u00edkov s vedeck\u00fdm z\u00e1kladom. Pri citovan\u00ed alebo pou\u017e\u00edvan\u00ed inform\u00e1ci\u00ed z in\u00fdch zdrojov je tie\u017e d\u00f4le\u017eit\u00e9 uvies\u0165 dostato\u010dn\u00e9 odkazy, aby ste sa vyhli plagi\u00e1torstvu a uviedli alebo zd\u00f4raznili p\u00f4vodn\u00fdch autorov.<\/p>","protected":false},"excerpt":{"rendered":"<p>Pre\u010do sa b\u00e1b\u00e4tk\u00e1 tak boja, pochopte tento emocion\u00e1lny a behavior\u00e1lny jav.<br \/>\nB\u00e1b\u00e4tk\u00e1 s\u00fa zn\u00e1me svojou zvedavou a zranite\u013enou povahou. V prv\u00fdch mesiacoch \u017eivota je be\u017en\u00e9 pozorova\u0165, \u017ee deti sa \u013eahko vy\u013eakaj\u00fa zdanlivo ne\u0161kodn\u00fdmi podnetmi.<br \/>\nT\u00e1to reakcia m\u00f4\u017ee zauja\u0165 mnoho kraj\u00edn a opatrovate\u013eov a vyvol\u00e1va ot\u00e1zku: pre\u010do sa b\u00e1b\u00e4tk\u00e1 tak boja?<br \/>\nV tomto \u010dl\u00e1nku presk\u00famame tento emocion\u00e1lny a behavior\u00e1lny jav u b\u00e1b\u00e4tiek, pon\u00fakneme poh\u013ead na pr\u00ed\u010diny ich spr\u00e1vania a poskytneme rady, ktor\u00e9 pom\u00f4\u017eu krajin\u00e1m rie\u0161i\u0165 tieto situ\u00e1cie.<\/p>","protected":false},"author":0,"featured_media":2111,"comment_status":"closed","ping_status":"open","sticky":false,"template":"","format":"standard","meta":{"footnotes":""},"categories":[5],"tags":[417,509,1397],"yoast_head":"<!-- This site is optimized with the Yoast SEO plugin v23.3 - https:\/\/yoast.com\/wordpress\/plugins\/seo\/ -->\n<title>Por que os beb\u00eas se assustam tanto - Universo Fam\u00edlia<\/title>\n<meta name=\"description\" content=\"Por que os beb\u00eas se assustam tanto, entenda esse fen\u00f4meno emocional e comportamental.\" \/>\n<meta name=\"robots\" content=\"index, follow, max-snippet:-1, max-image-preview:large, max-video-preview:-1\" \/>\n<link rel=\"canonical\" href=\"https:\/\/universofamilia.com\/sk\/por-que-os-bebes-se-assustam-tanto\/\" \/>\n<meta property=\"og:locale\" content=\"sk_SK\" \/>\n<meta property=\"og:type\" content=\"article\" \/>\n<meta property=\"og:title\" content=\"Por que os beb\u00eas se assustam tanto - Universo Fam\u00edlia\" \/>\n<meta property=\"og:description\" content=\"Por que os beb\u00eas se assustam tanto, entenda esse fen\u00f4meno emocional e comportamental.\" \/>\n<meta property=\"og:url\" content=\"https:\/\/universofamilia.com\/sk\/por-que-os-bebes-se-assustam-tanto\/\" \/>\n<meta property=\"og:site_name\" content=\"Universo Fam\u00edlia\" \/>\n<meta property=\"article:published_time\" content=\"2023-05-31T19:30:11+00:00\" \/>\n<meta property=\"og:image\" content=\"https:\/\/universofamilia.com\/wp-content\/uploads\/sites\/148\/2023\/05\/FOTO-DESTAQUE-SUSTO-BEBE-universo-familia-448x350-.png\" \/>\n\t<meta property=\"og:image:width\" content=\"448\" \/>\n\t<meta property=\"og:image:height\" content=\"350\" \/>\n\t<meta property=\"og:image:type\" content=\"image\/png\" \/>\n<meta name=\"twitter:card\" content=\"summary_large_image\" \/>\n<meta name=\"twitter:label1\" content=\"Est. reading time\" \/>\n\t<meta name=\"twitter:data1\" content=\"6 min\u00fat\" \/>\n<script type=\"application\/ld+json\" class=\"yoast-schema-graph\">{\"@context\":\"https:\/\/schema.org\",\"@graph\":[{\"@type\":\"WebPage\",\"@id\":\"https:\/\/universofamilia.com\/ja\/por-que-os-bebes-se-assustam-tanto\/\",\"url\":\"https:\/\/universofamilia.com\/ja\/por-que-os-bebes-se-assustam-tanto\/\",\"name\":\"Por que os beb\u00eas se assustam tanto - Universo Fam\u00edlia\",\"isPartOf\":{\"@id\":\"https:\/\/universofamilia.com\/el\/#website\"},\"primaryImageOfPage\":{\"@id\":\"https:\/\/universofamilia.com\/ja\/por-que-os-bebes-se-assustam-tanto\/#primaryimage\"},\"image\":{\"@id\":\"https:\/\/universofamilia.com\/ja\/por-que-os-bebes-se-assustam-tanto\/#primaryimage\"},\"thumbnailUrl\":\"https:\/\/universofamilia.com\/wp-content\/uploads\/sites\/148\/2023\/05\/FOTO-DESTAQUE-SUSTO-BEBE-universo-familia-448x350-.png\",\"datePublished\":\"2023-05-31T19:30:11+00:00\",\"dateModified\":\"2023-05-31T19:30:11+00:00\",\"author\":{\"@id\":\"\"},\"description\":\"Por que os beb\u00eas se assustam tanto, entenda esse fen\u00f4meno emocional e comportamental.\",\"breadcrumb\":{\"@id\":\"https:\/\/universofamilia.com\/ja\/por-que-os-bebes-se-assustam-tanto\/#breadcrumb\"},\"inLanguage\":\"sk-SK\",\"potentialAction\":[{\"@type\":\"ReadAction\",\"target\":[\"https:\/\/universofamilia.com\/ja\/por-que-os-bebes-se-assustam-tanto\/\"]}]},{\"@type\":\"ImageObject\",\"inLanguage\":\"sk-SK\",\"@id\":\"https:\/\/universofamilia.com\/ja\/por-que-os-bebes-se-assustam-tanto\/#primaryimage\",\"url\":\"https:\/\/universofamilia.com\/wp-content\/uploads\/sites\/148\/2023\/05\/FOTO-DESTAQUE-SUSTO-BEBE-universo-familia-448x350-.png\",\"contentUrl\":\"https:\/\/universofamilia.com\/wp-content\/uploads\/sites\/148\/2023\/05\/FOTO-DESTAQUE-SUSTO-BEBE-universo-familia-448x350-.png\",\"width\":448,\"height\":350},{\"@type\":\"BreadcrumbList\",\"@id\":\"https:\/\/universofamilia.com\/ja\/por-que-os-bebes-se-assustam-tanto\/#breadcrumb\",\"itemListElement\":[{\"@type\":\"ListItem\",\"position\":1,\"name\":\"Home\",\"item\":\"https:\/\/universofamilia.com\/el\/\"},{\"@type\":\"ListItem\",\"position\":2,\"name\":\"Por que os beb\u00eas se assustam tanto\"}]},{\"@type\":\"WebSite\",\"@id\":\"https:\/\/universofamilia.com\/el\/#website\",\"url\":\"https:\/\/universofamilia.com\/el\/\",\"name\":\"Universo Fam\u00edlia\",\"description\":\"\",\"potentialAction\":[{\"@type\":\"SearchAction\",\"target\":{\"@type\":\"EntryPoint\",\"urlTemplate\":\"https:\/\/universofamilia.com\/el\/?s={search_term_string}\"},\"query-input\":\"required name=search_term_string\"}],\"inLanguage\":\"sk-SK\"}]}<\/script>\n<!-- \/ Yoast SEO plugin. -->","yoast_head_json":{"title":"Por que os beb\u00eas se assustam tanto - Universo Fam\u00edlia","description":"Por que os beb\u00eas se assustam tanto, entenda esse fen\u00f4meno emocional e comportamental.","robots":{"index":"index","follow":"follow","max-snippet":"max-snippet:-1","max-image-preview":"max-image-preview:large","max-video-preview":"max-video-preview:-1"},"canonical":"https:\/\/universofamilia.com\/sk\/por-que-os-bebes-se-assustam-tanto\/","og_locale":"sk_SK","og_type":"article","og_title":"Por que os beb\u00eas se assustam tanto - Universo Fam\u00edlia","og_description":"Por que os beb\u00eas se assustam tanto, entenda esse fen\u00f4meno emocional e comportamental.","og_url":"https:\/\/universofamilia.com\/sk\/por-que-os-bebes-se-assustam-tanto\/","og_site_name":"Universo Fam\u00edlia","article_published_time":"2023-05-31T19:30:11+00:00","og_image":[{"width":448,"height":350,"url":"https:\/\/universofamilia.com\/wp-content\/uploads\/sites\/148\/2023\/05\/FOTO-DESTAQUE-SUSTO-BEBE-universo-familia-448x350-.png","type":"image\/png"}],"twitter_card":"summary_large_image","twitter_misc":{"Est. reading time":"6 min\u00fat"},"schema":{"@context":"https:\/\/schema.org","@graph":[{"@type":"WebPage","@id":"https:\/\/universofamilia.com\/ja\/por-que-os-bebes-se-assustam-tanto\/","url":"https:\/\/universofamilia.com\/ja\/por-que-os-bebes-se-assustam-tanto\/","name":"Por que os beb\u00eas se assustam tanto - Universo Fam\u00edlia","isPartOf":{"@id":"https:\/\/universofamilia.com\/el\/#website"},"primaryImageOfPage":{"@id":"https:\/\/universofamilia.com\/ja\/por-que-os-bebes-se-assustam-tanto\/#primaryimage"},"image":{"@id":"https:\/\/universofamilia.com\/ja\/por-que-os-bebes-se-assustam-tanto\/#primaryimage"},"thumbnailUrl":"https:\/\/universofamilia.com\/wp-content\/uploads\/sites\/148\/2023\/05\/FOTO-DESTAQUE-SUSTO-BEBE-universo-familia-448x350-.png","datePublished":"2023-05-31T19:30:11+00:00","dateModified":"2023-05-31T19:30:11+00:00","author":{"@id":""},"description":"Por que os beb\u00eas se assustam tanto, entenda esse fen\u00f4meno emocional e comportamental.","breadcrumb":{"@id":"https:\/\/universofamilia.com\/ja\/por-que-os-bebes-se-assustam-tanto\/#breadcrumb"},"inLanguage":"sk-SK","potentialAction":[{"@type":"ReadAction","target":["https:\/\/universofamilia.com\/ja\/por-que-os-bebes-se-assustam-tanto\/"]}]},{"@type":"ImageObject","inLanguage":"sk-SK","@id":"https:\/\/universofamilia.com\/ja\/por-que-os-bebes-se-assustam-tanto\/#primaryimage","url":"https:\/\/universofamilia.com\/wp-content\/uploads\/sites\/148\/2023\/05\/FOTO-DESTAQUE-SUSTO-BEBE-universo-familia-448x350-.png","contentUrl":"https:\/\/universofamilia.com\/wp-content\/uploads\/sites\/148\/2023\/05\/FOTO-DESTAQUE-SUSTO-BEBE-universo-familia-448x350-.png","width":448,"height":350},{"@type":"BreadcrumbList","@id":"https:\/\/universofamilia.com\/ja\/por-que-os-bebes-se-assustam-tanto\/#breadcrumb","itemListElement":[{"@type":"ListItem","position":1,"name":"Home","item":"https:\/\/universofamilia.com\/el\/"},{"@type":"ListItem","position":2,"name":"Por que os beb\u00eas se assustam tanto"}]},{"@type":"WebSite","@id":"https:\/\/universofamilia.com\/el\/#website","url":"https:\/\/universofamilia.com\/el\/","name":"Universo Fam\u00edlia","description":"","potentialAction":[{"@type":"SearchAction","target":{"@type":"EntryPoint","urlTemplate":"https:\/\/universofamilia.com\/el\/?s={search_term_string}"},"query-input":"required name=search_term_string"}],"inLanguage":"sk-SK"}]}},"_links":{"self":[{"href":"https:\/\/universofamilia.com\/sk\/wp-json\/wp\/v2\/posts\/2109"}],"collection":[{"href":"https:\/\/universofamilia.com\/sk\/wp-json\/wp\/v2\/posts"}],"about":[{"href":"https:\/\/universofamilia.com\/sk\/wp-json\/wp\/v2\/types\/post"}],"replies":[{"embeddable":true,"href":"https:\/\/universofamilia.com\/sk\/wp-json\/wp\/v2\/comments?post=2109"}],"version-history":[{"count":0,"href":"https:\/\/universofamilia.com\/sk\/wp-json\/wp\/v2\/posts\/2109\/revisions"}],"wp:featuredmedia":[{"embeddable":true,"href":"https:\/\/universofamilia.com\/sk\/wp-json\/wp\/v2\/media\/2111"}],"wp:attachment":[{"href":"https:\/\/universofamilia.com\/sk\/wp-json\/wp\/v2\/media?parent=2109"}],"wp:term":[{"taxonomy":"category","embeddable":true,"href":"https:\/\/universofamilia.com\/sk\/wp-json\/wp\/v2\/categories?post=2109"},{"taxonomy":"post_tag","embeddable":true,"href":"https:\/\/universofamilia.com\/sk\/wp-json\/wp\/v2\/tags?post=2109"}],"curies":[{"name":"wp","href":"https:\/\/api.w.org\/{rel}","templated":true}]}}