{"id":2207,"date":"2023-06-02T23:02:38","date_gmt":"2023-06-03T02:02:38","guid":{"rendered":"https:\/\/universofamilia.com\/?p=2207"},"modified":"2023-06-02T23:02:38","modified_gmt":"2023-06-03T02:02:38","slug":"dificuldade-de-audicao-em-criancas","status":"publish","type":"post","link":"https:\/\/universofamilia.com\/sk\/dificuldade-de-audicao-em-criancas\/","title":{"rendered":"\u0164a\u017ekosti so sluchom u det\u00ed: Pr\u00edznaky, starostlivos\u0165 a diagnostika"},"content":{"rendered":"<p>\u0164a\u017ekosti so sluchom u det\u00ed: Pr\u00edznaky, starostlivos\u0165 a diagnostika. Sluch zohr\u00e1va k\u013e\u00fa\u010dov\u00fa \u00falohu vo v\u00fdvoji u\u010denia v detstve.<\/p>\n\n\n\n<p>Bohu\u017eia\u013e, niektor\u00e9 deti \u010delia probl\u00e9mom so sluchom, \u010do m\u00f4\u017ee negat\u00edvne ovplyvni\u0165 kvalitu ich \u017eivota a akademick\u00e9 v\u00fdsledky.<\/p>\n\n\n\n<p>V tomto \u010dl\u00e1nku sa budeme venova\u0165 pr\u00edznakom probl\u00e9mov so sluchom u det\u00ed, potrebnej starostlivosti a sp\u00f4sobu stanovenia adekv\u00e1tnej diagn\u00f3zy.<\/p>\n\n\n\n<h3 class=\"wp-block-heading\">Pozri tie\u017e:<\/h3>\n\n\n\n<p><a href=\"https:\/\/universofamilia.com\/sk\/como-aliviar-as-colicas-do-bebe\/\" target=\"_blank\" rel=\"noreferrer noopener\">Ako zmierni\u0165 koliku u b\u00e1b\u00e4tiek<\/a><\/p>\n\n\n\n<p><a href=\"https:\/\/universofamilia.com\/sk\/por-que-os-bebes-se-assustam-tanto\/\" target=\"_blank\" rel=\"noreferrer noopener\">Pre\u010do sa b\u00e1b\u00e4tk\u00e1 tak boja?<\/a><\/p>\n\n\n\n<p><a href=\"https:\/\/www.luzbaby.com.br\/\" target=\"_blank\" rel=\"noreferrer noopener\">Luz Baby je jeden z najlep\u0161\u00edch obchodov s detsk\u00fdmi potrebami. Kliknite sem.<\/a><\/p>\n\n\n\n<h4 class=\"wp-block-heading\">Pr\u00edznaky probl\u00e9mov so sluchom u det\u00ed<\/h4>\n\n\n<div class=\"wp-block-image\">\n<figure class=\"aligncenter size-full\"><img loading=\"lazy\" decoding=\"async\" width=\"550\" height=\"350\" src=\"http:\/\/universofamilia.com\/wp-content\/uploads\/sites\/148\/2023\/06\/POST-DIFICULDADE-DE-OUVIR-universo-familia-2.png\" alt=\"\" class=\"wp-image-2208\" srcset=\"https:\/\/universofamilia.com\/wp-content\/uploads\/sites\/148\/2023\/06\/POST-DIFICULDADE-DE-OUVIR-universo-familia-2.png 550w, https:\/\/universofamilia.com\/wp-content\/uploads\/sites\/148\/2023\/06\/POST-DIFICULDADE-DE-OUVIR-universo-familia-2-300x191.png 300w\" sizes=\"(max-width: 550px) 100vw, 550px\" \/><\/figure><\/div>\n\n\n<p>Identifik\u00e1cia probl\u00e9mov so sluchom u det\u00ed m\u00f4\u017ee by\u0165 n\u00e1ro\u010dn\u00e1, preto\u017ee pr\u00edznaky sa m\u00f4\u017eu l\u00ed\u0161i\u0165 v z\u00e1vislosti od z\u00e1va\u017enosti probl\u00e9mu. Tu je nieko\u013eko be\u017en\u00fdch pr\u00edznakov, ktor\u00e9 treba dodr\u017eiava\u0165:<\/p>\n\n\n\n<p><strong>Oneskoren\u00e1 re\u010d<\/strong>Deti so sluchov\u00fdmi poruchami \u010dasto zaznamen\u00e1vaj\u00fa v\u00fdrazn\u00e9 oneskorenie v osvojovan\u00ed si jazyka a nedostato\u010dn\u00fd rozvoj re\u010di.<\/p>\n\n\n\n<p><strong>\u0164a\u017ekosti s dodr\u017eiavan\u00edm pokynov<\/strong>Ak die\u0165a nereaguje primerane na jednoduch\u00e9 slovn\u00e9 povely alebo m\u00e1 \u0165a\u017ekosti s porozumen\u00edm a dodr\u017eiavan\u00edm pokynov, m\u00f4\u017ee to nazna\u010dova\u0165 probl\u00e9m so sluchom.<\/p>\n\n\n\n<p><strong>Pr\u00edli\u0161 vysok\u00e1 hlasitos\u0165 telev\u00edzora alebo r\u00e1dia<\/strong>Ak die\u0165a v\u017edy uprednost\u0148uje zv\u00fd\u0161enie hlasitosti telev\u00edzora alebo r\u00e1dia na nepr\u00edjemne vysok\u00fa \u00farove\u0148, m\u00f4\u017ee to by\u0165 znakom toho, \u017ee m\u00e1 probl\u00e9my s po\u010dut\u00edm.<\/p>\n\n\n\n<p><strong>Probl\u00e9my s koncentr\u00e1ciou<\/strong>Deti s poruchami sluchu m\u00f4\u017eu ma\u0165 v triede alebo v hlu\u010dnom prostred\u00ed \u0165a\u017ekosti s koncentr\u00e1ciou kv\u00f4li senzorick\u00e9mu pre\u0165a\u017eeniu.<\/p>\n\n\n\n<p><strong>Oneskoren\u00e9 zlyhanie a nedostato\u010dn\u00fd rozvoj re\u010di<\/strong>Okrem oneskorenej re\u010di m\u00f4\u017eu ma\u0165 deti \u0165a\u017ekosti so spr\u00e1vnou artikul\u00e1ciou slov alebo so spr\u00e1vnym porozumen\u00edm a pou\u017e\u00edvan\u00edm jazykov.<\/p>\n\n\n<div class=\"wp-block-image\">\n<figure class=\"aligncenter size-full\"><img loading=\"lazy\" decoding=\"async\" width=\"550\" height=\"350\" src=\"http:\/\/universofamilia.com\/wp-content\/uploads\/sites\/148\/2023\/06\/POST-DIFICULDADE-DE-OUVIR-universo-familia-1.png\" alt=\"\" class=\"wp-image-2209\" srcset=\"https:\/\/universofamilia.com\/wp-content\/uploads\/sites\/148\/2023\/06\/POST-DIFICULDADE-DE-OUVIR-universo-familia-1.png 550w, https:\/\/universofamilia.com\/wp-content\/uploads\/sites\/148\/2023\/06\/POST-DIFICULDADE-DE-OUVIR-universo-familia-1-300x191.png 300w\" sizes=\"(max-width: 550px) 100vw, 550px\" \/><\/figure><\/div>\n\n\n<h4 class=\"wp-block-heading\">Starostlivos\u0165 o deti so sluchov\u00fdmi probl\u00e9mami<\/h4>\n\n\n\n<p>Ak m\u00e1te podozrenie, \u017ee va\u0161e die\u0165a m\u00e1 probl\u00e9my so sluchom, je d\u00f4le\u017eit\u00e9 vyh\u013eada\u0165 vhodn\u00fa starostlivos\u0165 alebo \u010do najviac starostlivosti. V s\u00fahrne uv\u00e1dzame nieko\u013eko d\u00f4le\u017eit\u00fdch opatren\u00ed, ktor\u00e9 treba prija\u0165:<\/p>\n\n\n\n<p><strong>Pora\u010fte sa so \u0161pecialistom<\/strong>Napl\u00e1nujte si konzult\u00e1ciu s otorinolaryngol\u00f3gom alebo logop\u00e9dom \u0161pecializuj\u00facim sa na sluch det\u00ed. M\u00f4\u017ee vykona\u0165 testy a vy\u0161etrenia na potvrdenie sluchu det\u00ed a ur\u010denie stup\u0148a \u0165a\u017ekost\u00ed.<\/p>\n\n\n\n<p><strong>Priazniv\u00e9 prostredie<\/strong>Vytvorte doma aj v \u0161kole priazniv\u00e9 prostredie pre deti so sluchov\u00fdmi probl\u00e9mami. Zn\u00ed\u017ete hluk v pozad\u00ed, pri rozpr\u00e1van\u00ed sa oto\u010dte dopredu a pou\u017e\u00edvajte re\u010d tela na podporu komunik\u00e1cie.<\/p>\n\n\n\n<p><strong>Podpora vzdel\u00e1vania<\/strong>Deti s poruchami sluchu m\u00f4\u017eu ma\u0165 \u00fa\u017eitok zo \u0161pecializovan\u00fdch vzdel\u00e1vac\u00edch intervenci\u00ed, ako s\u00fa podporn\u00e9 triedy alebo logop\u00e9dia. Tieto intervencie preto m\u00f4\u017eu pom\u00f4c\u0165 rozv\u00edja\u0165 komunika\u010dn\u00e9 zru\u010dnosti a minimalizova\u0165 dopad nenau\u010den\u00fdch por\u00fach sluchu.<\/p>\n\n\n\n<p><strong>Emocion\u00e1lna podpora<\/strong>Pou\u017e\u00edvanie Lidaru s poruchami sluchu m\u00f4\u017ee by\u0165 n\u00e1ro\u010dn\u00e9 pre deti aj rodiny. Stru\u010dne povedan\u00e9, je nevyhnutn\u00e9 poskytn\u00fa\u0165 primeran\u00fa emocion\u00e1lnu podporu. Nakoniec sa uistite, \u017ee sa deti c\u00edtia pochopen\u00e9, povzbuden\u00e9 a cenen\u00e9.<\/p>\n\n\n\n<p>Ve\u013emi u\u017eito\u010dn\u00e1 m\u00f4\u017ee by\u0165 aj otvoren\u00e1 komunik\u00e1cia o \u0165a\u017ekostiach so sluchom a vyh\u013ead\u00e1vanie podporn\u00fdch zdrojov, ako s\u00fa podporn\u00e9 skupiny alebo rodinn\u00e1 terapia.<\/p>\n\n\n\n<p><strong>Asisten\u010dn\u00e9 technol\u00f3gie<\/strong>V mnoh\u00fdch pr\u00edpadoch m\u00f4\u017ee pou\u017e\u00edvanie asisten\u010dn\u00fdch technol\u00f3gi\u00ed, ako s\u00fa na\u010d\u00favacie pr\u00edstroje alebo kochle\u00e1rne implant\u00e1ty, v\u00fdrazne zlep\u0161i\u0165 sluch det\u00ed. Potom sa pora\u010fte so \u0161pecializovan\u00fdm odborn\u00edkom, aby ste ur\u010dili, ktor\u00e1 mo\u017enos\u0165 je pre va\u0161e die\u0165a najvhodnej\u0161ia.<\/p>\n\n\n\n<h4 class=\"wp-block-heading\">Diagnostika probl\u00e9mov so sluchom u det\u00ed<\/h4>\n\n\n<div class=\"wp-block-image\">\n<figure class=\"aligncenter size-full\"><img loading=\"lazy\" decoding=\"async\" width=\"550\" height=\"350\" src=\"http:\/\/universofamilia.com\/wp-content\/uploads\/sites\/148\/2023\/06\/POST-DIFICULDADE-DE-OUVIR-universo-familia-.png\" alt=\"\" class=\"wp-image-2210\" srcset=\"https:\/\/universofamilia.com\/wp-content\/uploads\/sites\/148\/2023\/06\/POST-DIFICULDADE-DE-OUVIR-universo-familia-.png 550w, https:\/\/universofamilia.com\/wp-content\/uploads\/sites\/148\/2023\/06\/POST-DIFICULDADE-DE-OUVIR-universo-familia--300x191.png 300w\" sizes=\"(max-width: 550px) 100vw, 550px\" \/><\/figure><\/div>\n\n\n<p>Pre presn\u00fa diagn\u00f3zu por\u00fach sluchu u det\u00ed je potrebn\u00e9 vykona\u0165 r\u00f4zne testy a vy\u0161etrenia. Tu s\u00fa niektor\u00e9 z najbe\u017enej\u0161\u00edch diagnostick\u00fdch techn\u00edk:<\/p>\n\n\n\n<p><strong>Triedne testy sluchu<\/strong>Tieto r\u00fdchle, neinvaz\u00edvne testy sa pou\u017e\u00edvaj\u00fa iba na identifik\u00e1ciu mo\u017en\u00fdch probl\u00e9mov so sluchom u novorodencov a mal\u00fdch det\u00ed. Vo v\u0161eobecnosti zah\u0155\u0148aj\u00fa prezent\u00e1ciu zvukov a pozorovanie sluchov\u00fdch reakci\u00ed.<\/p>\n\n\n\n<p><strong>Audiometria<\/strong>Audiometria je vy\u0161etrenie, ktor\u00e9 meria sluch a schopnos\u0165 rozli\u0161ova\u0165 medzi r\u00f4znymi zvukmi. Vykon\u00e1va ho audiol\u00f3g a mo\u017eno ho prisp\u00f4sobi\u0165 osobnosti a schopnostiam die\u0165a\u0165a.<\/p>\n\n\n\n<p><strong>Sluchov\u00e9 evokovan\u00e9 potenci\u00e1ly<\/strong>Tieto testy zaznamen\u00e1vaj\u00fa elektrick\u00fa aktivitu mozgu v reakcii na zvukov\u00e9 podnety. Pom\u00e1haj\u00fa vyhodnoti\u0165 integritu sluchov\u00e9ho syst\u00e9mu a identifikova\u0165 mo\u017en\u00e9 dysfunkcie.<\/p>\n\n\n\n<p><strong>Jazykov\u00e1 a v\u00fdvojov\u00e1 podpora<\/strong>Okrem dvoch sluchov\u00fdch testov je d\u00f4le\u017eit\u00e9 vykona\u0165 komplexn\u00e9 pos\u00fadenie jazykov\u00e9ho v\u00fdvoja a komunika\u010dn\u00fdch zru\u010dnost\u00ed die\u0165a\u0165a. To m\u00f4\u017ee zah\u0155\u0148a\u0165 \u0161tandardizovan\u00e9 hodnotenia, klinick\u00e9 pozorovania a dotazn\u00edky pre dan\u00fa krajinu.<\/p>\n\n\n\n<h4 class=\"wp-block-heading\">Z\u00e1ver<\/h4>\n\n\n\n<p>\u0164a\u017ekosti so sluchom u det\u00ed m\u00f4\u017eu ma\u0165 v\u00fdznamn\u00fd vplyv na ich celkov\u00fd v\u00fdvoj a akademick\u00e9 v\u00fdsledky. Je nevyhnutn\u00e9 venova\u0165 pozornos\u0165 pr\u00edznakom \u0165a\u017ekost\u00ed so sluchom a vyh\u013eada\u0165 vhodn\u00fa starostlivos\u0165 alebo \u010do najviac starostlivosti.<\/p>\n\n\n\n<p>Stru\u010dne povedan\u00e9, konzult\u00e1cie so \u0161pecializovan\u00fdmi odborn\u00edkmi, vytvorenie priazniv\u00e9ho prostredia, poskytovanie vzdel\u00e1vacej a emocion\u00e1lnej podpory, ako aj pou\u017e\u00edvanie asisten\u010dn\u00fdch technol\u00f3gi\u00ed, s\u00fa d\u00f4le\u017eit\u00fdmi opatreniami, ktor\u00e9 pom\u00e1haj\u00fa de\u0165om prekona\u0165 v\u00fdzvy spojen\u00e9 so sluchov\u00fdmi \u0165a\u017ekos\u0165ami.<\/p>\n\n\n\n<p>Pois, presn\u00e1 diagn\u00f3za a v\u010dasn\u00fd z\u00e1sah m\u00f4\u017eu ma\u0165 vplyv na jazykov\u00fd v\u00fdvoj a nie s\u00fa u det\u00ed v\u0161eobecne d\u00f4le\u017eit\u00e9, \u010do im umo\u017e\u0148uje dosiahnu\u0165 ich pln\u00fd potenci\u00e1l.<\/p>\n\n\n<div class=\"wp-block-image\">\n<figure class=\"aligncenter size-full\"><img loading=\"lazy\" decoding=\"async\" width=\"550\" height=\"350\" src=\"http:\/\/universofamilia.com\/wp-content\/uploads\/sites\/148\/2023\/06\/POST-DIFICULDADE-DE-OUVIR-universo-familia-3.png\" alt=\"\" class=\"wp-image-2215\" srcset=\"https:\/\/universofamilia.com\/wp-content\/uploads\/sites\/148\/2023\/06\/POST-DIFICULDADE-DE-OUVIR-universo-familia-3.png 550w, https:\/\/universofamilia.com\/wp-content\/uploads\/sites\/148\/2023\/06\/POST-DIFICULDADE-DE-OUVIR-universo-familia-3-300x191.png 300w\" sizes=\"(max-width: 550px) 100vw, 550px\" \/><\/figure><\/div>\n\n\n<blockquote class=\"wp-block-quote\">\n<h5 class=\"wp-block-heading\"><em>Pozn\u00e1mky: Materi\u00e1ly a inform\u00e1cie na str\u00e1nke Universo Fam\u00edlia nie s\u00fa ur\u010den\u00e9 na lek\u00e1rsku diagnostiku, ani by sa nemali ako tak\u00e9 pou\u017e\u00edva\u0165. <strong>V\u017edy by ste sa mali poradi\u0165 s lek\u00e1rom alebo kvalifikovan\u00fdm zdravotn\u00edckym pracovn\u00edkom o svojich skuto\u010dn\u00fdch potreb\u00e1ch.<\/strong>.<\/em><\/h5>\n<\/blockquote>\n\n\n\n<h4 class=\"wp-block-heading\">Zdroje pre v\u00fdskum<\/h4>\n\n\n\n<p>Pri tvorbe textu s inform\u00e1ciami o \u0165a\u017ekostiach s po\u010d\u00favan\u00edm det\u00ed je d\u00f4le\u017eit\u00e9 vych\u00e1dza\u0165 zo spo\u013eahliv\u00fdch a aktu\u00e1lnych zdrojov. Tu je nieko\u013eko odpor\u00fa\u010dan\u00fdch zdrojov, ktor\u00e9 m\u00f4\u017eete pou\u017ei\u0165 na hlb\u0161\u00ed v\u00fdskum t\u00e9my:<\/p>\n\n\n\n<p>Americk\u00e1 asoci\u00e1cia pre re\u010d, jazyk a sluch (ASHA) \u2013 ASHA je profesion\u00e1lna organiz\u00e1cia, ktor\u00e1 poskytuje zdroje a inform\u00e1cie o re\u010di, jazyku a sluchu. Str\u00e1nka (https:\/\/www.asha.org\/) obsahuje \u010dl\u00e1nky, pr\u00edru\u010dky a v\u00fdskum s\u00favisiace s poruchami sluchu u det\u00ed.<\/p>\n\n\n\n<p>Centr\u00e1 pre kontrolu a prevenciu chor\u00f4b (CDC) \u2013 CDC je zdravotn\u00edcka agent\u00fara Spojen\u00fdch \u0161t\u00e1tov, ktor\u00e1 poskytuje otvoren\u00e9 inform\u00e1cie o \u0161irokej \u0161k\u00e1le zdravotn\u00fdch probl\u00e9mov. Str\u00e1nka CDC (https:\/\/www.cdc.gov\/) m\u00f4\u017ee by\u0165 spo\u013eahliv\u00fdm zdrojom na z\u00edskanie \u0161tatistick\u00fdch \u00fadajov, pokynov pre triedenie sluchu a inform\u00e1ci\u00ed o vplyve probl\u00e9mov so sluchom u det\u00ed.<\/p>\n\n\n\n<p>Americk\u00e1 akad\u00e9mia pediatrie (AAP) \u2013 AAP je organiz\u00e1cia zameran\u00e1 na zdravie det\u00ed a poskytuje klinick\u00e9 poradenstvo lek\u00e1rom a rodin\u00e1m. Str\u00e1nka AAP (https:\/\/www.aap.org\/) obsahuje inform\u00e1cie o hodnoten\u00ed, diagnostike a lie\u010dbe por\u00fach sluchu u det\u00ed.<\/p>\n\n\n\n<p>N\u00e1rodn\u00fd in\u0161tit\u00fat pre hluchotu a in\u00e9 komunika\u010dn\u00e9 poruchy (NIDCD) \u2013 NIDCD je v\u00fdskumn\u00fd in\u0161tit\u00fat vl\u00e1dy Spojen\u00fdch \u0161t\u00e1tov, ktor\u00fd sa zameriava na ot\u00e1zky t\u00fdkaj\u00face sa por\u00fach sluchu, komunik\u00e1cie a jazyka. Okrem toho str\u00e1nka NIDCD (https:\/\/www.nidcd.nih.gov\/) pon\u00faka zdroje a aktualizovan\u00e9 inform\u00e1cie o poruch\u00e1ch sluchu u det\u00ed.<\/p>\n\n\n\n<p>Svetov\u00e1 zdravotn\u00edcka organiz\u00e1cia (WHO) \u2013 WHO je \u0161pecializovan\u00e1 agent\u00fara Organiz\u00e1cie Spojen\u00fdch n\u00e1rodov, ktor\u00e1 pracuje na podpore glob\u00e1lneho zdravia. Str\u00e1nka WHO (https:\/\/www.who.int\/) m\u00f4\u017ee poskytn\u00fa\u0165 inform\u00e1cie o prevalencii, vplyve a interven\u010dn\u00fdch strat\u00e9gi\u00e1ch s\u00favisiacich s poruchami sluchu u det\u00ed na glob\u00e1lnej \u00farovni.<\/p>\n\n\n\n<p>Preto je v\u017edy potrebn\u00e9 overi\u0165 si d\u00f4veryhodnos\u0165 zdrojov a vyh\u013eada\u0165 inform\u00e1cie od organiz\u00e1ci\u00ed a in\u0161tit\u00faci\u00ed p\u00f4sobiacich v oblasti v\u00fdskumu zdravia a sluchu.<\/p>","protected":false},"excerpt":{"rendered":"<p>\u0164a\u017ekosti so sluchom u det\u00ed: Pr\u00edznaky, starostlivos\u0165 a diagnostika. Sluch zohr\u00e1va k\u013e\u00fa\u010dov\u00fa \u00falohu vo v\u00fdvoji u\u010denia v detstve.<\/p>\n<p>Bohu\u017eia\u013e, niektor\u00e9 deti \u010delia probl\u00e9mom so sluchom, \u010do m\u00f4\u017ee negat\u00edvne ovplyvni\u0165 kvalitu ich \u017eivota a akademick\u00e9 v\u00fdsledky.<\/p>\n<p>V tomto \u010dl\u00e1nku sa budeme venova\u0165 pr\u00edznakom probl\u00e9mov so sluchom u det\u00ed, potrebnej starostlivosti a sp\u00f4sobu stanovenia adekv\u00e1tnej diagn\u00f3zy.<\/p>","protected":false},"author":0,"featured_media":2216,"comment_status":"open","ping_status":"open","sticky":false,"template":"","format":"standard","meta":{"footnotes":""},"categories":[5],"tags":[580,775,1437],"yoast_head":"<!-- This site is optimized with the Yoast SEO plugin v23.3 - https:\/\/yoast.com\/wordpress\/plugins\/seo\/ -->\n<title>Dificuldade de Audi\u00e7\u00e3o em Crian\u00e7as: Sintomas, Cuidados e Diagn\u00f3stico - Universo Fam\u00edlia<\/title>\n<meta name=\"description\" content=\"Dificuldade de Audi\u00e7\u00e3o em Crian\u00e7as,\" \/>\n<meta name=\"robots\" content=\"index, follow, max-snippet:-1, max-image-preview:large, max-video-preview:-1\" \/>\n<link rel=\"canonical\" href=\"https:\/\/universofamilia.com\/sk\/dificuldade-de-audicao-em-criancas\/\" \/>\n<meta property=\"og:locale\" content=\"sk_SK\" \/>\n<meta property=\"og:type\" content=\"article\" \/>\n<meta property=\"og:title\" content=\"Dificuldade de Audi\u00e7\u00e3o em Crian\u00e7as: Sintomas, Cuidados e Diagn\u00f3stico - Universo Fam\u00edlia\" \/>\n<meta property=\"og:description\" content=\"Dificuldade de Audi\u00e7\u00e3o em Crian\u00e7as,\" \/>\n<meta property=\"og:url\" content=\"https:\/\/universofamilia.com\/sk\/dificuldade-de-audicao-em-criancas\/\" \/>\n<meta property=\"og:site_name\" content=\"Universo Fam\u00edlia\" \/>\n<meta property=\"article:published_time\" content=\"2023-06-03T02:02:38+00:00\" \/>\n<meta property=\"og:image\" content=\"https:\/\/universofamilia.com\/wp-content\/uploads\/sites\/148\/2023\/06\/FOTO-DESTAQUE-DIFICULDADE-DE-OUVIR-universo-familia-448x350-1-1.png\" \/>\n\t<meta property=\"og:image:width\" content=\"448\" \/>\n\t<meta property=\"og:image:height\" content=\"350\" \/>\n\t<meta property=\"og:image:type\" content=\"image\/png\" \/>\n<meta name=\"twitter:card\" content=\"summary_large_image\" \/>\n<meta name=\"twitter:label1\" content=\"Est. reading time\" \/>\n\t<meta name=\"twitter:data1\" content=\"7 min\u00fat\" \/>\n<script type=\"application\/ld+json\" class=\"yoast-schema-graph\">{\"@context\":\"https:\/\/schema.org\",\"@graph\":[{\"@type\":\"WebPage\",\"@id\":\"https:\/\/universofamilia.com\/bg\/dificuldade-de-audicao-em-criancas\/\",\"url\":\"https:\/\/universofamilia.com\/bg\/dificuldade-de-audicao-em-criancas\/\",\"name\":\"Dificuldade de Audi\u00e7\u00e3o em Crian\u00e7as: Sintomas, Cuidados e Diagn\u00f3stico - Universo Fam\u00edlia\",\"isPartOf\":{\"@id\":\"https:\/\/universofamilia.com\/el\/#website\"},\"primaryImageOfPage\":{\"@id\":\"https:\/\/universofamilia.com\/bg\/dificuldade-de-audicao-em-criancas\/#primaryimage\"},\"image\":{\"@id\":\"https:\/\/universofamilia.com\/bg\/dificuldade-de-audicao-em-criancas\/#primaryimage\"},\"thumbnailUrl\":\"https:\/\/universofamilia.com\/wp-content\/uploads\/sites\/148\/2023\/06\/FOTO-DESTAQUE-DIFICULDADE-DE-OUVIR-universo-familia-448x350-1-1.png\",\"datePublished\":\"2023-06-03T02:02:38+00:00\",\"dateModified\":\"2023-06-03T02:02:38+00:00\",\"author\":{\"@id\":\"\"},\"description\":\"Dificuldade de Audi\u00e7\u00e3o em Crian\u00e7as,\",\"breadcrumb\":{\"@id\":\"https:\/\/universofamilia.com\/bg\/dificuldade-de-audicao-em-criancas\/#breadcrumb\"},\"inLanguage\":\"sk-SK\",\"potentialAction\":[{\"@type\":\"ReadAction\",\"target\":[\"https:\/\/universofamilia.com\/bg\/dificuldade-de-audicao-em-criancas\/\"]}]},{\"@type\":\"ImageObject\",\"inLanguage\":\"sk-SK\",\"@id\":\"https:\/\/universofamilia.com\/bg\/dificuldade-de-audicao-em-criancas\/#primaryimage\",\"url\":\"https:\/\/universofamilia.com\/wp-content\/uploads\/sites\/148\/2023\/06\/FOTO-DESTAQUE-DIFICULDADE-DE-OUVIR-universo-familia-448x350-1-1.png\",\"contentUrl\":\"https:\/\/universofamilia.com\/wp-content\/uploads\/sites\/148\/2023\/06\/FOTO-DESTAQUE-DIFICULDADE-DE-OUVIR-universo-familia-448x350-1-1.png\",\"width\":448,\"height\":350},{\"@type\":\"BreadcrumbList\",\"@id\":\"https:\/\/universofamilia.com\/bg\/dificuldade-de-audicao-em-criancas\/#breadcrumb\",\"itemListElement\":[{\"@type\":\"ListItem\",\"position\":1,\"name\":\"Home\",\"item\":\"https:\/\/universofamilia.com\/el\/\"},{\"@type\":\"ListItem\",\"position\":2,\"name\":\"Dificuldade de Audi\u00e7\u00e3o em Crian\u00e7as: Sintomas, Cuidados e Diagn\u00f3stico\"}]},{\"@type\":\"WebSite\",\"@id\":\"https:\/\/universofamilia.com\/el\/#website\",\"url\":\"https:\/\/universofamilia.com\/el\/\",\"name\":\"Universo Fam\u00edlia\",\"description\":\"\",\"potentialAction\":[{\"@type\":\"SearchAction\",\"target\":{\"@type\":\"EntryPoint\",\"urlTemplate\":\"https:\/\/universofamilia.com\/el\/?s={search_term_string}\"},\"query-input\":\"required name=search_term_string\"}],\"inLanguage\":\"sk-SK\"}]}<\/script>\n<!-- \/ Yoast SEO plugin. -->","yoast_head_json":{"title":"Dificuldade de Audi\u00e7\u00e3o em Crian\u00e7as: Sintomas, Cuidados e Diagn\u00f3stico - Universo Fam\u00edlia","description":"Dificuldade de Audi\u00e7\u00e3o em Crian\u00e7as,","robots":{"index":"index","follow":"follow","max-snippet":"max-snippet:-1","max-image-preview":"max-image-preview:large","max-video-preview":"max-video-preview:-1"},"canonical":"https:\/\/universofamilia.com\/sk\/dificuldade-de-audicao-em-criancas\/","og_locale":"sk_SK","og_type":"article","og_title":"Dificuldade de Audi\u00e7\u00e3o em Crian\u00e7as: Sintomas, Cuidados e Diagn\u00f3stico - Universo Fam\u00edlia","og_description":"Dificuldade de Audi\u00e7\u00e3o em Crian\u00e7as,","og_url":"https:\/\/universofamilia.com\/sk\/dificuldade-de-audicao-em-criancas\/","og_site_name":"Universo Fam\u00edlia","article_published_time":"2023-06-03T02:02:38+00:00","og_image":[{"width":448,"height":350,"url":"https:\/\/universofamilia.com\/wp-content\/uploads\/sites\/148\/2023\/06\/FOTO-DESTAQUE-DIFICULDADE-DE-OUVIR-universo-familia-448x350-1-1.png","type":"image\/png"}],"twitter_card":"summary_large_image","twitter_misc":{"Est. reading time":"7 min\u00fat"},"schema":{"@context":"https:\/\/schema.org","@graph":[{"@type":"WebPage","@id":"https:\/\/universofamilia.com\/bg\/dificuldade-de-audicao-em-criancas\/","url":"https:\/\/universofamilia.com\/bg\/dificuldade-de-audicao-em-criancas\/","name":"Dificuldade de Audi\u00e7\u00e3o em Crian\u00e7as: Sintomas, Cuidados e Diagn\u00f3stico - Universo Fam\u00edlia","isPartOf":{"@id":"https:\/\/universofamilia.com\/el\/#website"},"primaryImageOfPage":{"@id":"https:\/\/universofamilia.com\/bg\/dificuldade-de-audicao-em-criancas\/#primaryimage"},"image":{"@id":"https:\/\/universofamilia.com\/bg\/dificuldade-de-audicao-em-criancas\/#primaryimage"},"thumbnailUrl":"https:\/\/universofamilia.com\/wp-content\/uploads\/sites\/148\/2023\/06\/FOTO-DESTAQUE-DIFICULDADE-DE-OUVIR-universo-familia-448x350-1-1.png","datePublished":"2023-06-03T02:02:38+00:00","dateModified":"2023-06-03T02:02:38+00:00","author":{"@id":""},"description":"Dificuldade de Audi\u00e7\u00e3o em Crian\u00e7as,","breadcrumb":{"@id":"https:\/\/universofamilia.com\/bg\/dificuldade-de-audicao-em-criancas\/#breadcrumb"},"inLanguage":"sk-SK","potentialAction":[{"@type":"ReadAction","target":["https:\/\/universofamilia.com\/bg\/dificuldade-de-audicao-em-criancas\/"]}]},{"@type":"ImageObject","inLanguage":"sk-SK","@id":"https:\/\/universofamilia.com\/bg\/dificuldade-de-audicao-em-criancas\/#primaryimage","url":"https:\/\/universofamilia.com\/wp-content\/uploads\/sites\/148\/2023\/06\/FOTO-DESTAQUE-DIFICULDADE-DE-OUVIR-universo-familia-448x350-1-1.png","contentUrl":"https:\/\/universofamilia.com\/wp-content\/uploads\/sites\/148\/2023\/06\/FOTO-DESTAQUE-DIFICULDADE-DE-OUVIR-universo-familia-448x350-1-1.png","width":448,"height":350},{"@type":"BreadcrumbList","@id":"https:\/\/universofamilia.com\/bg\/dificuldade-de-audicao-em-criancas\/#breadcrumb","itemListElement":[{"@type":"ListItem","position":1,"name":"Home","item":"https:\/\/universofamilia.com\/el\/"},{"@type":"ListItem","position":2,"name":"Dificuldade de Audi\u00e7\u00e3o em Crian\u00e7as: Sintomas, Cuidados e Diagn\u00f3stico"}]},{"@type":"WebSite","@id":"https:\/\/universofamilia.com\/el\/#website","url":"https:\/\/universofamilia.com\/el\/","name":"Universo Fam\u00edlia","description":"","potentialAction":[{"@type":"SearchAction","target":{"@type":"EntryPoint","urlTemplate":"https:\/\/universofamilia.com\/el\/?s={search_term_string}"},"query-input":"required name=search_term_string"}],"inLanguage":"sk-SK"}]}},"_links":{"self":[{"href":"https:\/\/universofamilia.com\/sk\/wp-json\/wp\/v2\/posts\/2207"}],"collection":[{"href":"https:\/\/universofamilia.com\/sk\/wp-json\/wp\/v2\/posts"}],"about":[{"href":"https:\/\/universofamilia.com\/sk\/wp-json\/wp\/v2\/types\/post"}],"replies":[{"embeddable":true,"href":"https:\/\/universofamilia.com\/sk\/wp-json\/wp\/v2\/comments?post=2207"}],"version-history":[{"count":0,"href":"https:\/\/universofamilia.com\/sk\/wp-json\/wp\/v2\/posts\/2207\/revisions"}],"wp:featuredmedia":[{"embeddable":true,"href":"https:\/\/universofamilia.com\/sk\/wp-json\/wp\/v2\/media\/2216"}],"wp:attachment":[{"href":"https:\/\/universofamilia.com\/sk\/wp-json\/wp\/v2\/media?parent=2207"}],"wp:term":[{"taxonomy":"category","embeddable":true,"href":"https:\/\/universofamilia.com\/sk\/wp-json\/wp\/v2\/categories?post=2207"},{"taxonomy":"post_tag","embeddable":true,"href":"https:\/\/universofamilia.com\/sk\/wp-json\/wp\/v2\/tags?post=2207"}],"curies":[{"name":"wp","href":"https:\/\/api.w.org\/{rel}","templated":true}]}}