{"id":2227,"date":"2023-06-05T10:43:39","date_gmt":"2023-06-05T13:43:39","guid":{"rendered":"https:\/\/universofamilia.com\/?p=2227"},"modified":"2023-06-05T10:43:39","modified_gmt":"2023-06-05T13:43:39","slug":"o-que-influencia-o-sono-do-bebe","status":"publish","type":"post","link":"https:\/\/universofamilia.com\/sk\/o-que-influencia-o-sono-do-bebe\/","title":{"rendered":"O Que Influence no Sono do B\u00ea | Ber\u00e7o, spolo\u010dn\u00e1 poste\u013e alebo Montessoriana?"},"content":{"rendered":"<p>Ak\u00fd vplyv na syna die\u0165a\u0165a: Ber\u00e7o, zdie\u013ean\u00e1 poste\u013e alebo Montessoriana?<\/p>\n\n\n\n<p>Alebo m\u00e1te dve b\u00e1b\u00e4tk\u00e1, \u010do je pre va\u0161u krajinu mimoriadne d\u00f4le\u017eit\u00e9. Dobr\u00fd no\u010dn\u00fd sp\u00e1nok je nevyhnutn\u00fd pre zdrav\u00fd v\u00fdvoj a pohodu dvoch det\u00ed.<\/p>\n\n\n\n<p>Spomedzi r\u00f4znych mo\u017enost\u00ed spania vynikaj\u00fa tri: ber\u00e7o, zdie\u013ean\u00e1 poste\u013e a Montessoriana.<\/p>\n\n\n\n<p>V tomto \u010dl\u00e1nku presk\u00famame ka\u017ed\u00fa z t\u00fdchto mo\u017enost\u00ed a analyzujeme, ako m\u00f4\u017eu ovplyvni\u0165 zvuk v\u00e1\u0161ho die\u0165a\u0165a.<\/p>\n\n\n\n<h3 class=\"wp-block-heading\">Pre\u010d\u00edtajte si tie\u017e:<\/h3>\n\n\n\n<p><a href=\"https:\/\/universofamilia.com\/sk\/meu-bebe-dorme-mal\/\" target=\"_blank\" rel=\"noreferrer noopener\">Moje die\u0165a zle sp\u00ed, pozrite si 5 be\u017en\u00fdch ch\u00fdb, ktor\u00fdm by ste sa mali vyhn\u00fa\u0165.<\/a><\/p>\n\n\n\n<p><a href=\"https:\/\/universofamilia.com\/sk\/dicas-de-seguranca-para-o-sono-do-bebe-escolha-do-local-posicao-colchao-e-muito-mais\/\" target=\"_blank\" rel=\"noreferrer noopener sponsored nofollow\">Bezpe\u010dnostn\u00e9 pokyny pre syn\u010deka: bezpe\u010dn\u00e9 miesto, poloha, matrac a ove\u013ea viac.<\/a><\/p>\n\n\n\n<p><a href=\"https:\/\/www.luzbaby.com.br\/\" target=\"_blank\" rel=\"noreferrer noopener\">Luz Baby je jeden z najlep\u0161\u00edch obchodov s detsk\u00fdmi potrebami. Kliknite sem.<\/a><\/p>\n\n\n\n<h3 class=\"wp-block-heading\"><strong>Ber\u00e7o: klasika pre tich\u00fd zvuk<\/strong><\/h3>\n\n\n\n<p>Toto je tradi\u010dn\u00e1 detsk\u00e1 poste\u013e. Pon\u00faka bezpe\u010dn\u00fd a ohrani\u010den\u00fd priestor, ktor\u00fd poskytuje pohodln\u00e9 prostredie.<\/p>\n\n\n<div class=\"wp-block-image\">\n<figure class=\"aligncenter size-full\"><img loading=\"lazy\" decoding=\"async\" width=\"800\" height=\"560\" src=\"http:\/\/universofamilia.com\/wp-content\/uploads\/sites\/148\/2023\/06\/POST-BEBE-INFLUENCIA-DO-SONO-UNIVERSO-FAMILIA-1.png\" alt=\"\" class=\"wp-image-2231\" srcset=\"https:\/\/universofamilia.com\/wp-content\/uploads\/sites\/148\/2023\/06\/POST-BEBE-INFLUENCIA-DO-SONO-UNIVERSO-FAMILIA-1.png 800w, https:\/\/universofamilia.com\/wp-content\/uploads\/sites\/148\/2023\/06\/POST-BEBE-INFLUENCIA-DO-SONO-UNIVERSO-FAMILIA-1-300x210.png 300w, https:\/\/universofamilia.com\/wp-content\/uploads\/sites\/148\/2023\/06\/POST-BEBE-INFLUENCIA-DO-SONO-UNIVERSO-FAMILIA-1-768x538.png 768w\" sizes=\"(max-width: 800px) 100vw, 800px\" \/><\/figure><\/div>\n\n\n<p>Pou\u017e\u00edvan\u00edm postele m\u00e1 krajina mo\u017enos\u0165 vychova\u0165 konzistentn\u00fd no\u010dn\u00fd re\u017eim, ktor\u00fd pom\u00e1ha die\u0165a\u0165u spoji\u0165 priestor s die\u0165a\u0165om.<\/p>\n\n\n\n<p>Je d\u00f4le\u017eit\u00e9 investova\u0165 do kvalitn\u00e9ho matraca a poste\u013enej bielizne vhodnej pre potreby die\u0165a\u0165a.<\/p>\n\n\n\n<h3 class=\"wp-block-heading\"><strong>Spolo\u010dn\u00e1 poste\u013e: bl\u00edzkos\u0165 a pohodlie<\/strong><\/h3>\n\n\n\n<p>Zdie\u013ean\u00e1 poste\u013e spo\u010d\u00edva v rozdelen\u00ed postele ako b\u00e1b\u00e4tko po\u010das sp\u00e1nku. T\u00e1to mo\u017enos\u0165 pon\u00faka bl\u00edzkos\u0165 a pohodlie, \u010do umo\u017e\u0148uje krajine r\u00fdchlo sa venova\u0165 potreb\u00e1m die\u0165a\u0165a.<\/p>\n\n\n<div class=\"wp-block-image\">\n<figure class=\"aligncenter size-full\"><img loading=\"lazy\" decoding=\"async\" width=\"800\" height=\"560\" src=\"http:\/\/universofamilia.com\/wp-content\/uploads\/sites\/148\/2023\/06\/POST-BEBE-INFLUENCIA-DO-SONO-UNIVERSO-FAMILIA-2.png\" alt=\"\" class=\"wp-image-2232\" srcset=\"https:\/\/universofamilia.com\/wp-content\/uploads\/sites\/148\/2023\/06\/POST-BEBE-INFLUENCIA-DO-SONO-UNIVERSO-FAMILIA-2.png 800w, https:\/\/universofamilia.com\/wp-content\/uploads\/sites\/148\/2023\/06\/POST-BEBE-INFLUENCIA-DO-SONO-UNIVERSO-FAMILIA-2-300x210.png 300w, https:\/\/universofamilia.com\/wp-content\/uploads\/sites\/148\/2023\/06\/POST-BEBE-INFLUENCIA-DO-SONO-UNIVERSO-FAMILIA-2-768x538.png 768w\" sizes=\"(max-width: 800px) 100vw, 800px\" \/><\/figure><\/div>\n\n\n<p>Neust\u00e1la pr\u00edtomnos\u0165 dvoch kraj\u00edn m\u00f4\u017ee pom\u00f4c\u0165 upokoji\u0165 die\u0165a po\u010das noci a u\u013eah\u010di\u0165 doj\u010denie.<\/p>\n\n\n\n<p>Je v\u0161ak d\u00f4le\u017eit\u00e9 prija\u0165 bezpe\u010dnostn\u00e9 opatrenia, ako je pou\u017eitie ve\u013ekej alebo dostato\u010dne ve\u013ekej postele a zabezpe\u010denie bezpe\u010dn\u00e9ho a dostato\u010dn\u00e9ho priestoru na spanie pre die\u0165a.<\/p>\n\n\n\n<h3 class=\"wp-block-heading\"><strong>Montessori\u00e1nska poste\u013e: nez\u00e1vislos\u0165 od cedo<\/strong><\/h3>\n\n\n\n<p>Poste\u013e Montessoriana sa riadi filozofiou Montessori, ktor\u00e1 si cen\u00ed nez\u00e1vislos\u0165 a samostatnos\u0165 det\u00ed. R\u00f4zny typ postele umo\u017e\u0148uje die\u0165a\u0165u vo\u013en\u00fd pr\u00edstup k priestoru na spanie zdola, bez \u00farovn\u00ed alebo z\u00e1bran.<\/p>\n\n\n<div class=\"wp-block-image\">\n<figure class=\"aligncenter size-full\"><img loading=\"lazy\" decoding=\"async\" width=\"800\" height=\"560\" src=\"http:\/\/universofamilia.com\/wp-content\/uploads\/sites\/148\/2023\/06\/POST-BEBE-INFLUENCIA-DO-SONO-UNIVERSO-FAMILIA.png\" alt=\"\" class=\"wp-image-2233\" srcset=\"https:\/\/universofamilia.com\/wp-content\/uploads\/sites\/148\/2023\/06\/POST-BEBE-INFLUENCIA-DO-SONO-UNIVERSO-FAMILIA.png 800w, https:\/\/universofamilia.com\/wp-content\/uploads\/sites\/148\/2023\/06\/POST-BEBE-INFLUENCIA-DO-SONO-UNIVERSO-FAMILIA-300x210.png 300w, https:\/\/universofamilia.com\/wp-content\/uploads\/sites\/148\/2023\/06\/POST-BEBE-INFLUENCIA-DO-SONO-UNIVERSO-FAMILIA-768x538.png 768w\" sizes=\"(max-width: 800px) 100vw, 800px\" \/><\/figure><\/div>\n\n\n<p>Isso mu umo\u017e\u0148uje rozv\u00edja\u0165 motorick\u00e9 zru\u010dnosti a u\u010di\u0165 sa vo\u013ene pohybova\u0165. Je v\u0161ak nevyhnutn\u00e9 zabezpe\u010di\u0165, aby prostredie bolo pre die\u0165a bezpe\u010dn\u00e9, odstr\u00e1ni\u0165 nebezpe\u010dn\u00e9 predmety a vyhn\u00fa\u0165 sa nehod\u00e1m.<\/p>\n\n\n\n<h3 class=\"wp-block-heading\"><strong>Faktory, ktor\u00e9 treba zv\u00e1\u017ei\u0165 pri vedomom v\u00fdbere<\/strong><\/h3>\n\n\n\n<p>Pri rozhodovan\u00ed o tom, ktor\u00fa mo\u017enos\u0165 pou\u017ei\u0165, je d\u00f4le\u017eit\u00e9 zv\u00e1\u017ei\u0165 nieko\u013eko k\u013e\u00fa\u010dov\u00fdch faktorov:<\/p>\n\n\n\n<p><strong>Bezpe\u010dnos\u0165<\/strong>Bez oh\u013eadu na zvolen\u00fa mo\u017enos\u0165 mus\u00ed by\u0165 bezpe\u010dnos\u0165 die\u0165a\u0165a v\u017edy prioritou. Uistite sa, \u017ee v prostred\u00ed nie s\u00fa \u017eiadne nebezpe\u010denstv\u00e1, ako s\u00fa vo\u013en\u00e9 predmety, \u0165a\u017ek\u00e9 prikr\u00fdvky alebo \u010doko\u013evek, \u010do by mohlo va\u0161e die\u0165a udusi\u0165.<\/p>\n\n\n\n<p><strong>Preferencie a potreby die\u0165a\u0165a<\/strong>Ka\u017ed\u00e9 die\u0165a je jedine\u010dn\u00e9 a treba bra\u0165 do \u00favahy jeho preferencie a potreby. Niektor\u00e9 b\u00e1b\u00e4tk\u00e1 sa c\u00edtia pohodlnej\u0161ie v posteli, zatia\u013e \u010do in\u00e9 uprednost\u0148uj\u00fa bl\u00edzko spolo\u010dnej postele. Pozorovanie a pochopenie ind\u00edci\u00ed a sign\u00e1lov die\u0165a\u0165a m\u00f4\u017ee pom\u00f4c\u0165 pri rozhodovan\u00ed.<\/p>\n\n\n\n<p><strong>Rutina a konzistentnos\u0165<\/strong>V pr\u00edpade zvolenej mo\u017enosti m\u00f4\u017ee by\u0165 pre die\u0165a prospe\u0161n\u00e9 zavedenie pravideln\u00e9ho no\u010dn\u00e9ho re\u017eimu.<\/p>\n\n\n\n<p>To zah\u0155\u0148a dodr\u017eiavanie pravideln\u00fdch re\u017eimov sp\u00e1nku, vytvorenie pokojn\u00e9ho a podporn\u00e9ho prostredia a zav\u00e1dzanie postupov, ktor\u00e9 pom\u00f4\u017eu v\u00e1\u0161mu die\u0165a\u0165u relaxova\u0165 pred span\u00edm, ako je rann\u00fd k\u00fape\u013e alebo jemn\u00e1 mas\u00e1\u017e.<\/p>\n\n\n\n<h3 class=\"wp-block-heading\"><strong>Z\u00e1ver<\/strong><\/h3>\n\n\n\n<p>V\u00fdber medzi poste\u013eou typu ber\u00e7o, spolo\u010dnou poste\u013eou a poste\u013eou typu Montessoriana pre syna die\u0165a\u0165a je osobn\u00e9 rozhodnutie, ktor\u00e9 mus\u00ed by\u0165 uroben\u00e9 s oh\u013eadom na bezpe\u010dnos\u0165, preferencie a individu\u00e1lne potreby die\u0165a\u0165a, okrem zavedenia konzistentn\u00e9ho no\u010dn\u00e9ho re\u017eimu.<\/p>\n\n\n\n<p>Ber\u00e7o pon\u00faka ohrani\u010den\u00fd a polstrovan\u00fd priestor, zatia\u013e \u010do spolo\u010dn\u00e1 poste\u013e poskytuje bl\u00edzkos\u0165 a pohodlie vidieka. Poste\u013e J\u00e1 a Montessoriana podporuje nez\u00e1vislos\u0165 a auton\u00f3miu od cedo.<\/p>\n\n\n\n<p>Bez oh\u013eadu na zvolen\u00e9 mo\u017enosti je d\u00f4le\u017eit\u00e9 vytvori\u0165 bezpe\u010dn\u00e9 a priazniv\u00e9 prostredie pre zvuk die\u0165a\u0165a, vyh\u00fdba\u0165 sa rizik\u00e1m a dodr\u017eiava\u0165 bezpe\u010dnostn\u00e9 odpor\u00fa\u010dania.<\/p>\n\n\n\n<p>Kone\u010dn\u00fdm cie\u013eom je zabezpe\u010di\u0165, aby va\u0161e die\u0165a malo pokojn\u00fd no\u010dn\u00fd sp\u00e1nok, \u010do podpor\u00ed zdrav\u00fd v\u00fdvoj a dobr\u00e9 celkov\u00e9 zdravie.<\/p>\n\n\n\n<h3 class=\"wp-block-heading\">Zdroj pre v\u00fdskum<\/h3>\n\n\n\n<p>Ni\u017e\u0161ie uv\u00e1dzame nieko\u013eko d\u00f4veryhodn\u00fdch zdrojov, kde n\u00e1jdete \u010fal\u0161ie inform\u00e1cie o zvukoch b\u00e1b\u00e4tiek a mo\u017enostiach poste\u013enej bielizne, spolo\u010dn\u00fdch postel\u00ed a Montessori\u00e1nskych postel\u00ed:<\/p>\n\n\n\n<p>Knihy \u0161pecializovan\u00e9 na detsk\u00fd zvuk, ako napr\u00edklad \u201eSolu\u00e7\u00f5es para Noites Sem Choro\u201c od Elizabeth Pantleyovej, \u201eThe No-Cry Sleep Solution\u201c od Elizabeth Pantleyovej a \u201eThe Montessori Toddler\u201c od Simone Daviesovej.<\/p>\n\n\n\n<p>Str\u00e1nky d\u00f4veryhodn\u00fdch organiz\u00e1ci\u00ed, ako napr\u00edklad Americk\u00e1 akad\u00e9mia pediatrie (AAP), BabyCenter, Mayo Clinic a N\u00e1rodn\u00e1 nad\u00e1cia pre sp\u00e1nok.<\/p>\n\n\n\n<p>Pora\u010fte sa s pediatrami alebo \u0161pecialistami na v\u00fdvoj die\u0165a\u0165a, aby ste z\u00edskali personalizovan\u00e9 poradenstvo zalo\u017een\u00e9 na vedeck\u00fdch d\u00f4kazoch.<\/p>\n\n\n\n<p>Pam\u00e4tajte, \u017ee je v\u017edy d\u00f4le\u017eit\u00e9 overi\u0165 si d\u00f4veryhodnos\u0165 konzultovan\u00fdch zdrojov a h\u013eada\u0165 aktualizovan\u00e9 inform\u00e1cie, preto\u017ee odpor\u00fa\u010dania sa m\u00f4\u017eu \u010dasom vyv\u00edja\u0165 na z\u00e1klade nov\u00fdch v\u00fdskumov a objavov.<\/p>","protected":false},"excerpt":{"rendered":"<p>Ak\u00fd vplyv na syna die\u0165a\u0165a: Ber\u00e7o, zdie\u013ean\u00e1 poste\u013e alebo Montessoriana?<br \/>\nAlebo m\u00e1te dve b\u00e1b\u00e4tk\u00e1, \u010do je pre va\u0161u krajinu mimoriadne d\u00f4le\u017eit\u00e9. Dobr\u00fd no\u010dn\u00fd sp\u00e1nok je nevyhnutn\u00fd pre zdrav\u00fd v\u00fdvoj a pohodu dvoch det\u00ed.<br \/>\nSpomedzi r\u00f4znych mo\u017enost\u00ed spania vynikaj\u00fa tri: ber\u00e7o, zdie\u013ean\u00e1 poste\u013e a Montessoriana.<br \/>\nV tomto \u010dl\u00e1nku presk\u00famame ka\u017ed\u00fa z t\u00fdchto mo\u017enost\u00ed a analyzujeme, ako m\u00f4\u017eu ovplyvni\u0165 zvuk v\u00e1\u0161ho die\u0165a\u0165a.<\/p>","protected":false},"author":0,"featured_media":2234,"comment_status":"closed","ping_status":"open","sticky":false,"template":"","format":"standard","meta":{"footnotes":""},"categories":[5],"tags":[938,1062,1437],"yoast_head":"<!-- This site is optimized with the Yoast SEO plugin v23.3 - https:\/\/yoast.com\/wordpress\/plugins\/seo\/ -->\n<title>O Que Influencia no Sono do Beb\u00ea | Ber\u00e7o, Cama Compartilhada ou Montessoriana? - Universo Fam\u00edlia<\/title>\n<meta name=\"description\" content=\"O Que Influencia no Sono do Beb\u00ea: Ber\u00e7o, Cama Compartilhada ou Montessoriana?\" \/>\n<meta name=\"robots\" content=\"index, follow, max-snippet:-1, max-image-preview:large, max-video-preview:-1\" \/>\n<link rel=\"canonical\" href=\"http:\/\/universofamilia.com\/sk\/o-que-influencia-o-sono-do-bebe\/\" \/>\n<meta property=\"og:locale\" content=\"sk_SK\" \/>\n<meta property=\"og:type\" content=\"article\" \/>\n<meta property=\"og:title\" content=\"O Que Influencia no Sono do Beb\u00ea | Ber\u00e7o, Cama Compartilhada ou Montessoriana? - Universo Fam\u00edlia\" \/>\n<meta property=\"og:description\" content=\"O Que Influencia no Sono do Beb\u00ea: Ber\u00e7o, Cama Compartilhada ou Montessoriana?\" \/>\n<meta property=\"og:url\" content=\"http:\/\/universofamilia.com\/sk\/o-que-influencia-o-sono-do-bebe\/\" \/>\n<meta property=\"og:site_name\" content=\"Universo Fam\u00edlia\" \/>\n<meta property=\"article:published_time\" content=\"2023-06-05T13:43:39+00:00\" \/>\n<meta property=\"og:image\" content=\"http:\/\/universofamilia.com\/wp-content\/uploads\/sites\/148\/2023\/06\/FOTO-DESTAQUE-DIFICULDADE-DE-OUVIRDIFICULDADE-DE-DORMIR-universo-familia-448x350-1.png\" \/>\n\t<meta property=\"og:image:width\" content=\"448\" \/>\n\t<meta property=\"og:image:height\" content=\"350\" \/>\n\t<meta property=\"og:image:type\" content=\"image\/png\" \/>\n<meta name=\"twitter:card\" content=\"summary_large_image\" \/>\n<meta name=\"twitter:label1\" content=\"Est. reading time\" \/>\n\t<meta name=\"twitter:data1\" content=\"5 min\u00fat\" \/>\n<script type=\"application\/ld+json\" class=\"yoast-schema-graph\">{\"@context\":\"https:\/\/schema.org\",\"@graph\":[{\"@type\":\"WebPage\",\"@id\":\"http:\/\/universofamilia.com\/ja\/o-que-influencia-o-sono-do-bebe\/\",\"url\":\"http:\/\/universofamilia.com\/ja\/o-que-influencia-o-sono-do-bebe\/\",\"name\":\"O Que Influencia no Sono do Beb\u00ea | Ber\u00e7o, Cama Compartilhada ou Montessoriana? - Universo Fam\u00edlia\",\"isPartOf\":{\"@id\":\"https:\/\/universofamilia.com\/el\/#website\"},\"primaryImageOfPage\":{\"@id\":\"http:\/\/universofamilia.com\/ja\/o-que-influencia-o-sono-do-bebe\/#primaryimage\"},\"image\":{\"@id\":\"http:\/\/universofamilia.com\/ja\/o-que-influencia-o-sono-do-bebe\/#primaryimage\"},\"thumbnailUrl\":\"https:\/\/universofamilia.com\/wp-content\/uploads\/sites\/148\/2023\/06\/FOTO-DESTAQUE-DIFICULDADE-DE-OUVIRDIFICULDADE-DE-DORMIR-universo-familia-448x350-1.png\",\"datePublished\":\"2023-06-05T13:43:39+00:00\",\"dateModified\":\"2023-06-05T13:43:39+00:00\",\"author\":{\"@id\":\"\"},\"description\":\"O Que Influencia no Sono do Beb\u00ea: Ber\u00e7o, Cama Compartilhada ou Montessoriana?\",\"breadcrumb\":{\"@id\":\"http:\/\/universofamilia.com\/ja\/o-que-influencia-o-sono-do-bebe\/#breadcrumb\"},\"inLanguage\":\"sk-SK\",\"potentialAction\":[{\"@type\":\"ReadAction\",\"target\":[\"http:\/\/universofamilia.com\/ja\/o-que-influencia-o-sono-do-bebe\/\"]}]},{\"@type\":\"ImageObject\",\"inLanguage\":\"sk-SK\",\"@id\":\"http:\/\/universofamilia.com\/ja\/o-que-influencia-o-sono-do-bebe\/#primaryimage\",\"url\":\"https:\/\/universofamilia.com\/wp-content\/uploads\/sites\/148\/2023\/06\/FOTO-DESTAQUE-DIFICULDADE-DE-OUVIRDIFICULDADE-DE-DORMIR-universo-familia-448x350-1.png\",\"contentUrl\":\"https:\/\/universofamilia.com\/wp-content\/uploads\/sites\/148\/2023\/06\/FOTO-DESTAQUE-DIFICULDADE-DE-OUVIRDIFICULDADE-DE-DORMIR-universo-familia-448x350-1.png\",\"width\":448,\"height\":350},{\"@type\":\"BreadcrumbList\",\"@id\":\"http:\/\/universofamilia.com\/ja\/o-que-influencia-o-sono-do-bebe\/#breadcrumb\",\"itemListElement\":[{\"@type\":\"ListItem\",\"position\":1,\"name\":\"Home\",\"item\":\"https:\/\/universofamilia.com\/el\/\"},{\"@type\":\"ListItem\",\"position\":2,\"name\":\"O Que Influencia no Sono do Beb\u00ea | Ber\u00e7o, Cama Compartilhada ou Montessoriana?\"}]},{\"@type\":\"WebSite\",\"@id\":\"https:\/\/universofamilia.com\/el\/#website\",\"url\":\"https:\/\/universofamilia.com\/el\/\",\"name\":\"Universo Fam\u00edlia\",\"description\":\"\",\"potentialAction\":[{\"@type\":\"SearchAction\",\"target\":{\"@type\":\"EntryPoint\",\"urlTemplate\":\"https:\/\/universofamilia.com\/el\/?s={search_term_string}\"},\"query-input\":\"required name=search_term_string\"}],\"inLanguage\":\"sk-SK\"}]}<\/script>\n<!-- \/ Yoast SEO plugin. -->","yoast_head_json":{"title":"O Que Influencia no Sono do Beb\u00ea | Ber\u00e7o, Cama Compartilhada ou Montessoriana? - Universo Fam\u00edlia","description":"O Que Influencia no Sono do Beb\u00ea: Ber\u00e7o, Cama Compartilhada ou Montessoriana?","robots":{"index":"index","follow":"follow","max-snippet":"max-snippet:-1","max-image-preview":"max-image-preview:large","max-video-preview":"max-video-preview:-1"},"canonical":"http:\/\/universofamilia.com\/sk\/o-que-influencia-o-sono-do-bebe\/","og_locale":"sk_SK","og_type":"article","og_title":"O Que Influencia no Sono do Beb\u00ea | Ber\u00e7o, Cama Compartilhada ou Montessoriana? - Universo Fam\u00edlia","og_description":"O Que Influencia no Sono do Beb\u00ea: Ber\u00e7o, Cama Compartilhada ou Montessoriana?","og_url":"http:\/\/universofamilia.com\/sk\/o-que-influencia-o-sono-do-bebe\/","og_site_name":"Universo Fam\u00edlia","article_published_time":"2023-06-05T13:43:39+00:00","og_image":[{"width":448,"height":350,"url":"http:\/\/universofamilia.com\/wp-content\/uploads\/sites\/148\/2023\/06\/FOTO-DESTAQUE-DIFICULDADE-DE-OUVIRDIFICULDADE-DE-DORMIR-universo-familia-448x350-1.png","type":"image\/png"}],"twitter_card":"summary_large_image","twitter_misc":{"Est. reading time":"5 min\u00fat"},"schema":{"@context":"https:\/\/schema.org","@graph":[{"@type":"WebPage","@id":"http:\/\/universofamilia.com\/ja\/o-que-influencia-o-sono-do-bebe\/","url":"http:\/\/universofamilia.com\/ja\/o-que-influencia-o-sono-do-bebe\/","name":"O Que Influencia no Sono do Beb\u00ea | Ber\u00e7o, Cama Compartilhada ou Montessoriana? - Universo Fam\u00edlia","isPartOf":{"@id":"https:\/\/universofamilia.com\/el\/#website"},"primaryImageOfPage":{"@id":"http:\/\/universofamilia.com\/ja\/o-que-influencia-o-sono-do-bebe\/#primaryimage"},"image":{"@id":"http:\/\/universofamilia.com\/ja\/o-que-influencia-o-sono-do-bebe\/#primaryimage"},"thumbnailUrl":"https:\/\/universofamilia.com\/wp-content\/uploads\/sites\/148\/2023\/06\/FOTO-DESTAQUE-DIFICULDADE-DE-OUVIRDIFICULDADE-DE-DORMIR-universo-familia-448x350-1.png","datePublished":"2023-06-05T13:43:39+00:00","dateModified":"2023-06-05T13:43:39+00:00","author":{"@id":""},"description":"O Que Influencia no Sono do Beb\u00ea: Ber\u00e7o, Cama Compartilhada ou Montessoriana?","breadcrumb":{"@id":"http:\/\/universofamilia.com\/ja\/o-que-influencia-o-sono-do-bebe\/#breadcrumb"},"inLanguage":"sk-SK","potentialAction":[{"@type":"ReadAction","target":["http:\/\/universofamilia.com\/ja\/o-que-influencia-o-sono-do-bebe\/"]}]},{"@type":"ImageObject","inLanguage":"sk-SK","@id":"http:\/\/universofamilia.com\/ja\/o-que-influencia-o-sono-do-bebe\/#primaryimage","url":"https:\/\/universofamilia.com\/wp-content\/uploads\/sites\/148\/2023\/06\/FOTO-DESTAQUE-DIFICULDADE-DE-OUVIRDIFICULDADE-DE-DORMIR-universo-familia-448x350-1.png","contentUrl":"https:\/\/universofamilia.com\/wp-content\/uploads\/sites\/148\/2023\/06\/FOTO-DESTAQUE-DIFICULDADE-DE-OUVIRDIFICULDADE-DE-DORMIR-universo-familia-448x350-1.png","width":448,"height":350},{"@type":"BreadcrumbList","@id":"http:\/\/universofamilia.com\/ja\/o-que-influencia-o-sono-do-bebe\/#breadcrumb","itemListElement":[{"@type":"ListItem","position":1,"name":"Home","item":"https:\/\/universofamilia.com\/el\/"},{"@type":"ListItem","position":2,"name":"O Que Influencia no Sono do Beb\u00ea | Ber\u00e7o, Cama Compartilhada ou Montessoriana?"}]},{"@type":"WebSite","@id":"https:\/\/universofamilia.com\/el\/#website","url":"https:\/\/universofamilia.com\/el\/","name":"Universo Fam\u00edlia","description":"","potentialAction":[{"@type":"SearchAction","target":{"@type":"EntryPoint","urlTemplate":"https:\/\/universofamilia.com\/el\/?s={search_term_string}"},"query-input":"required name=search_term_string"}],"inLanguage":"sk-SK"}]}},"_links":{"self":[{"href":"https:\/\/universofamilia.com\/sk\/wp-json\/wp\/v2\/posts\/2227"}],"collection":[{"href":"https:\/\/universofamilia.com\/sk\/wp-json\/wp\/v2\/posts"}],"about":[{"href":"https:\/\/universofamilia.com\/sk\/wp-json\/wp\/v2\/types\/post"}],"replies":[{"embeddable":true,"href":"https:\/\/universofamilia.com\/sk\/wp-json\/wp\/v2\/comments?post=2227"}],"version-history":[{"count":0,"href":"https:\/\/universofamilia.com\/sk\/wp-json\/wp\/v2\/posts\/2227\/revisions"}],"wp:featuredmedia":[{"embeddable":true,"href":"https:\/\/universofamilia.com\/sk\/wp-json\/wp\/v2\/media\/2234"}],"wp:attachment":[{"href":"https:\/\/universofamilia.com\/sk\/wp-json\/wp\/v2\/media?parent=2227"}],"wp:term":[{"taxonomy":"category","embeddable":true,"href":"https:\/\/universofamilia.com\/sk\/wp-json\/wp\/v2\/categories?post=2227"},{"taxonomy":"post_tag","embeddable":true,"href":"https:\/\/universofamilia.com\/sk\/wp-json\/wp\/v2\/tags?post=2227"}],"curies":[{"name":"wp","href":"https:\/\/api.w.org\/{rel}","templated":true}]}}