{"id":2309,"date":"2023-06-08T17:15:12","date_gmt":"2023-06-08T20:15:12","guid":{"rendered":"https:\/\/universofamilia.com\/?p=2309"},"modified":"2023-06-08T17:15:12","modified_gmt":"2023-06-08T20:15:12","slug":"a-importancia-de-comemorar-o-dia-dos-namorados","status":"publish","type":"post","link":"https:\/\/universofamilia.com\/sk\/a-importancia-de-comemorar-o-dia-dos-namorados\/","title":{"rendered":"D\u00f4le\u017eitos\u0165 oslavy Valent\u00edna"},"content":{"rendered":"<p>D\u00f4le\u017eitos\u0165 pripom\u00ednania si Valent\u00edna. Valent\u00edn je \u0161peci\u00e1lny de\u0148, ktor\u00fd oslavuje l\u00e1sku a jednotu medzi rodinami.<\/p>\n\n\n\n<p>Upozor\u0148ujeme, \u017ee niektor\u00ed \u013eudia to m\u00f4\u017eu pova\u017eova\u0165 len za komer\u010dn\u00fd sviatok, v skuto\u010dnosti m\u00f4\u017ee ma\u0165 pripom\u00ednanie si tohto d\u00e1tumu v\u00fdznamn\u00fd vplyv na vz\u0165ahy.<\/p>\n\n\n\n<p>V tomto \u010dl\u00e1nku sa budeme venova\u0165 d\u00f4le\u017eitosti oslavy Valent\u00edna a tomu, ako t\u00e1to oslava m\u00f4\u017ee posilni\u0165 puto medzi vami a va\u0161\u00edm partnerom\/partnerkou.<\/p>\n\n\n\n<h4 class=\"wp-block-heading\">Pre\u010d\u00edtajte si tie\u017e:<\/h4>\n\n\n\n<p><a href=\"https:\/\/universofamilia.com\/sk\/como-surpreender-minha-esposa-no-casamento-dicas-para-criar-memorias-inesqueciveis\/\" target=\"_blank\" rel=\"noreferrer noopener\">Ako prekvapi\u0165 man\u017eelku v man\u017eelstve: V\u00fdroky na vyvolanie nezvy\u010dajn\u00fdch spomienok<\/a><\/p>\n\n\n\n<p><a href=\"https:\/\/universofamilia.com\/sk\/planejamento-financeiro-familiar\/\" target=\"_blank\" rel=\"noreferrer noopener\">Pl\u00e1novanie rodinn\u00fdch financi\u00ed: Zaistite prosperuj\u00facu bud\u00facnos\u0165 pre va\u0161u rodinu<\/a><\/p>\n\n\n\n<p><a href=\"https:\/\/universofamilia.com\/sk\/10-dicas-para-manter-um-relacionamento-saudavel\/\" target=\"_blank\" rel=\"noreferrer noopener\">10 tipov na udr\u017eanie saud\u00e1velovsk\u00e9ho vz\u0165ahu<\/a><\/p>\n\n\n\n<h3 class=\"wp-block-heading\">Prejavte l\u00e1sku a v\u010fa\u010dnos\u0165<\/h3>\n\n\n<div class=\"wp-block-image\">\n<figure class=\"aligncenter size-full\"><img loading=\"lazy\" decoding=\"async\" width=\"800\" height=\"560\" src=\"http:\/\/universofamilia.com\/wp-content\/uploads\/sites\/148\/2023\/06\/POST-DIA-DOS-NAMORADOS-UNIVERSO-FAMILIA-8.png\" alt=\"\" class=\"wp-image-2320\" srcset=\"https:\/\/universofamilia.com\/wp-content\/uploads\/sites\/148\/2023\/06\/POST-DIA-DOS-NAMORADOS-UNIVERSO-FAMILIA-8.png 800w, https:\/\/universofamilia.com\/wp-content\/uploads\/sites\/148\/2023\/06\/POST-DIA-DOS-NAMORADOS-UNIVERSO-FAMILIA-8-300x210.png 300w, https:\/\/universofamilia.com\/wp-content\/uploads\/sites\/148\/2023\/06\/POST-DIA-DOS-NAMORADOS-UNIVERSO-FAMILIA-8-768x538.png 768w\" sizes=\"(max-width: 800px) 100vw, 800px\" \/><figcaption class=\"wp-element-caption\"><em>Foto: (reprodukcia\/internet)<\/em><\/figcaption><\/figure><\/div>\n\n\n<p>Oslava Valent\u00edna je ide\u00e1lnou pr\u00edle\u017eitos\u0165ou na vyjadrenie l\u00e1sky a v\u010faky v\u00e1\u0161mu partnerovi.<\/p>\n\n\n\n<p>T\u00fdm, \u017ee venujete \u010das a \u00fasilie pl\u00e1novaniu nie\u010doho \u0161peci\u00e1lneho, ukazujete, \u017ee si cen\u00edte vz\u0165ah a z\u00e1le\u017e\u00ed v\u00e1m na \u013eu\u010foch, ktor\u00fdch milujete.<\/p>\n\n\n\n<p>Romantick\u00e9 gest\u00e1, ako s\u00fa starostlivo vybran\u00e9 dar\u010deky, \u013e\u00fabostn\u00e9 listy a romantick\u00e9 prekvapenia, m\u00f4\u017eu v\u00e1\u0161mu partnerovi da\u0165 pocit, \u017ee je milovan\u00fd a cenen\u00fd.<\/p>\n\n\n\n<h3 class=\"wp-block-heading\">Posilni\u0165 emocion\u00e1lne prepojenie<\/h3>\n\n\n<div class=\"wp-block-image\">\n<figure class=\"aligncenter size-full\"><img loading=\"lazy\" decoding=\"async\" width=\"800\" height=\"560\" src=\"http:\/\/universofamilia.com\/wp-content\/uploads\/sites\/148\/2023\/06\/POST-DIA-DOS-NAMORADOS-UNIVERSO-FAMILIA-1-1.png\" alt=\"\" class=\"wp-image-2313\" srcset=\"https:\/\/universofamilia.com\/wp-content\/uploads\/sites\/148\/2023\/06\/POST-DIA-DOS-NAMORADOS-UNIVERSO-FAMILIA-1-1.png 800w, https:\/\/universofamilia.com\/wp-content\/uploads\/sites\/148\/2023\/06\/POST-DIA-DOS-NAMORADOS-UNIVERSO-FAMILIA-1-1-300x210.png 300w, https:\/\/universofamilia.com\/wp-content\/uploads\/sites\/148\/2023\/06\/POST-DIA-DOS-NAMORADOS-UNIVERSO-FAMILIA-1-1-768x538.png 768w\" sizes=\"(max-width: 800px) 100vw, 800px\" \/><figcaption class=\"wp-element-caption\"><em>Foto: (reprodukcia\/internet)<\/em><\/figcaption><\/figure><\/div>\n\n\n<p>Oslava Valent\u00edna pon\u00faka \u0161ancu na posilnenie citov\u00e9ho puta medzi za\u013e\u00fabencami.<\/p>\n\n\n\n<p>Ak chcete spolu str\u00e1vi\u0165 kvalitn\u00fd \u010das, zdie\u013ea\u0165 z\u00e1\u017eitky a vytv\u00e1ra\u0165 \u0161\u0165astn\u00e9 spomienky, vytvor\u00edte si hlb\u0161ie puto.<\/p>\n\n\n\n<p>Toto posilnen\u00e9 emocion\u00e1lne puto v\u00e1m m\u00f4\u017ee pom\u00f4c\u0165 \u010deli\u0165 v\u00fdzvam vo vz\u0165ahoch a podpori\u0165 otvorenej\u0161iu a \u00faprimnej\u0161iu komunik\u00e1ciu.<\/p>\n\n\n\n<h3 class=\"wp-block-heading\">Obnovi\u0165 mier a romantiku<\/h3>\n\n\n<div class=\"wp-block-image\">\n<figure class=\"aligncenter size-full\"><img loading=\"lazy\" decoding=\"async\" width=\"800\" height=\"560\" src=\"http:\/\/universofamilia.com\/wp-content\/uploads\/sites\/148\/2023\/06\/POST-DIA-DOS-NAMORADOS-UNIVERSO-FAMILIA-4.png\" alt=\"\" class=\"wp-image-2316\" srcset=\"https:\/\/universofamilia.com\/wp-content\/uploads\/sites\/148\/2023\/06\/POST-DIA-DOS-NAMORADOS-UNIVERSO-FAMILIA-4.png 800w, https:\/\/universofamilia.com\/wp-content\/uploads\/sites\/148\/2023\/06\/POST-DIA-DOS-NAMORADOS-UNIVERSO-FAMILIA-4-300x210.png 300w, https:\/\/universofamilia.com\/wp-content\/uploads\/sites\/148\/2023\/06\/POST-DIA-DOS-NAMORADOS-UNIVERSO-FAMILIA-4-768x538.png 768w\" sizes=\"(max-width: 800px) 100vw, 800px\" \/><figcaption class=\"wp-element-caption\"><em>Foto: (reprodukcia\/internet)<\/em><\/figcaption><\/figure><\/div>\n\n\n<p>V ka\u017edodennej rutine to m\u00f4\u017ee mnohokr\u00e1t zn\u00ed\u017ei\u0165 l\u00e1sku k romantike vo vz\u0165ahu. Oslava Valent\u00edna je pr\u00edle\u017eitos\u0165ou na obnovenie l\u00e1sky a romantiky.<\/p>\n\n\n\n<p>Pl\u00e1novanie romantickej ve\u010dere pri svie\u010dkach, rezerv\u00e1cia v\u00edkendu na \u0161peci\u00e1lnom mieste alebo dokonca vytvorenie pl\u00e1novan\u00e9ho menu m\u00f4\u017ee pom\u00f4c\u0165 o\u017eivi\u0165 \u013e\u00fabostn\u00fd pr\u00edbeh.<\/p>\n\n\n\n<p>Tieto v\u00fdnimo\u010dn\u00e9 momenty mo\u017eno vysledova\u0165 a\u017e k po\u010diato\u010dn\u00e9mu opr\u00e1\u0161eniu vz\u0165ahu a udr\u017eaniu romantiky pri \u017eivote.<\/p>\n\n\n\n<h3 class=\"wp-block-heading\">Vytvorte si trval\u00e9 spomienky<\/h3>\n\n\n\n<p>Ke\u010f\u017ee lembran\u00e7as s\u00fa poklady, ktor\u00e9 si m\u00f4\u017eeme uchova\u0165 nav\u017edy, pripom\u00ednanie si Valent\u00edna v\u00e1m umo\u017e\u0148uje vytvori\u0165 si trval\u00e9 spomienky.<\/p>\n\n\n\n<p>\u010ci u\u017e je to nezabudnute\u013en\u00fd v\u00fdlet, vzru\u0161uj\u00face dobrodru\u017estvo alebo romantick\u00e1 noc doma, tieto v\u00fdnimo\u010dn\u00e9 chv\u00edle sa stan\u00fa s\u00fa\u010das\u0165ou hist\u00f3rie domu.<\/p>\n\n\n\n<p>V bud\u00facnosti, ke\u010f sa obzrieme sp\u00e4\u0165, tieto spomienky bud\u00fa vz\u00e1cnymi spomienkami, ktor\u00e9 v\u00e1s e\u0161te viac spoja.<\/p>\n\n\n\n<h3 class=\"wp-block-heading\">Uprednostnite vz\u0165ah<\/h3>\n\n\n<div class=\"wp-block-image\">\n<figure class=\"aligncenter size-full\"><img loading=\"lazy\" decoding=\"async\" width=\"800\" height=\"560\" src=\"http:\/\/universofamilia.com\/wp-content\/uploads\/sites\/148\/2023\/06\/POST-DIA-DOS-NAMORADOS-UNIVERSO-FAMILIA-2.png\" alt=\"\" class=\"wp-image-2310\" srcset=\"https:\/\/universofamilia.com\/wp-content\/uploads\/sites\/148\/2023\/06\/POST-DIA-DOS-NAMORADOS-UNIVERSO-FAMILIA-2.png 800w, https:\/\/universofamilia.com\/wp-content\/uploads\/sites\/148\/2023\/06\/POST-DIA-DOS-NAMORADOS-UNIVERSO-FAMILIA-2-300x210.png 300w, https:\/\/universofamilia.com\/wp-content\/uploads\/sites\/148\/2023\/06\/POST-DIA-DOS-NAMORADOS-UNIVERSO-FAMILIA-2-768x538.png 768w\" sizes=\"(max-width: 800px) 100vw, 800px\" \/><figcaption class=\"wp-element-caption\"><em>Foto: (reprodukcia\/internet)<\/em><\/figcaption><\/figure><\/div>\n\n\n<p>Utekanie zo d\u0148a na de\u0148 n\u00e1s mnohokr\u00e1t n\u00fati odsun\u00fa\u0165 n\u00e1\u0161 vz\u0165ah do \u00fazadia. Pripom\u00ednanie si Valent\u00edna je sp\u00f4sob, ako uprednostni\u0165 vz\u0165ahy a venova\u0165 exkluz\u00edvny \u010das svojmu partnerovi.<\/p>\n\n\n\n<p>Je to pr\u00edle\u017eitos\u0165 znovu sa spoji\u0165, prehodnoti\u0165 priority a potvrdi\u0165 v\u00e1\u0161 vz\u00e1jomn\u00fd z\u00e1v\u00e4zok.<\/p>\n\n\n\n<p>Investovan\u00edm \u010dasu do kvality ukazujete svojmu partnerovi, \u017ee je d\u00f4le\u017eit\u00fd a \u017ee si v\u00e1\u0161 vz\u0165ah zasl\u00fa\u017ei neust\u00e1lu pozornos\u0165 a starostlivos\u0165.<\/p>\n\n\n\n<h3 class=\"wp-block-heading\">N\u00e1vrh dar\u010dekov<\/h3>\n\n\n\n<h4 class=\"wp-block-heading\">Pre n\u00e1s \u013eud\u00ed<\/h4>\n\n\n<div class=\"wp-block-image\">\n<figure class=\"aligncenter size-full\"><img loading=\"lazy\" decoding=\"async\" width=\"800\" height=\"560\" src=\"http:\/\/universofamilia.com\/wp-content\/uploads\/sites\/148\/2023\/06\/POST-DIA-DOS-NAMORADOS-UNIVERSO-FAMILIA-7-1.png\" alt=\"\" class=\"wp-image-2319\" srcset=\"https:\/\/universofamilia.com\/wp-content\/uploads\/sites\/148\/2023\/06\/POST-DIA-DOS-NAMORADOS-UNIVERSO-FAMILIA-7-1.png 800w, https:\/\/universofamilia.com\/wp-content\/uploads\/sites\/148\/2023\/06\/POST-DIA-DOS-NAMORADOS-UNIVERSO-FAMILIA-7-1-300x210.png 300w, https:\/\/universofamilia.com\/wp-content\/uploads\/sites\/148\/2023\/06\/POST-DIA-DOS-NAMORADOS-UNIVERSO-FAMILIA-7-1-768x538.png 768w\" sizes=\"(max-width: 800px) 100vw, 800px\" \/><figcaption class=\"wp-element-caption\"><em>Foto: (reprodukcia\/internet)<\/em><\/figcaption><\/figure><\/div>\n\n\n<p><strong>Hodiny<\/strong>Elegantn\u00e9 a sofistikovan\u00e9 hodinky a klasick\u00fd dar\u010dek pre mu\u017eov. Okrem funk\u010dnosti s\u00fa aj doplnkom, ktor\u00fd dop\u013a\u0148a vizu\u00e1lnu str\u00e1nku a vyjadruje \u0161t\u00fdl.<\/p>\n\n\n\n<p><strong>Sada na holenie<\/strong>Pre mu\u017eov, ktor\u00ed sa radi staraj\u00fa o svoj vzh\u013ead, je ob\u013e\u00fabenou vo\u013ebou sada na bradu. M\u00f4\u017ee obsahova\u0165 kefu na bradu, kvalitn\u00fd kr\u00e9m na bradu, kefu na bradu a \u010fal\u0161ie produkty starostlivosti o vlasy.<\/p>\n\n\n\n<p><strong>Elektronika<\/strong>Mnoho dom\u00e1cnost\u00ed oce\u0148uje dar\u010deky s\u00favisiace s technol\u00f3giami, ako s\u00fa bezdr\u00f4tov\u00e9 sl\u00fachadl\u00e1, elektronick\u00e9 zariadenia alebo dokonca nov\u00fd smartf\u00f3n \u010di tablet.<\/p>\n\n\n\n<h4 class=\"wp-block-heading\">Pre \u017eeny<\/h4>\n\n\n<div class=\"wp-block-image\">\n<figure class=\"aligncenter size-full\"><img loading=\"lazy\" decoding=\"async\" width=\"800\" height=\"560\" src=\"http:\/\/universofamilia.com\/wp-content\/uploads\/sites\/148\/2023\/06\/POST-DIA-DOS-NAMORADOS-UNIVERSO-FAMILIA-6.png\" alt=\"\" class=\"wp-image-2318\" srcset=\"https:\/\/universofamilia.com\/wp-content\/uploads\/sites\/148\/2023\/06\/POST-DIA-DOS-NAMORADOS-UNIVERSO-FAMILIA-6.png 800w, https:\/\/universofamilia.com\/wp-content\/uploads\/sites\/148\/2023\/06\/POST-DIA-DOS-NAMORADOS-UNIVERSO-FAMILIA-6-300x210.png 300w, https:\/\/universofamilia.com\/wp-content\/uploads\/sites\/148\/2023\/06\/POST-DIA-DOS-NAMORADOS-UNIVERSO-FAMILIA-6-768x538.png 768w\" sizes=\"(max-width: 800px) 100vw, 800px\" \/><figcaption class=\"wp-element-caption\"><em>Foto: (reprodukcia\/internet)<\/em><\/figcaption><\/figure><\/div>\n\n\n<p><strong>\u0160perky<\/strong>\u0160perk je klasick\u00fd a nad\u010dasov\u00fd dar\u010dek pre \u017eeny. M\u00f4\u017ee to by\u0165 n\u00e1ramok, pr\u00edvesok, n\u00e1ramok alebo prste\u0148, vybran\u00fd pod\u013ea \u0161t\u00fdlu a preferenci\u00ed danej osoby.<\/p>\n\n\n\n<p><strong>Parfumy<\/strong>Kvalitn\u00fd parfum je v\u017edy ob\u013e\u00fabenou vo\u013ebou pre prezent\u00e1ciu \u017eien. Je to sp\u00f4sob vyjadrenia elegancie a sofistikovanosti a z\u00e1rove\u0148 poskytuje jedine\u010dn\u00fd zmyslov\u00fd z\u00e1\u017eitok.<\/p>\n\n\n\n<p><strong>K\u00fapele alebo kozmetick\u00e1 lie\u010dba<\/strong>Dar\u010dek, ktor\u00fd \u017eene umo\u017en\u00ed relaxova\u0165, stara\u0165 sa o seba a v\u017edy by\u0165 v pohode. M\u00f4\u017ee to by\u0165 pouk\u00e1\u017eka na de\u0148 v k\u00fape\u013eoch, relaxa\u010dn\u00fa mas\u00e1\u017e alebo kozmetick\u00e9 o\u0161etrenie v renomovanom sal\u00f3ne.<\/p>\n\n\n\n<p>Je d\u00f4le\u017eit\u00e9 zd\u00f4razni\u0165, \u017ee toto s\u00fa len pr\u00edklady be\u017en\u00fdch dar\u010dekov, v\u00fdber ide\u00e1lneho dar\u010deka mus\u00ed zoh\u013eadni\u0165 individu\u00e1lny vkus ka\u017edej osoby.<\/p>\n\n\n\n<h3 class=\"wp-block-heading\">Z\u00e1ver<\/h3>\n\n\n\n<p>Stru\u010dne povedan\u00e9, pripom\u00ednanie si D\u0148a l\u00e1sky vo vz\u0165ahoch medzi domami je ove\u013ea viac ne\u017e len oby\u010dajn\u00fd kalend\u00e1rny d\u00e1tum.<\/p>\n\n\n\n<p>Je to pr\u00edle\u017eitos\u0165 prejavi\u0165 l\u00e1sku a v\u010fa\u010dnos\u0165, posilni\u0165 emocion\u00e1lne puto, obnovi\u0165 l\u00e1sku a romantiku, vytvori\u0165 si trval\u00e9 spomienky a uprednostni\u0165 vz\u0165ahy.<\/p>\n\n\n\n<p>Venovan\u00edm \u010dasu a \u00fasilia oslave tohto v\u00fdnimo\u010dn\u00e9ho d\u00e1tumu posiln\u00edte svoje v\u00e4zby s partnermi a vybudujete si zdrav\u0161\u00ed a \u0161\u0165astnej\u0161\u00ed vz\u0165ah.<\/p>\n\n\n\n<p>Poznajte tie\u017e\u00a0<a href=\"https:\/\/www.luzbaby.com.br\/\" target=\"_blank\" rel=\"noreferrer noopener\">Luz Baby je jeden z najlep\u0161\u00edch obchodov s detsk\u00fdmi potrebami. Kliknite sem.<\/a><\/p>","protected":false},"excerpt":{"rendered":"<p>D\u00f4le\u017eitos\u0165 pripom\u00ednania si Valent\u00edna. Valent\u00edn je \u0161peci\u00e1lny de\u0148, ktor\u00fd oslavuje l\u00e1sku a jednotu medzi rodinami.<\/p>\n<p>Upozor\u0148ujeme, \u017ee niektor\u00ed \u013eudia to m\u00f4\u017eu pova\u017eova\u0165 len za komer\u010dn\u00fd sviatok, v skuto\u010dnosti m\u00f4\u017ee ma\u0165 pripom\u00ednanie si tohto d\u00e1tumu v\u00fdznamn\u00fd vplyv na vz\u0165ahy.<\/p>\n<p>V tomto \u010dl\u00e1nku sa budeme venova\u0165 d\u00f4le\u017eitosti oslavy Valent\u00edna a tomu, ako t\u00e1to oslava m\u00f4\u017ee posilni\u0165 puto medzi vami a va\u0161\u00edm partnerom\/partnerkou.<\/p>","protected":false},"author":0,"featured_media":2321,"comment_status":"closed","ping_status":"open","sticky":false,"template":"","format":"standard","meta":{"footnotes":""},"categories":[5],"tags":[29,772,1406],"yoast_head":"<!-- This site is optimized with the Yoast SEO plugin v23.3 - https:\/\/yoast.com\/wordpress\/plugins\/seo\/ -->\n<title>A import\u00e2ncia de comemorar o dia dos Namorados - Universo Fam\u00edlia<\/title>\n<meta name=\"description\" content=\"A import\u00e2ncia de comemorar o dia dos NamoradosO dia dos Namorados \u00e9 uma data especial que celebra o amor e a uni\u00e3o entre casais.\" \/>\n<meta name=\"robots\" content=\"index, follow, max-snippet:-1, max-image-preview:large, max-video-preview:-1\" \/>\n<link rel=\"canonical\" href=\"https:\/\/universofamilia.com\/sk\/a-importancia-de-comemorar-o-dia-dos-namorados\/\" \/>\n<meta property=\"og:locale\" content=\"sk_SK\" \/>\n<meta property=\"og:type\" content=\"article\" \/>\n<meta property=\"og:title\" content=\"A import\u00e2ncia de comemorar o dia dos Namorados - Universo Fam\u00edlia\" \/>\n<meta property=\"og:description\" content=\"A import\u00e2ncia de comemorar o dia dos NamoradosO dia dos Namorados \u00e9 uma data especial que celebra o amor e a uni\u00e3o entre casais.\" \/>\n<meta property=\"og:url\" content=\"https:\/\/universofamilia.com\/sk\/a-importancia-de-comemorar-o-dia-dos-namorados\/\" \/>\n<meta property=\"og:site_name\" content=\"Universo Fam\u00edlia\" \/>\n<meta property=\"article:published_time\" content=\"2023-06-08T20:15:12+00:00\" \/>\n<meta property=\"og:image\" content=\"https:\/\/universofamilia.com\/wp-content\/uploads\/sites\/148\/2023\/06\/FOTO-DESTAQUE-Como-Surpreender-Minha-Esposa-universo-familia-448x350-1-1.png\" \/>\n\t<meta property=\"og:image:width\" content=\"448\" \/>\n\t<meta property=\"og:image:height\" content=\"350\" \/>\n\t<meta property=\"og:image:type\" content=\"image\/png\" \/>\n<meta name=\"twitter:card\" content=\"summary_large_image\" \/>\n<meta name=\"twitter:label1\" content=\"Est. reading time\" \/>\n\t<meta name=\"twitter:data1\" content=\"6 min\u00fat\" \/>\n<script type=\"application\/ld+json\" class=\"yoast-schema-graph\">{\"@context\":\"https:\/\/schema.org\",\"@graph\":[{\"@type\":\"WebPage\",\"@id\":\"https:\/\/universofamilia.com\/id\/a-importancia-de-comemorar-o-dia-dos-namorados\/\",\"url\":\"https:\/\/universofamilia.com\/id\/a-importancia-de-comemorar-o-dia-dos-namorados\/\",\"name\":\"A import\u00e2ncia de comemorar o dia dos Namorados - Universo Fam\u00edlia\",\"isPartOf\":{\"@id\":\"http:\/\/universofamilia.com\/zh_hk\/#website\"},\"primaryImageOfPage\":{\"@id\":\"https:\/\/universofamilia.com\/id\/a-importancia-de-comemorar-o-dia-dos-namorados\/#primaryimage\"},\"image\":{\"@id\":\"https:\/\/universofamilia.com\/id\/a-importancia-de-comemorar-o-dia-dos-namorados\/#primaryimage\"},\"thumbnailUrl\":\"https:\/\/universofamilia.com\/wp-content\/uploads\/sites\/148\/2023\/06\/FOTO-DESTAQUE-Como-Surpreender-Minha-Esposa-universo-familia-448x350-1-1.png\",\"datePublished\":\"2023-06-08T20:15:12+00:00\",\"dateModified\":\"2023-06-08T20:15:12+00:00\",\"author\":{\"@id\":\"\"},\"description\":\"A import\u00e2ncia de comemorar o dia dos NamoradosO dia dos Namorados \u00e9 uma data especial que celebra o amor e a uni\u00e3o entre casais.\",\"breadcrumb\":{\"@id\":\"https:\/\/universofamilia.com\/id\/a-importancia-de-comemorar-o-dia-dos-namorados\/#breadcrumb\"},\"inLanguage\":\"sk-SK\",\"potentialAction\":[{\"@type\":\"ReadAction\",\"target\":[\"https:\/\/universofamilia.com\/id\/a-importancia-de-comemorar-o-dia-dos-namorados\/\"]}]},{\"@type\":\"ImageObject\",\"inLanguage\":\"sk-SK\",\"@id\":\"https:\/\/universofamilia.com\/id\/a-importancia-de-comemorar-o-dia-dos-namorados\/#primaryimage\",\"url\":\"https:\/\/universofamilia.com\/wp-content\/uploads\/sites\/148\/2023\/06\/FOTO-DESTAQUE-Como-Surpreender-Minha-Esposa-universo-familia-448x350-1-1.png\",\"contentUrl\":\"https:\/\/universofamilia.com\/wp-content\/uploads\/sites\/148\/2023\/06\/FOTO-DESTAQUE-Como-Surpreender-Minha-Esposa-universo-familia-448x350-1-1.png\",\"width\":448,\"height\":350},{\"@type\":\"BreadcrumbList\",\"@id\":\"https:\/\/universofamilia.com\/id\/a-importancia-de-comemorar-o-dia-dos-namorados\/#breadcrumb\",\"itemListElement\":[{\"@type\":\"ListItem\",\"position\":1,\"name\":\"Home\",\"item\":\"http:\/\/universofamilia.com\/zh_hk\/\"},{\"@type\":\"ListItem\",\"position\":2,\"name\":\"A import\u00e2ncia de comemorar o dia dos Namorados\"}]},{\"@type\":\"WebSite\",\"@id\":\"http:\/\/universofamilia.com\/zh_hk\/#website\",\"url\":\"http:\/\/universofamilia.com\/zh_hk\/\",\"name\":\"Universo Fam\u00edlia\",\"description\":\"\",\"potentialAction\":[{\"@type\":\"SearchAction\",\"target\":{\"@type\":\"EntryPoint\",\"urlTemplate\":\"http:\/\/universofamilia.com\/zh_hk\/?s={search_term_string}\"},\"query-input\":\"required name=search_term_string\"}],\"inLanguage\":\"sk-SK\"}]}<\/script>\n<!-- \/ Yoast SEO plugin. -->","yoast_head_json":{"title":"A import\u00e2ncia de comemorar o dia dos Namorados - Universo Fam\u00edlia","description":"A import\u00e2ncia de comemorar o dia dos NamoradosO dia dos Namorados \u00e9 uma data especial que celebra o amor e a uni\u00e3o entre casais.","robots":{"index":"index","follow":"follow","max-snippet":"max-snippet:-1","max-image-preview":"max-image-preview:large","max-video-preview":"max-video-preview:-1"},"canonical":"https:\/\/universofamilia.com\/sk\/a-importancia-de-comemorar-o-dia-dos-namorados\/","og_locale":"sk_SK","og_type":"article","og_title":"A import\u00e2ncia de comemorar o dia dos Namorados - Universo Fam\u00edlia","og_description":"A import\u00e2ncia de comemorar o dia dos NamoradosO dia dos Namorados \u00e9 uma data especial que celebra o amor e a uni\u00e3o entre casais.","og_url":"https:\/\/universofamilia.com\/sk\/a-importancia-de-comemorar-o-dia-dos-namorados\/","og_site_name":"Universo Fam\u00edlia","article_published_time":"2023-06-08T20:15:12+00:00","og_image":[{"width":448,"height":350,"url":"https:\/\/universofamilia.com\/wp-content\/uploads\/sites\/148\/2023\/06\/FOTO-DESTAQUE-Como-Surpreender-Minha-Esposa-universo-familia-448x350-1-1.png","type":"image\/png"}],"twitter_card":"summary_large_image","twitter_misc":{"Est. reading time":"6 min\u00fat"},"schema":{"@context":"https:\/\/schema.org","@graph":[{"@type":"WebPage","@id":"https:\/\/universofamilia.com\/id\/a-importancia-de-comemorar-o-dia-dos-namorados\/","url":"https:\/\/universofamilia.com\/id\/a-importancia-de-comemorar-o-dia-dos-namorados\/","name":"A import\u00e2ncia de comemorar o dia dos Namorados - Universo Fam\u00edlia","isPartOf":{"@id":"http:\/\/universofamilia.com\/zh_hk\/#website"},"primaryImageOfPage":{"@id":"https:\/\/universofamilia.com\/id\/a-importancia-de-comemorar-o-dia-dos-namorados\/#primaryimage"},"image":{"@id":"https:\/\/universofamilia.com\/id\/a-importancia-de-comemorar-o-dia-dos-namorados\/#primaryimage"},"thumbnailUrl":"https:\/\/universofamilia.com\/wp-content\/uploads\/sites\/148\/2023\/06\/FOTO-DESTAQUE-Como-Surpreender-Minha-Esposa-universo-familia-448x350-1-1.png","datePublished":"2023-06-08T20:15:12+00:00","dateModified":"2023-06-08T20:15:12+00:00","author":{"@id":""},"description":"A import\u00e2ncia de comemorar o dia dos NamoradosO dia dos Namorados \u00e9 uma data especial que celebra o amor e a uni\u00e3o entre casais.","breadcrumb":{"@id":"https:\/\/universofamilia.com\/id\/a-importancia-de-comemorar-o-dia-dos-namorados\/#breadcrumb"},"inLanguage":"sk-SK","potentialAction":[{"@type":"ReadAction","target":["https:\/\/universofamilia.com\/id\/a-importancia-de-comemorar-o-dia-dos-namorados\/"]}]},{"@type":"ImageObject","inLanguage":"sk-SK","@id":"https:\/\/universofamilia.com\/id\/a-importancia-de-comemorar-o-dia-dos-namorados\/#primaryimage","url":"https:\/\/universofamilia.com\/wp-content\/uploads\/sites\/148\/2023\/06\/FOTO-DESTAQUE-Como-Surpreender-Minha-Esposa-universo-familia-448x350-1-1.png","contentUrl":"https:\/\/universofamilia.com\/wp-content\/uploads\/sites\/148\/2023\/06\/FOTO-DESTAQUE-Como-Surpreender-Minha-Esposa-universo-familia-448x350-1-1.png","width":448,"height":350},{"@type":"BreadcrumbList","@id":"https:\/\/universofamilia.com\/id\/a-importancia-de-comemorar-o-dia-dos-namorados\/#breadcrumb","itemListElement":[{"@type":"ListItem","position":1,"name":"Home","item":"http:\/\/universofamilia.com\/zh_hk\/"},{"@type":"ListItem","position":2,"name":"A import\u00e2ncia de comemorar o dia dos Namorados"}]},{"@type":"WebSite","@id":"http:\/\/universofamilia.com\/zh_hk\/#website","url":"http:\/\/universofamilia.com\/zh_hk\/","name":"Universo Fam\u00edlia","description":"","potentialAction":[{"@type":"SearchAction","target":{"@type":"EntryPoint","urlTemplate":"http:\/\/universofamilia.com\/zh_hk\/?s={search_term_string}"},"query-input":"required name=search_term_string"}],"inLanguage":"sk-SK"}]}},"_links":{"self":[{"href":"https:\/\/universofamilia.com\/sk\/wp-json\/wp\/v2\/posts\/2309"}],"collection":[{"href":"https:\/\/universofamilia.com\/sk\/wp-json\/wp\/v2\/posts"}],"about":[{"href":"https:\/\/universofamilia.com\/sk\/wp-json\/wp\/v2\/types\/post"}],"replies":[{"embeddable":true,"href":"https:\/\/universofamilia.com\/sk\/wp-json\/wp\/v2\/comments?post=2309"}],"version-history":[{"count":0,"href":"https:\/\/universofamilia.com\/sk\/wp-json\/wp\/v2\/posts\/2309\/revisions"}],"wp:featuredmedia":[{"embeddable":true,"href":"https:\/\/universofamilia.com\/sk\/wp-json\/wp\/v2\/media\/2321"}],"wp:attachment":[{"href":"https:\/\/universofamilia.com\/sk\/wp-json\/wp\/v2\/media?parent=2309"}],"wp:term":[{"taxonomy":"category","embeddable":true,"href":"https:\/\/universofamilia.com\/sk\/wp-json\/wp\/v2\/categories?post=2309"},{"taxonomy":"post_tag","embeddable":true,"href":"https:\/\/universofamilia.com\/sk\/wp-json\/wp\/v2\/tags?post=2309"}],"curies":[{"name":"wp","href":"https:\/\/api.w.org\/{rel}","templated":true}]}}