{"id":2760,"date":"2023-06-18T21:39:10","date_gmt":"2023-06-19T00:39:10","guid":{"rendered":"https:\/\/universofamilia.com\/?p=2760"},"modified":"2025-10-05T22:57:48","modified_gmt":"2025-10-06T01:57:48","slug":"posso-utilizar-ar-condicionado-no-quarto-do-bebe","status":"publish","type":"post","link":"https:\/\/universofamilia.com\/sk\/posso-utilizar-ar-condicionado-no-quarto-do-bebe\/","title":{"rendered":"M\u00f4\u017eem pou\u017ei\u0165 kondicion\u00e9r v detskej izbe?"},"content":{"rendered":"<p>Ma\u0165 die\u0165a doma je neuverite\u013en\u00fd z\u00e1\u017eitok, ale z\u00e1rove\u0148 vyvol\u00e1va r\u00f4zne obavy pre va\u0161u krajinu.<\/p>\n\n\n\n<p>M\u00f4\u017eem pou\u017e\u00edva\u0165 klimatiz\u00e1ciu v detskej izbe? \u013dudia sa \u010dasto boja pou\u017e\u00edva\u0165 klimatizovan\u00fa klimatiz\u00e1ciu v bezpe\u010dnej detskej izbe.<\/p>\n\n\n\n<p>Pozrime sa na v\u00fdhody a starostlivos\u0165 spojen\u00fa s t\u00fdmto cie\u013eom, ako aj na v\u00fd\u0161ku a miesto vhodn\u00e9 na in\u0161tal\u00e1ciu spotrebi\u010da.<\/p>\n\n\n<div class=\"wp-block-image\">\n<figure class=\"aligncenter size-full\"><img loading=\"lazy\" decoding=\"async\" width=\"550\" height=\"350\" src=\"http:\/\/universofamilia.com\/wp-content\/uploads\/sites\/148\/2023\/06\/POST-ar-condicionado-universo-familia-2.png\" alt=\"\" class=\"wp-image-2762\" srcset=\"https:\/\/universofamilia.com\/wp-content\/uploads\/sites\/148\/2023\/06\/POST-ar-condicionado-universo-familia-2.png 550w, https:\/\/universofamilia.com\/wp-content\/uploads\/sites\/148\/2023\/06\/POST-ar-condicionado-universo-familia-2-300x191.png 300w\" sizes=\"(max-width: 550px) 100vw, 550px\" \/><figcaption class=\"wp-element-caption\"><em>Foto: (reprodukcia\/internet)<\/em><\/figcaption><\/figure><\/div>\n\n\n<h3 class=\"wp-block-heading\"><strong>V\u00fdhody pou\u017e\u00edvania klimatizovan\u00e9ho vzduchu v detskej izbe<\/strong><\/h3>\n\n\n\n<p><strong>Regul\u00e1cia teploty<\/strong>Klimatiz\u00e1cia pon\u00faka v\u00fdhodu regul\u00e1cie teploty v miestnosti, \u010d\u00edm zabezpe\u010duje, \u017ee detsk\u00e1 izba je v\u017edy pr\u00edjemn\u00e1, najm\u00e4 po\u010das chladnej\u0161\u00edch ro\u010dn\u00fdch obdob\u00ed.<\/p>\n\n\n\n<p>Udr\u017eiavanie vhodnej teploty m\u00f4\u017ee pom\u00f4c\u0165 podpori\u0165 pokojn\u00fd a pr\u00edjemn\u00fd zvuk pre va\u0161e die\u0165a.<\/p>\n\n\n\n<p><strong>Zn\u00ed\u017eenie vlhkosti<\/strong>Okrem regul\u00e1cie teploty alebo klimatiz\u00e1cie pom\u00e1ha aj zni\u017eova\u0165 vlhkos\u0165 okolia.<\/p>\n\n\n\n<p>Toto je obzvl\u00e1\u0161\u0165 d\u00f4le\u017eit\u00e9, aby sa zabr\u00e1nilo hromadeniu m\u00fach a rozto\u010dov, ktor\u00e9 m\u00f4\u017eu by\u0165 \u0161kodliv\u00e9 pre zdravie d\u00fdchac\u00edch ciest die\u0165a\u0165a.<\/p>\n\n\n\n<p><strong>Filtr\u00e1cia vzduchu<\/strong>Mnoh\u00e9 modely klimatizovan\u00fdch klimatiz\u00e1ci\u00ed maj\u00fa filtre, ktor\u00e9 pom\u00e1haj\u00fa \u010disti\u0165 vzduch, odstra\u0148uj\u00fa zne\u010distenie, pe\u013e a in\u00e9 alerg\u00e9ny, ktor\u00e9 m\u00f4\u017eu sp\u00f4sobi\u0165 d\u00fdchacie \u0165a\u017ekosti.<\/p>\n\n\n\n<p>Taktie\u017e je obzvl\u00e1\u0161\u0165 prospe\u0161n\u00fd pre deti, ktor\u00e9 maj\u00fa citliv\u00e9 d\u00fdchacie cesty alebo alergie.<\/p>\n\n\n\n<p>Leia tie\u017e <a href=\"https:\/\/universofamilia.com\/sk\/posso-utilizar-ventilador-no-quarto-do-bebe\/\" target=\"_blank\" rel=\"noreferrer noopener\">M\u00f4\u017eem pou\u017ei\u0165 ventil\u00e1tor v detskej izbe?<\/a><\/p>\n\n\n\n<h3 class=\"wp-block-heading\"><strong>Opatrnos\u0165 pri pou\u017e\u00edvan\u00ed klimatizovan\u00e9ho vzduchu v detskej izbe<\/strong><\/h3>\n\n\n\n<p><strong>Pravideln\u00e9 \u010distenie dvoch filtrov<\/strong>Pre zaru\u010denie kvality ovzdu\u0161ia je nevyhnutn\u00e9 pravidelne \u010disti\u0165 dva filtre klimatizovan\u00e9ho vzduchu.<\/p>\n\n\n\n<p>Toto opatrenie pom\u00e1ha predch\u00e1dza\u0165 hromadeniu zne\u010distenia a alerg\u00e9nov a zabezpe\u010duje zdrav\u00e9 prostredie pre va\u0161e die\u0165a.<\/p>\n\n\n\n<p><strong>Primeran\u00e1 teplota<\/strong>Je d\u00f4le\u017eit\u00e9 regulova\u0165 alebo udr\u017eiava\u0165 teplotu na vhodnej teplote pre die\u0165a.<\/p>\n\n\n\n<p>Odpor\u00fa\u010da sa udr\u017eiava\u0165 teplotu medzi 23 \u00b0C a 25 \u00b0C, aby sa zabezpe\u010dil tepeln\u00fd komfort aj v pr\u00edpade ve\u013emi chladn\u00e9ho prostredia.<\/p>\n\n\n\n<p><strong>Vyhnite sa priamemu pr\u00fadeniu vzduchu<\/strong>Klimatiz\u00e1ciu umiestnite tak, aby pr\u00fad vzduchu nedosiahol priamo miesto, kde die\u0165a sp\u00ed.<\/p>\n\n\n\n<p>M\u00f4\u017ee to tie\u017e sp\u00f4sobi\u0165 d\u00fdchacie \u0165a\u017ekosti alebo dokonca prechladnutie.<\/p>\n\n\n\n<h3 class=\"wp-block-heading\"><strong>V\u00fd\u0161ka a umiestnenie ochorenia v detskej izbe<\/strong><\/h3>\n\n\n\n<p>Pri in\u0161tal\u00e1cii alebo klimatiz\u00e1cii detskej izby je d\u00f4le\u017eit\u00e9 zv\u00e1\u017ei\u0165 v\u00fd\u0161ku a spr\u00e1vne umiestnenie. Tu je nieko\u013eko tipov, ktor\u00e9 treba dodr\u017eiava\u0165:<\/p>\n\n\n\n<p><strong>Ide\u00e1lna v\u00fd\u0161ka<\/strong>Nain\u0161talujte alebo umiestnite v bezpe\u010dnej v\u00fd\u0161ke mimo dosahu die\u0165a\u0165a. Odpor\u00fa\u010dan\u00e1 v\u00fd\u0161ka je pribli\u017ene 1,8 metra od stropu.<\/p>\n\n\n\n<p>T\u00fdm sa zabr\u00e1ni die\u0165a\u0165u v pr\u00edstupe k spotrebi\u010du a pred\u00edde sa mo\u017en\u00fdm nehod\u00e1m.<\/p>\n\n\n<div class=\"wp-block-image\">\n<figure class=\"aligncenter size-full\"><img loading=\"lazy\" decoding=\"async\" width=\"550\" height=\"350\" src=\"http:\/\/universofamilia.com\/wp-content\/uploads\/sites\/148\/2023\/06\/POST-ar-condicionado-universo-familia-.png\" alt=\"\" class=\"wp-image-2763\" srcset=\"https:\/\/universofamilia.com\/wp-content\/uploads\/sites\/148\/2023\/06\/POST-ar-condicionado-universo-familia-.png 550w, https:\/\/universofamilia.com\/wp-content\/uploads\/sites\/148\/2023\/06\/POST-ar-condicionado-universo-familia--300x191.png 300w\" sizes=\"(max-width: 550px) 100vw, 550px\" \/><figcaption class=\"wp-element-caption\"><em>Foto: (reprodukcia\/internet)<\/em><\/figcaption><\/figure><\/div>\n\n\n<p><strong>Vzdialenos\u0165 od ber\u00e7o<\/strong>Uistite sa, \u017ee klimatiz\u00e1cia je umiestnen\u00e1 v bezpe\u010dnej vzdialenosti od z\u00e1kladne.<\/p>\n\n\n\n<p>Vyhnite sa umiestneniu pr\u00edli\u0161 ve\u013ek\u00e9ho mno\u017estva alebo pr\u00edli\u0161 bl\u00edzko k vzduchu alebo priamemu pr\u00fadeniu vzduchu, ktor\u00e9 by mohlo v\u00e1\u0161mu die\u0165a\u0165u sp\u00f4sobi\u0165 nepr\u00edjemn\u00e9 pocity po\u010das sp\u00e1nku.<\/p>\n\n\n\n<p><strong>Vyhnite sa prek\u00e1\u017ekam<\/strong>Uistite sa, \u017ee \u017eiadne predmety nebr\u00e1nia pr\u00fadeniu upraven\u00e9ho tepla.<\/p>\n\n\n\n<p>Taktie\u017e udr\u017eujte okolo spotrebi\u010da vo\u013en\u00fd priestor, aby ste zabezpe\u010dili dostato\u010dn\u00fa cirkul\u00e1ciu vzduchu v prostred\u00ed.<\/p>\n\n\n\n<h3 class=\"wp-block-heading\"><strong>N\u00e1vrh na in\u0161tal\u00e1ciu klimatiz\u00e1cie v detskej izbe<\/strong><\/h3>\n\n\n\n<p>Spr\u00e1vna in\u0161tal\u00e1cia spotrebi\u010da v detskej izbe je nevyhnutn\u00e1 pre zaru\u010denie jeho \u00fa\u010dinnosti a bezpe\u010dnosti det\u00ed.<\/p>\n\n\n\n<p>Tu je nieko\u013eko pokynov, ako vykona\u0165 in\u0161tal\u00e1ciu a ktor\u00e1 v\u00fd\u0161ka je vhodn\u00e1 na umiestnenie alebo \u00fapravu teploty:<\/p>\n\n\n\n<p><strong>Najmite si profesion\u00e1la<\/strong>Odpor\u00fa\u010da sa, aby in\u0161tal\u00e1ciu zariadenia vykonal kvalifikovan\u00fd odborn\u00edk.<\/p>\n\n\n\n<p>Tento \u0161pecialista m\u00e1 tie\u017e potrebn\u00e9 technick\u00e9 znalosti na vykonanie bezpe\u010dnej a adekv\u00e1tnej in\u0161tal\u00e1cie, minimaliz\u00e1ciu riz\u00edk a zaru\u010denie spr\u00e1vneho fungovania spotrebi\u010da.<\/p>\n\n\n\n<p><strong>Vyberte si stenu alebo okno<\/strong>Pred in\u0161tal\u00e1ciou alebo \u00fapravou je d\u00f4le\u017eit\u00e9, aby ste sa rozhodli, \u010di spotrebi\u010d upevn\u00edte na stenu alebo na dvere.<\/p>\n\n\n\n<p>T\u00e1to vo\u013eba bude z\u00e1visie\u0165 od charakterist\u00edk prostredia a \u0161trukt\u00fary detskej izby.<\/p>\n\n\n\n<p><strong>Odpor\u00fa\u010dan\u00e1 v\u00fd\u0161ka<\/strong>Ide\u00e1lna v\u00fd\u0161ka na umiestnenie alebo klimatiz\u00e1ciu detskej izby je pribli\u017ene 1,8 metra od v\u00fd\u0161ky detskej izby. T\u00e1to v\u00fd\u0161ka preto umo\u017e\u0148uje efekt\u00edvne rozlo\u017eenie vzduchu v prostred\u00ed a udr\u017eiavanie tepelnej pohody die\u0165a\u0165a.<\/p>\n\n\n<div class=\"wp-block-image\">\n<figure class=\"aligncenter size-full\"><img loading=\"lazy\" decoding=\"async\" width=\"550\" height=\"350\" src=\"http:\/\/universofamilia.com\/wp-content\/uploads\/sites\/148\/2023\/06\/POST-ar-condicionado-universo-familia-1-1.png\" alt=\"\" class=\"wp-image-2765\" srcset=\"https:\/\/universofamilia.com\/wp-content\/uploads\/sites\/148\/2023\/06\/POST-ar-condicionado-universo-familia-1-1.png 550w, https:\/\/universofamilia.com\/wp-content\/uploads\/sites\/148\/2023\/06\/POST-ar-condicionado-universo-familia-1-1-300x191.png 300w\" sizes=\"(max-width: 550px) 100vw, 550px\" \/><figcaption class=\"wp-element-caption\"><em>Foto: (reprodukcia\/internet)<\/em><\/figcaption><\/figure><\/div>\n\n\n<p><strong>Vyhnite sa prek\u00e1\u017ekam<\/strong>Uistite sa, \u017ee sa v okol\u00ed spotrebi\u010da nenach\u00e1dzaj\u00fa \u017eiadne pohybliv\u00e9 predmety ani \u017eiadne in\u00e9 predmety, ktor\u00e9 by blokovali jeho pr\u00fadenie. Tieto prek\u00e1\u017eky m\u00f4\u017eu br\u00e1ni\u0165 cirkul\u00e1cii vzduchu a ovplyvni\u0165 jeho \u00fa\u010dinnos\u0165.<\/p>\n\n\n\n<p><strong>Smer pr\u00fadenia vzduchu<\/strong>Klimatiz\u00e1ciu umiestnite tak, aby pr\u00fad vzduchu nebol smerovan\u00fd priamo na podlahu alebo do oblasti, kde sp\u00ed die\u0165a. Isso zabra\u0148uje d\u00fdchac\u00edm \u0165a\u017ekostiam sp\u00f4soben\u00fdm priamym pr\u00faden\u00edm vzduchu.<\/p>\n\n\n\n<p><strong>Bezpe\u010dn\u00e1 vzdialenos\u0165<\/strong>Dodr\u017eujte bezpe\u010dn\u00fa vzdialenos\u0165 medzi kondicion\u00e9rom a ber\u00e7om a vyh\u00fdbajte sa ich pr\u00edli\u0161n\u00e9mu pribl\u00ed\u017eeniu k sebe.<\/p>\n\n\n\n<p>Toto opatrenie teda zaru\u010duje, \u017ee sa vyhneme priamemu vystaveniu die\u0165a\u0165a pr\u00fadu studen\u00e9ho vzduchu, \u010do pom\u00e1ha predch\u00e1dza\u0165 prechladnutiu alebo nepohodliu.<\/p>\n\n\n\n<p>Pri in\u0161tal\u00e1cii klimatiz\u00e1cie v\u017edy dodr\u017eiavajte pokyny v\u00fdrobcu a v pr\u00edpade pochybnost\u00ed sa pora\u010fte so \u0161pecializovan\u00fdm odborn\u00edkom.<\/p>\n\n\n\n<p>Taktie\u017e zabezpe\u010den\u00edm spr\u00e1vnej in\u0161tal\u00e1cie a umiestnenia alebo nastavenia spr\u00e1vnej v\u00fd\u0161ky vytvor\u00edte bezpe\u010dn\u00e9, pohodln\u00e9 a teplotne kontrolovan\u00e9 prostredie pre pohodu v\u00e1\u0161ho die\u0165a\u0165a.<\/p>\n\n\n\n<h3 class=\"wp-block-heading\"><strong>Z\u00e1ver<\/strong><\/h3>\n\n\n\n<p>Pou\u017e\u00edvanie klimatizovan\u00e9ho vzduchu v detskej izbe m\u00f4\u017ee ma\u0165 zna\u010dn\u00e9 v\u00fdhody, pokia\u013e sa o\u0148 budete n\u00e1le\u017eite stara\u0165.<\/p>\n\n\n\n<p>Ovl\u00e1dajte teplotu, zn\u00ed\u017ete vlhkos\u0165 a filtrujte d\u00f4le\u017eit\u00e9 kroky, aby ste zaistili bezpe\u010dn\u00e9 prostredie pre va\u0161e die\u0165a.<\/p>\n\n\n\n<p>Je potrebn\u00e9 pravidelne \u010disti\u0165 oba filtre, upravova\u0165 teplotu pod\u013ea potrieb die\u0165a\u0165a a vhodne ich umiest\u0148ova\u0165 mimo dosahu die\u0165a\u0165a.<\/p>\n\n\n\n<p>Dodr\u017eiavan\u00edm t\u00fdchto pokynov si teda budete m\u00f4c\u0165 vychutna\u0165 pr\u00edjemn\u00e9 a pohodln\u00e9 prostredie pre svoje die\u0165a, \u010do podpor\u00ed jeho pohodu a dobr\u00fa kvalitu zvuku.<\/p>\n\n\n\n<p>Potrebujem doplnky a oble\u010denie, viem |&nbsp;<a href=\"https:\/\/www.luzbaby.com.br\/\" target=\"_blank\" rel=\"noreferrer noopener\">Luz Baby je jeden z najlep\u0161\u00edch obchodov s detsk\u00fdmi potrebami. Kliknite sem.<\/a><\/p>\n\n\n\n<h3 class=\"wp-block-heading\"><strong>Viac inform\u00e1ci\u00ed<\/strong><\/h3>\n\n\n\n<p>Pre podrobnej\u0161ie a komplexnej\u0161ie inform\u00e1cie o pou\u017e\u00edvan\u00ed klimatiz\u00e1cie v detskej izbe sa odpor\u00fa\u010da konzultova\u0165 \u010fal\u0161ie zdroje a zv\u00e1\u017ei\u0165 n\u00e1zory odborn\u00edkov.<\/p>\n\n\n\n<p><strong>Tu je nieko\u013eko d\u00f4veryhodn\u00fdch referenci\u00ed, ktor\u00e9 m\u00f4\u017eete nahliadnu\u0165:<\/strong><\/p>\n\n\n\n<p><strong>Braz\u00edlska spolo\u010dnos\u0165 pediatrie (SBP):<\/strong> SBP je renomovan\u00e1 in\u0161tit\u00facia, ktor\u00e1 pon\u00faka pokyny a inform\u00e1cie o starostlivosti o deti. Ofici\u00e1lna str\u00e1nka (https:\/\/www.sbp.com.br\/) m\u00f4\u017ee poskytn\u00fa\u0165 pokyny k pou\u017e\u00edvaniu klimatiz\u00e1cie v detskej izbe.<\/p>\n\n\n\n<p><strong>Braz\u00edlska asoci\u00e1cia chladenia, klimatiz\u00e1cie, vetrania a klimatiz\u00e1cie (ABRAVA):<\/strong> ABRAVA je zdru\u017eenie, ktor\u00e9 zdru\u017euje odborn\u00edkov a spolo\u010dnosti v sektore klimatiz\u00e1cie. T\u00e1to str\u00e1nka (https:\/\/abrava.com.br\/) pon\u00faka technick\u00e9 inform\u00e1cie o spr\u00e1vnej in\u0161tal\u00e1cii zariadenia.<\/p>\n\n\n\n<p><strong>Pora\u010fte sa s pediatrami a \u0161pecialistami na klimatiz\u00e1ciu<\/strong>Pri diskusii o pou\u017eit\u00ed klimatiz\u00e1cie v detskej izbe je v\u017edy vhodn\u00e9 vyh\u013eada\u0165 n\u00e1zor zdravotn\u00edckych pracovn\u00edkov a \u0161pecialistov na klimatiz\u00e1ciu.<\/p>\n\n\n\n<p>Napl\u00e1nujte si konzult\u00e1ciu s pediatrom v\u00e1\u0161ho die\u0165a\u0165a, aby ste z\u00edskali konkr\u00e9tne usmernenia na z\u00e1klade zdravotnej anamn\u00e9zy v\u00e1\u0161ho die\u0165a\u0165a.<\/p>\n\n\n\n<p>M\u00f4\u017eete sa tie\u017e poradi\u0165 s odborn\u00edkom na klimatiz\u00e1ciu, aby ste z\u00edskali personalizovan\u00e9 odpor\u00fa\u010dania pod\u013ea charakterist\u00edk prostredia.<\/p>\n\n\n\n<p>Upozor\u0148ujeme, \u017ee orient\u00e1cia sa m\u00f4\u017ee l\u00ed\u0161i\u0165 v z\u00e1vislosti od individu\u00e1lnych potrieb die\u0165a\u0165a a \u0161pecifick\u00fdch podmienok prostredia.<\/p>\n\n\n\n<p>Preto je d\u00f4le\u017eit\u00e9, aby ste vyh\u013ead\u00e1vali aktu\u00e1lne a personalizovan\u00e9 inform\u00e1cie z d\u00f4veryhodn\u00fdch a kvalifikovan\u00fdch profesion\u00e1lnych zdrojov.<\/p>","protected":false},"excerpt":{"rendered":"<p>Ma\u0165 die\u0165a doma je neuverite\u013en\u00fd z\u00e1\u017eitok, ale z\u00e1rove\u0148 vyvol\u00e1va r\u00f4zne obavy pre va\u0161u krajinu. M\u00f4\u017eem pou\u017e\u00edva\u0165 klimatiz\u00e1ciu v detskej izbe? Ke\u010f\u017ee sa \u013eudia \u010dasto ob\u00e1vaj\u00fa pou\u017e\u00edvania bezpe\u010dne klimatizovanej detskej izby, po\u010fme sa pozrie\u0165 na v\u00fdhody a starostlivos\u0165 s\u00favisiacu s touto ot\u00e1zkou, okrem [\u2026]<\/p>","protected":false},"author":219,"featured_media":2766,"comment_status":"closed","ping_status":"open","sticky":false,"template":"","format":"standard","meta":{"footnotes":""},"categories":[4],"tags":[486,487,1310],"yoast_head":"<!-- This site is optimized with the Yoast SEO plugin v23.3 - https:\/\/yoast.com\/wordpress\/plugins\/seo\/ -->\n<title>Posso Utilizar Ar Condicionado no Quarto do Beb\u00ea? - Universo Fam\u00edlia<\/title>\n<meta name=\"description\" content=\"Posso Utilizar Ar Condicionado no Quarto do Beb\u00ea? Ter um beb\u00ea em casa \u00e9 uma experi\u00eancia incr\u00edvel, mas tamb\u00e9m traz diversas preocupa\u00e7\u00f5es para\" \/>\n<meta name=\"robots\" content=\"index, follow, max-snippet:-1, max-image-preview:large, max-video-preview:-1\" \/>\n<link rel=\"canonical\" href=\"https:\/\/universofamilia.com\/sk\/posso-utilizar-ar-condicionado-no-quarto-do-bebe\/\" \/>\n<meta property=\"og:locale\" content=\"sk_SK\" \/>\n<meta property=\"og:type\" content=\"article\" \/>\n<meta property=\"og:title\" content=\"Posso Utilizar Ar Condicionado no Quarto do Beb\u00ea? - Universo Fam\u00edlia\" \/>\n<meta property=\"og:description\" content=\"Posso Utilizar Ar Condicionado no Quarto do Beb\u00ea? Ter um beb\u00ea em casa \u00e9 uma experi\u00eancia incr\u00edvel, mas tamb\u00e9m traz diversas preocupa\u00e7\u00f5es para\" \/>\n<meta property=\"og:url\" content=\"https:\/\/universofamilia.com\/sk\/posso-utilizar-ar-condicionado-no-quarto-do-bebe\/\" \/>\n<meta property=\"og:site_name\" content=\"Universo Fam\u00edlia\" \/>\n<meta property=\"article:published_time\" content=\"2023-06-19T00:39:10+00:00\" \/>\n<meta property=\"article:modified_time\" content=\"2025-10-06T01:57:48+00:00\" \/>\n<meta property=\"og:image\" content=\"https:\/\/universofamilia.com\/wp-content\/uploads\/sites\/148\/2023\/06\/FOTO-DESTAQUE-ar-condicionado-universo-familia-.png\" \/>\n\t<meta property=\"og:image:width\" content=\"448\" \/>\n\t<meta property=\"og:image:height\" content=\"350\" \/>\n\t<meta property=\"og:image:type\" content=\"image\/png\" \/>\n<meta name=\"author\" content=\"Matheus Sangaletti\" \/>\n<meta name=\"twitter:card\" content=\"summary_large_image\" \/>\n<meta name=\"twitter:label1\" content=\"Written by\" \/>\n\t<meta name=\"twitter:data1\" content=\"Matheus Sangaletti\" \/>\n\t<meta name=\"twitter:label2\" content=\"Est. reading time\" \/>\n\t<meta name=\"twitter:data2\" content=\"8 min\u00fat\" \/>\n<script type=\"application\/ld+json\" class=\"yoast-schema-graph\">{\"@context\":\"https:\/\/schema.org\",\"@graph\":[{\"@type\":\"WebPage\",\"@id\":\"https:\/\/universofamilia.com\/da\/posso-utilizar-ar-condicionado-no-quarto-do-bebe\/\",\"url\":\"https:\/\/universofamilia.com\/da\/posso-utilizar-ar-condicionado-no-quarto-do-bebe\/\",\"name\":\"Posso Utilizar Ar Condicionado no Quarto do Beb\u00ea? - Universo Fam\u00edlia\",\"isPartOf\":{\"@id\":\"https:\/\/universofamilia.com\/el\/#website\"},\"primaryImageOfPage\":{\"@id\":\"https:\/\/universofamilia.com\/da\/posso-utilizar-ar-condicionado-no-quarto-do-bebe\/#primaryimage\"},\"image\":{\"@id\":\"https:\/\/universofamilia.com\/da\/posso-utilizar-ar-condicionado-no-quarto-do-bebe\/#primaryimage\"},\"thumbnailUrl\":\"https:\/\/universofamilia.com\/wp-content\/uploads\/sites\/148\/2023\/06\/FOTO-DESTAQUE-ar-condicionado-universo-familia-.png\",\"datePublished\":\"2023-06-19T00:39:10+00:00\",\"dateModified\":\"2025-10-06T01:57:48+00:00\",\"author\":{\"@id\":\"https:\/\/universofamilia.com\/el\/#\/schema\/person\/92fcd07e9b1f4323bf74f3170fc0f78a\"},\"description\":\"Posso Utilizar Ar Condicionado no Quarto do Beb\u00ea? Ter um beb\u00ea em casa \u00e9 uma experi\u00eancia incr\u00edvel, mas tamb\u00e9m traz diversas preocupa\u00e7\u00f5es para\",\"breadcrumb\":{\"@id\":\"https:\/\/universofamilia.com\/da\/posso-utilizar-ar-condicionado-no-quarto-do-bebe\/#breadcrumb\"},\"inLanguage\":\"sk-SK\",\"potentialAction\":[{\"@type\":\"ReadAction\",\"target\":[\"https:\/\/universofamilia.com\/da\/posso-utilizar-ar-condicionado-no-quarto-do-bebe\/\"]}]},{\"@type\":\"ImageObject\",\"inLanguage\":\"sk-SK\",\"@id\":\"https:\/\/universofamilia.com\/da\/posso-utilizar-ar-condicionado-no-quarto-do-bebe\/#primaryimage\",\"url\":\"https:\/\/universofamilia.com\/wp-content\/uploads\/sites\/148\/2023\/06\/FOTO-DESTAQUE-ar-condicionado-universo-familia-.png\",\"contentUrl\":\"https:\/\/universofamilia.com\/wp-content\/uploads\/sites\/148\/2023\/06\/FOTO-DESTAQUE-ar-condicionado-universo-familia-.png\",\"width\":448,\"height\":350},{\"@type\":\"BreadcrumbList\",\"@id\":\"https:\/\/universofamilia.com\/da\/posso-utilizar-ar-condicionado-no-quarto-do-bebe\/#breadcrumb\",\"itemListElement\":[{\"@type\":\"ListItem\",\"position\":1,\"name\":\"Home\",\"item\":\"https:\/\/universofamilia.com\/el\/\"},{\"@type\":\"ListItem\",\"position\":2,\"name\":\"Posso Utilizar Ar Condicionado no Quarto do Beb\u00ea?\"}]},{\"@type\":\"WebSite\",\"@id\":\"https:\/\/universofamilia.com\/el\/#website\",\"url\":\"https:\/\/universofamilia.com\/el\/\",\"name\":\"Universo Fam\u00edlia\",\"description\":\"\",\"potentialAction\":[{\"@type\":\"SearchAction\",\"target\":{\"@type\":\"EntryPoint\",\"urlTemplate\":\"https:\/\/universofamilia.com\/el\/?s={search_term_string}\"},\"query-input\":\"required name=search_term_string\"}],\"inLanguage\":\"sk-SK\"},{\"@type\":\"Person\",\"@id\":\"https:\/\/universofamilia.com\/el\/#\/schema\/person\/92fcd07e9b1f4323bf74f3170fc0f78a\",\"name\":\"Matheus Sangaletti\",\"image\":{\"@type\":\"ImageObject\",\"inLanguage\":\"sk-SK\",\"@id\":\"https:\/\/universofamilia.com\/el\/#\/schema\/person\/image\/\",\"url\":\"https:\/\/secure.gravatar.com\/avatar\/280ea957a14a48e6a1ad2133d2cc27c9?s=96&d=mm&r=g\",\"contentUrl\":\"https:\/\/secure.gravatar.com\/avatar\/280ea957a14a48e6a1ad2133d2cc27c9?s=96&d=mm&r=g\",\"caption\":\"Matheus Sangaletti\"},\"url\":\"https:\/\/universofamilia.com\/sk\/author\/matheuss\/\"}]}<\/script>\n<!-- \/ Yoast SEO plugin. -->","yoast_head_json":{"title":"Posso Utilizar Ar Condicionado no Quarto do Beb\u00ea? - Universo Fam\u00edlia","description":"Posso Utilizar Ar Condicionado no Quarto do Beb\u00ea? Ter um beb\u00ea em casa \u00e9 uma experi\u00eancia incr\u00edvel, mas tamb\u00e9m traz diversas preocupa\u00e7\u00f5es para","robots":{"index":"index","follow":"follow","max-snippet":"max-snippet:-1","max-image-preview":"max-image-preview:large","max-video-preview":"max-video-preview:-1"},"canonical":"https:\/\/universofamilia.com\/sk\/posso-utilizar-ar-condicionado-no-quarto-do-bebe\/","og_locale":"sk_SK","og_type":"article","og_title":"Posso Utilizar Ar Condicionado no Quarto do Beb\u00ea? - Universo Fam\u00edlia","og_description":"Posso Utilizar Ar Condicionado no Quarto do Beb\u00ea? Ter um beb\u00ea em casa \u00e9 uma experi\u00eancia incr\u00edvel, mas tamb\u00e9m traz diversas preocupa\u00e7\u00f5es para","og_url":"https:\/\/universofamilia.com\/sk\/posso-utilizar-ar-condicionado-no-quarto-do-bebe\/","og_site_name":"Universo Fam\u00edlia","article_published_time":"2023-06-19T00:39:10+00:00","article_modified_time":"2025-10-06T01:57:48+00:00","og_image":[{"width":448,"height":350,"url":"https:\/\/universofamilia.com\/wp-content\/uploads\/sites\/148\/2023\/06\/FOTO-DESTAQUE-ar-condicionado-universo-familia-.png","type":"image\/png"}],"author":"Matheus Sangaletti","twitter_card":"summary_large_image","twitter_misc":{"Written by":"Matheus Sangaletti","Est. reading time":"8 min\u00fat"},"schema":{"@context":"https:\/\/schema.org","@graph":[{"@type":"WebPage","@id":"https:\/\/universofamilia.com\/da\/posso-utilizar-ar-condicionado-no-quarto-do-bebe\/","url":"https:\/\/universofamilia.com\/da\/posso-utilizar-ar-condicionado-no-quarto-do-bebe\/","name":"Posso Utilizar Ar Condicionado no Quarto do Beb\u00ea? - Universo Fam\u00edlia","isPartOf":{"@id":"https:\/\/universofamilia.com\/el\/#website"},"primaryImageOfPage":{"@id":"https:\/\/universofamilia.com\/da\/posso-utilizar-ar-condicionado-no-quarto-do-bebe\/#primaryimage"},"image":{"@id":"https:\/\/universofamilia.com\/da\/posso-utilizar-ar-condicionado-no-quarto-do-bebe\/#primaryimage"},"thumbnailUrl":"https:\/\/universofamilia.com\/wp-content\/uploads\/sites\/148\/2023\/06\/FOTO-DESTAQUE-ar-condicionado-universo-familia-.png","datePublished":"2023-06-19T00:39:10+00:00","dateModified":"2025-10-06T01:57:48+00:00","author":{"@id":"https:\/\/universofamilia.com\/el\/#\/schema\/person\/92fcd07e9b1f4323bf74f3170fc0f78a"},"description":"Posso Utilizar Ar Condicionado no Quarto do Beb\u00ea? Ter um beb\u00ea em casa \u00e9 uma experi\u00eancia incr\u00edvel, mas tamb\u00e9m traz diversas preocupa\u00e7\u00f5es para","breadcrumb":{"@id":"https:\/\/universofamilia.com\/da\/posso-utilizar-ar-condicionado-no-quarto-do-bebe\/#breadcrumb"},"inLanguage":"sk-SK","potentialAction":[{"@type":"ReadAction","target":["https:\/\/universofamilia.com\/da\/posso-utilizar-ar-condicionado-no-quarto-do-bebe\/"]}]},{"@type":"ImageObject","inLanguage":"sk-SK","@id":"https:\/\/universofamilia.com\/da\/posso-utilizar-ar-condicionado-no-quarto-do-bebe\/#primaryimage","url":"https:\/\/universofamilia.com\/wp-content\/uploads\/sites\/148\/2023\/06\/FOTO-DESTAQUE-ar-condicionado-universo-familia-.png","contentUrl":"https:\/\/universofamilia.com\/wp-content\/uploads\/sites\/148\/2023\/06\/FOTO-DESTAQUE-ar-condicionado-universo-familia-.png","width":448,"height":350},{"@type":"BreadcrumbList","@id":"https:\/\/universofamilia.com\/da\/posso-utilizar-ar-condicionado-no-quarto-do-bebe\/#breadcrumb","itemListElement":[{"@type":"ListItem","position":1,"name":"Home","item":"https:\/\/universofamilia.com\/el\/"},{"@type":"ListItem","position":2,"name":"Posso Utilizar Ar Condicionado no Quarto do Beb\u00ea?"}]},{"@type":"WebSite","@id":"https:\/\/universofamilia.com\/el\/#website","url":"https:\/\/universofamilia.com\/el\/","name":"Universo Fam\u00edlia","description":"","potentialAction":[{"@type":"SearchAction","target":{"@type":"EntryPoint","urlTemplate":"https:\/\/universofamilia.com\/el\/?s={search_term_string}"},"query-input":"required name=search_term_string"}],"inLanguage":"sk-SK"},{"@type":"Person","@id":"https:\/\/universofamilia.com\/el\/#\/schema\/person\/92fcd07e9b1f4323bf74f3170fc0f78a","name":"Matheus Sangaletti","image":{"@type":"ImageObject","inLanguage":"sk-SK","@id":"https:\/\/universofamilia.com\/el\/#\/schema\/person\/image\/","url":"https:\/\/secure.gravatar.com\/avatar\/280ea957a14a48e6a1ad2133d2cc27c9?s=96&d=mm&r=g","contentUrl":"https:\/\/secure.gravatar.com\/avatar\/280ea957a14a48e6a1ad2133d2cc27c9?s=96&d=mm&r=g","caption":"Matheus Sangaletti"},"url":"https:\/\/universofamilia.com\/sk\/author\/matheuss\/"}]}},"_links":{"self":[{"href":"https:\/\/universofamilia.com\/sk\/wp-json\/wp\/v2\/posts\/2760"}],"collection":[{"href":"https:\/\/universofamilia.com\/sk\/wp-json\/wp\/v2\/posts"}],"about":[{"href":"https:\/\/universofamilia.com\/sk\/wp-json\/wp\/v2\/types\/post"}],"author":[{"embeddable":true,"href":"https:\/\/universofamilia.com\/sk\/wp-json\/wp\/v2\/users\/219"}],"replies":[{"embeddable":true,"href":"https:\/\/universofamilia.com\/sk\/wp-json\/wp\/v2\/comments?post=2760"}],"version-history":[{"count":1,"href":"https:\/\/universofamilia.com\/sk\/wp-json\/wp\/v2\/posts\/2760\/revisions"}],"predecessor-version":[{"id":9885,"href":"https:\/\/universofamilia.com\/sk\/wp-json\/wp\/v2\/posts\/2760\/revisions\/9885"}],"wp:featuredmedia":[{"embeddable":true,"href":"https:\/\/universofamilia.com\/sk\/wp-json\/wp\/v2\/media\/2766"}],"wp:attachment":[{"href":"https:\/\/universofamilia.com\/sk\/wp-json\/wp\/v2\/media?parent=2760"}],"wp:term":[{"taxonomy":"category","embeddable":true,"href":"https:\/\/universofamilia.com\/sk\/wp-json\/wp\/v2\/categories?post=2760"},{"taxonomy":"post_tag","embeddable":true,"href":"https:\/\/universofamilia.com\/sk\/wp-json\/wp\/v2\/tags?post=2760"}],"curies":[{"name":"wp","href":"https:\/\/api.w.org\/{rel}","templated":true}]}}